{"id":46448,"date":"2026-04-28T04:33:52","date_gmt":"2026-04-28T04:33:52","guid":{"rendered":"https:\/\/lobosnews.com.ar\/index.php\/2026\/04\/28\/el-primer-ministro-britanico-enfrenta-a-una-votacion-sobre-una-posible-investigacion-parlamentaria-por-el-escandalo-de-peter-mandelson\/"},"modified":"2026-04-28T08:41:06","modified_gmt":"2026-04-28T08:41:06","slug":"el-primer-ministro-britanico-enfrenta-a-una-votacion-sobre-una-posible-investigacion-parlamentaria-por-el-escandalo-de-peter-mandelson","status":"publish","type":"post","link":"https:\/\/lobosnews.com.ar\/index.php\/2026\/04\/28\/el-primer-ministro-britanico-enfrenta-a-una-votacion-sobre-una-posible-investigacion-parlamentaria-por-el-escandalo-de-peter-mandelson\/","title":{"rendered":"El primer ministro brit\u00e1nico enfrenta a una votaci\u00f3n sobre una posible investigaci\u00f3n parlamentaria por el esc\u00e1ndalo de Peter Mandelson"},"content":{"rendered":"<p><img loading=\"lazy\" decoding=\"async\" src=\"https:\/\/lobosnews.com.ar\/wp-content\/uploads\/2026\/04\/el-primer-ministro-britanico-enfrenta-a-una-votacion-sobre-una-posible-investigacion-parlamentaria-por-el-escandalo-de-peter-mandelson.jpg\" alt=\"El primer ministro brit\u00e1nico, Kier Starmer (REUTERS)\" height=\"3335\" width=\"5000\"\/><\/p>\n<p>El primer ministro brit\u00e1nico <b>Keir Starmer<\/b> enfrenta este martes una votaci\u00f3n en la C\u00e1mara de los Comunes para definir si se abre una investigaci\u00f3n parlamentaria sobre sus declaraciones respecto del proceso de selecci\u00f3n de <b>Peter Mandelson<\/b>, en un nuevo cap\u00edtulo de la crisis pol\u00edtica que golpea a su gobierno.<\/p>\n<p>El presidente de la C\u00e1mara de los Comunes, <b>Lindsay Hoyle<\/b>, confirm\u00f3 que habilitar\u00e1 el debate y que luego corresponder\u00e1 a los diputados decidir si el <b>Comit\u00e9 de Privilegios<\/b> debe intervenir para determinar si Starmer indujo a error al Parlamento.<\/p>\n<p>Hoyle precis\u00f3 que su decisi\u00f3n respondi\u00f3 a pedidos de \u201c<b>numerosos<\/b>\u201d legisladores, incluida la l\u00edder conservadora <b>Kemi Badenoch<\/b>, y subray\u00f3 que su papel es el de \u201c<b>guardi\u00e1n<\/b>\u201d para asegurar que este tipo de votaciones se celebren \u201c<b>con moderaci\u00f3n<\/b>\u201d, sin tomar posici\u00f3n sobre el fondo del caso.<\/p>\n<p>La oposici\u00f3n conservadora sostiene que Starmer enga\u00f1\u00f3 a los diputados al afirmar que se sigui\u00f3 el \u201c<b>debido proceso<\/b>\u201d en la designaci\u00f3n de Mandelson como embajador brit\u00e1nico en Estados Unidos y al asegurar que \u201c<b>no se ejerci\u00f3 ning\u00fan tipo de presi\u00f3n<\/b>\u201d sobre funcionarios del Ministerio de Asuntos Exteriores.<\/p>\n<p>Badenoch afirm\u00f3 que el primer ministro enga\u00f1\u00f3 al Parlamento \u201c<b>en repetidas ocasiones<\/b>\u201d y pidi\u00f3 a los legisladores laboristas \u201c<b>reflexionar sobre sus conciencias<\/b>\u201d antes de la votaci\u00f3n.<\/p>\n<p><img loading=\"lazy\" decoding=\"async\" src=\"https:\/\/lobosnews.com.ar\/wp-content\/uploads\/2026\/04\/el-primer-ministro-britanico-enfrenta-a-una-votacion-sobre-una-posible-investigacion-parlamentaria-por-el-escandalo-de-peter-mandelson-1.jpg\" alt=\"El presidente de la C\u00e1mara de los Comunes, Lindsay Hoyle, confirm\u00f3 que habilitar\u00e1 el debate y que luego corresponder\u00e1 a los diputados decidir si el Comit\u00e9 de Privilegios debe intervenir para determinar si Starmer indujo a error al Parlamento (REUTERS)\" height=\"4000\" width=\"6000\"\/><\/p>\n<p>El caso se centra en el nombramiento de Mandelson en 2024 y en la posterior revelaci\u00f3n de que no hab\u00eda superado la verificaci\u00f3n de seguridad en los tiempos previstos, adem\u00e1s de la controversia por sus v\u00ednculos con el fallecido delincuente sexual estadounidense <b>Jeffrey Epstein<\/b>.<\/p>\n<p>Starmer rechaz\u00f3 las acusaciones y calific\u00f3 la iniciativa impulsada por los conservadores como una \u201c<b>maniobra<\/b>\u201d.<\/p>\n<p>En un discurso pronunciado el lunes por la noche ante el Grupo Parlamentario Laborista, el jefe de gobierno pidi\u00f3 disciplina interna y dijo a sus diputados: \u201c<b>Ma\u00f1ana ser\u00e1 pura pol\u00edtica y debemos permanecer unidos en contra de ella<\/b>\u201d.<\/p>\n<p>Seg\u00fan inform\u00f3 la <i>BBC<\/i>, es probable que la bancada laborista reciba instrucciones formales para votar en contra de la moci\u00f3n conservadora, en lugar de conceder libertad de voto. Fuentes citadas por la emisora p\u00fablica brit\u00e1nica se\u00f1alaron adem\u00e1s que ministros del gabinete se comunicaron telef\u00f3nicamente con diputados laboristas para convencerlos de respaldar al primer ministro.<\/p>\n<p>El Partido Laborista cuenta con mayor\u00eda en la C\u00e1mara de los Comunes, por lo que la apertura de una investigaci\u00f3n requerir\u00eda que un n\u00famero considerable de sus propios diputados vote a favor o se abstenga.<\/p>\n<p>Downing Street defendi\u00f3 la posici\u00f3n del gobierno y asegur\u00f3 que las acusaciones conservadoras \u201c<b>carecen de fundamento<\/b>\u201d. Un portavoz sostuvo que el Ejecutivo est\u00e1 \u201c<b>colaborando con los dos procesos parlamentarios que ya est\u00e1n en marcha<\/b>\u201d y que lo hace \u201c<b>con total transparencia<\/b>\u201d.<\/p>\n<p><img loading=\"lazy\" decoding=\"async\" src=\"https:\/\/lobosnews.com.ar\/wp-content\/uploads\/2026\/04\/el-primer-ministro-britanico-enfrenta-a-una-votacion-sobre-una-posible-investigacion-parlamentaria-por-el-escandalo-de-peter-mandelson-2.jpg\" alt=\"El caso se centra en el nombramiento de Mandelson en 2024 y en la posterior revelaci\u00f3n de que no hab\u00eda superado la verificaci\u00f3n de seguridad en los tiempos previstos, adem\u00e1s de la controversia por sus v\u00ednculos con el fallecido delincuente sexual estadounidense Jeffrey Epstein (EFE)\" height=\"2807\" width=\"4096\"\/><\/p>\n<p>Entre esos procesos figura la publicaci\u00f3n de documentos vinculados al nombramiento de Mandelson mediante comparecencia p\u00fablica y las sesiones abiertas ante la <b>Comisi\u00f3n de Asuntos Exteriores<\/b>, que eval\u00faa el proceso de verificaci\u00f3n de antecedentes.<\/p>\n<p>El lunes, el gobierno tambi\u00e9n difundi\u00f3 una carta fechada en septiembre de 2025 en la que el entonces jefe de la administraci\u00f3n p\u00fablica, <b>Chris Wormald<\/b>, indic\u00f3 al primer ministro que se hab\u00edan seguido los \u201c<b>procesos adecuados<\/b>\u201d.<\/p>\n<p>Ese mismo d\u00eda, la Comisi\u00f3n de Asuntos Exteriores public\u00f3 pruebas escritas del Ministerio de Asuntos Exteriores elaboradas en consulta con <b>Ian Collard<\/b>, entonces jefe de seguridad del departamento. En el documento se indic\u00f3 que Collard sinti\u00f3 \u201c<b>presi\u00f3n para lograr un resultado r\u00e1pido<\/b>\u201d debido al \u201c<b>contacto regular desde el n\u00famero 10<\/b>\u201d, en referencia a la oficina del primer ministro.<\/p>\n<p>Sin embargo, tambi\u00e9n se precis\u00f3 que el funcionario \u201c<b>no considera que esta presi\u00f3n haya influido en el juicio profesional<\/b>\u201d propio ni de su equipo.<\/p>\n<p>La controversia se intensific\u00f3 despu\u00e9s de que Mandelson fuera destituido siete meses despu\u00e9s de iniciar funciones en Washington D.C. debido a su amistad con Epstein. Starmer pidi\u00f3 disculpas por ese nombramiento, aunque sigui\u00f3 enfrentando preguntas sobre la rapidez con la que avanz\u00f3 el proceso.<\/p>\n<p>La semana pasada, el ex funcionario de mayor rango del Ministerio de Asuntos Exteriores,<b> Olly Robbins<\/b>, declar\u00f3 ante la Comisi\u00f3n de Asuntos Exteriores que existi\u00f3 una \u201c<b>presi\u00f3n constante<\/b>\u201d, aunque aclar\u00f3 que ello no alter\u00f3 su decisi\u00f3n sobre la autorizaci\u00f3n de seguridad.<\/p>\n<p><img loading=\"lazy\" decoding=\"async\" src=\"https:\/\/lobosnews.com.ar\/wp-content\/uploads\/2026\/04\/el-primer-ministro-britanico-enfrenta-a-una-votacion-sobre-una-posible-investigacion-parlamentaria-por-el-escandalo-de-peter-mandelson-3.jpg\" alt=\"La controversia se intensific\u00f3 despu\u00e9s de que Mandelson fuera destituido siete meses despu\u00e9s de iniciar funciones en Washington D.C. debido a su amistad con Epstein (EP)\" height=\"1280\" width=\"1920\"\/><\/p>\n<p>En un intento por precisar su postura, Starmer declar\u00f3 al <i>Sunday Times<\/i> que existen \u201c<b>diferentes tipos de presi\u00f3n<\/b>\u201d y a\u00f1adi\u00f3: \u201c<b>Hay presi\u00f3n: \u2018\u00bfPodemos terminar esto r\u00e1pido?\u2019, lo cual no es una presi\u00f3n inusual. Es la presi\u00f3n diaria que enfrenta un gobierno<\/b>\u201d.<\/p>\n<p>El antecedente inmediato de una pesquisa de este tipo es el caso del ex primer ministro <b>Boris Johnson<\/b>, a quien el Comit\u00e9 de Privilegios concluy\u00f3 en 2023 que hab\u00eda inducido a error a la C\u00e1mara por el esc\u00e1ndalo del <i>partygate<\/i>.<\/p>\n<p>El C\u00f3digo Ministerial brit\u00e1nico establece que los ministros que enga\u00f1en deliberadamente al Parlamento deben renunciar, mientras que los errores involuntarios deben corregirse \u201c<b>a la mayor brevedad posible<\/b>\u201d.<\/p>\n","protected":false},"excerpt":{"rendered":"<p>El primer ministro brit\u00e1nico Keir Starmer enfrenta este martes una votaci\u00f3n en la C\u00e1mara de los Comunes para definir si se abre una investigaci\u00f3n parlamentaria sobre sus declaraciones respecto del proceso de selecci\u00f3n de Peter Mandelson, en un nuevo cap\u00edtulo de la crisis pol\u00edtica que golpea a su gobierno. El presidente de la C\u00e1mara de&#8230;<\/p>\n","protected":false},"author":1,"featured_media":46454,"comment_status":"open","ping_status":"closed","sticky":false,"template":"","format":"standard","meta":{"_jetpack_memberships_contains_paid_content":false,"footnotes":""},"categories":[31],"tags":[],"class_list":["post-46448","post","type-post","status-publish","format-standard","has-post-thumbnail","hentry","category-actualidad"],"magazineBlocksPostFeaturedMedia":{"thumbnail":"https:\/\/lobosnews.com.ar\/wp-content\/uploads\/2026\/04\/el-primer-ministro-britanico-enfrenta-a-una-votacion-sobre-una-posible-investigacion-parlamentaria-por-el-escandalo-de-peter-mandelson-6-150x150.jpg","medium":"https:\/\/lobosnews.com.ar\/wp-content\/uploads\/2026\/04\/el-primer-ministro-britanico-enfrenta-a-una-votacion-sobre-una-posible-investigacion-parlamentaria-por-el-escandalo-de-peter-mandelson-6-300x200.jpg","medium_large":"https:\/\/lobosnews.com.ar\/wp-content\/uploads\/2026\/04\/el-primer-ministro-britanico-enfrenta-a-una-votacion-sobre-una-posible-investigacion-parlamentaria-por-el-escandalo-de-peter-mandelson-6-768x512.jpg","large":"https:\/\/lobosnews.com.ar\/wp-content\/uploads\/2026\/04\/el-primer-ministro-britanico-enfrenta-a-una-votacion-sobre-una-posible-investigacion-parlamentaria-por-el-escandalo-de-peter-mandelson-6-1024x683.jpg","1536x1536":"https:\/\/lobosnews.com.ar\/wp-content\/uploads\/2026\/04\/el-primer-ministro-britanico-enfrenta-a-una-votacion-sobre-una-posible-investigacion-parlamentaria-por-el-escandalo-de-peter-mandelson-6-1536x1024.jpg","2048x2048":"https:\/\/lobosnews.com.ar\/wp-content\/uploads\/2026\/04\/el-primer-ministro-britanico-enfrenta-a-una-votacion-sobre-una-posible-investigacion-parlamentaria-por-el-escandalo-de-peter-mandelson-6.jpg","newsmatic-featured":"https:\/\/lobosnews.com.ar\/wp-content\/uploads\/2026\/04\/el-primer-ministro-britanico-enfrenta-a-una-votacion-sobre-una-posible-investigacion-parlamentaria-por-el-escandalo-de-peter-mandelson-6-820x545.jpg","newsmatic-list":"https:\/\/lobosnews.com.ar\/wp-content\/uploads\/2026\/04\/el-primer-ministro-britanico-enfrenta-a-una-votacion-sobre-una-posible-investigacion-parlamentaria-por-el-escandalo-de-peter-mandelson-6-600x400.jpg","newsmatic-thumb":"https:\/\/lobosnews.com.ar\/wp-content\/uploads\/2026\/04\/el-primer-ministro-britanico-enfrenta-a-una-votacion-sobre-una-posible-investigacion-parlamentaria-por-el-escandalo-de-peter-mandelson-6-300x200.jpg","newsmatic-small":"https:\/\/lobosnews.com.ar\/wp-content\/uploads\/2026\/04\/el-primer-ministro-britanico-enfrenta-a-una-votacion-sobre-una-posible-investigacion-parlamentaria-por-el-escandalo-de-peter-mandelson-6-150x95.jpg","newsmatic-grid":"https:\/\/lobosnews.com.ar\/wp-content\/uploads\/2026\/04\/el-primer-ministro-britanico-enfrenta-a-una-votacion-sobre-una-posible-investigacion-parlamentaria-por-el-escandalo-de-peter-mandelson-6-400x250.jpg"},"magazineBlocksPostAuthor":{"name":"admin","avatar":"https:\/\/secure.gravatar.com\/avatar\/76e419471a2083bc3ceab22a763dbbf9b0c1bd15a6214cf3280e2c2dde4580f9?s=96&d=mm&r=g"},"magazineBlocksPostCommentsNumber":"0","magazineBlocksPostExcerpt":"El primer ministro brit\u00e1nico Keir Starmer enfrenta este martes una votaci\u00f3n en la C\u00e1mara de los Comunes para definir si se abre una investigaci\u00f3n parlamentaria sobre sus declaraciones respecto del proceso de selecci\u00f3n de Peter Mandelson, en un nuevo cap\u00edtulo de la crisis pol\u00edtica que golpea a su gobierno. El presidente de la C\u00e1mara de...","magazineBlocksPostCategories":["Actualidad"],"magazineBlocksPostViewCount":13,"magazineBlocksPostReadTime":5,"magazine_blocks_featured_image_url":{"full":["https:\/\/lobosnews.com.ar\/wp-content\/uploads\/2026\/04\/el-primer-ministro-britanico-enfrenta-a-una-votacion-sobre-una-posible-investigacion-parlamentaria-por-el-escandalo-de-peter-mandelson-6.jpg",1920,1280,false],"medium":["https:\/\/lobosnews.com.ar\/wp-content\/uploads\/2026\/04\/el-primer-ministro-britanico-enfrenta-a-una-votacion-sobre-una-posible-investigacion-parlamentaria-por-el-escandalo-de-peter-mandelson-6-300x200.jpg",300,200,true],"thumbnail":["https:\/\/lobosnews.com.ar\/wp-content\/uploads\/2026\/04\/el-primer-ministro-britanico-enfrenta-a-una-votacion-sobre-una-posible-investigacion-parlamentaria-por-el-escandalo-de-peter-mandelson-6-150x150.jpg",150,150,true]},"magazine_blocks_author":{"display_name":"admin","author_link":"https:\/\/lobosnews.com.ar\/index.php\/author\/lobos-news\/"},"magazine_blocks_comment":0,"magazine_blocks_author_image":"https:\/\/secure.gravatar.com\/avatar\/76e419471a2083bc3ceab22a763dbbf9b0c1bd15a6214cf3280e2c2dde4580f9?s=96&d=mm&r=g","magazine_blocks_category":"<a href=\"#\" class=\"category-link category-link-31\">Actualidad<\/a>","yoast_head":"<!-- This site is optimized with the Yoast SEO plugin v26.6 - https:\/\/yoast.com\/wordpress\/plugins\/seo\/ -->\n<title>El primer ministro brit\u00e1nico enfrenta a una votaci\u00f3n sobre una posible investigaci\u00f3n parlamentaria por el esc\u00e1ndalo de Peter Mandelson - Lobos News<\/title>\n<meta name=\"robots\" content=\"index, follow, max-snippet:-1, max-image-preview:large, max-video-preview:-1\" \/>\n<link rel=\"canonical\" href=\"https:\/\/lobosnews.com.ar\/index.php\/2026\/04\/28\/el-primer-ministro-britanico-enfrenta-a-una-votacion-sobre-una-posible-investigacion-parlamentaria-por-el-escandalo-de-peter-mandelson\/\" \/>\n<meta property=\"og:locale\" content=\"es_ES\" \/>\n<meta property=\"og:type\" content=\"article\" \/>\n<meta property=\"og:title\" content=\"El primer ministro brit\u00e1nico enfrenta a una votaci\u00f3n sobre una posible investigaci\u00f3n parlamentaria por el esc\u00e1ndalo de Peter Mandelson - Lobos News\" \/>\n<meta property=\"og:description\" content=\"El primer ministro brit\u00e1nico Keir Starmer enfrenta este martes una votaci\u00f3n en la C\u00e1mara de los Comunes para definir si se abre una investigaci\u00f3n parlamentaria sobre sus declaraciones respecto del proceso de selecci\u00f3n de Peter Mandelson, en un nuevo cap\u00edtulo de la crisis pol\u00edtica que golpea a su gobierno. El presidente de la C\u00e1mara de...\" \/>\n<meta property=\"og:url\" content=\"https:\/\/lobosnews.com.ar\/index.php\/2026\/04\/28\/el-primer-ministro-britanico-enfrenta-a-una-votacion-sobre-una-posible-investigacion-parlamentaria-por-el-escandalo-de-peter-mandelson\/\" \/>\n<meta property=\"og:site_name\" content=\"Lobos News\" \/>\n<meta property=\"article:published_time\" content=\"2026-04-28T04:33:52+00:00\" \/>\n<meta property=\"article:modified_time\" content=\"2026-04-28T08:41:06+00:00\" \/>\n<meta property=\"og:image\" content=\"https:\/\/lobosnews.com.ar\/wp-content\/uploads\/2026\/04\/el-primer-ministro-britanico-enfrenta-a-una-votacion-sobre-una-posible-investigacion-parlamentaria-por-el-escandalo-de-peter-mandelson.jpg\" \/>\n<meta name=\"author\" content=\"admin\" \/>\n<meta name=\"twitter:card\" content=\"summary_large_image\" \/>\n<meta name=\"twitter:label1\" content=\"Escrito por\" \/>\n\t<meta name=\"twitter:data1\" content=\"admin\" \/>\n\t<meta name=\"twitter:label2\" content=\"Tiempo de lectura\" \/>\n\t<meta name=\"twitter:data2\" content=\"4 minutos\" \/>\n<script type=\"application\/ld+json\" class=\"yoast-schema-graph\">{\"@context\":\"https:\/\/schema.org\",\"@graph\":[{\"@type\":\"Article\",\"@id\":\"https:\/\/lobosnews.com.ar\/index.php\/2026\/04\/28\/el-primer-ministro-britanico-enfrenta-a-una-votacion-sobre-una-posible-investigacion-parlamentaria-por-el-escandalo-de-peter-mandelson\/#article\",\"isPartOf\":{\"@id\":\"https:\/\/lobosnews.com.ar\/index.php\/2026\/04\/28\/el-primer-ministro-britanico-enfrenta-a-una-votacion-sobre-una-posible-investigacion-parlamentaria-por-el-escandalo-de-peter-mandelson\/\"},\"author\":{\"name\":\"admin\",\"@id\":\"https:\/\/lobosnews.com.ar\/#\/schema\/person\/232422a593d5c541dd9aef6aaed10943\"},\"headline\":\"El primer ministro brit\u00e1nico enfrenta a una votaci\u00f3n sobre una posible investigaci\u00f3n parlamentaria por el esc\u00e1ndalo de Peter Mandelson\",\"datePublished\":\"2026-04-28T04:33:52+00:00\",\"dateModified\":\"2026-04-28T08:41:06+00:00\",\"mainEntityOfPage\":{\"@id\":\"https:\/\/lobosnews.com.ar\/index.php\/2026\/04\/28\/el-primer-ministro-britanico-enfrenta-a-una-votacion-sobre-una-posible-investigacion-parlamentaria-por-el-escandalo-de-peter-mandelson\/\"},\"wordCount\":872,\"commentCount\":0,\"publisher\":{\"@id\":\"https:\/\/lobosnews.com.ar\/#organization\"},\"image\":{\"@id\":\"https:\/\/lobosnews.com.ar\/index.php\/2026\/04\/28\/el-primer-ministro-britanico-enfrenta-a-una-votacion-sobre-una-posible-investigacion-parlamentaria-por-el-escandalo-de-peter-mandelson\/#primaryimage\"},\"thumbnailUrl\":\"https:\/\/lobosnews.com.ar\/wp-content\/uploads\/2026\/04\/el-primer-ministro-britanico-enfrenta-a-una-votacion-sobre-una-posible-investigacion-parlamentaria-por-el-escandalo-de-peter-mandelson-6.jpg\",\"articleSection\":[\"Actualidad\"],\"inLanguage\":\"es\",\"potentialAction\":[{\"@type\":\"CommentAction\",\"name\":\"Comment\",\"target\":[\"https:\/\/lobosnews.com.ar\/index.php\/2026\/04\/28\/el-primer-ministro-britanico-enfrenta-a-una-votacion-sobre-una-posible-investigacion-parlamentaria-por-el-escandalo-de-peter-mandelson\/#respond\"]}]},{\"@type\":\"WebPage\",\"@id\":\"https:\/\/lobosnews.com.ar\/index.php\/2026\/04\/28\/el-primer-ministro-britanico-enfrenta-a-una-votacion-sobre-una-posible-investigacion-parlamentaria-por-el-escandalo-de-peter-mandelson\/\",\"url\":\"https:\/\/lobosnews.com.ar\/index.php\/2026\/04\/28\/el-primer-ministro-britanico-enfrenta-a-una-votacion-sobre-una-posible-investigacion-parlamentaria-por-el-escandalo-de-peter-mandelson\/\",\"name\":\"El primer ministro brit\u00e1nico enfrenta a una votaci\u00f3n sobre una posible investigaci\u00f3n parlamentaria por el esc\u00e1ndalo de Peter Mandelson - Lobos News\",\"isPartOf\":{\"@id\":\"https:\/\/lobosnews.com.ar\/#website\"},\"primaryImageOfPage\":{\"@id\":\"https:\/\/lobosnews.com.ar\/index.php\/2026\/04\/28\/el-primer-ministro-britanico-enfrenta-a-una-votacion-sobre-una-posible-investigacion-parlamentaria-por-el-escandalo-de-peter-mandelson\/#primaryimage\"},\"image\":{\"@id\":\"https:\/\/lobosnews.com.ar\/index.php\/2026\/04\/28\/el-primer-ministro-britanico-enfrenta-a-una-votacion-sobre-una-posible-investigacion-parlamentaria-por-el-escandalo-de-peter-mandelson\/#primaryimage\"},\"thumbnailUrl\":\"https:\/\/lobosnews.com.ar\/wp-content\/uploads\/2026\/04\/el-primer-ministro-britanico-enfrenta-a-una-votacion-sobre-una-posible-investigacion-parlamentaria-por-el-escandalo-de-peter-mandelson-6.jpg\",\"datePublished\":\"2026-04-28T04:33:52+00:00\",\"dateModified\":\"2026-04-28T08:41:06+00:00\",\"breadcrumb\":{\"@id\":\"https:\/\/lobosnews.com.ar\/index.php\/2026\/04\/28\/el-primer-ministro-britanico-enfrenta-a-una-votacion-sobre-una-posible-investigacion-parlamentaria-por-el-escandalo-de-peter-mandelson\/#breadcrumb\"},\"inLanguage\":\"es\",\"potentialAction\":[{\"@type\":\"ReadAction\",\"target\":[\"https:\/\/lobosnews.com.ar\/index.php\/2026\/04\/28\/el-primer-ministro-britanico-enfrenta-a-una-votacion-sobre-una-posible-investigacion-parlamentaria-por-el-escandalo-de-peter-mandelson\/\"]}]},{\"@type\":\"ImageObject\",\"inLanguage\":\"es\",\"@id\":\"https:\/\/lobosnews.com.ar\/index.php\/2026\/04\/28\/el-primer-ministro-britanico-enfrenta-a-una-votacion-sobre-una-posible-investigacion-parlamentaria-por-el-escandalo-de-peter-mandelson\/#primaryimage\",\"url\":\"https:\/\/lobosnews.com.ar\/wp-content\/uploads\/2026\/04\/el-primer-ministro-britanico-enfrenta-a-una-votacion-sobre-una-posible-investigacion-parlamentaria-por-el-escandalo-de-peter-mandelson-6.jpg\",\"contentUrl\":\"https:\/\/lobosnews.com.ar\/wp-content\/uploads\/2026\/04\/el-primer-ministro-britanico-enfrenta-a-una-votacion-sobre-una-posible-investigacion-parlamentaria-por-el-escandalo-de-peter-mandelson-6.jpg\",\"width\":1920,\"height\":1280,\"caption\":\"El primer ministro brit\u00e1nico enfrenta a una votaci\u00f3n sobre una posible investigaci\u00f3n parlamentaria por el esc\u00e1ndalo de Peter Mandelson\"},{\"@type\":\"BreadcrumbList\",\"@id\":\"https:\/\/lobosnews.com.ar\/index.php\/2026\/04\/28\/el-primer-ministro-britanico-enfrenta-a-una-votacion-sobre-una-posible-investigacion-parlamentaria-por-el-escandalo-de-peter-mandelson\/#breadcrumb\",\"itemListElement\":[{\"@type\":\"ListItem\",\"position\":1,\"name\":\"Portada\",\"item\":\"https:\/\/lobosnews.com.ar\/\"},{\"@type\":\"ListItem\",\"position\":2,\"name\":\"El primer ministro brit\u00e1nico enfrenta a una votaci\u00f3n sobre una posible investigaci\u00f3n parlamentaria por el esc\u00e1ndalo de Peter Mandelson\"}]},{\"@type\":\"WebSite\",\"@id\":\"https:\/\/lobosnews.com.ar\/#website\",\"url\":\"https:\/\/lobosnews.com.ar\/\",\"name\":\"Lobos News\",\"description\":\"Informaci\u00f3n a cada instante\",\"publisher\":{\"@id\":\"https:\/\/lobosnews.com.ar\/#organization\"},\"potentialAction\":[{\"@type\":\"SearchAction\",\"target\":{\"@type\":\"EntryPoint\",\"urlTemplate\":\"https:\/\/lobosnews.com.ar\/?s={search_term_string}\"},\"query-input\":{\"@type\":\"PropertyValueSpecification\",\"valueRequired\":true,\"valueName\":\"search_term_string\"}}],\"inLanguage\":\"es\"},{\"@type\":\"Organization\",\"@id\":\"https:\/\/lobosnews.com.ar\/#organization\",\"name\":\"Lobos News\",\"url\":\"https:\/\/lobosnews.com.ar\/\",\"logo\":{\"@type\":\"ImageObject\",\"inLanguage\":\"es\",\"@id\":\"https:\/\/lobosnews.com.ar\/#\/schema\/logo\/image\/\",\"url\":\"https:\/\/lobosnews.com.ar\/wp-content\/uploads\/2026\/01\/logo-lobosnews.png\",\"contentUrl\":\"https:\/\/lobosnews.com.ar\/wp-content\/uploads\/2026\/01\/logo-lobosnews.png\",\"width\":500,\"height\":200,\"caption\":\"Lobos News\"},\"image\":{\"@id\":\"https:\/\/lobosnews.com.ar\/#\/schema\/logo\/image\/\"}},{\"@type\":\"Person\",\"@id\":\"https:\/\/lobosnews.com.ar\/#\/schema\/person\/232422a593d5c541dd9aef6aaed10943\",\"name\":\"admin\",\"image\":{\"@type\":\"ImageObject\",\"inLanguage\":\"es\",\"@id\":\"https:\/\/lobosnews.com.ar\/#\/schema\/person\/image\/\",\"url\":\"https:\/\/secure.gravatar.com\/avatar\/76e419471a2083bc3ceab22a763dbbf9b0c1bd15a6214cf3280e2c2dde4580f9?s=96&d=mm&r=g\",\"contentUrl\":\"https:\/\/secure.gravatar.com\/avatar\/76e419471a2083bc3ceab22a763dbbf9b0c1bd15a6214cf3280e2c2dde4580f9?s=96&d=mm&r=g\",\"caption\":\"admin\"},\"sameAs\":[\"https:\/\/lobosnews.com.ar\"],\"url\":\"https:\/\/lobosnews.com.ar\/index.php\/author\/lobos-news\/\"}]}<\/script>\n<!-- \/ Yoast SEO plugin. -->","yoast_head_json":{"title":"El primer ministro brit\u00e1nico enfrenta a una votaci\u00f3n sobre una posible investigaci\u00f3n parlamentaria por el esc\u00e1ndalo de Peter Mandelson - Lobos News","robots":{"index":"index","follow":"follow","max-snippet":"max-snippet:-1","max-image-preview":"max-image-preview:large","max-video-preview":"max-video-preview:-1"},"canonical":"https:\/\/lobosnews.com.ar\/index.php\/2026\/04\/28\/el-primer-ministro-britanico-enfrenta-a-una-votacion-sobre-una-posible-investigacion-parlamentaria-por-el-escandalo-de-peter-mandelson\/","og_locale":"es_ES","og_type":"article","og_title":"El primer ministro brit\u00e1nico enfrenta a una votaci\u00f3n sobre una posible investigaci\u00f3n parlamentaria por el esc\u00e1ndalo de Peter Mandelson - Lobos News","og_description":"El primer ministro brit\u00e1nico Keir Starmer enfrenta este martes una votaci\u00f3n en la C\u00e1mara de los Comunes para definir si se abre una investigaci\u00f3n parlamentaria sobre sus declaraciones respecto del proceso de selecci\u00f3n de Peter Mandelson, en un nuevo cap\u00edtulo de la crisis pol\u00edtica que golpea a su gobierno. El presidente de la C\u00e1mara de...","og_url":"https:\/\/lobosnews.com.ar\/index.php\/2026\/04\/28\/el-primer-ministro-britanico-enfrenta-a-una-votacion-sobre-una-posible-investigacion-parlamentaria-por-el-escandalo-de-peter-mandelson\/","og_site_name":"Lobos News","article_published_time":"2026-04-28T04:33:52+00:00","article_modified_time":"2026-04-28T08:41:06+00:00","og_image":[{"url":"https:\/\/lobosnews.com.ar\/wp-content\/uploads\/2026\/04\/el-primer-ministro-britanico-enfrenta-a-una-votacion-sobre-una-posible-investigacion-parlamentaria-por-el-escandalo-de-peter-mandelson.jpg","type":"","width":"","height":""}],"author":"admin","twitter_card":"summary_large_image","twitter_misc":{"Escrito por":"admin","Tiempo de lectura":"4 minutos"},"schema":{"@context":"https:\/\/schema.org","@graph":[{"@type":"Article","@id":"https:\/\/lobosnews.com.ar\/index.php\/2026\/04\/28\/el-primer-ministro-britanico-enfrenta-a-una-votacion-sobre-una-posible-investigacion-parlamentaria-por-el-escandalo-de-peter-mandelson\/#article","isPartOf":{"@id":"https:\/\/lobosnews.com.ar\/index.php\/2026\/04\/28\/el-primer-ministro-britanico-enfrenta-a-una-votacion-sobre-una-posible-investigacion-parlamentaria-por-el-escandalo-de-peter-mandelson\/"},"author":{"name":"admin","@id":"https:\/\/lobosnews.com.ar\/#\/schema\/person\/232422a593d5c541dd9aef6aaed10943"},"headline":"El primer ministro brit\u00e1nico enfrenta a una votaci\u00f3n sobre una posible investigaci\u00f3n parlamentaria por el esc\u00e1ndalo de Peter Mandelson","datePublished":"2026-04-28T04:33:52+00:00","dateModified":"2026-04-28T08:41:06+00:00","mainEntityOfPage":{"@id":"https:\/\/lobosnews.com.ar\/index.php\/2026\/04\/28\/el-primer-ministro-britanico-enfrenta-a-una-votacion-sobre-una-posible-investigacion-parlamentaria-por-el-escandalo-de-peter-mandelson\/"},"wordCount":872,"commentCount":0,"publisher":{"@id":"https:\/\/lobosnews.com.ar\/#organization"},"image":{"@id":"https:\/\/lobosnews.com.ar\/index.php\/2026\/04\/28\/el-primer-ministro-britanico-enfrenta-a-una-votacion-sobre-una-posible-investigacion-parlamentaria-por-el-escandalo-de-peter-mandelson\/#primaryimage"},"thumbnailUrl":"https:\/\/lobosnews.com.ar\/wp-content\/uploads\/2026\/04\/el-primer-ministro-britanico-enfrenta-a-una-votacion-sobre-una-posible-investigacion-parlamentaria-por-el-escandalo-de-peter-mandelson-6.jpg","articleSection":["Actualidad"],"inLanguage":"es","potentialAction":[{"@type":"CommentAction","name":"Comment","target":["https:\/\/lobosnews.com.ar\/index.php\/2026\/04\/28\/el-primer-ministro-britanico-enfrenta-a-una-votacion-sobre-una-posible-investigacion-parlamentaria-por-el-escandalo-de-peter-mandelson\/#respond"]}]},{"@type":"WebPage","@id":"https:\/\/lobosnews.com.ar\/index.php\/2026\/04\/28\/el-primer-ministro-britanico-enfrenta-a-una-votacion-sobre-una-posible-investigacion-parlamentaria-por-el-escandalo-de-peter-mandelson\/","url":"https:\/\/lobosnews.com.ar\/index.php\/2026\/04\/28\/el-primer-ministro-britanico-enfrenta-a-una-votacion-sobre-una-posible-investigacion-parlamentaria-por-el-escandalo-de-peter-mandelson\/","name":"El primer ministro brit\u00e1nico enfrenta a una votaci\u00f3n sobre una posible investigaci\u00f3n parlamentaria por el esc\u00e1ndalo de Peter Mandelson - Lobos News","isPartOf":{"@id":"https:\/\/lobosnews.com.ar\/#website"},"primaryImageOfPage":{"@id":"https:\/\/lobosnews.com.ar\/index.php\/2026\/04\/28\/el-primer-ministro-britanico-enfrenta-a-una-votacion-sobre-una-posible-investigacion-parlamentaria-por-el-escandalo-de-peter-mandelson\/#primaryimage"},"image":{"@id":"https:\/\/lobosnews.com.ar\/index.php\/2026\/04\/28\/el-primer-ministro-britanico-enfrenta-a-una-votacion-sobre-una-posible-investigacion-parlamentaria-por-el-escandalo-de-peter-mandelson\/#primaryimage"},"thumbnailUrl":"https:\/\/lobosnews.com.ar\/wp-content\/uploads\/2026\/04\/el-primer-ministro-britanico-enfrenta-a-una-votacion-sobre-una-posible-investigacion-parlamentaria-por-el-escandalo-de-peter-mandelson-6.jpg","datePublished":"2026-04-28T04:33:52+00:00","dateModified":"2026-04-28T08:41:06+00:00","breadcrumb":{"@id":"https:\/\/lobosnews.com.ar\/index.php\/2026\/04\/28\/el-primer-ministro-britanico-enfrenta-a-una-votacion-sobre-una-posible-investigacion-parlamentaria-por-el-escandalo-de-peter-mandelson\/#breadcrumb"},"inLanguage":"es","potentialAction":[{"@type":"ReadAction","target":["https:\/\/lobosnews.com.ar\/index.php\/2026\/04\/28\/el-primer-ministro-britanico-enfrenta-a-una-votacion-sobre-una-posible-investigacion-parlamentaria-por-el-escandalo-de-peter-mandelson\/"]}]},{"@type":"ImageObject","inLanguage":"es","@id":"https:\/\/lobosnews.com.ar\/index.php\/2026\/04\/28\/el-primer-ministro-britanico-enfrenta-a-una-votacion-sobre-una-posible-investigacion-parlamentaria-por-el-escandalo-de-peter-mandelson\/#primaryimage","url":"https:\/\/lobosnews.com.ar\/wp-content\/uploads\/2026\/04\/el-primer-ministro-britanico-enfrenta-a-una-votacion-sobre-una-posible-investigacion-parlamentaria-por-el-escandalo-de-peter-mandelson-6.jpg","contentUrl":"https:\/\/lobosnews.com.ar\/wp-content\/uploads\/2026\/04\/el-primer-ministro-britanico-enfrenta-a-una-votacion-sobre-una-posible-investigacion-parlamentaria-por-el-escandalo-de-peter-mandelson-6.jpg","width":1920,"height":1280,"caption":"El primer ministro brit\u00e1nico enfrenta a una votaci\u00f3n sobre una posible investigaci\u00f3n parlamentaria por el esc\u00e1ndalo de Peter Mandelson"},{"@type":"BreadcrumbList","@id":"https:\/\/lobosnews.com.ar\/index.php\/2026\/04\/28\/el-primer-ministro-britanico-enfrenta-a-una-votacion-sobre-una-posible-investigacion-parlamentaria-por-el-escandalo-de-peter-mandelson\/#breadcrumb","itemListElement":[{"@type":"ListItem","position":1,"name":"Portada","item":"https:\/\/lobosnews.com.ar\/"},{"@type":"ListItem","position":2,"name":"El primer ministro brit\u00e1nico enfrenta a una votaci\u00f3n sobre una posible investigaci\u00f3n parlamentaria por el esc\u00e1ndalo de Peter Mandelson"}]},{"@type":"WebSite","@id":"https:\/\/lobosnews.com.ar\/#website","url":"https:\/\/lobosnews.com.ar\/","name":"Lobos News","description":"Informaci\u00f3n a cada instante","publisher":{"@id":"https:\/\/lobosnews.com.ar\/#organization"},"potentialAction":[{"@type":"SearchAction","target":{"@type":"EntryPoint","urlTemplate":"https:\/\/lobosnews.com.ar\/?s={search_term_string}"},"query-input":{"@type":"PropertyValueSpecification","valueRequired":true,"valueName":"search_term_string"}}],"inLanguage":"es"},{"@type":"Organization","@id":"https:\/\/lobosnews.com.ar\/#organization","name":"Lobos News","url":"https:\/\/lobosnews.com.ar\/","logo":{"@type":"ImageObject","inLanguage":"es","@id":"https:\/\/lobosnews.com.ar\/#\/schema\/logo\/image\/","url":"https:\/\/lobosnews.com.ar\/wp-content\/uploads\/2026\/01\/logo-lobosnews.png","contentUrl":"https:\/\/lobosnews.com.ar\/wp-content\/uploads\/2026\/01\/logo-lobosnews.png","width":500,"height":200,"caption":"Lobos News"},"image":{"@id":"https:\/\/lobosnews.com.ar\/#\/schema\/logo\/image\/"}},{"@type":"Person","@id":"https:\/\/lobosnews.com.ar\/#\/schema\/person\/232422a593d5c541dd9aef6aaed10943","name":"admin","image":{"@type":"ImageObject","inLanguage":"es","@id":"https:\/\/lobosnews.com.ar\/#\/schema\/person\/image\/","url":"https:\/\/secure.gravatar.com\/avatar\/76e419471a2083bc3ceab22a763dbbf9b0c1bd15a6214cf3280e2c2dde4580f9?s=96&d=mm&r=g","contentUrl":"https:\/\/secure.gravatar.com\/avatar\/76e419471a2083bc3ceab22a763dbbf9b0c1bd15a6214cf3280e2c2dde4580f9?s=96&d=mm&r=g","caption":"admin"},"sameAs":["https:\/\/lobosnews.com.ar"],"url":"https:\/\/lobosnews.com.ar\/index.php\/author\/lobos-news\/"}]}},"jetpack_featured_media_url":"https:\/\/lobosnews.com.ar\/wp-content\/uploads\/2026\/04\/el-primer-ministro-britanico-enfrenta-a-una-votacion-sobre-una-posible-investigacion-parlamentaria-por-el-escandalo-de-peter-mandelson-6.jpg","jetpack_sharing_enabled":true,"_links":{"self":[{"href":"https:\/\/lobosnews.com.ar\/index.php\/wp-json\/wp\/v2\/posts\/46448","targetHints":{"allow":["GET"]}}],"collection":[{"href":"https:\/\/lobosnews.com.ar\/index.php\/wp-json\/wp\/v2\/posts"}],"about":[{"href":"https:\/\/lobosnews.com.ar\/index.php\/wp-json\/wp\/v2\/types\/post"}],"author":[{"embeddable":true,"href":"https:\/\/lobosnews.com.ar\/index.php\/wp-json\/wp\/v2\/users\/1"}],"replies":[{"embeddable":true,"href":"https:\/\/lobosnews.com.ar\/index.php\/wp-json\/wp\/v2\/comments?post=46448"}],"version-history":[{"count":1,"href":"https:\/\/lobosnews.com.ar\/index.php\/wp-json\/wp\/v2\/posts\/46448\/revisions"}],"predecessor-version":[{"id":46453,"href":"https:\/\/lobosnews.com.ar\/index.php\/wp-json\/wp\/v2\/posts\/46448\/revisions\/46453"}],"wp:featuredmedia":[{"embeddable":true,"href":"https:\/\/lobosnews.com.ar\/index.php\/wp-json\/wp\/v2\/media\/46454"}],"wp:attachment":[{"href":"https:\/\/lobosnews.com.ar\/index.php\/wp-json\/wp\/v2\/media?parent=46448"}],"wp:term":[{"taxonomy":"category","embeddable":true,"href":"https:\/\/lobosnews.com.ar\/index.php\/wp-json\/wp\/v2\/categories?post=46448"},{"taxonomy":"post_tag","embeddable":true,"href":"https:\/\/lobosnews.com.ar\/index.php\/wp-json\/wp\/v2\/tags?post=46448"}],"curies":[{"name":"wp","href":"https:\/\/api.w.org\/{rel}","templated":true}]}}