{"id":46424,"date":"2026-04-28T06:18:32","date_gmt":"2026-04-28T06:18:32","guid":{"rendered":"https:\/\/lobosnews.com.ar\/index.php\/2026\/04\/28\/mano-a-mano-con-el-manager-de-colapinto-su-impacto-por-el-road-show-por-que-argentina-esta-lista-para-la-f1-y-el-futuro-de-franco\/"},"modified":"2026-04-28T08:36:02","modified_gmt":"2026-04-28T08:36:02","slug":"mano-a-mano-con-el-manager-de-colapinto-su-impacto-por-el-road-show-por-que-argentina-esta-lista-para-la-f1-y-el-futuro-de-franco","status":"publish","type":"post","link":"https:\/\/lobosnews.com.ar\/index.php\/2026\/04\/28\/mano-a-mano-con-el-manager-de-colapinto-su-impacto-por-el-road-show-por-que-argentina-esta-lista-para-la-f1-y-el-futuro-de-franco\/","title":{"rendered":"Mano a mano con el manager de Colapinto: su impacto por el road show, por qu\u00e9 Argentina est\u00e1 lista para la F1 y el futuro de Franco"},"content":{"rendered":"<p>Es una de las personas clave en la campa\u00f1a deportiva de <b>Franco Colapinto<\/b>. Se trata de <b>Jamie Campbell-Walter<\/b>, quien, junto a su pareja, <b>Mar\u00eda Catarineu<\/b>, son los managers del piloto argentino de <b>F\u00f3rmula 1<\/b>. Ambos lo acompa\u00f1aron en estos d\u00edas en Argentina en el marco del <span class=\"waslinkname\">road show multitudinario<\/span> que se llev\u00f3 a cabo este domingo en Palermo. En dicho evento, <b>Infobae <\/b>pudo hablar con el ex piloto escoc\u00e9s. <\/p>\n<p>\u201cNo s\u00e9 qu\u00e9 pensar. Es una locura\u201d, resumi\u00f3 sobre el ambiente con <b>m\u00e1s de 600 mil personas<\/b> en el evento. \u201cCreo que lo que Argentina ha mostrado en la Ciudad de Buenos Aires, Franco, la F1, y todo el equipo, Alpine, y todos los patrocinadores, <b>es c\u00f3mo se organiza un evento<\/b>\u201d, destac\u00f3. <\/p>\n<p>La exhibici\u00f3n de<b> Colapinto<\/b> sobre un <b>Lotus E20 <\/b>de 2012 con motor V8 result\u00f3 una fiesta, ya que esta vez no hubo estrategias y administraci\u00f3n de energ\u00eda porque se trata de un impulsor aspirado. El corredor bonaerense no escatim\u00f3 con el acelerador y se brind\u00f3 de lleno para darle un espect\u00e1culo \u00fanico e inolvidable para la multitud. <\/p>\n<p>\u201c<b>Nunca he visto algo tan grande<\/b>: solo por un auto, un piloto corriendo en el circuito\u201d, subray\u00f3 quien fue campe\u00f3n mundial de FIA GT en 2013 en la clase LMGTE Am y campe\u00f3n del Campeonato Brit\u00e1nico de Gran Turismo en 1999. Incluso, el ex corredor de 53 a\u00f1os lleg\u00f3 a competir en Argentina en el circuito semipermanente de Potrero de los Funes, San Luis, por el FIA GT en 2010. <\/p>\n<p><img loading=\"lazy\" decoding=\"async\" src=\"https:\/\/lobosnews.com.ar\/wp-content\/uploads\/2026\/04\/mano-a-mano-con-el-manager-de-colapinto-su-impacto-por-el-road-show-por-que-argentina-esta-lista-para-la-f1-y-el-futuro-de-franco.jpg\" alt=\"Colapinto, entre Mar\u00eda Catarineu y Jamie Campbell-Walter\" height=\"1536\" width=\"2048\"\/><\/p>\n<p>Jamie no cay\u00f3 de su asombro y, luego de aceptar sacarse unas fotos con aficionados, afirm\u00f3 que \u201cver a los fan\u00e1ticos, el espacio de hospitalidad, todo alrededor, todas las interacciones en la zona de fans, con todas las diferentes marcas, <b>es realmente incre\u00edble<\/b>\u201d.<\/p>\n<p>El escoc\u00e9s junto a <b>Catarineu<\/b> son los responsables de Bullet Sport Management, una empresa que se encarga de representar a otros pilotos, pero acompa\u00f1a a Colapinto en los cuatro continentes donde corre la F1. La pareja comenz\u00f3 a trabajar en 2019, cuando el pilarense fue campe\u00f3n de la<b> F\u00f3rmula 4 Espa\u00f1ola<\/b>, y desde ese momento se hizo cargo de su campa\u00f1a. Fueron a\u00f1os en los que no hubo apoyo econ\u00f3mico de alguna empresa de Argentina y para poder correr el certamen ib\u00e9rico el padre de Franco, An\u00edbal, vendi\u00f3 una casa. Luego los representantes del piloto lograron conseguir presupuesto gracias a empresas europeas y as\u00ed costearon su carrera en categor\u00edas promocionales. Reci\u00e9n en octubre de 2022 consiguieron la participaci\u00f3n de la petrolera estatal argentina. <\/p>\n<p>El road show se llev\u00f3 a cabo este domingo en un circuito de dos kil\u00f3metros montado sobre la avenida Del Libertador y Sarmiento. El impacto del evento llev\u00f3 a Campbell-Walter a reconocer que est\u00e1n dadas las condiciones para recibir a la F1: \u201cCreo que<b> demuestra claramente que Argentina est\u00e1 lista para un Gran Premio<\/b>\u201c. Al respecto, ampli\u00f3 que \u201dlo espero, por supuesto. Cuando cuidas de un piloto argentino, te gustar\u00eda que ellos puedan tener una carrera en casa. Argentina lo merece. Han pasado 28 a\u00f1os desde el \u00faltimo Gran Premio aqu\u00ed, y puedes ver claramente que hay pasi\u00f3n por el deporte. Est\u00e1n reconstruyendo el circuito y esperemos que <b>tal vez en el futuro, en los pr\u00f3ximos dos o tres a\u00f1os, suceda algo<\/b>\u201d.<\/p>\n<p>En tanto que tambi\u00e9n opin\u00f3 de la labor de Franco en las primeras tres carreras. \u201cMiami es el pr\u00f3ximo fin de semana. No ha sido un inicio de temporada s\u00faper f\u00e1cil, pero \u00e9l sum\u00f3 algunos puntos, lo cual fue genial. Y creo que <b>desde Miami en adelante veremos un rendimiento realmente bueno de su parte<\/b>\u201d, asever\u00f3. <\/p>\n<p><img loading=\"lazy\" decoding=\"async\" src=\"https:\/\/lobosnews.com.ar\/wp-content\/uploads\/2026\/04\/mano-a-mano-con-el-manager-de-colapinto-su-impacto-por-el-road-show-por-que-argentina-esta-lista-para-la-f1-y-el-futuro-de-franco-1.jpg\" alt=\"Jamie Campbell-Walter junto a fan\u00e1ticos argentinos en el road show\" height=\"1200\" width=\"1600\"\/><\/p>\n<p><b>Colapinto<\/b> sum\u00f3 su primer punto en el equipo <b>Alpine<\/b> luego de ser d\u00e9cimo en China. En el inicio de la temporada el team galo cambi\u00f3 de forma radial su panorama, ya que dej\u00f3 el \u00faltimo puesto en el <b>Campeonato Mundial de Constructores<\/b> y se ubica quinto, aunque la mayor\u00eda de los puntos los abroch\u00f3 el compa\u00f1ero de Franco, <b>Pierre Gasly<\/b>, de 30 a\u00f1os, con 180 Grandes Premios (una victoria) y en su cuarto ejercicio con este equipo. <\/p>\n<p>Ante la consulta del futuro de Franco, su manager respondi\u00f3 que \u201ctodo est\u00e1 bien. Todo va bien. Hay muchas carreras en la temporada a\u00fan por delante, as\u00ed que veremos. Cada, piloto, cada equipo tiene sus altibajos, pero <b>estoy seguro de que estaremos bien<\/b>\u201d.<\/p>\n<p><b>Colapinto <\/b>debut\u00f3 en la M\u00e1xima el 1 de septiembre de 2024 en Italia de la mano de<b> Williams<\/b>. En su segunda carrera (Azerbaiy\u00e1n) sum\u00f3 sus primeros cuatro puntos al ser octavo. Luego logr\u00f3 otra unidad al completar el top diez en Austin (Estados Unidos). En enero del a\u00f1o pasado Franco se incorpor\u00f3 a<b> Alpine<\/b> y luego de penar con un coche carente de competitividad como el A525 este a\u00f1o se dio un salto de calidad con el cambio de reglamento: misma erogaci\u00f3n de potencia de motores el\u00e9ctricos (m\u00e1s ahorro de energ\u00eda) y a combusti\u00f3n, autos m\u00e1s chicos y reducci\u00f3n de la carga aerodin\u00e1mica, entre las novedades m\u00e1s importantes. <\/p>\n<p>Luego de su paso por Argentina,<b> Jamie Campbell-Walter<\/b>, <b>Mar\u00eda Catarineu<\/b> y <b>Franco Colapinto <\/b>emprendieron viaje rumbo a Miami donde este fin de semana se llevar\u00e1 a cabo la cuarta fecha del campeonato. Como siempre, al lado del piloto bonaerense de 22 a\u00f1os, que buscar\u00e1 volver a cosechar unidades con la escuder\u00eda <b>Alpine<\/b>. <\/p>\n","protected":false},"excerpt":{"rendered":"<p>Es una de las personas clave en la campa\u00f1a deportiva de Franco Colapinto. Se trata de Jamie Campbell-Walter, quien, junto a su pareja, Mar\u00eda Catarineu, son los managers del piloto argentino de F\u00f3rmula 1. Ambos lo acompa\u00f1aron en estos d\u00edas en Argentina en el marco del road show multitudinario que se llev\u00f3 a cabo este&#8230;<\/p>\n","protected":false},"author":1,"featured_media":0,"comment_status":"open","ping_status":"closed","sticky":false,"template":"","format":"standard","meta":{"_jetpack_memberships_contains_paid_content":false,"footnotes":""},"categories":[30],"tags":[39],"class_list":["post-46424","post","type-post","status-publish","format-standard","hentry","category-argentina","tag-deportes"],"magazineBlocksPostFeaturedMedia":{"thumbnail":false,"medium":false,"medium_large":false,"large":false,"1536x1536":false,"2048x2048":false,"newsmatic-featured":false,"newsmatic-list":false,"newsmatic-thumb":false,"newsmatic-small":false,"newsmatic-grid":false},"magazineBlocksPostAuthor":{"name":"admin","avatar":"https:\/\/secure.gravatar.com\/avatar\/76e419471a2083bc3ceab22a763dbbf9b0c1bd15a6214cf3280e2c2dde4580f9?s=96&d=mm&r=g"},"magazineBlocksPostCommentsNumber":"0","magazineBlocksPostExcerpt":"Es una de las personas clave en la campa\u00f1a deportiva de Franco Colapinto. Se trata de Jamie Campbell-Walter, quien, junto a su pareja, Mar\u00eda Catarineu, son los managers del piloto argentino de F\u00f3rmula 1. Ambos lo acompa\u00f1aron en estos d\u00edas en Argentina en el marco del road show multitudinario que se llev\u00f3 a cabo este...","magazineBlocksPostCategories":["Argentina"],"magazineBlocksPostViewCount":19,"magazineBlocksPostReadTime":5,"magazine_blocks_featured_image_url":{"full":false,"medium":false,"thumbnail":false},"magazine_blocks_author":{"display_name":"admin","author_link":"https:\/\/lobosnews.com.ar\/index.php\/author\/lobos-news\/"},"magazine_blocks_comment":0,"magazine_blocks_author_image":"https:\/\/secure.gravatar.com\/avatar\/76e419471a2083bc3ceab22a763dbbf9b0c1bd15a6214cf3280e2c2dde4580f9?s=96&d=mm&r=g","magazine_blocks_category":"<a href=\"#\" class=\"category-link category-link-30\">Argentina<\/a>","yoast_head":"<!-- This site is optimized with the Yoast SEO plugin v26.6 - https:\/\/yoast.com\/wordpress\/plugins\/seo\/ -->\n<title>Mano a mano con el manager de Colapinto: su impacto por el road show, por qu\u00e9 Argentina est\u00e1 lista para la F1 y el futuro de Franco - Lobos News<\/title>\n<meta name=\"robots\" content=\"index, follow, max-snippet:-1, max-image-preview:large, max-video-preview:-1\" \/>\n<link rel=\"canonical\" href=\"https:\/\/lobosnews.com.ar\/index.php\/2026\/04\/28\/mano-a-mano-con-el-manager-de-colapinto-su-impacto-por-el-road-show-por-que-argentina-esta-lista-para-la-f1-y-el-futuro-de-franco\/\" \/>\n<meta property=\"og:locale\" content=\"es_ES\" \/>\n<meta property=\"og:type\" content=\"article\" \/>\n<meta property=\"og:title\" content=\"Mano a mano con el manager de Colapinto: su impacto por el road show, por qu\u00e9 Argentina est\u00e1 lista para la F1 y el futuro de Franco - Lobos News\" \/>\n<meta property=\"og:description\" content=\"Es una de las personas clave en la campa\u00f1a deportiva de Franco Colapinto. Se trata de Jamie Campbell-Walter, quien, junto a su pareja, Mar\u00eda Catarineu, son los managers del piloto argentino de F\u00f3rmula 1. Ambos lo acompa\u00f1aron en estos d\u00edas en Argentina en el marco del road show multitudinario que se llev\u00f3 a cabo este...\" \/>\n<meta property=\"og:url\" content=\"https:\/\/lobosnews.com.ar\/index.php\/2026\/04\/28\/mano-a-mano-con-el-manager-de-colapinto-su-impacto-por-el-road-show-por-que-argentina-esta-lista-para-la-f1-y-el-futuro-de-franco\/\" \/>\n<meta property=\"og:site_name\" content=\"Lobos News\" \/>\n<meta property=\"article:published_time\" content=\"2026-04-28T06:18:32+00:00\" \/>\n<meta property=\"article:modified_time\" content=\"2026-04-28T08:36:02+00:00\" \/>\n<meta property=\"og:image\" content=\"https:\/\/lobosnews.com.ar\/wp-content\/uploads\/2026\/04\/mano-a-mano-con-el-manager-de-colapinto-su-impacto-por-el-road-show-por-que-argentina-esta-lista-para-la-f1-y-el-futuro-de-franco.jpg\" \/>\n<meta name=\"author\" content=\"admin\" \/>\n<meta name=\"twitter:card\" content=\"summary_large_image\" \/>\n<meta name=\"twitter:label1\" content=\"Escrito por\" \/>\n\t<meta name=\"twitter:data1\" content=\"admin\" \/>\n\t<meta name=\"twitter:label2\" content=\"Tiempo de lectura\" \/>\n\t<meta name=\"twitter:data2\" content=\"5 minutos\" \/>\n<script type=\"application\/ld+json\" class=\"yoast-schema-graph\">{\"@context\":\"https:\/\/schema.org\",\"@graph\":[{\"@type\":\"Article\",\"@id\":\"https:\/\/lobosnews.com.ar\/index.php\/2026\/04\/28\/mano-a-mano-con-el-manager-de-colapinto-su-impacto-por-el-road-show-por-que-argentina-esta-lista-para-la-f1-y-el-futuro-de-franco\/#article\",\"isPartOf\":{\"@id\":\"https:\/\/lobosnews.com.ar\/index.php\/2026\/04\/28\/mano-a-mano-con-el-manager-de-colapinto-su-impacto-por-el-road-show-por-que-argentina-esta-lista-para-la-f1-y-el-futuro-de-franco\/\"},\"author\":{\"name\":\"admin\",\"@id\":\"https:\/\/lobosnews.com.ar\/#\/schema\/person\/232422a593d5c541dd9aef6aaed10943\"},\"headline\":\"Mano a mano con el manager de Colapinto: su impacto por el road show, por qu\u00e9 Argentina est\u00e1 lista para la F1 y el futuro de Franco\",\"datePublished\":\"2026-04-28T06:18:32+00:00\",\"dateModified\":\"2026-04-28T08:36:02+00:00\",\"mainEntityOfPage\":{\"@id\":\"https:\/\/lobosnews.com.ar\/index.php\/2026\/04\/28\/mano-a-mano-con-el-manager-de-colapinto-su-impacto-por-el-road-show-por-que-argentina-esta-lista-para-la-f1-y-el-futuro-de-franco\/\"},\"wordCount\":947,\"commentCount\":0,\"publisher\":{\"@id\":\"https:\/\/lobosnews.com.ar\/#organization\"},\"image\":{\"@id\":\"https:\/\/lobosnews.com.ar\/index.php\/2026\/04\/28\/mano-a-mano-con-el-manager-de-colapinto-su-impacto-por-el-road-show-por-que-argentina-esta-lista-para-la-f1-y-el-futuro-de-franco\/#primaryimage\"},\"thumbnailUrl\":\"https:\/\/lobosnews.com.ar\/wp-content\/uploads\/2026\/04\/mano-a-mano-con-el-manager-de-colapinto-su-impacto-por-el-road-show-por-que-argentina-esta-lista-para-la-f1-y-el-futuro-de-franco.jpg\",\"keywords\":[\"Deportes\"],\"articleSection\":[\"Argentina\"],\"inLanguage\":\"es\",\"potentialAction\":[{\"@type\":\"CommentAction\",\"name\":\"Comment\",\"target\":[\"https:\/\/lobosnews.com.ar\/index.php\/2026\/04\/28\/mano-a-mano-con-el-manager-de-colapinto-su-impacto-por-el-road-show-por-que-argentina-esta-lista-para-la-f1-y-el-futuro-de-franco\/#respond\"]}]},{\"@type\":\"WebPage\",\"@id\":\"https:\/\/lobosnews.com.ar\/index.php\/2026\/04\/28\/mano-a-mano-con-el-manager-de-colapinto-su-impacto-por-el-road-show-por-que-argentina-esta-lista-para-la-f1-y-el-futuro-de-franco\/\",\"url\":\"https:\/\/lobosnews.com.ar\/index.php\/2026\/04\/28\/mano-a-mano-con-el-manager-de-colapinto-su-impacto-por-el-road-show-por-que-argentina-esta-lista-para-la-f1-y-el-futuro-de-franco\/\",\"name\":\"Mano a mano con el manager de Colapinto: su impacto por el road show, por qu\u00e9 Argentina est\u00e1 lista para la F1 y el futuro de Franco - Lobos News\",\"isPartOf\":{\"@id\":\"https:\/\/lobosnews.com.ar\/#website\"},\"primaryImageOfPage\":{\"@id\":\"https:\/\/lobosnews.com.ar\/index.php\/2026\/04\/28\/mano-a-mano-con-el-manager-de-colapinto-su-impacto-por-el-road-show-por-que-argentina-esta-lista-para-la-f1-y-el-futuro-de-franco\/#primaryimage\"},\"image\":{\"@id\":\"https:\/\/lobosnews.com.ar\/index.php\/2026\/04\/28\/mano-a-mano-con-el-manager-de-colapinto-su-impacto-por-el-road-show-por-que-argentina-esta-lista-para-la-f1-y-el-futuro-de-franco\/#primaryimage\"},\"thumbnailUrl\":\"https:\/\/lobosnews.com.ar\/wp-content\/uploads\/2026\/04\/mano-a-mano-con-el-manager-de-colapinto-su-impacto-por-el-road-show-por-que-argentina-esta-lista-para-la-f1-y-el-futuro-de-franco.jpg\",\"datePublished\":\"2026-04-28T06:18:32+00:00\",\"dateModified\":\"2026-04-28T08:36:02+00:00\",\"breadcrumb\":{\"@id\":\"https:\/\/lobosnews.com.ar\/index.php\/2026\/04\/28\/mano-a-mano-con-el-manager-de-colapinto-su-impacto-por-el-road-show-por-que-argentina-esta-lista-para-la-f1-y-el-futuro-de-franco\/#breadcrumb\"},\"inLanguage\":\"es\",\"potentialAction\":[{\"@type\":\"ReadAction\",\"target\":[\"https:\/\/lobosnews.com.ar\/index.php\/2026\/04\/28\/mano-a-mano-con-el-manager-de-colapinto-su-impacto-por-el-road-show-por-que-argentina-esta-lista-para-la-f1-y-el-futuro-de-franco\/\"]}]},{\"@type\":\"ImageObject\",\"inLanguage\":\"es\",\"@id\":\"https:\/\/lobosnews.com.ar\/index.php\/2026\/04\/28\/mano-a-mano-con-el-manager-de-colapinto-su-impacto-por-el-road-show-por-que-argentina-esta-lista-para-la-f1-y-el-futuro-de-franco\/#primaryimage\",\"url\":\"https:\/\/lobosnews.com.ar\/wp-content\/uploads\/2026\/04\/mano-a-mano-con-el-manager-de-colapinto-su-impacto-por-el-road-show-por-que-argentina-esta-lista-para-la-f1-y-el-futuro-de-franco.jpg\",\"contentUrl\":\"https:\/\/lobosnews.com.ar\/wp-content\/uploads\/2026\/04\/mano-a-mano-con-el-manager-de-colapinto-su-impacto-por-el-road-show-por-que-argentina-esta-lista-para-la-f1-y-el-futuro-de-franco.jpg\"},{\"@type\":\"BreadcrumbList\",\"@id\":\"https:\/\/lobosnews.com.ar\/index.php\/2026\/04\/28\/mano-a-mano-con-el-manager-de-colapinto-su-impacto-por-el-road-show-por-que-argentina-esta-lista-para-la-f1-y-el-futuro-de-franco\/#breadcrumb\",\"itemListElement\":[{\"@type\":\"ListItem\",\"position\":1,\"name\":\"Portada\",\"item\":\"https:\/\/lobosnews.com.ar\/\"},{\"@type\":\"ListItem\",\"position\":2,\"name\":\"Mano a mano con el manager de Colapinto: su impacto por el road show, por qu\u00e9 Argentina est\u00e1 lista para la F1 y el futuro de Franco\"}]},{\"@type\":\"WebSite\",\"@id\":\"https:\/\/lobosnews.com.ar\/#website\",\"url\":\"https:\/\/lobosnews.com.ar\/\",\"name\":\"Lobos News\",\"description\":\"Informaci\u00f3n a cada instante\",\"publisher\":{\"@id\":\"https:\/\/lobosnews.com.ar\/#organization\"},\"potentialAction\":[{\"@type\":\"SearchAction\",\"target\":{\"@type\":\"EntryPoint\",\"urlTemplate\":\"https:\/\/lobosnews.com.ar\/?s={search_term_string}\"},\"query-input\":{\"@type\":\"PropertyValueSpecification\",\"valueRequired\":true,\"valueName\":\"search_term_string\"}}],\"inLanguage\":\"es\"},{\"@type\":\"Organization\",\"@id\":\"https:\/\/lobosnews.com.ar\/#organization\",\"name\":\"Lobos News\",\"url\":\"https:\/\/lobosnews.com.ar\/\",\"logo\":{\"@type\":\"ImageObject\",\"inLanguage\":\"es\",\"@id\":\"https:\/\/lobosnews.com.ar\/#\/schema\/logo\/image\/\",\"url\":\"https:\/\/lobosnews.com.ar\/wp-content\/uploads\/2026\/01\/logo-lobosnews.png\",\"contentUrl\":\"https:\/\/lobosnews.com.ar\/wp-content\/uploads\/2026\/01\/logo-lobosnews.png\",\"width\":500,\"height\":200,\"caption\":\"Lobos News\"},\"image\":{\"@id\":\"https:\/\/lobosnews.com.ar\/#\/schema\/logo\/image\/\"}},{\"@type\":\"Person\",\"@id\":\"https:\/\/lobosnews.com.ar\/#\/schema\/person\/232422a593d5c541dd9aef6aaed10943\",\"name\":\"admin\",\"image\":{\"@type\":\"ImageObject\",\"inLanguage\":\"es\",\"@id\":\"https:\/\/lobosnews.com.ar\/#\/schema\/person\/image\/\",\"url\":\"https:\/\/secure.gravatar.com\/avatar\/76e419471a2083bc3ceab22a763dbbf9b0c1bd15a6214cf3280e2c2dde4580f9?s=96&d=mm&r=g\",\"contentUrl\":\"https:\/\/secure.gravatar.com\/avatar\/76e419471a2083bc3ceab22a763dbbf9b0c1bd15a6214cf3280e2c2dde4580f9?s=96&d=mm&r=g\",\"caption\":\"admin\"},\"sameAs\":[\"https:\/\/lobosnews.com.ar\"],\"url\":\"https:\/\/lobosnews.com.ar\/index.php\/author\/lobos-news\/\"}]}<\/script>\n<!-- \/ Yoast SEO plugin. -->","yoast_head_json":{"title":"Mano a mano con el manager de Colapinto: su impacto por el road show, por qu\u00e9 Argentina est\u00e1 lista para la F1 y el futuro de Franco - Lobos News","robots":{"index":"index","follow":"follow","max-snippet":"max-snippet:-1","max-image-preview":"max-image-preview:large","max-video-preview":"max-video-preview:-1"},"canonical":"https:\/\/lobosnews.com.ar\/index.php\/2026\/04\/28\/mano-a-mano-con-el-manager-de-colapinto-su-impacto-por-el-road-show-por-que-argentina-esta-lista-para-la-f1-y-el-futuro-de-franco\/","og_locale":"es_ES","og_type":"article","og_title":"Mano a mano con el manager de Colapinto: su impacto por el road show, por qu\u00e9 Argentina est\u00e1 lista para la F1 y el futuro de Franco - Lobos News","og_description":"Es una de las personas clave en la campa\u00f1a deportiva de Franco Colapinto. Se trata de Jamie Campbell-Walter, quien, junto a su pareja, Mar\u00eda Catarineu, son los managers del piloto argentino de F\u00f3rmula 1. Ambos lo acompa\u00f1aron en estos d\u00edas en Argentina en el marco del road show multitudinario que se llev\u00f3 a cabo este...","og_url":"https:\/\/lobosnews.com.ar\/index.php\/2026\/04\/28\/mano-a-mano-con-el-manager-de-colapinto-su-impacto-por-el-road-show-por-que-argentina-esta-lista-para-la-f1-y-el-futuro-de-franco\/","og_site_name":"Lobos News","article_published_time":"2026-04-28T06:18:32+00:00","article_modified_time":"2026-04-28T08:36:02+00:00","og_image":[{"url":"https:\/\/lobosnews.com.ar\/wp-content\/uploads\/2026\/04\/mano-a-mano-con-el-manager-de-colapinto-su-impacto-por-el-road-show-por-que-argentina-esta-lista-para-la-f1-y-el-futuro-de-franco.jpg","type":"","width":"","height":""}],"author":"admin","twitter_card":"summary_large_image","twitter_misc":{"Escrito por":"admin","Tiempo de lectura":"5 minutos"},"schema":{"@context":"https:\/\/schema.org","@graph":[{"@type":"Article","@id":"https:\/\/lobosnews.com.ar\/index.php\/2026\/04\/28\/mano-a-mano-con-el-manager-de-colapinto-su-impacto-por-el-road-show-por-que-argentina-esta-lista-para-la-f1-y-el-futuro-de-franco\/#article","isPartOf":{"@id":"https:\/\/lobosnews.com.ar\/index.php\/2026\/04\/28\/mano-a-mano-con-el-manager-de-colapinto-su-impacto-por-el-road-show-por-que-argentina-esta-lista-para-la-f1-y-el-futuro-de-franco\/"},"author":{"name":"admin","@id":"https:\/\/lobosnews.com.ar\/#\/schema\/person\/232422a593d5c541dd9aef6aaed10943"},"headline":"Mano a mano con el manager de Colapinto: su impacto por el road show, por qu\u00e9 Argentina est\u00e1 lista para la F1 y el futuro de Franco","datePublished":"2026-04-28T06:18:32+00:00","dateModified":"2026-04-28T08:36:02+00:00","mainEntityOfPage":{"@id":"https:\/\/lobosnews.com.ar\/index.php\/2026\/04\/28\/mano-a-mano-con-el-manager-de-colapinto-su-impacto-por-el-road-show-por-que-argentina-esta-lista-para-la-f1-y-el-futuro-de-franco\/"},"wordCount":947,"commentCount":0,"publisher":{"@id":"https:\/\/lobosnews.com.ar\/#organization"},"image":{"@id":"https:\/\/lobosnews.com.ar\/index.php\/2026\/04\/28\/mano-a-mano-con-el-manager-de-colapinto-su-impacto-por-el-road-show-por-que-argentina-esta-lista-para-la-f1-y-el-futuro-de-franco\/#primaryimage"},"thumbnailUrl":"https:\/\/lobosnews.com.ar\/wp-content\/uploads\/2026\/04\/mano-a-mano-con-el-manager-de-colapinto-su-impacto-por-el-road-show-por-que-argentina-esta-lista-para-la-f1-y-el-futuro-de-franco.jpg","keywords":["Deportes"],"articleSection":["Argentina"],"inLanguage":"es","potentialAction":[{"@type":"CommentAction","name":"Comment","target":["https:\/\/lobosnews.com.ar\/index.php\/2026\/04\/28\/mano-a-mano-con-el-manager-de-colapinto-su-impacto-por-el-road-show-por-que-argentina-esta-lista-para-la-f1-y-el-futuro-de-franco\/#respond"]}]},{"@type":"WebPage","@id":"https:\/\/lobosnews.com.ar\/index.php\/2026\/04\/28\/mano-a-mano-con-el-manager-de-colapinto-su-impacto-por-el-road-show-por-que-argentina-esta-lista-para-la-f1-y-el-futuro-de-franco\/","url":"https:\/\/lobosnews.com.ar\/index.php\/2026\/04\/28\/mano-a-mano-con-el-manager-de-colapinto-su-impacto-por-el-road-show-por-que-argentina-esta-lista-para-la-f1-y-el-futuro-de-franco\/","name":"Mano a mano con el manager de Colapinto: su impacto por el road show, por qu\u00e9 Argentina est\u00e1 lista para la F1 y el futuro de Franco - Lobos News","isPartOf":{"@id":"https:\/\/lobosnews.com.ar\/#website"},"primaryImageOfPage":{"@id":"https:\/\/lobosnews.com.ar\/index.php\/2026\/04\/28\/mano-a-mano-con-el-manager-de-colapinto-su-impacto-por-el-road-show-por-que-argentina-esta-lista-para-la-f1-y-el-futuro-de-franco\/#primaryimage"},"image":{"@id":"https:\/\/lobosnews.com.ar\/index.php\/2026\/04\/28\/mano-a-mano-con-el-manager-de-colapinto-su-impacto-por-el-road-show-por-que-argentina-esta-lista-para-la-f1-y-el-futuro-de-franco\/#primaryimage"},"thumbnailUrl":"https:\/\/lobosnews.com.ar\/wp-content\/uploads\/2026\/04\/mano-a-mano-con-el-manager-de-colapinto-su-impacto-por-el-road-show-por-que-argentina-esta-lista-para-la-f1-y-el-futuro-de-franco.jpg","datePublished":"2026-04-28T06:18:32+00:00","dateModified":"2026-04-28T08:36:02+00:00","breadcrumb":{"@id":"https:\/\/lobosnews.com.ar\/index.php\/2026\/04\/28\/mano-a-mano-con-el-manager-de-colapinto-su-impacto-por-el-road-show-por-que-argentina-esta-lista-para-la-f1-y-el-futuro-de-franco\/#breadcrumb"},"inLanguage":"es","potentialAction":[{"@type":"ReadAction","target":["https:\/\/lobosnews.com.ar\/index.php\/2026\/04\/28\/mano-a-mano-con-el-manager-de-colapinto-su-impacto-por-el-road-show-por-que-argentina-esta-lista-para-la-f1-y-el-futuro-de-franco\/"]}]},{"@type":"ImageObject","inLanguage":"es","@id":"https:\/\/lobosnews.com.ar\/index.php\/2026\/04\/28\/mano-a-mano-con-el-manager-de-colapinto-su-impacto-por-el-road-show-por-que-argentina-esta-lista-para-la-f1-y-el-futuro-de-franco\/#primaryimage","url":"https:\/\/lobosnews.com.ar\/wp-content\/uploads\/2026\/04\/mano-a-mano-con-el-manager-de-colapinto-su-impacto-por-el-road-show-por-que-argentina-esta-lista-para-la-f1-y-el-futuro-de-franco.jpg","contentUrl":"https:\/\/lobosnews.com.ar\/wp-content\/uploads\/2026\/04\/mano-a-mano-con-el-manager-de-colapinto-su-impacto-por-el-road-show-por-que-argentina-esta-lista-para-la-f1-y-el-futuro-de-franco.jpg"},{"@type":"BreadcrumbList","@id":"https:\/\/lobosnews.com.ar\/index.php\/2026\/04\/28\/mano-a-mano-con-el-manager-de-colapinto-su-impacto-por-el-road-show-por-que-argentina-esta-lista-para-la-f1-y-el-futuro-de-franco\/#breadcrumb","itemListElement":[{"@type":"ListItem","position":1,"name":"Portada","item":"https:\/\/lobosnews.com.ar\/"},{"@type":"ListItem","position":2,"name":"Mano a mano con el manager de Colapinto: su impacto por el road show, por qu\u00e9 Argentina est\u00e1 lista para la F1 y el futuro de Franco"}]},{"@type":"WebSite","@id":"https:\/\/lobosnews.com.ar\/#website","url":"https:\/\/lobosnews.com.ar\/","name":"Lobos News","description":"Informaci\u00f3n a cada instante","publisher":{"@id":"https:\/\/lobosnews.com.ar\/#organization"},"potentialAction":[{"@type":"SearchAction","target":{"@type":"EntryPoint","urlTemplate":"https:\/\/lobosnews.com.ar\/?s={search_term_string}"},"query-input":{"@type":"PropertyValueSpecification","valueRequired":true,"valueName":"search_term_string"}}],"inLanguage":"es"},{"@type":"Organization","@id":"https:\/\/lobosnews.com.ar\/#organization","name":"Lobos News","url":"https:\/\/lobosnews.com.ar\/","logo":{"@type":"ImageObject","inLanguage":"es","@id":"https:\/\/lobosnews.com.ar\/#\/schema\/logo\/image\/","url":"https:\/\/lobosnews.com.ar\/wp-content\/uploads\/2026\/01\/logo-lobosnews.png","contentUrl":"https:\/\/lobosnews.com.ar\/wp-content\/uploads\/2026\/01\/logo-lobosnews.png","width":500,"height":200,"caption":"Lobos News"},"image":{"@id":"https:\/\/lobosnews.com.ar\/#\/schema\/logo\/image\/"}},{"@type":"Person","@id":"https:\/\/lobosnews.com.ar\/#\/schema\/person\/232422a593d5c541dd9aef6aaed10943","name":"admin","image":{"@type":"ImageObject","inLanguage":"es","@id":"https:\/\/lobosnews.com.ar\/#\/schema\/person\/image\/","url":"https:\/\/secure.gravatar.com\/avatar\/76e419471a2083bc3ceab22a763dbbf9b0c1bd15a6214cf3280e2c2dde4580f9?s=96&d=mm&r=g","contentUrl":"https:\/\/secure.gravatar.com\/avatar\/76e419471a2083bc3ceab22a763dbbf9b0c1bd15a6214cf3280e2c2dde4580f9?s=96&d=mm&r=g","caption":"admin"},"sameAs":["https:\/\/lobosnews.com.ar"],"url":"https:\/\/lobosnews.com.ar\/index.php\/author\/lobos-news\/"}]}},"jetpack_featured_media_url":"","jetpack_sharing_enabled":true,"_links":{"self":[{"href":"https:\/\/lobosnews.com.ar\/index.php\/wp-json\/wp\/v2\/posts\/46424","targetHints":{"allow":["GET"]}}],"collection":[{"href":"https:\/\/lobosnews.com.ar\/index.php\/wp-json\/wp\/v2\/posts"}],"about":[{"href":"https:\/\/lobosnews.com.ar\/index.php\/wp-json\/wp\/v2\/types\/post"}],"author":[{"embeddable":true,"href":"https:\/\/lobosnews.com.ar\/index.php\/wp-json\/wp\/v2\/users\/1"}],"replies":[{"embeddable":true,"href":"https:\/\/lobosnews.com.ar\/index.php\/wp-json\/wp\/v2\/comments?post=46424"}],"version-history":[{"count":1,"href":"https:\/\/lobosnews.com.ar\/index.php\/wp-json\/wp\/v2\/posts\/46424\/revisions"}],"predecessor-version":[{"id":46427,"href":"https:\/\/lobosnews.com.ar\/index.php\/wp-json\/wp\/v2\/posts\/46424\/revisions\/46427"}],"wp:attachment":[{"href":"https:\/\/lobosnews.com.ar\/index.php\/wp-json\/wp\/v2\/media?parent=46424"}],"wp:term":[{"taxonomy":"category","embeddable":true,"href":"https:\/\/lobosnews.com.ar\/index.php\/wp-json\/wp\/v2\/categories?post=46424"},{"taxonomy":"post_tag","embeddable":true,"href":"https:\/\/lobosnews.com.ar\/index.php\/wp-json\/wp\/v2\/tags?post=46424"}],"curies":[{"name":"wp","href":"https:\/\/api.w.org\/{rel}","templated":true}]}}