{"id":46411,"date":"2026-04-27T23:30:27","date_gmt":"2026-04-27T23:30:27","guid":{"rendered":"https:\/\/lobosnews.com.ar\/index.php\/2026\/04\/27\/avanza-un-frente-frio-por-el-amba-y-hay-alerta-por-vientos-fuertes-como-seguira-el-tiempo-durante-toda-la-semana\/"},"modified":"2026-04-28T03:03:02","modified_gmt":"2026-04-28T03:03:02","slug":"avanza-un-frente-frio-por-el-amba-y-hay-alerta-por-vientos-fuertes-como-seguira-el-tiempo-durante-toda-la-semana","status":"publish","type":"post","link":"https:\/\/lobosnews.com.ar\/index.php\/2026\/04\/27\/avanza-un-frente-frio-por-el-amba-y-hay-alerta-por-vientos-fuertes-como-seguira-el-tiempo-durante-toda-la-semana\/","title":{"rendered":"Avanza un frente fr\u00edo por el AMBA y hay alerta por vientos fuertes: c\u00f3mo seguir\u00e1 el tiempo durante toda la semana"},"content":{"rendered":"<p><img loading=\"lazy\" decoding=\"async\" src=\"https:\/\/lobosnews.com.ar\/wp-content\/uploads\/2026\/04\/avanza-un-frente-frio-por-el-amba-y-hay-alerta-por-vientos-fuertes-como-seguira-el-tiempo-durante-toda-la-semana.jpg\" alt=\"El pron\u00f3stico adelanta una recuperaci\u00f3n de las temperaturas y estabilidad atmosf\u00e9rica a partir del mi\u00e9rcoles (T\u00e9lam)\" height=\"1079\" width=\"1920\"\/><\/p>\n<p>El <span class=\"waslinkname\"><b>ingreso de un frente fr\u00edo de origen polar<\/b><\/span><b> <\/b>que se registr\u00f3 durante esta semana en el<b> \u00c1rea Metropolitana de Buenos Aires (AMBA)<\/b> redefini\u00f3 el panorama meteorol\u00f3gico en la regi\u00f3n y as\u00ed llegaron las primeras temperaturas fr\u00edas. Adem\u00e1s, en el interior del pa\u00eds se activaron varias alertas por vientos fuertes.<\/p>\n<p>En la <b>Ciudad Aut\u00f3noma de Buenos Aires (CABA)<\/b>, el arranque de la \u00faltima semana de abril est\u00e1 marcado por ma\u00f1anas frescas y una tendencia a la baja en los term\u00f3metros. Seg\u00fan la informaci\u00f3n del SMN, el <b>martes <\/b>se esperan temperaturas que oscilar\u00e1n entre <b>10 y 20 grados<\/b>, con cielo parcialmente nublado y sin probabilidad de lluvias. El viento, procedente del sur, mantendr\u00e1 r\u00e1fagas de 42 a 50 kil\u00f3metros por hora, lo que acentuar\u00e1 la sensaci\u00f3n de fr\u00edo y puede motivar incomodidades al aire libre.<\/p>\n<p>El mapa de alertas vigente para el martes 28, consultado por el sitio especializado <i>Meteored<\/i>, expone que la mayor parte de las provincias del norte, centro y este del pa\u00eds no presenta riesgos meteorol\u00f3gicos significativos. En contraste, \u00e1reas del oeste y sur \u2014especialmente regiones como Cuyo, el sudoeste bonaerense y parte de la Patagonia\u2014 figuran en amarillo, lo que implica la posibilidad de fen\u00f3menos con potencial para causar inconvenientes menores. <\/p>\n<p>Las zonas costeras deben prestar atenci\u00f3n a las r\u00e1fagas de viento, ya que en algunos sectores pueden alcanzar o superar los 80 kil\u00f3metros por hora.<\/p>\n<p><img loading=\"lazy\" decoding=\"async\" src=\"https:\/\/lobosnews.com.ar\/wp-content\/uploads\/2026\/04\/avanza-un-frente-frio-por-el-amba-y-hay-alerta-por-vientos-fuertes-como-seguira-el-tiempo-durante-toda-la-semana-1.jpg\" alt=\"El mapa de alertas meteorol\u00f3gicas del martes muestra niveles de precauci\u00f3n en regiones del oeste y sur del pa\u00eds\" height=\"800\" width=\"388\"\/><\/p>\n<p>La agencia subraya que el fen\u00f3meno responde a una t\u00edpica transici\u00f3n oto\u00f1al, aunque las r\u00e1fagas y el descenso t\u00e9rmico superan los valores habituales para finales de abril. <\/p>\n<p>Las autoridades recomiendan seguir atentamente las alertas oficiales, especialmente en el \u00e1rea del <b>AMBA<\/b> y la costa bonaerense, donde el viento intenso podr\u00eda ocasionar ca\u00edda de ramas, \u00e1rboles y carteles.<\/p>\n<p>El <b>mi\u00e9rcoles<\/b>, la atm\u00f3sfera comenzar\u00e1 a estabilizarse. El pron\u00f3stico adelanta m\u00e1ximas en torno a los 23 grados y m\u00ednimas de 13, con nubosidad variable y vientos moderados. La humedad relativa no experimentar\u00e1 incrementos notables y la probabilidad de precipitaciones se mantendr\u00e1 baja, inferior al 10 % durante toda la jornada.<\/p>\n<p>Por su parte, el <b>jueves <\/b>confirmar\u00e1 la tendencia de temperaturas agradables, con m\u00e1ximas de 22 grados Celsius, m\u00ednimas de 10 y condiciones soleadas en la mayor parte del d\u00eda. La humedad seguir\u00e1 en valores normales para la estaci\u00f3n y los vientos persistir\u00e1n desde el sector sur, aunque con menor intensidad respecto a jornadas previas.<\/p>\n<h2>C\u00f3mo estar\u00e1 el clima durante el fin de semana largo<\/h2>\n<p><img loading=\"lazy\" decoding=\"async\" src=\"https:\/\/lobosnews.com.ar\/wp-content\/uploads\/2026\/04\/avanza-un-frente-frio-por-el-amba-y-hay-alerta-por-vientos-fuertes-como-seguira-el-tiempo-durante-toda-la-semana-2.jpg\" alt=\"Las m\u00ednimas en la Ciudad Aut\u00f3noma de Buenos Aires alcanzan valores in\u00e9ditos para el a\u00f1o y la sensaci\u00f3n t\u00e9rmica desciende\" height=\"271\" width=\"830\"\/><\/p>\n<p>El <b>viernes<\/b> mantendr\u00e1 la estabilidad atmosf\u00e9rica en <b>Buenos Aires<\/b>. Se prev\u00e9n m\u00e1ximas en torno a los 23 grados Celsius y m\u00ednimas de 15, con una humedad relativa que oscilar\u00e1 entre valores moderados y bajos, favoreciendo el desarrollo de actividades al aire libre. La probabilidad de lluvias continuar\u00e1 siendo insignificante, y el viento se mantendr\u00e1 dentro de los par\u00e1metros habituales para la \u00e9poca.<\/p>\n<p>Hacia el fin de semana, el s\u00e1bado mostrar\u00e1 temperaturas que fluctuar\u00e1n entre 12 y 20 grados Celsius, con cielo parcialmente cubierto y r\u00e1fagas de viento alcanzando los 31 kil\u00f3metros por hora. El domingo 3, la tendencia no experimentar\u00e1 grandes cambios: m\u00e1ximas de 20 grados Celsius, m\u00ednimas de 10 y condiciones estables, sin precipitaciones a la vista.<\/p>\n<p>El an\u00e1lisis de <i>Meteored<\/i> detalla que la circulaci\u00f3n atmosf\u00e9rica asociada a este patr\u00f3n favorece una masa de aire m\u00e1s seca, lo que limita el desarrollo de precipitaciones en amplias zonas productivas del pa\u00eds. Este aspecto resulta determinante para el sector agropecuario, ya que implica una pausa en la recarga h\u00eddrica de los perfiles del suelo y, al mismo tiempo, facilita las tareas de cosecha por la baja humedad. Sin embargo, las heladas pueden impactar en cultivos sensibles.<\/p>\n<p>A nivel nacional, el centro del pa\u00eds mantendr\u00e1 condiciones fr\u00edas y secas durante la semana, con temperaturas por debajo de los valores normales y repetici\u00f3n de eventos de heladas en zonas rurales. El noreste argentino podr\u00eda experimentar tormentas aisladas hacia el final de la semana, pero no se prev\u00e9 que estos episodios modifiquen el patr\u00f3n seco predominante. En la <b>Patagonia<\/b>, contin\u00faa la actividad asociada al paso de perturbaciones desde el Pac\u00edfico, con nevadas de variada intensidad en la zona cordillerana.<\/p>\n","protected":false},"excerpt":{"rendered":"<p>El ingreso de un frente fr\u00edo de origen polar que se registr\u00f3 durante esta semana en el \u00c1rea Metropolitana de Buenos Aires (AMBA) redefini\u00f3 el panorama meteorol\u00f3gico en la regi\u00f3n y as\u00ed llegaron las primeras temperaturas fr\u00edas. Adem\u00e1s, en el interior del pa\u00eds se activaron varias alertas por vientos fuertes. En la Ciudad Aut\u00f3noma de&#8230;<\/p>\n","protected":false},"author":1,"featured_media":46416,"comment_status":"open","ping_status":"closed","sticky":false,"template":"","format":"standard","meta":{"_jetpack_memberships_contains_paid_content":false,"footnotes":""},"categories":[31,30,32,77,84,35,36,37],"tags":[],"class_list":["post-46411","post","type-post","status-publish","format-standard","has-post-thumbnail","hentry","category-actualidad","category-argentina","category-economia","category-inseguridad","category-masradios-com","category-nacionales","category-seguridad","category-sociedad"],"magazineBlocksPostFeaturedMedia":{"thumbnail":"https:\/\/lobosnews.com.ar\/wp-content\/uploads\/2026\/04\/avanza-un-frente-frio-por-el-amba-y-hay-alerta-por-vientos-fuertes-como-seguira-el-tiempo-durante-toda-la-semana-4-150x150.jpg","medium":"https:\/\/lobosnews.com.ar\/wp-content\/uploads\/2026\/04\/avanza-un-frente-frio-por-el-amba-y-hay-alerta-por-vientos-fuertes-como-seguira-el-tiempo-durante-toda-la-semana-4-300x98.jpg","medium_large":"https:\/\/lobosnews.com.ar\/wp-content\/uploads\/2026\/04\/avanza-un-frente-frio-por-el-amba-y-hay-alerta-por-vientos-fuertes-como-seguira-el-tiempo-durante-toda-la-semana-4-768x251.jpg","large":"https:\/\/lobosnews.com.ar\/wp-content\/uploads\/2026\/04\/avanza-un-frente-frio-por-el-amba-y-hay-alerta-por-vientos-fuertes-como-seguira-el-tiempo-durante-toda-la-semana-4.jpg","1536x1536":"https:\/\/lobosnews.com.ar\/wp-content\/uploads\/2026\/04\/avanza-un-frente-frio-por-el-amba-y-hay-alerta-por-vientos-fuertes-como-seguira-el-tiempo-durante-toda-la-semana-4.jpg","2048x2048":"https:\/\/lobosnews.com.ar\/wp-content\/uploads\/2026\/04\/avanza-un-frente-frio-por-el-amba-y-hay-alerta-por-vientos-fuertes-como-seguira-el-tiempo-durante-toda-la-semana-4.jpg","newsmatic-featured":"https:\/\/lobosnews.com.ar\/wp-content\/uploads\/2026\/04\/avanza-un-frente-frio-por-el-amba-y-hay-alerta-por-vientos-fuertes-como-seguira-el-tiempo-durante-toda-la-semana-4-820x271.jpg","newsmatic-list":"https:\/\/lobosnews.com.ar\/wp-content\/uploads\/2026\/04\/avanza-un-frente-frio-por-el-amba-y-hay-alerta-por-vientos-fuertes-como-seguira-el-tiempo-durante-toda-la-semana-4-600x271.jpg","newsmatic-thumb":"https:\/\/lobosnews.com.ar\/wp-content\/uploads\/2026\/04\/avanza-un-frente-frio-por-el-amba-y-hay-alerta-por-vientos-fuertes-como-seguira-el-tiempo-durante-toda-la-semana-4-300x200.jpg","newsmatic-small":"https:\/\/lobosnews.com.ar\/wp-content\/uploads\/2026\/04\/avanza-un-frente-frio-por-el-amba-y-hay-alerta-por-vientos-fuertes-como-seguira-el-tiempo-durante-toda-la-semana-4-150x95.jpg","newsmatic-grid":"https:\/\/lobosnews.com.ar\/wp-content\/uploads\/2026\/04\/avanza-un-frente-frio-por-el-amba-y-hay-alerta-por-vientos-fuertes-como-seguira-el-tiempo-durante-toda-la-semana-4-400x250.jpg"},"magazineBlocksPostAuthor":{"name":"admin","avatar":"https:\/\/secure.gravatar.com\/avatar\/76e419471a2083bc3ceab22a763dbbf9b0c1bd15a6214cf3280e2c2dde4580f9?s=96&d=mm&r=g"},"magazineBlocksPostCommentsNumber":"0","magazineBlocksPostExcerpt":"El ingreso de un frente fr\u00edo de origen polar que se registr\u00f3 durante esta semana en el \u00c1rea Metropolitana de Buenos Aires (AMBA) redefini\u00f3 el panorama meteorol\u00f3gico en la regi\u00f3n y as\u00ed llegaron las primeras temperaturas fr\u00edas. Adem\u00e1s, en el interior del pa\u00eds se activaron varias alertas por vientos fuertes. En la Ciudad Aut\u00f3noma de...","magazineBlocksPostCategories":["Actualidad","Argentina","econom\u00eda","inseguridad","masradios.com","nacionales","seguridad","sociedad"],"magazineBlocksPostViewCount":7,"magazineBlocksPostReadTime":4,"magazine_blocks_featured_image_url":{"full":["https:\/\/lobosnews.com.ar\/wp-content\/uploads\/2026\/04\/avanza-un-frente-frio-por-el-amba-y-hay-alerta-por-vientos-fuertes-como-seguira-el-tiempo-durante-toda-la-semana-4.jpg",830,271,false],"medium":["https:\/\/lobosnews.com.ar\/wp-content\/uploads\/2026\/04\/avanza-un-frente-frio-por-el-amba-y-hay-alerta-por-vientos-fuertes-como-seguira-el-tiempo-durante-toda-la-semana-4-300x98.jpg",300,98,true],"thumbnail":["https:\/\/lobosnews.com.ar\/wp-content\/uploads\/2026\/04\/avanza-un-frente-frio-por-el-amba-y-hay-alerta-por-vientos-fuertes-como-seguira-el-tiempo-durante-toda-la-semana-4-150x150.jpg",150,150,true]},"magazine_blocks_author":{"display_name":"admin","author_link":"https:\/\/lobosnews.com.ar\/index.php\/author\/lobos-news\/"},"magazine_blocks_comment":0,"magazine_blocks_author_image":"https:\/\/secure.gravatar.com\/avatar\/76e419471a2083bc3ceab22a763dbbf9b0c1bd15a6214cf3280e2c2dde4580f9?s=96&d=mm&r=g","magazine_blocks_category":"<a href=\"#\" class=\"category-link category-link-31\">Actualidad<\/a> <a href=\"#\" class=\"category-link category-link-30\">Argentina<\/a> <a href=\"#\" class=\"category-link category-link-32\">econom\u00eda<\/a> <a href=\"#\" class=\"category-link category-link-77\">inseguridad<\/a> <a href=\"#\" class=\"category-link category-link-84\">masradios.com<\/a> <a href=\"#\" class=\"category-link category-link-35\">nacionales<\/a> <a href=\"#\" class=\"category-link category-link-36\">seguridad<\/a> <a href=\"#\" class=\"category-link category-link-37\">sociedad<\/a>","yoast_head":"<!-- This site is optimized with the Yoast SEO plugin v26.6 - https:\/\/yoast.com\/wordpress\/plugins\/seo\/ -->\n<title>Avanza un frente fr\u00edo por el AMBA y hay alerta por vientos fuertes: c\u00f3mo seguir\u00e1 el tiempo durante toda la semana - Lobos News<\/title>\n<meta name=\"robots\" content=\"index, follow, max-snippet:-1, max-image-preview:large, max-video-preview:-1\" \/>\n<link rel=\"canonical\" href=\"https:\/\/lobosnews.com.ar\/index.php\/2026\/04\/27\/avanza-un-frente-frio-por-el-amba-y-hay-alerta-por-vientos-fuertes-como-seguira-el-tiempo-durante-toda-la-semana\/\" \/>\n<meta property=\"og:locale\" content=\"es_ES\" \/>\n<meta property=\"og:type\" content=\"article\" \/>\n<meta property=\"og:title\" content=\"Avanza un frente fr\u00edo por el AMBA y hay alerta por vientos fuertes: c\u00f3mo seguir\u00e1 el tiempo durante toda la semana - Lobos News\" \/>\n<meta property=\"og:description\" content=\"El ingreso de un frente fr\u00edo de origen polar que se registr\u00f3 durante esta semana en el \u00c1rea Metropolitana de Buenos Aires (AMBA) redefini\u00f3 el panorama meteorol\u00f3gico en la regi\u00f3n y as\u00ed llegaron las primeras temperaturas fr\u00edas. Adem\u00e1s, en el interior del pa\u00eds se activaron varias alertas por vientos fuertes. En la Ciudad Aut\u00f3noma de...\" \/>\n<meta property=\"og:url\" content=\"https:\/\/lobosnews.com.ar\/index.php\/2026\/04\/27\/avanza-un-frente-frio-por-el-amba-y-hay-alerta-por-vientos-fuertes-como-seguira-el-tiempo-durante-toda-la-semana\/\" \/>\n<meta property=\"og:site_name\" content=\"Lobos News\" \/>\n<meta property=\"article:published_time\" content=\"2026-04-27T23:30:27+00:00\" \/>\n<meta property=\"article:modified_time\" content=\"2026-04-28T03:03:02+00:00\" \/>\n<meta property=\"og:image\" content=\"https:\/\/lobosnews.com.ar\/wp-content\/uploads\/2026\/04\/avanza-un-frente-frio-por-el-amba-y-hay-alerta-por-vientos-fuertes-como-seguira-el-tiempo-durante-toda-la-semana.jpg\" \/>\n<meta name=\"author\" content=\"admin\" \/>\n<meta name=\"twitter:card\" content=\"summary_large_image\" \/>\n<meta name=\"twitter:label1\" content=\"Escrito por\" \/>\n\t<meta name=\"twitter:data1\" content=\"admin\" \/>\n\t<meta name=\"twitter:label2\" content=\"Tiempo de lectura\" \/>\n\t<meta name=\"twitter:data2\" content=\"4 minutos\" \/>\n<script type=\"application\/ld+json\" class=\"yoast-schema-graph\">{\"@context\":\"https:\/\/schema.org\",\"@graph\":[{\"@type\":\"Article\",\"@id\":\"https:\/\/lobosnews.com.ar\/index.php\/2026\/04\/27\/avanza-un-frente-frio-por-el-amba-y-hay-alerta-por-vientos-fuertes-como-seguira-el-tiempo-durante-toda-la-semana\/#article\",\"isPartOf\":{\"@id\":\"https:\/\/lobosnews.com.ar\/index.php\/2026\/04\/27\/avanza-un-frente-frio-por-el-amba-y-hay-alerta-por-vientos-fuertes-como-seguira-el-tiempo-durante-toda-la-semana\/\"},\"author\":{\"name\":\"admin\",\"@id\":\"https:\/\/lobosnews.com.ar\/#\/schema\/person\/232422a593d5c541dd9aef6aaed10943\"},\"headline\":\"Avanza un frente fr\u00edo por el AMBA y hay alerta por vientos fuertes: c\u00f3mo seguir\u00e1 el tiempo durante toda la semana\",\"datePublished\":\"2026-04-27T23:30:27+00:00\",\"dateModified\":\"2026-04-28T03:03:02+00:00\",\"mainEntityOfPage\":{\"@id\":\"https:\/\/lobosnews.com.ar\/index.php\/2026\/04\/27\/avanza-un-frente-frio-por-el-amba-y-hay-alerta-por-vientos-fuertes-como-seguira-el-tiempo-durante-toda-la-semana\/\"},\"wordCount\":744,\"commentCount\":0,\"publisher\":{\"@id\":\"https:\/\/lobosnews.com.ar\/#organization\"},\"image\":{\"@id\":\"https:\/\/lobosnews.com.ar\/index.php\/2026\/04\/27\/avanza-un-frente-frio-por-el-amba-y-hay-alerta-por-vientos-fuertes-como-seguira-el-tiempo-durante-toda-la-semana\/#primaryimage\"},\"thumbnailUrl\":\"https:\/\/lobosnews.com.ar\/wp-content\/uploads\/2026\/04\/avanza-un-frente-frio-por-el-amba-y-hay-alerta-por-vientos-fuertes-como-seguira-el-tiempo-durante-toda-la-semana-4.jpg\",\"articleSection\":[\"Actualidad\",\"Argentina\",\"econom\u00eda\",\"inseguridad\",\"masradios.com\",\"nacionales\",\"seguridad\",\"sociedad\"],\"inLanguage\":\"es\",\"potentialAction\":[{\"@type\":\"CommentAction\",\"name\":\"Comment\",\"target\":[\"https:\/\/lobosnews.com.ar\/index.php\/2026\/04\/27\/avanza-un-frente-frio-por-el-amba-y-hay-alerta-por-vientos-fuertes-como-seguira-el-tiempo-durante-toda-la-semana\/#respond\"]}]},{\"@type\":\"WebPage\",\"@id\":\"https:\/\/lobosnews.com.ar\/index.php\/2026\/04\/27\/avanza-un-frente-frio-por-el-amba-y-hay-alerta-por-vientos-fuertes-como-seguira-el-tiempo-durante-toda-la-semana\/\",\"url\":\"https:\/\/lobosnews.com.ar\/index.php\/2026\/04\/27\/avanza-un-frente-frio-por-el-amba-y-hay-alerta-por-vientos-fuertes-como-seguira-el-tiempo-durante-toda-la-semana\/\",\"name\":\"Avanza un frente fr\u00edo por el AMBA y hay alerta por vientos fuertes: c\u00f3mo seguir\u00e1 el tiempo durante toda la semana - Lobos News\",\"isPartOf\":{\"@id\":\"https:\/\/lobosnews.com.ar\/#website\"},\"primaryImageOfPage\":{\"@id\":\"https:\/\/lobosnews.com.ar\/index.php\/2026\/04\/27\/avanza-un-frente-frio-por-el-amba-y-hay-alerta-por-vientos-fuertes-como-seguira-el-tiempo-durante-toda-la-semana\/#primaryimage\"},\"image\":{\"@id\":\"https:\/\/lobosnews.com.ar\/index.php\/2026\/04\/27\/avanza-un-frente-frio-por-el-amba-y-hay-alerta-por-vientos-fuertes-como-seguira-el-tiempo-durante-toda-la-semana\/#primaryimage\"},\"thumbnailUrl\":\"https:\/\/lobosnews.com.ar\/wp-content\/uploads\/2026\/04\/avanza-un-frente-frio-por-el-amba-y-hay-alerta-por-vientos-fuertes-como-seguira-el-tiempo-durante-toda-la-semana-4.jpg\",\"datePublished\":\"2026-04-27T23:30:27+00:00\",\"dateModified\":\"2026-04-28T03:03:02+00:00\",\"breadcrumb\":{\"@id\":\"https:\/\/lobosnews.com.ar\/index.php\/2026\/04\/27\/avanza-un-frente-frio-por-el-amba-y-hay-alerta-por-vientos-fuertes-como-seguira-el-tiempo-durante-toda-la-semana\/#breadcrumb\"},\"inLanguage\":\"es\",\"potentialAction\":[{\"@type\":\"ReadAction\",\"target\":[\"https:\/\/lobosnews.com.ar\/index.php\/2026\/04\/27\/avanza-un-frente-frio-por-el-amba-y-hay-alerta-por-vientos-fuertes-como-seguira-el-tiempo-durante-toda-la-semana\/\"]}]},{\"@type\":\"ImageObject\",\"inLanguage\":\"es\",\"@id\":\"https:\/\/lobosnews.com.ar\/index.php\/2026\/04\/27\/avanza-un-frente-frio-por-el-amba-y-hay-alerta-por-vientos-fuertes-como-seguira-el-tiempo-durante-toda-la-semana\/#primaryimage\",\"url\":\"https:\/\/lobosnews.com.ar\/wp-content\/uploads\/2026\/04\/avanza-un-frente-frio-por-el-amba-y-hay-alerta-por-vientos-fuertes-como-seguira-el-tiempo-durante-toda-la-semana-4.jpg\",\"contentUrl\":\"https:\/\/lobosnews.com.ar\/wp-content\/uploads\/2026\/04\/avanza-un-frente-frio-por-el-amba-y-hay-alerta-por-vientos-fuertes-como-seguira-el-tiempo-durante-toda-la-semana-4.jpg\",\"width\":830,\"height\":271,\"caption\":\"Avanza un frente fr\u00edo por el AMBA y hay alerta por vientos fuertes: c\u00f3mo seguir\u00e1 el tiempo durante toda la semana\"},{\"@type\":\"BreadcrumbList\",\"@id\":\"https:\/\/lobosnews.com.ar\/index.php\/2026\/04\/27\/avanza-un-frente-frio-por-el-amba-y-hay-alerta-por-vientos-fuertes-como-seguira-el-tiempo-durante-toda-la-semana\/#breadcrumb\",\"itemListElement\":[{\"@type\":\"ListItem\",\"position\":1,\"name\":\"Portada\",\"item\":\"https:\/\/lobosnews.com.ar\/\"},{\"@type\":\"ListItem\",\"position\":2,\"name\":\"Avanza un frente fr\u00edo por el AMBA y hay alerta por vientos fuertes: c\u00f3mo seguir\u00e1 el tiempo durante toda la semana\"}]},{\"@type\":\"WebSite\",\"@id\":\"https:\/\/lobosnews.com.ar\/#website\",\"url\":\"https:\/\/lobosnews.com.ar\/\",\"name\":\"Lobos News\",\"description\":\"Informaci\u00f3n a cada instante\",\"publisher\":{\"@id\":\"https:\/\/lobosnews.com.ar\/#organization\"},\"potentialAction\":[{\"@type\":\"SearchAction\",\"target\":{\"@type\":\"EntryPoint\",\"urlTemplate\":\"https:\/\/lobosnews.com.ar\/?s={search_term_string}\"},\"query-input\":{\"@type\":\"PropertyValueSpecification\",\"valueRequired\":true,\"valueName\":\"search_term_string\"}}],\"inLanguage\":\"es\"},{\"@type\":\"Organization\",\"@id\":\"https:\/\/lobosnews.com.ar\/#organization\",\"name\":\"Lobos News\",\"url\":\"https:\/\/lobosnews.com.ar\/\",\"logo\":{\"@type\":\"ImageObject\",\"inLanguage\":\"es\",\"@id\":\"https:\/\/lobosnews.com.ar\/#\/schema\/logo\/image\/\",\"url\":\"https:\/\/lobosnews.com.ar\/wp-content\/uploads\/2026\/01\/logo-lobosnews.png\",\"contentUrl\":\"https:\/\/lobosnews.com.ar\/wp-content\/uploads\/2026\/01\/logo-lobosnews.png\",\"width\":500,\"height\":200,\"caption\":\"Lobos News\"},\"image\":{\"@id\":\"https:\/\/lobosnews.com.ar\/#\/schema\/logo\/image\/\"}},{\"@type\":\"Person\",\"@id\":\"https:\/\/lobosnews.com.ar\/#\/schema\/person\/232422a593d5c541dd9aef6aaed10943\",\"name\":\"admin\",\"image\":{\"@type\":\"ImageObject\",\"inLanguage\":\"es\",\"@id\":\"https:\/\/lobosnews.com.ar\/#\/schema\/person\/image\/\",\"url\":\"https:\/\/secure.gravatar.com\/avatar\/76e419471a2083bc3ceab22a763dbbf9b0c1bd15a6214cf3280e2c2dde4580f9?s=96&d=mm&r=g\",\"contentUrl\":\"https:\/\/secure.gravatar.com\/avatar\/76e419471a2083bc3ceab22a763dbbf9b0c1bd15a6214cf3280e2c2dde4580f9?s=96&d=mm&r=g\",\"caption\":\"admin\"},\"sameAs\":[\"https:\/\/lobosnews.com.ar\"],\"url\":\"https:\/\/lobosnews.com.ar\/index.php\/author\/lobos-news\/\"}]}<\/script>\n<!-- \/ Yoast SEO plugin. -->","yoast_head_json":{"title":"Avanza un frente fr\u00edo por el AMBA y hay alerta por vientos fuertes: c\u00f3mo seguir\u00e1 el tiempo durante toda la semana - Lobos News","robots":{"index":"index","follow":"follow","max-snippet":"max-snippet:-1","max-image-preview":"max-image-preview:large","max-video-preview":"max-video-preview:-1"},"canonical":"https:\/\/lobosnews.com.ar\/index.php\/2026\/04\/27\/avanza-un-frente-frio-por-el-amba-y-hay-alerta-por-vientos-fuertes-como-seguira-el-tiempo-durante-toda-la-semana\/","og_locale":"es_ES","og_type":"article","og_title":"Avanza un frente fr\u00edo por el AMBA y hay alerta por vientos fuertes: c\u00f3mo seguir\u00e1 el tiempo durante toda la semana - Lobos News","og_description":"El ingreso de un frente fr\u00edo de origen polar que se registr\u00f3 durante esta semana en el \u00c1rea Metropolitana de Buenos Aires (AMBA) redefini\u00f3 el panorama meteorol\u00f3gico en la regi\u00f3n y as\u00ed llegaron las primeras temperaturas fr\u00edas. Adem\u00e1s, en el interior del pa\u00eds se activaron varias alertas por vientos fuertes. En la Ciudad Aut\u00f3noma de...","og_url":"https:\/\/lobosnews.com.ar\/index.php\/2026\/04\/27\/avanza-un-frente-frio-por-el-amba-y-hay-alerta-por-vientos-fuertes-como-seguira-el-tiempo-durante-toda-la-semana\/","og_site_name":"Lobos News","article_published_time":"2026-04-27T23:30:27+00:00","article_modified_time":"2026-04-28T03:03:02+00:00","og_image":[{"url":"https:\/\/lobosnews.com.ar\/wp-content\/uploads\/2026\/04\/avanza-un-frente-frio-por-el-amba-y-hay-alerta-por-vientos-fuertes-como-seguira-el-tiempo-durante-toda-la-semana.jpg","type":"","width":"","height":""}],"author":"admin","twitter_card":"summary_large_image","twitter_misc":{"Escrito por":"admin","Tiempo de lectura":"4 minutos"},"schema":{"@context":"https:\/\/schema.org","@graph":[{"@type":"Article","@id":"https:\/\/lobosnews.com.ar\/index.php\/2026\/04\/27\/avanza-un-frente-frio-por-el-amba-y-hay-alerta-por-vientos-fuertes-como-seguira-el-tiempo-durante-toda-la-semana\/#article","isPartOf":{"@id":"https:\/\/lobosnews.com.ar\/index.php\/2026\/04\/27\/avanza-un-frente-frio-por-el-amba-y-hay-alerta-por-vientos-fuertes-como-seguira-el-tiempo-durante-toda-la-semana\/"},"author":{"name":"admin","@id":"https:\/\/lobosnews.com.ar\/#\/schema\/person\/232422a593d5c541dd9aef6aaed10943"},"headline":"Avanza un frente fr\u00edo por el AMBA y hay alerta por vientos fuertes: c\u00f3mo seguir\u00e1 el tiempo durante toda la semana","datePublished":"2026-04-27T23:30:27+00:00","dateModified":"2026-04-28T03:03:02+00:00","mainEntityOfPage":{"@id":"https:\/\/lobosnews.com.ar\/index.php\/2026\/04\/27\/avanza-un-frente-frio-por-el-amba-y-hay-alerta-por-vientos-fuertes-como-seguira-el-tiempo-durante-toda-la-semana\/"},"wordCount":744,"commentCount":0,"publisher":{"@id":"https:\/\/lobosnews.com.ar\/#organization"},"image":{"@id":"https:\/\/lobosnews.com.ar\/index.php\/2026\/04\/27\/avanza-un-frente-frio-por-el-amba-y-hay-alerta-por-vientos-fuertes-como-seguira-el-tiempo-durante-toda-la-semana\/#primaryimage"},"thumbnailUrl":"https:\/\/lobosnews.com.ar\/wp-content\/uploads\/2026\/04\/avanza-un-frente-frio-por-el-amba-y-hay-alerta-por-vientos-fuertes-como-seguira-el-tiempo-durante-toda-la-semana-4.jpg","articleSection":["Actualidad","Argentina","econom\u00eda","inseguridad","masradios.com","nacionales","seguridad","sociedad"],"inLanguage":"es","potentialAction":[{"@type":"CommentAction","name":"Comment","target":["https:\/\/lobosnews.com.ar\/index.php\/2026\/04\/27\/avanza-un-frente-frio-por-el-amba-y-hay-alerta-por-vientos-fuertes-como-seguira-el-tiempo-durante-toda-la-semana\/#respond"]}]},{"@type":"WebPage","@id":"https:\/\/lobosnews.com.ar\/index.php\/2026\/04\/27\/avanza-un-frente-frio-por-el-amba-y-hay-alerta-por-vientos-fuertes-como-seguira-el-tiempo-durante-toda-la-semana\/","url":"https:\/\/lobosnews.com.ar\/index.php\/2026\/04\/27\/avanza-un-frente-frio-por-el-amba-y-hay-alerta-por-vientos-fuertes-como-seguira-el-tiempo-durante-toda-la-semana\/","name":"Avanza un frente fr\u00edo por el AMBA y hay alerta por vientos fuertes: c\u00f3mo seguir\u00e1 el tiempo durante toda la semana - Lobos News","isPartOf":{"@id":"https:\/\/lobosnews.com.ar\/#website"},"primaryImageOfPage":{"@id":"https:\/\/lobosnews.com.ar\/index.php\/2026\/04\/27\/avanza-un-frente-frio-por-el-amba-y-hay-alerta-por-vientos-fuertes-como-seguira-el-tiempo-durante-toda-la-semana\/#primaryimage"},"image":{"@id":"https:\/\/lobosnews.com.ar\/index.php\/2026\/04\/27\/avanza-un-frente-frio-por-el-amba-y-hay-alerta-por-vientos-fuertes-como-seguira-el-tiempo-durante-toda-la-semana\/#primaryimage"},"thumbnailUrl":"https:\/\/lobosnews.com.ar\/wp-content\/uploads\/2026\/04\/avanza-un-frente-frio-por-el-amba-y-hay-alerta-por-vientos-fuertes-como-seguira-el-tiempo-durante-toda-la-semana-4.jpg","datePublished":"2026-04-27T23:30:27+00:00","dateModified":"2026-04-28T03:03:02+00:00","breadcrumb":{"@id":"https:\/\/lobosnews.com.ar\/index.php\/2026\/04\/27\/avanza-un-frente-frio-por-el-amba-y-hay-alerta-por-vientos-fuertes-como-seguira-el-tiempo-durante-toda-la-semana\/#breadcrumb"},"inLanguage":"es","potentialAction":[{"@type":"ReadAction","target":["https:\/\/lobosnews.com.ar\/index.php\/2026\/04\/27\/avanza-un-frente-frio-por-el-amba-y-hay-alerta-por-vientos-fuertes-como-seguira-el-tiempo-durante-toda-la-semana\/"]}]},{"@type":"ImageObject","inLanguage":"es","@id":"https:\/\/lobosnews.com.ar\/index.php\/2026\/04\/27\/avanza-un-frente-frio-por-el-amba-y-hay-alerta-por-vientos-fuertes-como-seguira-el-tiempo-durante-toda-la-semana\/#primaryimage","url":"https:\/\/lobosnews.com.ar\/wp-content\/uploads\/2026\/04\/avanza-un-frente-frio-por-el-amba-y-hay-alerta-por-vientos-fuertes-como-seguira-el-tiempo-durante-toda-la-semana-4.jpg","contentUrl":"https:\/\/lobosnews.com.ar\/wp-content\/uploads\/2026\/04\/avanza-un-frente-frio-por-el-amba-y-hay-alerta-por-vientos-fuertes-como-seguira-el-tiempo-durante-toda-la-semana-4.jpg","width":830,"height":271,"caption":"Avanza un frente fr\u00edo por el AMBA y hay alerta por vientos fuertes: c\u00f3mo seguir\u00e1 el tiempo durante toda la semana"},{"@type":"BreadcrumbList","@id":"https:\/\/lobosnews.com.ar\/index.php\/2026\/04\/27\/avanza-un-frente-frio-por-el-amba-y-hay-alerta-por-vientos-fuertes-como-seguira-el-tiempo-durante-toda-la-semana\/#breadcrumb","itemListElement":[{"@type":"ListItem","position":1,"name":"Portada","item":"https:\/\/lobosnews.com.ar\/"},{"@type":"ListItem","position":2,"name":"Avanza un frente fr\u00edo por el AMBA y hay alerta por vientos fuertes: c\u00f3mo seguir\u00e1 el tiempo durante toda la semana"}]},{"@type":"WebSite","@id":"https:\/\/lobosnews.com.ar\/#website","url":"https:\/\/lobosnews.com.ar\/","name":"Lobos News","description":"Informaci\u00f3n a cada instante","publisher":{"@id":"https:\/\/lobosnews.com.ar\/#organization"},"potentialAction":[{"@type":"SearchAction","target":{"@type":"EntryPoint","urlTemplate":"https:\/\/lobosnews.com.ar\/?s={search_term_string}"},"query-input":{"@type":"PropertyValueSpecification","valueRequired":true,"valueName":"search_term_string"}}],"inLanguage":"es"},{"@type":"Organization","@id":"https:\/\/lobosnews.com.ar\/#organization","name":"Lobos News","url":"https:\/\/lobosnews.com.ar\/","logo":{"@type":"ImageObject","inLanguage":"es","@id":"https:\/\/lobosnews.com.ar\/#\/schema\/logo\/image\/","url":"https:\/\/lobosnews.com.ar\/wp-content\/uploads\/2026\/01\/logo-lobosnews.png","contentUrl":"https:\/\/lobosnews.com.ar\/wp-content\/uploads\/2026\/01\/logo-lobosnews.png","width":500,"height":200,"caption":"Lobos News"},"image":{"@id":"https:\/\/lobosnews.com.ar\/#\/schema\/logo\/image\/"}},{"@type":"Person","@id":"https:\/\/lobosnews.com.ar\/#\/schema\/person\/232422a593d5c541dd9aef6aaed10943","name":"admin","image":{"@type":"ImageObject","inLanguage":"es","@id":"https:\/\/lobosnews.com.ar\/#\/schema\/person\/image\/","url":"https:\/\/secure.gravatar.com\/avatar\/76e419471a2083bc3ceab22a763dbbf9b0c1bd15a6214cf3280e2c2dde4580f9?s=96&d=mm&r=g","contentUrl":"https:\/\/secure.gravatar.com\/avatar\/76e419471a2083bc3ceab22a763dbbf9b0c1bd15a6214cf3280e2c2dde4580f9?s=96&d=mm&r=g","caption":"admin"},"sameAs":["https:\/\/lobosnews.com.ar"],"url":"https:\/\/lobosnews.com.ar\/index.php\/author\/lobos-news\/"}]}},"jetpack_featured_media_url":"https:\/\/lobosnews.com.ar\/wp-content\/uploads\/2026\/04\/avanza-un-frente-frio-por-el-amba-y-hay-alerta-por-vientos-fuertes-como-seguira-el-tiempo-durante-toda-la-semana-4.jpg","jetpack_sharing_enabled":true,"_links":{"self":[{"href":"https:\/\/lobosnews.com.ar\/index.php\/wp-json\/wp\/v2\/posts\/46411","targetHints":{"allow":["GET"]}}],"collection":[{"href":"https:\/\/lobosnews.com.ar\/index.php\/wp-json\/wp\/v2\/posts"}],"about":[{"href":"https:\/\/lobosnews.com.ar\/index.php\/wp-json\/wp\/v2\/types\/post"}],"author":[{"embeddable":true,"href":"https:\/\/lobosnews.com.ar\/index.php\/wp-json\/wp\/v2\/users\/1"}],"replies":[{"embeddable":true,"href":"https:\/\/lobosnews.com.ar\/index.php\/wp-json\/wp\/v2\/comments?post=46411"}],"version-history":[{"count":1,"href":"https:\/\/lobosnews.com.ar\/index.php\/wp-json\/wp\/v2\/posts\/46411\/revisions"}],"predecessor-version":[{"id":46415,"href":"https:\/\/lobosnews.com.ar\/index.php\/wp-json\/wp\/v2\/posts\/46411\/revisions\/46415"}],"wp:featuredmedia":[{"embeddable":true,"href":"https:\/\/lobosnews.com.ar\/index.php\/wp-json\/wp\/v2\/media\/46416"}],"wp:attachment":[{"href":"https:\/\/lobosnews.com.ar\/index.php\/wp-json\/wp\/v2\/media?parent=46411"}],"wp:term":[{"taxonomy":"category","embeddable":true,"href":"https:\/\/lobosnews.com.ar\/index.php\/wp-json\/wp\/v2\/categories?post=46411"},{"taxonomy":"post_tag","embeddable":true,"href":"https:\/\/lobosnews.com.ar\/index.php\/wp-json\/wp\/v2\/tags?post=46411"}],"curies":[{"name":"wp","href":"https:\/\/api.w.org\/{rel}","templated":true}]}}