{"id":46401,"date":"2026-04-28T00:04:06","date_gmt":"2026-04-28T00:04:06","guid":{"rendered":"https:\/\/lobosnews.com.ar\/index.php\/2026\/04\/28\/la-empresas-de-colectivos-del-amba-amenazan-con-reducir-aun-mas-la-frecuencia-por-el-aumento-del-gasoil\/"},"modified":"2026-04-28T03:02:53","modified_gmt":"2026-04-28T03:02:53","slug":"la-empresas-de-colectivos-del-amba-amenazan-con-reducir-aun-mas-la-frecuencia-por-el-aumento-del-gasoil","status":"publish","type":"post","link":"https:\/\/lobosnews.com.ar\/index.php\/2026\/04\/28\/la-empresas-de-colectivos-del-amba-amenazan-con-reducir-aun-mas-la-frecuencia-por-el-aumento-del-gasoil\/","title":{"rendered":"La empresas de colectivos del AMBA amenazan con reducir a\u00fan m\u00e1s la frecuencia por el aumento del gasoil"},"content":{"rendered":"<p><img fetchpriority=\"high\" decoding=\"async\" src=\"https:\/\/lobosnews.com.ar\/wp-content\/uploads\/2026\/04\/la-empresas-de-colectivos-del-amba-amenazan-con-reducir-aun-mas-la-frecuencia-por-el-aumento-del-gasoil.jpg\" alt=\"Las c\u00e1maras empresarias del transporte del AMBA declararon el estado de emergencia ante el aumento de los costos operativos y la falta de respuesta del Gobierno. (Adri\u00e1n Escandar)\" height=\"1080\" width=\"1920\"\/><\/p>\n<p>Las <b>c\u00e1maras empresarias del transporte p\u00fablico<\/b> del \u00e1rea Metropolitana de Buenos Aires pusieron un plazo al Gobierno: si el jueves 30 de abril no hay respuestas concretas sobre c\u00f3mo se cubrir\u00e1n los mayores costos operativos, la frecuencia de colectivos \u2014que hoy opera al 85% de lo habitual\u2014 podr\u00eda caer al 50%. La advertencia lleg\u00f3 con la difusi\u00f3n de un comunicado firmado por la <b>C\u00e1mara del Transporte de la Provincia de Buenos Aires (C.T.P.B.A.)<\/b>, la <b>C\u00e1mara Empresaria de Autotransporte de Pasajeros (C.E.A.P.)<\/b>, la <b>C\u00e1mara Empresaria del Transporte Urbano de Buenos Aires (C.E.T.U.B.A.)<\/b> y la <b>C\u00e1mara de Empresarios Unidos del Transporte Urbano de Pasajeros de Buenos Aires (CEUTUPBA)<\/b>. El documento declara al sector en \u201c<b>estado de emergencia<\/b>\u201d.<\/p>\n<p>El conflicto no es nuevo. Desde el 1 de abril, las mismas entidades vienen aplicando una reducci\u00f3n progresiva de servicios en reclamo por el alza del precio del gasoil, cuyo valor de mercado \u2014entre $2.100 y $2.444 por litro, seg\u00fan inform\u00f3 la <b>Asociaci\u00f3n Argentina de Empresas de Transporte Automotor (AAETA)<\/b>\u2014 supera ampliamente los $1.750 que reconoce la estructura de costos oficial vigente desde enero de 2026. Esa brecha, sostienen, genera un d\u00e9ficit que ning\u00fan ajuste tarifario ni anticipo de subsidios ha logrado compensar hasta ahora.<\/p>\n<p>Lo que est\u00e1 en juego no es menor: el sistema de colectivos del AMBA moviliza a millones de personas cada d\u00eda en la Ciudad Aut\u00f3noma de Buenos Aires, el conurbano bonaerense y el Gran La Plata. Una ca\u00edda a la mitad de la frecuencia normal ya demostr\u00f3 las primeras semanas de abril que tiene un impacto directo y cotidiano sobre trabajadores, estudiantes y cualquier habitante del \u00e1rea metropolitana que dependa del transporte p\u00fablico para moverse.<\/p>\n<p><img loading=\"lazy\" decoding=\"async\" src=\"https:\/\/lobosnews.com.ar\/wp-content\/uploads\/2026\/04\/la-empresas-de-colectivos-del-amba-amenazan-con-reducir-aun-mas-la-frecuencia-por-el-aumento-del-gasoil-1.jpg\" alt=\"La reducci\u00f3n de servicios de colectivos afecta principalmente a las franjas horarias de mayor demanda, aunque no todas las empresas del AMBA adhieren a la medida. (Imagen ilustrativa Infobae)\" height=\"1080\" width=\"1920\"\/><\/p>\n<p>Las c\u00e1maras reconocen que el Estado ha dado pasos parciales. En el comunicado, admiten los esfuerzos de las autoridades por avanzar en la cancelaci\u00f3n de compensaciones pendientes y valoran las instancias de di\u00e1logo abiertas en las \u00faltimas semanas. No obstante, advierten que esos avances no se tradujeron en soluciones efectivas: la deuda en concepto de compensaciones supera los <b>128 mil millones de pesos<\/b> y el sector contin\u00faa absorbiendo costos sin una definici\u00f3n clara sobre c\u00f3mo ser\u00e1n cubiertos. \u201cMagos no somos\u201d, se\u00f1alaron voceros empresariales al ser consultados sobre la posibilidad de sostener el servicio en las condiciones actuales.<\/p>\n<p>La reuni\u00f3n del jueves en la <b>Secretar\u00eda de Transporte de la Naci\u00f3n<\/b> ser\u00e1 la instancia m\u00e1s relevante desde que estall\u00f3 el conflicto. Las c\u00e1maras esperan recibir all\u00ed respuestas \u201cconcretas, inmediatas y verificables\u201d sobre los mecanismos y plazos de reconocimiento de los mayores costos. No es la primera vez que ambas partes se sientan a negociar: el 9 de abril funcionarios se reunieron con representantes del sector. Aquel encuentro no arroj\u00f3 acuerdos y deriv\u00f3 en la conformaci\u00f3n de mesas t\u00e9cnicas de trabajo.<\/p>\n<p>En aquella oportunidad, la Secretar\u00eda de Transporte subray\u00f3 que se hab\u00eda efectivizado el pago del anticipo del 60% correspondiente al R\u00e9gimen de Compensaciones Tarifarias de abril, y que desde enero se acumularon actualizaciones del 41% en los meses de febrero y marzo. Pese a ello, las empresas sostienen que esos montos resultan insuficientes frente al ritmo de aumento de los insumos, en particular el combustible, cuyo precio escal\u00f3 tras el agravamiento del conflicto en Oriente Medio.<\/p>\n<p>El Gobierno enfrenta un dilema de dif\u00edcil resoluci\u00f3n: ampliar los subsidios al sector implicar\u00eda mayor gasto p\u00fablico en un contexto de ajuste fiscal, mientras que habilitar una suba del boleto presionar\u00eda sobre la inflaci\u00f3n.<\/p>\n<p>La reducci\u00f3n de servicios no alcanza a todas las empresas del AMBA: las compa\u00f1\u00edas Dota y Metropol no adhirieron a las medidas de racionalizaci\u00f3n. Pero las firmas que s\u00ed lo hicieron representan una porci\u00f3n considerable del parque automotor metropolitano, y el recorte se concentra en los horarios de mayor afluencia de pasajeros, donde el impacto sobre la movilidad es m\u00e1s agudo.<\/p>\n","protected":false},"excerpt":{"rendered":"<p>Las c\u00e1maras empresarias del transporte p\u00fablico del \u00e1rea Metropolitana de Buenos Aires pusieron un plazo al Gobierno: si el jueves 30 de abril no hay respuestas concretas sobre c\u00f3mo se cubrir\u00e1n los mayores costos operativos, la frecuencia de colectivos \u2014que hoy opera al 85% de lo habitual\u2014 podr\u00eda caer al 50%. La advertencia lleg\u00f3 con&#8230;<\/p>\n","protected":false},"author":1,"featured_media":46405,"comment_status":"open","ping_status":"closed","sticky":false,"template":"","format":"standard","meta":{"_jetpack_memberships_contains_paid_content":false,"footnotes":""},"categories":[31,30,32,77,84,35,36,37],"tags":[],"class_list":["post-46401","post","type-post","status-publish","format-standard","has-post-thumbnail","hentry","category-actualidad","category-argentina","category-economia","category-inseguridad","category-masradios-com","category-nacionales","category-seguridad","category-sociedad"],"magazineBlocksPostFeaturedMedia":{"thumbnail":"https:\/\/lobosnews.com.ar\/wp-content\/uploads\/2026\/04\/la-empresas-de-colectivos-del-amba-amenazan-con-reducir-aun-mas-la-frecuencia-por-el-aumento-del-gasoil-2-150x150.jpg","medium":"https:\/\/lobosnews.com.ar\/wp-content\/uploads\/2026\/04\/la-empresas-de-colectivos-del-amba-amenazan-con-reducir-aun-mas-la-frecuencia-por-el-aumento-del-gasoil-2-300x169.jpg","medium_large":"https:\/\/lobosnews.com.ar\/wp-content\/uploads\/2026\/04\/la-empresas-de-colectivos-del-amba-amenazan-con-reducir-aun-mas-la-frecuencia-por-el-aumento-del-gasoil-2-768x432.jpg","large":"https:\/\/lobosnews.com.ar\/wp-content\/uploads\/2026\/04\/la-empresas-de-colectivos-del-amba-amenazan-con-reducir-aun-mas-la-frecuencia-por-el-aumento-del-gasoil-2-1024x576.jpg","1536x1536":"https:\/\/lobosnews.com.ar\/wp-content\/uploads\/2026\/04\/la-empresas-de-colectivos-del-amba-amenazan-con-reducir-aun-mas-la-frecuencia-por-el-aumento-del-gasoil-2-1536x864.jpg","2048x2048":"https:\/\/lobosnews.com.ar\/wp-content\/uploads\/2026\/04\/la-empresas-de-colectivos-del-amba-amenazan-con-reducir-aun-mas-la-frecuencia-por-el-aumento-del-gasoil-2.jpg","newsmatic-featured":"https:\/\/lobosnews.com.ar\/wp-content\/uploads\/2026\/04\/la-empresas-de-colectivos-del-amba-amenazan-con-reducir-aun-mas-la-frecuencia-por-el-aumento-del-gasoil-2-820x545.jpg","newsmatic-list":"https:\/\/lobosnews.com.ar\/wp-content\/uploads\/2026\/04\/la-empresas-de-colectivos-del-amba-amenazan-con-reducir-aun-mas-la-frecuencia-por-el-aumento-del-gasoil-2-600x400.jpg","newsmatic-thumb":"https:\/\/lobosnews.com.ar\/wp-content\/uploads\/2026\/04\/la-empresas-de-colectivos-del-amba-amenazan-con-reducir-aun-mas-la-frecuencia-por-el-aumento-del-gasoil-2-300x200.jpg","newsmatic-small":"https:\/\/lobosnews.com.ar\/wp-content\/uploads\/2026\/04\/la-empresas-de-colectivos-del-amba-amenazan-con-reducir-aun-mas-la-frecuencia-por-el-aumento-del-gasoil-2-150x95.jpg","newsmatic-grid":"https:\/\/lobosnews.com.ar\/wp-content\/uploads\/2026\/04\/la-empresas-de-colectivos-del-amba-amenazan-con-reducir-aun-mas-la-frecuencia-por-el-aumento-del-gasoil-2-400x250.jpg"},"magazineBlocksPostAuthor":{"name":"admin","avatar":"https:\/\/secure.gravatar.com\/avatar\/76e419471a2083bc3ceab22a763dbbf9b0c1bd15a6214cf3280e2c2dde4580f9?s=96&d=mm&r=g"},"magazineBlocksPostCommentsNumber":"0","magazineBlocksPostExcerpt":"Las c\u00e1maras empresarias del transporte p\u00fablico del \u00e1rea Metropolitana de Buenos Aires pusieron un plazo al Gobierno: si el jueves 30 de abril no hay respuestas concretas sobre c\u00f3mo se cubrir\u00e1n los mayores costos operativos, la frecuencia de colectivos \u2014que hoy opera al 85% de lo habitual\u2014 podr\u00eda caer al 50%. La advertencia lleg\u00f3 con...","magazineBlocksPostCategories":["Actualidad","Argentina","econom\u00eda","inseguridad","masradios.com","nacionales","seguridad","sociedad"],"magazineBlocksPostViewCount":7,"magazineBlocksPostReadTime":4,"magazine_blocks_featured_image_url":{"full":["https:\/\/lobosnews.com.ar\/wp-content\/uploads\/2026\/04\/la-empresas-de-colectivos-del-amba-amenazan-con-reducir-aun-mas-la-frecuencia-por-el-aumento-del-gasoil-2.jpg",1920,1080,false],"medium":["https:\/\/lobosnews.com.ar\/wp-content\/uploads\/2026\/04\/la-empresas-de-colectivos-del-amba-amenazan-con-reducir-aun-mas-la-frecuencia-por-el-aumento-del-gasoil-2-300x169.jpg",300,169,true],"thumbnail":["https:\/\/lobosnews.com.ar\/wp-content\/uploads\/2026\/04\/la-empresas-de-colectivos-del-amba-amenazan-con-reducir-aun-mas-la-frecuencia-por-el-aumento-del-gasoil-2-150x150.jpg",150,150,true]},"magazine_blocks_author":{"display_name":"admin","author_link":"https:\/\/lobosnews.com.ar\/index.php\/author\/lobos-news\/"},"magazine_blocks_comment":0,"magazine_blocks_author_image":"https:\/\/secure.gravatar.com\/avatar\/76e419471a2083bc3ceab22a763dbbf9b0c1bd15a6214cf3280e2c2dde4580f9?s=96&d=mm&r=g","magazine_blocks_category":"<a href=\"#\" class=\"category-link category-link-31\">Actualidad<\/a> <a href=\"#\" class=\"category-link category-link-30\">Argentina<\/a> <a href=\"#\" class=\"category-link category-link-32\">econom\u00eda<\/a> <a href=\"#\" class=\"category-link category-link-77\">inseguridad<\/a> <a href=\"#\" class=\"category-link category-link-84\">masradios.com<\/a> <a href=\"#\" class=\"category-link category-link-35\">nacionales<\/a> <a href=\"#\" class=\"category-link category-link-36\">seguridad<\/a> <a href=\"#\" class=\"category-link category-link-37\">sociedad<\/a>","yoast_head":"<!-- This site is optimized with the Yoast SEO plugin v26.6 - https:\/\/yoast.com\/wordpress\/plugins\/seo\/ -->\n<title>La empresas de colectivos del AMBA amenazan con reducir a\u00fan m\u00e1s la frecuencia por el aumento del gasoil - Lobos News<\/title>\n<meta name=\"robots\" content=\"index, follow, max-snippet:-1, max-image-preview:large, max-video-preview:-1\" \/>\n<link rel=\"canonical\" href=\"https:\/\/lobosnews.com.ar\/index.php\/2026\/04\/28\/la-empresas-de-colectivos-del-amba-amenazan-con-reducir-aun-mas-la-frecuencia-por-el-aumento-del-gasoil\/\" \/>\n<meta property=\"og:locale\" content=\"es_ES\" \/>\n<meta property=\"og:type\" content=\"article\" \/>\n<meta property=\"og:title\" content=\"La empresas de colectivos del AMBA amenazan con reducir a\u00fan m\u00e1s la frecuencia por el aumento del gasoil - Lobos News\" \/>\n<meta property=\"og:description\" content=\"Las c\u00e1maras empresarias del transporte p\u00fablico del \u00e1rea Metropolitana de Buenos Aires pusieron un plazo al Gobierno: si el jueves 30 de abril no hay respuestas concretas sobre c\u00f3mo se cubrir\u00e1n los mayores costos operativos, la frecuencia de colectivos \u2014que hoy opera al 85% de lo habitual\u2014 podr\u00eda caer al 50%. La advertencia lleg\u00f3 con...\" \/>\n<meta property=\"og:url\" content=\"https:\/\/lobosnews.com.ar\/index.php\/2026\/04\/28\/la-empresas-de-colectivos-del-amba-amenazan-con-reducir-aun-mas-la-frecuencia-por-el-aumento-del-gasoil\/\" \/>\n<meta property=\"og:site_name\" content=\"Lobos News\" \/>\n<meta property=\"article:published_time\" content=\"2026-04-28T00:04:06+00:00\" \/>\n<meta property=\"article:modified_time\" content=\"2026-04-28T03:02:53+00:00\" \/>\n<meta property=\"og:image\" content=\"https:\/\/lobosnews.com.ar\/wp-content\/uploads\/2026\/04\/la-empresas-de-colectivos-del-amba-amenazan-con-reducir-aun-mas-la-frecuencia-por-el-aumento-del-gasoil.jpg\" \/>\n<meta name=\"author\" content=\"admin\" \/>\n<meta name=\"twitter:card\" content=\"summary_large_image\" \/>\n<meta name=\"twitter:label1\" content=\"Escrito por\" \/>\n\t<meta name=\"twitter:data1\" content=\"admin\" \/>\n\t<meta name=\"twitter:label2\" content=\"Tiempo de lectura\" \/>\n\t<meta name=\"twitter:data2\" content=\"3 minutos\" \/>\n<script type=\"application\/ld+json\" class=\"yoast-schema-graph\">{\"@context\":\"https:\/\/schema.org\",\"@graph\":[{\"@type\":\"Article\",\"@id\":\"https:\/\/lobosnews.com.ar\/index.php\/2026\/04\/28\/la-empresas-de-colectivos-del-amba-amenazan-con-reducir-aun-mas-la-frecuencia-por-el-aumento-del-gasoil\/#article\",\"isPartOf\":{\"@id\":\"https:\/\/lobosnews.com.ar\/index.php\/2026\/04\/28\/la-empresas-de-colectivos-del-amba-amenazan-con-reducir-aun-mas-la-frecuencia-por-el-aumento-del-gasoil\/\"},\"author\":{\"name\":\"admin\",\"@id\":\"https:\/\/lobosnews.com.ar\/#\/schema\/person\/232422a593d5c541dd9aef6aaed10943\"},\"headline\":\"La empresas de colectivos del AMBA amenazan con reducir a\u00fan m\u00e1s la frecuencia por el aumento del gasoil\",\"datePublished\":\"2026-04-28T00:04:06+00:00\",\"dateModified\":\"2026-04-28T03:02:53+00:00\",\"mainEntityOfPage\":{\"@id\":\"https:\/\/lobosnews.com.ar\/index.php\/2026\/04\/28\/la-empresas-de-colectivos-del-amba-amenazan-con-reducir-aun-mas-la-frecuencia-por-el-aumento-del-gasoil\/\"},\"wordCount\":692,\"commentCount\":0,\"publisher\":{\"@id\":\"https:\/\/lobosnews.com.ar\/#organization\"},\"image\":{\"@id\":\"https:\/\/lobosnews.com.ar\/index.php\/2026\/04\/28\/la-empresas-de-colectivos-del-amba-amenazan-con-reducir-aun-mas-la-frecuencia-por-el-aumento-del-gasoil\/#primaryimage\"},\"thumbnailUrl\":\"https:\/\/lobosnews.com.ar\/wp-content\/uploads\/2026\/04\/la-empresas-de-colectivos-del-amba-amenazan-con-reducir-aun-mas-la-frecuencia-por-el-aumento-del-gasoil-2.jpg\",\"articleSection\":[\"Actualidad\",\"Argentina\",\"econom\u00eda\",\"inseguridad\",\"masradios.com\",\"nacionales\",\"seguridad\",\"sociedad\"],\"inLanguage\":\"es\",\"potentialAction\":[{\"@type\":\"CommentAction\",\"name\":\"Comment\",\"target\":[\"https:\/\/lobosnews.com.ar\/index.php\/2026\/04\/28\/la-empresas-de-colectivos-del-amba-amenazan-con-reducir-aun-mas-la-frecuencia-por-el-aumento-del-gasoil\/#respond\"]}]},{\"@type\":\"WebPage\",\"@id\":\"https:\/\/lobosnews.com.ar\/index.php\/2026\/04\/28\/la-empresas-de-colectivos-del-amba-amenazan-con-reducir-aun-mas-la-frecuencia-por-el-aumento-del-gasoil\/\",\"url\":\"https:\/\/lobosnews.com.ar\/index.php\/2026\/04\/28\/la-empresas-de-colectivos-del-amba-amenazan-con-reducir-aun-mas-la-frecuencia-por-el-aumento-del-gasoil\/\",\"name\":\"La empresas de colectivos del AMBA amenazan con reducir a\u00fan m\u00e1s la frecuencia por el aumento del gasoil - Lobos News\",\"isPartOf\":{\"@id\":\"https:\/\/lobosnews.com.ar\/#website\"},\"primaryImageOfPage\":{\"@id\":\"https:\/\/lobosnews.com.ar\/index.php\/2026\/04\/28\/la-empresas-de-colectivos-del-amba-amenazan-con-reducir-aun-mas-la-frecuencia-por-el-aumento-del-gasoil\/#primaryimage\"},\"image\":{\"@id\":\"https:\/\/lobosnews.com.ar\/index.php\/2026\/04\/28\/la-empresas-de-colectivos-del-amba-amenazan-con-reducir-aun-mas-la-frecuencia-por-el-aumento-del-gasoil\/#primaryimage\"},\"thumbnailUrl\":\"https:\/\/lobosnews.com.ar\/wp-content\/uploads\/2026\/04\/la-empresas-de-colectivos-del-amba-amenazan-con-reducir-aun-mas-la-frecuencia-por-el-aumento-del-gasoil-2.jpg\",\"datePublished\":\"2026-04-28T00:04:06+00:00\",\"dateModified\":\"2026-04-28T03:02:53+00:00\",\"breadcrumb\":{\"@id\":\"https:\/\/lobosnews.com.ar\/index.php\/2026\/04\/28\/la-empresas-de-colectivos-del-amba-amenazan-con-reducir-aun-mas-la-frecuencia-por-el-aumento-del-gasoil\/#breadcrumb\"},\"inLanguage\":\"es\",\"potentialAction\":[{\"@type\":\"ReadAction\",\"target\":[\"https:\/\/lobosnews.com.ar\/index.php\/2026\/04\/28\/la-empresas-de-colectivos-del-amba-amenazan-con-reducir-aun-mas-la-frecuencia-por-el-aumento-del-gasoil\/\"]}]},{\"@type\":\"ImageObject\",\"inLanguage\":\"es\",\"@id\":\"https:\/\/lobosnews.com.ar\/index.php\/2026\/04\/28\/la-empresas-de-colectivos-del-amba-amenazan-con-reducir-aun-mas-la-frecuencia-por-el-aumento-del-gasoil\/#primaryimage\",\"url\":\"https:\/\/lobosnews.com.ar\/wp-content\/uploads\/2026\/04\/la-empresas-de-colectivos-del-amba-amenazan-con-reducir-aun-mas-la-frecuencia-por-el-aumento-del-gasoil-2.jpg\",\"contentUrl\":\"https:\/\/lobosnews.com.ar\/wp-content\/uploads\/2026\/04\/la-empresas-de-colectivos-del-amba-amenazan-con-reducir-aun-mas-la-frecuencia-por-el-aumento-del-gasoil-2.jpg\",\"width\":1920,\"height\":1080,\"caption\":\"La empresas de colectivos del AMBA amenazan con reducir a\u00fan m\u00e1s la frecuencia por el aumento del gasoil\"},{\"@type\":\"BreadcrumbList\",\"@id\":\"https:\/\/lobosnews.com.ar\/index.php\/2026\/04\/28\/la-empresas-de-colectivos-del-amba-amenazan-con-reducir-aun-mas-la-frecuencia-por-el-aumento-del-gasoil\/#breadcrumb\",\"itemListElement\":[{\"@type\":\"ListItem\",\"position\":1,\"name\":\"Portada\",\"item\":\"https:\/\/lobosnews.com.ar\/\"},{\"@type\":\"ListItem\",\"position\":2,\"name\":\"La empresas de colectivos del AMBA amenazan con reducir a\u00fan m\u00e1s la frecuencia por el aumento del gasoil\"}]},{\"@type\":\"WebSite\",\"@id\":\"https:\/\/lobosnews.com.ar\/#website\",\"url\":\"https:\/\/lobosnews.com.ar\/\",\"name\":\"Lobos News\",\"description\":\"Informaci\u00f3n a cada instante\",\"publisher\":{\"@id\":\"https:\/\/lobosnews.com.ar\/#organization\"},\"potentialAction\":[{\"@type\":\"SearchAction\",\"target\":{\"@type\":\"EntryPoint\",\"urlTemplate\":\"https:\/\/lobosnews.com.ar\/?s={search_term_string}\"},\"query-input\":{\"@type\":\"PropertyValueSpecification\",\"valueRequired\":true,\"valueName\":\"search_term_string\"}}],\"inLanguage\":\"es\"},{\"@type\":\"Organization\",\"@id\":\"https:\/\/lobosnews.com.ar\/#organization\",\"name\":\"Lobos News\",\"url\":\"https:\/\/lobosnews.com.ar\/\",\"logo\":{\"@type\":\"ImageObject\",\"inLanguage\":\"es\",\"@id\":\"https:\/\/lobosnews.com.ar\/#\/schema\/logo\/image\/\",\"url\":\"https:\/\/lobosnews.com.ar\/wp-content\/uploads\/2026\/01\/logo-lobosnews.png\",\"contentUrl\":\"https:\/\/lobosnews.com.ar\/wp-content\/uploads\/2026\/01\/logo-lobosnews.png\",\"width\":500,\"height\":200,\"caption\":\"Lobos News\"},\"image\":{\"@id\":\"https:\/\/lobosnews.com.ar\/#\/schema\/logo\/image\/\"}},{\"@type\":\"Person\",\"@id\":\"https:\/\/lobosnews.com.ar\/#\/schema\/person\/232422a593d5c541dd9aef6aaed10943\",\"name\":\"admin\",\"image\":{\"@type\":\"ImageObject\",\"inLanguage\":\"es\",\"@id\":\"https:\/\/lobosnews.com.ar\/#\/schema\/person\/image\/\",\"url\":\"https:\/\/secure.gravatar.com\/avatar\/76e419471a2083bc3ceab22a763dbbf9b0c1bd15a6214cf3280e2c2dde4580f9?s=96&d=mm&r=g\",\"contentUrl\":\"https:\/\/secure.gravatar.com\/avatar\/76e419471a2083bc3ceab22a763dbbf9b0c1bd15a6214cf3280e2c2dde4580f9?s=96&d=mm&r=g\",\"caption\":\"admin\"},\"sameAs\":[\"https:\/\/lobosnews.com.ar\"],\"url\":\"https:\/\/lobosnews.com.ar\/index.php\/author\/lobos-news\/\"}]}<\/script>\n<!-- \/ Yoast SEO plugin. -->","yoast_head_json":{"title":"La empresas de colectivos del AMBA amenazan con reducir a\u00fan m\u00e1s la frecuencia por el aumento del gasoil - Lobos News","robots":{"index":"index","follow":"follow","max-snippet":"max-snippet:-1","max-image-preview":"max-image-preview:large","max-video-preview":"max-video-preview:-1"},"canonical":"https:\/\/lobosnews.com.ar\/index.php\/2026\/04\/28\/la-empresas-de-colectivos-del-amba-amenazan-con-reducir-aun-mas-la-frecuencia-por-el-aumento-del-gasoil\/","og_locale":"es_ES","og_type":"article","og_title":"La empresas de colectivos del AMBA amenazan con reducir a\u00fan m\u00e1s la frecuencia por el aumento del gasoil - Lobos News","og_description":"Las c\u00e1maras empresarias del transporte p\u00fablico del \u00e1rea Metropolitana de Buenos Aires pusieron un plazo al Gobierno: si el jueves 30 de abril no hay respuestas concretas sobre c\u00f3mo se cubrir\u00e1n los mayores costos operativos, la frecuencia de colectivos \u2014que hoy opera al 85% de lo habitual\u2014 podr\u00eda caer al 50%. La advertencia lleg\u00f3 con...","og_url":"https:\/\/lobosnews.com.ar\/index.php\/2026\/04\/28\/la-empresas-de-colectivos-del-amba-amenazan-con-reducir-aun-mas-la-frecuencia-por-el-aumento-del-gasoil\/","og_site_name":"Lobos News","article_published_time":"2026-04-28T00:04:06+00:00","article_modified_time":"2026-04-28T03:02:53+00:00","og_image":[{"url":"https:\/\/lobosnews.com.ar\/wp-content\/uploads\/2026\/04\/la-empresas-de-colectivos-del-amba-amenazan-con-reducir-aun-mas-la-frecuencia-por-el-aumento-del-gasoil.jpg","type":"","width":"","height":""}],"author":"admin","twitter_card":"summary_large_image","twitter_misc":{"Escrito por":"admin","Tiempo de lectura":"3 minutos"},"schema":{"@context":"https:\/\/schema.org","@graph":[{"@type":"Article","@id":"https:\/\/lobosnews.com.ar\/index.php\/2026\/04\/28\/la-empresas-de-colectivos-del-amba-amenazan-con-reducir-aun-mas-la-frecuencia-por-el-aumento-del-gasoil\/#article","isPartOf":{"@id":"https:\/\/lobosnews.com.ar\/index.php\/2026\/04\/28\/la-empresas-de-colectivos-del-amba-amenazan-con-reducir-aun-mas-la-frecuencia-por-el-aumento-del-gasoil\/"},"author":{"name":"admin","@id":"https:\/\/lobosnews.com.ar\/#\/schema\/person\/232422a593d5c541dd9aef6aaed10943"},"headline":"La empresas de colectivos del AMBA amenazan con reducir a\u00fan m\u00e1s la frecuencia por el aumento del gasoil","datePublished":"2026-04-28T00:04:06+00:00","dateModified":"2026-04-28T03:02:53+00:00","mainEntityOfPage":{"@id":"https:\/\/lobosnews.com.ar\/index.php\/2026\/04\/28\/la-empresas-de-colectivos-del-amba-amenazan-con-reducir-aun-mas-la-frecuencia-por-el-aumento-del-gasoil\/"},"wordCount":692,"commentCount":0,"publisher":{"@id":"https:\/\/lobosnews.com.ar\/#organization"},"image":{"@id":"https:\/\/lobosnews.com.ar\/index.php\/2026\/04\/28\/la-empresas-de-colectivos-del-amba-amenazan-con-reducir-aun-mas-la-frecuencia-por-el-aumento-del-gasoil\/#primaryimage"},"thumbnailUrl":"https:\/\/lobosnews.com.ar\/wp-content\/uploads\/2026\/04\/la-empresas-de-colectivos-del-amba-amenazan-con-reducir-aun-mas-la-frecuencia-por-el-aumento-del-gasoil-2.jpg","articleSection":["Actualidad","Argentina","econom\u00eda","inseguridad","masradios.com","nacionales","seguridad","sociedad"],"inLanguage":"es","potentialAction":[{"@type":"CommentAction","name":"Comment","target":["https:\/\/lobosnews.com.ar\/index.php\/2026\/04\/28\/la-empresas-de-colectivos-del-amba-amenazan-con-reducir-aun-mas-la-frecuencia-por-el-aumento-del-gasoil\/#respond"]}]},{"@type":"WebPage","@id":"https:\/\/lobosnews.com.ar\/index.php\/2026\/04\/28\/la-empresas-de-colectivos-del-amba-amenazan-con-reducir-aun-mas-la-frecuencia-por-el-aumento-del-gasoil\/","url":"https:\/\/lobosnews.com.ar\/index.php\/2026\/04\/28\/la-empresas-de-colectivos-del-amba-amenazan-con-reducir-aun-mas-la-frecuencia-por-el-aumento-del-gasoil\/","name":"La empresas de colectivos del AMBA amenazan con reducir a\u00fan m\u00e1s la frecuencia por el aumento del gasoil - Lobos News","isPartOf":{"@id":"https:\/\/lobosnews.com.ar\/#website"},"primaryImageOfPage":{"@id":"https:\/\/lobosnews.com.ar\/index.php\/2026\/04\/28\/la-empresas-de-colectivos-del-amba-amenazan-con-reducir-aun-mas-la-frecuencia-por-el-aumento-del-gasoil\/#primaryimage"},"image":{"@id":"https:\/\/lobosnews.com.ar\/index.php\/2026\/04\/28\/la-empresas-de-colectivos-del-amba-amenazan-con-reducir-aun-mas-la-frecuencia-por-el-aumento-del-gasoil\/#primaryimage"},"thumbnailUrl":"https:\/\/lobosnews.com.ar\/wp-content\/uploads\/2026\/04\/la-empresas-de-colectivos-del-amba-amenazan-con-reducir-aun-mas-la-frecuencia-por-el-aumento-del-gasoil-2.jpg","datePublished":"2026-04-28T00:04:06+00:00","dateModified":"2026-04-28T03:02:53+00:00","breadcrumb":{"@id":"https:\/\/lobosnews.com.ar\/index.php\/2026\/04\/28\/la-empresas-de-colectivos-del-amba-amenazan-con-reducir-aun-mas-la-frecuencia-por-el-aumento-del-gasoil\/#breadcrumb"},"inLanguage":"es","potentialAction":[{"@type":"ReadAction","target":["https:\/\/lobosnews.com.ar\/index.php\/2026\/04\/28\/la-empresas-de-colectivos-del-amba-amenazan-con-reducir-aun-mas-la-frecuencia-por-el-aumento-del-gasoil\/"]}]},{"@type":"ImageObject","inLanguage":"es","@id":"https:\/\/lobosnews.com.ar\/index.php\/2026\/04\/28\/la-empresas-de-colectivos-del-amba-amenazan-con-reducir-aun-mas-la-frecuencia-por-el-aumento-del-gasoil\/#primaryimage","url":"https:\/\/lobosnews.com.ar\/wp-content\/uploads\/2026\/04\/la-empresas-de-colectivos-del-amba-amenazan-con-reducir-aun-mas-la-frecuencia-por-el-aumento-del-gasoil-2.jpg","contentUrl":"https:\/\/lobosnews.com.ar\/wp-content\/uploads\/2026\/04\/la-empresas-de-colectivos-del-amba-amenazan-con-reducir-aun-mas-la-frecuencia-por-el-aumento-del-gasoil-2.jpg","width":1920,"height":1080,"caption":"La empresas de colectivos del AMBA amenazan con reducir a\u00fan m\u00e1s la frecuencia por el aumento del gasoil"},{"@type":"BreadcrumbList","@id":"https:\/\/lobosnews.com.ar\/index.php\/2026\/04\/28\/la-empresas-de-colectivos-del-amba-amenazan-con-reducir-aun-mas-la-frecuencia-por-el-aumento-del-gasoil\/#breadcrumb","itemListElement":[{"@type":"ListItem","position":1,"name":"Portada","item":"https:\/\/lobosnews.com.ar\/"},{"@type":"ListItem","position":2,"name":"La empresas de colectivos del AMBA amenazan con reducir a\u00fan m\u00e1s la frecuencia por el aumento del gasoil"}]},{"@type":"WebSite","@id":"https:\/\/lobosnews.com.ar\/#website","url":"https:\/\/lobosnews.com.ar\/","name":"Lobos News","description":"Informaci\u00f3n a cada instante","publisher":{"@id":"https:\/\/lobosnews.com.ar\/#organization"},"potentialAction":[{"@type":"SearchAction","target":{"@type":"EntryPoint","urlTemplate":"https:\/\/lobosnews.com.ar\/?s={search_term_string}"},"query-input":{"@type":"PropertyValueSpecification","valueRequired":true,"valueName":"search_term_string"}}],"inLanguage":"es"},{"@type":"Organization","@id":"https:\/\/lobosnews.com.ar\/#organization","name":"Lobos News","url":"https:\/\/lobosnews.com.ar\/","logo":{"@type":"ImageObject","inLanguage":"es","@id":"https:\/\/lobosnews.com.ar\/#\/schema\/logo\/image\/","url":"https:\/\/lobosnews.com.ar\/wp-content\/uploads\/2026\/01\/logo-lobosnews.png","contentUrl":"https:\/\/lobosnews.com.ar\/wp-content\/uploads\/2026\/01\/logo-lobosnews.png","width":500,"height":200,"caption":"Lobos News"},"image":{"@id":"https:\/\/lobosnews.com.ar\/#\/schema\/logo\/image\/"}},{"@type":"Person","@id":"https:\/\/lobosnews.com.ar\/#\/schema\/person\/232422a593d5c541dd9aef6aaed10943","name":"admin","image":{"@type":"ImageObject","inLanguage":"es","@id":"https:\/\/lobosnews.com.ar\/#\/schema\/person\/image\/","url":"https:\/\/secure.gravatar.com\/avatar\/76e419471a2083bc3ceab22a763dbbf9b0c1bd15a6214cf3280e2c2dde4580f9?s=96&d=mm&r=g","contentUrl":"https:\/\/secure.gravatar.com\/avatar\/76e419471a2083bc3ceab22a763dbbf9b0c1bd15a6214cf3280e2c2dde4580f9?s=96&d=mm&r=g","caption":"admin"},"sameAs":["https:\/\/lobosnews.com.ar"],"url":"https:\/\/lobosnews.com.ar\/index.php\/author\/lobos-news\/"}]}},"jetpack_featured_media_url":"https:\/\/lobosnews.com.ar\/wp-content\/uploads\/2026\/04\/la-empresas-de-colectivos-del-amba-amenazan-con-reducir-aun-mas-la-frecuencia-por-el-aumento-del-gasoil-2.jpg","jetpack_sharing_enabled":true,"_links":{"self":[{"href":"https:\/\/lobosnews.com.ar\/index.php\/wp-json\/wp\/v2\/posts\/46401","targetHints":{"allow":["GET"]}}],"collection":[{"href":"https:\/\/lobosnews.com.ar\/index.php\/wp-json\/wp\/v2\/posts"}],"about":[{"href":"https:\/\/lobosnews.com.ar\/index.php\/wp-json\/wp\/v2\/types\/post"}],"author":[{"embeddable":true,"href":"https:\/\/lobosnews.com.ar\/index.php\/wp-json\/wp\/v2\/users\/1"}],"replies":[{"embeddable":true,"href":"https:\/\/lobosnews.com.ar\/index.php\/wp-json\/wp\/v2\/comments?post=46401"}],"version-history":[{"count":1,"href":"https:\/\/lobosnews.com.ar\/index.php\/wp-json\/wp\/v2\/posts\/46401\/revisions"}],"predecessor-version":[{"id":46404,"href":"https:\/\/lobosnews.com.ar\/index.php\/wp-json\/wp\/v2\/posts\/46401\/revisions\/46404"}],"wp:featuredmedia":[{"embeddable":true,"href":"https:\/\/lobosnews.com.ar\/index.php\/wp-json\/wp\/v2\/media\/46405"}],"wp:attachment":[{"href":"https:\/\/lobosnews.com.ar\/index.php\/wp-json\/wp\/v2\/media?parent=46401"}],"wp:term":[{"taxonomy":"category","embeddable":true,"href":"https:\/\/lobosnews.com.ar\/index.php\/wp-json\/wp\/v2\/categories?post=46401"},{"taxonomy":"post_tag","embeddable":true,"href":"https:\/\/lobosnews.com.ar\/index.php\/wp-json\/wp\/v2\/tags?post=46401"}],"curies":[{"name":"wp","href":"https:\/\/api.w.org\/{rel}","templated":true}]}}