{"id":46397,"date":"2026-04-28T01:45:43","date_gmt":"2026-04-28T01:45:43","guid":{"rendered":"https:\/\/lobosnews.com.ar\/index.php\/2026\/04\/28\/un-nuevo-tratamiento-aborda-un-sintoma-principal-de-la-depresion-a-traves-de-la-alegria-el-placer-y-el-proposito\/"},"modified":"2026-04-28T02:53:31","modified_gmt":"2026-04-28T02:53:31","slug":"un-nuevo-tratamiento-aborda-un-sintoma-principal-de-la-depresion-a-traves-de-la-alegria-el-placer-y-el-proposito","status":"publish","type":"post","link":"https:\/\/lobosnews.com.ar\/index.php\/2026\/04\/28\/un-nuevo-tratamiento-aborda-un-sintoma-principal-de-la-depresion-a-traves-de-la-alegria-el-placer-y-el-proposito\/","title":{"rendered":"Un nuevo tratamiento aborda un s\u00edntoma principal de la depresi\u00f3n a trav\u00e9s de la alegr\u00eda, el placer y el prop\u00f3sito"},"content":{"rendered":"<p><img loading=\"lazy\" decoding=\"async\" src=\"https:\/\/lobosnews.com.ar\/wp-content\/uploads\/2026\/04\/un-nuevo-tratamiento-aborda-un-sintoma-principal-de-la-depresion-a-traves-de-la-alegria-el-placer-y-el-proposito.jpg\" alt=\"\" height=\"799\" width=\"1200\"\/><\/p>\n<p>LUNES, 27 de abril de 2026 (HealthDay News) &#8212; El s\u00edntoma m\u00e1s debilitante de la depresi\u00f3n puede ser algo que en realidad est\u00e1 ausente: un vac\u00edo que representa la incapacidad de sentir emociones positivas o experimentar placer.<\/p>\n<p>Ese s\u00edntoma &#8211;conocido cl\u00ednicamente como anhedonia&#8211; afecta a casi el 90% de las personas con depresi\u00f3n mayor, pero que, seg\u00fan los investigadores, queda en gran medida sin abordar con las opciones de tratamiento convencionales.<\/p>\n<p>Ahora, se ha desarrollado un nuevo enfoque terap\u00e9utico dirigido a las emociones positivas que parece superar los tratamientos est\u00e1ndar destinados a reducir las emociones negativas, informaron los investigadores el 24 de abril en JAMA Network Open.<\/p>\n<p>La terapia, llamada Tratamiento de Afecto Positivo (PAT), est\u00e1 dise\u00f1ada para reconstruir la capacidad de alegr\u00eda, prop\u00f3sito, motivaci\u00f3n y recompensa de los pacientes con depresi\u00f3n, seg\u00fan los investigadores.<\/p>\n<p>\u00abHay una diferencia entre sentirse impotente y sentirse sin esperanza\u00bb, dijo la investigadora principal Alicia Meuret, directora del Centro de Investigaci\u00f3n en Ansiedad y Depresi\u00f3n de la Southern Methodist University en Dallas, en un comunicado de prensa.<\/p>\n<p>\u00abCuando te sientes impotente, a\u00fan tienes la motivaci\u00f3n y la voluntad de querer cambiar las cosas. Cuando la gente se siente sin esperanza, no cree que nada vaya a cambiar\u00bb, dijo. \u00abAs\u00ed es como puede ser la anhedonia, y quitar las emociones negativas no lo arregla.\u00bb<\/p>\n<p>Para probar la PAT, los investigadores reclutaron a 98 personas con depresi\u00f3n. El equipo asign\u00f3 aleatoriamente la mitad para recibir PAT y la otra mitad para someterse al tratamiento t\u00edpico de la depresi\u00f3n centrado en las emociones negativas.<\/p>\n<p>PAT es un programa terap\u00e9utico de 15 sesiones que se centra directamente en el sistema de recompensa del cerebro, que regula c\u00f3mo las personas experimentan y aprenden de los eventos positivos.<\/p>\n<p>El tratamiento consiste en ejercicios que involucran a los pacientes con actividades gratificantes, redirigen su atenci\u00f3n hacia experiencias positivas y fomentan pr\u00e1cticas cotidianas como la gratitud, el disfrute y la amabilidad.<\/p>\n<p>Los resultados mostraron que los pacientes que recibieron PAT mejoraron en las medidas tanto de emociones positivas como negativas, aunque el tratamiento no se centra en absoluto en la negatividad.<\/p>\n<p>En general, los pacientes con PAT experimentaron mayores mejoras en los s\u00edntomas de depresi\u00f3n y ansiedad que aquellos que recibieron tratamiento est\u00e1ndar en un seguimiento al mes de seguimiento, encontraron los investigadores.<\/p>\n<p>Estos resultados indican que centrarse en la capacidad de las personas para sentir emociones positivas es clave para reducir la depresi\u00f3n y la ansiedad, concluyeron los investigadores.<\/p>\n<p>\u00abNo basta con quitar lo malo\u00bb, dijo Meuret. \u00abEl tratamiento debe preguntar: \u00bfTiene sentido esta actividad para ti? \u00bfTe dar\u00e1 alegr\u00eda o una sensaci\u00f3n de logro? \u00bfFomenta la conexi\u00f3n?\u00bb<\/p>\n<p>Sin embargo, los investigadores se\u00f1alaron que se necesitan futuros estudios con grupos m\u00e1s grandes de personas para comprender mejor la posible utilidad de la PAT, as\u00ed como c\u00f3mo produce mejores resultados que la terapia est\u00e1ndar.<\/p>\n<p>M\u00e1s informaci\u00f3n<\/p>\n<p>El Centro de Salud Mental de Filadelfia tiene m\u00e1s informaci\u00f3n sobre la anhedonia.<\/p>\n<p>FUENTE: Southern Methodist University, comunicado de prensa, 24 de abril de 2026<\/p>\n","protected":false},"excerpt":{"rendered":"<p>LUNES, 27 de abril de 2026 (HealthDay News) &#8212; El s\u00edntoma m\u00e1s debilitante de la depresi\u00f3n puede ser algo que en realidad est\u00e1 ausente: un vac\u00edo que representa la incapacidad de sentir emociones positivas o experimentar placer. Ese s\u00edntoma &#8211;conocido cl\u00ednicamente como anhedonia&#8211; afecta a casi el 90% de las personas con depresi\u00f3n mayor, pero&#8230;<\/p>\n","protected":false},"author":1,"featured_media":46400,"comment_status":"open","ping_status":"closed","sticky":false,"template":"","format":"standard","meta":{"_jetpack_memberships_contains_paid_content":false,"footnotes":""},"categories":[81],"tags":[],"class_list":["post-46397","post","type-post","status-publish","format-standard","has-post-thumbnail","hentry","category-salud"],"magazineBlocksPostFeaturedMedia":{"thumbnail":"https:\/\/lobosnews.com.ar\/wp-content\/uploads\/2026\/04\/un-nuevo-tratamiento-aborda-un-sintoma-principal-de-la-depresion-a-traves-de-la-alegria-el-placer-y-el-proposito-150x150.jpg","medium":"https:\/\/lobosnews.com.ar\/wp-content\/uploads\/2026\/04\/un-nuevo-tratamiento-aborda-un-sintoma-principal-de-la-depresion-a-traves-de-la-alegria-el-placer-y-el-proposito-300x200.jpg","medium_large":"https:\/\/lobosnews.com.ar\/wp-content\/uploads\/2026\/04\/un-nuevo-tratamiento-aborda-un-sintoma-principal-de-la-depresion-a-traves-de-la-alegria-el-placer-y-el-proposito-768x511.jpg","large":"https:\/\/lobosnews.com.ar\/wp-content\/uploads\/2026\/04\/un-nuevo-tratamiento-aborda-un-sintoma-principal-de-la-depresion-a-traves-de-la-alegria-el-placer-y-el-proposito-1024x682.jpg","1536x1536":"https:\/\/lobosnews.com.ar\/wp-content\/uploads\/2026\/04\/un-nuevo-tratamiento-aborda-un-sintoma-principal-de-la-depresion-a-traves-de-la-alegria-el-placer-y-el-proposito.jpg","2048x2048":"https:\/\/lobosnews.com.ar\/wp-content\/uploads\/2026\/04\/un-nuevo-tratamiento-aborda-un-sintoma-principal-de-la-depresion-a-traves-de-la-alegria-el-placer-y-el-proposito.jpg","newsmatic-featured":"https:\/\/lobosnews.com.ar\/wp-content\/uploads\/2026\/04\/un-nuevo-tratamiento-aborda-un-sintoma-principal-de-la-depresion-a-traves-de-la-alegria-el-placer-y-el-proposito-820x545.jpg","newsmatic-list":"https:\/\/lobosnews.com.ar\/wp-content\/uploads\/2026\/04\/un-nuevo-tratamiento-aborda-un-sintoma-principal-de-la-depresion-a-traves-de-la-alegria-el-placer-y-el-proposito-600x400.jpg","newsmatic-thumb":"https:\/\/lobosnews.com.ar\/wp-content\/uploads\/2026\/04\/un-nuevo-tratamiento-aborda-un-sintoma-principal-de-la-depresion-a-traves-de-la-alegria-el-placer-y-el-proposito-300x200.jpg","newsmatic-small":"https:\/\/lobosnews.com.ar\/wp-content\/uploads\/2026\/04\/un-nuevo-tratamiento-aborda-un-sintoma-principal-de-la-depresion-a-traves-de-la-alegria-el-placer-y-el-proposito-150x95.jpg","newsmatic-grid":"https:\/\/lobosnews.com.ar\/wp-content\/uploads\/2026\/04\/un-nuevo-tratamiento-aborda-un-sintoma-principal-de-la-depresion-a-traves-de-la-alegria-el-placer-y-el-proposito-400x250.jpg"},"magazineBlocksPostAuthor":{"name":"admin","avatar":"https:\/\/secure.gravatar.com\/avatar\/76e419471a2083bc3ceab22a763dbbf9b0c1bd15a6214cf3280e2c2dde4580f9?s=96&d=mm&r=g"},"magazineBlocksPostCommentsNumber":"0","magazineBlocksPostExcerpt":"LUNES, 27 de abril de 2026 (HealthDay News) &#8212; El s\u00edntoma m\u00e1s debilitante de la depresi\u00f3n puede ser algo que en realidad est\u00e1 ausente: un vac\u00edo que representa la incapacidad de sentir emociones positivas o experimentar placer. Ese s\u00edntoma &#8211;conocido cl\u00ednicamente como anhedonia&#8211; afecta a casi el 90% de las personas con depresi\u00f3n mayor, pero...","magazineBlocksPostCategories":["Salud"],"magazineBlocksPostViewCount":9,"magazineBlocksPostReadTime":3,"magazine_blocks_featured_image_url":{"full":["https:\/\/lobosnews.com.ar\/wp-content\/uploads\/2026\/04\/un-nuevo-tratamiento-aborda-un-sintoma-principal-de-la-depresion-a-traves-de-la-alegria-el-placer-y-el-proposito.jpg",1200,799,false],"medium":["https:\/\/lobosnews.com.ar\/wp-content\/uploads\/2026\/04\/un-nuevo-tratamiento-aborda-un-sintoma-principal-de-la-depresion-a-traves-de-la-alegria-el-placer-y-el-proposito-300x200.jpg",300,200,true],"thumbnail":["https:\/\/lobosnews.com.ar\/wp-content\/uploads\/2026\/04\/un-nuevo-tratamiento-aborda-un-sintoma-principal-de-la-depresion-a-traves-de-la-alegria-el-placer-y-el-proposito-150x150.jpg",150,150,true]},"magazine_blocks_author":{"display_name":"admin","author_link":"https:\/\/lobosnews.com.ar\/index.php\/author\/lobos-news\/"},"magazine_blocks_comment":0,"magazine_blocks_author_image":"https:\/\/secure.gravatar.com\/avatar\/76e419471a2083bc3ceab22a763dbbf9b0c1bd15a6214cf3280e2c2dde4580f9?s=96&d=mm&r=g","magazine_blocks_category":"<a href=\"#\" class=\"category-link category-link-81\">Salud<\/a>","yoast_head":"<!-- This site is optimized with the Yoast SEO plugin v26.6 - https:\/\/yoast.com\/wordpress\/plugins\/seo\/ -->\n<title>Un nuevo tratamiento aborda un s\u00edntoma principal de la depresi\u00f3n a trav\u00e9s de la alegr\u00eda, el placer y el prop\u00f3sito - Lobos News<\/title>\n<meta name=\"robots\" content=\"index, follow, max-snippet:-1, max-image-preview:large, max-video-preview:-1\" \/>\n<link rel=\"canonical\" href=\"https:\/\/lobosnews.com.ar\/index.php\/2026\/04\/28\/un-nuevo-tratamiento-aborda-un-sintoma-principal-de-la-depresion-a-traves-de-la-alegria-el-placer-y-el-proposito\/\" \/>\n<meta property=\"og:locale\" content=\"es_ES\" \/>\n<meta property=\"og:type\" content=\"article\" \/>\n<meta property=\"og:title\" content=\"Un nuevo tratamiento aborda un s\u00edntoma principal de la depresi\u00f3n a trav\u00e9s de la alegr\u00eda, el placer y el prop\u00f3sito - Lobos News\" \/>\n<meta property=\"og:description\" content=\"LUNES, 27 de abril de 2026 (HealthDay News) &#8212; El s\u00edntoma m\u00e1s debilitante de la depresi\u00f3n puede ser algo que en realidad est\u00e1 ausente: un vac\u00edo que representa la incapacidad de sentir emociones positivas o experimentar placer. Ese s\u00edntoma &#8211;conocido cl\u00ednicamente como anhedonia&#8211; afecta a casi el 90% de las personas con depresi\u00f3n mayor, pero...\" \/>\n<meta property=\"og:url\" content=\"https:\/\/lobosnews.com.ar\/index.php\/2026\/04\/28\/un-nuevo-tratamiento-aborda-un-sintoma-principal-de-la-depresion-a-traves-de-la-alegria-el-placer-y-el-proposito\/\" \/>\n<meta property=\"og:site_name\" content=\"Lobos News\" \/>\n<meta property=\"article:published_time\" content=\"2026-04-28T01:45:43+00:00\" \/>\n<meta property=\"article:modified_time\" content=\"2026-04-28T02:53:31+00:00\" \/>\n<meta property=\"og:image\" content=\"https:\/\/lobosnews.com.ar\/wp-content\/uploads\/2026\/04\/un-nuevo-tratamiento-aborda-un-sintoma-principal-de-la-depresion-a-traves-de-la-alegria-el-placer-y-el-proposito.jpg\" \/>\n<meta name=\"author\" content=\"admin\" \/>\n<meta name=\"twitter:card\" content=\"summary_large_image\" \/>\n<meta name=\"twitter:label1\" content=\"Escrito por\" \/>\n\t<meta name=\"twitter:data1\" content=\"admin\" \/>\n\t<meta name=\"twitter:label2\" content=\"Tiempo de lectura\" \/>\n\t<meta name=\"twitter:data2\" content=\"3 minutos\" \/>\n<script type=\"application\/ld+json\" class=\"yoast-schema-graph\">{\"@context\":\"https:\/\/schema.org\",\"@graph\":[{\"@type\":\"Article\",\"@id\":\"https:\/\/lobosnews.com.ar\/index.php\/2026\/04\/28\/un-nuevo-tratamiento-aborda-un-sintoma-principal-de-la-depresion-a-traves-de-la-alegria-el-placer-y-el-proposito\/#article\",\"isPartOf\":{\"@id\":\"https:\/\/lobosnews.com.ar\/index.php\/2026\/04\/28\/un-nuevo-tratamiento-aborda-un-sintoma-principal-de-la-depresion-a-traves-de-la-alegria-el-placer-y-el-proposito\/\"},\"author\":{\"name\":\"admin\",\"@id\":\"https:\/\/lobosnews.com.ar\/#\/schema\/person\/232422a593d5c541dd9aef6aaed10943\"},\"headline\":\"Un nuevo tratamiento aborda un s\u00edntoma principal de la depresi\u00f3n a trav\u00e9s de la alegr\u00eda, el placer y el prop\u00f3sito\",\"datePublished\":\"2026-04-28T01:45:43+00:00\",\"dateModified\":\"2026-04-28T02:53:31+00:00\",\"mainEntityOfPage\":{\"@id\":\"https:\/\/lobosnews.com.ar\/index.php\/2026\/04\/28\/un-nuevo-tratamiento-aborda-un-sintoma-principal-de-la-depresion-a-traves-de-la-alegria-el-placer-y-el-proposito\/\"},\"wordCount\":556,\"commentCount\":0,\"publisher\":{\"@id\":\"https:\/\/lobosnews.com.ar\/#organization\"},\"image\":{\"@id\":\"https:\/\/lobosnews.com.ar\/index.php\/2026\/04\/28\/un-nuevo-tratamiento-aborda-un-sintoma-principal-de-la-depresion-a-traves-de-la-alegria-el-placer-y-el-proposito\/#primaryimage\"},\"thumbnailUrl\":\"https:\/\/lobosnews.com.ar\/wp-content\/uploads\/2026\/04\/un-nuevo-tratamiento-aborda-un-sintoma-principal-de-la-depresion-a-traves-de-la-alegria-el-placer-y-el-proposito.jpg\",\"articleSection\":[\"Salud\"],\"inLanguage\":\"es\",\"potentialAction\":[{\"@type\":\"CommentAction\",\"name\":\"Comment\",\"target\":[\"https:\/\/lobosnews.com.ar\/index.php\/2026\/04\/28\/un-nuevo-tratamiento-aborda-un-sintoma-principal-de-la-depresion-a-traves-de-la-alegria-el-placer-y-el-proposito\/#respond\"]}]},{\"@type\":\"WebPage\",\"@id\":\"https:\/\/lobosnews.com.ar\/index.php\/2026\/04\/28\/un-nuevo-tratamiento-aborda-un-sintoma-principal-de-la-depresion-a-traves-de-la-alegria-el-placer-y-el-proposito\/\",\"url\":\"https:\/\/lobosnews.com.ar\/index.php\/2026\/04\/28\/un-nuevo-tratamiento-aborda-un-sintoma-principal-de-la-depresion-a-traves-de-la-alegria-el-placer-y-el-proposito\/\",\"name\":\"Un nuevo tratamiento aborda un s\u00edntoma principal de la depresi\u00f3n a trav\u00e9s de la alegr\u00eda, el placer y el prop\u00f3sito - Lobos News\",\"isPartOf\":{\"@id\":\"https:\/\/lobosnews.com.ar\/#website\"},\"primaryImageOfPage\":{\"@id\":\"https:\/\/lobosnews.com.ar\/index.php\/2026\/04\/28\/un-nuevo-tratamiento-aborda-un-sintoma-principal-de-la-depresion-a-traves-de-la-alegria-el-placer-y-el-proposito\/#primaryimage\"},\"image\":{\"@id\":\"https:\/\/lobosnews.com.ar\/index.php\/2026\/04\/28\/un-nuevo-tratamiento-aborda-un-sintoma-principal-de-la-depresion-a-traves-de-la-alegria-el-placer-y-el-proposito\/#primaryimage\"},\"thumbnailUrl\":\"https:\/\/lobosnews.com.ar\/wp-content\/uploads\/2026\/04\/un-nuevo-tratamiento-aborda-un-sintoma-principal-de-la-depresion-a-traves-de-la-alegria-el-placer-y-el-proposito.jpg\",\"datePublished\":\"2026-04-28T01:45:43+00:00\",\"dateModified\":\"2026-04-28T02:53:31+00:00\",\"breadcrumb\":{\"@id\":\"https:\/\/lobosnews.com.ar\/index.php\/2026\/04\/28\/un-nuevo-tratamiento-aborda-un-sintoma-principal-de-la-depresion-a-traves-de-la-alegria-el-placer-y-el-proposito\/#breadcrumb\"},\"inLanguage\":\"es\",\"potentialAction\":[{\"@type\":\"ReadAction\",\"target\":[\"https:\/\/lobosnews.com.ar\/index.php\/2026\/04\/28\/un-nuevo-tratamiento-aborda-un-sintoma-principal-de-la-depresion-a-traves-de-la-alegria-el-placer-y-el-proposito\/\"]}]},{\"@type\":\"ImageObject\",\"inLanguage\":\"es\",\"@id\":\"https:\/\/lobosnews.com.ar\/index.php\/2026\/04\/28\/un-nuevo-tratamiento-aborda-un-sintoma-principal-de-la-depresion-a-traves-de-la-alegria-el-placer-y-el-proposito\/#primaryimage\",\"url\":\"https:\/\/lobosnews.com.ar\/wp-content\/uploads\/2026\/04\/un-nuevo-tratamiento-aborda-un-sintoma-principal-de-la-depresion-a-traves-de-la-alegria-el-placer-y-el-proposito.jpg\",\"contentUrl\":\"https:\/\/lobosnews.com.ar\/wp-content\/uploads\/2026\/04\/un-nuevo-tratamiento-aborda-un-sintoma-principal-de-la-depresion-a-traves-de-la-alegria-el-placer-y-el-proposito.jpg\",\"width\":1200,\"height\":799,\"caption\":\"Un nuevo tratamiento aborda un s\u00edntoma principal de la depresi\u00f3n a trav\u00e9s de la alegr\u00eda, el placer y el prop\u00f3sito\"},{\"@type\":\"BreadcrumbList\",\"@id\":\"https:\/\/lobosnews.com.ar\/index.php\/2026\/04\/28\/un-nuevo-tratamiento-aborda-un-sintoma-principal-de-la-depresion-a-traves-de-la-alegria-el-placer-y-el-proposito\/#breadcrumb\",\"itemListElement\":[{\"@type\":\"ListItem\",\"position\":1,\"name\":\"Portada\",\"item\":\"https:\/\/lobosnews.com.ar\/\"},{\"@type\":\"ListItem\",\"position\":2,\"name\":\"Un nuevo tratamiento aborda un s\u00edntoma principal de la depresi\u00f3n a trav\u00e9s de la alegr\u00eda, el placer y el prop\u00f3sito\"}]},{\"@type\":\"WebSite\",\"@id\":\"https:\/\/lobosnews.com.ar\/#website\",\"url\":\"https:\/\/lobosnews.com.ar\/\",\"name\":\"Lobos News\",\"description\":\"Informaci\u00f3n a cada instante\",\"publisher\":{\"@id\":\"https:\/\/lobosnews.com.ar\/#organization\"},\"potentialAction\":[{\"@type\":\"SearchAction\",\"target\":{\"@type\":\"EntryPoint\",\"urlTemplate\":\"https:\/\/lobosnews.com.ar\/?s={search_term_string}\"},\"query-input\":{\"@type\":\"PropertyValueSpecification\",\"valueRequired\":true,\"valueName\":\"search_term_string\"}}],\"inLanguage\":\"es\"},{\"@type\":\"Organization\",\"@id\":\"https:\/\/lobosnews.com.ar\/#organization\",\"name\":\"Lobos News\",\"url\":\"https:\/\/lobosnews.com.ar\/\",\"logo\":{\"@type\":\"ImageObject\",\"inLanguage\":\"es\",\"@id\":\"https:\/\/lobosnews.com.ar\/#\/schema\/logo\/image\/\",\"url\":\"https:\/\/lobosnews.com.ar\/wp-content\/uploads\/2026\/01\/logo-lobosnews.png\",\"contentUrl\":\"https:\/\/lobosnews.com.ar\/wp-content\/uploads\/2026\/01\/logo-lobosnews.png\",\"width\":500,\"height\":200,\"caption\":\"Lobos News\"},\"image\":{\"@id\":\"https:\/\/lobosnews.com.ar\/#\/schema\/logo\/image\/\"}},{\"@type\":\"Person\",\"@id\":\"https:\/\/lobosnews.com.ar\/#\/schema\/person\/232422a593d5c541dd9aef6aaed10943\",\"name\":\"admin\",\"image\":{\"@type\":\"ImageObject\",\"inLanguage\":\"es\",\"@id\":\"https:\/\/lobosnews.com.ar\/#\/schema\/person\/image\/\",\"url\":\"https:\/\/secure.gravatar.com\/avatar\/76e419471a2083bc3ceab22a763dbbf9b0c1bd15a6214cf3280e2c2dde4580f9?s=96&d=mm&r=g\",\"contentUrl\":\"https:\/\/secure.gravatar.com\/avatar\/76e419471a2083bc3ceab22a763dbbf9b0c1bd15a6214cf3280e2c2dde4580f9?s=96&d=mm&r=g\",\"caption\":\"admin\"},\"sameAs\":[\"https:\/\/lobosnews.com.ar\"],\"url\":\"https:\/\/lobosnews.com.ar\/index.php\/author\/lobos-news\/\"}]}<\/script>\n<!-- \/ Yoast SEO plugin. -->","yoast_head_json":{"title":"Un nuevo tratamiento aborda un s\u00edntoma principal de la depresi\u00f3n a trav\u00e9s de la alegr\u00eda, el placer y el prop\u00f3sito - Lobos News","robots":{"index":"index","follow":"follow","max-snippet":"max-snippet:-1","max-image-preview":"max-image-preview:large","max-video-preview":"max-video-preview:-1"},"canonical":"https:\/\/lobosnews.com.ar\/index.php\/2026\/04\/28\/un-nuevo-tratamiento-aborda-un-sintoma-principal-de-la-depresion-a-traves-de-la-alegria-el-placer-y-el-proposito\/","og_locale":"es_ES","og_type":"article","og_title":"Un nuevo tratamiento aborda un s\u00edntoma principal de la depresi\u00f3n a trav\u00e9s de la alegr\u00eda, el placer y el prop\u00f3sito - Lobos News","og_description":"LUNES, 27 de abril de 2026 (HealthDay News) &#8212; El s\u00edntoma m\u00e1s debilitante de la depresi\u00f3n puede ser algo que en realidad est\u00e1 ausente: un vac\u00edo que representa la incapacidad de sentir emociones positivas o experimentar placer. Ese s\u00edntoma &#8211;conocido cl\u00ednicamente como anhedonia&#8211; afecta a casi el 90% de las personas con depresi\u00f3n mayor, pero...","og_url":"https:\/\/lobosnews.com.ar\/index.php\/2026\/04\/28\/un-nuevo-tratamiento-aborda-un-sintoma-principal-de-la-depresion-a-traves-de-la-alegria-el-placer-y-el-proposito\/","og_site_name":"Lobos News","article_published_time":"2026-04-28T01:45:43+00:00","article_modified_time":"2026-04-28T02:53:31+00:00","og_image":[{"url":"https:\/\/lobosnews.com.ar\/wp-content\/uploads\/2026\/04\/un-nuevo-tratamiento-aborda-un-sintoma-principal-de-la-depresion-a-traves-de-la-alegria-el-placer-y-el-proposito.jpg","type":"","width":"","height":""}],"author":"admin","twitter_card":"summary_large_image","twitter_misc":{"Escrito por":"admin","Tiempo de lectura":"3 minutos"},"schema":{"@context":"https:\/\/schema.org","@graph":[{"@type":"Article","@id":"https:\/\/lobosnews.com.ar\/index.php\/2026\/04\/28\/un-nuevo-tratamiento-aborda-un-sintoma-principal-de-la-depresion-a-traves-de-la-alegria-el-placer-y-el-proposito\/#article","isPartOf":{"@id":"https:\/\/lobosnews.com.ar\/index.php\/2026\/04\/28\/un-nuevo-tratamiento-aborda-un-sintoma-principal-de-la-depresion-a-traves-de-la-alegria-el-placer-y-el-proposito\/"},"author":{"name":"admin","@id":"https:\/\/lobosnews.com.ar\/#\/schema\/person\/232422a593d5c541dd9aef6aaed10943"},"headline":"Un nuevo tratamiento aborda un s\u00edntoma principal de la depresi\u00f3n a trav\u00e9s de la alegr\u00eda, el placer y el prop\u00f3sito","datePublished":"2026-04-28T01:45:43+00:00","dateModified":"2026-04-28T02:53:31+00:00","mainEntityOfPage":{"@id":"https:\/\/lobosnews.com.ar\/index.php\/2026\/04\/28\/un-nuevo-tratamiento-aborda-un-sintoma-principal-de-la-depresion-a-traves-de-la-alegria-el-placer-y-el-proposito\/"},"wordCount":556,"commentCount":0,"publisher":{"@id":"https:\/\/lobosnews.com.ar\/#organization"},"image":{"@id":"https:\/\/lobosnews.com.ar\/index.php\/2026\/04\/28\/un-nuevo-tratamiento-aborda-un-sintoma-principal-de-la-depresion-a-traves-de-la-alegria-el-placer-y-el-proposito\/#primaryimage"},"thumbnailUrl":"https:\/\/lobosnews.com.ar\/wp-content\/uploads\/2026\/04\/un-nuevo-tratamiento-aborda-un-sintoma-principal-de-la-depresion-a-traves-de-la-alegria-el-placer-y-el-proposito.jpg","articleSection":["Salud"],"inLanguage":"es","potentialAction":[{"@type":"CommentAction","name":"Comment","target":["https:\/\/lobosnews.com.ar\/index.php\/2026\/04\/28\/un-nuevo-tratamiento-aborda-un-sintoma-principal-de-la-depresion-a-traves-de-la-alegria-el-placer-y-el-proposito\/#respond"]}]},{"@type":"WebPage","@id":"https:\/\/lobosnews.com.ar\/index.php\/2026\/04\/28\/un-nuevo-tratamiento-aborda-un-sintoma-principal-de-la-depresion-a-traves-de-la-alegria-el-placer-y-el-proposito\/","url":"https:\/\/lobosnews.com.ar\/index.php\/2026\/04\/28\/un-nuevo-tratamiento-aborda-un-sintoma-principal-de-la-depresion-a-traves-de-la-alegria-el-placer-y-el-proposito\/","name":"Un nuevo tratamiento aborda un s\u00edntoma principal de la depresi\u00f3n a trav\u00e9s de la alegr\u00eda, el placer y el prop\u00f3sito - Lobos News","isPartOf":{"@id":"https:\/\/lobosnews.com.ar\/#website"},"primaryImageOfPage":{"@id":"https:\/\/lobosnews.com.ar\/index.php\/2026\/04\/28\/un-nuevo-tratamiento-aborda-un-sintoma-principal-de-la-depresion-a-traves-de-la-alegria-el-placer-y-el-proposito\/#primaryimage"},"image":{"@id":"https:\/\/lobosnews.com.ar\/index.php\/2026\/04\/28\/un-nuevo-tratamiento-aborda-un-sintoma-principal-de-la-depresion-a-traves-de-la-alegria-el-placer-y-el-proposito\/#primaryimage"},"thumbnailUrl":"https:\/\/lobosnews.com.ar\/wp-content\/uploads\/2026\/04\/un-nuevo-tratamiento-aborda-un-sintoma-principal-de-la-depresion-a-traves-de-la-alegria-el-placer-y-el-proposito.jpg","datePublished":"2026-04-28T01:45:43+00:00","dateModified":"2026-04-28T02:53:31+00:00","breadcrumb":{"@id":"https:\/\/lobosnews.com.ar\/index.php\/2026\/04\/28\/un-nuevo-tratamiento-aborda-un-sintoma-principal-de-la-depresion-a-traves-de-la-alegria-el-placer-y-el-proposito\/#breadcrumb"},"inLanguage":"es","potentialAction":[{"@type":"ReadAction","target":["https:\/\/lobosnews.com.ar\/index.php\/2026\/04\/28\/un-nuevo-tratamiento-aborda-un-sintoma-principal-de-la-depresion-a-traves-de-la-alegria-el-placer-y-el-proposito\/"]}]},{"@type":"ImageObject","inLanguage":"es","@id":"https:\/\/lobosnews.com.ar\/index.php\/2026\/04\/28\/un-nuevo-tratamiento-aborda-un-sintoma-principal-de-la-depresion-a-traves-de-la-alegria-el-placer-y-el-proposito\/#primaryimage","url":"https:\/\/lobosnews.com.ar\/wp-content\/uploads\/2026\/04\/un-nuevo-tratamiento-aborda-un-sintoma-principal-de-la-depresion-a-traves-de-la-alegria-el-placer-y-el-proposito.jpg","contentUrl":"https:\/\/lobosnews.com.ar\/wp-content\/uploads\/2026\/04\/un-nuevo-tratamiento-aborda-un-sintoma-principal-de-la-depresion-a-traves-de-la-alegria-el-placer-y-el-proposito.jpg","width":1200,"height":799,"caption":"Un nuevo tratamiento aborda un s\u00edntoma principal de la depresi\u00f3n a trav\u00e9s de la alegr\u00eda, el placer y el prop\u00f3sito"},{"@type":"BreadcrumbList","@id":"https:\/\/lobosnews.com.ar\/index.php\/2026\/04\/28\/un-nuevo-tratamiento-aborda-un-sintoma-principal-de-la-depresion-a-traves-de-la-alegria-el-placer-y-el-proposito\/#breadcrumb","itemListElement":[{"@type":"ListItem","position":1,"name":"Portada","item":"https:\/\/lobosnews.com.ar\/"},{"@type":"ListItem","position":2,"name":"Un nuevo tratamiento aborda un s\u00edntoma principal de la depresi\u00f3n a trav\u00e9s de la alegr\u00eda, el placer y el prop\u00f3sito"}]},{"@type":"WebSite","@id":"https:\/\/lobosnews.com.ar\/#website","url":"https:\/\/lobosnews.com.ar\/","name":"Lobos News","description":"Informaci\u00f3n a cada instante","publisher":{"@id":"https:\/\/lobosnews.com.ar\/#organization"},"potentialAction":[{"@type":"SearchAction","target":{"@type":"EntryPoint","urlTemplate":"https:\/\/lobosnews.com.ar\/?s={search_term_string}"},"query-input":{"@type":"PropertyValueSpecification","valueRequired":true,"valueName":"search_term_string"}}],"inLanguage":"es"},{"@type":"Organization","@id":"https:\/\/lobosnews.com.ar\/#organization","name":"Lobos News","url":"https:\/\/lobosnews.com.ar\/","logo":{"@type":"ImageObject","inLanguage":"es","@id":"https:\/\/lobosnews.com.ar\/#\/schema\/logo\/image\/","url":"https:\/\/lobosnews.com.ar\/wp-content\/uploads\/2026\/01\/logo-lobosnews.png","contentUrl":"https:\/\/lobosnews.com.ar\/wp-content\/uploads\/2026\/01\/logo-lobosnews.png","width":500,"height":200,"caption":"Lobos News"},"image":{"@id":"https:\/\/lobosnews.com.ar\/#\/schema\/logo\/image\/"}},{"@type":"Person","@id":"https:\/\/lobosnews.com.ar\/#\/schema\/person\/232422a593d5c541dd9aef6aaed10943","name":"admin","image":{"@type":"ImageObject","inLanguage":"es","@id":"https:\/\/lobosnews.com.ar\/#\/schema\/person\/image\/","url":"https:\/\/secure.gravatar.com\/avatar\/76e419471a2083bc3ceab22a763dbbf9b0c1bd15a6214cf3280e2c2dde4580f9?s=96&d=mm&r=g","contentUrl":"https:\/\/secure.gravatar.com\/avatar\/76e419471a2083bc3ceab22a763dbbf9b0c1bd15a6214cf3280e2c2dde4580f9?s=96&d=mm&r=g","caption":"admin"},"sameAs":["https:\/\/lobosnews.com.ar"],"url":"https:\/\/lobosnews.com.ar\/index.php\/author\/lobos-news\/"}]}},"jetpack_featured_media_url":"https:\/\/lobosnews.com.ar\/wp-content\/uploads\/2026\/04\/un-nuevo-tratamiento-aborda-un-sintoma-principal-de-la-depresion-a-traves-de-la-alegria-el-placer-y-el-proposito.jpg","jetpack_sharing_enabled":true,"_links":{"self":[{"href":"https:\/\/lobosnews.com.ar\/index.php\/wp-json\/wp\/v2\/posts\/46397","targetHints":{"allow":["GET"]}}],"collection":[{"href":"https:\/\/lobosnews.com.ar\/index.php\/wp-json\/wp\/v2\/posts"}],"about":[{"href":"https:\/\/lobosnews.com.ar\/index.php\/wp-json\/wp\/v2\/types\/post"}],"author":[{"embeddable":true,"href":"https:\/\/lobosnews.com.ar\/index.php\/wp-json\/wp\/v2\/users\/1"}],"replies":[{"embeddable":true,"href":"https:\/\/lobosnews.com.ar\/index.php\/wp-json\/wp\/v2\/comments?post=46397"}],"version-history":[{"count":1,"href":"https:\/\/lobosnews.com.ar\/index.php\/wp-json\/wp\/v2\/posts\/46397\/revisions"}],"predecessor-version":[{"id":46399,"href":"https:\/\/lobosnews.com.ar\/index.php\/wp-json\/wp\/v2\/posts\/46397\/revisions\/46399"}],"wp:featuredmedia":[{"embeddable":true,"href":"https:\/\/lobosnews.com.ar\/index.php\/wp-json\/wp\/v2\/media\/46400"}],"wp:attachment":[{"href":"https:\/\/lobosnews.com.ar\/index.php\/wp-json\/wp\/v2\/media?parent=46397"}],"wp:term":[{"taxonomy":"category","embeddable":true,"href":"https:\/\/lobosnews.com.ar\/index.php\/wp-json\/wp\/v2\/categories?post=46397"},{"taxonomy":"post_tag","embeddable":true,"href":"https:\/\/lobosnews.com.ar\/index.php\/wp-json\/wp\/v2\/tags?post=46397"}],"curies":[{"name":"wp","href":"https:\/\/api.w.org\/{rel}","templated":true}]}}