{"id":46370,"date":"2026-04-27T22:10:35","date_gmt":"2026-04-27T22:10:35","guid":{"rendered":"https:\/\/lobosnews.com.ar\/index.php\/2026\/04\/27\/la-despedida-de-fito-paez-y-cecilia-roth-a-adolfo-aristarain-las-fotos-de-su-ultimo-adios\/"},"modified":"2026-04-28T02:51:45","modified_gmt":"2026-04-28T02:51:45","slug":"la-despedida-de-fito-paez-y-cecilia-roth-a-adolfo-aristarain-las-fotos-de-su-ultimo-adios","status":"publish","type":"post","link":"https:\/\/lobosnews.com.ar\/index.php\/2026\/04\/27\/la-despedida-de-fito-paez-y-cecilia-roth-a-adolfo-aristarain-las-fotos-de-su-ultimo-adios\/","title":{"rendered":"La despedida de Fito P\u00e1ez y Cecilia Roth a Adolfo Aristarain: las fotos de su \u00faltimo adi\u00f3s"},"content":{"rendered":"<p><img loading=\"lazy\" decoding=\"async\" src=\"https:\/\/lobosnews.com.ar\/wp-content\/uploads\/2026\/04\/la-despedida-de-fito-paez-y-cecilia-roth-a-adolfo-aristarain-las-fotos-de-su-ultimo-adios.jpg\" alt=\"Fito P\u00e1ez carg\u00f3 el f\u00e9retro de Adolfo Aristarain hasta el coche f\u00fanebre (EFE)\" height=\"1280\" width=\"1920\"\/><\/p>\n<p>La noticia de la muerte de <b>Adolfo Aristarain, a los 82 a\u00f1os en Buenos Aires<\/b>, conmueve al ambiente art\u00edstico y los actores y actrices que fueron parte de sus pel\u00edculas recordaron al emblem\u00e1tico director. <b>Cecilia Roth<\/b> y <b>Fito P\u00e1ez<\/b> fueron sus amigos y a trav\u00e9s de sus redes se mostraron sensibilizados por su fallecimiento. Este lunes la expareja se hizo presente en una sala velatoria de Palermo, en Buenos Aires, en la que fue velado el cineasta. <\/p>\n<p>Solo un grupo reducido de allegados pudo acercarse. Los restos del cineasta permanecieron all\u00ed desde la noche previa hasta las 13.00, cuando fueron trasladados al cementerio de Chacarita para su entierro. <\/p>\n<p><img loading=\"lazy\" decoding=\"async\" src=\"https:\/\/lobosnews.com.ar\/wp-content\/uploads\/2026\/04\/la-despedida-de-fito-paez-y-cecilia-roth-a-adolfo-aristarain-las-fotos-de-su-ultimo-adios-1.jpg\" alt=\"Cecilia Roth, conmovida en la \u00faltima despedida al gran cineasta (EFE)\" height=\"1280\" width=\"1920\"\/><\/p>\n<p>La ceremonia no fue masiva ni p\u00fablica, sino que prioriz\u00f3 la privacidad y el recogimiento. La ceremonia se extendi\u00f3 hasta el mediod\u00eda, cuando finalmente los restos fueron despedidos por sus seres queridos. Fito fue uno de los encargados de trasladar el f\u00e9retro hasta el coche f\u00fanebre y Cecilia, de lentes de sol, tambi\u00e9n fue parte del momento junto a Margarita, la hija menor del m\u00fasico. <\/p>\n<p><img loading=\"lazy\" decoding=\"async\" src=\"https:\/\/lobosnews.com.ar\/wp-content\/uploads\/2026\/04\/la-despedida-de-fito-paez-y-cecilia-roth-a-adolfo-aristarain-las-fotos-de-su-ultimo-adios-2.jpg\" alt=\"El m\u00fasico y el director ten\u00edan una gran amistad de m\u00e1s de cuatro d\u00e9cadas \" height=\"1280\" width=\"1920\"\/><img loading=\"lazy\" decoding=\"async\" src=\"https:\/\/lobosnews.com.ar\/wp-content\/uploads\/2026\/04\/la-despedida-de-fito-paez-y-cecilia-roth-a-adolfo-aristarain-las-fotos-de-su-ultimo-adios-3.jpg\" alt=\"Aristarain fue el director de pel\u00edculas fundamentales del cine argentino como Mart\u00edn (Hache), Un lugar en el mundo y Tiempo de revancha \" height=\"1280\" width=\"1920\"\/><img loading=\"lazy\" decoding=\"async\" src=\"https:\/\/lobosnews.com.ar\/wp-content\/uploads\/2026\/04\/la-despedida-de-fito-paez-y-cecilia-roth-a-adolfo-aristarain-las-fotos-de-su-ultimo-adios-4.jpg\" alt=\"El cineasta fue enterrado en el Cementerio de la Chacarita \" height=\"1280\" width=\"1920\"\/><img loading=\"lazy\" decoding=\"async\" src=\"https:\/\/lobosnews.com.ar\/wp-content\/uploads\/2026\/04\/la-despedida-de-fito-paez-y-cecilia-roth-a-adolfo-aristarain-las-fotos-de-su-ultimo-adios-5.jpg\" alt=\"Amigos, familiares y seres queridos en el velatorio del director \" height=\"1280\" width=\"1920\"\/><img loading=\"lazy\" decoding=\"async\" src=\"https:\/\/lobosnews.com.ar\/wp-content\/uploads\/2026\/04\/la-despedida-de-fito-paez-y-cecilia-roth-a-adolfo-aristarain-las-fotos-de-su-ultimo-adios-6.jpg\" alt=\"Cecilia Roth fue una de las musas del cine de Aristarain. Juntos hicieron Mart\u00edn (Hache) y Un lugar en el mundo \" height=\"1920\" width=\"1280\"\/><\/p>\n<p>Unas horas antes la actriz y el m\u00fasico hab\u00edan expresado su tristeza desde sus redes sociales para el emblem\u00e1tico director con el que ten\u00edan una larga y profunda amistad. <\/p>\n<p>\u201cSe ha muerto el vencedor de las batallas perdidas. Pero quedan su whisky, su cigarrillo, las palabras que dijo, sus verdades, su esencia. En el aire est\u00e1n, esta ma\u00f1ana de oto\u00f1o tard\u00edo en la que te vas como llegaste alguna vez, desnudo de equipaje, solo vos, el \u00faltimo de los creyentes\u201d, escribi\u00f3 la actriz que tuvo un v\u00ednculo creativo con el cineasta y dej\u00f3 una huella indeleble en el cine de habla hispana en pel\u00edculas como <b>Mart\u00edn (Hache) <\/b>y <b>Un lugar en el mundo<\/b>.<\/p>\n<p><img loading=\"lazy\" decoding=\"async\" src=\"https:\/\/lobosnews.com.ar\/wp-content\/uploads\/2026\/04\/la-despedida-de-fito-paez-y-cecilia-roth-a-adolfo-aristarain-las-fotos-de-su-ultimo-adios-7.jpg\" alt=\"\"Se ha muerto el vencedor de las batallas perdidas. Pero quedan su whisky, su cigarrillo, las palabras que dijo, sus verdades, su esencia\", escribi\u00f3 Cecilia Roth (Instagram)\" height=\"894\" width=\"1263\"\/><\/p>\n<p>\u201cQu\u00e9 suerte la m\u00eda, Adolfo, guardar alg\u00fan que otro secreto de esto que hemos llamado vida hasta ahora y que tendr\u00e1 otro nombre cuando te hayas ido del todo, cuando ya no est\u00e9s, cuando ya no importe nada porque nadie lo dir\u00e1\u201d, expres\u00f3 Cecilia, quien comparti\u00f3 una tapa de una revista espa\u00f1ola en la que aparece junto a Aristarain en 1997. <\/p>\n<p><img loading=\"lazy\" decoding=\"async\" src=\"https:\/\/lobosnews.com.ar\/wp-content\/uploads\/2026\/04\/la-despedida-de-fito-paez-y-cecilia-roth-a-adolfo-aristarain-las-fotos-de-su-ultimo-adios-8.jpg\" alt=\"Las palabras de Fito P\u00e1ez para Aristarain\" height=\"832\" width=\"1264\"\/><\/p>\n<p>\u201cYa no habr\u00e1 nadie que diga nada. <b>Mi tan querido, ya envuelto en el misterio de la muerte, te acaricio el alma, compa\u00f1ero de sue\u00f1os, hasta siempre<\/b>\u201d, concluy\u00f3 la int\u00e9rprete en una publicaci\u00f3n en Instagram en la que recibi\u00f3 mensajes de apoyo y palabras de afecto para el director de Mercedes Mor\u00e1n, Jean Pierre Noher, Natalia Oreiro, Jean Pierre Noher, Eleonora Wexler, Bibiana Fern\u00e1ndez y Marina Bellati. <\/p>\n<p><img loading=\"lazy\" decoding=\"async\" src=\"https:\/\/lobosnews.com.ar\/wp-content\/uploads\/2026\/04\/la-despedida-de-fito-paez-y-cecilia-roth-a-adolfo-aristarain-las-fotos-de-su-ultimo-adios-9.jpg\" alt=\"Una de las entra\u00f1ables postales que comparti\u00f3 el m\u00fasico junto a Aristarain\" height=\"1350\" width=\"1080\"\/><\/p>\n<p>Por su parte, Fito P\u00e1ez comparti\u00f3 fotos de la \u00edntima relaci\u00f3n que tuvo con Aristarain en escenas familiares con fotos merendando en su casa junto a <b>Kathy Saavedra<\/b>, la esposa del director, con su hija <b>Margarita<\/b> o en los primeros a\u00f1os de su amistad cuando se conocieron por intermedio de Cecilia, exesposa del m\u00fasico y musa del director. <\/p>\n<p>\u201c<b>Adolfo se fue y nos dej\u00f3 esa obra monumental en el cine y un agujero inmenso en el coraz\u00f3n<\/b>. Un hombre entero, digno, con una \u00e9tica inquebrantable. Patriarca anarquista, hermano sabio, mel\u00f3mano empedernido, compa\u00f1ero de noches salvajes en la casa que comparti\u00f3 con Kathy, su pareja por m\u00e1s de 50 a\u00f1os, en Villa del Parque\u201d, fueron las primeras palabras del artista al director de cine que incluso dirigi\u00f3 su videoclip de la canci\u00f3n <b>\u201cSasha, Siss\u00ed y el c\u00edrculo de baba\u201d<\/b> en 1993.<\/p>\n<p><img loading=\"lazy\" decoding=\"async\" src=\"https:\/\/lobosnews.com.ar\/wp-content\/uploads\/2026\/04\/la-despedida-de-fito-paez-y-cecilia-roth-a-adolfo-aristarain-las-fotos-de-su-ultimo-adios-10.jpg\" alt=\"El m\u00fasico junto a Aristarain, su hija Margarita y la esposa del cineasta, Kathy Saavedra\" height=\"1350\" width=\"1080\"\/><img loading=\"lazy\" decoding=\"async\" src=\"https:\/\/lobosnews.com.ar\/wp-content\/uploads\/2026\/04\/la-despedida-de-fito-paez-y-cecilia-roth-a-adolfo-aristarain-las-fotos-de-su-ultimo-adios-11.jpg\" alt=\"Fito fue coproductor de Mart\u00edn (Hache), una de las obras fundamentales de Aristarain \" height=\"1350\" width=\"1080\"\/><\/p>\n<p>\u201c<b>Gan\u00f3 una \u00faltima y dura batalla en la terapia intensiva. Despu\u00e9s decidi\u00f3 que ya hab\u00eda estado bien y solt\u00f3.<\/b> La familia P\u00e1ez-Aristarain perdi\u00f3 a su m\u00e1ximo representante moral. Ser\u00e1 nuestra tarea proteger su legado y recordarlo en cada brindis. Todo mi amor para Kathy, Bruno y Astor\u201d, concluy\u00f3 el cantante que particip\u00f3 como coproductor en Mart\u00edn (Hache) y escribi\u00f3 el pr\u00f3logo del libro de Aristarain titulado <b>El oficio del cine<\/b>. <\/p>\n<p>Fotos: EFE<\/p>\n","protected":false},"excerpt":{"rendered":"<p>La noticia de la muerte de Adolfo Aristarain, a los 82 a\u00f1os en Buenos Aires, conmueve al ambiente art\u00edstico y los actores y actrices que fueron parte de sus pel\u00edculas recordaron al emblem\u00e1tico director. Cecilia Roth y Fito P\u00e1ez fueron sus amigos y a trav\u00e9s de sus redes se mostraron sensibilizados por su fallecimiento. Este&#8230;<\/p>\n","protected":false},"author":1,"featured_media":46384,"comment_status":"open","ping_status":"closed","sticky":false,"template":"","format":"standard","meta":{"_jetpack_memberships_contains_paid_content":false,"footnotes":""},"categories":[79],"tags":[],"class_list":["post-46370","post","type-post","status-publish","format-standard","has-post-thumbnail","hentry","category-cine-y-series"],"magazineBlocksPostFeaturedMedia":{"thumbnail":"https:\/\/lobosnews.com.ar\/wp-content\/uploads\/2026\/04\/la-despedida-de-fito-paez-y-cecilia-roth-a-adolfo-aristarain-las-fotos-de-su-ultimo-adios-22-150x150.jpg","medium":"https:\/\/lobosnews.com.ar\/wp-content\/uploads\/2026\/04\/la-despedida-de-fito-paez-y-cecilia-roth-a-adolfo-aristarain-las-fotos-de-su-ultimo-adios-22-240x300.jpg","medium_large":"https:\/\/lobosnews.com.ar\/wp-content\/uploads\/2026\/04\/la-despedida-de-fito-paez-y-cecilia-roth-a-adolfo-aristarain-las-fotos-de-su-ultimo-adios-22-768x960.jpg","large":"https:\/\/lobosnews.com.ar\/wp-content\/uploads\/2026\/04\/la-despedida-de-fito-paez-y-cecilia-roth-a-adolfo-aristarain-las-fotos-de-su-ultimo-adios-22-819x1024.jpg","1536x1536":"https:\/\/lobosnews.com.ar\/wp-content\/uploads\/2026\/04\/la-despedida-de-fito-paez-y-cecilia-roth-a-adolfo-aristarain-las-fotos-de-su-ultimo-adios-22.jpg","2048x2048":"https:\/\/lobosnews.com.ar\/wp-content\/uploads\/2026\/04\/la-despedida-de-fito-paez-y-cecilia-roth-a-adolfo-aristarain-las-fotos-de-su-ultimo-adios-22.jpg","newsmatic-featured":"https:\/\/lobosnews.com.ar\/wp-content\/uploads\/2026\/04\/la-despedida-de-fito-paez-y-cecilia-roth-a-adolfo-aristarain-las-fotos-de-su-ultimo-adios-22-820x545.jpg","newsmatic-list":"https:\/\/lobosnews.com.ar\/wp-content\/uploads\/2026\/04\/la-despedida-de-fito-paez-y-cecilia-roth-a-adolfo-aristarain-las-fotos-de-su-ultimo-adios-22-600x400.jpg","newsmatic-thumb":"https:\/\/lobosnews.com.ar\/wp-content\/uploads\/2026\/04\/la-despedida-de-fito-paez-y-cecilia-roth-a-adolfo-aristarain-las-fotos-de-su-ultimo-adios-22-300x200.jpg","newsmatic-small":"https:\/\/lobosnews.com.ar\/wp-content\/uploads\/2026\/04\/la-despedida-de-fito-paez-y-cecilia-roth-a-adolfo-aristarain-las-fotos-de-su-ultimo-adios-22-150x95.jpg","newsmatic-grid":"https:\/\/lobosnews.com.ar\/wp-content\/uploads\/2026\/04\/la-despedida-de-fito-paez-y-cecilia-roth-a-adolfo-aristarain-las-fotos-de-su-ultimo-adios-22-400x250.jpg"},"magazineBlocksPostAuthor":{"name":"admin","avatar":"https:\/\/secure.gravatar.com\/avatar\/76e419471a2083bc3ceab22a763dbbf9b0c1bd15a6214cf3280e2c2dde4580f9?s=96&d=mm&r=g"},"magazineBlocksPostCommentsNumber":"0","magazineBlocksPostExcerpt":"La noticia de la muerte de Adolfo Aristarain, a los 82 a\u00f1os en Buenos Aires, conmueve al ambiente art\u00edstico y los actores y actrices que fueron parte de sus pel\u00edculas recordaron al emblem\u00e1tico director. Cecilia Roth y Fito P\u00e1ez fueron sus amigos y a trav\u00e9s de sus redes se mostraron sensibilizados por su fallecimiento. Este...","magazineBlocksPostCategories":["Cine y Series"],"magazineBlocksPostViewCount":3,"magazineBlocksPostReadTime":4,"magazine_blocks_featured_image_url":{"full":["https:\/\/lobosnews.com.ar\/wp-content\/uploads\/2026\/04\/la-despedida-de-fito-paez-y-cecilia-roth-a-adolfo-aristarain-las-fotos-de-su-ultimo-adios-22.jpg",1080,1350,false],"medium":["https:\/\/lobosnews.com.ar\/wp-content\/uploads\/2026\/04\/la-despedida-de-fito-paez-y-cecilia-roth-a-adolfo-aristarain-las-fotos-de-su-ultimo-adios-22-240x300.jpg",240,300,true],"thumbnail":["https:\/\/lobosnews.com.ar\/wp-content\/uploads\/2026\/04\/la-despedida-de-fito-paez-y-cecilia-roth-a-adolfo-aristarain-las-fotos-de-su-ultimo-adios-22-150x150.jpg",150,150,true]},"magazine_blocks_author":{"display_name":"admin","author_link":"https:\/\/lobosnews.com.ar\/index.php\/author\/lobos-news\/"},"magazine_blocks_comment":0,"magazine_blocks_author_image":"https:\/\/secure.gravatar.com\/avatar\/76e419471a2083bc3ceab22a763dbbf9b0c1bd15a6214cf3280e2c2dde4580f9?s=96&d=mm&r=g","magazine_blocks_category":"<a href=\"#\" class=\"category-link category-link-79\">Cine y Series<\/a>","yoast_head":"<!-- This site is optimized with the Yoast SEO plugin v26.6 - https:\/\/yoast.com\/wordpress\/plugins\/seo\/ -->\n<title>La despedida de Fito P\u00e1ez y Cecilia Roth a Adolfo Aristarain: las fotos de su \u00faltimo adi\u00f3s - Lobos News<\/title>\n<meta name=\"robots\" content=\"index, follow, max-snippet:-1, max-image-preview:large, max-video-preview:-1\" \/>\n<link rel=\"canonical\" href=\"https:\/\/lobosnews.com.ar\/index.php\/2026\/04\/27\/la-despedida-de-fito-paez-y-cecilia-roth-a-adolfo-aristarain-las-fotos-de-su-ultimo-adios\/\" \/>\n<meta property=\"og:locale\" content=\"es_ES\" \/>\n<meta property=\"og:type\" content=\"article\" \/>\n<meta property=\"og:title\" content=\"La despedida de Fito P\u00e1ez y Cecilia Roth a Adolfo Aristarain: las fotos de su \u00faltimo adi\u00f3s - Lobos News\" \/>\n<meta property=\"og:description\" content=\"La noticia de la muerte de Adolfo Aristarain, a los 82 a\u00f1os en Buenos Aires, conmueve al ambiente art\u00edstico y los actores y actrices que fueron parte de sus pel\u00edculas recordaron al emblem\u00e1tico director. Cecilia Roth y Fito P\u00e1ez fueron sus amigos y a trav\u00e9s de sus redes se mostraron sensibilizados por su fallecimiento. Este...\" \/>\n<meta property=\"og:url\" content=\"https:\/\/lobosnews.com.ar\/index.php\/2026\/04\/27\/la-despedida-de-fito-paez-y-cecilia-roth-a-adolfo-aristarain-las-fotos-de-su-ultimo-adios\/\" \/>\n<meta property=\"og:site_name\" content=\"Lobos News\" \/>\n<meta property=\"article:published_time\" content=\"2026-04-27T22:10:35+00:00\" \/>\n<meta property=\"article:modified_time\" content=\"2026-04-28T02:51:45+00:00\" \/>\n<meta property=\"og:image\" content=\"https:\/\/lobosnews.com.ar\/wp-content\/uploads\/2026\/04\/la-despedida-de-fito-paez-y-cecilia-roth-a-adolfo-aristarain-las-fotos-de-su-ultimo-adios.jpg\" \/>\n<meta name=\"author\" content=\"admin\" \/>\n<meta name=\"twitter:card\" content=\"summary_large_image\" \/>\n<meta name=\"twitter:label1\" content=\"Escrito por\" \/>\n\t<meta name=\"twitter:data1\" content=\"admin\" \/>\n\t<meta name=\"twitter:label2\" content=\"Tiempo de lectura\" \/>\n\t<meta name=\"twitter:data2\" content=\"3 minutos\" \/>\n<script type=\"application\/ld+json\" class=\"yoast-schema-graph\">{\"@context\":\"https:\/\/schema.org\",\"@graph\":[{\"@type\":\"Article\",\"@id\":\"https:\/\/lobosnews.com.ar\/index.php\/2026\/04\/27\/la-despedida-de-fito-paez-y-cecilia-roth-a-adolfo-aristarain-las-fotos-de-su-ultimo-adios\/#article\",\"isPartOf\":{\"@id\":\"https:\/\/lobosnews.com.ar\/index.php\/2026\/04\/27\/la-despedida-de-fito-paez-y-cecilia-roth-a-adolfo-aristarain-las-fotos-de-su-ultimo-adios\/\"},\"author\":{\"name\":\"admin\",\"@id\":\"https:\/\/lobosnews.com.ar\/#\/schema\/person\/232422a593d5c541dd9aef6aaed10943\"},\"headline\":\"La despedida de Fito P\u00e1ez y Cecilia Roth a Adolfo Aristarain: las fotos de su \u00faltimo adi\u00f3s\",\"datePublished\":\"2026-04-27T22:10:35+00:00\",\"dateModified\":\"2026-04-28T02:51:45+00:00\",\"mainEntityOfPage\":{\"@id\":\"https:\/\/lobosnews.com.ar\/index.php\/2026\/04\/27\/la-despedida-de-fito-paez-y-cecilia-roth-a-adolfo-aristarain-las-fotos-de-su-ultimo-adios\/\"},\"wordCount\":690,\"commentCount\":0,\"publisher\":{\"@id\":\"https:\/\/lobosnews.com.ar\/#organization\"},\"image\":{\"@id\":\"https:\/\/lobosnews.com.ar\/index.php\/2026\/04\/27\/la-despedida-de-fito-paez-y-cecilia-roth-a-adolfo-aristarain-las-fotos-de-su-ultimo-adios\/#primaryimage\"},\"thumbnailUrl\":\"https:\/\/lobosnews.com.ar\/wp-content\/uploads\/2026\/04\/la-despedida-de-fito-paez-y-cecilia-roth-a-adolfo-aristarain-las-fotos-de-su-ultimo-adios-22.jpg\",\"articleSection\":[\"Cine y Series\"],\"inLanguage\":\"es\",\"potentialAction\":[{\"@type\":\"CommentAction\",\"name\":\"Comment\",\"target\":[\"https:\/\/lobosnews.com.ar\/index.php\/2026\/04\/27\/la-despedida-de-fito-paez-y-cecilia-roth-a-adolfo-aristarain-las-fotos-de-su-ultimo-adios\/#respond\"]}]},{\"@type\":\"WebPage\",\"@id\":\"https:\/\/lobosnews.com.ar\/index.php\/2026\/04\/27\/la-despedida-de-fito-paez-y-cecilia-roth-a-adolfo-aristarain-las-fotos-de-su-ultimo-adios\/\",\"url\":\"https:\/\/lobosnews.com.ar\/index.php\/2026\/04\/27\/la-despedida-de-fito-paez-y-cecilia-roth-a-adolfo-aristarain-las-fotos-de-su-ultimo-adios\/\",\"name\":\"La despedida de Fito P\u00e1ez y Cecilia Roth a Adolfo Aristarain: las fotos de su \u00faltimo adi\u00f3s - Lobos News\",\"isPartOf\":{\"@id\":\"https:\/\/lobosnews.com.ar\/#website\"},\"primaryImageOfPage\":{\"@id\":\"https:\/\/lobosnews.com.ar\/index.php\/2026\/04\/27\/la-despedida-de-fito-paez-y-cecilia-roth-a-adolfo-aristarain-las-fotos-de-su-ultimo-adios\/#primaryimage\"},\"image\":{\"@id\":\"https:\/\/lobosnews.com.ar\/index.php\/2026\/04\/27\/la-despedida-de-fito-paez-y-cecilia-roth-a-adolfo-aristarain-las-fotos-de-su-ultimo-adios\/#primaryimage\"},\"thumbnailUrl\":\"https:\/\/lobosnews.com.ar\/wp-content\/uploads\/2026\/04\/la-despedida-de-fito-paez-y-cecilia-roth-a-adolfo-aristarain-las-fotos-de-su-ultimo-adios-22.jpg\",\"datePublished\":\"2026-04-27T22:10:35+00:00\",\"dateModified\":\"2026-04-28T02:51:45+00:00\",\"breadcrumb\":{\"@id\":\"https:\/\/lobosnews.com.ar\/index.php\/2026\/04\/27\/la-despedida-de-fito-paez-y-cecilia-roth-a-adolfo-aristarain-las-fotos-de-su-ultimo-adios\/#breadcrumb\"},\"inLanguage\":\"es\",\"potentialAction\":[{\"@type\":\"ReadAction\",\"target\":[\"https:\/\/lobosnews.com.ar\/index.php\/2026\/04\/27\/la-despedida-de-fito-paez-y-cecilia-roth-a-adolfo-aristarain-las-fotos-de-su-ultimo-adios\/\"]}]},{\"@type\":\"ImageObject\",\"inLanguage\":\"es\",\"@id\":\"https:\/\/lobosnews.com.ar\/index.php\/2026\/04\/27\/la-despedida-de-fito-paez-y-cecilia-roth-a-adolfo-aristarain-las-fotos-de-su-ultimo-adios\/#primaryimage\",\"url\":\"https:\/\/lobosnews.com.ar\/wp-content\/uploads\/2026\/04\/la-despedida-de-fito-paez-y-cecilia-roth-a-adolfo-aristarain-las-fotos-de-su-ultimo-adios-22.jpg\",\"contentUrl\":\"https:\/\/lobosnews.com.ar\/wp-content\/uploads\/2026\/04\/la-despedida-de-fito-paez-y-cecilia-roth-a-adolfo-aristarain-las-fotos-de-su-ultimo-adios-22.jpg\",\"width\":1080,\"height\":1350,\"caption\":\"La despedida de Fito P\u00e1ez y Cecilia Roth a Adolfo Aristarain: las fotos de su \u00faltimo adi\u00f3s\"},{\"@type\":\"BreadcrumbList\",\"@id\":\"https:\/\/lobosnews.com.ar\/index.php\/2026\/04\/27\/la-despedida-de-fito-paez-y-cecilia-roth-a-adolfo-aristarain-las-fotos-de-su-ultimo-adios\/#breadcrumb\",\"itemListElement\":[{\"@type\":\"ListItem\",\"position\":1,\"name\":\"Portada\",\"item\":\"https:\/\/lobosnews.com.ar\/\"},{\"@type\":\"ListItem\",\"position\":2,\"name\":\"La despedida de Fito P\u00e1ez y Cecilia Roth a Adolfo Aristarain: las fotos de su \u00faltimo adi\u00f3s\"}]},{\"@type\":\"WebSite\",\"@id\":\"https:\/\/lobosnews.com.ar\/#website\",\"url\":\"https:\/\/lobosnews.com.ar\/\",\"name\":\"Lobos News\",\"description\":\"Informaci\u00f3n a cada instante\",\"publisher\":{\"@id\":\"https:\/\/lobosnews.com.ar\/#organization\"},\"potentialAction\":[{\"@type\":\"SearchAction\",\"target\":{\"@type\":\"EntryPoint\",\"urlTemplate\":\"https:\/\/lobosnews.com.ar\/?s={search_term_string}\"},\"query-input\":{\"@type\":\"PropertyValueSpecification\",\"valueRequired\":true,\"valueName\":\"search_term_string\"}}],\"inLanguage\":\"es\"},{\"@type\":\"Organization\",\"@id\":\"https:\/\/lobosnews.com.ar\/#organization\",\"name\":\"Lobos News\",\"url\":\"https:\/\/lobosnews.com.ar\/\",\"logo\":{\"@type\":\"ImageObject\",\"inLanguage\":\"es\",\"@id\":\"https:\/\/lobosnews.com.ar\/#\/schema\/logo\/image\/\",\"url\":\"https:\/\/lobosnews.com.ar\/wp-content\/uploads\/2026\/01\/logo-lobosnews.png\",\"contentUrl\":\"https:\/\/lobosnews.com.ar\/wp-content\/uploads\/2026\/01\/logo-lobosnews.png\",\"width\":500,\"height\":200,\"caption\":\"Lobos News\"},\"image\":{\"@id\":\"https:\/\/lobosnews.com.ar\/#\/schema\/logo\/image\/\"}},{\"@type\":\"Person\",\"@id\":\"https:\/\/lobosnews.com.ar\/#\/schema\/person\/232422a593d5c541dd9aef6aaed10943\",\"name\":\"admin\",\"image\":{\"@type\":\"ImageObject\",\"inLanguage\":\"es\",\"@id\":\"https:\/\/lobosnews.com.ar\/#\/schema\/person\/image\/\",\"url\":\"https:\/\/secure.gravatar.com\/avatar\/76e419471a2083bc3ceab22a763dbbf9b0c1bd15a6214cf3280e2c2dde4580f9?s=96&d=mm&r=g\",\"contentUrl\":\"https:\/\/secure.gravatar.com\/avatar\/76e419471a2083bc3ceab22a763dbbf9b0c1bd15a6214cf3280e2c2dde4580f9?s=96&d=mm&r=g\",\"caption\":\"admin\"},\"sameAs\":[\"https:\/\/lobosnews.com.ar\"],\"url\":\"https:\/\/lobosnews.com.ar\/index.php\/author\/lobos-news\/\"}]}<\/script>\n<!-- \/ Yoast SEO plugin. -->","yoast_head_json":{"title":"La despedida de Fito P\u00e1ez y Cecilia Roth a Adolfo Aristarain: las fotos de su \u00faltimo adi\u00f3s - Lobos News","robots":{"index":"index","follow":"follow","max-snippet":"max-snippet:-1","max-image-preview":"max-image-preview:large","max-video-preview":"max-video-preview:-1"},"canonical":"https:\/\/lobosnews.com.ar\/index.php\/2026\/04\/27\/la-despedida-de-fito-paez-y-cecilia-roth-a-adolfo-aristarain-las-fotos-de-su-ultimo-adios\/","og_locale":"es_ES","og_type":"article","og_title":"La despedida de Fito P\u00e1ez y Cecilia Roth a Adolfo Aristarain: las fotos de su \u00faltimo adi\u00f3s - Lobos News","og_description":"La noticia de la muerte de Adolfo Aristarain, a los 82 a\u00f1os en Buenos Aires, conmueve al ambiente art\u00edstico y los actores y actrices que fueron parte de sus pel\u00edculas recordaron al emblem\u00e1tico director. Cecilia Roth y Fito P\u00e1ez fueron sus amigos y a trav\u00e9s de sus redes se mostraron sensibilizados por su fallecimiento. Este...","og_url":"https:\/\/lobosnews.com.ar\/index.php\/2026\/04\/27\/la-despedida-de-fito-paez-y-cecilia-roth-a-adolfo-aristarain-las-fotos-de-su-ultimo-adios\/","og_site_name":"Lobos News","article_published_time":"2026-04-27T22:10:35+00:00","article_modified_time":"2026-04-28T02:51:45+00:00","og_image":[{"url":"https:\/\/lobosnews.com.ar\/wp-content\/uploads\/2026\/04\/la-despedida-de-fito-paez-y-cecilia-roth-a-adolfo-aristarain-las-fotos-de-su-ultimo-adios.jpg","type":"","width":"","height":""}],"author":"admin","twitter_card":"summary_large_image","twitter_misc":{"Escrito por":"admin","Tiempo de lectura":"3 minutos"},"schema":{"@context":"https:\/\/schema.org","@graph":[{"@type":"Article","@id":"https:\/\/lobosnews.com.ar\/index.php\/2026\/04\/27\/la-despedida-de-fito-paez-y-cecilia-roth-a-adolfo-aristarain-las-fotos-de-su-ultimo-adios\/#article","isPartOf":{"@id":"https:\/\/lobosnews.com.ar\/index.php\/2026\/04\/27\/la-despedida-de-fito-paez-y-cecilia-roth-a-adolfo-aristarain-las-fotos-de-su-ultimo-adios\/"},"author":{"name":"admin","@id":"https:\/\/lobosnews.com.ar\/#\/schema\/person\/232422a593d5c541dd9aef6aaed10943"},"headline":"La despedida de Fito P\u00e1ez y Cecilia Roth a Adolfo Aristarain: las fotos de su \u00faltimo adi\u00f3s","datePublished":"2026-04-27T22:10:35+00:00","dateModified":"2026-04-28T02:51:45+00:00","mainEntityOfPage":{"@id":"https:\/\/lobosnews.com.ar\/index.php\/2026\/04\/27\/la-despedida-de-fito-paez-y-cecilia-roth-a-adolfo-aristarain-las-fotos-de-su-ultimo-adios\/"},"wordCount":690,"commentCount":0,"publisher":{"@id":"https:\/\/lobosnews.com.ar\/#organization"},"image":{"@id":"https:\/\/lobosnews.com.ar\/index.php\/2026\/04\/27\/la-despedida-de-fito-paez-y-cecilia-roth-a-adolfo-aristarain-las-fotos-de-su-ultimo-adios\/#primaryimage"},"thumbnailUrl":"https:\/\/lobosnews.com.ar\/wp-content\/uploads\/2026\/04\/la-despedida-de-fito-paez-y-cecilia-roth-a-adolfo-aristarain-las-fotos-de-su-ultimo-adios-22.jpg","articleSection":["Cine y Series"],"inLanguage":"es","potentialAction":[{"@type":"CommentAction","name":"Comment","target":["https:\/\/lobosnews.com.ar\/index.php\/2026\/04\/27\/la-despedida-de-fito-paez-y-cecilia-roth-a-adolfo-aristarain-las-fotos-de-su-ultimo-adios\/#respond"]}]},{"@type":"WebPage","@id":"https:\/\/lobosnews.com.ar\/index.php\/2026\/04\/27\/la-despedida-de-fito-paez-y-cecilia-roth-a-adolfo-aristarain-las-fotos-de-su-ultimo-adios\/","url":"https:\/\/lobosnews.com.ar\/index.php\/2026\/04\/27\/la-despedida-de-fito-paez-y-cecilia-roth-a-adolfo-aristarain-las-fotos-de-su-ultimo-adios\/","name":"La despedida de Fito P\u00e1ez y Cecilia Roth a Adolfo Aristarain: las fotos de su \u00faltimo adi\u00f3s - Lobos News","isPartOf":{"@id":"https:\/\/lobosnews.com.ar\/#website"},"primaryImageOfPage":{"@id":"https:\/\/lobosnews.com.ar\/index.php\/2026\/04\/27\/la-despedida-de-fito-paez-y-cecilia-roth-a-adolfo-aristarain-las-fotos-de-su-ultimo-adios\/#primaryimage"},"image":{"@id":"https:\/\/lobosnews.com.ar\/index.php\/2026\/04\/27\/la-despedida-de-fito-paez-y-cecilia-roth-a-adolfo-aristarain-las-fotos-de-su-ultimo-adios\/#primaryimage"},"thumbnailUrl":"https:\/\/lobosnews.com.ar\/wp-content\/uploads\/2026\/04\/la-despedida-de-fito-paez-y-cecilia-roth-a-adolfo-aristarain-las-fotos-de-su-ultimo-adios-22.jpg","datePublished":"2026-04-27T22:10:35+00:00","dateModified":"2026-04-28T02:51:45+00:00","breadcrumb":{"@id":"https:\/\/lobosnews.com.ar\/index.php\/2026\/04\/27\/la-despedida-de-fito-paez-y-cecilia-roth-a-adolfo-aristarain-las-fotos-de-su-ultimo-adios\/#breadcrumb"},"inLanguage":"es","potentialAction":[{"@type":"ReadAction","target":["https:\/\/lobosnews.com.ar\/index.php\/2026\/04\/27\/la-despedida-de-fito-paez-y-cecilia-roth-a-adolfo-aristarain-las-fotos-de-su-ultimo-adios\/"]}]},{"@type":"ImageObject","inLanguage":"es","@id":"https:\/\/lobosnews.com.ar\/index.php\/2026\/04\/27\/la-despedida-de-fito-paez-y-cecilia-roth-a-adolfo-aristarain-las-fotos-de-su-ultimo-adios\/#primaryimage","url":"https:\/\/lobosnews.com.ar\/wp-content\/uploads\/2026\/04\/la-despedida-de-fito-paez-y-cecilia-roth-a-adolfo-aristarain-las-fotos-de-su-ultimo-adios-22.jpg","contentUrl":"https:\/\/lobosnews.com.ar\/wp-content\/uploads\/2026\/04\/la-despedida-de-fito-paez-y-cecilia-roth-a-adolfo-aristarain-las-fotos-de-su-ultimo-adios-22.jpg","width":1080,"height":1350,"caption":"La despedida de Fito P\u00e1ez y Cecilia Roth a Adolfo Aristarain: las fotos de su \u00faltimo adi\u00f3s"},{"@type":"BreadcrumbList","@id":"https:\/\/lobosnews.com.ar\/index.php\/2026\/04\/27\/la-despedida-de-fito-paez-y-cecilia-roth-a-adolfo-aristarain-las-fotos-de-su-ultimo-adios\/#breadcrumb","itemListElement":[{"@type":"ListItem","position":1,"name":"Portada","item":"https:\/\/lobosnews.com.ar\/"},{"@type":"ListItem","position":2,"name":"La despedida de Fito P\u00e1ez y Cecilia Roth a Adolfo Aristarain: las fotos de su \u00faltimo adi\u00f3s"}]},{"@type":"WebSite","@id":"https:\/\/lobosnews.com.ar\/#website","url":"https:\/\/lobosnews.com.ar\/","name":"Lobos News","description":"Informaci\u00f3n a cada instante","publisher":{"@id":"https:\/\/lobosnews.com.ar\/#organization"},"potentialAction":[{"@type":"SearchAction","target":{"@type":"EntryPoint","urlTemplate":"https:\/\/lobosnews.com.ar\/?s={search_term_string}"},"query-input":{"@type":"PropertyValueSpecification","valueRequired":true,"valueName":"search_term_string"}}],"inLanguage":"es"},{"@type":"Organization","@id":"https:\/\/lobosnews.com.ar\/#organization","name":"Lobos News","url":"https:\/\/lobosnews.com.ar\/","logo":{"@type":"ImageObject","inLanguage":"es","@id":"https:\/\/lobosnews.com.ar\/#\/schema\/logo\/image\/","url":"https:\/\/lobosnews.com.ar\/wp-content\/uploads\/2026\/01\/logo-lobosnews.png","contentUrl":"https:\/\/lobosnews.com.ar\/wp-content\/uploads\/2026\/01\/logo-lobosnews.png","width":500,"height":200,"caption":"Lobos News"},"image":{"@id":"https:\/\/lobosnews.com.ar\/#\/schema\/logo\/image\/"}},{"@type":"Person","@id":"https:\/\/lobosnews.com.ar\/#\/schema\/person\/232422a593d5c541dd9aef6aaed10943","name":"admin","image":{"@type":"ImageObject","inLanguage":"es","@id":"https:\/\/lobosnews.com.ar\/#\/schema\/person\/image\/","url":"https:\/\/secure.gravatar.com\/avatar\/76e419471a2083bc3ceab22a763dbbf9b0c1bd15a6214cf3280e2c2dde4580f9?s=96&d=mm&r=g","contentUrl":"https:\/\/secure.gravatar.com\/avatar\/76e419471a2083bc3ceab22a763dbbf9b0c1bd15a6214cf3280e2c2dde4580f9?s=96&d=mm&r=g","caption":"admin"},"sameAs":["https:\/\/lobosnews.com.ar"],"url":"https:\/\/lobosnews.com.ar\/index.php\/author\/lobos-news\/"}]}},"jetpack_featured_media_url":"https:\/\/lobosnews.com.ar\/wp-content\/uploads\/2026\/04\/la-despedida-de-fito-paez-y-cecilia-roth-a-adolfo-aristarain-las-fotos-de-su-ultimo-adios-22.jpg","jetpack_sharing_enabled":true,"_links":{"self":[{"href":"https:\/\/lobosnews.com.ar\/index.php\/wp-json\/wp\/v2\/posts\/46370","targetHints":{"allow":["GET"]}}],"collection":[{"href":"https:\/\/lobosnews.com.ar\/index.php\/wp-json\/wp\/v2\/posts"}],"about":[{"href":"https:\/\/lobosnews.com.ar\/index.php\/wp-json\/wp\/v2\/types\/post"}],"author":[{"embeddable":true,"href":"https:\/\/lobosnews.com.ar\/index.php\/wp-json\/wp\/v2\/users\/1"}],"replies":[{"embeddable":true,"href":"https:\/\/lobosnews.com.ar\/index.php\/wp-json\/wp\/v2\/comments?post=46370"}],"version-history":[{"count":1,"href":"https:\/\/lobosnews.com.ar\/index.php\/wp-json\/wp\/v2\/posts\/46370\/revisions"}],"predecessor-version":[{"id":46383,"href":"https:\/\/lobosnews.com.ar\/index.php\/wp-json\/wp\/v2\/posts\/46370\/revisions\/46383"}],"wp:featuredmedia":[{"embeddable":true,"href":"https:\/\/lobosnews.com.ar\/index.php\/wp-json\/wp\/v2\/media\/46384"}],"wp:attachment":[{"href":"https:\/\/lobosnews.com.ar\/index.php\/wp-json\/wp\/v2\/media?parent=46370"}],"wp:term":[{"taxonomy":"category","embeddable":true,"href":"https:\/\/lobosnews.com.ar\/index.php\/wp-json\/wp\/v2\/categories?post=46370"},{"taxonomy":"post_tag","embeddable":true,"href":"https:\/\/lobosnews.com.ar\/index.php\/wp-json\/wp\/v2\/tags?post=46370"}],"curies":[{"name":"wp","href":"https:\/\/api.w.org\/{rel}","templated":true}]}}