{"id":46364,"date":"2026-04-27T23:43:32","date_gmt":"2026-04-27T23:43:32","guid":{"rendered":"https:\/\/lobosnews.com.ar\/index.php\/2026\/04\/27\/la-crisis-de-llanto-de-tamara-paganini-en-gran-hermano-al-recordar-la-muerte-de-sus-hijos-eran-mellizos\/"},"modified":"2026-04-28T02:50:59","modified_gmt":"2026-04-28T02:50:59","slug":"la-crisis-de-llanto-de-tamara-paganini-en-gran-hermano-al-recordar-la-muerte-de-sus-hijos-eran-mellizos","status":"publish","type":"post","link":"https:\/\/lobosnews.com.ar\/index.php\/2026\/04\/27\/la-crisis-de-llanto-de-tamara-paganini-en-gran-hermano-al-recordar-la-muerte-de-sus-hijos-eran-mellizos\/","title":{"rendered":"La crisis de llanto de Tamara Paganini en Gran Hermano al recordar la muerte de sus hijos: \u201cEran mellizos\u201d"},"content":{"rendered":"<p>Una de las tardes m\u00e1s sensibles dentro de la casa de <span class=\"waslinkname\"><i><b>Gran Hermano: Generaci\u00f3n Dorada<\/b><\/i><\/span> (Telefe) qued\u00f3 marcada por el desgarrador testimonio de <span class=\"waslinkname\"><b>Tamara Paganini<\/b><\/span>, quien no pudo contener las l\u00e1grimas al revivir uno de los momentos m\u00e1s dolorosos de su vida. En el marco de una actividad propuesta por la producci\u00f3n, en la que cada participante deb\u00eda compartir <b>el mejor y el peor momento de su historia personal<\/b>, la exparticipante de la primera edici\u00f3n del reality tom\u00f3 la palabra y gener\u00f3 un clima de profunda conmoci\u00f3n entre sus compa\u00f1eros.<\/p>\n<p>Desde el inicio de su relato, la emoci\u00f3n fue evidente. Con la voz entrecortada, Tamara comenz\u00f3 recordando el largo camino que recorri\u00f3 en su deseo de ser madre. Cont\u00f3 que<b> durante 22 a\u00f1os intent\u00f3 quedar embarazada<\/b>, atravesando distintas relaciones e incluso contemplando la posibilidad de hacerlo sola. Finalmente, junto a su pareja, recurri\u00f3 a tratamientos de inseminaci\u00f3n artificial. Tras un primer intento fallido, lleg\u00f3 la noticia que cambiar\u00eda su vida:<b> el embarazo hab\u00eda prosperado y, adem\u00e1s, se trataba de mellizos<\/b>.<\/p>\n<p><img loading=\"lazy\" decoding=\"async\" src=\"https:\/\/lobosnews.com.ar\/wp-content\/uploads\/2026\/04\/la-crisis-de-llanto-de-tamara-paganini-en-gran-hermano-al-recordar-la-muerte-de-sus-hijos-eran-mellizos.jpg\" alt=\"La participante relat\u00f3 el dif\u00edcil proceso de inseminaci\u00f3n artificial y el anuncio esperanzador de su embarazo de mellizos\" height=\"1080\" width=\"1920\"\/><\/p>\n<p><b>\u201cEse fue el momento m\u00e1s lindo de mi vida\u201d<\/b>, expres\u00f3, rememorando la alegr\u00eda de compartir la noticia con su familia. Sin embargo, ese \u201ccuento de hadas\u201d, como ella misma lo defini\u00f3, comenz\u00f3 a quebrarse poco despu\u00e9s. Durante el embarazo, los m\u00e9dicos le informaron que uno de los beb\u00e9s, <b>Vitorio<\/b>, no sobrevivir\u00eda al nacer, mientras que su hermana, <b>Donatella<\/b>, ten\u00eda posibilidades de salir adelante. Esa dualidad marc\u00f3 todo el proceso: la felicidad por la vida que crec\u00eda y el dolor anticipado por la p\u00e9rdida inevitable.<\/p>\n<p>El momento del parto fue tan intenso como contradictorio. Tamara relat\u00f3 que, apenas tres minutos despu\u00e9s del nacimiento, tuvo a su hijo en brazos y falleci\u00f3. <b>\u201cNo fue ni el mejor ni el peor momento, porque no sab\u00e9s qu\u00e9 sentir\u201d<\/b>, explic\u00f3, describiendo ese estado de confusi\u00f3n emocional. \u201cMe encantar\u00eda decir que el d\u00eda m\u00e1s feliz de mi vida fue cuando nacieron mis hijos, y estuve feliz porque Donatella parec\u00eda estar bien. <b>No puedo decir que fue el d\u00eda m\u00e1s feliz de mi vida porque a los 3 minutos ya ten\u00eda a Vitorio en brazos y se muri\u00f3\u00bb<\/b>, relat\u00f3. Mientras tanto, su hija permanec\u00eda con vida en neonatolog\u00eda, generando una esperanza que se sostuvo durante diez d\u00edas.<\/p>\n<p><img loading=\"lazy\" decoding=\"async\" src=\"https:\/\/lobosnews.com.ar\/wp-content\/uploads\/2026\/04\/la-crisis-de-llanto-de-tamara-paganini-en-gran-hermano-al-recordar-la-muerte-de-sus-hijos-eran-mellizos-1.jpg\" alt=\"Durante el embarazo, los m\u00e9dicos informaron que uno de los beb\u00e9s no sobrevivir\u00eda, marcando la experiencia de Paganini con dolor anticipado\" height=\"1080\" width=\"1920\"\/><\/p>\n<p>Fue entonces cuando lleg\u00f3 el golpe m\u00e1s duro. Tras una evoluci\u00f3n inestable, los m\u00e9dicos les comunicaron que<b> Donatella no lograr\u00eda salir adelante<\/b>. \u201cElla mejoraba y empeoraba hasta que un d\u00eda me llam\u00f3 la jefa del sector donde est\u00e1n las incubadoras, me dijo que llame a mi novio y ya me adelant\u00f3 que cuando estuviera con el aparato que la ayudaba a respirar no iba a poder evolucionar. Lo esperamos a mi pareja, lleg\u00f3 y la doctora le dijo todo lo que a m\u00ed me hab\u00eda dicho. <b>No me olvido m\u00e1s la cara de Sebasti\u00e1n cuando la miraba a ella y despu\u00e9s a m\u00ed, sin entender. No ca\u00eda. Yo le tuve que decir \u2018\u00bfEntend\u00e9s? Donatella se va a morir\u2019<\/b>. Creo que me doli\u00f3 m\u00e1s su no reacci\u00f3n a que se largara a llorar\u201d, cont\u00f3. En ese contexto, Tamara y su pareja debieron enfrentar una decisi\u00f3n l\u00edmite: mantenerla con vida de manera artificial o desconectarla. <b>\u201cTuvimos que decidir en el momento\u201d<\/b>, cont\u00f3, en uno de los pasajes m\u00e1s estremecedores de su relato.<\/p>\n<p>A partir de ah\u00ed, su voz comenz\u00f3 a quebrarse a\u00fan m\u00e1s. \u201c<b>Cuando la sacaron de la incubadora y me la pusieron en los brazos, sac\u00e1ndole los cables y el respirador, creo que fue el peor momento al sentir que dejaba de respirar<\/b>, y que por m\u00e1s que yo la tuviese fuerte se me iba. En alg\u00fan momento ten\u00edamos que decidir largarla, ten\u00edamos que dejarla.<b> Le pusieron el conjunto que ten\u00edamos preparado para cuando saliera del hospital<\/b>, me la volvieron a dar hasta que hubo que llevarla a la incubadora vac\u00eda para que ellos hicieran lo que ten\u00edan que hacer. <b>No pod\u00edamos darle la espalda por m\u00e1s que estuviera muerta hac\u00eda horas<\/b>, no pod\u00edamos alejarnos, \u00edbamos y volv\u00edamos\u201d, expres\u00f3 entre l\u00e1grimas, generando un silencio absoluto en la casa. Sus compa\u00f1eros, afectados, no pudieron contener la emoci\u00f3n y comenzaron a llorar junto a ella.<\/p>\n<p><img loading=\"lazy\" decoding=\"async\" src=\"https:\/\/lobosnews.com.ar\/wp-content\/uploads\/2026\/04\/la-crisis-de-llanto-de-tamara-paganini-en-gran-hermano-al-recordar-la-muerte-de-sus-hijos-eran-mellizos-2.jpg\" alt=\"El testimonio de Tamara Paganini paraliz\u00f3 la din\u00e1mica habitual de Gran Hermano, generando l\u00e1grimas y un profundo silencio en la casa\" height=\"810\" width=\"1440\"\/><\/p>\n<p>La escena fue tan intensa que r\u00e1pidamente desbord\u00f3 la din\u00e1mica del programa. Tamara intent\u00f3 continuar, pero la angustia se apoder\u00f3 de su cuerpo. \u201cMe pasaron cosas muy de mier&#8230;, no me quiero acordar porque no voy a poder parar. <b>Nunca pens\u00e9 que algo as\u00ed nos pod\u00eda pasar<\/b>\u201d, dijo, antes de derrumbarse por completo. Entre gritos de dolor y llanto desconsolado, tuvo que ser asistida por sus compa\u00f1eros, quienes la abrazaron y la acompa\u00f1aron mientras la producci\u00f3n interven\u00eda.<\/p>\n<p>Finalmente, la situaci\u00f3n llev\u00f3 a que la producci\u00f3n decidiera dar por terminada la actividad. Tamara fue trasladada al confesionario para recibir contenci\u00f3n, mientras el resto de los participantes permanec\u00eda en estado de shock. La casa, atravesada por el relato, qued\u00f3 completamente sensibilizada, <b>con varios jugadores llorando y sin poder retomar la din\u00e1mica habitual<\/b>.<\/p>\n","protected":false},"excerpt":{"rendered":"<p>Una de las tardes m\u00e1s sensibles dentro de la casa de Gran Hermano: Generaci\u00f3n Dorada (Telefe) qued\u00f3 marcada por el desgarrador testimonio de Tamara Paganini, quien no pudo contener las l\u00e1grimas al revivir uno de los momentos m\u00e1s dolorosos de su vida. En el marco de una actividad propuesta por la producci\u00f3n, en la que&#8230;<\/p>\n","protected":false},"author":1,"featured_media":46369,"comment_status":"open","ping_status":"closed","sticky":false,"template":"","format":"standard","meta":{"_jetpack_memberships_contains_paid_content":false,"footnotes":""},"categories":[79],"tags":[],"class_list":["post-46364","post","type-post","status-publish","format-standard","has-post-thumbnail","hentry","category-cine-y-series"],"magazineBlocksPostFeaturedMedia":{"thumbnail":"https:\/\/lobosnews.com.ar\/wp-content\/uploads\/2026\/04\/la-crisis-de-llanto-de-tamara-paganini-en-gran-hermano-al-recordar-la-muerte-de-sus-hijos-eran-mellizos-4-150x150.jpg","medium":"https:\/\/lobosnews.com.ar\/wp-content\/uploads\/2026\/04\/la-crisis-de-llanto-de-tamara-paganini-en-gran-hermano-al-recordar-la-muerte-de-sus-hijos-eran-mellizos-4-300x169.jpg","medium_large":"https:\/\/lobosnews.com.ar\/wp-content\/uploads\/2026\/04\/la-crisis-de-llanto-de-tamara-paganini-en-gran-hermano-al-recordar-la-muerte-de-sus-hijos-eran-mellizos-4-768x432.jpg","large":"https:\/\/lobosnews.com.ar\/wp-content\/uploads\/2026\/04\/la-crisis-de-llanto-de-tamara-paganini-en-gran-hermano-al-recordar-la-muerte-de-sus-hijos-eran-mellizos-4-1024x576.jpg","1536x1536":"https:\/\/lobosnews.com.ar\/wp-content\/uploads\/2026\/04\/la-crisis-de-llanto-de-tamara-paganini-en-gran-hermano-al-recordar-la-muerte-de-sus-hijos-eran-mellizos-4.jpg","2048x2048":"https:\/\/lobosnews.com.ar\/wp-content\/uploads\/2026\/04\/la-crisis-de-llanto-de-tamara-paganini-en-gran-hermano-al-recordar-la-muerte-de-sus-hijos-eran-mellizos-4.jpg","newsmatic-featured":"https:\/\/lobosnews.com.ar\/wp-content\/uploads\/2026\/04\/la-crisis-de-llanto-de-tamara-paganini-en-gran-hermano-al-recordar-la-muerte-de-sus-hijos-eran-mellizos-4-820x545.jpg","newsmatic-list":"https:\/\/lobosnews.com.ar\/wp-content\/uploads\/2026\/04\/la-crisis-de-llanto-de-tamara-paganini-en-gran-hermano-al-recordar-la-muerte-de-sus-hijos-eran-mellizos-4-600x400.jpg","newsmatic-thumb":"https:\/\/lobosnews.com.ar\/wp-content\/uploads\/2026\/04\/la-crisis-de-llanto-de-tamara-paganini-en-gran-hermano-al-recordar-la-muerte-de-sus-hijos-eran-mellizos-4-300x200.jpg","newsmatic-small":"https:\/\/lobosnews.com.ar\/wp-content\/uploads\/2026\/04\/la-crisis-de-llanto-de-tamara-paganini-en-gran-hermano-al-recordar-la-muerte-de-sus-hijos-eran-mellizos-4-150x95.jpg","newsmatic-grid":"https:\/\/lobosnews.com.ar\/wp-content\/uploads\/2026\/04\/la-crisis-de-llanto-de-tamara-paganini-en-gran-hermano-al-recordar-la-muerte-de-sus-hijos-eran-mellizos-4-400x250.jpg"},"magazineBlocksPostAuthor":{"name":"admin","avatar":"https:\/\/secure.gravatar.com\/avatar\/76e419471a2083bc3ceab22a763dbbf9b0c1bd15a6214cf3280e2c2dde4580f9?s=96&d=mm&r=g"},"magazineBlocksPostCommentsNumber":"0","magazineBlocksPostExcerpt":"Una de las tardes m\u00e1s sensibles dentro de la casa de Gran Hermano: Generaci\u00f3n Dorada (Telefe) qued\u00f3 marcada por el desgarrador testimonio de Tamara Paganini, quien no pudo contener las l\u00e1grimas al revivir uno de los momentos m\u00e1s dolorosos de su vida. En el marco de una actividad propuesta por la producci\u00f3n, en la que...","magazineBlocksPostCategories":["Cine y Series"],"magazineBlocksPostViewCount":3,"magazineBlocksPostReadTime":5,"magazine_blocks_featured_image_url":{"full":["https:\/\/lobosnews.com.ar\/wp-content\/uploads\/2026\/04\/la-crisis-de-llanto-de-tamara-paganini-en-gran-hermano-al-recordar-la-muerte-de-sus-hijos-eran-mellizos-4.jpg",1440,810,false],"medium":["https:\/\/lobosnews.com.ar\/wp-content\/uploads\/2026\/04\/la-crisis-de-llanto-de-tamara-paganini-en-gran-hermano-al-recordar-la-muerte-de-sus-hijos-eran-mellizos-4-300x169.jpg",300,169,true],"thumbnail":["https:\/\/lobosnews.com.ar\/wp-content\/uploads\/2026\/04\/la-crisis-de-llanto-de-tamara-paganini-en-gran-hermano-al-recordar-la-muerte-de-sus-hijos-eran-mellizos-4-150x150.jpg",150,150,true]},"magazine_blocks_author":{"display_name":"admin","author_link":"https:\/\/lobosnews.com.ar\/index.php\/author\/lobos-news\/"},"magazine_blocks_comment":0,"magazine_blocks_author_image":"https:\/\/secure.gravatar.com\/avatar\/76e419471a2083bc3ceab22a763dbbf9b0c1bd15a6214cf3280e2c2dde4580f9?s=96&d=mm&r=g","magazine_blocks_category":"<a href=\"#\" class=\"category-link category-link-79\">Cine y Series<\/a>","yoast_head":"<!-- This site is optimized with the Yoast SEO plugin v26.6 - https:\/\/yoast.com\/wordpress\/plugins\/seo\/ -->\n<title>La crisis de llanto de Tamara Paganini en Gran Hermano al recordar la muerte de sus hijos: \u201cEran mellizos\u201d - Lobos News<\/title>\n<meta name=\"robots\" content=\"index, follow, max-snippet:-1, max-image-preview:large, max-video-preview:-1\" \/>\n<link rel=\"canonical\" href=\"https:\/\/lobosnews.com.ar\/index.php\/2026\/04\/27\/la-crisis-de-llanto-de-tamara-paganini-en-gran-hermano-al-recordar-la-muerte-de-sus-hijos-eran-mellizos\/\" \/>\n<meta property=\"og:locale\" content=\"es_ES\" \/>\n<meta property=\"og:type\" content=\"article\" \/>\n<meta property=\"og:title\" content=\"La crisis de llanto de Tamara Paganini en Gran Hermano al recordar la muerte de sus hijos: \u201cEran mellizos\u201d - Lobos News\" \/>\n<meta property=\"og:description\" content=\"Una de las tardes m\u00e1s sensibles dentro de la casa de Gran Hermano: Generaci\u00f3n Dorada (Telefe) qued\u00f3 marcada por el desgarrador testimonio de Tamara Paganini, quien no pudo contener las l\u00e1grimas al revivir uno de los momentos m\u00e1s dolorosos de su vida. En el marco de una actividad propuesta por la producci\u00f3n, en la que...\" \/>\n<meta property=\"og:url\" content=\"https:\/\/lobosnews.com.ar\/index.php\/2026\/04\/27\/la-crisis-de-llanto-de-tamara-paganini-en-gran-hermano-al-recordar-la-muerte-de-sus-hijos-eran-mellizos\/\" \/>\n<meta property=\"og:site_name\" content=\"Lobos News\" \/>\n<meta property=\"article:published_time\" content=\"2026-04-27T23:43:32+00:00\" \/>\n<meta property=\"article:modified_time\" content=\"2026-04-28T02:50:59+00:00\" \/>\n<meta property=\"og:image\" content=\"https:\/\/lobosnews.com.ar\/wp-content\/uploads\/2026\/04\/la-crisis-de-llanto-de-tamara-paganini-en-gran-hermano-al-recordar-la-muerte-de-sus-hijos-eran-mellizos.jpg\" \/>\n<meta name=\"author\" content=\"admin\" \/>\n<meta name=\"twitter:card\" content=\"summary_large_image\" \/>\n<meta name=\"twitter:label1\" content=\"Escrito por\" \/>\n\t<meta name=\"twitter:data1\" content=\"admin\" \/>\n\t<meta name=\"twitter:label2\" content=\"Tiempo de lectura\" \/>\n\t<meta name=\"twitter:data2\" content=\"4 minutos\" \/>\n<script type=\"application\/ld+json\" class=\"yoast-schema-graph\">{\"@context\":\"https:\/\/schema.org\",\"@graph\":[{\"@type\":\"Article\",\"@id\":\"https:\/\/lobosnews.com.ar\/index.php\/2026\/04\/27\/la-crisis-de-llanto-de-tamara-paganini-en-gran-hermano-al-recordar-la-muerte-de-sus-hijos-eran-mellizos\/#article\",\"isPartOf\":{\"@id\":\"https:\/\/lobosnews.com.ar\/index.php\/2026\/04\/27\/la-crisis-de-llanto-de-tamara-paganini-en-gran-hermano-al-recordar-la-muerte-de-sus-hijos-eran-mellizos\/\"},\"author\":{\"name\":\"admin\",\"@id\":\"https:\/\/lobosnews.com.ar\/#\/schema\/person\/232422a593d5c541dd9aef6aaed10943\"},\"headline\":\"La crisis de llanto de Tamara Paganini en Gran Hermano al recordar la muerte de sus hijos: \u201cEran mellizos\u201d\",\"datePublished\":\"2026-04-27T23:43:32+00:00\",\"dateModified\":\"2026-04-28T02:50:59+00:00\",\"mainEntityOfPage\":{\"@id\":\"https:\/\/lobosnews.com.ar\/index.php\/2026\/04\/27\/la-crisis-de-llanto-de-tamara-paganini-en-gran-hermano-al-recordar-la-muerte-de-sus-hijos-eran-mellizos\/\"},\"wordCount\":913,\"commentCount\":0,\"publisher\":{\"@id\":\"https:\/\/lobosnews.com.ar\/#organization\"},\"image\":{\"@id\":\"https:\/\/lobosnews.com.ar\/index.php\/2026\/04\/27\/la-crisis-de-llanto-de-tamara-paganini-en-gran-hermano-al-recordar-la-muerte-de-sus-hijos-eran-mellizos\/#primaryimage\"},\"thumbnailUrl\":\"https:\/\/lobosnews.com.ar\/wp-content\/uploads\/2026\/04\/la-crisis-de-llanto-de-tamara-paganini-en-gran-hermano-al-recordar-la-muerte-de-sus-hijos-eran-mellizos-4.jpg\",\"articleSection\":[\"Cine y Series\"],\"inLanguage\":\"es\",\"potentialAction\":[{\"@type\":\"CommentAction\",\"name\":\"Comment\",\"target\":[\"https:\/\/lobosnews.com.ar\/index.php\/2026\/04\/27\/la-crisis-de-llanto-de-tamara-paganini-en-gran-hermano-al-recordar-la-muerte-de-sus-hijos-eran-mellizos\/#respond\"]}]},{\"@type\":\"WebPage\",\"@id\":\"https:\/\/lobosnews.com.ar\/index.php\/2026\/04\/27\/la-crisis-de-llanto-de-tamara-paganini-en-gran-hermano-al-recordar-la-muerte-de-sus-hijos-eran-mellizos\/\",\"url\":\"https:\/\/lobosnews.com.ar\/index.php\/2026\/04\/27\/la-crisis-de-llanto-de-tamara-paganini-en-gran-hermano-al-recordar-la-muerte-de-sus-hijos-eran-mellizos\/\",\"name\":\"La crisis de llanto de Tamara Paganini en Gran Hermano al recordar la muerte de sus hijos: \u201cEran mellizos\u201d - Lobos News\",\"isPartOf\":{\"@id\":\"https:\/\/lobosnews.com.ar\/#website\"},\"primaryImageOfPage\":{\"@id\":\"https:\/\/lobosnews.com.ar\/index.php\/2026\/04\/27\/la-crisis-de-llanto-de-tamara-paganini-en-gran-hermano-al-recordar-la-muerte-de-sus-hijos-eran-mellizos\/#primaryimage\"},\"image\":{\"@id\":\"https:\/\/lobosnews.com.ar\/index.php\/2026\/04\/27\/la-crisis-de-llanto-de-tamara-paganini-en-gran-hermano-al-recordar-la-muerte-de-sus-hijos-eran-mellizos\/#primaryimage\"},\"thumbnailUrl\":\"https:\/\/lobosnews.com.ar\/wp-content\/uploads\/2026\/04\/la-crisis-de-llanto-de-tamara-paganini-en-gran-hermano-al-recordar-la-muerte-de-sus-hijos-eran-mellizos-4.jpg\",\"datePublished\":\"2026-04-27T23:43:32+00:00\",\"dateModified\":\"2026-04-28T02:50:59+00:00\",\"breadcrumb\":{\"@id\":\"https:\/\/lobosnews.com.ar\/index.php\/2026\/04\/27\/la-crisis-de-llanto-de-tamara-paganini-en-gran-hermano-al-recordar-la-muerte-de-sus-hijos-eran-mellizos\/#breadcrumb\"},\"inLanguage\":\"es\",\"potentialAction\":[{\"@type\":\"ReadAction\",\"target\":[\"https:\/\/lobosnews.com.ar\/index.php\/2026\/04\/27\/la-crisis-de-llanto-de-tamara-paganini-en-gran-hermano-al-recordar-la-muerte-de-sus-hijos-eran-mellizos\/\"]}]},{\"@type\":\"ImageObject\",\"inLanguage\":\"es\",\"@id\":\"https:\/\/lobosnews.com.ar\/index.php\/2026\/04\/27\/la-crisis-de-llanto-de-tamara-paganini-en-gran-hermano-al-recordar-la-muerte-de-sus-hijos-eran-mellizos\/#primaryimage\",\"url\":\"https:\/\/lobosnews.com.ar\/wp-content\/uploads\/2026\/04\/la-crisis-de-llanto-de-tamara-paganini-en-gran-hermano-al-recordar-la-muerte-de-sus-hijos-eran-mellizos-4.jpg\",\"contentUrl\":\"https:\/\/lobosnews.com.ar\/wp-content\/uploads\/2026\/04\/la-crisis-de-llanto-de-tamara-paganini-en-gran-hermano-al-recordar-la-muerte-de-sus-hijos-eran-mellizos-4.jpg\",\"width\":1440,\"height\":810,\"caption\":\"La crisis de llanto de Tamara Paganini en Gran Hermano al recordar la muerte de sus hijos: \u201cEran mellizos\u201d\"},{\"@type\":\"BreadcrumbList\",\"@id\":\"https:\/\/lobosnews.com.ar\/index.php\/2026\/04\/27\/la-crisis-de-llanto-de-tamara-paganini-en-gran-hermano-al-recordar-la-muerte-de-sus-hijos-eran-mellizos\/#breadcrumb\",\"itemListElement\":[{\"@type\":\"ListItem\",\"position\":1,\"name\":\"Portada\",\"item\":\"https:\/\/lobosnews.com.ar\/\"},{\"@type\":\"ListItem\",\"position\":2,\"name\":\"La crisis de llanto de Tamara Paganini en Gran Hermano al recordar la muerte de sus hijos: \u201cEran mellizos\u201d\"}]},{\"@type\":\"WebSite\",\"@id\":\"https:\/\/lobosnews.com.ar\/#website\",\"url\":\"https:\/\/lobosnews.com.ar\/\",\"name\":\"Lobos News\",\"description\":\"Informaci\u00f3n a cada instante\",\"publisher\":{\"@id\":\"https:\/\/lobosnews.com.ar\/#organization\"},\"potentialAction\":[{\"@type\":\"SearchAction\",\"target\":{\"@type\":\"EntryPoint\",\"urlTemplate\":\"https:\/\/lobosnews.com.ar\/?s={search_term_string}\"},\"query-input\":{\"@type\":\"PropertyValueSpecification\",\"valueRequired\":true,\"valueName\":\"search_term_string\"}}],\"inLanguage\":\"es\"},{\"@type\":\"Organization\",\"@id\":\"https:\/\/lobosnews.com.ar\/#organization\",\"name\":\"Lobos News\",\"url\":\"https:\/\/lobosnews.com.ar\/\",\"logo\":{\"@type\":\"ImageObject\",\"inLanguage\":\"es\",\"@id\":\"https:\/\/lobosnews.com.ar\/#\/schema\/logo\/image\/\",\"url\":\"https:\/\/lobosnews.com.ar\/wp-content\/uploads\/2026\/01\/logo-lobosnews.png\",\"contentUrl\":\"https:\/\/lobosnews.com.ar\/wp-content\/uploads\/2026\/01\/logo-lobosnews.png\",\"width\":500,\"height\":200,\"caption\":\"Lobos News\"},\"image\":{\"@id\":\"https:\/\/lobosnews.com.ar\/#\/schema\/logo\/image\/\"}},{\"@type\":\"Person\",\"@id\":\"https:\/\/lobosnews.com.ar\/#\/schema\/person\/232422a593d5c541dd9aef6aaed10943\",\"name\":\"admin\",\"image\":{\"@type\":\"ImageObject\",\"inLanguage\":\"es\",\"@id\":\"https:\/\/lobosnews.com.ar\/#\/schema\/person\/image\/\",\"url\":\"https:\/\/secure.gravatar.com\/avatar\/76e419471a2083bc3ceab22a763dbbf9b0c1bd15a6214cf3280e2c2dde4580f9?s=96&d=mm&r=g\",\"contentUrl\":\"https:\/\/secure.gravatar.com\/avatar\/76e419471a2083bc3ceab22a763dbbf9b0c1bd15a6214cf3280e2c2dde4580f9?s=96&d=mm&r=g\",\"caption\":\"admin\"},\"sameAs\":[\"https:\/\/lobosnews.com.ar\"],\"url\":\"https:\/\/lobosnews.com.ar\/index.php\/author\/lobos-news\/\"}]}<\/script>\n<!-- \/ Yoast SEO plugin. -->","yoast_head_json":{"title":"La crisis de llanto de Tamara Paganini en Gran Hermano al recordar la muerte de sus hijos: \u201cEran mellizos\u201d - Lobos News","robots":{"index":"index","follow":"follow","max-snippet":"max-snippet:-1","max-image-preview":"max-image-preview:large","max-video-preview":"max-video-preview:-1"},"canonical":"https:\/\/lobosnews.com.ar\/index.php\/2026\/04\/27\/la-crisis-de-llanto-de-tamara-paganini-en-gran-hermano-al-recordar-la-muerte-de-sus-hijos-eran-mellizos\/","og_locale":"es_ES","og_type":"article","og_title":"La crisis de llanto de Tamara Paganini en Gran Hermano al recordar la muerte de sus hijos: \u201cEran mellizos\u201d - Lobos News","og_description":"Una de las tardes m\u00e1s sensibles dentro de la casa de Gran Hermano: Generaci\u00f3n Dorada (Telefe) qued\u00f3 marcada por el desgarrador testimonio de Tamara Paganini, quien no pudo contener las l\u00e1grimas al revivir uno de los momentos m\u00e1s dolorosos de su vida. En el marco de una actividad propuesta por la producci\u00f3n, en la que...","og_url":"https:\/\/lobosnews.com.ar\/index.php\/2026\/04\/27\/la-crisis-de-llanto-de-tamara-paganini-en-gran-hermano-al-recordar-la-muerte-de-sus-hijos-eran-mellizos\/","og_site_name":"Lobos News","article_published_time":"2026-04-27T23:43:32+00:00","article_modified_time":"2026-04-28T02:50:59+00:00","og_image":[{"url":"https:\/\/lobosnews.com.ar\/wp-content\/uploads\/2026\/04\/la-crisis-de-llanto-de-tamara-paganini-en-gran-hermano-al-recordar-la-muerte-de-sus-hijos-eran-mellizos.jpg","type":"","width":"","height":""}],"author":"admin","twitter_card":"summary_large_image","twitter_misc":{"Escrito por":"admin","Tiempo de lectura":"4 minutos"},"schema":{"@context":"https:\/\/schema.org","@graph":[{"@type":"Article","@id":"https:\/\/lobosnews.com.ar\/index.php\/2026\/04\/27\/la-crisis-de-llanto-de-tamara-paganini-en-gran-hermano-al-recordar-la-muerte-de-sus-hijos-eran-mellizos\/#article","isPartOf":{"@id":"https:\/\/lobosnews.com.ar\/index.php\/2026\/04\/27\/la-crisis-de-llanto-de-tamara-paganini-en-gran-hermano-al-recordar-la-muerte-de-sus-hijos-eran-mellizos\/"},"author":{"name":"admin","@id":"https:\/\/lobosnews.com.ar\/#\/schema\/person\/232422a593d5c541dd9aef6aaed10943"},"headline":"La crisis de llanto de Tamara Paganini en Gran Hermano al recordar la muerte de sus hijos: \u201cEran mellizos\u201d","datePublished":"2026-04-27T23:43:32+00:00","dateModified":"2026-04-28T02:50:59+00:00","mainEntityOfPage":{"@id":"https:\/\/lobosnews.com.ar\/index.php\/2026\/04\/27\/la-crisis-de-llanto-de-tamara-paganini-en-gran-hermano-al-recordar-la-muerte-de-sus-hijos-eran-mellizos\/"},"wordCount":913,"commentCount":0,"publisher":{"@id":"https:\/\/lobosnews.com.ar\/#organization"},"image":{"@id":"https:\/\/lobosnews.com.ar\/index.php\/2026\/04\/27\/la-crisis-de-llanto-de-tamara-paganini-en-gran-hermano-al-recordar-la-muerte-de-sus-hijos-eran-mellizos\/#primaryimage"},"thumbnailUrl":"https:\/\/lobosnews.com.ar\/wp-content\/uploads\/2026\/04\/la-crisis-de-llanto-de-tamara-paganini-en-gran-hermano-al-recordar-la-muerte-de-sus-hijos-eran-mellizos-4.jpg","articleSection":["Cine y Series"],"inLanguage":"es","potentialAction":[{"@type":"CommentAction","name":"Comment","target":["https:\/\/lobosnews.com.ar\/index.php\/2026\/04\/27\/la-crisis-de-llanto-de-tamara-paganini-en-gran-hermano-al-recordar-la-muerte-de-sus-hijos-eran-mellizos\/#respond"]}]},{"@type":"WebPage","@id":"https:\/\/lobosnews.com.ar\/index.php\/2026\/04\/27\/la-crisis-de-llanto-de-tamara-paganini-en-gran-hermano-al-recordar-la-muerte-de-sus-hijos-eran-mellizos\/","url":"https:\/\/lobosnews.com.ar\/index.php\/2026\/04\/27\/la-crisis-de-llanto-de-tamara-paganini-en-gran-hermano-al-recordar-la-muerte-de-sus-hijos-eran-mellizos\/","name":"La crisis de llanto de Tamara Paganini en Gran Hermano al recordar la muerte de sus hijos: \u201cEran mellizos\u201d - Lobos News","isPartOf":{"@id":"https:\/\/lobosnews.com.ar\/#website"},"primaryImageOfPage":{"@id":"https:\/\/lobosnews.com.ar\/index.php\/2026\/04\/27\/la-crisis-de-llanto-de-tamara-paganini-en-gran-hermano-al-recordar-la-muerte-de-sus-hijos-eran-mellizos\/#primaryimage"},"image":{"@id":"https:\/\/lobosnews.com.ar\/index.php\/2026\/04\/27\/la-crisis-de-llanto-de-tamara-paganini-en-gran-hermano-al-recordar-la-muerte-de-sus-hijos-eran-mellizos\/#primaryimage"},"thumbnailUrl":"https:\/\/lobosnews.com.ar\/wp-content\/uploads\/2026\/04\/la-crisis-de-llanto-de-tamara-paganini-en-gran-hermano-al-recordar-la-muerte-de-sus-hijos-eran-mellizos-4.jpg","datePublished":"2026-04-27T23:43:32+00:00","dateModified":"2026-04-28T02:50:59+00:00","breadcrumb":{"@id":"https:\/\/lobosnews.com.ar\/index.php\/2026\/04\/27\/la-crisis-de-llanto-de-tamara-paganini-en-gran-hermano-al-recordar-la-muerte-de-sus-hijos-eran-mellizos\/#breadcrumb"},"inLanguage":"es","potentialAction":[{"@type":"ReadAction","target":["https:\/\/lobosnews.com.ar\/index.php\/2026\/04\/27\/la-crisis-de-llanto-de-tamara-paganini-en-gran-hermano-al-recordar-la-muerte-de-sus-hijos-eran-mellizos\/"]}]},{"@type":"ImageObject","inLanguage":"es","@id":"https:\/\/lobosnews.com.ar\/index.php\/2026\/04\/27\/la-crisis-de-llanto-de-tamara-paganini-en-gran-hermano-al-recordar-la-muerte-de-sus-hijos-eran-mellizos\/#primaryimage","url":"https:\/\/lobosnews.com.ar\/wp-content\/uploads\/2026\/04\/la-crisis-de-llanto-de-tamara-paganini-en-gran-hermano-al-recordar-la-muerte-de-sus-hijos-eran-mellizos-4.jpg","contentUrl":"https:\/\/lobosnews.com.ar\/wp-content\/uploads\/2026\/04\/la-crisis-de-llanto-de-tamara-paganini-en-gran-hermano-al-recordar-la-muerte-de-sus-hijos-eran-mellizos-4.jpg","width":1440,"height":810,"caption":"La crisis de llanto de Tamara Paganini en Gran Hermano al recordar la muerte de sus hijos: \u201cEran mellizos\u201d"},{"@type":"BreadcrumbList","@id":"https:\/\/lobosnews.com.ar\/index.php\/2026\/04\/27\/la-crisis-de-llanto-de-tamara-paganini-en-gran-hermano-al-recordar-la-muerte-de-sus-hijos-eran-mellizos\/#breadcrumb","itemListElement":[{"@type":"ListItem","position":1,"name":"Portada","item":"https:\/\/lobosnews.com.ar\/"},{"@type":"ListItem","position":2,"name":"La crisis de llanto de Tamara Paganini en Gran Hermano al recordar la muerte de sus hijos: \u201cEran mellizos\u201d"}]},{"@type":"WebSite","@id":"https:\/\/lobosnews.com.ar\/#website","url":"https:\/\/lobosnews.com.ar\/","name":"Lobos News","description":"Informaci\u00f3n a cada instante","publisher":{"@id":"https:\/\/lobosnews.com.ar\/#organization"},"potentialAction":[{"@type":"SearchAction","target":{"@type":"EntryPoint","urlTemplate":"https:\/\/lobosnews.com.ar\/?s={search_term_string}"},"query-input":{"@type":"PropertyValueSpecification","valueRequired":true,"valueName":"search_term_string"}}],"inLanguage":"es"},{"@type":"Organization","@id":"https:\/\/lobosnews.com.ar\/#organization","name":"Lobos News","url":"https:\/\/lobosnews.com.ar\/","logo":{"@type":"ImageObject","inLanguage":"es","@id":"https:\/\/lobosnews.com.ar\/#\/schema\/logo\/image\/","url":"https:\/\/lobosnews.com.ar\/wp-content\/uploads\/2026\/01\/logo-lobosnews.png","contentUrl":"https:\/\/lobosnews.com.ar\/wp-content\/uploads\/2026\/01\/logo-lobosnews.png","width":500,"height":200,"caption":"Lobos News"},"image":{"@id":"https:\/\/lobosnews.com.ar\/#\/schema\/logo\/image\/"}},{"@type":"Person","@id":"https:\/\/lobosnews.com.ar\/#\/schema\/person\/232422a593d5c541dd9aef6aaed10943","name":"admin","image":{"@type":"ImageObject","inLanguage":"es","@id":"https:\/\/lobosnews.com.ar\/#\/schema\/person\/image\/","url":"https:\/\/secure.gravatar.com\/avatar\/76e419471a2083bc3ceab22a763dbbf9b0c1bd15a6214cf3280e2c2dde4580f9?s=96&d=mm&r=g","contentUrl":"https:\/\/secure.gravatar.com\/avatar\/76e419471a2083bc3ceab22a763dbbf9b0c1bd15a6214cf3280e2c2dde4580f9?s=96&d=mm&r=g","caption":"admin"},"sameAs":["https:\/\/lobosnews.com.ar"],"url":"https:\/\/lobosnews.com.ar\/index.php\/author\/lobos-news\/"}]}},"jetpack_featured_media_url":"https:\/\/lobosnews.com.ar\/wp-content\/uploads\/2026\/04\/la-crisis-de-llanto-de-tamara-paganini-en-gran-hermano-al-recordar-la-muerte-de-sus-hijos-eran-mellizos-4.jpg","jetpack_sharing_enabled":true,"_links":{"self":[{"href":"https:\/\/lobosnews.com.ar\/index.php\/wp-json\/wp\/v2\/posts\/46364","targetHints":{"allow":["GET"]}}],"collection":[{"href":"https:\/\/lobosnews.com.ar\/index.php\/wp-json\/wp\/v2\/posts"}],"about":[{"href":"https:\/\/lobosnews.com.ar\/index.php\/wp-json\/wp\/v2\/types\/post"}],"author":[{"embeddable":true,"href":"https:\/\/lobosnews.com.ar\/index.php\/wp-json\/wp\/v2\/users\/1"}],"replies":[{"embeddable":true,"href":"https:\/\/lobosnews.com.ar\/index.php\/wp-json\/wp\/v2\/comments?post=46364"}],"version-history":[{"count":1,"href":"https:\/\/lobosnews.com.ar\/index.php\/wp-json\/wp\/v2\/posts\/46364\/revisions"}],"predecessor-version":[{"id":46368,"href":"https:\/\/lobosnews.com.ar\/index.php\/wp-json\/wp\/v2\/posts\/46364\/revisions\/46368"}],"wp:featuredmedia":[{"embeddable":true,"href":"https:\/\/lobosnews.com.ar\/index.php\/wp-json\/wp\/v2\/media\/46369"}],"wp:attachment":[{"href":"https:\/\/lobosnews.com.ar\/index.php\/wp-json\/wp\/v2\/media?parent=46364"}],"wp:term":[{"taxonomy":"category","embeddable":true,"href":"https:\/\/lobosnews.com.ar\/index.php\/wp-json\/wp\/v2\/categories?post=46364"},{"taxonomy":"post_tag","embeddable":true,"href":"https:\/\/lobosnews.com.ar\/index.php\/wp-json\/wp\/v2\/tags?post=46364"}],"curies":[{"name":"wp","href":"https:\/\/api.w.org\/{rel}","templated":true}]}}