{"id":46359,"date":"2026-04-28T02:11:04","date_gmt":"2026-04-28T02:11:04","guid":{"rendered":"https:\/\/lobosnews.com.ar\/index.php\/2026\/04\/28\/reaparecio-romina-orthusteguy-ex-de-eduardo-carrera-de-gran-hermano-y-recordo-el-infierno-que-vivio-junto-a-el\/"},"modified":"2026-04-28T02:50:53","modified_gmt":"2026-04-28T02:50:53","slug":"reaparecio-romina-orthusteguy-ex-de-eduardo-carrera-de-gran-hermano-y-recordo-el-infierno-que-vivio-junto-a-el","status":"publish","type":"post","link":"https:\/\/lobosnews.com.ar\/index.php\/2026\/04\/28\/reaparecio-romina-orthusteguy-ex-de-eduardo-carrera-de-gran-hermano-y-recordo-el-infierno-que-vivio-junto-a-el\/","title":{"rendered":"Reapareci\u00f3 Romina Orthusteguy, ex de Eduardo Carrera de Gran Hermano, y record\u00f3 el infierno que vivi\u00f3 junto a \u00e9l"},"content":{"rendered":"<p>A m\u00e1s de dos d\u00e9cadas de su paso por <b>Gran Hermano 2003<\/b>, una historia que hab\u00eda quedado en la intimidad vuelve a salir a la luz con un relato tan crudo como movilizante. <b>Romina Orthusteguy<\/b>, expareja de <span class=\"waslinkname\"><b>Eduardo Carrera<\/b><\/span>, decidi\u00f3 hablar por primera vez en profundidad sobre la relaci\u00f3n que comenz\u00f3 dentro de la casa m\u00e1s famosa del pa\u00eds y que, seg\u00fan su testimonio, deriv\u00f3 en reiteradas situaciones de violencia de g\u00e9nero. El disparador fue el regreso del ex participante al reality en la edici\u00f3n <i>Generaci\u00f3n Dorada<\/i>, pero tambi\u00e9n un motivo a\u00fan m\u00e1s sensible: la reacci\u00f3n de la hija que tienen en com\u00fan, quien tambi\u00e9n eligi\u00f3 romper el silencio.<\/p>\n<p>La entrevista completa se ver\u00e1 por primera vez en <i><b>Despu\u00e9s de todo<\/b><\/i>, el nuevo ciclo de entrevistas que conducir\u00e1 <b>Mat\u00edas Bagnato<\/b> en <i>Bondi Live<\/i>, otro de los ex participantes de aquella edici\u00f3n. Sin embargo, en las \u00faltimas horas se conoci\u00f3 un adelanto en <i>LAM <\/i>(Am\u00e9rica TV) que anticipa el tono de una charla que promete generar un fuerte impacto.<\/p>\n<p><b>\u00c1ngel de Brito<\/b> contextualiz\u00f3 la historia: el romance entre Romina y Eduardo naci\u00f3 dentro del reality, pero continu\u00f3 fuera de la casa, donde \u2014seg\u00fan relat\u00f3 ella\u2014 <b>comenzaron a repetirse situaciones de violencia<\/b>. En ese v\u00ednculo tambi\u00e9n naci\u00f3 su hija, hoy de 22 a\u00f1os, quien no fue criada por su padre y solo tuvo contacto con \u00e9l en dos ocasiones:<b> en el momento de su nacimiento y una vez m\u00e1s poco tiempo despu\u00e9s<\/b>.<\/p>\n<p>\u201cLo que cuenta Romina es que la violencia comenz\u00f3 dentro de la casa\u201d, explic\u00f3 De Brito, al se\u00f1alar que muchas de esas situaciones, en el contexto del 2003, no eran interpretadas con la misma conciencia social que existe en la actualidad sobre la violencia de g\u00e9nero. <b>\u201cSe dejaron pasar un mont\u00f3n de situaciones violentas\u201d<\/b>, agreg\u00f3, en relaci\u00f3n a la mirada retrospectiva que hoy tiene la propia protagonista sobre lo vivido.<\/p>\n<p>En el adelanto que se difundi\u00f3, Orthusteguy describe uno de los episodios ocurridos durante el reality. <b>Mientras se maquillaba en el ba\u00f1o, Carrera comenz\u00f3 a insultarla desde el balc\u00f3n. \u201cEmpez\u00f3 a gritar \u2018puta\u2019 y todo eso\u201d<\/b>, record\u00f3, en un relato que deja entrever la naturalizaci\u00f3n de ciertos comportamientos en aquel momento.<\/p>\n<p>Pero el testimonio no se limita a lo ocurrido dentro de la casa. Seg\u00fan se adelant\u00f3, la entrevista profundiza especialmente en lo que sucedi\u00f3 despu\u00e9s, cuando ambos comenzaron a convivir. All\u00ed, el relato se vuelve a\u00fan m\u00e1s duro. En otro fragmento, Romina recuerda el momento en que le comunic\u00f3 a Carrera que estaba embarazada.<b> \u201cMe mir\u00f3 fijo y me dijo: \u2018Esto me caga la carrera\u2019\u201d<\/b>, cont\u00f3, una frase que sintetiza el quiebre en la relaci\u00f3n y el contexto emocional que atravesaban.<\/p>\n<p><img fetchpriority=\"high\" decoding=\"async\" src=\"https:\/\/lobosnews.com.ar\/wp-content\/uploads\/2026\/04\/reaparecio-romina-orthusteguy-ex-de-eduardo-carrera-de-gran-hermano-y-recordo-el-infierno-que-vivio-junto-a-el.jpg\" alt=\"La hija de Romina y Eduardo Carrera rompi\u00f3 el silencio tras sentirse ignorada por su padre en la nueva edici\u00f3n del reality\" height=\"1080\" width=\"1080\"\/><\/p>\n<p>La decisi\u00f3n de hablar p\u00fablicamente no fue impulsiva ni aislada. Seg\u00fan se explic\u00f3 en <i>LAM<\/i>, <b>tanto Romina como su hija se vieron movilizadas por la reaparici\u00f3n medi\u00e1tica de Carrera<\/b> y, en particular, por su actitud dentro del reality.<b> \u201cLa hija sinti\u00f3 que la estaban humillando\u201d<\/b>, se\u00f1alaron, en referencia a que el participante <b>no la menciona ni la reconoce en sus intervenciones dentro de la casa.<\/b> Incluso, en distintas ocasiones, habr\u00eda hecho referencia a otro hijo, omitiendo sistem\u00e1ticamente la existencia de la joven.<\/p>\n<p>Ese punto fue clave para que ambas decidieran dar este paso. No desde el enojo o la b\u00fasqueda de exposici\u00f3n, sino desde la necesidad de contar su versi\u00f3n. <b>\u201cNo es que lo extra\u00f1en\u201d<\/b>, aclararon en el programa, sino que<b> el dolor surge de esa negaci\u00f3n p\u00fablica<\/b> que, seg\u00fan expresaron, impacta directamente en la identidad de la hija.<\/p>\n<p>Otro aspecto que llam\u00f3 la atenci\u00f3n es que, pese al paso del tiempo, Romina a\u00fan manifiesta temor. De Brito, quien asegur\u00f3 haber visto la entrevista completa, remarc\u00f3 ese detalle:<b> \u201cLo que not\u00e9 es que a\u00fan hoy le tiene miedo\u201d<\/b>. Una afirmaci\u00f3n que suma una capa m\u00e1s de complejidad a una historia que, lejos de haber quedado en el pasado, sigue teniendo consecuencias emocionales en el presente.<\/p>\n<p><img loading=\"lazy\" decoding=\"async\" src=\"https:\/\/lobosnews.com.ar\/wp-content\/uploads\/2026\/04\/reaparecio-romina-orthusteguy-ex-de-eduardo-carrera-de-gran-hermano-y-recordo-el-infierno-que-vivio-junto-a-el-1.jpg\" alt=\"Romina relat\u00f3 que la violencia comenz\u00f3 dentro del reality y se agrav\u00f3 al salir, afectando su bienestar y el v\u00ednculo familiar\" height=\"402\" width=\"768\"\/><\/p>\n<p>La entrevista tambi\u00e9n cuenta con<b> la participaci\u00f3n de la hija de ambos<\/b>, quien se suma al testimonio en un momento de la charla. Su presencia no solo aporta una nueva mirada generacional, sino que refuerza el eje central del relato: la necesidad de ser reconocida y de visibilizar una historia que, hasta ahora, hab\u00eda permanecido en silencio.<\/p>\n<p>El regreso de Eduardo Carrera a <i>Gran Hermano: Generaci\u00f3n Dorada<\/i> hab\u00eda sido presentado como una oportunidad de revancha, un intento por mostrar una versi\u00f3n distinta del participante que en 2003 qued\u00f3 marcado por episodios pol\u00e9micos. Sin embargo, <b>la reaparici\u00f3n medi\u00e1tica tambi\u00e9n reactiv\u00f3 viejos debates y abri\u00f3 nuevas preguntas sobre los l\u00edmites del entretenimiento y la responsabilidad de los relatos p\u00fablicos.<\/b><\/p>\n","protected":false},"excerpt":{"rendered":"<p>A m\u00e1s de dos d\u00e9cadas de su paso por Gran Hermano 2003, una historia que hab\u00eda quedado en la intimidad vuelve a salir a la luz con un relato tan crudo como movilizante. Romina Orthusteguy, expareja de Eduardo Carrera, decidi\u00f3 hablar por primera vez en profundidad sobre la relaci\u00f3n que comenz\u00f3 dentro de la casa&#8230;<\/p>\n","protected":false},"author":1,"featured_media":46363,"comment_status":"open","ping_status":"closed","sticky":false,"template":"","format":"standard","meta":{"_jetpack_memberships_contains_paid_content":false,"footnotes":""},"categories":[79],"tags":[],"class_list":["post-46359","post","type-post","status-publish","format-standard","has-post-thumbnail","hentry","category-cine-y-series"],"magazineBlocksPostFeaturedMedia":{"thumbnail":"https:\/\/lobosnews.com.ar\/wp-content\/uploads\/2026\/04\/reaparecio-romina-orthusteguy-ex-de-eduardo-carrera-de-gran-hermano-y-recordo-el-infierno-que-vivio-junto-a-el-2-150x150.jpg","medium":"https:\/\/lobosnews.com.ar\/wp-content\/uploads\/2026\/04\/reaparecio-romina-orthusteguy-ex-de-eduardo-carrera-de-gran-hermano-y-recordo-el-infierno-que-vivio-junto-a-el-2-300x157.jpg","medium_large":"https:\/\/lobosnews.com.ar\/wp-content\/uploads\/2026\/04\/reaparecio-romina-orthusteguy-ex-de-eduardo-carrera-de-gran-hermano-y-recordo-el-infierno-que-vivio-junto-a-el-2.jpg","large":"https:\/\/lobosnews.com.ar\/wp-content\/uploads\/2026\/04\/reaparecio-romina-orthusteguy-ex-de-eduardo-carrera-de-gran-hermano-y-recordo-el-infierno-que-vivio-junto-a-el-2.jpg","1536x1536":"https:\/\/lobosnews.com.ar\/wp-content\/uploads\/2026\/04\/reaparecio-romina-orthusteguy-ex-de-eduardo-carrera-de-gran-hermano-y-recordo-el-infierno-que-vivio-junto-a-el-2.jpg","2048x2048":"https:\/\/lobosnews.com.ar\/wp-content\/uploads\/2026\/04\/reaparecio-romina-orthusteguy-ex-de-eduardo-carrera-de-gran-hermano-y-recordo-el-infierno-que-vivio-junto-a-el-2.jpg","newsmatic-featured":"https:\/\/lobosnews.com.ar\/wp-content\/uploads\/2026\/04\/reaparecio-romina-orthusteguy-ex-de-eduardo-carrera-de-gran-hermano-y-recordo-el-infierno-que-vivio-junto-a-el-2.jpg","newsmatic-list":"https:\/\/lobosnews.com.ar\/wp-content\/uploads\/2026\/04\/reaparecio-romina-orthusteguy-ex-de-eduardo-carrera-de-gran-hermano-y-recordo-el-infierno-que-vivio-junto-a-el-2-600x400.jpg","newsmatic-thumb":"https:\/\/lobosnews.com.ar\/wp-content\/uploads\/2026\/04\/reaparecio-romina-orthusteguy-ex-de-eduardo-carrera-de-gran-hermano-y-recordo-el-infierno-que-vivio-junto-a-el-2-300x200.jpg","newsmatic-small":"https:\/\/lobosnews.com.ar\/wp-content\/uploads\/2026\/04\/reaparecio-romina-orthusteguy-ex-de-eduardo-carrera-de-gran-hermano-y-recordo-el-infierno-que-vivio-junto-a-el-2-150x95.jpg","newsmatic-grid":"https:\/\/lobosnews.com.ar\/wp-content\/uploads\/2026\/04\/reaparecio-romina-orthusteguy-ex-de-eduardo-carrera-de-gran-hermano-y-recordo-el-infierno-que-vivio-junto-a-el-2-400x250.jpg"},"magazineBlocksPostAuthor":{"name":"admin","avatar":"https:\/\/secure.gravatar.com\/avatar\/76e419471a2083bc3ceab22a763dbbf9b0c1bd15a6214cf3280e2c2dde4580f9?s=96&d=mm&r=g"},"magazineBlocksPostCommentsNumber":"0","magazineBlocksPostExcerpt":"A m\u00e1s de dos d\u00e9cadas de su paso por Gran Hermano 2003, una historia que hab\u00eda quedado en la intimidad vuelve a salir a la luz con un relato tan crudo como movilizante. Romina Orthusteguy, expareja de Eduardo Carrera, decidi\u00f3 hablar por primera vez en profundidad sobre la relaci\u00f3n que comenz\u00f3 dentro de la casa...","magazineBlocksPostCategories":["Cine y Series"],"magazineBlocksPostViewCount":6,"magazineBlocksPostReadTime":5,"magazine_blocks_featured_image_url":{"full":["https:\/\/lobosnews.com.ar\/wp-content\/uploads\/2026\/04\/reaparecio-romina-orthusteguy-ex-de-eduardo-carrera-de-gran-hermano-y-recordo-el-infierno-que-vivio-junto-a-el-2.jpg",768,402,false],"medium":["https:\/\/lobosnews.com.ar\/wp-content\/uploads\/2026\/04\/reaparecio-romina-orthusteguy-ex-de-eduardo-carrera-de-gran-hermano-y-recordo-el-infierno-que-vivio-junto-a-el-2-300x157.jpg",300,157,true],"thumbnail":["https:\/\/lobosnews.com.ar\/wp-content\/uploads\/2026\/04\/reaparecio-romina-orthusteguy-ex-de-eduardo-carrera-de-gran-hermano-y-recordo-el-infierno-que-vivio-junto-a-el-2-150x150.jpg",150,150,true]},"magazine_blocks_author":{"display_name":"admin","author_link":"https:\/\/lobosnews.com.ar\/index.php\/author\/lobos-news\/"},"magazine_blocks_comment":0,"magazine_blocks_author_image":"https:\/\/secure.gravatar.com\/avatar\/76e419471a2083bc3ceab22a763dbbf9b0c1bd15a6214cf3280e2c2dde4580f9?s=96&d=mm&r=g","magazine_blocks_category":"<a href=\"#\" class=\"category-link category-link-79\">Cine y Series<\/a>","yoast_head":"<!-- This site is optimized with the Yoast SEO plugin v26.6 - https:\/\/yoast.com\/wordpress\/plugins\/seo\/ -->\n<title>Reapareci\u00f3 Romina Orthusteguy, ex de Eduardo Carrera de Gran Hermano, y record\u00f3 el infierno que vivi\u00f3 junto a \u00e9l - Lobos News<\/title>\n<meta name=\"robots\" content=\"index, follow, max-snippet:-1, max-image-preview:large, max-video-preview:-1\" \/>\n<link rel=\"canonical\" href=\"https:\/\/lobosnews.com.ar\/index.php\/2026\/04\/28\/reaparecio-romina-orthusteguy-ex-de-eduardo-carrera-de-gran-hermano-y-recordo-el-infierno-que-vivio-junto-a-el\/\" \/>\n<meta property=\"og:locale\" content=\"es_ES\" \/>\n<meta property=\"og:type\" content=\"article\" \/>\n<meta property=\"og:title\" content=\"Reapareci\u00f3 Romina Orthusteguy, ex de Eduardo Carrera de Gran Hermano, y record\u00f3 el infierno que vivi\u00f3 junto a \u00e9l - Lobos News\" \/>\n<meta property=\"og:description\" content=\"A m\u00e1s de dos d\u00e9cadas de su paso por Gran Hermano 2003, una historia que hab\u00eda quedado en la intimidad vuelve a salir a la luz con un relato tan crudo como movilizante. Romina Orthusteguy, expareja de Eduardo Carrera, decidi\u00f3 hablar por primera vez en profundidad sobre la relaci\u00f3n que comenz\u00f3 dentro de la casa...\" \/>\n<meta property=\"og:url\" content=\"https:\/\/lobosnews.com.ar\/index.php\/2026\/04\/28\/reaparecio-romina-orthusteguy-ex-de-eduardo-carrera-de-gran-hermano-y-recordo-el-infierno-que-vivio-junto-a-el\/\" \/>\n<meta property=\"og:site_name\" content=\"Lobos News\" \/>\n<meta property=\"article:published_time\" content=\"2026-04-28T02:11:04+00:00\" \/>\n<meta property=\"article:modified_time\" content=\"2026-04-28T02:50:53+00:00\" \/>\n<meta property=\"og:image\" content=\"https:\/\/lobosnews.com.ar\/wp-content\/uploads\/2026\/04\/reaparecio-romina-orthusteguy-ex-de-eduardo-carrera-de-gran-hermano-y-recordo-el-infierno-que-vivio-junto-a-el.jpg\" \/>\n<meta name=\"author\" content=\"admin\" \/>\n<meta name=\"twitter:card\" content=\"summary_large_image\" \/>\n<meta name=\"twitter:label1\" content=\"Escrito por\" \/>\n\t<meta name=\"twitter:data1\" content=\"admin\" \/>\n\t<meta name=\"twitter:label2\" content=\"Tiempo de lectura\" \/>\n\t<meta name=\"twitter:data2\" content=\"4 minutos\" \/>\n<script type=\"application\/ld+json\" class=\"yoast-schema-graph\">{\"@context\":\"https:\/\/schema.org\",\"@graph\":[{\"@type\":\"Article\",\"@id\":\"https:\/\/lobosnews.com.ar\/index.php\/2026\/04\/28\/reaparecio-romina-orthusteguy-ex-de-eduardo-carrera-de-gran-hermano-y-recordo-el-infierno-que-vivio-junto-a-el\/#article\",\"isPartOf\":{\"@id\":\"https:\/\/lobosnews.com.ar\/index.php\/2026\/04\/28\/reaparecio-romina-orthusteguy-ex-de-eduardo-carrera-de-gran-hermano-y-recordo-el-infierno-que-vivio-junto-a-el\/\"},\"author\":{\"name\":\"admin\",\"@id\":\"https:\/\/lobosnews.com.ar\/#\/schema\/person\/232422a593d5c541dd9aef6aaed10943\"},\"headline\":\"Reapareci\u00f3 Romina Orthusteguy, ex de Eduardo Carrera de Gran Hermano, y record\u00f3 el infierno que vivi\u00f3 junto a \u00e9l\",\"datePublished\":\"2026-04-28T02:11:04+00:00\",\"dateModified\":\"2026-04-28T02:50:53+00:00\",\"mainEntityOfPage\":{\"@id\":\"https:\/\/lobosnews.com.ar\/index.php\/2026\/04\/28\/reaparecio-romina-orthusteguy-ex-de-eduardo-carrera-de-gran-hermano-y-recordo-el-infierno-que-vivio-junto-a-el\/\"},\"wordCount\":849,\"commentCount\":0,\"publisher\":{\"@id\":\"https:\/\/lobosnews.com.ar\/#organization\"},\"image\":{\"@id\":\"https:\/\/lobosnews.com.ar\/index.php\/2026\/04\/28\/reaparecio-romina-orthusteguy-ex-de-eduardo-carrera-de-gran-hermano-y-recordo-el-infierno-que-vivio-junto-a-el\/#primaryimage\"},\"thumbnailUrl\":\"https:\/\/lobosnews.com.ar\/wp-content\/uploads\/2026\/04\/reaparecio-romina-orthusteguy-ex-de-eduardo-carrera-de-gran-hermano-y-recordo-el-infierno-que-vivio-junto-a-el-2.jpg\",\"articleSection\":[\"Cine y Series\"],\"inLanguage\":\"es\",\"potentialAction\":[{\"@type\":\"CommentAction\",\"name\":\"Comment\",\"target\":[\"https:\/\/lobosnews.com.ar\/index.php\/2026\/04\/28\/reaparecio-romina-orthusteguy-ex-de-eduardo-carrera-de-gran-hermano-y-recordo-el-infierno-que-vivio-junto-a-el\/#respond\"]}]},{\"@type\":\"WebPage\",\"@id\":\"https:\/\/lobosnews.com.ar\/index.php\/2026\/04\/28\/reaparecio-romina-orthusteguy-ex-de-eduardo-carrera-de-gran-hermano-y-recordo-el-infierno-que-vivio-junto-a-el\/\",\"url\":\"https:\/\/lobosnews.com.ar\/index.php\/2026\/04\/28\/reaparecio-romina-orthusteguy-ex-de-eduardo-carrera-de-gran-hermano-y-recordo-el-infierno-que-vivio-junto-a-el\/\",\"name\":\"Reapareci\u00f3 Romina Orthusteguy, ex de Eduardo Carrera de Gran Hermano, y record\u00f3 el infierno que vivi\u00f3 junto a \u00e9l - Lobos News\",\"isPartOf\":{\"@id\":\"https:\/\/lobosnews.com.ar\/#website\"},\"primaryImageOfPage\":{\"@id\":\"https:\/\/lobosnews.com.ar\/index.php\/2026\/04\/28\/reaparecio-romina-orthusteguy-ex-de-eduardo-carrera-de-gran-hermano-y-recordo-el-infierno-que-vivio-junto-a-el\/#primaryimage\"},\"image\":{\"@id\":\"https:\/\/lobosnews.com.ar\/index.php\/2026\/04\/28\/reaparecio-romina-orthusteguy-ex-de-eduardo-carrera-de-gran-hermano-y-recordo-el-infierno-que-vivio-junto-a-el\/#primaryimage\"},\"thumbnailUrl\":\"https:\/\/lobosnews.com.ar\/wp-content\/uploads\/2026\/04\/reaparecio-romina-orthusteguy-ex-de-eduardo-carrera-de-gran-hermano-y-recordo-el-infierno-que-vivio-junto-a-el-2.jpg\",\"datePublished\":\"2026-04-28T02:11:04+00:00\",\"dateModified\":\"2026-04-28T02:50:53+00:00\",\"breadcrumb\":{\"@id\":\"https:\/\/lobosnews.com.ar\/index.php\/2026\/04\/28\/reaparecio-romina-orthusteguy-ex-de-eduardo-carrera-de-gran-hermano-y-recordo-el-infierno-que-vivio-junto-a-el\/#breadcrumb\"},\"inLanguage\":\"es\",\"potentialAction\":[{\"@type\":\"ReadAction\",\"target\":[\"https:\/\/lobosnews.com.ar\/index.php\/2026\/04\/28\/reaparecio-romina-orthusteguy-ex-de-eduardo-carrera-de-gran-hermano-y-recordo-el-infierno-que-vivio-junto-a-el\/\"]}]},{\"@type\":\"ImageObject\",\"inLanguage\":\"es\",\"@id\":\"https:\/\/lobosnews.com.ar\/index.php\/2026\/04\/28\/reaparecio-romina-orthusteguy-ex-de-eduardo-carrera-de-gran-hermano-y-recordo-el-infierno-que-vivio-junto-a-el\/#primaryimage\",\"url\":\"https:\/\/lobosnews.com.ar\/wp-content\/uploads\/2026\/04\/reaparecio-romina-orthusteguy-ex-de-eduardo-carrera-de-gran-hermano-y-recordo-el-infierno-que-vivio-junto-a-el-2.jpg\",\"contentUrl\":\"https:\/\/lobosnews.com.ar\/wp-content\/uploads\/2026\/04\/reaparecio-romina-orthusteguy-ex-de-eduardo-carrera-de-gran-hermano-y-recordo-el-infierno-que-vivio-junto-a-el-2.jpg\",\"width\":768,\"height\":402,\"caption\":\"Reapareci\u00f3 Romina Orthusteguy, ex de Eduardo Carrera de Gran Hermano, y record\u00f3 el infierno que vivi\u00f3 junto a \u00e9l\"},{\"@type\":\"BreadcrumbList\",\"@id\":\"https:\/\/lobosnews.com.ar\/index.php\/2026\/04\/28\/reaparecio-romina-orthusteguy-ex-de-eduardo-carrera-de-gran-hermano-y-recordo-el-infierno-que-vivio-junto-a-el\/#breadcrumb\",\"itemListElement\":[{\"@type\":\"ListItem\",\"position\":1,\"name\":\"Portada\",\"item\":\"https:\/\/lobosnews.com.ar\/\"},{\"@type\":\"ListItem\",\"position\":2,\"name\":\"Reapareci\u00f3 Romina Orthusteguy, ex de Eduardo Carrera de Gran Hermano, y record\u00f3 el infierno que vivi\u00f3 junto a \u00e9l\"}]},{\"@type\":\"WebSite\",\"@id\":\"https:\/\/lobosnews.com.ar\/#website\",\"url\":\"https:\/\/lobosnews.com.ar\/\",\"name\":\"Lobos News\",\"description\":\"Informaci\u00f3n a cada instante\",\"publisher\":{\"@id\":\"https:\/\/lobosnews.com.ar\/#organization\"},\"potentialAction\":[{\"@type\":\"SearchAction\",\"target\":{\"@type\":\"EntryPoint\",\"urlTemplate\":\"https:\/\/lobosnews.com.ar\/?s={search_term_string}\"},\"query-input\":{\"@type\":\"PropertyValueSpecification\",\"valueRequired\":true,\"valueName\":\"search_term_string\"}}],\"inLanguage\":\"es\"},{\"@type\":\"Organization\",\"@id\":\"https:\/\/lobosnews.com.ar\/#organization\",\"name\":\"Lobos News\",\"url\":\"https:\/\/lobosnews.com.ar\/\",\"logo\":{\"@type\":\"ImageObject\",\"inLanguage\":\"es\",\"@id\":\"https:\/\/lobosnews.com.ar\/#\/schema\/logo\/image\/\",\"url\":\"https:\/\/lobosnews.com.ar\/wp-content\/uploads\/2026\/01\/logo-lobosnews.png\",\"contentUrl\":\"https:\/\/lobosnews.com.ar\/wp-content\/uploads\/2026\/01\/logo-lobosnews.png\",\"width\":500,\"height\":200,\"caption\":\"Lobos News\"},\"image\":{\"@id\":\"https:\/\/lobosnews.com.ar\/#\/schema\/logo\/image\/\"}},{\"@type\":\"Person\",\"@id\":\"https:\/\/lobosnews.com.ar\/#\/schema\/person\/232422a593d5c541dd9aef6aaed10943\",\"name\":\"admin\",\"image\":{\"@type\":\"ImageObject\",\"inLanguage\":\"es\",\"@id\":\"https:\/\/lobosnews.com.ar\/#\/schema\/person\/image\/\",\"url\":\"https:\/\/secure.gravatar.com\/avatar\/76e419471a2083bc3ceab22a763dbbf9b0c1bd15a6214cf3280e2c2dde4580f9?s=96&d=mm&r=g\",\"contentUrl\":\"https:\/\/secure.gravatar.com\/avatar\/76e419471a2083bc3ceab22a763dbbf9b0c1bd15a6214cf3280e2c2dde4580f9?s=96&d=mm&r=g\",\"caption\":\"admin\"},\"sameAs\":[\"https:\/\/lobosnews.com.ar\"],\"url\":\"https:\/\/lobosnews.com.ar\/index.php\/author\/lobos-news\/\"}]}<\/script>\n<!-- \/ Yoast SEO plugin. -->","yoast_head_json":{"title":"Reapareci\u00f3 Romina Orthusteguy, ex de Eduardo Carrera de Gran Hermano, y record\u00f3 el infierno que vivi\u00f3 junto a \u00e9l - Lobos News","robots":{"index":"index","follow":"follow","max-snippet":"max-snippet:-1","max-image-preview":"max-image-preview:large","max-video-preview":"max-video-preview:-1"},"canonical":"https:\/\/lobosnews.com.ar\/index.php\/2026\/04\/28\/reaparecio-romina-orthusteguy-ex-de-eduardo-carrera-de-gran-hermano-y-recordo-el-infierno-que-vivio-junto-a-el\/","og_locale":"es_ES","og_type":"article","og_title":"Reapareci\u00f3 Romina Orthusteguy, ex de Eduardo Carrera de Gran Hermano, y record\u00f3 el infierno que vivi\u00f3 junto a \u00e9l - Lobos News","og_description":"A m\u00e1s de dos d\u00e9cadas de su paso por Gran Hermano 2003, una historia que hab\u00eda quedado en la intimidad vuelve a salir a la luz con un relato tan crudo como movilizante. Romina Orthusteguy, expareja de Eduardo Carrera, decidi\u00f3 hablar por primera vez en profundidad sobre la relaci\u00f3n que comenz\u00f3 dentro de la casa...","og_url":"https:\/\/lobosnews.com.ar\/index.php\/2026\/04\/28\/reaparecio-romina-orthusteguy-ex-de-eduardo-carrera-de-gran-hermano-y-recordo-el-infierno-que-vivio-junto-a-el\/","og_site_name":"Lobos News","article_published_time":"2026-04-28T02:11:04+00:00","article_modified_time":"2026-04-28T02:50:53+00:00","og_image":[{"url":"https:\/\/lobosnews.com.ar\/wp-content\/uploads\/2026\/04\/reaparecio-romina-orthusteguy-ex-de-eduardo-carrera-de-gran-hermano-y-recordo-el-infierno-que-vivio-junto-a-el.jpg","type":"","width":"","height":""}],"author":"admin","twitter_card":"summary_large_image","twitter_misc":{"Escrito por":"admin","Tiempo de lectura":"4 minutos"},"schema":{"@context":"https:\/\/schema.org","@graph":[{"@type":"Article","@id":"https:\/\/lobosnews.com.ar\/index.php\/2026\/04\/28\/reaparecio-romina-orthusteguy-ex-de-eduardo-carrera-de-gran-hermano-y-recordo-el-infierno-que-vivio-junto-a-el\/#article","isPartOf":{"@id":"https:\/\/lobosnews.com.ar\/index.php\/2026\/04\/28\/reaparecio-romina-orthusteguy-ex-de-eduardo-carrera-de-gran-hermano-y-recordo-el-infierno-que-vivio-junto-a-el\/"},"author":{"name":"admin","@id":"https:\/\/lobosnews.com.ar\/#\/schema\/person\/232422a593d5c541dd9aef6aaed10943"},"headline":"Reapareci\u00f3 Romina Orthusteguy, ex de Eduardo Carrera de Gran Hermano, y record\u00f3 el infierno que vivi\u00f3 junto a \u00e9l","datePublished":"2026-04-28T02:11:04+00:00","dateModified":"2026-04-28T02:50:53+00:00","mainEntityOfPage":{"@id":"https:\/\/lobosnews.com.ar\/index.php\/2026\/04\/28\/reaparecio-romina-orthusteguy-ex-de-eduardo-carrera-de-gran-hermano-y-recordo-el-infierno-que-vivio-junto-a-el\/"},"wordCount":849,"commentCount":0,"publisher":{"@id":"https:\/\/lobosnews.com.ar\/#organization"},"image":{"@id":"https:\/\/lobosnews.com.ar\/index.php\/2026\/04\/28\/reaparecio-romina-orthusteguy-ex-de-eduardo-carrera-de-gran-hermano-y-recordo-el-infierno-que-vivio-junto-a-el\/#primaryimage"},"thumbnailUrl":"https:\/\/lobosnews.com.ar\/wp-content\/uploads\/2026\/04\/reaparecio-romina-orthusteguy-ex-de-eduardo-carrera-de-gran-hermano-y-recordo-el-infierno-que-vivio-junto-a-el-2.jpg","articleSection":["Cine y Series"],"inLanguage":"es","potentialAction":[{"@type":"CommentAction","name":"Comment","target":["https:\/\/lobosnews.com.ar\/index.php\/2026\/04\/28\/reaparecio-romina-orthusteguy-ex-de-eduardo-carrera-de-gran-hermano-y-recordo-el-infierno-que-vivio-junto-a-el\/#respond"]}]},{"@type":"WebPage","@id":"https:\/\/lobosnews.com.ar\/index.php\/2026\/04\/28\/reaparecio-romina-orthusteguy-ex-de-eduardo-carrera-de-gran-hermano-y-recordo-el-infierno-que-vivio-junto-a-el\/","url":"https:\/\/lobosnews.com.ar\/index.php\/2026\/04\/28\/reaparecio-romina-orthusteguy-ex-de-eduardo-carrera-de-gran-hermano-y-recordo-el-infierno-que-vivio-junto-a-el\/","name":"Reapareci\u00f3 Romina Orthusteguy, ex de Eduardo Carrera de Gran Hermano, y record\u00f3 el infierno que vivi\u00f3 junto a \u00e9l - Lobos News","isPartOf":{"@id":"https:\/\/lobosnews.com.ar\/#website"},"primaryImageOfPage":{"@id":"https:\/\/lobosnews.com.ar\/index.php\/2026\/04\/28\/reaparecio-romina-orthusteguy-ex-de-eduardo-carrera-de-gran-hermano-y-recordo-el-infierno-que-vivio-junto-a-el\/#primaryimage"},"image":{"@id":"https:\/\/lobosnews.com.ar\/index.php\/2026\/04\/28\/reaparecio-romina-orthusteguy-ex-de-eduardo-carrera-de-gran-hermano-y-recordo-el-infierno-que-vivio-junto-a-el\/#primaryimage"},"thumbnailUrl":"https:\/\/lobosnews.com.ar\/wp-content\/uploads\/2026\/04\/reaparecio-romina-orthusteguy-ex-de-eduardo-carrera-de-gran-hermano-y-recordo-el-infierno-que-vivio-junto-a-el-2.jpg","datePublished":"2026-04-28T02:11:04+00:00","dateModified":"2026-04-28T02:50:53+00:00","breadcrumb":{"@id":"https:\/\/lobosnews.com.ar\/index.php\/2026\/04\/28\/reaparecio-romina-orthusteguy-ex-de-eduardo-carrera-de-gran-hermano-y-recordo-el-infierno-que-vivio-junto-a-el\/#breadcrumb"},"inLanguage":"es","potentialAction":[{"@type":"ReadAction","target":["https:\/\/lobosnews.com.ar\/index.php\/2026\/04\/28\/reaparecio-romina-orthusteguy-ex-de-eduardo-carrera-de-gran-hermano-y-recordo-el-infierno-que-vivio-junto-a-el\/"]}]},{"@type":"ImageObject","inLanguage":"es","@id":"https:\/\/lobosnews.com.ar\/index.php\/2026\/04\/28\/reaparecio-romina-orthusteguy-ex-de-eduardo-carrera-de-gran-hermano-y-recordo-el-infierno-que-vivio-junto-a-el\/#primaryimage","url":"https:\/\/lobosnews.com.ar\/wp-content\/uploads\/2026\/04\/reaparecio-romina-orthusteguy-ex-de-eduardo-carrera-de-gran-hermano-y-recordo-el-infierno-que-vivio-junto-a-el-2.jpg","contentUrl":"https:\/\/lobosnews.com.ar\/wp-content\/uploads\/2026\/04\/reaparecio-romina-orthusteguy-ex-de-eduardo-carrera-de-gran-hermano-y-recordo-el-infierno-que-vivio-junto-a-el-2.jpg","width":768,"height":402,"caption":"Reapareci\u00f3 Romina Orthusteguy, ex de Eduardo Carrera de Gran Hermano, y record\u00f3 el infierno que vivi\u00f3 junto a \u00e9l"},{"@type":"BreadcrumbList","@id":"https:\/\/lobosnews.com.ar\/index.php\/2026\/04\/28\/reaparecio-romina-orthusteguy-ex-de-eduardo-carrera-de-gran-hermano-y-recordo-el-infierno-que-vivio-junto-a-el\/#breadcrumb","itemListElement":[{"@type":"ListItem","position":1,"name":"Portada","item":"https:\/\/lobosnews.com.ar\/"},{"@type":"ListItem","position":2,"name":"Reapareci\u00f3 Romina Orthusteguy, ex de Eduardo Carrera de Gran Hermano, y record\u00f3 el infierno que vivi\u00f3 junto a \u00e9l"}]},{"@type":"WebSite","@id":"https:\/\/lobosnews.com.ar\/#website","url":"https:\/\/lobosnews.com.ar\/","name":"Lobos News","description":"Informaci\u00f3n a cada instante","publisher":{"@id":"https:\/\/lobosnews.com.ar\/#organization"},"potentialAction":[{"@type":"SearchAction","target":{"@type":"EntryPoint","urlTemplate":"https:\/\/lobosnews.com.ar\/?s={search_term_string}"},"query-input":{"@type":"PropertyValueSpecification","valueRequired":true,"valueName":"search_term_string"}}],"inLanguage":"es"},{"@type":"Organization","@id":"https:\/\/lobosnews.com.ar\/#organization","name":"Lobos News","url":"https:\/\/lobosnews.com.ar\/","logo":{"@type":"ImageObject","inLanguage":"es","@id":"https:\/\/lobosnews.com.ar\/#\/schema\/logo\/image\/","url":"https:\/\/lobosnews.com.ar\/wp-content\/uploads\/2026\/01\/logo-lobosnews.png","contentUrl":"https:\/\/lobosnews.com.ar\/wp-content\/uploads\/2026\/01\/logo-lobosnews.png","width":500,"height":200,"caption":"Lobos News"},"image":{"@id":"https:\/\/lobosnews.com.ar\/#\/schema\/logo\/image\/"}},{"@type":"Person","@id":"https:\/\/lobosnews.com.ar\/#\/schema\/person\/232422a593d5c541dd9aef6aaed10943","name":"admin","image":{"@type":"ImageObject","inLanguage":"es","@id":"https:\/\/lobosnews.com.ar\/#\/schema\/person\/image\/","url":"https:\/\/secure.gravatar.com\/avatar\/76e419471a2083bc3ceab22a763dbbf9b0c1bd15a6214cf3280e2c2dde4580f9?s=96&d=mm&r=g","contentUrl":"https:\/\/secure.gravatar.com\/avatar\/76e419471a2083bc3ceab22a763dbbf9b0c1bd15a6214cf3280e2c2dde4580f9?s=96&d=mm&r=g","caption":"admin"},"sameAs":["https:\/\/lobosnews.com.ar"],"url":"https:\/\/lobosnews.com.ar\/index.php\/author\/lobos-news\/"}]}},"jetpack_featured_media_url":"https:\/\/lobosnews.com.ar\/wp-content\/uploads\/2026\/04\/reaparecio-romina-orthusteguy-ex-de-eduardo-carrera-de-gran-hermano-y-recordo-el-infierno-que-vivio-junto-a-el-2.jpg","jetpack_sharing_enabled":true,"_links":{"self":[{"href":"https:\/\/lobosnews.com.ar\/index.php\/wp-json\/wp\/v2\/posts\/46359","targetHints":{"allow":["GET"]}}],"collection":[{"href":"https:\/\/lobosnews.com.ar\/index.php\/wp-json\/wp\/v2\/posts"}],"about":[{"href":"https:\/\/lobosnews.com.ar\/index.php\/wp-json\/wp\/v2\/types\/post"}],"author":[{"embeddable":true,"href":"https:\/\/lobosnews.com.ar\/index.php\/wp-json\/wp\/v2\/users\/1"}],"replies":[{"embeddable":true,"href":"https:\/\/lobosnews.com.ar\/index.php\/wp-json\/wp\/v2\/comments?post=46359"}],"version-history":[{"count":1,"href":"https:\/\/lobosnews.com.ar\/index.php\/wp-json\/wp\/v2\/posts\/46359\/revisions"}],"predecessor-version":[{"id":46362,"href":"https:\/\/lobosnews.com.ar\/index.php\/wp-json\/wp\/v2\/posts\/46359\/revisions\/46362"}],"wp:featuredmedia":[{"embeddable":true,"href":"https:\/\/lobosnews.com.ar\/index.php\/wp-json\/wp\/v2\/media\/46363"}],"wp:attachment":[{"href":"https:\/\/lobosnews.com.ar\/index.php\/wp-json\/wp\/v2\/media?parent=46359"}],"wp:term":[{"taxonomy":"category","embeddable":true,"href":"https:\/\/lobosnews.com.ar\/index.php\/wp-json\/wp\/v2\/categories?post=46359"},{"taxonomy":"post_tag","embeddable":true,"href":"https:\/\/lobosnews.com.ar\/index.php\/wp-json\/wp\/v2\/tags?post=46359"}],"curies":[{"name":"wp","href":"https:\/\/api.w.org\/{rel}","templated":true}]}}