{"id":46352,"date":"2026-04-28T00:11:05","date_gmt":"2026-04-28T00:11:05","guid":{"rendered":"https:\/\/lobosnews.com.ar\/index.php\/2026\/04\/28\/marco-rubio-rechazo-la-oferta-irani-sobre-el-estrecho-de-ormuz-y-acuso-a-teheran-de-querer-cobrar-peaje-por-una-via-internacional\/"},"modified":"2026-04-28T02:36:17","modified_gmt":"2026-04-28T02:36:17","slug":"marco-rubio-rechazo-la-oferta-irani-sobre-el-estrecho-de-ormuz-y-acuso-a-teheran-de-querer-cobrar-peaje-por-una-via-internacional","status":"publish","type":"post","link":"https:\/\/lobosnews.com.ar\/index.php\/2026\/04\/28\/marco-rubio-rechazo-la-oferta-irani-sobre-el-estrecho-de-ormuz-y-acuso-a-teheran-de-querer-cobrar-peaje-por-una-via-internacional\/","title":{"rendered":"Marco Rubio rechaz\u00f3 la oferta iran\u00ed sobre el estrecho de Ormuz y acus\u00f3 a Teher\u00e1n de querer cobrar peaje por una v\u00eda internacional"},"content":{"rendered":"<p><img loading=\"lazy\" decoding=\"async\" src=\"https:\/\/lobosnews.com.ar\/wp-content\/uploads\/2026\/04\/marco-rubio-rechazo-la-oferta-irani-sobre-el-estrecho-de-ormuz-y-acuso-a-teheran-de-querer-cobrar-peaje-por-una-via-internacional.jpg\" alt=\"El secretario de Estado de Estados Unidos, Marco Rubio, asiste a la ceremonia de firma de un Memorando de Entendimiento (MOU) con el comisario europeo de Comercio y Seguridad Econ\u00f3mica, Maros Sefcovic (no aparece en la imagen), en el Departamento de Estado en Washington, DC, EEUU, el 24 de abril de 2026\nREUTERS\/Ken Cedeno\" height=\"3667\" width=\"5500\"\/><\/p>\n<p>El secretario de Estado de Estados Unidos, <b>Marco Rubio<\/b>, descart\u00f3 este lunes la propuesta que Ir\u00e1n transmiti\u00f3 a Washington a trav\u00e9s de la mediaci\u00f3n paquistan\u00ed, al considerar que <b>Teher\u00e1n no pretende abrir el estrecho de Ormuz en t\u00e9rminos reales<\/b>, sino convertirlo en una v\u00eda de tr\u00e1nsito condicionada a su propio consentimiento y al pago de tarifas. La declaraci\u00f3n agudiz\u00f3 el bloqueo diplom\u00e1tico entre ambas potencias, que llevan dos meses enredadas en un conflicto iniciado el 28 de febrero con los ataques estadounidenses e israel\u00edes sobre Ir\u00e1n.<\/p>\n<p>\u201cSi con \u2018abrir el estrecho\u2019 quieren decir que s\u00ed, que el estrecho est\u00e1 abierto siempre y cuando coordinen con Ir\u00e1n, obtengan nuestro permiso o los haremos volar por los aires y nos paguen, eso no es abrir el estrecho\u201d, afirm\u00f3 Rubio en una entrevista con la cadena <i>Fox News<\/i>. El jefe de la diplomacia estadounidense fue tajante al agregar que su pa\u00eds<b> no puede tolerar que Ir\u00e1n pretenda normalizar un sistema en el que decida qui\u00e9n usa una v\u00eda mar\u00edtima internacional<\/b> y cu\u00e1nto debe pagar por ese tr\u00e1nsito.<\/p>\n<p>Por otro lado, en la entrevista se le pregunt\u00f3 a Rubio sobre la \u00faltima propuesta de Ir\u00e1n, que pospondr\u00eda las conversaciones sobre su programa nuclear, pero pondr\u00eda fin a su control sobre el estrecho de Ormuz si Estados Unidos levanta el bloqueo y termina la guerra.<\/p>\n<p>\u201c<b>No me cabe duda de que, si este r\u00e9gimen clerical radical sigue en el poder en Ir\u00e1n, en alg\u00fan momento decidir\u00e1n que quieren un arma nuclear<\/b>\u201d, afirm\u00f3 Rubio. \u201cEsa cuesti\u00f3n fundamental a\u00fan debe abordarse\u201d, a\u00f1adi\u00f3. \u201cSigue siendo el tema central\u201d.<\/p>\n<p><img loading=\"lazy\" decoding=\"async\" src=\"https:\/\/lobosnews.com.ar\/wp-content\/uploads\/2026\/04\/marco-rubio-rechazo-la-oferta-irani-sobre-el-estrecho-de-ormuz-y-acuso-a-teheran-de-querer-cobrar-peaje-por-una-via-internacional-1.jpg\" alt=\"El presidente de Estados Unidos, Donald Trump, el secretario de Defensa, Pete Hegseth, y el secretario de Estado, Marco Rubio, asisten a una conferencia de prensa en la cumbre de la OTAN en La Haya, Pa\u00edses Bajos, el 25 de junio de 2025. REUTERS\/Piroschka Van De Wouw\/Foto de archivo\" height=\"2671\" width=\"4006\"\/><\/p>\n<p>Al pregunt\u00e1rsele si cre\u00eda que los iran\u00edes hablaban en serio sobre llegar a un acuerdo, Rubio respondi\u00f3 que son negociadores h\u00e1biles que buscan ganar tiempo.<\/p>\n<p>\u201c<b>No podemos permitir que se salgan con la suya<\/b>\u201d, declar\u00f3 Rubio. \u201cDebemos asegurarnos de que cualquier acuerdo que se alcance les impida definitivamente avanzar hacia un arma nuclear en cualquier momento\u201d.<\/p>\n<p>Las declaraciones de Rubio respondieron a una propuesta que el canciller iran\u00ed, Abbas Araqchi, hab\u00eda transmitido a los mediadores paquistan\u00edes durante su visita del fin de semana a Islamabad. Seg\u00fan el portal <i>Axios<\/i>, que cit\u00f3 a funcionarios regionales con conocimiento de las conversaciones, Ir\u00e1n plante\u00f3 reabrir el estrecho y poner fin a la guerra sin incluir en ese paquete las negociaciones sobre su programa nuclear, con la condici\u00f3n de que <b>Estados Unidos levantara a su vez el <\/b><span class=\"waslinkname\"><b>bloqueo naval que mantiene sobre los puertos iran\u00edes<\/b><\/span>. La propuesta fue rechazada de facto por Washington antes de ser formalmente debatida.<\/p>\n<p>El presidente <b>Donald Trump <\/b>cancel\u00f3 el fin de semana el viaje de sus enviados \u2014<b>Steve Witkoff<\/b> y <b>Jared Kushner<\/b>\u2014 a Islamabad, donde se esperaba una nueva ronda de negociaciones directas. Horas despu\u00e9s, Trump afirm\u00f3 ante la prensa que, apenas diez minutos despu\u00e9s de esa cancelaci\u00f3n, Ir\u00e1n hab\u00eda enviado una propuesta \u201cmucho mejor\u201d, aunque no ofreci\u00f3 detalles. El mandatario insisti\u00f3 en que cualquier acuerdo permanente deber\u00e1 incluir el desmantelamiento del programa nuclear iran\u00ed, condici\u00f3n que Teher\u00e1n ha rechazado sistem\u00e1ticamente.<\/p>\n<p><img loading=\"lazy\" decoding=\"async\" src=\"https:\/\/lobosnews.com.ar\/wp-content\/uploads\/2026\/04\/marco-rubio-rechazo-la-oferta-irani-sobre-el-estrecho-de-ormuz-y-acuso-a-teheran-de-querer-cobrar-peaje-por-una-via-internacional-2.jpg\" alt=\"Buques y embarcaciones en el estrecho de Ormuz, Musandam, Om\u00e1n. 24 de abril de 2026\nREUTERS\" height=\"450\" width=\"800\"\/><\/p>\n<p>Araqchi abandon\u00f3 Pakist\u00e1n sin esperar la llegada de los enviados estadounidenses y viaj\u00f3 a Om\u00e1n antes de dirigirse este lunes a San Petersburgo, donde <b>se reuni\u00f3 con el presidente ruso, Vlad\u00edmir Putin<\/b>. \u201cEs una buena oportunidad para consultar con nuestros amigos rusos sobre los desarrollos ocurridos durante este per\u00edodo\u201d, declar\u00f3 el canciller iran\u00ed a la agencia estatal <i>IRNA<\/i>. <b>Rusia y China son los principales aliados de Teher\u00e1n<\/b> y han rechazado las sanciones que Washington impuso a empresas que compran petr\u00f3leo iran\u00ed.<\/p>\n<p><b>El estrecho de Ormuz permanece efectivamente cerrado desde el inicio del conflicto<\/b>. Por ese corredor circula habitualmente cerca de una quinta parte del petr\u00f3leo y el gas natural licuado que se comercia en el mundo, y su cierre ha disparado los precios de los combustibles e impactado la inflaci\u00f3n en Estados Unidos y en otros pa\u00edses dependientes de esa ruta. El CENTCOM inform\u00f3 este lunes que sus fuerzas impidieron el paso de 38 embarcaciones en el estrecho como parte del bloqueo naval ordenado por Trump, que Washington mantiene pese al alto el fuego vigente desde principios de abril.<\/p>\n<p>En ese contexto, Rubio a\u00f1adi\u00f3 una capa de an\u00e1lisis pol\u00edtico sobre la situaci\u00f3n interna iran\u00ed. <b>Calific\u00f3 de \u201cextremistas\u201d a quienes gobiernan el pa\u00eds y les atribuy\u00f3 \u201cuna visi\u00f3n apocal\u00edptica del futuro\u201d<\/b>. Tambi\u00e9n apunt\u00f3 hacia el nuevo l\u00edder supremo, el ayatol\u00e1 Mojtaba Khamenei, nombrado por la Asamblea de Expertos tras la muerte de su padre, Al\u00ed Khamenei, en los ataques del 28 de febrero. \u201cAhora que tenemos un l\u00edder supremo cuya credibilidad a\u00fan no se ha puesto a prueba, cuyo acceso es cuestionable, que no se ha dejado ver p\u00fablicamente, que no se ha pronunciado, que no hemos escuchado su voz, creo que eso tambi\u00e9n genera tensi\u00f3n en el sistema\u201d, sostuvo Rubio.<\/p>\n<p>La ausencia p\u00fablica de Mojtaba Khamenei, de 56 a\u00f1os, ha alimentado especulaciones sobre su estado de salud y su control efectivo del poder. M\u00e1s de seis semanas despu\u00e9s de su designaci\u00f3n como tercer l\u00edder supremo de la Rep\u00fablica Isl\u00e1mica, <b>el cl\u00e9rigo no ha aparecido en p\u00fablico<\/b>. Sus declaraciones han sido le\u00eddas en televisi\u00f3n o publicadas en redes sociales. <\/p>\n","protected":false},"excerpt":{"rendered":"<p>El secretario de Estado de Estados Unidos, Marco Rubio, descart\u00f3 este lunes la propuesta que Ir\u00e1n transmiti\u00f3 a Washington a trav\u00e9s de la mediaci\u00f3n paquistan\u00ed, al considerar que Teher\u00e1n no pretende abrir el estrecho de Ormuz en t\u00e9rminos reales, sino convertirlo en una v\u00eda de tr\u00e1nsito condicionada a su propio consentimiento y al pago de&#8230;<\/p>\n","protected":false},"author":1,"featured_media":46357,"comment_status":"open","ping_status":"closed","sticky":false,"template":"","format":"standard","meta":{"_jetpack_memberships_contains_paid_content":false,"footnotes":""},"categories":[31],"tags":[],"class_list":["post-46352","post","type-post","status-publish","format-standard","has-post-thumbnail","hentry","category-actualidad"],"magazineBlocksPostFeaturedMedia":{"thumbnail":"https:\/\/lobosnews.com.ar\/wp-content\/uploads\/2026\/04\/marco-rubio-rechazo-la-oferta-irani-sobre-el-estrecho-de-ormuz-y-acuso-a-teheran-de-querer-cobrar-peaje-por-una-via-internacional-4-150x150.jpg","medium":"https:\/\/lobosnews.com.ar\/wp-content\/uploads\/2026\/04\/marco-rubio-rechazo-la-oferta-irani-sobre-el-estrecho-de-ormuz-y-acuso-a-teheran-de-querer-cobrar-peaje-por-una-via-internacional-4-300x169.jpg","medium_large":"https:\/\/lobosnews.com.ar\/wp-content\/uploads\/2026\/04\/marco-rubio-rechazo-la-oferta-irani-sobre-el-estrecho-de-ormuz-y-acuso-a-teheran-de-querer-cobrar-peaje-por-una-via-internacional-4-768x432.jpg","large":"https:\/\/lobosnews.com.ar\/wp-content\/uploads\/2026\/04\/marco-rubio-rechazo-la-oferta-irani-sobre-el-estrecho-de-ormuz-y-acuso-a-teheran-de-querer-cobrar-peaje-por-una-via-internacional-4.jpg","1536x1536":"https:\/\/lobosnews.com.ar\/wp-content\/uploads\/2026\/04\/marco-rubio-rechazo-la-oferta-irani-sobre-el-estrecho-de-ormuz-y-acuso-a-teheran-de-querer-cobrar-peaje-por-una-via-internacional-4.jpg","2048x2048":"https:\/\/lobosnews.com.ar\/wp-content\/uploads\/2026\/04\/marco-rubio-rechazo-la-oferta-irani-sobre-el-estrecho-de-ormuz-y-acuso-a-teheran-de-querer-cobrar-peaje-por-una-via-internacional-4.jpg","newsmatic-featured":"https:\/\/lobosnews.com.ar\/wp-content\/uploads\/2026\/04\/marco-rubio-rechazo-la-oferta-irani-sobre-el-estrecho-de-ormuz-y-acuso-a-teheran-de-querer-cobrar-peaje-por-una-via-internacional-4.jpg","newsmatic-list":"https:\/\/lobosnews.com.ar\/wp-content\/uploads\/2026\/04\/marco-rubio-rechazo-la-oferta-irani-sobre-el-estrecho-de-ormuz-y-acuso-a-teheran-de-querer-cobrar-peaje-por-una-via-internacional-4-600x400.jpg","newsmatic-thumb":"https:\/\/lobosnews.com.ar\/wp-content\/uploads\/2026\/04\/marco-rubio-rechazo-la-oferta-irani-sobre-el-estrecho-de-ormuz-y-acuso-a-teheran-de-querer-cobrar-peaje-por-una-via-internacional-4-300x200.jpg","newsmatic-small":"https:\/\/lobosnews.com.ar\/wp-content\/uploads\/2026\/04\/marco-rubio-rechazo-la-oferta-irani-sobre-el-estrecho-de-ormuz-y-acuso-a-teheran-de-querer-cobrar-peaje-por-una-via-internacional-4-150x95.jpg","newsmatic-grid":"https:\/\/lobosnews.com.ar\/wp-content\/uploads\/2026\/04\/marco-rubio-rechazo-la-oferta-irani-sobre-el-estrecho-de-ormuz-y-acuso-a-teheran-de-querer-cobrar-peaje-por-una-via-internacional-4-400x250.jpg"},"magazineBlocksPostAuthor":{"name":"admin","avatar":"https:\/\/secure.gravatar.com\/avatar\/76e419471a2083bc3ceab22a763dbbf9b0c1bd15a6214cf3280e2c2dde4580f9?s=96&d=mm&r=g"},"magazineBlocksPostCommentsNumber":"0","magazineBlocksPostExcerpt":"El secretario de Estado de Estados Unidos, Marco Rubio, descart\u00f3 este lunes la propuesta que Ir\u00e1n transmiti\u00f3 a Washington a trav\u00e9s de la mediaci\u00f3n paquistan\u00ed, al considerar que Teher\u00e1n no pretende abrir el estrecho de Ormuz en t\u00e9rminos reales, sino convertirlo en una v\u00eda de tr\u00e1nsito condicionada a su propio consentimiento y al pago de...","magazineBlocksPostCategories":["Actualidad"],"magazineBlocksPostViewCount":5,"magazineBlocksPostReadTime":5,"magazine_blocks_featured_image_url":{"full":["https:\/\/lobosnews.com.ar\/wp-content\/uploads\/2026\/04\/marco-rubio-rechazo-la-oferta-irani-sobre-el-estrecho-de-ormuz-y-acuso-a-teheran-de-querer-cobrar-peaje-por-una-via-internacional-4.jpg",800,450,false],"medium":["https:\/\/lobosnews.com.ar\/wp-content\/uploads\/2026\/04\/marco-rubio-rechazo-la-oferta-irani-sobre-el-estrecho-de-ormuz-y-acuso-a-teheran-de-querer-cobrar-peaje-por-una-via-internacional-4-300x169.jpg",300,169,true],"thumbnail":["https:\/\/lobosnews.com.ar\/wp-content\/uploads\/2026\/04\/marco-rubio-rechazo-la-oferta-irani-sobre-el-estrecho-de-ormuz-y-acuso-a-teheran-de-querer-cobrar-peaje-por-una-via-internacional-4-150x150.jpg",150,150,true]},"magazine_blocks_author":{"display_name":"admin","author_link":"https:\/\/lobosnews.com.ar\/index.php\/author\/lobos-news\/"},"magazine_blocks_comment":0,"magazine_blocks_author_image":"https:\/\/secure.gravatar.com\/avatar\/76e419471a2083bc3ceab22a763dbbf9b0c1bd15a6214cf3280e2c2dde4580f9?s=96&d=mm&r=g","magazine_blocks_category":"<a href=\"#\" class=\"category-link category-link-31\">Actualidad<\/a>","yoast_head":"<!-- This site is optimized with the Yoast SEO plugin v26.6 - https:\/\/yoast.com\/wordpress\/plugins\/seo\/ -->\n<title>Marco Rubio rechaz\u00f3 la oferta iran\u00ed sobre el estrecho de Ormuz y acus\u00f3 a Teher\u00e1n de querer cobrar peaje por una v\u00eda internacional - Lobos News<\/title>\n<meta name=\"robots\" content=\"index, follow, max-snippet:-1, max-image-preview:large, max-video-preview:-1\" \/>\n<link rel=\"canonical\" href=\"https:\/\/lobosnews.com.ar\/index.php\/2026\/04\/28\/marco-rubio-rechazo-la-oferta-irani-sobre-el-estrecho-de-ormuz-y-acuso-a-teheran-de-querer-cobrar-peaje-por-una-via-internacional\/\" \/>\n<meta property=\"og:locale\" content=\"es_ES\" \/>\n<meta property=\"og:type\" content=\"article\" \/>\n<meta property=\"og:title\" content=\"Marco Rubio rechaz\u00f3 la oferta iran\u00ed sobre el estrecho de Ormuz y acus\u00f3 a Teher\u00e1n de querer cobrar peaje por una v\u00eda internacional - Lobos News\" \/>\n<meta property=\"og:description\" content=\"El secretario de Estado de Estados Unidos, Marco Rubio, descart\u00f3 este lunes la propuesta que Ir\u00e1n transmiti\u00f3 a Washington a trav\u00e9s de la mediaci\u00f3n paquistan\u00ed, al considerar que Teher\u00e1n no pretende abrir el estrecho de Ormuz en t\u00e9rminos reales, sino convertirlo en una v\u00eda de tr\u00e1nsito condicionada a su propio consentimiento y al pago de...\" \/>\n<meta property=\"og:url\" content=\"https:\/\/lobosnews.com.ar\/index.php\/2026\/04\/28\/marco-rubio-rechazo-la-oferta-irani-sobre-el-estrecho-de-ormuz-y-acuso-a-teheran-de-querer-cobrar-peaje-por-una-via-internacional\/\" \/>\n<meta property=\"og:site_name\" content=\"Lobos News\" \/>\n<meta property=\"article:published_time\" content=\"2026-04-28T00:11:05+00:00\" \/>\n<meta property=\"article:modified_time\" content=\"2026-04-28T02:36:17+00:00\" \/>\n<meta property=\"og:image\" content=\"https:\/\/lobosnews.com.ar\/wp-content\/uploads\/2026\/04\/marco-rubio-rechazo-la-oferta-irani-sobre-el-estrecho-de-ormuz-y-acuso-a-teheran-de-querer-cobrar-peaje-por-una-via-internacional.jpg\" \/>\n<meta name=\"author\" content=\"admin\" \/>\n<meta name=\"twitter:card\" content=\"summary_large_image\" \/>\n<meta name=\"twitter:label1\" content=\"Escrito por\" \/>\n\t<meta name=\"twitter:data1\" content=\"admin\" \/>\n\t<meta name=\"twitter:label2\" content=\"Tiempo de lectura\" \/>\n\t<meta name=\"twitter:data2\" content=\"5 minutos\" \/>\n<script type=\"application\/ld+json\" class=\"yoast-schema-graph\">{\"@context\":\"https:\/\/schema.org\",\"@graph\":[{\"@type\":\"Article\",\"@id\":\"https:\/\/lobosnews.com.ar\/index.php\/2026\/04\/28\/marco-rubio-rechazo-la-oferta-irani-sobre-el-estrecho-de-ormuz-y-acuso-a-teheran-de-querer-cobrar-peaje-por-una-via-internacional\/#article\",\"isPartOf\":{\"@id\":\"https:\/\/lobosnews.com.ar\/index.php\/2026\/04\/28\/marco-rubio-rechazo-la-oferta-irani-sobre-el-estrecho-de-ormuz-y-acuso-a-teheran-de-querer-cobrar-peaje-por-una-via-internacional\/\"},\"author\":{\"name\":\"admin\",\"@id\":\"https:\/\/lobosnews.com.ar\/#\/schema\/person\/232422a593d5c541dd9aef6aaed10943\"},\"headline\":\"Marco Rubio rechaz\u00f3 la oferta iran\u00ed sobre el estrecho de Ormuz y acus\u00f3 a Teher\u00e1n de querer cobrar peaje por una v\u00eda internacional\",\"datePublished\":\"2026-04-28T00:11:05+00:00\",\"dateModified\":\"2026-04-28T02:36:17+00:00\",\"mainEntityOfPage\":{\"@id\":\"https:\/\/lobosnews.com.ar\/index.php\/2026\/04\/28\/marco-rubio-rechazo-la-oferta-irani-sobre-el-estrecho-de-ormuz-y-acuso-a-teheran-de-querer-cobrar-peaje-por-una-via-internacional\/\"},\"wordCount\":943,\"commentCount\":0,\"publisher\":{\"@id\":\"https:\/\/lobosnews.com.ar\/#organization\"},\"image\":{\"@id\":\"https:\/\/lobosnews.com.ar\/index.php\/2026\/04\/28\/marco-rubio-rechazo-la-oferta-irani-sobre-el-estrecho-de-ormuz-y-acuso-a-teheran-de-querer-cobrar-peaje-por-una-via-internacional\/#primaryimage\"},\"thumbnailUrl\":\"https:\/\/lobosnews.com.ar\/wp-content\/uploads\/2026\/04\/marco-rubio-rechazo-la-oferta-irani-sobre-el-estrecho-de-ormuz-y-acuso-a-teheran-de-querer-cobrar-peaje-por-una-via-internacional-4.jpg\",\"articleSection\":[\"Actualidad\"],\"inLanguage\":\"es\",\"potentialAction\":[{\"@type\":\"CommentAction\",\"name\":\"Comment\",\"target\":[\"https:\/\/lobosnews.com.ar\/index.php\/2026\/04\/28\/marco-rubio-rechazo-la-oferta-irani-sobre-el-estrecho-de-ormuz-y-acuso-a-teheran-de-querer-cobrar-peaje-por-una-via-internacional\/#respond\"]}]},{\"@type\":\"WebPage\",\"@id\":\"https:\/\/lobosnews.com.ar\/index.php\/2026\/04\/28\/marco-rubio-rechazo-la-oferta-irani-sobre-el-estrecho-de-ormuz-y-acuso-a-teheran-de-querer-cobrar-peaje-por-una-via-internacional\/\",\"url\":\"https:\/\/lobosnews.com.ar\/index.php\/2026\/04\/28\/marco-rubio-rechazo-la-oferta-irani-sobre-el-estrecho-de-ormuz-y-acuso-a-teheran-de-querer-cobrar-peaje-por-una-via-internacional\/\",\"name\":\"Marco Rubio rechaz\u00f3 la oferta iran\u00ed sobre el estrecho de Ormuz y acus\u00f3 a Teher\u00e1n de querer cobrar peaje por una v\u00eda internacional - Lobos News\",\"isPartOf\":{\"@id\":\"https:\/\/lobosnews.com.ar\/#website\"},\"primaryImageOfPage\":{\"@id\":\"https:\/\/lobosnews.com.ar\/index.php\/2026\/04\/28\/marco-rubio-rechazo-la-oferta-irani-sobre-el-estrecho-de-ormuz-y-acuso-a-teheran-de-querer-cobrar-peaje-por-una-via-internacional\/#primaryimage\"},\"image\":{\"@id\":\"https:\/\/lobosnews.com.ar\/index.php\/2026\/04\/28\/marco-rubio-rechazo-la-oferta-irani-sobre-el-estrecho-de-ormuz-y-acuso-a-teheran-de-querer-cobrar-peaje-por-una-via-internacional\/#primaryimage\"},\"thumbnailUrl\":\"https:\/\/lobosnews.com.ar\/wp-content\/uploads\/2026\/04\/marco-rubio-rechazo-la-oferta-irani-sobre-el-estrecho-de-ormuz-y-acuso-a-teheran-de-querer-cobrar-peaje-por-una-via-internacional-4.jpg\",\"datePublished\":\"2026-04-28T00:11:05+00:00\",\"dateModified\":\"2026-04-28T02:36:17+00:00\",\"breadcrumb\":{\"@id\":\"https:\/\/lobosnews.com.ar\/index.php\/2026\/04\/28\/marco-rubio-rechazo-la-oferta-irani-sobre-el-estrecho-de-ormuz-y-acuso-a-teheran-de-querer-cobrar-peaje-por-una-via-internacional\/#breadcrumb\"},\"inLanguage\":\"es\",\"potentialAction\":[{\"@type\":\"ReadAction\",\"target\":[\"https:\/\/lobosnews.com.ar\/index.php\/2026\/04\/28\/marco-rubio-rechazo-la-oferta-irani-sobre-el-estrecho-de-ormuz-y-acuso-a-teheran-de-querer-cobrar-peaje-por-una-via-internacional\/\"]}]},{\"@type\":\"ImageObject\",\"inLanguage\":\"es\",\"@id\":\"https:\/\/lobosnews.com.ar\/index.php\/2026\/04\/28\/marco-rubio-rechazo-la-oferta-irani-sobre-el-estrecho-de-ormuz-y-acuso-a-teheran-de-querer-cobrar-peaje-por-una-via-internacional\/#primaryimage\",\"url\":\"https:\/\/lobosnews.com.ar\/wp-content\/uploads\/2026\/04\/marco-rubio-rechazo-la-oferta-irani-sobre-el-estrecho-de-ormuz-y-acuso-a-teheran-de-querer-cobrar-peaje-por-una-via-internacional-4.jpg\",\"contentUrl\":\"https:\/\/lobosnews.com.ar\/wp-content\/uploads\/2026\/04\/marco-rubio-rechazo-la-oferta-irani-sobre-el-estrecho-de-ormuz-y-acuso-a-teheran-de-querer-cobrar-peaje-por-una-via-internacional-4.jpg\",\"width\":800,\"height\":450,\"caption\":\"Marco Rubio rechaz\u00f3 la oferta iran\u00ed sobre el estrecho de Ormuz y acus\u00f3 a Teher\u00e1n de querer cobrar peaje por una v\u00eda internacional\"},{\"@type\":\"BreadcrumbList\",\"@id\":\"https:\/\/lobosnews.com.ar\/index.php\/2026\/04\/28\/marco-rubio-rechazo-la-oferta-irani-sobre-el-estrecho-de-ormuz-y-acuso-a-teheran-de-querer-cobrar-peaje-por-una-via-internacional\/#breadcrumb\",\"itemListElement\":[{\"@type\":\"ListItem\",\"position\":1,\"name\":\"Portada\",\"item\":\"https:\/\/lobosnews.com.ar\/\"},{\"@type\":\"ListItem\",\"position\":2,\"name\":\"Marco Rubio rechaz\u00f3 la oferta iran\u00ed sobre el estrecho de Ormuz y acus\u00f3 a Teher\u00e1n de querer cobrar peaje por una v\u00eda internacional\"}]},{\"@type\":\"WebSite\",\"@id\":\"https:\/\/lobosnews.com.ar\/#website\",\"url\":\"https:\/\/lobosnews.com.ar\/\",\"name\":\"Lobos News\",\"description\":\"Informaci\u00f3n a cada instante\",\"publisher\":{\"@id\":\"https:\/\/lobosnews.com.ar\/#organization\"},\"potentialAction\":[{\"@type\":\"SearchAction\",\"target\":{\"@type\":\"EntryPoint\",\"urlTemplate\":\"https:\/\/lobosnews.com.ar\/?s={search_term_string}\"},\"query-input\":{\"@type\":\"PropertyValueSpecification\",\"valueRequired\":true,\"valueName\":\"search_term_string\"}}],\"inLanguage\":\"es\"},{\"@type\":\"Organization\",\"@id\":\"https:\/\/lobosnews.com.ar\/#organization\",\"name\":\"Lobos News\",\"url\":\"https:\/\/lobosnews.com.ar\/\",\"logo\":{\"@type\":\"ImageObject\",\"inLanguage\":\"es\",\"@id\":\"https:\/\/lobosnews.com.ar\/#\/schema\/logo\/image\/\",\"url\":\"https:\/\/lobosnews.com.ar\/wp-content\/uploads\/2026\/01\/logo-lobosnews.png\",\"contentUrl\":\"https:\/\/lobosnews.com.ar\/wp-content\/uploads\/2026\/01\/logo-lobosnews.png\",\"width\":500,\"height\":200,\"caption\":\"Lobos News\"},\"image\":{\"@id\":\"https:\/\/lobosnews.com.ar\/#\/schema\/logo\/image\/\"}},{\"@type\":\"Person\",\"@id\":\"https:\/\/lobosnews.com.ar\/#\/schema\/person\/232422a593d5c541dd9aef6aaed10943\",\"name\":\"admin\",\"image\":{\"@type\":\"ImageObject\",\"inLanguage\":\"es\",\"@id\":\"https:\/\/lobosnews.com.ar\/#\/schema\/person\/image\/\",\"url\":\"https:\/\/secure.gravatar.com\/avatar\/76e419471a2083bc3ceab22a763dbbf9b0c1bd15a6214cf3280e2c2dde4580f9?s=96&d=mm&r=g\",\"contentUrl\":\"https:\/\/secure.gravatar.com\/avatar\/76e419471a2083bc3ceab22a763dbbf9b0c1bd15a6214cf3280e2c2dde4580f9?s=96&d=mm&r=g\",\"caption\":\"admin\"},\"sameAs\":[\"https:\/\/lobosnews.com.ar\"],\"url\":\"https:\/\/lobosnews.com.ar\/index.php\/author\/lobos-news\/\"}]}<\/script>\n<!-- \/ Yoast SEO plugin. -->","yoast_head_json":{"title":"Marco Rubio rechaz\u00f3 la oferta iran\u00ed sobre el estrecho de Ormuz y acus\u00f3 a Teher\u00e1n de querer cobrar peaje por una v\u00eda internacional - Lobos News","robots":{"index":"index","follow":"follow","max-snippet":"max-snippet:-1","max-image-preview":"max-image-preview:large","max-video-preview":"max-video-preview:-1"},"canonical":"https:\/\/lobosnews.com.ar\/index.php\/2026\/04\/28\/marco-rubio-rechazo-la-oferta-irani-sobre-el-estrecho-de-ormuz-y-acuso-a-teheran-de-querer-cobrar-peaje-por-una-via-internacional\/","og_locale":"es_ES","og_type":"article","og_title":"Marco Rubio rechaz\u00f3 la oferta iran\u00ed sobre el estrecho de Ormuz y acus\u00f3 a Teher\u00e1n de querer cobrar peaje por una v\u00eda internacional - Lobos News","og_description":"El secretario de Estado de Estados Unidos, Marco Rubio, descart\u00f3 este lunes la propuesta que Ir\u00e1n transmiti\u00f3 a Washington a trav\u00e9s de la mediaci\u00f3n paquistan\u00ed, al considerar que Teher\u00e1n no pretende abrir el estrecho de Ormuz en t\u00e9rminos reales, sino convertirlo en una v\u00eda de tr\u00e1nsito condicionada a su propio consentimiento y al pago de...","og_url":"https:\/\/lobosnews.com.ar\/index.php\/2026\/04\/28\/marco-rubio-rechazo-la-oferta-irani-sobre-el-estrecho-de-ormuz-y-acuso-a-teheran-de-querer-cobrar-peaje-por-una-via-internacional\/","og_site_name":"Lobos News","article_published_time":"2026-04-28T00:11:05+00:00","article_modified_time":"2026-04-28T02:36:17+00:00","og_image":[{"url":"https:\/\/lobosnews.com.ar\/wp-content\/uploads\/2026\/04\/marco-rubio-rechazo-la-oferta-irani-sobre-el-estrecho-de-ormuz-y-acuso-a-teheran-de-querer-cobrar-peaje-por-una-via-internacional.jpg","type":"","width":"","height":""}],"author":"admin","twitter_card":"summary_large_image","twitter_misc":{"Escrito por":"admin","Tiempo de lectura":"5 minutos"},"schema":{"@context":"https:\/\/schema.org","@graph":[{"@type":"Article","@id":"https:\/\/lobosnews.com.ar\/index.php\/2026\/04\/28\/marco-rubio-rechazo-la-oferta-irani-sobre-el-estrecho-de-ormuz-y-acuso-a-teheran-de-querer-cobrar-peaje-por-una-via-internacional\/#article","isPartOf":{"@id":"https:\/\/lobosnews.com.ar\/index.php\/2026\/04\/28\/marco-rubio-rechazo-la-oferta-irani-sobre-el-estrecho-de-ormuz-y-acuso-a-teheran-de-querer-cobrar-peaje-por-una-via-internacional\/"},"author":{"name":"admin","@id":"https:\/\/lobosnews.com.ar\/#\/schema\/person\/232422a593d5c541dd9aef6aaed10943"},"headline":"Marco Rubio rechaz\u00f3 la oferta iran\u00ed sobre el estrecho de Ormuz y acus\u00f3 a Teher\u00e1n de querer cobrar peaje por una v\u00eda internacional","datePublished":"2026-04-28T00:11:05+00:00","dateModified":"2026-04-28T02:36:17+00:00","mainEntityOfPage":{"@id":"https:\/\/lobosnews.com.ar\/index.php\/2026\/04\/28\/marco-rubio-rechazo-la-oferta-irani-sobre-el-estrecho-de-ormuz-y-acuso-a-teheran-de-querer-cobrar-peaje-por-una-via-internacional\/"},"wordCount":943,"commentCount":0,"publisher":{"@id":"https:\/\/lobosnews.com.ar\/#organization"},"image":{"@id":"https:\/\/lobosnews.com.ar\/index.php\/2026\/04\/28\/marco-rubio-rechazo-la-oferta-irani-sobre-el-estrecho-de-ormuz-y-acuso-a-teheran-de-querer-cobrar-peaje-por-una-via-internacional\/#primaryimage"},"thumbnailUrl":"https:\/\/lobosnews.com.ar\/wp-content\/uploads\/2026\/04\/marco-rubio-rechazo-la-oferta-irani-sobre-el-estrecho-de-ormuz-y-acuso-a-teheran-de-querer-cobrar-peaje-por-una-via-internacional-4.jpg","articleSection":["Actualidad"],"inLanguage":"es","potentialAction":[{"@type":"CommentAction","name":"Comment","target":["https:\/\/lobosnews.com.ar\/index.php\/2026\/04\/28\/marco-rubio-rechazo-la-oferta-irani-sobre-el-estrecho-de-ormuz-y-acuso-a-teheran-de-querer-cobrar-peaje-por-una-via-internacional\/#respond"]}]},{"@type":"WebPage","@id":"https:\/\/lobosnews.com.ar\/index.php\/2026\/04\/28\/marco-rubio-rechazo-la-oferta-irani-sobre-el-estrecho-de-ormuz-y-acuso-a-teheran-de-querer-cobrar-peaje-por-una-via-internacional\/","url":"https:\/\/lobosnews.com.ar\/index.php\/2026\/04\/28\/marco-rubio-rechazo-la-oferta-irani-sobre-el-estrecho-de-ormuz-y-acuso-a-teheran-de-querer-cobrar-peaje-por-una-via-internacional\/","name":"Marco Rubio rechaz\u00f3 la oferta iran\u00ed sobre el estrecho de Ormuz y acus\u00f3 a Teher\u00e1n de querer cobrar peaje por una v\u00eda internacional - Lobos News","isPartOf":{"@id":"https:\/\/lobosnews.com.ar\/#website"},"primaryImageOfPage":{"@id":"https:\/\/lobosnews.com.ar\/index.php\/2026\/04\/28\/marco-rubio-rechazo-la-oferta-irani-sobre-el-estrecho-de-ormuz-y-acuso-a-teheran-de-querer-cobrar-peaje-por-una-via-internacional\/#primaryimage"},"image":{"@id":"https:\/\/lobosnews.com.ar\/index.php\/2026\/04\/28\/marco-rubio-rechazo-la-oferta-irani-sobre-el-estrecho-de-ormuz-y-acuso-a-teheran-de-querer-cobrar-peaje-por-una-via-internacional\/#primaryimage"},"thumbnailUrl":"https:\/\/lobosnews.com.ar\/wp-content\/uploads\/2026\/04\/marco-rubio-rechazo-la-oferta-irani-sobre-el-estrecho-de-ormuz-y-acuso-a-teheran-de-querer-cobrar-peaje-por-una-via-internacional-4.jpg","datePublished":"2026-04-28T00:11:05+00:00","dateModified":"2026-04-28T02:36:17+00:00","breadcrumb":{"@id":"https:\/\/lobosnews.com.ar\/index.php\/2026\/04\/28\/marco-rubio-rechazo-la-oferta-irani-sobre-el-estrecho-de-ormuz-y-acuso-a-teheran-de-querer-cobrar-peaje-por-una-via-internacional\/#breadcrumb"},"inLanguage":"es","potentialAction":[{"@type":"ReadAction","target":["https:\/\/lobosnews.com.ar\/index.php\/2026\/04\/28\/marco-rubio-rechazo-la-oferta-irani-sobre-el-estrecho-de-ormuz-y-acuso-a-teheran-de-querer-cobrar-peaje-por-una-via-internacional\/"]}]},{"@type":"ImageObject","inLanguage":"es","@id":"https:\/\/lobosnews.com.ar\/index.php\/2026\/04\/28\/marco-rubio-rechazo-la-oferta-irani-sobre-el-estrecho-de-ormuz-y-acuso-a-teheran-de-querer-cobrar-peaje-por-una-via-internacional\/#primaryimage","url":"https:\/\/lobosnews.com.ar\/wp-content\/uploads\/2026\/04\/marco-rubio-rechazo-la-oferta-irani-sobre-el-estrecho-de-ormuz-y-acuso-a-teheran-de-querer-cobrar-peaje-por-una-via-internacional-4.jpg","contentUrl":"https:\/\/lobosnews.com.ar\/wp-content\/uploads\/2026\/04\/marco-rubio-rechazo-la-oferta-irani-sobre-el-estrecho-de-ormuz-y-acuso-a-teheran-de-querer-cobrar-peaje-por-una-via-internacional-4.jpg","width":800,"height":450,"caption":"Marco Rubio rechaz\u00f3 la oferta iran\u00ed sobre el estrecho de Ormuz y acus\u00f3 a Teher\u00e1n de querer cobrar peaje por una v\u00eda internacional"},{"@type":"BreadcrumbList","@id":"https:\/\/lobosnews.com.ar\/index.php\/2026\/04\/28\/marco-rubio-rechazo-la-oferta-irani-sobre-el-estrecho-de-ormuz-y-acuso-a-teheran-de-querer-cobrar-peaje-por-una-via-internacional\/#breadcrumb","itemListElement":[{"@type":"ListItem","position":1,"name":"Portada","item":"https:\/\/lobosnews.com.ar\/"},{"@type":"ListItem","position":2,"name":"Marco Rubio rechaz\u00f3 la oferta iran\u00ed sobre el estrecho de Ormuz y acus\u00f3 a Teher\u00e1n de querer cobrar peaje por una v\u00eda internacional"}]},{"@type":"WebSite","@id":"https:\/\/lobosnews.com.ar\/#website","url":"https:\/\/lobosnews.com.ar\/","name":"Lobos News","description":"Informaci\u00f3n a cada instante","publisher":{"@id":"https:\/\/lobosnews.com.ar\/#organization"},"potentialAction":[{"@type":"SearchAction","target":{"@type":"EntryPoint","urlTemplate":"https:\/\/lobosnews.com.ar\/?s={search_term_string}"},"query-input":{"@type":"PropertyValueSpecification","valueRequired":true,"valueName":"search_term_string"}}],"inLanguage":"es"},{"@type":"Organization","@id":"https:\/\/lobosnews.com.ar\/#organization","name":"Lobos News","url":"https:\/\/lobosnews.com.ar\/","logo":{"@type":"ImageObject","inLanguage":"es","@id":"https:\/\/lobosnews.com.ar\/#\/schema\/logo\/image\/","url":"https:\/\/lobosnews.com.ar\/wp-content\/uploads\/2026\/01\/logo-lobosnews.png","contentUrl":"https:\/\/lobosnews.com.ar\/wp-content\/uploads\/2026\/01\/logo-lobosnews.png","width":500,"height":200,"caption":"Lobos News"},"image":{"@id":"https:\/\/lobosnews.com.ar\/#\/schema\/logo\/image\/"}},{"@type":"Person","@id":"https:\/\/lobosnews.com.ar\/#\/schema\/person\/232422a593d5c541dd9aef6aaed10943","name":"admin","image":{"@type":"ImageObject","inLanguage":"es","@id":"https:\/\/lobosnews.com.ar\/#\/schema\/person\/image\/","url":"https:\/\/secure.gravatar.com\/avatar\/76e419471a2083bc3ceab22a763dbbf9b0c1bd15a6214cf3280e2c2dde4580f9?s=96&d=mm&r=g","contentUrl":"https:\/\/secure.gravatar.com\/avatar\/76e419471a2083bc3ceab22a763dbbf9b0c1bd15a6214cf3280e2c2dde4580f9?s=96&d=mm&r=g","caption":"admin"},"sameAs":["https:\/\/lobosnews.com.ar"],"url":"https:\/\/lobosnews.com.ar\/index.php\/author\/lobos-news\/"}]}},"jetpack_featured_media_url":"https:\/\/lobosnews.com.ar\/wp-content\/uploads\/2026\/04\/marco-rubio-rechazo-la-oferta-irani-sobre-el-estrecho-de-ormuz-y-acuso-a-teheran-de-querer-cobrar-peaje-por-una-via-internacional-4.jpg","jetpack_sharing_enabled":true,"_links":{"self":[{"href":"https:\/\/lobosnews.com.ar\/index.php\/wp-json\/wp\/v2\/posts\/46352","targetHints":{"allow":["GET"]}}],"collection":[{"href":"https:\/\/lobosnews.com.ar\/index.php\/wp-json\/wp\/v2\/posts"}],"about":[{"href":"https:\/\/lobosnews.com.ar\/index.php\/wp-json\/wp\/v2\/types\/post"}],"author":[{"embeddable":true,"href":"https:\/\/lobosnews.com.ar\/index.php\/wp-json\/wp\/v2\/users\/1"}],"replies":[{"embeddable":true,"href":"https:\/\/lobosnews.com.ar\/index.php\/wp-json\/wp\/v2\/comments?post=46352"}],"version-history":[{"count":1,"href":"https:\/\/lobosnews.com.ar\/index.php\/wp-json\/wp\/v2\/posts\/46352\/revisions"}],"predecessor-version":[{"id":46356,"href":"https:\/\/lobosnews.com.ar\/index.php\/wp-json\/wp\/v2\/posts\/46352\/revisions\/46356"}],"wp:featuredmedia":[{"embeddable":true,"href":"https:\/\/lobosnews.com.ar\/index.php\/wp-json\/wp\/v2\/media\/46357"}],"wp:attachment":[{"href":"https:\/\/lobosnews.com.ar\/index.php\/wp-json\/wp\/v2\/media?parent=46352"}],"wp:term":[{"taxonomy":"category","embeddable":true,"href":"https:\/\/lobosnews.com.ar\/index.php\/wp-json\/wp\/v2\/categories?post=46352"},{"taxonomy":"post_tag","embeddable":true,"href":"https:\/\/lobosnews.com.ar\/index.php\/wp-json\/wp\/v2\/tags?post=46352"}],"curies":[{"name":"wp","href":"https:\/\/api.w.org\/{rel}","templated":true}]}}