{"id":46325,"date":"2026-04-28T00:34:46","date_gmt":"2026-04-28T00:34:46","guid":{"rendered":"https:\/\/lobosnews.com.ar\/index.php\/2026\/04\/28\/los-detalles-de-la-llamada-que-reconcilio-a-michael-jordan-y-charles-barkley-tras-14-anos-quien-fue-el-mediador\/"},"modified":"2026-04-28T02:35:06","modified_gmt":"2026-04-28T02:35:06","slug":"los-detalles-de-la-llamada-que-reconcilio-a-michael-jordan-y-charles-barkley-tras-14-anos-quien-fue-el-mediador","status":"publish","type":"post","link":"https:\/\/lobosnews.com.ar\/index.php\/2026\/04\/28\/los-detalles-de-la-llamada-que-reconcilio-a-michael-jordan-y-charles-barkley-tras-14-anos-quien-fue-el-mediador\/","title":{"rendered":"Los detalles de la llamada que reconcili\u00f3 a Michael Jordan y Charles Barkley tras 14 a\u00f1os: qui\u00e9n fue el mediador"},"content":{"rendered":"<p><img loading=\"lazy\" decoding=\"async\" src=\"https:\/\/lobosnews.com.ar\/wp-content\/uploads\/2026\/04\/los-detalles-de-la-llamada-que-reconcilio-a-michael-jordan-y-charles-barkley-tras-14-anos-quien-fue-el-mediador.jpg\" alt=\"Jordan y Barkley, en un torneo de golf (Photo by Jeff Kravitz\/FilmMagic, Inc)\" height=\"1378\" width=\"2100\"\/><\/p>\n<p><b>Charles Barkley<\/b> y <b>Michael Jordan<\/b> retomaron el contacto despu\u00e9s de <b>14 a\u00f1os de distanciamiento<\/b>, y el m\u00e9rito de ese acercamiento recae sobre un ex jugador de b\u00e9isbol. Fue <b>Vince Coleman<\/b>, ex jardinero de las <b>Grandes Ligas de B\u00e9isbol (MLB)<\/b>, quien marc\u00f3 el n\u00famero de Barkley desde el club de golf de Jordan en <b>Florida<\/b> y forz\u00f3 la conversaci\u00f3n que ninguno de los dos hab\u00eda querido tener.<\/p>\n<p>Seg\u00fan revel\u00f3 Barkley en el programa <i>Waddle and Silvy Show<\/i> de <b>ESPN 1000<\/b> \u2014el mismo espacio donde en 2012 hizo los comentarios que desataron la ruptura\u2014, Coleman lo llam\u00f3 directamente desde <b>The Grove XXIII<\/b>, el club de golf de Jordan en el sur de <b>Florida<\/b>, con Jordan presente.<\/p>\n<p>\u201cColeman dice: \u2018Oye, estoy aqu\u00ed en The Grove. Estoy harto de las tonter\u00edas entre t\u00fa y <b>MJ<\/b>. \u00c9l est\u00e1 aqu\u00ed. Deben hablar\u2019. Y as\u00ed tuvimos una conversaci\u00f3n\u2019\u201c, relat\u00f3 Barkley a los conductores del programa. \u201cPero <b>Vince Coleman<\/b> es la persona responsable. Hablamos un par de minutos. \u00c9l me dijo: \u2018Amigo, junt\u00e9monos y juguemos golf\u2019, y en cuanto tenga un descanso, voy a volar para all\u00e1 y vamos a pasar un par de d\u00edas jugando golf\u201c.<\/p>\n<p>La enemistad entre los dos ex astros de la <b>NBA<\/b> se remontaba a una entrevista de 2012 en la que Barkley critic\u00f3 a Jordan por su gesti\u00f3n como propietario de los entonces <b>Charlotte Bobcats<\/b>, al se\u00f1alar que no se rodeaba de personas dispuestas a disentir de sus decisiones. \u201cQuiero a Michael, pero simplemente no ha hecho un buen trabajo\u201d, dijo en aquel momento. Jordan nunca olvid\u00f3 las palabras, y el silencio entre ambos se extendi\u00f3 por m\u00e1s de una d\u00e9cada.<\/p>\n<p><img loading=\"lazy\" decoding=\"async\" src=\"https:\/\/lobosnews.com.ar\/wp-content\/uploads\/2026\/04\/los-detalles-de-la-llamada-que-reconcilio-a-michael-jordan-y-charles-barkley-tras-14-anos-quien-fue-el-mediador-1.jpg\" alt=\"El ex Phoenix hoy es comentarista de la NBA (Mark J. Rebilas-Imagn Images)\" height=\"3672\" width=\"5224\"\/><\/p>\n<p>D\u00edas antes de la aparici\u00f3n en <i>Waddle and Silvy Show<\/i>, Barkley ya hab\u00eda adelantado la noticia en el programa <i>Mad Dog Unleashed<\/i> de <b>SiriusXM<\/b>, donde confirm\u00f3 que \u00e9l y Jordan hab\u00edan conversado recientemente y ten\u00edan planes de jugar golf juntos. Fue en la emisi\u00f3n del mi\u00e9rcoles donde revel\u00f3 el papel de <b>Coleman<\/b> como art\u00edfice del reencuentro.<\/p>\n<p>Barkley reconoci\u00f3 que la frialdad entre ambos nunca fue de odio, sino de terquedad. <b>\u201cLe digo a la gente, no es como si fu\u00e9ramos el pr\u00edncipe Harry y el pr\u00edncipe William que se odian\u201d<\/b>, declar\u00f3. \u201cHonestamente, creo que ambos nos extra\u00f1\u00e1bamos porque hemos conversado esto mismo con otros amigos y los dos \u00e9ramos demasiado tercos para levantar el tel\u00e9fono\u201d.<\/p>\n<p>El ex ala-p\u00edvot de los <b>Phoenix Suns<\/b> tambi\u00e9n comparti\u00f3 el mensaje central que Coleman les transmiti\u00f3 a ambos: \u201c<b>Una cosa que ambos dijimos es: yo te tengo mucho cari\u00f1o y t\u00fa me tienes mucho cari\u00f1o<\/b>. Como dijo Vince, esto ha sido una tonter\u00eda, pero los dos han sido demasiado tercos para levantar el tel\u00e9fono y necesitan reunirse, jugar golf y enterrar este asunto\u201d.<\/p>\n<p>Jordan y Barkley compartieron cancha como rivales y como aliados. Fueron compa\u00f1eros en el <b>Dream Team<\/b> original de los <b>Juegos Ol\u00edmpicos de 1992<\/b>, y se enfrentaron en las <b>Finales de la NBA de 1993<\/b>, cuando los <b>Chicago Bulls<\/b> de Jordan derrotaron a los <b>Suns<\/b> de Barkley, el mismo a\u00f1o en que el ex alero gan\u00f3 su \u00fanico premio <b>MVP<\/b>. Coleman, por su parte, disput\u00f3 13 temporadas en las Grandes Ligas entre 1985 y 1997, la mayor\u00eda con los <b>St. Louis Cardinals<\/b> y los <b>New York Mets<\/b>.<\/p>\n<p>Jordan se convirti\u00f3 en propietario de los Bobcats en 2006, vendi\u00f3 su participaci\u00f3n mayoritaria en los ahora <b>Charlotte Hornets<\/b> en 2023 y actualmente es copropietario del equipo <b>23XI Racing<\/b> de la <b>NASCAR Cup Series<\/b> junto al piloto <b>Denny Hamlin<\/b>. Barkley, retirado desde 2000, se consolid\u00f3 como una de las voces m\u00e1s reconocidas del an\u00e1lisis televisivo de la NBA a trav\u00e9s del programa <i>Inside the NBA<\/i>.<\/p>\n<p><img loading=\"lazy\" decoding=\"async\" src=\"https:\/\/lobosnews.com.ar\/wp-content\/uploads\/2026\/04\/los-detalles-de-la-llamada-que-reconcilio-a-michael-jordan-y-charles-barkley-tras-14-anos-quien-fue-el-mediador-2.jpg\" alt=\"Michael Jordan brilla como due\u00f1o de un equipo de NASCAR (Photo by Chris Graythen \/ GETTY IMAGES NORTH AMERICA \/ Getty Images via AFP)\" height=\"3431\" width=\"5145\"\/><\/p>\n","protected":false},"excerpt":{"rendered":"<p>Charles Barkley y Michael Jordan retomaron el contacto despu\u00e9s de 14 a\u00f1os de distanciamiento, y el m\u00e9rito de ese acercamiento recae sobre un ex jugador de b\u00e9isbol. Fue Vince Coleman, ex jardinero de las Grandes Ligas de B\u00e9isbol (MLB), quien marc\u00f3 el n\u00famero de Barkley desde el club de golf de Jordan en Florida y&#8230;<\/p>\n","protected":false},"author":1,"featured_media":0,"comment_status":"open","ping_status":"closed","sticky":false,"template":"","format":"standard","meta":{"_jetpack_memberships_contains_paid_content":false,"footnotes":""},"categories":[30],"tags":[39],"class_list":["post-46325","post","type-post","status-publish","format-standard","hentry","category-argentina","tag-deportes"],"magazineBlocksPostFeaturedMedia":{"thumbnail":false,"medium":false,"medium_large":false,"large":false,"1536x1536":false,"2048x2048":false,"newsmatic-featured":false,"newsmatic-list":false,"newsmatic-thumb":false,"newsmatic-small":false,"newsmatic-grid":false},"magazineBlocksPostAuthor":{"name":"admin","avatar":"https:\/\/secure.gravatar.com\/avatar\/76e419471a2083bc3ceab22a763dbbf9b0c1bd15a6214cf3280e2c2dde4580f9?s=96&d=mm&r=g"},"magazineBlocksPostCommentsNumber":"0","magazineBlocksPostExcerpt":"Charles Barkley y Michael Jordan retomaron el contacto despu\u00e9s de 14 a\u00f1os de distanciamiento, y el m\u00e9rito de ese acercamiento recae sobre un ex jugador de b\u00e9isbol. Fue Vince Coleman, ex jardinero de las Grandes Ligas de B\u00e9isbol (MLB), quien marc\u00f3 el n\u00famero de Barkley desde el club de golf de Jordan en Florida y...","magazineBlocksPostCategories":["Argentina"],"magazineBlocksPostViewCount":9,"magazineBlocksPostReadTime":4,"magazine_blocks_featured_image_url":{"full":false,"medium":false,"thumbnail":false},"magazine_blocks_author":{"display_name":"admin","author_link":"https:\/\/lobosnews.com.ar\/index.php\/author\/lobos-news\/"},"magazine_blocks_comment":0,"magazine_blocks_author_image":"https:\/\/secure.gravatar.com\/avatar\/76e419471a2083bc3ceab22a763dbbf9b0c1bd15a6214cf3280e2c2dde4580f9?s=96&d=mm&r=g","magazine_blocks_category":"<a href=\"#\" class=\"category-link category-link-30\">Argentina<\/a>","yoast_head":"<!-- This site is optimized with the Yoast SEO plugin v26.6 - https:\/\/yoast.com\/wordpress\/plugins\/seo\/ -->\n<title>Los detalles de la llamada que reconcili\u00f3 a Michael Jordan y Charles Barkley tras 14 a\u00f1os: qui\u00e9n fue el mediador - Lobos News<\/title>\n<meta name=\"robots\" content=\"index, follow, max-snippet:-1, max-image-preview:large, max-video-preview:-1\" \/>\n<link rel=\"canonical\" href=\"https:\/\/lobosnews.com.ar\/index.php\/2026\/04\/28\/los-detalles-de-la-llamada-que-reconcilio-a-michael-jordan-y-charles-barkley-tras-14-anos-quien-fue-el-mediador\/\" \/>\n<meta property=\"og:locale\" content=\"es_ES\" \/>\n<meta property=\"og:type\" content=\"article\" \/>\n<meta property=\"og:title\" content=\"Los detalles de la llamada que reconcili\u00f3 a Michael Jordan y Charles Barkley tras 14 a\u00f1os: qui\u00e9n fue el mediador - Lobos News\" \/>\n<meta property=\"og:description\" content=\"Charles Barkley y Michael Jordan retomaron el contacto despu\u00e9s de 14 a\u00f1os de distanciamiento, y el m\u00e9rito de ese acercamiento recae sobre un ex jugador de b\u00e9isbol. Fue Vince Coleman, ex jardinero de las Grandes Ligas de B\u00e9isbol (MLB), quien marc\u00f3 el n\u00famero de Barkley desde el club de golf de Jordan en Florida y...\" \/>\n<meta property=\"og:url\" content=\"https:\/\/lobosnews.com.ar\/index.php\/2026\/04\/28\/los-detalles-de-la-llamada-que-reconcilio-a-michael-jordan-y-charles-barkley-tras-14-anos-quien-fue-el-mediador\/\" \/>\n<meta property=\"og:site_name\" content=\"Lobos News\" \/>\n<meta property=\"article:published_time\" content=\"2026-04-28T00:34:46+00:00\" \/>\n<meta property=\"article:modified_time\" content=\"2026-04-28T02:35:06+00:00\" \/>\n<meta property=\"og:image\" content=\"https:\/\/lobosnews.com.ar\/wp-content\/uploads\/2026\/04\/los-detalles-de-la-llamada-que-reconcilio-a-michael-jordan-y-charles-barkley-tras-14-anos-quien-fue-el-mediador.jpg\" \/>\n<meta name=\"author\" content=\"admin\" \/>\n<meta name=\"twitter:card\" content=\"summary_large_image\" \/>\n<meta name=\"twitter:label1\" content=\"Escrito por\" \/>\n\t<meta name=\"twitter:data1\" content=\"admin\" \/>\n\t<meta name=\"twitter:label2\" content=\"Tiempo de lectura\" \/>\n\t<meta name=\"twitter:data2\" content=\"3 minutos\" \/>\n<script type=\"application\/ld+json\" class=\"yoast-schema-graph\">{\"@context\":\"https:\/\/schema.org\",\"@graph\":[{\"@type\":\"Article\",\"@id\":\"https:\/\/lobosnews.com.ar\/index.php\/2026\/04\/28\/los-detalles-de-la-llamada-que-reconcilio-a-michael-jordan-y-charles-barkley-tras-14-anos-quien-fue-el-mediador\/#article\",\"isPartOf\":{\"@id\":\"https:\/\/lobosnews.com.ar\/index.php\/2026\/04\/28\/los-detalles-de-la-llamada-que-reconcilio-a-michael-jordan-y-charles-barkley-tras-14-anos-quien-fue-el-mediador\/\"},\"author\":{\"name\":\"admin\",\"@id\":\"https:\/\/lobosnews.com.ar\/#\/schema\/person\/232422a593d5c541dd9aef6aaed10943\"},\"headline\":\"Los detalles de la llamada que reconcili\u00f3 a Michael Jordan y Charles Barkley tras 14 a\u00f1os: qui\u00e9n fue el mediador\",\"datePublished\":\"2026-04-28T00:34:46+00:00\",\"dateModified\":\"2026-04-28T02:35:06+00:00\",\"mainEntityOfPage\":{\"@id\":\"https:\/\/lobosnews.com.ar\/index.php\/2026\/04\/28\/los-detalles-de-la-llamada-que-reconcilio-a-michael-jordan-y-charles-barkley-tras-14-anos-quien-fue-el-mediador\/\"},\"wordCount\":651,\"commentCount\":0,\"publisher\":{\"@id\":\"https:\/\/lobosnews.com.ar\/#organization\"},\"image\":{\"@id\":\"https:\/\/lobosnews.com.ar\/index.php\/2026\/04\/28\/los-detalles-de-la-llamada-que-reconcilio-a-michael-jordan-y-charles-barkley-tras-14-anos-quien-fue-el-mediador\/#primaryimage\"},\"thumbnailUrl\":\"https:\/\/lobosnews.com.ar\/wp-content\/uploads\/2026\/04\/los-detalles-de-la-llamada-que-reconcilio-a-michael-jordan-y-charles-barkley-tras-14-anos-quien-fue-el-mediador.jpg\",\"keywords\":[\"Deportes\"],\"articleSection\":[\"Argentina\"],\"inLanguage\":\"es\",\"potentialAction\":[{\"@type\":\"CommentAction\",\"name\":\"Comment\",\"target\":[\"https:\/\/lobosnews.com.ar\/index.php\/2026\/04\/28\/los-detalles-de-la-llamada-que-reconcilio-a-michael-jordan-y-charles-barkley-tras-14-anos-quien-fue-el-mediador\/#respond\"]}]},{\"@type\":\"WebPage\",\"@id\":\"https:\/\/lobosnews.com.ar\/index.php\/2026\/04\/28\/los-detalles-de-la-llamada-que-reconcilio-a-michael-jordan-y-charles-barkley-tras-14-anos-quien-fue-el-mediador\/\",\"url\":\"https:\/\/lobosnews.com.ar\/index.php\/2026\/04\/28\/los-detalles-de-la-llamada-que-reconcilio-a-michael-jordan-y-charles-barkley-tras-14-anos-quien-fue-el-mediador\/\",\"name\":\"Los detalles de la llamada que reconcili\u00f3 a Michael Jordan y Charles Barkley tras 14 a\u00f1os: qui\u00e9n fue el mediador - Lobos News\",\"isPartOf\":{\"@id\":\"https:\/\/lobosnews.com.ar\/#website\"},\"primaryImageOfPage\":{\"@id\":\"https:\/\/lobosnews.com.ar\/index.php\/2026\/04\/28\/los-detalles-de-la-llamada-que-reconcilio-a-michael-jordan-y-charles-barkley-tras-14-anos-quien-fue-el-mediador\/#primaryimage\"},\"image\":{\"@id\":\"https:\/\/lobosnews.com.ar\/index.php\/2026\/04\/28\/los-detalles-de-la-llamada-que-reconcilio-a-michael-jordan-y-charles-barkley-tras-14-anos-quien-fue-el-mediador\/#primaryimage\"},\"thumbnailUrl\":\"https:\/\/lobosnews.com.ar\/wp-content\/uploads\/2026\/04\/los-detalles-de-la-llamada-que-reconcilio-a-michael-jordan-y-charles-barkley-tras-14-anos-quien-fue-el-mediador.jpg\",\"datePublished\":\"2026-04-28T00:34:46+00:00\",\"dateModified\":\"2026-04-28T02:35:06+00:00\",\"breadcrumb\":{\"@id\":\"https:\/\/lobosnews.com.ar\/index.php\/2026\/04\/28\/los-detalles-de-la-llamada-que-reconcilio-a-michael-jordan-y-charles-barkley-tras-14-anos-quien-fue-el-mediador\/#breadcrumb\"},\"inLanguage\":\"es\",\"potentialAction\":[{\"@type\":\"ReadAction\",\"target\":[\"https:\/\/lobosnews.com.ar\/index.php\/2026\/04\/28\/los-detalles-de-la-llamada-que-reconcilio-a-michael-jordan-y-charles-barkley-tras-14-anos-quien-fue-el-mediador\/\"]}]},{\"@type\":\"ImageObject\",\"inLanguage\":\"es\",\"@id\":\"https:\/\/lobosnews.com.ar\/index.php\/2026\/04\/28\/los-detalles-de-la-llamada-que-reconcilio-a-michael-jordan-y-charles-barkley-tras-14-anos-quien-fue-el-mediador\/#primaryimage\",\"url\":\"https:\/\/lobosnews.com.ar\/wp-content\/uploads\/2026\/04\/los-detalles-de-la-llamada-que-reconcilio-a-michael-jordan-y-charles-barkley-tras-14-anos-quien-fue-el-mediador.jpg\",\"contentUrl\":\"https:\/\/lobosnews.com.ar\/wp-content\/uploads\/2026\/04\/los-detalles-de-la-llamada-que-reconcilio-a-michael-jordan-y-charles-barkley-tras-14-anos-quien-fue-el-mediador.jpg\"},{\"@type\":\"BreadcrumbList\",\"@id\":\"https:\/\/lobosnews.com.ar\/index.php\/2026\/04\/28\/los-detalles-de-la-llamada-que-reconcilio-a-michael-jordan-y-charles-barkley-tras-14-anos-quien-fue-el-mediador\/#breadcrumb\",\"itemListElement\":[{\"@type\":\"ListItem\",\"position\":1,\"name\":\"Portada\",\"item\":\"https:\/\/lobosnews.com.ar\/\"},{\"@type\":\"ListItem\",\"position\":2,\"name\":\"Los detalles de la llamada que reconcili\u00f3 a Michael Jordan y Charles Barkley tras 14 a\u00f1os: qui\u00e9n fue el mediador\"}]},{\"@type\":\"WebSite\",\"@id\":\"https:\/\/lobosnews.com.ar\/#website\",\"url\":\"https:\/\/lobosnews.com.ar\/\",\"name\":\"Lobos News\",\"description\":\"Informaci\u00f3n a cada instante\",\"publisher\":{\"@id\":\"https:\/\/lobosnews.com.ar\/#organization\"},\"potentialAction\":[{\"@type\":\"SearchAction\",\"target\":{\"@type\":\"EntryPoint\",\"urlTemplate\":\"https:\/\/lobosnews.com.ar\/?s={search_term_string}\"},\"query-input\":{\"@type\":\"PropertyValueSpecification\",\"valueRequired\":true,\"valueName\":\"search_term_string\"}}],\"inLanguage\":\"es\"},{\"@type\":\"Organization\",\"@id\":\"https:\/\/lobosnews.com.ar\/#organization\",\"name\":\"Lobos News\",\"url\":\"https:\/\/lobosnews.com.ar\/\",\"logo\":{\"@type\":\"ImageObject\",\"inLanguage\":\"es\",\"@id\":\"https:\/\/lobosnews.com.ar\/#\/schema\/logo\/image\/\",\"url\":\"https:\/\/lobosnews.com.ar\/wp-content\/uploads\/2026\/01\/logo-lobosnews.png\",\"contentUrl\":\"https:\/\/lobosnews.com.ar\/wp-content\/uploads\/2026\/01\/logo-lobosnews.png\",\"width\":500,\"height\":200,\"caption\":\"Lobos News\"},\"image\":{\"@id\":\"https:\/\/lobosnews.com.ar\/#\/schema\/logo\/image\/\"}},{\"@type\":\"Person\",\"@id\":\"https:\/\/lobosnews.com.ar\/#\/schema\/person\/232422a593d5c541dd9aef6aaed10943\",\"name\":\"admin\",\"image\":{\"@type\":\"ImageObject\",\"inLanguage\":\"es\",\"@id\":\"https:\/\/lobosnews.com.ar\/#\/schema\/person\/image\/\",\"url\":\"https:\/\/secure.gravatar.com\/avatar\/76e419471a2083bc3ceab22a763dbbf9b0c1bd15a6214cf3280e2c2dde4580f9?s=96&d=mm&r=g\",\"contentUrl\":\"https:\/\/secure.gravatar.com\/avatar\/76e419471a2083bc3ceab22a763dbbf9b0c1bd15a6214cf3280e2c2dde4580f9?s=96&d=mm&r=g\",\"caption\":\"admin\"},\"sameAs\":[\"https:\/\/lobosnews.com.ar\"],\"url\":\"https:\/\/lobosnews.com.ar\/index.php\/author\/lobos-news\/\"}]}<\/script>\n<!-- \/ Yoast SEO plugin. -->","yoast_head_json":{"title":"Los detalles de la llamada que reconcili\u00f3 a Michael Jordan y Charles Barkley tras 14 a\u00f1os: qui\u00e9n fue el mediador - Lobos News","robots":{"index":"index","follow":"follow","max-snippet":"max-snippet:-1","max-image-preview":"max-image-preview:large","max-video-preview":"max-video-preview:-1"},"canonical":"https:\/\/lobosnews.com.ar\/index.php\/2026\/04\/28\/los-detalles-de-la-llamada-que-reconcilio-a-michael-jordan-y-charles-barkley-tras-14-anos-quien-fue-el-mediador\/","og_locale":"es_ES","og_type":"article","og_title":"Los detalles de la llamada que reconcili\u00f3 a Michael Jordan y Charles Barkley tras 14 a\u00f1os: qui\u00e9n fue el mediador - Lobos News","og_description":"Charles Barkley y Michael Jordan retomaron el contacto despu\u00e9s de 14 a\u00f1os de distanciamiento, y el m\u00e9rito de ese acercamiento recae sobre un ex jugador de b\u00e9isbol. Fue Vince Coleman, ex jardinero de las Grandes Ligas de B\u00e9isbol (MLB), quien marc\u00f3 el n\u00famero de Barkley desde el club de golf de Jordan en Florida y...","og_url":"https:\/\/lobosnews.com.ar\/index.php\/2026\/04\/28\/los-detalles-de-la-llamada-que-reconcilio-a-michael-jordan-y-charles-barkley-tras-14-anos-quien-fue-el-mediador\/","og_site_name":"Lobos News","article_published_time":"2026-04-28T00:34:46+00:00","article_modified_time":"2026-04-28T02:35:06+00:00","og_image":[{"url":"https:\/\/lobosnews.com.ar\/wp-content\/uploads\/2026\/04\/los-detalles-de-la-llamada-que-reconcilio-a-michael-jordan-y-charles-barkley-tras-14-anos-quien-fue-el-mediador.jpg","type":"","width":"","height":""}],"author":"admin","twitter_card":"summary_large_image","twitter_misc":{"Escrito por":"admin","Tiempo de lectura":"3 minutos"},"schema":{"@context":"https:\/\/schema.org","@graph":[{"@type":"Article","@id":"https:\/\/lobosnews.com.ar\/index.php\/2026\/04\/28\/los-detalles-de-la-llamada-que-reconcilio-a-michael-jordan-y-charles-barkley-tras-14-anos-quien-fue-el-mediador\/#article","isPartOf":{"@id":"https:\/\/lobosnews.com.ar\/index.php\/2026\/04\/28\/los-detalles-de-la-llamada-que-reconcilio-a-michael-jordan-y-charles-barkley-tras-14-anos-quien-fue-el-mediador\/"},"author":{"name":"admin","@id":"https:\/\/lobosnews.com.ar\/#\/schema\/person\/232422a593d5c541dd9aef6aaed10943"},"headline":"Los detalles de la llamada que reconcili\u00f3 a Michael Jordan y Charles Barkley tras 14 a\u00f1os: qui\u00e9n fue el mediador","datePublished":"2026-04-28T00:34:46+00:00","dateModified":"2026-04-28T02:35:06+00:00","mainEntityOfPage":{"@id":"https:\/\/lobosnews.com.ar\/index.php\/2026\/04\/28\/los-detalles-de-la-llamada-que-reconcilio-a-michael-jordan-y-charles-barkley-tras-14-anos-quien-fue-el-mediador\/"},"wordCount":651,"commentCount":0,"publisher":{"@id":"https:\/\/lobosnews.com.ar\/#organization"},"image":{"@id":"https:\/\/lobosnews.com.ar\/index.php\/2026\/04\/28\/los-detalles-de-la-llamada-que-reconcilio-a-michael-jordan-y-charles-barkley-tras-14-anos-quien-fue-el-mediador\/#primaryimage"},"thumbnailUrl":"https:\/\/lobosnews.com.ar\/wp-content\/uploads\/2026\/04\/los-detalles-de-la-llamada-que-reconcilio-a-michael-jordan-y-charles-barkley-tras-14-anos-quien-fue-el-mediador.jpg","keywords":["Deportes"],"articleSection":["Argentina"],"inLanguage":"es","potentialAction":[{"@type":"CommentAction","name":"Comment","target":["https:\/\/lobosnews.com.ar\/index.php\/2026\/04\/28\/los-detalles-de-la-llamada-que-reconcilio-a-michael-jordan-y-charles-barkley-tras-14-anos-quien-fue-el-mediador\/#respond"]}]},{"@type":"WebPage","@id":"https:\/\/lobosnews.com.ar\/index.php\/2026\/04\/28\/los-detalles-de-la-llamada-que-reconcilio-a-michael-jordan-y-charles-barkley-tras-14-anos-quien-fue-el-mediador\/","url":"https:\/\/lobosnews.com.ar\/index.php\/2026\/04\/28\/los-detalles-de-la-llamada-que-reconcilio-a-michael-jordan-y-charles-barkley-tras-14-anos-quien-fue-el-mediador\/","name":"Los detalles de la llamada que reconcili\u00f3 a Michael Jordan y Charles Barkley tras 14 a\u00f1os: qui\u00e9n fue el mediador - Lobos News","isPartOf":{"@id":"https:\/\/lobosnews.com.ar\/#website"},"primaryImageOfPage":{"@id":"https:\/\/lobosnews.com.ar\/index.php\/2026\/04\/28\/los-detalles-de-la-llamada-que-reconcilio-a-michael-jordan-y-charles-barkley-tras-14-anos-quien-fue-el-mediador\/#primaryimage"},"image":{"@id":"https:\/\/lobosnews.com.ar\/index.php\/2026\/04\/28\/los-detalles-de-la-llamada-que-reconcilio-a-michael-jordan-y-charles-barkley-tras-14-anos-quien-fue-el-mediador\/#primaryimage"},"thumbnailUrl":"https:\/\/lobosnews.com.ar\/wp-content\/uploads\/2026\/04\/los-detalles-de-la-llamada-que-reconcilio-a-michael-jordan-y-charles-barkley-tras-14-anos-quien-fue-el-mediador.jpg","datePublished":"2026-04-28T00:34:46+00:00","dateModified":"2026-04-28T02:35:06+00:00","breadcrumb":{"@id":"https:\/\/lobosnews.com.ar\/index.php\/2026\/04\/28\/los-detalles-de-la-llamada-que-reconcilio-a-michael-jordan-y-charles-barkley-tras-14-anos-quien-fue-el-mediador\/#breadcrumb"},"inLanguage":"es","potentialAction":[{"@type":"ReadAction","target":["https:\/\/lobosnews.com.ar\/index.php\/2026\/04\/28\/los-detalles-de-la-llamada-que-reconcilio-a-michael-jordan-y-charles-barkley-tras-14-anos-quien-fue-el-mediador\/"]}]},{"@type":"ImageObject","inLanguage":"es","@id":"https:\/\/lobosnews.com.ar\/index.php\/2026\/04\/28\/los-detalles-de-la-llamada-que-reconcilio-a-michael-jordan-y-charles-barkley-tras-14-anos-quien-fue-el-mediador\/#primaryimage","url":"https:\/\/lobosnews.com.ar\/wp-content\/uploads\/2026\/04\/los-detalles-de-la-llamada-que-reconcilio-a-michael-jordan-y-charles-barkley-tras-14-anos-quien-fue-el-mediador.jpg","contentUrl":"https:\/\/lobosnews.com.ar\/wp-content\/uploads\/2026\/04\/los-detalles-de-la-llamada-que-reconcilio-a-michael-jordan-y-charles-barkley-tras-14-anos-quien-fue-el-mediador.jpg"},{"@type":"BreadcrumbList","@id":"https:\/\/lobosnews.com.ar\/index.php\/2026\/04\/28\/los-detalles-de-la-llamada-que-reconcilio-a-michael-jordan-y-charles-barkley-tras-14-anos-quien-fue-el-mediador\/#breadcrumb","itemListElement":[{"@type":"ListItem","position":1,"name":"Portada","item":"https:\/\/lobosnews.com.ar\/"},{"@type":"ListItem","position":2,"name":"Los detalles de la llamada que reconcili\u00f3 a Michael Jordan y Charles Barkley tras 14 a\u00f1os: qui\u00e9n fue el mediador"}]},{"@type":"WebSite","@id":"https:\/\/lobosnews.com.ar\/#website","url":"https:\/\/lobosnews.com.ar\/","name":"Lobos News","description":"Informaci\u00f3n a cada instante","publisher":{"@id":"https:\/\/lobosnews.com.ar\/#organization"},"potentialAction":[{"@type":"SearchAction","target":{"@type":"EntryPoint","urlTemplate":"https:\/\/lobosnews.com.ar\/?s={search_term_string}"},"query-input":{"@type":"PropertyValueSpecification","valueRequired":true,"valueName":"search_term_string"}}],"inLanguage":"es"},{"@type":"Organization","@id":"https:\/\/lobosnews.com.ar\/#organization","name":"Lobos News","url":"https:\/\/lobosnews.com.ar\/","logo":{"@type":"ImageObject","inLanguage":"es","@id":"https:\/\/lobosnews.com.ar\/#\/schema\/logo\/image\/","url":"https:\/\/lobosnews.com.ar\/wp-content\/uploads\/2026\/01\/logo-lobosnews.png","contentUrl":"https:\/\/lobosnews.com.ar\/wp-content\/uploads\/2026\/01\/logo-lobosnews.png","width":500,"height":200,"caption":"Lobos News"},"image":{"@id":"https:\/\/lobosnews.com.ar\/#\/schema\/logo\/image\/"}},{"@type":"Person","@id":"https:\/\/lobosnews.com.ar\/#\/schema\/person\/232422a593d5c541dd9aef6aaed10943","name":"admin","image":{"@type":"ImageObject","inLanguage":"es","@id":"https:\/\/lobosnews.com.ar\/#\/schema\/person\/image\/","url":"https:\/\/secure.gravatar.com\/avatar\/76e419471a2083bc3ceab22a763dbbf9b0c1bd15a6214cf3280e2c2dde4580f9?s=96&d=mm&r=g","contentUrl":"https:\/\/secure.gravatar.com\/avatar\/76e419471a2083bc3ceab22a763dbbf9b0c1bd15a6214cf3280e2c2dde4580f9?s=96&d=mm&r=g","caption":"admin"},"sameAs":["https:\/\/lobosnews.com.ar"],"url":"https:\/\/lobosnews.com.ar\/index.php\/author\/lobos-news\/"}]}},"jetpack_featured_media_url":"","jetpack_sharing_enabled":true,"_links":{"self":[{"href":"https:\/\/lobosnews.com.ar\/index.php\/wp-json\/wp\/v2\/posts\/46325","targetHints":{"allow":["GET"]}}],"collection":[{"href":"https:\/\/lobosnews.com.ar\/index.php\/wp-json\/wp\/v2\/posts"}],"about":[{"href":"https:\/\/lobosnews.com.ar\/index.php\/wp-json\/wp\/v2\/types\/post"}],"author":[{"embeddable":true,"href":"https:\/\/lobosnews.com.ar\/index.php\/wp-json\/wp\/v2\/users\/1"}],"replies":[{"embeddable":true,"href":"https:\/\/lobosnews.com.ar\/index.php\/wp-json\/wp\/v2\/comments?post=46325"}],"version-history":[{"count":1,"href":"https:\/\/lobosnews.com.ar\/index.php\/wp-json\/wp\/v2\/posts\/46325\/revisions"}],"predecessor-version":[{"id":46329,"href":"https:\/\/lobosnews.com.ar\/index.php\/wp-json\/wp\/v2\/posts\/46325\/revisions\/46329"}],"wp:attachment":[{"href":"https:\/\/lobosnews.com.ar\/index.php\/wp-json\/wp\/v2\/media?parent=46325"}],"wp:term":[{"taxonomy":"category","embeddable":true,"href":"https:\/\/lobosnews.com.ar\/index.php\/wp-json\/wp\/v2\/categories?post=46325"},{"taxonomy":"post_tag","embeddable":true,"href":"https:\/\/lobosnews.com.ar\/index.php\/wp-json\/wp\/v2\/tags?post=46325"}],"curies":[{"name":"wp","href":"https:\/\/api.w.org\/{rel}","templated":true}]}}