{"id":46317,"date":"2026-04-28T01:15:25","date_gmt":"2026-04-28T01:15:25","guid":{"rendered":"https:\/\/lobosnews.com.ar\/index.php\/2026\/04\/28\/no-puede-decir-mi-corazon-es-rojo-el-dilema-futbolero-que-compartio-flavio-azzaro-con-un-juguete-de-su-hijo\/"},"modified":"2026-04-28T02:34:57","modified_gmt":"2026-04-28T02:34:57","slug":"no-puede-decir-mi-corazon-es-rojo-el-dilema-futbolero-que-compartio-flavio-azzaro-con-un-juguete-de-su-hijo","status":"publish","type":"post","link":"https:\/\/lobosnews.com.ar\/index.php\/2026\/04\/28\/no-puede-decir-mi-corazon-es-rojo-el-dilema-futbolero-que-compartio-flavio-azzaro-con-un-juguete-de-su-hijo\/","title":{"rendered":"\u201cNo puede decir \u2018mi coraz\u00f3n es rojo\u2019\u201d: el dilema futbolero que comparti\u00f3 Flavio Azzaro con un juguete de su hijo"},"content":{"rendered":"<p>El episodio dom\u00e9stico que protagoniz\u00f3 el periodista deportivo<b> Flavio Azzaro<\/b> gener\u00f3 desbordes de humor y debate en la comunidad digital. Todo comenz\u00f3 cuando comparti\u00f3 en el programa de streaming <i>No podemos perder<\/i> de <i>AZZ<\/i> una escena cotidiana relacionada con el juguete m\u00e1s preciado de su hijo reci\u00e9n nacido, <b>Piero<\/b>: un mu\u00f1eco del personaje infantil Plim Plim que, al accionar su caja de sonido, repite una frase que va en contra de la preferencia futbol\u00edstica del comunicador.<\/p>\n<p>El periodista, que <span class=\"waslinkname\">en febrero anunci\u00f3 el nacimiento de su primer hijo junto a <b>Sol Nobile<\/b><\/span>, relat\u00f3 c\u00f3mo la vida con un beb\u00e9 lo enfrent\u00f3 a situaciones inesperadas. \u201c<b>Mi hijo est\u00e1 enamorado de Plim Plim<\/b>\u201d, expuso de entrada ante su audiencia. Seg\u00fan su testimonio, el mu\u00f1eco es el recurso capaz de apaciguar el llanto de Piero en momentos dif\u00edciles. \u201c<b>Es casi lo \u00fanico que lo calma en situaciones muy adversas, como por ejemplo, c\u00f3licos<\/b>\u201d, enfatiz\u00f3.<\/p>\n<p>Azzaro profundiz\u00f3: \u201c<b>En situaciones muy adversas, no detectamos por qu\u00e9 llora, que es algo que es muy, muy dif\u00edcil, porque lloran por todo. Los beb\u00e9s no tienen manera de poder expresarte lo que les est\u00e1 sucediendo. Pero Plim Plim es lo m\u00e1s grande que hay, lo calma. Eso me ven\u00eda diciendo Sol<\/b>\u201d.<\/p>\n<p><img fetchpriority=\"high\" decoding=\"async\" src=\"https:\/\/lobosnews.com.ar\/wp-content\/uploads\/2026\/04\/no-puede-decir-mi-corazon-es-rojo-el-dilema-futbolero-que-compartio-flavio-azzaro-con-un-juguete-de-su-hijo.jpg\" alt=\"Flavio Azzaro qued\u00f3 sorprendido con el mu\u00f1eco favorito de su hijo\" height=\"1440\" width=\"1080\"\/><\/p>\n<p>El periodista narr\u00f3 una secuencia de juego que protagoniz\u00f3 con su hijo y el mu\u00f1eco. \u201c<b>Una ma\u00f1ana bajo, veo que Plim Plim est\u00e1 jugando, la est\u00e1 rompiendo<\/b>\u201d, describi\u00f3 entre risas. Azzaro observ\u00f3 la interacci\u00f3n de Piero con el mu\u00f1eco: \u201c<b>Lo miraba, se lo mov\u00eda, lo segu\u00eda, iba, ven\u00eda, se lo sacaba, lloraba, aparec\u00eda y hasta que en un momento veo que tiene sonidos Plim Plim<\/b>\u201d.<\/p>\n<p>La rutina familiar tom\u00f3 un giro inesperado cuando, al explorar la caja de sonido del peluche, Azzaro decidi\u00f3 compartir la experiencia en vivo. \u201c<b>Y escuchen esto. Le digo: \u2018Ven\u00ed, ven\u00ed, ven\u00ed. Vamos a jugar\u2019<\/b>\u201d, relat\u00f3, mientras acercaba el peluche al micr\u00f3fono. Al presionar el mecanismo, son\u00f3 la frase \u201c<b>Mi coraz\u00f3n es rojo<\/b>\u201d. En ese instante, la reacci\u00f3n fue inmediata y colectiva. \u201c<b>\u00a1Nooo!<\/b>\u201d, exclamaron todos los presentes ante la sorpresa, entre risas.<\/p>\n<p>El detalle que encendi\u00f3 la indignaci\u00f3n del periodista reside en su conocida pasi\u00f3n por <b>Racing<\/b>. Azzaro, hincha confeso de la <i>Academia<\/i>, explic\u00f3 su conflicto: \u201c<b>\u00bfSab\u00e9s qu\u00e9? Solt\u00e9 el Plim Plim y le dije a Sol: \u2018Tenemos que charlar\u2019<\/b>\u201d. La an\u00e9cdota se transform\u00f3 en una reflexi\u00f3n futbolera: \u201c<b>Es muy fuerte<\/b>\u201d, reconoci\u00f3 con tono de humor, ante la relaci\u00f3n del color del coraz\u00f3n del mu\u00f1eco con <b>Independiente<\/b>.<\/p>\n<p><img loading=\"lazy\" decoding=\"async\" src=\"https:\/\/lobosnews.com.ar\/wp-content\/uploads\/2026\/04\/no-puede-decir-mi-corazon-es-rojo-el-dilema-futbolero-que-compartio-flavio-azzaro-con-un-juguete-de-su-hijo-1.jpg\" alt=\"El periodista deportivo comparti\u00f3 una an\u00e9cdota simp\u00e1tica en su programa de AZZ (Jaime Olivos)\" height=\"1278\" width=\"1920\"\/><\/p>\n<p>El periodista detall\u00f3 su razonamiento ante la comunidad: \u201c<b>No puede decir: \u2018Mi coraz\u00f3n es rojo\u2019. Entonces, \u00bfvos qu\u00e9 ten\u00e9s que hacer? Secuestrarlo, traerlo a AZZ y este mu\u00f1eco desaparece. No vuelve m\u00e1s. Y tendremos que buscar, con todo el amor del mundo, otro personaje que alivie los c\u00f3licos<\/b>\u201d.<\/p>\n<p>En caso de no encontrar un sustituto para Plim Plim, Azzaro plante\u00f3 su dilema: \u201c<b>Volveremos con Plim Plim, porque si no mi mujer me va a decir: \u2018Te llevaste a Plim Plim, hazte cargo\u2019. Si no, gritar\u00e9: \u2018\u00a1Mi coraz\u00f3n is blue light!\u2019<\/b>\u201d, sentenci\u00f3 entre risas, dando cierre a la an\u00e9cdota.<\/p>\n<p>El relato no tard\u00f3 en viralizarse entre los seguidores del periodista y los fan\u00e1ticos del personaje infantil, quienes se sumaron al intercambio de bromas. La cuenta oficial del payaso infantil, con m\u00e1s de cinco millones de seguidores, no dej\u00f3 pasar la oportunidad de sumarse a la conversaci\u00f3n y respondieron al video: \u201c<b>No hay dudas de que Piero llevar\u00e1 tu color del coraz\u00f3n<\/b> (emoji de coraz\u00f3n celeste) <b>y que tambi\u00e9n aprender\u00e1 valores positivos junto a Plim Plim \u00a1Gracias Flavio por compartirnos esta historia tan divertida!<\/b>\u201d.<\/p>\n","protected":false},"excerpt":{"rendered":"<p>El episodio dom\u00e9stico que protagoniz\u00f3 el periodista deportivo Flavio Azzaro gener\u00f3 desbordes de humor y debate en la comunidad digital. Todo comenz\u00f3 cuando comparti\u00f3 en el programa de streaming No podemos perder de AZZ una escena cotidiana relacionada con el juguete m\u00e1s preciado de su hijo reci\u00e9n nacido, Piero: un mu\u00f1eco del personaje infantil Plim&#8230;<\/p>\n","protected":false},"author":1,"featured_media":0,"comment_status":"open","ping_status":"closed","sticky":false,"template":"","format":"standard","meta":{"_jetpack_memberships_contains_paid_content":false,"footnotes":""},"categories":[30],"tags":[39],"class_list":["post-46317","post","type-post","status-publish","format-standard","hentry","category-argentina","tag-deportes"],"magazineBlocksPostFeaturedMedia":{"thumbnail":false,"medium":false,"medium_large":false,"large":false,"1536x1536":false,"2048x2048":false,"newsmatic-featured":false,"newsmatic-list":false,"newsmatic-thumb":false,"newsmatic-small":false,"newsmatic-grid":false},"magazineBlocksPostAuthor":{"name":"admin","avatar":"https:\/\/secure.gravatar.com\/avatar\/76e419471a2083bc3ceab22a763dbbf9b0c1bd15a6214cf3280e2c2dde4580f9?s=96&d=mm&r=g"},"magazineBlocksPostCommentsNumber":"0","magazineBlocksPostExcerpt":"El episodio dom\u00e9stico que protagoniz\u00f3 el periodista deportivo Flavio Azzaro gener\u00f3 desbordes de humor y debate en la comunidad digital. Todo comenz\u00f3 cuando comparti\u00f3 en el programa de streaming No podemos perder de AZZ una escena cotidiana relacionada con el juguete m\u00e1s preciado de su hijo reci\u00e9n nacido, Piero: un mu\u00f1eco del personaje infantil Plim...","magazineBlocksPostCategories":["Argentina"],"magazineBlocksPostViewCount":18,"magazineBlocksPostReadTime":4,"magazine_blocks_featured_image_url":{"full":false,"medium":false,"thumbnail":false},"magazine_blocks_author":{"display_name":"admin","author_link":"https:\/\/lobosnews.com.ar\/index.php\/author\/lobos-news\/"},"magazine_blocks_comment":0,"magazine_blocks_author_image":"https:\/\/secure.gravatar.com\/avatar\/76e419471a2083bc3ceab22a763dbbf9b0c1bd15a6214cf3280e2c2dde4580f9?s=96&d=mm&r=g","magazine_blocks_category":"<a href=\"#\" class=\"category-link category-link-30\">Argentina<\/a>","yoast_head":"<!-- This site is optimized with the Yoast SEO plugin v26.6 - https:\/\/yoast.com\/wordpress\/plugins\/seo\/ -->\n<title>\u201cNo puede decir \u2018mi coraz\u00f3n es rojo\u2019\u201d: el dilema futbolero que comparti\u00f3 Flavio Azzaro con un juguete de su hijo - Lobos News<\/title>\n<meta name=\"robots\" content=\"index, follow, max-snippet:-1, max-image-preview:large, max-video-preview:-1\" \/>\n<link rel=\"canonical\" href=\"https:\/\/lobosnews.com.ar\/index.php\/2026\/04\/28\/no-puede-decir-mi-corazon-es-rojo-el-dilema-futbolero-que-compartio-flavio-azzaro-con-un-juguete-de-su-hijo\/\" \/>\n<meta property=\"og:locale\" content=\"es_ES\" \/>\n<meta property=\"og:type\" content=\"article\" \/>\n<meta property=\"og:title\" content=\"\u201cNo puede decir \u2018mi coraz\u00f3n es rojo\u2019\u201d: el dilema futbolero que comparti\u00f3 Flavio Azzaro con un juguete de su hijo - Lobos News\" \/>\n<meta property=\"og:description\" content=\"El episodio dom\u00e9stico que protagoniz\u00f3 el periodista deportivo Flavio Azzaro gener\u00f3 desbordes de humor y debate en la comunidad digital. Todo comenz\u00f3 cuando comparti\u00f3 en el programa de streaming No podemos perder de AZZ una escena cotidiana relacionada con el juguete m\u00e1s preciado de su hijo reci\u00e9n nacido, Piero: un mu\u00f1eco del personaje infantil Plim...\" \/>\n<meta property=\"og:url\" content=\"https:\/\/lobosnews.com.ar\/index.php\/2026\/04\/28\/no-puede-decir-mi-corazon-es-rojo-el-dilema-futbolero-que-compartio-flavio-azzaro-con-un-juguete-de-su-hijo\/\" \/>\n<meta property=\"og:site_name\" content=\"Lobos News\" \/>\n<meta property=\"article:published_time\" content=\"2026-04-28T01:15:25+00:00\" \/>\n<meta property=\"article:modified_time\" content=\"2026-04-28T02:34:57+00:00\" \/>\n<meta property=\"og:image\" content=\"https:\/\/lobosnews.com.ar\/wp-content\/uploads\/2026\/04\/no-puede-decir-mi-corazon-es-rojo-el-dilema-futbolero-que-compartio-flavio-azzaro-con-un-juguete-de-su-hijo.jpg\" \/>\n<meta name=\"author\" content=\"admin\" \/>\n<meta name=\"twitter:card\" content=\"summary_large_image\" \/>\n<meta name=\"twitter:label1\" content=\"Escrito por\" \/>\n\t<meta name=\"twitter:data1\" content=\"admin\" \/>\n\t<meta name=\"twitter:label2\" content=\"Tiempo de lectura\" \/>\n\t<meta name=\"twitter:data2\" content=\"3 minutos\" \/>\n<script type=\"application\/ld+json\" class=\"yoast-schema-graph\">{\"@context\":\"https:\/\/schema.org\",\"@graph\":[{\"@type\":\"Article\",\"@id\":\"https:\/\/lobosnews.com.ar\/index.php\/2026\/04\/28\/no-puede-decir-mi-corazon-es-rojo-el-dilema-futbolero-que-compartio-flavio-azzaro-con-un-juguete-de-su-hijo\/#article\",\"isPartOf\":{\"@id\":\"https:\/\/lobosnews.com.ar\/index.php\/2026\/04\/28\/no-puede-decir-mi-corazon-es-rojo-el-dilema-futbolero-que-compartio-flavio-azzaro-con-un-juguete-de-su-hijo\/\"},\"author\":{\"name\":\"admin\",\"@id\":\"https:\/\/lobosnews.com.ar\/#\/schema\/person\/232422a593d5c541dd9aef6aaed10943\"},\"headline\":\"\u201cNo puede decir \u2018mi coraz\u00f3n es rojo\u2019\u201d: el dilema futbolero que comparti\u00f3 Flavio Azzaro con un juguete de su hijo\",\"datePublished\":\"2026-04-28T01:15:25+00:00\",\"dateModified\":\"2026-04-28T02:34:57+00:00\",\"mainEntityOfPage\":{\"@id\":\"https:\/\/lobosnews.com.ar\/index.php\/2026\/04\/28\/no-puede-decir-mi-corazon-es-rojo-el-dilema-futbolero-que-compartio-flavio-azzaro-con-un-juguete-de-su-hijo\/\"},\"wordCount\":653,\"commentCount\":0,\"publisher\":{\"@id\":\"https:\/\/lobosnews.com.ar\/#organization\"},\"image\":{\"@id\":\"https:\/\/lobosnews.com.ar\/index.php\/2026\/04\/28\/no-puede-decir-mi-corazon-es-rojo-el-dilema-futbolero-que-compartio-flavio-azzaro-con-un-juguete-de-su-hijo\/#primaryimage\"},\"thumbnailUrl\":\"https:\/\/lobosnews.com.ar\/wp-content\/uploads\/2026\/04\/no-puede-decir-mi-corazon-es-rojo-el-dilema-futbolero-que-compartio-flavio-azzaro-con-un-juguete-de-su-hijo.jpg\",\"keywords\":[\"Deportes\"],\"articleSection\":[\"Argentina\"],\"inLanguage\":\"es\",\"potentialAction\":[{\"@type\":\"CommentAction\",\"name\":\"Comment\",\"target\":[\"https:\/\/lobosnews.com.ar\/index.php\/2026\/04\/28\/no-puede-decir-mi-corazon-es-rojo-el-dilema-futbolero-que-compartio-flavio-azzaro-con-un-juguete-de-su-hijo\/#respond\"]}]},{\"@type\":\"WebPage\",\"@id\":\"https:\/\/lobosnews.com.ar\/index.php\/2026\/04\/28\/no-puede-decir-mi-corazon-es-rojo-el-dilema-futbolero-que-compartio-flavio-azzaro-con-un-juguete-de-su-hijo\/\",\"url\":\"https:\/\/lobosnews.com.ar\/index.php\/2026\/04\/28\/no-puede-decir-mi-corazon-es-rojo-el-dilema-futbolero-que-compartio-flavio-azzaro-con-un-juguete-de-su-hijo\/\",\"name\":\"\u201cNo puede decir \u2018mi coraz\u00f3n es rojo\u2019\u201d: el dilema futbolero que comparti\u00f3 Flavio Azzaro con un juguete de su hijo - Lobos News\",\"isPartOf\":{\"@id\":\"https:\/\/lobosnews.com.ar\/#website\"},\"primaryImageOfPage\":{\"@id\":\"https:\/\/lobosnews.com.ar\/index.php\/2026\/04\/28\/no-puede-decir-mi-corazon-es-rojo-el-dilema-futbolero-que-compartio-flavio-azzaro-con-un-juguete-de-su-hijo\/#primaryimage\"},\"image\":{\"@id\":\"https:\/\/lobosnews.com.ar\/index.php\/2026\/04\/28\/no-puede-decir-mi-corazon-es-rojo-el-dilema-futbolero-que-compartio-flavio-azzaro-con-un-juguete-de-su-hijo\/#primaryimage\"},\"thumbnailUrl\":\"https:\/\/lobosnews.com.ar\/wp-content\/uploads\/2026\/04\/no-puede-decir-mi-corazon-es-rojo-el-dilema-futbolero-que-compartio-flavio-azzaro-con-un-juguete-de-su-hijo.jpg\",\"datePublished\":\"2026-04-28T01:15:25+00:00\",\"dateModified\":\"2026-04-28T02:34:57+00:00\",\"breadcrumb\":{\"@id\":\"https:\/\/lobosnews.com.ar\/index.php\/2026\/04\/28\/no-puede-decir-mi-corazon-es-rojo-el-dilema-futbolero-que-compartio-flavio-azzaro-con-un-juguete-de-su-hijo\/#breadcrumb\"},\"inLanguage\":\"es\",\"potentialAction\":[{\"@type\":\"ReadAction\",\"target\":[\"https:\/\/lobosnews.com.ar\/index.php\/2026\/04\/28\/no-puede-decir-mi-corazon-es-rojo-el-dilema-futbolero-que-compartio-flavio-azzaro-con-un-juguete-de-su-hijo\/\"]}]},{\"@type\":\"ImageObject\",\"inLanguage\":\"es\",\"@id\":\"https:\/\/lobosnews.com.ar\/index.php\/2026\/04\/28\/no-puede-decir-mi-corazon-es-rojo-el-dilema-futbolero-que-compartio-flavio-azzaro-con-un-juguete-de-su-hijo\/#primaryimage\",\"url\":\"https:\/\/lobosnews.com.ar\/wp-content\/uploads\/2026\/04\/no-puede-decir-mi-corazon-es-rojo-el-dilema-futbolero-que-compartio-flavio-azzaro-con-un-juguete-de-su-hijo.jpg\",\"contentUrl\":\"https:\/\/lobosnews.com.ar\/wp-content\/uploads\/2026\/04\/no-puede-decir-mi-corazon-es-rojo-el-dilema-futbolero-que-compartio-flavio-azzaro-con-un-juguete-de-su-hijo.jpg\"},{\"@type\":\"BreadcrumbList\",\"@id\":\"https:\/\/lobosnews.com.ar\/index.php\/2026\/04\/28\/no-puede-decir-mi-corazon-es-rojo-el-dilema-futbolero-que-compartio-flavio-azzaro-con-un-juguete-de-su-hijo\/#breadcrumb\",\"itemListElement\":[{\"@type\":\"ListItem\",\"position\":1,\"name\":\"Portada\",\"item\":\"https:\/\/lobosnews.com.ar\/\"},{\"@type\":\"ListItem\",\"position\":2,\"name\":\"\u201cNo puede decir \u2018mi coraz\u00f3n es rojo\u2019\u201d: el dilema futbolero que comparti\u00f3 Flavio Azzaro con un juguete de su hijo\"}]},{\"@type\":\"WebSite\",\"@id\":\"https:\/\/lobosnews.com.ar\/#website\",\"url\":\"https:\/\/lobosnews.com.ar\/\",\"name\":\"Lobos News\",\"description\":\"Informaci\u00f3n a cada instante\",\"publisher\":{\"@id\":\"https:\/\/lobosnews.com.ar\/#organization\"},\"potentialAction\":[{\"@type\":\"SearchAction\",\"target\":{\"@type\":\"EntryPoint\",\"urlTemplate\":\"https:\/\/lobosnews.com.ar\/?s={search_term_string}\"},\"query-input\":{\"@type\":\"PropertyValueSpecification\",\"valueRequired\":true,\"valueName\":\"search_term_string\"}}],\"inLanguage\":\"es\"},{\"@type\":\"Organization\",\"@id\":\"https:\/\/lobosnews.com.ar\/#organization\",\"name\":\"Lobos News\",\"url\":\"https:\/\/lobosnews.com.ar\/\",\"logo\":{\"@type\":\"ImageObject\",\"inLanguage\":\"es\",\"@id\":\"https:\/\/lobosnews.com.ar\/#\/schema\/logo\/image\/\",\"url\":\"https:\/\/lobosnews.com.ar\/wp-content\/uploads\/2026\/01\/logo-lobosnews.png\",\"contentUrl\":\"https:\/\/lobosnews.com.ar\/wp-content\/uploads\/2026\/01\/logo-lobosnews.png\",\"width\":500,\"height\":200,\"caption\":\"Lobos News\"},\"image\":{\"@id\":\"https:\/\/lobosnews.com.ar\/#\/schema\/logo\/image\/\"}},{\"@type\":\"Person\",\"@id\":\"https:\/\/lobosnews.com.ar\/#\/schema\/person\/232422a593d5c541dd9aef6aaed10943\",\"name\":\"admin\",\"image\":{\"@type\":\"ImageObject\",\"inLanguage\":\"es\",\"@id\":\"https:\/\/lobosnews.com.ar\/#\/schema\/person\/image\/\",\"url\":\"https:\/\/secure.gravatar.com\/avatar\/76e419471a2083bc3ceab22a763dbbf9b0c1bd15a6214cf3280e2c2dde4580f9?s=96&d=mm&r=g\",\"contentUrl\":\"https:\/\/secure.gravatar.com\/avatar\/76e419471a2083bc3ceab22a763dbbf9b0c1bd15a6214cf3280e2c2dde4580f9?s=96&d=mm&r=g\",\"caption\":\"admin\"},\"sameAs\":[\"https:\/\/lobosnews.com.ar\"],\"url\":\"https:\/\/lobosnews.com.ar\/index.php\/author\/lobos-news\/\"}]}<\/script>\n<!-- \/ Yoast SEO plugin. -->","yoast_head_json":{"title":"\u201cNo puede decir \u2018mi coraz\u00f3n es rojo\u2019\u201d: el dilema futbolero que comparti\u00f3 Flavio Azzaro con un juguete de su hijo - Lobos News","robots":{"index":"index","follow":"follow","max-snippet":"max-snippet:-1","max-image-preview":"max-image-preview:large","max-video-preview":"max-video-preview:-1"},"canonical":"https:\/\/lobosnews.com.ar\/index.php\/2026\/04\/28\/no-puede-decir-mi-corazon-es-rojo-el-dilema-futbolero-que-compartio-flavio-azzaro-con-un-juguete-de-su-hijo\/","og_locale":"es_ES","og_type":"article","og_title":"\u201cNo puede decir \u2018mi coraz\u00f3n es rojo\u2019\u201d: el dilema futbolero que comparti\u00f3 Flavio Azzaro con un juguete de su hijo - Lobos News","og_description":"El episodio dom\u00e9stico que protagoniz\u00f3 el periodista deportivo Flavio Azzaro gener\u00f3 desbordes de humor y debate en la comunidad digital. Todo comenz\u00f3 cuando comparti\u00f3 en el programa de streaming No podemos perder de AZZ una escena cotidiana relacionada con el juguete m\u00e1s preciado de su hijo reci\u00e9n nacido, Piero: un mu\u00f1eco del personaje infantil Plim...","og_url":"https:\/\/lobosnews.com.ar\/index.php\/2026\/04\/28\/no-puede-decir-mi-corazon-es-rojo-el-dilema-futbolero-que-compartio-flavio-azzaro-con-un-juguete-de-su-hijo\/","og_site_name":"Lobos News","article_published_time":"2026-04-28T01:15:25+00:00","article_modified_time":"2026-04-28T02:34:57+00:00","og_image":[{"url":"https:\/\/lobosnews.com.ar\/wp-content\/uploads\/2026\/04\/no-puede-decir-mi-corazon-es-rojo-el-dilema-futbolero-que-compartio-flavio-azzaro-con-un-juguete-de-su-hijo.jpg","type":"","width":"","height":""}],"author":"admin","twitter_card":"summary_large_image","twitter_misc":{"Escrito por":"admin","Tiempo de lectura":"3 minutos"},"schema":{"@context":"https:\/\/schema.org","@graph":[{"@type":"Article","@id":"https:\/\/lobosnews.com.ar\/index.php\/2026\/04\/28\/no-puede-decir-mi-corazon-es-rojo-el-dilema-futbolero-que-compartio-flavio-azzaro-con-un-juguete-de-su-hijo\/#article","isPartOf":{"@id":"https:\/\/lobosnews.com.ar\/index.php\/2026\/04\/28\/no-puede-decir-mi-corazon-es-rojo-el-dilema-futbolero-que-compartio-flavio-azzaro-con-un-juguete-de-su-hijo\/"},"author":{"name":"admin","@id":"https:\/\/lobosnews.com.ar\/#\/schema\/person\/232422a593d5c541dd9aef6aaed10943"},"headline":"\u201cNo puede decir \u2018mi coraz\u00f3n es rojo\u2019\u201d: el dilema futbolero que comparti\u00f3 Flavio Azzaro con un juguete de su hijo","datePublished":"2026-04-28T01:15:25+00:00","dateModified":"2026-04-28T02:34:57+00:00","mainEntityOfPage":{"@id":"https:\/\/lobosnews.com.ar\/index.php\/2026\/04\/28\/no-puede-decir-mi-corazon-es-rojo-el-dilema-futbolero-que-compartio-flavio-azzaro-con-un-juguete-de-su-hijo\/"},"wordCount":653,"commentCount":0,"publisher":{"@id":"https:\/\/lobosnews.com.ar\/#organization"},"image":{"@id":"https:\/\/lobosnews.com.ar\/index.php\/2026\/04\/28\/no-puede-decir-mi-corazon-es-rojo-el-dilema-futbolero-que-compartio-flavio-azzaro-con-un-juguete-de-su-hijo\/#primaryimage"},"thumbnailUrl":"https:\/\/lobosnews.com.ar\/wp-content\/uploads\/2026\/04\/no-puede-decir-mi-corazon-es-rojo-el-dilema-futbolero-que-compartio-flavio-azzaro-con-un-juguete-de-su-hijo.jpg","keywords":["Deportes"],"articleSection":["Argentina"],"inLanguage":"es","potentialAction":[{"@type":"CommentAction","name":"Comment","target":["https:\/\/lobosnews.com.ar\/index.php\/2026\/04\/28\/no-puede-decir-mi-corazon-es-rojo-el-dilema-futbolero-que-compartio-flavio-azzaro-con-un-juguete-de-su-hijo\/#respond"]}]},{"@type":"WebPage","@id":"https:\/\/lobosnews.com.ar\/index.php\/2026\/04\/28\/no-puede-decir-mi-corazon-es-rojo-el-dilema-futbolero-que-compartio-flavio-azzaro-con-un-juguete-de-su-hijo\/","url":"https:\/\/lobosnews.com.ar\/index.php\/2026\/04\/28\/no-puede-decir-mi-corazon-es-rojo-el-dilema-futbolero-que-compartio-flavio-azzaro-con-un-juguete-de-su-hijo\/","name":"\u201cNo puede decir \u2018mi coraz\u00f3n es rojo\u2019\u201d: el dilema futbolero que comparti\u00f3 Flavio Azzaro con un juguete de su hijo - Lobos News","isPartOf":{"@id":"https:\/\/lobosnews.com.ar\/#website"},"primaryImageOfPage":{"@id":"https:\/\/lobosnews.com.ar\/index.php\/2026\/04\/28\/no-puede-decir-mi-corazon-es-rojo-el-dilema-futbolero-que-compartio-flavio-azzaro-con-un-juguete-de-su-hijo\/#primaryimage"},"image":{"@id":"https:\/\/lobosnews.com.ar\/index.php\/2026\/04\/28\/no-puede-decir-mi-corazon-es-rojo-el-dilema-futbolero-que-compartio-flavio-azzaro-con-un-juguete-de-su-hijo\/#primaryimage"},"thumbnailUrl":"https:\/\/lobosnews.com.ar\/wp-content\/uploads\/2026\/04\/no-puede-decir-mi-corazon-es-rojo-el-dilema-futbolero-que-compartio-flavio-azzaro-con-un-juguete-de-su-hijo.jpg","datePublished":"2026-04-28T01:15:25+00:00","dateModified":"2026-04-28T02:34:57+00:00","breadcrumb":{"@id":"https:\/\/lobosnews.com.ar\/index.php\/2026\/04\/28\/no-puede-decir-mi-corazon-es-rojo-el-dilema-futbolero-que-compartio-flavio-azzaro-con-un-juguete-de-su-hijo\/#breadcrumb"},"inLanguage":"es","potentialAction":[{"@type":"ReadAction","target":["https:\/\/lobosnews.com.ar\/index.php\/2026\/04\/28\/no-puede-decir-mi-corazon-es-rojo-el-dilema-futbolero-que-compartio-flavio-azzaro-con-un-juguete-de-su-hijo\/"]}]},{"@type":"ImageObject","inLanguage":"es","@id":"https:\/\/lobosnews.com.ar\/index.php\/2026\/04\/28\/no-puede-decir-mi-corazon-es-rojo-el-dilema-futbolero-que-compartio-flavio-azzaro-con-un-juguete-de-su-hijo\/#primaryimage","url":"https:\/\/lobosnews.com.ar\/wp-content\/uploads\/2026\/04\/no-puede-decir-mi-corazon-es-rojo-el-dilema-futbolero-que-compartio-flavio-azzaro-con-un-juguete-de-su-hijo.jpg","contentUrl":"https:\/\/lobosnews.com.ar\/wp-content\/uploads\/2026\/04\/no-puede-decir-mi-corazon-es-rojo-el-dilema-futbolero-que-compartio-flavio-azzaro-con-un-juguete-de-su-hijo.jpg"},{"@type":"BreadcrumbList","@id":"https:\/\/lobosnews.com.ar\/index.php\/2026\/04\/28\/no-puede-decir-mi-corazon-es-rojo-el-dilema-futbolero-que-compartio-flavio-azzaro-con-un-juguete-de-su-hijo\/#breadcrumb","itemListElement":[{"@type":"ListItem","position":1,"name":"Portada","item":"https:\/\/lobosnews.com.ar\/"},{"@type":"ListItem","position":2,"name":"\u201cNo puede decir \u2018mi coraz\u00f3n es rojo\u2019\u201d: el dilema futbolero que comparti\u00f3 Flavio Azzaro con un juguete de su hijo"}]},{"@type":"WebSite","@id":"https:\/\/lobosnews.com.ar\/#website","url":"https:\/\/lobosnews.com.ar\/","name":"Lobos News","description":"Informaci\u00f3n a cada instante","publisher":{"@id":"https:\/\/lobosnews.com.ar\/#organization"},"potentialAction":[{"@type":"SearchAction","target":{"@type":"EntryPoint","urlTemplate":"https:\/\/lobosnews.com.ar\/?s={search_term_string}"},"query-input":{"@type":"PropertyValueSpecification","valueRequired":true,"valueName":"search_term_string"}}],"inLanguage":"es"},{"@type":"Organization","@id":"https:\/\/lobosnews.com.ar\/#organization","name":"Lobos News","url":"https:\/\/lobosnews.com.ar\/","logo":{"@type":"ImageObject","inLanguage":"es","@id":"https:\/\/lobosnews.com.ar\/#\/schema\/logo\/image\/","url":"https:\/\/lobosnews.com.ar\/wp-content\/uploads\/2026\/01\/logo-lobosnews.png","contentUrl":"https:\/\/lobosnews.com.ar\/wp-content\/uploads\/2026\/01\/logo-lobosnews.png","width":500,"height":200,"caption":"Lobos News"},"image":{"@id":"https:\/\/lobosnews.com.ar\/#\/schema\/logo\/image\/"}},{"@type":"Person","@id":"https:\/\/lobosnews.com.ar\/#\/schema\/person\/232422a593d5c541dd9aef6aaed10943","name":"admin","image":{"@type":"ImageObject","inLanguage":"es","@id":"https:\/\/lobosnews.com.ar\/#\/schema\/person\/image\/","url":"https:\/\/secure.gravatar.com\/avatar\/76e419471a2083bc3ceab22a763dbbf9b0c1bd15a6214cf3280e2c2dde4580f9?s=96&d=mm&r=g","contentUrl":"https:\/\/secure.gravatar.com\/avatar\/76e419471a2083bc3ceab22a763dbbf9b0c1bd15a6214cf3280e2c2dde4580f9?s=96&d=mm&r=g","caption":"admin"},"sameAs":["https:\/\/lobosnews.com.ar"],"url":"https:\/\/lobosnews.com.ar\/index.php\/author\/lobos-news\/"}]}},"jetpack_featured_media_url":"","jetpack_sharing_enabled":true,"_links":{"self":[{"href":"https:\/\/lobosnews.com.ar\/index.php\/wp-json\/wp\/v2\/posts\/46317","targetHints":{"allow":["GET"]}}],"collection":[{"href":"https:\/\/lobosnews.com.ar\/index.php\/wp-json\/wp\/v2\/posts"}],"about":[{"href":"https:\/\/lobosnews.com.ar\/index.php\/wp-json\/wp\/v2\/types\/post"}],"author":[{"embeddable":true,"href":"https:\/\/lobosnews.com.ar\/index.php\/wp-json\/wp\/v2\/users\/1"}],"replies":[{"embeddable":true,"href":"https:\/\/lobosnews.com.ar\/index.php\/wp-json\/wp\/v2\/comments?post=46317"}],"version-history":[{"count":1,"href":"https:\/\/lobosnews.com.ar\/index.php\/wp-json\/wp\/v2\/posts\/46317\/revisions"}],"predecessor-version":[{"id":46320,"href":"https:\/\/lobosnews.com.ar\/index.php\/wp-json\/wp\/v2\/posts\/46317\/revisions\/46320"}],"wp:attachment":[{"href":"https:\/\/lobosnews.com.ar\/index.php\/wp-json\/wp\/v2\/media?parent=46317"}],"wp:term":[{"taxonomy":"category","embeddable":true,"href":"https:\/\/lobosnews.com.ar\/index.php\/wp-json\/wp\/v2\/categories?post=46317"},{"taxonomy":"post_tag","embeddable":true,"href":"https:\/\/lobosnews.com.ar\/index.php\/wp-json\/wp\/v2\/tags?post=46317"}],"curies":[{"name":"wp","href":"https:\/\/api.w.org\/{rel}","templated":true}]}}