{"id":46311,"date":"2026-04-27T18:52:24","date_gmt":"2026-04-27T18:52:24","guid":{"rendered":"https:\/\/lobosnews.com.ar\/index.php\/2026\/04\/27\/denunciaron-una-agresion-antisemita-de-un-grupo-de-chicos-del-club-barracas-central-contra-otro-menor-de-12-anos\/"},"modified":"2026-04-27T21:02:25","modified_gmt":"2026-04-27T21:02:25","slug":"denunciaron-una-agresion-antisemita-de-un-grupo-de-chicos-del-club-barracas-central-contra-otro-menor-de-12-anos","status":"publish","type":"post","link":"https:\/\/lobosnews.com.ar\/index.php\/2026\/04\/27\/denunciaron-una-agresion-antisemita-de-un-grupo-de-chicos-del-club-barracas-central-contra-otro-menor-de-12-anos\/","title":{"rendered":"Denunciaron una agresi\u00f3n antisemita de un grupo de chicos del club Barracas Central contra otro menor de 12 a\u00f1os"},"content":{"rendered":"<p><img loading=\"lazy\" decoding=\"async\" src=\"https:\/\/lobosnews.com.ar\/wp-content\/uploads\/2026\/04\/denunciaron-una-agresion-antisemita-de-un-grupo-de-chicos-del-club-barracas-central-contra-otro-menor-de-12-anos.jpg\" alt=\"Una familia de Hebraica denunci\u00f3 que un ni\u00f1o de 12 a\u00f1os recibi\u00f3 agravios antisemitas y que le gritaron: \"Hitler\"\" height=\"1079\" width=\"1920\"\/><\/p>\n<p>La madre de un ni\u00f1o de 12 a\u00f1os denunci\u00f3 que su hijo fue v\u00edctima de <span class=\"waslinkname\">un <b>ataque antisemita<\/b><\/span> por parte de un equipo de futsal del club <b>Barracas Central<\/b>. El hecho tuvo lugar el \u00faltimo domingo en una de las sedes del club <b>Sociedad Hebr\u00e1ica<\/b>, de la comunidad jud\u00eda. <\/p>\n<p>Seg\u00fan pudo reconstruir <b>Infobae<\/b>, todo comenz\u00f3 cuando el menor de 12 a\u00f1os fue al club para buscar unas cosas al club que est\u00e1 ubicado en la localidad bonaerense de <b>Pilar<\/b> y se cruz\u00f3 con un grupo de chicos que pertenec\u00edan al equipo de futsal de la instituci\u00f3n del sur de la Ciudad de Buenos Aires. En ese momento, comenz\u00f3 a recibir gritos por parte del otro contingente y se escuch\u00f3: <b>\u201c\u00a1Hitler!\u00bb<\/b>. <\/p>\n<p>La madre del menor explic\u00f3 que no estaba jugando partido ni nada, simplemente hab\u00eda ido a buscar unas cosas a la instituci\u00f3n. En ese sentido, remarc\u00f3: \u201cLo peor es que <b>el responsable de esos chicos en el micro les estuvo hablando del tema y de c\u00f3mo comportarse<\/b> y pas\u00f3 esto\u2026 o sea, se la ve\u00eda venir\u201d. dem\u00e1s, explic\u00f3 que los menores no se conoc\u00edan.<\/p>\n<p><img loading=\"lazy\" decoding=\"async\" src=\"https:\/\/lobosnews.com.ar\/wp-content\/uploads\/2026\/04\/denunciaron-una-agresion-antisemita-de-un-grupo-de-chicos-del-club-barracas-central-contra-otro-menor-de-12-anos-1.jpg\" alt=\"El hecho ocurri\u00f3 este domingo en el club Sociedad Hebraica\" height=\"1080\" width=\"1920\"\/><\/p>\n<p>En l\u00ednea con este reclamo, la <span class=\"waslinkname\">Delegaci\u00f3n de Asociaciones Israelitas Argentinas (DAIA)<\/span> sac\u00f3 un comunicado en el que repudi\u00f3 el hecho ante \u201cel agravio antisemita proferido por un grupo de j\u00f3venes, del equipo de futsal sub 12, del club Barracas Central, que increparon con la expresi\u00f3n \u2018Hitler, Hitler\u2019 a otro joven, socio de la Sociedad Hebraica Argentina, que circulaba por las instalaciones de esa sede\u201d<\/p>\n<p>\u201c<b>El uso del nombre del principal responsable del exterminio de seis millones de jud\u00edos como un insulto no solo es un ataque directo a la dignidad de la v\u00edctima, sino una ofensa hacia la instituci\u00f3n anfitriona y toda la comunidad<\/b>. Es inadmisible que los discursos de odio encuentren espacio en \u00e1mbitos de convivencia deportiva, que deben ser ejemplos de respeto, tolerancia y diversidad\u201d, continu\u00f3 el escrito de la entidad.<\/p>\n<p><img loading=\"lazy\" decoding=\"async\" src=\"https:\/\/lobosnews.com.ar\/wp-content\/uploads\/2026\/04\/denunciaron-una-agresion-antisemita-de-un-grupo-de-chicos-del-club-barracas-central-contra-otro-menor-de-12-anos-2.jpg\" alt=\"\" height=\"1688\" width=\"1350\"\/><\/p>\n<p>Y complet\u00f3: \u201cPor ello, instamos a las autoridades pertinentes a aplicar las medidas disciplinarias y pedag\u00f3gicas que consideren apropiadas. Nuestra instituci\u00f3n reafirma su compromiso en la lucha contra el antisemitismo para garantizar un deporte y una sociedad libres de discriminaci\u00f3n\u201d.<\/p>\n<p>Por su parte, en horas del mediod\u00eda de este lunes, el club Barracas Central sac\u00f3 un comunicado en el que conden\u00f3 el episodio: \u201cEl club est\u00e1 a favor de la inclusi\u00f3n y del respeto al pr\u00f3jimo. <b>Se tomar\u00e1n las medidas educativas correspondientes para concientizar y que no ocurran nuevamente estos hechos<\/b>, juntamente con medidas disciplinarias\u201d. Sin embargo, la familia reclama que no se conden\u00f3 el antisemitismo. <\/p>\n<h2>Una artesana jud\u00eda sufri\u00f3 un ataque antisemita en la feria de San Telmo: \u201cFuera los sionistas\u201d<\/h2>\n<p>Una mujer denunci\u00f3 que <span class=\"waslinkname\">fue v\u00edctima de una <b>brutal agresi\u00f3n antisemita<\/b> en la <b>Feria de San Telmo<\/b><\/span> en marzo pasado despu\u00e9s de pedir que retiren una bandera de <b>Palestina<\/b> que hab\u00eda colocado una de las feriantes.<\/p>\n<p>La v\u00edctima en cuesti\u00f3n fue identificada como <b>Karina<\/b>, una artesana que se dedica a la venta de productos hechos con cer\u00e1mica de alta temperatura. Si bien no es una de las feriantes fijas que est\u00e1 en el mercado ic\u00f3nico de la Ciudad de Buenos Aires, hab\u00eda participado en otras oportunidades de las ventas gracias a un mecanismo de sorteo que asigna lugares.<\/p>\n<p>Todo ocurri\u00f3 en la calle <b>Defensa al 700<\/b>, en el coraz\u00f3n de la feria que se instala durante los fines de semana. Seg\u00fan relat\u00f3 a <b>Infobae<\/b>, el inicio de todo fue porque solicit\u00f3 a una feriante si pod\u00eda <b>quitar la bandera de Palestina<\/b>, ya que consider\u00f3 que la feria es un \u00e1mbito cultural y se trata de una insignia que \u201capoya al terrorismo\u201d. Algo similar hab\u00eda ocurrido la \u00faltima vez que coloc\u00f3 su puesto en la feria, pero tras su pedido no pas\u00f3 nada.<\/p>\n<p>Sin embargo, esta vez la persona era otra y, tras el comentario, comenz\u00f3 la agresi\u00f3n: \u201cTen\u00eda una manada de gente que me lanzaba insultos. \u2018<b>Asesina de beb\u00e9s, hija de puta<\/b>\u2019, fueron algunos de los que escuch\u00e9. Todo con un discurso antisionista. <b>Me temblaba todo el cuerpo, me sent\u00eda mal. No me quer\u00eda ir, pero me generaba mucho miedo<\/b>\u201d.<\/p>\n<p>En medio de este cruce, se acerc\u00f3 una agente de la <b>Polic\u00eda de la Ciudad<\/b>, quien intent\u00f3 calmar los \u00e1nimos para evitar que la situaci\u00f3n escale. \u201cEllos dijeron que los hab\u00eda agredido. Estaban seguros que me ten\u00eda que ir\u201d, cont\u00f3.<\/p>\n","protected":false},"excerpt":{"rendered":"<p>La madre de un ni\u00f1o de 12 a\u00f1os denunci\u00f3 que su hijo fue v\u00edctima de un ataque antisemita por parte de un equipo de futsal del club Barracas Central. El hecho tuvo lugar el \u00faltimo domingo en una de las sedes del club Sociedad Hebr\u00e1ica, de la comunidad jud\u00eda. Seg\u00fan pudo reconstruir Infobae, todo comenz\u00f3&#8230;<\/p>\n","protected":false},"author":1,"featured_media":46316,"comment_status":"open","ping_status":"closed","sticky":false,"template":"","format":"standard","meta":{"_jetpack_memberships_contains_paid_content":false,"footnotes":""},"categories":[31,30,32,77,84,35,36,37],"tags":[],"class_list":["post-46311","post","type-post","status-publish","format-standard","has-post-thumbnail","hentry","category-actualidad","category-argentina","category-economia","category-inseguridad","category-masradios-com","category-nacionales","category-seguridad","category-sociedad"],"magazineBlocksPostFeaturedMedia":{"thumbnail":"https:\/\/lobosnews.com.ar\/wp-content\/uploads\/2026\/04\/denunciaron-una-agresion-antisemita-de-un-grupo-de-chicos-del-club-barracas-central-contra-otro-menor-de-12-anos-4-150x150.jpg","medium":"https:\/\/lobosnews.com.ar\/wp-content\/uploads\/2026\/04\/denunciaron-una-agresion-antisemita-de-un-grupo-de-chicos-del-club-barracas-central-contra-otro-menor-de-12-anos-4-240x300.jpg","medium_large":"https:\/\/lobosnews.com.ar\/wp-content\/uploads\/2026\/04\/denunciaron-una-agresion-antisemita-de-un-grupo-de-chicos-del-club-barracas-central-contra-otro-menor-de-12-anos-4-768x960.jpg","large":"https:\/\/lobosnews.com.ar\/wp-content\/uploads\/2026\/04\/denunciaron-una-agresion-antisemita-de-un-grupo-de-chicos-del-club-barracas-central-contra-otro-menor-de-12-anos-4-819x1024.jpg","1536x1536":"https:\/\/lobosnews.com.ar\/wp-content\/uploads\/2026\/04\/denunciaron-una-agresion-antisemita-de-un-grupo-de-chicos-del-club-barracas-central-contra-otro-menor-de-12-anos-4-1228x1536.jpg","2048x2048":"https:\/\/lobosnews.com.ar\/wp-content\/uploads\/2026\/04\/denunciaron-una-agresion-antisemita-de-un-grupo-de-chicos-del-club-barracas-central-contra-otro-menor-de-12-anos-4.jpg","newsmatic-featured":"https:\/\/lobosnews.com.ar\/wp-content\/uploads\/2026\/04\/denunciaron-una-agresion-antisemita-de-un-grupo-de-chicos-del-club-barracas-central-contra-otro-menor-de-12-anos-4-820x545.jpg","newsmatic-list":"https:\/\/lobosnews.com.ar\/wp-content\/uploads\/2026\/04\/denunciaron-una-agresion-antisemita-de-un-grupo-de-chicos-del-club-barracas-central-contra-otro-menor-de-12-anos-4-600x400.jpg","newsmatic-thumb":"https:\/\/lobosnews.com.ar\/wp-content\/uploads\/2026\/04\/denunciaron-una-agresion-antisemita-de-un-grupo-de-chicos-del-club-barracas-central-contra-otro-menor-de-12-anos-4-300x200.jpg","newsmatic-small":"https:\/\/lobosnews.com.ar\/wp-content\/uploads\/2026\/04\/denunciaron-una-agresion-antisemita-de-un-grupo-de-chicos-del-club-barracas-central-contra-otro-menor-de-12-anos-4-150x95.jpg","newsmatic-grid":"https:\/\/lobosnews.com.ar\/wp-content\/uploads\/2026\/04\/denunciaron-una-agresion-antisemita-de-un-grupo-de-chicos-del-club-barracas-central-contra-otro-menor-de-12-anos-4-400x250.jpg"},"magazineBlocksPostAuthor":{"name":"admin","avatar":"https:\/\/secure.gravatar.com\/avatar\/76e419471a2083bc3ceab22a763dbbf9b0c1bd15a6214cf3280e2c2dde4580f9?s=96&d=mm&r=g"},"magazineBlocksPostCommentsNumber":"0","magazineBlocksPostExcerpt":"La madre de un ni\u00f1o de 12 a\u00f1os denunci\u00f3 que su hijo fue v\u00edctima de un ataque antisemita por parte de un equipo de futsal del club Barracas Central. El hecho tuvo lugar el \u00faltimo domingo en una de las sedes del club Sociedad Hebr\u00e1ica, de la comunidad jud\u00eda. Seg\u00fan pudo reconstruir Infobae, todo comenz\u00f3...","magazineBlocksPostCategories":["Actualidad","Argentina","econom\u00eda","inseguridad","masradios.com","nacionales","seguridad","sociedad"],"magazineBlocksPostViewCount":2,"magazineBlocksPostReadTime":4,"magazine_blocks_featured_image_url":{"full":["https:\/\/lobosnews.com.ar\/wp-content\/uploads\/2026\/04\/denunciaron-una-agresion-antisemita-de-un-grupo-de-chicos-del-club-barracas-central-contra-otro-menor-de-12-anos-4.jpg",1350,1688,false],"medium":["https:\/\/lobosnews.com.ar\/wp-content\/uploads\/2026\/04\/denunciaron-una-agresion-antisemita-de-un-grupo-de-chicos-del-club-barracas-central-contra-otro-menor-de-12-anos-4-240x300.jpg",240,300,true],"thumbnail":["https:\/\/lobosnews.com.ar\/wp-content\/uploads\/2026\/04\/denunciaron-una-agresion-antisemita-de-un-grupo-de-chicos-del-club-barracas-central-contra-otro-menor-de-12-anos-4-150x150.jpg",150,150,true]},"magazine_blocks_author":{"display_name":"admin","author_link":"https:\/\/lobosnews.com.ar\/index.php\/author\/lobos-news\/"},"magazine_blocks_comment":0,"magazine_blocks_author_image":"https:\/\/secure.gravatar.com\/avatar\/76e419471a2083bc3ceab22a763dbbf9b0c1bd15a6214cf3280e2c2dde4580f9?s=96&d=mm&r=g","magazine_blocks_category":"<a href=\"#\" class=\"category-link category-link-31\">Actualidad<\/a> <a href=\"#\" class=\"category-link category-link-30\">Argentina<\/a> <a href=\"#\" class=\"category-link category-link-32\">econom\u00eda<\/a> <a href=\"#\" class=\"category-link category-link-77\">inseguridad<\/a> <a href=\"#\" class=\"category-link category-link-84\">masradios.com<\/a> <a href=\"#\" class=\"category-link category-link-35\">nacionales<\/a> <a href=\"#\" class=\"category-link category-link-36\">seguridad<\/a> <a href=\"#\" class=\"category-link category-link-37\">sociedad<\/a>","yoast_head":"<!-- This site is optimized with the Yoast SEO plugin v26.6 - https:\/\/yoast.com\/wordpress\/plugins\/seo\/ -->\n<title>Denunciaron una agresi\u00f3n antisemita de un grupo de chicos del club Barracas Central contra otro menor de 12 a\u00f1os - Lobos News<\/title>\n<meta name=\"robots\" content=\"index, follow, max-snippet:-1, max-image-preview:large, max-video-preview:-1\" \/>\n<link rel=\"canonical\" href=\"https:\/\/lobosnews.com.ar\/index.php\/2026\/04\/27\/denunciaron-una-agresion-antisemita-de-un-grupo-de-chicos-del-club-barracas-central-contra-otro-menor-de-12-anos\/\" \/>\n<meta property=\"og:locale\" content=\"es_ES\" \/>\n<meta property=\"og:type\" content=\"article\" \/>\n<meta property=\"og:title\" content=\"Denunciaron una agresi\u00f3n antisemita de un grupo de chicos del club Barracas Central contra otro menor de 12 a\u00f1os - Lobos News\" \/>\n<meta property=\"og:description\" content=\"La madre de un ni\u00f1o de 12 a\u00f1os denunci\u00f3 que su hijo fue v\u00edctima de un ataque antisemita por parte de un equipo de futsal del club Barracas Central. El hecho tuvo lugar el \u00faltimo domingo en una de las sedes del club Sociedad Hebr\u00e1ica, de la comunidad jud\u00eda. Seg\u00fan pudo reconstruir Infobae, todo comenz\u00f3...\" \/>\n<meta property=\"og:url\" content=\"https:\/\/lobosnews.com.ar\/index.php\/2026\/04\/27\/denunciaron-una-agresion-antisemita-de-un-grupo-de-chicos-del-club-barracas-central-contra-otro-menor-de-12-anos\/\" \/>\n<meta property=\"og:site_name\" content=\"Lobos News\" \/>\n<meta property=\"article:published_time\" content=\"2026-04-27T18:52:24+00:00\" \/>\n<meta property=\"article:modified_time\" content=\"2026-04-27T21:02:25+00:00\" \/>\n<meta property=\"og:image\" content=\"https:\/\/lobosnews.com.ar\/wp-content\/uploads\/2026\/04\/denunciaron-una-agresion-antisemita-de-un-grupo-de-chicos-del-club-barracas-central-contra-otro-menor-de-12-anos.jpg\" \/>\n<meta name=\"author\" content=\"admin\" \/>\n<meta name=\"twitter:card\" content=\"summary_large_image\" \/>\n<meta name=\"twitter:label1\" content=\"Escrito por\" \/>\n\t<meta name=\"twitter:data1\" content=\"admin\" \/>\n\t<meta name=\"twitter:label2\" content=\"Tiempo de lectura\" \/>\n\t<meta name=\"twitter:data2\" content=\"4 minutos\" \/>\n<script type=\"application\/ld+json\" class=\"yoast-schema-graph\">{\"@context\":\"https:\/\/schema.org\",\"@graph\":[{\"@type\":\"Article\",\"@id\":\"https:\/\/lobosnews.com.ar\/index.php\/2026\/04\/27\/denunciaron-una-agresion-antisemita-de-un-grupo-de-chicos-del-club-barracas-central-contra-otro-menor-de-12-anos\/#article\",\"isPartOf\":{\"@id\":\"https:\/\/lobosnews.com.ar\/index.php\/2026\/04\/27\/denunciaron-una-agresion-antisemita-de-un-grupo-de-chicos-del-club-barracas-central-contra-otro-menor-de-12-anos\/\"},\"author\":{\"name\":\"admin\",\"@id\":\"https:\/\/lobosnews.com.ar\/#\/schema\/person\/232422a593d5c541dd9aef6aaed10943\"},\"headline\":\"Denunciaron una agresi\u00f3n antisemita de un grupo de chicos del club Barracas Central contra otro menor de 12 a\u00f1os\",\"datePublished\":\"2026-04-27T18:52:24+00:00\",\"dateModified\":\"2026-04-27T21:02:25+00:00\",\"mainEntityOfPage\":{\"@id\":\"https:\/\/lobosnews.com.ar\/index.php\/2026\/04\/27\/denunciaron-una-agresion-antisemita-de-un-grupo-de-chicos-del-club-barracas-central-contra-otro-menor-de-12-anos\/\"},\"wordCount\":788,\"commentCount\":0,\"publisher\":{\"@id\":\"https:\/\/lobosnews.com.ar\/#organization\"},\"image\":{\"@id\":\"https:\/\/lobosnews.com.ar\/index.php\/2026\/04\/27\/denunciaron-una-agresion-antisemita-de-un-grupo-de-chicos-del-club-barracas-central-contra-otro-menor-de-12-anos\/#primaryimage\"},\"thumbnailUrl\":\"https:\/\/lobosnews.com.ar\/wp-content\/uploads\/2026\/04\/denunciaron-una-agresion-antisemita-de-un-grupo-de-chicos-del-club-barracas-central-contra-otro-menor-de-12-anos-4.jpg\",\"articleSection\":[\"Actualidad\",\"Argentina\",\"econom\u00eda\",\"inseguridad\",\"masradios.com\",\"nacionales\",\"seguridad\",\"sociedad\"],\"inLanguage\":\"es\",\"potentialAction\":[{\"@type\":\"CommentAction\",\"name\":\"Comment\",\"target\":[\"https:\/\/lobosnews.com.ar\/index.php\/2026\/04\/27\/denunciaron-una-agresion-antisemita-de-un-grupo-de-chicos-del-club-barracas-central-contra-otro-menor-de-12-anos\/#respond\"]}]},{\"@type\":\"WebPage\",\"@id\":\"https:\/\/lobosnews.com.ar\/index.php\/2026\/04\/27\/denunciaron-una-agresion-antisemita-de-un-grupo-de-chicos-del-club-barracas-central-contra-otro-menor-de-12-anos\/\",\"url\":\"https:\/\/lobosnews.com.ar\/index.php\/2026\/04\/27\/denunciaron-una-agresion-antisemita-de-un-grupo-de-chicos-del-club-barracas-central-contra-otro-menor-de-12-anos\/\",\"name\":\"Denunciaron una agresi\u00f3n antisemita de un grupo de chicos del club Barracas Central contra otro menor de 12 a\u00f1os - Lobos News\",\"isPartOf\":{\"@id\":\"https:\/\/lobosnews.com.ar\/#website\"},\"primaryImageOfPage\":{\"@id\":\"https:\/\/lobosnews.com.ar\/index.php\/2026\/04\/27\/denunciaron-una-agresion-antisemita-de-un-grupo-de-chicos-del-club-barracas-central-contra-otro-menor-de-12-anos\/#primaryimage\"},\"image\":{\"@id\":\"https:\/\/lobosnews.com.ar\/index.php\/2026\/04\/27\/denunciaron-una-agresion-antisemita-de-un-grupo-de-chicos-del-club-barracas-central-contra-otro-menor-de-12-anos\/#primaryimage\"},\"thumbnailUrl\":\"https:\/\/lobosnews.com.ar\/wp-content\/uploads\/2026\/04\/denunciaron-una-agresion-antisemita-de-un-grupo-de-chicos-del-club-barracas-central-contra-otro-menor-de-12-anos-4.jpg\",\"datePublished\":\"2026-04-27T18:52:24+00:00\",\"dateModified\":\"2026-04-27T21:02:25+00:00\",\"breadcrumb\":{\"@id\":\"https:\/\/lobosnews.com.ar\/index.php\/2026\/04\/27\/denunciaron-una-agresion-antisemita-de-un-grupo-de-chicos-del-club-barracas-central-contra-otro-menor-de-12-anos\/#breadcrumb\"},\"inLanguage\":\"es\",\"potentialAction\":[{\"@type\":\"ReadAction\",\"target\":[\"https:\/\/lobosnews.com.ar\/index.php\/2026\/04\/27\/denunciaron-una-agresion-antisemita-de-un-grupo-de-chicos-del-club-barracas-central-contra-otro-menor-de-12-anos\/\"]}]},{\"@type\":\"ImageObject\",\"inLanguage\":\"es\",\"@id\":\"https:\/\/lobosnews.com.ar\/index.php\/2026\/04\/27\/denunciaron-una-agresion-antisemita-de-un-grupo-de-chicos-del-club-barracas-central-contra-otro-menor-de-12-anos\/#primaryimage\",\"url\":\"https:\/\/lobosnews.com.ar\/wp-content\/uploads\/2026\/04\/denunciaron-una-agresion-antisemita-de-un-grupo-de-chicos-del-club-barracas-central-contra-otro-menor-de-12-anos-4.jpg\",\"contentUrl\":\"https:\/\/lobosnews.com.ar\/wp-content\/uploads\/2026\/04\/denunciaron-una-agresion-antisemita-de-un-grupo-de-chicos-del-club-barracas-central-contra-otro-menor-de-12-anos-4.jpg\",\"width\":1350,\"height\":1688,\"caption\":\"Denunciaron una agresi\u00f3n antisemita de un grupo de chicos del club Barracas Central contra otro menor de 12 a\u00f1os\"},{\"@type\":\"BreadcrumbList\",\"@id\":\"https:\/\/lobosnews.com.ar\/index.php\/2026\/04\/27\/denunciaron-una-agresion-antisemita-de-un-grupo-de-chicos-del-club-barracas-central-contra-otro-menor-de-12-anos\/#breadcrumb\",\"itemListElement\":[{\"@type\":\"ListItem\",\"position\":1,\"name\":\"Portada\",\"item\":\"https:\/\/lobosnews.com.ar\/\"},{\"@type\":\"ListItem\",\"position\":2,\"name\":\"Denunciaron una agresi\u00f3n antisemita de un grupo de chicos del club Barracas Central contra otro menor de 12 a\u00f1os\"}]},{\"@type\":\"WebSite\",\"@id\":\"https:\/\/lobosnews.com.ar\/#website\",\"url\":\"https:\/\/lobosnews.com.ar\/\",\"name\":\"Lobos News\",\"description\":\"Informaci\u00f3n a cada instante\",\"publisher\":{\"@id\":\"https:\/\/lobosnews.com.ar\/#organization\"},\"potentialAction\":[{\"@type\":\"SearchAction\",\"target\":{\"@type\":\"EntryPoint\",\"urlTemplate\":\"https:\/\/lobosnews.com.ar\/?s={search_term_string}\"},\"query-input\":{\"@type\":\"PropertyValueSpecification\",\"valueRequired\":true,\"valueName\":\"search_term_string\"}}],\"inLanguage\":\"es\"},{\"@type\":\"Organization\",\"@id\":\"https:\/\/lobosnews.com.ar\/#organization\",\"name\":\"Lobos News\",\"url\":\"https:\/\/lobosnews.com.ar\/\",\"logo\":{\"@type\":\"ImageObject\",\"inLanguage\":\"es\",\"@id\":\"https:\/\/lobosnews.com.ar\/#\/schema\/logo\/image\/\",\"url\":\"https:\/\/lobosnews.com.ar\/wp-content\/uploads\/2026\/01\/logo-lobosnews.png\",\"contentUrl\":\"https:\/\/lobosnews.com.ar\/wp-content\/uploads\/2026\/01\/logo-lobosnews.png\",\"width\":500,\"height\":200,\"caption\":\"Lobos News\"},\"image\":{\"@id\":\"https:\/\/lobosnews.com.ar\/#\/schema\/logo\/image\/\"}},{\"@type\":\"Person\",\"@id\":\"https:\/\/lobosnews.com.ar\/#\/schema\/person\/232422a593d5c541dd9aef6aaed10943\",\"name\":\"admin\",\"image\":{\"@type\":\"ImageObject\",\"inLanguage\":\"es\",\"@id\":\"https:\/\/lobosnews.com.ar\/#\/schema\/person\/image\/\",\"url\":\"https:\/\/secure.gravatar.com\/avatar\/76e419471a2083bc3ceab22a763dbbf9b0c1bd15a6214cf3280e2c2dde4580f9?s=96&d=mm&r=g\",\"contentUrl\":\"https:\/\/secure.gravatar.com\/avatar\/76e419471a2083bc3ceab22a763dbbf9b0c1bd15a6214cf3280e2c2dde4580f9?s=96&d=mm&r=g\",\"caption\":\"admin\"},\"sameAs\":[\"https:\/\/lobosnews.com.ar\"],\"url\":\"https:\/\/lobosnews.com.ar\/index.php\/author\/lobos-news\/\"}]}<\/script>\n<!-- \/ Yoast SEO plugin. -->","yoast_head_json":{"title":"Denunciaron una agresi\u00f3n antisemita de un grupo de chicos del club Barracas Central contra otro menor de 12 a\u00f1os - Lobos News","robots":{"index":"index","follow":"follow","max-snippet":"max-snippet:-1","max-image-preview":"max-image-preview:large","max-video-preview":"max-video-preview:-1"},"canonical":"https:\/\/lobosnews.com.ar\/index.php\/2026\/04\/27\/denunciaron-una-agresion-antisemita-de-un-grupo-de-chicos-del-club-barracas-central-contra-otro-menor-de-12-anos\/","og_locale":"es_ES","og_type":"article","og_title":"Denunciaron una agresi\u00f3n antisemita de un grupo de chicos del club Barracas Central contra otro menor de 12 a\u00f1os - Lobos News","og_description":"La madre de un ni\u00f1o de 12 a\u00f1os denunci\u00f3 que su hijo fue v\u00edctima de un ataque antisemita por parte de un equipo de futsal del club Barracas Central. El hecho tuvo lugar el \u00faltimo domingo en una de las sedes del club Sociedad Hebr\u00e1ica, de la comunidad jud\u00eda. Seg\u00fan pudo reconstruir Infobae, todo comenz\u00f3...","og_url":"https:\/\/lobosnews.com.ar\/index.php\/2026\/04\/27\/denunciaron-una-agresion-antisemita-de-un-grupo-de-chicos-del-club-barracas-central-contra-otro-menor-de-12-anos\/","og_site_name":"Lobos News","article_published_time":"2026-04-27T18:52:24+00:00","article_modified_time":"2026-04-27T21:02:25+00:00","og_image":[{"url":"https:\/\/lobosnews.com.ar\/wp-content\/uploads\/2026\/04\/denunciaron-una-agresion-antisemita-de-un-grupo-de-chicos-del-club-barracas-central-contra-otro-menor-de-12-anos.jpg","type":"","width":"","height":""}],"author":"admin","twitter_card":"summary_large_image","twitter_misc":{"Escrito por":"admin","Tiempo de lectura":"4 minutos"},"schema":{"@context":"https:\/\/schema.org","@graph":[{"@type":"Article","@id":"https:\/\/lobosnews.com.ar\/index.php\/2026\/04\/27\/denunciaron-una-agresion-antisemita-de-un-grupo-de-chicos-del-club-barracas-central-contra-otro-menor-de-12-anos\/#article","isPartOf":{"@id":"https:\/\/lobosnews.com.ar\/index.php\/2026\/04\/27\/denunciaron-una-agresion-antisemita-de-un-grupo-de-chicos-del-club-barracas-central-contra-otro-menor-de-12-anos\/"},"author":{"name":"admin","@id":"https:\/\/lobosnews.com.ar\/#\/schema\/person\/232422a593d5c541dd9aef6aaed10943"},"headline":"Denunciaron una agresi\u00f3n antisemita de un grupo de chicos del club Barracas Central contra otro menor de 12 a\u00f1os","datePublished":"2026-04-27T18:52:24+00:00","dateModified":"2026-04-27T21:02:25+00:00","mainEntityOfPage":{"@id":"https:\/\/lobosnews.com.ar\/index.php\/2026\/04\/27\/denunciaron-una-agresion-antisemita-de-un-grupo-de-chicos-del-club-barracas-central-contra-otro-menor-de-12-anos\/"},"wordCount":788,"commentCount":0,"publisher":{"@id":"https:\/\/lobosnews.com.ar\/#organization"},"image":{"@id":"https:\/\/lobosnews.com.ar\/index.php\/2026\/04\/27\/denunciaron-una-agresion-antisemita-de-un-grupo-de-chicos-del-club-barracas-central-contra-otro-menor-de-12-anos\/#primaryimage"},"thumbnailUrl":"https:\/\/lobosnews.com.ar\/wp-content\/uploads\/2026\/04\/denunciaron-una-agresion-antisemita-de-un-grupo-de-chicos-del-club-barracas-central-contra-otro-menor-de-12-anos-4.jpg","articleSection":["Actualidad","Argentina","econom\u00eda","inseguridad","masradios.com","nacionales","seguridad","sociedad"],"inLanguage":"es","potentialAction":[{"@type":"CommentAction","name":"Comment","target":["https:\/\/lobosnews.com.ar\/index.php\/2026\/04\/27\/denunciaron-una-agresion-antisemita-de-un-grupo-de-chicos-del-club-barracas-central-contra-otro-menor-de-12-anos\/#respond"]}]},{"@type":"WebPage","@id":"https:\/\/lobosnews.com.ar\/index.php\/2026\/04\/27\/denunciaron-una-agresion-antisemita-de-un-grupo-de-chicos-del-club-barracas-central-contra-otro-menor-de-12-anos\/","url":"https:\/\/lobosnews.com.ar\/index.php\/2026\/04\/27\/denunciaron-una-agresion-antisemita-de-un-grupo-de-chicos-del-club-barracas-central-contra-otro-menor-de-12-anos\/","name":"Denunciaron una agresi\u00f3n antisemita de un grupo de chicos del club Barracas Central contra otro menor de 12 a\u00f1os - Lobos News","isPartOf":{"@id":"https:\/\/lobosnews.com.ar\/#website"},"primaryImageOfPage":{"@id":"https:\/\/lobosnews.com.ar\/index.php\/2026\/04\/27\/denunciaron-una-agresion-antisemita-de-un-grupo-de-chicos-del-club-barracas-central-contra-otro-menor-de-12-anos\/#primaryimage"},"image":{"@id":"https:\/\/lobosnews.com.ar\/index.php\/2026\/04\/27\/denunciaron-una-agresion-antisemita-de-un-grupo-de-chicos-del-club-barracas-central-contra-otro-menor-de-12-anos\/#primaryimage"},"thumbnailUrl":"https:\/\/lobosnews.com.ar\/wp-content\/uploads\/2026\/04\/denunciaron-una-agresion-antisemita-de-un-grupo-de-chicos-del-club-barracas-central-contra-otro-menor-de-12-anos-4.jpg","datePublished":"2026-04-27T18:52:24+00:00","dateModified":"2026-04-27T21:02:25+00:00","breadcrumb":{"@id":"https:\/\/lobosnews.com.ar\/index.php\/2026\/04\/27\/denunciaron-una-agresion-antisemita-de-un-grupo-de-chicos-del-club-barracas-central-contra-otro-menor-de-12-anos\/#breadcrumb"},"inLanguage":"es","potentialAction":[{"@type":"ReadAction","target":["https:\/\/lobosnews.com.ar\/index.php\/2026\/04\/27\/denunciaron-una-agresion-antisemita-de-un-grupo-de-chicos-del-club-barracas-central-contra-otro-menor-de-12-anos\/"]}]},{"@type":"ImageObject","inLanguage":"es","@id":"https:\/\/lobosnews.com.ar\/index.php\/2026\/04\/27\/denunciaron-una-agresion-antisemita-de-un-grupo-de-chicos-del-club-barracas-central-contra-otro-menor-de-12-anos\/#primaryimage","url":"https:\/\/lobosnews.com.ar\/wp-content\/uploads\/2026\/04\/denunciaron-una-agresion-antisemita-de-un-grupo-de-chicos-del-club-barracas-central-contra-otro-menor-de-12-anos-4.jpg","contentUrl":"https:\/\/lobosnews.com.ar\/wp-content\/uploads\/2026\/04\/denunciaron-una-agresion-antisemita-de-un-grupo-de-chicos-del-club-barracas-central-contra-otro-menor-de-12-anos-4.jpg","width":1350,"height":1688,"caption":"Denunciaron una agresi\u00f3n antisemita de un grupo de chicos del club Barracas Central contra otro menor de 12 a\u00f1os"},{"@type":"BreadcrumbList","@id":"https:\/\/lobosnews.com.ar\/index.php\/2026\/04\/27\/denunciaron-una-agresion-antisemita-de-un-grupo-de-chicos-del-club-barracas-central-contra-otro-menor-de-12-anos\/#breadcrumb","itemListElement":[{"@type":"ListItem","position":1,"name":"Portada","item":"https:\/\/lobosnews.com.ar\/"},{"@type":"ListItem","position":2,"name":"Denunciaron una agresi\u00f3n antisemita de un grupo de chicos del club Barracas Central contra otro menor de 12 a\u00f1os"}]},{"@type":"WebSite","@id":"https:\/\/lobosnews.com.ar\/#website","url":"https:\/\/lobosnews.com.ar\/","name":"Lobos News","description":"Informaci\u00f3n a cada instante","publisher":{"@id":"https:\/\/lobosnews.com.ar\/#organization"},"potentialAction":[{"@type":"SearchAction","target":{"@type":"EntryPoint","urlTemplate":"https:\/\/lobosnews.com.ar\/?s={search_term_string}"},"query-input":{"@type":"PropertyValueSpecification","valueRequired":true,"valueName":"search_term_string"}}],"inLanguage":"es"},{"@type":"Organization","@id":"https:\/\/lobosnews.com.ar\/#organization","name":"Lobos News","url":"https:\/\/lobosnews.com.ar\/","logo":{"@type":"ImageObject","inLanguage":"es","@id":"https:\/\/lobosnews.com.ar\/#\/schema\/logo\/image\/","url":"https:\/\/lobosnews.com.ar\/wp-content\/uploads\/2026\/01\/logo-lobosnews.png","contentUrl":"https:\/\/lobosnews.com.ar\/wp-content\/uploads\/2026\/01\/logo-lobosnews.png","width":500,"height":200,"caption":"Lobos News"},"image":{"@id":"https:\/\/lobosnews.com.ar\/#\/schema\/logo\/image\/"}},{"@type":"Person","@id":"https:\/\/lobosnews.com.ar\/#\/schema\/person\/232422a593d5c541dd9aef6aaed10943","name":"admin","image":{"@type":"ImageObject","inLanguage":"es","@id":"https:\/\/lobosnews.com.ar\/#\/schema\/person\/image\/","url":"https:\/\/secure.gravatar.com\/avatar\/76e419471a2083bc3ceab22a763dbbf9b0c1bd15a6214cf3280e2c2dde4580f9?s=96&d=mm&r=g","contentUrl":"https:\/\/secure.gravatar.com\/avatar\/76e419471a2083bc3ceab22a763dbbf9b0c1bd15a6214cf3280e2c2dde4580f9?s=96&d=mm&r=g","caption":"admin"},"sameAs":["https:\/\/lobosnews.com.ar"],"url":"https:\/\/lobosnews.com.ar\/index.php\/author\/lobos-news\/"}]}},"jetpack_featured_media_url":"https:\/\/lobosnews.com.ar\/wp-content\/uploads\/2026\/04\/denunciaron-una-agresion-antisemita-de-un-grupo-de-chicos-del-club-barracas-central-contra-otro-menor-de-12-anos-4.jpg","jetpack_sharing_enabled":true,"_links":{"self":[{"href":"https:\/\/lobosnews.com.ar\/index.php\/wp-json\/wp\/v2\/posts\/46311","targetHints":{"allow":["GET"]}}],"collection":[{"href":"https:\/\/lobosnews.com.ar\/index.php\/wp-json\/wp\/v2\/posts"}],"about":[{"href":"https:\/\/lobosnews.com.ar\/index.php\/wp-json\/wp\/v2\/types\/post"}],"author":[{"embeddable":true,"href":"https:\/\/lobosnews.com.ar\/index.php\/wp-json\/wp\/v2\/users\/1"}],"replies":[{"embeddable":true,"href":"https:\/\/lobosnews.com.ar\/index.php\/wp-json\/wp\/v2\/comments?post=46311"}],"version-history":[{"count":1,"href":"https:\/\/lobosnews.com.ar\/index.php\/wp-json\/wp\/v2\/posts\/46311\/revisions"}],"predecessor-version":[{"id":46315,"href":"https:\/\/lobosnews.com.ar\/index.php\/wp-json\/wp\/v2\/posts\/46311\/revisions\/46315"}],"wp:featuredmedia":[{"embeddable":true,"href":"https:\/\/lobosnews.com.ar\/index.php\/wp-json\/wp\/v2\/media\/46316"}],"wp:attachment":[{"href":"https:\/\/lobosnews.com.ar\/index.php\/wp-json\/wp\/v2\/media?parent=46311"}],"wp:term":[{"taxonomy":"category","embeddable":true,"href":"https:\/\/lobosnews.com.ar\/index.php\/wp-json\/wp\/v2\/categories?post=46311"},{"taxonomy":"post_tag","embeddable":true,"href":"https:\/\/lobosnews.com.ar\/index.php\/wp-json\/wp\/v2\/tags?post=46311"}],"curies":[{"name":"wp","href":"https:\/\/api.w.org\/{rel}","templated":true}]}}