{"id":46306,"date":"2026-04-27T20:05:02","date_gmt":"2026-04-27T20:05:02","guid":{"rendered":"https:\/\/lobosnews.com.ar\/index.php\/2026\/04\/27\/dos-profugos-y-un-familiar-que-rompio-el-silencio-el-viaje-de-la-nena-violada-y-embarazada-desde-santiago-del-estero-hasta-la-clinica-del-horror\/"},"modified":"2026-04-27T21:01:48","modified_gmt":"2026-04-27T21:01:48","slug":"dos-profugos-y-un-familiar-que-rompio-el-silencio-el-viaje-de-la-nena-violada-y-embarazada-desde-santiago-del-estero-hasta-la-clinica-del-horror","status":"publish","type":"post","link":"https:\/\/lobosnews.com.ar\/index.php\/2026\/04\/27\/dos-profugos-y-un-familiar-que-rompio-el-silencio-el-viaje-de-la-nena-violada-y-embarazada-desde-santiago-del-estero-hasta-la-clinica-del-horror\/","title":{"rendered":"Dos pr\u00f3fugos y un familiar que rompi\u00f3 el silencio: el viaje de la nena violada y embarazada desde Santiago del Estero hasta la cl\u00ednica del horror"},"content":{"rendered":"<p><img loading=\"lazy\" decoding=\"async\" src=\"https:\/\/lobosnews.com.ar\/wp-content\/uploads\/2026\/04\/dos-profugos-y-un-familiar-que-rompio-el-silencio-el-viaje-de-la-nena-violada-y-embarazada-desde-santiago-del-estero-hasta-la-clinica-del-horror.jpg\" alt=\"La Cl\u00ednica Santa Mar\u00eda, allanada por la Polic\u00eda Bonaerense el s\u00e1bado\" height=\"505\" width=\"669\"\/><\/p>\n<p>El<i><b> <\/b><\/i><span class=\"waslinkname\"><i><b>espeluznante hallazgo de ocho fetos en bolsas de residuos pat\u00f3genos<\/b><\/i><\/span> ocurrido este \u00faltimo fin de semana es solo una parte de un drama mucho m\u00e1s complejo. <b>Hay dos pr\u00f3fugos en el caso<\/b>, buscados<b> <\/b>por violar a la menor protagonista de esta historia.<b> <\/b>Tambi\u00e9n, <b>un familiar que habl\u00f3, que hizo la denuncia <\/b>y rompi\u00f3 el silencio. Hoy, todas las piezas de la historia se conectan.<\/p>\n<p>La Justicia y la Polic\u00eda Bonaerense<b> llegaron a la cl\u00ednica Santa Rosa de Villa Ballester el s\u00e1bado pasado <\/b>en busca de la menor de 12 a\u00f1os embarazada de ocho meses a la que se le practic\u00f3 un supuesto aborto en el lugar porque, b\u00e1sicamente, <b>la prueba se escapaba<\/b>. Un<b> exhorto de la Justicia santiague\u00f1a<\/b> hab\u00eda llegado horas antes al despacho del juez Nicol\u00e1s Schiavo, con jurisdicci\u00f3n en San Mart\u00edn para allanar el lugar. <\/p>\n<p>Seg\u00fan la historia cl\u00ednica de la Santa Mar\u00eda,<b> el aborto fue practicado<\/b> el viernes \u00faltimo. Sin embargo, <b>el juez federal Juan Manuel Culotta<\/b>, que inici\u00f3 una causa por trata de personas, sospecha la chance de que, dado el estado avanzado del embarazo, <b>el chico haya nacido vivo<\/b>, para ser entregado. <\/p>\n<p>Ahora, se deber\u00e1n realizar pericias de ADN para determinar si los fetos hallados corresponden o no con el embarazo que gest\u00f3 la menor. Tambi\u00e9n,<b> si corresponden con los genes de su abusador<\/b>, si es que lo atrapan. <\/p>\n<p>La menor y su madre, una pensionada de 48 a\u00f1os, son oriundas de <b>Monte Quemado, Santiago del Estero<\/b>, una peque\u00f1a ciudad en el l\u00edmite con Chaco, de apenas 13 mil habitantes. All\u00ed, seg\u00fan confirmaron fuentes del caso a este medio, <b>un familiar de la menor denunci\u00f3 en febrero \u00faltimo el abuso que sufri\u00f3 <\/b>y el embarazo avanzado que atravesaba, lo que motoriz\u00f3 <b>una causa a cargo del fiscal Santiago Bridoux<\/b>. <\/p>\n<p>Poco despu\u00e9s,<b> los relatos en el expediente llevaron a identificar a los dos sospechosos<\/b>, que hoy se encuentran pr\u00f3fugos con pedido de captura. En el medio, la Fiscal\u00eda de Monte Quemado <b>mantuvo comunicaci\u00f3n con el Centro Integral de Salud de La Banda<\/b>, a 325 kil\u00f3metros de Monte Quemado. All\u00ed, supieron que se practicar\u00eda un aborto. Asegurar una muestra de ADN del feto era crucial para imputar a un acusado. Tambi\u00e9n, se barajaba en el expediente la posibilidad de <b>un tercer implicado <\/b>en el caso.<\/p>\n<p>Sin embargo, el martes 21 de este mes, todo cambi\u00f3: el fiscal Bridoux supo que el aborto<b> se realizar\u00eda fuera de la provincia<\/b>.<b> <\/b>La alarma fue inmediata: <b>la prueba que resolv\u00eda o romp\u00eda al expediente estaba en riesgo<\/b>.<\/p>\n<p><img loading=\"lazy\" decoding=\"async\" src=\"https:\/\/lobosnews.com.ar\/wp-content\/uploads\/2026\/04\/dos-profugos-y-un-familiar-que-rompio-el-silencio-el-viaje-de-la-nena-violada-y-embarazada-desde-santiago-del-estero-hasta-la-clinica-del-horror-1.jpg\" alt=\"Uno de los ambientes de la cl\u00ednica, fotografiado por la Polic\u00eda Bonaerense\" height=\"1080\" width=\"1920\"\/><\/p>\n<p>As\u00ed, el Ministerio P\u00fablico Fiscal santiague\u00f1o lleg\u00f3 al dato que este medio adelant\u00f3 el s\u00e1bado: que el aborto se practicar\u00eda con el apoyo de una ONG porte\u00f1a,<b> <\/b><span class=\"waslinkname\"><i><b>una \u201cfundaci\u00f3n\u201d de Palermo dedicada, seg\u00fan su sitio web<\/b><\/i><i>, <\/i><i><b>a la salud reproductiva<\/b><\/i><\/span><i>,<\/i> que costear\u00eda los pasajes de la menor y su madre.<\/p>\n<p>Los fiscales, incluso, se comunicaron con una representante de esta ONG. La mujer, seg\u00fan una alta fuente del caso, <b>se mostr\u00f3 \u201creticente\u201d <\/b>a dar informaci\u00f3n. As\u00ed, comenz\u00f3 un protocolo para hallar a la menor embarazada: la investigaci\u00f3n, de inmediato, apunt\u00f3 a la cl\u00ednica Santa Mar\u00eda. Los fetos fueron un hallazgo colateral; se interrumpieron tres embarazos en el lugar el viernes pasado. La madre de la menor fue hallada tambi\u00e9n. Ante funcionarios,<b> asegur\u00f3 que no sab\u00eda si el beb\u00e9 que su hija gestaba hab\u00eda nacido vivo <\/b>o no.<\/p>\n<p><b>Los fiscales de Santiago del Estero, por su parte, creen que el aborto fue practicado<\/b>. De todas formas, la causa por trata contin\u00faa en la Justicia federal. Las pericias a los fetos hallados ser\u00e1n la clave para despejar cualquier duda. Por otra parte, la Justicia de instrucci\u00f3n de San Mart\u00edn inici\u00f3 una investigaci\u00f3n a la cl\u00ednica, a cargo de la UFI N\u00b0 7 de la zona, para determinar si esos abortos fueron practicados fuera de la ley.<\/p>\n","protected":false},"excerpt":{"rendered":"<p>El espeluznante hallazgo de ocho fetos en bolsas de residuos pat\u00f3genos ocurrido este \u00faltimo fin de semana es solo una parte de un drama mucho m\u00e1s complejo. Hay dos pr\u00f3fugos en el caso, buscados por violar a la menor protagonista de esta historia. Tambi\u00e9n, un familiar que habl\u00f3, que hizo la denuncia y rompi\u00f3 el&#8230;<\/p>\n","protected":false},"author":1,"featured_media":46310,"comment_status":"open","ping_status":"closed","sticky":false,"template":"","format":"standard","meta":{"_jetpack_memberships_contains_paid_content":false,"footnotes":""},"categories":[31,30,32,77,84,35,36,37],"tags":[],"class_list":["post-46306","post","type-post","status-publish","format-standard","has-post-thumbnail","hentry","category-actualidad","category-argentina","category-economia","category-inseguridad","category-masradios-com","category-nacionales","category-seguridad","category-sociedad"],"magazineBlocksPostFeaturedMedia":{"thumbnail":"https:\/\/lobosnews.com.ar\/wp-content\/uploads\/2026\/04\/dos-profugos-y-un-familiar-que-rompio-el-silencio-el-viaje-de-la-nena-violada-y-embarazada-desde-santiago-del-estero-hasta-la-clinica-del-horror-2-150x150.jpg","medium":"https:\/\/lobosnews.com.ar\/wp-content\/uploads\/2026\/04\/dos-profugos-y-un-familiar-que-rompio-el-silencio-el-viaje-de-la-nena-violada-y-embarazada-desde-santiago-del-estero-hasta-la-clinica-del-horror-2-300x169.jpg","medium_large":"https:\/\/lobosnews.com.ar\/wp-content\/uploads\/2026\/04\/dos-profugos-y-un-familiar-que-rompio-el-silencio-el-viaje-de-la-nena-violada-y-embarazada-desde-santiago-del-estero-hasta-la-clinica-del-horror-2-768x432.jpg","large":"https:\/\/lobosnews.com.ar\/wp-content\/uploads\/2026\/04\/dos-profugos-y-un-familiar-que-rompio-el-silencio-el-viaje-de-la-nena-violada-y-embarazada-desde-santiago-del-estero-hasta-la-clinica-del-horror-2-1024x576.jpg","1536x1536":"https:\/\/lobosnews.com.ar\/wp-content\/uploads\/2026\/04\/dos-profugos-y-un-familiar-que-rompio-el-silencio-el-viaje-de-la-nena-violada-y-embarazada-desde-santiago-del-estero-hasta-la-clinica-del-horror-2-1536x864.jpg","2048x2048":"https:\/\/lobosnews.com.ar\/wp-content\/uploads\/2026\/04\/dos-profugos-y-un-familiar-que-rompio-el-silencio-el-viaje-de-la-nena-violada-y-embarazada-desde-santiago-del-estero-hasta-la-clinica-del-horror-2.jpg","newsmatic-featured":"https:\/\/lobosnews.com.ar\/wp-content\/uploads\/2026\/04\/dos-profugos-y-un-familiar-que-rompio-el-silencio-el-viaje-de-la-nena-violada-y-embarazada-desde-santiago-del-estero-hasta-la-clinica-del-horror-2-820x545.jpg","newsmatic-list":"https:\/\/lobosnews.com.ar\/wp-content\/uploads\/2026\/04\/dos-profugos-y-un-familiar-que-rompio-el-silencio-el-viaje-de-la-nena-violada-y-embarazada-desde-santiago-del-estero-hasta-la-clinica-del-horror-2-600x400.jpg","newsmatic-thumb":"https:\/\/lobosnews.com.ar\/wp-content\/uploads\/2026\/04\/dos-profugos-y-un-familiar-que-rompio-el-silencio-el-viaje-de-la-nena-violada-y-embarazada-desde-santiago-del-estero-hasta-la-clinica-del-horror-2-300x200.jpg","newsmatic-small":"https:\/\/lobosnews.com.ar\/wp-content\/uploads\/2026\/04\/dos-profugos-y-un-familiar-que-rompio-el-silencio-el-viaje-de-la-nena-violada-y-embarazada-desde-santiago-del-estero-hasta-la-clinica-del-horror-2-150x95.jpg","newsmatic-grid":"https:\/\/lobosnews.com.ar\/wp-content\/uploads\/2026\/04\/dos-profugos-y-un-familiar-que-rompio-el-silencio-el-viaje-de-la-nena-violada-y-embarazada-desde-santiago-del-estero-hasta-la-clinica-del-horror-2-400x250.jpg"},"magazineBlocksPostAuthor":{"name":"admin","avatar":"https:\/\/secure.gravatar.com\/avatar\/76e419471a2083bc3ceab22a763dbbf9b0c1bd15a6214cf3280e2c2dde4580f9?s=96&d=mm&r=g"},"magazineBlocksPostCommentsNumber":"0","magazineBlocksPostExcerpt":"El espeluznante hallazgo de ocho fetos en bolsas de residuos pat\u00f3genos ocurrido este \u00faltimo fin de semana es solo una parte de un drama mucho m\u00e1s complejo. Hay dos pr\u00f3fugos en el caso, buscados por violar a la menor protagonista de esta historia. Tambi\u00e9n, un familiar que habl\u00f3, que hizo la denuncia y rompi\u00f3 el...","magazineBlocksPostCategories":["Actualidad","Argentina","econom\u00eda","inseguridad","masradios.com","nacionales","seguridad","sociedad"],"magazineBlocksPostViewCount":2,"magazineBlocksPostReadTime":4,"magazine_blocks_featured_image_url":{"full":["https:\/\/lobosnews.com.ar\/wp-content\/uploads\/2026\/04\/dos-profugos-y-un-familiar-que-rompio-el-silencio-el-viaje-de-la-nena-violada-y-embarazada-desde-santiago-del-estero-hasta-la-clinica-del-horror-2.jpg",1920,1080,false],"medium":["https:\/\/lobosnews.com.ar\/wp-content\/uploads\/2026\/04\/dos-profugos-y-un-familiar-que-rompio-el-silencio-el-viaje-de-la-nena-violada-y-embarazada-desde-santiago-del-estero-hasta-la-clinica-del-horror-2-300x169.jpg",300,169,true],"thumbnail":["https:\/\/lobosnews.com.ar\/wp-content\/uploads\/2026\/04\/dos-profugos-y-un-familiar-que-rompio-el-silencio-el-viaje-de-la-nena-violada-y-embarazada-desde-santiago-del-estero-hasta-la-clinica-del-horror-2-150x150.jpg",150,150,true]},"magazine_blocks_author":{"display_name":"admin","author_link":"https:\/\/lobosnews.com.ar\/index.php\/author\/lobos-news\/"},"magazine_blocks_comment":0,"magazine_blocks_author_image":"https:\/\/secure.gravatar.com\/avatar\/76e419471a2083bc3ceab22a763dbbf9b0c1bd15a6214cf3280e2c2dde4580f9?s=96&d=mm&r=g","magazine_blocks_category":"<a href=\"#\" class=\"category-link category-link-31\">Actualidad<\/a> <a href=\"#\" class=\"category-link category-link-30\">Argentina<\/a> <a href=\"#\" class=\"category-link category-link-32\">econom\u00eda<\/a> <a href=\"#\" class=\"category-link category-link-77\">inseguridad<\/a> <a href=\"#\" class=\"category-link category-link-84\">masradios.com<\/a> <a href=\"#\" class=\"category-link category-link-35\">nacionales<\/a> <a href=\"#\" class=\"category-link category-link-36\">seguridad<\/a> <a href=\"#\" class=\"category-link category-link-37\">sociedad<\/a>","yoast_head":"<!-- This site is optimized with the Yoast SEO plugin v26.6 - https:\/\/yoast.com\/wordpress\/plugins\/seo\/ -->\n<title>Dos pr\u00f3fugos y un familiar que rompi\u00f3 el silencio: el viaje de la nena violada y embarazada desde Santiago del Estero hasta la cl\u00ednica del horror - Lobos News<\/title>\n<meta name=\"robots\" content=\"index, follow, max-snippet:-1, max-image-preview:large, max-video-preview:-1\" \/>\n<link rel=\"canonical\" href=\"https:\/\/lobosnews.com.ar\/index.php\/2026\/04\/27\/dos-profugos-y-un-familiar-que-rompio-el-silencio-el-viaje-de-la-nena-violada-y-embarazada-desde-santiago-del-estero-hasta-la-clinica-del-horror\/\" \/>\n<meta property=\"og:locale\" content=\"es_ES\" \/>\n<meta property=\"og:type\" content=\"article\" \/>\n<meta property=\"og:title\" content=\"Dos pr\u00f3fugos y un familiar que rompi\u00f3 el silencio: el viaje de la nena violada y embarazada desde Santiago del Estero hasta la cl\u00ednica del horror - Lobos News\" \/>\n<meta property=\"og:description\" content=\"El espeluznante hallazgo de ocho fetos en bolsas de residuos pat\u00f3genos ocurrido este \u00faltimo fin de semana es solo una parte de un drama mucho m\u00e1s complejo. Hay dos pr\u00f3fugos en el caso, buscados por violar a la menor protagonista de esta historia. Tambi\u00e9n, un familiar que habl\u00f3, que hizo la denuncia y rompi\u00f3 el...\" \/>\n<meta property=\"og:url\" content=\"https:\/\/lobosnews.com.ar\/index.php\/2026\/04\/27\/dos-profugos-y-un-familiar-que-rompio-el-silencio-el-viaje-de-la-nena-violada-y-embarazada-desde-santiago-del-estero-hasta-la-clinica-del-horror\/\" \/>\n<meta property=\"og:site_name\" content=\"Lobos News\" \/>\n<meta property=\"article:published_time\" content=\"2026-04-27T20:05:02+00:00\" \/>\n<meta property=\"article:modified_time\" content=\"2026-04-27T21:01:48+00:00\" \/>\n<meta property=\"og:image\" content=\"https:\/\/lobosnews.com.ar\/wp-content\/uploads\/2026\/04\/dos-profugos-y-un-familiar-que-rompio-el-silencio-el-viaje-de-la-nena-violada-y-embarazada-desde-santiago-del-estero-hasta-la-clinica-del-horror.jpg\" \/>\n<meta name=\"author\" content=\"admin\" \/>\n<meta name=\"twitter:card\" content=\"summary_large_image\" \/>\n<meta name=\"twitter:label1\" content=\"Escrito por\" \/>\n\t<meta name=\"twitter:data1\" content=\"admin\" \/>\n\t<meta name=\"twitter:label2\" content=\"Tiempo de lectura\" \/>\n\t<meta name=\"twitter:data2\" content=\"3 minutos\" \/>\n<script type=\"application\/ld+json\" class=\"yoast-schema-graph\">{\"@context\":\"https:\/\/schema.org\",\"@graph\":[{\"@type\":\"Article\",\"@id\":\"https:\/\/lobosnews.com.ar\/index.php\/2026\/04\/27\/dos-profugos-y-un-familiar-que-rompio-el-silencio-el-viaje-de-la-nena-violada-y-embarazada-desde-santiago-del-estero-hasta-la-clinica-del-horror\/#article\",\"isPartOf\":{\"@id\":\"https:\/\/lobosnews.com.ar\/index.php\/2026\/04\/27\/dos-profugos-y-un-familiar-que-rompio-el-silencio-el-viaje-de-la-nena-violada-y-embarazada-desde-santiago-del-estero-hasta-la-clinica-del-horror\/\"},\"author\":{\"name\":\"admin\",\"@id\":\"https:\/\/lobosnews.com.ar\/#\/schema\/person\/232422a593d5c541dd9aef6aaed10943\"},\"headline\":\"Dos pr\u00f3fugos y un familiar que rompi\u00f3 el silencio: el viaje de la nena violada y embarazada desde Santiago del Estero hasta la cl\u00ednica del horror\",\"datePublished\":\"2026-04-27T20:05:02+00:00\",\"dateModified\":\"2026-04-27T21:01:48+00:00\",\"mainEntityOfPage\":{\"@id\":\"https:\/\/lobosnews.com.ar\/index.php\/2026\/04\/27\/dos-profugos-y-un-familiar-que-rompio-el-silencio-el-viaje-de-la-nena-violada-y-embarazada-desde-santiago-del-estero-hasta-la-clinica-del-horror\/\"},\"wordCount\":708,\"commentCount\":0,\"publisher\":{\"@id\":\"https:\/\/lobosnews.com.ar\/#organization\"},\"image\":{\"@id\":\"https:\/\/lobosnews.com.ar\/index.php\/2026\/04\/27\/dos-profugos-y-un-familiar-que-rompio-el-silencio-el-viaje-de-la-nena-violada-y-embarazada-desde-santiago-del-estero-hasta-la-clinica-del-horror\/#primaryimage\"},\"thumbnailUrl\":\"https:\/\/lobosnews.com.ar\/wp-content\/uploads\/2026\/04\/dos-profugos-y-un-familiar-que-rompio-el-silencio-el-viaje-de-la-nena-violada-y-embarazada-desde-santiago-del-estero-hasta-la-clinica-del-horror-2.jpg\",\"articleSection\":[\"Actualidad\",\"Argentina\",\"econom\u00eda\",\"inseguridad\",\"masradios.com\",\"nacionales\",\"seguridad\",\"sociedad\"],\"inLanguage\":\"es\",\"potentialAction\":[{\"@type\":\"CommentAction\",\"name\":\"Comment\",\"target\":[\"https:\/\/lobosnews.com.ar\/index.php\/2026\/04\/27\/dos-profugos-y-un-familiar-que-rompio-el-silencio-el-viaje-de-la-nena-violada-y-embarazada-desde-santiago-del-estero-hasta-la-clinica-del-horror\/#respond\"]}]},{\"@type\":\"WebPage\",\"@id\":\"https:\/\/lobosnews.com.ar\/index.php\/2026\/04\/27\/dos-profugos-y-un-familiar-que-rompio-el-silencio-el-viaje-de-la-nena-violada-y-embarazada-desde-santiago-del-estero-hasta-la-clinica-del-horror\/\",\"url\":\"https:\/\/lobosnews.com.ar\/index.php\/2026\/04\/27\/dos-profugos-y-un-familiar-que-rompio-el-silencio-el-viaje-de-la-nena-violada-y-embarazada-desde-santiago-del-estero-hasta-la-clinica-del-horror\/\",\"name\":\"Dos pr\u00f3fugos y un familiar que rompi\u00f3 el silencio: el viaje de la nena violada y embarazada desde Santiago del Estero hasta la cl\u00ednica del horror - Lobos News\",\"isPartOf\":{\"@id\":\"https:\/\/lobosnews.com.ar\/#website\"},\"primaryImageOfPage\":{\"@id\":\"https:\/\/lobosnews.com.ar\/index.php\/2026\/04\/27\/dos-profugos-y-un-familiar-que-rompio-el-silencio-el-viaje-de-la-nena-violada-y-embarazada-desde-santiago-del-estero-hasta-la-clinica-del-horror\/#primaryimage\"},\"image\":{\"@id\":\"https:\/\/lobosnews.com.ar\/index.php\/2026\/04\/27\/dos-profugos-y-un-familiar-que-rompio-el-silencio-el-viaje-de-la-nena-violada-y-embarazada-desde-santiago-del-estero-hasta-la-clinica-del-horror\/#primaryimage\"},\"thumbnailUrl\":\"https:\/\/lobosnews.com.ar\/wp-content\/uploads\/2026\/04\/dos-profugos-y-un-familiar-que-rompio-el-silencio-el-viaje-de-la-nena-violada-y-embarazada-desde-santiago-del-estero-hasta-la-clinica-del-horror-2.jpg\",\"datePublished\":\"2026-04-27T20:05:02+00:00\",\"dateModified\":\"2026-04-27T21:01:48+00:00\",\"breadcrumb\":{\"@id\":\"https:\/\/lobosnews.com.ar\/index.php\/2026\/04\/27\/dos-profugos-y-un-familiar-que-rompio-el-silencio-el-viaje-de-la-nena-violada-y-embarazada-desde-santiago-del-estero-hasta-la-clinica-del-horror\/#breadcrumb\"},\"inLanguage\":\"es\",\"potentialAction\":[{\"@type\":\"ReadAction\",\"target\":[\"https:\/\/lobosnews.com.ar\/index.php\/2026\/04\/27\/dos-profugos-y-un-familiar-que-rompio-el-silencio-el-viaje-de-la-nena-violada-y-embarazada-desde-santiago-del-estero-hasta-la-clinica-del-horror\/\"]}]},{\"@type\":\"ImageObject\",\"inLanguage\":\"es\",\"@id\":\"https:\/\/lobosnews.com.ar\/index.php\/2026\/04\/27\/dos-profugos-y-un-familiar-que-rompio-el-silencio-el-viaje-de-la-nena-violada-y-embarazada-desde-santiago-del-estero-hasta-la-clinica-del-horror\/#primaryimage\",\"url\":\"https:\/\/lobosnews.com.ar\/wp-content\/uploads\/2026\/04\/dos-profugos-y-un-familiar-que-rompio-el-silencio-el-viaje-de-la-nena-violada-y-embarazada-desde-santiago-del-estero-hasta-la-clinica-del-horror-2.jpg\",\"contentUrl\":\"https:\/\/lobosnews.com.ar\/wp-content\/uploads\/2026\/04\/dos-profugos-y-un-familiar-que-rompio-el-silencio-el-viaje-de-la-nena-violada-y-embarazada-desde-santiago-del-estero-hasta-la-clinica-del-horror-2.jpg\",\"width\":1920,\"height\":1080,\"caption\":\"Dos pr\u00f3fugos y un familiar que rompi\u00f3 el silencio: el viaje de la nena violada y embarazada desde Santiago del Estero hasta la cl\u00ednica del horror\"},{\"@type\":\"BreadcrumbList\",\"@id\":\"https:\/\/lobosnews.com.ar\/index.php\/2026\/04\/27\/dos-profugos-y-un-familiar-que-rompio-el-silencio-el-viaje-de-la-nena-violada-y-embarazada-desde-santiago-del-estero-hasta-la-clinica-del-horror\/#breadcrumb\",\"itemListElement\":[{\"@type\":\"ListItem\",\"position\":1,\"name\":\"Portada\",\"item\":\"https:\/\/lobosnews.com.ar\/\"},{\"@type\":\"ListItem\",\"position\":2,\"name\":\"Dos pr\u00f3fugos y un familiar que rompi\u00f3 el silencio: el viaje de la nena violada y embarazada desde Santiago del Estero hasta la cl\u00ednica del horror\"}]},{\"@type\":\"WebSite\",\"@id\":\"https:\/\/lobosnews.com.ar\/#website\",\"url\":\"https:\/\/lobosnews.com.ar\/\",\"name\":\"Lobos News\",\"description\":\"Informaci\u00f3n a cada instante\",\"publisher\":{\"@id\":\"https:\/\/lobosnews.com.ar\/#organization\"},\"potentialAction\":[{\"@type\":\"SearchAction\",\"target\":{\"@type\":\"EntryPoint\",\"urlTemplate\":\"https:\/\/lobosnews.com.ar\/?s={search_term_string}\"},\"query-input\":{\"@type\":\"PropertyValueSpecification\",\"valueRequired\":true,\"valueName\":\"search_term_string\"}}],\"inLanguage\":\"es\"},{\"@type\":\"Organization\",\"@id\":\"https:\/\/lobosnews.com.ar\/#organization\",\"name\":\"Lobos News\",\"url\":\"https:\/\/lobosnews.com.ar\/\",\"logo\":{\"@type\":\"ImageObject\",\"inLanguage\":\"es\",\"@id\":\"https:\/\/lobosnews.com.ar\/#\/schema\/logo\/image\/\",\"url\":\"https:\/\/lobosnews.com.ar\/wp-content\/uploads\/2026\/01\/logo-lobosnews.png\",\"contentUrl\":\"https:\/\/lobosnews.com.ar\/wp-content\/uploads\/2026\/01\/logo-lobosnews.png\",\"width\":500,\"height\":200,\"caption\":\"Lobos News\"},\"image\":{\"@id\":\"https:\/\/lobosnews.com.ar\/#\/schema\/logo\/image\/\"}},{\"@type\":\"Person\",\"@id\":\"https:\/\/lobosnews.com.ar\/#\/schema\/person\/232422a593d5c541dd9aef6aaed10943\",\"name\":\"admin\",\"image\":{\"@type\":\"ImageObject\",\"inLanguage\":\"es\",\"@id\":\"https:\/\/lobosnews.com.ar\/#\/schema\/person\/image\/\",\"url\":\"https:\/\/secure.gravatar.com\/avatar\/76e419471a2083bc3ceab22a763dbbf9b0c1bd15a6214cf3280e2c2dde4580f9?s=96&d=mm&r=g\",\"contentUrl\":\"https:\/\/secure.gravatar.com\/avatar\/76e419471a2083bc3ceab22a763dbbf9b0c1bd15a6214cf3280e2c2dde4580f9?s=96&d=mm&r=g\",\"caption\":\"admin\"},\"sameAs\":[\"https:\/\/lobosnews.com.ar\"],\"url\":\"https:\/\/lobosnews.com.ar\/index.php\/author\/lobos-news\/\"}]}<\/script>\n<!-- \/ Yoast SEO plugin. -->","yoast_head_json":{"title":"Dos pr\u00f3fugos y un familiar que rompi\u00f3 el silencio: el viaje de la nena violada y embarazada desde Santiago del Estero hasta la cl\u00ednica del horror - Lobos News","robots":{"index":"index","follow":"follow","max-snippet":"max-snippet:-1","max-image-preview":"max-image-preview:large","max-video-preview":"max-video-preview:-1"},"canonical":"https:\/\/lobosnews.com.ar\/index.php\/2026\/04\/27\/dos-profugos-y-un-familiar-que-rompio-el-silencio-el-viaje-de-la-nena-violada-y-embarazada-desde-santiago-del-estero-hasta-la-clinica-del-horror\/","og_locale":"es_ES","og_type":"article","og_title":"Dos pr\u00f3fugos y un familiar que rompi\u00f3 el silencio: el viaje de la nena violada y embarazada desde Santiago del Estero hasta la cl\u00ednica del horror - Lobos News","og_description":"El espeluznante hallazgo de ocho fetos en bolsas de residuos pat\u00f3genos ocurrido este \u00faltimo fin de semana es solo una parte de un drama mucho m\u00e1s complejo. Hay dos pr\u00f3fugos en el caso, buscados por violar a la menor protagonista de esta historia. Tambi\u00e9n, un familiar que habl\u00f3, que hizo la denuncia y rompi\u00f3 el...","og_url":"https:\/\/lobosnews.com.ar\/index.php\/2026\/04\/27\/dos-profugos-y-un-familiar-que-rompio-el-silencio-el-viaje-de-la-nena-violada-y-embarazada-desde-santiago-del-estero-hasta-la-clinica-del-horror\/","og_site_name":"Lobos News","article_published_time":"2026-04-27T20:05:02+00:00","article_modified_time":"2026-04-27T21:01:48+00:00","og_image":[{"url":"https:\/\/lobosnews.com.ar\/wp-content\/uploads\/2026\/04\/dos-profugos-y-un-familiar-que-rompio-el-silencio-el-viaje-de-la-nena-violada-y-embarazada-desde-santiago-del-estero-hasta-la-clinica-del-horror.jpg","type":"","width":"","height":""}],"author":"admin","twitter_card":"summary_large_image","twitter_misc":{"Escrito por":"admin","Tiempo de lectura":"3 minutos"},"schema":{"@context":"https:\/\/schema.org","@graph":[{"@type":"Article","@id":"https:\/\/lobosnews.com.ar\/index.php\/2026\/04\/27\/dos-profugos-y-un-familiar-que-rompio-el-silencio-el-viaje-de-la-nena-violada-y-embarazada-desde-santiago-del-estero-hasta-la-clinica-del-horror\/#article","isPartOf":{"@id":"https:\/\/lobosnews.com.ar\/index.php\/2026\/04\/27\/dos-profugos-y-un-familiar-que-rompio-el-silencio-el-viaje-de-la-nena-violada-y-embarazada-desde-santiago-del-estero-hasta-la-clinica-del-horror\/"},"author":{"name":"admin","@id":"https:\/\/lobosnews.com.ar\/#\/schema\/person\/232422a593d5c541dd9aef6aaed10943"},"headline":"Dos pr\u00f3fugos y un familiar que rompi\u00f3 el silencio: el viaje de la nena violada y embarazada desde Santiago del Estero hasta la cl\u00ednica del horror","datePublished":"2026-04-27T20:05:02+00:00","dateModified":"2026-04-27T21:01:48+00:00","mainEntityOfPage":{"@id":"https:\/\/lobosnews.com.ar\/index.php\/2026\/04\/27\/dos-profugos-y-un-familiar-que-rompio-el-silencio-el-viaje-de-la-nena-violada-y-embarazada-desde-santiago-del-estero-hasta-la-clinica-del-horror\/"},"wordCount":708,"commentCount":0,"publisher":{"@id":"https:\/\/lobosnews.com.ar\/#organization"},"image":{"@id":"https:\/\/lobosnews.com.ar\/index.php\/2026\/04\/27\/dos-profugos-y-un-familiar-que-rompio-el-silencio-el-viaje-de-la-nena-violada-y-embarazada-desde-santiago-del-estero-hasta-la-clinica-del-horror\/#primaryimage"},"thumbnailUrl":"https:\/\/lobosnews.com.ar\/wp-content\/uploads\/2026\/04\/dos-profugos-y-un-familiar-que-rompio-el-silencio-el-viaje-de-la-nena-violada-y-embarazada-desde-santiago-del-estero-hasta-la-clinica-del-horror-2.jpg","articleSection":["Actualidad","Argentina","econom\u00eda","inseguridad","masradios.com","nacionales","seguridad","sociedad"],"inLanguage":"es","potentialAction":[{"@type":"CommentAction","name":"Comment","target":["https:\/\/lobosnews.com.ar\/index.php\/2026\/04\/27\/dos-profugos-y-un-familiar-que-rompio-el-silencio-el-viaje-de-la-nena-violada-y-embarazada-desde-santiago-del-estero-hasta-la-clinica-del-horror\/#respond"]}]},{"@type":"WebPage","@id":"https:\/\/lobosnews.com.ar\/index.php\/2026\/04\/27\/dos-profugos-y-un-familiar-que-rompio-el-silencio-el-viaje-de-la-nena-violada-y-embarazada-desde-santiago-del-estero-hasta-la-clinica-del-horror\/","url":"https:\/\/lobosnews.com.ar\/index.php\/2026\/04\/27\/dos-profugos-y-un-familiar-que-rompio-el-silencio-el-viaje-de-la-nena-violada-y-embarazada-desde-santiago-del-estero-hasta-la-clinica-del-horror\/","name":"Dos pr\u00f3fugos y un familiar que rompi\u00f3 el silencio: el viaje de la nena violada y embarazada desde Santiago del Estero hasta la cl\u00ednica del horror - Lobos News","isPartOf":{"@id":"https:\/\/lobosnews.com.ar\/#website"},"primaryImageOfPage":{"@id":"https:\/\/lobosnews.com.ar\/index.php\/2026\/04\/27\/dos-profugos-y-un-familiar-que-rompio-el-silencio-el-viaje-de-la-nena-violada-y-embarazada-desde-santiago-del-estero-hasta-la-clinica-del-horror\/#primaryimage"},"image":{"@id":"https:\/\/lobosnews.com.ar\/index.php\/2026\/04\/27\/dos-profugos-y-un-familiar-que-rompio-el-silencio-el-viaje-de-la-nena-violada-y-embarazada-desde-santiago-del-estero-hasta-la-clinica-del-horror\/#primaryimage"},"thumbnailUrl":"https:\/\/lobosnews.com.ar\/wp-content\/uploads\/2026\/04\/dos-profugos-y-un-familiar-que-rompio-el-silencio-el-viaje-de-la-nena-violada-y-embarazada-desde-santiago-del-estero-hasta-la-clinica-del-horror-2.jpg","datePublished":"2026-04-27T20:05:02+00:00","dateModified":"2026-04-27T21:01:48+00:00","breadcrumb":{"@id":"https:\/\/lobosnews.com.ar\/index.php\/2026\/04\/27\/dos-profugos-y-un-familiar-que-rompio-el-silencio-el-viaje-de-la-nena-violada-y-embarazada-desde-santiago-del-estero-hasta-la-clinica-del-horror\/#breadcrumb"},"inLanguage":"es","potentialAction":[{"@type":"ReadAction","target":["https:\/\/lobosnews.com.ar\/index.php\/2026\/04\/27\/dos-profugos-y-un-familiar-que-rompio-el-silencio-el-viaje-de-la-nena-violada-y-embarazada-desde-santiago-del-estero-hasta-la-clinica-del-horror\/"]}]},{"@type":"ImageObject","inLanguage":"es","@id":"https:\/\/lobosnews.com.ar\/index.php\/2026\/04\/27\/dos-profugos-y-un-familiar-que-rompio-el-silencio-el-viaje-de-la-nena-violada-y-embarazada-desde-santiago-del-estero-hasta-la-clinica-del-horror\/#primaryimage","url":"https:\/\/lobosnews.com.ar\/wp-content\/uploads\/2026\/04\/dos-profugos-y-un-familiar-que-rompio-el-silencio-el-viaje-de-la-nena-violada-y-embarazada-desde-santiago-del-estero-hasta-la-clinica-del-horror-2.jpg","contentUrl":"https:\/\/lobosnews.com.ar\/wp-content\/uploads\/2026\/04\/dos-profugos-y-un-familiar-que-rompio-el-silencio-el-viaje-de-la-nena-violada-y-embarazada-desde-santiago-del-estero-hasta-la-clinica-del-horror-2.jpg","width":1920,"height":1080,"caption":"Dos pr\u00f3fugos y un familiar que rompi\u00f3 el silencio: el viaje de la nena violada y embarazada desde Santiago del Estero hasta la cl\u00ednica del horror"},{"@type":"BreadcrumbList","@id":"https:\/\/lobosnews.com.ar\/index.php\/2026\/04\/27\/dos-profugos-y-un-familiar-que-rompio-el-silencio-el-viaje-de-la-nena-violada-y-embarazada-desde-santiago-del-estero-hasta-la-clinica-del-horror\/#breadcrumb","itemListElement":[{"@type":"ListItem","position":1,"name":"Portada","item":"https:\/\/lobosnews.com.ar\/"},{"@type":"ListItem","position":2,"name":"Dos pr\u00f3fugos y un familiar que rompi\u00f3 el silencio: el viaje de la nena violada y embarazada desde Santiago del Estero hasta la cl\u00ednica del horror"}]},{"@type":"WebSite","@id":"https:\/\/lobosnews.com.ar\/#website","url":"https:\/\/lobosnews.com.ar\/","name":"Lobos News","description":"Informaci\u00f3n a cada instante","publisher":{"@id":"https:\/\/lobosnews.com.ar\/#organization"},"potentialAction":[{"@type":"SearchAction","target":{"@type":"EntryPoint","urlTemplate":"https:\/\/lobosnews.com.ar\/?s={search_term_string}"},"query-input":{"@type":"PropertyValueSpecification","valueRequired":true,"valueName":"search_term_string"}}],"inLanguage":"es"},{"@type":"Organization","@id":"https:\/\/lobosnews.com.ar\/#organization","name":"Lobos News","url":"https:\/\/lobosnews.com.ar\/","logo":{"@type":"ImageObject","inLanguage":"es","@id":"https:\/\/lobosnews.com.ar\/#\/schema\/logo\/image\/","url":"https:\/\/lobosnews.com.ar\/wp-content\/uploads\/2026\/01\/logo-lobosnews.png","contentUrl":"https:\/\/lobosnews.com.ar\/wp-content\/uploads\/2026\/01\/logo-lobosnews.png","width":500,"height":200,"caption":"Lobos News"},"image":{"@id":"https:\/\/lobosnews.com.ar\/#\/schema\/logo\/image\/"}},{"@type":"Person","@id":"https:\/\/lobosnews.com.ar\/#\/schema\/person\/232422a593d5c541dd9aef6aaed10943","name":"admin","image":{"@type":"ImageObject","inLanguage":"es","@id":"https:\/\/lobosnews.com.ar\/#\/schema\/person\/image\/","url":"https:\/\/secure.gravatar.com\/avatar\/76e419471a2083bc3ceab22a763dbbf9b0c1bd15a6214cf3280e2c2dde4580f9?s=96&d=mm&r=g","contentUrl":"https:\/\/secure.gravatar.com\/avatar\/76e419471a2083bc3ceab22a763dbbf9b0c1bd15a6214cf3280e2c2dde4580f9?s=96&d=mm&r=g","caption":"admin"},"sameAs":["https:\/\/lobosnews.com.ar"],"url":"https:\/\/lobosnews.com.ar\/index.php\/author\/lobos-news\/"}]}},"jetpack_featured_media_url":"https:\/\/lobosnews.com.ar\/wp-content\/uploads\/2026\/04\/dos-profugos-y-un-familiar-que-rompio-el-silencio-el-viaje-de-la-nena-violada-y-embarazada-desde-santiago-del-estero-hasta-la-clinica-del-horror-2.jpg","jetpack_sharing_enabled":true,"_links":{"self":[{"href":"https:\/\/lobosnews.com.ar\/index.php\/wp-json\/wp\/v2\/posts\/46306","targetHints":{"allow":["GET"]}}],"collection":[{"href":"https:\/\/lobosnews.com.ar\/index.php\/wp-json\/wp\/v2\/posts"}],"about":[{"href":"https:\/\/lobosnews.com.ar\/index.php\/wp-json\/wp\/v2\/types\/post"}],"author":[{"embeddable":true,"href":"https:\/\/lobosnews.com.ar\/index.php\/wp-json\/wp\/v2\/users\/1"}],"replies":[{"embeddable":true,"href":"https:\/\/lobosnews.com.ar\/index.php\/wp-json\/wp\/v2\/comments?post=46306"}],"version-history":[{"count":1,"href":"https:\/\/lobosnews.com.ar\/index.php\/wp-json\/wp\/v2\/posts\/46306\/revisions"}],"predecessor-version":[{"id":46309,"href":"https:\/\/lobosnews.com.ar\/index.php\/wp-json\/wp\/v2\/posts\/46306\/revisions\/46309"}],"wp:featuredmedia":[{"embeddable":true,"href":"https:\/\/lobosnews.com.ar\/index.php\/wp-json\/wp\/v2\/media\/46310"}],"wp:attachment":[{"href":"https:\/\/lobosnews.com.ar\/index.php\/wp-json\/wp\/v2\/media?parent=46306"}],"wp:term":[{"taxonomy":"category","embeddable":true,"href":"https:\/\/lobosnews.com.ar\/index.php\/wp-json\/wp\/v2\/categories?post=46306"},{"taxonomy":"post_tag","embeddable":true,"href":"https:\/\/lobosnews.com.ar\/index.php\/wp-json\/wp\/v2\/tags?post=46306"}],"curies":[{"name":"wp","href":"https:\/\/api.w.org\/{rel}","templated":true}]}}