{"id":46302,"date":"2026-04-27T20:42:06","date_gmt":"2026-04-27T20:42:06","guid":{"rendered":"https:\/\/lobosnews.com.ar\/index.php\/2026\/04\/27\/la-justicia-determino-que-tati-leclercq-estuvo-en-el-departamento-del-medico-salazar-tras-su-muerte\/"},"modified":"2026-04-27T21:01:13","modified_gmt":"2026-04-27T21:01:13","slug":"la-justicia-determino-que-tati-leclercq-estuvo-en-el-departamento-del-medico-salazar-tras-su-muerte","status":"publish","type":"post","link":"https:\/\/lobosnews.com.ar\/index.php\/2026\/04\/27\/la-justicia-determino-que-tati-leclercq-estuvo-en-el-departamento-del-medico-salazar-tras-su-muerte\/","title":{"rendered":"La Justicia determin\u00f3 que \u201cTati\u201d Leclercq estuvo en el departamento del m\u00e9dico Salazar tras su muerte"},"content":{"rendered":"<p><img fetchpriority=\"high\" decoding=\"async\" src=\"https:\/\/lobosnews.com.ar\/wp-content\/uploads\/2026\/04\/la-justicia-determino-que-tati-leclercq-estuvo-en-el-departamento-del-medico-salazar-tras-su-muerte.jpg\" alt=\" Chantal \u201cTati\u201d Leclercq y Delfina \"Fini\" Lanusse\" height=\"1080\" width=\"1920\"\/><\/p>\n<p>En el marco de la causa que investiga la <b>muerte dudosa del residente Alejandro Salazar<\/b> \u2014hallado el pasado 20 de febrero en su departamento de Palermo con ampollas de <b>propofol y midazolam\u2014<\/b>, el fiscal Eduardo Cubr\u00eda logr\u00f3 determinar qui\u00e9nes estuvieron en el lugar tras su fallecimiento. Entre las personas identificadas est\u00e1n <b>Chantal \u201cTati\u201d Leclercq y Delfina \u201cFini\u201d Lanusse\u201d<\/b>.<\/p>\n<p>Seg\u00fan confirmaron fuentes del caso a <b>Infobae<\/b>, Leclerq fue ubicada en el domicilio de Salazar a partir de los testimonios que constan en el expediente y de una c\u00e1mara de seguridad. Las declaraciones se\u00f1alan que \u201cTati\u201d, adem\u00e1s, habr\u00eda manipulado el celular de la v\u00edctima. Todo a\u00fan es materia de investigaci\u00f3n.<\/p>\n<p>En las \u00faltimas horas, \u201cTati\u201d, que conoce al joven fallecido porque trabajaban juntos en el Hospital Rivadavia, fue allanada por esta causa. Un doble comando integrado por la Sub DDI de Tigre y la Polic\u00eda de la Ciudad <b>ingres\u00f3 en su casa del country Santa B\u00e1rbara. <\/b>All\u00ed, le secuestraron un tel\u00e9fono celular y un iPad, que ser\u00e1n peritados por la DATIP, el ala pericial de la Procuraci\u00f3n.<\/p>\n<p>El allanamiento fue requerido por el fiscal Cubr\u00eda al juez Santiago Bignone. El pedido de secuestro enviado por el magistrado al Juzgado de Garant\u00edas No. 5 de San Isidro incluy\u00f3 propofol y midazolam, as\u00ed como cualquier aparato electr\u00f3nico. Sin embargo, no se hall\u00f3 medicamento alguno en la casa. Leclercq, presente en el lugar, colabor\u00f3 con el procedimiento.<\/p>\n<p>Altas fuentes del caso aseguraron a este medio que<b> la joven m\u00e9dica no se encuentra formalmente acusada. <\/b>La ficha del expediente por la muerte de Salazar en el sistema del Poder Judicial <b>todav\u00eda no incluye imputados<\/b>. El legajo policial del d\u00eda la marc\u00f3 simplemente como \u201cidentificada\u201d. La lectura del requerimiento, realizada por un polic\u00eda de la Bonaerense, no la acusaba de delito alguno.<\/p>\n<p>Leclercq entr\u00f3 en la trama del caso cuando fue mencionada por un superior en el Hospital Rivadavia en la denuncia que realiz\u00f3 la<b> AAARBA, la asociaci\u00f3n porte\u00f1a de anestesi\u00f3logos<\/b>, radicada en el Juzgado No. 47 de Javier S\u00e1nchez Sarmiento. Esa causa, precisamente, investiga el <b>supuesto hurto de medicaci\u00f3n en el Hospital Italiano<\/b>, donde se desempe\u00f1aba Delfina \u201cFini\u201d Lanusse, \u00edntimamente vinculada a Leclercq. <\/p>\n<p>As\u00ed, al o\u00edr su testimonio, la AAARBA lo incluy\u00f3 en su ampliaci\u00f3n de denuncia. Sin embargo, hasta este viernes <b>el Hospital Italiano no hab\u00eda presentado en el expediente un arqueo de su stock <\/b>en el Servicio de Anestesia para determinar exactamente qu\u00e9 se rob\u00f3.<\/p>\n","protected":false},"excerpt":{"rendered":"<p>En el marco de la causa que investiga la muerte dudosa del residente Alejandro Salazar \u2014hallado el pasado 20 de febrero en su departamento de Palermo con ampollas de propofol y midazolam\u2014, el fiscal Eduardo Cubr\u00eda logr\u00f3 determinar qui\u00e9nes estuvieron en el lugar tras su fallecimiento. Entre las personas identificadas est\u00e1n Chantal \u201cTati\u201d Leclercq y&#8230;<\/p>\n","protected":false},"author":1,"featured_media":46305,"comment_status":"open","ping_status":"closed","sticky":false,"template":"","format":"standard","meta":{"_jetpack_memberships_contains_paid_content":false,"footnotes":""},"categories":[31,30,32,77,84,35,36,37],"tags":[],"class_list":["post-46302","post","type-post","status-publish","format-standard","has-post-thumbnail","hentry","category-actualidad","category-argentina","category-economia","category-inseguridad","category-masradios-com","category-nacionales","category-seguridad","category-sociedad"],"magazineBlocksPostFeaturedMedia":{"thumbnail":"https:\/\/lobosnews.com.ar\/wp-content\/uploads\/2026\/04\/la-justicia-determino-que-tati-leclercq-estuvo-en-el-departamento-del-medico-salazar-tras-su-muerte-150x150.jpg","medium":"https:\/\/lobosnews.com.ar\/wp-content\/uploads\/2026\/04\/la-justicia-determino-que-tati-leclercq-estuvo-en-el-departamento-del-medico-salazar-tras-su-muerte-300x169.jpg","medium_large":"https:\/\/lobosnews.com.ar\/wp-content\/uploads\/2026\/04\/la-justicia-determino-que-tati-leclercq-estuvo-en-el-departamento-del-medico-salazar-tras-su-muerte-768x432.jpg","large":"https:\/\/lobosnews.com.ar\/wp-content\/uploads\/2026\/04\/la-justicia-determino-que-tati-leclercq-estuvo-en-el-departamento-del-medico-salazar-tras-su-muerte-1024x576.jpg","1536x1536":"https:\/\/lobosnews.com.ar\/wp-content\/uploads\/2026\/04\/la-justicia-determino-que-tati-leclercq-estuvo-en-el-departamento-del-medico-salazar-tras-su-muerte-1536x864.jpg","2048x2048":"https:\/\/lobosnews.com.ar\/wp-content\/uploads\/2026\/04\/la-justicia-determino-que-tati-leclercq-estuvo-en-el-departamento-del-medico-salazar-tras-su-muerte.jpg","newsmatic-featured":"https:\/\/lobosnews.com.ar\/wp-content\/uploads\/2026\/04\/la-justicia-determino-que-tati-leclercq-estuvo-en-el-departamento-del-medico-salazar-tras-su-muerte-820x545.jpg","newsmatic-list":"https:\/\/lobosnews.com.ar\/wp-content\/uploads\/2026\/04\/la-justicia-determino-que-tati-leclercq-estuvo-en-el-departamento-del-medico-salazar-tras-su-muerte-600x400.jpg","newsmatic-thumb":"https:\/\/lobosnews.com.ar\/wp-content\/uploads\/2026\/04\/la-justicia-determino-que-tati-leclercq-estuvo-en-el-departamento-del-medico-salazar-tras-su-muerte-300x200.jpg","newsmatic-small":"https:\/\/lobosnews.com.ar\/wp-content\/uploads\/2026\/04\/la-justicia-determino-que-tati-leclercq-estuvo-en-el-departamento-del-medico-salazar-tras-su-muerte-150x95.jpg","newsmatic-grid":"https:\/\/lobosnews.com.ar\/wp-content\/uploads\/2026\/04\/la-justicia-determino-que-tati-leclercq-estuvo-en-el-departamento-del-medico-salazar-tras-su-muerte-400x250.jpg"},"magazineBlocksPostAuthor":{"name":"admin","avatar":"https:\/\/secure.gravatar.com\/avatar\/76e419471a2083bc3ceab22a763dbbf9b0c1bd15a6214cf3280e2c2dde4580f9?s=96&d=mm&r=g"},"magazineBlocksPostCommentsNumber":"0","magazineBlocksPostExcerpt":"En el marco de la causa que investiga la muerte dudosa del residente Alejandro Salazar \u2014hallado el pasado 20 de febrero en su departamento de Palermo con ampollas de propofol y midazolam\u2014, el fiscal Eduardo Cubr\u00eda logr\u00f3 determinar qui\u00e9nes estuvieron en el lugar tras su fallecimiento. Entre las personas identificadas est\u00e1n Chantal \u201cTati\u201d Leclercq y...","magazineBlocksPostCategories":["Actualidad","Argentina","econom\u00eda","inseguridad","masradios.com","nacionales","seguridad","sociedad"],"magazineBlocksPostViewCount":5,"magazineBlocksPostReadTime":3,"magazine_blocks_featured_image_url":{"full":["https:\/\/lobosnews.com.ar\/wp-content\/uploads\/2026\/04\/la-justicia-determino-que-tati-leclercq-estuvo-en-el-departamento-del-medico-salazar-tras-su-muerte.jpg",1920,1080,false],"medium":["https:\/\/lobosnews.com.ar\/wp-content\/uploads\/2026\/04\/la-justicia-determino-que-tati-leclercq-estuvo-en-el-departamento-del-medico-salazar-tras-su-muerte-300x169.jpg",300,169,true],"thumbnail":["https:\/\/lobosnews.com.ar\/wp-content\/uploads\/2026\/04\/la-justicia-determino-que-tati-leclercq-estuvo-en-el-departamento-del-medico-salazar-tras-su-muerte-150x150.jpg",150,150,true]},"magazine_blocks_author":{"display_name":"admin","author_link":"https:\/\/lobosnews.com.ar\/index.php\/author\/lobos-news\/"},"magazine_blocks_comment":0,"magazine_blocks_author_image":"https:\/\/secure.gravatar.com\/avatar\/76e419471a2083bc3ceab22a763dbbf9b0c1bd15a6214cf3280e2c2dde4580f9?s=96&d=mm&r=g","magazine_blocks_category":"<a href=\"#\" class=\"category-link category-link-31\">Actualidad<\/a> <a href=\"#\" class=\"category-link category-link-30\">Argentina<\/a> <a href=\"#\" class=\"category-link category-link-32\">econom\u00eda<\/a> <a href=\"#\" class=\"category-link category-link-77\">inseguridad<\/a> <a href=\"#\" class=\"category-link category-link-84\">masradios.com<\/a> <a href=\"#\" class=\"category-link category-link-35\">nacionales<\/a> <a href=\"#\" class=\"category-link category-link-36\">seguridad<\/a> <a href=\"#\" class=\"category-link category-link-37\">sociedad<\/a>","yoast_head":"<!-- This site is optimized with the Yoast SEO plugin v26.6 - https:\/\/yoast.com\/wordpress\/plugins\/seo\/ -->\n<title>La Justicia determin\u00f3 que \u201cTati\u201d Leclercq estuvo en el departamento del m\u00e9dico Salazar tras su muerte - Lobos News<\/title>\n<meta name=\"robots\" content=\"index, follow, max-snippet:-1, max-image-preview:large, max-video-preview:-1\" \/>\n<link rel=\"canonical\" href=\"https:\/\/lobosnews.com.ar\/index.php\/2026\/04\/27\/la-justicia-determino-que-tati-leclercq-estuvo-en-el-departamento-del-medico-salazar-tras-su-muerte\/\" \/>\n<meta property=\"og:locale\" content=\"es_ES\" \/>\n<meta property=\"og:type\" content=\"article\" \/>\n<meta property=\"og:title\" content=\"La Justicia determin\u00f3 que \u201cTati\u201d Leclercq estuvo en el departamento del m\u00e9dico Salazar tras su muerte - Lobos News\" \/>\n<meta property=\"og:description\" content=\"En el marco de la causa que investiga la muerte dudosa del residente Alejandro Salazar \u2014hallado el pasado 20 de febrero en su departamento de Palermo con ampollas de propofol y midazolam\u2014, el fiscal Eduardo Cubr\u00eda logr\u00f3 determinar qui\u00e9nes estuvieron en el lugar tras su fallecimiento. Entre las personas identificadas est\u00e1n Chantal \u201cTati\u201d Leclercq y...\" \/>\n<meta property=\"og:url\" content=\"https:\/\/lobosnews.com.ar\/index.php\/2026\/04\/27\/la-justicia-determino-que-tati-leclercq-estuvo-en-el-departamento-del-medico-salazar-tras-su-muerte\/\" \/>\n<meta property=\"og:site_name\" content=\"Lobos News\" \/>\n<meta property=\"article:published_time\" content=\"2026-04-27T20:42:06+00:00\" \/>\n<meta property=\"article:modified_time\" content=\"2026-04-27T21:01:13+00:00\" \/>\n<meta property=\"og:image\" content=\"https:\/\/lobosnews.com.ar\/wp-content\/uploads\/2026\/04\/la-justicia-determino-que-tati-leclercq-estuvo-en-el-departamento-del-medico-salazar-tras-su-muerte.jpg\" \/>\n<meta name=\"author\" content=\"admin\" \/>\n<meta name=\"twitter:card\" content=\"summary_large_image\" \/>\n<meta name=\"twitter:label1\" content=\"Escrito por\" \/>\n\t<meta name=\"twitter:data1\" content=\"admin\" \/>\n\t<meta name=\"twitter:label2\" content=\"Tiempo de lectura\" \/>\n\t<meta name=\"twitter:data2\" content=\"2 minutos\" \/>\n<script type=\"application\/ld+json\" class=\"yoast-schema-graph\">{\"@context\":\"https:\/\/schema.org\",\"@graph\":[{\"@type\":\"Article\",\"@id\":\"https:\/\/lobosnews.com.ar\/index.php\/2026\/04\/27\/la-justicia-determino-que-tati-leclercq-estuvo-en-el-departamento-del-medico-salazar-tras-su-muerte\/#article\",\"isPartOf\":{\"@id\":\"https:\/\/lobosnews.com.ar\/index.php\/2026\/04\/27\/la-justicia-determino-que-tati-leclercq-estuvo-en-el-departamento-del-medico-salazar-tras-su-muerte\/\"},\"author\":{\"name\":\"admin\",\"@id\":\"https:\/\/lobosnews.com.ar\/#\/schema\/person\/232422a593d5c541dd9aef6aaed10943\"},\"headline\":\"La Justicia determin\u00f3 que \u201cTati\u201d Leclercq estuvo en el departamento del m\u00e9dico Salazar tras su muerte\",\"datePublished\":\"2026-04-27T20:42:06+00:00\",\"dateModified\":\"2026-04-27T21:01:13+00:00\",\"mainEntityOfPage\":{\"@id\":\"https:\/\/lobosnews.com.ar\/index.php\/2026\/04\/27\/la-justicia-determino-que-tati-leclercq-estuvo-en-el-departamento-del-medico-salazar-tras-su-muerte\/\"},\"wordCount\":447,\"commentCount\":0,\"publisher\":{\"@id\":\"https:\/\/lobosnews.com.ar\/#organization\"},\"image\":{\"@id\":\"https:\/\/lobosnews.com.ar\/index.php\/2026\/04\/27\/la-justicia-determino-que-tati-leclercq-estuvo-en-el-departamento-del-medico-salazar-tras-su-muerte\/#primaryimage\"},\"thumbnailUrl\":\"https:\/\/lobosnews.com.ar\/wp-content\/uploads\/2026\/04\/la-justicia-determino-que-tati-leclercq-estuvo-en-el-departamento-del-medico-salazar-tras-su-muerte.jpg\",\"articleSection\":[\"Actualidad\",\"Argentina\",\"econom\u00eda\",\"inseguridad\",\"masradios.com\",\"nacionales\",\"seguridad\",\"sociedad\"],\"inLanguage\":\"es\",\"potentialAction\":[{\"@type\":\"CommentAction\",\"name\":\"Comment\",\"target\":[\"https:\/\/lobosnews.com.ar\/index.php\/2026\/04\/27\/la-justicia-determino-que-tati-leclercq-estuvo-en-el-departamento-del-medico-salazar-tras-su-muerte\/#respond\"]}]},{\"@type\":\"WebPage\",\"@id\":\"https:\/\/lobosnews.com.ar\/index.php\/2026\/04\/27\/la-justicia-determino-que-tati-leclercq-estuvo-en-el-departamento-del-medico-salazar-tras-su-muerte\/\",\"url\":\"https:\/\/lobosnews.com.ar\/index.php\/2026\/04\/27\/la-justicia-determino-que-tati-leclercq-estuvo-en-el-departamento-del-medico-salazar-tras-su-muerte\/\",\"name\":\"La Justicia determin\u00f3 que \u201cTati\u201d Leclercq estuvo en el departamento del m\u00e9dico Salazar tras su muerte - Lobos News\",\"isPartOf\":{\"@id\":\"https:\/\/lobosnews.com.ar\/#website\"},\"primaryImageOfPage\":{\"@id\":\"https:\/\/lobosnews.com.ar\/index.php\/2026\/04\/27\/la-justicia-determino-que-tati-leclercq-estuvo-en-el-departamento-del-medico-salazar-tras-su-muerte\/#primaryimage\"},\"image\":{\"@id\":\"https:\/\/lobosnews.com.ar\/index.php\/2026\/04\/27\/la-justicia-determino-que-tati-leclercq-estuvo-en-el-departamento-del-medico-salazar-tras-su-muerte\/#primaryimage\"},\"thumbnailUrl\":\"https:\/\/lobosnews.com.ar\/wp-content\/uploads\/2026\/04\/la-justicia-determino-que-tati-leclercq-estuvo-en-el-departamento-del-medico-salazar-tras-su-muerte.jpg\",\"datePublished\":\"2026-04-27T20:42:06+00:00\",\"dateModified\":\"2026-04-27T21:01:13+00:00\",\"breadcrumb\":{\"@id\":\"https:\/\/lobosnews.com.ar\/index.php\/2026\/04\/27\/la-justicia-determino-que-tati-leclercq-estuvo-en-el-departamento-del-medico-salazar-tras-su-muerte\/#breadcrumb\"},\"inLanguage\":\"es\",\"potentialAction\":[{\"@type\":\"ReadAction\",\"target\":[\"https:\/\/lobosnews.com.ar\/index.php\/2026\/04\/27\/la-justicia-determino-que-tati-leclercq-estuvo-en-el-departamento-del-medico-salazar-tras-su-muerte\/\"]}]},{\"@type\":\"ImageObject\",\"inLanguage\":\"es\",\"@id\":\"https:\/\/lobosnews.com.ar\/index.php\/2026\/04\/27\/la-justicia-determino-que-tati-leclercq-estuvo-en-el-departamento-del-medico-salazar-tras-su-muerte\/#primaryimage\",\"url\":\"https:\/\/lobosnews.com.ar\/wp-content\/uploads\/2026\/04\/la-justicia-determino-que-tati-leclercq-estuvo-en-el-departamento-del-medico-salazar-tras-su-muerte.jpg\",\"contentUrl\":\"https:\/\/lobosnews.com.ar\/wp-content\/uploads\/2026\/04\/la-justicia-determino-que-tati-leclercq-estuvo-en-el-departamento-del-medico-salazar-tras-su-muerte.jpg\",\"width\":1920,\"height\":1080,\"caption\":\"La Justicia determin\u00f3 que \u201cTati\u201d Leclercq estuvo en el departamento del m\u00e9dico Salazar tras su muerte\"},{\"@type\":\"BreadcrumbList\",\"@id\":\"https:\/\/lobosnews.com.ar\/index.php\/2026\/04\/27\/la-justicia-determino-que-tati-leclercq-estuvo-en-el-departamento-del-medico-salazar-tras-su-muerte\/#breadcrumb\",\"itemListElement\":[{\"@type\":\"ListItem\",\"position\":1,\"name\":\"Portada\",\"item\":\"https:\/\/lobosnews.com.ar\/\"},{\"@type\":\"ListItem\",\"position\":2,\"name\":\"La Justicia determin\u00f3 que \u201cTati\u201d Leclercq estuvo en el departamento del m\u00e9dico Salazar tras su muerte\"}]},{\"@type\":\"WebSite\",\"@id\":\"https:\/\/lobosnews.com.ar\/#website\",\"url\":\"https:\/\/lobosnews.com.ar\/\",\"name\":\"Lobos News\",\"description\":\"Informaci\u00f3n a cada instante\",\"publisher\":{\"@id\":\"https:\/\/lobosnews.com.ar\/#organization\"},\"potentialAction\":[{\"@type\":\"SearchAction\",\"target\":{\"@type\":\"EntryPoint\",\"urlTemplate\":\"https:\/\/lobosnews.com.ar\/?s={search_term_string}\"},\"query-input\":{\"@type\":\"PropertyValueSpecification\",\"valueRequired\":true,\"valueName\":\"search_term_string\"}}],\"inLanguage\":\"es\"},{\"@type\":\"Organization\",\"@id\":\"https:\/\/lobosnews.com.ar\/#organization\",\"name\":\"Lobos News\",\"url\":\"https:\/\/lobosnews.com.ar\/\",\"logo\":{\"@type\":\"ImageObject\",\"inLanguage\":\"es\",\"@id\":\"https:\/\/lobosnews.com.ar\/#\/schema\/logo\/image\/\",\"url\":\"https:\/\/lobosnews.com.ar\/wp-content\/uploads\/2026\/01\/logo-lobosnews.png\",\"contentUrl\":\"https:\/\/lobosnews.com.ar\/wp-content\/uploads\/2026\/01\/logo-lobosnews.png\",\"width\":500,\"height\":200,\"caption\":\"Lobos News\"},\"image\":{\"@id\":\"https:\/\/lobosnews.com.ar\/#\/schema\/logo\/image\/\"}},{\"@type\":\"Person\",\"@id\":\"https:\/\/lobosnews.com.ar\/#\/schema\/person\/232422a593d5c541dd9aef6aaed10943\",\"name\":\"admin\",\"image\":{\"@type\":\"ImageObject\",\"inLanguage\":\"es\",\"@id\":\"https:\/\/lobosnews.com.ar\/#\/schema\/person\/image\/\",\"url\":\"https:\/\/secure.gravatar.com\/avatar\/76e419471a2083bc3ceab22a763dbbf9b0c1bd15a6214cf3280e2c2dde4580f9?s=96&d=mm&r=g\",\"contentUrl\":\"https:\/\/secure.gravatar.com\/avatar\/76e419471a2083bc3ceab22a763dbbf9b0c1bd15a6214cf3280e2c2dde4580f9?s=96&d=mm&r=g\",\"caption\":\"admin\"},\"sameAs\":[\"https:\/\/lobosnews.com.ar\"],\"url\":\"https:\/\/lobosnews.com.ar\/index.php\/author\/lobos-news\/\"}]}<\/script>\n<!-- \/ Yoast SEO plugin. -->","yoast_head_json":{"title":"La Justicia determin\u00f3 que \u201cTati\u201d Leclercq estuvo en el departamento del m\u00e9dico Salazar tras su muerte - Lobos News","robots":{"index":"index","follow":"follow","max-snippet":"max-snippet:-1","max-image-preview":"max-image-preview:large","max-video-preview":"max-video-preview:-1"},"canonical":"https:\/\/lobosnews.com.ar\/index.php\/2026\/04\/27\/la-justicia-determino-que-tati-leclercq-estuvo-en-el-departamento-del-medico-salazar-tras-su-muerte\/","og_locale":"es_ES","og_type":"article","og_title":"La Justicia determin\u00f3 que \u201cTati\u201d Leclercq estuvo en el departamento del m\u00e9dico Salazar tras su muerte - Lobos News","og_description":"En el marco de la causa que investiga la muerte dudosa del residente Alejandro Salazar \u2014hallado el pasado 20 de febrero en su departamento de Palermo con ampollas de propofol y midazolam\u2014, el fiscal Eduardo Cubr\u00eda logr\u00f3 determinar qui\u00e9nes estuvieron en el lugar tras su fallecimiento. Entre las personas identificadas est\u00e1n Chantal \u201cTati\u201d Leclercq y...","og_url":"https:\/\/lobosnews.com.ar\/index.php\/2026\/04\/27\/la-justicia-determino-que-tati-leclercq-estuvo-en-el-departamento-del-medico-salazar-tras-su-muerte\/","og_site_name":"Lobos News","article_published_time":"2026-04-27T20:42:06+00:00","article_modified_time":"2026-04-27T21:01:13+00:00","og_image":[{"url":"https:\/\/lobosnews.com.ar\/wp-content\/uploads\/2026\/04\/la-justicia-determino-que-tati-leclercq-estuvo-en-el-departamento-del-medico-salazar-tras-su-muerte.jpg","type":"","width":"","height":""}],"author":"admin","twitter_card":"summary_large_image","twitter_misc":{"Escrito por":"admin","Tiempo de lectura":"2 minutos"},"schema":{"@context":"https:\/\/schema.org","@graph":[{"@type":"Article","@id":"https:\/\/lobosnews.com.ar\/index.php\/2026\/04\/27\/la-justicia-determino-que-tati-leclercq-estuvo-en-el-departamento-del-medico-salazar-tras-su-muerte\/#article","isPartOf":{"@id":"https:\/\/lobosnews.com.ar\/index.php\/2026\/04\/27\/la-justicia-determino-que-tati-leclercq-estuvo-en-el-departamento-del-medico-salazar-tras-su-muerte\/"},"author":{"name":"admin","@id":"https:\/\/lobosnews.com.ar\/#\/schema\/person\/232422a593d5c541dd9aef6aaed10943"},"headline":"La Justicia determin\u00f3 que \u201cTati\u201d Leclercq estuvo en el departamento del m\u00e9dico Salazar tras su muerte","datePublished":"2026-04-27T20:42:06+00:00","dateModified":"2026-04-27T21:01:13+00:00","mainEntityOfPage":{"@id":"https:\/\/lobosnews.com.ar\/index.php\/2026\/04\/27\/la-justicia-determino-que-tati-leclercq-estuvo-en-el-departamento-del-medico-salazar-tras-su-muerte\/"},"wordCount":447,"commentCount":0,"publisher":{"@id":"https:\/\/lobosnews.com.ar\/#organization"},"image":{"@id":"https:\/\/lobosnews.com.ar\/index.php\/2026\/04\/27\/la-justicia-determino-que-tati-leclercq-estuvo-en-el-departamento-del-medico-salazar-tras-su-muerte\/#primaryimage"},"thumbnailUrl":"https:\/\/lobosnews.com.ar\/wp-content\/uploads\/2026\/04\/la-justicia-determino-que-tati-leclercq-estuvo-en-el-departamento-del-medico-salazar-tras-su-muerte.jpg","articleSection":["Actualidad","Argentina","econom\u00eda","inseguridad","masradios.com","nacionales","seguridad","sociedad"],"inLanguage":"es","potentialAction":[{"@type":"CommentAction","name":"Comment","target":["https:\/\/lobosnews.com.ar\/index.php\/2026\/04\/27\/la-justicia-determino-que-tati-leclercq-estuvo-en-el-departamento-del-medico-salazar-tras-su-muerte\/#respond"]}]},{"@type":"WebPage","@id":"https:\/\/lobosnews.com.ar\/index.php\/2026\/04\/27\/la-justicia-determino-que-tati-leclercq-estuvo-en-el-departamento-del-medico-salazar-tras-su-muerte\/","url":"https:\/\/lobosnews.com.ar\/index.php\/2026\/04\/27\/la-justicia-determino-que-tati-leclercq-estuvo-en-el-departamento-del-medico-salazar-tras-su-muerte\/","name":"La Justicia determin\u00f3 que \u201cTati\u201d Leclercq estuvo en el departamento del m\u00e9dico Salazar tras su muerte - Lobos News","isPartOf":{"@id":"https:\/\/lobosnews.com.ar\/#website"},"primaryImageOfPage":{"@id":"https:\/\/lobosnews.com.ar\/index.php\/2026\/04\/27\/la-justicia-determino-que-tati-leclercq-estuvo-en-el-departamento-del-medico-salazar-tras-su-muerte\/#primaryimage"},"image":{"@id":"https:\/\/lobosnews.com.ar\/index.php\/2026\/04\/27\/la-justicia-determino-que-tati-leclercq-estuvo-en-el-departamento-del-medico-salazar-tras-su-muerte\/#primaryimage"},"thumbnailUrl":"https:\/\/lobosnews.com.ar\/wp-content\/uploads\/2026\/04\/la-justicia-determino-que-tati-leclercq-estuvo-en-el-departamento-del-medico-salazar-tras-su-muerte.jpg","datePublished":"2026-04-27T20:42:06+00:00","dateModified":"2026-04-27T21:01:13+00:00","breadcrumb":{"@id":"https:\/\/lobosnews.com.ar\/index.php\/2026\/04\/27\/la-justicia-determino-que-tati-leclercq-estuvo-en-el-departamento-del-medico-salazar-tras-su-muerte\/#breadcrumb"},"inLanguage":"es","potentialAction":[{"@type":"ReadAction","target":["https:\/\/lobosnews.com.ar\/index.php\/2026\/04\/27\/la-justicia-determino-que-tati-leclercq-estuvo-en-el-departamento-del-medico-salazar-tras-su-muerte\/"]}]},{"@type":"ImageObject","inLanguage":"es","@id":"https:\/\/lobosnews.com.ar\/index.php\/2026\/04\/27\/la-justicia-determino-que-tati-leclercq-estuvo-en-el-departamento-del-medico-salazar-tras-su-muerte\/#primaryimage","url":"https:\/\/lobosnews.com.ar\/wp-content\/uploads\/2026\/04\/la-justicia-determino-que-tati-leclercq-estuvo-en-el-departamento-del-medico-salazar-tras-su-muerte.jpg","contentUrl":"https:\/\/lobosnews.com.ar\/wp-content\/uploads\/2026\/04\/la-justicia-determino-que-tati-leclercq-estuvo-en-el-departamento-del-medico-salazar-tras-su-muerte.jpg","width":1920,"height":1080,"caption":"La Justicia determin\u00f3 que \u201cTati\u201d Leclercq estuvo en el departamento del m\u00e9dico Salazar tras su muerte"},{"@type":"BreadcrumbList","@id":"https:\/\/lobosnews.com.ar\/index.php\/2026\/04\/27\/la-justicia-determino-que-tati-leclercq-estuvo-en-el-departamento-del-medico-salazar-tras-su-muerte\/#breadcrumb","itemListElement":[{"@type":"ListItem","position":1,"name":"Portada","item":"https:\/\/lobosnews.com.ar\/"},{"@type":"ListItem","position":2,"name":"La Justicia determin\u00f3 que \u201cTati\u201d Leclercq estuvo en el departamento del m\u00e9dico Salazar tras su muerte"}]},{"@type":"WebSite","@id":"https:\/\/lobosnews.com.ar\/#website","url":"https:\/\/lobosnews.com.ar\/","name":"Lobos News","description":"Informaci\u00f3n a cada instante","publisher":{"@id":"https:\/\/lobosnews.com.ar\/#organization"},"potentialAction":[{"@type":"SearchAction","target":{"@type":"EntryPoint","urlTemplate":"https:\/\/lobosnews.com.ar\/?s={search_term_string}"},"query-input":{"@type":"PropertyValueSpecification","valueRequired":true,"valueName":"search_term_string"}}],"inLanguage":"es"},{"@type":"Organization","@id":"https:\/\/lobosnews.com.ar\/#organization","name":"Lobos News","url":"https:\/\/lobosnews.com.ar\/","logo":{"@type":"ImageObject","inLanguage":"es","@id":"https:\/\/lobosnews.com.ar\/#\/schema\/logo\/image\/","url":"https:\/\/lobosnews.com.ar\/wp-content\/uploads\/2026\/01\/logo-lobosnews.png","contentUrl":"https:\/\/lobosnews.com.ar\/wp-content\/uploads\/2026\/01\/logo-lobosnews.png","width":500,"height":200,"caption":"Lobos News"},"image":{"@id":"https:\/\/lobosnews.com.ar\/#\/schema\/logo\/image\/"}},{"@type":"Person","@id":"https:\/\/lobosnews.com.ar\/#\/schema\/person\/232422a593d5c541dd9aef6aaed10943","name":"admin","image":{"@type":"ImageObject","inLanguage":"es","@id":"https:\/\/lobosnews.com.ar\/#\/schema\/person\/image\/","url":"https:\/\/secure.gravatar.com\/avatar\/76e419471a2083bc3ceab22a763dbbf9b0c1bd15a6214cf3280e2c2dde4580f9?s=96&d=mm&r=g","contentUrl":"https:\/\/secure.gravatar.com\/avatar\/76e419471a2083bc3ceab22a763dbbf9b0c1bd15a6214cf3280e2c2dde4580f9?s=96&d=mm&r=g","caption":"admin"},"sameAs":["https:\/\/lobosnews.com.ar"],"url":"https:\/\/lobosnews.com.ar\/index.php\/author\/lobos-news\/"}]}},"jetpack_featured_media_url":"https:\/\/lobosnews.com.ar\/wp-content\/uploads\/2026\/04\/la-justicia-determino-que-tati-leclercq-estuvo-en-el-departamento-del-medico-salazar-tras-su-muerte.jpg","jetpack_sharing_enabled":true,"_links":{"self":[{"href":"https:\/\/lobosnews.com.ar\/index.php\/wp-json\/wp\/v2\/posts\/46302","targetHints":{"allow":["GET"]}}],"collection":[{"href":"https:\/\/lobosnews.com.ar\/index.php\/wp-json\/wp\/v2\/posts"}],"about":[{"href":"https:\/\/lobosnews.com.ar\/index.php\/wp-json\/wp\/v2\/types\/post"}],"author":[{"embeddable":true,"href":"https:\/\/lobosnews.com.ar\/index.php\/wp-json\/wp\/v2\/users\/1"}],"replies":[{"embeddable":true,"href":"https:\/\/lobosnews.com.ar\/index.php\/wp-json\/wp\/v2\/comments?post=46302"}],"version-history":[{"count":1,"href":"https:\/\/lobosnews.com.ar\/index.php\/wp-json\/wp\/v2\/posts\/46302\/revisions"}],"predecessor-version":[{"id":46304,"href":"https:\/\/lobosnews.com.ar\/index.php\/wp-json\/wp\/v2\/posts\/46302\/revisions\/46304"}],"wp:featuredmedia":[{"embeddable":true,"href":"https:\/\/lobosnews.com.ar\/index.php\/wp-json\/wp\/v2\/media\/46305"}],"wp:attachment":[{"href":"https:\/\/lobosnews.com.ar\/index.php\/wp-json\/wp\/v2\/media?parent=46302"}],"wp:term":[{"taxonomy":"category","embeddable":true,"href":"https:\/\/lobosnews.com.ar\/index.php\/wp-json\/wp\/v2\/categories?post=46302"},{"taxonomy":"post_tag","embeddable":true,"href":"https:\/\/lobosnews.com.ar\/index.php\/wp-json\/wp\/v2\/tags?post=46302"}],"curies":[{"name":"wp","href":"https:\/\/api.w.org\/{rel}","templated":true}]}}