{"id":46290,"date":"2026-04-27T18:23:25","date_gmt":"2026-04-27T18:23:25","guid":{"rendered":"https:\/\/lobosnews.com.ar\/index.php\/2026\/04\/27\/como-combinar-cardio-y-entrenamiento-de-fuerza-sin-perder-musculo-segun-un-experto\/"},"modified":"2026-04-27T20:55:01","modified_gmt":"2026-04-27T20:55:01","slug":"como-combinar-cardio-y-entrenamiento-de-fuerza-sin-perder-musculo-segun-un-experto","status":"publish","type":"post","link":"https:\/\/lobosnews.com.ar\/index.php\/2026\/04\/27\/como-combinar-cardio-y-entrenamiento-de-fuerza-sin-perder-musculo-segun-un-experto\/","title":{"rendered":"C\u00f3mo combinar cardio y entrenamiento de fuerza sin perder m\u00fasculo, seg\u00fan un experto"},"content":{"rendered":"<p><img loading=\"lazy\" decoding=\"async\" src=\"https:\/\/lobosnews.com.ar\/wp-content\/uploads\/2026\/04\/como-combinar-cardio-y-entrenamiento-de-fuerza-sin-perder-musculo-segun-un-experto.jpg\" alt=\"La combinaci\u00f3n de cardio y fuerza no impide la ganancia de masa muscular si se estructura correctamente el entrenamiento. (Imagen Ilustrativa Infobae)\" height=\"768\" width=\"1408\"\/><\/p>\n<p>La combinaci\u00f3n de <span class=\"waslinkname\"><b>cardio<\/b><\/span><b> y <\/b><span class=\"waslinkname\"><b>entrenamiento de fuerza<\/b><\/span> ha generado debate entre quienes buscan aumentar masa muscular. El <b>doctor Sebasti\u00e1n La Rosa<\/b>, m\u00e9dico, profesor universitario y especialista en medicina deportiva, opina sobre si el ejercicio cardiovascular puede obstaculizar el desarrollo muscular. La preocupaci\u00f3n surge entre quienes temen que el cardio afecte negativamente el crecimiento de los m\u00fasculos obtenidos con pesas. <\/p>\n<p>Seg\u00fan La Rosa, muchas personas que entrenan fuerza evitan el <b>cardio<\/b> por miedo a que este \u201cse lleve el m\u00fasculo\u201d. Aclara que esa idea responde m\u00e1s a un mito que a una realidad sustentada en pruebas. El experto sostiene que, aunque existe un fen\u00f3meno conocido como <b>interferencia<\/b> \u2014que se detalla m\u00e1s adelante\u2014, su efecto no es tan determinante como se cree popularmente.<\/p>\n<p>En el contexto del estado actual de la ciencia, combinar <b>ejercicio cardiovascular<\/b> con rutinas de fuerza no impide de manera significativa la ganancia muscular y lo esencial es c\u00f3mo se estructuran ambos tipos de entrenamiento. La Rosa, cuyo trabajo se centra en la medicina deportiva y la docencia, enfatiza que el miedo al cardio como enemigo del m\u00fasculo carece de fundamento. <\/p>\n<p><img loading=\"lazy\" decoding=\"async\" src=\"https:\/\/lobosnews.com.ar\/wp-content\/uploads\/2026\/04\/como-combinar-cardio-y-entrenamiento-de-fuerza-sin-perder-musculo-segun-un-experto-1.jpg\" alt=\"Cardio de baja o moderada intensidad, como caminar o nadar suavemente, genera menor interferencia en la hipertrofia muscular. (Imagen Ilustrativa Infobae)\" height=\"816\" width=\"1456\"\/><\/p>\n<p>Investigaciones recientes de instituciones acad\u00e9micas y cient\u00edficas muestran que la sinergia entre <b>fuerza<\/b> y <b>cardio<\/b> puede beneficiar tanto la salud cardiovascular como los resultados de fuerza, siempre que se respeten ciertos principios de programaci\u00f3n y recuperaci\u00f3n. Para quienes se preguntan si practicar <b>cardio<\/b> afecta el desarrollo muscular, la evidencia cient\u00edfica revisada indica que <b>la clave est\u00e1 en la planificaci\u00f3n<\/b>. <\/p>\n<p>Un entrenamiento bien dise\u00f1ado permite lograr los beneficios de ambas modalidades sin sacrificar la <b>hipertrofia muscular<\/b> ni la salud general. El temor a la p\u00e9rdida de m\u00fasculo por hacer cardio proviene m\u00e1s de creencias antiguas que de observaciones actuales validadas por datos recientes.<\/p>\n<h2>Explicaci\u00f3n del fen\u00f3meno de interferencia y su impacto seg\u00fan el tipo de cardio<\/h2>\n<p>Uno de los conceptos centrales en el debate sobre <b>cardio y fuerza<\/b> es la llamada <b>interferencia<\/b>. Este fen\u00f3meno hace referencia a la posible reducci\u00f3n de las adaptaciones musculares al combinar ambos entrenamientos, especialmente cuando el cardio es de alta intensidad o larga duraci\u00f3n. La <b>interferencia<\/b> no afecta por igual a todos los tipos de ejercicio cardiovascular: el impacto es mayor en actividades como correr o el ciclismo, que involucran grandes grupos musculares y movimientos repetitivos.<\/p>\n<p><img loading=\"lazy\" decoding=\"async\" src=\"https:\/\/lobosnews.com.ar\/wp-content\/uploads\/2026\/04\/como-combinar-cardio-y-entrenamiento-de-fuerza-sin-perder-musculo-segun-un-experto-2.jpg\" alt=\"El fen\u00f3meno de interferencia ocurre principalmente con cardio de alta intensidad o larga duraci\u00f3n y se puede controlar con buena planificaci\u00f3n. (Imagen Ilustrativa Infobae)\" height=\"816\" width=\"1456\"\/><\/p>\n<p>El doctor <b>La Rosa<\/b> detalla que los mecanismos bioqu\u00edmicos activados durante el <b>cardio<\/b> pueden competir con aquellos que promueven el crecimiento muscular. No todos los cardios tienen el mismo efecto: el cardio de baja o moderada intensidad, como caminar o nadar suavemente, suele generar menos interferencia. Adem\u00e1s, la distribuci\u00f3n de las sesiones y la recuperaci\u00f3n entre entrenamientos son factores esenciales para minimizar este fen\u00f3meno.<\/p>\n<p>El fen\u00f3meno ocurre cuando los est\u00edmulos fisiol\u00f3gicos del <b>cardio<\/b> y la <b>fuerza<\/b> se contraponen, sobre todo si se realizan en exceso o sin una correcta organizaci\u00f3n. La elecci\u00f3n del tipo de cardio y la planificaci\u00f3n semanal permiten <b>controlar este efecto<\/b> y aprovechar los beneficios de ambas disciplinas.<\/p>\n<h2>Magnitud real de la interferencia del cardio en la hipertrofia muscular<\/h2>\n<p>La magnitud de la <b>interferencia<\/b> del <b>cardio<\/b> en la <b>hipertrofia muscular<\/b> suele ser menor de lo que muchos creen. Estudios recientes revisados por sociedades cient\u00edficas indican que, aunque el entrenamiento cardiovascular intenso y frecuente puede ralentizar el progreso en la ganancia de masa muscular, el efecto es limitado y depende de variables como el volumen, la intensidad y el momento en que se realiza cada tipo de ejercicio. <\/p>\n<p>La Rosa subraya que la preocupaci\u00f3n por una supuesta p\u00e9rdida de m\u00fasculo considerable al hacer <b>cardio<\/b> es infundada. Cuando ocurre interferencia, suele notarse m\u00e1s en la fuerza m\u00e1xima que en el tama\u00f1o muscular. Adem\u00e1s, la mayor\u00eda de quienes entrenan por salud o est\u00e9tica no alcanzan los niveles donde la interferencia resultar\u00eda relevante.<\/p>\n<p><img loading=\"lazy\" decoding=\"async\" src=\"https:\/\/lobosnews.com.ar\/wp-content\/uploads\/2026\/04\/como-combinar-cardio-y-entrenamiento-de-fuerza-sin-perder-musculo-segun-un-experto-3.jpg\" alt=\"Estudios recientes confirman que la sinergia entre cardio y fuerza puede mejorar la salud cardiovascular y la fuerza muscular. (Imagen Ilustrativa Infobae)\" height=\"816\" width=\"1456\"\/><\/p>\n<p>En t\u00e9rminos generales, siempre que se <b>evite el abuso <\/b>del <b>cardio<\/b> de <b>alta intensidad<\/b> y se <b>respeten <\/b>las <b>pausas de recuperaci\u00f3n<\/b>, la <b>hipertrofia muscular<\/b> no se compromete. El <b>equilibrio<\/b> entre <b>cardio<\/b> y <b>fuerza<\/b> es alcanzable para la gran mayor\u00eda de practicantes, y la magnitud de la interferencia rara vez representa un obst\u00e1culo real para el progreso muscular.<\/p>\n<h2>Recomendaciones sobre el volumen e intensidad de cardio y fuerza para la salud general<\/h2>\n<p>El <b>consenso de los expertos<\/b> en medicina y ciencias del deporte es que tanto el <b>cardio<\/b> como la <b>fuerza<\/b> son necesarios para la salud. La Rosa recomienda realizar ejercicios cardiovasculares al menos <b>dos<\/b> veces por semana, alternando con sesiones de fuerza. Sugiere evitar sesiones prolongadas de <b>cardio<\/b> inmediatamente antes o despu\u00e9s de entrenar con pesas para no comprometer la recuperaci\u00f3n muscular.<\/p>\n<p>Para mejorar tanto la resistencia como la masa muscular, <b>la clave est\u00e1 en la planificaci\u00f3n<\/b>: alternar los d\u00edas de <b>cardio<\/b> y <b>fuerza<\/b>, ajustar el volumen seg\u00fan los objetivos y estar atentos a las se\u00f1ales del cuerpo para evitar el sobreentrenamiento. Las recomendaciones internacionales de autoridades en salud y deporte avalan la integraci\u00f3n de ambas modalidades, siempre que se adapten a las necesidades individuales.<\/p>\n<p>Un <b>programa equilibrado de entrenamiento<\/b>, que combine <b>cardio<\/b> de intensidad moderada y rutinas de <b>fuerza<\/b> bien organizadas, permite obtener los beneficios cardiovasculares y musculares sin que uno perjudique al otro. La Rosa insiste en que el miedo a combinar ambas formas de ejercicio no se sostiene en las bases cient\u00edficas actuales.<\/p>\n","protected":false},"excerpt":{"rendered":"<p>La combinaci\u00f3n de cardio y entrenamiento de fuerza ha generado debate entre quienes buscan aumentar masa muscular. El doctor Sebasti\u00e1n La Rosa, m\u00e9dico, profesor universitario y especialista en medicina deportiva, opina sobre si el ejercicio cardiovascular puede obstaculizar el desarrollo muscular. La preocupaci\u00f3n surge entre quienes temen que el cardio afecte negativamente el crecimiento de&#8230;<\/p>\n","protected":false},"author":1,"featured_media":46296,"comment_status":"open","ping_status":"closed","sticky":false,"template":"","format":"standard","meta":{"_jetpack_memberships_contains_paid_content":false,"footnotes":""},"categories":[81],"tags":[],"class_list":["post-46290","post","type-post","status-publish","format-standard","has-post-thumbnail","hentry","category-salud"],"magazineBlocksPostFeaturedMedia":{"thumbnail":"https:\/\/lobosnews.com.ar\/wp-content\/uploads\/2026\/04\/como-combinar-cardio-y-entrenamiento-de-fuerza-sin-perder-musculo-segun-un-experto-6-150x150.jpg","medium":"https:\/\/lobosnews.com.ar\/wp-content\/uploads\/2026\/04\/como-combinar-cardio-y-entrenamiento-de-fuerza-sin-perder-musculo-segun-un-experto-6-300x168.jpg","medium_large":"https:\/\/lobosnews.com.ar\/wp-content\/uploads\/2026\/04\/como-combinar-cardio-y-entrenamiento-de-fuerza-sin-perder-musculo-segun-un-experto-6-768x430.jpg","large":"https:\/\/lobosnews.com.ar\/wp-content\/uploads\/2026\/04\/como-combinar-cardio-y-entrenamiento-de-fuerza-sin-perder-musculo-segun-un-experto-6-1024x574.jpg","1536x1536":"https:\/\/lobosnews.com.ar\/wp-content\/uploads\/2026\/04\/como-combinar-cardio-y-entrenamiento-de-fuerza-sin-perder-musculo-segun-un-experto-6.jpg","2048x2048":"https:\/\/lobosnews.com.ar\/wp-content\/uploads\/2026\/04\/como-combinar-cardio-y-entrenamiento-de-fuerza-sin-perder-musculo-segun-un-experto-6.jpg","newsmatic-featured":"https:\/\/lobosnews.com.ar\/wp-content\/uploads\/2026\/04\/como-combinar-cardio-y-entrenamiento-de-fuerza-sin-perder-musculo-segun-un-experto-6-820x545.jpg","newsmatic-list":"https:\/\/lobosnews.com.ar\/wp-content\/uploads\/2026\/04\/como-combinar-cardio-y-entrenamiento-de-fuerza-sin-perder-musculo-segun-un-experto-6-600x400.jpg","newsmatic-thumb":"https:\/\/lobosnews.com.ar\/wp-content\/uploads\/2026\/04\/como-combinar-cardio-y-entrenamiento-de-fuerza-sin-perder-musculo-segun-un-experto-6-300x200.jpg","newsmatic-small":"https:\/\/lobosnews.com.ar\/wp-content\/uploads\/2026\/04\/como-combinar-cardio-y-entrenamiento-de-fuerza-sin-perder-musculo-segun-un-experto-6-150x95.jpg","newsmatic-grid":"https:\/\/lobosnews.com.ar\/wp-content\/uploads\/2026\/04\/como-combinar-cardio-y-entrenamiento-de-fuerza-sin-perder-musculo-segun-un-experto-6-400x250.jpg"},"magazineBlocksPostAuthor":{"name":"admin","avatar":"https:\/\/secure.gravatar.com\/avatar\/76e419471a2083bc3ceab22a763dbbf9b0c1bd15a6214cf3280e2c2dde4580f9?s=96&d=mm&r=g"},"magazineBlocksPostCommentsNumber":"0","magazineBlocksPostExcerpt":"La combinaci\u00f3n de cardio y entrenamiento de fuerza ha generado debate entre quienes buscan aumentar masa muscular. El doctor Sebasti\u00e1n La Rosa, m\u00e9dico, profesor universitario y especialista en medicina deportiva, opina sobre si el ejercicio cardiovascular puede obstaculizar el desarrollo muscular. La preocupaci\u00f3n surge entre quienes temen que el cardio afecte negativamente el crecimiento de...","magazineBlocksPostCategories":["Salud"],"magazineBlocksPostViewCount":12,"magazineBlocksPostReadTime":5,"magazine_blocks_featured_image_url":{"full":["https:\/\/lobosnews.com.ar\/wp-content\/uploads\/2026\/04\/como-combinar-cardio-y-entrenamiento-de-fuerza-sin-perder-musculo-segun-un-experto-6.jpg",1456,816,false],"medium":["https:\/\/lobosnews.com.ar\/wp-content\/uploads\/2026\/04\/como-combinar-cardio-y-entrenamiento-de-fuerza-sin-perder-musculo-segun-un-experto-6-300x168.jpg",300,168,true],"thumbnail":["https:\/\/lobosnews.com.ar\/wp-content\/uploads\/2026\/04\/como-combinar-cardio-y-entrenamiento-de-fuerza-sin-perder-musculo-segun-un-experto-6-150x150.jpg",150,150,true]},"magazine_blocks_author":{"display_name":"admin","author_link":"https:\/\/lobosnews.com.ar\/index.php\/author\/lobos-news\/"},"magazine_blocks_comment":0,"magazine_blocks_author_image":"https:\/\/secure.gravatar.com\/avatar\/76e419471a2083bc3ceab22a763dbbf9b0c1bd15a6214cf3280e2c2dde4580f9?s=96&d=mm&r=g","magazine_blocks_category":"<a href=\"#\" class=\"category-link category-link-81\">Salud<\/a>","yoast_head":"<!-- This site is optimized with the Yoast SEO plugin v26.6 - https:\/\/yoast.com\/wordpress\/plugins\/seo\/ -->\n<title>C\u00f3mo combinar cardio y entrenamiento de fuerza sin perder m\u00fasculo, seg\u00fan un experto - Lobos News<\/title>\n<meta name=\"robots\" content=\"index, follow, max-snippet:-1, max-image-preview:large, max-video-preview:-1\" \/>\n<link rel=\"canonical\" href=\"https:\/\/lobosnews.com.ar\/index.php\/2026\/04\/27\/como-combinar-cardio-y-entrenamiento-de-fuerza-sin-perder-musculo-segun-un-experto\/\" \/>\n<meta property=\"og:locale\" content=\"es_ES\" \/>\n<meta property=\"og:type\" content=\"article\" \/>\n<meta property=\"og:title\" content=\"C\u00f3mo combinar cardio y entrenamiento de fuerza sin perder m\u00fasculo, seg\u00fan un experto - Lobos News\" \/>\n<meta property=\"og:description\" content=\"La combinaci\u00f3n de cardio y entrenamiento de fuerza ha generado debate entre quienes buscan aumentar masa muscular. El doctor Sebasti\u00e1n La Rosa, m\u00e9dico, profesor universitario y especialista en medicina deportiva, opina sobre si el ejercicio cardiovascular puede obstaculizar el desarrollo muscular. La preocupaci\u00f3n surge entre quienes temen que el cardio afecte negativamente el crecimiento de...\" \/>\n<meta property=\"og:url\" content=\"https:\/\/lobosnews.com.ar\/index.php\/2026\/04\/27\/como-combinar-cardio-y-entrenamiento-de-fuerza-sin-perder-musculo-segun-un-experto\/\" \/>\n<meta property=\"og:site_name\" content=\"Lobos News\" \/>\n<meta property=\"article:published_time\" content=\"2026-04-27T18:23:25+00:00\" \/>\n<meta property=\"article:modified_time\" content=\"2026-04-27T20:55:01+00:00\" \/>\n<meta property=\"og:image\" content=\"https:\/\/lobosnews.com.ar\/wp-content\/uploads\/2026\/04\/como-combinar-cardio-y-entrenamiento-de-fuerza-sin-perder-musculo-segun-un-experto.jpg\" \/>\n<meta name=\"author\" content=\"admin\" \/>\n<meta name=\"twitter:card\" content=\"summary_large_image\" \/>\n<meta name=\"twitter:label1\" content=\"Escrito por\" \/>\n\t<meta name=\"twitter:data1\" content=\"admin\" \/>\n\t<meta name=\"twitter:label2\" content=\"Tiempo de lectura\" \/>\n\t<meta name=\"twitter:data2\" content=\"5 minutos\" \/>\n<script type=\"application\/ld+json\" class=\"yoast-schema-graph\">{\"@context\":\"https:\/\/schema.org\",\"@graph\":[{\"@type\":\"Article\",\"@id\":\"https:\/\/lobosnews.com.ar\/index.php\/2026\/04\/27\/como-combinar-cardio-y-entrenamiento-de-fuerza-sin-perder-musculo-segun-un-experto\/#article\",\"isPartOf\":{\"@id\":\"https:\/\/lobosnews.com.ar\/index.php\/2026\/04\/27\/como-combinar-cardio-y-entrenamiento-de-fuerza-sin-perder-musculo-segun-un-experto\/\"},\"author\":{\"name\":\"admin\",\"@id\":\"https:\/\/lobosnews.com.ar\/#\/schema\/person\/232422a593d5c541dd9aef6aaed10943\"},\"headline\":\"C\u00f3mo combinar cardio y entrenamiento de fuerza sin perder m\u00fasculo, seg\u00fan un experto\",\"datePublished\":\"2026-04-27T18:23:25+00:00\",\"dateModified\":\"2026-04-27T20:55:01+00:00\",\"mainEntityOfPage\":{\"@id\":\"https:\/\/lobosnews.com.ar\/index.php\/2026\/04\/27\/como-combinar-cardio-y-entrenamiento-de-fuerza-sin-perder-musculo-segun-un-experto\/\"},\"wordCount\":939,\"commentCount\":0,\"publisher\":{\"@id\":\"https:\/\/lobosnews.com.ar\/#organization\"},\"image\":{\"@id\":\"https:\/\/lobosnews.com.ar\/index.php\/2026\/04\/27\/como-combinar-cardio-y-entrenamiento-de-fuerza-sin-perder-musculo-segun-un-experto\/#primaryimage\"},\"thumbnailUrl\":\"https:\/\/lobosnews.com.ar\/wp-content\/uploads\/2026\/04\/como-combinar-cardio-y-entrenamiento-de-fuerza-sin-perder-musculo-segun-un-experto-6.jpg\",\"articleSection\":[\"Salud\"],\"inLanguage\":\"es\",\"potentialAction\":[{\"@type\":\"CommentAction\",\"name\":\"Comment\",\"target\":[\"https:\/\/lobosnews.com.ar\/index.php\/2026\/04\/27\/como-combinar-cardio-y-entrenamiento-de-fuerza-sin-perder-musculo-segun-un-experto\/#respond\"]}]},{\"@type\":\"WebPage\",\"@id\":\"https:\/\/lobosnews.com.ar\/index.php\/2026\/04\/27\/como-combinar-cardio-y-entrenamiento-de-fuerza-sin-perder-musculo-segun-un-experto\/\",\"url\":\"https:\/\/lobosnews.com.ar\/index.php\/2026\/04\/27\/como-combinar-cardio-y-entrenamiento-de-fuerza-sin-perder-musculo-segun-un-experto\/\",\"name\":\"C\u00f3mo combinar cardio y entrenamiento de fuerza sin perder m\u00fasculo, seg\u00fan un experto - Lobos News\",\"isPartOf\":{\"@id\":\"https:\/\/lobosnews.com.ar\/#website\"},\"primaryImageOfPage\":{\"@id\":\"https:\/\/lobosnews.com.ar\/index.php\/2026\/04\/27\/como-combinar-cardio-y-entrenamiento-de-fuerza-sin-perder-musculo-segun-un-experto\/#primaryimage\"},\"image\":{\"@id\":\"https:\/\/lobosnews.com.ar\/index.php\/2026\/04\/27\/como-combinar-cardio-y-entrenamiento-de-fuerza-sin-perder-musculo-segun-un-experto\/#primaryimage\"},\"thumbnailUrl\":\"https:\/\/lobosnews.com.ar\/wp-content\/uploads\/2026\/04\/como-combinar-cardio-y-entrenamiento-de-fuerza-sin-perder-musculo-segun-un-experto-6.jpg\",\"datePublished\":\"2026-04-27T18:23:25+00:00\",\"dateModified\":\"2026-04-27T20:55:01+00:00\",\"breadcrumb\":{\"@id\":\"https:\/\/lobosnews.com.ar\/index.php\/2026\/04\/27\/como-combinar-cardio-y-entrenamiento-de-fuerza-sin-perder-musculo-segun-un-experto\/#breadcrumb\"},\"inLanguage\":\"es\",\"potentialAction\":[{\"@type\":\"ReadAction\",\"target\":[\"https:\/\/lobosnews.com.ar\/index.php\/2026\/04\/27\/como-combinar-cardio-y-entrenamiento-de-fuerza-sin-perder-musculo-segun-un-experto\/\"]}]},{\"@type\":\"ImageObject\",\"inLanguage\":\"es\",\"@id\":\"https:\/\/lobosnews.com.ar\/index.php\/2026\/04\/27\/como-combinar-cardio-y-entrenamiento-de-fuerza-sin-perder-musculo-segun-un-experto\/#primaryimage\",\"url\":\"https:\/\/lobosnews.com.ar\/wp-content\/uploads\/2026\/04\/como-combinar-cardio-y-entrenamiento-de-fuerza-sin-perder-musculo-segun-un-experto-6.jpg\",\"contentUrl\":\"https:\/\/lobosnews.com.ar\/wp-content\/uploads\/2026\/04\/como-combinar-cardio-y-entrenamiento-de-fuerza-sin-perder-musculo-segun-un-experto-6.jpg\",\"width\":1456,\"height\":816,\"caption\":\"C\u00f3mo combinar cardio y entrenamiento de fuerza sin perder m\u00fasculo, seg\u00fan un experto\"},{\"@type\":\"BreadcrumbList\",\"@id\":\"https:\/\/lobosnews.com.ar\/index.php\/2026\/04\/27\/como-combinar-cardio-y-entrenamiento-de-fuerza-sin-perder-musculo-segun-un-experto\/#breadcrumb\",\"itemListElement\":[{\"@type\":\"ListItem\",\"position\":1,\"name\":\"Portada\",\"item\":\"https:\/\/lobosnews.com.ar\/\"},{\"@type\":\"ListItem\",\"position\":2,\"name\":\"C\u00f3mo combinar cardio y entrenamiento de fuerza sin perder m\u00fasculo, seg\u00fan un experto\"}]},{\"@type\":\"WebSite\",\"@id\":\"https:\/\/lobosnews.com.ar\/#website\",\"url\":\"https:\/\/lobosnews.com.ar\/\",\"name\":\"Lobos News\",\"description\":\"Informaci\u00f3n a cada instante\",\"publisher\":{\"@id\":\"https:\/\/lobosnews.com.ar\/#organization\"},\"potentialAction\":[{\"@type\":\"SearchAction\",\"target\":{\"@type\":\"EntryPoint\",\"urlTemplate\":\"https:\/\/lobosnews.com.ar\/?s={search_term_string}\"},\"query-input\":{\"@type\":\"PropertyValueSpecification\",\"valueRequired\":true,\"valueName\":\"search_term_string\"}}],\"inLanguage\":\"es\"},{\"@type\":\"Organization\",\"@id\":\"https:\/\/lobosnews.com.ar\/#organization\",\"name\":\"Lobos News\",\"url\":\"https:\/\/lobosnews.com.ar\/\",\"logo\":{\"@type\":\"ImageObject\",\"inLanguage\":\"es\",\"@id\":\"https:\/\/lobosnews.com.ar\/#\/schema\/logo\/image\/\",\"url\":\"https:\/\/lobosnews.com.ar\/wp-content\/uploads\/2026\/01\/logo-lobosnews.png\",\"contentUrl\":\"https:\/\/lobosnews.com.ar\/wp-content\/uploads\/2026\/01\/logo-lobosnews.png\",\"width\":500,\"height\":200,\"caption\":\"Lobos News\"},\"image\":{\"@id\":\"https:\/\/lobosnews.com.ar\/#\/schema\/logo\/image\/\"}},{\"@type\":\"Person\",\"@id\":\"https:\/\/lobosnews.com.ar\/#\/schema\/person\/232422a593d5c541dd9aef6aaed10943\",\"name\":\"admin\",\"image\":{\"@type\":\"ImageObject\",\"inLanguage\":\"es\",\"@id\":\"https:\/\/lobosnews.com.ar\/#\/schema\/person\/image\/\",\"url\":\"https:\/\/secure.gravatar.com\/avatar\/76e419471a2083bc3ceab22a763dbbf9b0c1bd15a6214cf3280e2c2dde4580f9?s=96&d=mm&r=g\",\"contentUrl\":\"https:\/\/secure.gravatar.com\/avatar\/76e419471a2083bc3ceab22a763dbbf9b0c1bd15a6214cf3280e2c2dde4580f9?s=96&d=mm&r=g\",\"caption\":\"admin\"},\"sameAs\":[\"https:\/\/lobosnews.com.ar\"],\"url\":\"https:\/\/lobosnews.com.ar\/index.php\/author\/lobos-news\/\"}]}<\/script>\n<!-- \/ Yoast SEO plugin. -->","yoast_head_json":{"title":"C\u00f3mo combinar cardio y entrenamiento de fuerza sin perder m\u00fasculo, seg\u00fan un experto - Lobos News","robots":{"index":"index","follow":"follow","max-snippet":"max-snippet:-1","max-image-preview":"max-image-preview:large","max-video-preview":"max-video-preview:-1"},"canonical":"https:\/\/lobosnews.com.ar\/index.php\/2026\/04\/27\/como-combinar-cardio-y-entrenamiento-de-fuerza-sin-perder-musculo-segun-un-experto\/","og_locale":"es_ES","og_type":"article","og_title":"C\u00f3mo combinar cardio y entrenamiento de fuerza sin perder m\u00fasculo, seg\u00fan un experto - Lobos News","og_description":"La combinaci\u00f3n de cardio y entrenamiento de fuerza ha generado debate entre quienes buscan aumentar masa muscular. El doctor Sebasti\u00e1n La Rosa, m\u00e9dico, profesor universitario y especialista en medicina deportiva, opina sobre si el ejercicio cardiovascular puede obstaculizar el desarrollo muscular. La preocupaci\u00f3n surge entre quienes temen que el cardio afecte negativamente el crecimiento de...","og_url":"https:\/\/lobosnews.com.ar\/index.php\/2026\/04\/27\/como-combinar-cardio-y-entrenamiento-de-fuerza-sin-perder-musculo-segun-un-experto\/","og_site_name":"Lobos News","article_published_time":"2026-04-27T18:23:25+00:00","article_modified_time":"2026-04-27T20:55:01+00:00","og_image":[{"url":"https:\/\/lobosnews.com.ar\/wp-content\/uploads\/2026\/04\/como-combinar-cardio-y-entrenamiento-de-fuerza-sin-perder-musculo-segun-un-experto.jpg","type":"","width":"","height":""}],"author":"admin","twitter_card":"summary_large_image","twitter_misc":{"Escrito por":"admin","Tiempo de lectura":"5 minutos"},"schema":{"@context":"https:\/\/schema.org","@graph":[{"@type":"Article","@id":"https:\/\/lobosnews.com.ar\/index.php\/2026\/04\/27\/como-combinar-cardio-y-entrenamiento-de-fuerza-sin-perder-musculo-segun-un-experto\/#article","isPartOf":{"@id":"https:\/\/lobosnews.com.ar\/index.php\/2026\/04\/27\/como-combinar-cardio-y-entrenamiento-de-fuerza-sin-perder-musculo-segun-un-experto\/"},"author":{"name":"admin","@id":"https:\/\/lobosnews.com.ar\/#\/schema\/person\/232422a593d5c541dd9aef6aaed10943"},"headline":"C\u00f3mo combinar cardio y entrenamiento de fuerza sin perder m\u00fasculo, seg\u00fan un experto","datePublished":"2026-04-27T18:23:25+00:00","dateModified":"2026-04-27T20:55:01+00:00","mainEntityOfPage":{"@id":"https:\/\/lobosnews.com.ar\/index.php\/2026\/04\/27\/como-combinar-cardio-y-entrenamiento-de-fuerza-sin-perder-musculo-segun-un-experto\/"},"wordCount":939,"commentCount":0,"publisher":{"@id":"https:\/\/lobosnews.com.ar\/#organization"},"image":{"@id":"https:\/\/lobosnews.com.ar\/index.php\/2026\/04\/27\/como-combinar-cardio-y-entrenamiento-de-fuerza-sin-perder-musculo-segun-un-experto\/#primaryimage"},"thumbnailUrl":"https:\/\/lobosnews.com.ar\/wp-content\/uploads\/2026\/04\/como-combinar-cardio-y-entrenamiento-de-fuerza-sin-perder-musculo-segun-un-experto-6.jpg","articleSection":["Salud"],"inLanguage":"es","potentialAction":[{"@type":"CommentAction","name":"Comment","target":["https:\/\/lobosnews.com.ar\/index.php\/2026\/04\/27\/como-combinar-cardio-y-entrenamiento-de-fuerza-sin-perder-musculo-segun-un-experto\/#respond"]}]},{"@type":"WebPage","@id":"https:\/\/lobosnews.com.ar\/index.php\/2026\/04\/27\/como-combinar-cardio-y-entrenamiento-de-fuerza-sin-perder-musculo-segun-un-experto\/","url":"https:\/\/lobosnews.com.ar\/index.php\/2026\/04\/27\/como-combinar-cardio-y-entrenamiento-de-fuerza-sin-perder-musculo-segun-un-experto\/","name":"C\u00f3mo combinar cardio y entrenamiento de fuerza sin perder m\u00fasculo, seg\u00fan un experto - Lobos News","isPartOf":{"@id":"https:\/\/lobosnews.com.ar\/#website"},"primaryImageOfPage":{"@id":"https:\/\/lobosnews.com.ar\/index.php\/2026\/04\/27\/como-combinar-cardio-y-entrenamiento-de-fuerza-sin-perder-musculo-segun-un-experto\/#primaryimage"},"image":{"@id":"https:\/\/lobosnews.com.ar\/index.php\/2026\/04\/27\/como-combinar-cardio-y-entrenamiento-de-fuerza-sin-perder-musculo-segun-un-experto\/#primaryimage"},"thumbnailUrl":"https:\/\/lobosnews.com.ar\/wp-content\/uploads\/2026\/04\/como-combinar-cardio-y-entrenamiento-de-fuerza-sin-perder-musculo-segun-un-experto-6.jpg","datePublished":"2026-04-27T18:23:25+00:00","dateModified":"2026-04-27T20:55:01+00:00","breadcrumb":{"@id":"https:\/\/lobosnews.com.ar\/index.php\/2026\/04\/27\/como-combinar-cardio-y-entrenamiento-de-fuerza-sin-perder-musculo-segun-un-experto\/#breadcrumb"},"inLanguage":"es","potentialAction":[{"@type":"ReadAction","target":["https:\/\/lobosnews.com.ar\/index.php\/2026\/04\/27\/como-combinar-cardio-y-entrenamiento-de-fuerza-sin-perder-musculo-segun-un-experto\/"]}]},{"@type":"ImageObject","inLanguage":"es","@id":"https:\/\/lobosnews.com.ar\/index.php\/2026\/04\/27\/como-combinar-cardio-y-entrenamiento-de-fuerza-sin-perder-musculo-segun-un-experto\/#primaryimage","url":"https:\/\/lobosnews.com.ar\/wp-content\/uploads\/2026\/04\/como-combinar-cardio-y-entrenamiento-de-fuerza-sin-perder-musculo-segun-un-experto-6.jpg","contentUrl":"https:\/\/lobosnews.com.ar\/wp-content\/uploads\/2026\/04\/como-combinar-cardio-y-entrenamiento-de-fuerza-sin-perder-musculo-segun-un-experto-6.jpg","width":1456,"height":816,"caption":"C\u00f3mo combinar cardio y entrenamiento de fuerza sin perder m\u00fasculo, seg\u00fan un experto"},{"@type":"BreadcrumbList","@id":"https:\/\/lobosnews.com.ar\/index.php\/2026\/04\/27\/como-combinar-cardio-y-entrenamiento-de-fuerza-sin-perder-musculo-segun-un-experto\/#breadcrumb","itemListElement":[{"@type":"ListItem","position":1,"name":"Portada","item":"https:\/\/lobosnews.com.ar\/"},{"@type":"ListItem","position":2,"name":"C\u00f3mo combinar cardio y entrenamiento de fuerza sin perder m\u00fasculo, seg\u00fan un experto"}]},{"@type":"WebSite","@id":"https:\/\/lobosnews.com.ar\/#website","url":"https:\/\/lobosnews.com.ar\/","name":"Lobos News","description":"Informaci\u00f3n a cada instante","publisher":{"@id":"https:\/\/lobosnews.com.ar\/#organization"},"potentialAction":[{"@type":"SearchAction","target":{"@type":"EntryPoint","urlTemplate":"https:\/\/lobosnews.com.ar\/?s={search_term_string}"},"query-input":{"@type":"PropertyValueSpecification","valueRequired":true,"valueName":"search_term_string"}}],"inLanguage":"es"},{"@type":"Organization","@id":"https:\/\/lobosnews.com.ar\/#organization","name":"Lobos News","url":"https:\/\/lobosnews.com.ar\/","logo":{"@type":"ImageObject","inLanguage":"es","@id":"https:\/\/lobosnews.com.ar\/#\/schema\/logo\/image\/","url":"https:\/\/lobosnews.com.ar\/wp-content\/uploads\/2026\/01\/logo-lobosnews.png","contentUrl":"https:\/\/lobosnews.com.ar\/wp-content\/uploads\/2026\/01\/logo-lobosnews.png","width":500,"height":200,"caption":"Lobos News"},"image":{"@id":"https:\/\/lobosnews.com.ar\/#\/schema\/logo\/image\/"}},{"@type":"Person","@id":"https:\/\/lobosnews.com.ar\/#\/schema\/person\/232422a593d5c541dd9aef6aaed10943","name":"admin","image":{"@type":"ImageObject","inLanguage":"es","@id":"https:\/\/lobosnews.com.ar\/#\/schema\/person\/image\/","url":"https:\/\/secure.gravatar.com\/avatar\/76e419471a2083bc3ceab22a763dbbf9b0c1bd15a6214cf3280e2c2dde4580f9?s=96&d=mm&r=g","contentUrl":"https:\/\/secure.gravatar.com\/avatar\/76e419471a2083bc3ceab22a763dbbf9b0c1bd15a6214cf3280e2c2dde4580f9?s=96&d=mm&r=g","caption":"admin"},"sameAs":["https:\/\/lobosnews.com.ar"],"url":"https:\/\/lobosnews.com.ar\/index.php\/author\/lobos-news\/"}]}},"jetpack_featured_media_url":"https:\/\/lobosnews.com.ar\/wp-content\/uploads\/2026\/04\/como-combinar-cardio-y-entrenamiento-de-fuerza-sin-perder-musculo-segun-un-experto-6.jpg","jetpack_sharing_enabled":true,"_links":{"self":[{"href":"https:\/\/lobosnews.com.ar\/index.php\/wp-json\/wp\/v2\/posts\/46290","targetHints":{"allow":["GET"]}}],"collection":[{"href":"https:\/\/lobosnews.com.ar\/index.php\/wp-json\/wp\/v2\/posts"}],"about":[{"href":"https:\/\/lobosnews.com.ar\/index.php\/wp-json\/wp\/v2\/types\/post"}],"author":[{"embeddable":true,"href":"https:\/\/lobosnews.com.ar\/index.php\/wp-json\/wp\/v2\/users\/1"}],"replies":[{"embeddable":true,"href":"https:\/\/lobosnews.com.ar\/index.php\/wp-json\/wp\/v2\/comments?post=46290"}],"version-history":[{"count":1,"href":"https:\/\/lobosnews.com.ar\/index.php\/wp-json\/wp\/v2\/posts\/46290\/revisions"}],"predecessor-version":[{"id":46295,"href":"https:\/\/lobosnews.com.ar\/index.php\/wp-json\/wp\/v2\/posts\/46290\/revisions\/46295"}],"wp:featuredmedia":[{"embeddable":true,"href":"https:\/\/lobosnews.com.ar\/index.php\/wp-json\/wp\/v2\/media\/46296"}],"wp:attachment":[{"href":"https:\/\/lobosnews.com.ar\/index.php\/wp-json\/wp\/v2\/media?parent=46290"}],"wp:term":[{"taxonomy":"category","embeddable":true,"href":"https:\/\/lobosnews.com.ar\/index.php\/wp-json\/wp\/v2\/categories?post=46290"},{"taxonomy":"post_tag","embeddable":true,"href":"https:\/\/lobosnews.com.ar\/index.php\/wp-json\/wp\/v2\/tags?post=46290"}],"curies":[{"name":"wp","href":"https:\/\/api.w.org\/{rel}","templated":true}]}}