{"id":46266,"date":"2026-04-27T17:55:56","date_gmt":"2026-04-27T17:55:56","guid":{"rendered":"https:\/\/lobosnews.com.ar\/index.php\/2026\/04\/27\/el-tenaz-comentario-de-moria-casan-sobre-el-look-de-susana-gimenez-en-los-premios-martin-fierro-de-la-moda\/"},"modified":"2026-04-27T20:50:59","modified_gmt":"2026-04-27T20:50:59","slug":"el-tenaz-comentario-de-moria-casan-sobre-el-look-de-susana-gimenez-en-los-premios-martin-fierro-de-la-moda","status":"publish","type":"post","link":"https:\/\/lobosnews.com.ar\/index.php\/2026\/04\/27\/el-tenaz-comentario-de-moria-casan-sobre-el-look-de-susana-gimenez-en-los-premios-martin-fierro-de-la-moda\/","title":{"rendered":"El tenaz comentario de Moria Cas\u00e1n sobre el look de Susana Gim\u00e9nez en los premios Mart\u00edn Fierro de la Moda"},"content":{"rendered":"<p><span class=\"waslinkname\">El look de <\/span><span class=\"waslinkname\"><b>Susana Gim\u00e9nez<\/b><\/span> en la \u00faltima edici\u00f3n de los <span class=\"waslinkname\"><b>Mart\u00edn Fierro de la Moda 2026<\/b><\/span> no solo fue uno de los m\u00e1s comentados de la alfombra roja, sino que se convirti\u00f3 en el foco de un intenso an\u00e1lisis en <i><b>La ma\u00f1ana con Moria<\/b><\/i> (El Trece). All\u00ed, <span class=\"waslinkname\"><b>Moria Cas\u00e1n<\/b><\/span><b> <\/b>y un panel de especialistas en moda, tales como <span class=\"waslinkname\"><b>Benito Fern\u00e1ndez<\/b><\/span>, <b>Fabi\u00e1n Paz<\/b> y <b>Gustavo Pucheta<\/b>, pusieron la lupa sobre cada detalle del impactante <i>outfit<\/i> de la diva. <b>El debate, fiel al estilo del ciclo, mezcl\u00f3 elogios, iron\u00edas y cr\u00edticas con la mirada aguda y filosa de <\/b><i><b>La One<\/b><\/i>.<\/p>\n<p>\u201c<b>Cuando la ves de lejos, parecer\u00eda que tuviera una mini y botas, \u00bfno?<\/b>\u201d, lanz\u00f3 Moria al abrir el juego, invitando a los expertos a desmenuzar el look de Susana. El conjunto elegido por la conductora, de impronta de alta costura, gener\u00f3 opiniones divididas: mientras la parte superior fue ampliamente valorada, el resto del outfit despert\u00f3 pol\u00e9mica. \u201c<b>La parte de arriba est\u00e1 incre\u00edble<\/b>, me parece que de la cintura para arriba, incre\u00edble\u201d, sostuvo Moria, marcando el primer consenso en la mesa.<\/p>\n<p>Para la noche de los galardones, Gim\u00e9nez opt\u00f3 por un dise\u00f1o negro corto con un cintur\u00f3n dorado de Dolce &amp; Gabbana, una apuesta fuerte que no pas\u00f3 inadvertida para los analistas. \u201c<b>Para m\u00ed lo que hace es transformar dos conjuntos en uno.<\/b> El m\u00f3dulo superior est\u00e1 muy bien, del m\u00f3dulo inferior para abajo, es pol\u00e9mico\u201d, agregaron los especialistas, abriendo la puerta a un debate que fue creciendo a lo largo del programa.<\/p>\n<p><img loading=\"lazy\" decoding=\"async\" src=\"https:\/\/lobosnews.com.ar\/wp-content\/uploads\/2026\/04\/el-tenaz-comentario-de-moria-casan-sobre-el-look-de-susana-gimenez-en-los-premios-martin-fierro-de-la-moda.jpg\" alt=\"El look que luci\u00f3 Susana Gim\u00e9nez para los galardones (Prensa Telefe)\" height=\"2985\" width=\"1920\"\/><\/p>\n<p>El punto m\u00e1s discutido de la noche fueron los zapatos elegidos por Susana. Moria, sin vueltas, fue la primera en marcar su desacuerdo.\u201c<b>\u00bfQu\u00e9 pas\u00f3 con los zapatitos? Aunque sean Chanel, me dan Mam\u00e1 Cora<\/b>\u201d, dispar\u00f3 con su caracter\u00edstico humor, provocando risas y gestos de sorpresa entre sus compa\u00f1eros. Luego, aclar\u00f3 que el comentario hab\u00eda surgido de la charla con los dise\u00f1adores invitados: \u201cLo dije porque me lo comentaron ustedes\u201d.<\/p>\n<p>A pesar de la cr\u00edtica, Moria baj\u00f3 el tono y reconoci\u00f3 el valor del calzado: \u201cLos zapatos son divinos y es la marca, nada menos, una de las m\u00e1s importantes del mundo\u201d. Desde el panel, los especialistas sumaron su mirada. \u201c<b>Yo le hubiese puesto un zapato de otro color. Negro o un bord\u00f3, algo que vaya m\u00e1s moderna<\/b>\u201d, sugirieron, aunque remarcaron que la elecci\u00f3n de zapatos bajos respond\u00eda a una cuesti\u00f3n de salud, ya que Susana tiene problemas en la cadera y las rodillas.<\/p>\n<p>M\u00e1s all\u00e1 de los detalles puntuales, Cas\u00e1n no dud\u00f3 en destacar la imagen general de su colega. \u201cYo creo que <b>ella lo que necesita mostrar es que est\u00e1 espl\u00e9ndida de figura<\/b>. Est\u00e1 espl\u00e9ndida como nunca de figura, de piel, de pelo. La verdad que est\u00e1 mon\u00edsima\u201d, elogi\u00f3, dejando en claro que, a pesar de las diferencias estil\u00edsticas, el resultado fue m\u00e1s que positivo.<\/p>\n<p>El ida y vuelta entre Moria y Susana, marcado por la tensi\u00f3n y la complicidad de a\u00f1os, tambi\u00e9n fue tema en el programa. La rivalidad y los rumores de malentendidos entre las divas datan de hace tiempo, pero cada vez que surge la oportunidad, ambas insisten en que no hay enojo ni resentimiento real. En marzo pasado, Moria fue consultada por <span class=\"waslinkname\"><b>Mirtha Legrand<\/b><\/span><b> <\/b>en <i>La Noche de Mirtha<\/i> (El Trece) sobre <span class=\"waslinkname\"><b>el supuesto distanciamiento con Gim\u00e9nez<\/b><\/span>. \u201cNo estoy enojada con Susana Gim\u00e9nez, te juro, \u00bfc\u00f3mo voy a estar enojada Ser\u00eda una loca si estoy enojada<b>. Nunca me dio nada para enojarme. Al contrario, yo tengo un humor\u2026<\/b>\u201d, respondi\u00f3 la capoc\u00f3mica.<\/p>\n<p>El di\u00e1logo subi\u00f3 de tono cuando Mirtha comparti\u00f3 una infidencia: \u201cElla cada vez, o cada tanto, no muy seguido, me dice qu\u00e9 le pasa a Moria, por qu\u00e9 est\u00e1 enojada, qu\u00e9 le hice\u201d. Con su estilo inconfundible, Cas\u00e1n desdramatiz\u00f3: \u201c<b>La voy a llamar. No le hice nada, por favor&#8230; Lo que pasa es que me vienen a preguntar por Susana Gim\u00e9nez. Yo soy como una opin\u00f3loga profesional<\/b>\u201d.<\/p>\n<p>As\u00ed, entre risas, gui\u00f1os y an\u00e1lisis de moda, el look de Susana volvi\u00f3 a ser tema nacional y demostr\u00f3 que, m\u00e1s all\u00e1 de los aciertos o controversias, la diva sigue marcando tendencia y generando debate. Su presencia en los Mart\u00edn Fierro de la Moda confirma que, con cada aparici\u00f3n, Susana logra que todos hablen de ella, y que su figura sigue siendo un \u00edcono indiscutido de la elegancia, la pol\u00e9mica y la televisi\u00f3n argentina.<\/p>\n","protected":false},"excerpt":{"rendered":"<p>El look de Susana Gim\u00e9nez en la \u00faltima edici\u00f3n de los Mart\u00edn Fierro de la Moda 2026 no solo fue uno de los m\u00e1s comentados de la alfombra roja, sino que se convirti\u00f3 en el foco de un intenso an\u00e1lisis en La ma\u00f1ana con Moria (El Trece). All\u00ed, Moria Cas\u00e1n y un panel de especialistas&#8230;<\/p>\n","protected":false},"author":1,"featured_media":46269,"comment_status":"open","ping_status":"closed","sticky":false,"template":"","format":"standard","meta":{"_jetpack_memberships_contains_paid_content":false,"footnotes":""},"categories":[79],"tags":[],"class_list":["post-46266","post","type-post","status-publish","format-standard","has-post-thumbnail","hentry","category-cine-y-series"],"magazineBlocksPostFeaturedMedia":{"thumbnail":"https:\/\/lobosnews.com.ar\/wp-content\/uploads\/2026\/04\/el-tenaz-comentario-de-moria-casan-sobre-el-look-de-susana-gimenez-en-los-premios-martin-fierro-de-la-moda-150x150.jpg","medium":"https:\/\/lobosnews.com.ar\/wp-content\/uploads\/2026\/04\/el-tenaz-comentario-de-moria-casan-sobre-el-look-de-susana-gimenez-en-los-premios-martin-fierro-de-la-moda-193x300.jpg","medium_large":"https:\/\/lobosnews.com.ar\/wp-content\/uploads\/2026\/04\/el-tenaz-comentario-de-moria-casan-sobre-el-look-de-susana-gimenez-en-los-premios-martin-fierro-de-la-moda-768x1194.jpg","large":"https:\/\/lobosnews.com.ar\/wp-content\/uploads\/2026\/04\/el-tenaz-comentario-de-moria-casan-sobre-el-look-de-susana-gimenez-en-los-premios-martin-fierro-de-la-moda-659x1024.jpg","1536x1536":"https:\/\/lobosnews.com.ar\/wp-content\/uploads\/2026\/04\/el-tenaz-comentario-de-moria-casan-sobre-el-look-de-susana-gimenez-en-los-premios-martin-fierro-de-la-moda-988x1536.jpg","2048x2048":"https:\/\/lobosnews.com.ar\/wp-content\/uploads\/2026\/04\/el-tenaz-comentario-de-moria-casan-sobre-el-look-de-susana-gimenez-en-los-premios-martin-fierro-de-la-moda-1317x2048.jpg","newsmatic-featured":"https:\/\/lobosnews.com.ar\/wp-content\/uploads\/2026\/04\/el-tenaz-comentario-de-moria-casan-sobre-el-look-de-susana-gimenez-en-los-premios-martin-fierro-de-la-moda-820x545.jpg","newsmatic-list":"https:\/\/lobosnews.com.ar\/wp-content\/uploads\/2026\/04\/el-tenaz-comentario-de-moria-casan-sobre-el-look-de-susana-gimenez-en-los-premios-martin-fierro-de-la-moda-600x400.jpg","newsmatic-thumb":"https:\/\/lobosnews.com.ar\/wp-content\/uploads\/2026\/04\/el-tenaz-comentario-de-moria-casan-sobre-el-look-de-susana-gimenez-en-los-premios-martin-fierro-de-la-moda-300x200.jpg","newsmatic-small":"https:\/\/lobosnews.com.ar\/wp-content\/uploads\/2026\/04\/el-tenaz-comentario-de-moria-casan-sobre-el-look-de-susana-gimenez-en-los-premios-martin-fierro-de-la-moda-150x95.jpg","newsmatic-grid":"https:\/\/lobosnews.com.ar\/wp-content\/uploads\/2026\/04\/el-tenaz-comentario-de-moria-casan-sobre-el-look-de-susana-gimenez-en-los-premios-martin-fierro-de-la-moda-400x250.jpg"},"magazineBlocksPostAuthor":{"name":"admin","avatar":"https:\/\/secure.gravatar.com\/avatar\/76e419471a2083bc3ceab22a763dbbf9b0c1bd15a6214cf3280e2c2dde4580f9?s=96&d=mm&r=g"},"magazineBlocksPostCommentsNumber":"0","magazineBlocksPostExcerpt":"El look de Susana Gim\u00e9nez en la \u00faltima edici\u00f3n de los Mart\u00edn Fierro de la Moda 2026 no solo fue uno de los m\u00e1s comentados de la alfombra roja, sino que se convirti\u00f3 en el foco de un intenso an\u00e1lisis en La ma\u00f1ana con Moria (El Trece). All\u00ed, Moria Cas\u00e1n y un panel de especialistas...","magazineBlocksPostCategories":["Cine y Series"],"magazineBlocksPostViewCount":11,"magazineBlocksPostReadTime":4,"magazine_blocks_featured_image_url":{"full":["https:\/\/lobosnews.com.ar\/wp-content\/uploads\/2026\/04\/el-tenaz-comentario-de-moria-casan-sobre-el-look-de-susana-gimenez-en-los-premios-martin-fierro-de-la-moda-scaled.jpg",1647,2560,false],"medium":["https:\/\/lobosnews.com.ar\/wp-content\/uploads\/2026\/04\/el-tenaz-comentario-de-moria-casan-sobre-el-look-de-susana-gimenez-en-los-premios-martin-fierro-de-la-moda-193x300.jpg",193,300,true],"thumbnail":["https:\/\/lobosnews.com.ar\/wp-content\/uploads\/2026\/04\/el-tenaz-comentario-de-moria-casan-sobre-el-look-de-susana-gimenez-en-los-premios-martin-fierro-de-la-moda-150x150.jpg",150,150,true]},"magazine_blocks_author":{"display_name":"admin","author_link":"https:\/\/lobosnews.com.ar\/index.php\/author\/lobos-news\/"},"magazine_blocks_comment":0,"magazine_blocks_author_image":"https:\/\/secure.gravatar.com\/avatar\/76e419471a2083bc3ceab22a763dbbf9b0c1bd15a6214cf3280e2c2dde4580f9?s=96&d=mm&r=g","magazine_blocks_category":"<a href=\"#\" class=\"category-link category-link-79\">Cine y Series<\/a>","yoast_head":"<!-- This site is optimized with the Yoast SEO plugin v26.6 - https:\/\/yoast.com\/wordpress\/plugins\/seo\/ -->\n<title>El tenaz comentario de Moria Cas\u00e1n sobre el look de Susana Gim\u00e9nez en los premios Mart\u00edn Fierro de la Moda - Lobos News<\/title>\n<meta name=\"robots\" content=\"index, follow, max-snippet:-1, max-image-preview:large, max-video-preview:-1\" \/>\n<link rel=\"canonical\" href=\"https:\/\/lobosnews.com.ar\/index.php\/2026\/04\/27\/el-tenaz-comentario-de-moria-casan-sobre-el-look-de-susana-gimenez-en-los-premios-martin-fierro-de-la-moda\/\" \/>\n<meta property=\"og:locale\" content=\"es_ES\" \/>\n<meta property=\"og:type\" content=\"article\" \/>\n<meta property=\"og:title\" content=\"El tenaz comentario de Moria Cas\u00e1n sobre el look de Susana Gim\u00e9nez en los premios Mart\u00edn Fierro de la Moda - Lobos News\" \/>\n<meta property=\"og:description\" content=\"El look de Susana Gim\u00e9nez en la \u00faltima edici\u00f3n de los Mart\u00edn Fierro de la Moda 2026 no solo fue uno de los m\u00e1s comentados de la alfombra roja, sino que se convirti\u00f3 en el foco de un intenso an\u00e1lisis en La ma\u00f1ana con Moria (El Trece). All\u00ed, Moria Cas\u00e1n y un panel de especialistas...\" \/>\n<meta property=\"og:url\" content=\"https:\/\/lobosnews.com.ar\/index.php\/2026\/04\/27\/el-tenaz-comentario-de-moria-casan-sobre-el-look-de-susana-gimenez-en-los-premios-martin-fierro-de-la-moda\/\" \/>\n<meta property=\"og:site_name\" content=\"Lobos News\" \/>\n<meta property=\"article:published_time\" content=\"2026-04-27T17:55:56+00:00\" \/>\n<meta property=\"article:modified_time\" content=\"2026-04-27T20:50:59+00:00\" \/>\n<meta property=\"og:image\" content=\"https:\/\/lobosnews.com.ar\/wp-content\/uploads\/2026\/04\/el-tenaz-comentario-de-moria-casan-sobre-el-look-de-susana-gimenez-en-los-premios-martin-fierro-de-la-moda.jpg\" \/>\n<meta name=\"author\" content=\"admin\" \/>\n<meta name=\"twitter:card\" content=\"summary_large_image\" \/>\n<meta name=\"twitter:label1\" content=\"Escrito por\" \/>\n\t<meta name=\"twitter:data1\" content=\"admin\" \/>\n\t<meta name=\"twitter:label2\" content=\"Tiempo de lectura\" \/>\n\t<meta name=\"twitter:data2\" content=\"4 minutos\" \/>\n<script type=\"application\/ld+json\" class=\"yoast-schema-graph\">{\"@context\":\"https:\/\/schema.org\",\"@graph\":[{\"@type\":\"Article\",\"@id\":\"https:\/\/lobosnews.com.ar\/index.php\/2026\/04\/27\/el-tenaz-comentario-de-moria-casan-sobre-el-look-de-susana-gimenez-en-los-premios-martin-fierro-de-la-moda\/#article\",\"isPartOf\":{\"@id\":\"https:\/\/lobosnews.com.ar\/index.php\/2026\/04\/27\/el-tenaz-comentario-de-moria-casan-sobre-el-look-de-susana-gimenez-en-los-premios-martin-fierro-de-la-moda\/\"},\"author\":{\"name\":\"admin\",\"@id\":\"https:\/\/lobosnews.com.ar\/#\/schema\/person\/232422a593d5c541dd9aef6aaed10943\"},\"headline\":\"El tenaz comentario de Moria Cas\u00e1n sobre el look de Susana Gim\u00e9nez en los premios Mart\u00edn Fierro de la Moda\",\"datePublished\":\"2026-04-27T17:55:56+00:00\",\"dateModified\":\"2026-04-27T20:50:59+00:00\",\"mainEntityOfPage\":{\"@id\":\"https:\/\/lobosnews.com.ar\/index.php\/2026\/04\/27\/el-tenaz-comentario-de-moria-casan-sobre-el-look-de-susana-gimenez-en-los-premios-martin-fierro-de-la-moda\/\"},\"wordCount\":799,\"commentCount\":0,\"publisher\":{\"@id\":\"https:\/\/lobosnews.com.ar\/#organization\"},\"image\":{\"@id\":\"https:\/\/lobosnews.com.ar\/index.php\/2026\/04\/27\/el-tenaz-comentario-de-moria-casan-sobre-el-look-de-susana-gimenez-en-los-premios-martin-fierro-de-la-moda\/#primaryimage\"},\"thumbnailUrl\":\"https:\/\/lobosnews.com.ar\/wp-content\/uploads\/2026\/04\/el-tenaz-comentario-de-moria-casan-sobre-el-look-de-susana-gimenez-en-los-premios-martin-fierro-de-la-moda-scaled.jpg\",\"articleSection\":[\"Cine y Series\"],\"inLanguage\":\"es\",\"potentialAction\":[{\"@type\":\"CommentAction\",\"name\":\"Comment\",\"target\":[\"https:\/\/lobosnews.com.ar\/index.php\/2026\/04\/27\/el-tenaz-comentario-de-moria-casan-sobre-el-look-de-susana-gimenez-en-los-premios-martin-fierro-de-la-moda\/#respond\"]}]},{\"@type\":\"WebPage\",\"@id\":\"https:\/\/lobosnews.com.ar\/index.php\/2026\/04\/27\/el-tenaz-comentario-de-moria-casan-sobre-el-look-de-susana-gimenez-en-los-premios-martin-fierro-de-la-moda\/\",\"url\":\"https:\/\/lobosnews.com.ar\/index.php\/2026\/04\/27\/el-tenaz-comentario-de-moria-casan-sobre-el-look-de-susana-gimenez-en-los-premios-martin-fierro-de-la-moda\/\",\"name\":\"El tenaz comentario de Moria Cas\u00e1n sobre el look de Susana Gim\u00e9nez en los premios Mart\u00edn Fierro de la Moda - Lobos News\",\"isPartOf\":{\"@id\":\"https:\/\/lobosnews.com.ar\/#website\"},\"primaryImageOfPage\":{\"@id\":\"https:\/\/lobosnews.com.ar\/index.php\/2026\/04\/27\/el-tenaz-comentario-de-moria-casan-sobre-el-look-de-susana-gimenez-en-los-premios-martin-fierro-de-la-moda\/#primaryimage\"},\"image\":{\"@id\":\"https:\/\/lobosnews.com.ar\/index.php\/2026\/04\/27\/el-tenaz-comentario-de-moria-casan-sobre-el-look-de-susana-gimenez-en-los-premios-martin-fierro-de-la-moda\/#primaryimage\"},\"thumbnailUrl\":\"https:\/\/lobosnews.com.ar\/wp-content\/uploads\/2026\/04\/el-tenaz-comentario-de-moria-casan-sobre-el-look-de-susana-gimenez-en-los-premios-martin-fierro-de-la-moda-scaled.jpg\",\"datePublished\":\"2026-04-27T17:55:56+00:00\",\"dateModified\":\"2026-04-27T20:50:59+00:00\",\"breadcrumb\":{\"@id\":\"https:\/\/lobosnews.com.ar\/index.php\/2026\/04\/27\/el-tenaz-comentario-de-moria-casan-sobre-el-look-de-susana-gimenez-en-los-premios-martin-fierro-de-la-moda\/#breadcrumb\"},\"inLanguage\":\"es\",\"potentialAction\":[{\"@type\":\"ReadAction\",\"target\":[\"https:\/\/lobosnews.com.ar\/index.php\/2026\/04\/27\/el-tenaz-comentario-de-moria-casan-sobre-el-look-de-susana-gimenez-en-los-premios-martin-fierro-de-la-moda\/\"]}]},{\"@type\":\"ImageObject\",\"inLanguage\":\"es\",\"@id\":\"https:\/\/lobosnews.com.ar\/index.php\/2026\/04\/27\/el-tenaz-comentario-de-moria-casan-sobre-el-look-de-susana-gimenez-en-los-premios-martin-fierro-de-la-moda\/#primaryimage\",\"url\":\"https:\/\/lobosnews.com.ar\/wp-content\/uploads\/2026\/04\/el-tenaz-comentario-de-moria-casan-sobre-el-look-de-susana-gimenez-en-los-premios-martin-fierro-de-la-moda-scaled.jpg\",\"contentUrl\":\"https:\/\/lobosnews.com.ar\/wp-content\/uploads\/2026\/04\/el-tenaz-comentario-de-moria-casan-sobre-el-look-de-susana-gimenez-en-los-premios-martin-fierro-de-la-moda-scaled.jpg\",\"width\":1647,\"height\":2560,\"caption\":\"El tenaz comentario de Moria Cas\u00e1n sobre el look de Susana Gim\u00e9nez en los premios Mart\u00edn Fierro de la Moda\"},{\"@type\":\"BreadcrumbList\",\"@id\":\"https:\/\/lobosnews.com.ar\/index.php\/2026\/04\/27\/el-tenaz-comentario-de-moria-casan-sobre-el-look-de-susana-gimenez-en-los-premios-martin-fierro-de-la-moda\/#breadcrumb\",\"itemListElement\":[{\"@type\":\"ListItem\",\"position\":1,\"name\":\"Portada\",\"item\":\"https:\/\/lobosnews.com.ar\/\"},{\"@type\":\"ListItem\",\"position\":2,\"name\":\"El tenaz comentario de Moria Cas\u00e1n sobre el look de Susana Gim\u00e9nez en los premios Mart\u00edn Fierro de la Moda\"}]},{\"@type\":\"WebSite\",\"@id\":\"https:\/\/lobosnews.com.ar\/#website\",\"url\":\"https:\/\/lobosnews.com.ar\/\",\"name\":\"Lobos News\",\"description\":\"Informaci\u00f3n a cada instante\",\"publisher\":{\"@id\":\"https:\/\/lobosnews.com.ar\/#organization\"},\"potentialAction\":[{\"@type\":\"SearchAction\",\"target\":{\"@type\":\"EntryPoint\",\"urlTemplate\":\"https:\/\/lobosnews.com.ar\/?s={search_term_string}\"},\"query-input\":{\"@type\":\"PropertyValueSpecification\",\"valueRequired\":true,\"valueName\":\"search_term_string\"}}],\"inLanguage\":\"es\"},{\"@type\":\"Organization\",\"@id\":\"https:\/\/lobosnews.com.ar\/#organization\",\"name\":\"Lobos News\",\"url\":\"https:\/\/lobosnews.com.ar\/\",\"logo\":{\"@type\":\"ImageObject\",\"inLanguage\":\"es\",\"@id\":\"https:\/\/lobosnews.com.ar\/#\/schema\/logo\/image\/\",\"url\":\"https:\/\/lobosnews.com.ar\/wp-content\/uploads\/2026\/01\/logo-lobosnews.png\",\"contentUrl\":\"https:\/\/lobosnews.com.ar\/wp-content\/uploads\/2026\/01\/logo-lobosnews.png\",\"width\":500,\"height\":200,\"caption\":\"Lobos News\"},\"image\":{\"@id\":\"https:\/\/lobosnews.com.ar\/#\/schema\/logo\/image\/\"}},{\"@type\":\"Person\",\"@id\":\"https:\/\/lobosnews.com.ar\/#\/schema\/person\/232422a593d5c541dd9aef6aaed10943\",\"name\":\"admin\",\"image\":{\"@type\":\"ImageObject\",\"inLanguage\":\"es\",\"@id\":\"https:\/\/lobosnews.com.ar\/#\/schema\/person\/image\/\",\"url\":\"https:\/\/secure.gravatar.com\/avatar\/76e419471a2083bc3ceab22a763dbbf9b0c1bd15a6214cf3280e2c2dde4580f9?s=96&d=mm&r=g\",\"contentUrl\":\"https:\/\/secure.gravatar.com\/avatar\/76e419471a2083bc3ceab22a763dbbf9b0c1bd15a6214cf3280e2c2dde4580f9?s=96&d=mm&r=g\",\"caption\":\"admin\"},\"sameAs\":[\"https:\/\/lobosnews.com.ar\"],\"url\":\"https:\/\/lobosnews.com.ar\/index.php\/author\/lobos-news\/\"}]}<\/script>\n<!-- \/ Yoast SEO plugin. -->","yoast_head_json":{"title":"El tenaz comentario de Moria Cas\u00e1n sobre el look de Susana Gim\u00e9nez en los premios Mart\u00edn Fierro de la Moda - Lobos News","robots":{"index":"index","follow":"follow","max-snippet":"max-snippet:-1","max-image-preview":"max-image-preview:large","max-video-preview":"max-video-preview:-1"},"canonical":"https:\/\/lobosnews.com.ar\/index.php\/2026\/04\/27\/el-tenaz-comentario-de-moria-casan-sobre-el-look-de-susana-gimenez-en-los-premios-martin-fierro-de-la-moda\/","og_locale":"es_ES","og_type":"article","og_title":"El tenaz comentario de Moria Cas\u00e1n sobre el look de Susana Gim\u00e9nez en los premios Mart\u00edn Fierro de la Moda - Lobos News","og_description":"El look de Susana Gim\u00e9nez en la \u00faltima edici\u00f3n de los Mart\u00edn Fierro de la Moda 2026 no solo fue uno de los m\u00e1s comentados de la alfombra roja, sino que se convirti\u00f3 en el foco de un intenso an\u00e1lisis en La ma\u00f1ana con Moria (El Trece). All\u00ed, Moria Cas\u00e1n y un panel de especialistas...","og_url":"https:\/\/lobosnews.com.ar\/index.php\/2026\/04\/27\/el-tenaz-comentario-de-moria-casan-sobre-el-look-de-susana-gimenez-en-los-premios-martin-fierro-de-la-moda\/","og_site_name":"Lobos News","article_published_time":"2026-04-27T17:55:56+00:00","article_modified_time":"2026-04-27T20:50:59+00:00","og_image":[{"url":"https:\/\/lobosnews.com.ar\/wp-content\/uploads\/2026\/04\/el-tenaz-comentario-de-moria-casan-sobre-el-look-de-susana-gimenez-en-los-premios-martin-fierro-de-la-moda.jpg","type":"","width":"","height":""}],"author":"admin","twitter_card":"summary_large_image","twitter_misc":{"Escrito por":"admin","Tiempo de lectura":"4 minutos"},"schema":{"@context":"https:\/\/schema.org","@graph":[{"@type":"Article","@id":"https:\/\/lobosnews.com.ar\/index.php\/2026\/04\/27\/el-tenaz-comentario-de-moria-casan-sobre-el-look-de-susana-gimenez-en-los-premios-martin-fierro-de-la-moda\/#article","isPartOf":{"@id":"https:\/\/lobosnews.com.ar\/index.php\/2026\/04\/27\/el-tenaz-comentario-de-moria-casan-sobre-el-look-de-susana-gimenez-en-los-premios-martin-fierro-de-la-moda\/"},"author":{"name":"admin","@id":"https:\/\/lobosnews.com.ar\/#\/schema\/person\/232422a593d5c541dd9aef6aaed10943"},"headline":"El tenaz comentario de Moria Cas\u00e1n sobre el look de Susana Gim\u00e9nez en los premios Mart\u00edn Fierro de la Moda","datePublished":"2026-04-27T17:55:56+00:00","dateModified":"2026-04-27T20:50:59+00:00","mainEntityOfPage":{"@id":"https:\/\/lobosnews.com.ar\/index.php\/2026\/04\/27\/el-tenaz-comentario-de-moria-casan-sobre-el-look-de-susana-gimenez-en-los-premios-martin-fierro-de-la-moda\/"},"wordCount":799,"commentCount":0,"publisher":{"@id":"https:\/\/lobosnews.com.ar\/#organization"},"image":{"@id":"https:\/\/lobosnews.com.ar\/index.php\/2026\/04\/27\/el-tenaz-comentario-de-moria-casan-sobre-el-look-de-susana-gimenez-en-los-premios-martin-fierro-de-la-moda\/#primaryimage"},"thumbnailUrl":"https:\/\/lobosnews.com.ar\/wp-content\/uploads\/2026\/04\/el-tenaz-comentario-de-moria-casan-sobre-el-look-de-susana-gimenez-en-los-premios-martin-fierro-de-la-moda-scaled.jpg","articleSection":["Cine y Series"],"inLanguage":"es","potentialAction":[{"@type":"CommentAction","name":"Comment","target":["https:\/\/lobosnews.com.ar\/index.php\/2026\/04\/27\/el-tenaz-comentario-de-moria-casan-sobre-el-look-de-susana-gimenez-en-los-premios-martin-fierro-de-la-moda\/#respond"]}]},{"@type":"WebPage","@id":"https:\/\/lobosnews.com.ar\/index.php\/2026\/04\/27\/el-tenaz-comentario-de-moria-casan-sobre-el-look-de-susana-gimenez-en-los-premios-martin-fierro-de-la-moda\/","url":"https:\/\/lobosnews.com.ar\/index.php\/2026\/04\/27\/el-tenaz-comentario-de-moria-casan-sobre-el-look-de-susana-gimenez-en-los-premios-martin-fierro-de-la-moda\/","name":"El tenaz comentario de Moria Cas\u00e1n sobre el look de Susana Gim\u00e9nez en los premios Mart\u00edn Fierro de la Moda - Lobos News","isPartOf":{"@id":"https:\/\/lobosnews.com.ar\/#website"},"primaryImageOfPage":{"@id":"https:\/\/lobosnews.com.ar\/index.php\/2026\/04\/27\/el-tenaz-comentario-de-moria-casan-sobre-el-look-de-susana-gimenez-en-los-premios-martin-fierro-de-la-moda\/#primaryimage"},"image":{"@id":"https:\/\/lobosnews.com.ar\/index.php\/2026\/04\/27\/el-tenaz-comentario-de-moria-casan-sobre-el-look-de-susana-gimenez-en-los-premios-martin-fierro-de-la-moda\/#primaryimage"},"thumbnailUrl":"https:\/\/lobosnews.com.ar\/wp-content\/uploads\/2026\/04\/el-tenaz-comentario-de-moria-casan-sobre-el-look-de-susana-gimenez-en-los-premios-martin-fierro-de-la-moda-scaled.jpg","datePublished":"2026-04-27T17:55:56+00:00","dateModified":"2026-04-27T20:50:59+00:00","breadcrumb":{"@id":"https:\/\/lobosnews.com.ar\/index.php\/2026\/04\/27\/el-tenaz-comentario-de-moria-casan-sobre-el-look-de-susana-gimenez-en-los-premios-martin-fierro-de-la-moda\/#breadcrumb"},"inLanguage":"es","potentialAction":[{"@type":"ReadAction","target":["https:\/\/lobosnews.com.ar\/index.php\/2026\/04\/27\/el-tenaz-comentario-de-moria-casan-sobre-el-look-de-susana-gimenez-en-los-premios-martin-fierro-de-la-moda\/"]}]},{"@type":"ImageObject","inLanguage":"es","@id":"https:\/\/lobosnews.com.ar\/index.php\/2026\/04\/27\/el-tenaz-comentario-de-moria-casan-sobre-el-look-de-susana-gimenez-en-los-premios-martin-fierro-de-la-moda\/#primaryimage","url":"https:\/\/lobosnews.com.ar\/wp-content\/uploads\/2026\/04\/el-tenaz-comentario-de-moria-casan-sobre-el-look-de-susana-gimenez-en-los-premios-martin-fierro-de-la-moda-scaled.jpg","contentUrl":"https:\/\/lobosnews.com.ar\/wp-content\/uploads\/2026\/04\/el-tenaz-comentario-de-moria-casan-sobre-el-look-de-susana-gimenez-en-los-premios-martin-fierro-de-la-moda-scaled.jpg","width":1647,"height":2560,"caption":"El tenaz comentario de Moria Cas\u00e1n sobre el look de Susana Gim\u00e9nez en los premios Mart\u00edn Fierro de la Moda"},{"@type":"BreadcrumbList","@id":"https:\/\/lobosnews.com.ar\/index.php\/2026\/04\/27\/el-tenaz-comentario-de-moria-casan-sobre-el-look-de-susana-gimenez-en-los-premios-martin-fierro-de-la-moda\/#breadcrumb","itemListElement":[{"@type":"ListItem","position":1,"name":"Portada","item":"https:\/\/lobosnews.com.ar\/"},{"@type":"ListItem","position":2,"name":"El tenaz comentario de Moria Cas\u00e1n sobre el look de Susana Gim\u00e9nez en los premios Mart\u00edn Fierro de la Moda"}]},{"@type":"WebSite","@id":"https:\/\/lobosnews.com.ar\/#website","url":"https:\/\/lobosnews.com.ar\/","name":"Lobos News","description":"Informaci\u00f3n a cada instante","publisher":{"@id":"https:\/\/lobosnews.com.ar\/#organization"},"potentialAction":[{"@type":"SearchAction","target":{"@type":"EntryPoint","urlTemplate":"https:\/\/lobosnews.com.ar\/?s={search_term_string}"},"query-input":{"@type":"PropertyValueSpecification","valueRequired":true,"valueName":"search_term_string"}}],"inLanguage":"es"},{"@type":"Organization","@id":"https:\/\/lobosnews.com.ar\/#organization","name":"Lobos News","url":"https:\/\/lobosnews.com.ar\/","logo":{"@type":"ImageObject","inLanguage":"es","@id":"https:\/\/lobosnews.com.ar\/#\/schema\/logo\/image\/","url":"https:\/\/lobosnews.com.ar\/wp-content\/uploads\/2026\/01\/logo-lobosnews.png","contentUrl":"https:\/\/lobosnews.com.ar\/wp-content\/uploads\/2026\/01\/logo-lobosnews.png","width":500,"height":200,"caption":"Lobos News"},"image":{"@id":"https:\/\/lobosnews.com.ar\/#\/schema\/logo\/image\/"}},{"@type":"Person","@id":"https:\/\/lobosnews.com.ar\/#\/schema\/person\/232422a593d5c541dd9aef6aaed10943","name":"admin","image":{"@type":"ImageObject","inLanguage":"es","@id":"https:\/\/lobosnews.com.ar\/#\/schema\/person\/image\/","url":"https:\/\/secure.gravatar.com\/avatar\/76e419471a2083bc3ceab22a763dbbf9b0c1bd15a6214cf3280e2c2dde4580f9?s=96&d=mm&r=g","contentUrl":"https:\/\/secure.gravatar.com\/avatar\/76e419471a2083bc3ceab22a763dbbf9b0c1bd15a6214cf3280e2c2dde4580f9?s=96&d=mm&r=g","caption":"admin"},"sameAs":["https:\/\/lobosnews.com.ar"],"url":"https:\/\/lobosnews.com.ar\/index.php\/author\/lobos-news\/"}]}},"jetpack_featured_media_url":"https:\/\/lobosnews.com.ar\/wp-content\/uploads\/2026\/04\/el-tenaz-comentario-de-moria-casan-sobre-el-look-de-susana-gimenez-en-los-premios-martin-fierro-de-la-moda-scaled.jpg","jetpack_sharing_enabled":true,"_links":{"self":[{"href":"https:\/\/lobosnews.com.ar\/index.php\/wp-json\/wp\/v2\/posts\/46266","targetHints":{"allow":["GET"]}}],"collection":[{"href":"https:\/\/lobosnews.com.ar\/index.php\/wp-json\/wp\/v2\/posts"}],"about":[{"href":"https:\/\/lobosnews.com.ar\/index.php\/wp-json\/wp\/v2\/types\/post"}],"author":[{"embeddable":true,"href":"https:\/\/lobosnews.com.ar\/index.php\/wp-json\/wp\/v2\/users\/1"}],"replies":[{"embeddable":true,"href":"https:\/\/lobosnews.com.ar\/index.php\/wp-json\/wp\/v2\/comments?post=46266"}],"version-history":[{"count":1,"href":"https:\/\/lobosnews.com.ar\/index.php\/wp-json\/wp\/v2\/posts\/46266\/revisions"}],"predecessor-version":[{"id":46268,"href":"https:\/\/lobosnews.com.ar\/index.php\/wp-json\/wp\/v2\/posts\/46266\/revisions\/46268"}],"wp:featuredmedia":[{"embeddable":true,"href":"https:\/\/lobosnews.com.ar\/index.php\/wp-json\/wp\/v2\/media\/46269"}],"wp:attachment":[{"href":"https:\/\/lobosnews.com.ar\/index.php\/wp-json\/wp\/v2\/media?parent=46266"}],"wp:term":[{"taxonomy":"category","embeddable":true,"href":"https:\/\/lobosnews.com.ar\/index.php\/wp-json\/wp\/v2\/categories?post=46266"},{"taxonomy":"post_tag","embeddable":true,"href":"https:\/\/lobosnews.com.ar\/index.php\/wp-json\/wp\/v2\/tags?post=46266"}],"curies":[{"name":"wp","href":"https:\/\/api.w.org\/{rel}","templated":true}]}}