{"id":46249,"date":"2026-04-27T18:49:33","date_gmt":"2026-04-27T18:49:33","guid":{"rendered":"https:\/\/lobosnews.com.ar\/index.php\/2026\/04\/27\/fin-de-semana-violento-en-bolivia-tres-personas-fueron-asesinadas-el-domingo-en-santa-cruz\/"},"modified":"2026-04-27T20:35:12","modified_gmt":"2026-04-27T20:35:12","slug":"fin-de-semana-violento-en-bolivia-tres-personas-fueron-asesinadas-el-domingo-en-santa-cruz","status":"publish","type":"post","link":"https:\/\/lobosnews.com.ar\/index.php\/2026\/04\/27\/fin-de-semana-violento-en-bolivia-tres-personas-fueron-asesinadas-el-domingo-en-santa-cruz\/","title":{"rendered":"Fin de semana violento en Bolivia: tres personas fueron asesinadas el domingo en Santa Cruz"},"content":{"rendered":"<p><img loading=\"lazy\" decoding=\"async\" src=\"https:\/\/lobosnews.com.ar\/wp-content\/uploads\/2026\/04\/fin-de-semana-violento-en-bolivia-tres-personas-fueron-asesinadas-el-domingo-en-santa-cruz.jpg\" alt=\"El veh\u00edculo tipo buggie Can-Am del piloto de rally, sucio de barro, se encuentra acordonado en la escena del crimen donde fue asesinado.\" height=\"1080\" width=\"1920\"\/><\/p>\n<p>Tres asesinatos en distintas localidades de Santa Cruz este domingo marcan<b> una jornada atravesada por la violencia.<\/b> Los cr\u00edmenes, que en principio no est\u00e1n vinculados entre s\u00ed, ocurrieron en los municipios de<b> San Mat\u00edas, Puerto Quijarro y Warnes<\/b>. Los tres casos ocurrieron en espacios p\u00fablicos y fueron ejecutados con armas de fuego.<\/p>\n<p>El primer caso ocurri\u00f3 en <b>San Mat\u00edas<\/b>, una localidad fronteriza con Brasil, donde un hombre identificado como <b>Douglas Q.R., de 42 a\u00f1os<\/b> <b>y con antecedentes de narcotr\u00e1fico<\/b>, fue atacado mientras se presenciaba un campeonato de f\u00fatbol en un centro deportivo, seg\u00fan el reporte policial. Los testigos relataron que personas desconocidas se acercaron s\u00fabitamente a la v\u00edctima, le dispararon varias veces y se dieron a la fuga. <\/p>\n<p>El segundo asesinato ocurri\u00f3 en <b>Puerto Quijarro<\/b>, tambi\u00e9n cerca de la frontera con Brasil; un hombre de nacionalidad brasile\u00f1a, identificado como <b>Luiz Antonio P.L., fue abatido con arma de fuego.<\/b> En el ataque, una mujer que lo acompa\u00f1aba result\u00f3 herida y fue trasladada a la localidad de <b>Corumb\u00e1, en Brasil<\/b>, para recibir atenci\u00f3n m\u00e9dica; mientras que el cuerpo de la v\u00edctima fue trasladado a <b>Santa Cruz de la Sierra<\/b> para realizar la autopsia.<\/p>\n<p>El tercer caso ocurri\u00f3 en el municipio de <b>Warnes<\/b>, distante unos 30 kil\u00f3metros de Santa Cruz de la Sierra, cuando <b>el piloto de rally Jos\u00e9 Pedro R., de 28 a\u00f1os, fue asesinado minutos antes de iniciar una competencia<\/b> automovil\u00edstica.<\/p>\n<p><img loading=\"lazy\" decoding=\"async\" src=\"https:\/\/lobosnews.com.ar\/wp-content\/uploads\/2026\/04\/fin-de-semana-violento-en-bolivia-tres-personas-fueron-asesinadas-el-domingo-en-santa-cruz-1.jpg\" alt=\"Imagen referencial de un agente de la Fuerza Especial de Lucha Contra el Crimen en Bolivia (Felcc).\" height=\"1080\" width=\"1920\"\/><\/p>\n<p>Seg\u00fan las personas que se encontraban en el lugar, ubicado justo detr\u00e1s del aeropuerto de Viru Viru, <b>el piloto se dispon\u00eda a ubicarse en la l\u00ednea de salida cuando fue interceptado por una vagoneta<\/b>, de la que baj\u00f3 un hombre con el rostro cubierto que abri\u00f3 fuego contra el joven y luego escap\u00f3.<\/p>\n<p>La v\u00edctima era investigada por <b>v\u00ednculos con el presunto narcotraficante Sebasti\u00e1n Marset, seg\u00fan publicaron algunos medios locales<\/b>. En el ataque, su copiloto result\u00f3 herido y fue trasladado de emergencia a una cl\u00ednica privada. <\/p>\n<p>La Fiscal\u00eda boliviana y agencias especializadas de la Polic\u00eda <b>realizan las investigaciones para identificar a los sicarios y buscan esclarecer las causas de los cr\u00edmenes<\/b>; de momento no hay ning\u00fan detenido por estos hechos. El <b>fiscal general Roger Mariaca<\/b> inform\u00f3 en conferencia de prensa que convoc\u00f3 a varias instituciones a realizar un trabajo coordinado para combatir la expansi\u00f3n de la violencia y desarticular posibles grupos delictivos.<\/p>\n<p>La crimin\u00f3loga y exdirectora del Observatorio de Seguridad Ciudadana, <b>Gabriela Reyes<\/b>, manifest\u00f3 en entrevista con <b>Infobae<\/b> que <b>estos hechos son el resultado de no haber desmantelado la estructura de Sebasti\u00e1n Marset tras su captura el 13 de marzo<\/b>; y dijo que, aunque no est\u00e1n conectados directamente, podr\u00edan ser parte de una pugna entre organizaciones criminales. <\/p>\n<p><img loading=\"lazy\" decoding=\"async\" src=\"https:\/\/lobosnews.com.ar\/wp-content\/uploads\/2026\/04\/fin-de-semana-violento-en-bolivia-tres-personas-fueron-asesinadas-el-domingo-en-santa-cruz-2.jpg\" alt=\"El presunto narcotraficante Sebastian Marset fue detenido el 13 de marzo en Santa Cruz, Bolivia, y entregado a las autoridades de Estados Unidos. (Photo by Handout \/ Secretaria Nacional Antidrogas Paraguay (SENAD) \/ AFP) \/\" height=\"1080\" width=\"1920\"\/><\/p>\n<p>\u201c<b>Estamos viendo las consecuencias de no desarticular la organizaci\u00f3n de Marset. Si bien se lo ha expulsado, la organizaci\u00f3n sigue intacta.<\/b> Los detenidos son eslabones d\u00e9biles y reemplazables, pero las estructuras m\u00e1s importantes est\u00e1n intocables, no hay nadie detenido\u201d, afirm\u00f3. <\/p>\n<p>Seg\u00fan Reyes,<b> esta reconfiguraci\u00f3n dentro del crimen organizado puede escalar en violencia si no hay una respuesta efectiva de parte del Estado <\/b>en el desmantelamiento de las redes de narcotr\u00e1fico. \u201cEs important\u00edsimo tomar el control (\u2026)<b> se podr\u00eda haber tomado acciones para desarticular econ\u00f3micamente a las organizaciones y no lo han hecho<\/b>, los resultados son claros: aumento de la violencia, pugnas y cero detenciones\u201d.<\/p>\n<p>La simultaneidad y el contexto de estos hechos, a poco m\u00e1s de un mes de la ca\u00edda de Marset, plantean <b>interrogantes sobre la capacidad del Estado para combatir organizaciones criminales que se reacomodan con rapidez,<\/b> especialmente en zonas sensibles como las fronteras y los corredores log\u00edsticos de la coca\u00edna. El desaf\u00edo est\u00e1 a la vista.<\/p>\n","protected":false},"excerpt":{"rendered":"<p>Tres asesinatos en distintas localidades de Santa Cruz este domingo marcan una jornada atravesada por la violencia. Los cr\u00edmenes, que en principio no est\u00e1n vinculados entre s\u00ed, ocurrieron en los municipios de San Mat\u00edas, Puerto Quijarro y Warnes. Los tres casos ocurrieron en espacios p\u00fablicos y fueron ejecutados con armas de fuego. El primer caso&#8230;<\/p>\n","protected":false},"author":1,"featured_media":46254,"comment_status":"open","ping_status":"closed","sticky":false,"template":"","format":"standard","meta":{"_jetpack_memberships_contains_paid_content":false,"footnotes":""},"categories":[31],"tags":[],"class_list":["post-46249","post","type-post","status-publish","format-standard","has-post-thumbnail","hentry","category-actualidad"],"magazineBlocksPostFeaturedMedia":{"thumbnail":"https:\/\/lobosnews.com.ar\/wp-content\/uploads\/2026\/04\/fin-de-semana-violento-en-bolivia-tres-personas-fueron-asesinadas-el-domingo-en-santa-cruz-4-150x150.jpg","medium":"https:\/\/lobosnews.com.ar\/wp-content\/uploads\/2026\/04\/fin-de-semana-violento-en-bolivia-tres-personas-fueron-asesinadas-el-domingo-en-santa-cruz-4-300x169.jpg","medium_large":"https:\/\/lobosnews.com.ar\/wp-content\/uploads\/2026\/04\/fin-de-semana-violento-en-bolivia-tres-personas-fueron-asesinadas-el-domingo-en-santa-cruz-4-768x432.jpg","large":"https:\/\/lobosnews.com.ar\/wp-content\/uploads\/2026\/04\/fin-de-semana-violento-en-bolivia-tres-personas-fueron-asesinadas-el-domingo-en-santa-cruz-4-1024x576.jpg","1536x1536":"https:\/\/lobosnews.com.ar\/wp-content\/uploads\/2026\/04\/fin-de-semana-violento-en-bolivia-tres-personas-fueron-asesinadas-el-domingo-en-santa-cruz-4-1536x864.jpg","2048x2048":"https:\/\/lobosnews.com.ar\/wp-content\/uploads\/2026\/04\/fin-de-semana-violento-en-bolivia-tres-personas-fueron-asesinadas-el-domingo-en-santa-cruz-4.jpg","newsmatic-featured":"https:\/\/lobosnews.com.ar\/wp-content\/uploads\/2026\/04\/fin-de-semana-violento-en-bolivia-tres-personas-fueron-asesinadas-el-domingo-en-santa-cruz-4-820x545.jpg","newsmatic-list":"https:\/\/lobosnews.com.ar\/wp-content\/uploads\/2026\/04\/fin-de-semana-violento-en-bolivia-tres-personas-fueron-asesinadas-el-domingo-en-santa-cruz-4-600x400.jpg","newsmatic-thumb":"https:\/\/lobosnews.com.ar\/wp-content\/uploads\/2026\/04\/fin-de-semana-violento-en-bolivia-tres-personas-fueron-asesinadas-el-domingo-en-santa-cruz-4-300x200.jpg","newsmatic-small":"https:\/\/lobosnews.com.ar\/wp-content\/uploads\/2026\/04\/fin-de-semana-violento-en-bolivia-tres-personas-fueron-asesinadas-el-domingo-en-santa-cruz-4-150x95.jpg","newsmatic-grid":"https:\/\/lobosnews.com.ar\/wp-content\/uploads\/2026\/04\/fin-de-semana-violento-en-bolivia-tres-personas-fueron-asesinadas-el-domingo-en-santa-cruz-4-400x250.jpg"},"magazineBlocksPostAuthor":{"name":"admin","avatar":"https:\/\/secure.gravatar.com\/avatar\/76e419471a2083bc3ceab22a763dbbf9b0c1bd15a6214cf3280e2c2dde4580f9?s=96&d=mm&r=g"},"magazineBlocksPostCommentsNumber":"0","magazineBlocksPostExcerpt":"Tres asesinatos en distintas localidades de Santa Cruz este domingo marcan una jornada atravesada por la violencia. Los cr\u00edmenes, que en principio no est\u00e1n vinculados entre s\u00ed, ocurrieron en los municipios de San Mat\u00edas, Puerto Quijarro y Warnes. Los tres casos ocurrieron en espacios p\u00fablicos y fueron ejecutados con armas de fuego. El primer caso...","magazineBlocksPostCategories":["Actualidad"],"magazineBlocksPostViewCount":4,"magazineBlocksPostReadTime":4,"magazine_blocks_featured_image_url":{"full":["https:\/\/lobosnews.com.ar\/wp-content\/uploads\/2026\/04\/fin-de-semana-violento-en-bolivia-tres-personas-fueron-asesinadas-el-domingo-en-santa-cruz-4.jpg",1920,1080,false],"medium":["https:\/\/lobosnews.com.ar\/wp-content\/uploads\/2026\/04\/fin-de-semana-violento-en-bolivia-tres-personas-fueron-asesinadas-el-domingo-en-santa-cruz-4-300x169.jpg",300,169,true],"thumbnail":["https:\/\/lobosnews.com.ar\/wp-content\/uploads\/2026\/04\/fin-de-semana-violento-en-bolivia-tres-personas-fueron-asesinadas-el-domingo-en-santa-cruz-4-150x150.jpg",150,150,true]},"magazine_blocks_author":{"display_name":"admin","author_link":"https:\/\/lobosnews.com.ar\/index.php\/author\/lobos-news\/"},"magazine_blocks_comment":0,"magazine_blocks_author_image":"https:\/\/secure.gravatar.com\/avatar\/76e419471a2083bc3ceab22a763dbbf9b0c1bd15a6214cf3280e2c2dde4580f9?s=96&d=mm&r=g","magazine_blocks_category":"<a href=\"#\" class=\"category-link category-link-31\">Actualidad<\/a>","yoast_head":"<!-- This site is optimized with the Yoast SEO plugin v26.6 - https:\/\/yoast.com\/wordpress\/plugins\/seo\/ -->\n<title>Fin de semana violento en Bolivia: tres personas fueron asesinadas el domingo en Santa Cruz - Lobos News<\/title>\n<meta name=\"robots\" content=\"index, follow, max-snippet:-1, max-image-preview:large, max-video-preview:-1\" \/>\n<link rel=\"canonical\" href=\"https:\/\/lobosnews.com.ar\/index.php\/2026\/04\/27\/fin-de-semana-violento-en-bolivia-tres-personas-fueron-asesinadas-el-domingo-en-santa-cruz\/\" \/>\n<meta property=\"og:locale\" content=\"es_ES\" \/>\n<meta property=\"og:type\" content=\"article\" \/>\n<meta property=\"og:title\" content=\"Fin de semana violento en Bolivia: tres personas fueron asesinadas el domingo en Santa Cruz - Lobos News\" \/>\n<meta property=\"og:description\" content=\"Tres asesinatos en distintas localidades de Santa Cruz este domingo marcan una jornada atravesada por la violencia. Los cr\u00edmenes, que en principio no est\u00e1n vinculados entre s\u00ed, ocurrieron en los municipios de San Mat\u00edas, Puerto Quijarro y Warnes. Los tres casos ocurrieron en espacios p\u00fablicos y fueron ejecutados con armas de fuego. El primer caso...\" \/>\n<meta property=\"og:url\" content=\"https:\/\/lobosnews.com.ar\/index.php\/2026\/04\/27\/fin-de-semana-violento-en-bolivia-tres-personas-fueron-asesinadas-el-domingo-en-santa-cruz\/\" \/>\n<meta property=\"og:site_name\" content=\"Lobos News\" \/>\n<meta property=\"article:published_time\" content=\"2026-04-27T18:49:33+00:00\" \/>\n<meta property=\"article:modified_time\" content=\"2026-04-27T20:35:12+00:00\" \/>\n<meta property=\"og:image\" content=\"https:\/\/lobosnews.com.ar\/wp-content\/uploads\/2026\/04\/fin-de-semana-violento-en-bolivia-tres-personas-fueron-asesinadas-el-domingo-en-santa-cruz.jpg\" \/>\n<meta name=\"author\" content=\"admin\" \/>\n<meta name=\"twitter:card\" content=\"summary_large_image\" \/>\n<meta name=\"twitter:label1\" content=\"Escrito por\" \/>\n\t<meta name=\"twitter:data1\" content=\"admin\" \/>\n\t<meta name=\"twitter:label2\" content=\"Tiempo de lectura\" \/>\n\t<meta name=\"twitter:data2\" content=\"3 minutos\" \/>\n<script type=\"application\/ld+json\" class=\"yoast-schema-graph\">{\"@context\":\"https:\/\/schema.org\",\"@graph\":[{\"@type\":\"Article\",\"@id\":\"https:\/\/lobosnews.com.ar\/index.php\/2026\/04\/27\/fin-de-semana-violento-en-bolivia-tres-personas-fueron-asesinadas-el-domingo-en-santa-cruz\/#article\",\"isPartOf\":{\"@id\":\"https:\/\/lobosnews.com.ar\/index.php\/2026\/04\/27\/fin-de-semana-violento-en-bolivia-tres-personas-fueron-asesinadas-el-domingo-en-santa-cruz\/\"},\"author\":{\"name\":\"admin\",\"@id\":\"https:\/\/lobosnews.com.ar\/#\/schema\/person\/232422a593d5c541dd9aef6aaed10943\"},\"headline\":\"Fin de semana violento en Bolivia: tres personas fueron asesinadas el domingo en Santa Cruz\",\"datePublished\":\"2026-04-27T18:49:33+00:00\",\"dateModified\":\"2026-04-27T20:35:12+00:00\",\"mainEntityOfPage\":{\"@id\":\"https:\/\/lobosnews.com.ar\/index.php\/2026\/04\/27\/fin-de-semana-violento-en-bolivia-tres-personas-fueron-asesinadas-el-domingo-en-santa-cruz\/\"},\"wordCount\":662,\"commentCount\":0,\"publisher\":{\"@id\":\"https:\/\/lobosnews.com.ar\/#organization\"},\"image\":{\"@id\":\"https:\/\/lobosnews.com.ar\/index.php\/2026\/04\/27\/fin-de-semana-violento-en-bolivia-tres-personas-fueron-asesinadas-el-domingo-en-santa-cruz\/#primaryimage\"},\"thumbnailUrl\":\"https:\/\/lobosnews.com.ar\/wp-content\/uploads\/2026\/04\/fin-de-semana-violento-en-bolivia-tres-personas-fueron-asesinadas-el-domingo-en-santa-cruz-4.jpg\",\"articleSection\":[\"Actualidad\"],\"inLanguage\":\"es\",\"potentialAction\":[{\"@type\":\"CommentAction\",\"name\":\"Comment\",\"target\":[\"https:\/\/lobosnews.com.ar\/index.php\/2026\/04\/27\/fin-de-semana-violento-en-bolivia-tres-personas-fueron-asesinadas-el-domingo-en-santa-cruz\/#respond\"]}]},{\"@type\":\"WebPage\",\"@id\":\"https:\/\/lobosnews.com.ar\/index.php\/2026\/04\/27\/fin-de-semana-violento-en-bolivia-tres-personas-fueron-asesinadas-el-domingo-en-santa-cruz\/\",\"url\":\"https:\/\/lobosnews.com.ar\/index.php\/2026\/04\/27\/fin-de-semana-violento-en-bolivia-tres-personas-fueron-asesinadas-el-domingo-en-santa-cruz\/\",\"name\":\"Fin de semana violento en Bolivia: tres personas fueron asesinadas el domingo en Santa Cruz - Lobos News\",\"isPartOf\":{\"@id\":\"https:\/\/lobosnews.com.ar\/#website\"},\"primaryImageOfPage\":{\"@id\":\"https:\/\/lobosnews.com.ar\/index.php\/2026\/04\/27\/fin-de-semana-violento-en-bolivia-tres-personas-fueron-asesinadas-el-domingo-en-santa-cruz\/#primaryimage\"},\"image\":{\"@id\":\"https:\/\/lobosnews.com.ar\/index.php\/2026\/04\/27\/fin-de-semana-violento-en-bolivia-tres-personas-fueron-asesinadas-el-domingo-en-santa-cruz\/#primaryimage\"},\"thumbnailUrl\":\"https:\/\/lobosnews.com.ar\/wp-content\/uploads\/2026\/04\/fin-de-semana-violento-en-bolivia-tres-personas-fueron-asesinadas-el-domingo-en-santa-cruz-4.jpg\",\"datePublished\":\"2026-04-27T18:49:33+00:00\",\"dateModified\":\"2026-04-27T20:35:12+00:00\",\"breadcrumb\":{\"@id\":\"https:\/\/lobosnews.com.ar\/index.php\/2026\/04\/27\/fin-de-semana-violento-en-bolivia-tres-personas-fueron-asesinadas-el-domingo-en-santa-cruz\/#breadcrumb\"},\"inLanguage\":\"es\",\"potentialAction\":[{\"@type\":\"ReadAction\",\"target\":[\"https:\/\/lobosnews.com.ar\/index.php\/2026\/04\/27\/fin-de-semana-violento-en-bolivia-tres-personas-fueron-asesinadas-el-domingo-en-santa-cruz\/\"]}]},{\"@type\":\"ImageObject\",\"inLanguage\":\"es\",\"@id\":\"https:\/\/lobosnews.com.ar\/index.php\/2026\/04\/27\/fin-de-semana-violento-en-bolivia-tres-personas-fueron-asesinadas-el-domingo-en-santa-cruz\/#primaryimage\",\"url\":\"https:\/\/lobosnews.com.ar\/wp-content\/uploads\/2026\/04\/fin-de-semana-violento-en-bolivia-tres-personas-fueron-asesinadas-el-domingo-en-santa-cruz-4.jpg\",\"contentUrl\":\"https:\/\/lobosnews.com.ar\/wp-content\/uploads\/2026\/04\/fin-de-semana-violento-en-bolivia-tres-personas-fueron-asesinadas-el-domingo-en-santa-cruz-4.jpg\",\"width\":1920,\"height\":1080,\"caption\":\"Fin de semana violento en Bolivia: tres personas fueron asesinadas el domingo en Santa Cruz\"},{\"@type\":\"BreadcrumbList\",\"@id\":\"https:\/\/lobosnews.com.ar\/index.php\/2026\/04\/27\/fin-de-semana-violento-en-bolivia-tres-personas-fueron-asesinadas-el-domingo-en-santa-cruz\/#breadcrumb\",\"itemListElement\":[{\"@type\":\"ListItem\",\"position\":1,\"name\":\"Portada\",\"item\":\"https:\/\/lobosnews.com.ar\/\"},{\"@type\":\"ListItem\",\"position\":2,\"name\":\"Fin de semana violento en Bolivia: tres personas fueron asesinadas el domingo en Santa Cruz\"}]},{\"@type\":\"WebSite\",\"@id\":\"https:\/\/lobosnews.com.ar\/#website\",\"url\":\"https:\/\/lobosnews.com.ar\/\",\"name\":\"Lobos News\",\"description\":\"Informaci\u00f3n a cada instante\",\"publisher\":{\"@id\":\"https:\/\/lobosnews.com.ar\/#organization\"},\"potentialAction\":[{\"@type\":\"SearchAction\",\"target\":{\"@type\":\"EntryPoint\",\"urlTemplate\":\"https:\/\/lobosnews.com.ar\/?s={search_term_string}\"},\"query-input\":{\"@type\":\"PropertyValueSpecification\",\"valueRequired\":true,\"valueName\":\"search_term_string\"}}],\"inLanguage\":\"es\"},{\"@type\":\"Organization\",\"@id\":\"https:\/\/lobosnews.com.ar\/#organization\",\"name\":\"Lobos News\",\"url\":\"https:\/\/lobosnews.com.ar\/\",\"logo\":{\"@type\":\"ImageObject\",\"inLanguage\":\"es\",\"@id\":\"https:\/\/lobosnews.com.ar\/#\/schema\/logo\/image\/\",\"url\":\"https:\/\/lobosnews.com.ar\/wp-content\/uploads\/2026\/01\/logo-lobosnews.png\",\"contentUrl\":\"https:\/\/lobosnews.com.ar\/wp-content\/uploads\/2026\/01\/logo-lobosnews.png\",\"width\":500,\"height\":200,\"caption\":\"Lobos News\"},\"image\":{\"@id\":\"https:\/\/lobosnews.com.ar\/#\/schema\/logo\/image\/\"}},{\"@type\":\"Person\",\"@id\":\"https:\/\/lobosnews.com.ar\/#\/schema\/person\/232422a593d5c541dd9aef6aaed10943\",\"name\":\"admin\",\"image\":{\"@type\":\"ImageObject\",\"inLanguage\":\"es\",\"@id\":\"https:\/\/lobosnews.com.ar\/#\/schema\/person\/image\/\",\"url\":\"https:\/\/secure.gravatar.com\/avatar\/76e419471a2083bc3ceab22a763dbbf9b0c1bd15a6214cf3280e2c2dde4580f9?s=96&d=mm&r=g\",\"contentUrl\":\"https:\/\/secure.gravatar.com\/avatar\/76e419471a2083bc3ceab22a763dbbf9b0c1bd15a6214cf3280e2c2dde4580f9?s=96&d=mm&r=g\",\"caption\":\"admin\"},\"sameAs\":[\"https:\/\/lobosnews.com.ar\"],\"url\":\"https:\/\/lobosnews.com.ar\/index.php\/author\/lobos-news\/\"}]}<\/script>\n<!-- \/ Yoast SEO plugin. -->","yoast_head_json":{"title":"Fin de semana violento en Bolivia: tres personas fueron asesinadas el domingo en Santa Cruz - Lobos News","robots":{"index":"index","follow":"follow","max-snippet":"max-snippet:-1","max-image-preview":"max-image-preview:large","max-video-preview":"max-video-preview:-1"},"canonical":"https:\/\/lobosnews.com.ar\/index.php\/2026\/04\/27\/fin-de-semana-violento-en-bolivia-tres-personas-fueron-asesinadas-el-domingo-en-santa-cruz\/","og_locale":"es_ES","og_type":"article","og_title":"Fin de semana violento en Bolivia: tres personas fueron asesinadas el domingo en Santa Cruz - Lobos News","og_description":"Tres asesinatos en distintas localidades de Santa Cruz este domingo marcan una jornada atravesada por la violencia. Los cr\u00edmenes, que en principio no est\u00e1n vinculados entre s\u00ed, ocurrieron en los municipios de San Mat\u00edas, Puerto Quijarro y Warnes. Los tres casos ocurrieron en espacios p\u00fablicos y fueron ejecutados con armas de fuego. El primer caso...","og_url":"https:\/\/lobosnews.com.ar\/index.php\/2026\/04\/27\/fin-de-semana-violento-en-bolivia-tres-personas-fueron-asesinadas-el-domingo-en-santa-cruz\/","og_site_name":"Lobos News","article_published_time":"2026-04-27T18:49:33+00:00","article_modified_time":"2026-04-27T20:35:12+00:00","og_image":[{"url":"https:\/\/lobosnews.com.ar\/wp-content\/uploads\/2026\/04\/fin-de-semana-violento-en-bolivia-tres-personas-fueron-asesinadas-el-domingo-en-santa-cruz.jpg","type":"","width":"","height":""}],"author":"admin","twitter_card":"summary_large_image","twitter_misc":{"Escrito por":"admin","Tiempo de lectura":"3 minutos"},"schema":{"@context":"https:\/\/schema.org","@graph":[{"@type":"Article","@id":"https:\/\/lobosnews.com.ar\/index.php\/2026\/04\/27\/fin-de-semana-violento-en-bolivia-tres-personas-fueron-asesinadas-el-domingo-en-santa-cruz\/#article","isPartOf":{"@id":"https:\/\/lobosnews.com.ar\/index.php\/2026\/04\/27\/fin-de-semana-violento-en-bolivia-tres-personas-fueron-asesinadas-el-domingo-en-santa-cruz\/"},"author":{"name":"admin","@id":"https:\/\/lobosnews.com.ar\/#\/schema\/person\/232422a593d5c541dd9aef6aaed10943"},"headline":"Fin de semana violento en Bolivia: tres personas fueron asesinadas el domingo en Santa Cruz","datePublished":"2026-04-27T18:49:33+00:00","dateModified":"2026-04-27T20:35:12+00:00","mainEntityOfPage":{"@id":"https:\/\/lobosnews.com.ar\/index.php\/2026\/04\/27\/fin-de-semana-violento-en-bolivia-tres-personas-fueron-asesinadas-el-domingo-en-santa-cruz\/"},"wordCount":662,"commentCount":0,"publisher":{"@id":"https:\/\/lobosnews.com.ar\/#organization"},"image":{"@id":"https:\/\/lobosnews.com.ar\/index.php\/2026\/04\/27\/fin-de-semana-violento-en-bolivia-tres-personas-fueron-asesinadas-el-domingo-en-santa-cruz\/#primaryimage"},"thumbnailUrl":"https:\/\/lobosnews.com.ar\/wp-content\/uploads\/2026\/04\/fin-de-semana-violento-en-bolivia-tres-personas-fueron-asesinadas-el-domingo-en-santa-cruz-4.jpg","articleSection":["Actualidad"],"inLanguage":"es","potentialAction":[{"@type":"CommentAction","name":"Comment","target":["https:\/\/lobosnews.com.ar\/index.php\/2026\/04\/27\/fin-de-semana-violento-en-bolivia-tres-personas-fueron-asesinadas-el-domingo-en-santa-cruz\/#respond"]}]},{"@type":"WebPage","@id":"https:\/\/lobosnews.com.ar\/index.php\/2026\/04\/27\/fin-de-semana-violento-en-bolivia-tres-personas-fueron-asesinadas-el-domingo-en-santa-cruz\/","url":"https:\/\/lobosnews.com.ar\/index.php\/2026\/04\/27\/fin-de-semana-violento-en-bolivia-tres-personas-fueron-asesinadas-el-domingo-en-santa-cruz\/","name":"Fin de semana violento en Bolivia: tres personas fueron asesinadas el domingo en Santa Cruz - Lobos News","isPartOf":{"@id":"https:\/\/lobosnews.com.ar\/#website"},"primaryImageOfPage":{"@id":"https:\/\/lobosnews.com.ar\/index.php\/2026\/04\/27\/fin-de-semana-violento-en-bolivia-tres-personas-fueron-asesinadas-el-domingo-en-santa-cruz\/#primaryimage"},"image":{"@id":"https:\/\/lobosnews.com.ar\/index.php\/2026\/04\/27\/fin-de-semana-violento-en-bolivia-tres-personas-fueron-asesinadas-el-domingo-en-santa-cruz\/#primaryimage"},"thumbnailUrl":"https:\/\/lobosnews.com.ar\/wp-content\/uploads\/2026\/04\/fin-de-semana-violento-en-bolivia-tres-personas-fueron-asesinadas-el-domingo-en-santa-cruz-4.jpg","datePublished":"2026-04-27T18:49:33+00:00","dateModified":"2026-04-27T20:35:12+00:00","breadcrumb":{"@id":"https:\/\/lobosnews.com.ar\/index.php\/2026\/04\/27\/fin-de-semana-violento-en-bolivia-tres-personas-fueron-asesinadas-el-domingo-en-santa-cruz\/#breadcrumb"},"inLanguage":"es","potentialAction":[{"@type":"ReadAction","target":["https:\/\/lobosnews.com.ar\/index.php\/2026\/04\/27\/fin-de-semana-violento-en-bolivia-tres-personas-fueron-asesinadas-el-domingo-en-santa-cruz\/"]}]},{"@type":"ImageObject","inLanguage":"es","@id":"https:\/\/lobosnews.com.ar\/index.php\/2026\/04\/27\/fin-de-semana-violento-en-bolivia-tres-personas-fueron-asesinadas-el-domingo-en-santa-cruz\/#primaryimage","url":"https:\/\/lobosnews.com.ar\/wp-content\/uploads\/2026\/04\/fin-de-semana-violento-en-bolivia-tres-personas-fueron-asesinadas-el-domingo-en-santa-cruz-4.jpg","contentUrl":"https:\/\/lobosnews.com.ar\/wp-content\/uploads\/2026\/04\/fin-de-semana-violento-en-bolivia-tres-personas-fueron-asesinadas-el-domingo-en-santa-cruz-4.jpg","width":1920,"height":1080,"caption":"Fin de semana violento en Bolivia: tres personas fueron asesinadas el domingo en Santa Cruz"},{"@type":"BreadcrumbList","@id":"https:\/\/lobosnews.com.ar\/index.php\/2026\/04\/27\/fin-de-semana-violento-en-bolivia-tres-personas-fueron-asesinadas-el-domingo-en-santa-cruz\/#breadcrumb","itemListElement":[{"@type":"ListItem","position":1,"name":"Portada","item":"https:\/\/lobosnews.com.ar\/"},{"@type":"ListItem","position":2,"name":"Fin de semana violento en Bolivia: tres personas fueron asesinadas el domingo en Santa Cruz"}]},{"@type":"WebSite","@id":"https:\/\/lobosnews.com.ar\/#website","url":"https:\/\/lobosnews.com.ar\/","name":"Lobos News","description":"Informaci\u00f3n a cada instante","publisher":{"@id":"https:\/\/lobosnews.com.ar\/#organization"},"potentialAction":[{"@type":"SearchAction","target":{"@type":"EntryPoint","urlTemplate":"https:\/\/lobosnews.com.ar\/?s={search_term_string}"},"query-input":{"@type":"PropertyValueSpecification","valueRequired":true,"valueName":"search_term_string"}}],"inLanguage":"es"},{"@type":"Organization","@id":"https:\/\/lobosnews.com.ar\/#organization","name":"Lobos News","url":"https:\/\/lobosnews.com.ar\/","logo":{"@type":"ImageObject","inLanguage":"es","@id":"https:\/\/lobosnews.com.ar\/#\/schema\/logo\/image\/","url":"https:\/\/lobosnews.com.ar\/wp-content\/uploads\/2026\/01\/logo-lobosnews.png","contentUrl":"https:\/\/lobosnews.com.ar\/wp-content\/uploads\/2026\/01\/logo-lobosnews.png","width":500,"height":200,"caption":"Lobos News"},"image":{"@id":"https:\/\/lobosnews.com.ar\/#\/schema\/logo\/image\/"}},{"@type":"Person","@id":"https:\/\/lobosnews.com.ar\/#\/schema\/person\/232422a593d5c541dd9aef6aaed10943","name":"admin","image":{"@type":"ImageObject","inLanguage":"es","@id":"https:\/\/lobosnews.com.ar\/#\/schema\/person\/image\/","url":"https:\/\/secure.gravatar.com\/avatar\/76e419471a2083bc3ceab22a763dbbf9b0c1bd15a6214cf3280e2c2dde4580f9?s=96&d=mm&r=g","contentUrl":"https:\/\/secure.gravatar.com\/avatar\/76e419471a2083bc3ceab22a763dbbf9b0c1bd15a6214cf3280e2c2dde4580f9?s=96&d=mm&r=g","caption":"admin"},"sameAs":["https:\/\/lobosnews.com.ar"],"url":"https:\/\/lobosnews.com.ar\/index.php\/author\/lobos-news\/"}]}},"jetpack_featured_media_url":"https:\/\/lobosnews.com.ar\/wp-content\/uploads\/2026\/04\/fin-de-semana-violento-en-bolivia-tres-personas-fueron-asesinadas-el-domingo-en-santa-cruz-4.jpg","jetpack_sharing_enabled":true,"_links":{"self":[{"href":"https:\/\/lobosnews.com.ar\/index.php\/wp-json\/wp\/v2\/posts\/46249","targetHints":{"allow":["GET"]}}],"collection":[{"href":"https:\/\/lobosnews.com.ar\/index.php\/wp-json\/wp\/v2\/posts"}],"about":[{"href":"https:\/\/lobosnews.com.ar\/index.php\/wp-json\/wp\/v2\/types\/post"}],"author":[{"embeddable":true,"href":"https:\/\/lobosnews.com.ar\/index.php\/wp-json\/wp\/v2\/users\/1"}],"replies":[{"embeddable":true,"href":"https:\/\/lobosnews.com.ar\/index.php\/wp-json\/wp\/v2\/comments?post=46249"}],"version-history":[{"count":1,"href":"https:\/\/lobosnews.com.ar\/index.php\/wp-json\/wp\/v2\/posts\/46249\/revisions"}],"predecessor-version":[{"id":46253,"href":"https:\/\/lobosnews.com.ar\/index.php\/wp-json\/wp\/v2\/posts\/46249\/revisions\/46253"}],"wp:featuredmedia":[{"embeddable":true,"href":"https:\/\/lobosnews.com.ar\/index.php\/wp-json\/wp\/v2\/media\/46254"}],"wp:attachment":[{"href":"https:\/\/lobosnews.com.ar\/index.php\/wp-json\/wp\/v2\/media?parent=46249"}],"wp:term":[{"taxonomy":"category","embeddable":true,"href":"https:\/\/lobosnews.com.ar\/index.php\/wp-json\/wp\/v2\/categories?post=46249"},{"taxonomy":"post_tag","embeddable":true,"href":"https:\/\/lobosnews.com.ar\/index.php\/wp-json\/wp\/v2\/tags?post=46249"}],"curies":[{"name":"wp","href":"https:\/\/api.w.org\/{rel}","templated":true}]}}