{"id":46231,"date":"2026-04-27T17:53:40","date_gmt":"2026-04-27T17:53:40","guid":{"rendered":"https:\/\/lobosnews.com.ar\/index.php\/2026\/04\/27\/velez-union-y-huracan-argentinos-cierran-la-fecha-16-del-torneo-apertura-hora-tv-y-posibles-formaciones\/"},"modified":"2026-04-27T20:33:05","modified_gmt":"2026-04-27T20:33:05","slug":"velez-union-y-huracan-argentinos-cierran-la-fecha-16-del-torneo-apertura-hora-tv-y-posibles-formaciones","status":"publish","type":"post","link":"https:\/\/lobosnews.com.ar\/index.php\/2026\/04\/27\/velez-union-y-huracan-argentinos-cierran-la-fecha-16-del-torneo-apertura-hora-tv-y-posibles-formaciones\/","title":{"rendered":"V\u00e9lez-Uni\u00f3n y Hurac\u00e1n-Argentinos cierran la fecha 16 del Torneo Apertura: hora, TV y posibles formaciones"},"content":{"rendered":"<p><img loading=\"lazy\" decoding=\"async\" src=\"https:\/\/lobosnews.com.ar\/wp-content\/uploads\/2026\/04\/velez-union-y-huracan-argentinos-cierran-la-fecha-16-del-torneo-apertura-hora-tv-y-posibles-formaciones.jpg\" alt=\"La fecha 16 terminar\u00e1 con dos partidos\" height=\"1080\" width=\"1920\"\/><\/p>\n<p>La ante\u00faltima fecha de la fase inicial del <b>Torneo Apertura<\/b> se cerrar\u00e1 con dos partidos en la jornada del lunes. <b>V\u00e9lez S\u00e1rsfield<\/b> recibir\u00e1 a <b>Uni\u00f3n de Santa Fe<\/b> en Liniers a partir de las 18:45. M\u00e1s tarde, desde las 21:00, <b>Hurac\u00e1n <\/b>y <b>Argentinos Juniors<\/b> bajar\u00e1n el tel\u00f3n de la jornada 16 en un atractivo duelo en Parque Patricios.<\/p>\n<p><b>V\u00c9LEZ VS. UNI\u00d3N DE SANTA FE<\/b><\/p>\n<p><img loading=\"lazy\" decoding=\"async\" src=\"https:\/\/lobosnews.com.ar\/wp-content\/uploads\/2026\/04\/velez-union-y-huracan-argentinos-cierran-la-fecha-16-del-torneo-apertura-hora-tv-y-posibles-formaciones-1.jpg\" alt=\"V\u00e9lez se enfrentar\u00e1 a Uni\u00f3n en Liniers (Fotobaires)\" height=\"3884\" width=\"5548\"\/><\/p>\n<p><!DOCTYPE html><br \/>\n<html><br \/>\n<head><br \/>\n\u00a0\u00a0\u00a0\u00a0<script src=\"https:\/\/secure.widget.cloud.opta.net\/v3\/v3.opta-widgets.js\"><\/script><br \/>\n\u00a0\u00a0\u00a0\u00a0<script>\n\u00a0\u00a0\u00a0\u00a0\u00a0\u00a0\u00a0\u00a0var opta_settings = {\n\u00a0\u00a0\u00a0\u00a0\u00a0\u00a0\u00a0\u00a0\u00a0\u00a0\u00a0\u00a0subscription_id: \"0ce911759cb7a972c7849a33fa0ba29d\",\n\u00a0\u00a0\u00a0\u00a0\u00a0\u00a0\u00a0\u00a0\u00a0\u00a0\u00a0\u00a0language: \"es_CO\",\n\u00a0\u00a0\u00a0\u00a0\u00a0\u00a0\u00a0\u00a0\u00a0\u00a0\u00a0\u00a0timezone: \"user\"\n\u00a0\u00a0\u00a0\u00a0\u00a0\u00a0\u00a0\u00a0};\n\u00a0\u00a0\u00a0\u00a0<\/script><br \/>\n\u00a0\u00a0\u00a0\u00a0<link rel=\"stylesheet\" href=\"https:\/\/secure.widget.cloud.opta.net\/v3\/css\/v3.football.opta-widgets.css\">\n\u00a0\u00a0\u00a0\u00a0<link rel=\"stylesheet\" href=\"https:\/\/secure.widget.cloud.opta.net\/v3\/css\/v3.basketball.opta-widgets.css\">\n\u00a0\u00a0\u00a0\u00a0<script src=\"https:\/\/s3-eu-west-1.amazonaws.com\/widget.cloud.opta.net\/2.0\/js\/widgets.opta.js\"><\/script><br \/>\n\u00a0\u00a0\u00a0\u00a0<script>\n\u00a0\u00a0\u00a0\u00a0\u00a0\u00a0\u00a0\u00a0var _optaParams = {\n\u00a0\u00a0\u00a0\u00a0\u00a0\u00a0\u00a0\u00a0\u00a0\u00a0\u00a0\u00a0custID: \"0ce911759cb7a972c7849a33fa0ba29d\",\n\u00a0\u00a0\u00a0\u00a0\u00a0\u00a0\u00a0\u00a0\u00a0\u00a0\u00a0\u00a0language: \"es_CO\",\n\u00a0\u00a0\u00a0\u00a0\u00a0\u00a0\u00a0\u00a0\u00a0\u00a0\u00a0\u00a0timezone: -3,\n\u00a0\u00a0\u00a0\u00a0\u00a0\u00a0\u00a0\u00a0\u00a0\u00a0\u00a0\u00a0callbacks: [OptaCustomv2AfterInitCallback]\n\u00a0\u00a0\u00a0\u00a0\u00a0\u00a0\u00a0\u00a0};\n\u00a0\u00a0\u00a0\u00a0<\/script><br \/>\n\u00a0\u00a0\u00a0\u00a0<link rel=\"stylesheet\" href=\"https:\/\/s3-eu-west-1.amazonaws.com\/widget.cloud.opta.net\/2.0\/css\/widgets.opta.css\"\n\u00a0\u00a0\u00a0\u00a0\u00a0\u00a0\u00a0\u00a0type=\"text\/css\"><br \/>\n\u00a0\u00a0\u00a0\u00a0<!--[if IE 9]><link rel=\"stylesheet\" type=\"text\/css\" href=\"https:\/\/s3-eu-west-1.amazonaws.com\/widget.cloud.opta.net\/2.0\/css\/ie9.widgets.opta.css\" media=\"screen\"\/><![endif]--><br \/>\n\u00a0\u00a0\u00a0\u00a0<!--[if IE 8]><link rel=\"stylesheet\" type=\"text\/css\" href=\"https:\/\/s3-eu-west-1.amazonaws.com\/widget.cloud.opta.net\/2.0\/css\/ie8.widgets.opta.css\" media=\"screen\"\/><![endif]--><br \/>\n\u00a0\u00a0\u00a0\u00a0<!--[if IE 7]><link rel=\"stylesheet\" type=\"text\/css\" href=\"https:\/\/s3-eu-west-1.amazonaws.com\/widget.cloud.opta.net\/2.0\/css\/ie7.widgets.opta.css\" media=\"screen\"\/><![endif]--><br \/>\n<\/head><br \/>\n<body><opta-widget widget=\"timeline\" competition=\"384\" season=\"2026\" match=\"2613010\" template=\"normal\" live=\"true\" orientation=\"horizontal\" vertical_timebar_height=\"260\" group_substitutions=\"true\" show_match_header=\"true\" show_score=\"true\" show_crests=\"true\" show_assists=\"all\" show_team_formation=\"true\" show_clock=\"true\" show_period_dividers=\"true\" show_halftime_score=\"true\" show_date=\"true\" date_format=\"dddd D MMMM YYYY\" narrow_date_format=\"DD\/MM\/YY\" show_attendance=\"true\" show_images=\"true\" show_referee=\"true\" show_venue=\"true\" show_cards=\"all\" show_goals=\"true\" show_penalties_missed=\"true\" show_subs=\"true\" show_goals_combined=\"true\" show_shootouts=\"true\" show_competition_name=\"true\" competition_naming=\"full\" team_naming=\"full\" player_naming=\"full\" show_live=\"true\" show_logo=\"false\" show_title=\"true\" breakpoints=\"400, 700\" sport=\"football\"><\/opta-widget><\/body><br \/>\n<\/html><\/p>\n<p>El d\u00eda se abrir\u00e1 a las 18:45 en Liniers con el choque entre <b>V\u00e9lez S\u00e1rsfield<\/b> y <b>Uni\u00f3n de Santa Fe<\/b>. Sebasti\u00e1n Mart\u00ednez ser\u00e1 el \u00e1rbitro principal y la televisaci\u00f3n estar\u00e1 a cargo de <i>TNT Sports<\/i>.<\/p>\n<p>El elenco dirigido por <b>Guillermo Barros Schelotto<\/b> buscar\u00e1 mantenerse en los primeros puestos de la zona A y de la cima de la tabla anual, ya que <b>el <\/b><i><b>Fort\u00edn <\/b><\/i><b>suma 24 unidades<\/b> despu\u00e9s de igualar sin goles contra <b>San Lorenzo<\/b>. Antes de cerrar la fase inicial con <b>Newell\u2019s<\/b>, V\u00e9lez afrontar\u00e1 su duelo por la <b>Copa Argentina<\/b> contra <b>Gimnasia y Tiro de Salta<\/b> el jueves 30 de abril desde las 21:15.<\/p>\n<p>Del otro lado, el <i>Tatengue<\/i>, que <b>suma 19 puntos<\/b>,<i> <\/i>llega con la obligaci\u00f3n de sumar puntos para mantenerse dentro de los puestos de clasificaci\u00f3n a los octavos de final del Apertura. Sin embargo, el cuadro de <b>Leonardo Madel\u00f3n<\/b> arrastra dos derrotas al hilo: 2-1 contra <b>Estudiantes <\/b>y 3-2 frente a <b>Newell\u2019s<\/b>. Uni\u00f3n terminar\u00e1 la fase inicial recibiendo a <b>Talleres de C\u00f3rdoba<\/b>. <\/p>\n<p><b>Posibles formaciones<\/b><\/p>\n<p><b>V\u00e9lez<\/b>: \u00c1lvaro Montero; Joaqu\u00edn Garc\u00eda, Emanuel Mammana, Aaron Quir\u00f3s, El\u00edas G\u00f3mez; Tob\u00edas Andrada, Lucas Robertone o Rodrigo Aliendro; Mat\u00edas Pellegrini, Diego Vald\u00e9s, Manuel Lanzini; Flori\u00e1n Monz\u00f3n. <b>DT<\/b>: Guillermo Barros Schelotto.<\/p>\n<p><b>Uni\u00f3n<\/b>: Mat\u00edas Mansilla; Lautaro Vargas, Maizon Rodr\u00edguez, Juan Pablo Ludue\u00f1a, Mateo del Blanco; Juli\u00e1n Palacios, Mauro Pitt\u00f3n, Rafael Profini, Brahian Cuello; Cristian Tarragona, Agust\u00edn Colazo. <b>DT<\/b>: Leonardo Madel\u00f3n.<\/p>\n<p><opta-widget widget=\"matchday_live\" competition=\"384\" season=\"2026\" match=\"2613010\" template=\"normal\" live=\"true\" orientation=\"horizontal\" side=\"both\" show_match_header=\"true\" show_crests=\"true\" show_pitch_crests=\"true\" show_team_formation=\"true\" show_score=\"true\" show_halftime_score=\"true\" show_competition_name=\"true\" show_date=\"true\" date_format=\"dddd D MMMM YYYY\" narrow_date_format=\"DD\/MM\/YY\" show_referee=\"true\" show_venue=\"true\" show_attendance=\"true\" show_images=\"true\" show_pitch_images=\"true\" show_team_sheets=\"true\" show_event_icons=\"true\" show_player_names=\"true\" show_player_stats=\"true\" show_subs=\"all\" competition_naming=\"full\" team_naming=\"full\" player_naming=\"full\" show_live=\"true\" show_logo=\"false\" show_title=\"true\" breakpoints=\"400, 700\" sport=\"football\"><\/opta-widget><\/p>\n<p><b>\u00c1rbitro<\/b>: Sebasti\u00e1n Mart\u00ednez<\/p>\n<p><b>VAR<\/b>: Andr\u00e9s Merlos<\/p>\n<p><b>Estadio<\/b>: Jos\u00e9 Amalfitani<\/p>\n<p><b>Hora<\/b>: 18.45<\/p>\n<p><b>TV<\/b>: TNT Sports<\/p>\n<p><b>HURAC\u00c1N VS. ARGENTINOS JUNIORS<\/b><\/p>\n<p><img loading=\"lazy\" decoding=\"async\" src=\"https:\/\/lobosnews.com.ar\/wp-content\/uploads\/2026\/04\/velez-union-y-huracan-argentinos-cierran-la-fecha-16-del-torneo-apertura-hora-tv-y-posibles-formaciones-2.jpg\" alt=\"Hurac\u00e1n chocar\u00e1 contra Argentinos Juniors en Parque Patricios\" height=\"1080\" width=\"1920\"\/><\/p>\n<p><opta-widget widget=\"timeline\" competition=\"384\" season=\"2026\" match=\"2613016\" template=\"normal\" live=\"true\" orientation=\"horizontal\" vertical_timebar_height=\"260\" group_substitutions=\"true\" show_match_header=\"true\" show_score=\"true\" show_crests=\"true\" show_assists=\"all\" show_team_formation=\"true\" show_clock=\"true\" show_period_dividers=\"true\" show_halftime_score=\"true\" show_date=\"true\" date_format=\"dddd D MMMM YYYY\" narrow_date_format=\"DD\/MM\/YY\" show_attendance=\"true\" show_images=\"true\" show_referee=\"true\" show_venue=\"true\" show_cards=\"all\" show_goals=\"true\" show_penalties_missed=\"true\" show_subs=\"true\" show_goals_combined=\"true\" show_shootouts=\"true\" show_competition_name=\"true\" competition_naming=\"full\" team_naming=\"full\" player_naming=\"full\" show_live=\"true\" show_logo=\"false\" show_title=\"true\" breakpoints=\"400, 700\" sport=\"football\"><\/opta-widget><\/p>\n<p>La fecha 16 del Torneo Apertura se cerrar\u00e1 con un atractivo encuentro entre <b>Hurac\u00e1n <\/b>y <b>Argentinos Juniors<\/b> en Parque Patricios. El duelo, que iniciar\u00e1 a las 21:00, contar\u00e1 con el arbitraje de Ariel Penel y ser\u00e1 televisado por <i>ESPN Premium<\/i>.<\/p>\n<p>El <i>Globo <\/i>est\u00e1 obligado a ganar para mantenerse dentro de los puestos de clasificaci\u00f3n a los playoffs y no sufrir en la \u00faltima jornada, donde deber\u00e1 visitar a <b>Racing <\/b>en el <i>Cilindro de Avellaneda<\/i>. El equipo de <b>Diego Mart\u00ednez tiene 21 unidades<\/b> y empat\u00f3 1-1 contra <b>Tigre <\/b>en su pasada presentaci\u00f3n.<\/p>\n<p>Por su parte, el <i>Bicho <\/i>de La Paternal ya est\u00e1 <b>clasificado a los octavos con 26 puntos<\/b>, aunque precisa de una victoria para mantenerse en los primeros puestos de la tabla anual. El elenco de <b>Nicol\u00e1s Diez<\/b> viene de imponerse por 1-0 sobre <b>Atl\u00e9tico Tucum\u00e1n<\/b> y bajar\u00e1 el tel\u00f3n de la fase inicial contra <b>Gimnasia <\/b>en La Plata.<\/p>\n<p><b>Posibles formaciones<\/b><\/p>\n<p><b>Hurac\u00e1n<\/b>: Hern\u00e1n Gal\u00edndez; Lucas Blondel, Fabio Pereyra, M\u00e1ximo Palazzo, C\u00e9sar Ib\u00e1\u00f1ez; Facundo Waller, Lucas Carrizo; Juan Bisanz, Leonardo Gil, \u00d3scar Cort\u00e9s; Jordy Caicedo. <b>DT<\/b>: Diego Mart\u00ednez.<\/p>\n<p><b>Argentinos Juniors<\/b>: Brayan Cort\u00e9s; Kevin Coronel o Leandro Lozano, Francisco \u00c1lvarez, Rom\u00e1n Riquelme y Sebasti\u00e1n Prieto; Alan Lescano, Federico Fattori y Nicol\u00e1s Oroz; Facundo Jainikoski, Iv\u00e1n Morales y Tom\u00e1s Molina. <b>DT<\/b>: Nicol\u00e1s Diez.<\/p>\n<p><opta-widget widget=\"matchday_live\" competition=\"384\" season=\"2026\" match=\"2613016\" template=\"normal\" live=\"true\" orientation=\"horizontal\" side=\"both\" show_match_header=\"true\" show_crests=\"true\" show_pitch_crests=\"true\" show_team_formation=\"true\" show_score=\"true\" show_halftime_score=\"true\" show_competition_name=\"true\" show_date=\"true\" date_format=\"dddd D MMMM YYYY\" narrow_date_format=\"DD\/MM\/YY\" show_referee=\"true\" show_venue=\"true\" show_attendance=\"true\" show_images=\"true\" show_pitch_images=\"true\" show_team_sheets=\"true\" show_event_icons=\"true\" show_player_names=\"true\" show_player_stats=\"true\" show_subs=\"all\" competition_naming=\"full\" team_naming=\"full\" player_naming=\"full\" show_live=\"true\" show_logo=\"false\" show_title=\"true\" breakpoints=\"400, 700\" sport=\"football\"><\/opta-widget><\/p>\n<p><b>\u00c1rbitro<\/b>: Ariel Penel<\/p>\n<p><b>VAR<\/b>: Lucas Cavallero<\/p>\n<p><b>Estadio<\/b>: Tom\u00e1s Adolfo Duc\u00f3<\/p>\n<p><b>Hora<\/b>: 21.00<\/p>\n<p><b>TV<\/b>: ESPN Premium<\/p>\n<p><b>POSICIONES DEL TORNEO APERTURA Y DE LA TABLA ANUAL<\/b><\/p>\n","protected":false},"excerpt":{"rendered":"<p>La ante\u00faltima fecha de la fase inicial del Torneo Apertura se cerrar\u00e1 con dos partidos en la jornada del lunes. V\u00e9lez S\u00e1rsfield recibir\u00e1 a Uni\u00f3n de Santa Fe en Liniers a partir de las 18:45. M\u00e1s tarde, desde las 21:00, Hurac\u00e1n y Argentinos Juniors bajar\u00e1n el tel\u00f3n de la jornada 16 en un atractivo duelo&#8230;<\/p>\n","protected":false},"author":1,"featured_media":0,"comment_status":"open","ping_status":"closed","sticky":false,"template":"","format":"standard","meta":{"_jetpack_memberships_contains_paid_content":false,"footnotes":""},"categories":[30],"tags":[39],"class_list":["post-46231","post","type-post","status-publish","format-standard","hentry","category-argentina","tag-deportes"],"magazineBlocksPostFeaturedMedia":{"thumbnail":false,"medium":false,"medium_large":false,"large":false,"1536x1536":false,"2048x2048":false,"newsmatic-featured":false,"newsmatic-list":false,"newsmatic-thumb":false,"newsmatic-small":false,"newsmatic-grid":false},"magazineBlocksPostAuthor":{"name":"admin","avatar":"https:\/\/secure.gravatar.com\/avatar\/76e419471a2083bc3ceab22a763dbbf9b0c1bd15a6214cf3280e2c2dde4580f9?s=96&d=mm&r=g"},"magazineBlocksPostCommentsNumber":"0","magazineBlocksPostExcerpt":"La ante\u00faltima fecha de la fase inicial del Torneo Apertura se cerrar\u00e1 con dos partidos en la jornada del lunes. V\u00e9lez S\u00e1rsfield recibir\u00e1 a Uni\u00f3n de Santa Fe en Liniers a partir de las 18:45. M\u00e1s tarde, desde las 21:00, Hurac\u00e1n y Argentinos Juniors bajar\u00e1n el tel\u00f3n de la jornada 16 en un atractivo duelo...","magazineBlocksPostCategories":["Argentina"],"magazineBlocksPostViewCount":8,"magazineBlocksPostReadTime":4,"magazine_blocks_featured_image_url":{"full":false,"medium":false,"thumbnail":false},"magazine_blocks_author":{"display_name":"admin","author_link":"https:\/\/lobosnews.com.ar\/index.php\/author\/lobos-news\/"},"magazine_blocks_comment":0,"magazine_blocks_author_image":"https:\/\/secure.gravatar.com\/avatar\/76e419471a2083bc3ceab22a763dbbf9b0c1bd15a6214cf3280e2c2dde4580f9?s=96&d=mm&r=g","magazine_blocks_category":"<a href=\"#\" class=\"category-link category-link-30\">Argentina<\/a>","yoast_head":"<!-- This site is optimized with the Yoast SEO plugin v26.6 - https:\/\/yoast.com\/wordpress\/plugins\/seo\/ -->\n<title>V\u00e9lez-Uni\u00f3n y Hurac\u00e1n-Argentinos cierran la fecha 16 del Torneo Apertura: hora, TV y posibles formaciones - Lobos News<\/title>\n<meta name=\"robots\" content=\"index, follow, max-snippet:-1, max-image-preview:large, max-video-preview:-1\" \/>\n<link rel=\"canonical\" href=\"https:\/\/lobosnews.com.ar\/index.php\/2026\/04\/27\/velez-union-y-huracan-argentinos-cierran-la-fecha-16-del-torneo-apertura-hora-tv-y-posibles-formaciones\/\" \/>\n<meta property=\"og:locale\" content=\"es_ES\" \/>\n<meta property=\"og:type\" content=\"article\" \/>\n<meta property=\"og:title\" content=\"V\u00e9lez-Uni\u00f3n y Hurac\u00e1n-Argentinos cierran la fecha 16 del Torneo Apertura: hora, TV y posibles formaciones - Lobos News\" \/>\n<meta property=\"og:description\" content=\"La ante\u00faltima fecha de la fase inicial del Torneo Apertura se cerrar\u00e1 con dos partidos en la jornada del lunes. V\u00e9lez S\u00e1rsfield recibir\u00e1 a Uni\u00f3n de Santa Fe en Liniers a partir de las 18:45. M\u00e1s tarde, desde las 21:00, Hurac\u00e1n y Argentinos Juniors bajar\u00e1n el tel\u00f3n de la jornada 16 en un atractivo duelo...\" \/>\n<meta property=\"og:url\" content=\"https:\/\/lobosnews.com.ar\/index.php\/2026\/04\/27\/velez-union-y-huracan-argentinos-cierran-la-fecha-16-del-torneo-apertura-hora-tv-y-posibles-formaciones\/\" \/>\n<meta property=\"og:site_name\" content=\"Lobos News\" \/>\n<meta property=\"article:published_time\" content=\"2026-04-27T17:53:40+00:00\" \/>\n<meta property=\"article:modified_time\" content=\"2026-04-27T20:33:05+00:00\" \/>\n<meta property=\"og:image\" content=\"https:\/\/lobosnews.com.ar\/wp-content\/uploads\/2026\/04\/velez-union-y-huracan-argentinos-cierran-la-fecha-16-del-torneo-apertura-hora-tv-y-posibles-formaciones.jpg\" \/>\n<meta name=\"author\" content=\"admin\" \/>\n<meta name=\"twitter:card\" content=\"summary_large_image\" \/>\n<meta name=\"twitter:label1\" content=\"Escrito por\" \/>\n\t<meta name=\"twitter:data1\" content=\"admin\" \/>\n\t<meta name=\"twitter:label2\" content=\"Tiempo de lectura\" \/>\n\t<meta name=\"twitter:data2\" content=\"3 minutos\" \/>\n<script type=\"application\/ld+json\" class=\"yoast-schema-graph\">{\"@context\":\"https:\/\/schema.org\",\"@graph\":[{\"@type\":\"Article\",\"@id\":\"https:\/\/lobosnews.com.ar\/index.php\/2026\/04\/27\/velez-union-y-huracan-argentinos-cierran-la-fecha-16-del-torneo-apertura-hora-tv-y-posibles-formaciones\/#article\",\"isPartOf\":{\"@id\":\"https:\/\/lobosnews.com.ar\/index.php\/2026\/04\/27\/velez-union-y-huracan-argentinos-cierran-la-fecha-16-del-torneo-apertura-hora-tv-y-posibles-formaciones\/\"},\"author\":{\"name\":\"admin\",\"@id\":\"https:\/\/lobosnews.com.ar\/#\/schema\/person\/232422a593d5c541dd9aef6aaed10943\"},\"headline\":\"V\u00e9lez-Uni\u00f3n y Hurac\u00e1n-Argentinos cierran la fecha 16 del Torneo Apertura: hora, TV y posibles formaciones\",\"datePublished\":\"2026-04-27T17:53:40+00:00\",\"dateModified\":\"2026-04-27T20:33:05+00:00\",\"mainEntityOfPage\":{\"@id\":\"https:\/\/lobosnews.com.ar\/index.php\/2026\/04\/27\/velez-union-y-huracan-argentinos-cierran-la-fecha-16-del-torneo-apertura-hora-tv-y-posibles-formaciones\/\"},\"wordCount\":619,\"commentCount\":0,\"publisher\":{\"@id\":\"https:\/\/lobosnews.com.ar\/#organization\"},\"image\":{\"@id\":\"https:\/\/lobosnews.com.ar\/index.php\/2026\/04\/27\/velez-union-y-huracan-argentinos-cierran-la-fecha-16-del-torneo-apertura-hora-tv-y-posibles-formaciones\/#primaryimage\"},\"thumbnailUrl\":\"https:\/\/lobosnews.com.ar\/wp-content\/uploads\/2026\/04\/velez-union-y-huracan-argentinos-cierran-la-fecha-16-del-torneo-apertura-hora-tv-y-posibles-formaciones.jpg\",\"keywords\":[\"Deportes\"],\"articleSection\":[\"Argentina\"],\"inLanguage\":\"es\",\"potentialAction\":[{\"@type\":\"CommentAction\",\"name\":\"Comment\",\"target\":[\"https:\/\/lobosnews.com.ar\/index.php\/2026\/04\/27\/velez-union-y-huracan-argentinos-cierran-la-fecha-16-del-torneo-apertura-hora-tv-y-posibles-formaciones\/#respond\"]}]},{\"@type\":\"WebPage\",\"@id\":\"https:\/\/lobosnews.com.ar\/index.php\/2026\/04\/27\/velez-union-y-huracan-argentinos-cierran-la-fecha-16-del-torneo-apertura-hora-tv-y-posibles-formaciones\/\",\"url\":\"https:\/\/lobosnews.com.ar\/index.php\/2026\/04\/27\/velez-union-y-huracan-argentinos-cierran-la-fecha-16-del-torneo-apertura-hora-tv-y-posibles-formaciones\/\",\"name\":\"V\u00e9lez-Uni\u00f3n y Hurac\u00e1n-Argentinos cierran la fecha 16 del Torneo Apertura: hora, TV y posibles formaciones - Lobos News\",\"isPartOf\":{\"@id\":\"https:\/\/lobosnews.com.ar\/#website\"},\"primaryImageOfPage\":{\"@id\":\"https:\/\/lobosnews.com.ar\/index.php\/2026\/04\/27\/velez-union-y-huracan-argentinos-cierran-la-fecha-16-del-torneo-apertura-hora-tv-y-posibles-formaciones\/#primaryimage\"},\"image\":{\"@id\":\"https:\/\/lobosnews.com.ar\/index.php\/2026\/04\/27\/velez-union-y-huracan-argentinos-cierran-la-fecha-16-del-torneo-apertura-hora-tv-y-posibles-formaciones\/#primaryimage\"},\"thumbnailUrl\":\"https:\/\/lobosnews.com.ar\/wp-content\/uploads\/2026\/04\/velez-union-y-huracan-argentinos-cierran-la-fecha-16-del-torneo-apertura-hora-tv-y-posibles-formaciones.jpg\",\"datePublished\":\"2026-04-27T17:53:40+00:00\",\"dateModified\":\"2026-04-27T20:33:05+00:00\",\"breadcrumb\":{\"@id\":\"https:\/\/lobosnews.com.ar\/index.php\/2026\/04\/27\/velez-union-y-huracan-argentinos-cierran-la-fecha-16-del-torneo-apertura-hora-tv-y-posibles-formaciones\/#breadcrumb\"},\"inLanguage\":\"es\",\"potentialAction\":[{\"@type\":\"ReadAction\",\"target\":[\"https:\/\/lobosnews.com.ar\/index.php\/2026\/04\/27\/velez-union-y-huracan-argentinos-cierran-la-fecha-16-del-torneo-apertura-hora-tv-y-posibles-formaciones\/\"]}]},{\"@type\":\"ImageObject\",\"inLanguage\":\"es\",\"@id\":\"https:\/\/lobosnews.com.ar\/index.php\/2026\/04\/27\/velez-union-y-huracan-argentinos-cierran-la-fecha-16-del-torneo-apertura-hora-tv-y-posibles-formaciones\/#primaryimage\",\"url\":\"https:\/\/lobosnews.com.ar\/wp-content\/uploads\/2026\/04\/velez-union-y-huracan-argentinos-cierran-la-fecha-16-del-torneo-apertura-hora-tv-y-posibles-formaciones.jpg\",\"contentUrl\":\"https:\/\/lobosnews.com.ar\/wp-content\/uploads\/2026\/04\/velez-union-y-huracan-argentinos-cierran-la-fecha-16-del-torneo-apertura-hora-tv-y-posibles-formaciones.jpg\"},{\"@type\":\"BreadcrumbList\",\"@id\":\"https:\/\/lobosnews.com.ar\/index.php\/2026\/04\/27\/velez-union-y-huracan-argentinos-cierran-la-fecha-16-del-torneo-apertura-hora-tv-y-posibles-formaciones\/#breadcrumb\",\"itemListElement\":[{\"@type\":\"ListItem\",\"position\":1,\"name\":\"Portada\",\"item\":\"https:\/\/lobosnews.com.ar\/\"},{\"@type\":\"ListItem\",\"position\":2,\"name\":\"V\u00e9lez-Uni\u00f3n y Hurac\u00e1n-Argentinos cierran la fecha 16 del Torneo Apertura: hora, TV y posibles formaciones\"}]},{\"@type\":\"WebSite\",\"@id\":\"https:\/\/lobosnews.com.ar\/#website\",\"url\":\"https:\/\/lobosnews.com.ar\/\",\"name\":\"Lobos News\",\"description\":\"Informaci\u00f3n a cada instante\",\"publisher\":{\"@id\":\"https:\/\/lobosnews.com.ar\/#organization\"},\"potentialAction\":[{\"@type\":\"SearchAction\",\"target\":{\"@type\":\"EntryPoint\",\"urlTemplate\":\"https:\/\/lobosnews.com.ar\/?s={search_term_string}\"},\"query-input\":{\"@type\":\"PropertyValueSpecification\",\"valueRequired\":true,\"valueName\":\"search_term_string\"}}],\"inLanguage\":\"es\"},{\"@type\":\"Organization\",\"@id\":\"https:\/\/lobosnews.com.ar\/#organization\",\"name\":\"Lobos News\",\"url\":\"https:\/\/lobosnews.com.ar\/\",\"logo\":{\"@type\":\"ImageObject\",\"inLanguage\":\"es\",\"@id\":\"https:\/\/lobosnews.com.ar\/#\/schema\/logo\/image\/\",\"url\":\"https:\/\/lobosnews.com.ar\/wp-content\/uploads\/2026\/01\/logo-lobosnews.png\",\"contentUrl\":\"https:\/\/lobosnews.com.ar\/wp-content\/uploads\/2026\/01\/logo-lobosnews.png\",\"width\":500,\"height\":200,\"caption\":\"Lobos News\"},\"image\":{\"@id\":\"https:\/\/lobosnews.com.ar\/#\/schema\/logo\/image\/\"}},{\"@type\":\"Person\",\"@id\":\"https:\/\/lobosnews.com.ar\/#\/schema\/person\/232422a593d5c541dd9aef6aaed10943\",\"name\":\"admin\",\"image\":{\"@type\":\"ImageObject\",\"inLanguage\":\"es\",\"@id\":\"https:\/\/lobosnews.com.ar\/#\/schema\/person\/image\/\",\"url\":\"https:\/\/secure.gravatar.com\/avatar\/76e419471a2083bc3ceab22a763dbbf9b0c1bd15a6214cf3280e2c2dde4580f9?s=96&d=mm&r=g\",\"contentUrl\":\"https:\/\/secure.gravatar.com\/avatar\/76e419471a2083bc3ceab22a763dbbf9b0c1bd15a6214cf3280e2c2dde4580f9?s=96&d=mm&r=g\",\"caption\":\"admin\"},\"sameAs\":[\"https:\/\/lobosnews.com.ar\"],\"url\":\"https:\/\/lobosnews.com.ar\/index.php\/author\/lobos-news\/\"}]}<\/script>\n<!-- \/ Yoast SEO plugin. -->","yoast_head_json":{"title":"V\u00e9lez-Uni\u00f3n y Hurac\u00e1n-Argentinos cierran la fecha 16 del Torneo Apertura: hora, TV y posibles formaciones - Lobos News","robots":{"index":"index","follow":"follow","max-snippet":"max-snippet:-1","max-image-preview":"max-image-preview:large","max-video-preview":"max-video-preview:-1"},"canonical":"https:\/\/lobosnews.com.ar\/index.php\/2026\/04\/27\/velez-union-y-huracan-argentinos-cierran-la-fecha-16-del-torneo-apertura-hora-tv-y-posibles-formaciones\/","og_locale":"es_ES","og_type":"article","og_title":"V\u00e9lez-Uni\u00f3n y Hurac\u00e1n-Argentinos cierran la fecha 16 del Torneo Apertura: hora, TV y posibles formaciones - Lobos News","og_description":"La ante\u00faltima fecha de la fase inicial del Torneo Apertura se cerrar\u00e1 con dos partidos en la jornada del lunes. V\u00e9lez S\u00e1rsfield recibir\u00e1 a Uni\u00f3n de Santa Fe en Liniers a partir de las 18:45. M\u00e1s tarde, desde las 21:00, Hurac\u00e1n y Argentinos Juniors bajar\u00e1n el tel\u00f3n de la jornada 16 en un atractivo duelo...","og_url":"https:\/\/lobosnews.com.ar\/index.php\/2026\/04\/27\/velez-union-y-huracan-argentinos-cierran-la-fecha-16-del-torneo-apertura-hora-tv-y-posibles-formaciones\/","og_site_name":"Lobos News","article_published_time":"2026-04-27T17:53:40+00:00","article_modified_time":"2026-04-27T20:33:05+00:00","og_image":[{"url":"https:\/\/lobosnews.com.ar\/wp-content\/uploads\/2026\/04\/velez-union-y-huracan-argentinos-cierran-la-fecha-16-del-torneo-apertura-hora-tv-y-posibles-formaciones.jpg","type":"","width":"","height":""}],"author":"admin","twitter_card":"summary_large_image","twitter_misc":{"Escrito por":"admin","Tiempo de lectura":"3 minutos"},"schema":{"@context":"https:\/\/schema.org","@graph":[{"@type":"Article","@id":"https:\/\/lobosnews.com.ar\/index.php\/2026\/04\/27\/velez-union-y-huracan-argentinos-cierran-la-fecha-16-del-torneo-apertura-hora-tv-y-posibles-formaciones\/#article","isPartOf":{"@id":"https:\/\/lobosnews.com.ar\/index.php\/2026\/04\/27\/velez-union-y-huracan-argentinos-cierran-la-fecha-16-del-torneo-apertura-hora-tv-y-posibles-formaciones\/"},"author":{"name":"admin","@id":"https:\/\/lobosnews.com.ar\/#\/schema\/person\/232422a593d5c541dd9aef6aaed10943"},"headline":"V\u00e9lez-Uni\u00f3n y Hurac\u00e1n-Argentinos cierran la fecha 16 del Torneo Apertura: hora, TV y posibles formaciones","datePublished":"2026-04-27T17:53:40+00:00","dateModified":"2026-04-27T20:33:05+00:00","mainEntityOfPage":{"@id":"https:\/\/lobosnews.com.ar\/index.php\/2026\/04\/27\/velez-union-y-huracan-argentinos-cierran-la-fecha-16-del-torneo-apertura-hora-tv-y-posibles-formaciones\/"},"wordCount":619,"commentCount":0,"publisher":{"@id":"https:\/\/lobosnews.com.ar\/#organization"},"image":{"@id":"https:\/\/lobosnews.com.ar\/index.php\/2026\/04\/27\/velez-union-y-huracan-argentinos-cierran-la-fecha-16-del-torneo-apertura-hora-tv-y-posibles-formaciones\/#primaryimage"},"thumbnailUrl":"https:\/\/lobosnews.com.ar\/wp-content\/uploads\/2026\/04\/velez-union-y-huracan-argentinos-cierran-la-fecha-16-del-torneo-apertura-hora-tv-y-posibles-formaciones.jpg","keywords":["Deportes"],"articleSection":["Argentina"],"inLanguage":"es","potentialAction":[{"@type":"CommentAction","name":"Comment","target":["https:\/\/lobosnews.com.ar\/index.php\/2026\/04\/27\/velez-union-y-huracan-argentinos-cierran-la-fecha-16-del-torneo-apertura-hora-tv-y-posibles-formaciones\/#respond"]}]},{"@type":"WebPage","@id":"https:\/\/lobosnews.com.ar\/index.php\/2026\/04\/27\/velez-union-y-huracan-argentinos-cierran-la-fecha-16-del-torneo-apertura-hora-tv-y-posibles-formaciones\/","url":"https:\/\/lobosnews.com.ar\/index.php\/2026\/04\/27\/velez-union-y-huracan-argentinos-cierran-la-fecha-16-del-torneo-apertura-hora-tv-y-posibles-formaciones\/","name":"V\u00e9lez-Uni\u00f3n y Hurac\u00e1n-Argentinos cierran la fecha 16 del Torneo Apertura: hora, TV y posibles formaciones - Lobos News","isPartOf":{"@id":"https:\/\/lobosnews.com.ar\/#website"},"primaryImageOfPage":{"@id":"https:\/\/lobosnews.com.ar\/index.php\/2026\/04\/27\/velez-union-y-huracan-argentinos-cierran-la-fecha-16-del-torneo-apertura-hora-tv-y-posibles-formaciones\/#primaryimage"},"image":{"@id":"https:\/\/lobosnews.com.ar\/index.php\/2026\/04\/27\/velez-union-y-huracan-argentinos-cierran-la-fecha-16-del-torneo-apertura-hora-tv-y-posibles-formaciones\/#primaryimage"},"thumbnailUrl":"https:\/\/lobosnews.com.ar\/wp-content\/uploads\/2026\/04\/velez-union-y-huracan-argentinos-cierran-la-fecha-16-del-torneo-apertura-hora-tv-y-posibles-formaciones.jpg","datePublished":"2026-04-27T17:53:40+00:00","dateModified":"2026-04-27T20:33:05+00:00","breadcrumb":{"@id":"https:\/\/lobosnews.com.ar\/index.php\/2026\/04\/27\/velez-union-y-huracan-argentinos-cierran-la-fecha-16-del-torneo-apertura-hora-tv-y-posibles-formaciones\/#breadcrumb"},"inLanguage":"es","potentialAction":[{"@type":"ReadAction","target":["https:\/\/lobosnews.com.ar\/index.php\/2026\/04\/27\/velez-union-y-huracan-argentinos-cierran-la-fecha-16-del-torneo-apertura-hora-tv-y-posibles-formaciones\/"]}]},{"@type":"ImageObject","inLanguage":"es","@id":"https:\/\/lobosnews.com.ar\/index.php\/2026\/04\/27\/velez-union-y-huracan-argentinos-cierran-la-fecha-16-del-torneo-apertura-hora-tv-y-posibles-formaciones\/#primaryimage","url":"https:\/\/lobosnews.com.ar\/wp-content\/uploads\/2026\/04\/velez-union-y-huracan-argentinos-cierran-la-fecha-16-del-torneo-apertura-hora-tv-y-posibles-formaciones.jpg","contentUrl":"https:\/\/lobosnews.com.ar\/wp-content\/uploads\/2026\/04\/velez-union-y-huracan-argentinos-cierran-la-fecha-16-del-torneo-apertura-hora-tv-y-posibles-formaciones.jpg"},{"@type":"BreadcrumbList","@id":"https:\/\/lobosnews.com.ar\/index.php\/2026\/04\/27\/velez-union-y-huracan-argentinos-cierran-la-fecha-16-del-torneo-apertura-hora-tv-y-posibles-formaciones\/#breadcrumb","itemListElement":[{"@type":"ListItem","position":1,"name":"Portada","item":"https:\/\/lobosnews.com.ar\/"},{"@type":"ListItem","position":2,"name":"V\u00e9lez-Uni\u00f3n y Hurac\u00e1n-Argentinos cierran la fecha 16 del Torneo Apertura: hora, TV y posibles formaciones"}]},{"@type":"WebSite","@id":"https:\/\/lobosnews.com.ar\/#website","url":"https:\/\/lobosnews.com.ar\/","name":"Lobos News","description":"Informaci\u00f3n a cada instante","publisher":{"@id":"https:\/\/lobosnews.com.ar\/#organization"},"potentialAction":[{"@type":"SearchAction","target":{"@type":"EntryPoint","urlTemplate":"https:\/\/lobosnews.com.ar\/?s={search_term_string}"},"query-input":{"@type":"PropertyValueSpecification","valueRequired":true,"valueName":"search_term_string"}}],"inLanguage":"es"},{"@type":"Organization","@id":"https:\/\/lobosnews.com.ar\/#organization","name":"Lobos News","url":"https:\/\/lobosnews.com.ar\/","logo":{"@type":"ImageObject","inLanguage":"es","@id":"https:\/\/lobosnews.com.ar\/#\/schema\/logo\/image\/","url":"https:\/\/lobosnews.com.ar\/wp-content\/uploads\/2026\/01\/logo-lobosnews.png","contentUrl":"https:\/\/lobosnews.com.ar\/wp-content\/uploads\/2026\/01\/logo-lobosnews.png","width":500,"height":200,"caption":"Lobos News"},"image":{"@id":"https:\/\/lobosnews.com.ar\/#\/schema\/logo\/image\/"}},{"@type":"Person","@id":"https:\/\/lobosnews.com.ar\/#\/schema\/person\/232422a593d5c541dd9aef6aaed10943","name":"admin","image":{"@type":"ImageObject","inLanguage":"es","@id":"https:\/\/lobosnews.com.ar\/#\/schema\/person\/image\/","url":"https:\/\/secure.gravatar.com\/avatar\/76e419471a2083bc3ceab22a763dbbf9b0c1bd15a6214cf3280e2c2dde4580f9?s=96&d=mm&r=g","contentUrl":"https:\/\/secure.gravatar.com\/avatar\/76e419471a2083bc3ceab22a763dbbf9b0c1bd15a6214cf3280e2c2dde4580f9?s=96&d=mm&r=g","caption":"admin"},"sameAs":["https:\/\/lobosnews.com.ar"],"url":"https:\/\/lobosnews.com.ar\/index.php\/author\/lobos-news\/"}]}},"jetpack_featured_media_url":"","jetpack_sharing_enabled":true,"_links":{"self":[{"href":"https:\/\/lobosnews.com.ar\/index.php\/wp-json\/wp\/v2\/posts\/46231","targetHints":{"allow":["GET"]}}],"collection":[{"href":"https:\/\/lobosnews.com.ar\/index.php\/wp-json\/wp\/v2\/posts"}],"about":[{"href":"https:\/\/lobosnews.com.ar\/index.php\/wp-json\/wp\/v2\/types\/post"}],"author":[{"embeddable":true,"href":"https:\/\/lobosnews.com.ar\/index.php\/wp-json\/wp\/v2\/users\/1"}],"replies":[{"embeddable":true,"href":"https:\/\/lobosnews.com.ar\/index.php\/wp-json\/wp\/v2\/comments?post=46231"}],"version-history":[{"count":1,"href":"https:\/\/lobosnews.com.ar\/index.php\/wp-json\/wp\/v2\/posts\/46231\/revisions"}],"predecessor-version":[{"id":46235,"href":"https:\/\/lobosnews.com.ar\/index.php\/wp-json\/wp\/v2\/posts\/46231\/revisions\/46235"}],"wp:attachment":[{"href":"https:\/\/lobosnews.com.ar\/index.php\/wp-json\/wp\/v2\/media?parent=46231"}],"wp:term":[{"taxonomy":"category","embeddable":true,"href":"https:\/\/lobosnews.com.ar\/index.php\/wp-json\/wp\/v2\/categories?post=46231"},{"taxonomy":"post_tag","embeddable":true,"href":"https:\/\/lobosnews.com.ar\/index.php\/wp-json\/wp\/v2\/tags?post=46231"}],"curies":[{"name":"wp","href":"https:\/\/api.w.org\/{rel}","templated":true}]}}