{"id":46220,"date":"2026-04-27T20:12:43","date_gmt":"2026-04-27T20:12:43","guid":{"rendered":"https:\/\/lobosnews.com.ar\/index.php\/2026\/04\/27\/ojo-morado-y-hielo-las-imagenes-de-las-secuelas-que-sufrio-el-futbolista-espanol-agredido-por-esteban-andrada\/"},"modified":"2026-04-27T20:32:48","modified_gmt":"2026-04-27T20:32:48","slug":"ojo-morado-y-hielo-las-imagenes-de-las-secuelas-que-sufrio-el-futbolista-espanol-agredido-por-esteban-andrada","status":"publish","type":"post","link":"https:\/\/lobosnews.com.ar\/index.php\/2026\/04\/27\/ojo-morado-y-hielo-las-imagenes-de-las-secuelas-que-sufrio-el-futbolista-espanol-agredido-por-esteban-andrada\/","title":{"rendered":"Ojo morado y hielo: las im\u00e1genes de las secuelas que sufri\u00f3 el futbolista espa\u00f1ol agredido por Esteban Andrada"},"content":{"rendered":"<p>El arquero argentino <b>Esteban Andrada<\/b> enfrenta una posible sanci\u00f3n hist\u00f3rica en el f\u00fatbol espa\u00f1ol despu\u00e9s de <span class=\"waslinkname\">agredir de forma violenta al capit\u00e1n rival Jorge Pulido<\/span> durante los minutos finales del derbi entre <b>Real Zaragoza<\/b> y <b>SD Huesca<\/b> en la Segunda Divisi\u00f3n. <\/p>\n<p>La magnitud de lo ocurrido se refleja no solo en las consecuencias deportivas, sino en la evidencia f\u00edsica del impacto: el capit\u00e1n del Huesca apareci\u00f3 en el entrenamiento posterior al partido con <b>marcas visibles en el p\u00f3mulo izquierdo<\/b>, resultado directo del golpe recibido. <\/p>\n<p>Incluso, seg\u00fan se pudo observar en im\u00e1genes que se difundieron en redes sociales, a Pulido ya se le hab\u00eda inflamado la zona durante los momentos posteriores al incidente. De hecho, el futbolista tuvo que aplicarse hielo en la zona afectada para disminuir las secuelas del pu\u00f1etazo que le propin\u00f3 el guardameta con pasado en Boca Juniors.<\/p>\n<p><img fetchpriority=\"high\" decoding=\"async\" src=\"https:\/\/lobosnews.com.ar\/wp-content\/uploads\/2026\/04\/ojo-morado-y-hielo-las-imagenes-de-las-secuelas-que-sufrio-el-futbolista-espanol-agredido-por-esteban-andrada.jpg\" alt=\"As\u00ed qued\u00f3 el ojo de Jorge Pulido\" height=\"568\" width=\"466\"\/><\/p>\n<p>Durante el tiempo de descuento, tras recibir una segunda tarjeta amarilla por un empuj\u00f3n, <b>Andrada arremeti\u00f3 contra Pulido<\/b> y lo golpe\u00f3 en el rostro, lo que desencaden\u00f3 una pelea generalizada en el estadio El Alcoraz. El \u00e1rbitro expuls\u00f3 de inmediato al arquero, as\u00ed como a <b>Daniel L\u00f3pez<\/b>, del Huesca, y a <b>Dani Tesende<\/b>, del Zaragoza, ambos involucrados en el tumulto. El partido se disput\u00f3 en un contexto de alta tensi\u00f3n por la lucha de ambos equipos para evitar el descenso.<\/p>\n<p>Dentro de la normativa vigente, la Real Federaci\u00f3n Espa\u00f1ola de F\u00fatbol contempla sanciones de <b>entre 4 y 12 partidos para agresiones sin lesi\u00f3n con el juego detenido<\/b>, a lo que se sumar\u00eda una jornada adicional por la expulsi\u00f3n previa. Los agravantes a\u00fan pueden elevar el castigo total. Precedentes como el de Germ\u00e1n \u201cMono\u201d Burgos, sancionado con <b>11 encuentros en 1999<\/b> por un hecho similar, o el de Pepe, suspendido con <b>10 partidos en el Real Madrid<\/b>, son ahora referencias inmediatas para evaluar la respuesta disciplinaria.<\/p>\n<p> <!DOCTYPE html><br \/>\n<html><br \/>\n<head><br \/>\n<meta name=\"viewport\" content=\"width=device-width, initial-scale=1\"><\/p>\n<style>\n.container-video { position: relative; width: 100%; overflow: hidden; padding-top: 56.25%;\n}\n.responsive-iframe-video { position: absolute; top: 0; left: 0; bottom: 0; right: 0; width: 100%; height: 100%; border: none;\n}\n<\/style>\n<p><\/head><br \/>\n<body><\/p>\n<div class=\"container-video\"> <iframe title=\"video-espn\" class=\"responsive-iframe-video\" src=\"https:\/\/www.espn.com.ar\/core\/video\/iframe?id=16630947&#038;endcard=false&#038;omniReportSuite=wdgespge\" allowfullscreen><\/iframe>\n<\/div>\n<p><\/body><br \/>\n<\/html><\/p>\n<p><i>*El momento de la agresi\u00f3n<\/i><\/p>\n<p>Tras lo ocurrido, <span class=\"waslinkname\">Esteban Andrada se pronunci\u00f3 p\u00fablicamente<\/span> a trav\u00e9s de los canales del Real Zaragoza: \u201c<b>Estoy muy arrepentido de lo sucedido<\/b>. No es una buena imagen para el club, para la gente y para un profesional como lo soy\u201d. El arquero subray\u00f3 el car\u00e1cter excepcional del hecho en su carrera: \u201cMe sal\u00ed de contexto y reaccion\u00e9 de esa forma. No lo volver\u00eda a hacer porque soy una persona p\u00fablica y un profesional con muchos a\u00f1os de carrera\u201d.<\/p>\n<p>Adem\u00e1s, pidi\u00f3 disculpas directas al futbolista espa\u00f1ol de 35 a\u00f1os: \u201cLe quiero pedir perd\u00f3n a Pulido porque somos colegas&#8230; me desconect\u00e9 y aqu\u00ed estoy para acatar lo que diga LaLiga\u201d. Andrada manifest\u00f3 su disposici\u00f3n a enfrentar cualquier consecuencia disciplinaria y a dialogar con las autoridades del torneo.<\/p>\n<p>El Real Zaragoza emiti\u00f3 un comunicado oficial condenando el acto y anunci\u00f3 que valorar\u00e1 la adopci\u00f3n de <b>medidas disciplinarias internas<\/b>. El capit\u00e1n del equipo, <b>Francho Serrano<\/b>, y el entrenador <b>David Navarro<\/b> ofrecieron disculpas p\u00fablicas. \u201cEvidentemente hay l\u00edneas que no se pueden traspasar. Da igual lo que haya pasado en el partido. No como profesionales, sino como seres humanos. Lo mejor que podemos hacer es pedir disculpas y no darle vueltas, porque cualquier argumento que se quiera dar va a parecer una excusa y aqu\u00ed no hay ninguna. He hablado con \u00e9l (Andrada) porque adem\u00e1s es un tipo tranquilo. Ya est\u00e1. Insisto, \u00e9l tiene su argumento pero hay l\u00edneas que no podemos traspasar\u201d, expres\u00f3 Navarro.<\/p>\n<p>El <b>Comit\u00e9 de Disciplina<\/b> estudia la posibilidad de imponer una suspensi\u00f3n que, al restar solo cinco jornadas para el cierre de la temporada, dejar\u00eda al guardameta sin opciones de reaparecer este a\u00f1o futbol\u00edstico. Seg\u00fan la normativa de la <b>FIFA<\/b>, cualquier sanci\u00f3n no cumplida \u00edntegramente en Espa\u00f1a se trasladar\u00eda autom\u00e1ticamente al pr\u00f3ximo club del jugador, incluso en el caso de que Andrada cambiara de pa\u00eds.<\/p>\n","protected":false},"excerpt":{"rendered":"<p>El arquero argentino Esteban Andrada enfrenta una posible sanci\u00f3n hist\u00f3rica en el f\u00fatbol espa\u00f1ol despu\u00e9s de agredir de forma violenta al capit\u00e1n rival Jorge Pulido durante los minutos finales del derbi entre Real Zaragoza y SD Huesca en la Segunda Divisi\u00f3n. La magnitud de lo ocurrido se refleja no solo en las consecuencias deportivas, sino&#8230;<\/p>\n","protected":false},"author":1,"featured_media":0,"comment_status":"open","ping_status":"closed","sticky":false,"template":"","format":"standard","meta":{"_jetpack_memberships_contains_paid_content":false,"footnotes":""},"categories":[30],"tags":[39],"class_list":["post-46220","post","type-post","status-publish","format-standard","hentry","category-argentina","tag-deportes"],"magazineBlocksPostFeaturedMedia":{"thumbnail":false,"medium":false,"medium_large":false,"large":false,"1536x1536":false,"2048x2048":false,"newsmatic-featured":false,"newsmatic-list":false,"newsmatic-thumb":false,"newsmatic-small":false,"newsmatic-grid":false},"magazineBlocksPostAuthor":{"name":"admin","avatar":"https:\/\/secure.gravatar.com\/avatar\/76e419471a2083bc3ceab22a763dbbf9b0c1bd15a6214cf3280e2c2dde4580f9?s=96&d=mm&r=g"},"magazineBlocksPostCommentsNumber":"0","magazineBlocksPostExcerpt":"El arquero argentino Esteban Andrada enfrenta una posible sanci\u00f3n hist\u00f3rica en el f\u00fatbol espa\u00f1ol despu\u00e9s de agredir de forma violenta al capit\u00e1n rival Jorge Pulido durante los minutos finales del derbi entre Real Zaragoza y SD Huesca en la Segunda Divisi\u00f3n. La magnitud de lo ocurrido se refleja no solo en las consecuencias deportivas, sino...","magazineBlocksPostCategories":["Argentina"],"magazineBlocksPostViewCount":10,"magazineBlocksPostReadTime":4,"magazine_blocks_featured_image_url":{"full":false,"medium":false,"thumbnail":false},"magazine_blocks_author":{"display_name":"admin","author_link":"https:\/\/lobosnews.com.ar\/index.php\/author\/lobos-news\/"},"magazine_blocks_comment":0,"magazine_blocks_author_image":"https:\/\/secure.gravatar.com\/avatar\/76e419471a2083bc3ceab22a763dbbf9b0c1bd15a6214cf3280e2c2dde4580f9?s=96&d=mm&r=g","magazine_blocks_category":"<a href=\"#\" class=\"category-link category-link-30\">Argentina<\/a>","yoast_head":"<!-- This site is optimized with the Yoast SEO plugin v26.6 - https:\/\/yoast.com\/wordpress\/plugins\/seo\/ -->\n<title>Ojo morado y hielo: las im\u00e1genes de las secuelas que sufri\u00f3 el futbolista espa\u00f1ol agredido por Esteban Andrada - Lobos News<\/title>\n<meta name=\"robots\" content=\"index, follow, max-snippet:-1, max-image-preview:large, max-video-preview:-1\" \/>\n<link rel=\"canonical\" href=\"https:\/\/lobosnews.com.ar\/index.php\/2026\/04\/27\/ojo-morado-y-hielo-las-imagenes-de-las-secuelas-que-sufrio-el-futbolista-espanol-agredido-por-esteban-andrada\/\" \/>\n<meta property=\"og:locale\" content=\"es_ES\" \/>\n<meta property=\"og:type\" content=\"article\" \/>\n<meta property=\"og:title\" content=\"Ojo morado y hielo: las im\u00e1genes de las secuelas que sufri\u00f3 el futbolista espa\u00f1ol agredido por Esteban Andrada - Lobos News\" \/>\n<meta property=\"og:description\" content=\"El arquero argentino Esteban Andrada enfrenta una posible sanci\u00f3n hist\u00f3rica en el f\u00fatbol espa\u00f1ol despu\u00e9s de agredir de forma violenta al capit\u00e1n rival Jorge Pulido durante los minutos finales del derbi entre Real Zaragoza y SD Huesca en la Segunda Divisi\u00f3n. La magnitud de lo ocurrido se refleja no solo en las consecuencias deportivas, sino...\" \/>\n<meta property=\"og:url\" content=\"https:\/\/lobosnews.com.ar\/index.php\/2026\/04\/27\/ojo-morado-y-hielo-las-imagenes-de-las-secuelas-que-sufrio-el-futbolista-espanol-agredido-por-esteban-andrada\/\" \/>\n<meta property=\"og:site_name\" content=\"Lobos News\" \/>\n<meta property=\"article:published_time\" content=\"2026-04-27T20:12:43+00:00\" \/>\n<meta property=\"article:modified_time\" content=\"2026-04-27T20:32:48+00:00\" \/>\n<meta property=\"og:image\" content=\"https:\/\/lobosnews.com.ar\/wp-content\/uploads\/2026\/04\/ojo-morado-y-hielo-las-imagenes-de-las-secuelas-que-sufrio-el-futbolista-espanol-agredido-por-esteban-andrada.jpg\" \/>\n<meta name=\"author\" content=\"admin\" \/>\n<meta name=\"twitter:card\" content=\"summary_large_image\" \/>\n<meta name=\"twitter:label1\" content=\"Escrito por\" \/>\n\t<meta name=\"twitter:data1\" content=\"admin\" \/>\n\t<meta name=\"twitter:label2\" content=\"Tiempo de lectura\" \/>\n\t<meta name=\"twitter:data2\" content=\"3 minutos\" \/>\n<script type=\"application\/ld+json\" class=\"yoast-schema-graph\">{\"@context\":\"https:\/\/schema.org\",\"@graph\":[{\"@type\":\"Article\",\"@id\":\"https:\/\/lobosnews.com.ar\/index.php\/2026\/04\/27\/ojo-morado-y-hielo-las-imagenes-de-las-secuelas-que-sufrio-el-futbolista-espanol-agredido-por-esteban-andrada\/#article\",\"isPartOf\":{\"@id\":\"https:\/\/lobosnews.com.ar\/index.php\/2026\/04\/27\/ojo-morado-y-hielo-las-imagenes-de-las-secuelas-que-sufrio-el-futbolista-espanol-agredido-por-esteban-andrada\/\"},\"author\":{\"name\":\"admin\",\"@id\":\"https:\/\/lobosnews.com.ar\/#\/schema\/person\/232422a593d5c541dd9aef6aaed10943\"},\"headline\":\"Ojo morado y hielo: las im\u00e1genes de las secuelas que sufri\u00f3 el futbolista espa\u00f1ol agredido por Esteban Andrada\",\"datePublished\":\"2026-04-27T20:12:43+00:00\",\"dateModified\":\"2026-04-27T20:32:48+00:00\",\"mainEntityOfPage\":{\"@id\":\"https:\/\/lobosnews.com.ar\/index.php\/2026\/04\/27\/ojo-morado-y-hielo-las-imagenes-de-las-secuelas-que-sufrio-el-futbolista-espanol-agredido-por-esteban-andrada\/\"},\"wordCount\":681,\"commentCount\":0,\"publisher\":{\"@id\":\"https:\/\/lobosnews.com.ar\/#organization\"},\"image\":{\"@id\":\"https:\/\/lobosnews.com.ar\/index.php\/2026\/04\/27\/ojo-morado-y-hielo-las-imagenes-de-las-secuelas-que-sufrio-el-futbolista-espanol-agredido-por-esteban-andrada\/#primaryimage\"},\"thumbnailUrl\":\"https:\/\/lobosnews.com.ar\/wp-content\/uploads\/2026\/04\/ojo-morado-y-hielo-las-imagenes-de-las-secuelas-que-sufrio-el-futbolista-espanol-agredido-por-esteban-andrada.jpg\",\"keywords\":[\"Deportes\"],\"articleSection\":[\"Argentina\"],\"inLanguage\":\"es\",\"potentialAction\":[{\"@type\":\"CommentAction\",\"name\":\"Comment\",\"target\":[\"https:\/\/lobosnews.com.ar\/index.php\/2026\/04\/27\/ojo-morado-y-hielo-las-imagenes-de-las-secuelas-que-sufrio-el-futbolista-espanol-agredido-por-esteban-andrada\/#respond\"]}]},{\"@type\":\"WebPage\",\"@id\":\"https:\/\/lobosnews.com.ar\/index.php\/2026\/04\/27\/ojo-morado-y-hielo-las-imagenes-de-las-secuelas-que-sufrio-el-futbolista-espanol-agredido-por-esteban-andrada\/\",\"url\":\"https:\/\/lobosnews.com.ar\/index.php\/2026\/04\/27\/ojo-morado-y-hielo-las-imagenes-de-las-secuelas-que-sufrio-el-futbolista-espanol-agredido-por-esteban-andrada\/\",\"name\":\"Ojo morado y hielo: las im\u00e1genes de las secuelas que sufri\u00f3 el futbolista espa\u00f1ol agredido por Esteban Andrada - Lobos News\",\"isPartOf\":{\"@id\":\"https:\/\/lobosnews.com.ar\/#website\"},\"primaryImageOfPage\":{\"@id\":\"https:\/\/lobosnews.com.ar\/index.php\/2026\/04\/27\/ojo-morado-y-hielo-las-imagenes-de-las-secuelas-que-sufrio-el-futbolista-espanol-agredido-por-esteban-andrada\/#primaryimage\"},\"image\":{\"@id\":\"https:\/\/lobosnews.com.ar\/index.php\/2026\/04\/27\/ojo-morado-y-hielo-las-imagenes-de-las-secuelas-que-sufrio-el-futbolista-espanol-agredido-por-esteban-andrada\/#primaryimage\"},\"thumbnailUrl\":\"https:\/\/lobosnews.com.ar\/wp-content\/uploads\/2026\/04\/ojo-morado-y-hielo-las-imagenes-de-las-secuelas-que-sufrio-el-futbolista-espanol-agredido-por-esteban-andrada.jpg\",\"datePublished\":\"2026-04-27T20:12:43+00:00\",\"dateModified\":\"2026-04-27T20:32:48+00:00\",\"breadcrumb\":{\"@id\":\"https:\/\/lobosnews.com.ar\/index.php\/2026\/04\/27\/ojo-morado-y-hielo-las-imagenes-de-las-secuelas-que-sufrio-el-futbolista-espanol-agredido-por-esteban-andrada\/#breadcrumb\"},\"inLanguage\":\"es\",\"potentialAction\":[{\"@type\":\"ReadAction\",\"target\":[\"https:\/\/lobosnews.com.ar\/index.php\/2026\/04\/27\/ojo-morado-y-hielo-las-imagenes-de-las-secuelas-que-sufrio-el-futbolista-espanol-agredido-por-esteban-andrada\/\"]}]},{\"@type\":\"ImageObject\",\"inLanguage\":\"es\",\"@id\":\"https:\/\/lobosnews.com.ar\/index.php\/2026\/04\/27\/ojo-morado-y-hielo-las-imagenes-de-las-secuelas-que-sufrio-el-futbolista-espanol-agredido-por-esteban-andrada\/#primaryimage\",\"url\":\"https:\/\/lobosnews.com.ar\/wp-content\/uploads\/2026\/04\/ojo-morado-y-hielo-las-imagenes-de-las-secuelas-que-sufrio-el-futbolista-espanol-agredido-por-esteban-andrada.jpg\",\"contentUrl\":\"https:\/\/lobosnews.com.ar\/wp-content\/uploads\/2026\/04\/ojo-morado-y-hielo-las-imagenes-de-las-secuelas-que-sufrio-el-futbolista-espanol-agredido-por-esteban-andrada.jpg\"},{\"@type\":\"BreadcrumbList\",\"@id\":\"https:\/\/lobosnews.com.ar\/index.php\/2026\/04\/27\/ojo-morado-y-hielo-las-imagenes-de-las-secuelas-que-sufrio-el-futbolista-espanol-agredido-por-esteban-andrada\/#breadcrumb\",\"itemListElement\":[{\"@type\":\"ListItem\",\"position\":1,\"name\":\"Portada\",\"item\":\"https:\/\/lobosnews.com.ar\/\"},{\"@type\":\"ListItem\",\"position\":2,\"name\":\"Ojo morado y hielo: las im\u00e1genes de las secuelas que sufri\u00f3 el futbolista espa\u00f1ol agredido por Esteban Andrada\"}]},{\"@type\":\"WebSite\",\"@id\":\"https:\/\/lobosnews.com.ar\/#website\",\"url\":\"https:\/\/lobosnews.com.ar\/\",\"name\":\"Lobos News\",\"description\":\"Informaci\u00f3n a cada instante\",\"publisher\":{\"@id\":\"https:\/\/lobosnews.com.ar\/#organization\"},\"potentialAction\":[{\"@type\":\"SearchAction\",\"target\":{\"@type\":\"EntryPoint\",\"urlTemplate\":\"https:\/\/lobosnews.com.ar\/?s={search_term_string}\"},\"query-input\":{\"@type\":\"PropertyValueSpecification\",\"valueRequired\":true,\"valueName\":\"search_term_string\"}}],\"inLanguage\":\"es\"},{\"@type\":\"Organization\",\"@id\":\"https:\/\/lobosnews.com.ar\/#organization\",\"name\":\"Lobos News\",\"url\":\"https:\/\/lobosnews.com.ar\/\",\"logo\":{\"@type\":\"ImageObject\",\"inLanguage\":\"es\",\"@id\":\"https:\/\/lobosnews.com.ar\/#\/schema\/logo\/image\/\",\"url\":\"https:\/\/lobosnews.com.ar\/wp-content\/uploads\/2026\/01\/logo-lobosnews.png\",\"contentUrl\":\"https:\/\/lobosnews.com.ar\/wp-content\/uploads\/2026\/01\/logo-lobosnews.png\",\"width\":500,\"height\":200,\"caption\":\"Lobos News\"},\"image\":{\"@id\":\"https:\/\/lobosnews.com.ar\/#\/schema\/logo\/image\/\"}},{\"@type\":\"Person\",\"@id\":\"https:\/\/lobosnews.com.ar\/#\/schema\/person\/232422a593d5c541dd9aef6aaed10943\",\"name\":\"admin\",\"image\":{\"@type\":\"ImageObject\",\"inLanguage\":\"es\",\"@id\":\"https:\/\/lobosnews.com.ar\/#\/schema\/person\/image\/\",\"url\":\"https:\/\/secure.gravatar.com\/avatar\/76e419471a2083bc3ceab22a763dbbf9b0c1bd15a6214cf3280e2c2dde4580f9?s=96&d=mm&r=g\",\"contentUrl\":\"https:\/\/secure.gravatar.com\/avatar\/76e419471a2083bc3ceab22a763dbbf9b0c1bd15a6214cf3280e2c2dde4580f9?s=96&d=mm&r=g\",\"caption\":\"admin\"},\"sameAs\":[\"https:\/\/lobosnews.com.ar\"],\"url\":\"https:\/\/lobosnews.com.ar\/index.php\/author\/lobos-news\/\"}]}<\/script>\n<!-- \/ Yoast SEO plugin. -->","yoast_head_json":{"title":"Ojo morado y hielo: las im\u00e1genes de las secuelas que sufri\u00f3 el futbolista espa\u00f1ol agredido por Esteban Andrada - Lobos News","robots":{"index":"index","follow":"follow","max-snippet":"max-snippet:-1","max-image-preview":"max-image-preview:large","max-video-preview":"max-video-preview:-1"},"canonical":"https:\/\/lobosnews.com.ar\/index.php\/2026\/04\/27\/ojo-morado-y-hielo-las-imagenes-de-las-secuelas-que-sufrio-el-futbolista-espanol-agredido-por-esteban-andrada\/","og_locale":"es_ES","og_type":"article","og_title":"Ojo morado y hielo: las im\u00e1genes de las secuelas que sufri\u00f3 el futbolista espa\u00f1ol agredido por Esteban Andrada - Lobos News","og_description":"El arquero argentino Esteban Andrada enfrenta una posible sanci\u00f3n hist\u00f3rica en el f\u00fatbol espa\u00f1ol despu\u00e9s de agredir de forma violenta al capit\u00e1n rival Jorge Pulido durante los minutos finales del derbi entre Real Zaragoza y SD Huesca en la Segunda Divisi\u00f3n. La magnitud de lo ocurrido se refleja no solo en las consecuencias deportivas, sino...","og_url":"https:\/\/lobosnews.com.ar\/index.php\/2026\/04\/27\/ojo-morado-y-hielo-las-imagenes-de-las-secuelas-que-sufrio-el-futbolista-espanol-agredido-por-esteban-andrada\/","og_site_name":"Lobos News","article_published_time":"2026-04-27T20:12:43+00:00","article_modified_time":"2026-04-27T20:32:48+00:00","og_image":[{"url":"https:\/\/lobosnews.com.ar\/wp-content\/uploads\/2026\/04\/ojo-morado-y-hielo-las-imagenes-de-las-secuelas-que-sufrio-el-futbolista-espanol-agredido-por-esteban-andrada.jpg","type":"","width":"","height":""}],"author":"admin","twitter_card":"summary_large_image","twitter_misc":{"Escrito por":"admin","Tiempo de lectura":"3 minutos"},"schema":{"@context":"https:\/\/schema.org","@graph":[{"@type":"Article","@id":"https:\/\/lobosnews.com.ar\/index.php\/2026\/04\/27\/ojo-morado-y-hielo-las-imagenes-de-las-secuelas-que-sufrio-el-futbolista-espanol-agredido-por-esteban-andrada\/#article","isPartOf":{"@id":"https:\/\/lobosnews.com.ar\/index.php\/2026\/04\/27\/ojo-morado-y-hielo-las-imagenes-de-las-secuelas-que-sufrio-el-futbolista-espanol-agredido-por-esteban-andrada\/"},"author":{"name":"admin","@id":"https:\/\/lobosnews.com.ar\/#\/schema\/person\/232422a593d5c541dd9aef6aaed10943"},"headline":"Ojo morado y hielo: las im\u00e1genes de las secuelas que sufri\u00f3 el futbolista espa\u00f1ol agredido por Esteban Andrada","datePublished":"2026-04-27T20:12:43+00:00","dateModified":"2026-04-27T20:32:48+00:00","mainEntityOfPage":{"@id":"https:\/\/lobosnews.com.ar\/index.php\/2026\/04\/27\/ojo-morado-y-hielo-las-imagenes-de-las-secuelas-que-sufrio-el-futbolista-espanol-agredido-por-esteban-andrada\/"},"wordCount":681,"commentCount":0,"publisher":{"@id":"https:\/\/lobosnews.com.ar\/#organization"},"image":{"@id":"https:\/\/lobosnews.com.ar\/index.php\/2026\/04\/27\/ojo-morado-y-hielo-las-imagenes-de-las-secuelas-que-sufrio-el-futbolista-espanol-agredido-por-esteban-andrada\/#primaryimage"},"thumbnailUrl":"https:\/\/lobosnews.com.ar\/wp-content\/uploads\/2026\/04\/ojo-morado-y-hielo-las-imagenes-de-las-secuelas-que-sufrio-el-futbolista-espanol-agredido-por-esteban-andrada.jpg","keywords":["Deportes"],"articleSection":["Argentina"],"inLanguage":"es","potentialAction":[{"@type":"CommentAction","name":"Comment","target":["https:\/\/lobosnews.com.ar\/index.php\/2026\/04\/27\/ojo-morado-y-hielo-las-imagenes-de-las-secuelas-que-sufrio-el-futbolista-espanol-agredido-por-esteban-andrada\/#respond"]}]},{"@type":"WebPage","@id":"https:\/\/lobosnews.com.ar\/index.php\/2026\/04\/27\/ojo-morado-y-hielo-las-imagenes-de-las-secuelas-que-sufrio-el-futbolista-espanol-agredido-por-esteban-andrada\/","url":"https:\/\/lobosnews.com.ar\/index.php\/2026\/04\/27\/ojo-morado-y-hielo-las-imagenes-de-las-secuelas-que-sufrio-el-futbolista-espanol-agredido-por-esteban-andrada\/","name":"Ojo morado y hielo: las im\u00e1genes de las secuelas que sufri\u00f3 el futbolista espa\u00f1ol agredido por Esteban Andrada - Lobos News","isPartOf":{"@id":"https:\/\/lobosnews.com.ar\/#website"},"primaryImageOfPage":{"@id":"https:\/\/lobosnews.com.ar\/index.php\/2026\/04\/27\/ojo-morado-y-hielo-las-imagenes-de-las-secuelas-que-sufrio-el-futbolista-espanol-agredido-por-esteban-andrada\/#primaryimage"},"image":{"@id":"https:\/\/lobosnews.com.ar\/index.php\/2026\/04\/27\/ojo-morado-y-hielo-las-imagenes-de-las-secuelas-que-sufrio-el-futbolista-espanol-agredido-por-esteban-andrada\/#primaryimage"},"thumbnailUrl":"https:\/\/lobosnews.com.ar\/wp-content\/uploads\/2026\/04\/ojo-morado-y-hielo-las-imagenes-de-las-secuelas-que-sufrio-el-futbolista-espanol-agredido-por-esteban-andrada.jpg","datePublished":"2026-04-27T20:12:43+00:00","dateModified":"2026-04-27T20:32:48+00:00","breadcrumb":{"@id":"https:\/\/lobosnews.com.ar\/index.php\/2026\/04\/27\/ojo-morado-y-hielo-las-imagenes-de-las-secuelas-que-sufrio-el-futbolista-espanol-agredido-por-esteban-andrada\/#breadcrumb"},"inLanguage":"es","potentialAction":[{"@type":"ReadAction","target":["https:\/\/lobosnews.com.ar\/index.php\/2026\/04\/27\/ojo-morado-y-hielo-las-imagenes-de-las-secuelas-que-sufrio-el-futbolista-espanol-agredido-por-esteban-andrada\/"]}]},{"@type":"ImageObject","inLanguage":"es","@id":"https:\/\/lobosnews.com.ar\/index.php\/2026\/04\/27\/ojo-morado-y-hielo-las-imagenes-de-las-secuelas-que-sufrio-el-futbolista-espanol-agredido-por-esteban-andrada\/#primaryimage","url":"https:\/\/lobosnews.com.ar\/wp-content\/uploads\/2026\/04\/ojo-morado-y-hielo-las-imagenes-de-las-secuelas-que-sufrio-el-futbolista-espanol-agredido-por-esteban-andrada.jpg","contentUrl":"https:\/\/lobosnews.com.ar\/wp-content\/uploads\/2026\/04\/ojo-morado-y-hielo-las-imagenes-de-las-secuelas-que-sufrio-el-futbolista-espanol-agredido-por-esteban-andrada.jpg"},{"@type":"BreadcrumbList","@id":"https:\/\/lobosnews.com.ar\/index.php\/2026\/04\/27\/ojo-morado-y-hielo-las-imagenes-de-las-secuelas-que-sufrio-el-futbolista-espanol-agredido-por-esteban-andrada\/#breadcrumb","itemListElement":[{"@type":"ListItem","position":1,"name":"Portada","item":"https:\/\/lobosnews.com.ar\/"},{"@type":"ListItem","position":2,"name":"Ojo morado y hielo: las im\u00e1genes de las secuelas que sufri\u00f3 el futbolista espa\u00f1ol agredido por Esteban Andrada"}]},{"@type":"WebSite","@id":"https:\/\/lobosnews.com.ar\/#website","url":"https:\/\/lobosnews.com.ar\/","name":"Lobos News","description":"Informaci\u00f3n a cada instante","publisher":{"@id":"https:\/\/lobosnews.com.ar\/#organization"},"potentialAction":[{"@type":"SearchAction","target":{"@type":"EntryPoint","urlTemplate":"https:\/\/lobosnews.com.ar\/?s={search_term_string}"},"query-input":{"@type":"PropertyValueSpecification","valueRequired":true,"valueName":"search_term_string"}}],"inLanguage":"es"},{"@type":"Organization","@id":"https:\/\/lobosnews.com.ar\/#organization","name":"Lobos News","url":"https:\/\/lobosnews.com.ar\/","logo":{"@type":"ImageObject","inLanguage":"es","@id":"https:\/\/lobosnews.com.ar\/#\/schema\/logo\/image\/","url":"https:\/\/lobosnews.com.ar\/wp-content\/uploads\/2026\/01\/logo-lobosnews.png","contentUrl":"https:\/\/lobosnews.com.ar\/wp-content\/uploads\/2026\/01\/logo-lobosnews.png","width":500,"height":200,"caption":"Lobos News"},"image":{"@id":"https:\/\/lobosnews.com.ar\/#\/schema\/logo\/image\/"}},{"@type":"Person","@id":"https:\/\/lobosnews.com.ar\/#\/schema\/person\/232422a593d5c541dd9aef6aaed10943","name":"admin","image":{"@type":"ImageObject","inLanguage":"es","@id":"https:\/\/lobosnews.com.ar\/#\/schema\/person\/image\/","url":"https:\/\/secure.gravatar.com\/avatar\/76e419471a2083bc3ceab22a763dbbf9b0c1bd15a6214cf3280e2c2dde4580f9?s=96&d=mm&r=g","contentUrl":"https:\/\/secure.gravatar.com\/avatar\/76e419471a2083bc3ceab22a763dbbf9b0c1bd15a6214cf3280e2c2dde4580f9?s=96&d=mm&r=g","caption":"admin"},"sameAs":["https:\/\/lobosnews.com.ar"],"url":"https:\/\/lobosnews.com.ar\/index.php\/author\/lobos-news\/"}]}},"jetpack_featured_media_url":"","jetpack_sharing_enabled":true,"_links":{"self":[{"href":"https:\/\/lobosnews.com.ar\/index.php\/wp-json\/wp\/v2\/posts\/46220","targetHints":{"allow":["GET"]}}],"collection":[{"href":"https:\/\/lobosnews.com.ar\/index.php\/wp-json\/wp\/v2\/posts"}],"about":[{"href":"https:\/\/lobosnews.com.ar\/index.php\/wp-json\/wp\/v2\/types\/post"}],"author":[{"embeddable":true,"href":"https:\/\/lobosnews.com.ar\/index.php\/wp-json\/wp\/v2\/users\/1"}],"replies":[{"embeddable":true,"href":"https:\/\/lobosnews.com.ar\/index.php\/wp-json\/wp\/v2\/comments?post=46220"}],"version-history":[{"count":1,"href":"https:\/\/lobosnews.com.ar\/index.php\/wp-json\/wp\/v2\/posts\/46220\/revisions"}],"predecessor-version":[{"id":46222,"href":"https:\/\/lobosnews.com.ar\/index.php\/wp-json\/wp\/v2\/posts\/46220\/revisions\/46222"}],"wp:attachment":[{"href":"https:\/\/lobosnews.com.ar\/index.php\/wp-json\/wp\/v2\/media?parent=46220"}],"wp:term":[{"taxonomy":"category","embeddable":true,"href":"https:\/\/lobosnews.com.ar\/index.php\/wp-json\/wp\/v2\/categories?post=46220"},{"taxonomy":"post_tag","embeddable":true,"href":"https:\/\/lobosnews.com.ar\/index.php\/wp-json\/wp\/v2\/tags?post=46220"}],"curies":[{"name":"wp","href":"https:\/\/api.w.org\/{rel}","templated":true}]}}