{"id":46214,"date":"2026-04-27T12:56:47","date_gmt":"2026-04-27T12:56:47","guid":{"rendered":"https:\/\/lobosnews.com.ar\/index.php\/2026\/04\/27\/facundo-macarron-por-culpa-de-la-justicia-el-crimen-de-mi-mama-no-esta-resuelto-y-tenes-a-un-violador-y-asesino-suelto\/"},"modified":"2026-04-27T15:00:58","modified_gmt":"2026-04-27T15:00:58","slug":"facundo-macarron-por-culpa-de-la-justicia-el-crimen-de-mi-mama-no-esta-resuelto-y-tenes-a-un-violador-y-asesino-suelto","status":"publish","type":"post","link":"https:\/\/lobosnews.com.ar\/index.php\/2026\/04\/27\/facundo-macarron-por-culpa-de-la-justicia-el-crimen-de-mi-mama-no-esta-resuelto-y-tenes-a-un-violador-y-asesino-suelto\/","title":{"rendered":"Facundo Macarr\u00f3n: \u201cPor culpa de la justicia el crimen de mi mam\u00e1 no est\u00e1 resuelto y ten\u00e9s a un violador y asesino suelto\u201d"},"content":{"rendered":"<p><span class=\"waslinkname\"><b>A veinte a\u00f1os del crimen de Nora Dalmasso, el caso sigue siendo una herida abierta para la familia Macarr\u00f3n y un s\u00edmbolo de las fallas estructurales de la justicia. <\/b><\/span>En el marco del jury que investiga el accionar de los fiscales que llevaron adelante distintas etapas de la causa, Marcelo Macarr\u00f3n y su hijo Facundo hicieron declaraciones contundentes, cargadas de dolor, indignaci\u00f3n y reclamo.<\/p>\n<p><b>\u201cPor culpa de la justicia, el crimen no est\u00e1 resuelto\u201d<\/b>, resumieron con crudeza al ser entrevistados por el periodista Mauro Szeta en <i>Am\u00e9rica.<\/i> Para la familia, no se trata solo de un expediente inconcluso, sino de <b>\u201cveinte a\u00f1os de injusticia\u201d <\/b>en los que, adem\u00e1s de no encontrar al culpable, se persigui\u00f3 a inocentes. Ellos fueron el pintor Gast\u00f3n Z\u00e1rate, a quien todos se\u00f1alaban como \u201cEl Perejil\u201d, el viudo y el hijo. <\/p>\n<p>La consecuencia m\u00e1s grave de ese accionar, sostuvieron, es irreversible. \u201cPor el paso del tiempo, la causa contra el principal acusado con prueba de ADN, que es Roberto B\u00e1rsola, est\u00e1 prescripta. No se lo puede ni siquiera detener, menos condenar\u201d, se\u00f1al\u00f3 Facundo. Y agreg\u00f3: \u201cEste desenlace es la prueba m\u00e1s contundente del fracaso judicial. <b>Cuando la justicia persigue a inocentes, no es justicia\u201d.<\/b><\/p>\n<p><img loading=\"lazy\" decoding=\"async\" src=\"https:\/\/lobosnews.com.ar\/wp-content\/uploads\/2026\/04\/facundo-macarron-por-culpa-de-la-justicia-el-crimen-de-mi-mama-no-esta-resuelto-y-tenes-a-un-violador-y-asesino-suelto.jpg\" alt=\"\" height=\"1080\" width=\"1920\"\/><\/p>\n<p>El foco de sus cr\u00edticas est\u00e1 puesto en los fiscales que intervinieron en la causa: Javier Di Santo, Daniel Miralles, Luis Pizarro. Sin matices, los califican como responsables directos de haber desviado la investigaci\u00f3n.<\/p>\n<p>Facundo fue el m\u00e1s tajante al intentar explicar por qu\u00e9 fueron se\u00f1alados: \u201cPor cobard\u00eda y porque hasta el d\u00eda de hoy se creen impunes\u201d. Su padre, Marcelo, utiliza una imagen fuerte para describir lo que vivieron: <b>\u201cA m\u00ed me largaron a los leones con mi hijo. A los leones me largaron. La justicia cordobesa\u201d.<\/b><\/p>\n<p>Ambos coinciden en que hubo una combinaci\u00f3n de incapacidad y falta de valent\u00eda. \u201cYo creo que son burros y al ser burros no piden ayuda\u201d, dice Marcelo. Facundo refuerza la idea: \u201cSon unos verdaderos cobardes frente a cualquier tipo de presi\u00f3n\u201d.<\/p>\n<p>La convicci\u00f3n de la familia sobre la existencia de un responsable concreto no se ha modificado con los a\u00f1os. \u201c<b>Nosotros estamos convencidos de qui\u00e9n es el asesino. Obviamente, un juicio lo tiene que determinar y ese es el derecho que nosotros pedimos como familia\u201d<\/b>, sostuvo Facundo. Y agrega una frase que sintetiza el reclamo central: \u201cLa verdad no es ning\u00fan privilegio. <b>Nadie tiene el privilegio de saber la verdad sobre qui\u00e9n mat\u00f3 a tu mam\u00e1. Es un derecho\u201d.<\/b><\/p>\n<p>Sin embargo, ese derecho, aseguran, les fue negado. \u201cEn este momento no se est\u00e1 dando porque estos tres fiscales perdieron el tiempo y dejaron prescribir la causa\u201d, denuncia.<\/p>\n<p>El jury aparece entonces como una instancia clave, aunque insuficiente para reparar el da\u00f1o. Facundo no oculta su enojo: \u201c<b>Deseo que alguna vez sufran en carne propia lo que nos hicieron vivir a nosotros. Que hagan una autocr\u00edtica, nunca la hicieron<\/b>\u201d. Y cuestionaro la postura de los funcionarios judiciales: \u201c<b>Ten\u00e9s un violador y un asesino suelto.<\/b> Yo creo que no va a haber justicia completa por mi vieja si estos tipos no son destituidos\u201d.<\/p>\n<p><img loading=\"lazy\" decoding=\"async\" src=\"https:\/\/lobosnews.com.ar\/wp-content\/uploads\/2026\/04\/facundo-macarron-por-culpa-de-la-justicia-el-crimen-de-mi-mama-no-esta-resuelto-y-tenes-a-un-violador-y-asesino-suelto-1.jpg\" alt=\"Los tres fiscales que participaron de la investigaci\u00f3n del crimen del Nora Dalmasso est\u00e1n siendo sometido a un jury de enjuiciamiento\" height=\"1024\" width=\"1536\"\/><\/p>\n<p>Marcelo, por su parte, se\u00f1ala la ausencia total de disculpas: <b>\u201cNinguno me pidi\u00f3 perd\u00f3n<\/b> y no espero que me lo pidan\u201d. Sin embargo, considera que ser\u00eda un gesto necesario: \u201cCreo que corresponder\u00eda pedirle perd\u00f3n, no a m\u00ed, sino a la familia Macarr\u00f3n\u2026 por los a\u00f1os de sufrimiento. Esto fue una persecuci\u00f3n policial\u201d.<\/p>\n<p>La pregunta sobre por qu\u00e9 fueron elegidos como blancos de la investigaci\u00f3n sigue sin respuesta. \u201cNo lo s\u00e9, eso lo van a tener que contestar ahora\u201d, dice Marcelo, en referencia al jury. Y subraya el cambio que produjo este proceso en su vida: \u201cMi vida actual ha cambiado ciento ochenta grados. El Marcelo Macarr\u00f3n del 2026 no es el del 2006\u201d.<\/p>\n<p>El impacto emocional atraves\u00f3 toda la entrevista. Facundo lo expresa con claridad al hablar de su padre: \u201c<b>Me da mucha compasi\u00f3n mi viejo\u2026 Es muy duro lo que le hicieron a \u00e9l\u201d<\/b>. Y agrega: \u201cA \u00e9l lo arras\u00f3. Como familia nos arras\u00f3 mucho, pero a \u00e9l\u2026 <b>\u00e9l nunca fue el mismo y creo que nunca m\u00e1s va a poder ser el mismo\u201d<\/b>.<\/p>\n<p>A pesar de ese dolor, ambos insisten en que la principal v\u00edctima sigue siendo Nora Dalmasso. \u201cLa gran v\u00edctima y la que ha sido revictimizada millones de veces es mi vieja\u201d, afirma Facundo. Y explica c\u00f3mo esa revictimizaci\u00f3n contin\u00faa en el presente: \u201cCada vez que traen su nombre y no resuelven su crimen\u2026 la est\u00e1n revictimizando\u201d.<\/p>\n<p>El enojo tambi\u00e9n apunta a lo que consideran una falta de respeto hacia la memoria de Nora: \u201cNo se pueden burlar de mi vieja de esa manera. De nosotros, que estamos en vida y podemos defendernos, pero ella no\u201d.<\/p>\n<p>Marcelo coincide en que el Poder Judicial tiene ahora una oportunidad hist\u00f3rica: \u201cYo creo que <b>el poder judicial tiene la gran oportunidad en este momento de reivindicarse <\/b>frente a Nora Dalmasso y la familia\u201d.<\/p>\n<p>Al recordar a Nora, su marido dijo que fue una p\u00e9rdida irreparable. \u201cUna mujer espectacular, muy comprometida con la sociedad de R\u00edo Cuarto\u201d, la describe Marcelo, quien tambi\u00e9n denuncia el tratamiento medi\u00e1tico que sufri\u00f3: \u201c<b>La mataron con comentarios\u2026 totalmente machistas\u201d, <\/b>enfatiz\u00f3.<\/p>\n<p>Facundo, en tanto, evoc\u00f3 a escenas cotidianas para recordarla: \u201cMi mam\u00e1 cantaba, le encantaba cantar y se pon\u00eda a hacer karaoke en casa los domingos a la ma\u00f1ana\u201d. Y rescata su personalidad: \u201cEra una mina muy franca\u2026 hubiera puesto las cosas en su lugar\u201d.<\/p>\n<p>Ese contraste entre la vida y la muerte, entre el recuerdo y la falta de justicia, atraviesa toda la entrevista. Incluso en el lenguaje que utilizan para referirse al crimen. \u201c<b>Nos cuesta decir \u2018la asesinaron\u2019\u201d,<\/b> admiti\u00f3 Marcelo. \u201cInterpretamos en nuestra mente que a Nora la mataron\u2026 pero tenemos bien claro que fue un femicidio\u201d.<\/p>\n<p>Facundo tambi\u00e9n reconoce esa dificultad: \u201cS\u00e9 que fue un crimen horrendo\u2026 pero creo que es m\u00e1s digno recordarla como una persona que muri\u00f3\u201d.<\/p>\n<p>El relato de las horas posteriores al asesinato refleja el shock y la deshumanizaci\u00f3n medi\u00e1tica. \u201cNunca me avisaron por tel\u00e9fono que ella hab\u00eda muerto\u201d, cuenta Facundo. Y recuerda el momento en que se enter\u00f3 por la radio: \u201cDec\u00edan: \u2018Encontraron a una mujer semidesnuda, muerta en su cama\u2019\u2026 ah\u00ed sal\u00ed r\u00e1pido y me quebr\u00e9. Fue espantoso\u201d.<\/p>\n<p>Facundo Macarr\u00f3n tambi\u00e9n denunci\u00f3 que la investigaci\u00f3n estuvo atravesada por <b>pr\u00e1cticas intimidatorias y prejuicios discriminatorios. <\/b>Seg\u00fan relat\u00f3, sus amigos y su pareja fueron citados reiteradamente a declarar, en algunos casos hasta tres veces, y sometidos a extensos interrogatorios bajo advertencias vinculadas al delito de falso testimonio. <\/p>\n<p><img loading=\"lazy\" decoding=\"async\" src=\"https:\/\/lobosnews.com.ar\/wp-content\/uploads\/2026\/04\/facundo-macarron-por-culpa-de-la-justicia-el-crimen-de-mi-mama-no-esta-resuelto-y-tenes-a-un-violador-y-asesino-suelto-2.jpg\" alt=\"\u201cNos cuesta decir \u2018la asesinaron\u2019\u201d, admiti\u00f3 Marcelo. \u201cInterpretamos en nuestra mente que a Nora la mataron\u2026 pero tenemos bien claro que fue un femicidio\u201d\" height=\"487\" width=\"769\"\/><\/p>\n<p>En ese contexto, apunt\u00f3 directamente contra parte del equipo del fiscal Di Santo, al que acus\u00f3 de haber introducido un sesgo homof\u00f3bico en la causa. <b>\u201cEmpez\u00f3 la homofobia\u201d,<\/b> afirm\u00f3, al recordar que a su entorno le dec\u00edan que <b>\u201clos gays tienden al delito<\/b>\u201d. Incluso asegur\u00f3 que se lo vinculaba a \u00e9l con un supuesto \u201cambiente violento\u201d por su orientaci\u00f3n sexual. <\/p>\n<p><b>\u201cLa base del fiscal Di Santo y de todos los fiscales fue el prejuicio, nunca una prueba\u201d,<\/b> concluy\u00f3, cuestionando la legitimidad de una investigaci\u00f3n que, seg\u00fan su mirada, se construy\u00f3 m\u00e1s sobre estigmas que sobre evidencias. <b>\u201cDec\u00edan que yo discut\u00ed con mi mam\u00e1 porque soy gay y luego la mat\u00e9\u201d,<\/b> remarc\u00f3 Facundo.<\/p>\n<p>\u201c<b>Solo una persona muy, muy macabra puede pensar una cosa as\u00ed.<\/b> Hay que tener pruebas para acusar a alguien de, de matricida. El tipo no ten\u00eda conocimientos de psicolog\u00eda. <b>Me hizo salir del cl\u00f3set a las patadas porque nadie sab\u00eda en ese momento<\/b>. Yo no estaba listo para asumirme. A lo mejor era bisexual, qu\u00e9 s\u00e9 yo\u201d, admiti\u00f3 Facundo.<\/p>\n<p>A dos d\u00e9cadas del crimen, el caso Dalmasso sigue siendo, para la familia, una historia de dolor sin cierre. <b>\u201cHace veinte a\u00f1os que pido justicia\u201d, <\/b>concluy\u00f3 Marcelo.<\/p>\n<p>Una justicia que hasta ahora no lleg\u00f3.<\/p>\n","protected":false},"excerpt":{"rendered":"<p>A veinte a\u00f1os del crimen de Nora Dalmasso, el caso sigue siendo una herida abierta para la familia Macarr\u00f3n y un s\u00edmbolo de las fallas estructurales de la justicia. En el marco del jury que investiga el accionar de los fiscales que llevaron adelante distintas etapas de la causa, Marcelo Macarr\u00f3n y su hijo Facundo&#8230;<\/p>\n","protected":false},"author":1,"featured_media":46219,"comment_status":"open","ping_status":"closed","sticky":false,"template":"","format":"standard","meta":{"_jetpack_memberships_contains_paid_content":false,"footnotes":""},"categories":[31,30,32,77,84,35,36,37],"tags":[],"class_list":["post-46214","post","type-post","status-publish","format-standard","has-post-thumbnail","hentry","category-actualidad","category-argentina","category-economia","category-inseguridad","category-masradios-com","category-nacionales","category-seguridad","category-sociedad"],"magazineBlocksPostFeaturedMedia":{"thumbnail":"https:\/\/lobosnews.com.ar\/wp-content\/uploads\/2026\/04\/facundo-macarron-por-culpa-de-la-justicia-el-crimen-de-mi-mama-no-esta-resuelto-y-tenes-a-un-violador-y-asesino-suelto-4-150x150.jpg","medium":"https:\/\/lobosnews.com.ar\/wp-content\/uploads\/2026\/04\/facundo-macarron-por-culpa-de-la-justicia-el-crimen-de-mi-mama-no-esta-resuelto-y-tenes-a-un-violador-y-asesino-suelto-4-300x190.jpg","medium_large":"https:\/\/lobosnews.com.ar\/wp-content\/uploads\/2026\/04\/facundo-macarron-por-culpa-de-la-justicia-el-crimen-de-mi-mama-no-esta-resuelto-y-tenes-a-un-violador-y-asesino-suelto-4.jpg","large":"https:\/\/lobosnews.com.ar\/wp-content\/uploads\/2026\/04\/facundo-macarron-por-culpa-de-la-justicia-el-crimen-de-mi-mama-no-esta-resuelto-y-tenes-a-un-violador-y-asesino-suelto-4.jpg","1536x1536":"https:\/\/lobosnews.com.ar\/wp-content\/uploads\/2026\/04\/facundo-macarron-por-culpa-de-la-justicia-el-crimen-de-mi-mama-no-esta-resuelto-y-tenes-a-un-violador-y-asesino-suelto-4.jpg","2048x2048":"https:\/\/lobosnews.com.ar\/wp-content\/uploads\/2026\/04\/facundo-macarron-por-culpa-de-la-justicia-el-crimen-de-mi-mama-no-esta-resuelto-y-tenes-a-un-violador-y-asesino-suelto-4.jpg","newsmatic-featured":"https:\/\/lobosnews.com.ar\/wp-content\/uploads\/2026\/04\/facundo-macarron-por-culpa-de-la-justicia-el-crimen-de-mi-mama-no-esta-resuelto-y-tenes-a-un-violador-y-asesino-suelto-4.jpg","newsmatic-list":"https:\/\/lobosnews.com.ar\/wp-content\/uploads\/2026\/04\/facundo-macarron-por-culpa-de-la-justicia-el-crimen-de-mi-mama-no-esta-resuelto-y-tenes-a-un-violador-y-asesino-suelto-4-600x400.jpg","newsmatic-thumb":"https:\/\/lobosnews.com.ar\/wp-content\/uploads\/2026\/04\/facundo-macarron-por-culpa-de-la-justicia-el-crimen-de-mi-mama-no-esta-resuelto-y-tenes-a-un-violador-y-asesino-suelto-4-300x200.jpg","newsmatic-small":"https:\/\/lobosnews.com.ar\/wp-content\/uploads\/2026\/04\/facundo-macarron-por-culpa-de-la-justicia-el-crimen-de-mi-mama-no-esta-resuelto-y-tenes-a-un-violador-y-asesino-suelto-4-150x95.jpg","newsmatic-grid":"https:\/\/lobosnews.com.ar\/wp-content\/uploads\/2026\/04\/facundo-macarron-por-culpa-de-la-justicia-el-crimen-de-mi-mama-no-esta-resuelto-y-tenes-a-un-violador-y-asesino-suelto-4-400x250.jpg"},"magazineBlocksPostAuthor":{"name":"admin","avatar":"https:\/\/secure.gravatar.com\/avatar\/76e419471a2083bc3ceab22a763dbbf9b0c1bd15a6214cf3280e2c2dde4580f9?s=96&d=mm&r=g"},"magazineBlocksPostCommentsNumber":"0","magazineBlocksPostExcerpt":"A veinte a\u00f1os del crimen de Nora Dalmasso, el caso sigue siendo una herida abierta para la familia Macarr\u00f3n y un s\u00edmbolo de las fallas estructurales de la justicia. En el marco del jury que investiga el accionar de los fiscales que llevaron adelante distintas etapas de la causa, Marcelo Macarr\u00f3n y su hijo Facundo...","magazineBlocksPostCategories":["Actualidad","Argentina","econom\u00eda","inseguridad","masradios.com","nacionales","seguridad","sociedad"],"magazineBlocksPostViewCount":2,"magazineBlocksPostReadTime":7,"magazine_blocks_featured_image_url":{"full":["https:\/\/lobosnews.com.ar\/wp-content\/uploads\/2026\/04\/facundo-macarron-por-culpa-de-la-justicia-el-crimen-de-mi-mama-no-esta-resuelto-y-tenes-a-un-violador-y-asesino-suelto-4.jpg",769,487,false],"medium":["https:\/\/lobosnews.com.ar\/wp-content\/uploads\/2026\/04\/facundo-macarron-por-culpa-de-la-justicia-el-crimen-de-mi-mama-no-esta-resuelto-y-tenes-a-un-violador-y-asesino-suelto-4-300x190.jpg",300,190,true],"thumbnail":["https:\/\/lobosnews.com.ar\/wp-content\/uploads\/2026\/04\/facundo-macarron-por-culpa-de-la-justicia-el-crimen-de-mi-mama-no-esta-resuelto-y-tenes-a-un-violador-y-asesino-suelto-4-150x150.jpg",150,150,true]},"magazine_blocks_author":{"display_name":"admin","author_link":"https:\/\/lobosnews.com.ar\/index.php\/author\/lobos-news\/"},"magazine_blocks_comment":0,"magazine_blocks_author_image":"https:\/\/secure.gravatar.com\/avatar\/76e419471a2083bc3ceab22a763dbbf9b0c1bd15a6214cf3280e2c2dde4580f9?s=96&d=mm&r=g","magazine_blocks_category":"<a href=\"#\" class=\"category-link category-link-31\">Actualidad<\/a> <a href=\"#\" class=\"category-link category-link-30\">Argentina<\/a> <a href=\"#\" class=\"category-link category-link-32\">econom\u00eda<\/a> <a href=\"#\" class=\"category-link category-link-77\">inseguridad<\/a> <a href=\"#\" class=\"category-link category-link-84\">masradios.com<\/a> <a href=\"#\" class=\"category-link category-link-35\">nacionales<\/a> <a href=\"#\" class=\"category-link category-link-36\">seguridad<\/a> <a href=\"#\" class=\"category-link category-link-37\">sociedad<\/a>","yoast_head":"<!-- This site is optimized with the Yoast SEO plugin v26.6 - https:\/\/yoast.com\/wordpress\/plugins\/seo\/ -->\n<title>Facundo Macarr\u00f3n: \u201cPor culpa de la justicia el crimen de mi mam\u00e1 no est\u00e1 resuelto y ten\u00e9s a un violador y asesino suelto\u201d - Lobos News<\/title>\n<meta name=\"robots\" content=\"index, follow, max-snippet:-1, max-image-preview:large, max-video-preview:-1\" \/>\n<link rel=\"canonical\" href=\"https:\/\/lobosnews.com.ar\/index.php\/2026\/04\/27\/facundo-macarron-por-culpa-de-la-justicia-el-crimen-de-mi-mama-no-esta-resuelto-y-tenes-a-un-violador-y-asesino-suelto\/\" \/>\n<meta property=\"og:locale\" content=\"es_ES\" \/>\n<meta property=\"og:type\" content=\"article\" \/>\n<meta property=\"og:title\" content=\"Facundo Macarr\u00f3n: \u201cPor culpa de la justicia el crimen de mi mam\u00e1 no est\u00e1 resuelto y ten\u00e9s a un violador y asesino suelto\u201d - Lobos News\" \/>\n<meta property=\"og:description\" content=\"A veinte a\u00f1os del crimen de Nora Dalmasso, el caso sigue siendo una herida abierta para la familia Macarr\u00f3n y un s\u00edmbolo de las fallas estructurales de la justicia. En el marco del jury que investiga el accionar de los fiscales que llevaron adelante distintas etapas de la causa, Marcelo Macarr\u00f3n y su hijo Facundo...\" \/>\n<meta property=\"og:url\" content=\"https:\/\/lobosnews.com.ar\/index.php\/2026\/04\/27\/facundo-macarron-por-culpa-de-la-justicia-el-crimen-de-mi-mama-no-esta-resuelto-y-tenes-a-un-violador-y-asesino-suelto\/\" \/>\n<meta property=\"og:site_name\" content=\"Lobos News\" \/>\n<meta property=\"article:published_time\" content=\"2026-04-27T12:56:47+00:00\" \/>\n<meta property=\"article:modified_time\" content=\"2026-04-27T15:00:58+00:00\" \/>\n<meta property=\"og:image\" content=\"https:\/\/lobosnews.com.ar\/wp-content\/uploads\/2026\/04\/facundo-macarron-por-culpa-de-la-justicia-el-crimen-de-mi-mama-no-esta-resuelto-y-tenes-a-un-violador-y-asesino-suelto.jpg\" \/>\n<meta name=\"author\" content=\"admin\" \/>\n<meta name=\"twitter:card\" content=\"summary_large_image\" \/>\n<meta name=\"twitter:label1\" content=\"Escrito por\" \/>\n\t<meta name=\"twitter:data1\" content=\"admin\" \/>\n\t<meta name=\"twitter:label2\" content=\"Tiempo de lectura\" \/>\n\t<meta name=\"twitter:data2\" content=\"7 minutos\" \/>\n<script type=\"application\/ld+json\" class=\"yoast-schema-graph\">{\"@context\":\"https:\/\/schema.org\",\"@graph\":[{\"@type\":\"Article\",\"@id\":\"https:\/\/lobosnews.com.ar\/index.php\/2026\/04\/27\/facundo-macarron-por-culpa-de-la-justicia-el-crimen-de-mi-mama-no-esta-resuelto-y-tenes-a-un-violador-y-asesino-suelto\/#article\",\"isPartOf\":{\"@id\":\"https:\/\/lobosnews.com.ar\/index.php\/2026\/04\/27\/facundo-macarron-por-culpa-de-la-justicia-el-crimen-de-mi-mama-no-esta-resuelto-y-tenes-a-un-violador-y-asesino-suelto\/\"},\"author\":{\"name\":\"admin\",\"@id\":\"https:\/\/lobosnews.com.ar\/#\/schema\/person\/232422a593d5c541dd9aef6aaed10943\"},\"headline\":\"Facundo Macarr\u00f3n: \u201cPor culpa de la justicia el crimen de mi mam\u00e1 no est\u00e1 resuelto y ten\u00e9s a un violador y asesino suelto\u201d\",\"datePublished\":\"2026-04-27T12:56:47+00:00\",\"dateModified\":\"2026-04-27T15:00:58+00:00\",\"mainEntityOfPage\":{\"@id\":\"https:\/\/lobosnews.com.ar\/index.php\/2026\/04\/27\/facundo-macarron-por-culpa-de-la-justicia-el-crimen-de-mi-mama-no-esta-resuelto-y-tenes-a-un-violador-y-asesino-suelto\/\"},\"wordCount\":1386,\"commentCount\":0,\"publisher\":{\"@id\":\"https:\/\/lobosnews.com.ar\/#organization\"},\"image\":{\"@id\":\"https:\/\/lobosnews.com.ar\/index.php\/2026\/04\/27\/facundo-macarron-por-culpa-de-la-justicia-el-crimen-de-mi-mama-no-esta-resuelto-y-tenes-a-un-violador-y-asesino-suelto\/#primaryimage\"},\"thumbnailUrl\":\"https:\/\/lobosnews.com.ar\/wp-content\/uploads\/2026\/04\/facundo-macarron-por-culpa-de-la-justicia-el-crimen-de-mi-mama-no-esta-resuelto-y-tenes-a-un-violador-y-asesino-suelto-4.jpg\",\"articleSection\":[\"Actualidad\",\"Argentina\",\"econom\u00eda\",\"inseguridad\",\"masradios.com\",\"nacionales\",\"seguridad\",\"sociedad\"],\"inLanguage\":\"es\",\"potentialAction\":[{\"@type\":\"CommentAction\",\"name\":\"Comment\",\"target\":[\"https:\/\/lobosnews.com.ar\/index.php\/2026\/04\/27\/facundo-macarron-por-culpa-de-la-justicia-el-crimen-de-mi-mama-no-esta-resuelto-y-tenes-a-un-violador-y-asesino-suelto\/#respond\"]}]},{\"@type\":\"WebPage\",\"@id\":\"https:\/\/lobosnews.com.ar\/index.php\/2026\/04\/27\/facundo-macarron-por-culpa-de-la-justicia-el-crimen-de-mi-mama-no-esta-resuelto-y-tenes-a-un-violador-y-asesino-suelto\/\",\"url\":\"https:\/\/lobosnews.com.ar\/index.php\/2026\/04\/27\/facundo-macarron-por-culpa-de-la-justicia-el-crimen-de-mi-mama-no-esta-resuelto-y-tenes-a-un-violador-y-asesino-suelto\/\",\"name\":\"Facundo Macarr\u00f3n: \u201cPor culpa de la justicia el crimen de mi mam\u00e1 no est\u00e1 resuelto y ten\u00e9s a un violador y asesino suelto\u201d - Lobos News\",\"isPartOf\":{\"@id\":\"https:\/\/lobosnews.com.ar\/#website\"},\"primaryImageOfPage\":{\"@id\":\"https:\/\/lobosnews.com.ar\/index.php\/2026\/04\/27\/facundo-macarron-por-culpa-de-la-justicia-el-crimen-de-mi-mama-no-esta-resuelto-y-tenes-a-un-violador-y-asesino-suelto\/#primaryimage\"},\"image\":{\"@id\":\"https:\/\/lobosnews.com.ar\/index.php\/2026\/04\/27\/facundo-macarron-por-culpa-de-la-justicia-el-crimen-de-mi-mama-no-esta-resuelto-y-tenes-a-un-violador-y-asesino-suelto\/#primaryimage\"},\"thumbnailUrl\":\"https:\/\/lobosnews.com.ar\/wp-content\/uploads\/2026\/04\/facundo-macarron-por-culpa-de-la-justicia-el-crimen-de-mi-mama-no-esta-resuelto-y-tenes-a-un-violador-y-asesino-suelto-4.jpg\",\"datePublished\":\"2026-04-27T12:56:47+00:00\",\"dateModified\":\"2026-04-27T15:00:58+00:00\",\"breadcrumb\":{\"@id\":\"https:\/\/lobosnews.com.ar\/index.php\/2026\/04\/27\/facundo-macarron-por-culpa-de-la-justicia-el-crimen-de-mi-mama-no-esta-resuelto-y-tenes-a-un-violador-y-asesino-suelto\/#breadcrumb\"},\"inLanguage\":\"es\",\"potentialAction\":[{\"@type\":\"ReadAction\",\"target\":[\"https:\/\/lobosnews.com.ar\/index.php\/2026\/04\/27\/facundo-macarron-por-culpa-de-la-justicia-el-crimen-de-mi-mama-no-esta-resuelto-y-tenes-a-un-violador-y-asesino-suelto\/\"]}]},{\"@type\":\"ImageObject\",\"inLanguage\":\"es\",\"@id\":\"https:\/\/lobosnews.com.ar\/index.php\/2026\/04\/27\/facundo-macarron-por-culpa-de-la-justicia-el-crimen-de-mi-mama-no-esta-resuelto-y-tenes-a-un-violador-y-asesino-suelto\/#primaryimage\",\"url\":\"https:\/\/lobosnews.com.ar\/wp-content\/uploads\/2026\/04\/facundo-macarron-por-culpa-de-la-justicia-el-crimen-de-mi-mama-no-esta-resuelto-y-tenes-a-un-violador-y-asesino-suelto-4.jpg\",\"contentUrl\":\"https:\/\/lobosnews.com.ar\/wp-content\/uploads\/2026\/04\/facundo-macarron-por-culpa-de-la-justicia-el-crimen-de-mi-mama-no-esta-resuelto-y-tenes-a-un-violador-y-asesino-suelto-4.jpg\",\"width\":769,\"height\":487,\"caption\":\"Facundo Macarr\u00f3n: \u201cPor culpa de la justicia el crimen de mi mam\u00e1 no est\u00e1 resuelto y ten\u00e9s a un violador y asesino suelto\u201d\"},{\"@type\":\"BreadcrumbList\",\"@id\":\"https:\/\/lobosnews.com.ar\/index.php\/2026\/04\/27\/facundo-macarron-por-culpa-de-la-justicia-el-crimen-de-mi-mama-no-esta-resuelto-y-tenes-a-un-violador-y-asesino-suelto\/#breadcrumb\",\"itemListElement\":[{\"@type\":\"ListItem\",\"position\":1,\"name\":\"Portada\",\"item\":\"https:\/\/lobosnews.com.ar\/\"},{\"@type\":\"ListItem\",\"position\":2,\"name\":\"Facundo Macarr\u00f3n: \u201cPor culpa de la justicia el crimen de mi mam\u00e1 no est\u00e1 resuelto y ten\u00e9s a un violador y asesino suelto\u201d\"}]},{\"@type\":\"WebSite\",\"@id\":\"https:\/\/lobosnews.com.ar\/#website\",\"url\":\"https:\/\/lobosnews.com.ar\/\",\"name\":\"Lobos News\",\"description\":\"Informaci\u00f3n a cada instante\",\"publisher\":{\"@id\":\"https:\/\/lobosnews.com.ar\/#organization\"},\"potentialAction\":[{\"@type\":\"SearchAction\",\"target\":{\"@type\":\"EntryPoint\",\"urlTemplate\":\"https:\/\/lobosnews.com.ar\/?s={search_term_string}\"},\"query-input\":{\"@type\":\"PropertyValueSpecification\",\"valueRequired\":true,\"valueName\":\"search_term_string\"}}],\"inLanguage\":\"es\"},{\"@type\":\"Organization\",\"@id\":\"https:\/\/lobosnews.com.ar\/#organization\",\"name\":\"Lobos News\",\"url\":\"https:\/\/lobosnews.com.ar\/\",\"logo\":{\"@type\":\"ImageObject\",\"inLanguage\":\"es\",\"@id\":\"https:\/\/lobosnews.com.ar\/#\/schema\/logo\/image\/\",\"url\":\"https:\/\/lobosnews.com.ar\/wp-content\/uploads\/2026\/01\/logo-lobosnews.png\",\"contentUrl\":\"https:\/\/lobosnews.com.ar\/wp-content\/uploads\/2026\/01\/logo-lobosnews.png\",\"width\":500,\"height\":200,\"caption\":\"Lobos News\"},\"image\":{\"@id\":\"https:\/\/lobosnews.com.ar\/#\/schema\/logo\/image\/\"}},{\"@type\":\"Person\",\"@id\":\"https:\/\/lobosnews.com.ar\/#\/schema\/person\/232422a593d5c541dd9aef6aaed10943\",\"name\":\"admin\",\"image\":{\"@type\":\"ImageObject\",\"inLanguage\":\"es\",\"@id\":\"https:\/\/lobosnews.com.ar\/#\/schema\/person\/image\/\",\"url\":\"https:\/\/secure.gravatar.com\/avatar\/76e419471a2083bc3ceab22a763dbbf9b0c1bd15a6214cf3280e2c2dde4580f9?s=96&d=mm&r=g\",\"contentUrl\":\"https:\/\/secure.gravatar.com\/avatar\/76e419471a2083bc3ceab22a763dbbf9b0c1bd15a6214cf3280e2c2dde4580f9?s=96&d=mm&r=g\",\"caption\":\"admin\"},\"sameAs\":[\"https:\/\/lobosnews.com.ar\"],\"url\":\"https:\/\/lobosnews.com.ar\/index.php\/author\/lobos-news\/\"}]}<\/script>\n<!-- \/ Yoast SEO plugin. -->","yoast_head_json":{"title":"Facundo Macarr\u00f3n: \u201cPor culpa de la justicia el crimen de mi mam\u00e1 no est\u00e1 resuelto y ten\u00e9s a un violador y asesino suelto\u201d - Lobos News","robots":{"index":"index","follow":"follow","max-snippet":"max-snippet:-1","max-image-preview":"max-image-preview:large","max-video-preview":"max-video-preview:-1"},"canonical":"https:\/\/lobosnews.com.ar\/index.php\/2026\/04\/27\/facundo-macarron-por-culpa-de-la-justicia-el-crimen-de-mi-mama-no-esta-resuelto-y-tenes-a-un-violador-y-asesino-suelto\/","og_locale":"es_ES","og_type":"article","og_title":"Facundo Macarr\u00f3n: \u201cPor culpa de la justicia el crimen de mi mam\u00e1 no est\u00e1 resuelto y ten\u00e9s a un violador y asesino suelto\u201d - Lobos News","og_description":"A veinte a\u00f1os del crimen de Nora Dalmasso, el caso sigue siendo una herida abierta para la familia Macarr\u00f3n y un s\u00edmbolo de las fallas estructurales de la justicia. En el marco del jury que investiga el accionar de los fiscales que llevaron adelante distintas etapas de la causa, Marcelo Macarr\u00f3n y su hijo Facundo...","og_url":"https:\/\/lobosnews.com.ar\/index.php\/2026\/04\/27\/facundo-macarron-por-culpa-de-la-justicia-el-crimen-de-mi-mama-no-esta-resuelto-y-tenes-a-un-violador-y-asesino-suelto\/","og_site_name":"Lobos News","article_published_time":"2026-04-27T12:56:47+00:00","article_modified_time":"2026-04-27T15:00:58+00:00","og_image":[{"url":"https:\/\/lobosnews.com.ar\/wp-content\/uploads\/2026\/04\/facundo-macarron-por-culpa-de-la-justicia-el-crimen-de-mi-mama-no-esta-resuelto-y-tenes-a-un-violador-y-asesino-suelto.jpg","type":"","width":"","height":""}],"author":"admin","twitter_card":"summary_large_image","twitter_misc":{"Escrito por":"admin","Tiempo de lectura":"7 minutos"},"schema":{"@context":"https:\/\/schema.org","@graph":[{"@type":"Article","@id":"https:\/\/lobosnews.com.ar\/index.php\/2026\/04\/27\/facundo-macarron-por-culpa-de-la-justicia-el-crimen-de-mi-mama-no-esta-resuelto-y-tenes-a-un-violador-y-asesino-suelto\/#article","isPartOf":{"@id":"https:\/\/lobosnews.com.ar\/index.php\/2026\/04\/27\/facundo-macarron-por-culpa-de-la-justicia-el-crimen-de-mi-mama-no-esta-resuelto-y-tenes-a-un-violador-y-asesino-suelto\/"},"author":{"name":"admin","@id":"https:\/\/lobosnews.com.ar\/#\/schema\/person\/232422a593d5c541dd9aef6aaed10943"},"headline":"Facundo Macarr\u00f3n: \u201cPor culpa de la justicia el crimen de mi mam\u00e1 no est\u00e1 resuelto y ten\u00e9s a un violador y asesino suelto\u201d","datePublished":"2026-04-27T12:56:47+00:00","dateModified":"2026-04-27T15:00:58+00:00","mainEntityOfPage":{"@id":"https:\/\/lobosnews.com.ar\/index.php\/2026\/04\/27\/facundo-macarron-por-culpa-de-la-justicia-el-crimen-de-mi-mama-no-esta-resuelto-y-tenes-a-un-violador-y-asesino-suelto\/"},"wordCount":1386,"commentCount":0,"publisher":{"@id":"https:\/\/lobosnews.com.ar\/#organization"},"image":{"@id":"https:\/\/lobosnews.com.ar\/index.php\/2026\/04\/27\/facundo-macarron-por-culpa-de-la-justicia-el-crimen-de-mi-mama-no-esta-resuelto-y-tenes-a-un-violador-y-asesino-suelto\/#primaryimage"},"thumbnailUrl":"https:\/\/lobosnews.com.ar\/wp-content\/uploads\/2026\/04\/facundo-macarron-por-culpa-de-la-justicia-el-crimen-de-mi-mama-no-esta-resuelto-y-tenes-a-un-violador-y-asesino-suelto-4.jpg","articleSection":["Actualidad","Argentina","econom\u00eda","inseguridad","masradios.com","nacionales","seguridad","sociedad"],"inLanguage":"es","potentialAction":[{"@type":"CommentAction","name":"Comment","target":["https:\/\/lobosnews.com.ar\/index.php\/2026\/04\/27\/facundo-macarron-por-culpa-de-la-justicia-el-crimen-de-mi-mama-no-esta-resuelto-y-tenes-a-un-violador-y-asesino-suelto\/#respond"]}]},{"@type":"WebPage","@id":"https:\/\/lobosnews.com.ar\/index.php\/2026\/04\/27\/facundo-macarron-por-culpa-de-la-justicia-el-crimen-de-mi-mama-no-esta-resuelto-y-tenes-a-un-violador-y-asesino-suelto\/","url":"https:\/\/lobosnews.com.ar\/index.php\/2026\/04\/27\/facundo-macarron-por-culpa-de-la-justicia-el-crimen-de-mi-mama-no-esta-resuelto-y-tenes-a-un-violador-y-asesino-suelto\/","name":"Facundo Macarr\u00f3n: \u201cPor culpa de la justicia el crimen de mi mam\u00e1 no est\u00e1 resuelto y ten\u00e9s a un violador y asesino suelto\u201d - Lobos News","isPartOf":{"@id":"https:\/\/lobosnews.com.ar\/#website"},"primaryImageOfPage":{"@id":"https:\/\/lobosnews.com.ar\/index.php\/2026\/04\/27\/facundo-macarron-por-culpa-de-la-justicia-el-crimen-de-mi-mama-no-esta-resuelto-y-tenes-a-un-violador-y-asesino-suelto\/#primaryimage"},"image":{"@id":"https:\/\/lobosnews.com.ar\/index.php\/2026\/04\/27\/facundo-macarron-por-culpa-de-la-justicia-el-crimen-de-mi-mama-no-esta-resuelto-y-tenes-a-un-violador-y-asesino-suelto\/#primaryimage"},"thumbnailUrl":"https:\/\/lobosnews.com.ar\/wp-content\/uploads\/2026\/04\/facundo-macarron-por-culpa-de-la-justicia-el-crimen-de-mi-mama-no-esta-resuelto-y-tenes-a-un-violador-y-asesino-suelto-4.jpg","datePublished":"2026-04-27T12:56:47+00:00","dateModified":"2026-04-27T15:00:58+00:00","breadcrumb":{"@id":"https:\/\/lobosnews.com.ar\/index.php\/2026\/04\/27\/facundo-macarron-por-culpa-de-la-justicia-el-crimen-de-mi-mama-no-esta-resuelto-y-tenes-a-un-violador-y-asesino-suelto\/#breadcrumb"},"inLanguage":"es","potentialAction":[{"@type":"ReadAction","target":["https:\/\/lobosnews.com.ar\/index.php\/2026\/04\/27\/facundo-macarron-por-culpa-de-la-justicia-el-crimen-de-mi-mama-no-esta-resuelto-y-tenes-a-un-violador-y-asesino-suelto\/"]}]},{"@type":"ImageObject","inLanguage":"es","@id":"https:\/\/lobosnews.com.ar\/index.php\/2026\/04\/27\/facundo-macarron-por-culpa-de-la-justicia-el-crimen-de-mi-mama-no-esta-resuelto-y-tenes-a-un-violador-y-asesino-suelto\/#primaryimage","url":"https:\/\/lobosnews.com.ar\/wp-content\/uploads\/2026\/04\/facundo-macarron-por-culpa-de-la-justicia-el-crimen-de-mi-mama-no-esta-resuelto-y-tenes-a-un-violador-y-asesino-suelto-4.jpg","contentUrl":"https:\/\/lobosnews.com.ar\/wp-content\/uploads\/2026\/04\/facundo-macarron-por-culpa-de-la-justicia-el-crimen-de-mi-mama-no-esta-resuelto-y-tenes-a-un-violador-y-asesino-suelto-4.jpg","width":769,"height":487,"caption":"Facundo Macarr\u00f3n: \u201cPor culpa de la justicia el crimen de mi mam\u00e1 no est\u00e1 resuelto y ten\u00e9s a un violador y asesino suelto\u201d"},{"@type":"BreadcrumbList","@id":"https:\/\/lobosnews.com.ar\/index.php\/2026\/04\/27\/facundo-macarron-por-culpa-de-la-justicia-el-crimen-de-mi-mama-no-esta-resuelto-y-tenes-a-un-violador-y-asesino-suelto\/#breadcrumb","itemListElement":[{"@type":"ListItem","position":1,"name":"Portada","item":"https:\/\/lobosnews.com.ar\/"},{"@type":"ListItem","position":2,"name":"Facundo Macarr\u00f3n: \u201cPor culpa de la justicia el crimen de mi mam\u00e1 no est\u00e1 resuelto y ten\u00e9s a un violador y asesino suelto\u201d"}]},{"@type":"WebSite","@id":"https:\/\/lobosnews.com.ar\/#website","url":"https:\/\/lobosnews.com.ar\/","name":"Lobos News","description":"Informaci\u00f3n a cada instante","publisher":{"@id":"https:\/\/lobosnews.com.ar\/#organization"},"potentialAction":[{"@type":"SearchAction","target":{"@type":"EntryPoint","urlTemplate":"https:\/\/lobosnews.com.ar\/?s={search_term_string}"},"query-input":{"@type":"PropertyValueSpecification","valueRequired":true,"valueName":"search_term_string"}}],"inLanguage":"es"},{"@type":"Organization","@id":"https:\/\/lobosnews.com.ar\/#organization","name":"Lobos News","url":"https:\/\/lobosnews.com.ar\/","logo":{"@type":"ImageObject","inLanguage":"es","@id":"https:\/\/lobosnews.com.ar\/#\/schema\/logo\/image\/","url":"https:\/\/lobosnews.com.ar\/wp-content\/uploads\/2026\/01\/logo-lobosnews.png","contentUrl":"https:\/\/lobosnews.com.ar\/wp-content\/uploads\/2026\/01\/logo-lobosnews.png","width":500,"height":200,"caption":"Lobos News"},"image":{"@id":"https:\/\/lobosnews.com.ar\/#\/schema\/logo\/image\/"}},{"@type":"Person","@id":"https:\/\/lobosnews.com.ar\/#\/schema\/person\/232422a593d5c541dd9aef6aaed10943","name":"admin","image":{"@type":"ImageObject","inLanguage":"es","@id":"https:\/\/lobosnews.com.ar\/#\/schema\/person\/image\/","url":"https:\/\/secure.gravatar.com\/avatar\/76e419471a2083bc3ceab22a763dbbf9b0c1bd15a6214cf3280e2c2dde4580f9?s=96&d=mm&r=g","contentUrl":"https:\/\/secure.gravatar.com\/avatar\/76e419471a2083bc3ceab22a763dbbf9b0c1bd15a6214cf3280e2c2dde4580f9?s=96&d=mm&r=g","caption":"admin"},"sameAs":["https:\/\/lobosnews.com.ar"],"url":"https:\/\/lobosnews.com.ar\/index.php\/author\/lobos-news\/"}]}},"jetpack_featured_media_url":"https:\/\/lobosnews.com.ar\/wp-content\/uploads\/2026\/04\/facundo-macarron-por-culpa-de-la-justicia-el-crimen-de-mi-mama-no-esta-resuelto-y-tenes-a-un-violador-y-asesino-suelto-4.jpg","jetpack_sharing_enabled":true,"_links":{"self":[{"href":"https:\/\/lobosnews.com.ar\/index.php\/wp-json\/wp\/v2\/posts\/46214","targetHints":{"allow":["GET"]}}],"collection":[{"href":"https:\/\/lobosnews.com.ar\/index.php\/wp-json\/wp\/v2\/posts"}],"about":[{"href":"https:\/\/lobosnews.com.ar\/index.php\/wp-json\/wp\/v2\/types\/post"}],"author":[{"embeddable":true,"href":"https:\/\/lobosnews.com.ar\/index.php\/wp-json\/wp\/v2\/users\/1"}],"replies":[{"embeddable":true,"href":"https:\/\/lobosnews.com.ar\/index.php\/wp-json\/wp\/v2\/comments?post=46214"}],"version-history":[{"count":1,"href":"https:\/\/lobosnews.com.ar\/index.php\/wp-json\/wp\/v2\/posts\/46214\/revisions"}],"predecessor-version":[{"id":46218,"href":"https:\/\/lobosnews.com.ar\/index.php\/wp-json\/wp\/v2\/posts\/46214\/revisions\/46218"}],"wp:featuredmedia":[{"embeddable":true,"href":"https:\/\/lobosnews.com.ar\/index.php\/wp-json\/wp\/v2\/media\/46219"}],"wp:attachment":[{"href":"https:\/\/lobosnews.com.ar\/index.php\/wp-json\/wp\/v2\/media?parent=46214"}],"wp:term":[{"taxonomy":"category","embeddable":true,"href":"https:\/\/lobosnews.com.ar\/index.php\/wp-json\/wp\/v2\/categories?post=46214"},{"taxonomy":"post_tag","embeddable":true,"href":"https:\/\/lobosnews.com.ar\/index.php\/wp-json\/wp\/v2\/tags?post=46214"}],"curies":[{"name":"wp","href":"https:\/\/api.w.org\/{rel}","templated":true}]}}