{"id":46204,"date":"2026-04-27T14:51:03","date_gmt":"2026-04-27T14:51:03","guid":{"rendered":"https:\/\/lobosnews.com.ar\/index.php\/2026\/04\/27\/evacuaron-la-facultad-de-sociales-de-la-uba-por-un-incendio-no-hubo-heridos\/"},"modified":"2026-04-27T15:00:52","modified_gmt":"2026-04-27T15:00:52","slug":"evacuaron-la-facultad-de-sociales-de-la-uba-por-un-incendio-no-hubo-heridos","status":"publish","type":"post","link":"https:\/\/lobosnews.com.ar\/index.php\/2026\/04\/27\/evacuaron-la-facultad-de-sociales-de-la-uba-por-un-incendio-no-hubo-heridos\/","title":{"rendered":"Evacuaron la Facultad de Sociales de la UBA por un incendio: no hubo heridos"},"content":{"rendered":"<p><img fetchpriority=\"high\" decoding=\"async\" src=\"https:\/\/lobosnews.com.ar\/wp-content\/uploads\/2026\/04\/evacuaron-la-facultad-de-sociales-de-la-uba-por-un-incendio-no-hubo-heridos.jpg\" alt=\"Evacuaron la Facultad de Sociales por un incendio en un patio. Cr\u00e9dito fotos: @gallettitadeo\" height=\"2048\" width=\"1153\"\/><\/p>\n<p><b>Un incendio en el patio interno de la sede de la Facultad de Ciencias Sociales de la<\/b> <b>Universidad de Buenos Aires<\/b> <b>, ubicada en Santiago del Estero al 1000, en el barrio de Constituci\u00f3n, fue controlado este martes por<\/b> <b>Bomberos de la Ciudad<\/b>. El siniestro se origin\u00f3 en dos contenedores de residuos situados en un espacio abierto de aproximadamente <b>50 metros cuadrados<\/b> dentro del edificio, informaron las autoridades.<\/p>\n<p>Las tareas de ventilaci\u00f3n y control concluyeron sin que se reportaran da\u00f1os materiales de gravedad ni personas heridas, seg\u00fan personal del <b>SAME<\/b>, que asisti\u00f3 por control cl\u00ednico a <b>dos hombres adultos<\/b> en el lugar, sin necesidad de traslado.<\/p>\n<p>En el momento del incidente, el fuego ya era combatido por trabajadores del establecimiento mediante una l\u00ednea fija contra incendios, acci\u00f3n que fue reforzada por el cuerpo de bomberos con una l\u00ednea de <b>38 mm<\/b>, permitiendo el r\u00e1pido dominio de la situaci\u00f3n.<\/p>\n","protected":false},"excerpt":{"rendered":"<p>Un incendio en el patio interno de la sede de la Facultad de Ciencias Sociales de la Universidad de Buenos Aires , ubicada en Santiago del Estero al 1000, en el barrio de Constituci\u00f3n, fue controlado este martes por Bomberos de la Ciudad. El siniestro se origin\u00f3 en dos contenedores de residuos situados en un&#8230;<\/p>\n","protected":false},"author":1,"featured_media":46207,"comment_status":"open","ping_status":"closed","sticky":false,"template":"","format":"standard","meta":{"_jetpack_memberships_contains_paid_content":false,"footnotes":""},"categories":[31,30,32,77,84,35,36,37],"tags":[],"class_list":["post-46204","post","type-post","status-publish","format-standard","has-post-thumbnail","hentry","category-actualidad","category-argentina","category-economia","category-inseguridad","category-masradios-com","category-nacionales","category-seguridad","category-sociedad"],"magazineBlocksPostFeaturedMedia":{"thumbnail":"https:\/\/lobosnews.com.ar\/wp-content\/uploads\/2026\/04\/evacuaron-la-facultad-de-sociales-de-la-uba-por-un-incendio-no-hubo-heridos-150x150.jpg","medium":"https:\/\/lobosnews.com.ar\/wp-content\/uploads\/2026\/04\/evacuaron-la-facultad-de-sociales-de-la-uba-por-un-incendio-no-hubo-heridos-169x300.jpg","medium_large":"https:\/\/lobosnews.com.ar\/wp-content\/uploads\/2026\/04\/evacuaron-la-facultad-de-sociales-de-la-uba-por-un-incendio-no-hubo-heridos-768x1364.jpg","large":"https:\/\/lobosnews.com.ar\/wp-content\/uploads\/2026\/04\/evacuaron-la-facultad-de-sociales-de-la-uba-por-un-incendio-no-hubo-heridos-577x1024.jpg","1536x1536":"https:\/\/lobosnews.com.ar\/wp-content\/uploads\/2026\/04\/evacuaron-la-facultad-de-sociales-de-la-uba-por-un-incendio-no-hubo-heridos-865x1536.jpg","2048x2048":"https:\/\/lobosnews.com.ar\/wp-content\/uploads\/2026\/04\/evacuaron-la-facultad-de-sociales-de-la-uba-por-un-incendio-no-hubo-heridos.jpg","newsmatic-featured":"https:\/\/lobosnews.com.ar\/wp-content\/uploads\/2026\/04\/evacuaron-la-facultad-de-sociales-de-la-uba-por-un-incendio-no-hubo-heridos-820x545.jpg","newsmatic-list":"https:\/\/lobosnews.com.ar\/wp-content\/uploads\/2026\/04\/evacuaron-la-facultad-de-sociales-de-la-uba-por-un-incendio-no-hubo-heridos-600x400.jpg","newsmatic-thumb":"https:\/\/lobosnews.com.ar\/wp-content\/uploads\/2026\/04\/evacuaron-la-facultad-de-sociales-de-la-uba-por-un-incendio-no-hubo-heridos-300x200.jpg","newsmatic-small":"https:\/\/lobosnews.com.ar\/wp-content\/uploads\/2026\/04\/evacuaron-la-facultad-de-sociales-de-la-uba-por-un-incendio-no-hubo-heridos-150x95.jpg","newsmatic-grid":"https:\/\/lobosnews.com.ar\/wp-content\/uploads\/2026\/04\/evacuaron-la-facultad-de-sociales-de-la-uba-por-un-incendio-no-hubo-heridos-400x250.jpg"},"magazineBlocksPostAuthor":{"name":"admin","avatar":"https:\/\/secure.gravatar.com\/avatar\/76e419471a2083bc3ceab22a763dbbf9b0c1bd15a6214cf3280e2c2dde4580f9?s=96&d=mm&r=g"},"magazineBlocksPostCommentsNumber":"0","magazineBlocksPostExcerpt":"Un incendio en el patio interno de la sede de la Facultad de Ciencias Sociales de la Universidad de Buenos Aires , ubicada en Santiago del Estero al 1000, en el barrio de Constituci\u00f3n, fue controlado este martes por Bomberos de la Ciudad. El siniestro se origin\u00f3 en dos contenedores de residuos situados en un...","magazineBlocksPostCategories":["Actualidad","Argentina","econom\u00eda","inseguridad","masradios.com","nacionales","seguridad","sociedad"],"magazineBlocksPostViewCount":1,"magazineBlocksPostReadTime":1,"magazine_blocks_featured_image_url":{"full":["https:\/\/lobosnews.com.ar\/wp-content\/uploads\/2026\/04\/evacuaron-la-facultad-de-sociales-de-la-uba-por-un-incendio-no-hubo-heridos.jpg",1153,2048,false],"medium":["https:\/\/lobosnews.com.ar\/wp-content\/uploads\/2026\/04\/evacuaron-la-facultad-de-sociales-de-la-uba-por-un-incendio-no-hubo-heridos-169x300.jpg",169,300,true],"thumbnail":["https:\/\/lobosnews.com.ar\/wp-content\/uploads\/2026\/04\/evacuaron-la-facultad-de-sociales-de-la-uba-por-un-incendio-no-hubo-heridos-150x150.jpg",150,150,true]},"magazine_blocks_author":{"display_name":"admin","author_link":"https:\/\/lobosnews.com.ar\/index.php\/author\/lobos-news\/"},"magazine_blocks_comment":0,"magazine_blocks_author_image":"https:\/\/secure.gravatar.com\/avatar\/76e419471a2083bc3ceab22a763dbbf9b0c1bd15a6214cf3280e2c2dde4580f9?s=96&d=mm&r=g","magazine_blocks_category":"<a href=\"#\" class=\"category-link category-link-31\">Actualidad<\/a> <a href=\"#\" class=\"category-link category-link-30\">Argentina<\/a> <a href=\"#\" class=\"category-link category-link-32\">econom\u00eda<\/a> <a href=\"#\" class=\"category-link category-link-77\">inseguridad<\/a> <a href=\"#\" class=\"category-link category-link-84\">masradios.com<\/a> <a href=\"#\" class=\"category-link category-link-35\">nacionales<\/a> <a href=\"#\" class=\"category-link category-link-36\">seguridad<\/a> <a href=\"#\" class=\"category-link category-link-37\">sociedad<\/a>","yoast_head":"<!-- This site is optimized with the Yoast SEO plugin v26.6 - https:\/\/yoast.com\/wordpress\/plugins\/seo\/ -->\n<title>Evacuaron la Facultad de Sociales de la UBA por un incendio: no hubo heridos - Lobos News<\/title>\n<meta name=\"robots\" content=\"index, follow, max-snippet:-1, max-image-preview:large, max-video-preview:-1\" \/>\n<link rel=\"canonical\" href=\"https:\/\/lobosnews.com.ar\/index.php\/2026\/04\/27\/evacuaron-la-facultad-de-sociales-de-la-uba-por-un-incendio-no-hubo-heridos\/\" \/>\n<meta property=\"og:locale\" content=\"es_ES\" \/>\n<meta property=\"og:type\" content=\"article\" \/>\n<meta property=\"og:title\" content=\"Evacuaron la Facultad de Sociales de la UBA por un incendio: no hubo heridos - Lobos News\" \/>\n<meta property=\"og:description\" content=\"Un incendio en el patio interno de la sede de la Facultad de Ciencias Sociales de la Universidad de Buenos Aires , ubicada en Santiago del Estero al 1000, en el barrio de Constituci\u00f3n, fue controlado este martes por Bomberos de la Ciudad. El siniestro se origin\u00f3 en dos contenedores de residuos situados en un...\" \/>\n<meta property=\"og:url\" content=\"https:\/\/lobosnews.com.ar\/index.php\/2026\/04\/27\/evacuaron-la-facultad-de-sociales-de-la-uba-por-un-incendio-no-hubo-heridos\/\" \/>\n<meta property=\"og:site_name\" content=\"Lobos News\" \/>\n<meta property=\"article:published_time\" content=\"2026-04-27T14:51:03+00:00\" \/>\n<meta property=\"article:modified_time\" content=\"2026-04-27T15:00:52+00:00\" \/>\n<meta property=\"og:image\" content=\"https:\/\/lobosnews.com.ar\/wp-content\/uploads\/2026\/04\/evacuaron-la-facultad-de-sociales-de-la-uba-por-un-incendio-no-hubo-heridos.jpg\" \/>\n<meta name=\"author\" content=\"admin\" \/>\n<meta name=\"twitter:card\" content=\"summary_large_image\" \/>\n<meta name=\"twitter:label1\" content=\"Escrito por\" \/>\n\t<meta name=\"twitter:data1\" content=\"admin\" \/>\n\t<meta name=\"twitter:label2\" content=\"Tiempo de lectura\" \/>\n\t<meta name=\"twitter:data2\" content=\"1 minuto\" \/>\n<script type=\"application\/ld+json\" class=\"yoast-schema-graph\">{\"@context\":\"https:\/\/schema.org\",\"@graph\":[{\"@type\":\"Article\",\"@id\":\"https:\/\/lobosnews.com.ar\/index.php\/2026\/04\/27\/evacuaron-la-facultad-de-sociales-de-la-uba-por-un-incendio-no-hubo-heridos\/#article\",\"isPartOf\":{\"@id\":\"https:\/\/lobosnews.com.ar\/index.php\/2026\/04\/27\/evacuaron-la-facultad-de-sociales-de-la-uba-por-un-incendio-no-hubo-heridos\/\"},\"author\":{\"name\":\"admin\",\"@id\":\"https:\/\/lobosnews.com.ar\/#\/schema\/person\/232422a593d5c541dd9aef6aaed10943\"},\"headline\":\"Evacuaron la Facultad de Sociales de la UBA por un incendio: no hubo heridos\",\"datePublished\":\"2026-04-27T14:51:03+00:00\",\"dateModified\":\"2026-04-27T15:00:52+00:00\",\"mainEntityOfPage\":{\"@id\":\"https:\/\/lobosnews.com.ar\/index.php\/2026\/04\/27\/evacuaron-la-facultad-de-sociales-de-la-uba-por-un-incendio-no-hubo-heridos\/\"},\"wordCount\":168,\"commentCount\":0,\"publisher\":{\"@id\":\"https:\/\/lobosnews.com.ar\/#organization\"},\"image\":{\"@id\":\"https:\/\/lobosnews.com.ar\/index.php\/2026\/04\/27\/evacuaron-la-facultad-de-sociales-de-la-uba-por-un-incendio-no-hubo-heridos\/#primaryimage\"},\"thumbnailUrl\":\"https:\/\/lobosnews.com.ar\/wp-content\/uploads\/2026\/04\/evacuaron-la-facultad-de-sociales-de-la-uba-por-un-incendio-no-hubo-heridos.jpg\",\"articleSection\":[\"Actualidad\",\"Argentina\",\"econom\u00eda\",\"inseguridad\",\"masradios.com\",\"nacionales\",\"seguridad\",\"sociedad\"],\"inLanguage\":\"es\",\"potentialAction\":[{\"@type\":\"CommentAction\",\"name\":\"Comment\",\"target\":[\"https:\/\/lobosnews.com.ar\/index.php\/2026\/04\/27\/evacuaron-la-facultad-de-sociales-de-la-uba-por-un-incendio-no-hubo-heridos\/#respond\"]}]},{\"@type\":\"WebPage\",\"@id\":\"https:\/\/lobosnews.com.ar\/index.php\/2026\/04\/27\/evacuaron-la-facultad-de-sociales-de-la-uba-por-un-incendio-no-hubo-heridos\/\",\"url\":\"https:\/\/lobosnews.com.ar\/index.php\/2026\/04\/27\/evacuaron-la-facultad-de-sociales-de-la-uba-por-un-incendio-no-hubo-heridos\/\",\"name\":\"Evacuaron la Facultad de Sociales de la UBA por un incendio: no hubo heridos - Lobos News\",\"isPartOf\":{\"@id\":\"https:\/\/lobosnews.com.ar\/#website\"},\"primaryImageOfPage\":{\"@id\":\"https:\/\/lobosnews.com.ar\/index.php\/2026\/04\/27\/evacuaron-la-facultad-de-sociales-de-la-uba-por-un-incendio-no-hubo-heridos\/#primaryimage\"},\"image\":{\"@id\":\"https:\/\/lobosnews.com.ar\/index.php\/2026\/04\/27\/evacuaron-la-facultad-de-sociales-de-la-uba-por-un-incendio-no-hubo-heridos\/#primaryimage\"},\"thumbnailUrl\":\"https:\/\/lobosnews.com.ar\/wp-content\/uploads\/2026\/04\/evacuaron-la-facultad-de-sociales-de-la-uba-por-un-incendio-no-hubo-heridos.jpg\",\"datePublished\":\"2026-04-27T14:51:03+00:00\",\"dateModified\":\"2026-04-27T15:00:52+00:00\",\"breadcrumb\":{\"@id\":\"https:\/\/lobosnews.com.ar\/index.php\/2026\/04\/27\/evacuaron-la-facultad-de-sociales-de-la-uba-por-un-incendio-no-hubo-heridos\/#breadcrumb\"},\"inLanguage\":\"es\",\"potentialAction\":[{\"@type\":\"ReadAction\",\"target\":[\"https:\/\/lobosnews.com.ar\/index.php\/2026\/04\/27\/evacuaron-la-facultad-de-sociales-de-la-uba-por-un-incendio-no-hubo-heridos\/\"]}]},{\"@type\":\"ImageObject\",\"inLanguage\":\"es\",\"@id\":\"https:\/\/lobosnews.com.ar\/index.php\/2026\/04\/27\/evacuaron-la-facultad-de-sociales-de-la-uba-por-un-incendio-no-hubo-heridos\/#primaryimage\",\"url\":\"https:\/\/lobosnews.com.ar\/wp-content\/uploads\/2026\/04\/evacuaron-la-facultad-de-sociales-de-la-uba-por-un-incendio-no-hubo-heridos.jpg\",\"contentUrl\":\"https:\/\/lobosnews.com.ar\/wp-content\/uploads\/2026\/04\/evacuaron-la-facultad-de-sociales-de-la-uba-por-un-incendio-no-hubo-heridos.jpg\",\"width\":1153,\"height\":2048,\"caption\":\"Evacuaron la Facultad de Sociales de la UBA por un incendio: no hubo heridos\"},{\"@type\":\"BreadcrumbList\",\"@id\":\"https:\/\/lobosnews.com.ar\/index.php\/2026\/04\/27\/evacuaron-la-facultad-de-sociales-de-la-uba-por-un-incendio-no-hubo-heridos\/#breadcrumb\",\"itemListElement\":[{\"@type\":\"ListItem\",\"position\":1,\"name\":\"Portada\",\"item\":\"https:\/\/lobosnews.com.ar\/\"},{\"@type\":\"ListItem\",\"position\":2,\"name\":\"Evacuaron la Facultad de Sociales de la UBA por un incendio: no hubo heridos\"}]},{\"@type\":\"WebSite\",\"@id\":\"https:\/\/lobosnews.com.ar\/#website\",\"url\":\"https:\/\/lobosnews.com.ar\/\",\"name\":\"Lobos News\",\"description\":\"Informaci\u00f3n a cada instante\",\"publisher\":{\"@id\":\"https:\/\/lobosnews.com.ar\/#organization\"},\"potentialAction\":[{\"@type\":\"SearchAction\",\"target\":{\"@type\":\"EntryPoint\",\"urlTemplate\":\"https:\/\/lobosnews.com.ar\/?s={search_term_string}\"},\"query-input\":{\"@type\":\"PropertyValueSpecification\",\"valueRequired\":true,\"valueName\":\"search_term_string\"}}],\"inLanguage\":\"es\"},{\"@type\":\"Organization\",\"@id\":\"https:\/\/lobosnews.com.ar\/#organization\",\"name\":\"Lobos News\",\"url\":\"https:\/\/lobosnews.com.ar\/\",\"logo\":{\"@type\":\"ImageObject\",\"inLanguage\":\"es\",\"@id\":\"https:\/\/lobosnews.com.ar\/#\/schema\/logo\/image\/\",\"url\":\"https:\/\/lobosnews.com.ar\/wp-content\/uploads\/2026\/01\/logo-lobosnews.png\",\"contentUrl\":\"https:\/\/lobosnews.com.ar\/wp-content\/uploads\/2026\/01\/logo-lobosnews.png\",\"width\":500,\"height\":200,\"caption\":\"Lobos News\"},\"image\":{\"@id\":\"https:\/\/lobosnews.com.ar\/#\/schema\/logo\/image\/\"}},{\"@type\":\"Person\",\"@id\":\"https:\/\/lobosnews.com.ar\/#\/schema\/person\/232422a593d5c541dd9aef6aaed10943\",\"name\":\"admin\",\"image\":{\"@type\":\"ImageObject\",\"inLanguage\":\"es\",\"@id\":\"https:\/\/lobosnews.com.ar\/#\/schema\/person\/image\/\",\"url\":\"https:\/\/secure.gravatar.com\/avatar\/76e419471a2083bc3ceab22a763dbbf9b0c1bd15a6214cf3280e2c2dde4580f9?s=96&d=mm&r=g\",\"contentUrl\":\"https:\/\/secure.gravatar.com\/avatar\/76e419471a2083bc3ceab22a763dbbf9b0c1bd15a6214cf3280e2c2dde4580f9?s=96&d=mm&r=g\",\"caption\":\"admin\"},\"sameAs\":[\"https:\/\/lobosnews.com.ar\"],\"url\":\"https:\/\/lobosnews.com.ar\/index.php\/author\/lobos-news\/\"}]}<\/script>\n<!-- \/ Yoast SEO plugin. -->","yoast_head_json":{"title":"Evacuaron la Facultad de Sociales de la UBA por un incendio: no hubo heridos - Lobos News","robots":{"index":"index","follow":"follow","max-snippet":"max-snippet:-1","max-image-preview":"max-image-preview:large","max-video-preview":"max-video-preview:-1"},"canonical":"https:\/\/lobosnews.com.ar\/index.php\/2026\/04\/27\/evacuaron-la-facultad-de-sociales-de-la-uba-por-un-incendio-no-hubo-heridos\/","og_locale":"es_ES","og_type":"article","og_title":"Evacuaron la Facultad de Sociales de la UBA por un incendio: no hubo heridos - Lobos News","og_description":"Un incendio en el patio interno de la sede de la Facultad de Ciencias Sociales de la Universidad de Buenos Aires , ubicada en Santiago del Estero al 1000, en el barrio de Constituci\u00f3n, fue controlado este martes por Bomberos de la Ciudad. El siniestro se origin\u00f3 en dos contenedores de residuos situados en un...","og_url":"https:\/\/lobosnews.com.ar\/index.php\/2026\/04\/27\/evacuaron-la-facultad-de-sociales-de-la-uba-por-un-incendio-no-hubo-heridos\/","og_site_name":"Lobos News","article_published_time":"2026-04-27T14:51:03+00:00","article_modified_time":"2026-04-27T15:00:52+00:00","og_image":[{"url":"https:\/\/lobosnews.com.ar\/wp-content\/uploads\/2026\/04\/evacuaron-la-facultad-de-sociales-de-la-uba-por-un-incendio-no-hubo-heridos.jpg","type":"","width":"","height":""}],"author":"admin","twitter_card":"summary_large_image","twitter_misc":{"Escrito por":"admin","Tiempo de lectura":"1 minuto"},"schema":{"@context":"https:\/\/schema.org","@graph":[{"@type":"Article","@id":"https:\/\/lobosnews.com.ar\/index.php\/2026\/04\/27\/evacuaron-la-facultad-de-sociales-de-la-uba-por-un-incendio-no-hubo-heridos\/#article","isPartOf":{"@id":"https:\/\/lobosnews.com.ar\/index.php\/2026\/04\/27\/evacuaron-la-facultad-de-sociales-de-la-uba-por-un-incendio-no-hubo-heridos\/"},"author":{"name":"admin","@id":"https:\/\/lobosnews.com.ar\/#\/schema\/person\/232422a593d5c541dd9aef6aaed10943"},"headline":"Evacuaron la Facultad de Sociales de la UBA por un incendio: no hubo heridos","datePublished":"2026-04-27T14:51:03+00:00","dateModified":"2026-04-27T15:00:52+00:00","mainEntityOfPage":{"@id":"https:\/\/lobosnews.com.ar\/index.php\/2026\/04\/27\/evacuaron-la-facultad-de-sociales-de-la-uba-por-un-incendio-no-hubo-heridos\/"},"wordCount":168,"commentCount":0,"publisher":{"@id":"https:\/\/lobosnews.com.ar\/#organization"},"image":{"@id":"https:\/\/lobosnews.com.ar\/index.php\/2026\/04\/27\/evacuaron-la-facultad-de-sociales-de-la-uba-por-un-incendio-no-hubo-heridos\/#primaryimage"},"thumbnailUrl":"https:\/\/lobosnews.com.ar\/wp-content\/uploads\/2026\/04\/evacuaron-la-facultad-de-sociales-de-la-uba-por-un-incendio-no-hubo-heridos.jpg","articleSection":["Actualidad","Argentina","econom\u00eda","inseguridad","masradios.com","nacionales","seguridad","sociedad"],"inLanguage":"es","potentialAction":[{"@type":"CommentAction","name":"Comment","target":["https:\/\/lobosnews.com.ar\/index.php\/2026\/04\/27\/evacuaron-la-facultad-de-sociales-de-la-uba-por-un-incendio-no-hubo-heridos\/#respond"]}]},{"@type":"WebPage","@id":"https:\/\/lobosnews.com.ar\/index.php\/2026\/04\/27\/evacuaron-la-facultad-de-sociales-de-la-uba-por-un-incendio-no-hubo-heridos\/","url":"https:\/\/lobosnews.com.ar\/index.php\/2026\/04\/27\/evacuaron-la-facultad-de-sociales-de-la-uba-por-un-incendio-no-hubo-heridos\/","name":"Evacuaron la Facultad de Sociales de la UBA por un incendio: no hubo heridos - Lobos News","isPartOf":{"@id":"https:\/\/lobosnews.com.ar\/#website"},"primaryImageOfPage":{"@id":"https:\/\/lobosnews.com.ar\/index.php\/2026\/04\/27\/evacuaron-la-facultad-de-sociales-de-la-uba-por-un-incendio-no-hubo-heridos\/#primaryimage"},"image":{"@id":"https:\/\/lobosnews.com.ar\/index.php\/2026\/04\/27\/evacuaron-la-facultad-de-sociales-de-la-uba-por-un-incendio-no-hubo-heridos\/#primaryimage"},"thumbnailUrl":"https:\/\/lobosnews.com.ar\/wp-content\/uploads\/2026\/04\/evacuaron-la-facultad-de-sociales-de-la-uba-por-un-incendio-no-hubo-heridos.jpg","datePublished":"2026-04-27T14:51:03+00:00","dateModified":"2026-04-27T15:00:52+00:00","breadcrumb":{"@id":"https:\/\/lobosnews.com.ar\/index.php\/2026\/04\/27\/evacuaron-la-facultad-de-sociales-de-la-uba-por-un-incendio-no-hubo-heridos\/#breadcrumb"},"inLanguage":"es","potentialAction":[{"@type":"ReadAction","target":["https:\/\/lobosnews.com.ar\/index.php\/2026\/04\/27\/evacuaron-la-facultad-de-sociales-de-la-uba-por-un-incendio-no-hubo-heridos\/"]}]},{"@type":"ImageObject","inLanguage":"es","@id":"https:\/\/lobosnews.com.ar\/index.php\/2026\/04\/27\/evacuaron-la-facultad-de-sociales-de-la-uba-por-un-incendio-no-hubo-heridos\/#primaryimage","url":"https:\/\/lobosnews.com.ar\/wp-content\/uploads\/2026\/04\/evacuaron-la-facultad-de-sociales-de-la-uba-por-un-incendio-no-hubo-heridos.jpg","contentUrl":"https:\/\/lobosnews.com.ar\/wp-content\/uploads\/2026\/04\/evacuaron-la-facultad-de-sociales-de-la-uba-por-un-incendio-no-hubo-heridos.jpg","width":1153,"height":2048,"caption":"Evacuaron la Facultad de Sociales de la UBA por un incendio: no hubo heridos"},{"@type":"BreadcrumbList","@id":"https:\/\/lobosnews.com.ar\/index.php\/2026\/04\/27\/evacuaron-la-facultad-de-sociales-de-la-uba-por-un-incendio-no-hubo-heridos\/#breadcrumb","itemListElement":[{"@type":"ListItem","position":1,"name":"Portada","item":"https:\/\/lobosnews.com.ar\/"},{"@type":"ListItem","position":2,"name":"Evacuaron la Facultad de Sociales de la UBA por un incendio: no hubo heridos"}]},{"@type":"WebSite","@id":"https:\/\/lobosnews.com.ar\/#website","url":"https:\/\/lobosnews.com.ar\/","name":"Lobos News","description":"Informaci\u00f3n a cada instante","publisher":{"@id":"https:\/\/lobosnews.com.ar\/#organization"},"potentialAction":[{"@type":"SearchAction","target":{"@type":"EntryPoint","urlTemplate":"https:\/\/lobosnews.com.ar\/?s={search_term_string}"},"query-input":{"@type":"PropertyValueSpecification","valueRequired":true,"valueName":"search_term_string"}}],"inLanguage":"es"},{"@type":"Organization","@id":"https:\/\/lobosnews.com.ar\/#organization","name":"Lobos News","url":"https:\/\/lobosnews.com.ar\/","logo":{"@type":"ImageObject","inLanguage":"es","@id":"https:\/\/lobosnews.com.ar\/#\/schema\/logo\/image\/","url":"https:\/\/lobosnews.com.ar\/wp-content\/uploads\/2026\/01\/logo-lobosnews.png","contentUrl":"https:\/\/lobosnews.com.ar\/wp-content\/uploads\/2026\/01\/logo-lobosnews.png","width":500,"height":200,"caption":"Lobos News"},"image":{"@id":"https:\/\/lobosnews.com.ar\/#\/schema\/logo\/image\/"}},{"@type":"Person","@id":"https:\/\/lobosnews.com.ar\/#\/schema\/person\/232422a593d5c541dd9aef6aaed10943","name":"admin","image":{"@type":"ImageObject","inLanguage":"es","@id":"https:\/\/lobosnews.com.ar\/#\/schema\/person\/image\/","url":"https:\/\/secure.gravatar.com\/avatar\/76e419471a2083bc3ceab22a763dbbf9b0c1bd15a6214cf3280e2c2dde4580f9?s=96&d=mm&r=g","contentUrl":"https:\/\/secure.gravatar.com\/avatar\/76e419471a2083bc3ceab22a763dbbf9b0c1bd15a6214cf3280e2c2dde4580f9?s=96&d=mm&r=g","caption":"admin"},"sameAs":["https:\/\/lobosnews.com.ar"],"url":"https:\/\/lobosnews.com.ar\/index.php\/author\/lobos-news\/"}]}},"jetpack_featured_media_url":"https:\/\/lobosnews.com.ar\/wp-content\/uploads\/2026\/04\/evacuaron-la-facultad-de-sociales-de-la-uba-por-un-incendio-no-hubo-heridos.jpg","jetpack_sharing_enabled":true,"_links":{"self":[{"href":"https:\/\/lobosnews.com.ar\/index.php\/wp-json\/wp\/v2\/posts\/46204","targetHints":{"allow":["GET"]}}],"collection":[{"href":"https:\/\/lobosnews.com.ar\/index.php\/wp-json\/wp\/v2\/posts"}],"about":[{"href":"https:\/\/lobosnews.com.ar\/index.php\/wp-json\/wp\/v2\/types\/post"}],"author":[{"embeddable":true,"href":"https:\/\/lobosnews.com.ar\/index.php\/wp-json\/wp\/v2\/users\/1"}],"replies":[{"embeddable":true,"href":"https:\/\/lobosnews.com.ar\/index.php\/wp-json\/wp\/v2\/comments?post=46204"}],"version-history":[{"count":1,"href":"https:\/\/lobosnews.com.ar\/index.php\/wp-json\/wp\/v2\/posts\/46204\/revisions"}],"predecessor-version":[{"id":46206,"href":"https:\/\/lobosnews.com.ar\/index.php\/wp-json\/wp\/v2\/posts\/46204\/revisions\/46206"}],"wp:featuredmedia":[{"embeddable":true,"href":"https:\/\/lobosnews.com.ar\/index.php\/wp-json\/wp\/v2\/media\/46207"}],"wp:attachment":[{"href":"https:\/\/lobosnews.com.ar\/index.php\/wp-json\/wp\/v2\/media?parent=46204"}],"wp:term":[{"taxonomy":"category","embeddable":true,"href":"https:\/\/lobosnews.com.ar\/index.php\/wp-json\/wp\/v2\/categories?post=46204"},{"taxonomy":"post_tag","embeddable":true,"href":"https:\/\/lobosnews.com.ar\/index.php\/wp-json\/wp\/v2\/tags?post=46204"}],"curies":[{"name":"wp","href":"https:\/\/api.w.org\/{rel}","templated":true}]}}