{"id":46183,"date":"2026-04-27T11:52:56","date_gmt":"2026-04-27T11:52:56","guid":{"rendered":"https:\/\/lobosnews.com.ar\/index.php\/2026\/04\/27\/abrazar-la-adolescencia-el-mensaje-de-pediatras-y-psicologos-ante-el-aumento-de-amenazas-en-las-escuelas\/"},"modified":"2026-04-27T14:50:28","modified_gmt":"2026-04-27T14:50:28","slug":"abrazar-la-adolescencia-el-mensaje-de-pediatras-y-psicologos-ante-el-aumento-de-amenazas-en-las-escuelas","status":"publish","type":"post","link":"https:\/\/lobosnews.com.ar\/index.php\/2026\/04\/27\/abrazar-la-adolescencia-el-mensaje-de-pediatras-y-psicologos-ante-el-aumento-de-amenazas-en-las-escuelas\/","title":{"rendered":"\u201cAbrazar la adolescencia\u201d: el mensaje de pediatras y psic\u00f3logos ante el aumento de amenazas en las escuelas"},"content":{"rendered":"<p><img loading=\"lazy\" decoding=\"async\" src=\"https:\/\/lobosnews.com.ar\/wp-content\/uploads\/2026\/04\/abrazar-la-adolescencia-el-mensaje-de-pediatras-y-psicologos-ante-el-aumento-de-amenazas-en-las-escuelas.jpg\" alt=\"La multiplicaci\u00f3n de amenazas en escuelas evidencia el malestar y la soledad que atraviesan muchos adolescentes (Imagen Ilustrativa Infobae)\" height=\"1536\" width=\"2752\"\/><\/p>\n<p>El<b> <\/b><span class=\"waslinkname\"><b>tiroteo<\/b><\/span><b> ocurrido en una escuela de San Crist\u00f3bal<\/b>, en Santa Fe, donde un estudiante de 15 a\u00f1os mat\u00f3 a otro de 13, desencaden\u00f3 una ola de amenazas que se extendi\u00f3 por escuelas de todo el pa\u00eds y <b>tambi\u00e9n alcanz\u00f3 a<\/b> <span class=\"waslinkname\"><b>Uruguay<\/b><\/span>.<\/p>\n<p>La multiplicaci\u00f3n de estos episodios encendi\u00f3 la alarma en la comunidad educativa y en las familias, que buscan respuestas frente al miedo y la incertidumbre, mientras intentan comprender qu\u00e9 es lo que lleva a los chicos a caer en este tipo de actitudes.<\/p>\n<p>Frente a este escenario, pediatras, psic\u00f3logos y especialistas en educacu\u00f3n y cultura digital subrayan la importancia de comprender el contexto en el que se expresan los adolescentes y proponen <b>acompa\u00f1arlos con escucha activa, v\u00ednculos s\u00f3lidos y una mayor presencia adulta<\/b>, en lugar de limitarse a respuestas punitivas o a la simple minimizaci\u00f3n del problema.<\/p>\n<h2>\u00bfQu\u00e9 est\u00e1 pasando con las adolescencias?<\/h2>\n<p><img loading=\"lazy\" decoding=\"async\" src=\"https:\/\/lobosnews.com.ar\/wp-content\/uploads\/2026\/04\/abrazar-la-adolescencia-el-mensaje-de-pediatras-y-psicologos-ante-el-aumento-de-amenazas-en-las-escuelas-1.jpg\" alt=\"Pediatras y psic\u00f3logos advierten sobre la importancia de no minimizar ni criminalizar las expresiones adolescentes (Freepik)\" height=\"1080\" width=\"1920\"\/><\/p>\n<p><span class=\"waslinkname\">Un documento<\/span> titulado <b>\u201cAbrazar la adolescencia\u201d<\/b>, firmado por la m\u00e9dica pediatra <b>Carla Orsini<\/b>, la especialista en educaci\u00f3n digital <b>Luc\u00eda Fainboim<\/b>, la pediatra <b>Carina Facchini<\/b>, la psic\u00f3loga perinatal <b>Carolina Mora<\/b>, la fil\u00f3sofa y docente <b>Florencia Sichel<\/b> y el soci\u00f3logo <b>Santiago Morales<\/b>, plantea una serie de preguntas sobre el v\u00ednculo entre adultos y j\u00f3venes y advierte que <b>los adolescentes son portavoces del malestar social y muestran los s\u00edntomas de una sociedad que barre bajo la alfombra sus fisuras<\/b>. <\/p>\n<p>Los firmantes subrayan la existencia de una \u201cfragilidad social\u201d, marcada por la soledad, la ausencia de espacios de di\u00e1logo y una profunda crisis de salud mental, y llaman a <b>\u201chacer de la ternura nuestra bandera\u201d ante la violencia y la soledad que atraviesan hoy a los adolescentes.<\/b><\/p>\n<p>Consultada al respecto por Infobae, la m\u00e9dica pediatra de la <b>Sociedad Argentina de Pediatr\u00eda<\/b> (SAP) <b>Carla Orsini<\/b> (MN 131.323), consider\u00f3 que las amenazas en las escuelas reflejan \u201cuna violencia constante, un abandono de las instituciones, de la familia y del Estado\u201d. Orsini sostuvo que<b> los adolescentes \u201cse sienten muy solos, est\u00e1n muy solos y desprotegidos. Nos dicen ac\u00e1 estamos y tenemos mucho para decir\u201d.<\/b><\/p>\n<h2>El rol de las amenazas: \u00bfson s\u00f3lo un llamado de atenci\u00f3n?<\/h2>\n<p><img loading=\"lazy\" decoding=\"async\" src=\"https:\/\/lobosnews.com.ar\/wp-content\/uploads\/2026\/04\/abrazar-la-adolescencia-el-mensaje-de-pediatras-y-psicologos-ante-el-aumento-de-amenazas-en-las-escuelas-2.jpg\" alt=\"Para los especialistas, las amenazas suelen ser una forma de pedir ayuda y de visibilizar un malestar que muchas veces no encuentra palabras\" height=\"600\" width=\"900\"\/><\/p>\n<p>La interpretaci\u00f3n de las amenazas como un simple <i>\u201cperro que ladra no muerde\u201d<\/i> resulta err\u00f3nea, coinciden los especialistas. El pediatra especialista en Adolescencia y prosecretario del Comit\u00e9 de Adolescencia de la SAP, <b>Juan Pablo Bria<\/b> (MN 108.604) se\u00f1al\u00f3 a este medio que<b> \u201ctoda amenaza es una forma de comunicaci\u00f3n\u201d<\/b>. Afirm\u00f3 que, para muchos adolescentes, \u201ccuando los recursos no alcanzan para poner en palabras lo que les pasa, pueden aparecer<b> formas m\u00e1s impulsivas o provocadoras de expresi\u00f3n, como una forma de denunciar algo que no est\u00e1 bien<\/b>\u201d.<\/p>\n<p>Su colega, la pediatra especialista en Adolescencia y secretaria del Comit\u00e9 de Adolescencia de la SAP <b>Julieta Nachajon <\/b>(MN 115.695), enfatiz\u00f3 que <b>estos hechos deben ser tomados en serio<\/b>, aunque aclar\u00f3 que \u201cmuchas veces tienen un componente de imitaci\u00f3n y amplificaci\u00f3n: un hecho de alto impacto emocional y medi\u00e1tico puede generar r\u00e9plicas en distintos lugares\u201d. Nachajon remarc\u00f3 la necesidad de<b> no minimizar ni sobredimensionar, sino de intervenir con criterio y escucha.<\/b><\/p>\n<h2>Salud mental adolescente: se\u00f1ales de alerta<\/h2>\n<p><img loading=\"lazy\" decoding=\"async\" src=\"https:\/\/lobosnews.com.ar\/wp-content\/uploads\/2026\/04\/abrazar-la-adolescencia-el-mensaje-de-pediatras-y-psicologos-ante-el-aumento-de-amenazas-en-las-escuelas-3.jpg\" alt=\"La salud mental en la adolescencia enfrenta desaf\u00edos crecientes por la falta de espacios de di\u00e1logo y contenci\u00f3n (Freepik)\" height=\"1080\" width=\"1920\"\/><\/p>\n<p>La serie de amenazas dej\u00f3 al descubierto <b>la fragilidad en el manejo de las emociones y la carencia de referentes de confianza.<\/b> De acuerdo con <b>Orsini<\/b>, estos episodios revelan \u201csoledad, desamparo, confusi\u00f3n, escasos o nulos l\u00edmites, ausencia de contenci\u00f3n y referentes de confianza\u201d. La pediatra sostuvo que <b>\u201cla salud mental no fue nunca prioridad y menos en infancias y adolescencias\u201d<\/b>, y reclama pol\u00edticas p\u00fablicas que promuevan los derechos de los adolescentes.<\/p>\n<p>Seg\u00fan <b>Bria<\/b>, no se puede generalizar sobre el estado de salud mental de toda una generaci\u00f3n, pero <b>estos hechos \u201cson indicadores de que hay adolescentes que pueden estar transitando dificultades para gestionar emociones intensas como la bronca, la angustia o la sensaci\u00f3n de exclusi\u00f3n\u201d<\/b>. En ese sentido, el especialista advirti\u00f3 sobre la tendencia a manifestar el malestar de formas m\u00e1s extremas y visibles, subrayando la necesidad de reforzar los espacios de escucha y acompa\u00f1amiento.<\/p>\n<p><img loading=\"lazy\" decoding=\"async\" src=\"https:\/\/lobosnews.com.ar\/wp-content\/uploads\/2026\/04\/abrazar-la-adolescencia-el-mensaje-de-pediatras-y-psicologos-ante-el-aumento-de-amenazas-en-las-escuelas-4.jpg\" alt=\"La sobreinformaci\u00f3n y las exigencias digitales generan nuevas formas de estr\u00e9s y aislamiento entre los j\u00f3venes (Imagen Ilustrativa Infobae)\" height=\"768\" width=\"1408\"\/><\/p>\n<p>En este punto, la especialista en educaci\u00f3n y cultura digital y directora de la consultora Bienestar Digital <b>Luc\u00eda Fainboim<\/b> consider\u00f3 que <b>\u201clos adolescentes est\u00e1n siendo un s\u00edntoma de un malestar que como sociedad no estamos observando profundamente\u201d<\/b>. \u201cEstamos viviendo una situaci\u00f3n de mucho estr\u00e9s, soledad, aislamiento, exceso de productividad y sobreinformaci\u00f3n, todo atravesado por las redes sociales y exigencias inalcanzables\u201d, enfatiz\u00f3.<\/p>\n<p>Y agreg\u00f3: \u201cHay un mundo adulto muy desconectado del adolescente actual, tanto por el acelere de la vida contempor\u00e1nea como por el uso de pantallas, el pluriempleo y la exigencia constante.<b> Nos faltan espacios concretos de conectar con ellos, de escucharlos m\u00e1s que opinar, de entenderlos con ganas<\/b>. Si no escuchamos estos s\u00edntomas, estos llamados de atenci\u00f3n se van a volver cada vez m\u00e1s intensos\u201d.<\/p>\n<h2>Redes sociales y retos virales: amplificadores del malestar<\/h2>\n<p><img loading=\"lazy\" decoding=\"async\" src=\"https:\/\/lobosnews.com.ar\/wp-content\/uploads\/2026\/04\/abrazar-la-adolescencia-el-mensaje-de-pediatras-y-psicologos-ante-el-aumento-de-amenazas-en-las-escuelas-5.jpg\" alt=\"Las redes sociales y los retos virales amplifican conductas de riesgo y refuerzan la necesidad de una mirada cr\u00edtica (Imagen Ilustrativa Infobae)\" height=\"768\" width=\"1408\"\/><\/p>\n<p>El impacto de los entornos digitales es central en la multiplicaci\u00f3n de estas conductas. Para <b>Orsini<\/b>, \u201c<b>los entornos digitales<\/b> no son un mundo aparte, es el mundo que habitamos. <b>Es el lugar donde los adolescentes est\u00e1n m\u00e1s solos<\/b>, sin cuidados sensibles y amorosos, sin l\u00edmites claros\u201d. La m\u00e9dica advirti\u00f3 que \u201c<b>en los entornos digitales se plasma la violencia del mundo \u2018real\u2019 amplificada por la viralizaci\u00f3n y el anonimato<\/b>, de rapid\u00edsima difusi\u00f3n y la necesidad de validaci\u00f3n y pertenencia\u201d.<\/p>\n<p><b>Nachajon<\/b> sostuvo que la viralizaci\u00f3n en <b>redes sociales <\/b>cumple un rol principal: \u201cFuncionan como amplificadores.<b> No necesariamente crean el problema, pero s\u00ed lo expanden <\/b>y lo validan r\u00e1pidamente. Los llamados \u2018retos\u2019 o tendencias pueden banalizar conductas riesgosas y generar un efecto contagio\u201d.<\/p>\n<p>Por su parte, <b>Fainboim<\/b>, sum\u00f3: \u201cNo podemos acercarnos a los chicos solamente mediante retos, sermones, ninguneo y menosprecio. Esto no nos est\u00e1 resultando y es un gran error porque<b> los estamos alejando<\/b>\u201d. La especialista propuso <b>que las familias se involucren en la vida digital de los adolescentes <\/b>y promuevan una conversaci\u00f3n cotidiana sobre lo que ocurre en Internet.<\/p>\n<h2>El mensaje a las familias: c\u00f3mo acompa\u00f1ar sin asustar<\/h2>\n<p><img loading=\"lazy\" decoding=\"async\" src=\"https:\/\/lobosnews.com.ar\/wp-content\/uploads\/2026\/04\/abrazar-la-adolescencia-el-mensaje-de-pediatras-y-psicologos-ante-el-aumento-de-amenazas-en-las-escuelas-6.jpg\" alt=\"ULa empat\u00eda, la ternura y la presencia adulta son pilares para abordar la crisis emocional de la adolescencia (Imagen Ilustrativa Infobae)\" height=\"768\" width=\"1408\"\/><\/p>\n<p>El acompa\u00f1amiento de la familia, para los especialistas, debe basarse en la <b>construcci\u00f3n de entornos seguros, confiables y afectuosos<\/b>. <b>Orsini<\/b> recomend\u00f3 \u201cinformar sin paralizar, siempre con la verdad, no subestimando su capacidad de entendimiento y decisi\u00f3n\u201d. E insisti\u00f3 en la importancia de <b>comunicar l\u00edmites claros y promover la escucha activa<\/b>, adem\u00e1s de \u201cpreguntar \u00bfc\u00f3mo te fue en internet hoy?\u201d y acompa\u00f1ar en los entornos digitales.<\/p>\n<p><b>Bria<\/b> resalt\u00f3 la necesidad de \u201chabilitar la conversaci\u00f3n. <b>Preguntar qu\u00e9 escucharon, qu\u00e9 piensan, si les preocupa algo<\/b>. Es clave transmitir calma: evitar mensajes alarmistas o catastr\u00f3ficos, pero sin negar lo que est\u00e1 pasando\u201d. El pediatra aconsej\u00f3 <b>validar las emociones y reforzar que los adultos est\u00e1n atentos y ocup\u00e1ndose<\/b>.<\/p>\n<h2>El desaf\u00edo para las escuelas: espacios seguros y di\u00e1logo<\/h2>\n<p><img loading=\"lazy\" decoding=\"async\" src=\"https:\/\/lobosnews.com.ar\/wp-content\/uploads\/2026\/04\/abrazar-la-adolescencia-el-mensaje-de-pediatras-y-psicologos-ante-el-aumento-de-amenazas-en-las-escuelas-7.jpg\" alt=\"El di\u00e1logo abierto sobre lo que ocurre en Internet favorece el acompa\u00f1amiento y la prevenci\u00f3n en el entorno digital (Imagen Ilustrativa Infobae)\" height=\"768\" width=\"1408\"\/><\/p>\n<p>Las escuelas quedaron, sin dudas, en el centro de la escena. Seg\u00fan <b>Orsini<\/b>, las instituciones<b> deben seguir siendo \u201clugares seguros que promueven v\u00ednculos saludables y pensamiento cr\u00edtico\u201d<\/b>, y articular con familias y el sistema de salud. Plante\u00f3 la necesidad de \u201cgenerar espacios de di\u00e1logo entre alumnos, docentes, directivos, familias y profesionales de la salud\u201d, as\u00ed como la implementaci\u00f3n de protocolos de seguridad y acompa\u00f1amiento en salud mental.<\/p>\n<p>Con ella coincidi\u00f3 <b>Nachajon<\/b>, para quien las escuelas \u201ctienen un rol central. Necesitan abordar el tema de forma institucional, no como hechos aislados\u201d, y favorecer la comunicaci\u00f3n entre adolescentes y adultos como medida de prevenci\u00f3n. La pediatra advirti\u00f3 que <b>la respuesta no puede limitarse a lo punitivo, ya que \u201csancionar sin comprender lo que est\u00e1 sucediendo no resuelve el problema de fondo\u201d.<\/b><\/p>\n<h2>Un llamado colectivo: abrazar la adolescencia<\/h2>\n<p><img loading=\"lazy\" decoding=\"async\" src=\"https:\/\/lobosnews.com.ar\/wp-content\/uploads\/2026\/04\/abrazar-la-adolescencia-el-mensaje-de-pediatras-y-psicologos-ante-el-aumento-de-amenazas-en-las-escuelas-8.jpg\" alt=\"El acompa\u00f1amiento familiar y la escucha activa resultan claves para contener a los j\u00f3venes en contextos de violencia (Imagen Ilustrativa Infobae)\" height=\"816\" width=\"1456\"\/><\/p>\n<p>El documento \u201cAbrazar la adolescencia\u201d concluye con<b> un pedido de m\u00e1s escucha, empat\u00eda, contenci\u00f3n y pol\u00edticas p\u00fablicas de acompa\u00f1amiento<\/b>. \u201cNecesitamos m\u00e1s espacios recreativos y sociales, m\u00e1s articulaci\u00f3n entre familia, escuela, club y centro de salud. M\u00e1s Estado presente\u201d, sostiene el texto. Los especialistas coinciden en que <b>\u201csin salud mental no hay salud\u201d<\/b> y exhortan a <b>construir \u201ccimientos de una utop\u00eda de futuro donde los adolescentes se sientan agentes de ese cambio\u201d.<\/b><\/p>\n","protected":false},"excerpt":{"rendered":"<p>El tiroteo ocurrido en una escuela de San Crist\u00f3bal, en Santa Fe, donde un estudiante de 15 a\u00f1os mat\u00f3 a otro de 13, desencaden\u00f3 una ola de amenazas que se extendi\u00f3 por escuelas de todo el pa\u00eds y tambi\u00e9n alcanz\u00f3 a Uruguay. La multiplicaci\u00f3n de estos episodios encendi\u00f3 la alarma en la comunidad educativa y&#8230;<\/p>\n","protected":false},"author":1,"featured_media":46194,"comment_status":"open","ping_status":"closed","sticky":false,"template":"","format":"standard","meta":{"_jetpack_memberships_contains_paid_content":false,"footnotes":""},"categories":[81],"tags":[],"class_list":["post-46183","post","type-post","status-publish","format-standard","has-post-thumbnail","hentry","category-salud"],"magazineBlocksPostFeaturedMedia":{"thumbnail":"https:\/\/lobosnews.com.ar\/wp-content\/uploads\/2026\/04\/abrazar-la-adolescencia-el-mensaje-de-pediatras-y-psicologos-ante-el-aumento-de-amenazas-en-las-escuelas-16-150x150.jpg","medium":"https:\/\/lobosnews.com.ar\/wp-content\/uploads\/2026\/04\/abrazar-la-adolescencia-el-mensaje-de-pediatras-y-psicologos-ante-el-aumento-de-amenazas-en-las-escuelas-16-300x168.jpg","medium_large":"https:\/\/lobosnews.com.ar\/wp-content\/uploads\/2026\/04\/abrazar-la-adolescencia-el-mensaje-de-pediatras-y-psicologos-ante-el-aumento-de-amenazas-en-las-escuelas-16-768x430.jpg","large":"https:\/\/lobosnews.com.ar\/wp-content\/uploads\/2026\/04\/abrazar-la-adolescencia-el-mensaje-de-pediatras-y-psicologos-ante-el-aumento-de-amenazas-en-las-escuelas-16-1024x574.jpg","1536x1536":"https:\/\/lobosnews.com.ar\/wp-content\/uploads\/2026\/04\/abrazar-la-adolescencia-el-mensaje-de-pediatras-y-psicologos-ante-el-aumento-de-amenazas-en-las-escuelas-16.jpg","2048x2048":"https:\/\/lobosnews.com.ar\/wp-content\/uploads\/2026\/04\/abrazar-la-adolescencia-el-mensaje-de-pediatras-y-psicologos-ante-el-aumento-de-amenazas-en-las-escuelas-16.jpg","newsmatic-featured":"https:\/\/lobosnews.com.ar\/wp-content\/uploads\/2026\/04\/abrazar-la-adolescencia-el-mensaje-de-pediatras-y-psicologos-ante-el-aumento-de-amenazas-en-las-escuelas-16-820x545.jpg","newsmatic-list":"https:\/\/lobosnews.com.ar\/wp-content\/uploads\/2026\/04\/abrazar-la-adolescencia-el-mensaje-de-pediatras-y-psicologos-ante-el-aumento-de-amenazas-en-las-escuelas-16-600x400.jpg","newsmatic-thumb":"https:\/\/lobosnews.com.ar\/wp-content\/uploads\/2026\/04\/abrazar-la-adolescencia-el-mensaje-de-pediatras-y-psicologos-ante-el-aumento-de-amenazas-en-las-escuelas-16-300x200.jpg","newsmatic-small":"https:\/\/lobosnews.com.ar\/wp-content\/uploads\/2026\/04\/abrazar-la-adolescencia-el-mensaje-de-pediatras-y-psicologos-ante-el-aumento-de-amenazas-en-las-escuelas-16-150x95.jpg","newsmatic-grid":"https:\/\/lobosnews.com.ar\/wp-content\/uploads\/2026\/04\/abrazar-la-adolescencia-el-mensaje-de-pediatras-y-psicologos-ante-el-aumento-de-amenazas-en-las-escuelas-16-400x250.jpg"},"magazineBlocksPostAuthor":{"name":"admin","avatar":"https:\/\/secure.gravatar.com\/avatar\/76e419471a2083bc3ceab22a763dbbf9b0c1bd15a6214cf3280e2c2dde4580f9?s=96&d=mm&r=g"},"magazineBlocksPostCommentsNumber":"0","magazineBlocksPostExcerpt":"El tiroteo ocurrido en una escuela de San Crist\u00f3bal, en Santa Fe, donde un estudiante de 15 a\u00f1os mat\u00f3 a otro de 13, desencaden\u00f3 una ola de amenazas que se extendi\u00f3 por escuelas de todo el pa\u00eds y tambi\u00e9n alcanz\u00f3 a Uruguay. La multiplicaci\u00f3n de estos episodios encendi\u00f3 la alarma en la comunidad educativa y...","magazineBlocksPostCategories":["Salud"],"magazineBlocksPostViewCount":4,"magazineBlocksPostReadTime":8,"magazine_blocks_featured_image_url":{"full":["https:\/\/lobosnews.com.ar\/wp-content\/uploads\/2026\/04\/abrazar-la-adolescencia-el-mensaje-de-pediatras-y-psicologos-ante-el-aumento-de-amenazas-en-las-escuelas-16.jpg",1456,816,false],"medium":["https:\/\/lobosnews.com.ar\/wp-content\/uploads\/2026\/04\/abrazar-la-adolescencia-el-mensaje-de-pediatras-y-psicologos-ante-el-aumento-de-amenazas-en-las-escuelas-16-300x168.jpg",300,168,true],"thumbnail":["https:\/\/lobosnews.com.ar\/wp-content\/uploads\/2026\/04\/abrazar-la-adolescencia-el-mensaje-de-pediatras-y-psicologos-ante-el-aumento-de-amenazas-en-las-escuelas-16-150x150.jpg",150,150,true]},"magazine_blocks_author":{"display_name":"admin","author_link":"https:\/\/lobosnews.com.ar\/index.php\/author\/lobos-news\/"},"magazine_blocks_comment":0,"magazine_blocks_author_image":"https:\/\/secure.gravatar.com\/avatar\/76e419471a2083bc3ceab22a763dbbf9b0c1bd15a6214cf3280e2c2dde4580f9?s=96&d=mm&r=g","magazine_blocks_category":"<a href=\"#\" class=\"category-link category-link-81\">Salud<\/a>","yoast_head":"<!-- This site is optimized with the Yoast SEO plugin v26.6 - https:\/\/yoast.com\/wordpress\/plugins\/seo\/ -->\n<title>\u201cAbrazar la adolescencia\u201d: el mensaje de pediatras y psic\u00f3logos ante el aumento de amenazas en las escuelas - Lobos News<\/title>\n<meta name=\"robots\" content=\"index, follow, max-snippet:-1, max-image-preview:large, max-video-preview:-1\" \/>\n<link rel=\"canonical\" href=\"https:\/\/lobosnews.com.ar\/index.php\/2026\/04\/27\/abrazar-la-adolescencia-el-mensaje-de-pediatras-y-psicologos-ante-el-aumento-de-amenazas-en-las-escuelas\/\" \/>\n<meta property=\"og:locale\" content=\"es_ES\" \/>\n<meta property=\"og:type\" content=\"article\" \/>\n<meta property=\"og:title\" content=\"\u201cAbrazar la adolescencia\u201d: el mensaje de pediatras y psic\u00f3logos ante el aumento de amenazas en las escuelas - Lobos News\" \/>\n<meta property=\"og:description\" content=\"El tiroteo ocurrido en una escuela de San Crist\u00f3bal, en Santa Fe, donde un estudiante de 15 a\u00f1os mat\u00f3 a otro de 13, desencaden\u00f3 una ola de amenazas que se extendi\u00f3 por escuelas de todo el pa\u00eds y tambi\u00e9n alcanz\u00f3 a Uruguay. La multiplicaci\u00f3n de estos episodios encendi\u00f3 la alarma en la comunidad educativa y...\" \/>\n<meta property=\"og:url\" content=\"https:\/\/lobosnews.com.ar\/index.php\/2026\/04\/27\/abrazar-la-adolescencia-el-mensaje-de-pediatras-y-psicologos-ante-el-aumento-de-amenazas-en-las-escuelas\/\" \/>\n<meta property=\"og:site_name\" content=\"Lobos News\" \/>\n<meta property=\"article:published_time\" content=\"2026-04-27T11:52:56+00:00\" \/>\n<meta property=\"article:modified_time\" content=\"2026-04-27T14:50:28+00:00\" \/>\n<meta property=\"og:image\" content=\"https:\/\/lobosnews.com.ar\/wp-content\/uploads\/2026\/04\/abrazar-la-adolescencia-el-mensaje-de-pediatras-y-psicologos-ante-el-aumento-de-amenazas-en-las-escuelas.jpg\" \/>\n<meta name=\"author\" content=\"admin\" \/>\n<meta name=\"twitter:card\" content=\"summary_large_image\" \/>\n<meta name=\"twitter:label1\" content=\"Escrito por\" \/>\n\t<meta name=\"twitter:data1\" content=\"admin\" \/>\n\t<meta name=\"twitter:label2\" content=\"Tiempo de lectura\" \/>\n\t<meta name=\"twitter:data2\" content=\"7 minutos\" \/>\n<script type=\"application\/ld+json\" class=\"yoast-schema-graph\">{\"@context\":\"https:\/\/schema.org\",\"@graph\":[{\"@type\":\"Article\",\"@id\":\"https:\/\/lobosnews.com.ar\/index.php\/2026\/04\/27\/abrazar-la-adolescencia-el-mensaje-de-pediatras-y-psicologos-ante-el-aumento-de-amenazas-en-las-escuelas\/#article\",\"isPartOf\":{\"@id\":\"https:\/\/lobosnews.com.ar\/index.php\/2026\/04\/27\/abrazar-la-adolescencia-el-mensaje-de-pediatras-y-psicologos-ante-el-aumento-de-amenazas-en-las-escuelas\/\"},\"author\":{\"name\":\"admin\",\"@id\":\"https:\/\/lobosnews.com.ar\/#\/schema\/person\/232422a593d5c541dd9aef6aaed10943\"},\"headline\":\"\u201cAbrazar la adolescencia\u201d: el mensaje de pediatras y psic\u00f3logos ante el aumento de amenazas en las escuelas\",\"datePublished\":\"2026-04-27T11:52:56+00:00\",\"dateModified\":\"2026-04-27T14:50:28+00:00\",\"mainEntityOfPage\":{\"@id\":\"https:\/\/lobosnews.com.ar\/index.php\/2026\/04\/27\/abrazar-la-adolescencia-el-mensaje-de-pediatras-y-psicologos-ante-el-aumento-de-amenazas-en-las-escuelas\/\"},\"wordCount\":1419,\"commentCount\":0,\"publisher\":{\"@id\":\"https:\/\/lobosnews.com.ar\/#organization\"},\"image\":{\"@id\":\"https:\/\/lobosnews.com.ar\/index.php\/2026\/04\/27\/abrazar-la-adolescencia-el-mensaje-de-pediatras-y-psicologos-ante-el-aumento-de-amenazas-en-las-escuelas\/#primaryimage\"},\"thumbnailUrl\":\"https:\/\/lobosnews.com.ar\/wp-content\/uploads\/2026\/04\/abrazar-la-adolescencia-el-mensaje-de-pediatras-y-psicologos-ante-el-aumento-de-amenazas-en-las-escuelas-16.jpg\",\"articleSection\":[\"Salud\"],\"inLanguage\":\"es\",\"potentialAction\":[{\"@type\":\"CommentAction\",\"name\":\"Comment\",\"target\":[\"https:\/\/lobosnews.com.ar\/index.php\/2026\/04\/27\/abrazar-la-adolescencia-el-mensaje-de-pediatras-y-psicologos-ante-el-aumento-de-amenazas-en-las-escuelas\/#respond\"]}]},{\"@type\":\"WebPage\",\"@id\":\"https:\/\/lobosnews.com.ar\/index.php\/2026\/04\/27\/abrazar-la-adolescencia-el-mensaje-de-pediatras-y-psicologos-ante-el-aumento-de-amenazas-en-las-escuelas\/\",\"url\":\"https:\/\/lobosnews.com.ar\/index.php\/2026\/04\/27\/abrazar-la-adolescencia-el-mensaje-de-pediatras-y-psicologos-ante-el-aumento-de-amenazas-en-las-escuelas\/\",\"name\":\"\u201cAbrazar la adolescencia\u201d: el mensaje de pediatras y psic\u00f3logos ante el aumento de amenazas en las escuelas - Lobos News\",\"isPartOf\":{\"@id\":\"https:\/\/lobosnews.com.ar\/#website\"},\"primaryImageOfPage\":{\"@id\":\"https:\/\/lobosnews.com.ar\/index.php\/2026\/04\/27\/abrazar-la-adolescencia-el-mensaje-de-pediatras-y-psicologos-ante-el-aumento-de-amenazas-en-las-escuelas\/#primaryimage\"},\"image\":{\"@id\":\"https:\/\/lobosnews.com.ar\/index.php\/2026\/04\/27\/abrazar-la-adolescencia-el-mensaje-de-pediatras-y-psicologos-ante-el-aumento-de-amenazas-en-las-escuelas\/#primaryimage\"},\"thumbnailUrl\":\"https:\/\/lobosnews.com.ar\/wp-content\/uploads\/2026\/04\/abrazar-la-adolescencia-el-mensaje-de-pediatras-y-psicologos-ante-el-aumento-de-amenazas-en-las-escuelas-16.jpg\",\"datePublished\":\"2026-04-27T11:52:56+00:00\",\"dateModified\":\"2026-04-27T14:50:28+00:00\",\"breadcrumb\":{\"@id\":\"https:\/\/lobosnews.com.ar\/index.php\/2026\/04\/27\/abrazar-la-adolescencia-el-mensaje-de-pediatras-y-psicologos-ante-el-aumento-de-amenazas-en-las-escuelas\/#breadcrumb\"},\"inLanguage\":\"es\",\"potentialAction\":[{\"@type\":\"ReadAction\",\"target\":[\"https:\/\/lobosnews.com.ar\/index.php\/2026\/04\/27\/abrazar-la-adolescencia-el-mensaje-de-pediatras-y-psicologos-ante-el-aumento-de-amenazas-en-las-escuelas\/\"]}]},{\"@type\":\"ImageObject\",\"inLanguage\":\"es\",\"@id\":\"https:\/\/lobosnews.com.ar\/index.php\/2026\/04\/27\/abrazar-la-adolescencia-el-mensaje-de-pediatras-y-psicologos-ante-el-aumento-de-amenazas-en-las-escuelas\/#primaryimage\",\"url\":\"https:\/\/lobosnews.com.ar\/wp-content\/uploads\/2026\/04\/abrazar-la-adolescencia-el-mensaje-de-pediatras-y-psicologos-ante-el-aumento-de-amenazas-en-las-escuelas-16.jpg\",\"contentUrl\":\"https:\/\/lobosnews.com.ar\/wp-content\/uploads\/2026\/04\/abrazar-la-adolescencia-el-mensaje-de-pediatras-y-psicologos-ante-el-aumento-de-amenazas-en-las-escuelas-16.jpg\",\"width\":1456,\"height\":816,\"caption\":\"\u201cAbrazar la adolescencia\u201d: el mensaje de pediatras y psic\u00f3logos ante el aumento de amenazas en las escuelas\"},{\"@type\":\"BreadcrumbList\",\"@id\":\"https:\/\/lobosnews.com.ar\/index.php\/2026\/04\/27\/abrazar-la-adolescencia-el-mensaje-de-pediatras-y-psicologos-ante-el-aumento-de-amenazas-en-las-escuelas\/#breadcrumb\",\"itemListElement\":[{\"@type\":\"ListItem\",\"position\":1,\"name\":\"Portada\",\"item\":\"https:\/\/lobosnews.com.ar\/\"},{\"@type\":\"ListItem\",\"position\":2,\"name\":\"\u201cAbrazar la adolescencia\u201d: el mensaje de pediatras y psic\u00f3logos ante el aumento de amenazas en las escuelas\"}]},{\"@type\":\"WebSite\",\"@id\":\"https:\/\/lobosnews.com.ar\/#website\",\"url\":\"https:\/\/lobosnews.com.ar\/\",\"name\":\"Lobos News\",\"description\":\"Informaci\u00f3n a cada instante\",\"publisher\":{\"@id\":\"https:\/\/lobosnews.com.ar\/#organization\"},\"potentialAction\":[{\"@type\":\"SearchAction\",\"target\":{\"@type\":\"EntryPoint\",\"urlTemplate\":\"https:\/\/lobosnews.com.ar\/?s={search_term_string}\"},\"query-input\":{\"@type\":\"PropertyValueSpecification\",\"valueRequired\":true,\"valueName\":\"search_term_string\"}}],\"inLanguage\":\"es\"},{\"@type\":\"Organization\",\"@id\":\"https:\/\/lobosnews.com.ar\/#organization\",\"name\":\"Lobos News\",\"url\":\"https:\/\/lobosnews.com.ar\/\",\"logo\":{\"@type\":\"ImageObject\",\"inLanguage\":\"es\",\"@id\":\"https:\/\/lobosnews.com.ar\/#\/schema\/logo\/image\/\",\"url\":\"https:\/\/lobosnews.com.ar\/wp-content\/uploads\/2026\/01\/logo-lobosnews.png\",\"contentUrl\":\"https:\/\/lobosnews.com.ar\/wp-content\/uploads\/2026\/01\/logo-lobosnews.png\",\"width\":500,\"height\":200,\"caption\":\"Lobos News\"},\"image\":{\"@id\":\"https:\/\/lobosnews.com.ar\/#\/schema\/logo\/image\/\"}},{\"@type\":\"Person\",\"@id\":\"https:\/\/lobosnews.com.ar\/#\/schema\/person\/232422a593d5c541dd9aef6aaed10943\",\"name\":\"admin\",\"image\":{\"@type\":\"ImageObject\",\"inLanguage\":\"es\",\"@id\":\"https:\/\/lobosnews.com.ar\/#\/schema\/person\/image\/\",\"url\":\"https:\/\/secure.gravatar.com\/avatar\/76e419471a2083bc3ceab22a763dbbf9b0c1bd15a6214cf3280e2c2dde4580f9?s=96&d=mm&r=g\",\"contentUrl\":\"https:\/\/secure.gravatar.com\/avatar\/76e419471a2083bc3ceab22a763dbbf9b0c1bd15a6214cf3280e2c2dde4580f9?s=96&d=mm&r=g\",\"caption\":\"admin\"},\"sameAs\":[\"https:\/\/lobosnews.com.ar\"],\"url\":\"https:\/\/lobosnews.com.ar\/index.php\/author\/lobos-news\/\"}]}<\/script>\n<!-- \/ Yoast SEO plugin. -->","yoast_head_json":{"title":"\u201cAbrazar la adolescencia\u201d: el mensaje de pediatras y psic\u00f3logos ante el aumento de amenazas en las escuelas - Lobos News","robots":{"index":"index","follow":"follow","max-snippet":"max-snippet:-1","max-image-preview":"max-image-preview:large","max-video-preview":"max-video-preview:-1"},"canonical":"https:\/\/lobosnews.com.ar\/index.php\/2026\/04\/27\/abrazar-la-adolescencia-el-mensaje-de-pediatras-y-psicologos-ante-el-aumento-de-amenazas-en-las-escuelas\/","og_locale":"es_ES","og_type":"article","og_title":"\u201cAbrazar la adolescencia\u201d: el mensaje de pediatras y psic\u00f3logos ante el aumento de amenazas en las escuelas - Lobos News","og_description":"El tiroteo ocurrido en una escuela de San Crist\u00f3bal, en Santa Fe, donde un estudiante de 15 a\u00f1os mat\u00f3 a otro de 13, desencaden\u00f3 una ola de amenazas que se extendi\u00f3 por escuelas de todo el pa\u00eds y tambi\u00e9n alcanz\u00f3 a Uruguay. La multiplicaci\u00f3n de estos episodios encendi\u00f3 la alarma en la comunidad educativa y...","og_url":"https:\/\/lobosnews.com.ar\/index.php\/2026\/04\/27\/abrazar-la-adolescencia-el-mensaje-de-pediatras-y-psicologos-ante-el-aumento-de-amenazas-en-las-escuelas\/","og_site_name":"Lobos News","article_published_time":"2026-04-27T11:52:56+00:00","article_modified_time":"2026-04-27T14:50:28+00:00","og_image":[{"url":"https:\/\/lobosnews.com.ar\/wp-content\/uploads\/2026\/04\/abrazar-la-adolescencia-el-mensaje-de-pediatras-y-psicologos-ante-el-aumento-de-amenazas-en-las-escuelas.jpg","type":"","width":"","height":""}],"author":"admin","twitter_card":"summary_large_image","twitter_misc":{"Escrito por":"admin","Tiempo de lectura":"7 minutos"},"schema":{"@context":"https:\/\/schema.org","@graph":[{"@type":"Article","@id":"https:\/\/lobosnews.com.ar\/index.php\/2026\/04\/27\/abrazar-la-adolescencia-el-mensaje-de-pediatras-y-psicologos-ante-el-aumento-de-amenazas-en-las-escuelas\/#article","isPartOf":{"@id":"https:\/\/lobosnews.com.ar\/index.php\/2026\/04\/27\/abrazar-la-adolescencia-el-mensaje-de-pediatras-y-psicologos-ante-el-aumento-de-amenazas-en-las-escuelas\/"},"author":{"name":"admin","@id":"https:\/\/lobosnews.com.ar\/#\/schema\/person\/232422a593d5c541dd9aef6aaed10943"},"headline":"\u201cAbrazar la adolescencia\u201d: el mensaje de pediatras y psic\u00f3logos ante el aumento de amenazas en las escuelas","datePublished":"2026-04-27T11:52:56+00:00","dateModified":"2026-04-27T14:50:28+00:00","mainEntityOfPage":{"@id":"https:\/\/lobosnews.com.ar\/index.php\/2026\/04\/27\/abrazar-la-adolescencia-el-mensaje-de-pediatras-y-psicologos-ante-el-aumento-de-amenazas-en-las-escuelas\/"},"wordCount":1419,"commentCount":0,"publisher":{"@id":"https:\/\/lobosnews.com.ar\/#organization"},"image":{"@id":"https:\/\/lobosnews.com.ar\/index.php\/2026\/04\/27\/abrazar-la-adolescencia-el-mensaje-de-pediatras-y-psicologos-ante-el-aumento-de-amenazas-en-las-escuelas\/#primaryimage"},"thumbnailUrl":"https:\/\/lobosnews.com.ar\/wp-content\/uploads\/2026\/04\/abrazar-la-adolescencia-el-mensaje-de-pediatras-y-psicologos-ante-el-aumento-de-amenazas-en-las-escuelas-16.jpg","articleSection":["Salud"],"inLanguage":"es","potentialAction":[{"@type":"CommentAction","name":"Comment","target":["https:\/\/lobosnews.com.ar\/index.php\/2026\/04\/27\/abrazar-la-adolescencia-el-mensaje-de-pediatras-y-psicologos-ante-el-aumento-de-amenazas-en-las-escuelas\/#respond"]}]},{"@type":"WebPage","@id":"https:\/\/lobosnews.com.ar\/index.php\/2026\/04\/27\/abrazar-la-adolescencia-el-mensaje-de-pediatras-y-psicologos-ante-el-aumento-de-amenazas-en-las-escuelas\/","url":"https:\/\/lobosnews.com.ar\/index.php\/2026\/04\/27\/abrazar-la-adolescencia-el-mensaje-de-pediatras-y-psicologos-ante-el-aumento-de-amenazas-en-las-escuelas\/","name":"\u201cAbrazar la adolescencia\u201d: el mensaje de pediatras y psic\u00f3logos ante el aumento de amenazas en las escuelas - Lobos News","isPartOf":{"@id":"https:\/\/lobosnews.com.ar\/#website"},"primaryImageOfPage":{"@id":"https:\/\/lobosnews.com.ar\/index.php\/2026\/04\/27\/abrazar-la-adolescencia-el-mensaje-de-pediatras-y-psicologos-ante-el-aumento-de-amenazas-en-las-escuelas\/#primaryimage"},"image":{"@id":"https:\/\/lobosnews.com.ar\/index.php\/2026\/04\/27\/abrazar-la-adolescencia-el-mensaje-de-pediatras-y-psicologos-ante-el-aumento-de-amenazas-en-las-escuelas\/#primaryimage"},"thumbnailUrl":"https:\/\/lobosnews.com.ar\/wp-content\/uploads\/2026\/04\/abrazar-la-adolescencia-el-mensaje-de-pediatras-y-psicologos-ante-el-aumento-de-amenazas-en-las-escuelas-16.jpg","datePublished":"2026-04-27T11:52:56+00:00","dateModified":"2026-04-27T14:50:28+00:00","breadcrumb":{"@id":"https:\/\/lobosnews.com.ar\/index.php\/2026\/04\/27\/abrazar-la-adolescencia-el-mensaje-de-pediatras-y-psicologos-ante-el-aumento-de-amenazas-en-las-escuelas\/#breadcrumb"},"inLanguage":"es","potentialAction":[{"@type":"ReadAction","target":["https:\/\/lobosnews.com.ar\/index.php\/2026\/04\/27\/abrazar-la-adolescencia-el-mensaje-de-pediatras-y-psicologos-ante-el-aumento-de-amenazas-en-las-escuelas\/"]}]},{"@type":"ImageObject","inLanguage":"es","@id":"https:\/\/lobosnews.com.ar\/index.php\/2026\/04\/27\/abrazar-la-adolescencia-el-mensaje-de-pediatras-y-psicologos-ante-el-aumento-de-amenazas-en-las-escuelas\/#primaryimage","url":"https:\/\/lobosnews.com.ar\/wp-content\/uploads\/2026\/04\/abrazar-la-adolescencia-el-mensaje-de-pediatras-y-psicologos-ante-el-aumento-de-amenazas-en-las-escuelas-16.jpg","contentUrl":"https:\/\/lobosnews.com.ar\/wp-content\/uploads\/2026\/04\/abrazar-la-adolescencia-el-mensaje-de-pediatras-y-psicologos-ante-el-aumento-de-amenazas-en-las-escuelas-16.jpg","width":1456,"height":816,"caption":"\u201cAbrazar la adolescencia\u201d: el mensaje de pediatras y psic\u00f3logos ante el aumento de amenazas en las escuelas"},{"@type":"BreadcrumbList","@id":"https:\/\/lobosnews.com.ar\/index.php\/2026\/04\/27\/abrazar-la-adolescencia-el-mensaje-de-pediatras-y-psicologos-ante-el-aumento-de-amenazas-en-las-escuelas\/#breadcrumb","itemListElement":[{"@type":"ListItem","position":1,"name":"Portada","item":"https:\/\/lobosnews.com.ar\/"},{"@type":"ListItem","position":2,"name":"\u201cAbrazar la adolescencia\u201d: el mensaje de pediatras y psic\u00f3logos ante el aumento de amenazas en las escuelas"}]},{"@type":"WebSite","@id":"https:\/\/lobosnews.com.ar\/#website","url":"https:\/\/lobosnews.com.ar\/","name":"Lobos News","description":"Informaci\u00f3n a cada instante","publisher":{"@id":"https:\/\/lobosnews.com.ar\/#organization"},"potentialAction":[{"@type":"SearchAction","target":{"@type":"EntryPoint","urlTemplate":"https:\/\/lobosnews.com.ar\/?s={search_term_string}"},"query-input":{"@type":"PropertyValueSpecification","valueRequired":true,"valueName":"search_term_string"}}],"inLanguage":"es"},{"@type":"Organization","@id":"https:\/\/lobosnews.com.ar\/#organization","name":"Lobos News","url":"https:\/\/lobosnews.com.ar\/","logo":{"@type":"ImageObject","inLanguage":"es","@id":"https:\/\/lobosnews.com.ar\/#\/schema\/logo\/image\/","url":"https:\/\/lobosnews.com.ar\/wp-content\/uploads\/2026\/01\/logo-lobosnews.png","contentUrl":"https:\/\/lobosnews.com.ar\/wp-content\/uploads\/2026\/01\/logo-lobosnews.png","width":500,"height":200,"caption":"Lobos News"},"image":{"@id":"https:\/\/lobosnews.com.ar\/#\/schema\/logo\/image\/"}},{"@type":"Person","@id":"https:\/\/lobosnews.com.ar\/#\/schema\/person\/232422a593d5c541dd9aef6aaed10943","name":"admin","image":{"@type":"ImageObject","inLanguage":"es","@id":"https:\/\/lobosnews.com.ar\/#\/schema\/person\/image\/","url":"https:\/\/secure.gravatar.com\/avatar\/76e419471a2083bc3ceab22a763dbbf9b0c1bd15a6214cf3280e2c2dde4580f9?s=96&d=mm&r=g","contentUrl":"https:\/\/secure.gravatar.com\/avatar\/76e419471a2083bc3ceab22a763dbbf9b0c1bd15a6214cf3280e2c2dde4580f9?s=96&d=mm&r=g","caption":"admin"},"sameAs":["https:\/\/lobosnews.com.ar"],"url":"https:\/\/lobosnews.com.ar\/index.php\/author\/lobos-news\/"}]}},"jetpack_featured_media_url":"https:\/\/lobosnews.com.ar\/wp-content\/uploads\/2026\/04\/abrazar-la-adolescencia-el-mensaje-de-pediatras-y-psicologos-ante-el-aumento-de-amenazas-en-las-escuelas-16.jpg","jetpack_sharing_enabled":true,"_links":{"self":[{"href":"https:\/\/lobosnews.com.ar\/index.php\/wp-json\/wp\/v2\/posts\/46183","targetHints":{"allow":["GET"]}}],"collection":[{"href":"https:\/\/lobosnews.com.ar\/index.php\/wp-json\/wp\/v2\/posts"}],"about":[{"href":"https:\/\/lobosnews.com.ar\/index.php\/wp-json\/wp\/v2\/types\/post"}],"author":[{"embeddable":true,"href":"https:\/\/lobosnews.com.ar\/index.php\/wp-json\/wp\/v2\/users\/1"}],"replies":[{"embeddable":true,"href":"https:\/\/lobosnews.com.ar\/index.php\/wp-json\/wp\/v2\/comments?post=46183"}],"version-history":[{"count":1,"href":"https:\/\/lobosnews.com.ar\/index.php\/wp-json\/wp\/v2\/posts\/46183\/revisions"}],"predecessor-version":[{"id":46193,"href":"https:\/\/lobosnews.com.ar\/index.php\/wp-json\/wp\/v2\/posts\/46183\/revisions\/46193"}],"wp:featuredmedia":[{"embeddable":true,"href":"https:\/\/lobosnews.com.ar\/index.php\/wp-json\/wp\/v2\/media\/46194"}],"wp:attachment":[{"href":"https:\/\/lobosnews.com.ar\/index.php\/wp-json\/wp\/v2\/media?parent=46183"}],"wp:term":[{"taxonomy":"category","embeddable":true,"href":"https:\/\/lobosnews.com.ar\/index.php\/wp-json\/wp\/v2\/categories?post=46183"},{"taxonomy":"post_tag","embeddable":true,"href":"https:\/\/lobosnews.com.ar\/index.php\/wp-json\/wp\/v2\/tags?post=46183"}],"curies":[{"name":"wp","href":"https:\/\/api.w.org\/{rel}","templated":true}]}}