{"id":46176,"date":"2026-04-27T12:05:18","date_gmt":"2026-04-27T12:05:18","guid":{"rendered":"https:\/\/lobosnews.com.ar\/index.php\/2026\/04\/27\/pan-y-miel-la-formula-del-record-mundial-de-sawe-en-la-maraton-de-londres\/"},"modified":"2026-04-27T14:49:28","modified_gmt":"2026-04-27T14:49:28","slug":"pan-y-miel-la-formula-del-record-mundial-de-sawe-en-la-maraton-de-londres","status":"publish","type":"post","link":"https:\/\/lobosnews.com.ar\/index.php\/2026\/04\/27\/pan-y-miel-la-formula-del-record-mundial-de-sawe-en-la-maraton-de-londres\/","title":{"rendered":"Pan y miel, la f\u00f3rmula del r\u00e9cord mundial de Sawe en la marat\u00f3n de Londres"},"content":{"rendered":"<p><img loading=\"lazy\" decoding=\"async\" src=\"https:\/\/lobosnews.com.ar\/wp-content\/uploads\/2026\/04\/pan-y-miel-la-formula-del-record-mundial-de-sawe-en-la-maraton-de-londres.jpg\" alt=\"La capital brit\u00e1nica fue testigo de un logro hist\u00f3rico cuando el atleta africano complet\u00f3 la distancia cl\u00e1sica en menos de dos horas - REUTERS\/Matthew Childs\" height=\"2149\" width=\"3427\"\/><\/p>\n<p>El keniano <b>Sabastian <\/b><span class=\"waslinkname\"><b>Sawe<\/b> <\/span>marc\u00f3 un hito en la historia del atletismo el domingo, al convertirse en el primer hombre en correr una marat\u00f3n oficial en menos de dos horas. Con un registro de <b>1 hora, 59 minutos y 30 segundos<\/b> en el <span class=\"waslinkname\">Marat\u00f3n <\/span>de Londres, super\u00f3 a sus rivales durante la segunda mitad de la prueba y estableci\u00f3 un nuevo r\u00e9cord mundial ante 800.000 espectadores. En su preparaci\u00f3n la alimentaci\u00f3n fue un factor clave para lograr la haza\u00f1a.<\/p>\n<p><b>La haza\u00f1a se vivi\u00f3 en la capital brit\u00e1nica<\/b>, donde el atleta de 31 a\u00f1os cruz\u00f3 la meta y celebr\u00f3 con el p\u00fablico. Sawe declar\u00f3 que este logro representa un momento inolvidable y que su actuaci\u00f3n demostr\u00f3 que \u201cnada es imposible\u201d.<\/p>\n<p><b>El ambiente en Londres se llen\u00f3 de euforia<\/b> cuando Sawe complet\u00f3 los 42,195 kil\u00f3metros en tiempo r\u00e9cord. De acuerdo con declaraciones posteriores, el atleta reconoci\u00f3 la importancia del apoyo de la afici\u00f3n y la confianza en su preparaci\u00f3n.<\/p>\n<h2>Entrenamiento y claves de la preparaci\u00f3n<\/h2>\n<p><img loading=\"lazy\" decoding=\"async\" src=\"https:\/\/lobosnews.com.ar\/wp-content\/uploads\/2026\/04\/pan-y-miel-la-formula-del-record-mundial-de-sawe-en-la-maraton-de-londres-1.jpg\" alt=\"El consumo de estos alimentos proporcion\u00f3 energ\u00eda r\u00e1pida antes de la competencia (Imagen Ilustrativa Infobae)\" height=\"1229\" width=\"2185\"\/><\/p>\n<p>Seg\u00fan la revista brit\u00e1nica <i>The Guardian<\/i>,<b> la rutina de Sawe incluy\u00f3 semanas de alto kilometraje.<\/b> Su entrenador, <b>Claudio Berardelli<\/b>, explic\u00f3 que el keniano complet\u00f3 un promedio de 200 kil\u00f3metros semanales, alcanzando un pico de 241 kil\u00f3metros en las semanas previas a la competencia. Seg\u00fan el entrenador, la preparaci\u00f3n f\u00edsica super\u00f3 incluso la realizada antes del Marat\u00f3n de Berl\u00edn, donde el calor impidi\u00f3 que Sawe alcanzara su mejor marca.<\/p>\n<p>Asimismo, <b>el desayuno de pan y miel form\u00f3 parte del ritual antes de la carrera.<\/b> El atleta eligi\u00f3 estos alimentos para garantizar energ\u00eda r\u00e1pida y digerible. Adem\u00e1s, utiliz\u00f3 geles de carbohidratos durante la prueba, lo que ayud\u00f3 a mantener la fuerza en los \u00faltimos kil\u00f3metros.<\/p>\n<p>Adem\u00e1s, <b>el calzado ultraligero result\u00f3 determinante.<\/b> Us\u00f3 las nuevas Adidas Pro Evo 3, las primeras zapatillas de alto rendimiento con un peso inferior a 100 gramos. Para Berardelli, el avance tecnol\u00f3gico en el equipamiento deportivo marca el inicio de una nueva era en el marat\u00f3n.<\/p>\n<h2>Factores tecnol\u00f3gicos y apoyo nutricional<\/h2>\n<p><img loading=\"lazy\" decoding=\"async\" src=\"https:\/\/lobosnews.com.ar\/wp-content\/uploads\/2026\/04\/pan-y-miel-la-formula-del-record-mundial-de-sawe-en-la-maraton-de-londres-2.jpg\" alt=\"El desayuno de pan y miel form\u00f3 parte del ritual antes de la carrera (Imagen Ilustrativa Infobae)\" height=\"768\" width=\"1408\"\/><\/p>\n<p><b>El uso de zapatillas innovadoras y geles energ\u00e9ticos potenci\u00f3 el desempe\u00f1o.<\/b> Seg\u00fan el equipo del keniano, la colaboraci\u00f3n con las marcas result\u00f3 fundamental. El respaldo de empresas incluy\u00f3 visitas frecuentes a Kenia para ajustar la preparaci\u00f3n y optimizar cada detalle de la carrera.<\/p>\n<p><b>El entrenador destac\u00f3 la actitud y car\u00e1cter del atleta.<\/b> Describi\u00f3 a Sawe como un corredor excepcional, con energ\u00eda positiva y humildad. Se\u00f1al\u00f3 que, a pesar de su gran capacidad f\u00edsica, el \u00e9xito radica tambi\u00e9n en la mentalidad y la disciplina mostradas durante el proceso.<\/p>\n<p><b>La combinaci\u00f3n de factores fisiol\u00f3gicos y tecnol\u00f3gicos permiti\u00f3 romper barreras hist\u00f3ricas.<\/b> Para el entrenador, la actuaci\u00f3n de Sawe representa el resultado de a\u00f1os de trabajo conjunto y adaptaciones progresivas.<\/p>\n<h2>Un r\u00e9cord con margen para mejorar<\/h2>\n<p><b>Los expertos creen que Sawe a\u00fan puede superar su marca.<\/b> Berardelli mencion\u00f3 que existe la posibilidad de que el keniano logre un tiempo menor a 1:59 en circuitos m\u00e1s r\u00e1pidos como Berl\u00edn o Chicago. El r\u00e9cord de Londres fue apenas el cuarto marat\u00f3n de Sawe, lo que indica margen de mejora con futuras adaptaciones.<\/p>\n<p><img loading=\"lazy\" decoding=\"async\" src=\"https:\/\/lobosnews.com.ar\/wp-content\/uploads\/2026\/04\/pan-y-miel-la-formula-del-record-mundial-de-sawe-en-la-maraton-de-londres-3.jpg\" alt=\"El entrenamiento de m\u00e1s de doscientos kil\u00f3metros semanales, complementado con una nutrici\u00f3n espec\u00edfica y apoyo cient\u00edfico\" height=\"1280\" width=\"1920\"\/><\/p>\n<p>En tanto que,<b> Steve Cram<\/b>, ex campe\u00f3n mundial y comentarista de la BBC, situ\u00f3 la haza\u00f1a al nivel de la que logr\u00f3 Roger Bannister al bajar de los cuatro minutos en la milla. Cram calific\u00f3 la actuaci\u00f3n como \u201cabsolutamente incre\u00edble\u201d y resalt\u00f3 el impacto de presenciar un logro que muchos consideraban inalcanzable.<\/p>\n<p><b>De esta manera, el r\u00e9cord de Sawe reescribe los l\u00edmites de la resistencia humana.<\/b> La nueva marca mundial abre el debate sobre el futuro del marat\u00f3n y la influencia de la tecnolog\u00eda, la ciencia del deporte y la preparaci\u00f3n mental en el alto rendimiento.<\/p>\n<h2>Sawe hizo historia en Londres con un r\u00e9cord mundial<\/h2>\n<p><b>Sabastian Sawe logr\u00f3 bajar de las dos horas por primera vez en una marat\u00f3n oficial, al cruzar la meta del Marat\u00f3n de Londres en 1:59:30.<\/b> El keniano, de 31 a\u00f1os, impuso una nueva marca mundial en una jornada seguida por cientos de miles de personas en la capital brit\u00e1nica. De acuerdo con medios deportivos internacionales, Sawe consolid\u00f3 su victoria tras una segunda mitad de carrera muy veloz, dejando atr\u00e1s a sus rivales y superando el r\u00e9cord previo en un final hist\u00f3rico para el atletismo. <\/p>\n","protected":false},"excerpt":{"rendered":"<p>El keniano Sabastian Sawe marc\u00f3 un hito en la historia del atletismo el domingo, al convertirse en el primer hombre en correr una marat\u00f3n oficial en menos de dos horas. Con un registro de 1 hora, 59 minutos y 30 segundos en el Marat\u00f3n de Londres, super\u00f3 a sus rivales durante la segunda mitad de&#8230;<\/p>\n","protected":false},"author":1,"featured_media":46182,"comment_status":"open","ping_status":"closed","sticky":false,"template":"","format":"standard","meta":{"_jetpack_memberships_contains_paid_content":false,"footnotes":""},"categories":[81],"tags":[],"class_list":["post-46176","post","type-post","status-publish","format-standard","has-post-thumbnail","hentry","category-salud"],"magazineBlocksPostFeaturedMedia":{"thumbnail":"https:\/\/lobosnews.com.ar\/wp-content\/uploads\/2026\/04\/pan-y-miel-la-formula-del-record-mundial-de-sawe-en-la-maraton-de-londres-6-150x150.jpg","medium":"https:\/\/lobosnews.com.ar\/wp-content\/uploads\/2026\/04\/pan-y-miel-la-formula-del-record-mundial-de-sawe-en-la-maraton-de-londres-6-300x200.jpg","medium_large":"https:\/\/lobosnews.com.ar\/wp-content\/uploads\/2026\/04\/pan-y-miel-la-formula-del-record-mundial-de-sawe-en-la-maraton-de-londres-6-768x512.jpg","large":"https:\/\/lobosnews.com.ar\/wp-content\/uploads\/2026\/04\/pan-y-miel-la-formula-del-record-mundial-de-sawe-en-la-maraton-de-londres-6-1024x683.jpg","1536x1536":"https:\/\/lobosnews.com.ar\/wp-content\/uploads\/2026\/04\/pan-y-miel-la-formula-del-record-mundial-de-sawe-en-la-maraton-de-londres-6-1536x1024.jpg","2048x2048":"https:\/\/lobosnews.com.ar\/wp-content\/uploads\/2026\/04\/pan-y-miel-la-formula-del-record-mundial-de-sawe-en-la-maraton-de-londres-6.jpg","newsmatic-featured":"https:\/\/lobosnews.com.ar\/wp-content\/uploads\/2026\/04\/pan-y-miel-la-formula-del-record-mundial-de-sawe-en-la-maraton-de-londres-6-820x545.jpg","newsmatic-list":"https:\/\/lobosnews.com.ar\/wp-content\/uploads\/2026\/04\/pan-y-miel-la-formula-del-record-mundial-de-sawe-en-la-maraton-de-londres-6-600x400.jpg","newsmatic-thumb":"https:\/\/lobosnews.com.ar\/wp-content\/uploads\/2026\/04\/pan-y-miel-la-formula-del-record-mundial-de-sawe-en-la-maraton-de-londres-6-300x200.jpg","newsmatic-small":"https:\/\/lobosnews.com.ar\/wp-content\/uploads\/2026\/04\/pan-y-miel-la-formula-del-record-mundial-de-sawe-en-la-maraton-de-londres-6-150x95.jpg","newsmatic-grid":"https:\/\/lobosnews.com.ar\/wp-content\/uploads\/2026\/04\/pan-y-miel-la-formula-del-record-mundial-de-sawe-en-la-maraton-de-londres-6-400x250.jpg"},"magazineBlocksPostAuthor":{"name":"admin","avatar":"https:\/\/secure.gravatar.com\/avatar\/76e419471a2083bc3ceab22a763dbbf9b0c1bd15a6214cf3280e2c2dde4580f9?s=96&d=mm&r=g"},"magazineBlocksPostCommentsNumber":"0","magazineBlocksPostExcerpt":"El keniano Sabastian Sawe marc\u00f3 un hito en la historia del atletismo el domingo, al convertirse en el primer hombre en correr una marat\u00f3n oficial en menos de dos horas. Con un registro de 1 hora, 59 minutos y 30 segundos en el Marat\u00f3n de Londres, super\u00f3 a sus rivales durante la segunda mitad de...","magazineBlocksPostCategories":["Salud"],"magazineBlocksPostViewCount":4,"magazineBlocksPostReadTime":4,"magazine_blocks_featured_image_url":{"full":["https:\/\/lobosnews.com.ar\/wp-content\/uploads\/2026\/04\/pan-y-miel-la-formula-del-record-mundial-de-sawe-en-la-maraton-de-londres-6.jpg",1920,1280,false],"medium":["https:\/\/lobosnews.com.ar\/wp-content\/uploads\/2026\/04\/pan-y-miel-la-formula-del-record-mundial-de-sawe-en-la-maraton-de-londres-6-300x200.jpg",300,200,true],"thumbnail":["https:\/\/lobosnews.com.ar\/wp-content\/uploads\/2026\/04\/pan-y-miel-la-formula-del-record-mundial-de-sawe-en-la-maraton-de-londres-6-150x150.jpg",150,150,true]},"magazine_blocks_author":{"display_name":"admin","author_link":"https:\/\/lobosnews.com.ar\/index.php\/author\/lobos-news\/"},"magazine_blocks_comment":0,"magazine_blocks_author_image":"https:\/\/secure.gravatar.com\/avatar\/76e419471a2083bc3ceab22a763dbbf9b0c1bd15a6214cf3280e2c2dde4580f9?s=96&d=mm&r=g","magazine_blocks_category":"<a href=\"#\" class=\"category-link category-link-81\">Salud<\/a>","yoast_head":"<!-- This site is optimized with the Yoast SEO plugin v26.6 - https:\/\/yoast.com\/wordpress\/plugins\/seo\/ -->\n<title>Pan y miel, la f\u00f3rmula del r\u00e9cord mundial de Sawe en la marat\u00f3n de Londres - Lobos News<\/title>\n<meta name=\"robots\" content=\"index, follow, max-snippet:-1, max-image-preview:large, max-video-preview:-1\" \/>\n<link rel=\"canonical\" href=\"https:\/\/lobosnews.com.ar\/index.php\/2026\/04\/27\/pan-y-miel-la-formula-del-record-mundial-de-sawe-en-la-maraton-de-londres\/\" \/>\n<meta property=\"og:locale\" content=\"es_ES\" \/>\n<meta property=\"og:type\" content=\"article\" \/>\n<meta property=\"og:title\" content=\"Pan y miel, la f\u00f3rmula del r\u00e9cord mundial de Sawe en la marat\u00f3n de Londres - Lobos News\" \/>\n<meta property=\"og:description\" content=\"El keniano Sabastian Sawe marc\u00f3 un hito en la historia del atletismo el domingo, al convertirse en el primer hombre en correr una marat\u00f3n oficial en menos de dos horas. Con un registro de 1 hora, 59 minutos y 30 segundos en el Marat\u00f3n de Londres, super\u00f3 a sus rivales durante la segunda mitad de...\" \/>\n<meta property=\"og:url\" content=\"https:\/\/lobosnews.com.ar\/index.php\/2026\/04\/27\/pan-y-miel-la-formula-del-record-mundial-de-sawe-en-la-maraton-de-londres\/\" \/>\n<meta property=\"og:site_name\" content=\"Lobos News\" \/>\n<meta property=\"article:published_time\" content=\"2026-04-27T12:05:18+00:00\" \/>\n<meta property=\"article:modified_time\" content=\"2026-04-27T14:49:28+00:00\" \/>\n<meta property=\"og:image\" content=\"https:\/\/lobosnews.com.ar\/wp-content\/uploads\/2026\/04\/pan-y-miel-la-formula-del-record-mundial-de-sawe-en-la-maraton-de-londres.jpg\" \/>\n<meta name=\"author\" content=\"admin\" \/>\n<meta name=\"twitter:card\" content=\"summary_large_image\" \/>\n<meta name=\"twitter:label1\" content=\"Escrito por\" \/>\n\t<meta name=\"twitter:data1\" content=\"admin\" \/>\n\t<meta name=\"twitter:label2\" content=\"Tiempo de lectura\" \/>\n\t<meta name=\"twitter:data2\" content=\"4 minutos\" \/>\n<script type=\"application\/ld+json\" class=\"yoast-schema-graph\">{\"@context\":\"https:\/\/schema.org\",\"@graph\":[{\"@type\":\"Article\",\"@id\":\"https:\/\/lobosnews.com.ar\/index.php\/2026\/04\/27\/pan-y-miel-la-formula-del-record-mundial-de-sawe-en-la-maraton-de-londres\/#article\",\"isPartOf\":{\"@id\":\"https:\/\/lobosnews.com.ar\/index.php\/2026\/04\/27\/pan-y-miel-la-formula-del-record-mundial-de-sawe-en-la-maraton-de-londres\/\"},\"author\":{\"name\":\"admin\",\"@id\":\"https:\/\/lobosnews.com.ar\/#\/schema\/person\/232422a593d5c541dd9aef6aaed10943\"},\"headline\":\"Pan y miel, la f\u00f3rmula del r\u00e9cord mundial de Sawe en la marat\u00f3n de Londres\",\"datePublished\":\"2026-04-27T12:05:18+00:00\",\"dateModified\":\"2026-04-27T14:49:28+00:00\",\"mainEntityOfPage\":{\"@id\":\"https:\/\/lobosnews.com.ar\/index.php\/2026\/04\/27\/pan-y-miel-la-formula-del-record-mundial-de-sawe-en-la-maraton-de-londres\/\"},\"wordCount\":769,\"commentCount\":0,\"publisher\":{\"@id\":\"https:\/\/lobosnews.com.ar\/#organization\"},\"image\":{\"@id\":\"https:\/\/lobosnews.com.ar\/index.php\/2026\/04\/27\/pan-y-miel-la-formula-del-record-mundial-de-sawe-en-la-maraton-de-londres\/#primaryimage\"},\"thumbnailUrl\":\"https:\/\/lobosnews.com.ar\/wp-content\/uploads\/2026\/04\/pan-y-miel-la-formula-del-record-mundial-de-sawe-en-la-maraton-de-londres-6.jpg\",\"articleSection\":[\"Salud\"],\"inLanguage\":\"es\",\"potentialAction\":[{\"@type\":\"CommentAction\",\"name\":\"Comment\",\"target\":[\"https:\/\/lobosnews.com.ar\/index.php\/2026\/04\/27\/pan-y-miel-la-formula-del-record-mundial-de-sawe-en-la-maraton-de-londres\/#respond\"]}]},{\"@type\":\"WebPage\",\"@id\":\"https:\/\/lobosnews.com.ar\/index.php\/2026\/04\/27\/pan-y-miel-la-formula-del-record-mundial-de-sawe-en-la-maraton-de-londres\/\",\"url\":\"https:\/\/lobosnews.com.ar\/index.php\/2026\/04\/27\/pan-y-miel-la-formula-del-record-mundial-de-sawe-en-la-maraton-de-londres\/\",\"name\":\"Pan y miel, la f\u00f3rmula del r\u00e9cord mundial de Sawe en la marat\u00f3n de Londres - Lobos News\",\"isPartOf\":{\"@id\":\"https:\/\/lobosnews.com.ar\/#website\"},\"primaryImageOfPage\":{\"@id\":\"https:\/\/lobosnews.com.ar\/index.php\/2026\/04\/27\/pan-y-miel-la-formula-del-record-mundial-de-sawe-en-la-maraton-de-londres\/#primaryimage\"},\"image\":{\"@id\":\"https:\/\/lobosnews.com.ar\/index.php\/2026\/04\/27\/pan-y-miel-la-formula-del-record-mundial-de-sawe-en-la-maraton-de-londres\/#primaryimage\"},\"thumbnailUrl\":\"https:\/\/lobosnews.com.ar\/wp-content\/uploads\/2026\/04\/pan-y-miel-la-formula-del-record-mundial-de-sawe-en-la-maraton-de-londres-6.jpg\",\"datePublished\":\"2026-04-27T12:05:18+00:00\",\"dateModified\":\"2026-04-27T14:49:28+00:00\",\"breadcrumb\":{\"@id\":\"https:\/\/lobosnews.com.ar\/index.php\/2026\/04\/27\/pan-y-miel-la-formula-del-record-mundial-de-sawe-en-la-maraton-de-londres\/#breadcrumb\"},\"inLanguage\":\"es\",\"potentialAction\":[{\"@type\":\"ReadAction\",\"target\":[\"https:\/\/lobosnews.com.ar\/index.php\/2026\/04\/27\/pan-y-miel-la-formula-del-record-mundial-de-sawe-en-la-maraton-de-londres\/\"]}]},{\"@type\":\"ImageObject\",\"inLanguage\":\"es\",\"@id\":\"https:\/\/lobosnews.com.ar\/index.php\/2026\/04\/27\/pan-y-miel-la-formula-del-record-mundial-de-sawe-en-la-maraton-de-londres\/#primaryimage\",\"url\":\"https:\/\/lobosnews.com.ar\/wp-content\/uploads\/2026\/04\/pan-y-miel-la-formula-del-record-mundial-de-sawe-en-la-maraton-de-londres-6.jpg\",\"contentUrl\":\"https:\/\/lobosnews.com.ar\/wp-content\/uploads\/2026\/04\/pan-y-miel-la-formula-del-record-mundial-de-sawe-en-la-maraton-de-londres-6.jpg\",\"width\":1920,\"height\":1280,\"caption\":\"Pan y miel, la f\u00f3rmula del r\u00e9cord mundial de Sawe en la marat\u00f3n de Londres\"},{\"@type\":\"BreadcrumbList\",\"@id\":\"https:\/\/lobosnews.com.ar\/index.php\/2026\/04\/27\/pan-y-miel-la-formula-del-record-mundial-de-sawe-en-la-maraton-de-londres\/#breadcrumb\",\"itemListElement\":[{\"@type\":\"ListItem\",\"position\":1,\"name\":\"Portada\",\"item\":\"https:\/\/lobosnews.com.ar\/\"},{\"@type\":\"ListItem\",\"position\":2,\"name\":\"Pan y miel, la f\u00f3rmula del r\u00e9cord mundial de Sawe en la marat\u00f3n de Londres\"}]},{\"@type\":\"WebSite\",\"@id\":\"https:\/\/lobosnews.com.ar\/#website\",\"url\":\"https:\/\/lobosnews.com.ar\/\",\"name\":\"Lobos News\",\"description\":\"Informaci\u00f3n a cada instante\",\"publisher\":{\"@id\":\"https:\/\/lobosnews.com.ar\/#organization\"},\"potentialAction\":[{\"@type\":\"SearchAction\",\"target\":{\"@type\":\"EntryPoint\",\"urlTemplate\":\"https:\/\/lobosnews.com.ar\/?s={search_term_string}\"},\"query-input\":{\"@type\":\"PropertyValueSpecification\",\"valueRequired\":true,\"valueName\":\"search_term_string\"}}],\"inLanguage\":\"es\"},{\"@type\":\"Organization\",\"@id\":\"https:\/\/lobosnews.com.ar\/#organization\",\"name\":\"Lobos News\",\"url\":\"https:\/\/lobosnews.com.ar\/\",\"logo\":{\"@type\":\"ImageObject\",\"inLanguage\":\"es\",\"@id\":\"https:\/\/lobosnews.com.ar\/#\/schema\/logo\/image\/\",\"url\":\"https:\/\/lobosnews.com.ar\/wp-content\/uploads\/2026\/01\/logo-lobosnews.png\",\"contentUrl\":\"https:\/\/lobosnews.com.ar\/wp-content\/uploads\/2026\/01\/logo-lobosnews.png\",\"width\":500,\"height\":200,\"caption\":\"Lobos News\"},\"image\":{\"@id\":\"https:\/\/lobosnews.com.ar\/#\/schema\/logo\/image\/\"}},{\"@type\":\"Person\",\"@id\":\"https:\/\/lobosnews.com.ar\/#\/schema\/person\/232422a593d5c541dd9aef6aaed10943\",\"name\":\"admin\",\"image\":{\"@type\":\"ImageObject\",\"inLanguage\":\"es\",\"@id\":\"https:\/\/lobosnews.com.ar\/#\/schema\/person\/image\/\",\"url\":\"https:\/\/secure.gravatar.com\/avatar\/76e419471a2083bc3ceab22a763dbbf9b0c1bd15a6214cf3280e2c2dde4580f9?s=96&d=mm&r=g\",\"contentUrl\":\"https:\/\/secure.gravatar.com\/avatar\/76e419471a2083bc3ceab22a763dbbf9b0c1bd15a6214cf3280e2c2dde4580f9?s=96&d=mm&r=g\",\"caption\":\"admin\"},\"sameAs\":[\"https:\/\/lobosnews.com.ar\"],\"url\":\"https:\/\/lobosnews.com.ar\/index.php\/author\/lobos-news\/\"}]}<\/script>\n<!-- \/ Yoast SEO plugin. -->","yoast_head_json":{"title":"Pan y miel, la f\u00f3rmula del r\u00e9cord mundial de Sawe en la marat\u00f3n de Londres - Lobos News","robots":{"index":"index","follow":"follow","max-snippet":"max-snippet:-1","max-image-preview":"max-image-preview:large","max-video-preview":"max-video-preview:-1"},"canonical":"https:\/\/lobosnews.com.ar\/index.php\/2026\/04\/27\/pan-y-miel-la-formula-del-record-mundial-de-sawe-en-la-maraton-de-londres\/","og_locale":"es_ES","og_type":"article","og_title":"Pan y miel, la f\u00f3rmula del r\u00e9cord mundial de Sawe en la marat\u00f3n de Londres - Lobos News","og_description":"El keniano Sabastian Sawe marc\u00f3 un hito en la historia del atletismo el domingo, al convertirse en el primer hombre en correr una marat\u00f3n oficial en menos de dos horas. Con un registro de 1 hora, 59 minutos y 30 segundos en el Marat\u00f3n de Londres, super\u00f3 a sus rivales durante la segunda mitad de...","og_url":"https:\/\/lobosnews.com.ar\/index.php\/2026\/04\/27\/pan-y-miel-la-formula-del-record-mundial-de-sawe-en-la-maraton-de-londres\/","og_site_name":"Lobos News","article_published_time":"2026-04-27T12:05:18+00:00","article_modified_time":"2026-04-27T14:49:28+00:00","og_image":[{"url":"https:\/\/lobosnews.com.ar\/wp-content\/uploads\/2026\/04\/pan-y-miel-la-formula-del-record-mundial-de-sawe-en-la-maraton-de-londres.jpg","type":"","width":"","height":""}],"author":"admin","twitter_card":"summary_large_image","twitter_misc":{"Escrito por":"admin","Tiempo de lectura":"4 minutos"},"schema":{"@context":"https:\/\/schema.org","@graph":[{"@type":"Article","@id":"https:\/\/lobosnews.com.ar\/index.php\/2026\/04\/27\/pan-y-miel-la-formula-del-record-mundial-de-sawe-en-la-maraton-de-londres\/#article","isPartOf":{"@id":"https:\/\/lobosnews.com.ar\/index.php\/2026\/04\/27\/pan-y-miel-la-formula-del-record-mundial-de-sawe-en-la-maraton-de-londres\/"},"author":{"name":"admin","@id":"https:\/\/lobosnews.com.ar\/#\/schema\/person\/232422a593d5c541dd9aef6aaed10943"},"headline":"Pan y miel, la f\u00f3rmula del r\u00e9cord mundial de Sawe en la marat\u00f3n de Londres","datePublished":"2026-04-27T12:05:18+00:00","dateModified":"2026-04-27T14:49:28+00:00","mainEntityOfPage":{"@id":"https:\/\/lobosnews.com.ar\/index.php\/2026\/04\/27\/pan-y-miel-la-formula-del-record-mundial-de-sawe-en-la-maraton-de-londres\/"},"wordCount":769,"commentCount":0,"publisher":{"@id":"https:\/\/lobosnews.com.ar\/#organization"},"image":{"@id":"https:\/\/lobosnews.com.ar\/index.php\/2026\/04\/27\/pan-y-miel-la-formula-del-record-mundial-de-sawe-en-la-maraton-de-londres\/#primaryimage"},"thumbnailUrl":"https:\/\/lobosnews.com.ar\/wp-content\/uploads\/2026\/04\/pan-y-miel-la-formula-del-record-mundial-de-sawe-en-la-maraton-de-londres-6.jpg","articleSection":["Salud"],"inLanguage":"es","potentialAction":[{"@type":"CommentAction","name":"Comment","target":["https:\/\/lobosnews.com.ar\/index.php\/2026\/04\/27\/pan-y-miel-la-formula-del-record-mundial-de-sawe-en-la-maraton-de-londres\/#respond"]}]},{"@type":"WebPage","@id":"https:\/\/lobosnews.com.ar\/index.php\/2026\/04\/27\/pan-y-miel-la-formula-del-record-mundial-de-sawe-en-la-maraton-de-londres\/","url":"https:\/\/lobosnews.com.ar\/index.php\/2026\/04\/27\/pan-y-miel-la-formula-del-record-mundial-de-sawe-en-la-maraton-de-londres\/","name":"Pan y miel, la f\u00f3rmula del r\u00e9cord mundial de Sawe en la marat\u00f3n de Londres - Lobos News","isPartOf":{"@id":"https:\/\/lobosnews.com.ar\/#website"},"primaryImageOfPage":{"@id":"https:\/\/lobosnews.com.ar\/index.php\/2026\/04\/27\/pan-y-miel-la-formula-del-record-mundial-de-sawe-en-la-maraton-de-londres\/#primaryimage"},"image":{"@id":"https:\/\/lobosnews.com.ar\/index.php\/2026\/04\/27\/pan-y-miel-la-formula-del-record-mundial-de-sawe-en-la-maraton-de-londres\/#primaryimage"},"thumbnailUrl":"https:\/\/lobosnews.com.ar\/wp-content\/uploads\/2026\/04\/pan-y-miel-la-formula-del-record-mundial-de-sawe-en-la-maraton-de-londres-6.jpg","datePublished":"2026-04-27T12:05:18+00:00","dateModified":"2026-04-27T14:49:28+00:00","breadcrumb":{"@id":"https:\/\/lobosnews.com.ar\/index.php\/2026\/04\/27\/pan-y-miel-la-formula-del-record-mundial-de-sawe-en-la-maraton-de-londres\/#breadcrumb"},"inLanguage":"es","potentialAction":[{"@type":"ReadAction","target":["https:\/\/lobosnews.com.ar\/index.php\/2026\/04\/27\/pan-y-miel-la-formula-del-record-mundial-de-sawe-en-la-maraton-de-londres\/"]}]},{"@type":"ImageObject","inLanguage":"es","@id":"https:\/\/lobosnews.com.ar\/index.php\/2026\/04\/27\/pan-y-miel-la-formula-del-record-mundial-de-sawe-en-la-maraton-de-londres\/#primaryimage","url":"https:\/\/lobosnews.com.ar\/wp-content\/uploads\/2026\/04\/pan-y-miel-la-formula-del-record-mundial-de-sawe-en-la-maraton-de-londres-6.jpg","contentUrl":"https:\/\/lobosnews.com.ar\/wp-content\/uploads\/2026\/04\/pan-y-miel-la-formula-del-record-mundial-de-sawe-en-la-maraton-de-londres-6.jpg","width":1920,"height":1280,"caption":"Pan y miel, la f\u00f3rmula del r\u00e9cord mundial de Sawe en la marat\u00f3n de Londres"},{"@type":"BreadcrumbList","@id":"https:\/\/lobosnews.com.ar\/index.php\/2026\/04\/27\/pan-y-miel-la-formula-del-record-mundial-de-sawe-en-la-maraton-de-londres\/#breadcrumb","itemListElement":[{"@type":"ListItem","position":1,"name":"Portada","item":"https:\/\/lobosnews.com.ar\/"},{"@type":"ListItem","position":2,"name":"Pan y miel, la f\u00f3rmula del r\u00e9cord mundial de Sawe en la marat\u00f3n de Londres"}]},{"@type":"WebSite","@id":"https:\/\/lobosnews.com.ar\/#website","url":"https:\/\/lobosnews.com.ar\/","name":"Lobos News","description":"Informaci\u00f3n a cada instante","publisher":{"@id":"https:\/\/lobosnews.com.ar\/#organization"},"potentialAction":[{"@type":"SearchAction","target":{"@type":"EntryPoint","urlTemplate":"https:\/\/lobosnews.com.ar\/?s={search_term_string}"},"query-input":{"@type":"PropertyValueSpecification","valueRequired":true,"valueName":"search_term_string"}}],"inLanguage":"es"},{"@type":"Organization","@id":"https:\/\/lobosnews.com.ar\/#organization","name":"Lobos News","url":"https:\/\/lobosnews.com.ar\/","logo":{"@type":"ImageObject","inLanguage":"es","@id":"https:\/\/lobosnews.com.ar\/#\/schema\/logo\/image\/","url":"https:\/\/lobosnews.com.ar\/wp-content\/uploads\/2026\/01\/logo-lobosnews.png","contentUrl":"https:\/\/lobosnews.com.ar\/wp-content\/uploads\/2026\/01\/logo-lobosnews.png","width":500,"height":200,"caption":"Lobos News"},"image":{"@id":"https:\/\/lobosnews.com.ar\/#\/schema\/logo\/image\/"}},{"@type":"Person","@id":"https:\/\/lobosnews.com.ar\/#\/schema\/person\/232422a593d5c541dd9aef6aaed10943","name":"admin","image":{"@type":"ImageObject","inLanguage":"es","@id":"https:\/\/lobosnews.com.ar\/#\/schema\/person\/image\/","url":"https:\/\/secure.gravatar.com\/avatar\/76e419471a2083bc3ceab22a763dbbf9b0c1bd15a6214cf3280e2c2dde4580f9?s=96&d=mm&r=g","contentUrl":"https:\/\/secure.gravatar.com\/avatar\/76e419471a2083bc3ceab22a763dbbf9b0c1bd15a6214cf3280e2c2dde4580f9?s=96&d=mm&r=g","caption":"admin"},"sameAs":["https:\/\/lobosnews.com.ar"],"url":"https:\/\/lobosnews.com.ar\/index.php\/author\/lobos-news\/"}]}},"jetpack_featured_media_url":"https:\/\/lobosnews.com.ar\/wp-content\/uploads\/2026\/04\/pan-y-miel-la-formula-del-record-mundial-de-sawe-en-la-maraton-de-londres-6.jpg","jetpack_sharing_enabled":true,"_links":{"self":[{"href":"https:\/\/lobosnews.com.ar\/index.php\/wp-json\/wp\/v2\/posts\/46176","targetHints":{"allow":["GET"]}}],"collection":[{"href":"https:\/\/lobosnews.com.ar\/index.php\/wp-json\/wp\/v2\/posts"}],"about":[{"href":"https:\/\/lobosnews.com.ar\/index.php\/wp-json\/wp\/v2\/types\/post"}],"author":[{"embeddable":true,"href":"https:\/\/lobosnews.com.ar\/index.php\/wp-json\/wp\/v2\/users\/1"}],"replies":[{"embeddable":true,"href":"https:\/\/lobosnews.com.ar\/index.php\/wp-json\/wp\/v2\/comments?post=46176"}],"version-history":[{"count":1,"href":"https:\/\/lobosnews.com.ar\/index.php\/wp-json\/wp\/v2\/posts\/46176\/revisions"}],"predecessor-version":[{"id":46181,"href":"https:\/\/lobosnews.com.ar\/index.php\/wp-json\/wp\/v2\/posts\/46176\/revisions\/46181"}],"wp:featuredmedia":[{"embeddable":true,"href":"https:\/\/lobosnews.com.ar\/index.php\/wp-json\/wp\/v2\/media\/46182"}],"wp:attachment":[{"href":"https:\/\/lobosnews.com.ar\/index.php\/wp-json\/wp\/v2\/media?parent=46176"}],"wp:term":[{"taxonomy":"category","embeddable":true,"href":"https:\/\/lobosnews.com.ar\/index.php\/wp-json\/wp\/v2\/categories?post=46176"},{"taxonomy":"post_tag","embeddable":true,"href":"https:\/\/lobosnews.com.ar\/index.php\/wp-json\/wp\/v2\/tags?post=46176"}],"curies":[{"name":"wp","href":"https:\/\/api.w.org\/{rel}","templated":true}]}}