{"id":46154,"date":"2026-04-27T12:21:23","date_gmt":"2026-04-27T12:21:23","guid":{"rendered":"https:\/\/lobosnews.com.ar\/index.php\/2026\/04\/27\/el-look-de-la-china-suarez-en-el-clasico-de-estambul-moda-futbol-y-repercusion-en-las-tribunas-del-galatasaray\/"},"modified":"2026-04-27T14:49:00","modified_gmt":"2026-04-27T14:49:00","slug":"el-look-de-la-china-suarez-en-el-clasico-de-estambul-moda-futbol-y-repercusion-en-las-tribunas-del-galatasaray","status":"publish","type":"post","link":"https:\/\/lobosnews.com.ar\/index.php\/2026\/04\/27\/el-look-de-la-china-suarez-en-el-clasico-de-estambul-moda-futbol-y-repercusion-en-las-tribunas-del-galatasaray\/","title":{"rendered":"El look de la China Su\u00e1rez en el cl\u00e1sico de Estambul: moda, f\u00fatbol y repercusi\u00f3n en las tribunas del Galatasaray"},"content":{"rendered":"<p>La jornada futbol\u00edstica en la que <b>Galatasaray<\/b> venci\u00f3 3-0 a <b>Fenerbah\u00e7e<\/b> no solo consolid\u00f3 el liderazgo del club en la <b>S\u00fcper Lig<\/b> turca. La aparici\u00f3n de<span class=\"waslinkname\"> <b>la China Su\u00e1rez<\/b><\/span> junto a sus hijos en las inmediaciones del estadio sum\u00f3 un cap\u00edtulo de inter\u00e9s fuera del campo de juego. Seg\u00fan las im\u00e1genes compartidas por medios locales, la artista opt\u00f3 por una combinaci\u00f3n que <b>fusion\u00f3 moda deportiva y estilo urbano<\/b>: luci\u00f3 una camiseta blanca con el emblema y los colores de Galatasaray, acompa\u00f1ada por una campera de cuero negra de corte cl\u00e1sico y unos jeans celestes wide leg con aberturas y tiras negras que rodean las piernas, lo que aporta un gui\u00f1o moderno al conjunto.<\/p>\n<p>La elecci\u00f3n se complet\u00f3 con botas negras de ca\u00f1a media, un bolso peque\u00f1o negro y el cabello lacio, suelto, enmarcando un maquillaje sutil. Llev\u00f3 en una mano una prenda blanca. La imagen de la China caminando junto a sus hijos \u2014<b>Amancio, Magnolia <\/b>y<b> Rufina<\/b>\u2014 fue registrada por c\u00e1maras y espectadores, y r\u00e1pidamente se viraliz\u00f3. Las reacciones incluyeron frases como: <b>\u201cSiempre una diosa ella y que la envidiosa soporten\u201d<\/b> y <b>\u201cSiempre un paso adelante en la moda. Una genia\u201d<\/b>, comentarios recogidos tanto en redes sociales como en medios turcos.<\/p>\n<p>Cabe destacar que en este marco, la figura de <b>Mauro Icardi<\/b> tambi\u00e9n fue motivo de atenci\u00f3n, en una jornada que podr\u00eda haber significado el inicio de su despedida del club. El delantero, de 33 a\u00f1os, comenz\u00f3 el cl\u00e1sico en el banco e ingres\u00f3 en el segundo tiempo, sin anotar goles. Su contrato con el club vence el 30 de junio y hasta el momento no recibi\u00f3 una oferta de renovaci\u00f3n formal. El futbolista acumul\u00f3 cinco t\u00edtulos con la instituci\u00f3n, pero tras la lesi\u00f3n sufrida a fines de 2024 y una larga recuperaci\u00f3n, a\u00fan no recuper\u00f3 su mejor nivel. <b>En la presente temporada disput\u00f3 45 partidos, anot\u00f3 16 goles y sum\u00f3 dos asistencias.<\/b><\/p>\n<p>Una de las im\u00e1genes que llam\u00f3 la atenci\u00f3n se produjo antes del partido, cuando el ex de <b>Wanda Nara<\/b> permaneci\u00f3 varios minutos observando las tribunas, un gesto que fue interpretado por aficionados y medios turcos<b> como una se\u00f1al de despedida<\/b>. A lo largo del d\u00eda, la familia del futbolista estuvo presente tanto en las tribunas como en la previa del encuentro, acentuando el car\u00e1cter emotivo de la jornada.<\/p>\n<p>El triunfo de Galatasaray sobre Fenerbah\u00e7e permiti\u00f3 al club aumentar la diferencia a siete puntos respecto a su escolta, cuando restan solo tres jornadas para el final de la competencia. El festejo colectivo incluy\u00f3 a jugadores, cuerpo t\u00e9cnico y familiares, y la presencia de la actriz argentina desde las tribunas fue uno de los focos de atenci\u00f3n para la prensa y los seguidores del club.<\/p>\n<p>Cabe recordar que hace s\u00f3lo unos d\u00edas, cuando varios comentarios en contra del futbolista comenzaron a hacerse m\u00e1s presentes en las redes sociales de ambos, fue la propia actriz y cantante quien no dud\u00f3 en compartir una serie de fotograf\u00edas, acompa\u00f1ado de frases motivadoras.<\/p>\n<p><img loading=\"lazy\" decoding=\"async\" src=\"https:\/\/lobosnews.com.ar\/wp-content\/uploads\/2026\/04\/el-look-de-la-china-suarez-en-el-clasico-de-estambul-moda-futbol-y-repercusion-en-las-tribunas-del-galatasaray.jpg\" alt=\"China Su\u00e1rez comparti\u00f3 una historia en redes sociales celebrando un gol de Mauro Icardi con un mensaje de apoyo, destacando su felicidad y resiliencia.\" height=\"596\" width=\"332\"\/><\/p>\n<p>La China comparti\u00f3 una historia con una imagen de Icardi en la cancha, luciendo la camiseta n\u00famero 9 y levantando el brazo en se\u00f1al de festejo. Sobre la foto, escribi\u00f3 en turco: \u201cY\u00fcz\u00fcn g\u00fcl\u00fcnce g\u00fcne\u015f do\u011far ya\u201d (Cuando sonr\u00edes, sale el sol), acompa\u00f1ado de corazones amarillo y rojo, los colores del club. Debajo, sum\u00f3 en espa\u00f1ol: \u201c<b>Los que pretenden apagarte, ni lo intenten<\/b>\u201d, dejando un mensaje de apoyo y admiraci\u00f3n para el delantero.<\/p>\n<p>El gesto fue r\u00e1pidamente valorado por sus seguidores, que recibieron la publicaci\u00f3n como una muestra de que, pese a la exposici\u00f3n y las especulaciones, la pareja sigue firme y conectada, celebrando juntos cada logro y cada regreso.<\/p>\n","protected":false},"excerpt":{"rendered":"<p>La jornada futbol\u00edstica en la que Galatasaray venci\u00f3 3-0 a Fenerbah\u00e7e no solo consolid\u00f3 el liderazgo del club en la S\u00fcper Lig turca. La aparici\u00f3n de la China Su\u00e1rez junto a sus hijos en las inmediaciones del estadio sum\u00f3 un cap\u00edtulo de inter\u00e9s fuera del campo de juego. Seg\u00fan las im\u00e1genes compartidas por medios locales,&#8230;<\/p>\n","protected":false},"author":1,"featured_media":46157,"comment_status":"open","ping_status":"closed","sticky":false,"template":"","format":"standard","meta":{"_jetpack_memberships_contains_paid_content":false,"footnotes":""},"categories":[79],"tags":[],"class_list":["post-46154","post","type-post","status-publish","format-standard","has-post-thumbnail","hentry","category-cine-y-series"],"magazineBlocksPostFeaturedMedia":{"thumbnail":"https:\/\/lobosnews.com.ar\/wp-content\/uploads\/2026\/04\/el-look-de-la-china-suarez-en-el-clasico-de-estambul-moda-futbol-y-repercusion-en-las-tribunas-del-galatasaray-150x150.jpg","medium":"https:\/\/lobosnews.com.ar\/wp-content\/uploads\/2026\/04\/el-look-de-la-china-suarez-en-el-clasico-de-estambul-moda-futbol-y-repercusion-en-las-tribunas-del-galatasaray-167x300.jpg","medium_large":"https:\/\/lobosnews.com.ar\/wp-content\/uploads\/2026\/04\/el-look-de-la-china-suarez-en-el-clasico-de-estambul-moda-futbol-y-repercusion-en-las-tribunas-del-galatasaray.jpg","large":"https:\/\/lobosnews.com.ar\/wp-content\/uploads\/2026\/04\/el-look-de-la-china-suarez-en-el-clasico-de-estambul-moda-futbol-y-repercusion-en-las-tribunas-del-galatasaray.jpg","1536x1536":"https:\/\/lobosnews.com.ar\/wp-content\/uploads\/2026\/04\/el-look-de-la-china-suarez-en-el-clasico-de-estambul-moda-futbol-y-repercusion-en-las-tribunas-del-galatasaray.jpg","2048x2048":"https:\/\/lobosnews.com.ar\/wp-content\/uploads\/2026\/04\/el-look-de-la-china-suarez-en-el-clasico-de-estambul-moda-futbol-y-repercusion-en-las-tribunas-del-galatasaray.jpg","newsmatic-featured":"https:\/\/lobosnews.com.ar\/wp-content\/uploads\/2026\/04\/el-look-de-la-china-suarez-en-el-clasico-de-estambul-moda-futbol-y-repercusion-en-las-tribunas-del-galatasaray-332x545.jpg","newsmatic-list":"https:\/\/lobosnews.com.ar\/wp-content\/uploads\/2026\/04\/el-look-de-la-china-suarez-en-el-clasico-de-estambul-moda-futbol-y-repercusion-en-las-tribunas-del-galatasaray-332x400.jpg","newsmatic-thumb":"https:\/\/lobosnews.com.ar\/wp-content\/uploads\/2026\/04\/el-look-de-la-china-suarez-en-el-clasico-de-estambul-moda-futbol-y-repercusion-en-las-tribunas-del-galatasaray-300x200.jpg","newsmatic-small":"https:\/\/lobosnews.com.ar\/wp-content\/uploads\/2026\/04\/el-look-de-la-china-suarez-en-el-clasico-de-estambul-moda-futbol-y-repercusion-en-las-tribunas-del-galatasaray-150x95.jpg","newsmatic-grid":"https:\/\/lobosnews.com.ar\/wp-content\/uploads\/2026\/04\/el-look-de-la-china-suarez-en-el-clasico-de-estambul-moda-futbol-y-repercusion-en-las-tribunas-del-galatasaray-332x250.jpg"},"magazineBlocksPostAuthor":{"name":"admin","avatar":"https:\/\/secure.gravatar.com\/avatar\/76e419471a2083bc3ceab22a763dbbf9b0c1bd15a6214cf3280e2c2dde4580f9?s=96&d=mm&r=g"},"magazineBlocksPostCommentsNumber":"0","magazineBlocksPostExcerpt":"La jornada futbol\u00edstica en la que Galatasaray venci\u00f3 3-0 a Fenerbah\u00e7e no solo consolid\u00f3 el liderazgo del club en la S\u00fcper Lig turca. La aparici\u00f3n de la China Su\u00e1rez junto a sus hijos en las inmediaciones del estadio sum\u00f3 un cap\u00edtulo de inter\u00e9s fuera del campo de juego. Seg\u00fan las im\u00e1genes compartidas por medios locales,...","magazineBlocksPostCategories":["Cine y Series"],"magazineBlocksPostViewCount":4,"magazineBlocksPostReadTime":4,"magazine_blocks_featured_image_url":{"full":["https:\/\/lobosnews.com.ar\/wp-content\/uploads\/2026\/04\/el-look-de-la-china-suarez-en-el-clasico-de-estambul-moda-futbol-y-repercusion-en-las-tribunas-del-galatasaray.jpg",332,596,false],"medium":["https:\/\/lobosnews.com.ar\/wp-content\/uploads\/2026\/04\/el-look-de-la-china-suarez-en-el-clasico-de-estambul-moda-futbol-y-repercusion-en-las-tribunas-del-galatasaray-167x300.jpg",167,300,true],"thumbnail":["https:\/\/lobosnews.com.ar\/wp-content\/uploads\/2026\/04\/el-look-de-la-china-suarez-en-el-clasico-de-estambul-moda-futbol-y-repercusion-en-las-tribunas-del-galatasaray-150x150.jpg",150,150,true]},"magazine_blocks_author":{"display_name":"admin","author_link":"https:\/\/lobosnews.com.ar\/index.php\/author\/lobos-news\/"},"magazine_blocks_comment":0,"magazine_blocks_author_image":"https:\/\/secure.gravatar.com\/avatar\/76e419471a2083bc3ceab22a763dbbf9b0c1bd15a6214cf3280e2c2dde4580f9?s=96&d=mm&r=g","magazine_blocks_category":"<a href=\"#\" class=\"category-link category-link-79\">Cine y Series<\/a>","yoast_head":"<!-- This site is optimized with the Yoast SEO plugin v26.6 - https:\/\/yoast.com\/wordpress\/plugins\/seo\/ -->\n<title>El look de la China Su\u00e1rez en el cl\u00e1sico de Estambul: moda, f\u00fatbol y repercusi\u00f3n en las tribunas del Galatasaray - Lobos News<\/title>\n<meta name=\"robots\" content=\"index, follow, max-snippet:-1, max-image-preview:large, max-video-preview:-1\" \/>\n<link rel=\"canonical\" href=\"https:\/\/lobosnews.com.ar\/index.php\/2026\/04\/27\/el-look-de-la-china-suarez-en-el-clasico-de-estambul-moda-futbol-y-repercusion-en-las-tribunas-del-galatasaray\/\" \/>\n<meta property=\"og:locale\" content=\"es_ES\" \/>\n<meta property=\"og:type\" content=\"article\" \/>\n<meta property=\"og:title\" content=\"El look de la China Su\u00e1rez en el cl\u00e1sico de Estambul: moda, f\u00fatbol y repercusi\u00f3n en las tribunas del Galatasaray - Lobos News\" \/>\n<meta property=\"og:description\" content=\"La jornada futbol\u00edstica en la que Galatasaray venci\u00f3 3-0 a Fenerbah\u00e7e no solo consolid\u00f3 el liderazgo del club en la S\u00fcper Lig turca. La aparici\u00f3n de la China Su\u00e1rez junto a sus hijos en las inmediaciones del estadio sum\u00f3 un cap\u00edtulo de inter\u00e9s fuera del campo de juego. Seg\u00fan las im\u00e1genes compartidas por medios locales,...\" \/>\n<meta property=\"og:url\" content=\"https:\/\/lobosnews.com.ar\/index.php\/2026\/04\/27\/el-look-de-la-china-suarez-en-el-clasico-de-estambul-moda-futbol-y-repercusion-en-las-tribunas-del-galatasaray\/\" \/>\n<meta property=\"og:site_name\" content=\"Lobos News\" \/>\n<meta property=\"article:published_time\" content=\"2026-04-27T12:21:23+00:00\" \/>\n<meta property=\"article:modified_time\" content=\"2026-04-27T14:49:00+00:00\" \/>\n<meta property=\"og:image\" content=\"https:\/\/lobosnews.com.ar\/wp-content\/uploads\/2026\/04\/el-look-de-la-china-suarez-en-el-clasico-de-estambul-moda-futbol-y-repercusion-en-las-tribunas-del-galatasaray.jpg\" \/>\n<meta name=\"author\" content=\"admin\" \/>\n<meta name=\"twitter:card\" content=\"summary_large_image\" \/>\n<meta name=\"twitter:label1\" content=\"Escrito por\" \/>\n\t<meta name=\"twitter:data1\" content=\"admin\" \/>\n\t<meta name=\"twitter:label2\" content=\"Tiempo de lectura\" \/>\n\t<meta name=\"twitter:data2\" content=\"3 minutos\" \/>\n<script type=\"application\/ld+json\" class=\"yoast-schema-graph\">{\"@context\":\"https:\/\/schema.org\",\"@graph\":[{\"@type\":\"Article\",\"@id\":\"https:\/\/lobosnews.com.ar\/index.php\/2026\/04\/27\/el-look-de-la-china-suarez-en-el-clasico-de-estambul-moda-futbol-y-repercusion-en-las-tribunas-del-galatasaray\/#article\",\"isPartOf\":{\"@id\":\"https:\/\/lobosnews.com.ar\/index.php\/2026\/04\/27\/el-look-de-la-china-suarez-en-el-clasico-de-estambul-moda-futbol-y-repercusion-en-las-tribunas-del-galatasaray\/\"},\"author\":{\"name\":\"admin\",\"@id\":\"https:\/\/lobosnews.com.ar\/#\/schema\/person\/232422a593d5c541dd9aef6aaed10943\"},\"headline\":\"El look de la China Su\u00e1rez en el cl\u00e1sico de Estambul: moda, f\u00fatbol y repercusi\u00f3n en las tribunas del Galatasaray\",\"datePublished\":\"2026-04-27T12:21:23+00:00\",\"dateModified\":\"2026-04-27T14:49:00+00:00\",\"mainEntityOfPage\":{\"@id\":\"https:\/\/lobosnews.com.ar\/index.php\/2026\/04\/27\/el-look-de-la-china-suarez-en-el-clasico-de-estambul-moda-futbol-y-repercusion-en-las-tribunas-del-galatasaray\/\"},\"wordCount\":675,\"commentCount\":0,\"publisher\":{\"@id\":\"https:\/\/lobosnews.com.ar\/#organization\"},\"image\":{\"@id\":\"https:\/\/lobosnews.com.ar\/index.php\/2026\/04\/27\/el-look-de-la-china-suarez-en-el-clasico-de-estambul-moda-futbol-y-repercusion-en-las-tribunas-del-galatasaray\/#primaryimage\"},\"thumbnailUrl\":\"https:\/\/lobosnews.com.ar\/wp-content\/uploads\/2026\/04\/el-look-de-la-china-suarez-en-el-clasico-de-estambul-moda-futbol-y-repercusion-en-las-tribunas-del-galatasaray.jpg\",\"articleSection\":[\"Cine y Series\"],\"inLanguage\":\"es\",\"potentialAction\":[{\"@type\":\"CommentAction\",\"name\":\"Comment\",\"target\":[\"https:\/\/lobosnews.com.ar\/index.php\/2026\/04\/27\/el-look-de-la-china-suarez-en-el-clasico-de-estambul-moda-futbol-y-repercusion-en-las-tribunas-del-galatasaray\/#respond\"]}]},{\"@type\":\"WebPage\",\"@id\":\"https:\/\/lobosnews.com.ar\/index.php\/2026\/04\/27\/el-look-de-la-china-suarez-en-el-clasico-de-estambul-moda-futbol-y-repercusion-en-las-tribunas-del-galatasaray\/\",\"url\":\"https:\/\/lobosnews.com.ar\/index.php\/2026\/04\/27\/el-look-de-la-china-suarez-en-el-clasico-de-estambul-moda-futbol-y-repercusion-en-las-tribunas-del-galatasaray\/\",\"name\":\"El look de la China Su\u00e1rez en el cl\u00e1sico de Estambul: moda, f\u00fatbol y repercusi\u00f3n en las tribunas del Galatasaray - Lobos News\",\"isPartOf\":{\"@id\":\"https:\/\/lobosnews.com.ar\/#website\"},\"primaryImageOfPage\":{\"@id\":\"https:\/\/lobosnews.com.ar\/index.php\/2026\/04\/27\/el-look-de-la-china-suarez-en-el-clasico-de-estambul-moda-futbol-y-repercusion-en-las-tribunas-del-galatasaray\/#primaryimage\"},\"image\":{\"@id\":\"https:\/\/lobosnews.com.ar\/index.php\/2026\/04\/27\/el-look-de-la-china-suarez-en-el-clasico-de-estambul-moda-futbol-y-repercusion-en-las-tribunas-del-galatasaray\/#primaryimage\"},\"thumbnailUrl\":\"https:\/\/lobosnews.com.ar\/wp-content\/uploads\/2026\/04\/el-look-de-la-china-suarez-en-el-clasico-de-estambul-moda-futbol-y-repercusion-en-las-tribunas-del-galatasaray.jpg\",\"datePublished\":\"2026-04-27T12:21:23+00:00\",\"dateModified\":\"2026-04-27T14:49:00+00:00\",\"breadcrumb\":{\"@id\":\"https:\/\/lobosnews.com.ar\/index.php\/2026\/04\/27\/el-look-de-la-china-suarez-en-el-clasico-de-estambul-moda-futbol-y-repercusion-en-las-tribunas-del-galatasaray\/#breadcrumb\"},\"inLanguage\":\"es\",\"potentialAction\":[{\"@type\":\"ReadAction\",\"target\":[\"https:\/\/lobosnews.com.ar\/index.php\/2026\/04\/27\/el-look-de-la-china-suarez-en-el-clasico-de-estambul-moda-futbol-y-repercusion-en-las-tribunas-del-galatasaray\/\"]}]},{\"@type\":\"ImageObject\",\"inLanguage\":\"es\",\"@id\":\"https:\/\/lobosnews.com.ar\/index.php\/2026\/04\/27\/el-look-de-la-china-suarez-en-el-clasico-de-estambul-moda-futbol-y-repercusion-en-las-tribunas-del-galatasaray\/#primaryimage\",\"url\":\"https:\/\/lobosnews.com.ar\/wp-content\/uploads\/2026\/04\/el-look-de-la-china-suarez-en-el-clasico-de-estambul-moda-futbol-y-repercusion-en-las-tribunas-del-galatasaray.jpg\",\"contentUrl\":\"https:\/\/lobosnews.com.ar\/wp-content\/uploads\/2026\/04\/el-look-de-la-china-suarez-en-el-clasico-de-estambul-moda-futbol-y-repercusion-en-las-tribunas-del-galatasaray.jpg\",\"width\":332,\"height\":596,\"caption\":\"El look de la China Su\u00e1rez en el cl\u00e1sico de Estambul: moda, f\u00fatbol y repercusi\u00f3n en las tribunas del Galatasaray\"},{\"@type\":\"BreadcrumbList\",\"@id\":\"https:\/\/lobosnews.com.ar\/index.php\/2026\/04\/27\/el-look-de-la-china-suarez-en-el-clasico-de-estambul-moda-futbol-y-repercusion-en-las-tribunas-del-galatasaray\/#breadcrumb\",\"itemListElement\":[{\"@type\":\"ListItem\",\"position\":1,\"name\":\"Portada\",\"item\":\"https:\/\/lobosnews.com.ar\/\"},{\"@type\":\"ListItem\",\"position\":2,\"name\":\"El look de la China Su\u00e1rez en el cl\u00e1sico de Estambul: moda, f\u00fatbol y repercusi\u00f3n en las tribunas del Galatasaray\"}]},{\"@type\":\"WebSite\",\"@id\":\"https:\/\/lobosnews.com.ar\/#website\",\"url\":\"https:\/\/lobosnews.com.ar\/\",\"name\":\"Lobos News\",\"description\":\"Informaci\u00f3n a cada instante\",\"publisher\":{\"@id\":\"https:\/\/lobosnews.com.ar\/#organization\"},\"potentialAction\":[{\"@type\":\"SearchAction\",\"target\":{\"@type\":\"EntryPoint\",\"urlTemplate\":\"https:\/\/lobosnews.com.ar\/?s={search_term_string}\"},\"query-input\":{\"@type\":\"PropertyValueSpecification\",\"valueRequired\":true,\"valueName\":\"search_term_string\"}}],\"inLanguage\":\"es\"},{\"@type\":\"Organization\",\"@id\":\"https:\/\/lobosnews.com.ar\/#organization\",\"name\":\"Lobos News\",\"url\":\"https:\/\/lobosnews.com.ar\/\",\"logo\":{\"@type\":\"ImageObject\",\"inLanguage\":\"es\",\"@id\":\"https:\/\/lobosnews.com.ar\/#\/schema\/logo\/image\/\",\"url\":\"https:\/\/lobosnews.com.ar\/wp-content\/uploads\/2026\/01\/logo-lobosnews.png\",\"contentUrl\":\"https:\/\/lobosnews.com.ar\/wp-content\/uploads\/2026\/01\/logo-lobosnews.png\",\"width\":500,\"height\":200,\"caption\":\"Lobos News\"},\"image\":{\"@id\":\"https:\/\/lobosnews.com.ar\/#\/schema\/logo\/image\/\"}},{\"@type\":\"Person\",\"@id\":\"https:\/\/lobosnews.com.ar\/#\/schema\/person\/232422a593d5c541dd9aef6aaed10943\",\"name\":\"admin\",\"image\":{\"@type\":\"ImageObject\",\"inLanguage\":\"es\",\"@id\":\"https:\/\/lobosnews.com.ar\/#\/schema\/person\/image\/\",\"url\":\"https:\/\/secure.gravatar.com\/avatar\/76e419471a2083bc3ceab22a763dbbf9b0c1bd15a6214cf3280e2c2dde4580f9?s=96&d=mm&r=g\",\"contentUrl\":\"https:\/\/secure.gravatar.com\/avatar\/76e419471a2083bc3ceab22a763dbbf9b0c1bd15a6214cf3280e2c2dde4580f9?s=96&d=mm&r=g\",\"caption\":\"admin\"},\"sameAs\":[\"https:\/\/lobosnews.com.ar\"],\"url\":\"https:\/\/lobosnews.com.ar\/index.php\/author\/lobos-news\/\"}]}<\/script>\n<!-- \/ Yoast SEO plugin. -->","yoast_head_json":{"title":"El look de la China Su\u00e1rez en el cl\u00e1sico de Estambul: moda, f\u00fatbol y repercusi\u00f3n en las tribunas del Galatasaray - Lobos News","robots":{"index":"index","follow":"follow","max-snippet":"max-snippet:-1","max-image-preview":"max-image-preview:large","max-video-preview":"max-video-preview:-1"},"canonical":"https:\/\/lobosnews.com.ar\/index.php\/2026\/04\/27\/el-look-de-la-china-suarez-en-el-clasico-de-estambul-moda-futbol-y-repercusion-en-las-tribunas-del-galatasaray\/","og_locale":"es_ES","og_type":"article","og_title":"El look de la China Su\u00e1rez en el cl\u00e1sico de Estambul: moda, f\u00fatbol y repercusi\u00f3n en las tribunas del Galatasaray - Lobos News","og_description":"La jornada futbol\u00edstica en la que Galatasaray venci\u00f3 3-0 a Fenerbah\u00e7e no solo consolid\u00f3 el liderazgo del club en la S\u00fcper Lig turca. La aparici\u00f3n de la China Su\u00e1rez junto a sus hijos en las inmediaciones del estadio sum\u00f3 un cap\u00edtulo de inter\u00e9s fuera del campo de juego. Seg\u00fan las im\u00e1genes compartidas por medios locales,...","og_url":"https:\/\/lobosnews.com.ar\/index.php\/2026\/04\/27\/el-look-de-la-china-suarez-en-el-clasico-de-estambul-moda-futbol-y-repercusion-en-las-tribunas-del-galatasaray\/","og_site_name":"Lobos News","article_published_time":"2026-04-27T12:21:23+00:00","article_modified_time":"2026-04-27T14:49:00+00:00","og_image":[{"url":"https:\/\/lobosnews.com.ar\/wp-content\/uploads\/2026\/04\/el-look-de-la-china-suarez-en-el-clasico-de-estambul-moda-futbol-y-repercusion-en-las-tribunas-del-galatasaray.jpg","type":"","width":"","height":""}],"author":"admin","twitter_card":"summary_large_image","twitter_misc":{"Escrito por":"admin","Tiempo de lectura":"3 minutos"},"schema":{"@context":"https:\/\/schema.org","@graph":[{"@type":"Article","@id":"https:\/\/lobosnews.com.ar\/index.php\/2026\/04\/27\/el-look-de-la-china-suarez-en-el-clasico-de-estambul-moda-futbol-y-repercusion-en-las-tribunas-del-galatasaray\/#article","isPartOf":{"@id":"https:\/\/lobosnews.com.ar\/index.php\/2026\/04\/27\/el-look-de-la-china-suarez-en-el-clasico-de-estambul-moda-futbol-y-repercusion-en-las-tribunas-del-galatasaray\/"},"author":{"name":"admin","@id":"https:\/\/lobosnews.com.ar\/#\/schema\/person\/232422a593d5c541dd9aef6aaed10943"},"headline":"El look de la China Su\u00e1rez en el cl\u00e1sico de Estambul: moda, f\u00fatbol y repercusi\u00f3n en las tribunas del Galatasaray","datePublished":"2026-04-27T12:21:23+00:00","dateModified":"2026-04-27T14:49:00+00:00","mainEntityOfPage":{"@id":"https:\/\/lobosnews.com.ar\/index.php\/2026\/04\/27\/el-look-de-la-china-suarez-en-el-clasico-de-estambul-moda-futbol-y-repercusion-en-las-tribunas-del-galatasaray\/"},"wordCount":675,"commentCount":0,"publisher":{"@id":"https:\/\/lobosnews.com.ar\/#organization"},"image":{"@id":"https:\/\/lobosnews.com.ar\/index.php\/2026\/04\/27\/el-look-de-la-china-suarez-en-el-clasico-de-estambul-moda-futbol-y-repercusion-en-las-tribunas-del-galatasaray\/#primaryimage"},"thumbnailUrl":"https:\/\/lobosnews.com.ar\/wp-content\/uploads\/2026\/04\/el-look-de-la-china-suarez-en-el-clasico-de-estambul-moda-futbol-y-repercusion-en-las-tribunas-del-galatasaray.jpg","articleSection":["Cine y Series"],"inLanguage":"es","potentialAction":[{"@type":"CommentAction","name":"Comment","target":["https:\/\/lobosnews.com.ar\/index.php\/2026\/04\/27\/el-look-de-la-china-suarez-en-el-clasico-de-estambul-moda-futbol-y-repercusion-en-las-tribunas-del-galatasaray\/#respond"]}]},{"@type":"WebPage","@id":"https:\/\/lobosnews.com.ar\/index.php\/2026\/04\/27\/el-look-de-la-china-suarez-en-el-clasico-de-estambul-moda-futbol-y-repercusion-en-las-tribunas-del-galatasaray\/","url":"https:\/\/lobosnews.com.ar\/index.php\/2026\/04\/27\/el-look-de-la-china-suarez-en-el-clasico-de-estambul-moda-futbol-y-repercusion-en-las-tribunas-del-galatasaray\/","name":"El look de la China Su\u00e1rez en el cl\u00e1sico de Estambul: moda, f\u00fatbol y repercusi\u00f3n en las tribunas del Galatasaray - Lobos News","isPartOf":{"@id":"https:\/\/lobosnews.com.ar\/#website"},"primaryImageOfPage":{"@id":"https:\/\/lobosnews.com.ar\/index.php\/2026\/04\/27\/el-look-de-la-china-suarez-en-el-clasico-de-estambul-moda-futbol-y-repercusion-en-las-tribunas-del-galatasaray\/#primaryimage"},"image":{"@id":"https:\/\/lobosnews.com.ar\/index.php\/2026\/04\/27\/el-look-de-la-china-suarez-en-el-clasico-de-estambul-moda-futbol-y-repercusion-en-las-tribunas-del-galatasaray\/#primaryimage"},"thumbnailUrl":"https:\/\/lobosnews.com.ar\/wp-content\/uploads\/2026\/04\/el-look-de-la-china-suarez-en-el-clasico-de-estambul-moda-futbol-y-repercusion-en-las-tribunas-del-galatasaray.jpg","datePublished":"2026-04-27T12:21:23+00:00","dateModified":"2026-04-27T14:49:00+00:00","breadcrumb":{"@id":"https:\/\/lobosnews.com.ar\/index.php\/2026\/04\/27\/el-look-de-la-china-suarez-en-el-clasico-de-estambul-moda-futbol-y-repercusion-en-las-tribunas-del-galatasaray\/#breadcrumb"},"inLanguage":"es","potentialAction":[{"@type":"ReadAction","target":["https:\/\/lobosnews.com.ar\/index.php\/2026\/04\/27\/el-look-de-la-china-suarez-en-el-clasico-de-estambul-moda-futbol-y-repercusion-en-las-tribunas-del-galatasaray\/"]}]},{"@type":"ImageObject","inLanguage":"es","@id":"https:\/\/lobosnews.com.ar\/index.php\/2026\/04\/27\/el-look-de-la-china-suarez-en-el-clasico-de-estambul-moda-futbol-y-repercusion-en-las-tribunas-del-galatasaray\/#primaryimage","url":"https:\/\/lobosnews.com.ar\/wp-content\/uploads\/2026\/04\/el-look-de-la-china-suarez-en-el-clasico-de-estambul-moda-futbol-y-repercusion-en-las-tribunas-del-galatasaray.jpg","contentUrl":"https:\/\/lobosnews.com.ar\/wp-content\/uploads\/2026\/04\/el-look-de-la-china-suarez-en-el-clasico-de-estambul-moda-futbol-y-repercusion-en-las-tribunas-del-galatasaray.jpg","width":332,"height":596,"caption":"El look de la China Su\u00e1rez en el cl\u00e1sico de Estambul: moda, f\u00fatbol y repercusi\u00f3n en las tribunas del Galatasaray"},{"@type":"BreadcrumbList","@id":"https:\/\/lobosnews.com.ar\/index.php\/2026\/04\/27\/el-look-de-la-china-suarez-en-el-clasico-de-estambul-moda-futbol-y-repercusion-en-las-tribunas-del-galatasaray\/#breadcrumb","itemListElement":[{"@type":"ListItem","position":1,"name":"Portada","item":"https:\/\/lobosnews.com.ar\/"},{"@type":"ListItem","position":2,"name":"El look de la China Su\u00e1rez en el cl\u00e1sico de Estambul: moda, f\u00fatbol y repercusi\u00f3n en las tribunas del Galatasaray"}]},{"@type":"WebSite","@id":"https:\/\/lobosnews.com.ar\/#website","url":"https:\/\/lobosnews.com.ar\/","name":"Lobos News","description":"Informaci\u00f3n a cada instante","publisher":{"@id":"https:\/\/lobosnews.com.ar\/#organization"},"potentialAction":[{"@type":"SearchAction","target":{"@type":"EntryPoint","urlTemplate":"https:\/\/lobosnews.com.ar\/?s={search_term_string}"},"query-input":{"@type":"PropertyValueSpecification","valueRequired":true,"valueName":"search_term_string"}}],"inLanguage":"es"},{"@type":"Organization","@id":"https:\/\/lobosnews.com.ar\/#organization","name":"Lobos News","url":"https:\/\/lobosnews.com.ar\/","logo":{"@type":"ImageObject","inLanguage":"es","@id":"https:\/\/lobosnews.com.ar\/#\/schema\/logo\/image\/","url":"https:\/\/lobosnews.com.ar\/wp-content\/uploads\/2026\/01\/logo-lobosnews.png","contentUrl":"https:\/\/lobosnews.com.ar\/wp-content\/uploads\/2026\/01\/logo-lobosnews.png","width":500,"height":200,"caption":"Lobos News"},"image":{"@id":"https:\/\/lobosnews.com.ar\/#\/schema\/logo\/image\/"}},{"@type":"Person","@id":"https:\/\/lobosnews.com.ar\/#\/schema\/person\/232422a593d5c541dd9aef6aaed10943","name":"admin","image":{"@type":"ImageObject","inLanguage":"es","@id":"https:\/\/lobosnews.com.ar\/#\/schema\/person\/image\/","url":"https:\/\/secure.gravatar.com\/avatar\/76e419471a2083bc3ceab22a763dbbf9b0c1bd15a6214cf3280e2c2dde4580f9?s=96&d=mm&r=g","contentUrl":"https:\/\/secure.gravatar.com\/avatar\/76e419471a2083bc3ceab22a763dbbf9b0c1bd15a6214cf3280e2c2dde4580f9?s=96&d=mm&r=g","caption":"admin"},"sameAs":["https:\/\/lobosnews.com.ar"],"url":"https:\/\/lobosnews.com.ar\/index.php\/author\/lobos-news\/"}]}},"jetpack_featured_media_url":"https:\/\/lobosnews.com.ar\/wp-content\/uploads\/2026\/04\/el-look-de-la-china-suarez-en-el-clasico-de-estambul-moda-futbol-y-repercusion-en-las-tribunas-del-galatasaray.jpg","jetpack_sharing_enabled":true,"_links":{"self":[{"href":"https:\/\/lobosnews.com.ar\/index.php\/wp-json\/wp\/v2\/posts\/46154","targetHints":{"allow":["GET"]}}],"collection":[{"href":"https:\/\/lobosnews.com.ar\/index.php\/wp-json\/wp\/v2\/posts"}],"about":[{"href":"https:\/\/lobosnews.com.ar\/index.php\/wp-json\/wp\/v2\/types\/post"}],"author":[{"embeddable":true,"href":"https:\/\/lobosnews.com.ar\/index.php\/wp-json\/wp\/v2\/users\/1"}],"replies":[{"embeddable":true,"href":"https:\/\/lobosnews.com.ar\/index.php\/wp-json\/wp\/v2\/comments?post=46154"}],"version-history":[{"count":1,"href":"https:\/\/lobosnews.com.ar\/index.php\/wp-json\/wp\/v2\/posts\/46154\/revisions"}],"predecessor-version":[{"id":46156,"href":"https:\/\/lobosnews.com.ar\/index.php\/wp-json\/wp\/v2\/posts\/46154\/revisions\/46156"}],"wp:featuredmedia":[{"embeddable":true,"href":"https:\/\/lobosnews.com.ar\/index.php\/wp-json\/wp\/v2\/media\/46157"}],"wp:attachment":[{"href":"https:\/\/lobosnews.com.ar\/index.php\/wp-json\/wp\/v2\/media?parent=46154"}],"wp:term":[{"taxonomy":"category","embeddable":true,"href":"https:\/\/lobosnews.com.ar\/index.php\/wp-json\/wp\/v2\/categories?post=46154"},{"taxonomy":"post_tag","embeddable":true,"href":"https:\/\/lobosnews.com.ar\/index.php\/wp-json\/wp\/v2\/tags?post=46154"}],"curies":[{"name":"wp","href":"https:\/\/api.w.org\/{rel}","templated":true}]}}