{"id":46129,"date":"2026-04-27T13:22:23","date_gmt":"2026-04-27T13:22:23","guid":{"rendered":"https:\/\/lobosnews.com.ar\/index.php\/2026\/04\/27\/conmocion-por-el-asesinato-de-otro-delivery-en-uruguay-un-adolescente-confeso-crimen-de-ciudadano-cubano\/"},"modified":"2026-04-27T14:35:45","modified_gmt":"2026-04-27T14:35:45","slug":"conmocion-por-el-asesinato-de-otro-delivery-en-uruguay-un-adolescente-confeso-crimen-de-ciudadano-cubano","status":"publish","type":"post","link":"https:\/\/lobosnews.com.ar\/index.php\/2026\/04\/27\/conmocion-por-el-asesinato-de-otro-delivery-en-uruguay-un-adolescente-confeso-crimen-de-ciudadano-cubano\/","title":{"rendered":"Conmoci\u00f3n por el asesinato de otro delivery en Uruguay: un adolescente confes\u00f3 crimen de ciudadano cubano"},"content":{"rendered":"<p><img loading=\"lazy\" decoding=\"async\" src=\"https:\/\/lobosnews.com.ar\/wp-content\/uploads\/2026\/04\/conmocion-por-el-asesinato-de-otro-delivery-en-uruguay-un-adolescente-confeso-crimen-de-ciudadano-cubano.jpg\" alt=\"Conmoci\u00f3n por la muerte del delivery Jos\u00e9 Cuellar, en Uruguay (Captura Subrayado\/Canal 10)\" height=\"1620\" width=\"2880\"\/><\/p>\n<p>Un adolescente de 16 a\u00f1os lleg\u00f3 este domingo acompa\u00f1ado de su madre a una seccional policial de la Cruz de Carrasco para confesar un crimen que hab\u00eda cometido. El viernes por la noche, <b>este joven asesin\u00f3 de un disparo en el pecho a un delivery cubano en el barrio Carrasco Norte<\/b>, en el noreste de Montevideo. Fue un caso que conmocion\u00f3 al pa\u00eds, que <span class=\"waslinkname\"><i>se dio pocos d\u00edas despu\u00e9s de la muerte de otro repartidor. <\/i><\/span><\/p>\n<p>Fue sobre la hora 19.15 de este viernes que<b> Jos\u00e9 Cuellar, de 31 a\u00f1os,<\/b> lleg\u00f3 a una casa del barrio para entregar un paquete. Al llegar a destino fue recibido por dos delincuentes que <b>lo amenazaron con un arma de fuego para robarle la moto<\/b>, seg\u00fan la informaci\u00f3n policial citada por el noticiero <i>Telemundo<\/i> de Canal 12. <b>El ciudadano cubano se resisti\u00f3. <\/b><\/p>\n<p><b>Hubo un forcejeo entre ellos, tras el cual uno de los ladrones le dispar\u00f3 al pecho.<\/b> El repartidor muri\u00f3 en el instante. Los delincuentes huyeron y solo pudieron llevarse el celular de la v\u00edctima.<\/p>\n<p><img loading=\"lazy\" decoding=\"async\" src=\"https:\/\/lobosnews.com.ar\/wp-content\/uploads\/2026\/04\/conmocion-por-el-asesinato-de-otro-delivery-en-uruguay-un-adolescente-confeso-crimen-de-ciudadano-cubano-1.jpg\" alt=\"Conmoci\u00f3n por la muerte del delivery Jos\u00e9 Cuellar, en Uruguay (Captura Subrayado\/Canal 10)\" height=\"1610\" width=\"2880\"\/><\/p>\n<p>Varios repartidores llegaron al lugar tras enterarse del crimen. <\/p>\n<p>\u201cSe han dado muchas rapi\u00f1as, pero no esta, as\u00ed como se dio. Esto fue una muerte de uno de nuestros compa\u00f1eros.<b> Aqu\u00ed nos sacan una pistola, te bajas de la moto y ellos se la roban. Esas son las situaciones que se est\u00e1n dando aqu\u00ed<\/b>\u201d, relat\u00f3 uno de los repartidores que lleg\u00f3 al lugar. <\/p>\n<p>Carrasco Norte se ha convertido en una de las zonas m\u00e1s peligrosas de Montevideo, dijo otro de los deliveries a Canal 12. Cont\u00f3 que otro <i>modus operandi<\/i> <b>es crear pedidos falsos para posteriormente robarlos<\/b>. Desde octubre se han registrado varios episodios as\u00ed. <\/p>\n<p>Los asesinos escaparon a pie de la escena.<\/p>\n<p><img loading=\"lazy\" decoding=\"async\" src=\"https:\/\/lobosnews.com.ar\/wp-content\/uploads\/2026\/04\/conmocion-por-el-asesinato-de-otro-delivery-en-uruguay-un-adolescente-confeso-crimen-de-ciudadano-cubano-2.jpg\" alt=\"Conmoci\u00f3n por la muerte del delivery Jos\u00e9 Cuellar, en Uruguay (Captura Subrayado\/Canal 10)\" height=\"1606\" width=\"2880\"\/><\/p>\n<p>El adolescente de 16 a\u00f1os que se entreg\u00f3 lleg\u00f3 junto a su madre, dijo ser el homicida y qued\u00f3 detenido. El joven no tiene antecedentes penales, informaron medios locales. <\/p>\n<p>Los repartidores volvieron a movilizarse el s\u00e1bado, tras un nuevo crimen. Decenas de ellos se trasladaron por el centro de Montevideo a exigir justicia. \u201cNos encontramos aqu\u00ed exigiendo un valor m\u00ednimo para seguir desarroll\u00e1ndonos en este pa\u00eds, que es seguridad. <b>Nosotros queremos seguir viviendo, queremos trabajar, pero tambi\u00e9n queremos vivir<\/b>\u201d, dijo Juan Pintos, vocero de la movilizaci\u00f3n, al noticiero <i>Subrayado<\/i> de Canal 10. <\/p>\n<p>Pinto se refiri\u00f3 al Plan Nacional de Seguridad anunciado por el gobierno, pero lament\u00f3 que el gobierno ha mostrado el tiempo en el que se ver\u00edan los resultados. \u201cNosotros la pregunta que le hacemos al presidente es: <b>\u00bfcu\u00e1ntos muertos m\u00e1s tenemos que poner nosotros, la fuerza trabajadora<\/b> \u00bfCu\u00e1ntos muertos m\u00e1s tenemos que poner para que se hable a calz\u00f3n quitado del tema de la seguridad? No podemos seguir permitiendo que solamente se hable de seguridad cada cuatro a\u00f1os, cuando hay elecciones\u201d, dijo Pintos. <\/p>\n<p><img loading=\"lazy\" decoding=\"async\" src=\"https:\/\/lobosnews.com.ar\/wp-content\/uploads\/2026\/04\/conmocion-por-el-asesinato-de-otro-delivery-en-uruguay-un-adolescente-confeso-crimen-de-ciudadano-cubano-3.jpg\" alt=\"El \u00faltimo adi\u00f3s a Juan Carlos Mendoza, otro delivery asesinado en pleno Centro de Montevideo (Captura Telemundo\/Canal 12)\" height=\"1342\" width=\"2430\"\/><\/p>\n<p>Los deliveries se movilizaron con vecinos y al grito de \u201cseguridad\u201d. \u201c\u00a1Queremos vivir!\u201d, cerr\u00f3 Pintos la entrevista. <\/p>\n<p>Adem\u00e1s, Pintos tambi\u00e9n se refri\u00f3 al asesinato de otro repartidor. Sobre la hora 4, un joven de 22 a\u00f1os que circulaba por el barrio Prado fue asesinado luego de que dos hombres que iban en moto comenzaran a seguirlo. Los delincuentes interceptaron a la pareja y el joven de 22 a\u00f1os aceler\u00f3 para escapar. Poco despu\u00e9s de la persecuci\u00f3n, comenzaron a dispararle con armas de fuego. <\/p>\n<p>El informe policial citado por <i>Subrayado<\/i> detalla que el joven detuvo la moto y se sent\u00f3 en la vereda, herido en el pecho. Los delincuentes se fugaron del lugar. El conductor de un auto que pasaba por all\u00ed lo levant\u00f3 y lo llev\u00f3 a una policl\u00ednica cercana, en la que los m\u00e9dicos constataron el fallecimiento. <\/p>\n","protected":false},"excerpt":{"rendered":"<p>Un adolescente de 16 a\u00f1os lleg\u00f3 este domingo acompa\u00f1ado de su madre a una seccional policial de la Cruz de Carrasco para confesar un crimen que hab\u00eda cometido. El viernes por la noche, este joven asesin\u00f3 de un disparo en el pecho a un delivery cubano en el barrio Carrasco Norte, en el noreste de&#8230;<\/p>\n","protected":false},"author":1,"featured_media":46135,"comment_status":"open","ping_status":"closed","sticky":false,"template":"","format":"standard","meta":{"_jetpack_memberships_contains_paid_content":false,"footnotes":""},"categories":[31],"tags":[],"class_list":["post-46129","post","type-post","status-publish","format-standard","has-post-thumbnail","hentry","category-actualidad"],"magazineBlocksPostFeaturedMedia":{"thumbnail":"https:\/\/lobosnews.com.ar\/wp-content\/uploads\/2026\/04\/conmocion-por-el-asesinato-de-otro-delivery-en-uruguay-un-adolescente-confeso-crimen-de-ciudadano-cubano-6-150x150.jpg","medium":"https:\/\/lobosnews.com.ar\/wp-content\/uploads\/2026\/04\/conmocion-por-el-asesinato-de-otro-delivery-en-uruguay-un-adolescente-confeso-crimen-de-ciudadano-cubano-6-300x166.jpg","medium_large":"https:\/\/lobosnews.com.ar\/wp-content\/uploads\/2026\/04\/conmocion-por-el-asesinato-de-otro-delivery-en-uruguay-un-adolescente-confeso-crimen-de-ciudadano-cubano-6-768x424.jpg","large":"https:\/\/lobosnews.com.ar\/wp-content\/uploads\/2026\/04\/conmocion-por-el-asesinato-de-otro-delivery-en-uruguay-un-adolescente-confeso-crimen-de-ciudadano-cubano-6-1024x566.jpg","1536x1536":"https:\/\/lobosnews.com.ar\/wp-content\/uploads\/2026\/04\/conmocion-por-el-asesinato-de-otro-delivery-en-uruguay-un-adolescente-confeso-crimen-de-ciudadano-cubano-6-1536x848.jpg","2048x2048":"https:\/\/lobosnews.com.ar\/wp-content\/uploads\/2026\/04\/conmocion-por-el-asesinato-de-otro-delivery-en-uruguay-un-adolescente-confeso-crimen-de-ciudadano-cubano-6-2048x1131.jpg","newsmatic-featured":"https:\/\/lobosnews.com.ar\/wp-content\/uploads\/2026\/04\/conmocion-por-el-asesinato-de-otro-delivery-en-uruguay-un-adolescente-confeso-crimen-de-ciudadano-cubano-6-820x545.jpg","newsmatic-list":"https:\/\/lobosnews.com.ar\/wp-content\/uploads\/2026\/04\/conmocion-por-el-asesinato-de-otro-delivery-en-uruguay-un-adolescente-confeso-crimen-de-ciudadano-cubano-6-600x400.jpg","newsmatic-thumb":"https:\/\/lobosnews.com.ar\/wp-content\/uploads\/2026\/04\/conmocion-por-el-asesinato-de-otro-delivery-en-uruguay-un-adolescente-confeso-crimen-de-ciudadano-cubano-6-300x200.jpg","newsmatic-small":"https:\/\/lobosnews.com.ar\/wp-content\/uploads\/2026\/04\/conmocion-por-el-asesinato-de-otro-delivery-en-uruguay-un-adolescente-confeso-crimen-de-ciudadano-cubano-6-150x95.jpg","newsmatic-grid":"https:\/\/lobosnews.com.ar\/wp-content\/uploads\/2026\/04\/conmocion-por-el-asesinato-de-otro-delivery-en-uruguay-un-adolescente-confeso-crimen-de-ciudadano-cubano-6-400x250.jpg"},"magazineBlocksPostAuthor":{"name":"admin","avatar":"https:\/\/secure.gravatar.com\/avatar\/76e419471a2083bc3ceab22a763dbbf9b0c1bd15a6214cf3280e2c2dde4580f9?s=96&d=mm&r=g"},"magazineBlocksPostCommentsNumber":"0","magazineBlocksPostExcerpt":"Un adolescente de 16 a\u00f1os lleg\u00f3 este domingo acompa\u00f1ado de su madre a una seccional policial de la Cruz de Carrasco para confesar un crimen que hab\u00eda cometido. El viernes por la noche, este joven asesin\u00f3 de un disparo en el pecho a un delivery cubano en el barrio Carrasco Norte, en el noreste de...","magazineBlocksPostCategories":["Actualidad"],"magazineBlocksPostViewCount":13,"magazineBlocksPostReadTime":4,"magazine_blocks_featured_image_url":{"full":["https:\/\/lobosnews.com.ar\/wp-content\/uploads\/2026\/04\/conmocion-por-el-asesinato-de-otro-delivery-en-uruguay-un-adolescente-confeso-crimen-de-ciudadano-cubano-6.jpg",2430,1342,false],"medium":["https:\/\/lobosnews.com.ar\/wp-content\/uploads\/2026\/04\/conmocion-por-el-asesinato-de-otro-delivery-en-uruguay-un-adolescente-confeso-crimen-de-ciudadano-cubano-6-300x166.jpg",300,166,true],"thumbnail":["https:\/\/lobosnews.com.ar\/wp-content\/uploads\/2026\/04\/conmocion-por-el-asesinato-de-otro-delivery-en-uruguay-un-adolescente-confeso-crimen-de-ciudadano-cubano-6-150x150.jpg",150,150,true]},"magazine_blocks_author":{"display_name":"admin","author_link":"https:\/\/lobosnews.com.ar\/index.php\/author\/lobos-news\/"},"magazine_blocks_comment":0,"magazine_blocks_author_image":"https:\/\/secure.gravatar.com\/avatar\/76e419471a2083bc3ceab22a763dbbf9b0c1bd15a6214cf3280e2c2dde4580f9?s=96&d=mm&r=g","magazine_blocks_category":"<a href=\"#\" class=\"category-link category-link-31\">Actualidad<\/a>","yoast_head":"<!-- This site is optimized with the Yoast SEO plugin v26.6 - https:\/\/yoast.com\/wordpress\/plugins\/seo\/ -->\n<title>Conmoci\u00f3n por el asesinato de otro delivery en Uruguay: un adolescente confes\u00f3 crimen de ciudadano cubano - Lobos News<\/title>\n<meta name=\"robots\" content=\"index, follow, max-snippet:-1, max-image-preview:large, max-video-preview:-1\" \/>\n<link rel=\"canonical\" href=\"https:\/\/lobosnews.com.ar\/index.php\/2026\/04\/27\/conmocion-por-el-asesinato-de-otro-delivery-en-uruguay-un-adolescente-confeso-crimen-de-ciudadano-cubano\/\" \/>\n<meta property=\"og:locale\" content=\"es_ES\" \/>\n<meta property=\"og:type\" content=\"article\" \/>\n<meta property=\"og:title\" content=\"Conmoci\u00f3n por el asesinato de otro delivery en Uruguay: un adolescente confes\u00f3 crimen de ciudadano cubano - Lobos News\" \/>\n<meta property=\"og:description\" content=\"Un adolescente de 16 a\u00f1os lleg\u00f3 este domingo acompa\u00f1ado de su madre a una seccional policial de la Cruz de Carrasco para confesar un crimen que hab\u00eda cometido. El viernes por la noche, este joven asesin\u00f3 de un disparo en el pecho a un delivery cubano en el barrio Carrasco Norte, en el noreste de...\" \/>\n<meta property=\"og:url\" content=\"https:\/\/lobosnews.com.ar\/index.php\/2026\/04\/27\/conmocion-por-el-asesinato-de-otro-delivery-en-uruguay-un-adolescente-confeso-crimen-de-ciudadano-cubano\/\" \/>\n<meta property=\"og:site_name\" content=\"Lobos News\" \/>\n<meta property=\"article:published_time\" content=\"2026-04-27T13:22:23+00:00\" \/>\n<meta property=\"article:modified_time\" content=\"2026-04-27T14:35:45+00:00\" \/>\n<meta property=\"og:image\" content=\"https:\/\/lobosnews.com.ar\/wp-content\/uploads\/2026\/04\/conmocion-por-el-asesinato-de-otro-delivery-en-uruguay-un-adolescente-confeso-crimen-de-ciudadano-cubano.jpg\" \/>\n<meta name=\"author\" content=\"admin\" \/>\n<meta name=\"twitter:card\" content=\"summary_large_image\" \/>\n<meta name=\"twitter:label1\" content=\"Escrito por\" \/>\n\t<meta name=\"twitter:data1\" content=\"admin\" \/>\n\t<meta name=\"twitter:label2\" content=\"Tiempo de lectura\" \/>\n\t<meta name=\"twitter:data2\" content=\"3 minutos\" \/>\n<script type=\"application\/ld+json\" class=\"yoast-schema-graph\">{\"@context\":\"https:\/\/schema.org\",\"@graph\":[{\"@type\":\"Article\",\"@id\":\"https:\/\/lobosnews.com.ar\/index.php\/2026\/04\/27\/conmocion-por-el-asesinato-de-otro-delivery-en-uruguay-un-adolescente-confeso-crimen-de-ciudadano-cubano\/#article\",\"isPartOf\":{\"@id\":\"https:\/\/lobosnews.com.ar\/index.php\/2026\/04\/27\/conmocion-por-el-asesinato-de-otro-delivery-en-uruguay-un-adolescente-confeso-crimen-de-ciudadano-cubano\/\"},\"author\":{\"name\":\"admin\",\"@id\":\"https:\/\/lobosnews.com.ar\/#\/schema\/person\/232422a593d5c541dd9aef6aaed10943\"},\"headline\":\"Conmoci\u00f3n por el asesinato de otro delivery en Uruguay: un adolescente confes\u00f3 crimen de ciudadano cubano\",\"datePublished\":\"2026-04-27T13:22:23+00:00\",\"dateModified\":\"2026-04-27T14:35:45+00:00\",\"mainEntityOfPage\":{\"@id\":\"https:\/\/lobosnews.com.ar\/index.php\/2026\/04\/27\/conmocion-por-el-asesinato-de-otro-delivery-en-uruguay-un-adolescente-confeso-crimen-de-ciudadano-cubano\/\"},\"wordCount\":640,\"commentCount\":0,\"publisher\":{\"@id\":\"https:\/\/lobosnews.com.ar\/#organization\"},\"image\":{\"@id\":\"https:\/\/lobosnews.com.ar\/index.php\/2026\/04\/27\/conmocion-por-el-asesinato-de-otro-delivery-en-uruguay-un-adolescente-confeso-crimen-de-ciudadano-cubano\/#primaryimage\"},\"thumbnailUrl\":\"https:\/\/lobosnews.com.ar\/wp-content\/uploads\/2026\/04\/conmocion-por-el-asesinato-de-otro-delivery-en-uruguay-un-adolescente-confeso-crimen-de-ciudadano-cubano-6.jpg\",\"articleSection\":[\"Actualidad\"],\"inLanguage\":\"es\",\"potentialAction\":[{\"@type\":\"CommentAction\",\"name\":\"Comment\",\"target\":[\"https:\/\/lobosnews.com.ar\/index.php\/2026\/04\/27\/conmocion-por-el-asesinato-de-otro-delivery-en-uruguay-un-adolescente-confeso-crimen-de-ciudadano-cubano\/#respond\"]}]},{\"@type\":\"WebPage\",\"@id\":\"https:\/\/lobosnews.com.ar\/index.php\/2026\/04\/27\/conmocion-por-el-asesinato-de-otro-delivery-en-uruguay-un-adolescente-confeso-crimen-de-ciudadano-cubano\/\",\"url\":\"https:\/\/lobosnews.com.ar\/index.php\/2026\/04\/27\/conmocion-por-el-asesinato-de-otro-delivery-en-uruguay-un-adolescente-confeso-crimen-de-ciudadano-cubano\/\",\"name\":\"Conmoci\u00f3n por el asesinato de otro delivery en Uruguay: un adolescente confes\u00f3 crimen de ciudadano cubano - Lobos News\",\"isPartOf\":{\"@id\":\"https:\/\/lobosnews.com.ar\/#website\"},\"primaryImageOfPage\":{\"@id\":\"https:\/\/lobosnews.com.ar\/index.php\/2026\/04\/27\/conmocion-por-el-asesinato-de-otro-delivery-en-uruguay-un-adolescente-confeso-crimen-de-ciudadano-cubano\/#primaryimage\"},\"image\":{\"@id\":\"https:\/\/lobosnews.com.ar\/index.php\/2026\/04\/27\/conmocion-por-el-asesinato-de-otro-delivery-en-uruguay-un-adolescente-confeso-crimen-de-ciudadano-cubano\/#primaryimage\"},\"thumbnailUrl\":\"https:\/\/lobosnews.com.ar\/wp-content\/uploads\/2026\/04\/conmocion-por-el-asesinato-de-otro-delivery-en-uruguay-un-adolescente-confeso-crimen-de-ciudadano-cubano-6.jpg\",\"datePublished\":\"2026-04-27T13:22:23+00:00\",\"dateModified\":\"2026-04-27T14:35:45+00:00\",\"breadcrumb\":{\"@id\":\"https:\/\/lobosnews.com.ar\/index.php\/2026\/04\/27\/conmocion-por-el-asesinato-de-otro-delivery-en-uruguay-un-adolescente-confeso-crimen-de-ciudadano-cubano\/#breadcrumb\"},\"inLanguage\":\"es\",\"potentialAction\":[{\"@type\":\"ReadAction\",\"target\":[\"https:\/\/lobosnews.com.ar\/index.php\/2026\/04\/27\/conmocion-por-el-asesinato-de-otro-delivery-en-uruguay-un-adolescente-confeso-crimen-de-ciudadano-cubano\/\"]}]},{\"@type\":\"ImageObject\",\"inLanguage\":\"es\",\"@id\":\"https:\/\/lobosnews.com.ar\/index.php\/2026\/04\/27\/conmocion-por-el-asesinato-de-otro-delivery-en-uruguay-un-adolescente-confeso-crimen-de-ciudadano-cubano\/#primaryimage\",\"url\":\"https:\/\/lobosnews.com.ar\/wp-content\/uploads\/2026\/04\/conmocion-por-el-asesinato-de-otro-delivery-en-uruguay-un-adolescente-confeso-crimen-de-ciudadano-cubano-6.jpg\",\"contentUrl\":\"https:\/\/lobosnews.com.ar\/wp-content\/uploads\/2026\/04\/conmocion-por-el-asesinato-de-otro-delivery-en-uruguay-un-adolescente-confeso-crimen-de-ciudadano-cubano-6.jpg\",\"width\":2430,\"height\":1342,\"caption\":\"Conmoci\u00f3n por el asesinato de otro delivery en Uruguay: un adolescente confes\u00f3 crimen de ciudadano cubano\"},{\"@type\":\"BreadcrumbList\",\"@id\":\"https:\/\/lobosnews.com.ar\/index.php\/2026\/04\/27\/conmocion-por-el-asesinato-de-otro-delivery-en-uruguay-un-adolescente-confeso-crimen-de-ciudadano-cubano\/#breadcrumb\",\"itemListElement\":[{\"@type\":\"ListItem\",\"position\":1,\"name\":\"Portada\",\"item\":\"https:\/\/lobosnews.com.ar\/\"},{\"@type\":\"ListItem\",\"position\":2,\"name\":\"Conmoci\u00f3n por el asesinato de otro delivery en Uruguay: un adolescente confes\u00f3 crimen de ciudadano cubano\"}]},{\"@type\":\"WebSite\",\"@id\":\"https:\/\/lobosnews.com.ar\/#website\",\"url\":\"https:\/\/lobosnews.com.ar\/\",\"name\":\"Lobos News\",\"description\":\"Informaci\u00f3n a cada instante\",\"publisher\":{\"@id\":\"https:\/\/lobosnews.com.ar\/#organization\"},\"potentialAction\":[{\"@type\":\"SearchAction\",\"target\":{\"@type\":\"EntryPoint\",\"urlTemplate\":\"https:\/\/lobosnews.com.ar\/?s={search_term_string}\"},\"query-input\":{\"@type\":\"PropertyValueSpecification\",\"valueRequired\":true,\"valueName\":\"search_term_string\"}}],\"inLanguage\":\"es\"},{\"@type\":\"Organization\",\"@id\":\"https:\/\/lobosnews.com.ar\/#organization\",\"name\":\"Lobos News\",\"url\":\"https:\/\/lobosnews.com.ar\/\",\"logo\":{\"@type\":\"ImageObject\",\"inLanguage\":\"es\",\"@id\":\"https:\/\/lobosnews.com.ar\/#\/schema\/logo\/image\/\",\"url\":\"https:\/\/lobosnews.com.ar\/wp-content\/uploads\/2026\/01\/logo-lobosnews.png\",\"contentUrl\":\"https:\/\/lobosnews.com.ar\/wp-content\/uploads\/2026\/01\/logo-lobosnews.png\",\"width\":500,\"height\":200,\"caption\":\"Lobos News\"},\"image\":{\"@id\":\"https:\/\/lobosnews.com.ar\/#\/schema\/logo\/image\/\"}},{\"@type\":\"Person\",\"@id\":\"https:\/\/lobosnews.com.ar\/#\/schema\/person\/232422a593d5c541dd9aef6aaed10943\",\"name\":\"admin\",\"image\":{\"@type\":\"ImageObject\",\"inLanguage\":\"es\",\"@id\":\"https:\/\/lobosnews.com.ar\/#\/schema\/person\/image\/\",\"url\":\"https:\/\/secure.gravatar.com\/avatar\/76e419471a2083bc3ceab22a763dbbf9b0c1bd15a6214cf3280e2c2dde4580f9?s=96&d=mm&r=g\",\"contentUrl\":\"https:\/\/secure.gravatar.com\/avatar\/76e419471a2083bc3ceab22a763dbbf9b0c1bd15a6214cf3280e2c2dde4580f9?s=96&d=mm&r=g\",\"caption\":\"admin\"},\"sameAs\":[\"https:\/\/lobosnews.com.ar\"],\"url\":\"https:\/\/lobosnews.com.ar\/index.php\/author\/lobos-news\/\"}]}<\/script>\n<!-- \/ Yoast SEO plugin. -->","yoast_head_json":{"title":"Conmoci\u00f3n por el asesinato de otro delivery en Uruguay: un adolescente confes\u00f3 crimen de ciudadano cubano - Lobos News","robots":{"index":"index","follow":"follow","max-snippet":"max-snippet:-1","max-image-preview":"max-image-preview:large","max-video-preview":"max-video-preview:-1"},"canonical":"https:\/\/lobosnews.com.ar\/index.php\/2026\/04\/27\/conmocion-por-el-asesinato-de-otro-delivery-en-uruguay-un-adolescente-confeso-crimen-de-ciudadano-cubano\/","og_locale":"es_ES","og_type":"article","og_title":"Conmoci\u00f3n por el asesinato de otro delivery en Uruguay: un adolescente confes\u00f3 crimen de ciudadano cubano - Lobos News","og_description":"Un adolescente de 16 a\u00f1os lleg\u00f3 este domingo acompa\u00f1ado de su madre a una seccional policial de la Cruz de Carrasco para confesar un crimen que hab\u00eda cometido. El viernes por la noche, este joven asesin\u00f3 de un disparo en el pecho a un delivery cubano en el barrio Carrasco Norte, en el noreste de...","og_url":"https:\/\/lobosnews.com.ar\/index.php\/2026\/04\/27\/conmocion-por-el-asesinato-de-otro-delivery-en-uruguay-un-adolescente-confeso-crimen-de-ciudadano-cubano\/","og_site_name":"Lobos News","article_published_time":"2026-04-27T13:22:23+00:00","article_modified_time":"2026-04-27T14:35:45+00:00","og_image":[{"url":"https:\/\/lobosnews.com.ar\/wp-content\/uploads\/2026\/04\/conmocion-por-el-asesinato-de-otro-delivery-en-uruguay-un-adolescente-confeso-crimen-de-ciudadano-cubano.jpg","type":"","width":"","height":""}],"author":"admin","twitter_card":"summary_large_image","twitter_misc":{"Escrito por":"admin","Tiempo de lectura":"3 minutos"},"schema":{"@context":"https:\/\/schema.org","@graph":[{"@type":"Article","@id":"https:\/\/lobosnews.com.ar\/index.php\/2026\/04\/27\/conmocion-por-el-asesinato-de-otro-delivery-en-uruguay-un-adolescente-confeso-crimen-de-ciudadano-cubano\/#article","isPartOf":{"@id":"https:\/\/lobosnews.com.ar\/index.php\/2026\/04\/27\/conmocion-por-el-asesinato-de-otro-delivery-en-uruguay-un-adolescente-confeso-crimen-de-ciudadano-cubano\/"},"author":{"name":"admin","@id":"https:\/\/lobosnews.com.ar\/#\/schema\/person\/232422a593d5c541dd9aef6aaed10943"},"headline":"Conmoci\u00f3n por el asesinato de otro delivery en Uruguay: un adolescente confes\u00f3 crimen de ciudadano cubano","datePublished":"2026-04-27T13:22:23+00:00","dateModified":"2026-04-27T14:35:45+00:00","mainEntityOfPage":{"@id":"https:\/\/lobosnews.com.ar\/index.php\/2026\/04\/27\/conmocion-por-el-asesinato-de-otro-delivery-en-uruguay-un-adolescente-confeso-crimen-de-ciudadano-cubano\/"},"wordCount":640,"commentCount":0,"publisher":{"@id":"https:\/\/lobosnews.com.ar\/#organization"},"image":{"@id":"https:\/\/lobosnews.com.ar\/index.php\/2026\/04\/27\/conmocion-por-el-asesinato-de-otro-delivery-en-uruguay-un-adolescente-confeso-crimen-de-ciudadano-cubano\/#primaryimage"},"thumbnailUrl":"https:\/\/lobosnews.com.ar\/wp-content\/uploads\/2026\/04\/conmocion-por-el-asesinato-de-otro-delivery-en-uruguay-un-adolescente-confeso-crimen-de-ciudadano-cubano-6.jpg","articleSection":["Actualidad"],"inLanguage":"es","potentialAction":[{"@type":"CommentAction","name":"Comment","target":["https:\/\/lobosnews.com.ar\/index.php\/2026\/04\/27\/conmocion-por-el-asesinato-de-otro-delivery-en-uruguay-un-adolescente-confeso-crimen-de-ciudadano-cubano\/#respond"]}]},{"@type":"WebPage","@id":"https:\/\/lobosnews.com.ar\/index.php\/2026\/04\/27\/conmocion-por-el-asesinato-de-otro-delivery-en-uruguay-un-adolescente-confeso-crimen-de-ciudadano-cubano\/","url":"https:\/\/lobosnews.com.ar\/index.php\/2026\/04\/27\/conmocion-por-el-asesinato-de-otro-delivery-en-uruguay-un-adolescente-confeso-crimen-de-ciudadano-cubano\/","name":"Conmoci\u00f3n por el asesinato de otro delivery en Uruguay: un adolescente confes\u00f3 crimen de ciudadano cubano - Lobos News","isPartOf":{"@id":"https:\/\/lobosnews.com.ar\/#website"},"primaryImageOfPage":{"@id":"https:\/\/lobosnews.com.ar\/index.php\/2026\/04\/27\/conmocion-por-el-asesinato-de-otro-delivery-en-uruguay-un-adolescente-confeso-crimen-de-ciudadano-cubano\/#primaryimage"},"image":{"@id":"https:\/\/lobosnews.com.ar\/index.php\/2026\/04\/27\/conmocion-por-el-asesinato-de-otro-delivery-en-uruguay-un-adolescente-confeso-crimen-de-ciudadano-cubano\/#primaryimage"},"thumbnailUrl":"https:\/\/lobosnews.com.ar\/wp-content\/uploads\/2026\/04\/conmocion-por-el-asesinato-de-otro-delivery-en-uruguay-un-adolescente-confeso-crimen-de-ciudadano-cubano-6.jpg","datePublished":"2026-04-27T13:22:23+00:00","dateModified":"2026-04-27T14:35:45+00:00","breadcrumb":{"@id":"https:\/\/lobosnews.com.ar\/index.php\/2026\/04\/27\/conmocion-por-el-asesinato-de-otro-delivery-en-uruguay-un-adolescente-confeso-crimen-de-ciudadano-cubano\/#breadcrumb"},"inLanguage":"es","potentialAction":[{"@type":"ReadAction","target":["https:\/\/lobosnews.com.ar\/index.php\/2026\/04\/27\/conmocion-por-el-asesinato-de-otro-delivery-en-uruguay-un-adolescente-confeso-crimen-de-ciudadano-cubano\/"]}]},{"@type":"ImageObject","inLanguage":"es","@id":"https:\/\/lobosnews.com.ar\/index.php\/2026\/04\/27\/conmocion-por-el-asesinato-de-otro-delivery-en-uruguay-un-adolescente-confeso-crimen-de-ciudadano-cubano\/#primaryimage","url":"https:\/\/lobosnews.com.ar\/wp-content\/uploads\/2026\/04\/conmocion-por-el-asesinato-de-otro-delivery-en-uruguay-un-adolescente-confeso-crimen-de-ciudadano-cubano-6.jpg","contentUrl":"https:\/\/lobosnews.com.ar\/wp-content\/uploads\/2026\/04\/conmocion-por-el-asesinato-de-otro-delivery-en-uruguay-un-adolescente-confeso-crimen-de-ciudadano-cubano-6.jpg","width":2430,"height":1342,"caption":"Conmoci\u00f3n por el asesinato de otro delivery en Uruguay: un adolescente confes\u00f3 crimen de ciudadano cubano"},{"@type":"BreadcrumbList","@id":"https:\/\/lobosnews.com.ar\/index.php\/2026\/04\/27\/conmocion-por-el-asesinato-de-otro-delivery-en-uruguay-un-adolescente-confeso-crimen-de-ciudadano-cubano\/#breadcrumb","itemListElement":[{"@type":"ListItem","position":1,"name":"Portada","item":"https:\/\/lobosnews.com.ar\/"},{"@type":"ListItem","position":2,"name":"Conmoci\u00f3n por el asesinato de otro delivery en Uruguay: un adolescente confes\u00f3 crimen de ciudadano cubano"}]},{"@type":"WebSite","@id":"https:\/\/lobosnews.com.ar\/#website","url":"https:\/\/lobosnews.com.ar\/","name":"Lobos News","description":"Informaci\u00f3n a cada instante","publisher":{"@id":"https:\/\/lobosnews.com.ar\/#organization"},"potentialAction":[{"@type":"SearchAction","target":{"@type":"EntryPoint","urlTemplate":"https:\/\/lobosnews.com.ar\/?s={search_term_string}"},"query-input":{"@type":"PropertyValueSpecification","valueRequired":true,"valueName":"search_term_string"}}],"inLanguage":"es"},{"@type":"Organization","@id":"https:\/\/lobosnews.com.ar\/#organization","name":"Lobos News","url":"https:\/\/lobosnews.com.ar\/","logo":{"@type":"ImageObject","inLanguage":"es","@id":"https:\/\/lobosnews.com.ar\/#\/schema\/logo\/image\/","url":"https:\/\/lobosnews.com.ar\/wp-content\/uploads\/2026\/01\/logo-lobosnews.png","contentUrl":"https:\/\/lobosnews.com.ar\/wp-content\/uploads\/2026\/01\/logo-lobosnews.png","width":500,"height":200,"caption":"Lobos News"},"image":{"@id":"https:\/\/lobosnews.com.ar\/#\/schema\/logo\/image\/"}},{"@type":"Person","@id":"https:\/\/lobosnews.com.ar\/#\/schema\/person\/232422a593d5c541dd9aef6aaed10943","name":"admin","image":{"@type":"ImageObject","inLanguage":"es","@id":"https:\/\/lobosnews.com.ar\/#\/schema\/person\/image\/","url":"https:\/\/secure.gravatar.com\/avatar\/76e419471a2083bc3ceab22a763dbbf9b0c1bd15a6214cf3280e2c2dde4580f9?s=96&d=mm&r=g","contentUrl":"https:\/\/secure.gravatar.com\/avatar\/76e419471a2083bc3ceab22a763dbbf9b0c1bd15a6214cf3280e2c2dde4580f9?s=96&d=mm&r=g","caption":"admin"},"sameAs":["https:\/\/lobosnews.com.ar"],"url":"https:\/\/lobosnews.com.ar\/index.php\/author\/lobos-news\/"}]}},"jetpack_featured_media_url":"https:\/\/lobosnews.com.ar\/wp-content\/uploads\/2026\/04\/conmocion-por-el-asesinato-de-otro-delivery-en-uruguay-un-adolescente-confeso-crimen-de-ciudadano-cubano-6.jpg","jetpack_sharing_enabled":true,"_links":{"self":[{"href":"https:\/\/lobosnews.com.ar\/index.php\/wp-json\/wp\/v2\/posts\/46129","targetHints":{"allow":["GET"]}}],"collection":[{"href":"https:\/\/lobosnews.com.ar\/index.php\/wp-json\/wp\/v2\/posts"}],"about":[{"href":"https:\/\/lobosnews.com.ar\/index.php\/wp-json\/wp\/v2\/types\/post"}],"author":[{"embeddable":true,"href":"https:\/\/lobosnews.com.ar\/index.php\/wp-json\/wp\/v2\/users\/1"}],"replies":[{"embeddable":true,"href":"https:\/\/lobosnews.com.ar\/index.php\/wp-json\/wp\/v2\/comments?post=46129"}],"version-history":[{"count":1,"href":"https:\/\/lobosnews.com.ar\/index.php\/wp-json\/wp\/v2\/posts\/46129\/revisions"}],"predecessor-version":[{"id":46134,"href":"https:\/\/lobosnews.com.ar\/index.php\/wp-json\/wp\/v2\/posts\/46129\/revisions\/46134"}],"wp:featuredmedia":[{"embeddable":true,"href":"https:\/\/lobosnews.com.ar\/index.php\/wp-json\/wp\/v2\/media\/46135"}],"wp:attachment":[{"href":"https:\/\/lobosnews.com.ar\/index.php\/wp-json\/wp\/v2\/media?parent=46129"}],"wp:term":[{"taxonomy":"category","embeddable":true,"href":"https:\/\/lobosnews.com.ar\/index.php\/wp-json\/wp\/v2\/categories?post=46129"},{"taxonomy":"post_tag","embeddable":true,"href":"https:\/\/lobosnews.com.ar\/index.php\/wp-json\/wp\/v2\/tags?post=46129"}],"curies":[{"name":"wp","href":"https:\/\/api.w.org\/{rel}","templated":true}]}}