{"id":46103,"date":"2026-04-27T11:48:54","date_gmt":"2026-04-27T11:48:54","guid":{"rendered":"https:\/\/lobosnews.com.ar\/index.php\/2026\/04\/27\/el-emotivo-mensaje-de-franco-colapinto-tras-la-multitudinaria-exhibicion-con-un-auto-de-f1-en-buenos-aires\/"},"modified":"2026-04-27T14:33:08","modified_gmt":"2026-04-27T14:33:08","slug":"el-emotivo-mensaje-de-franco-colapinto-tras-la-multitudinaria-exhibicion-con-un-auto-de-f1-en-buenos-aires","status":"publish","type":"post","link":"https:\/\/lobosnews.com.ar\/index.php\/2026\/04\/27\/el-emotivo-mensaje-de-franco-colapinto-tras-la-multitudinaria-exhibicion-con-un-auto-de-f1-en-buenos-aires\/","title":{"rendered":"El emotivo mensaje de Franco Colapinto tras la multitudinaria exhibici\u00f3n con un auto de F1 en Buenos Aires"},"content":{"rendered":"<p><img loading=\"lazy\" decoding=\"async\" src=\"https:\/\/lobosnews.com.ar\/wp-content\/uploads\/2026\/04\/el-emotivo-mensaje-de-franco-colapinto-tras-la-multitudinaria-exhibicion-con-un-auto-de-f1-en-buenos-aires.jpg\" alt=\"Franco Colapinto saluda al p\u00fablico en el cierre del Road Show en Buenos Aires (REUTERS\/Alessia Maccioni)\" height=\"3666\" width=\"5704\"\/><\/p>\n<p><b>Franco Colapinto vivi\u00f3 un d\u00eda que nunca olvidar\u00e1<\/b>. Se estima que <span class=\"waslinkname\">unas 600 mil personas inundaron las calles de Palermo para ver a un argentino a bordo de un auto de F\u00f3rmula 1<\/span> por primera vez en Argentina. Fue una jornada emocionante en la que \u00e9l piloto se subi\u00f3 al <i>Lotus E20<\/i> ploteado con los colores de Alpine para el delirio de los fan\u00e1ticos que disfrutaron con el rugir del motor V8. <\/p>\n<p>Una vez que Colapinto se baj\u00f3 del auto, que <span class=\"waslinkname\"><b>qued\u00f3 en llamas despu\u00e9s de los trompos<\/b><\/span> que exigieron a la unidad de potencia del monoplaza edici\u00f3n 2012, el n\u00famero 43 aprovech\u00f3 sus redes sociales para dejar un emotivo mensaje a sus seguidores. <b>\u201cDe los mejores d\u00edas de mi vida manejar un f1 en casa fue algo \u00e9pico que no me voy a olvidar nunca!!!! Esta fiesta es de todos ustedes gracias por hacerlo posible y por hacernos pasar un d\u00eda tan especial!!!!!!!\u201d<\/b>, escribi\u00f3 en Instagram Franco. R\u00e1pidamente, sus palabras generaron la reacci\u00f3n del equipo, que le respondi\u00f3: <b>\u201cEstamos orgullosos de vos, Fran\u201d<\/b>. <\/p>\n<p>Al oriundo de Pilar se lo not\u00f3 emocionado por el apoyo del p\u00fablico en el Road Show que fue multitudinario en la Ciudad de Buenos Aires. Una vez que se baj\u00f3 del auto, Franco se subi\u00f3 a un cami\u00f3n y comenz\u00f3 a girar por el trazado que se defini\u00f3 sobre Avenida Libertadores y las calles aleda\u00f1as en uno de los barrios m\u00e1s reconocidos de la Capital Federal. Durante la recorrida, <b>se baj\u00f3 del veh\u00edculo en varias ocasiones para saludar a j\u00f3venes y personas con discapacidad<\/b>, lo mismo que con la gran cantidad de gente que, haya sacado o no un ticket para verlo, se acerc\u00f3 de manera masiva.<\/p>\n<p><img loading=\"lazy\" decoding=\"async\" src=\"https:\/\/lobosnews.com.ar\/wp-content\/uploads\/2026\/04\/el-emotivo-mensaje-de-franco-colapinto-tras-la-multitudinaria-exhibicion-con-un-auto-de-f1-en-buenos-aires-1.jpg\" alt=\"El mensaje de Colapinto tras su exhibici\u00f3n en Buenos Aires\" height=\"625\" width=\"825\"\/><\/p>\n<p>Antes de la exhibici\u00f3n, en la que tambi\u00e9n tuvo el placer de subirse a <span class=\"waslinkname\">la ic\u00f3nica Flecha de Plata con la que Juan Manuel Fangio<\/span> logr\u00f3 un bicampeonato de F1, Colapinto habl\u00f3 del significado de traer un evento de la M\u00e1xima al pa\u00eds en medio del sue\u00f1o de volver a tener una carrera en la Argentina tras casi tres d\u00e9cadas.<\/p>\n<p>\u201cLo disfruto mucho, se me pone la piel de pollo. Siempre de pollo\u201d, fue la primera reflexi\u00f3n de Colapinto junto al periodista de <i>ESPN<\/i> Juan Fossaroli, el mismo que durante los fines de semana de los Grandes Premios de F1 tiene di\u00e1logo con el argentino en el paddock de la F1. <b>\u201cEs un placer, con tanta gente, disfrutar de un Fan Zone en Argentina. Es algo que so\u00f1aba y no pens\u00e9 que iba a pasar tan pronto\u201d<\/b>, agreg\u00f3 Franco.<\/p>\n<p>Despu\u00e9s de ese mano a mano, Colapinto apareci\u00f3 en el escenario del Fan Zone y ah\u00ed volvi\u00f3 a reiterar su deseo de que, en el corto tiempo, el pa\u00eds pueda volver a tener una carrera de la M\u00e1xima. \u201cEs un evento que quer\u00eda hacer hace mucho. Volver a mi pa\u00eds es especial. Tanta gente que me apoya, es algo muy lindo. <b>Ojal\u00e1 que con este show podamos demostrarle lo que generamos y que podamos dentro de muy poquito tener un Gran Premio en la Argentina<\/b>\u201d, mencion\u00f3 el n\u00famero 43 de Alpine.<\/p>\n<p>Adem\u00e1s, en medio de la charla en el Road Show 2026 junto a Fossaroli y el conductor Nico Occhiato, Colapinto volvi\u00f3 a mencionar sobre su intenci\u00f3n de conocer a <b>Lionel Messi<\/b>, justo en la antesala de lo que ser\u00e1 el regreso de la F1 el pr\u00f3ximo fin de semana con la carrera en Miami. <b>\u201cOjal\u00e1, pero quiero que sea algo natural. Me encantar\u00eda conocerlo, pero que sea algo natural sin marketing\u201d<\/b>, coment\u00f3 sobre el escenario y frente a miles de personas en Palermo.<\/p>\n<h2>Las fotos que subi\u00f3 Colapinto tras la exhibici\u00f3n en Buenos Aires:<\/h2>\n<p><img loading=\"lazy\" decoding=\"async\" src=\"https:\/\/lobosnews.com.ar\/wp-content\/uploads\/2026\/04\/el-emotivo-mensaje-de-franco-colapinto-tras-la-multitudinaria-exhibicion-con-un-auto-de-f1-en-buenos-aires-2.jpg\" alt=\"Franco con la bandera argentina en el final del evento\" height=\"881\" width=\"682\"\/><img loading=\"lazy\" decoding=\"async\" src=\"https:\/\/lobosnews.com.ar\/wp-content\/uploads\/2026\/04\/el-emotivo-mensaje-de-franco-colapinto-tras-la-multitudinaria-exhibicion-con-un-auto-de-f1-en-buenos-aires-3.jpg\" alt=\"El show de Colapinto en Palermo\" height=\"882\" width=\"683\"\/><img loading=\"lazy\" decoding=\"async\" src=\"https:\/\/lobosnews.com.ar\/wp-content\/uploads\/2026\/04\/el-emotivo-mensaje-de-franco-colapinto-tras-la-multitudinaria-exhibicion-con-un-auto-de-f1-en-buenos-aires-4.jpg\" alt=\"Colapinto en su llegada al Road Show\" height=\"882\" width=\"683\"\/><img loading=\"lazy\" decoding=\"async\" src=\"https:\/\/lobosnews.com.ar\/wp-content\/uploads\/2026\/04\/el-emotivo-mensaje-de-franco-colapinto-tras-la-multitudinaria-exhibicion-con-un-auto-de-f1-en-buenos-aires-5.jpg\" alt=\"Colapinto tomando mate antes de la exhibici\u00f3n\" height=\"882\" width=\"683\"\/><img loading=\"lazy\" decoding=\"async\" src=\"https:\/\/lobosnews.com.ar\/wp-content\/uploads\/2026\/04\/el-emotivo-mensaje-de-franco-colapinto-tras-la-multitudinaria-exhibicion-con-un-auto-de-f1-en-buenos-aires-6.jpg\" alt=\"El piloto argentina en la Flecha de Plata que us\u00f3 Fangio\" height=\"882\" width=\"683\"\/><img loading=\"lazy\" decoding=\"async\" src=\"https:\/\/lobosnews.com.ar\/wp-content\/uploads\/2026\/04\/el-emotivo-mensaje-de-franco-colapinto-tras-la-multitudinaria-exhibicion-con-un-auto-de-f1-en-buenos-aires-7.jpg\" alt=\"Colapinto deleit\u00f3 a los fan\u00e1ticos en Palermoo\" height=\"882\" width=\"683\"\/><img loading=\"lazy\" decoding=\"async\" src=\"https:\/\/lobosnews.com.ar\/wp-content\/uploads\/2026\/04\/el-emotivo-mensaje-de-franco-colapinto-tras-la-multitudinaria-exhibicion-con-un-auto-de-f1-en-buenos-aires-8.jpg\" alt=\"Colapinto en el Fan Zone\" height=\"882\" width=\"683\"\/><img loading=\"lazy\" decoding=\"async\" src=\"https:\/\/lobosnews.com.ar\/wp-content\/uploads\/2026\/04\/el-emotivo-mensaje-de-franco-colapinto-tras-la-multitudinaria-exhibicion-con-un-auto-de-f1-en-buenos-aires-9.jpg\" alt=\"El piloto argentino junto a Pato Sardelli, que toc\u00f3 el himno con su guitarra\" height=\"882\" width=\"683\"\/><img loading=\"lazy\" decoding=\"async\" src=\"https:\/\/lobosnews.com.ar\/wp-content\/uploads\/2026\/04\/el-emotivo-mensaje-de-franco-colapinto-tras-la-multitudinaria-exhibicion-con-un-auto-de-f1-en-buenos-aires-10.jpg\" alt=\"El abrazo de Colapinto y su abuela Rosa\" height=\"882\" width=\"683\"\/><img loading=\"lazy\" decoding=\"async\" src=\"https:\/\/lobosnews.com.ar\/wp-content\/uploads\/2026\/04\/el-emotivo-mensaje-de-franco-colapinto-tras-la-multitudinaria-exhibicion-con-un-auto-de-f1-en-buenos-aires-11.jpg\" alt=\"Un cartel dedicado a Franco\" height=\"882\" width=\"683\"\/><img loading=\"lazy\" decoding=\"async\" src=\"https:\/\/lobosnews.com.ar\/wp-content\/uploads\/2026\/04\/el-emotivo-mensaje-de-franco-colapinto-tras-la-multitudinaria-exhibicion-con-un-auto-de-f1-en-buenos-aires-12.jpg\" alt=\"Franco corriendo por el circuito\" height=\"1391\" width=\"1080\"\/><img loading=\"lazy\" decoding=\"async\" src=\"https:\/\/lobosnews.com.ar\/wp-content\/uploads\/2026\/04\/el-emotivo-mensaje-de-franco-colapinto-tras-la-multitudinaria-exhibicion-con-un-auto-de-f1-en-buenos-aires-13.jpg\" alt=\"Colapinto se visti\u00f3 de Fangio en Palermo\" height=\"1391\" width=\"1080\"\/><img loading=\"lazy\" decoding=\"async\" src=\"https:\/\/lobosnews.com.ar\/wp-content\/uploads\/2026\/04\/el-emotivo-mensaje-de-franco-colapinto-tras-la-multitudinaria-exhibicion-con-un-auto-de-f1-en-buenos-aires-14.jpg\" alt=\"La emoci\u00f3n de Franco tras el evento\" height=\"881\" width=\"682\"\/><img loading=\"lazy\" decoding=\"async\" src=\"https:\/\/lobosnews.com.ar\/wp-content\/uploads\/2026\/04\/el-emotivo-mensaje-de-franco-colapinto-tras-la-multitudinaria-exhibicion-con-un-auto-de-f1-en-buenos-aires-15.jpg\" alt=\"Colapinto en el box\" height=\"882\" width=\"683\"\/><img loading=\"lazy\" decoding=\"async\" src=\"https:\/\/lobosnews.com.ar\/wp-content\/uploads\/2026\/04\/el-emotivo-mensaje-de-franco-colapinto-tras-la-multitudinaria-exhibicion-con-un-auto-de-f1-en-buenos-aires-16.jpg\" alt=\"El piloto argentino con personal de Alpine\" height=\"882\" width=\"683\"\/><\/p>\n","protected":false},"excerpt":{"rendered":"<p>Franco Colapinto vivi\u00f3 un d\u00eda que nunca olvidar\u00e1. Se estima que unas 600 mil personas inundaron las calles de Palermo para ver a un argentino a bordo de un auto de F\u00f3rmula 1 por primera vez en Argentina. Fue una jornada emocionante en la que \u00e9l piloto se subi\u00f3 al Lotus E20 ploteado con los&#8230;<\/p>\n","protected":false},"author":1,"featured_media":0,"comment_status":"open","ping_status":"closed","sticky":false,"template":"","format":"standard","meta":{"_jetpack_memberships_contains_paid_content":false,"footnotes":""},"categories":[30],"tags":[39],"class_list":["post-46103","post","type-post","status-publish","format-standard","hentry","category-argentina","tag-deportes"],"magazineBlocksPostFeaturedMedia":{"thumbnail":false,"medium":false,"medium_large":false,"large":false,"1536x1536":false,"2048x2048":false,"newsmatic-featured":false,"newsmatic-list":false,"newsmatic-thumb":false,"newsmatic-small":false,"newsmatic-grid":false},"magazineBlocksPostAuthor":{"name":"admin","avatar":"https:\/\/secure.gravatar.com\/avatar\/76e419471a2083bc3ceab22a763dbbf9b0c1bd15a6214cf3280e2c2dde4580f9?s=96&d=mm&r=g"},"magazineBlocksPostCommentsNumber":"0","magazineBlocksPostExcerpt":"Franco Colapinto vivi\u00f3 un d\u00eda que nunca olvidar\u00e1. Se estima que unas 600 mil personas inundaron las calles de Palermo para ver a un argentino a bordo de un auto de F\u00f3rmula 1 por primera vez en Argentina. Fue una jornada emocionante en la que \u00e9l piloto se subi\u00f3 al Lotus E20 ploteado con los...","magazineBlocksPostCategories":["Argentina"],"magazineBlocksPostViewCount":8,"magazineBlocksPostReadTime":4,"magazine_blocks_featured_image_url":{"full":false,"medium":false,"thumbnail":false},"magazine_blocks_author":{"display_name":"admin","author_link":"https:\/\/lobosnews.com.ar\/index.php\/author\/lobos-news\/"},"magazine_blocks_comment":0,"magazine_blocks_author_image":"https:\/\/secure.gravatar.com\/avatar\/76e419471a2083bc3ceab22a763dbbf9b0c1bd15a6214cf3280e2c2dde4580f9?s=96&d=mm&r=g","magazine_blocks_category":"<a href=\"#\" class=\"category-link category-link-30\">Argentina<\/a>","yoast_head":"<!-- This site is optimized with the Yoast SEO plugin v26.6 - https:\/\/yoast.com\/wordpress\/plugins\/seo\/ -->\n<title>El emotivo mensaje de Franco Colapinto tras la multitudinaria exhibici\u00f3n con un auto de F1 en Buenos Aires - Lobos News<\/title>\n<meta name=\"robots\" content=\"index, follow, max-snippet:-1, max-image-preview:large, max-video-preview:-1\" \/>\n<link rel=\"canonical\" href=\"https:\/\/lobosnews.com.ar\/index.php\/2026\/04\/27\/el-emotivo-mensaje-de-franco-colapinto-tras-la-multitudinaria-exhibicion-con-un-auto-de-f1-en-buenos-aires\/\" \/>\n<meta property=\"og:locale\" content=\"es_ES\" \/>\n<meta property=\"og:type\" content=\"article\" \/>\n<meta property=\"og:title\" content=\"El emotivo mensaje de Franco Colapinto tras la multitudinaria exhibici\u00f3n con un auto de F1 en Buenos Aires - Lobos News\" \/>\n<meta property=\"og:description\" content=\"Franco Colapinto vivi\u00f3 un d\u00eda que nunca olvidar\u00e1. Se estima que unas 600 mil personas inundaron las calles de Palermo para ver a un argentino a bordo de un auto de F\u00f3rmula 1 por primera vez en Argentina. Fue una jornada emocionante en la que \u00e9l piloto se subi\u00f3 al Lotus E20 ploteado con los...\" \/>\n<meta property=\"og:url\" content=\"https:\/\/lobosnews.com.ar\/index.php\/2026\/04\/27\/el-emotivo-mensaje-de-franco-colapinto-tras-la-multitudinaria-exhibicion-con-un-auto-de-f1-en-buenos-aires\/\" \/>\n<meta property=\"og:site_name\" content=\"Lobos News\" \/>\n<meta property=\"article:published_time\" content=\"2026-04-27T11:48:54+00:00\" \/>\n<meta property=\"article:modified_time\" content=\"2026-04-27T14:33:08+00:00\" \/>\n<meta property=\"og:image\" content=\"https:\/\/lobosnews.com.ar\/wp-content\/uploads\/2026\/04\/el-emotivo-mensaje-de-franco-colapinto-tras-la-multitudinaria-exhibicion-con-un-auto-de-f1-en-buenos-aires.jpg\" \/>\n<meta name=\"author\" content=\"admin\" \/>\n<meta name=\"twitter:card\" content=\"summary_large_image\" \/>\n<meta name=\"twitter:label1\" content=\"Escrito por\" \/>\n\t<meta name=\"twitter:data1\" content=\"admin\" \/>\n\t<meta name=\"twitter:label2\" content=\"Tiempo de lectura\" \/>\n\t<meta name=\"twitter:data2\" content=\"3 minutos\" \/>\n<script type=\"application\/ld+json\" class=\"yoast-schema-graph\">{\"@context\":\"https:\/\/schema.org\",\"@graph\":[{\"@type\":\"Article\",\"@id\":\"https:\/\/lobosnews.com.ar\/index.php\/2026\/04\/27\/el-emotivo-mensaje-de-franco-colapinto-tras-la-multitudinaria-exhibicion-con-un-auto-de-f1-en-buenos-aires\/#article\",\"isPartOf\":{\"@id\":\"https:\/\/lobosnews.com.ar\/index.php\/2026\/04\/27\/el-emotivo-mensaje-de-franco-colapinto-tras-la-multitudinaria-exhibicion-con-un-auto-de-f1-en-buenos-aires\/\"},\"author\":{\"name\":\"admin\",\"@id\":\"https:\/\/lobosnews.com.ar\/#\/schema\/person\/232422a593d5c541dd9aef6aaed10943\"},\"headline\":\"El emotivo mensaje de Franco Colapinto tras la multitudinaria exhibici\u00f3n con un auto de F1 en Buenos Aires\",\"datePublished\":\"2026-04-27T11:48:54+00:00\",\"dateModified\":\"2026-04-27T14:33:08+00:00\",\"mainEntityOfPage\":{\"@id\":\"https:\/\/lobosnews.com.ar\/index.php\/2026\/04\/27\/el-emotivo-mensaje-de-franco-colapinto-tras-la-multitudinaria-exhibicion-con-un-auto-de-f1-en-buenos-aires\/\"},\"wordCount\":656,\"commentCount\":0,\"publisher\":{\"@id\":\"https:\/\/lobosnews.com.ar\/#organization\"},\"image\":{\"@id\":\"https:\/\/lobosnews.com.ar\/index.php\/2026\/04\/27\/el-emotivo-mensaje-de-franco-colapinto-tras-la-multitudinaria-exhibicion-con-un-auto-de-f1-en-buenos-aires\/#primaryimage\"},\"thumbnailUrl\":\"https:\/\/lobosnews.com.ar\/wp-content\/uploads\/2026\/04\/el-emotivo-mensaje-de-franco-colapinto-tras-la-multitudinaria-exhibicion-con-un-auto-de-f1-en-buenos-aires.jpg\",\"keywords\":[\"Deportes\"],\"articleSection\":[\"Argentina\"],\"inLanguage\":\"es\",\"potentialAction\":[{\"@type\":\"CommentAction\",\"name\":\"Comment\",\"target\":[\"https:\/\/lobosnews.com.ar\/index.php\/2026\/04\/27\/el-emotivo-mensaje-de-franco-colapinto-tras-la-multitudinaria-exhibicion-con-un-auto-de-f1-en-buenos-aires\/#respond\"]}]},{\"@type\":\"WebPage\",\"@id\":\"https:\/\/lobosnews.com.ar\/index.php\/2026\/04\/27\/el-emotivo-mensaje-de-franco-colapinto-tras-la-multitudinaria-exhibicion-con-un-auto-de-f1-en-buenos-aires\/\",\"url\":\"https:\/\/lobosnews.com.ar\/index.php\/2026\/04\/27\/el-emotivo-mensaje-de-franco-colapinto-tras-la-multitudinaria-exhibicion-con-un-auto-de-f1-en-buenos-aires\/\",\"name\":\"El emotivo mensaje de Franco Colapinto tras la multitudinaria exhibici\u00f3n con un auto de F1 en Buenos Aires - Lobos News\",\"isPartOf\":{\"@id\":\"https:\/\/lobosnews.com.ar\/#website\"},\"primaryImageOfPage\":{\"@id\":\"https:\/\/lobosnews.com.ar\/index.php\/2026\/04\/27\/el-emotivo-mensaje-de-franco-colapinto-tras-la-multitudinaria-exhibicion-con-un-auto-de-f1-en-buenos-aires\/#primaryimage\"},\"image\":{\"@id\":\"https:\/\/lobosnews.com.ar\/index.php\/2026\/04\/27\/el-emotivo-mensaje-de-franco-colapinto-tras-la-multitudinaria-exhibicion-con-un-auto-de-f1-en-buenos-aires\/#primaryimage\"},\"thumbnailUrl\":\"https:\/\/lobosnews.com.ar\/wp-content\/uploads\/2026\/04\/el-emotivo-mensaje-de-franco-colapinto-tras-la-multitudinaria-exhibicion-con-un-auto-de-f1-en-buenos-aires.jpg\",\"datePublished\":\"2026-04-27T11:48:54+00:00\",\"dateModified\":\"2026-04-27T14:33:08+00:00\",\"breadcrumb\":{\"@id\":\"https:\/\/lobosnews.com.ar\/index.php\/2026\/04\/27\/el-emotivo-mensaje-de-franco-colapinto-tras-la-multitudinaria-exhibicion-con-un-auto-de-f1-en-buenos-aires\/#breadcrumb\"},\"inLanguage\":\"es\",\"potentialAction\":[{\"@type\":\"ReadAction\",\"target\":[\"https:\/\/lobosnews.com.ar\/index.php\/2026\/04\/27\/el-emotivo-mensaje-de-franco-colapinto-tras-la-multitudinaria-exhibicion-con-un-auto-de-f1-en-buenos-aires\/\"]}]},{\"@type\":\"ImageObject\",\"inLanguage\":\"es\",\"@id\":\"https:\/\/lobosnews.com.ar\/index.php\/2026\/04\/27\/el-emotivo-mensaje-de-franco-colapinto-tras-la-multitudinaria-exhibicion-con-un-auto-de-f1-en-buenos-aires\/#primaryimage\",\"url\":\"https:\/\/lobosnews.com.ar\/wp-content\/uploads\/2026\/04\/el-emotivo-mensaje-de-franco-colapinto-tras-la-multitudinaria-exhibicion-con-un-auto-de-f1-en-buenos-aires.jpg\",\"contentUrl\":\"https:\/\/lobosnews.com.ar\/wp-content\/uploads\/2026\/04\/el-emotivo-mensaje-de-franco-colapinto-tras-la-multitudinaria-exhibicion-con-un-auto-de-f1-en-buenos-aires.jpg\"},{\"@type\":\"BreadcrumbList\",\"@id\":\"https:\/\/lobosnews.com.ar\/index.php\/2026\/04\/27\/el-emotivo-mensaje-de-franco-colapinto-tras-la-multitudinaria-exhibicion-con-un-auto-de-f1-en-buenos-aires\/#breadcrumb\",\"itemListElement\":[{\"@type\":\"ListItem\",\"position\":1,\"name\":\"Portada\",\"item\":\"https:\/\/lobosnews.com.ar\/\"},{\"@type\":\"ListItem\",\"position\":2,\"name\":\"El emotivo mensaje de Franco Colapinto tras la multitudinaria exhibici\u00f3n con un auto de F1 en Buenos Aires\"}]},{\"@type\":\"WebSite\",\"@id\":\"https:\/\/lobosnews.com.ar\/#website\",\"url\":\"https:\/\/lobosnews.com.ar\/\",\"name\":\"Lobos News\",\"description\":\"Informaci\u00f3n a cada instante\",\"publisher\":{\"@id\":\"https:\/\/lobosnews.com.ar\/#organization\"},\"potentialAction\":[{\"@type\":\"SearchAction\",\"target\":{\"@type\":\"EntryPoint\",\"urlTemplate\":\"https:\/\/lobosnews.com.ar\/?s={search_term_string}\"},\"query-input\":{\"@type\":\"PropertyValueSpecification\",\"valueRequired\":true,\"valueName\":\"search_term_string\"}}],\"inLanguage\":\"es\"},{\"@type\":\"Organization\",\"@id\":\"https:\/\/lobosnews.com.ar\/#organization\",\"name\":\"Lobos News\",\"url\":\"https:\/\/lobosnews.com.ar\/\",\"logo\":{\"@type\":\"ImageObject\",\"inLanguage\":\"es\",\"@id\":\"https:\/\/lobosnews.com.ar\/#\/schema\/logo\/image\/\",\"url\":\"https:\/\/lobosnews.com.ar\/wp-content\/uploads\/2026\/01\/logo-lobosnews.png\",\"contentUrl\":\"https:\/\/lobosnews.com.ar\/wp-content\/uploads\/2026\/01\/logo-lobosnews.png\",\"width\":500,\"height\":200,\"caption\":\"Lobos News\"},\"image\":{\"@id\":\"https:\/\/lobosnews.com.ar\/#\/schema\/logo\/image\/\"}},{\"@type\":\"Person\",\"@id\":\"https:\/\/lobosnews.com.ar\/#\/schema\/person\/232422a593d5c541dd9aef6aaed10943\",\"name\":\"admin\",\"image\":{\"@type\":\"ImageObject\",\"inLanguage\":\"es\",\"@id\":\"https:\/\/lobosnews.com.ar\/#\/schema\/person\/image\/\",\"url\":\"https:\/\/secure.gravatar.com\/avatar\/76e419471a2083bc3ceab22a763dbbf9b0c1bd15a6214cf3280e2c2dde4580f9?s=96&d=mm&r=g\",\"contentUrl\":\"https:\/\/secure.gravatar.com\/avatar\/76e419471a2083bc3ceab22a763dbbf9b0c1bd15a6214cf3280e2c2dde4580f9?s=96&d=mm&r=g\",\"caption\":\"admin\"},\"sameAs\":[\"https:\/\/lobosnews.com.ar\"],\"url\":\"https:\/\/lobosnews.com.ar\/index.php\/author\/lobos-news\/\"}]}<\/script>\n<!-- \/ Yoast SEO plugin. -->","yoast_head_json":{"title":"El emotivo mensaje de Franco Colapinto tras la multitudinaria exhibici\u00f3n con un auto de F1 en Buenos Aires - Lobos News","robots":{"index":"index","follow":"follow","max-snippet":"max-snippet:-1","max-image-preview":"max-image-preview:large","max-video-preview":"max-video-preview:-1"},"canonical":"https:\/\/lobosnews.com.ar\/index.php\/2026\/04\/27\/el-emotivo-mensaje-de-franco-colapinto-tras-la-multitudinaria-exhibicion-con-un-auto-de-f1-en-buenos-aires\/","og_locale":"es_ES","og_type":"article","og_title":"El emotivo mensaje de Franco Colapinto tras la multitudinaria exhibici\u00f3n con un auto de F1 en Buenos Aires - Lobos News","og_description":"Franco Colapinto vivi\u00f3 un d\u00eda que nunca olvidar\u00e1. Se estima que unas 600 mil personas inundaron las calles de Palermo para ver a un argentino a bordo de un auto de F\u00f3rmula 1 por primera vez en Argentina. Fue una jornada emocionante en la que \u00e9l piloto se subi\u00f3 al Lotus E20 ploteado con los...","og_url":"https:\/\/lobosnews.com.ar\/index.php\/2026\/04\/27\/el-emotivo-mensaje-de-franco-colapinto-tras-la-multitudinaria-exhibicion-con-un-auto-de-f1-en-buenos-aires\/","og_site_name":"Lobos News","article_published_time":"2026-04-27T11:48:54+00:00","article_modified_time":"2026-04-27T14:33:08+00:00","og_image":[{"url":"https:\/\/lobosnews.com.ar\/wp-content\/uploads\/2026\/04\/el-emotivo-mensaje-de-franco-colapinto-tras-la-multitudinaria-exhibicion-con-un-auto-de-f1-en-buenos-aires.jpg","type":"","width":"","height":""}],"author":"admin","twitter_card":"summary_large_image","twitter_misc":{"Escrito por":"admin","Tiempo de lectura":"3 minutos"},"schema":{"@context":"https:\/\/schema.org","@graph":[{"@type":"Article","@id":"https:\/\/lobosnews.com.ar\/index.php\/2026\/04\/27\/el-emotivo-mensaje-de-franco-colapinto-tras-la-multitudinaria-exhibicion-con-un-auto-de-f1-en-buenos-aires\/#article","isPartOf":{"@id":"https:\/\/lobosnews.com.ar\/index.php\/2026\/04\/27\/el-emotivo-mensaje-de-franco-colapinto-tras-la-multitudinaria-exhibicion-con-un-auto-de-f1-en-buenos-aires\/"},"author":{"name":"admin","@id":"https:\/\/lobosnews.com.ar\/#\/schema\/person\/232422a593d5c541dd9aef6aaed10943"},"headline":"El emotivo mensaje de Franco Colapinto tras la multitudinaria exhibici\u00f3n con un auto de F1 en Buenos Aires","datePublished":"2026-04-27T11:48:54+00:00","dateModified":"2026-04-27T14:33:08+00:00","mainEntityOfPage":{"@id":"https:\/\/lobosnews.com.ar\/index.php\/2026\/04\/27\/el-emotivo-mensaje-de-franco-colapinto-tras-la-multitudinaria-exhibicion-con-un-auto-de-f1-en-buenos-aires\/"},"wordCount":656,"commentCount":0,"publisher":{"@id":"https:\/\/lobosnews.com.ar\/#organization"},"image":{"@id":"https:\/\/lobosnews.com.ar\/index.php\/2026\/04\/27\/el-emotivo-mensaje-de-franco-colapinto-tras-la-multitudinaria-exhibicion-con-un-auto-de-f1-en-buenos-aires\/#primaryimage"},"thumbnailUrl":"https:\/\/lobosnews.com.ar\/wp-content\/uploads\/2026\/04\/el-emotivo-mensaje-de-franco-colapinto-tras-la-multitudinaria-exhibicion-con-un-auto-de-f1-en-buenos-aires.jpg","keywords":["Deportes"],"articleSection":["Argentina"],"inLanguage":"es","potentialAction":[{"@type":"CommentAction","name":"Comment","target":["https:\/\/lobosnews.com.ar\/index.php\/2026\/04\/27\/el-emotivo-mensaje-de-franco-colapinto-tras-la-multitudinaria-exhibicion-con-un-auto-de-f1-en-buenos-aires\/#respond"]}]},{"@type":"WebPage","@id":"https:\/\/lobosnews.com.ar\/index.php\/2026\/04\/27\/el-emotivo-mensaje-de-franco-colapinto-tras-la-multitudinaria-exhibicion-con-un-auto-de-f1-en-buenos-aires\/","url":"https:\/\/lobosnews.com.ar\/index.php\/2026\/04\/27\/el-emotivo-mensaje-de-franco-colapinto-tras-la-multitudinaria-exhibicion-con-un-auto-de-f1-en-buenos-aires\/","name":"El emotivo mensaje de Franco Colapinto tras la multitudinaria exhibici\u00f3n con un auto de F1 en Buenos Aires - Lobos News","isPartOf":{"@id":"https:\/\/lobosnews.com.ar\/#website"},"primaryImageOfPage":{"@id":"https:\/\/lobosnews.com.ar\/index.php\/2026\/04\/27\/el-emotivo-mensaje-de-franco-colapinto-tras-la-multitudinaria-exhibicion-con-un-auto-de-f1-en-buenos-aires\/#primaryimage"},"image":{"@id":"https:\/\/lobosnews.com.ar\/index.php\/2026\/04\/27\/el-emotivo-mensaje-de-franco-colapinto-tras-la-multitudinaria-exhibicion-con-un-auto-de-f1-en-buenos-aires\/#primaryimage"},"thumbnailUrl":"https:\/\/lobosnews.com.ar\/wp-content\/uploads\/2026\/04\/el-emotivo-mensaje-de-franco-colapinto-tras-la-multitudinaria-exhibicion-con-un-auto-de-f1-en-buenos-aires.jpg","datePublished":"2026-04-27T11:48:54+00:00","dateModified":"2026-04-27T14:33:08+00:00","breadcrumb":{"@id":"https:\/\/lobosnews.com.ar\/index.php\/2026\/04\/27\/el-emotivo-mensaje-de-franco-colapinto-tras-la-multitudinaria-exhibicion-con-un-auto-de-f1-en-buenos-aires\/#breadcrumb"},"inLanguage":"es","potentialAction":[{"@type":"ReadAction","target":["https:\/\/lobosnews.com.ar\/index.php\/2026\/04\/27\/el-emotivo-mensaje-de-franco-colapinto-tras-la-multitudinaria-exhibicion-con-un-auto-de-f1-en-buenos-aires\/"]}]},{"@type":"ImageObject","inLanguage":"es","@id":"https:\/\/lobosnews.com.ar\/index.php\/2026\/04\/27\/el-emotivo-mensaje-de-franco-colapinto-tras-la-multitudinaria-exhibicion-con-un-auto-de-f1-en-buenos-aires\/#primaryimage","url":"https:\/\/lobosnews.com.ar\/wp-content\/uploads\/2026\/04\/el-emotivo-mensaje-de-franco-colapinto-tras-la-multitudinaria-exhibicion-con-un-auto-de-f1-en-buenos-aires.jpg","contentUrl":"https:\/\/lobosnews.com.ar\/wp-content\/uploads\/2026\/04\/el-emotivo-mensaje-de-franco-colapinto-tras-la-multitudinaria-exhibicion-con-un-auto-de-f1-en-buenos-aires.jpg"},{"@type":"BreadcrumbList","@id":"https:\/\/lobosnews.com.ar\/index.php\/2026\/04\/27\/el-emotivo-mensaje-de-franco-colapinto-tras-la-multitudinaria-exhibicion-con-un-auto-de-f1-en-buenos-aires\/#breadcrumb","itemListElement":[{"@type":"ListItem","position":1,"name":"Portada","item":"https:\/\/lobosnews.com.ar\/"},{"@type":"ListItem","position":2,"name":"El emotivo mensaje de Franco Colapinto tras la multitudinaria exhibici\u00f3n con un auto de F1 en Buenos Aires"}]},{"@type":"WebSite","@id":"https:\/\/lobosnews.com.ar\/#website","url":"https:\/\/lobosnews.com.ar\/","name":"Lobos News","description":"Informaci\u00f3n a cada instante","publisher":{"@id":"https:\/\/lobosnews.com.ar\/#organization"},"potentialAction":[{"@type":"SearchAction","target":{"@type":"EntryPoint","urlTemplate":"https:\/\/lobosnews.com.ar\/?s={search_term_string}"},"query-input":{"@type":"PropertyValueSpecification","valueRequired":true,"valueName":"search_term_string"}}],"inLanguage":"es"},{"@type":"Organization","@id":"https:\/\/lobosnews.com.ar\/#organization","name":"Lobos News","url":"https:\/\/lobosnews.com.ar\/","logo":{"@type":"ImageObject","inLanguage":"es","@id":"https:\/\/lobosnews.com.ar\/#\/schema\/logo\/image\/","url":"https:\/\/lobosnews.com.ar\/wp-content\/uploads\/2026\/01\/logo-lobosnews.png","contentUrl":"https:\/\/lobosnews.com.ar\/wp-content\/uploads\/2026\/01\/logo-lobosnews.png","width":500,"height":200,"caption":"Lobos News"},"image":{"@id":"https:\/\/lobosnews.com.ar\/#\/schema\/logo\/image\/"}},{"@type":"Person","@id":"https:\/\/lobosnews.com.ar\/#\/schema\/person\/232422a593d5c541dd9aef6aaed10943","name":"admin","image":{"@type":"ImageObject","inLanguage":"es","@id":"https:\/\/lobosnews.com.ar\/#\/schema\/person\/image\/","url":"https:\/\/secure.gravatar.com\/avatar\/76e419471a2083bc3ceab22a763dbbf9b0c1bd15a6214cf3280e2c2dde4580f9?s=96&d=mm&r=g","contentUrl":"https:\/\/secure.gravatar.com\/avatar\/76e419471a2083bc3ceab22a763dbbf9b0c1bd15a6214cf3280e2c2dde4580f9?s=96&d=mm&r=g","caption":"admin"},"sameAs":["https:\/\/lobosnews.com.ar"],"url":"https:\/\/lobosnews.com.ar\/index.php\/author\/lobos-news\/"}]}},"jetpack_featured_media_url":"","jetpack_sharing_enabled":true,"_links":{"self":[{"href":"https:\/\/lobosnews.com.ar\/index.php\/wp-json\/wp\/v2\/posts\/46103","targetHints":{"allow":["GET"]}}],"collection":[{"href":"https:\/\/lobosnews.com.ar\/index.php\/wp-json\/wp\/v2\/posts"}],"about":[{"href":"https:\/\/lobosnews.com.ar\/index.php\/wp-json\/wp\/v2\/types\/post"}],"author":[{"embeddable":true,"href":"https:\/\/lobosnews.com.ar\/index.php\/wp-json\/wp\/v2\/users\/1"}],"replies":[{"embeddable":true,"href":"https:\/\/lobosnews.com.ar\/index.php\/wp-json\/wp\/v2\/comments?post=46103"}],"version-history":[{"count":1,"href":"https:\/\/lobosnews.com.ar\/index.php\/wp-json\/wp\/v2\/posts\/46103\/revisions"}],"predecessor-version":[{"id":46121,"href":"https:\/\/lobosnews.com.ar\/index.php\/wp-json\/wp\/v2\/posts\/46103\/revisions\/46121"}],"wp:attachment":[{"href":"https:\/\/lobosnews.com.ar\/index.php\/wp-json\/wp\/v2\/media?parent=46103"}],"wp:term":[{"taxonomy":"category","embeddable":true,"href":"https:\/\/lobosnews.com.ar\/index.php\/wp-json\/wp\/v2\/categories?post=46103"},{"taxonomy":"post_tag","embeddable":true,"href":"https:\/\/lobosnews.com.ar\/index.php\/wp-json\/wp\/v2\/tags?post=46103"}],"curies":[{"name":"wp","href":"https:\/\/api.w.org\/{rel}","templated":true}]}}