{"id":46100,"date":"2026-04-27T12:44:46","date_gmt":"2026-04-27T12:44:46","guid":{"rendered":"https:\/\/lobosnews.com.ar\/index.php\/2026\/04\/27\/real-madrid-inicio-gestiones-para-que-scaloni-sea-su-nuevo-entrenador-te-aseguro-que-lo-han-contactado\/"},"modified":"2026-04-27T14:31:19","modified_gmt":"2026-04-27T14:31:19","slug":"real-madrid-inicio-gestiones-para-que-scaloni-sea-su-nuevo-entrenador-te-aseguro-que-lo-han-contactado","status":"publish","type":"post","link":"https:\/\/lobosnews.com.ar\/index.php\/2026\/04\/27\/real-madrid-inicio-gestiones-para-que-scaloni-sea-su-nuevo-entrenador-te-aseguro-que-lo-han-contactado\/","title":{"rendered":"Real Madrid inici\u00f3 gestiones para que Scaloni sea su nuevo entrenador: \u201cTe aseguro que lo han contactado\u201d"},"content":{"rendered":"<p>Cuando restan 45 d\u00edas para el comienzo del Mundial 2025, uno de los temas que tienen el vilo al f\u00fatbol de Europa es el futuro del banco del <b>Real Madrid<\/b>, escenario que gener\u00f3<b> <\/b>intensas especulaciones luego de que el periodista y presentador de televisi\u00f3n espa\u00f1ol <b>Manuel Lama Jim\u00e9nez<\/b>, conocido como <i>Manolo <\/i>Lama, asegurara en el programa <i>El Tertuli\u00f3n de los domingos<\/i> de la cadena <i>COPE<\/i> que <b>el club blanco contact\u00f3 al t\u00e9cnico de la selecci\u00f3n argentina, Lionel Scaloni<\/b>. <\/p>\n<p><b>\u201cYo te aseguro que el Real Madrid ha contactado con Scaloni.<\/b> Te lo aseguro. Madrid est\u00e1 sondeando muchos entrenadores, pero esto te lo aseguro, <b>el Madrid ha contactado con Scaloni<\/b>, seleccionador argentino\u201d, afirm\u00f3 el periodista en el espacio considerado uno de los m\u00e1s influyentes de la radio deportiva espa\u00f1ola.<\/p>\n<p>Las declaraciones de Manolo Lama se producen en un contexto de incertidumbre<b> <\/b>para el equipo dirigido por <b>\u00c1lvaro Arbeloa<\/b>. <b>El Real Madrid, tras empatar en su \u00faltimo partido frente al Betis, se encuentra a<\/b> <b>11 puntos del Barcelona<\/b>, l\u00edder de la La Liga, con solo cinco jornadas restantes en el calendario (85 a 74). Adem\u00e1s, el equipo qued\u00f3 eliminado en los cuartos de final de la <b>UEFA Champions League<\/b> a manos del <b>Bayern M\u00fanich<\/b> y se despidi\u00f3 de la Copa del Rey tras caer sorpresivamente ante el <b>Albacete<\/b> en octavos de final. Esta situaci\u00f3n ha acelerado la b\u00fasqueda de alternativas de cara a la temporada 2026\/2027.<\/p>\n<p>Seg\u00fan el reporte de <i>Cadena Cope<\/i>, la directiva del Real Madrid, encabezada por<b> Florentino P\u00e9rez, ha iniciado contactos preliminares con el entorno de Lionel Scaloni <\/b>con el objetivo de que el t\u00e9cnico argentino asuma el mando del primer equipo tras el Mundial de 2026. El contrato de <b>Scaloni<\/b> con la Asociaci\u00f3n del F\u00fatbol Argentino (AFA) expira al finalizar la participaci\u00f3n de la Selecci\u00f3n Argentina en la cita mundialista, que se disputar\u00e1 en <b>Estados Unidos, M\u00e9xico y Canad\u00e1<\/b>, con la final programada para el 19 de julio en el <b>MetLife Stadium de Nueva Jersey<\/b>.<\/p>\n<p><img loading=\"lazy\" decoding=\"async\" src=\"https:\/\/lobosnews.com.ar\/wp-content\/uploads\/2026\/04\/real-madrid-inicio-gestiones-para-que-scaloni-sea-su-nuevo-entrenador-te-aseguro-que-lo-han-contactado.jpg\" alt=\"Desde Espa\u00f1a aseguraron que Real Madrid contact\u00f3 a Scaloni (Reuters)\" height=\"1994\" width=\"3544\"\/><\/p>\n<p>Esta informaci\u00f3n se enmarca en un escenario donde<b> <\/b>varios nombres han sido vinculados como potenciales sucesores de Arbeloa. Entre los candidatos mencionados figuran <b>Zinedine Zidane<\/b>, con un acuerdo avanzado para asumir en la selecci\u00f3n de <b>Francia<\/b>; <b>Jurgen Klopp<\/b>, actual director deportivo de <b>Red Bull<\/b>; <b>Didier Deschamps<\/b>, quien concluir\u00e1 su ciclo con Francia tras el Mundial, y <b>Jos\u00e9 Mourinho<\/b>, al frente del <b>Benfica<\/b>, entre otros. Adem\u00e1s, en <i>El Tertuli\u00f3n de los domingos<\/i> se sumaron los nombres de <b>Mauricio Pochettino<\/b>, actual seleccionador de <b>Estados Unidos<\/b>, y <b>Massimiliano Allegri<\/b>, t\u00e9cnico de la <b>Juventus<\/b>, como opciones consideradas por la dirigencia blanca.<\/p>\n<p>De acuerdo con lo transmitido por <i>COPE<\/i>, <b>el perfil de Scaloni es apreciado por la c\u00fapula directiva del Real Madrid<\/b> por su capacidad para poder gestionar planteles con figuras internacionales como <b>Vin\u00edcius, Kylian Mbapp\u00e9, Jude Bellingham <\/b>y <b>Federico Valverde<\/b>. El plan, seg\u00fan apuntaron las mismas fuentes, ser\u00eda asegurar la llegada del argentino una vez concluya la participaci\u00f3n de la <i>Albiceleste <\/i>en la Copa del Mundo.<\/p>\n<p>En una conferencia de prensa durante los \u00faltimos amistosos de Argentina antes del Mundial, Scaloni fue consultado acerca de su futuro profesional y respondi\u00f3 que <b>no piensa en lo que ocurrir\u00e1 despu\u00e9s del torneo en Norteam\u00e9rica<\/b>.<\/p>\n<p>La lista de t\u00e9cnicos interesados en tomar la direcci\u00f3n del <b>Real Madrid<\/b> aument\u00f3 en los \u00faltimos d\u00edas, a medida que<b> <\/b>se acerca el final de la tempoorada, <b>el futuro de \u00c1lvaro Arbeloa es una gran inc\u00f3gnita<\/b>, ya que tras reemplazar a Xabi Alonso luego de su salida, no termin\u00f3 de darle un salto de calidad a un equipo que<b> <\/b>est\u00e1 en v\u00edsperas de no conseguir ning\u00fan t\u00edtulo en dos a\u00f1os. La direcci\u00f3n del club, liderada por <b>Florentino P\u00e9rez<\/b>, explora alternativas con miras a fortalecer el proyecto deportivo y recuperar el protagonismo en <b>Espa\u00f1a<\/b> y <b>Europa<\/b> tras una campa\u00f1a en la que los resultados no acompa\u00f1aron las expectativas y todo apunta a que quedar\u00e1n nuevamente en cero titulos conseguidos.<\/p>\n","protected":false},"excerpt":{"rendered":"<p>Cuando restan 45 d\u00edas para el comienzo del Mundial 2025, uno de los temas que tienen el vilo al f\u00fatbol de Europa es el futuro del banco del Real Madrid, escenario que gener\u00f3 intensas especulaciones luego de que el periodista y presentador de televisi\u00f3n espa\u00f1ol Manuel Lama Jim\u00e9nez, conocido como Manolo Lama, asegurara en el&#8230;<\/p>\n","protected":false},"author":1,"featured_media":0,"comment_status":"open","ping_status":"closed","sticky":false,"template":"","format":"standard","meta":{"_jetpack_memberships_contains_paid_content":false,"footnotes":""},"categories":[30],"tags":[39],"class_list":["post-46100","post","type-post","status-publish","format-standard","hentry","category-argentina","tag-deportes"],"magazineBlocksPostFeaturedMedia":{"thumbnail":false,"medium":false,"medium_large":false,"large":false,"1536x1536":false,"2048x2048":false,"newsmatic-featured":false,"newsmatic-list":false,"newsmatic-thumb":false,"newsmatic-small":false,"newsmatic-grid":false},"magazineBlocksPostAuthor":{"name":"admin","avatar":"https:\/\/secure.gravatar.com\/avatar\/76e419471a2083bc3ceab22a763dbbf9b0c1bd15a6214cf3280e2c2dde4580f9?s=96&d=mm&r=g"},"magazineBlocksPostCommentsNumber":"0","magazineBlocksPostExcerpt":"Cuando restan 45 d\u00edas para el comienzo del Mundial 2025, uno de los temas que tienen el vilo al f\u00fatbol de Europa es el futuro del banco del Real Madrid, escenario que gener\u00f3 intensas especulaciones luego de que el periodista y presentador de televisi\u00f3n espa\u00f1ol Manuel Lama Jim\u00e9nez, conocido como Manolo Lama, asegurara en el...","magazineBlocksPostCategories":["Argentina"],"magazineBlocksPostViewCount":10,"magazineBlocksPostReadTime":4,"magazine_blocks_featured_image_url":{"full":false,"medium":false,"thumbnail":false},"magazine_blocks_author":{"display_name":"admin","author_link":"https:\/\/lobosnews.com.ar\/index.php\/author\/lobos-news\/"},"magazine_blocks_comment":0,"magazine_blocks_author_image":"https:\/\/secure.gravatar.com\/avatar\/76e419471a2083bc3ceab22a763dbbf9b0c1bd15a6214cf3280e2c2dde4580f9?s=96&d=mm&r=g","magazine_blocks_category":"<a href=\"#\" class=\"category-link category-link-30\">Argentina<\/a>","yoast_head":"<!-- This site is optimized with the Yoast SEO plugin v26.6 - https:\/\/yoast.com\/wordpress\/plugins\/seo\/ -->\n<title>Real Madrid inici\u00f3 gestiones para que Scaloni sea su nuevo entrenador: \u201cTe aseguro que lo han contactado\u201d - Lobos News<\/title>\n<meta name=\"robots\" content=\"index, follow, max-snippet:-1, max-image-preview:large, max-video-preview:-1\" \/>\n<link rel=\"canonical\" href=\"https:\/\/lobosnews.com.ar\/index.php\/2026\/04\/27\/real-madrid-inicio-gestiones-para-que-scaloni-sea-su-nuevo-entrenador-te-aseguro-que-lo-han-contactado\/\" \/>\n<meta property=\"og:locale\" content=\"es_ES\" \/>\n<meta property=\"og:type\" content=\"article\" \/>\n<meta property=\"og:title\" content=\"Real Madrid inici\u00f3 gestiones para que Scaloni sea su nuevo entrenador: \u201cTe aseguro que lo han contactado\u201d - Lobos News\" \/>\n<meta property=\"og:description\" content=\"Cuando restan 45 d\u00edas para el comienzo del Mundial 2025, uno de los temas que tienen el vilo al f\u00fatbol de Europa es el futuro del banco del Real Madrid, escenario que gener\u00f3 intensas especulaciones luego de que el periodista y presentador de televisi\u00f3n espa\u00f1ol Manuel Lama Jim\u00e9nez, conocido como Manolo Lama, asegurara en el...\" \/>\n<meta property=\"og:url\" content=\"https:\/\/lobosnews.com.ar\/index.php\/2026\/04\/27\/real-madrid-inicio-gestiones-para-que-scaloni-sea-su-nuevo-entrenador-te-aseguro-que-lo-han-contactado\/\" \/>\n<meta property=\"og:site_name\" content=\"Lobos News\" \/>\n<meta property=\"article:published_time\" content=\"2026-04-27T12:44:46+00:00\" \/>\n<meta property=\"article:modified_time\" content=\"2026-04-27T14:31:19+00:00\" \/>\n<meta property=\"og:image\" content=\"https:\/\/lobosnews.com.ar\/wp-content\/uploads\/2026\/04\/real-madrid-inicio-gestiones-para-que-scaloni-sea-su-nuevo-entrenador-te-aseguro-que-lo-han-contactado.jpg\" \/>\n<meta name=\"author\" content=\"admin\" \/>\n<meta name=\"twitter:card\" content=\"summary_large_image\" \/>\n<meta name=\"twitter:label1\" content=\"Escrito por\" \/>\n\t<meta name=\"twitter:data1\" content=\"admin\" \/>\n\t<meta name=\"twitter:label2\" content=\"Tiempo de lectura\" \/>\n\t<meta name=\"twitter:data2\" content=\"3 minutos\" \/>\n<script type=\"application\/ld+json\" class=\"yoast-schema-graph\">{\"@context\":\"https:\/\/schema.org\",\"@graph\":[{\"@type\":\"Article\",\"@id\":\"https:\/\/lobosnews.com.ar\/index.php\/2026\/04\/27\/real-madrid-inicio-gestiones-para-que-scaloni-sea-su-nuevo-entrenador-te-aseguro-que-lo-han-contactado\/#article\",\"isPartOf\":{\"@id\":\"https:\/\/lobosnews.com.ar\/index.php\/2026\/04\/27\/real-madrid-inicio-gestiones-para-que-scaloni-sea-su-nuevo-entrenador-te-aseguro-que-lo-han-contactado\/\"},\"author\":{\"name\":\"admin\",\"@id\":\"https:\/\/lobosnews.com.ar\/#\/schema\/person\/232422a593d5c541dd9aef6aaed10943\"},\"headline\":\"Real Madrid inici\u00f3 gestiones para que Scaloni sea su nuevo entrenador: \u201cTe aseguro que lo han contactado\u201d\",\"datePublished\":\"2026-04-27T12:44:46+00:00\",\"dateModified\":\"2026-04-27T14:31:19+00:00\",\"mainEntityOfPage\":{\"@id\":\"https:\/\/lobosnews.com.ar\/index.php\/2026\/04\/27\/real-madrid-inicio-gestiones-para-que-scaloni-sea-su-nuevo-entrenador-te-aseguro-que-lo-han-contactado\/\"},\"wordCount\":700,\"commentCount\":0,\"publisher\":{\"@id\":\"https:\/\/lobosnews.com.ar\/#organization\"},\"image\":{\"@id\":\"https:\/\/lobosnews.com.ar\/index.php\/2026\/04\/27\/real-madrid-inicio-gestiones-para-que-scaloni-sea-su-nuevo-entrenador-te-aseguro-que-lo-han-contactado\/#primaryimage\"},\"thumbnailUrl\":\"https:\/\/lobosnews.com.ar\/wp-content\/uploads\/2026\/04\/real-madrid-inicio-gestiones-para-que-scaloni-sea-su-nuevo-entrenador-te-aseguro-que-lo-han-contactado.jpg\",\"keywords\":[\"Deportes\"],\"articleSection\":[\"Argentina\"],\"inLanguage\":\"es\",\"potentialAction\":[{\"@type\":\"CommentAction\",\"name\":\"Comment\",\"target\":[\"https:\/\/lobosnews.com.ar\/index.php\/2026\/04\/27\/real-madrid-inicio-gestiones-para-que-scaloni-sea-su-nuevo-entrenador-te-aseguro-que-lo-han-contactado\/#respond\"]}]},{\"@type\":\"WebPage\",\"@id\":\"https:\/\/lobosnews.com.ar\/index.php\/2026\/04\/27\/real-madrid-inicio-gestiones-para-que-scaloni-sea-su-nuevo-entrenador-te-aseguro-que-lo-han-contactado\/\",\"url\":\"https:\/\/lobosnews.com.ar\/index.php\/2026\/04\/27\/real-madrid-inicio-gestiones-para-que-scaloni-sea-su-nuevo-entrenador-te-aseguro-que-lo-han-contactado\/\",\"name\":\"Real Madrid inici\u00f3 gestiones para que Scaloni sea su nuevo entrenador: \u201cTe aseguro que lo han contactado\u201d - Lobos News\",\"isPartOf\":{\"@id\":\"https:\/\/lobosnews.com.ar\/#website\"},\"primaryImageOfPage\":{\"@id\":\"https:\/\/lobosnews.com.ar\/index.php\/2026\/04\/27\/real-madrid-inicio-gestiones-para-que-scaloni-sea-su-nuevo-entrenador-te-aseguro-que-lo-han-contactado\/#primaryimage\"},\"image\":{\"@id\":\"https:\/\/lobosnews.com.ar\/index.php\/2026\/04\/27\/real-madrid-inicio-gestiones-para-que-scaloni-sea-su-nuevo-entrenador-te-aseguro-que-lo-han-contactado\/#primaryimage\"},\"thumbnailUrl\":\"https:\/\/lobosnews.com.ar\/wp-content\/uploads\/2026\/04\/real-madrid-inicio-gestiones-para-que-scaloni-sea-su-nuevo-entrenador-te-aseguro-que-lo-han-contactado.jpg\",\"datePublished\":\"2026-04-27T12:44:46+00:00\",\"dateModified\":\"2026-04-27T14:31:19+00:00\",\"breadcrumb\":{\"@id\":\"https:\/\/lobosnews.com.ar\/index.php\/2026\/04\/27\/real-madrid-inicio-gestiones-para-que-scaloni-sea-su-nuevo-entrenador-te-aseguro-que-lo-han-contactado\/#breadcrumb\"},\"inLanguage\":\"es\",\"potentialAction\":[{\"@type\":\"ReadAction\",\"target\":[\"https:\/\/lobosnews.com.ar\/index.php\/2026\/04\/27\/real-madrid-inicio-gestiones-para-que-scaloni-sea-su-nuevo-entrenador-te-aseguro-que-lo-han-contactado\/\"]}]},{\"@type\":\"ImageObject\",\"inLanguage\":\"es\",\"@id\":\"https:\/\/lobosnews.com.ar\/index.php\/2026\/04\/27\/real-madrid-inicio-gestiones-para-que-scaloni-sea-su-nuevo-entrenador-te-aseguro-que-lo-han-contactado\/#primaryimage\",\"url\":\"https:\/\/lobosnews.com.ar\/wp-content\/uploads\/2026\/04\/real-madrid-inicio-gestiones-para-que-scaloni-sea-su-nuevo-entrenador-te-aseguro-que-lo-han-contactado.jpg\",\"contentUrl\":\"https:\/\/lobosnews.com.ar\/wp-content\/uploads\/2026\/04\/real-madrid-inicio-gestiones-para-que-scaloni-sea-su-nuevo-entrenador-te-aseguro-que-lo-han-contactado.jpg\"},{\"@type\":\"BreadcrumbList\",\"@id\":\"https:\/\/lobosnews.com.ar\/index.php\/2026\/04\/27\/real-madrid-inicio-gestiones-para-que-scaloni-sea-su-nuevo-entrenador-te-aseguro-que-lo-han-contactado\/#breadcrumb\",\"itemListElement\":[{\"@type\":\"ListItem\",\"position\":1,\"name\":\"Portada\",\"item\":\"https:\/\/lobosnews.com.ar\/\"},{\"@type\":\"ListItem\",\"position\":2,\"name\":\"Real Madrid inici\u00f3 gestiones para que Scaloni sea su nuevo entrenador: \u201cTe aseguro que lo han contactado\u201d\"}]},{\"@type\":\"WebSite\",\"@id\":\"https:\/\/lobosnews.com.ar\/#website\",\"url\":\"https:\/\/lobosnews.com.ar\/\",\"name\":\"Lobos News\",\"description\":\"Informaci\u00f3n a cada instante\",\"publisher\":{\"@id\":\"https:\/\/lobosnews.com.ar\/#organization\"},\"potentialAction\":[{\"@type\":\"SearchAction\",\"target\":{\"@type\":\"EntryPoint\",\"urlTemplate\":\"https:\/\/lobosnews.com.ar\/?s={search_term_string}\"},\"query-input\":{\"@type\":\"PropertyValueSpecification\",\"valueRequired\":true,\"valueName\":\"search_term_string\"}}],\"inLanguage\":\"es\"},{\"@type\":\"Organization\",\"@id\":\"https:\/\/lobosnews.com.ar\/#organization\",\"name\":\"Lobos News\",\"url\":\"https:\/\/lobosnews.com.ar\/\",\"logo\":{\"@type\":\"ImageObject\",\"inLanguage\":\"es\",\"@id\":\"https:\/\/lobosnews.com.ar\/#\/schema\/logo\/image\/\",\"url\":\"https:\/\/lobosnews.com.ar\/wp-content\/uploads\/2026\/01\/logo-lobosnews.png\",\"contentUrl\":\"https:\/\/lobosnews.com.ar\/wp-content\/uploads\/2026\/01\/logo-lobosnews.png\",\"width\":500,\"height\":200,\"caption\":\"Lobos News\"},\"image\":{\"@id\":\"https:\/\/lobosnews.com.ar\/#\/schema\/logo\/image\/\"}},{\"@type\":\"Person\",\"@id\":\"https:\/\/lobosnews.com.ar\/#\/schema\/person\/232422a593d5c541dd9aef6aaed10943\",\"name\":\"admin\",\"image\":{\"@type\":\"ImageObject\",\"inLanguage\":\"es\",\"@id\":\"https:\/\/lobosnews.com.ar\/#\/schema\/person\/image\/\",\"url\":\"https:\/\/secure.gravatar.com\/avatar\/76e419471a2083bc3ceab22a763dbbf9b0c1bd15a6214cf3280e2c2dde4580f9?s=96&d=mm&r=g\",\"contentUrl\":\"https:\/\/secure.gravatar.com\/avatar\/76e419471a2083bc3ceab22a763dbbf9b0c1bd15a6214cf3280e2c2dde4580f9?s=96&d=mm&r=g\",\"caption\":\"admin\"},\"sameAs\":[\"https:\/\/lobosnews.com.ar\"],\"url\":\"https:\/\/lobosnews.com.ar\/index.php\/author\/lobos-news\/\"}]}<\/script>\n<!-- \/ Yoast SEO plugin. -->","yoast_head_json":{"title":"Real Madrid inici\u00f3 gestiones para que Scaloni sea su nuevo entrenador: \u201cTe aseguro que lo han contactado\u201d - Lobos News","robots":{"index":"index","follow":"follow","max-snippet":"max-snippet:-1","max-image-preview":"max-image-preview:large","max-video-preview":"max-video-preview:-1"},"canonical":"https:\/\/lobosnews.com.ar\/index.php\/2026\/04\/27\/real-madrid-inicio-gestiones-para-que-scaloni-sea-su-nuevo-entrenador-te-aseguro-que-lo-han-contactado\/","og_locale":"es_ES","og_type":"article","og_title":"Real Madrid inici\u00f3 gestiones para que Scaloni sea su nuevo entrenador: \u201cTe aseguro que lo han contactado\u201d - Lobos News","og_description":"Cuando restan 45 d\u00edas para el comienzo del Mundial 2025, uno de los temas que tienen el vilo al f\u00fatbol de Europa es el futuro del banco del Real Madrid, escenario que gener\u00f3 intensas especulaciones luego de que el periodista y presentador de televisi\u00f3n espa\u00f1ol Manuel Lama Jim\u00e9nez, conocido como Manolo Lama, asegurara en el...","og_url":"https:\/\/lobosnews.com.ar\/index.php\/2026\/04\/27\/real-madrid-inicio-gestiones-para-que-scaloni-sea-su-nuevo-entrenador-te-aseguro-que-lo-han-contactado\/","og_site_name":"Lobos News","article_published_time":"2026-04-27T12:44:46+00:00","article_modified_time":"2026-04-27T14:31:19+00:00","og_image":[{"url":"https:\/\/lobosnews.com.ar\/wp-content\/uploads\/2026\/04\/real-madrid-inicio-gestiones-para-que-scaloni-sea-su-nuevo-entrenador-te-aseguro-que-lo-han-contactado.jpg","type":"","width":"","height":""}],"author":"admin","twitter_card":"summary_large_image","twitter_misc":{"Escrito por":"admin","Tiempo de lectura":"3 minutos"},"schema":{"@context":"https:\/\/schema.org","@graph":[{"@type":"Article","@id":"https:\/\/lobosnews.com.ar\/index.php\/2026\/04\/27\/real-madrid-inicio-gestiones-para-que-scaloni-sea-su-nuevo-entrenador-te-aseguro-que-lo-han-contactado\/#article","isPartOf":{"@id":"https:\/\/lobosnews.com.ar\/index.php\/2026\/04\/27\/real-madrid-inicio-gestiones-para-que-scaloni-sea-su-nuevo-entrenador-te-aseguro-que-lo-han-contactado\/"},"author":{"name":"admin","@id":"https:\/\/lobosnews.com.ar\/#\/schema\/person\/232422a593d5c541dd9aef6aaed10943"},"headline":"Real Madrid inici\u00f3 gestiones para que Scaloni sea su nuevo entrenador: \u201cTe aseguro que lo han contactado\u201d","datePublished":"2026-04-27T12:44:46+00:00","dateModified":"2026-04-27T14:31:19+00:00","mainEntityOfPage":{"@id":"https:\/\/lobosnews.com.ar\/index.php\/2026\/04\/27\/real-madrid-inicio-gestiones-para-que-scaloni-sea-su-nuevo-entrenador-te-aseguro-que-lo-han-contactado\/"},"wordCount":700,"commentCount":0,"publisher":{"@id":"https:\/\/lobosnews.com.ar\/#organization"},"image":{"@id":"https:\/\/lobosnews.com.ar\/index.php\/2026\/04\/27\/real-madrid-inicio-gestiones-para-que-scaloni-sea-su-nuevo-entrenador-te-aseguro-que-lo-han-contactado\/#primaryimage"},"thumbnailUrl":"https:\/\/lobosnews.com.ar\/wp-content\/uploads\/2026\/04\/real-madrid-inicio-gestiones-para-que-scaloni-sea-su-nuevo-entrenador-te-aseguro-que-lo-han-contactado.jpg","keywords":["Deportes"],"articleSection":["Argentina"],"inLanguage":"es","potentialAction":[{"@type":"CommentAction","name":"Comment","target":["https:\/\/lobosnews.com.ar\/index.php\/2026\/04\/27\/real-madrid-inicio-gestiones-para-que-scaloni-sea-su-nuevo-entrenador-te-aseguro-que-lo-han-contactado\/#respond"]}]},{"@type":"WebPage","@id":"https:\/\/lobosnews.com.ar\/index.php\/2026\/04\/27\/real-madrid-inicio-gestiones-para-que-scaloni-sea-su-nuevo-entrenador-te-aseguro-que-lo-han-contactado\/","url":"https:\/\/lobosnews.com.ar\/index.php\/2026\/04\/27\/real-madrid-inicio-gestiones-para-que-scaloni-sea-su-nuevo-entrenador-te-aseguro-que-lo-han-contactado\/","name":"Real Madrid inici\u00f3 gestiones para que Scaloni sea su nuevo entrenador: \u201cTe aseguro que lo han contactado\u201d - Lobos News","isPartOf":{"@id":"https:\/\/lobosnews.com.ar\/#website"},"primaryImageOfPage":{"@id":"https:\/\/lobosnews.com.ar\/index.php\/2026\/04\/27\/real-madrid-inicio-gestiones-para-que-scaloni-sea-su-nuevo-entrenador-te-aseguro-que-lo-han-contactado\/#primaryimage"},"image":{"@id":"https:\/\/lobosnews.com.ar\/index.php\/2026\/04\/27\/real-madrid-inicio-gestiones-para-que-scaloni-sea-su-nuevo-entrenador-te-aseguro-que-lo-han-contactado\/#primaryimage"},"thumbnailUrl":"https:\/\/lobosnews.com.ar\/wp-content\/uploads\/2026\/04\/real-madrid-inicio-gestiones-para-que-scaloni-sea-su-nuevo-entrenador-te-aseguro-que-lo-han-contactado.jpg","datePublished":"2026-04-27T12:44:46+00:00","dateModified":"2026-04-27T14:31:19+00:00","breadcrumb":{"@id":"https:\/\/lobosnews.com.ar\/index.php\/2026\/04\/27\/real-madrid-inicio-gestiones-para-que-scaloni-sea-su-nuevo-entrenador-te-aseguro-que-lo-han-contactado\/#breadcrumb"},"inLanguage":"es","potentialAction":[{"@type":"ReadAction","target":["https:\/\/lobosnews.com.ar\/index.php\/2026\/04\/27\/real-madrid-inicio-gestiones-para-que-scaloni-sea-su-nuevo-entrenador-te-aseguro-que-lo-han-contactado\/"]}]},{"@type":"ImageObject","inLanguage":"es","@id":"https:\/\/lobosnews.com.ar\/index.php\/2026\/04\/27\/real-madrid-inicio-gestiones-para-que-scaloni-sea-su-nuevo-entrenador-te-aseguro-que-lo-han-contactado\/#primaryimage","url":"https:\/\/lobosnews.com.ar\/wp-content\/uploads\/2026\/04\/real-madrid-inicio-gestiones-para-que-scaloni-sea-su-nuevo-entrenador-te-aseguro-que-lo-han-contactado.jpg","contentUrl":"https:\/\/lobosnews.com.ar\/wp-content\/uploads\/2026\/04\/real-madrid-inicio-gestiones-para-que-scaloni-sea-su-nuevo-entrenador-te-aseguro-que-lo-han-contactado.jpg"},{"@type":"BreadcrumbList","@id":"https:\/\/lobosnews.com.ar\/index.php\/2026\/04\/27\/real-madrid-inicio-gestiones-para-que-scaloni-sea-su-nuevo-entrenador-te-aseguro-que-lo-han-contactado\/#breadcrumb","itemListElement":[{"@type":"ListItem","position":1,"name":"Portada","item":"https:\/\/lobosnews.com.ar\/"},{"@type":"ListItem","position":2,"name":"Real Madrid inici\u00f3 gestiones para que Scaloni sea su nuevo entrenador: \u201cTe aseguro que lo han contactado\u201d"}]},{"@type":"WebSite","@id":"https:\/\/lobosnews.com.ar\/#website","url":"https:\/\/lobosnews.com.ar\/","name":"Lobos News","description":"Informaci\u00f3n a cada instante","publisher":{"@id":"https:\/\/lobosnews.com.ar\/#organization"},"potentialAction":[{"@type":"SearchAction","target":{"@type":"EntryPoint","urlTemplate":"https:\/\/lobosnews.com.ar\/?s={search_term_string}"},"query-input":{"@type":"PropertyValueSpecification","valueRequired":true,"valueName":"search_term_string"}}],"inLanguage":"es"},{"@type":"Organization","@id":"https:\/\/lobosnews.com.ar\/#organization","name":"Lobos News","url":"https:\/\/lobosnews.com.ar\/","logo":{"@type":"ImageObject","inLanguage":"es","@id":"https:\/\/lobosnews.com.ar\/#\/schema\/logo\/image\/","url":"https:\/\/lobosnews.com.ar\/wp-content\/uploads\/2026\/01\/logo-lobosnews.png","contentUrl":"https:\/\/lobosnews.com.ar\/wp-content\/uploads\/2026\/01\/logo-lobosnews.png","width":500,"height":200,"caption":"Lobos News"},"image":{"@id":"https:\/\/lobosnews.com.ar\/#\/schema\/logo\/image\/"}},{"@type":"Person","@id":"https:\/\/lobosnews.com.ar\/#\/schema\/person\/232422a593d5c541dd9aef6aaed10943","name":"admin","image":{"@type":"ImageObject","inLanguage":"es","@id":"https:\/\/lobosnews.com.ar\/#\/schema\/person\/image\/","url":"https:\/\/secure.gravatar.com\/avatar\/76e419471a2083bc3ceab22a763dbbf9b0c1bd15a6214cf3280e2c2dde4580f9?s=96&d=mm&r=g","contentUrl":"https:\/\/secure.gravatar.com\/avatar\/76e419471a2083bc3ceab22a763dbbf9b0c1bd15a6214cf3280e2c2dde4580f9?s=96&d=mm&r=g","caption":"admin"},"sameAs":["https:\/\/lobosnews.com.ar"],"url":"https:\/\/lobosnews.com.ar\/index.php\/author\/lobos-news\/"}]}},"jetpack_featured_media_url":"","jetpack_sharing_enabled":true,"_links":{"self":[{"href":"https:\/\/lobosnews.com.ar\/index.php\/wp-json\/wp\/v2\/posts\/46100","targetHints":{"allow":["GET"]}}],"collection":[{"href":"https:\/\/lobosnews.com.ar\/index.php\/wp-json\/wp\/v2\/posts"}],"about":[{"href":"https:\/\/lobosnews.com.ar\/index.php\/wp-json\/wp\/v2\/types\/post"}],"author":[{"embeddable":true,"href":"https:\/\/lobosnews.com.ar\/index.php\/wp-json\/wp\/v2\/users\/1"}],"replies":[{"embeddable":true,"href":"https:\/\/lobosnews.com.ar\/index.php\/wp-json\/wp\/v2\/comments?post=46100"}],"version-history":[{"count":1,"href":"https:\/\/lobosnews.com.ar\/index.php\/wp-json\/wp\/v2\/posts\/46100\/revisions"}],"predecessor-version":[{"id":46102,"href":"https:\/\/lobosnews.com.ar\/index.php\/wp-json\/wp\/v2\/posts\/46100\/revisions\/46102"}],"wp:attachment":[{"href":"https:\/\/lobosnews.com.ar\/index.php\/wp-json\/wp\/v2\/media?parent=46100"}],"wp:term":[{"taxonomy":"category","embeddable":true,"href":"https:\/\/lobosnews.com.ar\/index.php\/wp-json\/wp\/v2\/categories?post=46100"},{"taxonomy":"post_tag","embeddable":true,"href":"https:\/\/lobosnews.com.ar\/index.php\/wp-json\/wp\/v2\/tags?post=46100"}],"curies":[{"name":"wp","href":"https:\/\/api.w.org\/{rel}","templated":true}]}}