{"id":46075,"date":"2026-04-27T08:16:30","date_gmt":"2026-04-27T08:16:30","guid":{"rendered":"https:\/\/lobosnews.com.ar\/index.php\/2026\/04\/27\/prorrogaron-por-seis-meses-el-programa-nacional-de-acceso-equitativo-al-trasplante-de-corneas\/"},"modified":"2026-04-27T08:59:09","modified_gmt":"2026-04-27T08:59:09","slug":"prorrogaron-por-seis-meses-el-programa-nacional-de-acceso-equitativo-al-trasplante-de-corneas","status":"publish","type":"post","link":"https:\/\/lobosnews.com.ar\/index.php\/2026\/04\/27\/prorrogaron-por-seis-meses-el-programa-nacional-de-acceso-equitativo-al-trasplante-de-corneas\/","title":{"rendered":"Prorrogaron por seis meses el Programa Nacional de Acceso Equitativo al Trasplante de C\u00f3rneas"},"content":{"rendered":"<p><img fetchpriority=\"high\" decoding=\"async\" src=\"https:\/\/lobosnews.com.ar\/wp-content\/uploads\/2026\/04\/prorrogaron-por-seis-meses-el-programa-nacional-de-acceso-equitativo-al-trasplante-de-corneas.jpg\" alt=\"Extendieron la vigencia del\u00a0\u201cPrograma Nacional de Acceso Equitativo al Trasplante de C\u00f3rneas\u201d\u00a0por seis meses (Imagen Ilustrativa Infobae)\" height=\"768\" width=\"1408\"\/><\/p>\n<p>El Gobierno extendi\u00f3 el<span class=\"waslinkname\"> <b>\u201cPrograma Nacional de Acceso Equitativo al Trasplante de C\u00f3rneas\u201d<\/b><\/span> <b>fue extendida por seis meses adicionales<\/b>, seg\u00fan lo dispuesto en la \u00faltima resoluci\u00f3n del <b>Instituto Nacional Central \u00danico Coordinador de Ablaci\u00f3n e Implante (INCUCAI)<\/b>. <\/p>\n<p>El programa, instrumentado con el objetivo de mejorar la<b> redistribuci\u00f3n de c\u00f3rneas entre jurisdicciones<\/b> y <b>optimizar los tiempos de espera para pacientes que requieren trasplante<\/b>, hab\u00eda sido creado en <b>octubre de 2025<\/b> y se encontraba pr\u00f3ximo a expirar.<\/p>\n<p>La decisi\u00f3n se hizo efectiva, mediante la <b>Resoluci\u00f3n 139\/2026<\/b>, publicada hoy en el <b>Bolet\u00edn Oficial<\/b>. Esto responde a un an\u00e1lisis realizado por la <b>Direcci\u00f3n Cient\u00edfico T\u00e9cnica<\/b> del INCUCAI, que evalu\u00f3 tanto los resultados obtenidos como los desaf\u00edos persistentes en distintas regiones del pa\u00eds. De acuerdo con lo expuesto, <b>algunas jurisdicciones receptoras lograron disminuir de manera significativa los tiempos de espera <\/b>desde la puesta en marcha del programa, aunque otras provincias todav\u00eda registran una alta prevalencia de pacientes en lista y bajos niveles de procuraci\u00f3n.<\/p>\n<p>En concreto, el <b>programa se extiende por seis meses a partir del 7 de abril de 2026<\/b>, manteniendo la n\u00f3mina de provincias cedentes y actualizando el listado de jurisdicciones receptoras. Esta medida busca consolidar los avances logrados en algunos distritos y abordar las dificultades persistentes en otros, priorizando a aquellas jurisdicciones donde la cantidad de donantes efectivos contin\u00faa siendo insuficiente.<\/p>\n<p>El <b>Programa Nacional de Acceso Equitativo al Trasplante de C\u00f3rneas<\/b> fue aprobado originalmente por la <b>Resoluci\u00f3n INCUCAI N\u00ba 336\/2025<\/b>. Su dise\u00f1o <b>prev\u00e9 una estrategia espec\u00edfica de redistribuci\u00f3n de c\u00f3rneas<\/b>, orientada a optimizar los tiempos de espera en todo el pa\u00eds, con \u00e9nfasis en las provincias que hist\u00f3ricamente han tenido menos donantes efectivos.<\/p>\n<p>Durante el per\u00edodo que se implement\u00f3, <b>se identificaron mejoras en varias jurisdicciones receptoras,<\/b> que lograron reducir los tiempos de espera para los pacientes inscriptos. Sin embargo, el an\u00e1lisis de la Direcci\u00f3n Cient\u00edfico T\u00e9cnica revel\u00f3 que persisten desaf\u00edos en otras zonas, donde la demanda supera ampliamente la oferta de c\u00f3rneas disponibles.<\/p>\n<p><img loading=\"lazy\" decoding=\"async\" src=\"https:\/\/lobosnews.com.ar\/wp-content\/uploads\/2026\/04\/prorrogaron-por-seis-meses-el-programa-nacional-de-acceso-equitativo-al-trasplante-de-corneas-1.jpg\" alt=\"La resoluci\u00f3n fue publicada hoy en el Bolet\u00edn Oficial (Imagen Ilustrativa Infobae)\" height=\"1076\" width=\"1920\"\/><\/p>\n<p>La nueva resoluci\u00f3n dispone la sustituci\u00f3n del Anexo \u00danico de la Resoluci\u00f3n INCUCAI N\u00b0 336\/2025, reemplaz\u00e1ndolo por una versi\u00f3n actualizada que refleja los cambios en la n\u00f3mina de jurisdicciones receptoras. <\/p>\n<p>La <b>Comisi\u00f3n Federal de Trasplantes (COFETRA)<\/b> brind\u00f3 su asesoramiento en la reuni\u00f3n celebrada el 11 de marzo de 2026, tal como lo establece el art\u00edculo 61 de la Ley N\u00b0 27.447. Este \u00f3rgano federal participa en la definici\u00f3n de criterios y en el seguimiento de los resultados, asegurando la representaci\u00f3n de las distintas jurisdicciones y la adaptaci\u00f3n de las estrategias a las realidades regionales.<\/p>\n<p>El proceso administrativo cont\u00f3 con la intervenci\u00f3n de la <b>Direcci\u00f3n de Asuntos Jur\u00eddicos<\/b>, la <b>Direcci\u00f3n M\u00e9dico<\/b>, la <b>Direcci\u00f3n Cient\u00edfico T\u00e9cnica<\/b> y la <b>Direcci\u00f3n de Tecnolog\u00edas y Sistemas de Informaci\u00f3n<\/b>, que avalaron la medida en el marco de sus respectivas competencias y sin objeciones.<\/p>\n<p>La decisi\u00f3n de extender el programa fue adoptada en la reuni\u00f3n de Directorio del INCUCAI, celebrada el 23 de abril de 2026, seg\u00fan consta en el Acta N\u00b016. El fundamento legal se apoya en las atribuciones conferidas por la <b>Ley N\u00b0 27.447<\/b>y el <b>Decreto N\u00b0 16\/2019<\/b>, que regulan las competencias del organismo en materia de ablaci\u00f3n e implante en el pa\u00eds.<\/p>\n<p><iframe loading=\"lazy\" src=\"https:\/\/drive.google.com\/file\/d\/10zwNmA0WJ7jd0f8cD8t6D0K7Fvd-vC9Z\/preview\" width=\"100%\" height=\"480\"><\/iframe><\/p>\n<h2> <\/h2>\n","protected":false},"excerpt":{"rendered":"<p>El Gobierno extendi\u00f3 el \u201cPrograma Nacional de Acceso Equitativo al Trasplante de C\u00f3rneas\u201d fue extendida por seis meses adicionales, seg\u00fan lo dispuesto en la \u00faltima resoluci\u00f3n del Instituto Nacional Central \u00danico Coordinador de Ablaci\u00f3n e Implante (INCUCAI). El programa, instrumentado con el objetivo de mejorar la redistribuci\u00f3n de c\u00f3rneas entre jurisdicciones y optimizar los tiempos&#8230;<\/p>\n","protected":false},"author":1,"featured_media":46079,"comment_status":"open","ping_status":"closed","sticky":false,"template":"","format":"standard","meta":{"_jetpack_memberships_contains_paid_content":false,"footnotes":""},"categories":[31,30,32,77,84,35,36,37],"tags":[],"class_list":["post-46075","post","type-post","status-publish","format-standard","has-post-thumbnail","hentry","category-actualidad","category-argentina","category-economia","category-inseguridad","category-masradios-com","category-nacionales","category-seguridad","category-sociedad"],"magazineBlocksPostFeaturedMedia":{"thumbnail":"https:\/\/lobosnews.com.ar\/wp-content\/uploads\/2026\/04\/prorrogaron-por-seis-meses-el-programa-nacional-de-acceso-equitativo-al-trasplante-de-corneas-2-150x150.jpg","medium":"https:\/\/lobosnews.com.ar\/wp-content\/uploads\/2026\/04\/prorrogaron-por-seis-meses-el-programa-nacional-de-acceso-equitativo-al-trasplante-de-corneas-2-300x168.jpg","medium_large":"https:\/\/lobosnews.com.ar\/wp-content\/uploads\/2026\/04\/prorrogaron-por-seis-meses-el-programa-nacional-de-acceso-equitativo-al-trasplante-de-corneas-2-768x430.jpg","large":"https:\/\/lobosnews.com.ar\/wp-content\/uploads\/2026\/04\/prorrogaron-por-seis-meses-el-programa-nacional-de-acceso-equitativo-al-trasplante-de-corneas-2-1024x574.jpg","1536x1536":"https:\/\/lobosnews.com.ar\/wp-content\/uploads\/2026\/04\/prorrogaron-por-seis-meses-el-programa-nacional-de-acceso-equitativo-al-trasplante-de-corneas-2-1536x861.jpg","2048x2048":"https:\/\/lobosnews.com.ar\/wp-content\/uploads\/2026\/04\/prorrogaron-por-seis-meses-el-programa-nacional-de-acceso-equitativo-al-trasplante-de-corneas-2.jpg","newsmatic-featured":"https:\/\/lobosnews.com.ar\/wp-content\/uploads\/2026\/04\/prorrogaron-por-seis-meses-el-programa-nacional-de-acceso-equitativo-al-trasplante-de-corneas-2-820x545.jpg","newsmatic-list":"https:\/\/lobosnews.com.ar\/wp-content\/uploads\/2026\/04\/prorrogaron-por-seis-meses-el-programa-nacional-de-acceso-equitativo-al-trasplante-de-corneas-2-600x400.jpg","newsmatic-thumb":"https:\/\/lobosnews.com.ar\/wp-content\/uploads\/2026\/04\/prorrogaron-por-seis-meses-el-programa-nacional-de-acceso-equitativo-al-trasplante-de-corneas-2-300x200.jpg","newsmatic-small":"https:\/\/lobosnews.com.ar\/wp-content\/uploads\/2026\/04\/prorrogaron-por-seis-meses-el-programa-nacional-de-acceso-equitativo-al-trasplante-de-corneas-2-150x95.jpg","newsmatic-grid":"https:\/\/lobosnews.com.ar\/wp-content\/uploads\/2026\/04\/prorrogaron-por-seis-meses-el-programa-nacional-de-acceso-equitativo-al-trasplante-de-corneas-2-400x250.jpg"},"magazineBlocksPostAuthor":{"name":"admin","avatar":"https:\/\/secure.gravatar.com\/avatar\/76e419471a2083bc3ceab22a763dbbf9b0c1bd15a6214cf3280e2c2dde4580f9?s=96&d=mm&r=g"},"magazineBlocksPostCommentsNumber":"0","magazineBlocksPostExcerpt":"El Gobierno extendi\u00f3 el \u201cPrograma Nacional de Acceso Equitativo al Trasplante de C\u00f3rneas\u201d fue extendida por seis meses adicionales, seg\u00fan lo dispuesto en la \u00faltima resoluci\u00f3n del Instituto Nacional Central \u00danico Coordinador de Ablaci\u00f3n e Implante (INCUCAI). El programa, instrumentado con el objetivo de mejorar la redistribuci\u00f3n de c\u00f3rneas entre jurisdicciones y optimizar los tiempos...","magazineBlocksPostCategories":["Actualidad","Argentina","econom\u00eda","inseguridad","masradios.com","nacionales","seguridad","sociedad"],"magazineBlocksPostViewCount":1,"magazineBlocksPostReadTime":3,"magazine_blocks_featured_image_url":{"full":["https:\/\/lobosnews.com.ar\/wp-content\/uploads\/2026\/04\/prorrogaron-por-seis-meses-el-programa-nacional-de-acceso-equitativo-al-trasplante-de-corneas-2.jpg",1920,1076,false],"medium":["https:\/\/lobosnews.com.ar\/wp-content\/uploads\/2026\/04\/prorrogaron-por-seis-meses-el-programa-nacional-de-acceso-equitativo-al-trasplante-de-corneas-2-300x168.jpg",300,168,true],"thumbnail":["https:\/\/lobosnews.com.ar\/wp-content\/uploads\/2026\/04\/prorrogaron-por-seis-meses-el-programa-nacional-de-acceso-equitativo-al-trasplante-de-corneas-2-150x150.jpg",150,150,true]},"magazine_blocks_author":{"display_name":"admin","author_link":"https:\/\/lobosnews.com.ar\/index.php\/author\/lobos-news\/"},"magazine_blocks_comment":0,"magazine_blocks_author_image":"https:\/\/secure.gravatar.com\/avatar\/76e419471a2083bc3ceab22a763dbbf9b0c1bd15a6214cf3280e2c2dde4580f9?s=96&d=mm&r=g","magazine_blocks_category":"<a href=\"#\" class=\"category-link category-link-31\">Actualidad<\/a> <a href=\"#\" class=\"category-link category-link-30\">Argentina<\/a> <a href=\"#\" class=\"category-link category-link-32\">econom\u00eda<\/a> <a href=\"#\" class=\"category-link category-link-77\">inseguridad<\/a> <a href=\"#\" class=\"category-link category-link-84\">masradios.com<\/a> <a href=\"#\" class=\"category-link category-link-35\">nacionales<\/a> <a href=\"#\" class=\"category-link category-link-36\">seguridad<\/a> <a href=\"#\" class=\"category-link category-link-37\">sociedad<\/a>","yoast_head":"<!-- This site is optimized with the Yoast SEO plugin v26.6 - https:\/\/yoast.com\/wordpress\/plugins\/seo\/ -->\n<title>Prorrogaron por seis meses el Programa Nacional de Acceso Equitativo al Trasplante de C\u00f3rneas - Lobos News<\/title>\n<meta name=\"robots\" content=\"index, follow, max-snippet:-1, max-image-preview:large, max-video-preview:-1\" \/>\n<link rel=\"canonical\" href=\"https:\/\/lobosnews.com.ar\/index.php\/2026\/04\/27\/prorrogaron-por-seis-meses-el-programa-nacional-de-acceso-equitativo-al-trasplante-de-corneas\/\" \/>\n<meta property=\"og:locale\" content=\"es_ES\" \/>\n<meta property=\"og:type\" content=\"article\" \/>\n<meta property=\"og:title\" content=\"Prorrogaron por seis meses el Programa Nacional de Acceso Equitativo al Trasplante de C\u00f3rneas - Lobos News\" \/>\n<meta property=\"og:description\" content=\"El Gobierno extendi\u00f3 el \u201cPrograma Nacional de Acceso Equitativo al Trasplante de C\u00f3rneas\u201d fue extendida por seis meses adicionales, seg\u00fan lo dispuesto en la \u00faltima resoluci\u00f3n del Instituto Nacional Central \u00danico Coordinador de Ablaci\u00f3n e Implante (INCUCAI). El programa, instrumentado con el objetivo de mejorar la redistribuci\u00f3n de c\u00f3rneas entre jurisdicciones y optimizar los tiempos...\" \/>\n<meta property=\"og:url\" content=\"https:\/\/lobosnews.com.ar\/index.php\/2026\/04\/27\/prorrogaron-por-seis-meses-el-programa-nacional-de-acceso-equitativo-al-trasplante-de-corneas\/\" \/>\n<meta property=\"og:site_name\" content=\"Lobos News\" \/>\n<meta property=\"article:published_time\" content=\"2026-04-27T08:16:30+00:00\" \/>\n<meta property=\"article:modified_time\" content=\"2026-04-27T08:59:09+00:00\" \/>\n<meta property=\"og:image\" content=\"https:\/\/lobosnews.com.ar\/wp-content\/uploads\/2026\/04\/prorrogaron-por-seis-meses-el-programa-nacional-de-acceso-equitativo-al-trasplante-de-corneas.jpg\" \/>\n<meta name=\"author\" content=\"admin\" \/>\n<meta name=\"twitter:card\" content=\"summary_large_image\" \/>\n<meta name=\"twitter:label1\" content=\"Escrito por\" \/>\n\t<meta name=\"twitter:data1\" content=\"admin\" \/>\n\t<meta name=\"twitter:label2\" content=\"Tiempo de lectura\" \/>\n\t<meta name=\"twitter:data2\" content=\"3 minutos\" \/>\n<script type=\"application\/ld+json\" class=\"yoast-schema-graph\">{\"@context\":\"https:\/\/schema.org\",\"@graph\":[{\"@type\":\"Article\",\"@id\":\"https:\/\/lobosnews.com.ar\/index.php\/2026\/04\/27\/prorrogaron-por-seis-meses-el-programa-nacional-de-acceso-equitativo-al-trasplante-de-corneas\/#article\",\"isPartOf\":{\"@id\":\"https:\/\/lobosnews.com.ar\/index.php\/2026\/04\/27\/prorrogaron-por-seis-meses-el-programa-nacional-de-acceso-equitativo-al-trasplante-de-corneas\/\"},\"author\":{\"name\":\"admin\",\"@id\":\"https:\/\/lobosnews.com.ar\/#\/schema\/person\/232422a593d5c541dd9aef6aaed10943\"},\"headline\":\"Prorrogaron por seis meses el Programa Nacional de Acceso Equitativo al Trasplante de C\u00f3rneas\",\"datePublished\":\"2026-04-27T08:16:30+00:00\",\"dateModified\":\"2026-04-27T08:59:09+00:00\",\"mainEntityOfPage\":{\"@id\":\"https:\/\/lobosnews.com.ar\/index.php\/2026\/04\/27\/prorrogaron-por-seis-meses-el-programa-nacional-de-acceso-equitativo-al-trasplante-de-corneas\/\"},\"wordCount\":585,\"commentCount\":0,\"publisher\":{\"@id\":\"https:\/\/lobosnews.com.ar\/#organization\"},\"image\":{\"@id\":\"https:\/\/lobosnews.com.ar\/index.php\/2026\/04\/27\/prorrogaron-por-seis-meses-el-programa-nacional-de-acceso-equitativo-al-trasplante-de-corneas\/#primaryimage\"},\"thumbnailUrl\":\"https:\/\/lobosnews.com.ar\/wp-content\/uploads\/2026\/04\/prorrogaron-por-seis-meses-el-programa-nacional-de-acceso-equitativo-al-trasplante-de-corneas-2.jpg\",\"articleSection\":[\"Actualidad\",\"Argentina\",\"econom\u00eda\",\"inseguridad\",\"masradios.com\",\"nacionales\",\"seguridad\",\"sociedad\"],\"inLanguage\":\"es\",\"potentialAction\":[{\"@type\":\"CommentAction\",\"name\":\"Comment\",\"target\":[\"https:\/\/lobosnews.com.ar\/index.php\/2026\/04\/27\/prorrogaron-por-seis-meses-el-programa-nacional-de-acceso-equitativo-al-trasplante-de-corneas\/#respond\"]}]},{\"@type\":\"WebPage\",\"@id\":\"https:\/\/lobosnews.com.ar\/index.php\/2026\/04\/27\/prorrogaron-por-seis-meses-el-programa-nacional-de-acceso-equitativo-al-trasplante-de-corneas\/\",\"url\":\"https:\/\/lobosnews.com.ar\/index.php\/2026\/04\/27\/prorrogaron-por-seis-meses-el-programa-nacional-de-acceso-equitativo-al-trasplante-de-corneas\/\",\"name\":\"Prorrogaron por seis meses el Programa Nacional de Acceso Equitativo al Trasplante de C\u00f3rneas - Lobos News\",\"isPartOf\":{\"@id\":\"https:\/\/lobosnews.com.ar\/#website\"},\"primaryImageOfPage\":{\"@id\":\"https:\/\/lobosnews.com.ar\/index.php\/2026\/04\/27\/prorrogaron-por-seis-meses-el-programa-nacional-de-acceso-equitativo-al-trasplante-de-corneas\/#primaryimage\"},\"image\":{\"@id\":\"https:\/\/lobosnews.com.ar\/index.php\/2026\/04\/27\/prorrogaron-por-seis-meses-el-programa-nacional-de-acceso-equitativo-al-trasplante-de-corneas\/#primaryimage\"},\"thumbnailUrl\":\"https:\/\/lobosnews.com.ar\/wp-content\/uploads\/2026\/04\/prorrogaron-por-seis-meses-el-programa-nacional-de-acceso-equitativo-al-trasplante-de-corneas-2.jpg\",\"datePublished\":\"2026-04-27T08:16:30+00:00\",\"dateModified\":\"2026-04-27T08:59:09+00:00\",\"breadcrumb\":{\"@id\":\"https:\/\/lobosnews.com.ar\/index.php\/2026\/04\/27\/prorrogaron-por-seis-meses-el-programa-nacional-de-acceso-equitativo-al-trasplante-de-corneas\/#breadcrumb\"},\"inLanguage\":\"es\",\"potentialAction\":[{\"@type\":\"ReadAction\",\"target\":[\"https:\/\/lobosnews.com.ar\/index.php\/2026\/04\/27\/prorrogaron-por-seis-meses-el-programa-nacional-de-acceso-equitativo-al-trasplante-de-corneas\/\"]}]},{\"@type\":\"ImageObject\",\"inLanguage\":\"es\",\"@id\":\"https:\/\/lobosnews.com.ar\/index.php\/2026\/04\/27\/prorrogaron-por-seis-meses-el-programa-nacional-de-acceso-equitativo-al-trasplante-de-corneas\/#primaryimage\",\"url\":\"https:\/\/lobosnews.com.ar\/wp-content\/uploads\/2026\/04\/prorrogaron-por-seis-meses-el-programa-nacional-de-acceso-equitativo-al-trasplante-de-corneas-2.jpg\",\"contentUrl\":\"https:\/\/lobosnews.com.ar\/wp-content\/uploads\/2026\/04\/prorrogaron-por-seis-meses-el-programa-nacional-de-acceso-equitativo-al-trasplante-de-corneas-2.jpg\",\"width\":1920,\"height\":1076,\"caption\":\"Prorrogaron por seis meses el Programa Nacional de Acceso Equitativo al Trasplante de C\u00f3rneas\"},{\"@type\":\"BreadcrumbList\",\"@id\":\"https:\/\/lobosnews.com.ar\/index.php\/2026\/04\/27\/prorrogaron-por-seis-meses-el-programa-nacional-de-acceso-equitativo-al-trasplante-de-corneas\/#breadcrumb\",\"itemListElement\":[{\"@type\":\"ListItem\",\"position\":1,\"name\":\"Portada\",\"item\":\"https:\/\/lobosnews.com.ar\/\"},{\"@type\":\"ListItem\",\"position\":2,\"name\":\"Prorrogaron por seis meses el Programa Nacional de Acceso Equitativo al Trasplante de C\u00f3rneas\"}]},{\"@type\":\"WebSite\",\"@id\":\"https:\/\/lobosnews.com.ar\/#website\",\"url\":\"https:\/\/lobosnews.com.ar\/\",\"name\":\"Lobos News\",\"description\":\"Informaci\u00f3n a cada instante\",\"publisher\":{\"@id\":\"https:\/\/lobosnews.com.ar\/#organization\"},\"potentialAction\":[{\"@type\":\"SearchAction\",\"target\":{\"@type\":\"EntryPoint\",\"urlTemplate\":\"https:\/\/lobosnews.com.ar\/?s={search_term_string}\"},\"query-input\":{\"@type\":\"PropertyValueSpecification\",\"valueRequired\":true,\"valueName\":\"search_term_string\"}}],\"inLanguage\":\"es\"},{\"@type\":\"Organization\",\"@id\":\"https:\/\/lobosnews.com.ar\/#organization\",\"name\":\"Lobos News\",\"url\":\"https:\/\/lobosnews.com.ar\/\",\"logo\":{\"@type\":\"ImageObject\",\"inLanguage\":\"es\",\"@id\":\"https:\/\/lobosnews.com.ar\/#\/schema\/logo\/image\/\",\"url\":\"https:\/\/lobosnews.com.ar\/wp-content\/uploads\/2026\/01\/logo-lobosnews.png\",\"contentUrl\":\"https:\/\/lobosnews.com.ar\/wp-content\/uploads\/2026\/01\/logo-lobosnews.png\",\"width\":500,\"height\":200,\"caption\":\"Lobos News\"},\"image\":{\"@id\":\"https:\/\/lobosnews.com.ar\/#\/schema\/logo\/image\/\"}},{\"@type\":\"Person\",\"@id\":\"https:\/\/lobosnews.com.ar\/#\/schema\/person\/232422a593d5c541dd9aef6aaed10943\",\"name\":\"admin\",\"image\":{\"@type\":\"ImageObject\",\"inLanguage\":\"es\",\"@id\":\"https:\/\/lobosnews.com.ar\/#\/schema\/person\/image\/\",\"url\":\"https:\/\/secure.gravatar.com\/avatar\/76e419471a2083bc3ceab22a763dbbf9b0c1bd15a6214cf3280e2c2dde4580f9?s=96&d=mm&r=g\",\"contentUrl\":\"https:\/\/secure.gravatar.com\/avatar\/76e419471a2083bc3ceab22a763dbbf9b0c1bd15a6214cf3280e2c2dde4580f9?s=96&d=mm&r=g\",\"caption\":\"admin\"},\"sameAs\":[\"https:\/\/lobosnews.com.ar\"],\"url\":\"https:\/\/lobosnews.com.ar\/index.php\/author\/lobos-news\/\"}]}<\/script>\n<!-- \/ Yoast SEO plugin. -->","yoast_head_json":{"title":"Prorrogaron por seis meses el Programa Nacional de Acceso Equitativo al Trasplante de C\u00f3rneas - Lobos News","robots":{"index":"index","follow":"follow","max-snippet":"max-snippet:-1","max-image-preview":"max-image-preview:large","max-video-preview":"max-video-preview:-1"},"canonical":"https:\/\/lobosnews.com.ar\/index.php\/2026\/04\/27\/prorrogaron-por-seis-meses-el-programa-nacional-de-acceso-equitativo-al-trasplante-de-corneas\/","og_locale":"es_ES","og_type":"article","og_title":"Prorrogaron por seis meses el Programa Nacional de Acceso Equitativo al Trasplante de C\u00f3rneas - Lobos News","og_description":"El Gobierno extendi\u00f3 el \u201cPrograma Nacional de Acceso Equitativo al Trasplante de C\u00f3rneas\u201d fue extendida por seis meses adicionales, seg\u00fan lo dispuesto en la \u00faltima resoluci\u00f3n del Instituto Nacional Central \u00danico Coordinador de Ablaci\u00f3n e Implante (INCUCAI). El programa, instrumentado con el objetivo de mejorar la redistribuci\u00f3n de c\u00f3rneas entre jurisdicciones y optimizar los tiempos...","og_url":"https:\/\/lobosnews.com.ar\/index.php\/2026\/04\/27\/prorrogaron-por-seis-meses-el-programa-nacional-de-acceso-equitativo-al-trasplante-de-corneas\/","og_site_name":"Lobos News","article_published_time":"2026-04-27T08:16:30+00:00","article_modified_time":"2026-04-27T08:59:09+00:00","og_image":[{"url":"https:\/\/lobosnews.com.ar\/wp-content\/uploads\/2026\/04\/prorrogaron-por-seis-meses-el-programa-nacional-de-acceso-equitativo-al-trasplante-de-corneas.jpg","type":"","width":"","height":""}],"author":"admin","twitter_card":"summary_large_image","twitter_misc":{"Escrito por":"admin","Tiempo de lectura":"3 minutos"},"schema":{"@context":"https:\/\/schema.org","@graph":[{"@type":"Article","@id":"https:\/\/lobosnews.com.ar\/index.php\/2026\/04\/27\/prorrogaron-por-seis-meses-el-programa-nacional-de-acceso-equitativo-al-trasplante-de-corneas\/#article","isPartOf":{"@id":"https:\/\/lobosnews.com.ar\/index.php\/2026\/04\/27\/prorrogaron-por-seis-meses-el-programa-nacional-de-acceso-equitativo-al-trasplante-de-corneas\/"},"author":{"name":"admin","@id":"https:\/\/lobosnews.com.ar\/#\/schema\/person\/232422a593d5c541dd9aef6aaed10943"},"headline":"Prorrogaron por seis meses el Programa Nacional de Acceso Equitativo al Trasplante de C\u00f3rneas","datePublished":"2026-04-27T08:16:30+00:00","dateModified":"2026-04-27T08:59:09+00:00","mainEntityOfPage":{"@id":"https:\/\/lobosnews.com.ar\/index.php\/2026\/04\/27\/prorrogaron-por-seis-meses-el-programa-nacional-de-acceso-equitativo-al-trasplante-de-corneas\/"},"wordCount":585,"commentCount":0,"publisher":{"@id":"https:\/\/lobosnews.com.ar\/#organization"},"image":{"@id":"https:\/\/lobosnews.com.ar\/index.php\/2026\/04\/27\/prorrogaron-por-seis-meses-el-programa-nacional-de-acceso-equitativo-al-trasplante-de-corneas\/#primaryimage"},"thumbnailUrl":"https:\/\/lobosnews.com.ar\/wp-content\/uploads\/2026\/04\/prorrogaron-por-seis-meses-el-programa-nacional-de-acceso-equitativo-al-trasplante-de-corneas-2.jpg","articleSection":["Actualidad","Argentina","econom\u00eda","inseguridad","masradios.com","nacionales","seguridad","sociedad"],"inLanguage":"es","potentialAction":[{"@type":"CommentAction","name":"Comment","target":["https:\/\/lobosnews.com.ar\/index.php\/2026\/04\/27\/prorrogaron-por-seis-meses-el-programa-nacional-de-acceso-equitativo-al-trasplante-de-corneas\/#respond"]}]},{"@type":"WebPage","@id":"https:\/\/lobosnews.com.ar\/index.php\/2026\/04\/27\/prorrogaron-por-seis-meses-el-programa-nacional-de-acceso-equitativo-al-trasplante-de-corneas\/","url":"https:\/\/lobosnews.com.ar\/index.php\/2026\/04\/27\/prorrogaron-por-seis-meses-el-programa-nacional-de-acceso-equitativo-al-trasplante-de-corneas\/","name":"Prorrogaron por seis meses el Programa Nacional de Acceso Equitativo al Trasplante de C\u00f3rneas - Lobos News","isPartOf":{"@id":"https:\/\/lobosnews.com.ar\/#website"},"primaryImageOfPage":{"@id":"https:\/\/lobosnews.com.ar\/index.php\/2026\/04\/27\/prorrogaron-por-seis-meses-el-programa-nacional-de-acceso-equitativo-al-trasplante-de-corneas\/#primaryimage"},"image":{"@id":"https:\/\/lobosnews.com.ar\/index.php\/2026\/04\/27\/prorrogaron-por-seis-meses-el-programa-nacional-de-acceso-equitativo-al-trasplante-de-corneas\/#primaryimage"},"thumbnailUrl":"https:\/\/lobosnews.com.ar\/wp-content\/uploads\/2026\/04\/prorrogaron-por-seis-meses-el-programa-nacional-de-acceso-equitativo-al-trasplante-de-corneas-2.jpg","datePublished":"2026-04-27T08:16:30+00:00","dateModified":"2026-04-27T08:59:09+00:00","breadcrumb":{"@id":"https:\/\/lobosnews.com.ar\/index.php\/2026\/04\/27\/prorrogaron-por-seis-meses-el-programa-nacional-de-acceso-equitativo-al-trasplante-de-corneas\/#breadcrumb"},"inLanguage":"es","potentialAction":[{"@type":"ReadAction","target":["https:\/\/lobosnews.com.ar\/index.php\/2026\/04\/27\/prorrogaron-por-seis-meses-el-programa-nacional-de-acceso-equitativo-al-trasplante-de-corneas\/"]}]},{"@type":"ImageObject","inLanguage":"es","@id":"https:\/\/lobosnews.com.ar\/index.php\/2026\/04\/27\/prorrogaron-por-seis-meses-el-programa-nacional-de-acceso-equitativo-al-trasplante-de-corneas\/#primaryimage","url":"https:\/\/lobosnews.com.ar\/wp-content\/uploads\/2026\/04\/prorrogaron-por-seis-meses-el-programa-nacional-de-acceso-equitativo-al-trasplante-de-corneas-2.jpg","contentUrl":"https:\/\/lobosnews.com.ar\/wp-content\/uploads\/2026\/04\/prorrogaron-por-seis-meses-el-programa-nacional-de-acceso-equitativo-al-trasplante-de-corneas-2.jpg","width":1920,"height":1076,"caption":"Prorrogaron por seis meses el Programa Nacional de Acceso Equitativo al Trasplante de C\u00f3rneas"},{"@type":"BreadcrumbList","@id":"https:\/\/lobosnews.com.ar\/index.php\/2026\/04\/27\/prorrogaron-por-seis-meses-el-programa-nacional-de-acceso-equitativo-al-trasplante-de-corneas\/#breadcrumb","itemListElement":[{"@type":"ListItem","position":1,"name":"Portada","item":"https:\/\/lobosnews.com.ar\/"},{"@type":"ListItem","position":2,"name":"Prorrogaron por seis meses el Programa Nacional de Acceso Equitativo al Trasplante de C\u00f3rneas"}]},{"@type":"WebSite","@id":"https:\/\/lobosnews.com.ar\/#website","url":"https:\/\/lobosnews.com.ar\/","name":"Lobos News","description":"Informaci\u00f3n a cada instante","publisher":{"@id":"https:\/\/lobosnews.com.ar\/#organization"},"potentialAction":[{"@type":"SearchAction","target":{"@type":"EntryPoint","urlTemplate":"https:\/\/lobosnews.com.ar\/?s={search_term_string}"},"query-input":{"@type":"PropertyValueSpecification","valueRequired":true,"valueName":"search_term_string"}}],"inLanguage":"es"},{"@type":"Organization","@id":"https:\/\/lobosnews.com.ar\/#organization","name":"Lobos News","url":"https:\/\/lobosnews.com.ar\/","logo":{"@type":"ImageObject","inLanguage":"es","@id":"https:\/\/lobosnews.com.ar\/#\/schema\/logo\/image\/","url":"https:\/\/lobosnews.com.ar\/wp-content\/uploads\/2026\/01\/logo-lobosnews.png","contentUrl":"https:\/\/lobosnews.com.ar\/wp-content\/uploads\/2026\/01\/logo-lobosnews.png","width":500,"height":200,"caption":"Lobos News"},"image":{"@id":"https:\/\/lobosnews.com.ar\/#\/schema\/logo\/image\/"}},{"@type":"Person","@id":"https:\/\/lobosnews.com.ar\/#\/schema\/person\/232422a593d5c541dd9aef6aaed10943","name":"admin","image":{"@type":"ImageObject","inLanguage":"es","@id":"https:\/\/lobosnews.com.ar\/#\/schema\/person\/image\/","url":"https:\/\/secure.gravatar.com\/avatar\/76e419471a2083bc3ceab22a763dbbf9b0c1bd15a6214cf3280e2c2dde4580f9?s=96&d=mm&r=g","contentUrl":"https:\/\/secure.gravatar.com\/avatar\/76e419471a2083bc3ceab22a763dbbf9b0c1bd15a6214cf3280e2c2dde4580f9?s=96&d=mm&r=g","caption":"admin"},"sameAs":["https:\/\/lobosnews.com.ar"],"url":"https:\/\/lobosnews.com.ar\/index.php\/author\/lobos-news\/"}]}},"jetpack_featured_media_url":"https:\/\/lobosnews.com.ar\/wp-content\/uploads\/2026\/04\/prorrogaron-por-seis-meses-el-programa-nacional-de-acceso-equitativo-al-trasplante-de-corneas-2.jpg","jetpack_sharing_enabled":true,"_links":{"self":[{"href":"https:\/\/lobosnews.com.ar\/index.php\/wp-json\/wp\/v2\/posts\/46075","targetHints":{"allow":["GET"]}}],"collection":[{"href":"https:\/\/lobosnews.com.ar\/index.php\/wp-json\/wp\/v2\/posts"}],"about":[{"href":"https:\/\/lobosnews.com.ar\/index.php\/wp-json\/wp\/v2\/types\/post"}],"author":[{"embeddable":true,"href":"https:\/\/lobosnews.com.ar\/index.php\/wp-json\/wp\/v2\/users\/1"}],"replies":[{"embeddable":true,"href":"https:\/\/lobosnews.com.ar\/index.php\/wp-json\/wp\/v2\/comments?post=46075"}],"version-history":[{"count":1,"href":"https:\/\/lobosnews.com.ar\/index.php\/wp-json\/wp\/v2\/posts\/46075\/revisions"}],"predecessor-version":[{"id":46078,"href":"https:\/\/lobosnews.com.ar\/index.php\/wp-json\/wp\/v2\/posts\/46075\/revisions\/46078"}],"wp:featuredmedia":[{"embeddable":true,"href":"https:\/\/lobosnews.com.ar\/index.php\/wp-json\/wp\/v2\/media\/46079"}],"wp:attachment":[{"href":"https:\/\/lobosnews.com.ar\/index.php\/wp-json\/wp\/v2\/media?parent=46075"}],"wp:term":[{"taxonomy":"category","embeddable":true,"href":"https:\/\/lobosnews.com.ar\/index.php\/wp-json\/wp\/v2\/categories?post=46075"},{"taxonomy":"post_tag","embeddable":true,"href":"https:\/\/lobosnews.com.ar\/index.php\/wp-json\/wp\/v2\/tags?post=46075"}],"curies":[{"name":"wp","href":"https:\/\/api.w.org\/{rel}","templated":true}]}}