{"id":46065,"date":"2026-04-27T05:00:00","date_gmt":"2026-04-27T05:00:00","guid":{"rendered":"https:\/\/lobosnews.com.ar\/index.php\/2026\/04\/27\/cuales-son-las-vacunas-del-calendario-nacional-en-argentina-y-por-que-son-fundamentales-para-la-salud-publica-2\/"},"modified":"2026-04-27T08:50:36","modified_gmt":"2026-04-27T08:50:36","slug":"cuales-son-las-vacunas-del-calendario-nacional-en-argentina-y-por-que-son-fundamentales-para-la-salud-publica-2","status":"publish","type":"post","link":"https:\/\/lobosnews.com.ar\/index.php\/2026\/04\/27\/cuales-son-las-vacunas-del-calendario-nacional-en-argentina-y-por-que-son-fundamentales-para-la-salud-publica-2\/","title":{"rendered":"Cu\u00e1les son las vacunas del Calendario Nacional en Argentina y por qu\u00e9 son fundamentales para la salud p\u00fablica"},"content":{"rendered":"<p><img loading=\"lazy\" decoding=\"async\" src=\"https:\/\/lobosnews.com.ar\/wp-content\/uploads\/2026\/04\/cuales-son-las-vacunas-del-calendario-nacional-en-argentina-y-por-que-son-fundamentales-para-la-salud-publica-2.jpg\" alt=\"El Calendario Nacional de Vacunaci\u00f3n incluye inmunizaciones gratuitas y obligatorias para todas las edades (Freepik)\" height=\"1080\" width=\"1920\"\/><\/p>\n<p><b>Las vacunas<\/b> del calendario nacional en Argentina son una herramienta de salud p\u00fablica esencial, que previenen m\u00e1s de <b>30 enfermedades.<\/b><\/p>\n<p><b>A nivel global, la inmunizaci\u00f3n <\/b>contribuy\u00f3 a salvar m\u00e1s de <b>150 millones de vidas<\/b> en los \u00faltimos 50 a\u00f1os, seg\u00fan la <b>Organizaci\u00f3n Mundial de la Salud (OMS)<\/b>. <\/p>\n<p>Los especialistas coinciden en que <b>la cobertura adecuada es indispensable para evitar la reemergencia de enfermedades eliminadas, como sarampi\u00f3n, poliomielitis o hepatitis A<\/b>, y proteger a la poblaci\u00f3n en todas las etapas de la vida.<\/p>\n<h2>\u00bfCu\u00e1les son las vacunas obligatorias seg\u00fan el Calendario Nacional por edad y grupo de riesgo?<\/h2>\n<p><img loading=\"lazy\" decoding=\"async\" src=\"https:\/\/lobosnews.com.ar\/wp-content\/uploads\/2026\/04\/cuales-son-las-vacunas-del-calendario-nacional-en-argentina-y-por-que-son-fundamentales-para-la-salud-publica-3.jpg\" alt=\"Las dosis esenciales se aplican en hospitales y centros de salud p\u00fablicos de todo el pa\u00eds (Freepik)\" height=\"1080\" width=\"1920\"\/><\/p>\n<p>El <b>Calendario Nacional de Vacunaci\u00f3n<\/b> establece la aplicaci\u00f3n gratuita y obligatoria de una serie de vacunas desde el nacimiento hasta la adultez.<\/p>\n<ul>\n<li><b>Reci\u00e9n nacidos:<\/b>&nbsp;hepatitis B (en las primeras 12 horas de vida) y BCG (antes del egreso de la maternidad).<\/li>\n<li><b>Primer a\u00f1o de vida:<\/b>&nbsp;rotavirus (2 y 4 meses), qu\u00edntuple (difteria, t\u00e9tanos, tos convulsa, Haemophilus influenzae tipo b y poliomielitis), IPV, neumococo conjugada, meningococo, antigripal (a partir de los 6 meses).<\/li>\n<li><b>12 a 18 meses:<\/b>&nbsp;triple viral (sarampi\u00f3n, rub\u00e9ola y paperas), hepatitis A, meningococo (refuerzo), varicela, fiebre amarilla (a los 18 meses en zonas de riesgo).<\/li>\n<li><b>Hasta los 2 a\u00f1os:<\/b>&nbsp;completar esquemas de todas las dosis anteriores.<\/li>\n<li><b>Embarazo:<\/b>&nbsp;antigripal (en cualquier trimestre), triple bacteriana acelular (a partir de la semana 20), virus sincicial respiratorio (entre las semanas 32 y 36,6).<\/li>\n<li><b>Adolescencia:<\/b>&nbsp;VPH, refuerzos indicados seg\u00fan calendario.<\/li>\n<li><b>Adultos y mayores de 65 a\u00f1os:<\/b>&nbsp;antigripal anual, neumococo conjugada, doble bacteriana (refuerzo cada 10 a\u00f1os), fiebre hemorr\u00e1gica argentina (en zonas end\u00e9micas). Todas las vacunas mencionadas son obligatorias, gratuitas y forman parte del calendario nacional.<\/li>\n<\/ul>\n<h2>\u00bfCu\u00e1les son los cambios recientes en el calendario y consideraciones para 2026?<\/h2>\n<p><img loading=\"lazy\" decoding=\"async\" src=\"https:\/\/lobosnews.com.ar\/wp-content\/uploads\/2026\/04\/cuales-son-las-vacunas-del-calendario-nacional-en-argentina-y-por-que-son-fundamentales-para-la-salud-publica-5.jpg\" alt=\"Las embarazadas reciben vacunas espec\u00edficas para proteger a sus hijos desde el nacimiento (Imagen Ilustrativa Infobae)\" height=\"816\" width=\"1456\"\/><\/p>\n<p>La <b>Sociedad Argentina de Pediatr\u00eda<\/b> (SAP) actualiz\u00f3 el esquema de la vacuna <b>triple viral<\/b>: la primera dosis se aplica a los 12 meses y la segunda entre los 15 y 18 meses para los nacidos desde el 1 de julio de 2024. Para las cohortes anteriores, el refuerzo se mantiene a los cinco a\u00f1os de edad. <\/p>\n<p><b>Desde enero de 2026, se incorpor\u00f3 la vacunaci\u00f3n materna contra el virus sincicial respiratorio<\/b>, principal causante de bronquiolitis en menores de un a\u00f1o. Esta estrategia se dirige a embarazadas entre las semanas 32 y 36,6 de gestaci\u00f3n, con el objetivo de reducir hospitalizaciones y muertes prevenibles en lactantes.<\/p>\n<h2>\u00bfPor qu\u00e9 preocupa la baja cobertura y cu\u00e1les son los riesgos sanitarios?<\/h2>\n<p><img loading=\"lazy\" decoding=\"async\" src=\"https:\/\/lobosnews.com.ar\/wp-content\/uploads\/2026\/04\/cuales-son-las-vacunas-del-calendario-nacional-en-argentina-y-por-que-son-fundamentales-para-la-salud-publica-6.jpg\" alt=\"El refuerzo de la triple viral es fundamental para evitar brotes de sarampi\u00f3n, rub\u00e9ola y paperas (Imagen Ilustrativa Infobae)\" height=\"768\" width=\"1408\"\/><\/p>\n<p>Seg\u00fan datos de la SAP, <b>en 2024 ninguna de las vacunas evaluadas alcanz\u00f3 la meta program\u00e1tica del 95% necesaria para asegurar la inmunidad colectiva<\/b>. La cobertura de la <b>triple viral<\/b> a los cinco a\u00f1os cay\u00f3 al <b>46%<\/b>, la de poliomielitis a <b>47%<\/b> y la de VPH en adolescentes se ubic\u00f3 entre el <b>51% y el 55%<\/b>. El descenso es especialmente alarmante en el primer a\u00f1o de vida, en embarazadas y en la adolescencia. <\/p>\n<p>Esta ca\u00edda de la cobertura incrementa el riesgo de reaparici\u00f3n de enfermedades eliminadas y compromete la protecci\u00f3n de la comunidad. <b>La SAP advirti\u00f3 que el pa\u00eds est\u00e1 ante \u201cun escenario de fragilidad inmunol\u00f3gica colectiva\u201d<\/b>, con brotes recientes de coqueluche y cinco ni\u00f1os fallecidos notificados en 2025.<\/p>\n<p>El <b>Ministerio de Salud<\/b> y la <b>Organizaci\u00f3n Panamericana de la Salud (OPS)<\/b> establecieron un cronograma actualizado y transparente de entregas, adaptado al complejo contexto internacional. Las demoras obedecen, en parte, a restricciones log\u00edsticas derivadas de la crisis en Medio Oriente, el cierre de espacios a\u00e9reos y portuarios, y la escasez de combustibles, seg\u00fan inform\u00f3 la cartera sanitaria en un comunicado, en el que adem\u00e1s hizo saber que<b> el abastecimiento de vacunas comenzar\u00e1 a normalizarse en la pr\u00f3xima semana<\/b> y se actualizar\u00e1n peri\u00f3dicamente las fechas y avances de los env\u00edos para brindar previsibilidad a las jurisdicciones y la ciudadan\u00eda.<\/p>\n<h2>\u00bfQu\u00e9 recomiendan los especialistas para recuperar las coberturas?<\/h2>\n<p>La <b>Sociedad Argentina de Pediatr\u00eda<\/b> y expertos como <b>Eduardo L\u00f3pez<\/b> insisten en la necesidad de recuperar activamente a la poblaci\u00f3n con esquemas incompletos, ampliar los horarios de los vacunatorios, capacitar continuamente al equipo de salud y fortalecer las campa\u00f1as de comunicaci\u00f3n p\u00fablica para restaurar la confianza en la vacunaci\u00f3n. <\/p>\n<p>\u201c<b>Las vacunas son una herramienta probada, segura y eficaz.<\/b> Representan un derecho para la infancia y una obligaci\u00f3n del Estado. Es clave fortalecer las estrategias de acceso y de informaci\u00f3n para garantizar la vacunaci\u00f3n efectiva de toda la poblaci\u00f3n\u201d, enfatiz\u00f3 en una nota a <span class=\"waslinkname\"><b>Infobae<\/b><\/span> la doctora<b> Alejandra Gaiano<\/b>, prosecretaria del Comit\u00e9 de Infectolog\u00eda de la SAP.<\/p>\n","protected":false},"excerpt":{"rendered":"<p>Las vacunas del calendario nacional en Argentina son una herramienta de salud p\u00fablica esencial, que previenen m\u00e1s de 30 enfermedades. A nivel global, la inmunizaci\u00f3n contribuy\u00f3 a salvar m\u00e1s de 150 millones de vidas en los \u00faltimos 50 a\u00f1os, seg\u00fan la Organizaci\u00f3n Mundial de la Salud (OMS). Los especialistas coinciden en que la cobertura adecuada&#8230;<\/p>\n","protected":false},"author":1,"featured_media":46074,"comment_status":"open","ping_status":"closed","sticky":false,"template":"","format":"standard","meta":{"_jetpack_memberships_contains_paid_content":false,"footnotes":""},"categories":[81],"tags":[],"class_list":["post-46065","post","type-post","status-publish","format-standard","has-post-thumbnail","hentry","category-salud"],"magazineBlocksPostFeaturedMedia":{"thumbnail":"https:\/\/lobosnews.com.ar\/wp-content\/uploads\/2026\/04\/cuales-son-las-vacunas-del-calendario-nacional-en-argentina-y-por-que-son-fundamentales-para-la-salud-publica-12-150x150.jpg","medium":"https:\/\/lobosnews.com.ar\/wp-content\/uploads\/2026\/04\/cuales-son-las-vacunas-del-calendario-nacional-en-argentina-y-por-que-son-fundamentales-para-la-salud-publica-12-300x164.jpg","medium_large":"https:\/\/lobosnews.com.ar\/wp-content\/uploads\/2026\/04\/cuales-son-las-vacunas-del-calendario-nacional-en-argentina-y-por-que-son-fundamentales-para-la-salud-publica-12-768x419.jpg","large":"https:\/\/lobosnews.com.ar\/wp-content\/uploads\/2026\/04\/cuales-son-las-vacunas-del-calendario-nacional-en-argentina-y-por-que-son-fundamentales-para-la-salud-publica-12-1024x559.jpg","1536x1536":"https:\/\/lobosnews.com.ar\/wp-content\/uploads\/2026\/04\/cuales-son-las-vacunas-del-calendario-nacional-en-argentina-y-por-que-son-fundamentales-para-la-salud-publica-12.jpg","2048x2048":"https:\/\/lobosnews.com.ar\/wp-content\/uploads\/2026\/04\/cuales-son-las-vacunas-del-calendario-nacional-en-argentina-y-por-que-son-fundamentales-para-la-salud-publica-12.jpg","newsmatic-featured":"https:\/\/lobosnews.com.ar\/wp-content\/uploads\/2026\/04\/cuales-son-las-vacunas-del-calendario-nacional-en-argentina-y-por-que-son-fundamentales-para-la-salud-publica-12-820x545.jpg","newsmatic-list":"https:\/\/lobosnews.com.ar\/wp-content\/uploads\/2026\/04\/cuales-son-las-vacunas-del-calendario-nacional-en-argentina-y-por-que-son-fundamentales-para-la-salud-publica-12-600x400.jpg","newsmatic-thumb":"https:\/\/lobosnews.com.ar\/wp-content\/uploads\/2026\/04\/cuales-son-las-vacunas-del-calendario-nacional-en-argentina-y-por-que-son-fundamentales-para-la-salud-publica-12-300x200.jpg","newsmatic-small":"https:\/\/lobosnews.com.ar\/wp-content\/uploads\/2026\/04\/cuales-son-las-vacunas-del-calendario-nacional-en-argentina-y-por-que-son-fundamentales-para-la-salud-publica-12-150x95.jpg","newsmatic-grid":"https:\/\/lobosnews.com.ar\/wp-content\/uploads\/2026\/04\/cuales-son-las-vacunas-del-calendario-nacional-en-argentina-y-por-que-son-fundamentales-para-la-salud-publica-12-400x250.jpg"},"magazineBlocksPostAuthor":{"name":"admin","avatar":"https:\/\/secure.gravatar.com\/avatar\/76e419471a2083bc3ceab22a763dbbf9b0c1bd15a6214cf3280e2c2dde4580f9?s=96&d=mm&r=g"},"magazineBlocksPostCommentsNumber":"0","magazineBlocksPostExcerpt":"Las vacunas del calendario nacional en Argentina son una herramienta de salud p\u00fablica esencial, que previenen m\u00e1s de 30 enfermedades. A nivel global, la inmunizaci\u00f3n contribuy\u00f3 a salvar m\u00e1s de 150 millones de vidas en los \u00faltimos 50 a\u00f1os, seg\u00fan la Organizaci\u00f3n Mundial de la Salud (OMS). Los especialistas coinciden en que la cobertura adecuada...","magazineBlocksPostCategories":["Salud"],"magazineBlocksPostViewCount":9,"magazineBlocksPostReadTime":4,"magazine_blocks_featured_image_url":{"full":["https:\/\/lobosnews.com.ar\/wp-content\/uploads\/2026\/04\/cuales-son-las-vacunas-del-calendario-nacional-en-argentina-y-por-que-son-fundamentales-para-la-salud-publica-12.jpg",1408,768,false],"medium":["https:\/\/lobosnews.com.ar\/wp-content\/uploads\/2026\/04\/cuales-son-las-vacunas-del-calendario-nacional-en-argentina-y-por-que-son-fundamentales-para-la-salud-publica-12-300x164.jpg",300,164,true],"thumbnail":["https:\/\/lobosnews.com.ar\/wp-content\/uploads\/2026\/04\/cuales-son-las-vacunas-del-calendario-nacional-en-argentina-y-por-que-son-fundamentales-para-la-salud-publica-12-150x150.jpg",150,150,true]},"magazine_blocks_author":{"display_name":"admin","author_link":"https:\/\/lobosnews.com.ar\/index.php\/author\/lobos-news\/"},"magazine_blocks_comment":0,"magazine_blocks_author_image":"https:\/\/secure.gravatar.com\/avatar\/76e419471a2083bc3ceab22a763dbbf9b0c1bd15a6214cf3280e2c2dde4580f9?s=96&d=mm&r=g","magazine_blocks_category":"<a href=\"#\" class=\"category-link category-link-81\">Salud<\/a>","yoast_head":"<!-- This site is optimized with the Yoast SEO plugin v26.6 - https:\/\/yoast.com\/wordpress\/plugins\/seo\/ -->\n<title>Cu\u00e1les son las vacunas del Calendario Nacional en Argentina y por qu\u00e9 son fundamentales para la salud p\u00fablica - Lobos News<\/title>\n<meta name=\"robots\" content=\"index, follow, max-snippet:-1, max-image-preview:large, max-video-preview:-1\" \/>\n<link rel=\"canonical\" href=\"https:\/\/lobosnews.com.ar\/index.php\/2026\/04\/27\/cuales-son-las-vacunas-del-calendario-nacional-en-argentina-y-por-que-son-fundamentales-para-la-salud-publica-2\/\" \/>\n<meta property=\"og:locale\" content=\"es_ES\" \/>\n<meta property=\"og:type\" content=\"article\" \/>\n<meta property=\"og:title\" content=\"Cu\u00e1les son las vacunas del Calendario Nacional en Argentina y por qu\u00e9 son fundamentales para la salud p\u00fablica - Lobos News\" \/>\n<meta property=\"og:description\" content=\"Las vacunas del calendario nacional en Argentina son una herramienta de salud p\u00fablica esencial, que previenen m\u00e1s de 30 enfermedades. A nivel global, la inmunizaci\u00f3n contribuy\u00f3 a salvar m\u00e1s de 150 millones de vidas en los \u00faltimos 50 a\u00f1os, seg\u00fan la Organizaci\u00f3n Mundial de la Salud (OMS). Los especialistas coinciden en que la cobertura adecuada...\" \/>\n<meta property=\"og:url\" content=\"https:\/\/lobosnews.com.ar\/index.php\/2026\/04\/27\/cuales-son-las-vacunas-del-calendario-nacional-en-argentina-y-por-que-son-fundamentales-para-la-salud-publica-2\/\" \/>\n<meta property=\"og:site_name\" content=\"Lobos News\" \/>\n<meta property=\"article:published_time\" content=\"2026-04-27T05:00:00+00:00\" \/>\n<meta property=\"article:modified_time\" content=\"2026-04-27T08:50:36+00:00\" \/>\n<meta property=\"og:image\" content=\"https:\/\/lobosnews.com.ar\/wp-content\/uploads\/2026\/04\/cuales-son-las-vacunas-del-calendario-nacional-en-argentina-y-por-que-son-fundamentales-para-la-salud-publica-2.jpg\" \/>\n<meta name=\"author\" content=\"admin\" \/>\n<meta name=\"twitter:card\" content=\"summary_large_image\" \/>\n<meta name=\"twitter:label1\" content=\"Escrito por\" \/>\n\t<meta name=\"twitter:data1\" content=\"admin\" \/>\n\t<meta name=\"twitter:label2\" content=\"Tiempo de lectura\" \/>\n\t<meta name=\"twitter:data2\" content=\"4 minutos\" \/>\n<script type=\"application\/ld+json\" class=\"yoast-schema-graph\">{\"@context\":\"https:\/\/schema.org\",\"@graph\":[{\"@type\":\"Article\",\"@id\":\"https:\/\/lobosnews.com.ar\/index.php\/2026\/04\/27\/cuales-son-las-vacunas-del-calendario-nacional-en-argentina-y-por-que-son-fundamentales-para-la-salud-publica-2\/#article\",\"isPartOf\":{\"@id\":\"https:\/\/lobosnews.com.ar\/index.php\/2026\/04\/27\/cuales-son-las-vacunas-del-calendario-nacional-en-argentina-y-por-que-son-fundamentales-para-la-salud-publica-2\/\"},\"author\":{\"name\":\"admin\",\"@id\":\"https:\/\/lobosnews.com.ar\/#\/schema\/person\/232422a593d5c541dd9aef6aaed10943\"},\"headline\":\"Cu\u00e1les son las vacunas del Calendario Nacional en Argentina y por qu\u00e9 son fundamentales para la salud p\u00fablica\",\"datePublished\":\"2026-04-27T05:00:00+00:00\",\"dateModified\":\"2026-04-27T08:50:36+00:00\",\"mainEntityOfPage\":{\"@id\":\"https:\/\/lobosnews.com.ar\/index.php\/2026\/04\/27\/cuales-son-las-vacunas-del-calendario-nacional-en-argentina-y-por-que-son-fundamentales-para-la-salud-publica-2\/\"},\"wordCount\":787,\"commentCount\":0,\"publisher\":{\"@id\":\"https:\/\/lobosnews.com.ar\/#organization\"},\"image\":{\"@id\":\"https:\/\/lobosnews.com.ar\/index.php\/2026\/04\/27\/cuales-son-las-vacunas-del-calendario-nacional-en-argentina-y-por-que-son-fundamentales-para-la-salud-publica-2\/#primaryimage\"},\"thumbnailUrl\":\"https:\/\/lobosnews.com.ar\/wp-content\/uploads\/2026\/04\/cuales-son-las-vacunas-del-calendario-nacional-en-argentina-y-por-que-son-fundamentales-para-la-salud-publica-12.jpg\",\"articleSection\":[\"Salud\"],\"inLanguage\":\"es\",\"potentialAction\":[{\"@type\":\"CommentAction\",\"name\":\"Comment\",\"target\":[\"https:\/\/lobosnews.com.ar\/index.php\/2026\/04\/27\/cuales-son-las-vacunas-del-calendario-nacional-en-argentina-y-por-que-son-fundamentales-para-la-salud-publica-2\/#respond\"]}]},{\"@type\":\"WebPage\",\"@id\":\"https:\/\/lobosnews.com.ar\/index.php\/2026\/04\/27\/cuales-son-las-vacunas-del-calendario-nacional-en-argentina-y-por-que-son-fundamentales-para-la-salud-publica-2\/\",\"url\":\"https:\/\/lobosnews.com.ar\/index.php\/2026\/04\/27\/cuales-son-las-vacunas-del-calendario-nacional-en-argentina-y-por-que-son-fundamentales-para-la-salud-publica-2\/\",\"name\":\"Cu\u00e1les son las vacunas del Calendario Nacional en Argentina y por qu\u00e9 son fundamentales para la salud p\u00fablica - Lobos News\",\"isPartOf\":{\"@id\":\"https:\/\/lobosnews.com.ar\/#website\"},\"primaryImageOfPage\":{\"@id\":\"https:\/\/lobosnews.com.ar\/index.php\/2026\/04\/27\/cuales-son-las-vacunas-del-calendario-nacional-en-argentina-y-por-que-son-fundamentales-para-la-salud-publica-2\/#primaryimage\"},\"image\":{\"@id\":\"https:\/\/lobosnews.com.ar\/index.php\/2026\/04\/27\/cuales-son-las-vacunas-del-calendario-nacional-en-argentina-y-por-que-son-fundamentales-para-la-salud-publica-2\/#primaryimage\"},\"thumbnailUrl\":\"https:\/\/lobosnews.com.ar\/wp-content\/uploads\/2026\/04\/cuales-son-las-vacunas-del-calendario-nacional-en-argentina-y-por-que-son-fundamentales-para-la-salud-publica-12.jpg\",\"datePublished\":\"2026-04-27T05:00:00+00:00\",\"dateModified\":\"2026-04-27T08:50:36+00:00\",\"breadcrumb\":{\"@id\":\"https:\/\/lobosnews.com.ar\/index.php\/2026\/04\/27\/cuales-son-las-vacunas-del-calendario-nacional-en-argentina-y-por-que-son-fundamentales-para-la-salud-publica-2\/#breadcrumb\"},\"inLanguage\":\"es\",\"potentialAction\":[{\"@type\":\"ReadAction\",\"target\":[\"https:\/\/lobosnews.com.ar\/index.php\/2026\/04\/27\/cuales-son-las-vacunas-del-calendario-nacional-en-argentina-y-por-que-son-fundamentales-para-la-salud-publica-2\/\"]}]},{\"@type\":\"ImageObject\",\"inLanguage\":\"es\",\"@id\":\"https:\/\/lobosnews.com.ar\/index.php\/2026\/04\/27\/cuales-son-las-vacunas-del-calendario-nacional-en-argentina-y-por-que-son-fundamentales-para-la-salud-publica-2\/#primaryimage\",\"url\":\"https:\/\/lobosnews.com.ar\/wp-content\/uploads\/2026\/04\/cuales-son-las-vacunas-del-calendario-nacional-en-argentina-y-por-que-son-fundamentales-para-la-salud-publica-12.jpg\",\"contentUrl\":\"https:\/\/lobosnews.com.ar\/wp-content\/uploads\/2026\/04\/cuales-son-las-vacunas-del-calendario-nacional-en-argentina-y-por-que-son-fundamentales-para-la-salud-publica-12.jpg\",\"width\":1408,\"height\":768,\"caption\":\"Cu\u00e1les son las vacunas del Calendario Nacional en Argentina y por qu\u00e9 son fundamentales para la salud p\u00fablica\"},{\"@type\":\"BreadcrumbList\",\"@id\":\"https:\/\/lobosnews.com.ar\/index.php\/2026\/04\/27\/cuales-son-las-vacunas-del-calendario-nacional-en-argentina-y-por-que-son-fundamentales-para-la-salud-publica-2\/#breadcrumb\",\"itemListElement\":[{\"@type\":\"ListItem\",\"position\":1,\"name\":\"Portada\",\"item\":\"https:\/\/lobosnews.com.ar\/\"},{\"@type\":\"ListItem\",\"position\":2,\"name\":\"Cu\u00e1les son las vacunas del Calendario Nacional en Argentina y por qu\u00e9 son fundamentales para la salud p\u00fablica\"}]},{\"@type\":\"WebSite\",\"@id\":\"https:\/\/lobosnews.com.ar\/#website\",\"url\":\"https:\/\/lobosnews.com.ar\/\",\"name\":\"Lobos News\",\"description\":\"Informaci\u00f3n a cada instante\",\"publisher\":{\"@id\":\"https:\/\/lobosnews.com.ar\/#organization\"},\"potentialAction\":[{\"@type\":\"SearchAction\",\"target\":{\"@type\":\"EntryPoint\",\"urlTemplate\":\"https:\/\/lobosnews.com.ar\/?s={search_term_string}\"},\"query-input\":{\"@type\":\"PropertyValueSpecification\",\"valueRequired\":true,\"valueName\":\"search_term_string\"}}],\"inLanguage\":\"es\"},{\"@type\":\"Organization\",\"@id\":\"https:\/\/lobosnews.com.ar\/#organization\",\"name\":\"Lobos News\",\"url\":\"https:\/\/lobosnews.com.ar\/\",\"logo\":{\"@type\":\"ImageObject\",\"inLanguage\":\"es\",\"@id\":\"https:\/\/lobosnews.com.ar\/#\/schema\/logo\/image\/\",\"url\":\"https:\/\/lobosnews.com.ar\/wp-content\/uploads\/2026\/01\/logo-lobosnews.png\",\"contentUrl\":\"https:\/\/lobosnews.com.ar\/wp-content\/uploads\/2026\/01\/logo-lobosnews.png\",\"width\":500,\"height\":200,\"caption\":\"Lobos News\"},\"image\":{\"@id\":\"https:\/\/lobosnews.com.ar\/#\/schema\/logo\/image\/\"}},{\"@type\":\"Person\",\"@id\":\"https:\/\/lobosnews.com.ar\/#\/schema\/person\/232422a593d5c541dd9aef6aaed10943\",\"name\":\"admin\",\"image\":{\"@type\":\"ImageObject\",\"inLanguage\":\"es\",\"@id\":\"https:\/\/lobosnews.com.ar\/#\/schema\/person\/image\/\",\"url\":\"https:\/\/secure.gravatar.com\/avatar\/76e419471a2083bc3ceab22a763dbbf9b0c1bd15a6214cf3280e2c2dde4580f9?s=96&d=mm&r=g\",\"contentUrl\":\"https:\/\/secure.gravatar.com\/avatar\/76e419471a2083bc3ceab22a763dbbf9b0c1bd15a6214cf3280e2c2dde4580f9?s=96&d=mm&r=g\",\"caption\":\"admin\"},\"sameAs\":[\"https:\/\/lobosnews.com.ar\"],\"url\":\"https:\/\/lobosnews.com.ar\/index.php\/author\/lobos-news\/\"}]}<\/script>\n<!-- \/ Yoast SEO plugin. -->","yoast_head_json":{"title":"Cu\u00e1les son las vacunas del Calendario Nacional en Argentina y por qu\u00e9 son fundamentales para la salud p\u00fablica - Lobos News","robots":{"index":"index","follow":"follow","max-snippet":"max-snippet:-1","max-image-preview":"max-image-preview:large","max-video-preview":"max-video-preview:-1"},"canonical":"https:\/\/lobosnews.com.ar\/index.php\/2026\/04\/27\/cuales-son-las-vacunas-del-calendario-nacional-en-argentina-y-por-que-son-fundamentales-para-la-salud-publica-2\/","og_locale":"es_ES","og_type":"article","og_title":"Cu\u00e1les son las vacunas del Calendario Nacional en Argentina y por qu\u00e9 son fundamentales para la salud p\u00fablica - Lobos News","og_description":"Las vacunas del calendario nacional en Argentina son una herramienta de salud p\u00fablica esencial, que previenen m\u00e1s de 30 enfermedades. A nivel global, la inmunizaci\u00f3n contribuy\u00f3 a salvar m\u00e1s de 150 millones de vidas en los \u00faltimos 50 a\u00f1os, seg\u00fan la Organizaci\u00f3n Mundial de la Salud (OMS). Los especialistas coinciden en que la cobertura adecuada...","og_url":"https:\/\/lobosnews.com.ar\/index.php\/2026\/04\/27\/cuales-son-las-vacunas-del-calendario-nacional-en-argentina-y-por-que-son-fundamentales-para-la-salud-publica-2\/","og_site_name":"Lobos News","article_published_time":"2026-04-27T05:00:00+00:00","article_modified_time":"2026-04-27T08:50:36+00:00","og_image":[{"url":"https:\/\/lobosnews.com.ar\/wp-content\/uploads\/2026\/04\/cuales-son-las-vacunas-del-calendario-nacional-en-argentina-y-por-que-son-fundamentales-para-la-salud-publica-2.jpg","type":"","width":"","height":""}],"author":"admin","twitter_card":"summary_large_image","twitter_misc":{"Escrito por":"admin","Tiempo de lectura":"4 minutos"},"schema":{"@context":"https:\/\/schema.org","@graph":[{"@type":"Article","@id":"https:\/\/lobosnews.com.ar\/index.php\/2026\/04\/27\/cuales-son-las-vacunas-del-calendario-nacional-en-argentina-y-por-que-son-fundamentales-para-la-salud-publica-2\/#article","isPartOf":{"@id":"https:\/\/lobosnews.com.ar\/index.php\/2026\/04\/27\/cuales-son-las-vacunas-del-calendario-nacional-en-argentina-y-por-que-son-fundamentales-para-la-salud-publica-2\/"},"author":{"name":"admin","@id":"https:\/\/lobosnews.com.ar\/#\/schema\/person\/232422a593d5c541dd9aef6aaed10943"},"headline":"Cu\u00e1les son las vacunas del Calendario Nacional en Argentina y por qu\u00e9 son fundamentales para la salud p\u00fablica","datePublished":"2026-04-27T05:00:00+00:00","dateModified":"2026-04-27T08:50:36+00:00","mainEntityOfPage":{"@id":"https:\/\/lobosnews.com.ar\/index.php\/2026\/04\/27\/cuales-son-las-vacunas-del-calendario-nacional-en-argentina-y-por-que-son-fundamentales-para-la-salud-publica-2\/"},"wordCount":787,"commentCount":0,"publisher":{"@id":"https:\/\/lobosnews.com.ar\/#organization"},"image":{"@id":"https:\/\/lobosnews.com.ar\/index.php\/2026\/04\/27\/cuales-son-las-vacunas-del-calendario-nacional-en-argentina-y-por-que-son-fundamentales-para-la-salud-publica-2\/#primaryimage"},"thumbnailUrl":"https:\/\/lobosnews.com.ar\/wp-content\/uploads\/2026\/04\/cuales-son-las-vacunas-del-calendario-nacional-en-argentina-y-por-que-son-fundamentales-para-la-salud-publica-12.jpg","articleSection":["Salud"],"inLanguage":"es","potentialAction":[{"@type":"CommentAction","name":"Comment","target":["https:\/\/lobosnews.com.ar\/index.php\/2026\/04\/27\/cuales-son-las-vacunas-del-calendario-nacional-en-argentina-y-por-que-son-fundamentales-para-la-salud-publica-2\/#respond"]}]},{"@type":"WebPage","@id":"https:\/\/lobosnews.com.ar\/index.php\/2026\/04\/27\/cuales-son-las-vacunas-del-calendario-nacional-en-argentina-y-por-que-son-fundamentales-para-la-salud-publica-2\/","url":"https:\/\/lobosnews.com.ar\/index.php\/2026\/04\/27\/cuales-son-las-vacunas-del-calendario-nacional-en-argentina-y-por-que-son-fundamentales-para-la-salud-publica-2\/","name":"Cu\u00e1les son las vacunas del Calendario Nacional en Argentina y por qu\u00e9 son fundamentales para la salud p\u00fablica - Lobos News","isPartOf":{"@id":"https:\/\/lobosnews.com.ar\/#website"},"primaryImageOfPage":{"@id":"https:\/\/lobosnews.com.ar\/index.php\/2026\/04\/27\/cuales-son-las-vacunas-del-calendario-nacional-en-argentina-y-por-que-son-fundamentales-para-la-salud-publica-2\/#primaryimage"},"image":{"@id":"https:\/\/lobosnews.com.ar\/index.php\/2026\/04\/27\/cuales-son-las-vacunas-del-calendario-nacional-en-argentina-y-por-que-son-fundamentales-para-la-salud-publica-2\/#primaryimage"},"thumbnailUrl":"https:\/\/lobosnews.com.ar\/wp-content\/uploads\/2026\/04\/cuales-son-las-vacunas-del-calendario-nacional-en-argentina-y-por-que-son-fundamentales-para-la-salud-publica-12.jpg","datePublished":"2026-04-27T05:00:00+00:00","dateModified":"2026-04-27T08:50:36+00:00","breadcrumb":{"@id":"https:\/\/lobosnews.com.ar\/index.php\/2026\/04\/27\/cuales-son-las-vacunas-del-calendario-nacional-en-argentina-y-por-que-son-fundamentales-para-la-salud-publica-2\/#breadcrumb"},"inLanguage":"es","potentialAction":[{"@type":"ReadAction","target":["https:\/\/lobosnews.com.ar\/index.php\/2026\/04\/27\/cuales-son-las-vacunas-del-calendario-nacional-en-argentina-y-por-que-son-fundamentales-para-la-salud-publica-2\/"]}]},{"@type":"ImageObject","inLanguage":"es","@id":"https:\/\/lobosnews.com.ar\/index.php\/2026\/04\/27\/cuales-son-las-vacunas-del-calendario-nacional-en-argentina-y-por-que-son-fundamentales-para-la-salud-publica-2\/#primaryimage","url":"https:\/\/lobosnews.com.ar\/wp-content\/uploads\/2026\/04\/cuales-son-las-vacunas-del-calendario-nacional-en-argentina-y-por-que-son-fundamentales-para-la-salud-publica-12.jpg","contentUrl":"https:\/\/lobosnews.com.ar\/wp-content\/uploads\/2026\/04\/cuales-son-las-vacunas-del-calendario-nacional-en-argentina-y-por-que-son-fundamentales-para-la-salud-publica-12.jpg","width":1408,"height":768,"caption":"Cu\u00e1les son las vacunas del Calendario Nacional en Argentina y por qu\u00e9 son fundamentales para la salud p\u00fablica"},{"@type":"BreadcrumbList","@id":"https:\/\/lobosnews.com.ar\/index.php\/2026\/04\/27\/cuales-son-las-vacunas-del-calendario-nacional-en-argentina-y-por-que-son-fundamentales-para-la-salud-publica-2\/#breadcrumb","itemListElement":[{"@type":"ListItem","position":1,"name":"Portada","item":"https:\/\/lobosnews.com.ar\/"},{"@type":"ListItem","position":2,"name":"Cu\u00e1les son las vacunas del Calendario Nacional en Argentina y por qu\u00e9 son fundamentales para la salud p\u00fablica"}]},{"@type":"WebSite","@id":"https:\/\/lobosnews.com.ar\/#website","url":"https:\/\/lobosnews.com.ar\/","name":"Lobos News","description":"Informaci\u00f3n a cada instante","publisher":{"@id":"https:\/\/lobosnews.com.ar\/#organization"},"potentialAction":[{"@type":"SearchAction","target":{"@type":"EntryPoint","urlTemplate":"https:\/\/lobosnews.com.ar\/?s={search_term_string}"},"query-input":{"@type":"PropertyValueSpecification","valueRequired":true,"valueName":"search_term_string"}}],"inLanguage":"es"},{"@type":"Organization","@id":"https:\/\/lobosnews.com.ar\/#organization","name":"Lobos News","url":"https:\/\/lobosnews.com.ar\/","logo":{"@type":"ImageObject","inLanguage":"es","@id":"https:\/\/lobosnews.com.ar\/#\/schema\/logo\/image\/","url":"https:\/\/lobosnews.com.ar\/wp-content\/uploads\/2026\/01\/logo-lobosnews.png","contentUrl":"https:\/\/lobosnews.com.ar\/wp-content\/uploads\/2026\/01\/logo-lobosnews.png","width":500,"height":200,"caption":"Lobos News"},"image":{"@id":"https:\/\/lobosnews.com.ar\/#\/schema\/logo\/image\/"}},{"@type":"Person","@id":"https:\/\/lobosnews.com.ar\/#\/schema\/person\/232422a593d5c541dd9aef6aaed10943","name":"admin","image":{"@type":"ImageObject","inLanguage":"es","@id":"https:\/\/lobosnews.com.ar\/#\/schema\/person\/image\/","url":"https:\/\/secure.gravatar.com\/avatar\/76e419471a2083bc3ceab22a763dbbf9b0c1bd15a6214cf3280e2c2dde4580f9?s=96&d=mm&r=g","contentUrl":"https:\/\/secure.gravatar.com\/avatar\/76e419471a2083bc3ceab22a763dbbf9b0c1bd15a6214cf3280e2c2dde4580f9?s=96&d=mm&r=g","caption":"admin"},"sameAs":["https:\/\/lobosnews.com.ar"],"url":"https:\/\/lobosnews.com.ar\/index.php\/author\/lobos-news\/"}]}},"jetpack_featured_media_url":"https:\/\/lobosnews.com.ar\/wp-content\/uploads\/2026\/04\/cuales-son-las-vacunas-del-calendario-nacional-en-argentina-y-por-que-son-fundamentales-para-la-salud-publica-12.jpg","jetpack_sharing_enabled":true,"_links":{"self":[{"href":"https:\/\/lobosnews.com.ar\/index.php\/wp-json\/wp\/v2\/posts\/46065","targetHints":{"allow":["GET"]}}],"collection":[{"href":"https:\/\/lobosnews.com.ar\/index.php\/wp-json\/wp\/v2\/posts"}],"about":[{"href":"https:\/\/lobosnews.com.ar\/index.php\/wp-json\/wp\/v2\/types\/post"}],"author":[{"embeddable":true,"href":"https:\/\/lobosnews.com.ar\/index.php\/wp-json\/wp\/v2\/users\/1"}],"replies":[{"embeddable":true,"href":"https:\/\/lobosnews.com.ar\/index.php\/wp-json\/wp\/v2\/comments?post=46065"}],"version-history":[{"count":1,"href":"https:\/\/lobosnews.com.ar\/index.php\/wp-json\/wp\/v2\/posts\/46065\/revisions"}],"predecessor-version":[{"id":46073,"href":"https:\/\/lobosnews.com.ar\/index.php\/wp-json\/wp\/v2\/posts\/46065\/revisions\/46073"}],"wp:featuredmedia":[{"embeddable":true,"href":"https:\/\/lobosnews.com.ar\/index.php\/wp-json\/wp\/v2\/media\/46074"}],"wp:attachment":[{"href":"https:\/\/lobosnews.com.ar\/index.php\/wp-json\/wp\/v2\/media?parent=46065"}],"wp:term":[{"taxonomy":"category","embeddable":true,"href":"https:\/\/lobosnews.com.ar\/index.php\/wp-json\/wp\/v2\/categories?post=46065"},{"taxonomy":"post_tag","embeddable":true,"href":"https:\/\/lobosnews.com.ar\/index.php\/wp-json\/wp\/v2\/tags?post=46065"}],"curies":[{"name":"wp","href":"https:\/\/api.w.org\/{rel}","templated":true}]}}