{"id":46047,"date":"2026-04-27T05:00:00","date_gmt":"2026-04-27T05:00:00","guid":{"rendered":"https:\/\/lobosnews.com.ar\/index.php\/2026\/04\/27\/la-ansiedad-digital-ya-afecta-al-60-de-la-juventud-iberoamericana-2\/"},"modified":"2026-04-27T08:49:40","modified_gmt":"2026-04-27T08:49:40","slug":"la-ansiedad-digital-ya-afecta-al-60-de-la-juventud-iberoamericana-2","status":"publish","type":"post","link":"https:\/\/lobosnews.com.ar\/index.php\/2026\/04\/27\/la-ansiedad-digital-ya-afecta-al-60-de-la-juventud-iberoamericana-2\/","title":{"rendered":"La ansiedad digital ya afecta al 60% de la juventud iberoamericana"},"content":{"rendered":"<p><img fetchpriority=\"high\" decoding=\"async\" src=\"https:\/\/lobosnews.com.ar\/wp-content\/uploads\/2026\/04\/la-ansiedad-digital-ya-afecta-al-60-de-la-juventud-iberoamericana.jpg\" alt=\"M\u00e1s del 60% de la juventud iberoamericana experimenta s\u00edntomas de \u201cansiedad digital\u201d relacionados con su vida en entornos virtuales, seg\u00fan el primer estudio regional sobre digitalizaci\u00f3n y salud mental\n(Imagen Ilustrativa Infobae)\" height=\"816\" width=\"1456\"\/><\/p>\n<p>El primer estudio regional sobre digitalizaci\u00f3n y salud mental juvenil revela que <b>m\u00e1s del 60% de la juventud de la regi\u00f3n experimenta \u201cansiedad digital\u201d<\/b> y llama a los Estados a articular respuestas en sus pol\u00edticas digitales. La salud mental de ni\u00f1as, ni\u00f1os y j\u00f3venes ser\u00e1 uno de los temas centrales de la<b> XX Reuni\u00f3n Ministerial Iberoamericana de Juventud<\/b>, que se celebr\u00f3 en Zamora.<\/p>\n<p>La <b>Secretar\u00eda General Iberoamericana (SEGIB)<\/b> y la <b>Organizaci\u00f3n Iberoamericana de Juventud (OIJ)<\/b> presentaron el estudio <i><b>Entre la vulnerabilidad y la oportunidad: salud mental juvenil en entornos digitales<\/b><\/i>, el primer an\u00e1lisis regional sistem\u00e1tico sobre el impacto de la digitalizaci\u00f3n en la salud mental y el bienestar psicosocial de las personas j\u00f3venes de los 22 pa\u00edses de la Comunidad Iberoamericana.<\/p>\n<p><img loading=\"lazy\" decoding=\"async\" src=\"https:\/\/www.infobae.com\/resizer\/v2\/LRYMDHNB2NDKFB4UFPLG6YN6EM.png?auth=78ff9dce05dc455907da1a008d768892b70862e4439078e01dcb71ba26acb720&#038;smart=true&#038;width=2752&#038;height=1536\" alt=\"Entre 2000 y 2021, la ansiedad en j\u00f3venes iberoamericanos aument\u00f3 del 5,5% al 7,3%, y la depresi\u00f3n pas\u00f3 del 3,5% al 4,4%\n(Imagen Ilustrativa Infobae)\" height=\"1536\" width=\"2752\"\/><\/p>\n<p>Publicado en febrero de 2026 y financiado por la <b>Agencia Espa\u00f1ola de Cooperaci\u00f3n Internacional<\/b>, el informe destaca que <b>m\u00e1s de 16 millones de adolescentes iberoamericanos viven con alg\u00fan trastorno mental<\/b>, y exige a los gobiernos una acci\u00f3n urgente que integre <b>salud, educaci\u00f3n y pol\u00edticas digitales bajo un enfoque de derechos.<\/b><\/p>\n<p>M\u00e1s de <b>16 millones<\/b> de <b>adolescentes en Iberoam\u00e9rica<\/b> \u2014<b>el 15% de la poblaci\u00f3n adolescente\u2014<\/b> padecen alg\u00fan trastorno mental, seg\u00fan datos de UNICEF y SEGIB. A su vez, <b>uno de cada cinco j\u00f3venes presenta un trastorno vinculado al uso intensivo de redes sociales<\/b>, mientras que el<b> 60% <\/b>reporta s\u00edntomas de ansiedad digital. El <b>suicidio<\/b> se ha convertido en la tercera causa de muerte entre adolescentes de <b>15 a 19 a\u00f1os<\/b>, con tasas superiores a seis fallecimientos por cada 100.000 habitantes, y la regi\u00f3n destina menos del 3% de su gasto en salud a la salud mental.<\/p>\n<p><img loading=\"lazy\" decoding=\"async\" src=\"https:\/\/lobosnews.com.ar\/wp-content\/uploads\/2026\/04\/la-ansiedad-digital-ya-afecta-al-60-de-la-juventud-iberoamericana-5.jpg\" alt=\"(Imagen Ilustrativa Infobae)\" height=\"2752\" width=\"1536\"\/><\/p>\n<h2>Crisis silenciosa y respuesta insuficiente<\/h2>\n<p><b>Iberoam\u00e9rica<\/b> es la \u00fanica regi\u00f3n del mundo que, hasta<b> 2019,<\/b> registr\u00f3 un incremento sostenido de los trastornos mentales en su poblaci\u00f3n joven. Entre 2000 y 2021, la ansiedad aument\u00f3 del <b>5,5% al 7,3% <\/b>y la depresi\u00f3n del <b>3,5% al 4,4%, <\/b>cifras que superan el promedio global de la <b>OCDE<\/b>. Actualmente, <b>el 44% de los j\u00f3venes de 18 a 24 a\u00f1os reconoce sentir tristeza, angustia o desesperanza de forma habitual<\/b>.<\/p>\n<p>El suicidio ya es la tercera causa de muerte en adolescentes de 15 a 19 a\u00f1os, con tasas superiores a seis muertes por cada 100.000 habitantes. En pa\u00edses como <b>Argentina, Bolivia, Colombia, El Salvador, Nicaragua y Paraguay<\/b>, el \u00edndice es a\u00fan m\u00e1s elevado entre j\u00f3venes de <b>15 a 29 a\u00f1os<\/b> que en la poblaci\u00f3n adulta.<\/p>\n<p><img loading=\"lazy\" decoding=\"async\" src=\"https:\/\/lobosnews.com.ar\/wp-content\/uploads\/2026\/04\/la-ansiedad-digital-ya-afecta-al-60-de-la-juventud-iberoamericana-7.jpg\" alt=\"Uno de cada cinco j\u00f3venes presenta trastornos vinculados al uso intensivo de redes sociales, mientras que el promedio de tiempo conectado supera las 3 horas y media diarias\n(Imagen Ilustrativa Infobae)\" height=\"768\" width=\"1408\"\/><\/p>\n<p>La respuesta de los sistemas p\u00fablicos de salud resulta insuficiente: menos del 3% del gasto en salud se dedica a la salud mental, y casi la mitad de esos recursos se concentra en hospitales psiqui\u00e1tricos.<\/p>\n<h2>Impacto de la digitalizaci\u00f3n en la salud mental<\/h2>\n<p>La regi\u00f3n iberoamericana se ubica entre las primeras del mundo en uso de redes sociales: los j\u00f3venes pasan una media de <b>3 horas y 32 minutos diarios conectados<\/b>, superando ampliamente a<b> Norteam\u00e9rica y Europa<\/b>, seg\u00fan Global Web Index. Este nivel de exposici\u00f3n, especialmente entre adolescentes, tiene efectos directos sobre la salud mental.<\/p>\n<p><img loading=\"lazy\" decoding=\"async\" src=\"https:\/\/lobosnews.com.ar\/wp-content\/uploads\/2026\/04\/la-ansiedad-digital-ya-afecta-al-60-de-la-juventud-iberoamericana-8.jpg\" alt=\"Una joven mira intensamente su smartphone recostada en la cama, reflejando la inmersi\u00f3n en las redes sociales y la posible ansiedad digital en un entorno cotidiano. (Imagen Ilustrativa Infobae)\" height=\"768\" width=\"1408\"\/><\/p>\n<p>El estudio advierte que <b>uno de cada cinco j\u00f3venes presenta un trastorno mental vinculado al uso intensivo de redes sociales<\/b>, y que el riesgo es mayor cuando la exposici\u00f3n supera las tres horas diarias, lo que duplica la probabilidad de ansiedad y depresi\u00f3n. Los riesgos son mayores entre mujeres j\u00f3venes, personas LGBTIQ+, quienes carecen de soporte familiar o viven en situaciones de vulnerabilidad socioecon\u00f3mica.<\/p>\n<p>Una investigaci\u00f3n internacional con <b>28.000 personas<\/b>, citada por Sapiens Labs, muestra que <b>el 42% de los ni\u00f1os y el 74% de las ni\u00f1as<\/b> que recibieron su<b> primer dispositivo <\/b>antes de los<b> seis a\u00f1os<\/b> desarrollaron problemas de salud mental. Entre adolescentes de <b>15 a 18 a\u00f1os<\/b>, la prevalencia es del <b>36%<\/b> en varones y del <b>46%<\/b> en mujeres.<\/p>\n<p><img loading=\"lazy\" decoding=\"async\" src=\"https:\/\/lobosnews.com.ar\/wp-content\/uploads\/2026\/04\/la-ansiedad-digital-ya-afecta-al-60-de-la-juventud-iberoamericana-9.jpg\" alt=\"Entre 2000 y 2021, la ansiedad en j\u00f3venes iberoamericanos aument\u00f3 del 5,5% al 7,3%, y la depresi\u00f3n pas\u00f3 del 3,5% al 4,4%, superando los promedios de la OCDE\" height=\"1080\" width=\"1920\"\/><\/p>\n<h2>Oportunidades y desaf\u00edos de la tecnolog\u00eda<\/h2>\n<p>El informe se\u00f1ala que la tecnolog\u00eda puede ser tambi\u00e9n parte de la soluci\u00f3n. <b>Las plataformas digitales son canales clave para la comunicaci\u00f3n y la alerta temprana sobre salud mental<\/b>. La digitalizaci\u00f3n permite fortalecer comunidades de apoyo y dise\u00f1ar intervenciones efectivas a escala. La clave est\u00e1 en crear entornos digitales seguros y en formar a la infancia en derechos y competencias digitales.<\/p>\n<p>La <b>SEGIB<\/b> impulsa la implementaci\u00f3n de la <b>Carta Iberoamericana de Principios y Derechos en Entornos Digitales<\/b>, adoptada en 2023 durante la Cumbre de Jefas y Jefes de Estado y de Gobierno en Rep\u00fablica Dominicana. El informe subraya que proteger la salud mental de los j\u00f3venes en entornos digitales es una condici\u00f3n indispensable para garantizar sus derechos digitales. La protecci\u00f3n \u00e9tica de los datos personales y la educaci\u00f3n digital son esenciales para prevenir el da\u00f1o psicol\u00f3gico.<\/p>\n","protected":false},"excerpt":{"rendered":"<p>El primer estudio regional sobre digitalizaci\u00f3n y salud mental juvenil revela que m\u00e1s del 60% de la juventud de la regi\u00f3n experimenta \u201cansiedad digital\u201d y llama a los Estados a articular respuestas en sus pol\u00edticas digitales. La salud mental de ni\u00f1as, ni\u00f1os y j\u00f3venes ser\u00e1 uno de los temas centrales de la XX Reuni\u00f3n Ministerial&#8230;<\/p>\n","protected":false},"author":1,"featured_media":46061,"comment_status":"open","ping_status":"closed","sticky":false,"template":"","format":"standard","meta":{"_jetpack_memberships_contains_paid_content":false,"footnotes":""},"categories":[81],"tags":[],"class_list":["post-46047","post","type-post","status-publish","format-standard","has-post-thumbnail","hentry","category-salud"],"magazineBlocksPostFeaturedMedia":{"thumbnail":"https:\/\/lobosnews.com.ar\/wp-content\/uploads\/2026\/04\/la-ansiedad-digital-ya-afecta-al-60-de-la-juventud-iberoamericana-19-150x150.jpg","medium":"https:\/\/lobosnews.com.ar\/wp-content\/uploads\/2026\/04\/la-ansiedad-digital-ya-afecta-al-60-de-la-juventud-iberoamericana-19-300x169.jpg","medium_large":"https:\/\/lobosnews.com.ar\/wp-content\/uploads\/2026\/04\/la-ansiedad-digital-ya-afecta-al-60-de-la-juventud-iberoamericana-19-768x432.jpg","large":"https:\/\/lobosnews.com.ar\/wp-content\/uploads\/2026\/04\/la-ansiedad-digital-ya-afecta-al-60-de-la-juventud-iberoamericana-19-1024x576.jpg","1536x1536":"https:\/\/lobosnews.com.ar\/wp-content\/uploads\/2026\/04\/la-ansiedad-digital-ya-afecta-al-60-de-la-juventud-iberoamericana-19-1536x864.jpg","2048x2048":"https:\/\/lobosnews.com.ar\/wp-content\/uploads\/2026\/04\/la-ansiedad-digital-ya-afecta-al-60-de-la-juventud-iberoamericana-19.jpg","newsmatic-featured":"https:\/\/lobosnews.com.ar\/wp-content\/uploads\/2026\/04\/la-ansiedad-digital-ya-afecta-al-60-de-la-juventud-iberoamericana-19-820x545.jpg","newsmatic-list":"https:\/\/lobosnews.com.ar\/wp-content\/uploads\/2026\/04\/la-ansiedad-digital-ya-afecta-al-60-de-la-juventud-iberoamericana-19-600x400.jpg","newsmatic-thumb":"https:\/\/lobosnews.com.ar\/wp-content\/uploads\/2026\/04\/la-ansiedad-digital-ya-afecta-al-60-de-la-juventud-iberoamericana-19-300x200.jpg","newsmatic-small":"https:\/\/lobosnews.com.ar\/wp-content\/uploads\/2026\/04\/la-ansiedad-digital-ya-afecta-al-60-de-la-juventud-iberoamericana-19-150x95.jpg","newsmatic-grid":"https:\/\/lobosnews.com.ar\/wp-content\/uploads\/2026\/04\/la-ansiedad-digital-ya-afecta-al-60-de-la-juventud-iberoamericana-19-400x250.jpg"},"magazineBlocksPostAuthor":{"name":"admin","avatar":"https:\/\/secure.gravatar.com\/avatar\/76e419471a2083bc3ceab22a763dbbf9b0c1bd15a6214cf3280e2c2dde4580f9?s=96&d=mm&r=g"},"magazineBlocksPostCommentsNumber":"0","magazineBlocksPostExcerpt":"El primer estudio regional sobre digitalizaci\u00f3n y salud mental juvenil revela que m\u00e1s del 60% de la juventud de la regi\u00f3n experimenta \u201cansiedad digital\u201d y llama a los Estados a articular respuestas en sus pol\u00edticas digitales. La salud mental de ni\u00f1as, ni\u00f1os y j\u00f3venes ser\u00e1 uno de los temas centrales de la XX Reuni\u00f3n Ministerial...","magazineBlocksPostCategories":["Salud"],"magazineBlocksPostViewCount":6,"magazineBlocksPostReadTime":4,"magazine_blocks_featured_image_url":{"full":["https:\/\/lobosnews.com.ar\/wp-content\/uploads\/2026\/04\/la-ansiedad-digital-ya-afecta-al-60-de-la-juventud-iberoamericana-19.jpg",1920,1080,false],"medium":["https:\/\/lobosnews.com.ar\/wp-content\/uploads\/2026\/04\/la-ansiedad-digital-ya-afecta-al-60-de-la-juventud-iberoamericana-19-300x169.jpg",300,169,true],"thumbnail":["https:\/\/lobosnews.com.ar\/wp-content\/uploads\/2026\/04\/la-ansiedad-digital-ya-afecta-al-60-de-la-juventud-iberoamericana-19-150x150.jpg",150,150,true]},"magazine_blocks_author":{"display_name":"admin","author_link":"https:\/\/lobosnews.com.ar\/index.php\/author\/lobos-news\/"},"magazine_blocks_comment":0,"magazine_blocks_author_image":"https:\/\/secure.gravatar.com\/avatar\/76e419471a2083bc3ceab22a763dbbf9b0c1bd15a6214cf3280e2c2dde4580f9?s=96&d=mm&r=g","magazine_blocks_category":"<a href=\"#\" class=\"category-link category-link-81\">Salud<\/a>","yoast_head":"<!-- This site is optimized with the Yoast SEO plugin v26.6 - https:\/\/yoast.com\/wordpress\/plugins\/seo\/ -->\n<title>La ansiedad digital ya afecta al 60% de la juventud iberoamericana - Lobos News<\/title>\n<meta name=\"robots\" content=\"index, follow, max-snippet:-1, max-image-preview:large, max-video-preview:-1\" \/>\n<link rel=\"canonical\" href=\"https:\/\/lobosnews.com.ar\/index.php\/2026\/04\/27\/la-ansiedad-digital-ya-afecta-al-60-de-la-juventud-iberoamericana-2\/\" \/>\n<meta property=\"og:locale\" content=\"es_ES\" \/>\n<meta property=\"og:type\" content=\"article\" \/>\n<meta property=\"og:title\" content=\"La ansiedad digital ya afecta al 60% de la juventud iberoamericana - Lobos News\" \/>\n<meta property=\"og:description\" content=\"El primer estudio regional sobre digitalizaci\u00f3n y salud mental juvenil revela que m\u00e1s del 60% de la juventud de la regi\u00f3n experimenta \u201cansiedad digital\u201d y llama a los Estados a articular respuestas en sus pol\u00edticas digitales. La salud mental de ni\u00f1as, ni\u00f1os y j\u00f3venes ser\u00e1 uno de los temas centrales de la XX Reuni\u00f3n Ministerial...\" \/>\n<meta property=\"og:url\" content=\"https:\/\/lobosnews.com.ar\/index.php\/2026\/04\/27\/la-ansiedad-digital-ya-afecta-al-60-de-la-juventud-iberoamericana-2\/\" \/>\n<meta property=\"og:site_name\" content=\"Lobos News\" \/>\n<meta property=\"article:published_time\" content=\"2026-04-27T05:00:00+00:00\" \/>\n<meta property=\"article:modified_time\" content=\"2026-04-27T08:49:40+00:00\" \/>\n<meta property=\"og:image\" content=\"https:\/\/lobosnews.com.ar\/wp-content\/uploads\/2026\/04\/la-ansiedad-digital-ya-afecta-al-60-de-la-juventud-iberoamericana.jpg\" \/>\n<meta name=\"author\" content=\"admin\" \/>\n<meta name=\"twitter:card\" content=\"summary_large_image\" \/>\n<meta name=\"twitter:label1\" content=\"Escrito por\" \/>\n\t<meta name=\"twitter:data1\" content=\"admin\" \/>\n\t<meta name=\"twitter:label2\" content=\"Tiempo de lectura\" \/>\n\t<meta name=\"twitter:data2\" content=\"4 minutos\" \/>\n<script type=\"application\/ld+json\" class=\"yoast-schema-graph\">{\"@context\":\"https:\/\/schema.org\",\"@graph\":[{\"@type\":\"Article\",\"@id\":\"https:\/\/lobosnews.com.ar\/index.php\/2026\/04\/27\/la-ansiedad-digital-ya-afecta-al-60-de-la-juventud-iberoamericana-2\/#article\",\"isPartOf\":{\"@id\":\"https:\/\/lobosnews.com.ar\/index.php\/2026\/04\/27\/la-ansiedad-digital-ya-afecta-al-60-de-la-juventud-iberoamericana-2\/\"},\"author\":{\"name\":\"admin\",\"@id\":\"https:\/\/lobosnews.com.ar\/#\/schema\/person\/232422a593d5c541dd9aef6aaed10943\"},\"headline\":\"La ansiedad digital ya afecta al 60% de la juventud iberoamericana\",\"datePublished\":\"2026-04-27T05:00:00+00:00\",\"dateModified\":\"2026-04-27T08:49:40+00:00\",\"mainEntityOfPage\":{\"@id\":\"https:\/\/lobosnews.com.ar\/index.php\/2026\/04\/27\/la-ansiedad-digital-ya-afecta-al-60-de-la-juventud-iberoamericana-2\/\"},\"wordCount\":805,\"commentCount\":0,\"publisher\":{\"@id\":\"https:\/\/lobosnews.com.ar\/#organization\"},\"image\":{\"@id\":\"https:\/\/lobosnews.com.ar\/index.php\/2026\/04\/27\/la-ansiedad-digital-ya-afecta-al-60-de-la-juventud-iberoamericana-2\/#primaryimage\"},\"thumbnailUrl\":\"https:\/\/lobosnews.com.ar\/wp-content\/uploads\/2026\/04\/la-ansiedad-digital-ya-afecta-al-60-de-la-juventud-iberoamericana-19.jpg\",\"articleSection\":[\"Salud\"],\"inLanguage\":\"es\",\"potentialAction\":[{\"@type\":\"CommentAction\",\"name\":\"Comment\",\"target\":[\"https:\/\/lobosnews.com.ar\/index.php\/2026\/04\/27\/la-ansiedad-digital-ya-afecta-al-60-de-la-juventud-iberoamericana-2\/#respond\"]}]},{\"@type\":\"WebPage\",\"@id\":\"https:\/\/lobosnews.com.ar\/index.php\/2026\/04\/27\/la-ansiedad-digital-ya-afecta-al-60-de-la-juventud-iberoamericana-2\/\",\"url\":\"https:\/\/lobosnews.com.ar\/index.php\/2026\/04\/27\/la-ansiedad-digital-ya-afecta-al-60-de-la-juventud-iberoamericana-2\/\",\"name\":\"La ansiedad digital ya afecta al 60% de la juventud iberoamericana - Lobos News\",\"isPartOf\":{\"@id\":\"https:\/\/lobosnews.com.ar\/#website\"},\"primaryImageOfPage\":{\"@id\":\"https:\/\/lobosnews.com.ar\/index.php\/2026\/04\/27\/la-ansiedad-digital-ya-afecta-al-60-de-la-juventud-iberoamericana-2\/#primaryimage\"},\"image\":{\"@id\":\"https:\/\/lobosnews.com.ar\/index.php\/2026\/04\/27\/la-ansiedad-digital-ya-afecta-al-60-de-la-juventud-iberoamericana-2\/#primaryimage\"},\"thumbnailUrl\":\"https:\/\/lobosnews.com.ar\/wp-content\/uploads\/2026\/04\/la-ansiedad-digital-ya-afecta-al-60-de-la-juventud-iberoamericana-19.jpg\",\"datePublished\":\"2026-04-27T05:00:00+00:00\",\"dateModified\":\"2026-04-27T08:49:40+00:00\",\"breadcrumb\":{\"@id\":\"https:\/\/lobosnews.com.ar\/index.php\/2026\/04\/27\/la-ansiedad-digital-ya-afecta-al-60-de-la-juventud-iberoamericana-2\/#breadcrumb\"},\"inLanguage\":\"es\",\"potentialAction\":[{\"@type\":\"ReadAction\",\"target\":[\"https:\/\/lobosnews.com.ar\/index.php\/2026\/04\/27\/la-ansiedad-digital-ya-afecta-al-60-de-la-juventud-iberoamericana-2\/\"]}]},{\"@type\":\"ImageObject\",\"inLanguage\":\"es\",\"@id\":\"https:\/\/lobosnews.com.ar\/index.php\/2026\/04\/27\/la-ansiedad-digital-ya-afecta-al-60-de-la-juventud-iberoamericana-2\/#primaryimage\",\"url\":\"https:\/\/lobosnews.com.ar\/wp-content\/uploads\/2026\/04\/la-ansiedad-digital-ya-afecta-al-60-de-la-juventud-iberoamericana-19.jpg\",\"contentUrl\":\"https:\/\/lobosnews.com.ar\/wp-content\/uploads\/2026\/04\/la-ansiedad-digital-ya-afecta-al-60-de-la-juventud-iberoamericana-19.jpg\",\"width\":1920,\"height\":1080,\"caption\":\"La ansiedad digital ya afecta al 60% de la juventud iberoamericana\"},{\"@type\":\"BreadcrumbList\",\"@id\":\"https:\/\/lobosnews.com.ar\/index.php\/2026\/04\/27\/la-ansiedad-digital-ya-afecta-al-60-de-la-juventud-iberoamericana-2\/#breadcrumb\",\"itemListElement\":[{\"@type\":\"ListItem\",\"position\":1,\"name\":\"Portada\",\"item\":\"https:\/\/lobosnews.com.ar\/\"},{\"@type\":\"ListItem\",\"position\":2,\"name\":\"La ansiedad digital ya afecta al 60% de la juventud iberoamericana\"}]},{\"@type\":\"WebSite\",\"@id\":\"https:\/\/lobosnews.com.ar\/#website\",\"url\":\"https:\/\/lobosnews.com.ar\/\",\"name\":\"Lobos News\",\"description\":\"Informaci\u00f3n a cada instante\",\"publisher\":{\"@id\":\"https:\/\/lobosnews.com.ar\/#organization\"},\"potentialAction\":[{\"@type\":\"SearchAction\",\"target\":{\"@type\":\"EntryPoint\",\"urlTemplate\":\"https:\/\/lobosnews.com.ar\/?s={search_term_string}\"},\"query-input\":{\"@type\":\"PropertyValueSpecification\",\"valueRequired\":true,\"valueName\":\"search_term_string\"}}],\"inLanguage\":\"es\"},{\"@type\":\"Organization\",\"@id\":\"https:\/\/lobosnews.com.ar\/#organization\",\"name\":\"Lobos News\",\"url\":\"https:\/\/lobosnews.com.ar\/\",\"logo\":{\"@type\":\"ImageObject\",\"inLanguage\":\"es\",\"@id\":\"https:\/\/lobosnews.com.ar\/#\/schema\/logo\/image\/\",\"url\":\"https:\/\/lobosnews.com.ar\/wp-content\/uploads\/2026\/01\/logo-lobosnews.png\",\"contentUrl\":\"https:\/\/lobosnews.com.ar\/wp-content\/uploads\/2026\/01\/logo-lobosnews.png\",\"width\":500,\"height\":200,\"caption\":\"Lobos News\"},\"image\":{\"@id\":\"https:\/\/lobosnews.com.ar\/#\/schema\/logo\/image\/\"}},{\"@type\":\"Person\",\"@id\":\"https:\/\/lobosnews.com.ar\/#\/schema\/person\/232422a593d5c541dd9aef6aaed10943\",\"name\":\"admin\",\"image\":{\"@type\":\"ImageObject\",\"inLanguage\":\"es\",\"@id\":\"https:\/\/lobosnews.com.ar\/#\/schema\/person\/image\/\",\"url\":\"https:\/\/secure.gravatar.com\/avatar\/76e419471a2083bc3ceab22a763dbbf9b0c1bd15a6214cf3280e2c2dde4580f9?s=96&d=mm&r=g\",\"contentUrl\":\"https:\/\/secure.gravatar.com\/avatar\/76e419471a2083bc3ceab22a763dbbf9b0c1bd15a6214cf3280e2c2dde4580f9?s=96&d=mm&r=g\",\"caption\":\"admin\"},\"sameAs\":[\"https:\/\/lobosnews.com.ar\"],\"url\":\"https:\/\/lobosnews.com.ar\/index.php\/author\/lobos-news\/\"}]}<\/script>\n<!-- \/ Yoast SEO plugin. -->","yoast_head_json":{"title":"La ansiedad digital ya afecta al 60% de la juventud iberoamericana - Lobos News","robots":{"index":"index","follow":"follow","max-snippet":"max-snippet:-1","max-image-preview":"max-image-preview:large","max-video-preview":"max-video-preview:-1"},"canonical":"https:\/\/lobosnews.com.ar\/index.php\/2026\/04\/27\/la-ansiedad-digital-ya-afecta-al-60-de-la-juventud-iberoamericana-2\/","og_locale":"es_ES","og_type":"article","og_title":"La ansiedad digital ya afecta al 60% de la juventud iberoamericana - Lobos News","og_description":"El primer estudio regional sobre digitalizaci\u00f3n y salud mental juvenil revela que m\u00e1s del 60% de la juventud de la regi\u00f3n experimenta \u201cansiedad digital\u201d y llama a los Estados a articular respuestas en sus pol\u00edticas digitales. La salud mental de ni\u00f1as, ni\u00f1os y j\u00f3venes ser\u00e1 uno de los temas centrales de la XX Reuni\u00f3n Ministerial...","og_url":"https:\/\/lobosnews.com.ar\/index.php\/2026\/04\/27\/la-ansiedad-digital-ya-afecta-al-60-de-la-juventud-iberoamericana-2\/","og_site_name":"Lobos News","article_published_time":"2026-04-27T05:00:00+00:00","article_modified_time":"2026-04-27T08:49:40+00:00","og_image":[{"url":"https:\/\/lobosnews.com.ar\/wp-content\/uploads\/2026\/04\/la-ansiedad-digital-ya-afecta-al-60-de-la-juventud-iberoamericana.jpg","type":"","width":"","height":""}],"author":"admin","twitter_card":"summary_large_image","twitter_misc":{"Escrito por":"admin","Tiempo de lectura":"4 minutos"},"schema":{"@context":"https:\/\/schema.org","@graph":[{"@type":"Article","@id":"https:\/\/lobosnews.com.ar\/index.php\/2026\/04\/27\/la-ansiedad-digital-ya-afecta-al-60-de-la-juventud-iberoamericana-2\/#article","isPartOf":{"@id":"https:\/\/lobosnews.com.ar\/index.php\/2026\/04\/27\/la-ansiedad-digital-ya-afecta-al-60-de-la-juventud-iberoamericana-2\/"},"author":{"name":"admin","@id":"https:\/\/lobosnews.com.ar\/#\/schema\/person\/232422a593d5c541dd9aef6aaed10943"},"headline":"La ansiedad digital ya afecta al 60% de la juventud iberoamericana","datePublished":"2026-04-27T05:00:00+00:00","dateModified":"2026-04-27T08:49:40+00:00","mainEntityOfPage":{"@id":"https:\/\/lobosnews.com.ar\/index.php\/2026\/04\/27\/la-ansiedad-digital-ya-afecta-al-60-de-la-juventud-iberoamericana-2\/"},"wordCount":805,"commentCount":0,"publisher":{"@id":"https:\/\/lobosnews.com.ar\/#organization"},"image":{"@id":"https:\/\/lobosnews.com.ar\/index.php\/2026\/04\/27\/la-ansiedad-digital-ya-afecta-al-60-de-la-juventud-iberoamericana-2\/#primaryimage"},"thumbnailUrl":"https:\/\/lobosnews.com.ar\/wp-content\/uploads\/2026\/04\/la-ansiedad-digital-ya-afecta-al-60-de-la-juventud-iberoamericana-19.jpg","articleSection":["Salud"],"inLanguage":"es","potentialAction":[{"@type":"CommentAction","name":"Comment","target":["https:\/\/lobosnews.com.ar\/index.php\/2026\/04\/27\/la-ansiedad-digital-ya-afecta-al-60-de-la-juventud-iberoamericana-2\/#respond"]}]},{"@type":"WebPage","@id":"https:\/\/lobosnews.com.ar\/index.php\/2026\/04\/27\/la-ansiedad-digital-ya-afecta-al-60-de-la-juventud-iberoamericana-2\/","url":"https:\/\/lobosnews.com.ar\/index.php\/2026\/04\/27\/la-ansiedad-digital-ya-afecta-al-60-de-la-juventud-iberoamericana-2\/","name":"La ansiedad digital ya afecta al 60% de la juventud iberoamericana - Lobos News","isPartOf":{"@id":"https:\/\/lobosnews.com.ar\/#website"},"primaryImageOfPage":{"@id":"https:\/\/lobosnews.com.ar\/index.php\/2026\/04\/27\/la-ansiedad-digital-ya-afecta-al-60-de-la-juventud-iberoamericana-2\/#primaryimage"},"image":{"@id":"https:\/\/lobosnews.com.ar\/index.php\/2026\/04\/27\/la-ansiedad-digital-ya-afecta-al-60-de-la-juventud-iberoamericana-2\/#primaryimage"},"thumbnailUrl":"https:\/\/lobosnews.com.ar\/wp-content\/uploads\/2026\/04\/la-ansiedad-digital-ya-afecta-al-60-de-la-juventud-iberoamericana-19.jpg","datePublished":"2026-04-27T05:00:00+00:00","dateModified":"2026-04-27T08:49:40+00:00","breadcrumb":{"@id":"https:\/\/lobosnews.com.ar\/index.php\/2026\/04\/27\/la-ansiedad-digital-ya-afecta-al-60-de-la-juventud-iberoamericana-2\/#breadcrumb"},"inLanguage":"es","potentialAction":[{"@type":"ReadAction","target":["https:\/\/lobosnews.com.ar\/index.php\/2026\/04\/27\/la-ansiedad-digital-ya-afecta-al-60-de-la-juventud-iberoamericana-2\/"]}]},{"@type":"ImageObject","inLanguage":"es","@id":"https:\/\/lobosnews.com.ar\/index.php\/2026\/04\/27\/la-ansiedad-digital-ya-afecta-al-60-de-la-juventud-iberoamericana-2\/#primaryimage","url":"https:\/\/lobosnews.com.ar\/wp-content\/uploads\/2026\/04\/la-ansiedad-digital-ya-afecta-al-60-de-la-juventud-iberoamericana-19.jpg","contentUrl":"https:\/\/lobosnews.com.ar\/wp-content\/uploads\/2026\/04\/la-ansiedad-digital-ya-afecta-al-60-de-la-juventud-iberoamericana-19.jpg","width":1920,"height":1080,"caption":"La ansiedad digital ya afecta al 60% de la juventud iberoamericana"},{"@type":"BreadcrumbList","@id":"https:\/\/lobosnews.com.ar\/index.php\/2026\/04\/27\/la-ansiedad-digital-ya-afecta-al-60-de-la-juventud-iberoamericana-2\/#breadcrumb","itemListElement":[{"@type":"ListItem","position":1,"name":"Portada","item":"https:\/\/lobosnews.com.ar\/"},{"@type":"ListItem","position":2,"name":"La ansiedad digital ya afecta al 60% de la juventud iberoamericana"}]},{"@type":"WebSite","@id":"https:\/\/lobosnews.com.ar\/#website","url":"https:\/\/lobosnews.com.ar\/","name":"Lobos News","description":"Informaci\u00f3n a cada instante","publisher":{"@id":"https:\/\/lobosnews.com.ar\/#organization"},"potentialAction":[{"@type":"SearchAction","target":{"@type":"EntryPoint","urlTemplate":"https:\/\/lobosnews.com.ar\/?s={search_term_string}"},"query-input":{"@type":"PropertyValueSpecification","valueRequired":true,"valueName":"search_term_string"}}],"inLanguage":"es"},{"@type":"Organization","@id":"https:\/\/lobosnews.com.ar\/#organization","name":"Lobos News","url":"https:\/\/lobosnews.com.ar\/","logo":{"@type":"ImageObject","inLanguage":"es","@id":"https:\/\/lobosnews.com.ar\/#\/schema\/logo\/image\/","url":"https:\/\/lobosnews.com.ar\/wp-content\/uploads\/2026\/01\/logo-lobosnews.png","contentUrl":"https:\/\/lobosnews.com.ar\/wp-content\/uploads\/2026\/01\/logo-lobosnews.png","width":500,"height":200,"caption":"Lobos News"},"image":{"@id":"https:\/\/lobosnews.com.ar\/#\/schema\/logo\/image\/"}},{"@type":"Person","@id":"https:\/\/lobosnews.com.ar\/#\/schema\/person\/232422a593d5c541dd9aef6aaed10943","name":"admin","image":{"@type":"ImageObject","inLanguage":"es","@id":"https:\/\/lobosnews.com.ar\/#\/schema\/person\/image\/","url":"https:\/\/secure.gravatar.com\/avatar\/76e419471a2083bc3ceab22a763dbbf9b0c1bd15a6214cf3280e2c2dde4580f9?s=96&d=mm&r=g","contentUrl":"https:\/\/secure.gravatar.com\/avatar\/76e419471a2083bc3ceab22a763dbbf9b0c1bd15a6214cf3280e2c2dde4580f9?s=96&d=mm&r=g","caption":"admin"},"sameAs":["https:\/\/lobosnews.com.ar"],"url":"https:\/\/lobosnews.com.ar\/index.php\/author\/lobos-news\/"}]}},"jetpack_featured_media_url":"https:\/\/lobosnews.com.ar\/wp-content\/uploads\/2026\/04\/la-ansiedad-digital-ya-afecta-al-60-de-la-juventud-iberoamericana-19.jpg","jetpack_sharing_enabled":true,"_links":{"self":[{"href":"https:\/\/lobosnews.com.ar\/index.php\/wp-json\/wp\/v2\/posts\/46047","targetHints":{"allow":["GET"]}}],"collection":[{"href":"https:\/\/lobosnews.com.ar\/index.php\/wp-json\/wp\/v2\/posts"}],"about":[{"href":"https:\/\/lobosnews.com.ar\/index.php\/wp-json\/wp\/v2\/types\/post"}],"author":[{"embeddable":true,"href":"https:\/\/lobosnews.com.ar\/index.php\/wp-json\/wp\/v2\/users\/1"}],"replies":[{"embeddable":true,"href":"https:\/\/lobosnews.com.ar\/index.php\/wp-json\/wp\/v2\/comments?post=46047"}],"version-history":[{"count":1,"href":"https:\/\/lobosnews.com.ar\/index.php\/wp-json\/wp\/v2\/posts\/46047\/revisions"}],"predecessor-version":[{"id":46060,"href":"https:\/\/lobosnews.com.ar\/index.php\/wp-json\/wp\/v2\/posts\/46047\/revisions\/46060"}],"wp:featuredmedia":[{"embeddable":true,"href":"https:\/\/lobosnews.com.ar\/index.php\/wp-json\/wp\/v2\/media\/46061"}],"wp:attachment":[{"href":"https:\/\/lobosnews.com.ar\/index.php\/wp-json\/wp\/v2\/media?parent=46047"}],"wp:term":[{"taxonomy":"category","embeddable":true,"href":"https:\/\/lobosnews.com.ar\/index.php\/wp-json\/wp\/v2\/categories?post=46047"},{"taxonomy":"post_tag","embeddable":true,"href":"https:\/\/lobosnews.com.ar\/index.php\/wp-json\/wp\/v2\/tags?post=46047"}],"curies":[{"name":"wp","href":"https:\/\/api.w.org\/{rel}","templated":true}]}}