{"id":46036,"date":"2026-04-27T03:58:05","date_gmt":"2026-04-27T03:58:05","guid":{"rendered":"https:\/\/lobosnews.com.ar\/index.php\/2026\/04\/27\/el-homenaje-a-susana-gimenez-en-el-martin-fierro-de-la-moda-todos-me-reconocen-por-lo-que-yo-me-pongo-y-a-mi-me-gusta\/"},"modified":"2026-04-27T08:48:45","modified_gmt":"2026-04-27T08:48:45","slug":"el-homenaje-a-susana-gimenez-en-el-martin-fierro-de-la-moda-todos-me-reconocen-por-lo-que-yo-me-pongo-y-a-mi-me-gusta","status":"publish","type":"post","link":"https:\/\/lobosnews.com.ar\/index.php\/2026\/04\/27\/el-homenaje-a-susana-gimenez-en-el-martin-fierro-de-la-moda-todos-me-reconocen-por-lo-que-yo-me-pongo-y-a-mi-me-gusta\/","title":{"rendered":"El homenaje a Susana Gim\u00e9nez en el Mart\u00edn Fierro de la Moda: \u201cTodos me reconocen por lo que yo me pongo y a m\u00ed me gusta\u201d"},"content":{"rendered":"<p><span class=\"waslinkname\"><b>Susana Gim\u00e9nez<\/b><\/span> marc\u00f3 un antes y un despu\u00e9s en la moda argentina, convirti\u00e9ndose en referente indiscutida tanto en televisi\u00f3n como en la cultura popular. Su capacidad para reinventar su imagen, imponer tendencias y transformar el vestuario en parte fundamental de su personaje p\u00fablico la consolid\u00f3 como figura ic\u00f3nica durante d\u00e9cadas. El impacto de Susana trasciende la pantalla y se refleja en generaciones de dise\u00f1adores, modelos y espectadores, que reconocen en su estilo una fuente constante de inspiraci\u00f3n y modernidad.<\/p>\n<p>Es por eso que la cuarta edici\u00f3n de los<span class=\"waslinkname\"><i><b> <\/b><\/i><b>Premios Mart\u00edn Fierro de la Moda 2026<\/b> <\/span>incluy\u00f3 un homenaje especial a Gim\u00e9nez. \u201cEl momento muy especial\u201d de la noche, seg\u00fan los conductores, estuvo dedicado a \u201cuna figura que ha trascendido generaciones. Es sin\u00f3nimo de estilo, carisma, presencia\u201d, en palabras del conductor, y \u201cdue\u00f1a de una elegancia inconfundible\u201d que supo construir \u201cun estilo \u00fanico\u201d.<\/p>\n<p><img loading=\"lazy\" decoding=\"async\" src=\"https:\/\/lobosnews.com.ar\/wp-content\/uploads\/2026\/04\/el-homenaje-a-susana-gimenez-en-el-martin-fierro-de-la-moda-todos-me-reconocen-por-lo-que-yo-me-pongo-y-a-mi-me-gusta.jpg\" alt=\"Susana junto a Adri\u00e1n Appiolaza, el argentino que es director creativo de Moschino y el encargado de darle la estatuilla (RS Fotos)\" height=\"1920\" width=\"2700\"\/><\/p>\n<p>La ceremonia distingui\u00f3 a la actriz y conductoraa con un video que repas\u00f3 momentos representativos de su carrera, resaltando su impronta personal y el modo en que marc\u00f3 tendencia a lo largo de las d\u00e9cadas. Al finalizar el <i>tape<\/i>, un grupo de modelos desfil\u00f3 sobre el escenario luciendo prendas que evocaron etapas clave en la trayectoria de Susana, tanto en televisi\u00f3n como en eventos p\u00fablicos. Los looks elegidos reflejaron el recorrido de la diva a trav\u00e9s de seis conjuntos impactantes, cada uno asociado a una \u00e9poca o evento inolvidable de su vida profesional.<\/p>\n<p>Sentada en primera fila junto a su hija Mercedes, Susana no pudo contener la emoci\u00f3n y la sorpresa al ver su historia retratada en la pasarela. El homenaje provoc\u00f3 una reacci\u00f3n inmediata en el p\u00fablico, que acompa\u00f1\u00f3 la escena con un aplauso. Iv\u00e1n de Pineda la invit\u00f3 a subir al escenario expresando: \u201c<b>Un aplauso para ella, ic\u00f3nica de la moda del espect\u00e1culo argentino<\/b>\u201d. De este modo, la animadora acept\u00f3 la estatuilla, que se la entreg\u00f3 el dise\u00f1ador creativo de Moschino <b>Adri\u00e1n Appiolaza<\/b>, en reconocimiento a su legado y su influencia perdurable en el universo de la moda nacional. <\/p>\n<p><img loading=\"lazy\" decoding=\"async\" src=\"https:\/\/lobosnews.com.ar\/wp-content\/uploads\/2026\/04\/el-homenaje-a-susana-gimenez-en-el-martin-fierro-de-la-moda-todos-me-reconocen-por-lo-que-yo-me-pongo-y-a-mi-me-gusta-1.jpg\" alt=\"\"Estoy feliz porque todo el mundo me reconoce con lo que yo me pongo y a m\u00ed me gusta\u201d, destac\u00f3 Susana Gim\u00e9nez en su discurso (Telefe)\" height=\"1090\" width=\"1980\"\/><\/p>\n<p>Al subirse al escenario, Susana relat\u00f3 sus sensaciones al ver los grandes looks que us\u00f3 a lo largo de su extensa carrera en la pantalla chica durante m\u00e1s de tres d\u00e9cadas:<b> \u201cMe pasaron tantas cosas cuando ve\u00eda eso. Pasaron las d\u00e9cadas y dije \u2018Qu\u00e9 guachos\u2018. D\u00e9cadas, d\u00e9cadas, d\u00e9cadas, \u00bfCu\u00e1nto hice el programa \u00bf35 a\u00f1os?\u201d<\/b>.<\/p>\n<p>La animadora record\u00f3 sus comienzos en la televisi\u00f3n y el v\u00ednculo con la moda argentina: \u201cHab\u00eda mucha moda argentina cuando yo empec\u00e9 y ped\u00edas prestado y despu\u00e9s devolv\u00edas. Despu\u00e9s con el programa diario, me paso a este canal y era todo una cosa de locos\u201d. Cont\u00f3 c\u00f3mo defini\u00f3 su estilo propio: \u201cDije \u2018tengo que cambiar un poco de look\u2019 y <b>me puse mi estilo, pero me lo compro. Esa es la desgracia<\/b>. Estoy feliz porque <b>todo el mundo me reconoce con lo que yo me pongo y a m\u00ed me gusta<\/b>\u201d.<\/p>\n<p>La animadora manifest\u00f3 su sorpresa por la distinci\u00f3n: \u201cEs la primera vez que me dan el Mart\u00edn Fierro de la Moda, pero la verdad que fue tan impresionante que me qued\u00e9 muda, tuve que tomar agua en c\u00e1mara. <b>Es brutal lo que hicieron<\/b>\u201d. Agradeci\u00f3 a quienes participaron en el homenaje: \u201cQuiero agradecerle la idea a Fede Levrino que es mi productor, a Gustavo, el nuevo due\u00f1o del canal y al director que hizo esto. Es impresionante lo que logr\u00f3 con inteligencia artificial.\u201d<\/p>\n<p>El cierre de su intervenci\u00f3n tuvo el humor caracter\u00edstico de la diva, al reclamar en tono divertido: \u201c\u00bfD\u00f3nde est\u00e1n los brillantes?\u201d. As\u00ed, combin\u00f3 recuerdos, agradecimientos y su sello personal en una noche que la consagr\u00f3 como referente indiscutida de la moda y la televisi\u00f3n argentina.<\/p>\n","protected":false},"excerpt":{"rendered":"<p>Susana Gim\u00e9nez marc\u00f3 un antes y un despu\u00e9s en la moda argentina, convirti\u00e9ndose en referente indiscutida tanto en televisi\u00f3n como en la cultura popular. Su capacidad para reinventar su imagen, imponer tendencias y transformar el vestuario en parte fundamental de su personaje p\u00fablico la consolid\u00f3 como figura ic\u00f3nica durante d\u00e9cadas. El impacto de Susana trasciende&#8230;<\/p>\n","protected":false},"author":1,"featured_media":46044,"comment_status":"open","ping_status":"closed","sticky":false,"template":"","format":"standard","meta":{"_jetpack_memberships_contains_paid_content":false,"footnotes":""},"categories":[79],"tags":[],"class_list":["post-46036","post","type-post","status-publish","format-standard","has-post-thumbnail","hentry","category-cine-y-series"],"magazineBlocksPostFeaturedMedia":{"thumbnail":"https:\/\/lobosnews.com.ar\/wp-content\/uploads\/2026\/04\/el-homenaje-a-susana-gimenez-en-el-martin-fierro-de-la-moda-todos-me-reconocen-por-lo-que-yo-me-pongo-y-a-mi-me-gusta-3-150x150.jpg","medium":"https:\/\/lobosnews.com.ar\/wp-content\/uploads\/2026\/04\/el-homenaje-a-susana-gimenez-en-el-martin-fierro-de-la-moda-todos-me-reconocen-por-lo-que-yo-me-pongo-y-a-mi-me-gusta-3-300x165.jpg","medium_large":"https:\/\/lobosnews.com.ar\/wp-content\/uploads\/2026\/04\/el-homenaje-a-susana-gimenez-en-el-martin-fierro-de-la-moda-todos-me-reconocen-por-lo-que-yo-me-pongo-y-a-mi-me-gusta-3-768x423.jpg","large":"https:\/\/lobosnews.com.ar\/wp-content\/uploads\/2026\/04\/el-homenaje-a-susana-gimenez-en-el-martin-fierro-de-la-moda-todos-me-reconocen-por-lo-que-yo-me-pongo-y-a-mi-me-gusta-3-1024x564.jpg","1536x1536":"https:\/\/lobosnews.com.ar\/wp-content\/uploads\/2026\/04\/el-homenaje-a-susana-gimenez-en-el-martin-fierro-de-la-moda-todos-me-reconocen-por-lo-que-yo-me-pongo-y-a-mi-me-gusta-3-1536x846.jpg","2048x2048":"https:\/\/lobosnews.com.ar\/wp-content\/uploads\/2026\/04\/el-homenaje-a-susana-gimenez-en-el-martin-fierro-de-la-moda-todos-me-reconocen-por-lo-que-yo-me-pongo-y-a-mi-me-gusta-3.jpg","newsmatic-featured":"https:\/\/lobosnews.com.ar\/wp-content\/uploads\/2026\/04\/el-homenaje-a-susana-gimenez-en-el-martin-fierro-de-la-moda-todos-me-reconocen-por-lo-que-yo-me-pongo-y-a-mi-me-gusta-3-820x545.jpg","newsmatic-list":"https:\/\/lobosnews.com.ar\/wp-content\/uploads\/2026\/04\/el-homenaje-a-susana-gimenez-en-el-martin-fierro-de-la-moda-todos-me-reconocen-por-lo-que-yo-me-pongo-y-a-mi-me-gusta-3-600x400.jpg","newsmatic-thumb":"https:\/\/lobosnews.com.ar\/wp-content\/uploads\/2026\/04\/el-homenaje-a-susana-gimenez-en-el-martin-fierro-de-la-moda-todos-me-reconocen-por-lo-que-yo-me-pongo-y-a-mi-me-gusta-3-300x200.jpg","newsmatic-small":"https:\/\/lobosnews.com.ar\/wp-content\/uploads\/2026\/04\/el-homenaje-a-susana-gimenez-en-el-martin-fierro-de-la-moda-todos-me-reconocen-por-lo-que-yo-me-pongo-y-a-mi-me-gusta-3-150x95.jpg","newsmatic-grid":"https:\/\/lobosnews.com.ar\/wp-content\/uploads\/2026\/04\/el-homenaje-a-susana-gimenez-en-el-martin-fierro-de-la-moda-todos-me-reconocen-por-lo-que-yo-me-pongo-y-a-mi-me-gusta-3-400x250.jpg"},"magazineBlocksPostAuthor":{"name":"admin","avatar":"https:\/\/secure.gravatar.com\/avatar\/76e419471a2083bc3ceab22a763dbbf9b0c1bd15a6214cf3280e2c2dde4580f9?s=96&d=mm&r=g"},"magazineBlocksPostCommentsNumber":"0","magazineBlocksPostExcerpt":"Susana Gim\u00e9nez marc\u00f3 un antes y un despu\u00e9s en la moda argentina, convirti\u00e9ndose en referente indiscutida tanto en televisi\u00f3n como en la cultura popular. Su capacidad para reinventar su imagen, imponer tendencias y transformar el vestuario en parte fundamental de su personaje p\u00fablico la consolid\u00f3 como figura ic\u00f3nica durante d\u00e9cadas. El impacto de Susana trasciende...","magazineBlocksPostCategories":["Cine y Series"],"magazineBlocksPostViewCount":10,"magazineBlocksPostReadTime":2,"magazine_blocks_featured_image_url":{"full":["https:\/\/lobosnews.com.ar\/wp-content\/uploads\/2026\/04\/el-homenaje-a-susana-gimenez-en-el-martin-fierro-de-la-moda-todos-me-reconocen-por-lo-que-yo-me-pongo-y-a-mi-me-gusta-3.jpg",1980,1090,false],"medium":["https:\/\/lobosnews.com.ar\/wp-content\/uploads\/2026\/04\/el-homenaje-a-susana-gimenez-en-el-martin-fierro-de-la-moda-todos-me-reconocen-por-lo-que-yo-me-pongo-y-a-mi-me-gusta-3-300x165.jpg",300,165,true],"thumbnail":["https:\/\/lobosnews.com.ar\/wp-content\/uploads\/2026\/04\/el-homenaje-a-susana-gimenez-en-el-martin-fierro-de-la-moda-todos-me-reconocen-por-lo-que-yo-me-pongo-y-a-mi-me-gusta-3-150x150.jpg",150,150,true]},"magazine_blocks_author":{"display_name":"admin","author_link":"https:\/\/lobosnews.com.ar\/index.php\/author\/lobos-news\/"},"magazine_blocks_comment":0,"magazine_blocks_author_image":"https:\/\/secure.gravatar.com\/avatar\/76e419471a2083bc3ceab22a763dbbf9b0c1bd15a6214cf3280e2c2dde4580f9?s=96&d=mm&r=g","magazine_blocks_category":"<a href=\"#\" class=\"category-link category-link-79\">Cine y Series<\/a>","yoast_head":"<!-- This site is optimized with the Yoast SEO plugin v26.6 - https:\/\/yoast.com\/wordpress\/plugins\/seo\/ -->\n<title>El homenaje a Susana Gim\u00e9nez en el Mart\u00edn Fierro de la Moda: \u201cTodos me reconocen por lo que yo me pongo y a m\u00ed me gusta\u201d - Lobos News<\/title>\n<meta name=\"robots\" content=\"index, follow, max-snippet:-1, max-image-preview:large, max-video-preview:-1\" \/>\n<link rel=\"canonical\" href=\"https:\/\/lobosnews.com.ar\/index.php\/2026\/04\/27\/el-homenaje-a-susana-gimenez-en-el-martin-fierro-de-la-moda-todos-me-reconocen-por-lo-que-yo-me-pongo-y-a-mi-me-gusta\/\" \/>\n<meta property=\"og:locale\" content=\"es_ES\" \/>\n<meta property=\"og:type\" content=\"article\" \/>\n<meta property=\"og:title\" content=\"El homenaje a Susana Gim\u00e9nez en el Mart\u00edn Fierro de la Moda: \u201cTodos me reconocen por lo que yo me pongo y a m\u00ed me gusta\u201d - Lobos News\" \/>\n<meta property=\"og:description\" content=\"Susana Gim\u00e9nez marc\u00f3 un antes y un despu\u00e9s en la moda argentina, convirti\u00e9ndose en referente indiscutida tanto en televisi\u00f3n como en la cultura popular. Su capacidad para reinventar su imagen, imponer tendencias y transformar el vestuario en parte fundamental de su personaje p\u00fablico la consolid\u00f3 como figura ic\u00f3nica durante d\u00e9cadas. El impacto de Susana trasciende...\" \/>\n<meta property=\"og:url\" content=\"https:\/\/lobosnews.com.ar\/index.php\/2026\/04\/27\/el-homenaje-a-susana-gimenez-en-el-martin-fierro-de-la-moda-todos-me-reconocen-por-lo-que-yo-me-pongo-y-a-mi-me-gusta\/\" \/>\n<meta property=\"og:site_name\" content=\"Lobos News\" \/>\n<meta property=\"article:published_time\" content=\"2026-04-27T03:58:05+00:00\" \/>\n<meta property=\"article:modified_time\" content=\"2026-04-27T08:48:45+00:00\" \/>\n<meta property=\"og:image\" content=\"https:\/\/lobosnews.com.ar\/wp-content\/uploads\/2026\/04\/el-homenaje-a-susana-gimenez-en-el-martin-fierro-de-la-moda-todos-me-reconocen-por-lo-que-yo-me-pongo-y-a-mi-me-gusta.jpg\" \/>\n<meta name=\"author\" content=\"admin\" \/>\n<meta name=\"twitter:card\" content=\"summary_large_image\" \/>\n<meta name=\"twitter:label1\" content=\"Escrito por\" \/>\n\t<meta name=\"twitter:data1\" content=\"admin\" \/>\n\t<meta name=\"twitter:label2\" content=\"Tiempo de lectura\" \/>\n\t<meta name=\"twitter:data2\" content=\"2 minutos\" \/>\n<script type=\"application\/ld+json\" class=\"yoast-schema-graph\">{\"@context\":\"https:\/\/schema.org\",\"@graph\":[{\"@type\":\"Article\",\"@id\":\"https:\/\/lobosnews.com.ar\/index.php\/2026\/04\/27\/el-homenaje-a-susana-gimenez-en-el-martin-fierro-de-la-moda-todos-me-reconocen-por-lo-que-yo-me-pongo-y-a-mi-me-gusta\/#article\",\"isPartOf\":{\"@id\":\"https:\/\/lobosnews.com.ar\/index.php\/2026\/04\/27\/el-homenaje-a-susana-gimenez-en-el-martin-fierro-de-la-moda-todos-me-reconocen-por-lo-que-yo-me-pongo-y-a-mi-me-gusta\/\"},\"author\":{\"name\":\"admin\",\"@id\":\"https:\/\/lobosnews.com.ar\/#\/schema\/person\/232422a593d5c541dd9aef6aaed10943\"},\"headline\":\"El homenaje a Susana Gim\u00e9nez en el Mart\u00edn Fierro de la Moda: \u201cTodos me reconocen por lo que yo me pongo y a m\u00ed me gusta\u201d\",\"datePublished\":\"2026-04-27T03:58:05+00:00\",\"dateModified\":\"2026-04-27T08:48:45+00:00\",\"mainEntityOfPage\":{\"@id\":\"https:\/\/lobosnews.com.ar\/index.php\/2026\/04\/27\/el-homenaje-a-susana-gimenez-en-el-martin-fierro-de-la-moda-todos-me-reconocen-por-lo-que-yo-me-pongo-y-a-mi-me-gusta\/\"},\"wordCount\":387,\"commentCount\":0,\"publisher\":{\"@id\":\"https:\/\/lobosnews.com.ar\/#organization\"},\"image\":{\"@id\":\"https:\/\/lobosnews.com.ar\/index.php\/2026\/04\/27\/el-homenaje-a-susana-gimenez-en-el-martin-fierro-de-la-moda-todos-me-reconocen-por-lo-que-yo-me-pongo-y-a-mi-me-gusta\/#primaryimage\"},\"thumbnailUrl\":\"https:\/\/lobosnews.com.ar\/wp-content\/uploads\/2026\/04\/el-homenaje-a-susana-gimenez-en-el-martin-fierro-de-la-moda-todos-me-reconocen-por-lo-que-yo-me-pongo-y-a-mi-me-gusta-3.jpg\",\"articleSection\":[\"Cine y Series\"],\"inLanguage\":\"es\",\"potentialAction\":[{\"@type\":\"CommentAction\",\"name\":\"Comment\",\"target\":[\"https:\/\/lobosnews.com.ar\/index.php\/2026\/04\/27\/el-homenaje-a-susana-gimenez-en-el-martin-fierro-de-la-moda-todos-me-reconocen-por-lo-que-yo-me-pongo-y-a-mi-me-gusta\/#respond\"]}]},{\"@type\":\"WebPage\",\"@id\":\"https:\/\/lobosnews.com.ar\/index.php\/2026\/04\/27\/el-homenaje-a-susana-gimenez-en-el-martin-fierro-de-la-moda-todos-me-reconocen-por-lo-que-yo-me-pongo-y-a-mi-me-gusta\/\",\"url\":\"https:\/\/lobosnews.com.ar\/index.php\/2026\/04\/27\/el-homenaje-a-susana-gimenez-en-el-martin-fierro-de-la-moda-todos-me-reconocen-por-lo-que-yo-me-pongo-y-a-mi-me-gusta\/\",\"name\":\"El homenaje a Susana Gim\u00e9nez en el Mart\u00edn Fierro de la Moda: \u201cTodos me reconocen por lo que yo me pongo y a m\u00ed me gusta\u201d - Lobos News\",\"isPartOf\":{\"@id\":\"https:\/\/lobosnews.com.ar\/#website\"},\"primaryImageOfPage\":{\"@id\":\"https:\/\/lobosnews.com.ar\/index.php\/2026\/04\/27\/el-homenaje-a-susana-gimenez-en-el-martin-fierro-de-la-moda-todos-me-reconocen-por-lo-que-yo-me-pongo-y-a-mi-me-gusta\/#primaryimage\"},\"image\":{\"@id\":\"https:\/\/lobosnews.com.ar\/index.php\/2026\/04\/27\/el-homenaje-a-susana-gimenez-en-el-martin-fierro-de-la-moda-todos-me-reconocen-por-lo-que-yo-me-pongo-y-a-mi-me-gusta\/#primaryimage\"},\"thumbnailUrl\":\"https:\/\/lobosnews.com.ar\/wp-content\/uploads\/2026\/04\/el-homenaje-a-susana-gimenez-en-el-martin-fierro-de-la-moda-todos-me-reconocen-por-lo-que-yo-me-pongo-y-a-mi-me-gusta-3.jpg\",\"datePublished\":\"2026-04-27T03:58:05+00:00\",\"dateModified\":\"2026-04-27T08:48:45+00:00\",\"breadcrumb\":{\"@id\":\"https:\/\/lobosnews.com.ar\/index.php\/2026\/04\/27\/el-homenaje-a-susana-gimenez-en-el-martin-fierro-de-la-moda-todos-me-reconocen-por-lo-que-yo-me-pongo-y-a-mi-me-gusta\/#breadcrumb\"},\"inLanguage\":\"es\",\"potentialAction\":[{\"@type\":\"ReadAction\",\"target\":[\"https:\/\/lobosnews.com.ar\/index.php\/2026\/04\/27\/el-homenaje-a-susana-gimenez-en-el-martin-fierro-de-la-moda-todos-me-reconocen-por-lo-que-yo-me-pongo-y-a-mi-me-gusta\/\"]}]},{\"@type\":\"ImageObject\",\"inLanguage\":\"es\",\"@id\":\"https:\/\/lobosnews.com.ar\/index.php\/2026\/04\/27\/el-homenaje-a-susana-gimenez-en-el-martin-fierro-de-la-moda-todos-me-reconocen-por-lo-que-yo-me-pongo-y-a-mi-me-gusta\/#primaryimage\",\"url\":\"https:\/\/lobosnews.com.ar\/wp-content\/uploads\/2026\/04\/el-homenaje-a-susana-gimenez-en-el-martin-fierro-de-la-moda-todos-me-reconocen-por-lo-que-yo-me-pongo-y-a-mi-me-gusta-3.jpg\",\"contentUrl\":\"https:\/\/lobosnews.com.ar\/wp-content\/uploads\/2026\/04\/el-homenaje-a-susana-gimenez-en-el-martin-fierro-de-la-moda-todos-me-reconocen-por-lo-que-yo-me-pongo-y-a-mi-me-gusta-3.jpg\",\"width\":1980,\"height\":1090,\"caption\":\"El homenaje a Susana Gim\u00e9nez en el Mart\u00edn Fierro de la Moda: \u201cTodos me reconocen por lo que yo me pongo y a m\u00ed me gusta\u201d\"},{\"@type\":\"BreadcrumbList\",\"@id\":\"https:\/\/lobosnews.com.ar\/index.php\/2026\/04\/27\/el-homenaje-a-susana-gimenez-en-el-martin-fierro-de-la-moda-todos-me-reconocen-por-lo-que-yo-me-pongo-y-a-mi-me-gusta\/#breadcrumb\",\"itemListElement\":[{\"@type\":\"ListItem\",\"position\":1,\"name\":\"Portada\",\"item\":\"https:\/\/lobosnews.com.ar\/\"},{\"@type\":\"ListItem\",\"position\":2,\"name\":\"El homenaje a Susana Gim\u00e9nez en el Mart\u00edn Fierro de la Moda: \u201cTodos me reconocen por lo que yo me pongo y a m\u00ed me gusta\u201d\"}]},{\"@type\":\"WebSite\",\"@id\":\"https:\/\/lobosnews.com.ar\/#website\",\"url\":\"https:\/\/lobosnews.com.ar\/\",\"name\":\"Lobos News\",\"description\":\"Informaci\u00f3n a cada instante\",\"publisher\":{\"@id\":\"https:\/\/lobosnews.com.ar\/#organization\"},\"potentialAction\":[{\"@type\":\"SearchAction\",\"target\":{\"@type\":\"EntryPoint\",\"urlTemplate\":\"https:\/\/lobosnews.com.ar\/?s={search_term_string}\"},\"query-input\":{\"@type\":\"PropertyValueSpecification\",\"valueRequired\":true,\"valueName\":\"search_term_string\"}}],\"inLanguage\":\"es\"},{\"@type\":\"Organization\",\"@id\":\"https:\/\/lobosnews.com.ar\/#organization\",\"name\":\"Lobos News\",\"url\":\"https:\/\/lobosnews.com.ar\/\",\"logo\":{\"@type\":\"ImageObject\",\"inLanguage\":\"es\",\"@id\":\"https:\/\/lobosnews.com.ar\/#\/schema\/logo\/image\/\",\"url\":\"https:\/\/lobosnews.com.ar\/wp-content\/uploads\/2026\/01\/logo-lobosnews.png\",\"contentUrl\":\"https:\/\/lobosnews.com.ar\/wp-content\/uploads\/2026\/01\/logo-lobosnews.png\",\"width\":500,\"height\":200,\"caption\":\"Lobos News\"},\"image\":{\"@id\":\"https:\/\/lobosnews.com.ar\/#\/schema\/logo\/image\/\"}},{\"@type\":\"Person\",\"@id\":\"https:\/\/lobosnews.com.ar\/#\/schema\/person\/232422a593d5c541dd9aef6aaed10943\",\"name\":\"admin\",\"image\":{\"@type\":\"ImageObject\",\"inLanguage\":\"es\",\"@id\":\"https:\/\/lobosnews.com.ar\/#\/schema\/person\/image\/\",\"url\":\"https:\/\/secure.gravatar.com\/avatar\/76e419471a2083bc3ceab22a763dbbf9b0c1bd15a6214cf3280e2c2dde4580f9?s=96&d=mm&r=g\",\"contentUrl\":\"https:\/\/secure.gravatar.com\/avatar\/76e419471a2083bc3ceab22a763dbbf9b0c1bd15a6214cf3280e2c2dde4580f9?s=96&d=mm&r=g\",\"caption\":\"admin\"},\"sameAs\":[\"https:\/\/lobosnews.com.ar\"],\"url\":\"https:\/\/lobosnews.com.ar\/index.php\/author\/lobos-news\/\"}]}<\/script>\n<!-- \/ Yoast SEO plugin. -->","yoast_head_json":{"title":"El homenaje a Susana Gim\u00e9nez en el Mart\u00edn Fierro de la Moda: \u201cTodos me reconocen por lo que yo me pongo y a m\u00ed me gusta\u201d - Lobos News","robots":{"index":"index","follow":"follow","max-snippet":"max-snippet:-1","max-image-preview":"max-image-preview:large","max-video-preview":"max-video-preview:-1"},"canonical":"https:\/\/lobosnews.com.ar\/index.php\/2026\/04\/27\/el-homenaje-a-susana-gimenez-en-el-martin-fierro-de-la-moda-todos-me-reconocen-por-lo-que-yo-me-pongo-y-a-mi-me-gusta\/","og_locale":"es_ES","og_type":"article","og_title":"El homenaje a Susana Gim\u00e9nez en el Mart\u00edn Fierro de la Moda: \u201cTodos me reconocen por lo que yo me pongo y a m\u00ed me gusta\u201d - Lobos News","og_description":"Susana Gim\u00e9nez marc\u00f3 un antes y un despu\u00e9s en la moda argentina, convirti\u00e9ndose en referente indiscutida tanto en televisi\u00f3n como en la cultura popular. Su capacidad para reinventar su imagen, imponer tendencias y transformar el vestuario en parte fundamental de su personaje p\u00fablico la consolid\u00f3 como figura ic\u00f3nica durante d\u00e9cadas. El impacto de Susana trasciende...","og_url":"https:\/\/lobosnews.com.ar\/index.php\/2026\/04\/27\/el-homenaje-a-susana-gimenez-en-el-martin-fierro-de-la-moda-todos-me-reconocen-por-lo-que-yo-me-pongo-y-a-mi-me-gusta\/","og_site_name":"Lobos News","article_published_time":"2026-04-27T03:58:05+00:00","article_modified_time":"2026-04-27T08:48:45+00:00","og_image":[{"url":"https:\/\/lobosnews.com.ar\/wp-content\/uploads\/2026\/04\/el-homenaje-a-susana-gimenez-en-el-martin-fierro-de-la-moda-todos-me-reconocen-por-lo-que-yo-me-pongo-y-a-mi-me-gusta.jpg","type":"","width":"","height":""}],"author":"admin","twitter_card":"summary_large_image","twitter_misc":{"Escrito por":"admin","Tiempo de lectura":"2 minutos"},"schema":{"@context":"https:\/\/schema.org","@graph":[{"@type":"Article","@id":"https:\/\/lobosnews.com.ar\/index.php\/2026\/04\/27\/el-homenaje-a-susana-gimenez-en-el-martin-fierro-de-la-moda-todos-me-reconocen-por-lo-que-yo-me-pongo-y-a-mi-me-gusta\/#article","isPartOf":{"@id":"https:\/\/lobosnews.com.ar\/index.php\/2026\/04\/27\/el-homenaje-a-susana-gimenez-en-el-martin-fierro-de-la-moda-todos-me-reconocen-por-lo-que-yo-me-pongo-y-a-mi-me-gusta\/"},"author":{"name":"admin","@id":"https:\/\/lobosnews.com.ar\/#\/schema\/person\/232422a593d5c541dd9aef6aaed10943"},"headline":"El homenaje a Susana Gim\u00e9nez en el Mart\u00edn Fierro de la Moda: \u201cTodos me reconocen por lo que yo me pongo y a m\u00ed me gusta\u201d","datePublished":"2026-04-27T03:58:05+00:00","dateModified":"2026-04-27T08:48:45+00:00","mainEntityOfPage":{"@id":"https:\/\/lobosnews.com.ar\/index.php\/2026\/04\/27\/el-homenaje-a-susana-gimenez-en-el-martin-fierro-de-la-moda-todos-me-reconocen-por-lo-que-yo-me-pongo-y-a-mi-me-gusta\/"},"wordCount":387,"commentCount":0,"publisher":{"@id":"https:\/\/lobosnews.com.ar\/#organization"},"image":{"@id":"https:\/\/lobosnews.com.ar\/index.php\/2026\/04\/27\/el-homenaje-a-susana-gimenez-en-el-martin-fierro-de-la-moda-todos-me-reconocen-por-lo-que-yo-me-pongo-y-a-mi-me-gusta\/#primaryimage"},"thumbnailUrl":"https:\/\/lobosnews.com.ar\/wp-content\/uploads\/2026\/04\/el-homenaje-a-susana-gimenez-en-el-martin-fierro-de-la-moda-todos-me-reconocen-por-lo-que-yo-me-pongo-y-a-mi-me-gusta-3.jpg","articleSection":["Cine y Series"],"inLanguage":"es","potentialAction":[{"@type":"CommentAction","name":"Comment","target":["https:\/\/lobosnews.com.ar\/index.php\/2026\/04\/27\/el-homenaje-a-susana-gimenez-en-el-martin-fierro-de-la-moda-todos-me-reconocen-por-lo-que-yo-me-pongo-y-a-mi-me-gusta\/#respond"]}]},{"@type":"WebPage","@id":"https:\/\/lobosnews.com.ar\/index.php\/2026\/04\/27\/el-homenaje-a-susana-gimenez-en-el-martin-fierro-de-la-moda-todos-me-reconocen-por-lo-que-yo-me-pongo-y-a-mi-me-gusta\/","url":"https:\/\/lobosnews.com.ar\/index.php\/2026\/04\/27\/el-homenaje-a-susana-gimenez-en-el-martin-fierro-de-la-moda-todos-me-reconocen-por-lo-que-yo-me-pongo-y-a-mi-me-gusta\/","name":"El homenaje a Susana Gim\u00e9nez en el Mart\u00edn Fierro de la Moda: \u201cTodos me reconocen por lo que yo me pongo y a m\u00ed me gusta\u201d - Lobos News","isPartOf":{"@id":"https:\/\/lobosnews.com.ar\/#website"},"primaryImageOfPage":{"@id":"https:\/\/lobosnews.com.ar\/index.php\/2026\/04\/27\/el-homenaje-a-susana-gimenez-en-el-martin-fierro-de-la-moda-todos-me-reconocen-por-lo-que-yo-me-pongo-y-a-mi-me-gusta\/#primaryimage"},"image":{"@id":"https:\/\/lobosnews.com.ar\/index.php\/2026\/04\/27\/el-homenaje-a-susana-gimenez-en-el-martin-fierro-de-la-moda-todos-me-reconocen-por-lo-que-yo-me-pongo-y-a-mi-me-gusta\/#primaryimage"},"thumbnailUrl":"https:\/\/lobosnews.com.ar\/wp-content\/uploads\/2026\/04\/el-homenaje-a-susana-gimenez-en-el-martin-fierro-de-la-moda-todos-me-reconocen-por-lo-que-yo-me-pongo-y-a-mi-me-gusta-3.jpg","datePublished":"2026-04-27T03:58:05+00:00","dateModified":"2026-04-27T08:48:45+00:00","breadcrumb":{"@id":"https:\/\/lobosnews.com.ar\/index.php\/2026\/04\/27\/el-homenaje-a-susana-gimenez-en-el-martin-fierro-de-la-moda-todos-me-reconocen-por-lo-que-yo-me-pongo-y-a-mi-me-gusta\/#breadcrumb"},"inLanguage":"es","potentialAction":[{"@type":"ReadAction","target":["https:\/\/lobosnews.com.ar\/index.php\/2026\/04\/27\/el-homenaje-a-susana-gimenez-en-el-martin-fierro-de-la-moda-todos-me-reconocen-por-lo-que-yo-me-pongo-y-a-mi-me-gusta\/"]}]},{"@type":"ImageObject","inLanguage":"es","@id":"https:\/\/lobosnews.com.ar\/index.php\/2026\/04\/27\/el-homenaje-a-susana-gimenez-en-el-martin-fierro-de-la-moda-todos-me-reconocen-por-lo-que-yo-me-pongo-y-a-mi-me-gusta\/#primaryimage","url":"https:\/\/lobosnews.com.ar\/wp-content\/uploads\/2026\/04\/el-homenaje-a-susana-gimenez-en-el-martin-fierro-de-la-moda-todos-me-reconocen-por-lo-que-yo-me-pongo-y-a-mi-me-gusta-3.jpg","contentUrl":"https:\/\/lobosnews.com.ar\/wp-content\/uploads\/2026\/04\/el-homenaje-a-susana-gimenez-en-el-martin-fierro-de-la-moda-todos-me-reconocen-por-lo-que-yo-me-pongo-y-a-mi-me-gusta-3.jpg","width":1980,"height":1090,"caption":"El homenaje a Susana Gim\u00e9nez en el Mart\u00edn Fierro de la Moda: \u201cTodos me reconocen por lo que yo me pongo y a m\u00ed me gusta\u201d"},{"@type":"BreadcrumbList","@id":"https:\/\/lobosnews.com.ar\/index.php\/2026\/04\/27\/el-homenaje-a-susana-gimenez-en-el-martin-fierro-de-la-moda-todos-me-reconocen-por-lo-que-yo-me-pongo-y-a-mi-me-gusta\/#breadcrumb","itemListElement":[{"@type":"ListItem","position":1,"name":"Portada","item":"https:\/\/lobosnews.com.ar\/"},{"@type":"ListItem","position":2,"name":"El homenaje a Susana Gim\u00e9nez en el Mart\u00edn Fierro de la Moda: \u201cTodos me reconocen por lo que yo me pongo y a m\u00ed me gusta\u201d"}]},{"@type":"WebSite","@id":"https:\/\/lobosnews.com.ar\/#website","url":"https:\/\/lobosnews.com.ar\/","name":"Lobos News","description":"Informaci\u00f3n a cada instante","publisher":{"@id":"https:\/\/lobosnews.com.ar\/#organization"},"potentialAction":[{"@type":"SearchAction","target":{"@type":"EntryPoint","urlTemplate":"https:\/\/lobosnews.com.ar\/?s={search_term_string}"},"query-input":{"@type":"PropertyValueSpecification","valueRequired":true,"valueName":"search_term_string"}}],"inLanguage":"es"},{"@type":"Organization","@id":"https:\/\/lobosnews.com.ar\/#organization","name":"Lobos News","url":"https:\/\/lobosnews.com.ar\/","logo":{"@type":"ImageObject","inLanguage":"es","@id":"https:\/\/lobosnews.com.ar\/#\/schema\/logo\/image\/","url":"https:\/\/lobosnews.com.ar\/wp-content\/uploads\/2026\/01\/logo-lobosnews.png","contentUrl":"https:\/\/lobosnews.com.ar\/wp-content\/uploads\/2026\/01\/logo-lobosnews.png","width":500,"height":200,"caption":"Lobos News"},"image":{"@id":"https:\/\/lobosnews.com.ar\/#\/schema\/logo\/image\/"}},{"@type":"Person","@id":"https:\/\/lobosnews.com.ar\/#\/schema\/person\/232422a593d5c541dd9aef6aaed10943","name":"admin","image":{"@type":"ImageObject","inLanguage":"es","@id":"https:\/\/lobosnews.com.ar\/#\/schema\/person\/image\/","url":"https:\/\/secure.gravatar.com\/avatar\/76e419471a2083bc3ceab22a763dbbf9b0c1bd15a6214cf3280e2c2dde4580f9?s=96&d=mm&r=g","contentUrl":"https:\/\/secure.gravatar.com\/avatar\/76e419471a2083bc3ceab22a763dbbf9b0c1bd15a6214cf3280e2c2dde4580f9?s=96&d=mm&r=g","caption":"admin"},"sameAs":["https:\/\/lobosnews.com.ar"],"url":"https:\/\/lobosnews.com.ar\/index.php\/author\/lobos-news\/"}]}},"jetpack_featured_media_url":"https:\/\/lobosnews.com.ar\/wp-content\/uploads\/2026\/04\/el-homenaje-a-susana-gimenez-en-el-martin-fierro-de-la-moda-todos-me-reconocen-por-lo-que-yo-me-pongo-y-a-mi-me-gusta-3.jpg","jetpack_sharing_enabled":true,"_links":{"self":[{"href":"https:\/\/lobosnews.com.ar\/index.php\/wp-json\/wp\/v2\/posts\/46036","targetHints":{"allow":["GET"]}}],"collection":[{"href":"https:\/\/lobosnews.com.ar\/index.php\/wp-json\/wp\/v2\/posts"}],"about":[{"href":"https:\/\/lobosnews.com.ar\/index.php\/wp-json\/wp\/v2\/types\/post"}],"author":[{"embeddable":true,"href":"https:\/\/lobosnews.com.ar\/index.php\/wp-json\/wp\/v2\/users\/1"}],"replies":[{"embeddable":true,"href":"https:\/\/lobosnews.com.ar\/index.php\/wp-json\/wp\/v2\/comments?post=46036"}],"version-history":[{"count":1,"href":"https:\/\/lobosnews.com.ar\/index.php\/wp-json\/wp\/v2\/posts\/46036\/revisions"}],"predecessor-version":[{"id":46043,"href":"https:\/\/lobosnews.com.ar\/index.php\/wp-json\/wp\/v2\/posts\/46036\/revisions\/46043"}],"wp:featuredmedia":[{"embeddable":true,"href":"https:\/\/lobosnews.com.ar\/index.php\/wp-json\/wp\/v2\/media\/46044"}],"wp:attachment":[{"href":"https:\/\/lobosnews.com.ar\/index.php\/wp-json\/wp\/v2\/media?parent=46036"}],"wp:term":[{"taxonomy":"category","embeddable":true,"href":"https:\/\/lobosnews.com.ar\/index.php\/wp-json\/wp\/v2\/categories?post=46036"},{"taxonomy":"post_tag","embeddable":true,"href":"https:\/\/lobosnews.com.ar\/index.php\/wp-json\/wp\/v2\/tags?post=46036"}],"curies":[{"name":"wp","href":"https:\/\/api.w.org\/{rel}","templated":true}]}}