{"id":46024,"date":"2026-04-27T04:49:51","date_gmt":"2026-04-27T04:49:51","guid":{"rendered":"https:\/\/lobosnews.com.ar\/index.php\/2026\/04\/27\/asi-se-vivio-la-gala-de-los-martin-fierro-de-la-moda-2026-glamour-y-sorpresas-en-la-gran-celebracion-2\/"},"modified":"2026-04-27T08:48:19","modified_gmt":"2026-04-27T08:48:19","slug":"asi-se-vivio-la-gala-de-los-martin-fierro-de-la-moda-2026-glamour-y-sorpresas-en-la-gran-celebracion-2","status":"publish","type":"post","link":"https:\/\/lobosnews.com.ar\/index.php\/2026\/04\/27\/asi-se-vivio-la-gala-de-los-martin-fierro-de-la-moda-2026-glamour-y-sorpresas-en-la-gran-celebracion-2\/","title":{"rendered":"As\u00ed se vivi\u00f3 la gala de los Mart\u00edn Fierro de la Moda 2026: glamour y sorpresas en la gran celebraci\u00f3n"},"content":{"rendered":"<p>El aire helado marc\u00f3 la noche del domingo, pero sin dudas, no fue el protagonista. A las 20:30, en los estudios de Telefe, la <b>alfombra roja<\/b> de los <span class=\"waslinkname\"><b>Premios Mart\u00edn Fierro de la Moda 2026<\/b><\/span><b> <\/b>comenz\u00f3 a poblarse bajo un cielo abierto y un viento constante que obligaba a sostener peinados, acomodar vestidos y caminar con precisi\u00f3n. La temperatura no acompa\u00f1aba, pero nadie estaba dispuesto a resignar estilo: <b>brillos, transparencias y siluetas audaces desfilaron como si el invierno no existiera.<\/b><\/p>\n<p>Entre flashes, entrevistas y comentarios filosos \u2014como el de <b>Yanina Latorre<\/b>, que desliz\u00f3 que \u201chay mucha disfrazada\u201d en plena transmisi\u00f3n de Telefe\u2014, la previa funcion\u00f3 como una pasarela en s\u00ed misma. <span class=\"waslinkname\"><b>Julieta Poggio<\/b> sorprendi\u00f3 con una performance inspirada en <b>Susana Gim\u00e9nez<\/b><\/span>, anticipando uno de los ejes emocionales de la noche.<\/p>\n<p><img loading=\"lazy\" decoding=\"async\" src=\"https:\/\/lobosnews.com.ar\/wp-content\/uploads\/2026\/04\/asi-se-vivio-la-gala-de-los-martin-fierro-de-la-moda-2026-glamour-y-sorpresas-en-la-gran-celebracion.jpg\" alt=\"La alfombra roja de los Premios Mart\u00edn Fierro de la Moda 2026 exhibi\u00f3 tendencias de invierno con brillos, transparencias y siluetas audaces pese al clima adverso. Julieta Poggi opt\u00f3 por un look inspirado en Susana Gim\u00e9nez\" height=\"1280\" width=\"1920\"\/><\/p>\n<p>El paso hacia el interior marc\u00f3 el primer cambio de ritmo. El <b>c\u00f3ctel <\/b>funcion\u00f3 como una transici\u00f3n entre la exposici\u00f3n y la intimidad: <b>copas en mano, saludos cruzados y un movimiento constante entre figuras, estilistas y equipos<\/b>. La noche todav\u00eda no hab\u00eda empezado oficialmente, pero ya estaba en marcha.<\/p>\n<p>A las 22:30, el<b> ingreso al estudio <\/b>termin\u00f3 de transformar el clima. Las luces, la escenograf\u00eda y la disposici\u00f3n del espacio encendieron la expectativa. Sobre el escenario, <b>Iv\u00e1n de Pineda<\/b> y <b>Valeria Mazza <\/b>dieron la bienvenida con una consigna clara: celebrar la moda argentina, su talento y su proyecci\u00f3n. Como siempre, <b>Luis Ventura<\/b>, presidente de Aptra, dijo unas palabras que dieron pie al inicio de la gala. \u201cEl Mart\u00edn Fierro de la Moda no era solo un a\u00f1o, como dijeron algunos. <b>Esta es la cuarta temporada que estamos ac\u00e1, midiendo no solo a nuestros dise\u00f1adores, que llevan su moda a la Argentina, sino que tambi\u00e9n la llevan al exterior<\/b>\u201d, expres\u00f3 en el escenario.<\/p>\n<p><img loading=\"lazy\" decoding=\"async\" src=\"https:\/\/lobosnews.com.ar\/wp-content\/uploads\/2026\/04\/asi-se-vivio-la-gala-de-los-martin-fierro-de-la-moda-2026-glamour-y-sorpresas-en-la-gran-celebracion-3.jpg\" alt=\"Luis Ventura, presidente de APTRA, le dio la bienvenida a los invitados y dio inicio a la esperada gala\" height=\"2714\" width=\"1920\"\/><\/p>\n<p>Los primeros minutos marcaron el pulso. <b>Pampita <\/b>fue la encargada de romper el hielo al llevarse el premio a<b> Mejor estilo en redes<\/b>. Su discurso combin\u00f3 emoci\u00f3n y reflexi\u00f3n sobre la industria. \u201cA pesar del mal momento de la industria, <b>seguimos vibrando con la moda y seguimos so\u00f1ando<\/b>\u201d, expres\u00f3, y cerr\u00f3 con<b> una dedicatoria \u00edntima a sus hijos y a su hija Blanca<\/b>, en uno de los momentos m\u00e1s sensibles de la noche.<\/p>\n<p>La ceremonia avanz\u00f3 con un ritmo \u00e1gil, alternando reconocimientos y emociones. <b>Nicol\u00e1s Zaffora<\/b> se qued\u00f3 con el premio a <b>Mejor dise\u00f1ador de moda masculina<\/b>, mientras que <b>Evelyn Botto <\/b>celebr\u00f3 su triunfo por sus looks en el <i>streaming<\/i>. <b>Nico Occhiato <\/b>fue distinguido en la terna <b>Big Show<\/b>, y <b>Sol P\u00e9rez<\/b> protagoniz\u00f3 uno de los momentos m\u00e1s espont\u00e1neos al subir al escenario con un grito que rompi\u00f3 el protocolo:<b> \u201c\u00a1Mam\u00e1, pap\u00e1, gan\u00e9!\u201d<\/b>.<\/p>\n<p>Uno de los puntos m\u00e1s altos lleg\u00f3 con el homenaje a<b> Adri\u00e1n Appiolaza<\/b>, el argentino que hoy se desempe\u00f1a como director creativo de <b>Moschino<\/b>. La ovaci\u00f3n fue inmediata y sostenida, en un reconocimiento que funcion\u00f3 como puente entre la moda local y la escena internacional.<\/p>\n<p>Minutos despu\u00e9s,<b> Benjam\u00edn Vicu\u00f1a<\/b> subi\u00f3 al escenario para recibir su premio como <b>Mejor estilo en ficci\u00f3n<\/b> y decidi\u00f3 compartir el momento con la dise\u00f1adora de vestuario de su proyecto, en un gesto que puso el foco en el trabajo detr\u00e1s de c\u00e1mara. La lista de ganadores continu\u00f3 con<b> Los Garc\u00eda<\/b> en <b>Estilismo<\/b>, <b>Max Jara<\/b> en <b>Peluquer\u00eda<\/b>, <b>Lizardo Ponce<\/b> como <b>Panelista masculino<\/b> y <b>Valentina Schuchner<\/b> como <b>Nuevo talento<\/b>.<\/p>\n<p><img loading=\"lazy\" decoding=\"async\" src=\"https:\/\/lobosnews.com.ar\/wp-content\/uploads\/2026\/04\/asi-se-vivio-la-gala-de-los-martin-fierro-de-la-moda-2026-glamour-y-sorpresas-en-la-gran-celebracion-5.jpg\" alt=\"Benjam\u00edn Vicu\u00f1a comparti\u00f3 su distinci\u00f3n en estilo de ficci\u00f3n con su dise\u00f1adora de vestuario, resaltando el trabajo en equipo detr\u00e1s de escena en televisi\u00f3n y moda\" height=\"1920\" width=\"1280\"\/><\/p>\n<p>La noche mantuvo su intensidad con el reconocimiento a <b>Julieta Zylberberg como Actriz con mejor estilo en ficci\u00f3n <\/b>y el look que llev\u00f3 en<b> Yiya! <\/b>creado por la vestuarista<b> Cecilia Coronado<\/b>, el premio a <b>Juana Viale<\/b> en <b>Conducci\u00f3n femenina semanal<\/b> y la consagraci\u00f3n de <b>Gervasio Larrivey<\/b> en maquillaje. <b>Vero Lozano<\/b> se impuso como <b>Mejor estilo en conducci\u00f3n femenina en programa diario<\/b>, <b>Fer Dente<\/b> tambi\u00e9n tuvo su lugar entre los ganadores, mientras que <b>Sof\u00eda Gonet <\/b>se llev\u00f3 una de las distinciones en <b>Big Show<\/b>, gracias a sus exc\u00e9ntricos y divertidos looks en <i>MasterChef Celebrity<\/i> consolid\u00e1ndose como una de las revelaciones.<\/p>\n<p>El propio <b>Iv\u00e1n de Pineda fue distinguido como mejor estilo en Conducci\u00f3n masculina<\/b>, en una escena que reforz\u00f3 el tono celebratorio de la gala. M\u00e1s tarde, el homenaje a <b>Jessica Trosman<\/b> sum\u00f3 otro momento de reconocimiento a la trayectoria dentro de la industria, antes de que <b>Evangelina Bomparola<\/b> se quedara con el premio a <b>Mejor dise\u00f1adora de moda femenina<\/b>.<\/p>\n<p>Pero si hubo un momento que atraves\u00f3 toda la noche fue <span class=\"waslinkname\">el <b>homenaje a Susana Gim\u00e9nez<\/b><\/span>, distinguida como \u00edcono de la moda. Un video repas\u00f3 su trayectoria y un desfile reinterpret\u00f3 distintas etapas de su carrera. Sentada en primera fila junto a su hija <b>Mercedes \u201cMecha\u201d Sarrabayrouse<\/b>, la conductora se emocion\u00f3 al ver su historia en escena. La ovaci\u00f3n fue inmediata. Al subir, combin\u00f3 humor y emoci\u00f3n en un discurso que resumi\u00f3 su v\u00ednculo con la moda y su lugar en la televisi\u00f3n argentina.<\/p>\n<p>\u201cHab\u00eda mucha moda argentina cuando yo empec\u00e9 y ped\u00edas prestado y despu\u00e9s devolv\u00edas. Despu\u00e9s con el programa diario, me paso a este canal y era todo una cosa de locos\u201d, explic\u00f3. Luego, cont\u00f3: \u201cDije \u2018tengo que cambiar un poco de look\u2019 y me puse mi estilo, pero me lo compro. Esa es la desgracia. <b>Estoy feliz porque todo el mundo me reconoce con lo que yo me pongo y a m\u00ed me gusta<\/b>\u201d.<\/p>\n<p>El cierre lleg\u00f3 con uno de los anuncios m\u00e1s esperados. <b>Juana Viale, que ya hab\u00eda sido premiada por su Estilo en conducci\u00f3n, fue distinguida con el Mart\u00edn Fierro de Oro.<\/b> La elecci\u00f3n termin\u00f3 de coronar una noche donde la moda, la televisi\u00f3n y la emoci\u00f3n convivieron en un mismo escenario. <\/p>\n<p><b>\u201cNo me lo esperaba. Quiero agradecer a mi equipo y principalmente a mis hijos que son los que aguantan a una madre laburadora que muchas veces no est\u00e1 en la casa. <\/b>A mi madre, que ella trabaj\u00f3 mucho en la moda y me ense\u00f1\u00f3 mucho. A mi abuela, Mirtha, que es la m\u00e1s coqueta y es algo que no se ver\u00e1 jam\u00e1s en la faz de la tierra. Hered\u00e9 algo que no s\u00e9 qu\u00e9 es pero ac\u00e1 est\u00e1\u201d, dijo emocionada.<\/p>\n<p>Entre aplausos, luces y miradas cruzadas, los Mart\u00edn Fierro de la Moda 2026 confirmaron su lugar como una de las citas clave del espect\u00e1culo argentino:<b> una noche donde el estilo no solo se exhibe, sino que tambi\u00e9n se celebra<\/b>.<\/p>\n<p><b>Fotos: Maximiliano Luna y Prensa Telefe<\/b><\/p>\n","protected":false},"excerpt":{"rendered":"<p>El aire helado marc\u00f3 la noche del domingo, pero sin dudas, no fue el protagonista. A las 20:30, en los estudios de Telefe, la alfombra roja de los Premios Mart\u00edn Fierro de la Moda 2026 comenz\u00f3 a poblarse bajo un cielo abierto y un viento constante que obligaba a sostener peinados, acomodar vestidos y caminar&#8230;<\/p>\n","protected":false},"author":1,"featured_media":46033,"comment_status":"open","ping_status":"closed","sticky":false,"template":"","format":"standard","meta":{"_jetpack_memberships_contains_paid_content":false,"footnotes":""},"categories":[79],"tags":[],"class_list":["post-46024","post","type-post","status-publish","format-standard","has-post-thumbnail","hentry","category-cine-y-series"],"magazineBlocksPostFeaturedMedia":{"thumbnail":"https:\/\/lobosnews.com.ar\/wp-content\/uploads\/2026\/04\/asi-se-vivio-la-gala-de-los-martin-fierro-de-la-moda-2026-glamour-y-sorpresas-en-la-gran-celebracion-8-150x150.jpg","medium":"https:\/\/lobosnews.com.ar\/wp-content\/uploads\/2026\/04\/asi-se-vivio-la-gala-de-los-martin-fierro-de-la-moda-2026-glamour-y-sorpresas-en-la-gran-celebracion-8-200x300.jpg","medium_large":"https:\/\/lobosnews.com.ar\/wp-content\/uploads\/2026\/04\/asi-se-vivio-la-gala-de-los-martin-fierro-de-la-moda-2026-glamour-y-sorpresas-en-la-gran-celebracion-8-768x1152.jpg","large":"https:\/\/lobosnews.com.ar\/wp-content\/uploads\/2026\/04\/asi-se-vivio-la-gala-de-los-martin-fierro-de-la-moda-2026-glamour-y-sorpresas-en-la-gran-celebracion-8-683x1024.jpg","1536x1536":"https:\/\/lobosnews.com.ar\/wp-content\/uploads\/2026\/04\/asi-se-vivio-la-gala-de-los-martin-fierro-de-la-moda-2026-glamour-y-sorpresas-en-la-gran-celebracion-8-1024x1536.jpg","2048x2048":"https:\/\/lobosnews.com.ar\/wp-content\/uploads\/2026\/04\/asi-se-vivio-la-gala-de-los-martin-fierro-de-la-moda-2026-glamour-y-sorpresas-en-la-gran-celebracion-8.jpg","newsmatic-featured":"https:\/\/lobosnews.com.ar\/wp-content\/uploads\/2026\/04\/asi-se-vivio-la-gala-de-los-martin-fierro-de-la-moda-2026-glamour-y-sorpresas-en-la-gran-celebracion-8-820x545.jpg","newsmatic-list":"https:\/\/lobosnews.com.ar\/wp-content\/uploads\/2026\/04\/asi-se-vivio-la-gala-de-los-martin-fierro-de-la-moda-2026-glamour-y-sorpresas-en-la-gran-celebracion-8-600x400.jpg","newsmatic-thumb":"https:\/\/lobosnews.com.ar\/wp-content\/uploads\/2026\/04\/asi-se-vivio-la-gala-de-los-martin-fierro-de-la-moda-2026-glamour-y-sorpresas-en-la-gran-celebracion-8-300x200.jpg","newsmatic-small":"https:\/\/lobosnews.com.ar\/wp-content\/uploads\/2026\/04\/asi-se-vivio-la-gala-de-los-martin-fierro-de-la-moda-2026-glamour-y-sorpresas-en-la-gran-celebracion-8-150x95.jpg","newsmatic-grid":"https:\/\/lobosnews.com.ar\/wp-content\/uploads\/2026\/04\/asi-se-vivio-la-gala-de-los-martin-fierro-de-la-moda-2026-glamour-y-sorpresas-en-la-gran-celebracion-8-400x250.jpg"},"magazineBlocksPostAuthor":{"name":"admin","avatar":"https:\/\/secure.gravatar.com\/avatar\/76e419471a2083bc3ceab22a763dbbf9b0c1bd15a6214cf3280e2c2dde4580f9?s=96&d=mm&r=g"},"magazineBlocksPostCommentsNumber":"0","magazineBlocksPostExcerpt":"El aire helado marc\u00f3 la noche del domingo, pero sin dudas, no fue el protagonista. A las 20:30, en los estudios de Telefe, la alfombra roja de los Premios Mart\u00edn Fierro de la Moda 2026 comenz\u00f3 a poblarse bajo un cielo abierto y un viento constante que obligaba a sostener peinados, acomodar vestidos y caminar...","magazineBlocksPostCategories":["Cine y Series"],"magazineBlocksPostViewCount":7,"magazineBlocksPostReadTime":6,"magazine_blocks_featured_image_url":{"full":["https:\/\/lobosnews.com.ar\/wp-content\/uploads\/2026\/04\/asi-se-vivio-la-gala-de-los-martin-fierro-de-la-moda-2026-glamour-y-sorpresas-en-la-gran-celebracion-8.jpg",1280,1920,false],"medium":["https:\/\/lobosnews.com.ar\/wp-content\/uploads\/2026\/04\/asi-se-vivio-la-gala-de-los-martin-fierro-de-la-moda-2026-glamour-y-sorpresas-en-la-gran-celebracion-8-200x300.jpg",200,300,true],"thumbnail":["https:\/\/lobosnews.com.ar\/wp-content\/uploads\/2026\/04\/asi-se-vivio-la-gala-de-los-martin-fierro-de-la-moda-2026-glamour-y-sorpresas-en-la-gran-celebracion-8-150x150.jpg",150,150,true]},"magazine_blocks_author":{"display_name":"admin","author_link":"https:\/\/lobosnews.com.ar\/index.php\/author\/lobos-news\/"},"magazine_blocks_comment":0,"magazine_blocks_author_image":"https:\/\/secure.gravatar.com\/avatar\/76e419471a2083bc3ceab22a763dbbf9b0c1bd15a6214cf3280e2c2dde4580f9?s=96&d=mm&r=g","magazine_blocks_category":"<a href=\"#\" class=\"category-link category-link-79\">Cine y Series<\/a>","yoast_head":"<!-- This site is optimized with the Yoast SEO plugin v26.6 - https:\/\/yoast.com\/wordpress\/plugins\/seo\/ -->\n<title>As\u00ed se vivi\u00f3 la gala de los Mart\u00edn Fierro de la Moda 2026: glamour y sorpresas en la gran celebraci\u00f3n - Lobos News<\/title>\n<meta name=\"robots\" content=\"index, follow, max-snippet:-1, max-image-preview:large, max-video-preview:-1\" \/>\n<link rel=\"canonical\" href=\"https:\/\/lobosnews.com.ar\/index.php\/2026\/04\/27\/asi-se-vivio-la-gala-de-los-martin-fierro-de-la-moda-2026-glamour-y-sorpresas-en-la-gran-celebracion-2\/\" \/>\n<meta property=\"og:locale\" content=\"es_ES\" \/>\n<meta property=\"og:type\" content=\"article\" \/>\n<meta property=\"og:title\" content=\"As\u00ed se vivi\u00f3 la gala de los Mart\u00edn Fierro de la Moda 2026: glamour y sorpresas en la gran celebraci\u00f3n - Lobos News\" \/>\n<meta property=\"og:description\" content=\"El aire helado marc\u00f3 la noche del domingo, pero sin dudas, no fue el protagonista. A las 20:30, en los estudios de Telefe, la alfombra roja de los Premios Mart\u00edn Fierro de la Moda 2026 comenz\u00f3 a poblarse bajo un cielo abierto y un viento constante que obligaba a sostener peinados, acomodar vestidos y caminar...\" \/>\n<meta property=\"og:url\" content=\"https:\/\/lobosnews.com.ar\/index.php\/2026\/04\/27\/asi-se-vivio-la-gala-de-los-martin-fierro-de-la-moda-2026-glamour-y-sorpresas-en-la-gran-celebracion-2\/\" \/>\n<meta property=\"og:site_name\" content=\"Lobos News\" \/>\n<meta property=\"article:published_time\" content=\"2026-04-27T04:49:51+00:00\" \/>\n<meta property=\"article:modified_time\" content=\"2026-04-27T08:48:19+00:00\" \/>\n<meta property=\"og:image\" content=\"https:\/\/lobosnews.com.ar\/wp-content\/uploads\/2026\/04\/asi-se-vivio-la-gala-de-los-martin-fierro-de-la-moda-2026-glamour-y-sorpresas-en-la-gran-celebracion.jpg\" \/>\n<meta name=\"author\" content=\"admin\" \/>\n<meta name=\"twitter:card\" content=\"summary_large_image\" \/>\n<meta name=\"twitter:label1\" content=\"Escrito por\" \/>\n\t<meta name=\"twitter:data1\" content=\"admin\" \/>\n\t<meta name=\"twitter:label2\" content=\"Tiempo de lectura\" \/>\n\t<meta name=\"twitter:data2\" content=\"6 minutos\" \/>\n<script type=\"application\/ld+json\" class=\"yoast-schema-graph\">{\"@context\":\"https:\/\/schema.org\",\"@graph\":[{\"@type\":\"Article\",\"@id\":\"https:\/\/lobosnews.com.ar\/index.php\/2026\/04\/27\/asi-se-vivio-la-gala-de-los-martin-fierro-de-la-moda-2026-glamour-y-sorpresas-en-la-gran-celebracion-2\/#article\",\"isPartOf\":{\"@id\":\"https:\/\/lobosnews.com.ar\/index.php\/2026\/04\/27\/asi-se-vivio-la-gala-de-los-martin-fierro-de-la-moda-2026-glamour-y-sorpresas-en-la-gran-celebracion-2\/\"},\"author\":{\"name\":\"admin\",\"@id\":\"https:\/\/lobosnews.com.ar\/#\/schema\/person\/232422a593d5c541dd9aef6aaed10943\"},\"headline\":\"As\u00ed se vivi\u00f3 la gala de los Mart\u00edn Fierro de la Moda 2026: glamour y sorpresas en la gran celebraci\u00f3n\",\"datePublished\":\"2026-04-27T04:49:51+00:00\",\"dateModified\":\"2026-04-27T08:48:19+00:00\",\"mainEntityOfPage\":{\"@id\":\"https:\/\/lobosnews.com.ar\/index.php\/2026\/04\/27\/asi-se-vivio-la-gala-de-los-martin-fierro-de-la-moda-2026-glamour-y-sorpresas-en-la-gran-celebracion-2\/\"},\"wordCount\":1128,\"commentCount\":0,\"publisher\":{\"@id\":\"https:\/\/lobosnews.com.ar\/#organization\"},\"image\":{\"@id\":\"https:\/\/lobosnews.com.ar\/index.php\/2026\/04\/27\/asi-se-vivio-la-gala-de-los-martin-fierro-de-la-moda-2026-glamour-y-sorpresas-en-la-gran-celebracion-2\/#primaryimage\"},\"thumbnailUrl\":\"https:\/\/lobosnews.com.ar\/wp-content\/uploads\/2026\/04\/asi-se-vivio-la-gala-de-los-martin-fierro-de-la-moda-2026-glamour-y-sorpresas-en-la-gran-celebracion-8.jpg\",\"articleSection\":[\"Cine y Series\"],\"inLanguage\":\"es\",\"potentialAction\":[{\"@type\":\"CommentAction\",\"name\":\"Comment\",\"target\":[\"https:\/\/lobosnews.com.ar\/index.php\/2026\/04\/27\/asi-se-vivio-la-gala-de-los-martin-fierro-de-la-moda-2026-glamour-y-sorpresas-en-la-gran-celebracion-2\/#respond\"]}]},{\"@type\":\"WebPage\",\"@id\":\"https:\/\/lobosnews.com.ar\/index.php\/2026\/04\/27\/asi-se-vivio-la-gala-de-los-martin-fierro-de-la-moda-2026-glamour-y-sorpresas-en-la-gran-celebracion-2\/\",\"url\":\"https:\/\/lobosnews.com.ar\/index.php\/2026\/04\/27\/asi-se-vivio-la-gala-de-los-martin-fierro-de-la-moda-2026-glamour-y-sorpresas-en-la-gran-celebracion-2\/\",\"name\":\"As\u00ed se vivi\u00f3 la gala de los Mart\u00edn Fierro de la Moda 2026: glamour y sorpresas en la gran celebraci\u00f3n - Lobos News\",\"isPartOf\":{\"@id\":\"https:\/\/lobosnews.com.ar\/#website\"},\"primaryImageOfPage\":{\"@id\":\"https:\/\/lobosnews.com.ar\/index.php\/2026\/04\/27\/asi-se-vivio-la-gala-de-los-martin-fierro-de-la-moda-2026-glamour-y-sorpresas-en-la-gran-celebracion-2\/#primaryimage\"},\"image\":{\"@id\":\"https:\/\/lobosnews.com.ar\/index.php\/2026\/04\/27\/asi-se-vivio-la-gala-de-los-martin-fierro-de-la-moda-2026-glamour-y-sorpresas-en-la-gran-celebracion-2\/#primaryimage\"},\"thumbnailUrl\":\"https:\/\/lobosnews.com.ar\/wp-content\/uploads\/2026\/04\/asi-se-vivio-la-gala-de-los-martin-fierro-de-la-moda-2026-glamour-y-sorpresas-en-la-gran-celebracion-8.jpg\",\"datePublished\":\"2026-04-27T04:49:51+00:00\",\"dateModified\":\"2026-04-27T08:48:19+00:00\",\"breadcrumb\":{\"@id\":\"https:\/\/lobosnews.com.ar\/index.php\/2026\/04\/27\/asi-se-vivio-la-gala-de-los-martin-fierro-de-la-moda-2026-glamour-y-sorpresas-en-la-gran-celebracion-2\/#breadcrumb\"},\"inLanguage\":\"es\",\"potentialAction\":[{\"@type\":\"ReadAction\",\"target\":[\"https:\/\/lobosnews.com.ar\/index.php\/2026\/04\/27\/asi-se-vivio-la-gala-de-los-martin-fierro-de-la-moda-2026-glamour-y-sorpresas-en-la-gran-celebracion-2\/\"]}]},{\"@type\":\"ImageObject\",\"inLanguage\":\"es\",\"@id\":\"https:\/\/lobosnews.com.ar\/index.php\/2026\/04\/27\/asi-se-vivio-la-gala-de-los-martin-fierro-de-la-moda-2026-glamour-y-sorpresas-en-la-gran-celebracion-2\/#primaryimage\",\"url\":\"https:\/\/lobosnews.com.ar\/wp-content\/uploads\/2026\/04\/asi-se-vivio-la-gala-de-los-martin-fierro-de-la-moda-2026-glamour-y-sorpresas-en-la-gran-celebracion-8.jpg\",\"contentUrl\":\"https:\/\/lobosnews.com.ar\/wp-content\/uploads\/2026\/04\/asi-se-vivio-la-gala-de-los-martin-fierro-de-la-moda-2026-glamour-y-sorpresas-en-la-gran-celebracion-8.jpg\",\"width\":1280,\"height\":1920,\"caption\":\"As\u00ed se vivi\u00f3 la gala de los Mart\u00edn Fierro de la Moda 2026: glamour y sorpresas en la gran celebraci\u00f3n\"},{\"@type\":\"BreadcrumbList\",\"@id\":\"https:\/\/lobosnews.com.ar\/index.php\/2026\/04\/27\/asi-se-vivio-la-gala-de-los-martin-fierro-de-la-moda-2026-glamour-y-sorpresas-en-la-gran-celebracion-2\/#breadcrumb\",\"itemListElement\":[{\"@type\":\"ListItem\",\"position\":1,\"name\":\"Portada\",\"item\":\"https:\/\/lobosnews.com.ar\/\"},{\"@type\":\"ListItem\",\"position\":2,\"name\":\"As\u00ed se vivi\u00f3 la gala de los Mart\u00edn Fierro de la Moda 2026: glamour y sorpresas en la gran celebraci\u00f3n\"}]},{\"@type\":\"WebSite\",\"@id\":\"https:\/\/lobosnews.com.ar\/#website\",\"url\":\"https:\/\/lobosnews.com.ar\/\",\"name\":\"Lobos News\",\"description\":\"Informaci\u00f3n a cada instante\",\"publisher\":{\"@id\":\"https:\/\/lobosnews.com.ar\/#organization\"},\"potentialAction\":[{\"@type\":\"SearchAction\",\"target\":{\"@type\":\"EntryPoint\",\"urlTemplate\":\"https:\/\/lobosnews.com.ar\/?s={search_term_string}\"},\"query-input\":{\"@type\":\"PropertyValueSpecification\",\"valueRequired\":true,\"valueName\":\"search_term_string\"}}],\"inLanguage\":\"es\"},{\"@type\":\"Organization\",\"@id\":\"https:\/\/lobosnews.com.ar\/#organization\",\"name\":\"Lobos News\",\"url\":\"https:\/\/lobosnews.com.ar\/\",\"logo\":{\"@type\":\"ImageObject\",\"inLanguage\":\"es\",\"@id\":\"https:\/\/lobosnews.com.ar\/#\/schema\/logo\/image\/\",\"url\":\"https:\/\/lobosnews.com.ar\/wp-content\/uploads\/2026\/01\/logo-lobosnews.png\",\"contentUrl\":\"https:\/\/lobosnews.com.ar\/wp-content\/uploads\/2026\/01\/logo-lobosnews.png\",\"width\":500,\"height\":200,\"caption\":\"Lobos News\"},\"image\":{\"@id\":\"https:\/\/lobosnews.com.ar\/#\/schema\/logo\/image\/\"}},{\"@type\":\"Person\",\"@id\":\"https:\/\/lobosnews.com.ar\/#\/schema\/person\/232422a593d5c541dd9aef6aaed10943\",\"name\":\"admin\",\"image\":{\"@type\":\"ImageObject\",\"inLanguage\":\"es\",\"@id\":\"https:\/\/lobosnews.com.ar\/#\/schema\/person\/image\/\",\"url\":\"https:\/\/secure.gravatar.com\/avatar\/76e419471a2083bc3ceab22a763dbbf9b0c1bd15a6214cf3280e2c2dde4580f9?s=96&d=mm&r=g\",\"contentUrl\":\"https:\/\/secure.gravatar.com\/avatar\/76e419471a2083bc3ceab22a763dbbf9b0c1bd15a6214cf3280e2c2dde4580f9?s=96&d=mm&r=g\",\"caption\":\"admin\"},\"sameAs\":[\"https:\/\/lobosnews.com.ar\"],\"url\":\"https:\/\/lobosnews.com.ar\/index.php\/author\/lobos-news\/\"}]}<\/script>\n<!-- \/ Yoast SEO plugin. -->","yoast_head_json":{"title":"As\u00ed se vivi\u00f3 la gala de los Mart\u00edn Fierro de la Moda 2026: glamour y sorpresas en la gran celebraci\u00f3n - Lobos News","robots":{"index":"index","follow":"follow","max-snippet":"max-snippet:-1","max-image-preview":"max-image-preview:large","max-video-preview":"max-video-preview:-1"},"canonical":"https:\/\/lobosnews.com.ar\/index.php\/2026\/04\/27\/asi-se-vivio-la-gala-de-los-martin-fierro-de-la-moda-2026-glamour-y-sorpresas-en-la-gran-celebracion-2\/","og_locale":"es_ES","og_type":"article","og_title":"As\u00ed se vivi\u00f3 la gala de los Mart\u00edn Fierro de la Moda 2026: glamour y sorpresas en la gran celebraci\u00f3n - Lobos News","og_description":"El aire helado marc\u00f3 la noche del domingo, pero sin dudas, no fue el protagonista. A las 20:30, en los estudios de Telefe, la alfombra roja de los Premios Mart\u00edn Fierro de la Moda 2026 comenz\u00f3 a poblarse bajo un cielo abierto y un viento constante que obligaba a sostener peinados, acomodar vestidos y caminar...","og_url":"https:\/\/lobosnews.com.ar\/index.php\/2026\/04\/27\/asi-se-vivio-la-gala-de-los-martin-fierro-de-la-moda-2026-glamour-y-sorpresas-en-la-gran-celebracion-2\/","og_site_name":"Lobos News","article_published_time":"2026-04-27T04:49:51+00:00","article_modified_time":"2026-04-27T08:48:19+00:00","og_image":[{"url":"https:\/\/lobosnews.com.ar\/wp-content\/uploads\/2026\/04\/asi-se-vivio-la-gala-de-los-martin-fierro-de-la-moda-2026-glamour-y-sorpresas-en-la-gran-celebracion.jpg","type":"","width":"","height":""}],"author":"admin","twitter_card":"summary_large_image","twitter_misc":{"Escrito por":"admin","Tiempo de lectura":"6 minutos"},"schema":{"@context":"https:\/\/schema.org","@graph":[{"@type":"Article","@id":"https:\/\/lobosnews.com.ar\/index.php\/2026\/04\/27\/asi-se-vivio-la-gala-de-los-martin-fierro-de-la-moda-2026-glamour-y-sorpresas-en-la-gran-celebracion-2\/#article","isPartOf":{"@id":"https:\/\/lobosnews.com.ar\/index.php\/2026\/04\/27\/asi-se-vivio-la-gala-de-los-martin-fierro-de-la-moda-2026-glamour-y-sorpresas-en-la-gran-celebracion-2\/"},"author":{"name":"admin","@id":"https:\/\/lobosnews.com.ar\/#\/schema\/person\/232422a593d5c541dd9aef6aaed10943"},"headline":"As\u00ed se vivi\u00f3 la gala de los Mart\u00edn Fierro de la Moda 2026: glamour y sorpresas en la gran celebraci\u00f3n","datePublished":"2026-04-27T04:49:51+00:00","dateModified":"2026-04-27T08:48:19+00:00","mainEntityOfPage":{"@id":"https:\/\/lobosnews.com.ar\/index.php\/2026\/04\/27\/asi-se-vivio-la-gala-de-los-martin-fierro-de-la-moda-2026-glamour-y-sorpresas-en-la-gran-celebracion-2\/"},"wordCount":1128,"commentCount":0,"publisher":{"@id":"https:\/\/lobosnews.com.ar\/#organization"},"image":{"@id":"https:\/\/lobosnews.com.ar\/index.php\/2026\/04\/27\/asi-se-vivio-la-gala-de-los-martin-fierro-de-la-moda-2026-glamour-y-sorpresas-en-la-gran-celebracion-2\/#primaryimage"},"thumbnailUrl":"https:\/\/lobosnews.com.ar\/wp-content\/uploads\/2026\/04\/asi-se-vivio-la-gala-de-los-martin-fierro-de-la-moda-2026-glamour-y-sorpresas-en-la-gran-celebracion-8.jpg","articleSection":["Cine y Series"],"inLanguage":"es","potentialAction":[{"@type":"CommentAction","name":"Comment","target":["https:\/\/lobosnews.com.ar\/index.php\/2026\/04\/27\/asi-se-vivio-la-gala-de-los-martin-fierro-de-la-moda-2026-glamour-y-sorpresas-en-la-gran-celebracion-2\/#respond"]}]},{"@type":"WebPage","@id":"https:\/\/lobosnews.com.ar\/index.php\/2026\/04\/27\/asi-se-vivio-la-gala-de-los-martin-fierro-de-la-moda-2026-glamour-y-sorpresas-en-la-gran-celebracion-2\/","url":"https:\/\/lobosnews.com.ar\/index.php\/2026\/04\/27\/asi-se-vivio-la-gala-de-los-martin-fierro-de-la-moda-2026-glamour-y-sorpresas-en-la-gran-celebracion-2\/","name":"As\u00ed se vivi\u00f3 la gala de los Mart\u00edn Fierro de la Moda 2026: glamour y sorpresas en la gran celebraci\u00f3n - Lobos News","isPartOf":{"@id":"https:\/\/lobosnews.com.ar\/#website"},"primaryImageOfPage":{"@id":"https:\/\/lobosnews.com.ar\/index.php\/2026\/04\/27\/asi-se-vivio-la-gala-de-los-martin-fierro-de-la-moda-2026-glamour-y-sorpresas-en-la-gran-celebracion-2\/#primaryimage"},"image":{"@id":"https:\/\/lobosnews.com.ar\/index.php\/2026\/04\/27\/asi-se-vivio-la-gala-de-los-martin-fierro-de-la-moda-2026-glamour-y-sorpresas-en-la-gran-celebracion-2\/#primaryimage"},"thumbnailUrl":"https:\/\/lobosnews.com.ar\/wp-content\/uploads\/2026\/04\/asi-se-vivio-la-gala-de-los-martin-fierro-de-la-moda-2026-glamour-y-sorpresas-en-la-gran-celebracion-8.jpg","datePublished":"2026-04-27T04:49:51+00:00","dateModified":"2026-04-27T08:48:19+00:00","breadcrumb":{"@id":"https:\/\/lobosnews.com.ar\/index.php\/2026\/04\/27\/asi-se-vivio-la-gala-de-los-martin-fierro-de-la-moda-2026-glamour-y-sorpresas-en-la-gran-celebracion-2\/#breadcrumb"},"inLanguage":"es","potentialAction":[{"@type":"ReadAction","target":["https:\/\/lobosnews.com.ar\/index.php\/2026\/04\/27\/asi-se-vivio-la-gala-de-los-martin-fierro-de-la-moda-2026-glamour-y-sorpresas-en-la-gran-celebracion-2\/"]}]},{"@type":"ImageObject","inLanguage":"es","@id":"https:\/\/lobosnews.com.ar\/index.php\/2026\/04\/27\/asi-se-vivio-la-gala-de-los-martin-fierro-de-la-moda-2026-glamour-y-sorpresas-en-la-gran-celebracion-2\/#primaryimage","url":"https:\/\/lobosnews.com.ar\/wp-content\/uploads\/2026\/04\/asi-se-vivio-la-gala-de-los-martin-fierro-de-la-moda-2026-glamour-y-sorpresas-en-la-gran-celebracion-8.jpg","contentUrl":"https:\/\/lobosnews.com.ar\/wp-content\/uploads\/2026\/04\/asi-se-vivio-la-gala-de-los-martin-fierro-de-la-moda-2026-glamour-y-sorpresas-en-la-gran-celebracion-8.jpg","width":1280,"height":1920,"caption":"As\u00ed se vivi\u00f3 la gala de los Mart\u00edn Fierro de la Moda 2026: glamour y sorpresas en la gran celebraci\u00f3n"},{"@type":"BreadcrumbList","@id":"https:\/\/lobosnews.com.ar\/index.php\/2026\/04\/27\/asi-se-vivio-la-gala-de-los-martin-fierro-de-la-moda-2026-glamour-y-sorpresas-en-la-gran-celebracion-2\/#breadcrumb","itemListElement":[{"@type":"ListItem","position":1,"name":"Portada","item":"https:\/\/lobosnews.com.ar\/"},{"@type":"ListItem","position":2,"name":"As\u00ed se vivi\u00f3 la gala de los Mart\u00edn Fierro de la Moda 2026: glamour y sorpresas en la gran celebraci\u00f3n"}]},{"@type":"WebSite","@id":"https:\/\/lobosnews.com.ar\/#website","url":"https:\/\/lobosnews.com.ar\/","name":"Lobos News","description":"Informaci\u00f3n a cada instante","publisher":{"@id":"https:\/\/lobosnews.com.ar\/#organization"},"potentialAction":[{"@type":"SearchAction","target":{"@type":"EntryPoint","urlTemplate":"https:\/\/lobosnews.com.ar\/?s={search_term_string}"},"query-input":{"@type":"PropertyValueSpecification","valueRequired":true,"valueName":"search_term_string"}}],"inLanguage":"es"},{"@type":"Organization","@id":"https:\/\/lobosnews.com.ar\/#organization","name":"Lobos News","url":"https:\/\/lobosnews.com.ar\/","logo":{"@type":"ImageObject","inLanguage":"es","@id":"https:\/\/lobosnews.com.ar\/#\/schema\/logo\/image\/","url":"https:\/\/lobosnews.com.ar\/wp-content\/uploads\/2026\/01\/logo-lobosnews.png","contentUrl":"https:\/\/lobosnews.com.ar\/wp-content\/uploads\/2026\/01\/logo-lobosnews.png","width":500,"height":200,"caption":"Lobos News"},"image":{"@id":"https:\/\/lobosnews.com.ar\/#\/schema\/logo\/image\/"}},{"@type":"Person","@id":"https:\/\/lobosnews.com.ar\/#\/schema\/person\/232422a593d5c541dd9aef6aaed10943","name":"admin","image":{"@type":"ImageObject","inLanguage":"es","@id":"https:\/\/lobosnews.com.ar\/#\/schema\/person\/image\/","url":"https:\/\/secure.gravatar.com\/avatar\/76e419471a2083bc3ceab22a763dbbf9b0c1bd15a6214cf3280e2c2dde4580f9?s=96&d=mm&r=g","contentUrl":"https:\/\/secure.gravatar.com\/avatar\/76e419471a2083bc3ceab22a763dbbf9b0c1bd15a6214cf3280e2c2dde4580f9?s=96&d=mm&r=g","caption":"admin"},"sameAs":["https:\/\/lobosnews.com.ar"],"url":"https:\/\/lobosnews.com.ar\/index.php\/author\/lobos-news\/"}]}},"jetpack_featured_media_url":"https:\/\/lobosnews.com.ar\/wp-content\/uploads\/2026\/04\/asi-se-vivio-la-gala-de-los-martin-fierro-de-la-moda-2026-glamour-y-sorpresas-en-la-gran-celebracion-8.jpg","jetpack_sharing_enabled":true,"_links":{"self":[{"href":"https:\/\/lobosnews.com.ar\/index.php\/wp-json\/wp\/v2\/posts\/46024","targetHints":{"allow":["GET"]}}],"collection":[{"href":"https:\/\/lobosnews.com.ar\/index.php\/wp-json\/wp\/v2\/posts"}],"about":[{"href":"https:\/\/lobosnews.com.ar\/index.php\/wp-json\/wp\/v2\/types\/post"}],"author":[{"embeddable":true,"href":"https:\/\/lobosnews.com.ar\/index.php\/wp-json\/wp\/v2\/users\/1"}],"replies":[{"embeddable":true,"href":"https:\/\/lobosnews.com.ar\/index.php\/wp-json\/wp\/v2\/comments?post=46024"}],"version-history":[{"count":1,"href":"https:\/\/lobosnews.com.ar\/index.php\/wp-json\/wp\/v2\/posts\/46024\/revisions"}],"predecessor-version":[{"id":46030,"href":"https:\/\/lobosnews.com.ar\/index.php\/wp-json\/wp\/v2\/posts\/46024\/revisions\/46030"}],"wp:featuredmedia":[{"embeddable":true,"href":"https:\/\/lobosnews.com.ar\/index.php\/wp-json\/wp\/v2\/media\/46033"}],"wp:attachment":[{"href":"https:\/\/lobosnews.com.ar\/index.php\/wp-json\/wp\/v2\/media?parent=46024"}],"wp:term":[{"taxonomy":"category","embeddable":true,"href":"https:\/\/lobosnews.com.ar\/index.php\/wp-json\/wp\/v2\/categories?post=46024"},{"taxonomy":"post_tag","embeddable":true,"href":"https:\/\/lobosnews.com.ar\/index.php\/wp-json\/wp\/v2\/tags?post=46024"}],"curies":[{"name":"wp","href":"https:\/\/api.w.org\/{rel}","templated":true}]}}