{"id":46012,"date":"2026-04-27T05:17:04","date_gmt":"2026-04-27T05:17:04","guid":{"rendered":"https:\/\/lobosnews.com.ar\/index.php\/2026\/04\/27\/plumas-perdidas-miradas-cruzadas-y-bloopers-todo-lo-que-no-se-vio-de-los-martin-fierro-de-la-moda-2026\/"},"modified":"2026-04-27T08:48:01","modified_gmt":"2026-04-27T08:48:01","slug":"plumas-perdidas-miradas-cruzadas-y-bloopers-todo-lo-que-no-se-vio-de-los-martin-fierro-de-la-moda-2026","status":"publish","type":"post","link":"https:\/\/lobosnews.com.ar\/index.php\/2026\/04\/27\/plumas-perdidas-miradas-cruzadas-y-bloopers-todo-lo-que-no-se-vio-de-los-martin-fierro-de-la-moda-2026\/","title":{"rendered":"Plumas perdidas, miradas cruzadas y bloopers: todo lo que no se vio de los Mart\u00edn Fierro de la Moda 2026"},"content":{"rendered":"<p>Mientras en pantalla de Telefe los <span class=\"waslinkname\"><b>Mart\u00edn Fierro de la Moda 2026<\/b><\/span> desfilaban entre premios, discursos y glamour, fuera de foco se armaba otra historia. Una m\u00e1s descontracturada, atravesada por el clima, los encuentros inesperados y esos detalles que nunca llegan al aire.<\/p>\n<p><b>El fr\u00edo fue, sin dudas, uno de los grandes protagonistas invisibles de la noche<\/b>. Desde la alfombra roja, el descenso de temperatura se sinti\u00f3 en cada rinc\u00f3n: las figuras entraban al estudio frot\u00e1ndose las manos, buscando refugio en el interior y comentando lo mismo en voz baja. Ya lejos de los <i>flashes<\/i>, el comentario se repet\u00eda entre mesas altas y copas: hab\u00eda que aguantar.<\/p>\n<p>Ese paso al interior encontr\u00f3 su punto de encuentro en el <b>c\u00f3ctel<\/b>, donde el ritmo cambi\u00f3 por completo. Sin una estructura fija, <b>el espacio se llen\u00f3 de charlas cruzadas, saludos al pasar y circulaci\u00f3n constante<\/b>. El bandejeo acompa\u00f1aba esa din\u00e1mica: peque\u00f1as piezas que se com\u00edan casi sin detenerse, entre conversaci\u00f3n y conversaci\u00f3n. La propuesta del chef <b>Joaqu\u00edn Pantuso <\/b>se mov\u00eda en esa misma l\u00f3gica est\u00e9tica de la noche:<b> dulces delicados sin gluten ni az\u00facar, con frutas como maracuy\u00e1, frambuesa, mango o pera, y un brownie franc\u00e9s que se convirti\u00f3 en uno de los m\u00e1s repetidos<\/b>. Del lado salado, los <i>fingers<\/i> de salm\u00f3n con miel, las combinaciones con palta y los mini <i>croissants<\/i> marcaban el pulso de una previa que funcionaba m\u00e1s como tr\u00e1nsito que como pausa.<\/p>\n<p><img fetchpriority=\"high\" decoding=\"async\" src=\"https:\/\/lobosnews.com.ar\/wp-content\/uploads\/2026\/04\/plumas-perdidas-miradas-cruzadas-y-bloopers-todo-lo-que-no-se-vio-de-los-martin-fierro-de-la-moda-2026.jpg\" alt=\"La interacci\u00f3n entre Pampita y Benjam\u00edn Vicu\u00f1a capt\u00f3 la atenci\u00f3n por sus gestos a distancia durante la entrega de premios en los Mart\u00edn Fierro de la Moda 2026\" height=\"876\" width=\"1606\"\/><\/p>\n<p>Ya en el estudio, la cercan\u00eda entre <b>Pampita <\/b>y <b>Benjam\u00edn Vicu\u00f1a<\/b> gener\u00f3 uno de los momentos m\u00e1s comentados de la noche, aunque sin una sola palabra. Sentados a un asiento de distancia, todo se jug\u00f3 en gestos. Primero, <b>el aplauso de \u00e9l cuando ella pas\u00f3 a recibir su premio.<\/b> Despu\u00e9s, el cambio de clima cuando fue el turno de \u00e9l:<b> Pampita evit\u00f3 mirarlo y Vicu\u00f1a gir\u00f3 inmediatamente hacia su pareja, Anita Espasand\u00edn, para besarla<\/b>. Una escena breve, silenciosa y lo suficientemente cercana como para que nadie la pasara por alto.<\/p>\n<p><img loading=\"lazy\" decoding=\"async\" src=\"https:\/\/www.infobae.com\/resizer\/v2\/BOFU2LW3CFAAXCYQGH7U4WX3WM.jpg?auth=a31e14e8797271ccaea2429908ca2c1385e90a34bd5cd545193a7ef6b3b8d9d1&#038;smart=true&#038;width=1280&#038;height=1920\" alt=\"Las plumas del vestido de Stephanie Demner comenzaron a desprenderse y quedaban en el camino, marcando su recorrido (Maximiliano Luna) \" height=\"1920\" width=\"1280\"\/><\/p>\n<p>El impacto visual tambi\u00e9n tuvo su lado impredecible. El vestido de <b>Stephanie Demner<\/b> no solo llam\u00f3 la atenci\u00f3n por su tama\u00f1o, sino por su construcci\u00f3n: una silueta sirena completamente drapeada, de escote strapless con mangas largas incorporadas y <b>una falda estructurada cubierta de plumas que se extend\u00eda en una cola imponente<\/b>. A medida que avanzaba, el dise\u00f1o parec\u00eda transformarse en tiempo real:<b> las plumas comenzaban a desprenderse y quedaban en el camino, marcando su recorrido<\/b>. El detalle lo complet\u00f3 su marido, el extenista <b>Guido Pella<\/b>, que lleg\u00f3 con varias en el bolsillo del traje, a modo de <i>matching outfits<\/i>, aunque con el correr de la noche, tambi\u00e9n las fue perdiendo.<\/p>\n<p>En el escenario, la espontaneidad tuvo nombre propio. <b>Susana Gim\u00e9nez<\/b> convirti\u00f3 su discurso en una secuencia de momentos inesperados: al subir a recibir su Mart\u00edn Fierro a la Trayectoria, <b>se golpe\u00f3 la boca con el micr\u00f3fono<\/b>. Luego, <b>confundi\u00f3 el nombre del due\u00f1o de Telefe al agradecer. <\/b>\u201cGracias a Gustavo, el nuevo due\u00f1o del canal. Roggiano, Poggiano. Me estoy equivocando con todo\u201d, dijo entre risas, en referencia a Gustavo Scaglione. La diva tambi\u00e9n aprovech\u00f3 y <b>le hizo un reclamo en vivo a Luis Ventura<\/b>: <b>\u201c\u00bfD\u00f3nde est\u00e1n el oro y los brillantes?\u201d<\/b>, consult\u00f3, mirando la estatuilla. Hasta <b>rebautiz\u00f3 a Iv\u00e1n de Pineda como \u201cRosco\u201d<\/b>, ya que es el juego estrella del programa que conduce el animador de <i>Pasapalabra<\/i>. Todo en cuesti\u00f3n de minutos, mezclando emoci\u00f3n, humor y desprolijidad encantadora.<\/p>\n<p>No fue el \u00fanico momento fuera de libreto. <b>Valeria Mazza<\/b> protagoniz\u00f3 un leve tropiezo al mostrar su segundo look junto al conductor, que resolvi\u00f3 con elegancia. Por su parte, <b>Sof\u00eda \u201cLa Reini\u201d Gonet<\/b> vivi\u00f3 un momento m\u00e1s complicado. Al escuchar su nombre como ganador, celebr\u00f3 y <b>el escote de su vestido qued\u00f3 al l\u00edmite al subir a recibir su premio<\/b>.<\/p>\n<p><img loading=\"lazy\" decoding=\"async\" src=\"https:\/\/lobosnews.com.ar\/wp-content\/uploads\/2026\/04\/plumas-perdidas-miradas-cruzadas-y-bloopers-todo-lo-que-no-se-vio-de-los-martin-fierro-de-la-moda-2026-2.jpg\" alt=\"Valeria Mazza y Sof\u00eda 'La Reini' Gonet protagonizaron perlitas y bloopers en la pasarela y al recibir sus premios, sumando momentos fuera de libreto\" height=\"971\" width=\"1809\"\/><\/p>\n<p>La disposici\u00f3n del p\u00fablico tambi\u00e9n marc\u00f3 una narrativa paralela.<b> Las figuras de OLGA y Luzu TV quedaron ubicadas en tribunas enfrentadas<\/b>, generando una divisi\u00f3n silenciosa dentro del estudio. No hubo cruces entre <b>Nacho Elizalde<\/b> y sus excompa\u00f1eros, <b>Nicol\u00e1s Occhiato<\/b>, <b>Flor Jazm\u00edn Pe\u00f1a<\/b>, <b>Santi Talledo<\/b> y <b>Momi Giardina<\/b>.<\/p>\n<p>Sin embargo, no todo fue distancia. Durante los cortes, se vio un clima relajado entre<b> Iv\u00e1n de Pineda<\/b>, <b>Vero Lozano<\/b> y <b>Evelyn Botto<\/b>, que intercambiaban comentarios y risas lejos del protocolo.<\/p>\n<p>As\u00ed, entre el fr\u00edo que atraves\u00f3 la noche, los bocados que circularon sin pausa, los gestos que dijeron m\u00e1s que las palabras y los peque\u00f1os imprevistos que escaparon al guion, los Mart\u00edn Fierro de la Moda 2026 dejaron en evidencia que, muchas veces, lo m\u00e1s interesante ocurre justamente donde las c\u00e1maras no est\u00e1n mirando.<\/p>\n","protected":false},"excerpt":{"rendered":"<p>Mientras en pantalla de Telefe los Mart\u00edn Fierro de la Moda 2026 desfilaban entre premios, discursos y glamour, fuera de foco se armaba otra historia. Una m\u00e1s descontracturada, atravesada por el clima, los encuentros inesperados y esos detalles que nunca llegan al aire. El fr\u00edo fue, sin dudas, uno de los grandes protagonistas invisibles de&#8230;<\/p>\n","protected":false},"author":1,"featured_media":46021,"comment_status":"open","ping_status":"closed","sticky":false,"template":"","format":"standard","meta":{"_jetpack_memberships_contains_paid_content":false,"footnotes":""},"categories":[79],"tags":[],"class_list":["post-46012","post","type-post","status-publish","format-standard","has-post-thumbnail","hentry","category-cine-y-series"],"magazineBlocksPostFeaturedMedia":{"thumbnail":"https:\/\/lobosnews.com.ar\/wp-content\/uploads\/2026\/04\/plumas-perdidas-miradas-cruzadas-y-bloopers-todo-lo-que-no-se-vio-de-los-martin-fierro-de-la-moda-2026-5-150x150.jpg","medium":"https:\/\/lobosnews.com.ar\/wp-content\/uploads\/2026\/04\/plumas-perdidas-miradas-cruzadas-y-bloopers-todo-lo-que-no-se-vio-de-los-martin-fierro-de-la-moda-2026-5-300x161.jpg","medium_large":"https:\/\/lobosnews.com.ar\/wp-content\/uploads\/2026\/04\/plumas-perdidas-miradas-cruzadas-y-bloopers-todo-lo-que-no-se-vio-de-los-martin-fierro-de-la-moda-2026-5-768x412.jpg","large":"https:\/\/lobosnews.com.ar\/wp-content\/uploads\/2026\/04\/plumas-perdidas-miradas-cruzadas-y-bloopers-todo-lo-que-no-se-vio-de-los-martin-fierro-de-la-moda-2026-5-1024x550.jpg","1536x1536":"https:\/\/lobosnews.com.ar\/wp-content\/uploads\/2026\/04\/plumas-perdidas-miradas-cruzadas-y-bloopers-todo-lo-que-no-se-vio-de-los-martin-fierro-de-la-moda-2026-5-1536x824.jpg","2048x2048":"https:\/\/lobosnews.com.ar\/wp-content\/uploads\/2026\/04\/plumas-perdidas-miradas-cruzadas-y-bloopers-todo-lo-que-no-se-vio-de-los-martin-fierro-de-la-moda-2026-5.jpg","newsmatic-featured":"https:\/\/lobosnews.com.ar\/wp-content\/uploads\/2026\/04\/plumas-perdidas-miradas-cruzadas-y-bloopers-todo-lo-que-no-se-vio-de-los-martin-fierro-de-la-moda-2026-5-820x545.jpg","newsmatic-list":"https:\/\/lobosnews.com.ar\/wp-content\/uploads\/2026\/04\/plumas-perdidas-miradas-cruzadas-y-bloopers-todo-lo-que-no-se-vio-de-los-martin-fierro-de-la-moda-2026-5-600x400.jpg","newsmatic-thumb":"https:\/\/lobosnews.com.ar\/wp-content\/uploads\/2026\/04\/plumas-perdidas-miradas-cruzadas-y-bloopers-todo-lo-que-no-se-vio-de-los-martin-fierro-de-la-moda-2026-5-300x200.jpg","newsmatic-small":"https:\/\/lobosnews.com.ar\/wp-content\/uploads\/2026\/04\/plumas-perdidas-miradas-cruzadas-y-bloopers-todo-lo-que-no-se-vio-de-los-martin-fierro-de-la-moda-2026-5-150x95.jpg","newsmatic-grid":"https:\/\/lobosnews.com.ar\/wp-content\/uploads\/2026\/04\/plumas-perdidas-miradas-cruzadas-y-bloopers-todo-lo-que-no-se-vio-de-los-martin-fierro-de-la-moda-2026-5-400x250.jpg"},"magazineBlocksPostAuthor":{"name":"admin","avatar":"https:\/\/secure.gravatar.com\/avatar\/76e419471a2083bc3ceab22a763dbbf9b0c1bd15a6214cf3280e2c2dde4580f9?s=96&d=mm&r=g"},"magazineBlocksPostCommentsNumber":"0","magazineBlocksPostExcerpt":"Mientras en pantalla de Telefe los Mart\u00edn Fierro de la Moda 2026 desfilaban entre premios, discursos y glamour, fuera de foco se armaba otra historia. Una m\u00e1s descontracturada, atravesada por el clima, los encuentros inesperados y esos detalles que nunca llegan al aire. El fr\u00edo fue, sin dudas, uno de los grandes protagonistas invisibles de...","magazineBlocksPostCategories":["Cine y Series"],"magazineBlocksPostViewCount":9,"magazineBlocksPostReadTime":5,"magazine_blocks_featured_image_url":{"full":["https:\/\/lobosnews.com.ar\/wp-content\/uploads\/2026\/04\/plumas-perdidas-miradas-cruzadas-y-bloopers-todo-lo-que-no-se-vio-de-los-martin-fierro-de-la-moda-2026-5.jpg",1809,971,false],"medium":["https:\/\/lobosnews.com.ar\/wp-content\/uploads\/2026\/04\/plumas-perdidas-miradas-cruzadas-y-bloopers-todo-lo-que-no-se-vio-de-los-martin-fierro-de-la-moda-2026-5-300x161.jpg",300,161,true],"thumbnail":["https:\/\/lobosnews.com.ar\/wp-content\/uploads\/2026\/04\/plumas-perdidas-miradas-cruzadas-y-bloopers-todo-lo-que-no-se-vio-de-los-martin-fierro-de-la-moda-2026-5-150x150.jpg",150,150,true]},"magazine_blocks_author":{"display_name":"admin","author_link":"https:\/\/lobosnews.com.ar\/index.php\/author\/lobos-news\/"},"magazine_blocks_comment":0,"magazine_blocks_author_image":"https:\/\/secure.gravatar.com\/avatar\/76e419471a2083bc3ceab22a763dbbf9b0c1bd15a6214cf3280e2c2dde4580f9?s=96&d=mm&r=g","magazine_blocks_category":"<a href=\"#\" class=\"category-link category-link-79\">Cine y Series<\/a>","yoast_head":"<!-- This site is optimized with the Yoast SEO plugin v26.6 - https:\/\/yoast.com\/wordpress\/plugins\/seo\/ -->\n<title>Plumas perdidas, miradas cruzadas y bloopers: todo lo que no se vio de los Mart\u00edn Fierro de la Moda 2026 - Lobos News<\/title>\n<meta name=\"robots\" content=\"index, follow, max-snippet:-1, max-image-preview:large, max-video-preview:-1\" \/>\n<link rel=\"canonical\" href=\"https:\/\/lobosnews.com.ar\/index.php\/2026\/04\/27\/plumas-perdidas-miradas-cruzadas-y-bloopers-todo-lo-que-no-se-vio-de-los-martin-fierro-de-la-moda-2026\/\" \/>\n<meta property=\"og:locale\" content=\"es_ES\" \/>\n<meta property=\"og:type\" content=\"article\" \/>\n<meta property=\"og:title\" content=\"Plumas perdidas, miradas cruzadas y bloopers: todo lo que no se vio de los Mart\u00edn Fierro de la Moda 2026 - Lobos News\" \/>\n<meta property=\"og:description\" content=\"Mientras en pantalla de Telefe los Mart\u00edn Fierro de la Moda 2026 desfilaban entre premios, discursos y glamour, fuera de foco se armaba otra historia. Una m\u00e1s descontracturada, atravesada por el clima, los encuentros inesperados y esos detalles que nunca llegan al aire. El fr\u00edo fue, sin dudas, uno de los grandes protagonistas invisibles de...\" \/>\n<meta property=\"og:url\" content=\"https:\/\/lobosnews.com.ar\/index.php\/2026\/04\/27\/plumas-perdidas-miradas-cruzadas-y-bloopers-todo-lo-que-no-se-vio-de-los-martin-fierro-de-la-moda-2026\/\" \/>\n<meta property=\"og:site_name\" content=\"Lobos News\" \/>\n<meta property=\"article:published_time\" content=\"2026-04-27T05:17:04+00:00\" \/>\n<meta property=\"article:modified_time\" content=\"2026-04-27T08:48:01+00:00\" \/>\n<meta property=\"og:image\" content=\"https:\/\/lobosnews.com.ar\/wp-content\/uploads\/2026\/04\/plumas-perdidas-miradas-cruzadas-y-bloopers-todo-lo-que-no-se-vio-de-los-martin-fierro-de-la-moda-2026.jpg\" \/>\n<meta name=\"author\" content=\"admin\" \/>\n<meta name=\"twitter:card\" content=\"summary_large_image\" \/>\n<meta name=\"twitter:label1\" content=\"Escrito por\" \/>\n\t<meta name=\"twitter:data1\" content=\"admin\" \/>\n\t<meta name=\"twitter:label2\" content=\"Tiempo de lectura\" \/>\n\t<meta name=\"twitter:data2\" content=\"4 minutos\" \/>\n<script type=\"application\/ld+json\" class=\"yoast-schema-graph\">{\"@context\":\"https:\/\/schema.org\",\"@graph\":[{\"@type\":\"Article\",\"@id\":\"https:\/\/lobosnews.com.ar\/index.php\/2026\/04\/27\/plumas-perdidas-miradas-cruzadas-y-bloopers-todo-lo-que-no-se-vio-de-los-martin-fierro-de-la-moda-2026\/#article\",\"isPartOf\":{\"@id\":\"https:\/\/lobosnews.com.ar\/index.php\/2026\/04\/27\/plumas-perdidas-miradas-cruzadas-y-bloopers-todo-lo-que-no-se-vio-de-los-martin-fierro-de-la-moda-2026\/\"},\"author\":{\"name\":\"admin\",\"@id\":\"https:\/\/lobosnews.com.ar\/#\/schema\/person\/232422a593d5c541dd9aef6aaed10943\"},\"headline\":\"Plumas perdidas, miradas cruzadas y bloopers: todo lo que no se vio de los Mart\u00edn Fierro de la Moda 2026\",\"datePublished\":\"2026-04-27T05:17:04+00:00\",\"dateModified\":\"2026-04-27T08:48:01+00:00\",\"mainEntityOfPage\":{\"@id\":\"https:\/\/lobosnews.com.ar\/index.php\/2026\/04\/27\/plumas-perdidas-miradas-cruzadas-y-bloopers-todo-lo-que-no-se-vio-de-los-martin-fierro-de-la-moda-2026\/\"},\"wordCount\":840,\"commentCount\":0,\"publisher\":{\"@id\":\"https:\/\/lobosnews.com.ar\/#organization\"},\"image\":{\"@id\":\"https:\/\/lobosnews.com.ar\/index.php\/2026\/04\/27\/plumas-perdidas-miradas-cruzadas-y-bloopers-todo-lo-que-no-se-vio-de-los-martin-fierro-de-la-moda-2026\/#primaryimage\"},\"thumbnailUrl\":\"https:\/\/lobosnews.com.ar\/wp-content\/uploads\/2026\/04\/plumas-perdidas-miradas-cruzadas-y-bloopers-todo-lo-que-no-se-vio-de-los-martin-fierro-de-la-moda-2026-5.jpg\",\"articleSection\":[\"Cine y Series\"],\"inLanguage\":\"es\",\"potentialAction\":[{\"@type\":\"CommentAction\",\"name\":\"Comment\",\"target\":[\"https:\/\/lobosnews.com.ar\/index.php\/2026\/04\/27\/plumas-perdidas-miradas-cruzadas-y-bloopers-todo-lo-que-no-se-vio-de-los-martin-fierro-de-la-moda-2026\/#respond\"]}]},{\"@type\":\"WebPage\",\"@id\":\"https:\/\/lobosnews.com.ar\/index.php\/2026\/04\/27\/plumas-perdidas-miradas-cruzadas-y-bloopers-todo-lo-que-no-se-vio-de-los-martin-fierro-de-la-moda-2026\/\",\"url\":\"https:\/\/lobosnews.com.ar\/index.php\/2026\/04\/27\/plumas-perdidas-miradas-cruzadas-y-bloopers-todo-lo-que-no-se-vio-de-los-martin-fierro-de-la-moda-2026\/\",\"name\":\"Plumas perdidas, miradas cruzadas y bloopers: todo lo que no se vio de los Mart\u00edn Fierro de la Moda 2026 - Lobos News\",\"isPartOf\":{\"@id\":\"https:\/\/lobosnews.com.ar\/#website\"},\"primaryImageOfPage\":{\"@id\":\"https:\/\/lobosnews.com.ar\/index.php\/2026\/04\/27\/plumas-perdidas-miradas-cruzadas-y-bloopers-todo-lo-que-no-se-vio-de-los-martin-fierro-de-la-moda-2026\/#primaryimage\"},\"image\":{\"@id\":\"https:\/\/lobosnews.com.ar\/index.php\/2026\/04\/27\/plumas-perdidas-miradas-cruzadas-y-bloopers-todo-lo-que-no-se-vio-de-los-martin-fierro-de-la-moda-2026\/#primaryimage\"},\"thumbnailUrl\":\"https:\/\/lobosnews.com.ar\/wp-content\/uploads\/2026\/04\/plumas-perdidas-miradas-cruzadas-y-bloopers-todo-lo-que-no-se-vio-de-los-martin-fierro-de-la-moda-2026-5.jpg\",\"datePublished\":\"2026-04-27T05:17:04+00:00\",\"dateModified\":\"2026-04-27T08:48:01+00:00\",\"breadcrumb\":{\"@id\":\"https:\/\/lobosnews.com.ar\/index.php\/2026\/04\/27\/plumas-perdidas-miradas-cruzadas-y-bloopers-todo-lo-que-no-se-vio-de-los-martin-fierro-de-la-moda-2026\/#breadcrumb\"},\"inLanguage\":\"es\",\"potentialAction\":[{\"@type\":\"ReadAction\",\"target\":[\"https:\/\/lobosnews.com.ar\/index.php\/2026\/04\/27\/plumas-perdidas-miradas-cruzadas-y-bloopers-todo-lo-que-no-se-vio-de-los-martin-fierro-de-la-moda-2026\/\"]}]},{\"@type\":\"ImageObject\",\"inLanguage\":\"es\",\"@id\":\"https:\/\/lobosnews.com.ar\/index.php\/2026\/04\/27\/plumas-perdidas-miradas-cruzadas-y-bloopers-todo-lo-que-no-se-vio-de-los-martin-fierro-de-la-moda-2026\/#primaryimage\",\"url\":\"https:\/\/lobosnews.com.ar\/wp-content\/uploads\/2026\/04\/plumas-perdidas-miradas-cruzadas-y-bloopers-todo-lo-que-no-se-vio-de-los-martin-fierro-de-la-moda-2026-5.jpg\",\"contentUrl\":\"https:\/\/lobosnews.com.ar\/wp-content\/uploads\/2026\/04\/plumas-perdidas-miradas-cruzadas-y-bloopers-todo-lo-que-no-se-vio-de-los-martin-fierro-de-la-moda-2026-5.jpg\",\"width\":1809,\"height\":971,\"caption\":\"Plumas perdidas, miradas cruzadas y bloopers: todo lo que no se vio de los Mart\u00edn Fierro de la Moda 2026\"},{\"@type\":\"BreadcrumbList\",\"@id\":\"https:\/\/lobosnews.com.ar\/index.php\/2026\/04\/27\/plumas-perdidas-miradas-cruzadas-y-bloopers-todo-lo-que-no-se-vio-de-los-martin-fierro-de-la-moda-2026\/#breadcrumb\",\"itemListElement\":[{\"@type\":\"ListItem\",\"position\":1,\"name\":\"Portada\",\"item\":\"https:\/\/lobosnews.com.ar\/\"},{\"@type\":\"ListItem\",\"position\":2,\"name\":\"Plumas perdidas, miradas cruzadas y bloopers: todo lo que no se vio de los Mart\u00edn Fierro de la Moda 2026\"}]},{\"@type\":\"WebSite\",\"@id\":\"https:\/\/lobosnews.com.ar\/#website\",\"url\":\"https:\/\/lobosnews.com.ar\/\",\"name\":\"Lobos News\",\"description\":\"Informaci\u00f3n a cada instante\",\"publisher\":{\"@id\":\"https:\/\/lobosnews.com.ar\/#organization\"},\"potentialAction\":[{\"@type\":\"SearchAction\",\"target\":{\"@type\":\"EntryPoint\",\"urlTemplate\":\"https:\/\/lobosnews.com.ar\/?s={search_term_string}\"},\"query-input\":{\"@type\":\"PropertyValueSpecification\",\"valueRequired\":true,\"valueName\":\"search_term_string\"}}],\"inLanguage\":\"es\"},{\"@type\":\"Organization\",\"@id\":\"https:\/\/lobosnews.com.ar\/#organization\",\"name\":\"Lobos News\",\"url\":\"https:\/\/lobosnews.com.ar\/\",\"logo\":{\"@type\":\"ImageObject\",\"inLanguage\":\"es\",\"@id\":\"https:\/\/lobosnews.com.ar\/#\/schema\/logo\/image\/\",\"url\":\"https:\/\/lobosnews.com.ar\/wp-content\/uploads\/2026\/01\/logo-lobosnews.png\",\"contentUrl\":\"https:\/\/lobosnews.com.ar\/wp-content\/uploads\/2026\/01\/logo-lobosnews.png\",\"width\":500,\"height\":200,\"caption\":\"Lobos News\"},\"image\":{\"@id\":\"https:\/\/lobosnews.com.ar\/#\/schema\/logo\/image\/\"}},{\"@type\":\"Person\",\"@id\":\"https:\/\/lobosnews.com.ar\/#\/schema\/person\/232422a593d5c541dd9aef6aaed10943\",\"name\":\"admin\",\"image\":{\"@type\":\"ImageObject\",\"inLanguage\":\"es\",\"@id\":\"https:\/\/lobosnews.com.ar\/#\/schema\/person\/image\/\",\"url\":\"https:\/\/secure.gravatar.com\/avatar\/76e419471a2083bc3ceab22a763dbbf9b0c1bd15a6214cf3280e2c2dde4580f9?s=96&d=mm&r=g\",\"contentUrl\":\"https:\/\/secure.gravatar.com\/avatar\/76e419471a2083bc3ceab22a763dbbf9b0c1bd15a6214cf3280e2c2dde4580f9?s=96&d=mm&r=g\",\"caption\":\"admin\"},\"sameAs\":[\"https:\/\/lobosnews.com.ar\"],\"url\":\"https:\/\/lobosnews.com.ar\/index.php\/author\/lobos-news\/\"}]}<\/script>\n<!-- \/ Yoast SEO plugin. -->","yoast_head_json":{"title":"Plumas perdidas, miradas cruzadas y bloopers: todo lo que no se vio de los Mart\u00edn Fierro de la Moda 2026 - Lobos News","robots":{"index":"index","follow":"follow","max-snippet":"max-snippet:-1","max-image-preview":"max-image-preview:large","max-video-preview":"max-video-preview:-1"},"canonical":"https:\/\/lobosnews.com.ar\/index.php\/2026\/04\/27\/plumas-perdidas-miradas-cruzadas-y-bloopers-todo-lo-que-no-se-vio-de-los-martin-fierro-de-la-moda-2026\/","og_locale":"es_ES","og_type":"article","og_title":"Plumas perdidas, miradas cruzadas y bloopers: todo lo que no se vio de los Mart\u00edn Fierro de la Moda 2026 - Lobos News","og_description":"Mientras en pantalla de Telefe los Mart\u00edn Fierro de la Moda 2026 desfilaban entre premios, discursos y glamour, fuera de foco se armaba otra historia. Una m\u00e1s descontracturada, atravesada por el clima, los encuentros inesperados y esos detalles que nunca llegan al aire. El fr\u00edo fue, sin dudas, uno de los grandes protagonistas invisibles de...","og_url":"https:\/\/lobosnews.com.ar\/index.php\/2026\/04\/27\/plumas-perdidas-miradas-cruzadas-y-bloopers-todo-lo-que-no-se-vio-de-los-martin-fierro-de-la-moda-2026\/","og_site_name":"Lobos News","article_published_time":"2026-04-27T05:17:04+00:00","article_modified_time":"2026-04-27T08:48:01+00:00","og_image":[{"url":"https:\/\/lobosnews.com.ar\/wp-content\/uploads\/2026\/04\/plumas-perdidas-miradas-cruzadas-y-bloopers-todo-lo-que-no-se-vio-de-los-martin-fierro-de-la-moda-2026.jpg","type":"","width":"","height":""}],"author":"admin","twitter_card":"summary_large_image","twitter_misc":{"Escrito por":"admin","Tiempo de lectura":"4 minutos"},"schema":{"@context":"https:\/\/schema.org","@graph":[{"@type":"Article","@id":"https:\/\/lobosnews.com.ar\/index.php\/2026\/04\/27\/plumas-perdidas-miradas-cruzadas-y-bloopers-todo-lo-que-no-se-vio-de-los-martin-fierro-de-la-moda-2026\/#article","isPartOf":{"@id":"https:\/\/lobosnews.com.ar\/index.php\/2026\/04\/27\/plumas-perdidas-miradas-cruzadas-y-bloopers-todo-lo-que-no-se-vio-de-los-martin-fierro-de-la-moda-2026\/"},"author":{"name":"admin","@id":"https:\/\/lobosnews.com.ar\/#\/schema\/person\/232422a593d5c541dd9aef6aaed10943"},"headline":"Plumas perdidas, miradas cruzadas y bloopers: todo lo que no se vio de los Mart\u00edn Fierro de la Moda 2026","datePublished":"2026-04-27T05:17:04+00:00","dateModified":"2026-04-27T08:48:01+00:00","mainEntityOfPage":{"@id":"https:\/\/lobosnews.com.ar\/index.php\/2026\/04\/27\/plumas-perdidas-miradas-cruzadas-y-bloopers-todo-lo-que-no-se-vio-de-los-martin-fierro-de-la-moda-2026\/"},"wordCount":840,"commentCount":0,"publisher":{"@id":"https:\/\/lobosnews.com.ar\/#organization"},"image":{"@id":"https:\/\/lobosnews.com.ar\/index.php\/2026\/04\/27\/plumas-perdidas-miradas-cruzadas-y-bloopers-todo-lo-que-no-se-vio-de-los-martin-fierro-de-la-moda-2026\/#primaryimage"},"thumbnailUrl":"https:\/\/lobosnews.com.ar\/wp-content\/uploads\/2026\/04\/plumas-perdidas-miradas-cruzadas-y-bloopers-todo-lo-que-no-se-vio-de-los-martin-fierro-de-la-moda-2026-5.jpg","articleSection":["Cine y Series"],"inLanguage":"es","potentialAction":[{"@type":"CommentAction","name":"Comment","target":["https:\/\/lobosnews.com.ar\/index.php\/2026\/04\/27\/plumas-perdidas-miradas-cruzadas-y-bloopers-todo-lo-que-no-se-vio-de-los-martin-fierro-de-la-moda-2026\/#respond"]}]},{"@type":"WebPage","@id":"https:\/\/lobosnews.com.ar\/index.php\/2026\/04\/27\/plumas-perdidas-miradas-cruzadas-y-bloopers-todo-lo-que-no-se-vio-de-los-martin-fierro-de-la-moda-2026\/","url":"https:\/\/lobosnews.com.ar\/index.php\/2026\/04\/27\/plumas-perdidas-miradas-cruzadas-y-bloopers-todo-lo-que-no-se-vio-de-los-martin-fierro-de-la-moda-2026\/","name":"Plumas perdidas, miradas cruzadas y bloopers: todo lo que no se vio de los Mart\u00edn Fierro de la Moda 2026 - Lobos News","isPartOf":{"@id":"https:\/\/lobosnews.com.ar\/#website"},"primaryImageOfPage":{"@id":"https:\/\/lobosnews.com.ar\/index.php\/2026\/04\/27\/plumas-perdidas-miradas-cruzadas-y-bloopers-todo-lo-que-no-se-vio-de-los-martin-fierro-de-la-moda-2026\/#primaryimage"},"image":{"@id":"https:\/\/lobosnews.com.ar\/index.php\/2026\/04\/27\/plumas-perdidas-miradas-cruzadas-y-bloopers-todo-lo-que-no-se-vio-de-los-martin-fierro-de-la-moda-2026\/#primaryimage"},"thumbnailUrl":"https:\/\/lobosnews.com.ar\/wp-content\/uploads\/2026\/04\/plumas-perdidas-miradas-cruzadas-y-bloopers-todo-lo-que-no-se-vio-de-los-martin-fierro-de-la-moda-2026-5.jpg","datePublished":"2026-04-27T05:17:04+00:00","dateModified":"2026-04-27T08:48:01+00:00","breadcrumb":{"@id":"https:\/\/lobosnews.com.ar\/index.php\/2026\/04\/27\/plumas-perdidas-miradas-cruzadas-y-bloopers-todo-lo-que-no-se-vio-de-los-martin-fierro-de-la-moda-2026\/#breadcrumb"},"inLanguage":"es","potentialAction":[{"@type":"ReadAction","target":["https:\/\/lobosnews.com.ar\/index.php\/2026\/04\/27\/plumas-perdidas-miradas-cruzadas-y-bloopers-todo-lo-que-no-se-vio-de-los-martin-fierro-de-la-moda-2026\/"]}]},{"@type":"ImageObject","inLanguage":"es","@id":"https:\/\/lobosnews.com.ar\/index.php\/2026\/04\/27\/plumas-perdidas-miradas-cruzadas-y-bloopers-todo-lo-que-no-se-vio-de-los-martin-fierro-de-la-moda-2026\/#primaryimage","url":"https:\/\/lobosnews.com.ar\/wp-content\/uploads\/2026\/04\/plumas-perdidas-miradas-cruzadas-y-bloopers-todo-lo-que-no-se-vio-de-los-martin-fierro-de-la-moda-2026-5.jpg","contentUrl":"https:\/\/lobosnews.com.ar\/wp-content\/uploads\/2026\/04\/plumas-perdidas-miradas-cruzadas-y-bloopers-todo-lo-que-no-se-vio-de-los-martin-fierro-de-la-moda-2026-5.jpg","width":1809,"height":971,"caption":"Plumas perdidas, miradas cruzadas y bloopers: todo lo que no se vio de los Mart\u00edn Fierro de la Moda 2026"},{"@type":"BreadcrumbList","@id":"https:\/\/lobosnews.com.ar\/index.php\/2026\/04\/27\/plumas-perdidas-miradas-cruzadas-y-bloopers-todo-lo-que-no-se-vio-de-los-martin-fierro-de-la-moda-2026\/#breadcrumb","itemListElement":[{"@type":"ListItem","position":1,"name":"Portada","item":"https:\/\/lobosnews.com.ar\/"},{"@type":"ListItem","position":2,"name":"Plumas perdidas, miradas cruzadas y bloopers: todo lo que no se vio de los Mart\u00edn Fierro de la Moda 2026"}]},{"@type":"WebSite","@id":"https:\/\/lobosnews.com.ar\/#website","url":"https:\/\/lobosnews.com.ar\/","name":"Lobos News","description":"Informaci\u00f3n a cada instante","publisher":{"@id":"https:\/\/lobosnews.com.ar\/#organization"},"potentialAction":[{"@type":"SearchAction","target":{"@type":"EntryPoint","urlTemplate":"https:\/\/lobosnews.com.ar\/?s={search_term_string}"},"query-input":{"@type":"PropertyValueSpecification","valueRequired":true,"valueName":"search_term_string"}}],"inLanguage":"es"},{"@type":"Organization","@id":"https:\/\/lobosnews.com.ar\/#organization","name":"Lobos News","url":"https:\/\/lobosnews.com.ar\/","logo":{"@type":"ImageObject","inLanguage":"es","@id":"https:\/\/lobosnews.com.ar\/#\/schema\/logo\/image\/","url":"https:\/\/lobosnews.com.ar\/wp-content\/uploads\/2026\/01\/logo-lobosnews.png","contentUrl":"https:\/\/lobosnews.com.ar\/wp-content\/uploads\/2026\/01\/logo-lobosnews.png","width":500,"height":200,"caption":"Lobos News"},"image":{"@id":"https:\/\/lobosnews.com.ar\/#\/schema\/logo\/image\/"}},{"@type":"Person","@id":"https:\/\/lobosnews.com.ar\/#\/schema\/person\/232422a593d5c541dd9aef6aaed10943","name":"admin","image":{"@type":"ImageObject","inLanguage":"es","@id":"https:\/\/lobosnews.com.ar\/#\/schema\/person\/image\/","url":"https:\/\/secure.gravatar.com\/avatar\/76e419471a2083bc3ceab22a763dbbf9b0c1bd15a6214cf3280e2c2dde4580f9?s=96&d=mm&r=g","contentUrl":"https:\/\/secure.gravatar.com\/avatar\/76e419471a2083bc3ceab22a763dbbf9b0c1bd15a6214cf3280e2c2dde4580f9?s=96&d=mm&r=g","caption":"admin"},"sameAs":["https:\/\/lobosnews.com.ar"],"url":"https:\/\/lobosnews.com.ar\/index.php\/author\/lobos-news\/"}]}},"jetpack_featured_media_url":"https:\/\/lobosnews.com.ar\/wp-content\/uploads\/2026\/04\/plumas-perdidas-miradas-cruzadas-y-bloopers-todo-lo-que-no-se-vio-de-los-martin-fierro-de-la-moda-2026-5.jpg","jetpack_sharing_enabled":true,"_links":{"self":[{"href":"https:\/\/lobosnews.com.ar\/index.php\/wp-json\/wp\/v2\/posts\/46012","targetHints":{"allow":["GET"]}}],"collection":[{"href":"https:\/\/lobosnews.com.ar\/index.php\/wp-json\/wp\/v2\/posts"}],"about":[{"href":"https:\/\/lobosnews.com.ar\/index.php\/wp-json\/wp\/v2\/types\/post"}],"author":[{"embeddable":true,"href":"https:\/\/lobosnews.com.ar\/index.php\/wp-json\/wp\/v2\/users\/1"}],"replies":[{"embeddable":true,"href":"https:\/\/lobosnews.com.ar\/index.php\/wp-json\/wp\/v2\/comments?post=46012"}],"version-history":[{"count":1,"href":"https:\/\/lobosnews.com.ar\/index.php\/wp-json\/wp\/v2\/posts\/46012\/revisions"}],"predecessor-version":[{"id":46020,"href":"https:\/\/lobosnews.com.ar\/index.php\/wp-json\/wp\/v2\/posts\/46012\/revisions\/46020"}],"wp:featuredmedia":[{"embeddable":true,"href":"https:\/\/lobosnews.com.ar\/index.php\/wp-json\/wp\/v2\/media\/46021"}],"wp:attachment":[{"href":"https:\/\/lobosnews.com.ar\/index.php\/wp-json\/wp\/v2\/media?parent=46012"}],"wp:term":[{"taxonomy":"category","embeddable":true,"href":"https:\/\/lobosnews.com.ar\/index.php\/wp-json\/wp\/v2\/categories?post=46012"},{"taxonomy":"post_tag","embeddable":true,"href":"https:\/\/lobosnews.com.ar\/index.php\/wp-json\/wp\/v2\/tags?post=46012"}],"curies":[{"name":"wp","href":"https:\/\/api.w.org\/{rel}","templated":true}]}}