{"id":45969,"date":"2026-04-27T05:58:05","date_gmt":"2026-04-27T05:58:05","guid":{"rendered":"https:\/\/lobosnews.com.ar\/index.php\/2026\/04\/27\/lo-que-no-se-vio-del-road-show-de-colapinto-su-gesto-con-un-grupo-de-chicos-el-asombro-en-alpine-y-por-que-se-recibio-de-idolo\/"},"modified":"2026-04-27T08:30:46","modified_gmt":"2026-04-27T08:30:46","slug":"lo-que-no-se-vio-del-road-show-de-colapinto-su-gesto-con-un-grupo-de-chicos-el-asombro-en-alpine-y-por-que-se-recibio-de-idolo","status":"publish","type":"post","link":"https:\/\/lobosnews.com.ar\/index.php\/2026\/04\/27\/lo-que-no-se-vio-del-road-show-de-colapinto-su-gesto-con-un-grupo-de-chicos-el-asombro-en-alpine-y-por-que-se-recibio-de-idolo\/","title":{"rendered":"Lo que no se vio del road show de Colapinto: su gesto con un grupo de chicos, el asombro en Alpine y por qu\u00e9 se recibi\u00f3 de \u00eddolo"},"content":{"rendered":"<p><img loading=\"lazy\" decoding=\"async\" src=\"https:\/\/lobosnews.com.ar\/wp-content\/uploads\/2026\/04\/lo-que-no-se-vio-del-road-show-de-colapinto-su-gesto-con-un-grupo-de-chicos-el-asombro-en-alpine-y-por-que-se-recibio-de-idolo.jpg\" alt=\"Franco Colapinto hizo vibrar a una multitud (Cr\u00e9dito: Prensa GCBA)\" height=\"1280\" width=\"1920\"\/><\/p>\n<p>En pleno oto\u00f1o y en el ocaso de los d\u00edas lindos, el calor de <b>m\u00e1s de 600.000 personas<\/b> en apoyo a <b>Franco Colapinto <\/b>le dio el marco ideal a un evento que fue una fiesta en la Ciudad de Buenos Aires. El road show del piloto argentino de 22 a\u00f1os con un <b>F\u00f3rmula 1 <\/b>en Palermo <b>es hist\u00f3rico por su convocatoria<\/b>. El bonaerense desde hace mucho tiempo quiso hacerle un reconocimiento a su gente, que a su vez le correspondi\u00f3 con cari\u00f1o y se retroaliment\u00f3 en cada una de las cuatro salidas que el corredor de Alpine tuvo este domingo, tres sobre dos autos y la \u00faltima en un desfile sobre un cami\u00f3n. <\/p>\n<p>El pilarense hizo hincapi\u00e9 en que quiso devolverle a su gente el respaldo que le viene dando desde hace varios a\u00f1os y que se potenci\u00f3 desde su llegada a la <b>F\u00f3rmula 3<\/b> en 2022. Cabe recordar que las movidas en las redes sociales fueron clave para que Franco pudiera conseguir la ayuda de empresas que le dieron el presupuesto necesario para correr en <b>F\u00f3rmula 2<\/b> en 2024: luego lleg\u00f3 su debut en la M\u00e1xima de la mano de <b>Williams<\/b> y la historia conocida por todos. <\/p>\n<p><b>Colapinto<\/b> sabe lo que les cuesta a los fan\u00e1ticos argentinos poder viajar a una carrera de F1: para la mayor\u00eda es algo imposible. Por eso, gracias a sus sponsors y a la Ciudad, logr\u00f3 llevar a cabo la exhibici\u00f3n y <b>Alpine<\/b> tambi\u00e9n se comprometi\u00f3 a colaborar mandando un <b>Lotus E20<\/b> de 2012 \u201cdisfrazado\u201d con los colores actuales de <b>Alpine<\/b>, que le permiti\u00f3 una experiencia \u00fanica al competidor nacido el 27 de mayo de 2003: poder sentir la potencia de motor V8 aspirado, cuyo sonido result\u00f3 una sinfon\u00eda. De momento, no hay un Gran Premio en nuestro pa\u00eds, pero lo acontecido en Palermo fue lo m\u00e1s parecido y termin\u00f3 siendo una especie de \u201cMini GP\u201d, como le confi\u00f3 en la previa una fuente importante de la organizaci\u00f3n a <b>Infobae<\/b>. <\/p>\n<p>Una Fan Zone, sectores corporativos, VIP, merchandising, un estricto control de la seguridad y respeto por el cronograma se acercaron a lo que es una carrera de F1. Sin embargo, hay que mencionar algunas fallas y retrasos para acreditar a los medios en la ma\u00f1ana y las restricciones a los periodistas para poder ingresar al box y otros lugares con el fin de poder trabajar con m\u00e1s amplitud y poder producir testimonios. Eso no condice con una carrera de la M\u00e1xima donde, si bien hay protocolos para interactuar con los pilotos con entrevistas y ruedas de prensa programadas, es libre el acceso por los boxes en pos de elaborar notas con invitados u otras personalidades presentes. <\/p>\n<p>El p\u00fablico pudo disfrutar de joyas tra\u00eddas del <b>Museo Juan Manuel Fangio <\/b>de Balcarce, al que Colapinto le don\u00f3 uno de sus cascos y recibi\u00f3 uno del <i>Chueco<\/i>. A prop\u00f3sito, <span class=\"waslinkname\">se lo not\u00f3 muy feliz al manejar la r\u00e9plica de la Flecha de Plata<\/span>, el Mercedes-Benz con el que el Qu\u00edntuple logr\u00f3 dos de sus t\u00edtulos en 1954 y 1955. Antes de completar su manejo sobre la reproducci\u00f3n del hist\u00f3rico monoplaza, se baj\u00f3 y se acerc\u00f3 a una tarima donde se ubic\u00f3 un grupo de chicos en silla de ruedas. \u201cHola amigo, \u00bfc\u00f3mo est\u00e1s? Un placer\u201d, le dijo a uno de ellos y se sac\u00f3 una selfie con todos. El momento fue registrado por <b>Infobae<\/b>. <\/p>\n<p>En tanto que fueron dos salidas de unos 20 minutos sobre el coche de F1 con el que <b>Kimi R\u00e4ikk\u00f6nen <\/b>gan\u00f3 en Abu Dhabi 2012. En su primera actividad se cuid\u00f3 en acelerarlo, aunque enloqueci\u00f3 a la gente con sus trompos (tambi\u00e9n conocidas como \u201cdonas\u201d). Ah\u00ed se vio el primer gesto con el p\u00fablico, ya que quem\u00f3 caucho en todos los sectores del trazado montado sobre la Avenida del Libertador y Sarmiento. <\/p>\n<p>En la segunda salida, Franco piso m\u00e1s el acelerador y agreg\u00f3 trompos en lugares donde no los hab\u00eda efectuado en su primer contacto con la \u201cpista\u201d e hizo delirar la gente. En el final, una vez que desfil\u00f3 sobre un cami\u00f3n que le permiti\u00f3 saludar al p\u00fablico, se baj\u00f3 en cada uno de los sectores e interactu\u00f3 con los fan\u00e1ticos. Entrada la tarde del domingo. el viento se hizo sentir y baj\u00f3 la temperatura, pero el calor popular le dio un clima especial al final de la jornada. <\/p>\n<p>El fen\u00f3meno <b>Colapinto<\/b> no deja de sorprender y uno de los integrantes de Alpine que viaj\u00f3 para este evento lo subray\u00f3 este domingo. \u201c<b>Es una locura. Es incre\u00edble<\/b>. Yo soy italiano, as\u00ed que es una pasi\u00f3n que puedo entender y compartir. Es incre\u00edble. Cuando vamos a cada carrera, hay un grupo de fans de Franco que siempre nos apoya y no pasa nada si la carrera no va bien. Ellos est\u00e1n siempre ah\u00ed con el coraz\u00f3n y te dan todo\u201d, le afirm\u00f3 <b>Luca Mazzocco<\/b> a unos pocos medios entre los que estuvo <b>Infobae<\/b>. Este medio le pregunt\u00f3 con qu\u00e9 piloto era comparable el furor que despierta en la gente y lo equipar\u00f3 con un bicampe\u00f3n mundial: <b>\u201cCon Fernando (Alonso)\u201d.<\/b> <\/p>\n<p>Terminada la actividad, este cronista habl\u00f3 con un ex piloto de F1, <b>Miguel \u00c1ngel Guerra<\/b>, quien manifest\u00f3 que \u201cfue emocionante e incre\u00edble lo que Franco convoca a trav\u00e9s de sus redes y a trav\u00e9s de la participaci\u00f3n en F1. La verdad es que para nosotros es impensado que alguien pudiera llegar a lo que lleg\u00f3 Franco. As\u00ed que ni me quiero imaginar cuando haga un podio. O sea, hoy me dio toda la impresi\u00f3n de que ya sum\u00f3 un poco m\u00e1s que lo que es un campeonato del mundo de la selecci\u00f3n en cuanto a convocatoria de gente\u201d. <\/p>\n<p>Ante la consulta sobre si este domingo se recibi\u00f3 de \u00eddolo, el porte\u00f1o respondi\u00f3 \u201c<b>sin ninguna duda<\/b>. Yo creo que la gente ya lo acept\u00f3. El hecho de que despu\u00e9s de tantos a\u00f1os no hab\u00eda un piloto en F1 y que todo el mundo lo quiera&#8230; Yo tengo nietos de un a\u00f1o y medio, cinco y seis. El del seis, pr\u00e1cticamente dice \u2018Colapinto, Colapinto\u2019. Y despu\u00e9s uno va a los negocios, participa y todos saben la relaci\u00f3n que uno tiene con el automovilismo, sea mujer, hombre, chico. Y te dicen: \u2018\u00bfY qu\u00e9 pasa con Colapinto?\u2019 O sea, est\u00e1 instalado ya como un \u00eddolo 100%\u201d<\/p>\n<p><b>Franco Colapinto<\/b> se fue de Argentina con las valijas llenas del cari\u00f1o de la gente. Llegar\u00e1 a Miami, donde se correr\u00e1 el pr\u00f3ximo domingo, recargado con el fervor popular que arrastra y que qued\u00f3 demostrado en una jornada \u00e9pica. Tiene mucho camino por recorrer en la F1 y, como indic\u00f3 <b>Miguel \u00c1ngel Guerra,<\/b> se sell\u00f3 para siempre su idilio con la gente. <\/p>\n","protected":false},"excerpt":{"rendered":"<p>En pleno oto\u00f1o y en el ocaso de los d\u00edas lindos, el calor de m\u00e1s de 600.000 personas en apoyo a Franco Colapinto le dio el marco ideal a un evento que fue una fiesta en la Ciudad de Buenos Aires. El road show del piloto argentino de 22 a\u00f1os con un F\u00f3rmula 1 en&#8230;<\/p>\n","protected":false},"author":1,"featured_media":0,"comment_status":"open","ping_status":"closed","sticky":false,"template":"","format":"standard","meta":{"_jetpack_memberships_contains_paid_content":false,"footnotes":""},"categories":[30],"tags":[39],"class_list":["post-45969","post","type-post","status-publish","format-standard","hentry","category-argentina","tag-deportes"],"magazineBlocksPostFeaturedMedia":{"thumbnail":false,"medium":false,"medium_large":false,"large":false,"1536x1536":false,"2048x2048":false,"newsmatic-featured":false,"newsmatic-list":false,"newsmatic-thumb":false,"newsmatic-small":false,"newsmatic-grid":false},"magazineBlocksPostAuthor":{"name":"admin","avatar":"https:\/\/secure.gravatar.com\/avatar\/76e419471a2083bc3ceab22a763dbbf9b0c1bd15a6214cf3280e2c2dde4580f9?s=96&d=mm&r=g"},"magazineBlocksPostCommentsNumber":"0","magazineBlocksPostExcerpt":"En pleno oto\u00f1o y en el ocaso de los d\u00edas lindos, el calor de m\u00e1s de 600.000 personas en apoyo a Franco Colapinto le dio el marco ideal a un evento que fue una fiesta en la Ciudad de Buenos Aires. El road show del piloto argentino de 22 a\u00f1os con un F\u00f3rmula 1 en...","magazineBlocksPostCategories":["Argentina"],"magazineBlocksPostViewCount":8,"magazineBlocksPostReadTime":6,"magazine_blocks_featured_image_url":{"full":false,"medium":false,"thumbnail":false},"magazine_blocks_author":{"display_name":"admin","author_link":"https:\/\/lobosnews.com.ar\/index.php\/author\/lobos-news\/"},"magazine_blocks_comment":0,"magazine_blocks_author_image":"https:\/\/secure.gravatar.com\/avatar\/76e419471a2083bc3ceab22a763dbbf9b0c1bd15a6214cf3280e2c2dde4580f9?s=96&d=mm&r=g","magazine_blocks_category":"<a href=\"#\" class=\"category-link category-link-30\">Argentina<\/a>","yoast_head":"<!-- This site is optimized with the Yoast SEO plugin v26.6 - https:\/\/yoast.com\/wordpress\/plugins\/seo\/ -->\n<title>Lo que no se vio del road show de Colapinto: su gesto con un grupo de chicos, el asombro en Alpine y por qu\u00e9 se recibi\u00f3 de \u00eddolo - Lobos News<\/title>\n<meta name=\"robots\" content=\"index, follow, max-snippet:-1, max-image-preview:large, max-video-preview:-1\" \/>\n<link rel=\"canonical\" href=\"https:\/\/lobosnews.com.ar\/index.php\/2026\/04\/27\/lo-que-no-se-vio-del-road-show-de-colapinto-su-gesto-con-un-grupo-de-chicos-el-asombro-en-alpine-y-por-que-se-recibio-de-idolo\/\" \/>\n<meta property=\"og:locale\" content=\"es_ES\" \/>\n<meta property=\"og:type\" content=\"article\" \/>\n<meta property=\"og:title\" content=\"Lo que no se vio del road show de Colapinto: su gesto con un grupo de chicos, el asombro en Alpine y por qu\u00e9 se recibi\u00f3 de \u00eddolo - Lobos News\" \/>\n<meta property=\"og:description\" content=\"En pleno oto\u00f1o y en el ocaso de los d\u00edas lindos, el calor de m\u00e1s de 600.000 personas en apoyo a Franco Colapinto le dio el marco ideal a un evento que fue una fiesta en la Ciudad de Buenos Aires. El road show del piloto argentino de 22 a\u00f1os con un F\u00f3rmula 1 en...\" \/>\n<meta property=\"og:url\" content=\"https:\/\/lobosnews.com.ar\/index.php\/2026\/04\/27\/lo-que-no-se-vio-del-road-show-de-colapinto-su-gesto-con-un-grupo-de-chicos-el-asombro-en-alpine-y-por-que-se-recibio-de-idolo\/\" \/>\n<meta property=\"og:site_name\" content=\"Lobos News\" \/>\n<meta property=\"article:published_time\" content=\"2026-04-27T05:58:05+00:00\" \/>\n<meta property=\"article:modified_time\" content=\"2026-04-27T08:30:46+00:00\" \/>\n<meta property=\"og:image\" content=\"https:\/\/lobosnews.com.ar\/wp-content\/uploads\/2026\/04\/lo-que-no-se-vio-del-road-show-de-colapinto-su-gesto-con-un-grupo-de-chicos-el-asombro-en-alpine-y-por-que-se-recibio-de-idolo.jpg\" \/>\n<meta name=\"author\" content=\"admin\" \/>\n<meta name=\"twitter:card\" content=\"summary_large_image\" \/>\n<meta name=\"twitter:label1\" content=\"Escrito por\" \/>\n\t<meta name=\"twitter:data1\" content=\"admin\" \/>\n\t<meta name=\"twitter:label2\" content=\"Tiempo de lectura\" \/>\n\t<meta name=\"twitter:data2\" content=\"6 minutos\" \/>\n<script type=\"application\/ld+json\" class=\"yoast-schema-graph\">{\"@context\":\"https:\/\/schema.org\",\"@graph\":[{\"@type\":\"Article\",\"@id\":\"https:\/\/lobosnews.com.ar\/index.php\/2026\/04\/27\/lo-que-no-se-vio-del-road-show-de-colapinto-su-gesto-con-un-grupo-de-chicos-el-asombro-en-alpine-y-por-que-se-recibio-de-idolo\/#article\",\"isPartOf\":{\"@id\":\"https:\/\/lobosnews.com.ar\/index.php\/2026\/04\/27\/lo-que-no-se-vio-del-road-show-de-colapinto-su-gesto-con-un-grupo-de-chicos-el-asombro-en-alpine-y-por-que-se-recibio-de-idolo\/\"},\"author\":{\"name\":\"admin\",\"@id\":\"https:\/\/lobosnews.com.ar\/#\/schema\/person\/232422a593d5c541dd9aef6aaed10943\"},\"headline\":\"Lo que no se vio del road show de Colapinto: su gesto con un grupo de chicos, el asombro en Alpine y por qu\u00e9 se recibi\u00f3 de \u00eddolo\",\"datePublished\":\"2026-04-27T05:58:05+00:00\",\"dateModified\":\"2026-04-27T08:30:46+00:00\",\"mainEntityOfPage\":{\"@id\":\"https:\/\/lobosnews.com.ar\/index.php\/2026\/04\/27\/lo-que-no-se-vio-del-road-show-de-colapinto-su-gesto-con-un-grupo-de-chicos-el-asombro-en-alpine-y-por-que-se-recibio-de-idolo\/\"},\"wordCount\":1179,\"commentCount\":0,\"publisher\":{\"@id\":\"https:\/\/lobosnews.com.ar\/#organization\"},\"image\":{\"@id\":\"https:\/\/lobosnews.com.ar\/index.php\/2026\/04\/27\/lo-que-no-se-vio-del-road-show-de-colapinto-su-gesto-con-un-grupo-de-chicos-el-asombro-en-alpine-y-por-que-se-recibio-de-idolo\/#primaryimage\"},\"thumbnailUrl\":\"https:\/\/lobosnews.com.ar\/wp-content\/uploads\/2026\/04\/lo-que-no-se-vio-del-road-show-de-colapinto-su-gesto-con-un-grupo-de-chicos-el-asombro-en-alpine-y-por-que-se-recibio-de-idolo.jpg\",\"keywords\":[\"Deportes\"],\"articleSection\":[\"Argentina\"],\"inLanguage\":\"es\",\"potentialAction\":[{\"@type\":\"CommentAction\",\"name\":\"Comment\",\"target\":[\"https:\/\/lobosnews.com.ar\/index.php\/2026\/04\/27\/lo-que-no-se-vio-del-road-show-de-colapinto-su-gesto-con-un-grupo-de-chicos-el-asombro-en-alpine-y-por-que-se-recibio-de-idolo\/#respond\"]}]},{\"@type\":\"WebPage\",\"@id\":\"https:\/\/lobosnews.com.ar\/index.php\/2026\/04\/27\/lo-que-no-se-vio-del-road-show-de-colapinto-su-gesto-con-un-grupo-de-chicos-el-asombro-en-alpine-y-por-que-se-recibio-de-idolo\/\",\"url\":\"https:\/\/lobosnews.com.ar\/index.php\/2026\/04\/27\/lo-que-no-se-vio-del-road-show-de-colapinto-su-gesto-con-un-grupo-de-chicos-el-asombro-en-alpine-y-por-que-se-recibio-de-idolo\/\",\"name\":\"Lo que no se vio del road show de Colapinto: su gesto con un grupo de chicos, el asombro en Alpine y por qu\u00e9 se recibi\u00f3 de \u00eddolo - Lobos News\",\"isPartOf\":{\"@id\":\"https:\/\/lobosnews.com.ar\/#website\"},\"primaryImageOfPage\":{\"@id\":\"https:\/\/lobosnews.com.ar\/index.php\/2026\/04\/27\/lo-que-no-se-vio-del-road-show-de-colapinto-su-gesto-con-un-grupo-de-chicos-el-asombro-en-alpine-y-por-que-se-recibio-de-idolo\/#primaryimage\"},\"image\":{\"@id\":\"https:\/\/lobosnews.com.ar\/index.php\/2026\/04\/27\/lo-que-no-se-vio-del-road-show-de-colapinto-su-gesto-con-un-grupo-de-chicos-el-asombro-en-alpine-y-por-que-se-recibio-de-idolo\/#primaryimage\"},\"thumbnailUrl\":\"https:\/\/lobosnews.com.ar\/wp-content\/uploads\/2026\/04\/lo-que-no-se-vio-del-road-show-de-colapinto-su-gesto-con-un-grupo-de-chicos-el-asombro-en-alpine-y-por-que-se-recibio-de-idolo.jpg\",\"datePublished\":\"2026-04-27T05:58:05+00:00\",\"dateModified\":\"2026-04-27T08:30:46+00:00\",\"breadcrumb\":{\"@id\":\"https:\/\/lobosnews.com.ar\/index.php\/2026\/04\/27\/lo-que-no-se-vio-del-road-show-de-colapinto-su-gesto-con-un-grupo-de-chicos-el-asombro-en-alpine-y-por-que-se-recibio-de-idolo\/#breadcrumb\"},\"inLanguage\":\"es\",\"potentialAction\":[{\"@type\":\"ReadAction\",\"target\":[\"https:\/\/lobosnews.com.ar\/index.php\/2026\/04\/27\/lo-que-no-se-vio-del-road-show-de-colapinto-su-gesto-con-un-grupo-de-chicos-el-asombro-en-alpine-y-por-que-se-recibio-de-idolo\/\"]}]},{\"@type\":\"ImageObject\",\"inLanguage\":\"es\",\"@id\":\"https:\/\/lobosnews.com.ar\/index.php\/2026\/04\/27\/lo-que-no-se-vio-del-road-show-de-colapinto-su-gesto-con-un-grupo-de-chicos-el-asombro-en-alpine-y-por-que-se-recibio-de-idolo\/#primaryimage\",\"url\":\"https:\/\/lobosnews.com.ar\/wp-content\/uploads\/2026\/04\/lo-que-no-se-vio-del-road-show-de-colapinto-su-gesto-con-un-grupo-de-chicos-el-asombro-en-alpine-y-por-que-se-recibio-de-idolo.jpg\",\"contentUrl\":\"https:\/\/lobosnews.com.ar\/wp-content\/uploads\/2026\/04\/lo-que-no-se-vio-del-road-show-de-colapinto-su-gesto-con-un-grupo-de-chicos-el-asombro-en-alpine-y-por-que-se-recibio-de-idolo.jpg\"},{\"@type\":\"BreadcrumbList\",\"@id\":\"https:\/\/lobosnews.com.ar\/index.php\/2026\/04\/27\/lo-que-no-se-vio-del-road-show-de-colapinto-su-gesto-con-un-grupo-de-chicos-el-asombro-en-alpine-y-por-que-se-recibio-de-idolo\/#breadcrumb\",\"itemListElement\":[{\"@type\":\"ListItem\",\"position\":1,\"name\":\"Portada\",\"item\":\"https:\/\/lobosnews.com.ar\/\"},{\"@type\":\"ListItem\",\"position\":2,\"name\":\"Lo que no se vio del road show de Colapinto: su gesto con un grupo de chicos, el asombro en Alpine y por qu\u00e9 se recibi\u00f3 de \u00eddolo\"}]},{\"@type\":\"WebSite\",\"@id\":\"https:\/\/lobosnews.com.ar\/#website\",\"url\":\"https:\/\/lobosnews.com.ar\/\",\"name\":\"Lobos News\",\"description\":\"Informaci\u00f3n a cada instante\",\"publisher\":{\"@id\":\"https:\/\/lobosnews.com.ar\/#organization\"},\"potentialAction\":[{\"@type\":\"SearchAction\",\"target\":{\"@type\":\"EntryPoint\",\"urlTemplate\":\"https:\/\/lobosnews.com.ar\/?s={search_term_string}\"},\"query-input\":{\"@type\":\"PropertyValueSpecification\",\"valueRequired\":true,\"valueName\":\"search_term_string\"}}],\"inLanguage\":\"es\"},{\"@type\":\"Organization\",\"@id\":\"https:\/\/lobosnews.com.ar\/#organization\",\"name\":\"Lobos News\",\"url\":\"https:\/\/lobosnews.com.ar\/\",\"logo\":{\"@type\":\"ImageObject\",\"inLanguage\":\"es\",\"@id\":\"https:\/\/lobosnews.com.ar\/#\/schema\/logo\/image\/\",\"url\":\"https:\/\/lobosnews.com.ar\/wp-content\/uploads\/2026\/01\/logo-lobosnews.png\",\"contentUrl\":\"https:\/\/lobosnews.com.ar\/wp-content\/uploads\/2026\/01\/logo-lobosnews.png\",\"width\":500,\"height\":200,\"caption\":\"Lobos News\"},\"image\":{\"@id\":\"https:\/\/lobosnews.com.ar\/#\/schema\/logo\/image\/\"}},{\"@type\":\"Person\",\"@id\":\"https:\/\/lobosnews.com.ar\/#\/schema\/person\/232422a593d5c541dd9aef6aaed10943\",\"name\":\"admin\",\"image\":{\"@type\":\"ImageObject\",\"inLanguage\":\"es\",\"@id\":\"https:\/\/lobosnews.com.ar\/#\/schema\/person\/image\/\",\"url\":\"https:\/\/secure.gravatar.com\/avatar\/76e419471a2083bc3ceab22a763dbbf9b0c1bd15a6214cf3280e2c2dde4580f9?s=96&d=mm&r=g\",\"contentUrl\":\"https:\/\/secure.gravatar.com\/avatar\/76e419471a2083bc3ceab22a763dbbf9b0c1bd15a6214cf3280e2c2dde4580f9?s=96&d=mm&r=g\",\"caption\":\"admin\"},\"sameAs\":[\"https:\/\/lobosnews.com.ar\"],\"url\":\"https:\/\/lobosnews.com.ar\/index.php\/author\/lobos-news\/\"}]}<\/script>\n<!-- \/ Yoast SEO plugin. -->","yoast_head_json":{"title":"Lo que no se vio del road show de Colapinto: su gesto con un grupo de chicos, el asombro en Alpine y por qu\u00e9 se recibi\u00f3 de \u00eddolo - Lobos News","robots":{"index":"index","follow":"follow","max-snippet":"max-snippet:-1","max-image-preview":"max-image-preview:large","max-video-preview":"max-video-preview:-1"},"canonical":"https:\/\/lobosnews.com.ar\/index.php\/2026\/04\/27\/lo-que-no-se-vio-del-road-show-de-colapinto-su-gesto-con-un-grupo-de-chicos-el-asombro-en-alpine-y-por-que-se-recibio-de-idolo\/","og_locale":"es_ES","og_type":"article","og_title":"Lo que no se vio del road show de Colapinto: su gesto con un grupo de chicos, el asombro en Alpine y por qu\u00e9 se recibi\u00f3 de \u00eddolo - Lobos News","og_description":"En pleno oto\u00f1o y en el ocaso de los d\u00edas lindos, el calor de m\u00e1s de 600.000 personas en apoyo a Franco Colapinto le dio el marco ideal a un evento que fue una fiesta en la Ciudad de Buenos Aires. El road show del piloto argentino de 22 a\u00f1os con un F\u00f3rmula 1 en...","og_url":"https:\/\/lobosnews.com.ar\/index.php\/2026\/04\/27\/lo-que-no-se-vio-del-road-show-de-colapinto-su-gesto-con-un-grupo-de-chicos-el-asombro-en-alpine-y-por-que-se-recibio-de-idolo\/","og_site_name":"Lobos News","article_published_time":"2026-04-27T05:58:05+00:00","article_modified_time":"2026-04-27T08:30:46+00:00","og_image":[{"url":"https:\/\/lobosnews.com.ar\/wp-content\/uploads\/2026\/04\/lo-que-no-se-vio-del-road-show-de-colapinto-su-gesto-con-un-grupo-de-chicos-el-asombro-en-alpine-y-por-que-se-recibio-de-idolo.jpg","type":"","width":"","height":""}],"author":"admin","twitter_card":"summary_large_image","twitter_misc":{"Escrito por":"admin","Tiempo de lectura":"6 minutos"},"schema":{"@context":"https:\/\/schema.org","@graph":[{"@type":"Article","@id":"https:\/\/lobosnews.com.ar\/index.php\/2026\/04\/27\/lo-que-no-se-vio-del-road-show-de-colapinto-su-gesto-con-un-grupo-de-chicos-el-asombro-en-alpine-y-por-que-se-recibio-de-idolo\/#article","isPartOf":{"@id":"https:\/\/lobosnews.com.ar\/index.php\/2026\/04\/27\/lo-que-no-se-vio-del-road-show-de-colapinto-su-gesto-con-un-grupo-de-chicos-el-asombro-en-alpine-y-por-que-se-recibio-de-idolo\/"},"author":{"name":"admin","@id":"https:\/\/lobosnews.com.ar\/#\/schema\/person\/232422a593d5c541dd9aef6aaed10943"},"headline":"Lo que no se vio del road show de Colapinto: su gesto con un grupo de chicos, el asombro en Alpine y por qu\u00e9 se recibi\u00f3 de \u00eddolo","datePublished":"2026-04-27T05:58:05+00:00","dateModified":"2026-04-27T08:30:46+00:00","mainEntityOfPage":{"@id":"https:\/\/lobosnews.com.ar\/index.php\/2026\/04\/27\/lo-que-no-se-vio-del-road-show-de-colapinto-su-gesto-con-un-grupo-de-chicos-el-asombro-en-alpine-y-por-que-se-recibio-de-idolo\/"},"wordCount":1179,"commentCount":0,"publisher":{"@id":"https:\/\/lobosnews.com.ar\/#organization"},"image":{"@id":"https:\/\/lobosnews.com.ar\/index.php\/2026\/04\/27\/lo-que-no-se-vio-del-road-show-de-colapinto-su-gesto-con-un-grupo-de-chicos-el-asombro-en-alpine-y-por-que-se-recibio-de-idolo\/#primaryimage"},"thumbnailUrl":"https:\/\/lobosnews.com.ar\/wp-content\/uploads\/2026\/04\/lo-que-no-se-vio-del-road-show-de-colapinto-su-gesto-con-un-grupo-de-chicos-el-asombro-en-alpine-y-por-que-se-recibio-de-idolo.jpg","keywords":["Deportes"],"articleSection":["Argentina"],"inLanguage":"es","potentialAction":[{"@type":"CommentAction","name":"Comment","target":["https:\/\/lobosnews.com.ar\/index.php\/2026\/04\/27\/lo-que-no-se-vio-del-road-show-de-colapinto-su-gesto-con-un-grupo-de-chicos-el-asombro-en-alpine-y-por-que-se-recibio-de-idolo\/#respond"]}]},{"@type":"WebPage","@id":"https:\/\/lobosnews.com.ar\/index.php\/2026\/04\/27\/lo-que-no-se-vio-del-road-show-de-colapinto-su-gesto-con-un-grupo-de-chicos-el-asombro-en-alpine-y-por-que-se-recibio-de-idolo\/","url":"https:\/\/lobosnews.com.ar\/index.php\/2026\/04\/27\/lo-que-no-se-vio-del-road-show-de-colapinto-su-gesto-con-un-grupo-de-chicos-el-asombro-en-alpine-y-por-que-se-recibio-de-idolo\/","name":"Lo que no se vio del road show de Colapinto: su gesto con un grupo de chicos, el asombro en Alpine y por qu\u00e9 se recibi\u00f3 de \u00eddolo - Lobos News","isPartOf":{"@id":"https:\/\/lobosnews.com.ar\/#website"},"primaryImageOfPage":{"@id":"https:\/\/lobosnews.com.ar\/index.php\/2026\/04\/27\/lo-que-no-se-vio-del-road-show-de-colapinto-su-gesto-con-un-grupo-de-chicos-el-asombro-en-alpine-y-por-que-se-recibio-de-idolo\/#primaryimage"},"image":{"@id":"https:\/\/lobosnews.com.ar\/index.php\/2026\/04\/27\/lo-que-no-se-vio-del-road-show-de-colapinto-su-gesto-con-un-grupo-de-chicos-el-asombro-en-alpine-y-por-que-se-recibio-de-idolo\/#primaryimage"},"thumbnailUrl":"https:\/\/lobosnews.com.ar\/wp-content\/uploads\/2026\/04\/lo-que-no-se-vio-del-road-show-de-colapinto-su-gesto-con-un-grupo-de-chicos-el-asombro-en-alpine-y-por-que-se-recibio-de-idolo.jpg","datePublished":"2026-04-27T05:58:05+00:00","dateModified":"2026-04-27T08:30:46+00:00","breadcrumb":{"@id":"https:\/\/lobosnews.com.ar\/index.php\/2026\/04\/27\/lo-que-no-se-vio-del-road-show-de-colapinto-su-gesto-con-un-grupo-de-chicos-el-asombro-en-alpine-y-por-que-se-recibio-de-idolo\/#breadcrumb"},"inLanguage":"es","potentialAction":[{"@type":"ReadAction","target":["https:\/\/lobosnews.com.ar\/index.php\/2026\/04\/27\/lo-que-no-se-vio-del-road-show-de-colapinto-su-gesto-con-un-grupo-de-chicos-el-asombro-en-alpine-y-por-que-se-recibio-de-idolo\/"]}]},{"@type":"ImageObject","inLanguage":"es","@id":"https:\/\/lobosnews.com.ar\/index.php\/2026\/04\/27\/lo-que-no-se-vio-del-road-show-de-colapinto-su-gesto-con-un-grupo-de-chicos-el-asombro-en-alpine-y-por-que-se-recibio-de-idolo\/#primaryimage","url":"https:\/\/lobosnews.com.ar\/wp-content\/uploads\/2026\/04\/lo-que-no-se-vio-del-road-show-de-colapinto-su-gesto-con-un-grupo-de-chicos-el-asombro-en-alpine-y-por-que-se-recibio-de-idolo.jpg","contentUrl":"https:\/\/lobosnews.com.ar\/wp-content\/uploads\/2026\/04\/lo-que-no-se-vio-del-road-show-de-colapinto-su-gesto-con-un-grupo-de-chicos-el-asombro-en-alpine-y-por-que-se-recibio-de-idolo.jpg"},{"@type":"BreadcrumbList","@id":"https:\/\/lobosnews.com.ar\/index.php\/2026\/04\/27\/lo-que-no-se-vio-del-road-show-de-colapinto-su-gesto-con-un-grupo-de-chicos-el-asombro-en-alpine-y-por-que-se-recibio-de-idolo\/#breadcrumb","itemListElement":[{"@type":"ListItem","position":1,"name":"Portada","item":"https:\/\/lobosnews.com.ar\/"},{"@type":"ListItem","position":2,"name":"Lo que no se vio del road show de Colapinto: su gesto con un grupo de chicos, el asombro en Alpine y por qu\u00e9 se recibi\u00f3 de \u00eddolo"}]},{"@type":"WebSite","@id":"https:\/\/lobosnews.com.ar\/#website","url":"https:\/\/lobosnews.com.ar\/","name":"Lobos News","description":"Informaci\u00f3n a cada instante","publisher":{"@id":"https:\/\/lobosnews.com.ar\/#organization"},"potentialAction":[{"@type":"SearchAction","target":{"@type":"EntryPoint","urlTemplate":"https:\/\/lobosnews.com.ar\/?s={search_term_string}"},"query-input":{"@type":"PropertyValueSpecification","valueRequired":true,"valueName":"search_term_string"}}],"inLanguage":"es"},{"@type":"Organization","@id":"https:\/\/lobosnews.com.ar\/#organization","name":"Lobos News","url":"https:\/\/lobosnews.com.ar\/","logo":{"@type":"ImageObject","inLanguage":"es","@id":"https:\/\/lobosnews.com.ar\/#\/schema\/logo\/image\/","url":"https:\/\/lobosnews.com.ar\/wp-content\/uploads\/2026\/01\/logo-lobosnews.png","contentUrl":"https:\/\/lobosnews.com.ar\/wp-content\/uploads\/2026\/01\/logo-lobosnews.png","width":500,"height":200,"caption":"Lobos News"},"image":{"@id":"https:\/\/lobosnews.com.ar\/#\/schema\/logo\/image\/"}},{"@type":"Person","@id":"https:\/\/lobosnews.com.ar\/#\/schema\/person\/232422a593d5c541dd9aef6aaed10943","name":"admin","image":{"@type":"ImageObject","inLanguage":"es","@id":"https:\/\/lobosnews.com.ar\/#\/schema\/person\/image\/","url":"https:\/\/secure.gravatar.com\/avatar\/76e419471a2083bc3ceab22a763dbbf9b0c1bd15a6214cf3280e2c2dde4580f9?s=96&d=mm&r=g","contentUrl":"https:\/\/secure.gravatar.com\/avatar\/76e419471a2083bc3ceab22a763dbbf9b0c1bd15a6214cf3280e2c2dde4580f9?s=96&d=mm&r=g","caption":"admin"},"sameAs":["https:\/\/lobosnews.com.ar"],"url":"https:\/\/lobosnews.com.ar\/index.php\/author\/lobos-news\/"}]}},"jetpack_featured_media_url":"","jetpack_sharing_enabled":true,"_links":{"self":[{"href":"https:\/\/lobosnews.com.ar\/index.php\/wp-json\/wp\/v2\/posts\/45969","targetHints":{"allow":["GET"]}}],"collection":[{"href":"https:\/\/lobosnews.com.ar\/index.php\/wp-json\/wp\/v2\/posts"}],"about":[{"href":"https:\/\/lobosnews.com.ar\/index.php\/wp-json\/wp\/v2\/types\/post"}],"author":[{"embeddable":true,"href":"https:\/\/lobosnews.com.ar\/index.php\/wp-json\/wp\/v2\/users\/1"}],"replies":[{"embeddable":true,"href":"https:\/\/lobosnews.com.ar\/index.php\/wp-json\/wp\/v2\/comments?post=45969"}],"version-history":[{"count":1,"href":"https:\/\/lobosnews.com.ar\/index.php\/wp-json\/wp\/v2\/posts\/45969\/revisions"}],"predecessor-version":[{"id":45971,"href":"https:\/\/lobosnews.com.ar\/index.php\/wp-json\/wp\/v2\/posts\/45969\/revisions\/45971"}],"wp:attachment":[{"href":"https:\/\/lobosnews.com.ar\/index.php\/wp-json\/wp\/v2\/media?parent=45969"}],"wp:term":[{"taxonomy":"category","embeddable":true,"href":"https:\/\/lobosnews.com.ar\/index.php\/wp-json\/wp\/v2\/categories?post=45969"},{"taxonomy":"post_tag","embeddable":true,"href":"https:\/\/lobosnews.com.ar\/index.php\/wp-json\/wp\/v2\/tags?post=45969"}],"curies":[{"name":"wp","href":"https:\/\/api.w.org\/{rel}","templated":true}]}}