{"id":45965,"date":"2026-04-27T06:38:10","date_gmt":"2026-04-27T06:38:10","guid":{"rendered":"https:\/\/lobosnews.com.ar\/index.php\/2026\/04\/27\/del-error-en-su-apellido-a-la-casaca-de-los-28-mil-dolares-las-perlas-detras-del-debate-sobre-el-primer-gol-de-maradona-en-la-seleccion\/"},"modified":"2026-04-27T08:30:45","modified_gmt":"2026-04-27T08:30:45","slug":"del-error-en-su-apellido-a-la-casaca-de-los-28-mil-dolares-las-perlas-detras-del-debate-sobre-el-primer-gol-de-maradona-en-la-seleccion","status":"publish","type":"post","link":"https:\/\/lobosnews.com.ar\/index.php\/2026\/04\/27\/del-error-en-su-apellido-a-la-casaca-de-los-28-mil-dolares-las-perlas-detras-del-debate-sobre-el-primer-gol-de-maradona-en-la-seleccion\/","title":{"rendered":"Del error en su apellido a la casaca de los 28 mil d\u00f3lares: las perlas detr\u00e1s del debate sobre el primer gol de Maradona en la Selecci\u00f3n"},"content":{"rendered":"<p><img fetchpriority=\"high\" decoding=\"async\" src=\"https:\/\/lobosnews.com.ar\/wp-content\/uploads\/2026\/04\/del-error-en-su-apellido-a-la-casaca-de-los-28-mil-dolares-las-perlas-detras-del-debate-sobre-el-primer-gol-de-maradona-en-la-seleccion.jpg\" alt=\"La formaci\u00f3n de Argentina en aquel amistso en el estadio de Cipolletti\" height=\"1561\" width=\"1920\"\/><\/p>\n<p>Sobre cu\u00e1l fue el mejor gol de <b>Diego Maradona<\/b> en la <b>selecci\u00f3n argentina<\/b> (y el mejor de su carrera, y el mejor gol en la historia de los Mundiales, y el mejor en la historia del f\u00fatbol), no hay debate. Aquel eslalon entre cadencioso y vertiginoso, est\u00e9tico, contra Inglaterra, por los cuartos de final del Mundial de M\u00e9xico 86, es su obra cumbre. Ahora bien, \u00bfcu\u00e1l fue su primera conquista con la casaca del pa\u00eds? <\/p>\n<p>Aunque parezca certificado por escribano cada uno de los detalles de su vida p\u00fablica, la realidad es que su primer grito con la Albiceleste es motivo de debate. Porque la gran mayor\u00eda marca como hito el 8 de abril de 1977, hace 39 a\u00f1os, cuando el seleccionado Sub 20 que se preparaba para el Sudamericano de Venezuela jug\u00f3 ante Cipolletti en R\u00edo Negro. Fue una victoria 2-1, con una camiseta de un blanco casi encandilante, un escudo enorme de la AFA a la altura del coraz\u00f3n y cuello de chomba. <\/p>\n<p>No obstante, hubo otro partido el 10 de noviembre de 1976. La Selecci\u00f3n Mayor se prob\u00f3 ante Per\u00fa en el estadio de V\u00e9lez, por el partido de vuelta del torneo amistoso Copa Mariscal Ram\u00f3n Castilla (los orientados por C\u00e9sar Luis Menotti se impusieron por 1 a 0 -4-1 en el global-), pero antes hubo un preliminar, para que el p\u00fablico fuera entrando en calor. Y vaya si lo hizo: la Sub 20, con Rogelio Poncini como entrenador principal, gole\u00f3 6-4 a un combinado de Rosario. Y <i>Pelusa <\/i>hizo \u201cvarios goles\u201d, seg\u00fan algunas cr\u00f3nicas de \u00e9poca. Cinco, seg\u00fan consign\u00f3 <span class=\"waslinkname\"><b>Diego Dal Santo<\/b>, periodista y autor de dos libros sobre el \u00eddolo<\/span>, fallecido en 2020. <\/p>\n<p>\u00bfCu\u00e1l de los dos cotejos tiene m\u00e1s peso? \u00bfCuenta como \u201coficial\u201d el choque en el estadio Jos\u00e9 Amalfitani o se trat\u00f3 de un entrenamiento con gente, una especie de entrada antes del plato principal, que era el duelo contra Per\u00fa de los pupilos del <i>Flaco <\/i>Menotti? All\u00ed se centra el debate. <\/p>\n<p>El partido en Liniers fue muy embrionario en el proceso. Fue apenas 20 d\u00edas despu\u00e9s de su debut en Primera, con la camiseta de <b>Argentinos Juniors<\/b> ante <b>Talleres<\/b>, bajo la tutela de <b>Juan Carlos Montes<\/b>. En ese inter\u00edn, sum\u00f3 cuatro encuentros en la \u00e9lite, incluyendo el triunfo 2-0 ante Hurac\u00e1n de Comodoro Rivadavia, en el que dio una asistencia. Si bien su apellido ya hac\u00eda ruido, en el art\u00edculo publicado por <i>Clar\u00edn <\/i>sobre aquel test contra el combinado rosarino, aparece escrito con dos N (Maradonna). <\/p>\n<p><b>\u201cLo mejor del partido fue la actuaci\u00f3n del hombre de Argentinos Juniors Diego Maradonna, aquel que surgiera de Los Cebollitas\u201d<\/b>, se\u00f1al\u00f3 el medio. El primer tiempo fue un recital y la Albiceleste se fue al descanso 6-0. Su rival remont\u00f3 en el complemento, con <b>Daniel Teglia<\/b> (ex entrenador de Rosario Central y Tiro Federal) como bandera. <\/p>\n<p>En ese show de 45 minutos, se fund\u00f3 la sociedad entre <i>Pelusa <\/i>y <span class=\"waslinkname\"><b>Sergio Luna<\/b><\/span>, el enganche captado en Sportivo Belgrano de San Francisco que forz\u00f3 al astro a usar el dorsal N\u00b0 9, porque la 10 era suya. \u201cMe acuerdo de ese d\u00eda en V\u00e9lez contra una selecci\u00f3n de Rosario, jugamos un partidazo. Era un jugador&#8230; qu\u00e9 vamos a descubrir. Siempre lo caracteriz\u00f3 su humildad. Es una de las cosas que me quedaron para siempre\u201d, resalta el hoy formador, con pasado en San Lorenzo, Racing y V\u00e9lez, e \u00eddolo en el f\u00fatbol boliviano.<\/p>\n<p><b>\u201cEl equipo jug\u00f3 muy bien y nos entendimos de memoria\u201d<\/b>, a\u00f1adi\u00f3 ante la consulta de <b>Infobae<\/b>. El <i><b>Pat\u00f3n <\/b><\/i><b>Bauza<\/b>, <b>Hugo y Abel Alves<\/b> y <b>Sergio Gurrieri<\/b> fueron otros de los nombres que se destacaron en Primera y participaron de aquel pleito. <\/p>\n<p>El encuentro del 8 de abril ofreci\u00f3 toda la pompa de una gala formal. Nada de preliminar: platillo principal. La visera, el estadio de Cipolletti, se prepar\u00f3 para cobijar a la selecci\u00f3n argentina Sub 20. En el banco local hab\u00eda un viejo conocido de Menotti: <b>Vicente Cayetano Rodr\u00edguez<\/b>, quien acompa\u00f1\u00f3 al <i>Flaco <\/i>en la gesta del Mundial 78 y fue su ladero en varios tramos de su carrera. <\/p>\n<p>El partido fue una semana despu\u00e9s del <span class=\"waslinkname\">amistoso en Chascom\u00fas, que qued\u00f3 marcador como el primero en el que Maradona fue titular en la Albiceleste<\/span>. La particularidad es que, un mes antes, Maradona hab\u00eda hecho su presentaci\u00f3n oficial en la selecci\u00f3n argentina mayor, con apenas 16 a\u00f1os y 121 d\u00edas, al ingresar por Leopoldo Jacinto Luque a los 20 minutos del segundo tiempo en el triunfo de la Albiceleste por 5 a 1 ante Hungr\u00eda en La Bombonera. <\/p>\n<p><img loading=\"lazy\" decoding=\"async\" src=\"https:\/\/lobosnews.com.ar\/wp-content\/uploads\/2026\/04\/del-error-en-su-apellido-a-la-casaca-de-los-28-mil-dolares-las-perlas-detras-del-debate-sobre-el-primer-gol-de-maradona-en-la-seleccion-1.jpg\" alt=\"La camiseta blanca de la selecci\u00f3n argentina usada por Diego Maradona en el partido donde anot\u00f3 su primer gol para el pa\u00eds fue vendida por 28.800 d\u00f3lares en una subasta (Captura de X)\" height=\"549\" width=\"437\"\/><\/p>\n<p>Pero su camino tambi\u00e9n estaba atado a la Sub 20 que, llamativamente (sobre todo teniendo en cuenta su potencial), luego no se clasific\u00f3 al Mundial de la categor\u00eda, que se jug\u00f3 en T\u00fanez. En el Sudamericano, que se llev\u00f3 a cabo entre el 16 de abril y el 6 de mayo del 77, el combinado nacional qued\u00f3 cuarto en el Grupo B y no logr\u00f3 acceder a la fase final.<\/p>\n<p>Pero a\u00fan estamos en R\u00edo Negro, antes del impensado tropiezo. El seleccionado, con la mencionada camiseta blanca, form\u00f3 con Oscar Vijandre; Hugo Alves, Ricardo Fussani, Edgardo Bauza y Romero; G\u00e1spari, Gonz\u00e1lez y Luna; Eduardo Delgado, Maradona y Rub\u00e9n P\u00e9rez. Luego entraron Julio Olarticoechea, Miguel \u00c1ngel Candedo y L\u00f3pez.<\/p>\n<p><i>Cipo<\/i> sorprendi\u00f3 en el inicio y domin\u00f3 desde los pies del <i>Ruso <\/i><b>Juan Enrique Strak<\/b>, de acuerdo con la cr\u00f3nica de <i>La Ma\u00f1ana de Cipolletti<\/i>. Incluso, a los 25 minutos de acci\u00f3n, abri\u00f3 el marcador gracias a un tiro libre de <b>Rodolfo Alfredo Ju\u00e1rez<\/b>.<\/p>\n<p>Diego fue el faro que guio a Argentina hacia la remontada. Primero, sacudi\u00f3 el travesa\u00f1o con un remate. Y las emociones resurgieron en el ep\u00edlogo. A los 40\u2032, Candedo firm\u00f3 el 1-1. Y luego la historia abri\u00f3 la ventana de par en par. <b>\u201cMaradona, con un desconcertante cambio de piernas dentro del \u00e1rea, desequilibr\u00f3 a sus marcadores y, entrando raudamente con un disparo a ras del suelo, decret\u00f3 el 2 a 1\u2033<\/b>, describi\u00f3 el <i>diario R\u00edo Negro<\/i>. <\/p>\n<p>No hay testimonio f\u00edlmico de su obra, pero los testigos la comparan con su segundo gol a B\u00e9lgica en la semifinal del Mundial de M\u00e9xico 86. En aquella secuencia, se filtr\u00f3 a pura habilidad entre tres hombres en el borde del \u00e1rea, se abri\u00f3 para su zurda para quitarse un cuarto marcador y defini\u00f3 cruzado. <\/p>\n<p>El m\u00edtico Diez tuvo que esperar casi dos a\u00f1os m\u00e1s despu\u00e9s del gol ante Cipolletti para firmar su primer conquista con la Selecci\u00f3n Mayor. Fue el 2 de junio de 1979, en el Estadio Wembley de Inglaterra, durante un amistoso contra Escocia en el que Argentina triunf\u00f3 3 a 1, tras la decepci\u00f3n de haberse quedado afuera de la n\u00f3mina para el Mundial 78, que la Albiceleste celebr\u00f3 en condici\u00f3n de local.<\/p>\n<p>En realidad, el primer plan indicaba que, luego de Chascom\u00fas, Argentina iba a disputar una prueba en San Francisco, C\u00f3rdoba, para jugar contra Sportivo Belgrano. Pero hubo un cambio de planes y la segunda escala fue en Cipolletti.<\/p>\n<p>\u201cTengo en casa la foto con Diego, \u00e9l con la pelota, nosotros con una camiseta blanca. Era todo conmovedor lo que iba pasando para nosotros. Y ten\u00edamos a Maradona al lado. \u00c9ramos muy felices en esa etapa\u201d, evoca Luna.<\/p>\n<p>El tiempo y la leyenda que construy\u00f3 <i>Pelusa <\/i>pusieron en valor aquel manto blanco inmaculado, que se transform\u00f3 en un verdadero tesoro.<\/p>\n<p>En julio de 2021, la camiseta del \u00eddolo fue subastada en Beverly Hills, Estados Unidos, a 10.000 kil\u00f3metros de distancia de la sede que alberg\u00f3 ese pase de magia. Fue parte de un remate denominado \u201cSports Legends\u201d, que llev\u00f3 a cabo la casa \u201cJulien\u2019s Auctions\u201d. <b>El comprador pag\u00f3 28.000 d\u00f3lares por la pieza de museo<\/b>, que se llev\u00f3 enmarcada y con las fotos que certificaron su autenticidad.<\/p>\n<p>En cancha de V\u00e9lez o en la Visera de Cemento de Cipolletti. En el Estadio Azteca o en el<span class=\"waslinkname\"> extinto Foxboro Stadium de Boston, donde Diego rubric\u00f3 su \u00faltimo (e iracundo) grito en la Selecci\u00f3n<\/span>. Los goles de Maradona exceden el escenario, valen mucho m\u00e1s que uno. All\u00ed no hay debate.<\/p>\n","protected":false},"excerpt":{"rendered":"<p>Sobre cu\u00e1l fue el mejor gol de Diego Maradona en la selecci\u00f3n argentina (y el mejor de su carrera, y el mejor gol en la historia de los Mundiales, y el mejor en la historia del f\u00fatbol), no hay debate. Aquel eslalon entre cadencioso y vertiginoso, est\u00e9tico, contra Inglaterra, por los cuartos de final del&#8230;<\/p>\n","protected":false},"author":1,"featured_media":0,"comment_status":"open","ping_status":"closed","sticky":false,"template":"","format":"standard","meta":{"_jetpack_memberships_contains_paid_content":false,"footnotes":""},"categories":[30],"tags":[39],"class_list":["post-45965","post","type-post","status-publish","format-standard","hentry","category-argentina","tag-deportes"],"magazineBlocksPostFeaturedMedia":{"thumbnail":false,"medium":false,"medium_large":false,"large":false,"1536x1536":false,"2048x2048":false,"newsmatic-featured":false,"newsmatic-list":false,"newsmatic-thumb":false,"newsmatic-small":false,"newsmatic-grid":false},"magazineBlocksPostAuthor":{"name":"admin","avatar":"https:\/\/secure.gravatar.com\/avatar\/76e419471a2083bc3ceab22a763dbbf9b0c1bd15a6214cf3280e2c2dde4580f9?s=96&d=mm&r=g"},"magazineBlocksPostCommentsNumber":"0","magazineBlocksPostExcerpt":"Sobre cu\u00e1l fue el mejor gol de Diego Maradona en la selecci\u00f3n argentina (y el mejor de su carrera, y el mejor gol en la historia de los Mundiales, y el mejor en la historia del f\u00fatbol), no hay debate. Aquel eslalon entre cadencioso y vertiginoso, est\u00e9tico, contra Inglaterra, por los cuartos de final del...","magazineBlocksPostCategories":["Argentina"],"magazineBlocksPostViewCount":9,"magazineBlocksPostReadTime":7,"magazine_blocks_featured_image_url":{"full":false,"medium":false,"thumbnail":false},"magazine_blocks_author":{"display_name":"admin","author_link":"https:\/\/lobosnews.com.ar\/index.php\/author\/lobos-news\/"},"magazine_blocks_comment":0,"magazine_blocks_author_image":"https:\/\/secure.gravatar.com\/avatar\/76e419471a2083bc3ceab22a763dbbf9b0c1bd15a6214cf3280e2c2dde4580f9?s=96&d=mm&r=g","magazine_blocks_category":"<a href=\"#\" class=\"category-link category-link-30\">Argentina<\/a>","yoast_head":"<!-- This site is optimized with the Yoast SEO plugin v26.6 - https:\/\/yoast.com\/wordpress\/plugins\/seo\/ -->\n<title>Del error en su apellido a la casaca de los 28 mil d\u00f3lares: las perlas detr\u00e1s del debate sobre el primer gol de Maradona en la Selecci\u00f3n - Lobos News<\/title>\n<meta name=\"robots\" content=\"index, follow, max-snippet:-1, max-image-preview:large, max-video-preview:-1\" \/>\n<link rel=\"canonical\" href=\"https:\/\/lobosnews.com.ar\/index.php\/2026\/04\/27\/del-error-en-su-apellido-a-la-casaca-de-los-28-mil-dolares-las-perlas-detras-del-debate-sobre-el-primer-gol-de-maradona-en-la-seleccion\/\" \/>\n<meta property=\"og:locale\" content=\"es_ES\" \/>\n<meta property=\"og:type\" content=\"article\" \/>\n<meta property=\"og:title\" content=\"Del error en su apellido a la casaca de los 28 mil d\u00f3lares: las perlas detr\u00e1s del debate sobre el primer gol de Maradona en la Selecci\u00f3n - Lobos News\" \/>\n<meta property=\"og:description\" content=\"Sobre cu\u00e1l fue el mejor gol de Diego Maradona en la selecci\u00f3n argentina (y el mejor de su carrera, y el mejor gol en la historia de los Mundiales, y el mejor en la historia del f\u00fatbol), no hay debate. Aquel eslalon entre cadencioso y vertiginoso, est\u00e9tico, contra Inglaterra, por los cuartos de final del...\" \/>\n<meta property=\"og:url\" content=\"https:\/\/lobosnews.com.ar\/index.php\/2026\/04\/27\/del-error-en-su-apellido-a-la-casaca-de-los-28-mil-dolares-las-perlas-detras-del-debate-sobre-el-primer-gol-de-maradona-en-la-seleccion\/\" \/>\n<meta property=\"og:site_name\" content=\"Lobos News\" \/>\n<meta property=\"article:published_time\" content=\"2026-04-27T06:38:10+00:00\" \/>\n<meta property=\"article:modified_time\" content=\"2026-04-27T08:30:45+00:00\" \/>\n<meta property=\"og:image\" content=\"https:\/\/lobosnews.com.ar\/wp-content\/uploads\/2026\/04\/del-error-en-su-apellido-a-la-casaca-de-los-28-mil-dolares-las-perlas-detras-del-debate-sobre-el-primer-gol-de-maradona-en-la-seleccion.jpg\" \/>\n<meta name=\"author\" content=\"admin\" \/>\n<meta name=\"twitter:card\" content=\"summary_large_image\" \/>\n<meta name=\"twitter:label1\" content=\"Escrito por\" \/>\n\t<meta name=\"twitter:data1\" content=\"admin\" \/>\n\t<meta name=\"twitter:label2\" content=\"Tiempo de lectura\" \/>\n\t<meta name=\"twitter:data2\" content=\"7 minutos\" \/>\n<script type=\"application\/ld+json\" class=\"yoast-schema-graph\">{\"@context\":\"https:\/\/schema.org\",\"@graph\":[{\"@type\":\"Article\",\"@id\":\"https:\/\/lobosnews.com.ar\/index.php\/2026\/04\/27\/del-error-en-su-apellido-a-la-casaca-de-los-28-mil-dolares-las-perlas-detras-del-debate-sobre-el-primer-gol-de-maradona-en-la-seleccion\/#article\",\"isPartOf\":{\"@id\":\"https:\/\/lobosnews.com.ar\/index.php\/2026\/04\/27\/del-error-en-su-apellido-a-la-casaca-de-los-28-mil-dolares-las-perlas-detras-del-debate-sobre-el-primer-gol-de-maradona-en-la-seleccion\/\"},\"author\":{\"name\":\"admin\",\"@id\":\"https:\/\/lobosnews.com.ar\/#\/schema\/person\/232422a593d5c541dd9aef6aaed10943\"},\"headline\":\"Del error en su apellido a la casaca de los 28 mil d\u00f3lares: las perlas detr\u00e1s del debate sobre el primer gol de Maradona en la Selecci\u00f3n\",\"datePublished\":\"2026-04-27T06:38:10+00:00\",\"dateModified\":\"2026-04-27T08:30:45+00:00\",\"mainEntityOfPage\":{\"@id\":\"https:\/\/lobosnews.com.ar\/index.php\/2026\/04\/27\/del-error-en-su-apellido-a-la-casaca-de-los-28-mil-dolares-las-perlas-detras-del-debate-sobre-el-primer-gol-de-maradona-en-la-seleccion\/\"},\"wordCount\":1410,\"commentCount\":0,\"publisher\":{\"@id\":\"https:\/\/lobosnews.com.ar\/#organization\"},\"image\":{\"@id\":\"https:\/\/lobosnews.com.ar\/index.php\/2026\/04\/27\/del-error-en-su-apellido-a-la-casaca-de-los-28-mil-dolares-las-perlas-detras-del-debate-sobre-el-primer-gol-de-maradona-en-la-seleccion\/#primaryimage\"},\"thumbnailUrl\":\"https:\/\/lobosnews.com.ar\/wp-content\/uploads\/2026\/04\/del-error-en-su-apellido-a-la-casaca-de-los-28-mil-dolares-las-perlas-detras-del-debate-sobre-el-primer-gol-de-maradona-en-la-seleccion.jpg\",\"keywords\":[\"Deportes\"],\"articleSection\":[\"Argentina\"],\"inLanguage\":\"es\",\"potentialAction\":[{\"@type\":\"CommentAction\",\"name\":\"Comment\",\"target\":[\"https:\/\/lobosnews.com.ar\/index.php\/2026\/04\/27\/del-error-en-su-apellido-a-la-casaca-de-los-28-mil-dolares-las-perlas-detras-del-debate-sobre-el-primer-gol-de-maradona-en-la-seleccion\/#respond\"]}]},{\"@type\":\"WebPage\",\"@id\":\"https:\/\/lobosnews.com.ar\/index.php\/2026\/04\/27\/del-error-en-su-apellido-a-la-casaca-de-los-28-mil-dolares-las-perlas-detras-del-debate-sobre-el-primer-gol-de-maradona-en-la-seleccion\/\",\"url\":\"https:\/\/lobosnews.com.ar\/index.php\/2026\/04\/27\/del-error-en-su-apellido-a-la-casaca-de-los-28-mil-dolares-las-perlas-detras-del-debate-sobre-el-primer-gol-de-maradona-en-la-seleccion\/\",\"name\":\"Del error en su apellido a la casaca de los 28 mil d\u00f3lares: las perlas detr\u00e1s del debate sobre el primer gol de Maradona en la Selecci\u00f3n - Lobos News\",\"isPartOf\":{\"@id\":\"https:\/\/lobosnews.com.ar\/#website\"},\"primaryImageOfPage\":{\"@id\":\"https:\/\/lobosnews.com.ar\/index.php\/2026\/04\/27\/del-error-en-su-apellido-a-la-casaca-de-los-28-mil-dolares-las-perlas-detras-del-debate-sobre-el-primer-gol-de-maradona-en-la-seleccion\/#primaryimage\"},\"image\":{\"@id\":\"https:\/\/lobosnews.com.ar\/index.php\/2026\/04\/27\/del-error-en-su-apellido-a-la-casaca-de-los-28-mil-dolares-las-perlas-detras-del-debate-sobre-el-primer-gol-de-maradona-en-la-seleccion\/#primaryimage\"},\"thumbnailUrl\":\"https:\/\/lobosnews.com.ar\/wp-content\/uploads\/2026\/04\/del-error-en-su-apellido-a-la-casaca-de-los-28-mil-dolares-las-perlas-detras-del-debate-sobre-el-primer-gol-de-maradona-en-la-seleccion.jpg\",\"datePublished\":\"2026-04-27T06:38:10+00:00\",\"dateModified\":\"2026-04-27T08:30:45+00:00\",\"breadcrumb\":{\"@id\":\"https:\/\/lobosnews.com.ar\/index.php\/2026\/04\/27\/del-error-en-su-apellido-a-la-casaca-de-los-28-mil-dolares-las-perlas-detras-del-debate-sobre-el-primer-gol-de-maradona-en-la-seleccion\/#breadcrumb\"},\"inLanguage\":\"es\",\"potentialAction\":[{\"@type\":\"ReadAction\",\"target\":[\"https:\/\/lobosnews.com.ar\/index.php\/2026\/04\/27\/del-error-en-su-apellido-a-la-casaca-de-los-28-mil-dolares-las-perlas-detras-del-debate-sobre-el-primer-gol-de-maradona-en-la-seleccion\/\"]}]},{\"@type\":\"ImageObject\",\"inLanguage\":\"es\",\"@id\":\"https:\/\/lobosnews.com.ar\/index.php\/2026\/04\/27\/del-error-en-su-apellido-a-la-casaca-de-los-28-mil-dolares-las-perlas-detras-del-debate-sobre-el-primer-gol-de-maradona-en-la-seleccion\/#primaryimage\",\"url\":\"https:\/\/lobosnews.com.ar\/wp-content\/uploads\/2026\/04\/del-error-en-su-apellido-a-la-casaca-de-los-28-mil-dolares-las-perlas-detras-del-debate-sobre-el-primer-gol-de-maradona-en-la-seleccion.jpg\",\"contentUrl\":\"https:\/\/lobosnews.com.ar\/wp-content\/uploads\/2026\/04\/del-error-en-su-apellido-a-la-casaca-de-los-28-mil-dolares-las-perlas-detras-del-debate-sobre-el-primer-gol-de-maradona-en-la-seleccion.jpg\"},{\"@type\":\"BreadcrumbList\",\"@id\":\"https:\/\/lobosnews.com.ar\/index.php\/2026\/04\/27\/del-error-en-su-apellido-a-la-casaca-de-los-28-mil-dolares-las-perlas-detras-del-debate-sobre-el-primer-gol-de-maradona-en-la-seleccion\/#breadcrumb\",\"itemListElement\":[{\"@type\":\"ListItem\",\"position\":1,\"name\":\"Portada\",\"item\":\"https:\/\/lobosnews.com.ar\/\"},{\"@type\":\"ListItem\",\"position\":2,\"name\":\"Del error en su apellido a la casaca de los 28 mil d\u00f3lares: las perlas detr\u00e1s del debate sobre el primer gol de Maradona en la Selecci\u00f3n\"}]},{\"@type\":\"WebSite\",\"@id\":\"https:\/\/lobosnews.com.ar\/#website\",\"url\":\"https:\/\/lobosnews.com.ar\/\",\"name\":\"Lobos News\",\"description\":\"Informaci\u00f3n a cada instante\",\"publisher\":{\"@id\":\"https:\/\/lobosnews.com.ar\/#organization\"},\"potentialAction\":[{\"@type\":\"SearchAction\",\"target\":{\"@type\":\"EntryPoint\",\"urlTemplate\":\"https:\/\/lobosnews.com.ar\/?s={search_term_string}\"},\"query-input\":{\"@type\":\"PropertyValueSpecification\",\"valueRequired\":true,\"valueName\":\"search_term_string\"}}],\"inLanguage\":\"es\"},{\"@type\":\"Organization\",\"@id\":\"https:\/\/lobosnews.com.ar\/#organization\",\"name\":\"Lobos News\",\"url\":\"https:\/\/lobosnews.com.ar\/\",\"logo\":{\"@type\":\"ImageObject\",\"inLanguage\":\"es\",\"@id\":\"https:\/\/lobosnews.com.ar\/#\/schema\/logo\/image\/\",\"url\":\"https:\/\/lobosnews.com.ar\/wp-content\/uploads\/2026\/01\/logo-lobosnews.png\",\"contentUrl\":\"https:\/\/lobosnews.com.ar\/wp-content\/uploads\/2026\/01\/logo-lobosnews.png\",\"width\":500,\"height\":200,\"caption\":\"Lobos News\"},\"image\":{\"@id\":\"https:\/\/lobosnews.com.ar\/#\/schema\/logo\/image\/\"}},{\"@type\":\"Person\",\"@id\":\"https:\/\/lobosnews.com.ar\/#\/schema\/person\/232422a593d5c541dd9aef6aaed10943\",\"name\":\"admin\",\"image\":{\"@type\":\"ImageObject\",\"inLanguage\":\"es\",\"@id\":\"https:\/\/lobosnews.com.ar\/#\/schema\/person\/image\/\",\"url\":\"https:\/\/secure.gravatar.com\/avatar\/76e419471a2083bc3ceab22a763dbbf9b0c1bd15a6214cf3280e2c2dde4580f9?s=96&d=mm&r=g\",\"contentUrl\":\"https:\/\/secure.gravatar.com\/avatar\/76e419471a2083bc3ceab22a763dbbf9b0c1bd15a6214cf3280e2c2dde4580f9?s=96&d=mm&r=g\",\"caption\":\"admin\"},\"sameAs\":[\"https:\/\/lobosnews.com.ar\"],\"url\":\"https:\/\/lobosnews.com.ar\/index.php\/author\/lobos-news\/\"}]}<\/script>\n<!-- \/ Yoast SEO plugin. -->","yoast_head_json":{"title":"Del error en su apellido a la casaca de los 28 mil d\u00f3lares: las perlas detr\u00e1s del debate sobre el primer gol de Maradona en la Selecci\u00f3n - Lobos News","robots":{"index":"index","follow":"follow","max-snippet":"max-snippet:-1","max-image-preview":"max-image-preview:large","max-video-preview":"max-video-preview:-1"},"canonical":"https:\/\/lobosnews.com.ar\/index.php\/2026\/04\/27\/del-error-en-su-apellido-a-la-casaca-de-los-28-mil-dolares-las-perlas-detras-del-debate-sobre-el-primer-gol-de-maradona-en-la-seleccion\/","og_locale":"es_ES","og_type":"article","og_title":"Del error en su apellido a la casaca de los 28 mil d\u00f3lares: las perlas detr\u00e1s del debate sobre el primer gol de Maradona en la Selecci\u00f3n - Lobos News","og_description":"Sobre cu\u00e1l fue el mejor gol de Diego Maradona en la selecci\u00f3n argentina (y el mejor de su carrera, y el mejor gol en la historia de los Mundiales, y el mejor en la historia del f\u00fatbol), no hay debate. Aquel eslalon entre cadencioso y vertiginoso, est\u00e9tico, contra Inglaterra, por los cuartos de final del...","og_url":"https:\/\/lobosnews.com.ar\/index.php\/2026\/04\/27\/del-error-en-su-apellido-a-la-casaca-de-los-28-mil-dolares-las-perlas-detras-del-debate-sobre-el-primer-gol-de-maradona-en-la-seleccion\/","og_site_name":"Lobos News","article_published_time":"2026-04-27T06:38:10+00:00","article_modified_time":"2026-04-27T08:30:45+00:00","og_image":[{"url":"https:\/\/lobosnews.com.ar\/wp-content\/uploads\/2026\/04\/del-error-en-su-apellido-a-la-casaca-de-los-28-mil-dolares-las-perlas-detras-del-debate-sobre-el-primer-gol-de-maradona-en-la-seleccion.jpg","type":"","width":"","height":""}],"author":"admin","twitter_card":"summary_large_image","twitter_misc":{"Escrito por":"admin","Tiempo de lectura":"7 minutos"},"schema":{"@context":"https:\/\/schema.org","@graph":[{"@type":"Article","@id":"https:\/\/lobosnews.com.ar\/index.php\/2026\/04\/27\/del-error-en-su-apellido-a-la-casaca-de-los-28-mil-dolares-las-perlas-detras-del-debate-sobre-el-primer-gol-de-maradona-en-la-seleccion\/#article","isPartOf":{"@id":"https:\/\/lobosnews.com.ar\/index.php\/2026\/04\/27\/del-error-en-su-apellido-a-la-casaca-de-los-28-mil-dolares-las-perlas-detras-del-debate-sobre-el-primer-gol-de-maradona-en-la-seleccion\/"},"author":{"name":"admin","@id":"https:\/\/lobosnews.com.ar\/#\/schema\/person\/232422a593d5c541dd9aef6aaed10943"},"headline":"Del error en su apellido a la casaca de los 28 mil d\u00f3lares: las perlas detr\u00e1s del debate sobre el primer gol de Maradona en la Selecci\u00f3n","datePublished":"2026-04-27T06:38:10+00:00","dateModified":"2026-04-27T08:30:45+00:00","mainEntityOfPage":{"@id":"https:\/\/lobosnews.com.ar\/index.php\/2026\/04\/27\/del-error-en-su-apellido-a-la-casaca-de-los-28-mil-dolares-las-perlas-detras-del-debate-sobre-el-primer-gol-de-maradona-en-la-seleccion\/"},"wordCount":1410,"commentCount":0,"publisher":{"@id":"https:\/\/lobosnews.com.ar\/#organization"},"image":{"@id":"https:\/\/lobosnews.com.ar\/index.php\/2026\/04\/27\/del-error-en-su-apellido-a-la-casaca-de-los-28-mil-dolares-las-perlas-detras-del-debate-sobre-el-primer-gol-de-maradona-en-la-seleccion\/#primaryimage"},"thumbnailUrl":"https:\/\/lobosnews.com.ar\/wp-content\/uploads\/2026\/04\/del-error-en-su-apellido-a-la-casaca-de-los-28-mil-dolares-las-perlas-detras-del-debate-sobre-el-primer-gol-de-maradona-en-la-seleccion.jpg","keywords":["Deportes"],"articleSection":["Argentina"],"inLanguage":"es","potentialAction":[{"@type":"CommentAction","name":"Comment","target":["https:\/\/lobosnews.com.ar\/index.php\/2026\/04\/27\/del-error-en-su-apellido-a-la-casaca-de-los-28-mil-dolares-las-perlas-detras-del-debate-sobre-el-primer-gol-de-maradona-en-la-seleccion\/#respond"]}]},{"@type":"WebPage","@id":"https:\/\/lobosnews.com.ar\/index.php\/2026\/04\/27\/del-error-en-su-apellido-a-la-casaca-de-los-28-mil-dolares-las-perlas-detras-del-debate-sobre-el-primer-gol-de-maradona-en-la-seleccion\/","url":"https:\/\/lobosnews.com.ar\/index.php\/2026\/04\/27\/del-error-en-su-apellido-a-la-casaca-de-los-28-mil-dolares-las-perlas-detras-del-debate-sobre-el-primer-gol-de-maradona-en-la-seleccion\/","name":"Del error en su apellido a la casaca de los 28 mil d\u00f3lares: las perlas detr\u00e1s del debate sobre el primer gol de Maradona en la Selecci\u00f3n - Lobos News","isPartOf":{"@id":"https:\/\/lobosnews.com.ar\/#website"},"primaryImageOfPage":{"@id":"https:\/\/lobosnews.com.ar\/index.php\/2026\/04\/27\/del-error-en-su-apellido-a-la-casaca-de-los-28-mil-dolares-las-perlas-detras-del-debate-sobre-el-primer-gol-de-maradona-en-la-seleccion\/#primaryimage"},"image":{"@id":"https:\/\/lobosnews.com.ar\/index.php\/2026\/04\/27\/del-error-en-su-apellido-a-la-casaca-de-los-28-mil-dolares-las-perlas-detras-del-debate-sobre-el-primer-gol-de-maradona-en-la-seleccion\/#primaryimage"},"thumbnailUrl":"https:\/\/lobosnews.com.ar\/wp-content\/uploads\/2026\/04\/del-error-en-su-apellido-a-la-casaca-de-los-28-mil-dolares-las-perlas-detras-del-debate-sobre-el-primer-gol-de-maradona-en-la-seleccion.jpg","datePublished":"2026-04-27T06:38:10+00:00","dateModified":"2026-04-27T08:30:45+00:00","breadcrumb":{"@id":"https:\/\/lobosnews.com.ar\/index.php\/2026\/04\/27\/del-error-en-su-apellido-a-la-casaca-de-los-28-mil-dolares-las-perlas-detras-del-debate-sobre-el-primer-gol-de-maradona-en-la-seleccion\/#breadcrumb"},"inLanguage":"es","potentialAction":[{"@type":"ReadAction","target":["https:\/\/lobosnews.com.ar\/index.php\/2026\/04\/27\/del-error-en-su-apellido-a-la-casaca-de-los-28-mil-dolares-las-perlas-detras-del-debate-sobre-el-primer-gol-de-maradona-en-la-seleccion\/"]}]},{"@type":"ImageObject","inLanguage":"es","@id":"https:\/\/lobosnews.com.ar\/index.php\/2026\/04\/27\/del-error-en-su-apellido-a-la-casaca-de-los-28-mil-dolares-las-perlas-detras-del-debate-sobre-el-primer-gol-de-maradona-en-la-seleccion\/#primaryimage","url":"https:\/\/lobosnews.com.ar\/wp-content\/uploads\/2026\/04\/del-error-en-su-apellido-a-la-casaca-de-los-28-mil-dolares-las-perlas-detras-del-debate-sobre-el-primer-gol-de-maradona-en-la-seleccion.jpg","contentUrl":"https:\/\/lobosnews.com.ar\/wp-content\/uploads\/2026\/04\/del-error-en-su-apellido-a-la-casaca-de-los-28-mil-dolares-las-perlas-detras-del-debate-sobre-el-primer-gol-de-maradona-en-la-seleccion.jpg"},{"@type":"BreadcrumbList","@id":"https:\/\/lobosnews.com.ar\/index.php\/2026\/04\/27\/del-error-en-su-apellido-a-la-casaca-de-los-28-mil-dolares-las-perlas-detras-del-debate-sobre-el-primer-gol-de-maradona-en-la-seleccion\/#breadcrumb","itemListElement":[{"@type":"ListItem","position":1,"name":"Portada","item":"https:\/\/lobosnews.com.ar\/"},{"@type":"ListItem","position":2,"name":"Del error en su apellido a la casaca de los 28 mil d\u00f3lares: las perlas detr\u00e1s del debate sobre el primer gol de Maradona en la Selecci\u00f3n"}]},{"@type":"WebSite","@id":"https:\/\/lobosnews.com.ar\/#website","url":"https:\/\/lobosnews.com.ar\/","name":"Lobos News","description":"Informaci\u00f3n a cada instante","publisher":{"@id":"https:\/\/lobosnews.com.ar\/#organization"},"potentialAction":[{"@type":"SearchAction","target":{"@type":"EntryPoint","urlTemplate":"https:\/\/lobosnews.com.ar\/?s={search_term_string}"},"query-input":{"@type":"PropertyValueSpecification","valueRequired":true,"valueName":"search_term_string"}}],"inLanguage":"es"},{"@type":"Organization","@id":"https:\/\/lobosnews.com.ar\/#organization","name":"Lobos News","url":"https:\/\/lobosnews.com.ar\/","logo":{"@type":"ImageObject","inLanguage":"es","@id":"https:\/\/lobosnews.com.ar\/#\/schema\/logo\/image\/","url":"https:\/\/lobosnews.com.ar\/wp-content\/uploads\/2026\/01\/logo-lobosnews.png","contentUrl":"https:\/\/lobosnews.com.ar\/wp-content\/uploads\/2026\/01\/logo-lobosnews.png","width":500,"height":200,"caption":"Lobos News"},"image":{"@id":"https:\/\/lobosnews.com.ar\/#\/schema\/logo\/image\/"}},{"@type":"Person","@id":"https:\/\/lobosnews.com.ar\/#\/schema\/person\/232422a593d5c541dd9aef6aaed10943","name":"admin","image":{"@type":"ImageObject","inLanguage":"es","@id":"https:\/\/lobosnews.com.ar\/#\/schema\/person\/image\/","url":"https:\/\/secure.gravatar.com\/avatar\/76e419471a2083bc3ceab22a763dbbf9b0c1bd15a6214cf3280e2c2dde4580f9?s=96&d=mm&r=g","contentUrl":"https:\/\/secure.gravatar.com\/avatar\/76e419471a2083bc3ceab22a763dbbf9b0c1bd15a6214cf3280e2c2dde4580f9?s=96&d=mm&r=g","caption":"admin"},"sameAs":["https:\/\/lobosnews.com.ar"],"url":"https:\/\/lobosnews.com.ar\/index.php\/author\/lobos-news\/"}]}},"jetpack_featured_media_url":"","jetpack_sharing_enabled":true,"_links":{"self":[{"href":"https:\/\/lobosnews.com.ar\/index.php\/wp-json\/wp\/v2\/posts\/45965","targetHints":{"allow":["GET"]}}],"collection":[{"href":"https:\/\/lobosnews.com.ar\/index.php\/wp-json\/wp\/v2\/posts"}],"about":[{"href":"https:\/\/lobosnews.com.ar\/index.php\/wp-json\/wp\/v2\/types\/post"}],"author":[{"embeddable":true,"href":"https:\/\/lobosnews.com.ar\/index.php\/wp-json\/wp\/v2\/users\/1"}],"replies":[{"embeddable":true,"href":"https:\/\/lobosnews.com.ar\/index.php\/wp-json\/wp\/v2\/comments?post=45965"}],"version-history":[{"count":1,"href":"https:\/\/lobosnews.com.ar\/index.php\/wp-json\/wp\/v2\/posts\/45965\/revisions"}],"predecessor-version":[{"id":45968,"href":"https:\/\/lobosnews.com.ar\/index.php\/wp-json\/wp\/v2\/posts\/45965\/revisions\/45968"}],"wp:attachment":[{"href":"https:\/\/lobosnews.com.ar\/index.php\/wp-json\/wp\/v2\/media?parent=45965"}],"wp:term":[{"taxonomy":"category","embeddable":true,"href":"https:\/\/lobosnews.com.ar\/index.php\/wp-json\/wp\/v2\/categories?post=45965"},{"taxonomy":"post_tag","embeddable":true,"href":"https:\/\/lobosnews.com.ar\/index.php\/wp-json\/wp\/v2\/tags?post=45965"}],"curies":[{"name":"wp","href":"https:\/\/api.w.org\/{rel}","templated":true}]}}