{"id":45949,"date":"2026-04-26T23:38:52","date_gmt":"2026-04-26T23:38:52","guid":{"rendered":"https:\/\/lobosnews.com.ar\/index.php\/2026\/04\/26\/temperaturas-invernales-y-alerta-por-vientos-en-buenos-aires-como-estara-el-clima-esta-semana\/"},"modified":"2026-04-27T02:55:25","modified_gmt":"2026-04-27T02:55:25","slug":"temperaturas-invernales-y-alerta-por-vientos-en-buenos-aires-como-estara-el-clima-esta-semana","status":"publish","type":"post","link":"https:\/\/lobosnews.com.ar\/index.php\/2026\/04\/26\/temperaturas-invernales-y-alerta-por-vientos-en-buenos-aires-como-estara-el-clima-esta-semana\/","title":{"rendered":"Temperaturas invernales y alerta por vientos en Buenos Aires: c\u00f3mo estar\u00e1 el clima esta semana"},"content":{"rendered":"<p><img fetchpriority=\"high\" decoding=\"async\" src=\"https:\/\/lobosnews.com.ar\/wp-content\/uploads\/2026\/04\/temperaturas-invernales-y-alerta-por-vientos-en-buenos-aires-como-estara-el-clima-esta-semana.jpg\" alt=\"El viento intenso se mantiene presente, la sensaci\u00f3n t\u00e9rmica desciende en toda la provincia (Imagen Ilustrativa Infobae)\" height=\"768\" width=\"1408\"\/><\/p>\n<p>Una masa de aire polar avanza sobre el centro del pa\u00eds y dejar\u00e1 un intenso <b>fr\u00edo en <\/b><span class=\"waslinkname\"><b>Buenos Aires<\/b><\/span>, con temperaturas de un solo d\u00edgito y<b> alertas meteorol\u00f3gicas por vientos<\/b> para gran parte de la provincia. El fen\u00f3meno, que se extiende desde la Patagonia, marca el inicio de una semana caracterizada por la estabilidad atmosf\u00e9rica, cielos despejados y la ausencia de lluvias.<\/p>\n<p>El ingreso del aire fr\u00edo se consolid\u00f3 durante el domingo por la tarde, cuando un sistema frontal desplaz\u00f3 el aire templado hacia el noreste argentino. A partir de entonces, la <b>Ciudad Aut\u00f3noma de Buenos Aires (CABA)<\/b> y el <b>conurbano<\/b> comenzaron a experimentar un <b>descenso en la temperatura,<\/b> acompa\u00f1ado de vientos del sur y baja humedad. El panorama clim\u00e1tico se mantendr\u00e1 durante toda la semana, de acuerdo con el modelo ECMWF (Centro Europeo de Previsiones Meteorol\u00f3gicas a Plazo Medio, por sus siglas en ingl\u00e9s) citado por el sitio especializado <i>Meteored<\/i>.<\/p>\n<p>El lunes se presentar\u00e1 como el primer d\u00eda con impacto pleno de la masa de aire polar en la regi\u00f3n. <b>La temperatura m\u00ednima en Buenos Aires descender\u00e1 hasta 7\u00b0C, mientras que la m\u00e1xima apenas alcanzar\u00e1 los 18\u00b0C<\/b>. El ambiente seco y los cielos despejados favorecer\u00e1n una r\u00e1pida ca\u00edda de la temperatura tras la puesta del sol. La humedad relativa se mantendr\u00e1 baja, lo que intensificar\u00e1 la sensaci\u00f3n t\u00e9rmica durante las primeras horas del d\u00eda. En el interior de la provincia, los registros ser\u00e1n a\u00fan m\u00e1s bajos, con valores cercanos a 2\u00b0C en zonas rurales del sur y oeste.<\/p>\n<p>Las alertas meteorol\u00f3gicas emitidas para este lunes abarcan buena parte de la provincia de Buenos Aires. El mapa de alertas difundido muestra amplias zonas bajo nivel amarillo y naranja, lo que implica riesgos moderados a elevados, especialmente por las bajas temperaturas y la posibilidad de heladas. <b>El Servicio Meteorol\u00f3gico Nacional (SMN)<\/b> advirti\u00f3 sobre la persistencia del fr\u00edo y recomend\u00f3 medidas de precauci\u00f3n para actividades al aire libre y sectores vulnerables.<\/p>\n<p><img loading=\"lazy\" decoding=\"async\" src=\"https:\/\/lobosnews.com.ar\/wp-content\/uploads\/2026\/04\/temperaturas-invernales-y-alerta-por-vientos-en-buenos-aires-como-estara-el-clima-esta-semana-1.jpg\" alt=\"El SMN mantiene alertas vigentes por vientos en gran parte del territorio bonaerense\" height=\"800\" width=\"388\"\/><\/p>\n<p>El <b>martes<\/b>, la tendencia fr\u00eda se refuerza. El pron\u00f3stico para la Ciudad de Buenos Aires prev\u00e9 <b>una m\u00ednima de 8\u00b0C y una m\u00e1xima de 20\u00b0C<\/b>, con nubosidad variable y sin probabilidad de precipitaciones. El viento del sur se mantendr\u00e1, aunque con menor intensidad. La estabilidad atmosf\u00e9rica y la baja humedad continuar\u00e1n dominando el escenario, lo que mantiene la <b>sensaci\u00f3n t\u00e9rmica en valores bajos<\/b>, en especial al amanecer y durante la noche.<\/p>\n<p>En el interior de la provincia y la regi\u00f3n pampeana, el martes se espera la expansi\u00f3n del n\u00facleo fr\u00edo, con <b>m\u00ednimas cercanas a 0\u00b0C<\/b> en sectores del sur y oeste bonaerense, La Pampa, sur de C\u00f3rdoba y San Luis.<\/p>\n<p>Por su parte, el <b>mi\u00e9rcoles <\/b>se producir\u00e1 una leve recuperaci\u00f3n t\u00e9rmica diurna en la<b> Ciudad de Buenos Aires,<\/b> donde la m\u00e1xima ascender\u00e1 a 23\u00b0C y la m\u00ednima llegar\u00e1 a 13\u00b0C. La probabilidad de lluvias sigue siendo baja, con apenas un 10% de chances durante la noche. Los vientos, algo m\u00e1s variables, y la humedad en aumento moderar\u00e1n la sensaci\u00f3n de fr\u00edo. En el resto de la regi\u00f3n pampeana, persistir\u00e1n las m\u00ednimas bajas y el <b>riesgo de heladas<\/b> en zonas alejadas de la influencia mar\u00edtima.<\/p>\n<p>Para el <b>jueves<\/b>, el pron\u00f3stico indica temperaturas que oscilar\u00e1n entre los 9\u00b0C y los 22\u00b0C en la Ciudad de Buenos Aires, sin lluvias y con cielo parcialmente soleado. El ambiente se mantendr\u00e1 fresco, aunque la presencia de sol durante el d\u00eda facilita un leve ascenso t\u00e9rmico. La humedad relativa comenzar\u00e1 a incrementarse, lo que suaviza la sensaci\u00f3n t\u00e9rmica en horas centrales.<\/p>\n<h2>C\u00f3mo estar\u00e1 el clima durante el fin de semana largo<\/h2>\n<p><img loading=\"lazy\" decoding=\"async\" src=\"https:\/\/lobosnews.com.ar\/wp-content\/uploads\/2026\/04\/temperaturas-invernales-y-alerta-por-vientos-en-buenos-aires-como-estara-el-clima-esta-semana.png\" alt=\"Las m\u00ednimas alcanzan valores de un d\u00edgito, la regi\u00f3n pampeana enfrenta condiciones invernales anticipadas\" height=\"269\" width=\"828\"\/><\/p>\n<p>Para el <b>viernes<\/b>, un nuevo descenso t\u00e9rmico llegar\u00e1 a la capital y alrededores. <b>La m\u00ednima descender\u00e1 a 7\u00b0C y la m\u00e1xima se ubica en 14\u00b0C<\/b>. El viento del sur regresa con mayor intensidad, reforzando la entrada de aire fr\u00edo y renovando el riesgo de marcas de un solo d\u00edgito. <b>Las autoridades meteorol\u00f3gicas recomiendan prestar especial atenci\u00f3n a la evoluci\u00f3n de las temperaturas en zonas vulnerables<\/b>, especialmente en la madrugada y al amanecer.<\/p>\n<p>El <b>s\u00e1bado <\/b>se observa una recuperaci\u00f3n t\u00e9rmica, con temperaturas que oscilan entre los 12\u00b0C y los 20\u00b0C. El cielo se presentar\u00e1 parcialmente nublado y la probabilidad de precipitaciones se mantiene nula. El viento rotar\u00e1 al sector norte, anticipando condiciones m\u00e1s templadas para el inicio de la semana siguiente.<\/p>\n<p>En el balance semanal, el fen\u00f3meno dominante es el avance de una <b>masa de aire fr\u00edo de origen polar sobre el centro y norte del pa\u00eds<\/b>, con escasas lluvias y un descenso t\u00e9rmico marcado. La <b>regi\u00f3n pampeana<\/b> permanecer\u00e1 bajo condiciones de estabilidad atmosf\u00e9rica, favoreciendo la ocurrencia de heladas en \u00e1reas rurales y alejadas de la costa. <\/p>\n<p>El fr\u00edo polar se instalar\u00e1 en Buenos Aires y la regi\u00f3n pampeana, <b>imponiendo <\/b>un escenario invernal anticipado y obligando a extremar precauciones ante las marcas m\u00ednimas previstas para los pr\u00f3ximos d\u00edas.<\/p>\n","protected":false},"excerpt":{"rendered":"<p>Una masa de aire polar avanza sobre el centro del pa\u00eds y dejar\u00e1 un intenso fr\u00edo en Buenos Aires, con temperaturas de un solo d\u00edgito y alertas meteorol\u00f3gicas por vientos para gran parte de la provincia. El fen\u00f3meno, que se extiende desde la Patagonia, marca el inicio de una semana caracterizada por la estabilidad atmosf\u00e9rica,&#8230;<\/p>\n","protected":false},"author":1,"featured_media":45954,"comment_status":"open","ping_status":"closed","sticky":false,"template":"","format":"standard","meta":{"_jetpack_memberships_contains_paid_content":false,"footnotes":""},"categories":[31,30,32,77,84,35,36,37],"tags":[],"class_list":["post-45949","post","type-post","status-publish","format-standard","has-post-thumbnail","hentry","category-actualidad","category-argentina","category-economia","category-inseguridad","category-masradios-com","category-nacionales","category-seguridad","category-sociedad"],"magazineBlocksPostFeaturedMedia":{"thumbnail":"https:\/\/lobosnews.com.ar\/wp-content\/uploads\/2026\/04\/temperaturas-invernales-y-alerta-por-vientos-en-buenos-aires-como-estara-el-clima-esta-semana-150x150.png","medium":"https:\/\/lobosnews.com.ar\/wp-content\/uploads\/2026\/04\/temperaturas-invernales-y-alerta-por-vientos-en-buenos-aires-como-estara-el-clima-esta-semana-300x97.png","medium_large":"https:\/\/lobosnews.com.ar\/wp-content\/uploads\/2026\/04\/temperaturas-invernales-y-alerta-por-vientos-en-buenos-aires-como-estara-el-clima-esta-semana-768x250.png","large":"https:\/\/lobosnews.com.ar\/wp-content\/uploads\/2026\/04\/temperaturas-invernales-y-alerta-por-vientos-en-buenos-aires-como-estara-el-clima-esta-semana.png","1536x1536":"https:\/\/lobosnews.com.ar\/wp-content\/uploads\/2026\/04\/temperaturas-invernales-y-alerta-por-vientos-en-buenos-aires-como-estara-el-clima-esta-semana.png","2048x2048":"https:\/\/lobosnews.com.ar\/wp-content\/uploads\/2026\/04\/temperaturas-invernales-y-alerta-por-vientos-en-buenos-aires-como-estara-el-clima-esta-semana.png","newsmatic-featured":"https:\/\/lobosnews.com.ar\/wp-content\/uploads\/2026\/04\/temperaturas-invernales-y-alerta-por-vientos-en-buenos-aires-como-estara-el-clima-esta-semana-820x269.png","newsmatic-list":"https:\/\/lobosnews.com.ar\/wp-content\/uploads\/2026\/04\/temperaturas-invernales-y-alerta-por-vientos-en-buenos-aires-como-estara-el-clima-esta-semana-600x269.png","newsmatic-thumb":"https:\/\/lobosnews.com.ar\/wp-content\/uploads\/2026\/04\/temperaturas-invernales-y-alerta-por-vientos-en-buenos-aires-como-estara-el-clima-esta-semana-300x200.png","newsmatic-small":"https:\/\/lobosnews.com.ar\/wp-content\/uploads\/2026\/04\/temperaturas-invernales-y-alerta-por-vientos-en-buenos-aires-como-estara-el-clima-esta-semana-150x95.png","newsmatic-grid":"https:\/\/lobosnews.com.ar\/wp-content\/uploads\/2026\/04\/temperaturas-invernales-y-alerta-por-vientos-en-buenos-aires-como-estara-el-clima-esta-semana-400x250.png"},"magazineBlocksPostAuthor":{"name":"admin","avatar":"https:\/\/secure.gravatar.com\/avatar\/76e419471a2083bc3ceab22a763dbbf9b0c1bd15a6214cf3280e2c2dde4580f9?s=96&d=mm&r=g"},"magazineBlocksPostCommentsNumber":"0","magazineBlocksPostExcerpt":"Una masa de aire polar avanza sobre el centro del pa\u00eds y dejar\u00e1 un intenso fr\u00edo en Buenos Aires, con temperaturas de un solo d\u00edgito y alertas meteorol\u00f3gicas por vientos para gran parte de la provincia. El fen\u00f3meno, que se extiende desde la Patagonia, marca el inicio de una semana caracterizada por la estabilidad atmosf\u00e9rica,...","magazineBlocksPostCategories":["Actualidad","Argentina","econom\u00eda","inseguridad","masradios.com","nacionales","seguridad","sociedad"],"magazineBlocksPostViewCount":3,"magazineBlocksPostReadTime":5,"magazine_blocks_featured_image_url":{"full":["https:\/\/lobosnews.com.ar\/wp-content\/uploads\/2026\/04\/temperaturas-invernales-y-alerta-por-vientos-en-buenos-aires-como-estara-el-clima-esta-semana.png",828,269,false],"medium":["https:\/\/lobosnews.com.ar\/wp-content\/uploads\/2026\/04\/temperaturas-invernales-y-alerta-por-vientos-en-buenos-aires-como-estara-el-clima-esta-semana-300x97.png",300,97,true],"thumbnail":["https:\/\/lobosnews.com.ar\/wp-content\/uploads\/2026\/04\/temperaturas-invernales-y-alerta-por-vientos-en-buenos-aires-como-estara-el-clima-esta-semana-150x150.png",150,150,true]},"magazine_blocks_author":{"display_name":"admin","author_link":"https:\/\/lobosnews.com.ar\/index.php\/author\/lobos-news\/"},"magazine_blocks_comment":0,"magazine_blocks_author_image":"https:\/\/secure.gravatar.com\/avatar\/76e419471a2083bc3ceab22a763dbbf9b0c1bd15a6214cf3280e2c2dde4580f9?s=96&d=mm&r=g","magazine_blocks_category":"<a href=\"#\" class=\"category-link category-link-31\">Actualidad<\/a> <a href=\"#\" class=\"category-link category-link-30\">Argentina<\/a> <a href=\"#\" class=\"category-link category-link-32\">econom\u00eda<\/a> <a href=\"#\" class=\"category-link category-link-77\">inseguridad<\/a> <a href=\"#\" class=\"category-link category-link-84\">masradios.com<\/a> <a href=\"#\" class=\"category-link category-link-35\">nacionales<\/a> <a href=\"#\" class=\"category-link category-link-36\">seguridad<\/a> <a href=\"#\" class=\"category-link category-link-37\">sociedad<\/a>","yoast_head":"<!-- This site is optimized with the Yoast SEO plugin v26.6 - https:\/\/yoast.com\/wordpress\/plugins\/seo\/ -->\n<title>Temperaturas invernales y alerta por vientos en Buenos Aires: c\u00f3mo estar\u00e1 el clima esta semana - Lobos News<\/title>\n<meta name=\"robots\" content=\"index, follow, max-snippet:-1, max-image-preview:large, max-video-preview:-1\" \/>\n<link rel=\"canonical\" href=\"https:\/\/lobosnews.com.ar\/index.php\/2026\/04\/26\/temperaturas-invernales-y-alerta-por-vientos-en-buenos-aires-como-estara-el-clima-esta-semana\/\" \/>\n<meta property=\"og:locale\" content=\"es_ES\" \/>\n<meta property=\"og:type\" content=\"article\" \/>\n<meta property=\"og:title\" content=\"Temperaturas invernales y alerta por vientos en Buenos Aires: c\u00f3mo estar\u00e1 el clima esta semana - Lobos News\" \/>\n<meta property=\"og:description\" content=\"Una masa de aire polar avanza sobre el centro del pa\u00eds y dejar\u00e1 un intenso fr\u00edo en Buenos Aires, con temperaturas de un solo d\u00edgito y alertas meteorol\u00f3gicas por vientos para gran parte de la provincia. El fen\u00f3meno, que se extiende desde la Patagonia, marca el inicio de una semana caracterizada por la estabilidad atmosf\u00e9rica,...\" \/>\n<meta property=\"og:url\" content=\"https:\/\/lobosnews.com.ar\/index.php\/2026\/04\/26\/temperaturas-invernales-y-alerta-por-vientos-en-buenos-aires-como-estara-el-clima-esta-semana\/\" \/>\n<meta property=\"og:site_name\" content=\"Lobos News\" \/>\n<meta property=\"article:published_time\" content=\"2026-04-26T23:38:52+00:00\" \/>\n<meta property=\"article:modified_time\" content=\"2026-04-27T02:55:25+00:00\" \/>\n<meta property=\"og:image\" content=\"https:\/\/lobosnews.com.ar\/wp-content\/uploads\/2026\/04\/temperaturas-invernales-y-alerta-por-vientos-en-buenos-aires-como-estara-el-clima-esta-semana.jpg\" \/>\n<meta name=\"author\" content=\"admin\" \/>\n<meta name=\"twitter:card\" content=\"summary_large_image\" \/>\n<meta name=\"twitter:label1\" content=\"Escrito por\" \/>\n\t<meta name=\"twitter:data1\" content=\"admin\" \/>\n\t<meta name=\"twitter:label2\" content=\"Tiempo de lectura\" \/>\n\t<meta name=\"twitter:data2\" content=\"4 minutos\" \/>\n<script type=\"application\/ld+json\" class=\"yoast-schema-graph\">{\"@context\":\"https:\/\/schema.org\",\"@graph\":[{\"@type\":\"Article\",\"@id\":\"https:\/\/lobosnews.com.ar\/index.php\/2026\/04\/26\/temperaturas-invernales-y-alerta-por-vientos-en-buenos-aires-como-estara-el-clima-esta-semana\/#article\",\"isPartOf\":{\"@id\":\"https:\/\/lobosnews.com.ar\/index.php\/2026\/04\/26\/temperaturas-invernales-y-alerta-por-vientos-en-buenos-aires-como-estara-el-clima-esta-semana\/\"},\"author\":{\"name\":\"admin\",\"@id\":\"https:\/\/lobosnews.com.ar\/#\/schema\/person\/232422a593d5c541dd9aef6aaed10943\"},\"headline\":\"Temperaturas invernales y alerta por vientos en Buenos Aires: c\u00f3mo estar\u00e1 el clima esta semana\",\"datePublished\":\"2026-04-26T23:38:52+00:00\",\"dateModified\":\"2026-04-27T02:55:25+00:00\",\"mainEntityOfPage\":{\"@id\":\"https:\/\/lobosnews.com.ar\/index.php\/2026\/04\/26\/temperaturas-invernales-y-alerta-por-vientos-en-buenos-aires-como-estara-el-clima-esta-semana\/\"},\"wordCount\":892,\"commentCount\":0,\"publisher\":{\"@id\":\"https:\/\/lobosnews.com.ar\/#organization\"},\"image\":{\"@id\":\"https:\/\/lobosnews.com.ar\/index.php\/2026\/04\/26\/temperaturas-invernales-y-alerta-por-vientos-en-buenos-aires-como-estara-el-clima-esta-semana\/#primaryimage\"},\"thumbnailUrl\":\"https:\/\/lobosnews.com.ar\/wp-content\/uploads\/2026\/04\/temperaturas-invernales-y-alerta-por-vientos-en-buenos-aires-como-estara-el-clima-esta-semana.png\",\"articleSection\":[\"Actualidad\",\"Argentina\",\"econom\u00eda\",\"inseguridad\",\"masradios.com\",\"nacionales\",\"seguridad\",\"sociedad\"],\"inLanguage\":\"es\",\"potentialAction\":[{\"@type\":\"CommentAction\",\"name\":\"Comment\",\"target\":[\"https:\/\/lobosnews.com.ar\/index.php\/2026\/04\/26\/temperaturas-invernales-y-alerta-por-vientos-en-buenos-aires-como-estara-el-clima-esta-semana\/#respond\"]}]},{\"@type\":\"WebPage\",\"@id\":\"https:\/\/lobosnews.com.ar\/index.php\/2026\/04\/26\/temperaturas-invernales-y-alerta-por-vientos-en-buenos-aires-como-estara-el-clima-esta-semana\/\",\"url\":\"https:\/\/lobosnews.com.ar\/index.php\/2026\/04\/26\/temperaturas-invernales-y-alerta-por-vientos-en-buenos-aires-como-estara-el-clima-esta-semana\/\",\"name\":\"Temperaturas invernales y alerta por vientos en Buenos Aires: c\u00f3mo estar\u00e1 el clima esta semana - Lobos News\",\"isPartOf\":{\"@id\":\"https:\/\/lobosnews.com.ar\/#website\"},\"primaryImageOfPage\":{\"@id\":\"https:\/\/lobosnews.com.ar\/index.php\/2026\/04\/26\/temperaturas-invernales-y-alerta-por-vientos-en-buenos-aires-como-estara-el-clima-esta-semana\/#primaryimage\"},\"image\":{\"@id\":\"https:\/\/lobosnews.com.ar\/index.php\/2026\/04\/26\/temperaturas-invernales-y-alerta-por-vientos-en-buenos-aires-como-estara-el-clima-esta-semana\/#primaryimage\"},\"thumbnailUrl\":\"https:\/\/lobosnews.com.ar\/wp-content\/uploads\/2026\/04\/temperaturas-invernales-y-alerta-por-vientos-en-buenos-aires-como-estara-el-clima-esta-semana.png\",\"datePublished\":\"2026-04-26T23:38:52+00:00\",\"dateModified\":\"2026-04-27T02:55:25+00:00\",\"breadcrumb\":{\"@id\":\"https:\/\/lobosnews.com.ar\/index.php\/2026\/04\/26\/temperaturas-invernales-y-alerta-por-vientos-en-buenos-aires-como-estara-el-clima-esta-semana\/#breadcrumb\"},\"inLanguage\":\"es\",\"potentialAction\":[{\"@type\":\"ReadAction\",\"target\":[\"https:\/\/lobosnews.com.ar\/index.php\/2026\/04\/26\/temperaturas-invernales-y-alerta-por-vientos-en-buenos-aires-como-estara-el-clima-esta-semana\/\"]}]},{\"@type\":\"ImageObject\",\"inLanguage\":\"es\",\"@id\":\"https:\/\/lobosnews.com.ar\/index.php\/2026\/04\/26\/temperaturas-invernales-y-alerta-por-vientos-en-buenos-aires-como-estara-el-clima-esta-semana\/#primaryimage\",\"url\":\"https:\/\/lobosnews.com.ar\/wp-content\/uploads\/2026\/04\/temperaturas-invernales-y-alerta-por-vientos-en-buenos-aires-como-estara-el-clima-esta-semana.png\",\"contentUrl\":\"https:\/\/lobosnews.com.ar\/wp-content\/uploads\/2026\/04\/temperaturas-invernales-y-alerta-por-vientos-en-buenos-aires-como-estara-el-clima-esta-semana.png\",\"width\":828,\"height\":269,\"caption\":\"Temperaturas invernales y alerta por vientos en Buenos Aires: c\u00f3mo estar\u00e1 el clima esta semana\"},{\"@type\":\"BreadcrumbList\",\"@id\":\"https:\/\/lobosnews.com.ar\/index.php\/2026\/04\/26\/temperaturas-invernales-y-alerta-por-vientos-en-buenos-aires-como-estara-el-clima-esta-semana\/#breadcrumb\",\"itemListElement\":[{\"@type\":\"ListItem\",\"position\":1,\"name\":\"Portada\",\"item\":\"https:\/\/lobosnews.com.ar\/\"},{\"@type\":\"ListItem\",\"position\":2,\"name\":\"Temperaturas invernales y alerta por vientos en Buenos Aires: c\u00f3mo estar\u00e1 el clima esta semana\"}]},{\"@type\":\"WebSite\",\"@id\":\"https:\/\/lobosnews.com.ar\/#website\",\"url\":\"https:\/\/lobosnews.com.ar\/\",\"name\":\"Lobos News\",\"description\":\"Informaci\u00f3n a cada instante\",\"publisher\":{\"@id\":\"https:\/\/lobosnews.com.ar\/#organization\"},\"potentialAction\":[{\"@type\":\"SearchAction\",\"target\":{\"@type\":\"EntryPoint\",\"urlTemplate\":\"https:\/\/lobosnews.com.ar\/?s={search_term_string}\"},\"query-input\":{\"@type\":\"PropertyValueSpecification\",\"valueRequired\":true,\"valueName\":\"search_term_string\"}}],\"inLanguage\":\"es\"},{\"@type\":\"Organization\",\"@id\":\"https:\/\/lobosnews.com.ar\/#organization\",\"name\":\"Lobos News\",\"url\":\"https:\/\/lobosnews.com.ar\/\",\"logo\":{\"@type\":\"ImageObject\",\"inLanguage\":\"es\",\"@id\":\"https:\/\/lobosnews.com.ar\/#\/schema\/logo\/image\/\",\"url\":\"https:\/\/lobosnews.com.ar\/wp-content\/uploads\/2026\/01\/logo-lobosnews.png\",\"contentUrl\":\"https:\/\/lobosnews.com.ar\/wp-content\/uploads\/2026\/01\/logo-lobosnews.png\",\"width\":500,\"height\":200,\"caption\":\"Lobos News\"},\"image\":{\"@id\":\"https:\/\/lobosnews.com.ar\/#\/schema\/logo\/image\/\"}},{\"@type\":\"Person\",\"@id\":\"https:\/\/lobosnews.com.ar\/#\/schema\/person\/232422a593d5c541dd9aef6aaed10943\",\"name\":\"admin\",\"image\":{\"@type\":\"ImageObject\",\"inLanguage\":\"es\",\"@id\":\"https:\/\/lobosnews.com.ar\/#\/schema\/person\/image\/\",\"url\":\"https:\/\/secure.gravatar.com\/avatar\/76e419471a2083bc3ceab22a763dbbf9b0c1bd15a6214cf3280e2c2dde4580f9?s=96&d=mm&r=g\",\"contentUrl\":\"https:\/\/secure.gravatar.com\/avatar\/76e419471a2083bc3ceab22a763dbbf9b0c1bd15a6214cf3280e2c2dde4580f9?s=96&d=mm&r=g\",\"caption\":\"admin\"},\"sameAs\":[\"https:\/\/lobosnews.com.ar\"],\"url\":\"https:\/\/lobosnews.com.ar\/index.php\/author\/lobos-news\/\"}]}<\/script>\n<!-- \/ Yoast SEO plugin. -->","yoast_head_json":{"title":"Temperaturas invernales y alerta por vientos en Buenos Aires: c\u00f3mo estar\u00e1 el clima esta semana - Lobos News","robots":{"index":"index","follow":"follow","max-snippet":"max-snippet:-1","max-image-preview":"max-image-preview:large","max-video-preview":"max-video-preview:-1"},"canonical":"https:\/\/lobosnews.com.ar\/index.php\/2026\/04\/26\/temperaturas-invernales-y-alerta-por-vientos-en-buenos-aires-como-estara-el-clima-esta-semana\/","og_locale":"es_ES","og_type":"article","og_title":"Temperaturas invernales y alerta por vientos en Buenos Aires: c\u00f3mo estar\u00e1 el clima esta semana - Lobos News","og_description":"Una masa de aire polar avanza sobre el centro del pa\u00eds y dejar\u00e1 un intenso fr\u00edo en Buenos Aires, con temperaturas de un solo d\u00edgito y alertas meteorol\u00f3gicas por vientos para gran parte de la provincia. El fen\u00f3meno, que se extiende desde la Patagonia, marca el inicio de una semana caracterizada por la estabilidad atmosf\u00e9rica,...","og_url":"https:\/\/lobosnews.com.ar\/index.php\/2026\/04\/26\/temperaturas-invernales-y-alerta-por-vientos-en-buenos-aires-como-estara-el-clima-esta-semana\/","og_site_name":"Lobos News","article_published_time":"2026-04-26T23:38:52+00:00","article_modified_time":"2026-04-27T02:55:25+00:00","og_image":[{"url":"https:\/\/lobosnews.com.ar\/wp-content\/uploads\/2026\/04\/temperaturas-invernales-y-alerta-por-vientos-en-buenos-aires-como-estara-el-clima-esta-semana.jpg","type":"","width":"","height":""}],"author":"admin","twitter_card":"summary_large_image","twitter_misc":{"Escrito por":"admin","Tiempo de lectura":"4 minutos"},"schema":{"@context":"https:\/\/schema.org","@graph":[{"@type":"Article","@id":"https:\/\/lobosnews.com.ar\/index.php\/2026\/04\/26\/temperaturas-invernales-y-alerta-por-vientos-en-buenos-aires-como-estara-el-clima-esta-semana\/#article","isPartOf":{"@id":"https:\/\/lobosnews.com.ar\/index.php\/2026\/04\/26\/temperaturas-invernales-y-alerta-por-vientos-en-buenos-aires-como-estara-el-clima-esta-semana\/"},"author":{"name":"admin","@id":"https:\/\/lobosnews.com.ar\/#\/schema\/person\/232422a593d5c541dd9aef6aaed10943"},"headline":"Temperaturas invernales y alerta por vientos en Buenos Aires: c\u00f3mo estar\u00e1 el clima esta semana","datePublished":"2026-04-26T23:38:52+00:00","dateModified":"2026-04-27T02:55:25+00:00","mainEntityOfPage":{"@id":"https:\/\/lobosnews.com.ar\/index.php\/2026\/04\/26\/temperaturas-invernales-y-alerta-por-vientos-en-buenos-aires-como-estara-el-clima-esta-semana\/"},"wordCount":892,"commentCount":0,"publisher":{"@id":"https:\/\/lobosnews.com.ar\/#organization"},"image":{"@id":"https:\/\/lobosnews.com.ar\/index.php\/2026\/04\/26\/temperaturas-invernales-y-alerta-por-vientos-en-buenos-aires-como-estara-el-clima-esta-semana\/#primaryimage"},"thumbnailUrl":"https:\/\/lobosnews.com.ar\/wp-content\/uploads\/2026\/04\/temperaturas-invernales-y-alerta-por-vientos-en-buenos-aires-como-estara-el-clima-esta-semana.png","articleSection":["Actualidad","Argentina","econom\u00eda","inseguridad","masradios.com","nacionales","seguridad","sociedad"],"inLanguage":"es","potentialAction":[{"@type":"CommentAction","name":"Comment","target":["https:\/\/lobosnews.com.ar\/index.php\/2026\/04\/26\/temperaturas-invernales-y-alerta-por-vientos-en-buenos-aires-como-estara-el-clima-esta-semana\/#respond"]}]},{"@type":"WebPage","@id":"https:\/\/lobosnews.com.ar\/index.php\/2026\/04\/26\/temperaturas-invernales-y-alerta-por-vientos-en-buenos-aires-como-estara-el-clima-esta-semana\/","url":"https:\/\/lobosnews.com.ar\/index.php\/2026\/04\/26\/temperaturas-invernales-y-alerta-por-vientos-en-buenos-aires-como-estara-el-clima-esta-semana\/","name":"Temperaturas invernales y alerta por vientos en Buenos Aires: c\u00f3mo estar\u00e1 el clima esta semana - Lobos News","isPartOf":{"@id":"https:\/\/lobosnews.com.ar\/#website"},"primaryImageOfPage":{"@id":"https:\/\/lobosnews.com.ar\/index.php\/2026\/04\/26\/temperaturas-invernales-y-alerta-por-vientos-en-buenos-aires-como-estara-el-clima-esta-semana\/#primaryimage"},"image":{"@id":"https:\/\/lobosnews.com.ar\/index.php\/2026\/04\/26\/temperaturas-invernales-y-alerta-por-vientos-en-buenos-aires-como-estara-el-clima-esta-semana\/#primaryimage"},"thumbnailUrl":"https:\/\/lobosnews.com.ar\/wp-content\/uploads\/2026\/04\/temperaturas-invernales-y-alerta-por-vientos-en-buenos-aires-como-estara-el-clima-esta-semana.png","datePublished":"2026-04-26T23:38:52+00:00","dateModified":"2026-04-27T02:55:25+00:00","breadcrumb":{"@id":"https:\/\/lobosnews.com.ar\/index.php\/2026\/04\/26\/temperaturas-invernales-y-alerta-por-vientos-en-buenos-aires-como-estara-el-clima-esta-semana\/#breadcrumb"},"inLanguage":"es","potentialAction":[{"@type":"ReadAction","target":["https:\/\/lobosnews.com.ar\/index.php\/2026\/04\/26\/temperaturas-invernales-y-alerta-por-vientos-en-buenos-aires-como-estara-el-clima-esta-semana\/"]}]},{"@type":"ImageObject","inLanguage":"es","@id":"https:\/\/lobosnews.com.ar\/index.php\/2026\/04\/26\/temperaturas-invernales-y-alerta-por-vientos-en-buenos-aires-como-estara-el-clima-esta-semana\/#primaryimage","url":"https:\/\/lobosnews.com.ar\/wp-content\/uploads\/2026\/04\/temperaturas-invernales-y-alerta-por-vientos-en-buenos-aires-como-estara-el-clima-esta-semana.png","contentUrl":"https:\/\/lobosnews.com.ar\/wp-content\/uploads\/2026\/04\/temperaturas-invernales-y-alerta-por-vientos-en-buenos-aires-como-estara-el-clima-esta-semana.png","width":828,"height":269,"caption":"Temperaturas invernales y alerta por vientos en Buenos Aires: c\u00f3mo estar\u00e1 el clima esta semana"},{"@type":"BreadcrumbList","@id":"https:\/\/lobosnews.com.ar\/index.php\/2026\/04\/26\/temperaturas-invernales-y-alerta-por-vientos-en-buenos-aires-como-estara-el-clima-esta-semana\/#breadcrumb","itemListElement":[{"@type":"ListItem","position":1,"name":"Portada","item":"https:\/\/lobosnews.com.ar\/"},{"@type":"ListItem","position":2,"name":"Temperaturas invernales y alerta por vientos en Buenos Aires: c\u00f3mo estar\u00e1 el clima esta semana"}]},{"@type":"WebSite","@id":"https:\/\/lobosnews.com.ar\/#website","url":"https:\/\/lobosnews.com.ar\/","name":"Lobos News","description":"Informaci\u00f3n a cada instante","publisher":{"@id":"https:\/\/lobosnews.com.ar\/#organization"},"potentialAction":[{"@type":"SearchAction","target":{"@type":"EntryPoint","urlTemplate":"https:\/\/lobosnews.com.ar\/?s={search_term_string}"},"query-input":{"@type":"PropertyValueSpecification","valueRequired":true,"valueName":"search_term_string"}}],"inLanguage":"es"},{"@type":"Organization","@id":"https:\/\/lobosnews.com.ar\/#organization","name":"Lobos News","url":"https:\/\/lobosnews.com.ar\/","logo":{"@type":"ImageObject","inLanguage":"es","@id":"https:\/\/lobosnews.com.ar\/#\/schema\/logo\/image\/","url":"https:\/\/lobosnews.com.ar\/wp-content\/uploads\/2026\/01\/logo-lobosnews.png","contentUrl":"https:\/\/lobosnews.com.ar\/wp-content\/uploads\/2026\/01\/logo-lobosnews.png","width":500,"height":200,"caption":"Lobos News"},"image":{"@id":"https:\/\/lobosnews.com.ar\/#\/schema\/logo\/image\/"}},{"@type":"Person","@id":"https:\/\/lobosnews.com.ar\/#\/schema\/person\/232422a593d5c541dd9aef6aaed10943","name":"admin","image":{"@type":"ImageObject","inLanguage":"es","@id":"https:\/\/lobosnews.com.ar\/#\/schema\/person\/image\/","url":"https:\/\/secure.gravatar.com\/avatar\/76e419471a2083bc3ceab22a763dbbf9b0c1bd15a6214cf3280e2c2dde4580f9?s=96&d=mm&r=g","contentUrl":"https:\/\/secure.gravatar.com\/avatar\/76e419471a2083bc3ceab22a763dbbf9b0c1bd15a6214cf3280e2c2dde4580f9?s=96&d=mm&r=g","caption":"admin"},"sameAs":["https:\/\/lobosnews.com.ar"],"url":"https:\/\/lobosnews.com.ar\/index.php\/author\/lobos-news\/"}]}},"jetpack_featured_media_url":"https:\/\/lobosnews.com.ar\/wp-content\/uploads\/2026\/04\/temperaturas-invernales-y-alerta-por-vientos-en-buenos-aires-como-estara-el-clima-esta-semana.png","jetpack_sharing_enabled":true,"_links":{"self":[{"href":"https:\/\/lobosnews.com.ar\/index.php\/wp-json\/wp\/v2\/posts\/45949","targetHints":{"allow":["GET"]}}],"collection":[{"href":"https:\/\/lobosnews.com.ar\/index.php\/wp-json\/wp\/v2\/posts"}],"about":[{"href":"https:\/\/lobosnews.com.ar\/index.php\/wp-json\/wp\/v2\/types\/post"}],"author":[{"embeddable":true,"href":"https:\/\/lobosnews.com.ar\/index.php\/wp-json\/wp\/v2\/users\/1"}],"replies":[{"embeddable":true,"href":"https:\/\/lobosnews.com.ar\/index.php\/wp-json\/wp\/v2\/comments?post=45949"}],"version-history":[{"count":1,"href":"https:\/\/lobosnews.com.ar\/index.php\/wp-json\/wp\/v2\/posts\/45949\/revisions"}],"predecessor-version":[{"id":45953,"href":"https:\/\/lobosnews.com.ar\/index.php\/wp-json\/wp\/v2\/posts\/45949\/revisions\/45953"}],"wp:featuredmedia":[{"embeddable":true,"href":"https:\/\/lobosnews.com.ar\/index.php\/wp-json\/wp\/v2\/media\/45954"}],"wp:attachment":[{"href":"https:\/\/lobosnews.com.ar\/index.php\/wp-json\/wp\/v2\/media?parent=45949"}],"wp:term":[{"taxonomy":"category","embeddable":true,"href":"https:\/\/lobosnews.com.ar\/index.php\/wp-json\/wp\/v2\/categories?post=45949"},{"taxonomy":"post_tag","embeddable":true,"href":"https:\/\/lobosnews.com.ar\/index.php\/wp-json\/wp\/v2\/tags?post=45949"}],"curies":[{"name":"wp","href":"https:\/\/api.w.org\/{rel}","templated":true}]}}