{"id":45900,"date":"2026-04-26T22:43:54","date_gmt":"2026-04-26T22:43:54","guid":{"rendered":"https:\/\/lobosnews.com.ar\/index.php\/2026\/04\/26\/8-factores-silenciosos-que-elevan-el-estres-fisiologico-diario-y-afectan-el-sueno-y-la-concentracion-2\/"},"modified":"2026-04-27T02:49:21","modified_gmt":"2026-04-27T02:49:21","slug":"8-factores-silenciosos-que-elevan-el-estres-fisiologico-diario-y-afectan-el-sueno-y-la-concentracion-2","status":"publish","type":"post","link":"https:\/\/lobosnews.com.ar\/index.php\/2026\/04\/26\/8-factores-silenciosos-que-elevan-el-estres-fisiologico-diario-y-afectan-el-sueno-y-la-concentracion-2\/","title":{"rendered":"8 factores silenciosos que elevan el estr\u00e9s fisiol\u00f3gico diario y afectan el sue\u00f1o y la concentraci\u00f3n"},"content":{"rendered":"<p><img fetchpriority=\"high\" decoding=\"async\" src=\"https:\/\/lobosnews.com.ar\/wp-content\/uploads\/2026\/04\/8-factores-silenciosos-que-elevan-el-estres-fisiologico-diario-y-afectan-el-sueno-y-la-concentracion.jpg\" alt=\"Los factores de estr\u00e9s invisibles en la vida cotidiana afectan el organismo de forma acumulativa y pueden alterar la salud general (Imagen Ilustrativa Infobae)\" height=\"768\" width=\"1408\"\/><\/p>\n<p>En la rutina diaria operan <b>factores de tensi\u00f3n casi invisibles<\/b> que impactan en el cuerpo incluso cuando no los registramos de forma consciente. Lejos de ser inofensivos, estos microest\u00edmulos activan <b>respuestas fisiol\u00f3gicas que se acumulan con el tiempo<\/b> y terminan afectando la salud.<\/p>\n<p>Seg\u00fan la Mayo Clinic, la exposici\u00f3n constante a estas peque\u00f1as cargas puede <b>desregular el <\/b><span class=\"waslinkname\"><b>sistema endocrino<\/b><\/span> y aumentar el riesgo de desarrollar enfermedades cr\u00f3nicas, lo que convierte a estos detonantes silenciosos en un riesgo subestimado para el bienestar general.<\/p>\n<p>En oficinas, hogares y espacios urbanos operan <b>factores casi imperceptibles<\/b> que alteran el <span class=\"waslinkname\">sistema nervioso<\/span>, el ritmo circadiano y la producci\u00f3n hormonal sin emitir se\u00f1ales claras. Entre ellos se destacan el <b>malestar t\u00e9rmico, la iluminaci\u00f3n deficiente, el ruido constante, la respiraci\u00f3n superficial, la falta de desconexi\u00f3n<\/b>, la multitarea permanente, la fatiga por decisiones y la ausencia de pausas. La American Psychological Association advierte que reconocer estos detonantes es clave para <b>reducir el desgaste diario<\/b>.<\/p>\n<p>Aunque no se perciban como amenazas, estos est\u00edmulos generan <b>respuestas f\u00edsicas reales<\/b>. La exposici\u00f3n continua al ruido, a una temperatura inadecuada o a la sobrecarga de tareas puede elevar la frecuencia card\u00edaca, alterar la presi\u00f3n arterial y activar la liberaci\u00f3n de hormonas vinculadas a la tensi\u00f3n. <\/p>\n<p>Seg\u00fan <i>The Lancet<\/i>, el impacto acumulado de estos factores se traduce en <b>fatiga persistente, problemas de sue\u00f1o y menor capacidad de concentraci\u00f3n<\/b>, efectos que suelen pasar desapercibidos hasta que ya afectan el rendimiento y la salud.<\/p>\n<h2>Factores cotidianos que generan estr\u00e9s fisiol\u00f3gico inadvertido<\/h2>\n<h3>1. Estr\u00e9s fisiol\u00f3gico por malestar t\u00e9rmico <\/h3>\n<p>El cuerpo necesita mantener la temperatura interna estable mediante mecanismos autom\u00e1ticos que requieren energ\u00eda.<b> Cuando el entorno es inc\u00f3modo, el hipot\u00e1lamo detecta el desajuste y ajusta los vasos sangu\u00edneos y el metabolismo. <\/b><\/p>\n<p><img loading=\"lazy\" decoding=\"async\" src=\"https:\/\/lobosnews.com.ar\/wp-content\/uploads\/2026\/04\/8-factores-silenciosos-que-elevan-el-estres-fisiologico-diario-y-afectan-el-sueno-y-la-concentracion-2.jpg\" alt=\"La exposici\u00f3n constante a ambientes con malestar t\u00e9rmico aumenta la frecuencia card\u00edaca y exige mayor esfuerzo al sistema cardiovascular (Imagen Ilustrativa Infobae)\" height=\"768\" width=\"1408\"\/><\/p>\n<p>Los Institutos Nacionales de Salud de Estados Unidos (NIH) advierten que la <b>frecuencia card\u00edaca puede permanecer elevada<\/b> si no se corrige el ambiente, sobrecargando el sistema cardiovascular. Llevar una prenda ligera, usar un ventilador personal o cambiar la posici\u00f3n respecto a corrientes de aire puede reducir este tipo de <span class=\"waslinkname\">estr\u00e9s<\/span>.<\/p>\n<h3>2. Consecuencias de la falta de luz natural en el sistema nervioso <\/h3>\n<p>Las se\u00f1ales luminosas regulan el ritmo circadiano, esencial para la producci\u00f3n de melatonina y cortisol. La falta de luz natural, frecuente en oficinas cerradas o en invierno, puede causar fatiga, trastornos del \u00e1nimo y problemas de concentraci\u00f3n. <\/p>\n<p>Seg\u00fan la Fundaci\u00f3n Nacional del Sue\u00f1o de Estados Unidos, <b>exponerse al sol entre<\/b> <b>10 y 20 minutos por la ma\u00f1ana<\/b> ayuda a restablecer el ritmo biol\u00f3gico y previene el agotamiento.<\/p>\n<h3>3. Impacto del ruido ambiental en el estr\u00e9s y la concentraci\u00f3n <\/h3>\n<p>El ruido ambiental, como el tr\u00e1fico o las conversaciones ajenas, mantiene en alerta el sistema nervioso simp\u00e1tico. La Organizaci\u00f3n Mundial de la Salud (OMS) documenta que la exposici\u00f3n a niveles superiores a 55 decibelios puede provocar <b>aumentos en la presi\u00f3n arterial, inflamaci\u00f3n y deterioro del sue\u00f1o<\/b>, incluso si pasa inadvertido. <\/p>\n<p>Por eso, recurrir a m\u00fasica relajante, ruido blanco o buscar momentos de silencio ayuda a mitigar estos efectos.<\/p>\n<p><img loading=\"lazy\" decoding=\"async\" src=\"https:\/\/lobosnews.com.ar\/wp-content\/uploads\/2026\/04\/8-factores-silenciosos-que-elevan-el-estres-fisiologico-diario-y-afectan-el-sueno-y-la-concentracion-3.jpg\" alt=\"El ruido ambiental excesivo, seg\u00fan la OMS, incrementa la presi\u00f3n arterial, afecta el sue\u00f1o y mantiene al sistema nervioso en estado de alerta (Imagen Ilustrativa Infobae)\" height=\"768\" width=\"1408\"\/><\/p>\n<h3>4. Respiraci\u00f3n superficial y su relaci\u00f3n con el estr\u00e9s corporal <\/h3>\n<p>Durante actividades sedentarias, como el uso de pantallas, la respiraci\u00f3n puede hacerse superficial. Este patr\u00f3n activa se\u00f1ales de vigilancia en el cuerpo, elevando la frecuencia card\u00edaca y la presi\u00f3n arterial. <\/p>\n<p>La Escuela de Medicina de Harvard recomienda <b>practicar respiraciones profundas en pausas programadas, inhalando tres o cuatro segundos y exhalando el doble<\/b>, para devolver el sistema nervioso a un estado m\u00e1s calmado.<\/p>\n<h3>5. Estr\u00e9s por la falta de desconexi\u00f3n laboral <\/h3>\n<p>La disponibilidad laboral continua fuera del horario de trabajo mantiene el sistema nervioso activado y sostiene una carga alost\u00e1tica prolongada, lo que incrementa el <b>cortisol basal y reduce la capacidad de recuperaci\u00f3n<\/b>. La revista <i>Occupational Health Psychology<\/i> se\u00f1ala que este h\u00e1bito afecta la calidad y profundidad del sue\u00f1o. <\/p>\n<p>Establecer una hora l\u00edmite para correos o silenciar notificaciones ayuda a separar el espacio laboral del personal y favorece el descanso.<\/p>\n<h3>6. Estr\u00e9s por multitarea y cambios constantes de actividad <\/h3>\n<p>El cambio frecuente de tareas exige que el cerebro se reajuste repetidamente, consumiendo energ\u00eda cognitiva. Estudios de la Universidad de Stanford muestran que la multitarea reduce la eficiencia y eleva los indicadores fisiol\u00f3gicos de estr\u00e9s. <\/p>\n<p><img loading=\"lazy\" decoding=\"async\" src=\"https:\/\/www.infobae.com\/resizer\/v2\/M5QQ4262ABH4JFW2G6NMXBKBUI.png?auth=d3a56a39c2bfefc673785425b759ca6747415a74d884b20aa6605967cf5ef3c3&#038;smart=true&#038;width=2752&#038;height=1536\" alt=\"Realizar multitareas o cambios frecuentes de actividad reduce la eficiencia cerebral y eleva los indicadores fisiol\u00f3gicos de estr\u00e9s (Imagen Ilustrativa Infobae)\" height=\"1536\" width=\"2752\"\/><\/p>\n<p>Reservar al menos <b>20 minutos diarios para concentrarse en una sola actividad<\/b> permite al cerebro estabilizar la atenci\u00f3n y reducir la respuesta al estr\u00e9s.<\/p>\n<h3>7. Fatiga por toma de decisiones y su efecto en el bienestar <\/h3>\n<p>Cada decisi\u00f3n \u2014como elegir la ropa o planificar comidas\u2014 consume recursos ejecutivos del cerebro. El Instituto Max Planck de Ciencias Cognitivas advierte que<b> la acumulaci\u00f3n de decisiones genera fatiga<\/b>, volviendo a la persona m\u00e1s vulnerable al agotamiento. <\/p>\n<p>Automatizar rutinas, como preparar la ropa o los desayunos con antelaci\u00f3n, reduce la carga mental.<\/p>\n<h3>8. Importancia de las pausas para evitar el exceso de estr\u00e9s diario <\/h3>\n<p>Un d\u00eda lleno de actividades, incluso agradables, puede impedir micropausas necesarias para la recuperaci\u00f3n corporal. La Universidad de California en Berkeley indica que <b>insertar intervalos breves de cinco o diez minutos sin tareas<\/b> mejora la flexibilidad org\u00e1nica y disminuye el efecto acumulativo del ritmo acelerado.<\/p>\n<p><img loading=\"lazy\" decoding=\"async\" src=\"https:\/\/lobosnews.com.ar\/wp-content\/uploads\/2026\/04\/8-factores-silenciosos-que-elevan-el-estres-fisiologico-diario-y-afectan-el-sueno-y-la-concentracion-6.jpg\" alt=\"Incorporar micropausas de cinco o diez minutos durante el d\u00eda mejora la recuperaci\u00f3n org\u00e1nica y reduce el estr\u00e9s acumulado, seg\u00fan expertos estadounidenses (Imagen Ilustrativa Infobae)\" height=\"768\" width=\"1408\"\/><\/p>\n<p>Reconocer estos microfactores y adoptar h\u00e1bitos sencillos como exponerse a la luz natural, practicar respiraci\u00f3n profunda y hacer pausas, fortalece la capacidad adaptativa del cuerpo y protege el bienestar, seg\u00fan m\u00faltiples entidades m\u00e9dicas y cient\u00edficas internacionales.<\/p>\n","protected":false},"excerpt":{"rendered":"<p>En la rutina diaria operan factores de tensi\u00f3n casi invisibles que impactan en el cuerpo incluso cuando no los registramos de forma consciente. Lejos de ser inofensivos, estos microest\u00edmulos activan respuestas fisiol\u00f3gicas que se acumulan con el tiempo y terminan afectando la salud. Seg\u00fan la Mayo Clinic, la exposici\u00f3n constante a estas peque\u00f1as cargas puede&#8230;<\/p>\n","protected":false},"author":1,"featured_media":45908,"comment_status":"open","ping_status":"closed","sticky":false,"template":"","format":"standard","meta":{"_jetpack_memberships_contains_paid_content":false,"footnotes":""},"categories":[81],"tags":[],"class_list":["post-45900","post","type-post","status-publish","format-standard","has-post-thumbnail","hentry","category-salud"],"magazineBlocksPostFeaturedMedia":{"thumbnail":"https:\/\/lobosnews.com.ar\/wp-content\/uploads\/2026\/04\/8-factores-silenciosos-que-elevan-el-estres-fisiologico-diario-y-afectan-el-sueno-y-la-concentracion-11-150x150.jpg","medium":"https:\/\/lobosnews.com.ar\/wp-content\/uploads\/2026\/04\/8-factores-silenciosos-que-elevan-el-estres-fisiologico-diario-y-afectan-el-sueno-y-la-concentracion-11-300x164.jpg","medium_large":"https:\/\/lobosnews.com.ar\/wp-content\/uploads\/2026\/04\/8-factores-silenciosos-que-elevan-el-estres-fisiologico-diario-y-afectan-el-sueno-y-la-concentracion-11-768x419.jpg","large":"https:\/\/lobosnews.com.ar\/wp-content\/uploads\/2026\/04\/8-factores-silenciosos-que-elevan-el-estres-fisiologico-diario-y-afectan-el-sueno-y-la-concentracion-11-1024x559.jpg","1536x1536":"https:\/\/lobosnews.com.ar\/wp-content\/uploads\/2026\/04\/8-factores-silenciosos-que-elevan-el-estres-fisiologico-diario-y-afectan-el-sueno-y-la-concentracion-11.jpg","2048x2048":"https:\/\/lobosnews.com.ar\/wp-content\/uploads\/2026\/04\/8-factores-silenciosos-que-elevan-el-estres-fisiologico-diario-y-afectan-el-sueno-y-la-concentracion-11.jpg","newsmatic-featured":"https:\/\/lobosnews.com.ar\/wp-content\/uploads\/2026\/04\/8-factores-silenciosos-que-elevan-el-estres-fisiologico-diario-y-afectan-el-sueno-y-la-concentracion-11-820x545.jpg","newsmatic-list":"https:\/\/lobosnews.com.ar\/wp-content\/uploads\/2026\/04\/8-factores-silenciosos-que-elevan-el-estres-fisiologico-diario-y-afectan-el-sueno-y-la-concentracion-11-600x400.jpg","newsmatic-thumb":"https:\/\/lobosnews.com.ar\/wp-content\/uploads\/2026\/04\/8-factores-silenciosos-que-elevan-el-estres-fisiologico-diario-y-afectan-el-sueno-y-la-concentracion-11-300x200.jpg","newsmatic-small":"https:\/\/lobosnews.com.ar\/wp-content\/uploads\/2026\/04\/8-factores-silenciosos-que-elevan-el-estres-fisiologico-diario-y-afectan-el-sueno-y-la-concentracion-11-150x95.jpg","newsmatic-grid":"https:\/\/lobosnews.com.ar\/wp-content\/uploads\/2026\/04\/8-factores-silenciosos-que-elevan-el-estres-fisiologico-diario-y-afectan-el-sueno-y-la-concentracion-11-400x250.jpg"},"magazineBlocksPostAuthor":{"name":"admin","avatar":"https:\/\/secure.gravatar.com\/avatar\/76e419471a2083bc3ceab22a763dbbf9b0c1bd15a6214cf3280e2c2dde4580f9?s=96&d=mm&r=g"},"magazineBlocksPostCommentsNumber":"0","magazineBlocksPostExcerpt":"En la rutina diaria operan factores de tensi\u00f3n casi invisibles que impactan en el cuerpo incluso cuando no los registramos de forma consciente. Lejos de ser inofensivos, estos microest\u00edmulos activan respuestas fisiol\u00f3gicas que se acumulan con el tiempo y terminan afectando la salud. Seg\u00fan la Mayo Clinic, la exposici\u00f3n constante a estas peque\u00f1as cargas puede...","magazineBlocksPostCategories":["Salud"],"magazineBlocksPostViewCount":3,"magazineBlocksPostReadTime":5,"magazine_blocks_featured_image_url":{"full":["https:\/\/lobosnews.com.ar\/wp-content\/uploads\/2026\/04\/8-factores-silenciosos-que-elevan-el-estres-fisiologico-diario-y-afectan-el-sueno-y-la-concentracion-11.jpg",1408,768,false],"medium":["https:\/\/lobosnews.com.ar\/wp-content\/uploads\/2026\/04\/8-factores-silenciosos-que-elevan-el-estres-fisiologico-diario-y-afectan-el-sueno-y-la-concentracion-11-300x164.jpg",300,164,true],"thumbnail":["https:\/\/lobosnews.com.ar\/wp-content\/uploads\/2026\/04\/8-factores-silenciosos-que-elevan-el-estres-fisiologico-diario-y-afectan-el-sueno-y-la-concentracion-11-150x150.jpg",150,150,true]},"magazine_blocks_author":{"display_name":"admin","author_link":"https:\/\/lobosnews.com.ar\/index.php\/author\/lobos-news\/"},"magazine_blocks_comment":0,"magazine_blocks_author_image":"https:\/\/secure.gravatar.com\/avatar\/76e419471a2083bc3ceab22a763dbbf9b0c1bd15a6214cf3280e2c2dde4580f9?s=96&d=mm&r=g","magazine_blocks_category":"<a href=\"#\" class=\"category-link category-link-81\">Salud<\/a>","yoast_head":"<!-- This site is optimized with the Yoast SEO plugin v26.6 - https:\/\/yoast.com\/wordpress\/plugins\/seo\/ -->\n<title>8 factores silenciosos que elevan el estr\u00e9s fisiol\u00f3gico diario y afectan el sue\u00f1o y la concentraci\u00f3n - Lobos News<\/title>\n<meta name=\"robots\" content=\"index, follow, max-snippet:-1, max-image-preview:large, max-video-preview:-1\" \/>\n<link rel=\"canonical\" href=\"https:\/\/lobosnews.com.ar\/index.php\/2026\/04\/26\/8-factores-silenciosos-que-elevan-el-estres-fisiologico-diario-y-afectan-el-sueno-y-la-concentracion-2\/\" \/>\n<meta property=\"og:locale\" content=\"es_ES\" \/>\n<meta property=\"og:type\" content=\"article\" \/>\n<meta property=\"og:title\" content=\"8 factores silenciosos que elevan el estr\u00e9s fisiol\u00f3gico diario y afectan el sue\u00f1o y la concentraci\u00f3n - Lobos News\" \/>\n<meta property=\"og:description\" content=\"En la rutina diaria operan factores de tensi\u00f3n casi invisibles que impactan en el cuerpo incluso cuando no los registramos de forma consciente. Lejos de ser inofensivos, estos microest\u00edmulos activan respuestas fisiol\u00f3gicas que se acumulan con el tiempo y terminan afectando la salud. Seg\u00fan la Mayo Clinic, la exposici\u00f3n constante a estas peque\u00f1as cargas puede...\" \/>\n<meta property=\"og:url\" content=\"https:\/\/lobosnews.com.ar\/index.php\/2026\/04\/26\/8-factores-silenciosos-que-elevan-el-estres-fisiologico-diario-y-afectan-el-sueno-y-la-concentracion-2\/\" \/>\n<meta property=\"og:site_name\" content=\"Lobos News\" \/>\n<meta property=\"article:published_time\" content=\"2026-04-26T22:43:54+00:00\" \/>\n<meta property=\"article:modified_time\" content=\"2026-04-27T02:49:21+00:00\" \/>\n<meta property=\"og:image\" content=\"https:\/\/lobosnews.com.ar\/wp-content\/uploads\/2026\/04\/8-factores-silenciosos-que-elevan-el-estres-fisiologico-diario-y-afectan-el-sueno-y-la-concentracion.jpg\" \/>\n<meta name=\"author\" content=\"admin\" \/>\n<meta name=\"twitter:card\" content=\"summary_large_image\" \/>\n<meta name=\"twitter:label1\" content=\"Escrito por\" \/>\n\t<meta name=\"twitter:data1\" content=\"admin\" \/>\n\t<meta name=\"twitter:label2\" content=\"Tiempo de lectura\" \/>\n\t<meta name=\"twitter:data2\" content=\"5 minutos\" \/>\n<script type=\"application\/ld+json\" class=\"yoast-schema-graph\">{\"@context\":\"https:\/\/schema.org\",\"@graph\":[{\"@type\":\"Article\",\"@id\":\"https:\/\/lobosnews.com.ar\/index.php\/2026\/04\/26\/8-factores-silenciosos-que-elevan-el-estres-fisiologico-diario-y-afectan-el-sueno-y-la-concentracion-2\/#article\",\"isPartOf\":{\"@id\":\"https:\/\/lobosnews.com.ar\/index.php\/2026\/04\/26\/8-factores-silenciosos-que-elevan-el-estres-fisiologico-diario-y-afectan-el-sueno-y-la-concentracion-2\/\"},\"author\":{\"name\":\"admin\",\"@id\":\"https:\/\/lobosnews.com.ar\/#\/schema\/person\/232422a593d5c541dd9aef6aaed10943\"},\"headline\":\"8 factores silenciosos que elevan el estr\u00e9s fisiol\u00f3gico diario y afectan el sue\u00f1o y la concentraci\u00f3n\",\"datePublished\":\"2026-04-26T22:43:54+00:00\",\"dateModified\":\"2026-04-27T02:49:21+00:00\",\"mainEntityOfPage\":{\"@id\":\"https:\/\/lobosnews.com.ar\/index.php\/2026\/04\/26\/8-factores-silenciosos-que-elevan-el-estres-fisiologico-diario-y-afectan-el-sueno-y-la-concentracion-2\/\"},\"wordCount\":963,\"commentCount\":0,\"publisher\":{\"@id\":\"https:\/\/lobosnews.com.ar\/#organization\"},\"image\":{\"@id\":\"https:\/\/lobosnews.com.ar\/index.php\/2026\/04\/26\/8-factores-silenciosos-que-elevan-el-estres-fisiologico-diario-y-afectan-el-sueno-y-la-concentracion-2\/#primaryimage\"},\"thumbnailUrl\":\"https:\/\/lobosnews.com.ar\/wp-content\/uploads\/2026\/04\/8-factores-silenciosos-que-elevan-el-estres-fisiologico-diario-y-afectan-el-sueno-y-la-concentracion-11.jpg\",\"articleSection\":[\"Salud\"],\"inLanguage\":\"es\",\"potentialAction\":[{\"@type\":\"CommentAction\",\"name\":\"Comment\",\"target\":[\"https:\/\/lobosnews.com.ar\/index.php\/2026\/04\/26\/8-factores-silenciosos-que-elevan-el-estres-fisiologico-diario-y-afectan-el-sueno-y-la-concentracion-2\/#respond\"]}]},{\"@type\":\"WebPage\",\"@id\":\"https:\/\/lobosnews.com.ar\/index.php\/2026\/04\/26\/8-factores-silenciosos-que-elevan-el-estres-fisiologico-diario-y-afectan-el-sueno-y-la-concentracion-2\/\",\"url\":\"https:\/\/lobosnews.com.ar\/index.php\/2026\/04\/26\/8-factores-silenciosos-que-elevan-el-estres-fisiologico-diario-y-afectan-el-sueno-y-la-concentracion-2\/\",\"name\":\"8 factores silenciosos que elevan el estr\u00e9s fisiol\u00f3gico diario y afectan el sue\u00f1o y la concentraci\u00f3n - Lobos News\",\"isPartOf\":{\"@id\":\"https:\/\/lobosnews.com.ar\/#website\"},\"primaryImageOfPage\":{\"@id\":\"https:\/\/lobosnews.com.ar\/index.php\/2026\/04\/26\/8-factores-silenciosos-que-elevan-el-estres-fisiologico-diario-y-afectan-el-sueno-y-la-concentracion-2\/#primaryimage\"},\"image\":{\"@id\":\"https:\/\/lobosnews.com.ar\/index.php\/2026\/04\/26\/8-factores-silenciosos-que-elevan-el-estres-fisiologico-diario-y-afectan-el-sueno-y-la-concentracion-2\/#primaryimage\"},\"thumbnailUrl\":\"https:\/\/lobosnews.com.ar\/wp-content\/uploads\/2026\/04\/8-factores-silenciosos-que-elevan-el-estres-fisiologico-diario-y-afectan-el-sueno-y-la-concentracion-11.jpg\",\"datePublished\":\"2026-04-26T22:43:54+00:00\",\"dateModified\":\"2026-04-27T02:49:21+00:00\",\"breadcrumb\":{\"@id\":\"https:\/\/lobosnews.com.ar\/index.php\/2026\/04\/26\/8-factores-silenciosos-que-elevan-el-estres-fisiologico-diario-y-afectan-el-sueno-y-la-concentracion-2\/#breadcrumb\"},\"inLanguage\":\"es\",\"potentialAction\":[{\"@type\":\"ReadAction\",\"target\":[\"https:\/\/lobosnews.com.ar\/index.php\/2026\/04\/26\/8-factores-silenciosos-que-elevan-el-estres-fisiologico-diario-y-afectan-el-sueno-y-la-concentracion-2\/\"]}]},{\"@type\":\"ImageObject\",\"inLanguage\":\"es\",\"@id\":\"https:\/\/lobosnews.com.ar\/index.php\/2026\/04\/26\/8-factores-silenciosos-que-elevan-el-estres-fisiologico-diario-y-afectan-el-sueno-y-la-concentracion-2\/#primaryimage\",\"url\":\"https:\/\/lobosnews.com.ar\/wp-content\/uploads\/2026\/04\/8-factores-silenciosos-que-elevan-el-estres-fisiologico-diario-y-afectan-el-sueno-y-la-concentracion-11.jpg\",\"contentUrl\":\"https:\/\/lobosnews.com.ar\/wp-content\/uploads\/2026\/04\/8-factores-silenciosos-que-elevan-el-estres-fisiologico-diario-y-afectan-el-sueno-y-la-concentracion-11.jpg\",\"width\":1408,\"height\":768,\"caption\":\"8 factores silenciosos que elevan el estr\u00e9s fisiol\u00f3gico diario y afectan el sue\u00f1o y la concentraci\u00f3n\"},{\"@type\":\"BreadcrumbList\",\"@id\":\"https:\/\/lobosnews.com.ar\/index.php\/2026\/04\/26\/8-factores-silenciosos-que-elevan-el-estres-fisiologico-diario-y-afectan-el-sueno-y-la-concentracion-2\/#breadcrumb\",\"itemListElement\":[{\"@type\":\"ListItem\",\"position\":1,\"name\":\"Portada\",\"item\":\"https:\/\/lobosnews.com.ar\/\"},{\"@type\":\"ListItem\",\"position\":2,\"name\":\"8 factores silenciosos que elevan el estr\u00e9s fisiol\u00f3gico diario y afectan el sue\u00f1o y la concentraci\u00f3n\"}]},{\"@type\":\"WebSite\",\"@id\":\"https:\/\/lobosnews.com.ar\/#website\",\"url\":\"https:\/\/lobosnews.com.ar\/\",\"name\":\"Lobos News\",\"description\":\"Informaci\u00f3n a cada instante\",\"publisher\":{\"@id\":\"https:\/\/lobosnews.com.ar\/#organization\"},\"potentialAction\":[{\"@type\":\"SearchAction\",\"target\":{\"@type\":\"EntryPoint\",\"urlTemplate\":\"https:\/\/lobosnews.com.ar\/?s={search_term_string}\"},\"query-input\":{\"@type\":\"PropertyValueSpecification\",\"valueRequired\":true,\"valueName\":\"search_term_string\"}}],\"inLanguage\":\"es\"},{\"@type\":\"Organization\",\"@id\":\"https:\/\/lobosnews.com.ar\/#organization\",\"name\":\"Lobos News\",\"url\":\"https:\/\/lobosnews.com.ar\/\",\"logo\":{\"@type\":\"ImageObject\",\"inLanguage\":\"es\",\"@id\":\"https:\/\/lobosnews.com.ar\/#\/schema\/logo\/image\/\",\"url\":\"https:\/\/lobosnews.com.ar\/wp-content\/uploads\/2026\/01\/logo-lobosnews.png\",\"contentUrl\":\"https:\/\/lobosnews.com.ar\/wp-content\/uploads\/2026\/01\/logo-lobosnews.png\",\"width\":500,\"height\":200,\"caption\":\"Lobos News\"},\"image\":{\"@id\":\"https:\/\/lobosnews.com.ar\/#\/schema\/logo\/image\/\"}},{\"@type\":\"Person\",\"@id\":\"https:\/\/lobosnews.com.ar\/#\/schema\/person\/232422a593d5c541dd9aef6aaed10943\",\"name\":\"admin\",\"image\":{\"@type\":\"ImageObject\",\"inLanguage\":\"es\",\"@id\":\"https:\/\/lobosnews.com.ar\/#\/schema\/person\/image\/\",\"url\":\"https:\/\/secure.gravatar.com\/avatar\/76e419471a2083bc3ceab22a763dbbf9b0c1bd15a6214cf3280e2c2dde4580f9?s=96&d=mm&r=g\",\"contentUrl\":\"https:\/\/secure.gravatar.com\/avatar\/76e419471a2083bc3ceab22a763dbbf9b0c1bd15a6214cf3280e2c2dde4580f9?s=96&d=mm&r=g\",\"caption\":\"admin\"},\"sameAs\":[\"https:\/\/lobosnews.com.ar\"],\"url\":\"https:\/\/lobosnews.com.ar\/index.php\/author\/lobos-news\/\"}]}<\/script>\n<!-- \/ Yoast SEO plugin. -->","yoast_head_json":{"title":"8 factores silenciosos que elevan el estr\u00e9s fisiol\u00f3gico diario y afectan el sue\u00f1o y la concentraci\u00f3n - Lobos News","robots":{"index":"index","follow":"follow","max-snippet":"max-snippet:-1","max-image-preview":"max-image-preview:large","max-video-preview":"max-video-preview:-1"},"canonical":"https:\/\/lobosnews.com.ar\/index.php\/2026\/04\/26\/8-factores-silenciosos-que-elevan-el-estres-fisiologico-diario-y-afectan-el-sueno-y-la-concentracion-2\/","og_locale":"es_ES","og_type":"article","og_title":"8 factores silenciosos que elevan el estr\u00e9s fisiol\u00f3gico diario y afectan el sue\u00f1o y la concentraci\u00f3n - Lobos News","og_description":"En la rutina diaria operan factores de tensi\u00f3n casi invisibles que impactan en el cuerpo incluso cuando no los registramos de forma consciente. Lejos de ser inofensivos, estos microest\u00edmulos activan respuestas fisiol\u00f3gicas que se acumulan con el tiempo y terminan afectando la salud. Seg\u00fan la Mayo Clinic, la exposici\u00f3n constante a estas peque\u00f1as cargas puede...","og_url":"https:\/\/lobosnews.com.ar\/index.php\/2026\/04\/26\/8-factores-silenciosos-que-elevan-el-estres-fisiologico-diario-y-afectan-el-sueno-y-la-concentracion-2\/","og_site_name":"Lobos News","article_published_time":"2026-04-26T22:43:54+00:00","article_modified_time":"2026-04-27T02:49:21+00:00","og_image":[{"url":"https:\/\/lobosnews.com.ar\/wp-content\/uploads\/2026\/04\/8-factores-silenciosos-que-elevan-el-estres-fisiologico-diario-y-afectan-el-sueno-y-la-concentracion.jpg","type":"","width":"","height":""}],"author":"admin","twitter_card":"summary_large_image","twitter_misc":{"Escrito por":"admin","Tiempo de lectura":"5 minutos"},"schema":{"@context":"https:\/\/schema.org","@graph":[{"@type":"Article","@id":"https:\/\/lobosnews.com.ar\/index.php\/2026\/04\/26\/8-factores-silenciosos-que-elevan-el-estres-fisiologico-diario-y-afectan-el-sueno-y-la-concentracion-2\/#article","isPartOf":{"@id":"https:\/\/lobosnews.com.ar\/index.php\/2026\/04\/26\/8-factores-silenciosos-que-elevan-el-estres-fisiologico-diario-y-afectan-el-sueno-y-la-concentracion-2\/"},"author":{"name":"admin","@id":"https:\/\/lobosnews.com.ar\/#\/schema\/person\/232422a593d5c541dd9aef6aaed10943"},"headline":"8 factores silenciosos que elevan el estr\u00e9s fisiol\u00f3gico diario y afectan el sue\u00f1o y la concentraci\u00f3n","datePublished":"2026-04-26T22:43:54+00:00","dateModified":"2026-04-27T02:49:21+00:00","mainEntityOfPage":{"@id":"https:\/\/lobosnews.com.ar\/index.php\/2026\/04\/26\/8-factores-silenciosos-que-elevan-el-estres-fisiologico-diario-y-afectan-el-sueno-y-la-concentracion-2\/"},"wordCount":963,"commentCount":0,"publisher":{"@id":"https:\/\/lobosnews.com.ar\/#organization"},"image":{"@id":"https:\/\/lobosnews.com.ar\/index.php\/2026\/04\/26\/8-factores-silenciosos-que-elevan-el-estres-fisiologico-diario-y-afectan-el-sueno-y-la-concentracion-2\/#primaryimage"},"thumbnailUrl":"https:\/\/lobosnews.com.ar\/wp-content\/uploads\/2026\/04\/8-factores-silenciosos-que-elevan-el-estres-fisiologico-diario-y-afectan-el-sueno-y-la-concentracion-11.jpg","articleSection":["Salud"],"inLanguage":"es","potentialAction":[{"@type":"CommentAction","name":"Comment","target":["https:\/\/lobosnews.com.ar\/index.php\/2026\/04\/26\/8-factores-silenciosos-que-elevan-el-estres-fisiologico-diario-y-afectan-el-sueno-y-la-concentracion-2\/#respond"]}]},{"@type":"WebPage","@id":"https:\/\/lobosnews.com.ar\/index.php\/2026\/04\/26\/8-factores-silenciosos-que-elevan-el-estres-fisiologico-diario-y-afectan-el-sueno-y-la-concentracion-2\/","url":"https:\/\/lobosnews.com.ar\/index.php\/2026\/04\/26\/8-factores-silenciosos-que-elevan-el-estres-fisiologico-diario-y-afectan-el-sueno-y-la-concentracion-2\/","name":"8 factores silenciosos que elevan el estr\u00e9s fisiol\u00f3gico diario y afectan el sue\u00f1o y la concentraci\u00f3n - Lobos News","isPartOf":{"@id":"https:\/\/lobosnews.com.ar\/#website"},"primaryImageOfPage":{"@id":"https:\/\/lobosnews.com.ar\/index.php\/2026\/04\/26\/8-factores-silenciosos-que-elevan-el-estres-fisiologico-diario-y-afectan-el-sueno-y-la-concentracion-2\/#primaryimage"},"image":{"@id":"https:\/\/lobosnews.com.ar\/index.php\/2026\/04\/26\/8-factores-silenciosos-que-elevan-el-estres-fisiologico-diario-y-afectan-el-sueno-y-la-concentracion-2\/#primaryimage"},"thumbnailUrl":"https:\/\/lobosnews.com.ar\/wp-content\/uploads\/2026\/04\/8-factores-silenciosos-que-elevan-el-estres-fisiologico-diario-y-afectan-el-sueno-y-la-concentracion-11.jpg","datePublished":"2026-04-26T22:43:54+00:00","dateModified":"2026-04-27T02:49:21+00:00","breadcrumb":{"@id":"https:\/\/lobosnews.com.ar\/index.php\/2026\/04\/26\/8-factores-silenciosos-que-elevan-el-estres-fisiologico-diario-y-afectan-el-sueno-y-la-concentracion-2\/#breadcrumb"},"inLanguage":"es","potentialAction":[{"@type":"ReadAction","target":["https:\/\/lobosnews.com.ar\/index.php\/2026\/04\/26\/8-factores-silenciosos-que-elevan-el-estres-fisiologico-diario-y-afectan-el-sueno-y-la-concentracion-2\/"]}]},{"@type":"ImageObject","inLanguage":"es","@id":"https:\/\/lobosnews.com.ar\/index.php\/2026\/04\/26\/8-factores-silenciosos-que-elevan-el-estres-fisiologico-diario-y-afectan-el-sueno-y-la-concentracion-2\/#primaryimage","url":"https:\/\/lobosnews.com.ar\/wp-content\/uploads\/2026\/04\/8-factores-silenciosos-que-elevan-el-estres-fisiologico-diario-y-afectan-el-sueno-y-la-concentracion-11.jpg","contentUrl":"https:\/\/lobosnews.com.ar\/wp-content\/uploads\/2026\/04\/8-factores-silenciosos-que-elevan-el-estres-fisiologico-diario-y-afectan-el-sueno-y-la-concentracion-11.jpg","width":1408,"height":768,"caption":"8 factores silenciosos que elevan el estr\u00e9s fisiol\u00f3gico diario y afectan el sue\u00f1o y la concentraci\u00f3n"},{"@type":"BreadcrumbList","@id":"https:\/\/lobosnews.com.ar\/index.php\/2026\/04\/26\/8-factores-silenciosos-que-elevan-el-estres-fisiologico-diario-y-afectan-el-sueno-y-la-concentracion-2\/#breadcrumb","itemListElement":[{"@type":"ListItem","position":1,"name":"Portada","item":"https:\/\/lobosnews.com.ar\/"},{"@type":"ListItem","position":2,"name":"8 factores silenciosos que elevan el estr\u00e9s fisiol\u00f3gico diario y afectan el sue\u00f1o y la concentraci\u00f3n"}]},{"@type":"WebSite","@id":"https:\/\/lobosnews.com.ar\/#website","url":"https:\/\/lobosnews.com.ar\/","name":"Lobos News","description":"Informaci\u00f3n a cada instante","publisher":{"@id":"https:\/\/lobosnews.com.ar\/#organization"},"potentialAction":[{"@type":"SearchAction","target":{"@type":"EntryPoint","urlTemplate":"https:\/\/lobosnews.com.ar\/?s={search_term_string}"},"query-input":{"@type":"PropertyValueSpecification","valueRequired":true,"valueName":"search_term_string"}}],"inLanguage":"es"},{"@type":"Organization","@id":"https:\/\/lobosnews.com.ar\/#organization","name":"Lobos News","url":"https:\/\/lobosnews.com.ar\/","logo":{"@type":"ImageObject","inLanguage":"es","@id":"https:\/\/lobosnews.com.ar\/#\/schema\/logo\/image\/","url":"https:\/\/lobosnews.com.ar\/wp-content\/uploads\/2026\/01\/logo-lobosnews.png","contentUrl":"https:\/\/lobosnews.com.ar\/wp-content\/uploads\/2026\/01\/logo-lobosnews.png","width":500,"height":200,"caption":"Lobos News"},"image":{"@id":"https:\/\/lobosnews.com.ar\/#\/schema\/logo\/image\/"}},{"@type":"Person","@id":"https:\/\/lobosnews.com.ar\/#\/schema\/person\/232422a593d5c541dd9aef6aaed10943","name":"admin","image":{"@type":"ImageObject","inLanguage":"es","@id":"https:\/\/lobosnews.com.ar\/#\/schema\/person\/image\/","url":"https:\/\/secure.gravatar.com\/avatar\/76e419471a2083bc3ceab22a763dbbf9b0c1bd15a6214cf3280e2c2dde4580f9?s=96&d=mm&r=g","contentUrl":"https:\/\/secure.gravatar.com\/avatar\/76e419471a2083bc3ceab22a763dbbf9b0c1bd15a6214cf3280e2c2dde4580f9?s=96&d=mm&r=g","caption":"admin"},"sameAs":["https:\/\/lobosnews.com.ar"],"url":"https:\/\/lobosnews.com.ar\/index.php\/author\/lobos-news\/"}]}},"jetpack_featured_media_url":"https:\/\/lobosnews.com.ar\/wp-content\/uploads\/2026\/04\/8-factores-silenciosos-que-elevan-el-estres-fisiologico-diario-y-afectan-el-sueno-y-la-concentracion-11.jpg","jetpack_sharing_enabled":true,"_links":{"self":[{"href":"https:\/\/lobosnews.com.ar\/index.php\/wp-json\/wp\/v2\/posts\/45900","targetHints":{"allow":["GET"]}}],"collection":[{"href":"https:\/\/lobosnews.com.ar\/index.php\/wp-json\/wp\/v2\/posts"}],"about":[{"href":"https:\/\/lobosnews.com.ar\/index.php\/wp-json\/wp\/v2\/types\/post"}],"author":[{"embeddable":true,"href":"https:\/\/lobosnews.com.ar\/index.php\/wp-json\/wp\/v2\/users\/1"}],"replies":[{"embeddable":true,"href":"https:\/\/lobosnews.com.ar\/index.php\/wp-json\/wp\/v2\/comments?post=45900"}],"version-history":[{"count":1,"href":"https:\/\/lobosnews.com.ar\/index.php\/wp-json\/wp\/v2\/posts\/45900\/revisions"}],"predecessor-version":[{"id":45907,"href":"https:\/\/lobosnews.com.ar\/index.php\/wp-json\/wp\/v2\/posts\/45900\/revisions\/45907"}],"wp:featuredmedia":[{"embeddable":true,"href":"https:\/\/lobosnews.com.ar\/index.php\/wp-json\/wp\/v2\/media\/45908"}],"wp:attachment":[{"href":"https:\/\/lobosnews.com.ar\/index.php\/wp-json\/wp\/v2\/media?parent=45900"}],"wp:term":[{"taxonomy":"category","embeddable":true,"href":"https:\/\/lobosnews.com.ar\/index.php\/wp-json\/wp\/v2\/categories?post=45900"},{"taxonomy":"post_tag","embeddable":true,"href":"https:\/\/lobosnews.com.ar\/index.php\/wp-json\/wp\/v2\/tags?post=45900"}],"curies":[{"name":"wp","href":"https:\/\/api.w.org\/{rel}","templated":true}]}}