{"id":45892,"date":"2026-04-26T22:07:13","date_gmt":"2026-04-26T22:07:13","guid":{"rendered":"https:\/\/lobosnews.com.ar\/index.php\/2026\/04\/26\/la-despedida-a-adolfo-aristarain-dolores-fonzi-griselda-siciliani-y-el-mundo-artistico-homenajean-al-director-en-las-redes\/"},"modified":"2026-04-27T02:45:41","modified_gmt":"2026-04-27T02:45:41","slug":"la-despedida-a-adolfo-aristarain-dolores-fonzi-griselda-siciliani-y-el-mundo-artistico-homenajean-al-director-en-las-redes","status":"publish","type":"post","link":"https:\/\/lobosnews.com.ar\/index.php\/2026\/04\/26\/la-despedida-a-adolfo-aristarain-dolores-fonzi-griselda-siciliani-y-el-mundo-artistico-homenajean-al-director-en-las-redes\/","title":{"rendered":"La despedida a Adolfo Aristarain: Dolores Fonzi, Griselda Siciliani y el mundo art\u00edstico homenajean al director en las redes"},"content":{"rendered":"<p>La despedida a&nbsp;<span class=\"waslinkname\"><b>Adolfo Aristarain<\/b><\/span>&nbsp;en redes sociales reuni\u00f3 mensajes de actores, cineastas, periodistas y figuras del espect\u00e1culo. Diversos referentes del \u00e1mbito art\u00edstico expresaron tristeza, afecto y reconocimiento hacia el director, quien <span class=\"waslinkname\">muri\u00f3 en Buenos Aires a los 82 a\u00f1os<\/span>. Entre su obras m\u00e1s conocidas se cuentan <b>Un lugar en el mundo, La ley de la frontera <\/b>y&nbsp;<b>Tiempo de revancha<\/b>.&nbsp;<\/p>\n<p><b>Griselda Siciliani<\/b>&nbsp;public\u00f3 en su cuenta de Instagram una fotograf\u00eda de&nbsp;Aristarain&nbsp;trabajando con su c\u00e1mara, acompa\u00f1ada por el mensaje: \u201cAdolfo Aristarain. Gracias\u201d. Adem\u00e1s, comparti\u00f3 una escena de&nbsp;<b>Mart\u00edn (Hache)<\/b>, pel\u00edcula en la que aparece&nbsp;<b>Cecilia Roth<\/b>.<\/p>\n<p><img loading=\"lazy\" decoding=\"async\" src=\"https:\/\/lobosnews.com.ar\/wp-content\/uploads\/2026\/04\/la-despedida-a-adolfo-aristarain-dolores-fonzi-griselda-siciliani-y-el-mundo-artistico-homenajean-al-director-en-las-redes.jpg\" alt=\"\"Gracias\", le dedic\u00f3 Griselda Siciliani al director (Instagram)\" height=\"806\" width=\"511\"\/><\/p>\n<p>La actriz y directora&nbsp;<b>Dolores Fonzi<\/b>&nbsp;tambi\u00e9n manifest\u00f3 su pesar a trav\u00e9s de redes sociales. En su publicaci\u00f3n escribi\u00f3: \u201cQu\u00e9 p\u00e9rdida m\u00e1s grande. QEPD\u201d, junto a un coraz\u00f3n negro.<\/p>\n<p><img loading=\"lazy\" decoding=\"async\" src=\"https:\/\/lobosnews.com.ar\/wp-content\/uploads\/2026\/04\/la-despedida-a-adolfo-aristarain-dolores-fonzi-griselda-siciliani-y-el-mundo-artistico-homenajean-al-director-en-las-redes-1.jpg\" alt=\"La actriz Dolores Fonzi comparti\u00f3 un emotivo mensaje en redes sociales expresando su profundo dolor por el fallecimiento del reconocido director de cine, Adolfo Aristarain.\" height=\"606\" width=\"336\"\/><\/p>\n<p>Desde la&nbsp;<b>Asociaci\u00f3n Argentina de Actores<\/b>&nbsp;se expresaron sobre la partida de&nbsp;<b>Aristarain<\/b>: \u201cDespedimos a Adolfo Aristarain, director, guionista y referente de un cine de fuerte impronta autoral, mirada cr\u00edtica y proyecci\u00f3n internacional. Acompa\u00f1amos a su familia, amistades y a toda la comunidad cinematogr\u00e1fica en este momento de dolor\u201d.<\/p>\n<p><img loading=\"lazy\" decoding=\"async\" src=\"https:\/\/lobosnews.com.ar\/wp-content\/uploads\/2026\/04\/la-despedida-a-adolfo-aristarain-dolores-fonzi-griselda-siciliani-y-el-mundo-artistico-homenajean-al-director-en-las-redes-2.jpg\" alt=\"El mensaje que el historiador Felipe Pigna le dedic\u00f3 al director \" height=\"799\" width=\"559\"\/><\/p>\n<p><b>\u201c\u00a1Hasta siempre, Adolfo Aristarain! Gracias por tanto\u00bb<\/b>, fueron las palabras de<b> Felipe Pigna<\/b> para el autor. <\/p>\n<p>El director, nacido en 1943 en el barrio porte\u00f1o de&nbsp;<b>Parque Chas<\/b>, dej\u00f3 una filmograf\u00eda considerada esencial y fue recientemente distinguido con la&nbsp;<b>Medalla de Oro 2024<\/b>&nbsp;otorgada por la&nbsp;<b>Academia de Cine<\/b>&nbsp;por su papel fundamental en la historia del cine en espa\u00f1ol. Fue el primer director argentino en recibir este reconocimiento, que la Academia justific\u00f3 por su contribuci\u00f3n decisiva al cine argentino y su aporte a la cinematograf\u00eda en espa\u00f1ol. Entre sus distinciones m\u00e1s destacadas figuran el&nbsp;<b>Goya a la Mejor Pel\u00edcula Iberoamericana<\/b>&nbsp;por&nbsp;<b>Un lugar en el mundo<\/b>&nbsp;y el&nbsp;<b>Goya al Mejor Guion Adaptado<\/b>&nbsp;por&nbsp;<b>Lugares comunes<\/b>.<\/p>\n<p><img loading=\"lazy\" decoding=\"async\" src=\"https:\/\/lobosnews.com.ar\/wp-content\/uploads\/2026\/04\/la-despedida-a-adolfo-aristarain-dolores-fonzi-griselda-siciliani-y-el-mundo-artistico-homenajean-al-director-en-las-redes-3.jpg\" alt=\"El mensaje de luto de la Asociaci\u00f3n Argentina de Actores \" height=\"816\" width=\"595\"\/><\/p>\n<p>En el acto de entrega de la Medalla de Oro,&nbsp;<b>Aristarain<\/b>&nbsp;expres\u00f3: \u201cEl cine es un oficio despiadadamente traidor para quien lo ejerce. Aunque uno intente esconder lo que uno es, tarde o temprano el director desnuda su alma sin quererlo en primer plano. El cine que uno hace es lo que uno es\u201d. Su carrera mantiene un v\u00ednculo estrecho con&nbsp;<b>Espa\u00f1a<\/b>, pa\u00eds donde residi\u00f3 siete a\u00f1os y rod\u00f3 varias de sus pel\u00edculas m\u00e1s reconocidas. Trabaj\u00f3 con figuras como&nbsp;<b>Mario Camus<\/b>, de quien fue asistente de direcci\u00f3n y colaborador en guiones, as\u00ed como con directores internacionales como&nbsp;<b>Sergio Leone<\/b>,&nbsp;<b>Lewis Gilbert<\/b>&nbsp;y&nbsp;<b>Gordon Flemyng<\/b>.<\/p>\n<p>El recorrido de&nbsp;<b>Aristarain<\/b>&nbsp;en la industria incluy\u00f3 m\u00faltiples roles: comenz\u00f3 como meritorio, se form\u00f3 como sonidista, montador, ayudante de producci\u00f3n y direcci\u00f3n, e incluso apareci\u00f3 en la pel\u00edcula&nbsp;<b>Dar la cara<\/b>&nbsp;de&nbsp;<b>Jos\u00e9 Mart\u00ednez Su\u00e1rez<\/b>. La colaboraci\u00f3n con su maestro&nbsp;<b>Mario Camus<\/b>&nbsp;y con su guionista&nbsp;<b>Kathy Saavedra<\/b>, a quien atribuy\u00f3 haber evitado la sensibler\u00eda en sus trabajos, marc\u00f3 la profundidad de sus relatos. Se defin\u00eda como un cineasta autodidacta y un apasionado del s\u00e9ptimo arte desde la infancia, influido por directores como&nbsp;<b>John Ford<\/b>&nbsp;y&nbsp;<b>Alfred Hitchcock<\/b>, cuyas huellas son perceptibles en su estilo narrativo.<\/p>\n<p>Entre los artistas m\u00e1s presentes en su obra se destacan&nbsp;<b>Federico Luppi<\/b>,&nbsp;<b>Jos\u00e9 Sacrist\u00e1n<\/b>,&nbsp;<b>Mercedes Sampietro<\/b>,&nbsp;<b>Eusebio Poncela<\/b>,&nbsp;<b>Aitana S\u00e1nchez-Gij\u00f3n<\/b>,&nbsp;<b>Cecilia Roth<\/b>,&nbsp;<b>Juan Diego Botto<\/b>&nbsp;y&nbsp;<b>Sus\u00fa Pecoraro<\/b>. El propio&nbsp;<b>Aristarain<\/b>&nbsp;se\u00f1alaba que sin sus int\u00e9rpretes \u201chubiera sido imposible hacer pel\u00edculas\u201d. Su filmograf\u00eda abarca t\u00edtulos centrales como&nbsp;<b>Tiempo de revancha<\/b>,&nbsp;<b>Un lugar en el mundo<\/b>,&nbsp;<b>La ley de la frontera<\/b>,&nbsp;<b>Mart\u00edn (Hache)<\/b>,&nbsp;<b>Lugares comunes<\/b>&nbsp;y&nbsp;<b>Roma<\/b>, su \u00faltima producci\u00f3n.<\/p>\n","protected":false},"excerpt":{"rendered":"<p>La despedida a&nbsp;Adolfo Aristarain&nbsp;en redes sociales reuni\u00f3 mensajes de actores, cineastas, periodistas y figuras del espect\u00e1culo. Diversos referentes del \u00e1mbito art\u00edstico expresaron tristeza, afecto y reconocimiento hacia el director, quien muri\u00f3 en Buenos Aires a los 82 a\u00f1os. Entre su obras m\u00e1s conocidas se cuentan Un lugar en el mundo, La ley de la frontera&#8230;<\/p>\n","protected":false},"author":1,"featured_media":45898,"comment_status":"open","ping_status":"closed","sticky":false,"template":"","format":"standard","meta":{"_jetpack_memberships_contains_paid_content":false,"footnotes":""},"categories":[79],"tags":[],"class_list":["post-45892","post","type-post","status-publish","format-standard","has-post-thumbnail","hentry","category-cine-y-series"],"magazineBlocksPostFeaturedMedia":{"thumbnail":"https:\/\/lobosnews.com.ar\/wp-content\/uploads\/2026\/04\/la-despedida-a-adolfo-aristarain-dolores-fonzi-griselda-siciliani-y-el-mundo-artistico-homenajean-al-director-en-las-redes-6-150x150.jpg","medium":"https:\/\/lobosnews.com.ar\/wp-content\/uploads\/2026\/04\/la-despedida-a-adolfo-aristarain-dolores-fonzi-griselda-siciliani-y-el-mundo-artistico-homenajean-al-director-en-las-redes-6-219x300.jpg","medium_large":"https:\/\/lobosnews.com.ar\/wp-content\/uploads\/2026\/04\/la-despedida-a-adolfo-aristarain-dolores-fonzi-griselda-siciliani-y-el-mundo-artistico-homenajean-al-director-en-las-redes-6.jpg","large":"https:\/\/lobosnews.com.ar\/wp-content\/uploads\/2026\/04\/la-despedida-a-adolfo-aristarain-dolores-fonzi-griselda-siciliani-y-el-mundo-artistico-homenajean-al-director-en-las-redes-6.jpg","1536x1536":"https:\/\/lobosnews.com.ar\/wp-content\/uploads\/2026\/04\/la-despedida-a-adolfo-aristarain-dolores-fonzi-griselda-siciliani-y-el-mundo-artistico-homenajean-al-director-en-las-redes-6.jpg","2048x2048":"https:\/\/lobosnews.com.ar\/wp-content\/uploads\/2026\/04\/la-despedida-a-adolfo-aristarain-dolores-fonzi-griselda-siciliani-y-el-mundo-artistico-homenajean-al-director-en-las-redes-6.jpg","newsmatic-featured":"https:\/\/lobosnews.com.ar\/wp-content\/uploads\/2026\/04\/la-despedida-a-adolfo-aristarain-dolores-fonzi-griselda-siciliani-y-el-mundo-artistico-homenajean-al-director-en-las-redes-6-595x545.jpg","newsmatic-list":"https:\/\/lobosnews.com.ar\/wp-content\/uploads\/2026\/04\/la-despedida-a-adolfo-aristarain-dolores-fonzi-griselda-siciliani-y-el-mundo-artistico-homenajean-al-director-en-las-redes-6-595x400.jpg","newsmatic-thumb":"https:\/\/lobosnews.com.ar\/wp-content\/uploads\/2026\/04\/la-despedida-a-adolfo-aristarain-dolores-fonzi-griselda-siciliani-y-el-mundo-artistico-homenajean-al-director-en-las-redes-6-300x200.jpg","newsmatic-small":"https:\/\/lobosnews.com.ar\/wp-content\/uploads\/2026\/04\/la-despedida-a-adolfo-aristarain-dolores-fonzi-griselda-siciliani-y-el-mundo-artistico-homenajean-al-director-en-las-redes-6-150x95.jpg","newsmatic-grid":"https:\/\/lobosnews.com.ar\/wp-content\/uploads\/2026\/04\/la-despedida-a-adolfo-aristarain-dolores-fonzi-griselda-siciliani-y-el-mundo-artistico-homenajean-al-director-en-las-redes-6-400x250.jpg"},"magazineBlocksPostAuthor":{"name":"admin","avatar":"https:\/\/secure.gravatar.com\/avatar\/76e419471a2083bc3ceab22a763dbbf9b0c1bd15a6214cf3280e2c2dde4580f9?s=96&d=mm&r=g"},"magazineBlocksPostCommentsNumber":"0","magazineBlocksPostExcerpt":"La despedida a&nbsp;Adolfo Aristarain&nbsp;en redes sociales reuni\u00f3 mensajes de actores, cineastas, periodistas y figuras del espect\u00e1culo. Diversos referentes del \u00e1mbito art\u00edstico expresaron tristeza, afecto y reconocimiento hacia el director, quien muri\u00f3 en Buenos Aires a los 82 a\u00f1os. Entre su obras m\u00e1s conocidas se cuentan Un lugar en el mundo, La ley de la frontera...","magazineBlocksPostCategories":["Cine y Series"],"magazineBlocksPostViewCount":4,"magazineBlocksPostReadTime":4,"magazine_blocks_featured_image_url":{"full":["https:\/\/lobosnews.com.ar\/wp-content\/uploads\/2026\/04\/la-despedida-a-adolfo-aristarain-dolores-fonzi-griselda-siciliani-y-el-mundo-artistico-homenajean-al-director-en-las-redes-6.jpg",595,816,false],"medium":["https:\/\/lobosnews.com.ar\/wp-content\/uploads\/2026\/04\/la-despedida-a-adolfo-aristarain-dolores-fonzi-griselda-siciliani-y-el-mundo-artistico-homenajean-al-director-en-las-redes-6-219x300.jpg",219,300,true],"thumbnail":["https:\/\/lobosnews.com.ar\/wp-content\/uploads\/2026\/04\/la-despedida-a-adolfo-aristarain-dolores-fonzi-griselda-siciliani-y-el-mundo-artistico-homenajean-al-director-en-las-redes-6-150x150.jpg",150,150,true]},"magazine_blocks_author":{"display_name":"admin","author_link":"https:\/\/lobosnews.com.ar\/index.php\/author\/lobos-news\/"},"magazine_blocks_comment":0,"magazine_blocks_author_image":"https:\/\/secure.gravatar.com\/avatar\/76e419471a2083bc3ceab22a763dbbf9b0c1bd15a6214cf3280e2c2dde4580f9?s=96&d=mm&r=g","magazine_blocks_category":"<a href=\"#\" class=\"category-link category-link-79\">Cine y Series<\/a>","yoast_head":"<!-- This site is optimized with the Yoast SEO plugin v26.6 - https:\/\/yoast.com\/wordpress\/plugins\/seo\/ -->\n<title>La despedida a Adolfo Aristarain: Dolores Fonzi, Griselda Siciliani y el mundo art\u00edstico homenajean al director en las redes - Lobos News<\/title>\n<meta name=\"robots\" content=\"index, follow, max-snippet:-1, max-image-preview:large, max-video-preview:-1\" \/>\n<link rel=\"canonical\" href=\"https:\/\/lobosnews.com.ar\/index.php\/2026\/04\/26\/la-despedida-a-adolfo-aristarain-dolores-fonzi-griselda-siciliani-y-el-mundo-artistico-homenajean-al-director-en-las-redes\/\" \/>\n<meta property=\"og:locale\" content=\"es_ES\" \/>\n<meta property=\"og:type\" content=\"article\" \/>\n<meta property=\"og:title\" content=\"La despedida a Adolfo Aristarain: Dolores Fonzi, Griselda Siciliani y el mundo art\u00edstico homenajean al director en las redes - Lobos News\" \/>\n<meta property=\"og:description\" content=\"La despedida a&nbsp;Adolfo Aristarain&nbsp;en redes sociales reuni\u00f3 mensajes de actores, cineastas, periodistas y figuras del espect\u00e1culo. Diversos referentes del \u00e1mbito art\u00edstico expresaron tristeza, afecto y reconocimiento hacia el director, quien muri\u00f3 en Buenos Aires a los 82 a\u00f1os. Entre su obras m\u00e1s conocidas se cuentan Un lugar en el mundo, La ley de la frontera...\" \/>\n<meta property=\"og:url\" content=\"https:\/\/lobosnews.com.ar\/index.php\/2026\/04\/26\/la-despedida-a-adolfo-aristarain-dolores-fonzi-griselda-siciliani-y-el-mundo-artistico-homenajean-al-director-en-las-redes\/\" \/>\n<meta property=\"og:site_name\" content=\"Lobos News\" \/>\n<meta property=\"article:published_time\" content=\"2026-04-26T22:07:13+00:00\" \/>\n<meta property=\"article:modified_time\" content=\"2026-04-27T02:45:41+00:00\" \/>\n<meta property=\"og:image\" content=\"https:\/\/lobosnews.com.ar\/wp-content\/uploads\/2026\/04\/la-despedida-a-adolfo-aristarain-dolores-fonzi-griselda-siciliani-y-el-mundo-artistico-homenajean-al-director-en-las-redes.jpg\" \/>\n<meta name=\"author\" content=\"admin\" \/>\n<meta name=\"twitter:card\" content=\"summary_large_image\" \/>\n<meta name=\"twitter:label1\" content=\"Escrito por\" \/>\n\t<meta name=\"twitter:data1\" content=\"admin\" \/>\n\t<meta name=\"twitter:label2\" content=\"Tiempo de lectura\" \/>\n\t<meta name=\"twitter:data2\" content=\"3 minutos\" \/>\n<script type=\"application\/ld+json\" class=\"yoast-schema-graph\">{\"@context\":\"https:\/\/schema.org\",\"@graph\":[{\"@type\":\"Article\",\"@id\":\"https:\/\/lobosnews.com.ar\/index.php\/2026\/04\/26\/la-despedida-a-adolfo-aristarain-dolores-fonzi-griselda-siciliani-y-el-mundo-artistico-homenajean-al-director-en-las-redes\/#article\",\"isPartOf\":{\"@id\":\"https:\/\/lobosnews.com.ar\/index.php\/2026\/04\/26\/la-despedida-a-adolfo-aristarain-dolores-fonzi-griselda-siciliani-y-el-mundo-artistico-homenajean-al-director-en-las-redes\/\"},\"author\":{\"name\":\"admin\",\"@id\":\"https:\/\/lobosnews.com.ar\/#\/schema\/person\/232422a593d5c541dd9aef6aaed10943\"},\"headline\":\"La despedida a Adolfo Aristarain: Dolores Fonzi, Griselda Siciliani y el mundo art\u00edstico homenajean al director en las redes\",\"datePublished\":\"2026-04-26T22:07:13+00:00\",\"dateModified\":\"2026-04-27T02:45:41+00:00\",\"mainEntityOfPage\":{\"@id\":\"https:\/\/lobosnews.com.ar\/index.php\/2026\/04\/26\/la-despedida-a-adolfo-aristarain-dolores-fonzi-griselda-siciliani-y-el-mundo-artistico-homenajean-al-director-en-las-redes\/\"},\"wordCount\":700,\"commentCount\":0,\"publisher\":{\"@id\":\"https:\/\/lobosnews.com.ar\/#organization\"},\"image\":{\"@id\":\"https:\/\/lobosnews.com.ar\/index.php\/2026\/04\/26\/la-despedida-a-adolfo-aristarain-dolores-fonzi-griselda-siciliani-y-el-mundo-artistico-homenajean-al-director-en-las-redes\/#primaryimage\"},\"thumbnailUrl\":\"https:\/\/lobosnews.com.ar\/wp-content\/uploads\/2026\/04\/la-despedida-a-adolfo-aristarain-dolores-fonzi-griselda-siciliani-y-el-mundo-artistico-homenajean-al-director-en-las-redes-6.jpg\",\"articleSection\":[\"Cine y Series\"],\"inLanguage\":\"es\",\"potentialAction\":[{\"@type\":\"CommentAction\",\"name\":\"Comment\",\"target\":[\"https:\/\/lobosnews.com.ar\/index.php\/2026\/04\/26\/la-despedida-a-adolfo-aristarain-dolores-fonzi-griselda-siciliani-y-el-mundo-artistico-homenajean-al-director-en-las-redes\/#respond\"]}]},{\"@type\":\"WebPage\",\"@id\":\"https:\/\/lobosnews.com.ar\/index.php\/2026\/04\/26\/la-despedida-a-adolfo-aristarain-dolores-fonzi-griselda-siciliani-y-el-mundo-artistico-homenajean-al-director-en-las-redes\/\",\"url\":\"https:\/\/lobosnews.com.ar\/index.php\/2026\/04\/26\/la-despedida-a-adolfo-aristarain-dolores-fonzi-griselda-siciliani-y-el-mundo-artistico-homenajean-al-director-en-las-redes\/\",\"name\":\"La despedida a Adolfo Aristarain: Dolores Fonzi, Griselda Siciliani y el mundo art\u00edstico homenajean al director en las redes - Lobos News\",\"isPartOf\":{\"@id\":\"https:\/\/lobosnews.com.ar\/#website\"},\"primaryImageOfPage\":{\"@id\":\"https:\/\/lobosnews.com.ar\/index.php\/2026\/04\/26\/la-despedida-a-adolfo-aristarain-dolores-fonzi-griselda-siciliani-y-el-mundo-artistico-homenajean-al-director-en-las-redes\/#primaryimage\"},\"image\":{\"@id\":\"https:\/\/lobosnews.com.ar\/index.php\/2026\/04\/26\/la-despedida-a-adolfo-aristarain-dolores-fonzi-griselda-siciliani-y-el-mundo-artistico-homenajean-al-director-en-las-redes\/#primaryimage\"},\"thumbnailUrl\":\"https:\/\/lobosnews.com.ar\/wp-content\/uploads\/2026\/04\/la-despedida-a-adolfo-aristarain-dolores-fonzi-griselda-siciliani-y-el-mundo-artistico-homenajean-al-director-en-las-redes-6.jpg\",\"datePublished\":\"2026-04-26T22:07:13+00:00\",\"dateModified\":\"2026-04-27T02:45:41+00:00\",\"breadcrumb\":{\"@id\":\"https:\/\/lobosnews.com.ar\/index.php\/2026\/04\/26\/la-despedida-a-adolfo-aristarain-dolores-fonzi-griselda-siciliani-y-el-mundo-artistico-homenajean-al-director-en-las-redes\/#breadcrumb\"},\"inLanguage\":\"es\",\"potentialAction\":[{\"@type\":\"ReadAction\",\"target\":[\"https:\/\/lobosnews.com.ar\/index.php\/2026\/04\/26\/la-despedida-a-adolfo-aristarain-dolores-fonzi-griselda-siciliani-y-el-mundo-artistico-homenajean-al-director-en-las-redes\/\"]}]},{\"@type\":\"ImageObject\",\"inLanguage\":\"es\",\"@id\":\"https:\/\/lobosnews.com.ar\/index.php\/2026\/04\/26\/la-despedida-a-adolfo-aristarain-dolores-fonzi-griselda-siciliani-y-el-mundo-artistico-homenajean-al-director-en-las-redes\/#primaryimage\",\"url\":\"https:\/\/lobosnews.com.ar\/wp-content\/uploads\/2026\/04\/la-despedida-a-adolfo-aristarain-dolores-fonzi-griselda-siciliani-y-el-mundo-artistico-homenajean-al-director-en-las-redes-6.jpg\",\"contentUrl\":\"https:\/\/lobosnews.com.ar\/wp-content\/uploads\/2026\/04\/la-despedida-a-adolfo-aristarain-dolores-fonzi-griselda-siciliani-y-el-mundo-artistico-homenajean-al-director-en-las-redes-6.jpg\",\"width\":595,\"height\":816,\"caption\":\"La despedida a Adolfo Aristarain: Dolores Fonzi, Griselda Siciliani y el mundo art\u00edstico homenajean al director en las redes\"},{\"@type\":\"BreadcrumbList\",\"@id\":\"https:\/\/lobosnews.com.ar\/index.php\/2026\/04\/26\/la-despedida-a-adolfo-aristarain-dolores-fonzi-griselda-siciliani-y-el-mundo-artistico-homenajean-al-director-en-las-redes\/#breadcrumb\",\"itemListElement\":[{\"@type\":\"ListItem\",\"position\":1,\"name\":\"Portada\",\"item\":\"https:\/\/lobosnews.com.ar\/\"},{\"@type\":\"ListItem\",\"position\":2,\"name\":\"La despedida a Adolfo Aristarain: Dolores Fonzi, Griselda Siciliani y el mundo art\u00edstico homenajean al director en las redes\"}]},{\"@type\":\"WebSite\",\"@id\":\"https:\/\/lobosnews.com.ar\/#website\",\"url\":\"https:\/\/lobosnews.com.ar\/\",\"name\":\"Lobos News\",\"description\":\"Informaci\u00f3n a cada instante\",\"publisher\":{\"@id\":\"https:\/\/lobosnews.com.ar\/#organization\"},\"potentialAction\":[{\"@type\":\"SearchAction\",\"target\":{\"@type\":\"EntryPoint\",\"urlTemplate\":\"https:\/\/lobosnews.com.ar\/?s={search_term_string}\"},\"query-input\":{\"@type\":\"PropertyValueSpecification\",\"valueRequired\":true,\"valueName\":\"search_term_string\"}}],\"inLanguage\":\"es\"},{\"@type\":\"Organization\",\"@id\":\"https:\/\/lobosnews.com.ar\/#organization\",\"name\":\"Lobos News\",\"url\":\"https:\/\/lobosnews.com.ar\/\",\"logo\":{\"@type\":\"ImageObject\",\"inLanguage\":\"es\",\"@id\":\"https:\/\/lobosnews.com.ar\/#\/schema\/logo\/image\/\",\"url\":\"https:\/\/lobosnews.com.ar\/wp-content\/uploads\/2026\/01\/logo-lobosnews.png\",\"contentUrl\":\"https:\/\/lobosnews.com.ar\/wp-content\/uploads\/2026\/01\/logo-lobosnews.png\",\"width\":500,\"height\":200,\"caption\":\"Lobos News\"},\"image\":{\"@id\":\"https:\/\/lobosnews.com.ar\/#\/schema\/logo\/image\/\"}},{\"@type\":\"Person\",\"@id\":\"https:\/\/lobosnews.com.ar\/#\/schema\/person\/232422a593d5c541dd9aef6aaed10943\",\"name\":\"admin\",\"image\":{\"@type\":\"ImageObject\",\"inLanguage\":\"es\",\"@id\":\"https:\/\/lobosnews.com.ar\/#\/schema\/person\/image\/\",\"url\":\"https:\/\/secure.gravatar.com\/avatar\/76e419471a2083bc3ceab22a763dbbf9b0c1bd15a6214cf3280e2c2dde4580f9?s=96&d=mm&r=g\",\"contentUrl\":\"https:\/\/secure.gravatar.com\/avatar\/76e419471a2083bc3ceab22a763dbbf9b0c1bd15a6214cf3280e2c2dde4580f9?s=96&d=mm&r=g\",\"caption\":\"admin\"},\"sameAs\":[\"https:\/\/lobosnews.com.ar\"],\"url\":\"https:\/\/lobosnews.com.ar\/index.php\/author\/lobos-news\/\"}]}<\/script>\n<!-- \/ Yoast SEO plugin. -->","yoast_head_json":{"title":"La despedida a Adolfo Aristarain: Dolores Fonzi, Griselda Siciliani y el mundo art\u00edstico homenajean al director en las redes - Lobos News","robots":{"index":"index","follow":"follow","max-snippet":"max-snippet:-1","max-image-preview":"max-image-preview:large","max-video-preview":"max-video-preview:-1"},"canonical":"https:\/\/lobosnews.com.ar\/index.php\/2026\/04\/26\/la-despedida-a-adolfo-aristarain-dolores-fonzi-griselda-siciliani-y-el-mundo-artistico-homenajean-al-director-en-las-redes\/","og_locale":"es_ES","og_type":"article","og_title":"La despedida a Adolfo Aristarain: Dolores Fonzi, Griselda Siciliani y el mundo art\u00edstico homenajean al director en las redes - Lobos News","og_description":"La despedida a&nbsp;Adolfo Aristarain&nbsp;en redes sociales reuni\u00f3 mensajes de actores, cineastas, periodistas y figuras del espect\u00e1culo. Diversos referentes del \u00e1mbito art\u00edstico expresaron tristeza, afecto y reconocimiento hacia el director, quien muri\u00f3 en Buenos Aires a los 82 a\u00f1os. Entre su obras m\u00e1s conocidas se cuentan Un lugar en el mundo, La ley de la frontera...","og_url":"https:\/\/lobosnews.com.ar\/index.php\/2026\/04\/26\/la-despedida-a-adolfo-aristarain-dolores-fonzi-griselda-siciliani-y-el-mundo-artistico-homenajean-al-director-en-las-redes\/","og_site_name":"Lobos News","article_published_time":"2026-04-26T22:07:13+00:00","article_modified_time":"2026-04-27T02:45:41+00:00","og_image":[{"url":"https:\/\/lobosnews.com.ar\/wp-content\/uploads\/2026\/04\/la-despedida-a-adolfo-aristarain-dolores-fonzi-griselda-siciliani-y-el-mundo-artistico-homenajean-al-director-en-las-redes.jpg","type":"","width":"","height":""}],"author":"admin","twitter_card":"summary_large_image","twitter_misc":{"Escrito por":"admin","Tiempo de lectura":"3 minutos"},"schema":{"@context":"https:\/\/schema.org","@graph":[{"@type":"Article","@id":"https:\/\/lobosnews.com.ar\/index.php\/2026\/04\/26\/la-despedida-a-adolfo-aristarain-dolores-fonzi-griselda-siciliani-y-el-mundo-artistico-homenajean-al-director-en-las-redes\/#article","isPartOf":{"@id":"https:\/\/lobosnews.com.ar\/index.php\/2026\/04\/26\/la-despedida-a-adolfo-aristarain-dolores-fonzi-griselda-siciliani-y-el-mundo-artistico-homenajean-al-director-en-las-redes\/"},"author":{"name":"admin","@id":"https:\/\/lobosnews.com.ar\/#\/schema\/person\/232422a593d5c541dd9aef6aaed10943"},"headline":"La despedida a Adolfo Aristarain: Dolores Fonzi, Griselda Siciliani y el mundo art\u00edstico homenajean al director en las redes","datePublished":"2026-04-26T22:07:13+00:00","dateModified":"2026-04-27T02:45:41+00:00","mainEntityOfPage":{"@id":"https:\/\/lobosnews.com.ar\/index.php\/2026\/04\/26\/la-despedida-a-adolfo-aristarain-dolores-fonzi-griselda-siciliani-y-el-mundo-artistico-homenajean-al-director-en-las-redes\/"},"wordCount":700,"commentCount":0,"publisher":{"@id":"https:\/\/lobosnews.com.ar\/#organization"},"image":{"@id":"https:\/\/lobosnews.com.ar\/index.php\/2026\/04\/26\/la-despedida-a-adolfo-aristarain-dolores-fonzi-griselda-siciliani-y-el-mundo-artistico-homenajean-al-director-en-las-redes\/#primaryimage"},"thumbnailUrl":"https:\/\/lobosnews.com.ar\/wp-content\/uploads\/2026\/04\/la-despedida-a-adolfo-aristarain-dolores-fonzi-griselda-siciliani-y-el-mundo-artistico-homenajean-al-director-en-las-redes-6.jpg","articleSection":["Cine y Series"],"inLanguage":"es","potentialAction":[{"@type":"CommentAction","name":"Comment","target":["https:\/\/lobosnews.com.ar\/index.php\/2026\/04\/26\/la-despedida-a-adolfo-aristarain-dolores-fonzi-griselda-siciliani-y-el-mundo-artistico-homenajean-al-director-en-las-redes\/#respond"]}]},{"@type":"WebPage","@id":"https:\/\/lobosnews.com.ar\/index.php\/2026\/04\/26\/la-despedida-a-adolfo-aristarain-dolores-fonzi-griselda-siciliani-y-el-mundo-artistico-homenajean-al-director-en-las-redes\/","url":"https:\/\/lobosnews.com.ar\/index.php\/2026\/04\/26\/la-despedida-a-adolfo-aristarain-dolores-fonzi-griselda-siciliani-y-el-mundo-artistico-homenajean-al-director-en-las-redes\/","name":"La despedida a Adolfo Aristarain: Dolores Fonzi, Griselda Siciliani y el mundo art\u00edstico homenajean al director en las redes - Lobos News","isPartOf":{"@id":"https:\/\/lobosnews.com.ar\/#website"},"primaryImageOfPage":{"@id":"https:\/\/lobosnews.com.ar\/index.php\/2026\/04\/26\/la-despedida-a-adolfo-aristarain-dolores-fonzi-griselda-siciliani-y-el-mundo-artistico-homenajean-al-director-en-las-redes\/#primaryimage"},"image":{"@id":"https:\/\/lobosnews.com.ar\/index.php\/2026\/04\/26\/la-despedida-a-adolfo-aristarain-dolores-fonzi-griselda-siciliani-y-el-mundo-artistico-homenajean-al-director-en-las-redes\/#primaryimage"},"thumbnailUrl":"https:\/\/lobosnews.com.ar\/wp-content\/uploads\/2026\/04\/la-despedida-a-adolfo-aristarain-dolores-fonzi-griselda-siciliani-y-el-mundo-artistico-homenajean-al-director-en-las-redes-6.jpg","datePublished":"2026-04-26T22:07:13+00:00","dateModified":"2026-04-27T02:45:41+00:00","breadcrumb":{"@id":"https:\/\/lobosnews.com.ar\/index.php\/2026\/04\/26\/la-despedida-a-adolfo-aristarain-dolores-fonzi-griselda-siciliani-y-el-mundo-artistico-homenajean-al-director-en-las-redes\/#breadcrumb"},"inLanguage":"es","potentialAction":[{"@type":"ReadAction","target":["https:\/\/lobosnews.com.ar\/index.php\/2026\/04\/26\/la-despedida-a-adolfo-aristarain-dolores-fonzi-griselda-siciliani-y-el-mundo-artistico-homenajean-al-director-en-las-redes\/"]}]},{"@type":"ImageObject","inLanguage":"es","@id":"https:\/\/lobosnews.com.ar\/index.php\/2026\/04\/26\/la-despedida-a-adolfo-aristarain-dolores-fonzi-griselda-siciliani-y-el-mundo-artistico-homenajean-al-director-en-las-redes\/#primaryimage","url":"https:\/\/lobosnews.com.ar\/wp-content\/uploads\/2026\/04\/la-despedida-a-adolfo-aristarain-dolores-fonzi-griselda-siciliani-y-el-mundo-artistico-homenajean-al-director-en-las-redes-6.jpg","contentUrl":"https:\/\/lobosnews.com.ar\/wp-content\/uploads\/2026\/04\/la-despedida-a-adolfo-aristarain-dolores-fonzi-griselda-siciliani-y-el-mundo-artistico-homenajean-al-director-en-las-redes-6.jpg","width":595,"height":816,"caption":"La despedida a Adolfo Aristarain: Dolores Fonzi, Griselda Siciliani y el mundo art\u00edstico homenajean al director en las redes"},{"@type":"BreadcrumbList","@id":"https:\/\/lobosnews.com.ar\/index.php\/2026\/04\/26\/la-despedida-a-adolfo-aristarain-dolores-fonzi-griselda-siciliani-y-el-mundo-artistico-homenajean-al-director-en-las-redes\/#breadcrumb","itemListElement":[{"@type":"ListItem","position":1,"name":"Portada","item":"https:\/\/lobosnews.com.ar\/"},{"@type":"ListItem","position":2,"name":"La despedida a Adolfo Aristarain: Dolores Fonzi, Griselda Siciliani y el mundo art\u00edstico homenajean al director en las redes"}]},{"@type":"WebSite","@id":"https:\/\/lobosnews.com.ar\/#website","url":"https:\/\/lobosnews.com.ar\/","name":"Lobos News","description":"Informaci\u00f3n a cada instante","publisher":{"@id":"https:\/\/lobosnews.com.ar\/#organization"},"potentialAction":[{"@type":"SearchAction","target":{"@type":"EntryPoint","urlTemplate":"https:\/\/lobosnews.com.ar\/?s={search_term_string}"},"query-input":{"@type":"PropertyValueSpecification","valueRequired":true,"valueName":"search_term_string"}}],"inLanguage":"es"},{"@type":"Organization","@id":"https:\/\/lobosnews.com.ar\/#organization","name":"Lobos News","url":"https:\/\/lobosnews.com.ar\/","logo":{"@type":"ImageObject","inLanguage":"es","@id":"https:\/\/lobosnews.com.ar\/#\/schema\/logo\/image\/","url":"https:\/\/lobosnews.com.ar\/wp-content\/uploads\/2026\/01\/logo-lobosnews.png","contentUrl":"https:\/\/lobosnews.com.ar\/wp-content\/uploads\/2026\/01\/logo-lobosnews.png","width":500,"height":200,"caption":"Lobos News"},"image":{"@id":"https:\/\/lobosnews.com.ar\/#\/schema\/logo\/image\/"}},{"@type":"Person","@id":"https:\/\/lobosnews.com.ar\/#\/schema\/person\/232422a593d5c541dd9aef6aaed10943","name":"admin","image":{"@type":"ImageObject","inLanguage":"es","@id":"https:\/\/lobosnews.com.ar\/#\/schema\/person\/image\/","url":"https:\/\/secure.gravatar.com\/avatar\/76e419471a2083bc3ceab22a763dbbf9b0c1bd15a6214cf3280e2c2dde4580f9?s=96&d=mm&r=g","contentUrl":"https:\/\/secure.gravatar.com\/avatar\/76e419471a2083bc3ceab22a763dbbf9b0c1bd15a6214cf3280e2c2dde4580f9?s=96&d=mm&r=g","caption":"admin"},"sameAs":["https:\/\/lobosnews.com.ar"],"url":"https:\/\/lobosnews.com.ar\/index.php\/author\/lobos-news\/"}]}},"jetpack_featured_media_url":"https:\/\/lobosnews.com.ar\/wp-content\/uploads\/2026\/04\/la-despedida-a-adolfo-aristarain-dolores-fonzi-griselda-siciliani-y-el-mundo-artistico-homenajean-al-director-en-las-redes-6.jpg","jetpack_sharing_enabled":true,"_links":{"self":[{"href":"https:\/\/lobosnews.com.ar\/index.php\/wp-json\/wp\/v2\/posts\/45892","targetHints":{"allow":["GET"]}}],"collection":[{"href":"https:\/\/lobosnews.com.ar\/index.php\/wp-json\/wp\/v2\/posts"}],"about":[{"href":"https:\/\/lobosnews.com.ar\/index.php\/wp-json\/wp\/v2\/types\/post"}],"author":[{"embeddable":true,"href":"https:\/\/lobosnews.com.ar\/index.php\/wp-json\/wp\/v2\/users\/1"}],"replies":[{"embeddable":true,"href":"https:\/\/lobosnews.com.ar\/index.php\/wp-json\/wp\/v2\/comments?post=45892"}],"version-history":[{"count":1,"href":"https:\/\/lobosnews.com.ar\/index.php\/wp-json\/wp\/v2\/posts\/45892\/revisions"}],"predecessor-version":[{"id":45897,"href":"https:\/\/lobosnews.com.ar\/index.php\/wp-json\/wp\/v2\/posts\/45892\/revisions\/45897"}],"wp:featuredmedia":[{"embeddable":true,"href":"https:\/\/lobosnews.com.ar\/index.php\/wp-json\/wp\/v2\/media\/45898"}],"wp:attachment":[{"href":"https:\/\/lobosnews.com.ar\/index.php\/wp-json\/wp\/v2\/media?parent=45892"}],"wp:term":[{"taxonomy":"category","embeddable":true,"href":"https:\/\/lobosnews.com.ar\/index.php\/wp-json\/wp\/v2\/categories?post=45892"},{"taxonomy":"post_tag","embeddable":true,"href":"https:\/\/lobosnews.com.ar\/index.php\/wp-json\/wp\/v2\/tags?post=45892"}],"curies":[{"name":"wp","href":"https:\/\/api.w.org\/{rel}","templated":true}]}}