{"id":45877,"date":"2026-04-27T00:13:34","date_gmt":"2026-04-27T00:13:34","guid":{"rendered":"https:\/\/lobosnews.com.ar\/index.php\/2026\/04\/27\/la-espectacular-fiesta-de-15-de-allegra-cubero-el-album-de-fotos-de-la-noche\/"},"modified":"2026-04-27T02:45:34","modified_gmt":"2026-04-27T02:45:34","slug":"la-espectacular-fiesta-de-15-de-allegra-cubero-el-album-de-fotos-de-la-noche","status":"publish","type":"post","link":"https:\/\/lobosnews.com.ar\/index.php\/2026\/04\/27\/la-espectacular-fiesta-de-15-de-allegra-cubero-el-album-de-fotos-de-la-noche\/","title":{"rendered":"La espectacular fiesta de 15 de Allegra Cubero: el \u00e1lbum de fotos de la noche"},"content":{"rendered":"<p><img loading=\"lazy\" decoding=\"async\" src=\"https:\/\/lobosnews.com.ar\/wp-content\/uploads\/2026\/04\/la-espectacular-fiesta-de-15-de-allegra-cubero-el-album-de-fotos-de-la-noche.jpg\" alt=\"La fiesta de 15 de Allegra Cubero se realiz\u00f3 el viernes por la noche con el c\u00edrculo m\u00e1s cercano de la familia (Instagram)\" height=\"718\" width=\"1080\"\/><\/p>\n<p><span class=\"waslinkname\">La fiesta de 15<\/span> de <span class=\"waslinkname\"><b>Allegra Cubero<\/b><\/span>, la hija de <span class=\"waslinkname\"><b>Fabi\u00e1n Cubero<\/b> <\/span>y <b>Nicole Neumann<\/b>, no solo fue una celebraci\u00f3n repleta de emoci\u00f3n y detalles, sino tambi\u00e9n el epicentro de una de las pol\u00e9micas familiares m\u00e1s comentadas del a\u00f1o. La pelea entre Nicole y su expareja por ver quien celebraba la fiesta y luego el hecho que <span class=\"waslinkname\">prefiri\u00f3 no asistir al evento<\/span>, gener\u00f3 semanas de rumores, especulaciones y debate en los medios sobre el v\u00ednculo con su hija, pero puertas adentro del sal\u00f3n de Olivos, la familia ensamblada prioriz\u00f3 la alegr\u00eda, la contenci\u00f3n y la importancia de acompa\u00f1ar a Allegra en el paso simb\u00f3lico de la adolescencia.<\/p>\n<p>Lo que se vivi\u00f3 adentro contrast\u00f3 con el ruido externo. Allegra estuvo rodeada por su pap\u00e1, Fabi\u00e1n, y por <span class=\"waslinkname\"><b>Mica Viciconte<\/b><\/span>, quien se ocup\u00f3 de la organizaci\u00f3n y la log\u00edstica, y por sus hermanos <b>Indiana<\/b>, <b>Sienna<\/b> y el peque\u00f1o <b>Luca<\/b>, adem\u00e1s de la abuela paterna y un nutrido grupo de amigos. La celebraci\u00f3n se distingui\u00f3 desde el inicio por la calidez, la participaci\u00f3n familiar y la atenci\u00f3n a cada detalle, desde la ambientaci\u00f3n moderna con pantallas LED y efectos de pirotecnia fr\u00eda hasta la gastronom\u00eda en vivo y los rincones tem\u00e1ticos que invitaron a grandes y chicos a sumarse al festejo.<\/p>\n<p><img loading=\"lazy\" decoding=\"async\" src=\"https:\/\/lobosnews.com.ar\/wp-content\/uploads\/2026\/04\/la-espectacular-fiesta-de-15-de-allegra-cubero-el-album-de-fotos-de-la-noche-1.jpg\" alt=\"Allegra tuvo tres cambios de look a lo largo de toda la fiesta \" height=\"1440\" width=\"1080\"\/><img loading=\"lazy\" decoding=\"async\" src=\"https:\/\/lobosnews.com.ar\/wp-content\/uploads\/2026\/04\/la-espectacular-fiesta-de-15-de-allegra-cubero-el-album-de-fotos-de-la-noche-2.jpg\" alt=\"El momento \"campeones el mundo\" no falt\u00f3 en el festejo \" height=\"1439\" width=\"1080\"\/><img loading=\"lazy\" decoding=\"async\" src=\"https:\/\/lobosnews.com.ar\/wp-content\/uploads\/2026\/04\/la-espectacular-fiesta-de-15-de-allegra-cubero-el-album-de-fotos-de-la-noche-3.jpg\" alt=\"Mica eligi\u00f3 un vestido strapless de color azul Francia para la fiesta de 15 y Fabi\u00e1n apost\u00f3 por un traje en el mismo tono de azul \" height=\"1439\" width=\"1080\"\/><\/p>\n<p>La noche tuvo momentos de ternura y complicidad familiar, como el vals de Allegra y Fabi\u00e1n en el centro de la pista, el ingreso de la homenajeada de la mano de Luca entre luces y ovaciones, y los instantes previos de preparaci\u00f3n compartidos entre las hermanas y Mica, todas luciendo batas de raso blanco y disfrutando la intimidad del <i>backstage<\/i>. El clima l\u00fadico se mantuvo con la estaci\u00f3n de <i>glitter<\/i>, donde los m\u00e1s chicos y los grandes se sumaron al brillo y el maquillaje creativo, y continu\u00f3 con los disfraces y el cotill\u00f3n: sombreros, lentes, accesorios y una sucesi\u00f3n de personajes que subieron al escenario para sumar humor y desparpajo a la noche.<\/p>\n<p>La pista de baile fue otro de los grandes escenarios de la fiesta. Fabi\u00e1n Cubero, relajado y feliz, bail\u00f3 rodeado de sus seres queridos, mientras Allegra, con cada cambio de look \u2014incluyendo un tercer outfit de body blanco y falda de tul bordada en canutillos\u2014 marcaba tendencia y se mov\u00eda con libertad entre amigos y familiares. La complicidad entre Mica, Luca y Fabi\u00e1n se reflej\u00f3 en cada gesto, desde los juegos en la pista hasta las fotos grupales bajo la lluvia de papelitos y el confeti que cubr\u00eda el sal\u00f3n.<\/p>\n<p><img loading=\"lazy\" decoding=\"async\" src=\"https:\/\/lobosnews.com.ar\/wp-content\/uploads\/2026\/04\/la-espectacular-fiesta-de-15-de-allegra-cubero-el-album-de-fotos-de-la-noche-4.jpg\" alt=\"En medio de la celebraci\u00f3n hubo un stand de glitter para todos los invitados\" height=\"720\" width=\"1080\"\/><img loading=\"lazy\" decoding=\"async\" src=\"https:\/\/lobosnews.com.ar\/wp-content\/uploads\/2026\/04\/la-espectacular-fiesta-de-15-de-allegra-cubero-el-album-de-fotos-de-la-noche-5.jpg\" alt=\"El tercer look de la noche fue un body de color blanco con una tela transparente bordada\" height=\"720\" width=\"1080\"\/><img loading=\"lazy\" decoding=\"async\" src=\"https:\/\/lobosnews.com.ar\/wp-content\/uploads\/2026\/04\/la-espectacular-fiesta-de-15-de-allegra-cubero-el-album-de-fotos-de-la-noche-6.jpg\" alt=\"Allegra, Fabi\u00e1n y el peque\u00f1o Luca, hijo de Cubero y Viciconte\" height=\"1440\" width=\"1080\"\/><img loading=\"lazy\" decoding=\"async\" src=\"https:\/\/lobosnews.com.ar\/wp-content\/uploads\/2026\/04\/la-espectacular-fiesta-de-15-de-allegra-cubero-el-album-de-fotos-de-la-noche-7.jpg\" alt=\"Fabi\u00e1n se anim\u00f3 a salir disfrazado de gladiador para entretener a los invitados \" height=\"719\" width=\"1080\"\/><\/p>\n<p>La m\u00fasica en vivo, la presencia de una violinista que anim\u00f3 a los invitados, el disfrute de la gastronom\u00eda y la interacci\u00f3n constante entre generaciones convirtieron la fiesta en un verdadero club nocturno familiar, donde los adultos y los adolescentes compartieron el protagonismo en todo momento. El \u201cpogo\u201d adolescente, el cotill\u00f3n, los abrazos y las risas espont\u00e1neas en la pista cerraron el \u00e1lbum de recuerdos de una noche pensada, ante todo, para disfrutar y unir.<\/p>\n<p>Antes de la fiesta, la novena foto muestra la intimidad y la preparaci\u00f3n: Mica, Sienna, Allegra e Indiana posan juntas en batas de raso blanco, anticipando la emoci\u00f3n y la complicidad familiar en el backstage del evento. Cada foto es el testimonio de una fiesta pensada para disfrutar, unir y celebrar los peque\u00f1os y grandes momentos con quienes m\u00e1s importan, en una familia que supo dejar atr\u00e1s las diferencias para acompa\u00f1ar a Allegra en su paso a una nueva etapa de la vida.<\/p>\n<p><img loading=\"lazy\" decoding=\"async\" src=\"https:\/\/lobosnews.com.ar\/wp-content\/uploads\/2026\/04\/la-espectacular-fiesta-de-15-de-allegra-cubero-el-album-de-fotos-de-la-noche-8.jpg\" alt=\"Luca, el m\u00e1s peque\u00f1o de la familia, goz\u00f3 a pleno de la celebraci\u00f3n en honor a su hermana \" height=\"719\" width=\"1080\"\/><img loading=\"lazy\" decoding=\"async\" src=\"https:\/\/lobosnews.com.ar\/wp-content\/uploads\/2026\/04\/la-espectacular-fiesta-de-15-de-allegra-cubero-el-album-de-fotos-de-la-noche-9.jpg\" alt=\"La tierna foto de los hermanos luego de entrar de la mano a la fiesta \" height=\"1440\" width=\"1080\"\/><img loading=\"lazy\" decoding=\"async\" src=\"https:\/\/lobosnews.com.ar\/wp-content\/uploads\/2026\/04\/la-espectacular-fiesta-de-15-de-allegra-cubero-el-album-de-fotos-de-la-noche-10.jpg\" alt=\"Mica, Indiana y Allegra decidieron ir en la misma gama de color \" height=\"1439\" width=\"1080\"\/><img loading=\"lazy\" decoding=\"async\" src=\"https:\/\/lobosnews.com.ar\/wp-content\/uploads\/2026\/04\/la-espectacular-fiesta-de-15-de-allegra-cubero-el-album-de-fotos-de-la-noche-11.jpg\" alt=\"Desde temprano hicieron de esta fiesta una experiencia con batas personalizadas para la previa (Instagram)\" height=\"719\" width=\"1080\"\/><\/p>\n<p>Al final, la imagen grupal de Allegra con sus amigos y seres queridos, todos sonrientes y abrazados, resume el esp\u00edritu del evento: una fiesta inolvidable, donde el amor, la alegr\u00eda y la familia fueron los verdaderos protagonistas. <\/p>\n<p>M\u00e1s all\u00e1 de la pol\u00e9mica medi\u00e1tica, la celebraci\u00f3n fue un testimonio de la fortaleza y la capacidad de recomposici\u00f3n de una familia que eligi\u00f3 dejar atr\u00e1s las diferencias para acompa\u00f1ar a Allegra en el inicio de una nueva etapa. La noche de sus 15 qued\u00f3 grabada como un ejemplo de modernidad, emoci\u00f3n y autenticidad, en la que lo m\u00e1s importante fue la felicidad compartida y el valor de los momentos vividos juntos.<\/p>\n","protected":false},"excerpt":{"rendered":"<p>La fiesta de 15 de Allegra Cubero, la hija de Fabi\u00e1n Cubero y Nicole Neumann, no solo fue una celebraci\u00f3n repleta de emoci\u00f3n y detalles, sino tambi\u00e9n el epicentro de una de las pol\u00e9micas familiares m\u00e1s comentadas del a\u00f1o. La pelea entre Nicole y su expareja por ver quien celebraba la fiesta y luego el&#8230;<\/p>\n","protected":false},"author":1,"featured_media":45891,"comment_status":"open","ping_status":"closed","sticky":false,"template":"","format":"standard","meta":{"_jetpack_memberships_contains_paid_content":false,"footnotes":""},"categories":[79],"tags":[],"class_list":["post-45877","post","type-post","status-publish","format-standard","has-post-thumbnail","hentry","category-cine-y-series"],"magazineBlocksPostFeaturedMedia":{"thumbnail":"https:\/\/lobosnews.com.ar\/wp-content\/uploads\/2026\/04\/la-espectacular-fiesta-de-15-de-allegra-cubero-el-album-de-fotos-de-la-noche-22-150x150.jpg","medium":"https:\/\/lobosnews.com.ar\/wp-content\/uploads\/2026\/04\/la-espectacular-fiesta-de-15-de-allegra-cubero-el-album-de-fotos-de-la-noche-22-300x200.jpg","medium_large":"https:\/\/lobosnews.com.ar\/wp-content\/uploads\/2026\/04\/la-espectacular-fiesta-de-15-de-allegra-cubero-el-album-de-fotos-de-la-noche-22-768x511.jpg","large":"https:\/\/lobosnews.com.ar\/wp-content\/uploads\/2026\/04\/la-espectacular-fiesta-de-15-de-allegra-cubero-el-album-de-fotos-de-la-noche-22-1024x682.jpg","1536x1536":"https:\/\/lobosnews.com.ar\/wp-content\/uploads\/2026\/04\/la-espectacular-fiesta-de-15-de-allegra-cubero-el-album-de-fotos-de-la-noche-22.jpg","2048x2048":"https:\/\/lobosnews.com.ar\/wp-content\/uploads\/2026\/04\/la-espectacular-fiesta-de-15-de-allegra-cubero-el-album-de-fotos-de-la-noche-22.jpg","newsmatic-featured":"https:\/\/lobosnews.com.ar\/wp-content\/uploads\/2026\/04\/la-espectacular-fiesta-de-15-de-allegra-cubero-el-album-de-fotos-de-la-noche-22-820x545.jpg","newsmatic-list":"https:\/\/lobosnews.com.ar\/wp-content\/uploads\/2026\/04\/la-espectacular-fiesta-de-15-de-allegra-cubero-el-album-de-fotos-de-la-noche-22-600x400.jpg","newsmatic-thumb":"https:\/\/lobosnews.com.ar\/wp-content\/uploads\/2026\/04\/la-espectacular-fiesta-de-15-de-allegra-cubero-el-album-de-fotos-de-la-noche-22-300x200.jpg","newsmatic-small":"https:\/\/lobosnews.com.ar\/wp-content\/uploads\/2026\/04\/la-espectacular-fiesta-de-15-de-allegra-cubero-el-album-de-fotos-de-la-noche-22-150x95.jpg","newsmatic-grid":"https:\/\/lobosnews.com.ar\/wp-content\/uploads\/2026\/04\/la-espectacular-fiesta-de-15-de-allegra-cubero-el-album-de-fotos-de-la-noche-22-400x250.jpg"},"magazineBlocksPostAuthor":{"name":"admin","avatar":"https:\/\/secure.gravatar.com\/avatar\/76e419471a2083bc3ceab22a763dbbf9b0c1bd15a6214cf3280e2c2dde4580f9?s=96&d=mm&r=g"},"magazineBlocksPostCommentsNumber":"0","magazineBlocksPostExcerpt":"La fiesta de 15 de Allegra Cubero, la hija de Fabi\u00e1n Cubero y Nicole Neumann, no solo fue una celebraci\u00f3n repleta de emoci\u00f3n y detalles, sino tambi\u00e9n el epicentro de una de las pol\u00e9micas familiares m\u00e1s comentadas del a\u00f1o. La pelea entre Nicole y su expareja por ver quien celebraba la fiesta y luego el...","magazineBlocksPostCategories":["Cine y Series"],"magazineBlocksPostViewCount":4,"magazineBlocksPostReadTime":4,"magazine_blocks_featured_image_url":{"full":["https:\/\/lobosnews.com.ar\/wp-content\/uploads\/2026\/04\/la-espectacular-fiesta-de-15-de-allegra-cubero-el-album-de-fotos-de-la-noche-22.jpg",1080,719,false],"medium":["https:\/\/lobosnews.com.ar\/wp-content\/uploads\/2026\/04\/la-espectacular-fiesta-de-15-de-allegra-cubero-el-album-de-fotos-de-la-noche-22-300x200.jpg",300,200,true],"thumbnail":["https:\/\/lobosnews.com.ar\/wp-content\/uploads\/2026\/04\/la-espectacular-fiesta-de-15-de-allegra-cubero-el-album-de-fotos-de-la-noche-22-150x150.jpg",150,150,true]},"magazine_blocks_author":{"display_name":"admin","author_link":"https:\/\/lobosnews.com.ar\/index.php\/author\/lobos-news\/"},"magazine_blocks_comment":0,"magazine_blocks_author_image":"https:\/\/secure.gravatar.com\/avatar\/76e419471a2083bc3ceab22a763dbbf9b0c1bd15a6214cf3280e2c2dde4580f9?s=96&d=mm&r=g","magazine_blocks_category":"<a href=\"#\" class=\"category-link category-link-79\">Cine y Series<\/a>","yoast_head":"<!-- This site is optimized with the Yoast SEO plugin v26.6 - https:\/\/yoast.com\/wordpress\/plugins\/seo\/ -->\n<title>La espectacular fiesta de 15 de Allegra Cubero: el \u00e1lbum de fotos de la noche - Lobos News<\/title>\n<meta name=\"robots\" content=\"index, follow, max-snippet:-1, max-image-preview:large, max-video-preview:-1\" \/>\n<link rel=\"canonical\" href=\"https:\/\/lobosnews.com.ar\/index.php\/2026\/04\/27\/la-espectacular-fiesta-de-15-de-allegra-cubero-el-album-de-fotos-de-la-noche\/\" \/>\n<meta property=\"og:locale\" content=\"es_ES\" \/>\n<meta property=\"og:type\" content=\"article\" \/>\n<meta property=\"og:title\" content=\"La espectacular fiesta de 15 de Allegra Cubero: el \u00e1lbum de fotos de la noche - Lobos News\" \/>\n<meta property=\"og:description\" content=\"La fiesta de 15 de Allegra Cubero, la hija de Fabi\u00e1n Cubero y Nicole Neumann, no solo fue una celebraci\u00f3n repleta de emoci\u00f3n y detalles, sino tambi\u00e9n el epicentro de una de las pol\u00e9micas familiares m\u00e1s comentadas del a\u00f1o. La pelea entre Nicole y su expareja por ver quien celebraba la fiesta y luego el...\" \/>\n<meta property=\"og:url\" content=\"https:\/\/lobosnews.com.ar\/index.php\/2026\/04\/27\/la-espectacular-fiesta-de-15-de-allegra-cubero-el-album-de-fotos-de-la-noche\/\" \/>\n<meta property=\"og:site_name\" content=\"Lobos News\" \/>\n<meta property=\"article:published_time\" content=\"2026-04-27T00:13:34+00:00\" \/>\n<meta property=\"article:modified_time\" content=\"2026-04-27T02:45:34+00:00\" \/>\n<meta property=\"og:image\" content=\"https:\/\/lobosnews.com.ar\/wp-content\/uploads\/2026\/04\/la-espectacular-fiesta-de-15-de-allegra-cubero-el-album-de-fotos-de-la-noche.jpg\" \/>\n<meta name=\"author\" content=\"admin\" \/>\n<meta name=\"twitter:card\" content=\"summary_large_image\" \/>\n<meta name=\"twitter:label1\" content=\"Escrito por\" \/>\n\t<meta name=\"twitter:data1\" content=\"admin\" \/>\n\t<meta name=\"twitter:label2\" content=\"Tiempo de lectura\" \/>\n\t<meta name=\"twitter:data2\" content=\"4 minutos\" \/>\n<script type=\"application\/ld+json\" class=\"yoast-schema-graph\">{\"@context\":\"https:\/\/schema.org\",\"@graph\":[{\"@type\":\"Article\",\"@id\":\"https:\/\/lobosnews.com.ar\/index.php\/2026\/04\/27\/la-espectacular-fiesta-de-15-de-allegra-cubero-el-album-de-fotos-de-la-noche\/#article\",\"isPartOf\":{\"@id\":\"https:\/\/lobosnews.com.ar\/index.php\/2026\/04\/27\/la-espectacular-fiesta-de-15-de-allegra-cubero-el-album-de-fotos-de-la-noche\/\"},\"author\":{\"name\":\"admin\",\"@id\":\"https:\/\/lobosnews.com.ar\/#\/schema\/person\/232422a593d5c541dd9aef6aaed10943\"},\"headline\":\"La espectacular fiesta de 15 de Allegra Cubero: el \u00e1lbum de fotos de la noche\",\"datePublished\":\"2026-04-27T00:13:34+00:00\",\"dateModified\":\"2026-04-27T02:45:34+00:00\",\"mainEntityOfPage\":{\"@id\":\"https:\/\/lobosnews.com.ar\/index.php\/2026\/04\/27\/la-espectacular-fiesta-de-15-de-allegra-cubero-el-album-de-fotos-de-la-noche\/\"},\"wordCount\":749,\"commentCount\":0,\"publisher\":{\"@id\":\"https:\/\/lobosnews.com.ar\/#organization\"},\"image\":{\"@id\":\"https:\/\/lobosnews.com.ar\/index.php\/2026\/04\/27\/la-espectacular-fiesta-de-15-de-allegra-cubero-el-album-de-fotos-de-la-noche\/#primaryimage\"},\"thumbnailUrl\":\"https:\/\/lobosnews.com.ar\/wp-content\/uploads\/2026\/04\/la-espectacular-fiesta-de-15-de-allegra-cubero-el-album-de-fotos-de-la-noche-22.jpg\",\"articleSection\":[\"Cine y Series\"],\"inLanguage\":\"es\",\"potentialAction\":[{\"@type\":\"CommentAction\",\"name\":\"Comment\",\"target\":[\"https:\/\/lobosnews.com.ar\/index.php\/2026\/04\/27\/la-espectacular-fiesta-de-15-de-allegra-cubero-el-album-de-fotos-de-la-noche\/#respond\"]}]},{\"@type\":\"WebPage\",\"@id\":\"https:\/\/lobosnews.com.ar\/index.php\/2026\/04\/27\/la-espectacular-fiesta-de-15-de-allegra-cubero-el-album-de-fotos-de-la-noche\/\",\"url\":\"https:\/\/lobosnews.com.ar\/index.php\/2026\/04\/27\/la-espectacular-fiesta-de-15-de-allegra-cubero-el-album-de-fotos-de-la-noche\/\",\"name\":\"La espectacular fiesta de 15 de Allegra Cubero: el \u00e1lbum de fotos de la noche - Lobos News\",\"isPartOf\":{\"@id\":\"https:\/\/lobosnews.com.ar\/#website\"},\"primaryImageOfPage\":{\"@id\":\"https:\/\/lobosnews.com.ar\/index.php\/2026\/04\/27\/la-espectacular-fiesta-de-15-de-allegra-cubero-el-album-de-fotos-de-la-noche\/#primaryimage\"},\"image\":{\"@id\":\"https:\/\/lobosnews.com.ar\/index.php\/2026\/04\/27\/la-espectacular-fiesta-de-15-de-allegra-cubero-el-album-de-fotos-de-la-noche\/#primaryimage\"},\"thumbnailUrl\":\"https:\/\/lobosnews.com.ar\/wp-content\/uploads\/2026\/04\/la-espectacular-fiesta-de-15-de-allegra-cubero-el-album-de-fotos-de-la-noche-22.jpg\",\"datePublished\":\"2026-04-27T00:13:34+00:00\",\"dateModified\":\"2026-04-27T02:45:34+00:00\",\"breadcrumb\":{\"@id\":\"https:\/\/lobosnews.com.ar\/index.php\/2026\/04\/27\/la-espectacular-fiesta-de-15-de-allegra-cubero-el-album-de-fotos-de-la-noche\/#breadcrumb\"},\"inLanguage\":\"es\",\"potentialAction\":[{\"@type\":\"ReadAction\",\"target\":[\"https:\/\/lobosnews.com.ar\/index.php\/2026\/04\/27\/la-espectacular-fiesta-de-15-de-allegra-cubero-el-album-de-fotos-de-la-noche\/\"]}]},{\"@type\":\"ImageObject\",\"inLanguage\":\"es\",\"@id\":\"https:\/\/lobosnews.com.ar\/index.php\/2026\/04\/27\/la-espectacular-fiesta-de-15-de-allegra-cubero-el-album-de-fotos-de-la-noche\/#primaryimage\",\"url\":\"https:\/\/lobosnews.com.ar\/wp-content\/uploads\/2026\/04\/la-espectacular-fiesta-de-15-de-allegra-cubero-el-album-de-fotos-de-la-noche-22.jpg\",\"contentUrl\":\"https:\/\/lobosnews.com.ar\/wp-content\/uploads\/2026\/04\/la-espectacular-fiesta-de-15-de-allegra-cubero-el-album-de-fotos-de-la-noche-22.jpg\",\"width\":1080,\"height\":719,\"caption\":\"La espectacular fiesta de 15 de Allegra Cubero: el \u00e1lbum de fotos de la noche\"},{\"@type\":\"BreadcrumbList\",\"@id\":\"https:\/\/lobosnews.com.ar\/index.php\/2026\/04\/27\/la-espectacular-fiesta-de-15-de-allegra-cubero-el-album-de-fotos-de-la-noche\/#breadcrumb\",\"itemListElement\":[{\"@type\":\"ListItem\",\"position\":1,\"name\":\"Portada\",\"item\":\"https:\/\/lobosnews.com.ar\/\"},{\"@type\":\"ListItem\",\"position\":2,\"name\":\"La espectacular fiesta de 15 de Allegra Cubero: el \u00e1lbum de fotos de la noche\"}]},{\"@type\":\"WebSite\",\"@id\":\"https:\/\/lobosnews.com.ar\/#website\",\"url\":\"https:\/\/lobosnews.com.ar\/\",\"name\":\"Lobos News\",\"description\":\"Informaci\u00f3n a cada instante\",\"publisher\":{\"@id\":\"https:\/\/lobosnews.com.ar\/#organization\"},\"potentialAction\":[{\"@type\":\"SearchAction\",\"target\":{\"@type\":\"EntryPoint\",\"urlTemplate\":\"https:\/\/lobosnews.com.ar\/?s={search_term_string}\"},\"query-input\":{\"@type\":\"PropertyValueSpecification\",\"valueRequired\":true,\"valueName\":\"search_term_string\"}}],\"inLanguage\":\"es\"},{\"@type\":\"Organization\",\"@id\":\"https:\/\/lobosnews.com.ar\/#organization\",\"name\":\"Lobos News\",\"url\":\"https:\/\/lobosnews.com.ar\/\",\"logo\":{\"@type\":\"ImageObject\",\"inLanguage\":\"es\",\"@id\":\"https:\/\/lobosnews.com.ar\/#\/schema\/logo\/image\/\",\"url\":\"https:\/\/lobosnews.com.ar\/wp-content\/uploads\/2026\/01\/logo-lobosnews.png\",\"contentUrl\":\"https:\/\/lobosnews.com.ar\/wp-content\/uploads\/2026\/01\/logo-lobosnews.png\",\"width\":500,\"height\":200,\"caption\":\"Lobos News\"},\"image\":{\"@id\":\"https:\/\/lobosnews.com.ar\/#\/schema\/logo\/image\/\"}},{\"@type\":\"Person\",\"@id\":\"https:\/\/lobosnews.com.ar\/#\/schema\/person\/232422a593d5c541dd9aef6aaed10943\",\"name\":\"admin\",\"image\":{\"@type\":\"ImageObject\",\"inLanguage\":\"es\",\"@id\":\"https:\/\/lobosnews.com.ar\/#\/schema\/person\/image\/\",\"url\":\"https:\/\/secure.gravatar.com\/avatar\/76e419471a2083bc3ceab22a763dbbf9b0c1bd15a6214cf3280e2c2dde4580f9?s=96&d=mm&r=g\",\"contentUrl\":\"https:\/\/secure.gravatar.com\/avatar\/76e419471a2083bc3ceab22a763dbbf9b0c1bd15a6214cf3280e2c2dde4580f9?s=96&d=mm&r=g\",\"caption\":\"admin\"},\"sameAs\":[\"https:\/\/lobosnews.com.ar\"],\"url\":\"https:\/\/lobosnews.com.ar\/index.php\/author\/lobos-news\/\"}]}<\/script>\n<!-- \/ Yoast SEO plugin. -->","yoast_head_json":{"title":"La espectacular fiesta de 15 de Allegra Cubero: el \u00e1lbum de fotos de la noche - Lobos News","robots":{"index":"index","follow":"follow","max-snippet":"max-snippet:-1","max-image-preview":"max-image-preview:large","max-video-preview":"max-video-preview:-1"},"canonical":"https:\/\/lobosnews.com.ar\/index.php\/2026\/04\/27\/la-espectacular-fiesta-de-15-de-allegra-cubero-el-album-de-fotos-de-la-noche\/","og_locale":"es_ES","og_type":"article","og_title":"La espectacular fiesta de 15 de Allegra Cubero: el \u00e1lbum de fotos de la noche - Lobos News","og_description":"La fiesta de 15 de Allegra Cubero, la hija de Fabi\u00e1n Cubero y Nicole Neumann, no solo fue una celebraci\u00f3n repleta de emoci\u00f3n y detalles, sino tambi\u00e9n el epicentro de una de las pol\u00e9micas familiares m\u00e1s comentadas del a\u00f1o. La pelea entre Nicole y su expareja por ver quien celebraba la fiesta y luego el...","og_url":"https:\/\/lobosnews.com.ar\/index.php\/2026\/04\/27\/la-espectacular-fiesta-de-15-de-allegra-cubero-el-album-de-fotos-de-la-noche\/","og_site_name":"Lobos News","article_published_time":"2026-04-27T00:13:34+00:00","article_modified_time":"2026-04-27T02:45:34+00:00","og_image":[{"url":"https:\/\/lobosnews.com.ar\/wp-content\/uploads\/2026\/04\/la-espectacular-fiesta-de-15-de-allegra-cubero-el-album-de-fotos-de-la-noche.jpg","type":"","width":"","height":""}],"author":"admin","twitter_card":"summary_large_image","twitter_misc":{"Escrito por":"admin","Tiempo de lectura":"4 minutos"},"schema":{"@context":"https:\/\/schema.org","@graph":[{"@type":"Article","@id":"https:\/\/lobosnews.com.ar\/index.php\/2026\/04\/27\/la-espectacular-fiesta-de-15-de-allegra-cubero-el-album-de-fotos-de-la-noche\/#article","isPartOf":{"@id":"https:\/\/lobosnews.com.ar\/index.php\/2026\/04\/27\/la-espectacular-fiesta-de-15-de-allegra-cubero-el-album-de-fotos-de-la-noche\/"},"author":{"name":"admin","@id":"https:\/\/lobosnews.com.ar\/#\/schema\/person\/232422a593d5c541dd9aef6aaed10943"},"headline":"La espectacular fiesta de 15 de Allegra Cubero: el \u00e1lbum de fotos de la noche","datePublished":"2026-04-27T00:13:34+00:00","dateModified":"2026-04-27T02:45:34+00:00","mainEntityOfPage":{"@id":"https:\/\/lobosnews.com.ar\/index.php\/2026\/04\/27\/la-espectacular-fiesta-de-15-de-allegra-cubero-el-album-de-fotos-de-la-noche\/"},"wordCount":749,"commentCount":0,"publisher":{"@id":"https:\/\/lobosnews.com.ar\/#organization"},"image":{"@id":"https:\/\/lobosnews.com.ar\/index.php\/2026\/04\/27\/la-espectacular-fiesta-de-15-de-allegra-cubero-el-album-de-fotos-de-la-noche\/#primaryimage"},"thumbnailUrl":"https:\/\/lobosnews.com.ar\/wp-content\/uploads\/2026\/04\/la-espectacular-fiesta-de-15-de-allegra-cubero-el-album-de-fotos-de-la-noche-22.jpg","articleSection":["Cine y Series"],"inLanguage":"es","potentialAction":[{"@type":"CommentAction","name":"Comment","target":["https:\/\/lobosnews.com.ar\/index.php\/2026\/04\/27\/la-espectacular-fiesta-de-15-de-allegra-cubero-el-album-de-fotos-de-la-noche\/#respond"]}]},{"@type":"WebPage","@id":"https:\/\/lobosnews.com.ar\/index.php\/2026\/04\/27\/la-espectacular-fiesta-de-15-de-allegra-cubero-el-album-de-fotos-de-la-noche\/","url":"https:\/\/lobosnews.com.ar\/index.php\/2026\/04\/27\/la-espectacular-fiesta-de-15-de-allegra-cubero-el-album-de-fotos-de-la-noche\/","name":"La espectacular fiesta de 15 de Allegra Cubero: el \u00e1lbum de fotos de la noche - Lobos News","isPartOf":{"@id":"https:\/\/lobosnews.com.ar\/#website"},"primaryImageOfPage":{"@id":"https:\/\/lobosnews.com.ar\/index.php\/2026\/04\/27\/la-espectacular-fiesta-de-15-de-allegra-cubero-el-album-de-fotos-de-la-noche\/#primaryimage"},"image":{"@id":"https:\/\/lobosnews.com.ar\/index.php\/2026\/04\/27\/la-espectacular-fiesta-de-15-de-allegra-cubero-el-album-de-fotos-de-la-noche\/#primaryimage"},"thumbnailUrl":"https:\/\/lobosnews.com.ar\/wp-content\/uploads\/2026\/04\/la-espectacular-fiesta-de-15-de-allegra-cubero-el-album-de-fotos-de-la-noche-22.jpg","datePublished":"2026-04-27T00:13:34+00:00","dateModified":"2026-04-27T02:45:34+00:00","breadcrumb":{"@id":"https:\/\/lobosnews.com.ar\/index.php\/2026\/04\/27\/la-espectacular-fiesta-de-15-de-allegra-cubero-el-album-de-fotos-de-la-noche\/#breadcrumb"},"inLanguage":"es","potentialAction":[{"@type":"ReadAction","target":["https:\/\/lobosnews.com.ar\/index.php\/2026\/04\/27\/la-espectacular-fiesta-de-15-de-allegra-cubero-el-album-de-fotos-de-la-noche\/"]}]},{"@type":"ImageObject","inLanguage":"es","@id":"https:\/\/lobosnews.com.ar\/index.php\/2026\/04\/27\/la-espectacular-fiesta-de-15-de-allegra-cubero-el-album-de-fotos-de-la-noche\/#primaryimage","url":"https:\/\/lobosnews.com.ar\/wp-content\/uploads\/2026\/04\/la-espectacular-fiesta-de-15-de-allegra-cubero-el-album-de-fotos-de-la-noche-22.jpg","contentUrl":"https:\/\/lobosnews.com.ar\/wp-content\/uploads\/2026\/04\/la-espectacular-fiesta-de-15-de-allegra-cubero-el-album-de-fotos-de-la-noche-22.jpg","width":1080,"height":719,"caption":"La espectacular fiesta de 15 de Allegra Cubero: el \u00e1lbum de fotos de la noche"},{"@type":"BreadcrumbList","@id":"https:\/\/lobosnews.com.ar\/index.php\/2026\/04\/27\/la-espectacular-fiesta-de-15-de-allegra-cubero-el-album-de-fotos-de-la-noche\/#breadcrumb","itemListElement":[{"@type":"ListItem","position":1,"name":"Portada","item":"https:\/\/lobosnews.com.ar\/"},{"@type":"ListItem","position":2,"name":"La espectacular fiesta de 15 de Allegra Cubero: el \u00e1lbum de fotos de la noche"}]},{"@type":"WebSite","@id":"https:\/\/lobosnews.com.ar\/#website","url":"https:\/\/lobosnews.com.ar\/","name":"Lobos News","description":"Informaci\u00f3n a cada instante","publisher":{"@id":"https:\/\/lobosnews.com.ar\/#organization"},"potentialAction":[{"@type":"SearchAction","target":{"@type":"EntryPoint","urlTemplate":"https:\/\/lobosnews.com.ar\/?s={search_term_string}"},"query-input":{"@type":"PropertyValueSpecification","valueRequired":true,"valueName":"search_term_string"}}],"inLanguage":"es"},{"@type":"Organization","@id":"https:\/\/lobosnews.com.ar\/#organization","name":"Lobos News","url":"https:\/\/lobosnews.com.ar\/","logo":{"@type":"ImageObject","inLanguage":"es","@id":"https:\/\/lobosnews.com.ar\/#\/schema\/logo\/image\/","url":"https:\/\/lobosnews.com.ar\/wp-content\/uploads\/2026\/01\/logo-lobosnews.png","contentUrl":"https:\/\/lobosnews.com.ar\/wp-content\/uploads\/2026\/01\/logo-lobosnews.png","width":500,"height":200,"caption":"Lobos News"},"image":{"@id":"https:\/\/lobosnews.com.ar\/#\/schema\/logo\/image\/"}},{"@type":"Person","@id":"https:\/\/lobosnews.com.ar\/#\/schema\/person\/232422a593d5c541dd9aef6aaed10943","name":"admin","image":{"@type":"ImageObject","inLanguage":"es","@id":"https:\/\/lobosnews.com.ar\/#\/schema\/person\/image\/","url":"https:\/\/secure.gravatar.com\/avatar\/76e419471a2083bc3ceab22a763dbbf9b0c1bd15a6214cf3280e2c2dde4580f9?s=96&d=mm&r=g","contentUrl":"https:\/\/secure.gravatar.com\/avatar\/76e419471a2083bc3ceab22a763dbbf9b0c1bd15a6214cf3280e2c2dde4580f9?s=96&d=mm&r=g","caption":"admin"},"sameAs":["https:\/\/lobosnews.com.ar"],"url":"https:\/\/lobosnews.com.ar\/index.php\/author\/lobos-news\/"}]}},"jetpack_featured_media_url":"https:\/\/lobosnews.com.ar\/wp-content\/uploads\/2026\/04\/la-espectacular-fiesta-de-15-de-allegra-cubero-el-album-de-fotos-de-la-noche-22.jpg","jetpack_sharing_enabled":true,"_links":{"self":[{"href":"https:\/\/lobosnews.com.ar\/index.php\/wp-json\/wp\/v2\/posts\/45877","targetHints":{"allow":["GET"]}}],"collection":[{"href":"https:\/\/lobosnews.com.ar\/index.php\/wp-json\/wp\/v2\/posts"}],"about":[{"href":"https:\/\/lobosnews.com.ar\/index.php\/wp-json\/wp\/v2\/types\/post"}],"author":[{"embeddable":true,"href":"https:\/\/lobosnews.com.ar\/index.php\/wp-json\/wp\/v2\/users\/1"}],"replies":[{"embeddable":true,"href":"https:\/\/lobosnews.com.ar\/index.php\/wp-json\/wp\/v2\/comments?post=45877"}],"version-history":[{"count":1,"href":"https:\/\/lobosnews.com.ar\/index.php\/wp-json\/wp\/v2\/posts\/45877\/revisions"}],"predecessor-version":[{"id":45890,"href":"https:\/\/lobosnews.com.ar\/index.php\/wp-json\/wp\/v2\/posts\/45877\/revisions\/45890"}],"wp:featuredmedia":[{"embeddable":true,"href":"https:\/\/lobosnews.com.ar\/index.php\/wp-json\/wp\/v2\/media\/45891"}],"wp:attachment":[{"href":"https:\/\/lobosnews.com.ar\/index.php\/wp-json\/wp\/v2\/media?parent=45877"}],"wp:term":[{"taxonomy":"category","embeddable":true,"href":"https:\/\/lobosnews.com.ar\/index.php\/wp-json\/wp\/v2\/categories?post=45877"},{"taxonomy":"post_tag","embeddable":true,"href":"https:\/\/lobosnews.com.ar\/index.php\/wp-json\/wp\/v2\/tags?post=45877"}],"curies":[{"name":"wp","href":"https:\/\/api.w.org\/{rel}","templated":true}]}}