{"id":45868,"date":"2026-04-27T00:18:04","date_gmt":"2026-04-27T00:18:04","guid":{"rendered":"https:\/\/lobosnews.com.ar\/index.php\/2026\/04\/27\/todo-listo-para-los-premios-martin-fierro-de-la-moda-2026\/"},"modified":"2026-04-27T02:45:16","modified_gmt":"2026-04-27T02:45:16","slug":"todo-listo-para-los-premios-martin-fierro-de-la-moda-2026","status":"publish","type":"post","link":"https:\/\/lobosnews.com.ar\/index.php\/2026\/04\/27\/todo-listo-para-los-premios-martin-fierro-de-la-moda-2026\/","title":{"rendered":"Todo listo para los Premios Mart\u00edn Fierro de la Moda 2026"},"content":{"rendered":"<p><img fetchpriority=\"high\" decoding=\"async\" src=\"https:\/\/lobosnews.com.ar\/wp-content\/uploads\/2026\/04\/todo-listo-para-los-premios-martin-fierro-de-la-moda-2026.jpg\" alt=\"La ceremonia principal ser\u00e1 conducida por Valeria Mazza e Iv\u00e1n de Pineda \" height=\"1080\" width=\"1920\"\/><\/p>\n<h3>Pampita, la reina de la alfombra roja <\/h3>\n<p><img loading=\"lazy\" decoding=\"async\" src=\"https:\/\/lobosnews.com.ar\/wp-content\/uploads\/2026\/04\/todo-listo-para-los-premios-martin-fierro-de-la-moda-2026-1.jpg\" alt=\"Pampita lleg\u00f3 a la alfombra roja con un vestido Polka-Dot de Carolina Herrera (Prensa Telefe)\" height=\"1279\" width=\"1920\"\/><\/p>\n<p><b>Pampita<\/b> deslumbr\u00f3 en la alfombra de los Mart\u00edn Fierro de la Moda de este a\u00f1o con un look que rindi\u00f3 homenaje al glamour cl\u00e1sico y al mismo tiempo marc\u00f3 tendencia. Para la ocasi\u00f3n, eligi\u00f3 un imponente vestido de <b>Carolina Herrera<\/b>: un modelo<i> strapless <\/i>blanco, largo y de silueta sirena, decorado con lunares negros y detalles de volados en la parte inferior, que aportaron volumen y sofisticaci\u00f3n. El dise\u00f1o evoc\u00f3 el esp\u00edritu de la alta costura internacional y la reafirm\u00f3 como referente de estilo.<\/p>\n<p><img loading=\"lazy\" decoding=\"async\" src=\"https:\/\/lobosnews.com.ar\/wp-content\/uploads\/2026\/04\/todo-listo-para-los-premios-martin-fierro-de-la-moda-2026-2.jpg\" alt=\"Como todos los a\u00f1os, Carolina se llev\u00f3 todas las miradas con su incre\u00edble look (Maximiliano Luna)\" height=\"1920\" width=\"1409\"\/><\/p>\n<p>Adem\u00e1s del imponente vestido, Pampita sorprendi\u00f3 estrenando un nuevo color de pelo. Luci\u00f3 un tono casta\u00f1o oscuro y brillante, peinado con ondas suaves y raya al costado, que realz\u00f3 a\u00fan m\u00e1s sus rasgos y su elegancia natural. El maquillaje, en tonos <i>nude<\/i> y con un delineado sutil, complet\u00f3 un look sobrio y luminoso, ideal para una de las grandes protagonistas de la noche. Con su presencia, Pampita volvi\u00f3 a demostrar por qu\u00e9 es una de las favoritas en las galas de la moda argentina.<\/p>\n<p>\/tendencias\/2026\/04\/26\/martin-fierro-de-la-moda-2026-los-looks-de-las-celebridades-en-la-ceremonia\/<\/p>\n<h3>El impactante look de Marta Fort con gui\u00f1os a Ricardo <\/h3>\n<p><img loading=\"lazy\" decoding=\"async\" src=\"https:\/\/lobosnews.com.ar\/wp-content\/uploads\/2026\/04\/todo-listo-para-los-premios-martin-fierro-de-la-moda-2026-3.jpg\" alt=\"Marta eligi\u00f3 un look de Claudia Arce y eligi\u00f3 sumar algunas joyas de Ricardo, su pap\u00e1 (Instagram\/Samuel Ganem)\" height=\"1280\" width=\"853\"\/><\/p>\n<p><span class=\"waslinkname\"><b>Marta Fort<\/b><\/span><b> <\/b>deslumbr\u00f3 en la tercera edici\u00f3n de los <b>Mart\u00edn Fierro de la Moda 2026 <\/b>con un look que fusion\u00f3 glamour cl\u00e1sico, audacia moderna y un homenaje profundamente personal. Para la ocasi\u00f3n, eligi\u00f3 un vestido de silueta sirena creado por <b>Claudia Arce<\/b>, confeccionado en crep\u00e9 suizo e \u00edntegramente bordado a mano en cristales. La pieza se destac\u00f3 por su imponente falda que culmina en una cola de tul de seda, enriquecida con capas de tules troquelados que aportan volumen, movimiento y una textura de alto impacto visual.<\/p>\n<p>El dise\u00f1o no solo captur\u00f3 la atenci\u00f3n por su sofisticaci\u00f3n y trabajo artesanal, sino tambi\u00e9n por el significado detr\u00e1s de sus detalles. Inspirado en el legado de su padre, el recordado Ricardo Fort, el vestido incorpora dos crucifijos originales de uno de los rosarios de Ricardo, delicadamente engarzados en el centro del bordado, tanto en el frente como en la espalda. Fort lleg\u00f3 a bordo del m\u00edtico Rolls-Royce de su pap\u00e1, haciendo del homenaje algo m\u00e1s elevado.<\/p>\n<p><img loading=\"lazy\" decoding=\"async\" src=\"https:\/\/lobosnews.com.ar\/wp-content\/uploads\/2026\/04\/todo-listo-para-los-premios-martin-fierro-de-la-moda-2026-4.jpg\" alt=\"El make up que eligi\u00f3 Fort junto a su equipo \" height=\"959\" width=\"1280\"\/><img loading=\"lazy\" decoding=\"async\" src=\"https:\/\/lobosnews.com.ar\/wp-content\/uploads\/2026\/04\/todo-listo-para-los-premios-martin-fierro-de-la-moda-2026-5.jpg\" alt=\"El resto de las joyas que eligi\u00f3 la influencer fueron de Swarovski \" height=\"1280\" width=\"853\"\/><\/p>\n<p>El look se complet\u00f3 con un peinado recogido alto, pulido y moderno, que estuvo a manos de <b>Cristian Rey<\/b> y un maquillaje luminoso que realz\u00f3 los rasgos de Marta y acompa\u00f1\u00f3 la elegancia de la silueta realizado por <b>Lautaro Eros Ferrante<\/b>. Posando en distintos rincones, desde escenarios minimalistas hasta sillones aterciopelados, Marta reafirm\u00f3 su lugar como referente de la nueva generaci\u00f3n fashionista, apostando a la alta costura nacional y a una est\u00e9tica que conjuga lo cl\u00e1sico, lo audaz y lo emotivo en cada detalle.<\/p>\n<p>\/teleshow\/2026\/04\/10\/florencia-de-la-v-agradecio-su-nominacion-al-martin-fierro-de-la-moda-2026-mas-de-500-looks-utilice\/<\/p>\n<p>\/tendencias\/2026\/04\/24\/la-gran-noche-del-glamour-en-argentina-nominados-y-jurados-palpitan-los-martin-fierro-de-la-moda-2026\/<\/p>\n<p>\/tendencias\/2026\/04\/26\/llegan-los-martin-fierro-de-la-moda-una-noche-de-premiaciones-homenajes-y-sorpresas\/<\/p>\n","protected":false},"excerpt":{"rendered":"<p>Pampita, la reina de la alfombra roja Pampita deslumbr\u00f3 en la alfombra de los Mart\u00edn Fierro de la Moda de este a\u00f1o con un look que rindi\u00f3 homenaje al glamour cl\u00e1sico y al mismo tiempo marc\u00f3 tendencia. Para la ocasi\u00f3n, eligi\u00f3 un imponente vestido de Carolina Herrera: un modelo strapless blanco, largo y de silueta&#8230;<\/p>\n","protected":false},"author":1,"featured_media":45876,"comment_status":"open","ping_status":"closed","sticky":false,"template":"","format":"standard","meta":{"_jetpack_memberships_contains_paid_content":false,"footnotes":""},"categories":[79],"tags":[],"class_list":["post-45868","post","type-post","status-publish","format-standard","has-post-thumbnail","hentry","category-cine-y-series"],"magazineBlocksPostFeaturedMedia":{"thumbnail":"https:\/\/lobosnews.com.ar\/wp-content\/uploads\/2026\/04\/todo-listo-para-los-premios-martin-fierro-de-la-moda-2026-10-150x150.jpg","medium":"https:\/\/lobosnews.com.ar\/wp-content\/uploads\/2026\/04\/todo-listo-para-los-premios-martin-fierro-de-la-moda-2026-10-200x300.jpg","medium_large":"https:\/\/lobosnews.com.ar\/wp-content\/uploads\/2026\/04\/todo-listo-para-los-premios-martin-fierro-de-la-moda-2026-10-768x1152.jpg","large":"https:\/\/lobosnews.com.ar\/wp-content\/uploads\/2026\/04\/todo-listo-para-los-premios-martin-fierro-de-la-moda-2026-10-682x1024.jpg","1536x1536":"https:\/\/lobosnews.com.ar\/wp-content\/uploads\/2026\/04\/todo-listo-para-los-premios-martin-fierro-de-la-moda-2026-10.jpg","2048x2048":"https:\/\/lobosnews.com.ar\/wp-content\/uploads\/2026\/04\/todo-listo-para-los-premios-martin-fierro-de-la-moda-2026-10.jpg","newsmatic-featured":"https:\/\/lobosnews.com.ar\/wp-content\/uploads\/2026\/04\/todo-listo-para-los-premios-martin-fierro-de-la-moda-2026-10-820x545.jpg","newsmatic-list":"https:\/\/lobosnews.com.ar\/wp-content\/uploads\/2026\/04\/todo-listo-para-los-premios-martin-fierro-de-la-moda-2026-10-600x400.jpg","newsmatic-thumb":"https:\/\/lobosnews.com.ar\/wp-content\/uploads\/2026\/04\/todo-listo-para-los-premios-martin-fierro-de-la-moda-2026-10-300x200.jpg","newsmatic-small":"https:\/\/lobosnews.com.ar\/wp-content\/uploads\/2026\/04\/todo-listo-para-los-premios-martin-fierro-de-la-moda-2026-10-150x95.jpg","newsmatic-grid":"https:\/\/lobosnews.com.ar\/wp-content\/uploads\/2026\/04\/todo-listo-para-los-premios-martin-fierro-de-la-moda-2026-10-400x250.jpg"},"magazineBlocksPostAuthor":{"name":"admin","avatar":"https:\/\/secure.gravatar.com\/avatar\/76e419471a2083bc3ceab22a763dbbf9b0c1bd15a6214cf3280e2c2dde4580f9?s=96&d=mm&r=g"},"magazineBlocksPostCommentsNumber":"0","magazineBlocksPostExcerpt":"Pampita, la reina de la alfombra roja Pampita deslumbr\u00f3 en la alfombra de los Mart\u00edn Fierro de la Moda de este a\u00f1o con un look que rindi\u00f3 homenaje al glamour cl\u00e1sico y al mismo tiempo marc\u00f3 tendencia. Para la ocasi\u00f3n, eligi\u00f3 un imponente vestido de Carolina Herrera: un modelo strapless blanco, largo y de silueta...","magazineBlocksPostCategories":["Cine y Series"],"magazineBlocksPostViewCount":4,"magazineBlocksPostReadTime":3,"magazine_blocks_featured_image_url":{"full":["https:\/\/lobosnews.com.ar\/wp-content\/uploads\/2026\/04\/todo-listo-para-los-premios-martin-fierro-de-la-moda-2026-10.jpg",853,1280,false],"medium":["https:\/\/lobosnews.com.ar\/wp-content\/uploads\/2026\/04\/todo-listo-para-los-premios-martin-fierro-de-la-moda-2026-10-200x300.jpg",200,300,true],"thumbnail":["https:\/\/lobosnews.com.ar\/wp-content\/uploads\/2026\/04\/todo-listo-para-los-premios-martin-fierro-de-la-moda-2026-10-150x150.jpg",150,150,true]},"magazine_blocks_author":{"display_name":"admin","author_link":"https:\/\/lobosnews.com.ar\/index.php\/author\/lobos-news\/"},"magazine_blocks_comment":0,"magazine_blocks_author_image":"https:\/\/secure.gravatar.com\/avatar\/76e419471a2083bc3ceab22a763dbbf9b0c1bd15a6214cf3280e2c2dde4580f9?s=96&d=mm&r=g","magazine_blocks_category":"<a href=\"#\" class=\"category-link category-link-79\">Cine y Series<\/a>","yoast_head":"<!-- This site is optimized with the Yoast SEO plugin v26.6 - https:\/\/yoast.com\/wordpress\/plugins\/seo\/ -->\n<title>Todo listo para los Premios Mart\u00edn Fierro de la Moda 2026 - Lobos News<\/title>\n<meta name=\"robots\" content=\"index, follow, max-snippet:-1, max-image-preview:large, max-video-preview:-1\" \/>\n<link rel=\"canonical\" href=\"https:\/\/lobosnews.com.ar\/index.php\/2026\/04\/27\/todo-listo-para-los-premios-martin-fierro-de-la-moda-2026\/\" \/>\n<meta property=\"og:locale\" content=\"es_ES\" \/>\n<meta property=\"og:type\" content=\"article\" \/>\n<meta property=\"og:title\" content=\"Todo listo para los Premios Mart\u00edn Fierro de la Moda 2026 - Lobos News\" \/>\n<meta property=\"og:description\" content=\"Pampita, la reina de la alfombra roja Pampita deslumbr\u00f3 en la alfombra de los Mart\u00edn Fierro de la Moda de este a\u00f1o con un look que rindi\u00f3 homenaje al glamour cl\u00e1sico y al mismo tiempo marc\u00f3 tendencia. Para la ocasi\u00f3n, eligi\u00f3 un imponente vestido de Carolina Herrera: un modelo strapless blanco, largo y de silueta...\" \/>\n<meta property=\"og:url\" content=\"https:\/\/lobosnews.com.ar\/index.php\/2026\/04\/27\/todo-listo-para-los-premios-martin-fierro-de-la-moda-2026\/\" \/>\n<meta property=\"og:site_name\" content=\"Lobos News\" \/>\n<meta property=\"article:published_time\" content=\"2026-04-27T00:18:04+00:00\" \/>\n<meta property=\"article:modified_time\" content=\"2026-04-27T02:45:16+00:00\" \/>\n<meta property=\"og:image\" content=\"https:\/\/lobosnews.com.ar\/wp-content\/uploads\/2026\/04\/todo-listo-para-los-premios-martin-fierro-de-la-moda-2026.jpg\" \/>\n<meta name=\"author\" content=\"admin\" \/>\n<meta name=\"twitter:card\" content=\"summary_large_image\" \/>\n<meta name=\"twitter:label1\" content=\"Escrito por\" \/>\n\t<meta name=\"twitter:data1\" content=\"admin\" \/>\n\t<meta name=\"twitter:label2\" content=\"Tiempo de lectura\" \/>\n\t<meta name=\"twitter:data2\" content=\"2 minutos\" \/>\n<script type=\"application\/ld+json\" class=\"yoast-schema-graph\">{\"@context\":\"https:\/\/schema.org\",\"@graph\":[{\"@type\":\"Article\",\"@id\":\"https:\/\/lobosnews.com.ar\/index.php\/2026\/04\/27\/todo-listo-para-los-premios-martin-fierro-de-la-moda-2026\/#article\",\"isPartOf\":{\"@id\":\"https:\/\/lobosnews.com.ar\/index.php\/2026\/04\/27\/todo-listo-para-los-premios-martin-fierro-de-la-moda-2026\/\"},\"author\":{\"name\":\"admin\",\"@id\":\"https:\/\/lobosnews.com.ar\/#\/schema\/person\/232422a593d5c541dd9aef6aaed10943\"},\"headline\":\"Todo listo para los Premios Mart\u00edn Fierro de la Moda 2026\",\"datePublished\":\"2026-04-27T00:18:04+00:00\",\"dateModified\":\"2026-04-27T02:45:16+00:00\",\"mainEntityOfPage\":{\"@id\":\"https:\/\/lobosnews.com.ar\/index.php\/2026\/04\/27\/todo-listo-para-los-premios-martin-fierro-de-la-moda-2026\/\"},\"wordCount\":479,\"commentCount\":0,\"publisher\":{\"@id\":\"https:\/\/lobosnews.com.ar\/#organization\"},\"image\":{\"@id\":\"https:\/\/lobosnews.com.ar\/index.php\/2026\/04\/27\/todo-listo-para-los-premios-martin-fierro-de-la-moda-2026\/#primaryimage\"},\"thumbnailUrl\":\"https:\/\/lobosnews.com.ar\/wp-content\/uploads\/2026\/04\/todo-listo-para-los-premios-martin-fierro-de-la-moda-2026-10.jpg\",\"articleSection\":[\"Cine y Series\"],\"inLanguage\":\"es\",\"potentialAction\":[{\"@type\":\"CommentAction\",\"name\":\"Comment\",\"target\":[\"https:\/\/lobosnews.com.ar\/index.php\/2026\/04\/27\/todo-listo-para-los-premios-martin-fierro-de-la-moda-2026\/#respond\"]}]},{\"@type\":\"WebPage\",\"@id\":\"https:\/\/lobosnews.com.ar\/index.php\/2026\/04\/27\/todo-listo-para-los-premios-martin-fierro-de-la-moda-2026\/\",\"url\":\"https:\/\/lobosnews.com.ar\/index.php\/2026\/04\/27\/todo-listo-para-los-premios-martin-fierro-de-la-moda-2026\/\",\"name\":\"Todo listo para los Premios Mart\u00edn Fierro de la Moda 2026 - Lobos News\",\"isPartOf\":{\"@id\":\"https:\/\/lobosnews.com.ar\/#website\"},\"primaryImageOfPage\":{\"@id\":\"https:\/\/lobosnews.com.ar\/index.php\/2026\/04\/27\/todo-listo-para-los-premios-martin-fierro-de-la-moda-2026\/#primaryimage\"},\"image\":{\"@id\":\"https:\/\/lobosnews.com.ar\/index.php\/2026\/04\/27\/todo-listo-para-los-premios-martin-fierro-de-la-moda-2026\/#primaryimage\"},\"thumbnailUrl\":\"https:\/\/lobosnews.com.ar\/wp-content\/uploads\/2026\/04\/todo-listo-para-los-premios-martin-fierro-de-la-moda-2026-10.jpg\",\"datePublished\":\"2026-04-27T00:18:04+00:00\",\"dateModified\":\"2026-04-27T02:45:16+00:00\",\"breadcrumb\":{\"@id\":\"https:\/\/lobosnews.com.ar\/index.php\/2026\/04\/27\/todo-listo-para-los-premios-martin-fierro-de-la-moda-2026\/#breadcrumb\"},\"inLanguage\":\"es\",\"potentialAction\":[{\"@type\":\"ReadAction\",\"target\":[\"https:\/\/lobosnews.com.ar\/index.php\/2026\/04\/27\/todo-listo-para-los-premios-martin-fierro-de-la-moda-2026\/\"]}]},{\"@type\":\"ImageObject\",\"inLanguage\":\"es\",\"@id\":\"https:\/\/lobosnews.com.ar\/index.php\/2026\/04\/27\/todo-listo-para-los-premios-martin-fierro-de-la-moda-2026\/#primaryimage\",\"url\":\"https:\/\/lobosnews.com.ar\/wp-content\/uploads\/2026\/04\/todo-listo-para-los-premios-martin-fierro-de-la-moda-2026-10.jpg\",\"contentUrl\":\"https:\/\/lobosnews.com.ar\/wp-content\/uploads\/2026\/04\/todo-listo-para-los-premios-martin-fierro-de-la-moda-2026-10.jpg\",\"width\":853,\"height\":1280,\"caption\":\"Todo listo para los Premios Mart\u00edn Fierro de la Moda 2026\"},{\"@type\":\"BreadcrumbList\",\"@id\":\"https:\/\/lobosnews.com.ar\/index.php\/2026\/04\/27\/todo-listo-para-los-premios-martin-fierro-de-la-moda-2026\/#breadcrumb\",\"itemListElement\":[{\"@type\":\"ListItem\",\"position\":1,\"name\":\"Portada\",\"item\":\"https:\/\/lobosnews.com.ar\/\"},{\"@type\":\"ListItem\",\"position\":2,\"name\":\"Todo listo para los Premios Mart\u00edn Fierro de la Moda 2026\"}]},{\"@type\":\"WebSite\",\"@id\":\"https:\/\/lobosnews.com.ar\/#website\",\"url\":\"https:\/\/lobosnews.com.ar\/\",\"name\":\"Lobos News\",\"description\":\"Informaci\u00f3n a cada instante\",\"publisher\":{\"@id\":\"https:\/\/lobosnews.com.ar\/#organization\"},\"potentialAction\":[{\"@type\":\"SearchAction\",\"target\":{\"@type\":\"EntryPoint\",\"urlTemplate\":\"https:\/\/lobosnews.com.ar\/?s={search_term_string}\"},\"query-input\":{\"@type\":\"PropertyValueSpecification\",\"valueRequired\":true,\"valueName\":\"search_term_string\"}}],\"inLanguage\":\"es\"},{\"@type\":\"Organization\",\"@id\":\"https:\/\/lobosnews.com.ar\/#organization\",\"name\":\"Lobos News\",\"url\":\"https:\/\/lobosnews.com.ar\/\",\"logo\":{\"@type\":\"ImageObject\",\"inLanguage\":\"es\",\"@id\":\"https:\/\/lobosnews.com.ar\/#\/schema\/logo\/image\/\",\"url\":\"https:\/\/lobosnews.com.ar\/wp-content\/uploads\/2026\/01\/logo-lobosnews.png\",\"contentUrl\":\"https:\/\/lobosnews.com.ar\/wp-content\/uploads\/2026\/01\/logo-lobosnews.png\",\"width\":500,\"height\":200,\"caption\":\"Lobos News\"},\"image\":{\"@id\":\"https:\/\/lobosnews.com.ar\/#\/schema\/logo\/image\/\"}},{\"@type\":\"Person\",\"@id\":\"https:\/\/lobosnews.com.ar\/#\/schema\/person\/232422a593d5c541dd9aef6aaed10943\",\"name\":\"admin\",\"image\":{\"@type\":\"ImageObject\",\"inLanguage\":\"es\",\"@id\":\"https:\/\/lobosnews.com.ar\/#\/schema\/person\/image\/\",\"url\":\"https:\/\/secure.gravatar.com\/avatar\/76e419471a2083bc3ceab22a763dbbf9b0c1bd15a6214cf3280e2c2dde4580f9?s=96&d=mm&r=g\",\"contentUrl\":\"https:\/\/secure.gravatar.com\/avatar\/76e419471a2083bc3ceab22a763dbbf9b0c1bd15a6214cf3280e2c2dde4580f9?s=96&d=mm&r=g\",\"caption\":\"admin\"},\"sameAs\":[\"https:\/\/lobosnews.com.ar\"],\"url\":\"https:\/\/lobosnews.com.ar\/index.php\/author\/lobos-news\/\"}]}<\/script>\n<!-- \/ Yoast SEO plugin. -->","yoast_head_json":{"title":"Todo listo para los Premios Mart\u00edn Fierro de la Moda 2026 - Lobos News","robots":{"index":"index","follow":"follow","max-snippet":"max-snippet:-1","max-image-preview":"max-image-preview:large","max-video-preview":"max-video-preview:-1"},"canonical":"https:\/\/lobosnews.com.ar\/index.php\/2026\/04\/27\/todo-listo-para-los-premios-martin-fierro-de-la-moda-2026\/","og_locale":"es_ES","og_type":"article","og_title":"Todo listo para los Premios Mart\u00edn Fierro de la Moda 2026 - Lobos News","og_description":"Pampita, la reina de la alfombra roja Pampita deslumbr\u00f3 en la alfombra de los Mart\u00edn Fierro de la Moda de este a\u00f1o con un look que rindi\u00f3 homenaje al glamour cl\u00e1sico y al mismo tiempo marc\u00f3 tendencia. Para la ocasi\u00f3n, eligi\u00f3 un imponente vestido de Carolina Herrera: un modelo strapless blanco, largo y de silueta...","og_url":"https:\/\/lobosnews.com.ar\/index.php\/2026\/04\/27\/todo-listo-para-los-premios-martin-fierro-de-la-moda-2026\/","og_site_name":"Lobos News","article_published_time":"2026-04-27T00:18:04+00:00","article_modified_time":"2026-04-27T02:45:16+00:00","og_image":[{"url":"https:\/\/lobosnews.com.ar\/wp-content\/uploads\/2026\/04\/todo-listo-para-los-premios-martin-fierro-de-la-moda-2026.jpg","type":"","width":"","height":""}],"author":"admin","twitter_card":"summary_large_image","twitter_misc":{"Escrito por":"admin","Tiempo de lectura":"2 minutos"},"schema":{"@context":"https:\/\/schema.org","@graph":[{"@type":"Article","@id":"https:\/\/lobosnews.com.ar\/index.php\/2026\/04\/27\/todo-listo-para-los-premios-martin-fierro-de-la-moda-2026\/#article","isPartOf":{"@id":"https:\/\/lobosnews.com.ar\/index.php\/2026\/04\/27\/todo-listo-para-los-premios-martin-fierro-de-la-moda-2026\/"},"author":{"name":"admin","@id":"https:\/\/lobosnews.com.ar\/#\/schema\/person\/232422a593d5c541dd9aef6aaed10943"},"headline":"Todo listo para los Premios Mart\u00edn Fierro de la Moda 2026","datePublished":"2026-04-27T00:18:04+00:00","dateModified":"2026-04-27T02:45:16+00:00","mainEntityOfPage":{"@id":"https:\/\/lobosnews.com.ar\/index.php\/2026\/04\/27\/todo-listo-para-los-premios-martin-fierro-de-la-moda-2026\/"},"wordCount":479,"commentCount":0,"publisher":{"@id":"https:\/\/lobosnews.com.ar\/#organization"},"image":{"@id":"https:\/\/lobosnews.com.ar\/index.php\/2026\/04\/27\/todo-listo-para-los-premios-martin-fierro-de-la-moda-2026\/#primaryimage"},"thumbnailUrl":"https:\/\/lobosnews.com.ar\/wp-content\/uploads\/2026\/04\/todo-listo-para-los-premios-martin-fierro-de-la-moda-2026-10.jpg","articleSection":["Cine y Series"],"inLanguage":"es","potentialAction":[{"@type":"CommentAction","name":"Comment","target":["https:\/\/lobosnews.com.ar\/index.php\/2026\/04\/27\/todo-listo-para-los-premios-martin-fierro-de-la-moda-2026\/#respond"]}]},{"@type":"WebPage","@id":"https:\/\/lobosnews.com.ar\/index.php\/2026\/04\/27\/todo-listo-para-los-premios-martin-fierro-de-la-moda-2026\/","url":"https:\/\/lobosnews.com.ar\/index.php\/2026\/04\/27\/todo-listo-para-los-premios-martin-fierro-de-la-moda-2026\/","name":"Todo listo para los Premios Mart\u00edn Fierro de la Moda 2026 - Lobos News","isPartOf":{"@id":"https:\/\/lobosnews.com.ar\/#website"},"primaryImageOfPage":{"@id":"https:\/\/lobosnews.com.ar\/index.php\/2026\/04\/27\/todo-listo-para-los-premios-martin-fierro-de-la-moda-2026\/#primaryimage"},"image":{"@id":"https:\/\/lobosnews.com.ar\/index.php\/2026\/04\/27\/todo-listo-para-los-premios-martin-fierro-de-la-moda-2026\/#primaryimage"},"thumbnailUrl":"https:\/\/lobosnews.com.ar\/wp-content\/uploads\/2026\/04\/todo-listo-para-los-premios-martin-fierro-de-la-moda-2026-10.jpg","datePublished":"2026-04-27T00:18:04+00:00","dateModified":"2026-04-27T02:45:16+00:00","breadcrumb":{"@id":"https:\/\/lobosnews.com.ar\/index.php\/2026\/04\/27\/todo-listo-para-los-premios-martin-fierro-de-la-moda-2026\/#breadcrumb"},"inLanguage":"es","potentialAction":[{"@type":"ReadAction","target":["https:\/\/lobosnews.com.ar\/index.php\/2026\/04\/27\/todo-listo-para-los-premios-martin-fierro-de-la-moda-2026\/"]}]},{"@type":"ImageObject","inLanguage":"es","@id":"https:\/\/lobosnews.com.ar\/index.php\/2026\/04\/27\/todo-listo-para-los-premios-martin-fierro-de-la-moda-2026\/#primaryimage","url":"https:\/\/lobosnews.com.ar\/wp-content\/uploads\/2026\/04\/todo-listo-para-los-premios-martin-fierro-de-la-moda-2026-10.jpg","contentUrl":"https:\/\/lobosnews.com.ar\/wp-content\/uploads\/2026\/04\/todo-listo-para-los-premios-martin-fierro-de-la-moda-2026-10.jpg","width":853,"height":1280,"caption":"Todo listo para los Premios Mart\u00edn Fierro de la Moda 2026"},{"@type":"BreadcrumbList","@id":"https:\/\/lobosnews.com.ar\/index.php\/2026\/04\/27\/todo-listo-para-los-premios-martin-fierro-de-la-moda-2026\/#breadcrumb","itemListElement":[{"@type":"ListItem","position":1,"name":"Portada","item":"https:\/\/lobosnews.com.ar\/"},{"@type":"ListItem","position":2,"name":"Todo listo para los Premios Mart\u00edn Fierro de la Moda 2026"}]},{"@type":"WebSite","@id":"https:\/\/lobosnews.com.ar\/#website","url":"https:\/\/lobosnews.com.ar\/","name":"Lobos News","description":"Informaci\u00f3n a cada instante","publisher":{"@id":"https:\/\/lobosnews.com.ar\/#organization"},"potentialAction":[{"@type":"SearchAction","target":{"@type":"EntryPoint","urlTemplate":"https:\/\/lobosnews.com.ar\/?s={search_term_string}"},"query-input":{"@type":"PropertyValueSpecification","valueRequired":true,"valueName":"search_term_string"}}],"inLanguage":"es"},{"@type":"Organization","@id":"https:\/\/lobosnews.com.ar\/#organization","name":"Lobos News","url":"https:\/\/lobosnews.com.ar\/","logo":{"@type":"ImageObject","inLanguage":"es","@id":"https:\/\/lobosnews.com.ar\/#\/schema\/logo\/image\/","url":"https:\/\/lobosnews.com.ar\/wp-content\/uploads\/2026\/01\/logo-lobosnews.png","contentUrl":"https:\/\/lobosnews.com.ar\/wp-content\/uploads\/2026\/01\/logo-lobosnews.png","width":500,"height":200,"caption":"Lobos News"},"image":{"@id":"https:\/\/lobosnews.com.ar\/#\/schema\/logo\/image\/"}},{"@type":"Person","@id":"https:\/\/lobosnews.com.ar\/#\/schema\/person\/232422a593d5c541dd9aef6aaed10943","name":"admin","image":{"@type":"ImageObject","inLanguage":"es","@id":"https:\/\/lobosnews.com.ar\/#\/schema\/person\/image\/","url":"https:\/\/secure.gravatar.com\/avatar\/76e419471a2083bc3ceab22a763dbbf9b0c1bd15a6214cf3280e2c2dde4580f9?s=96&d=mm&r=g","contentUrl":"https:\/\/secure.gravatar.com\/avatar\/76e419471a2083bc3ceab22a763dbbf9b0c1bd15a6214cf3280e2c2dde4580f9?s=96&d=mm&r=g","caption":"admin"},"sameAs":["https:\/\/lobosnews.com.ar"],"url":"https:\/\/lobosnews.com.ar\/index.php\/author\/lobos-news\/"}]}},"jetpack_featured_media_url":"https:\/\/lobosnews.com.ar\/wp-content\/uploads\/2026\/04\/todo-listo-para-los-premios-martin-fierro-de-la-moda-2026-10.jpg","jetpack_sharing_enabled":true,"_links":{"self":[{"href":"https:\/\/lobosnews.com.ar\/index.php\/wp-json\/wp\/v2\/posts\/45868","targetHints":{"allow":["GET"]}}],"collection":[{"href":"https:\/\/lobosnews.com.ar\/index.php\/wp-json\/wp\/v2\/posts"}],"about":[{"href":"https:\/\/lobosnews.com.ar\/index.php\/wp-json\/wp\/v2\/types\/post"}],"author":[{"embeddable":true,"href":"https:\/\/lobosnews.com.ar\/index.php\/wp-json\/wp\/v2\/users\/1"}],"replies":[{"embeddable":true,"href":"https:\/\/lobosnews.com.ar\/index.php\/wp-json\/wp\/v2\/comments?post=45868"}],"version-history":[{"count":1,"href":"https:\/\/lobosnews.com.ar\/index.php\/wp-json\/wp\/v2\/posts\/45868\/revisions"}],"predecessor-version":[{"id":45875,"href":"https:\/\/lobosnews.com.ar\/index.php\/wp-json\/wp\/v2\/posts\/45868\/revisions\/45875"}],"wp:featuredmedia":[{"embeddable":true,"href":"https:\/\/lobosnews.com.ar\/index.php\/wp-json\/wp\/v2\/media\/45876"}],"wp:attachment":[{"href":"https:\/\/lobosnews.com.ar\/index.php\/wp-json\/wp\/v2\/media?parent=45868"}],"wp:term":[{"taxonomy":"category","embeddable":true,"href":"https:\/\/lobosnews.com.ar\/index.php\/wp-json\/wp\/v2\/categories?post=45868"},{"taxonomy":"post_tag","embeddable":true,"href":"https:\/\/lobosnews.com.ar\/index.php\/wp-json\/wp\/v2\/tags?post=45868"}],"curies":[{"name":"wp","href":"https:\/\/api.w.org\/{rel}","templated":true}]}}