{"id":45842,"date":"2026-04-27T02:24:08","date_gmt":"2026-04-27T02:24:08","guid":{"rendered":"https:\/\/lobosnews.com.ar\/index.php\/2026\/04\/27\/panama-cuenta-con-la-infraestructura-y-el-capital-humano-para-albergar-eventos-deportivos-de-talla-internacional-anamae-orillac\/"},"modified":"2026-04-27T02:30:53","modified_gmt":"2026-04-27T02:30:53","slug":"panama-cuenta-con-la-infraestructura-y-el-capital-humano-para-albergar-eventos-deportivos-de-talla-internacional-anamae-orillac","status":"publish","type":"post","link":"https:\/\/lobosnews.com.ar\/index.php\/2026\/04\/27\/panama-cuenta-con-la-infraestructura-y-el-capital-humano-para-albergar-eventos-deportivos-de-talla-internacional-anamae-orillac\/","title":{"rendered":"Panam\u00e1 cuenta con la infraestructura y el capital humano para albergar eventos deportivos de talla internacional: Anamae Orillac"},"content":{"rendered":"<p><img fetchpriority=\"high\" decoding=\"async\" src=\"https:\/\/lobosnews.com.ar\/wp-content\/uploads\/2026\/04\/panama-cuenta-con-la-infraestructura-y-el-capital-humano-para-albergar-eventos-deportivos-de-talla-internacional-anamae-orillac.jpg\" alt=\"Arena Roberto Dur\u00e1n, una de las instalaciones que alberg\u00f3 los Juegos Suramericanos de la Juventud Panam\u00e1 2026. (Instagram)\" height=\"589\" width=\"720\"\/><\/p>\n<p>El <b>fuego<\/b> de los <b>Juegos Suramericanos de la Juventud Panam\u00e1 2026 <\/b>se <b>apag\u00f3 lentamente<\/b> en el <b>pebetero<\/b> ubicado en las afueras de la <b>Arena Roberto Dur\u00e1n<\/b>, en la ciudad de Panam\u00e1, <b>dejando<\/b> tras de s\u00ed la <b>jornada juvenil deportiva<\/b> m\u00e1s <b>importante de la regi\u00f3n.<\/b><\/p>\n<p>Unos <b>2,000 j\u00f3venes atletas<\/b>,<b> <\/b>de entre 14 y 17 a\u00f1os, procedentes de <b>Ecuador<\/b>, Argentina, <b>Surinam,<\/b> Paraguay, <b>Per\u00fa,<\/b> Chile, <b>Curazao<\/b>, Colombia, <b>Brasil<\/b>, Aruba, <b>Guyana<\/b>, Uruguay, <b>Venezuela<\/b> y Bolivia demostraron durante <b>14 d\u00edas<\/b> en <b>Panam\u00e1 <\/b>su val\u00eda deportiva, al enfrentarse en <b>diversos deportes.<\/b><\/p>\n<p>Anamae Orillac, <b>presidenta de los Juegos Suramericanos <\/b>de la Juventud Panam\u00e1 2026, <b>agradeci\u00f3<\/b> visiblemente emocionada a <b>voluntarios<\/b>, atletas,al <b>comit\u00e9 organizador <\/b>y a todos los que <b>creyeron en el sue\u00f1o<\/b> de poder realizar la justa deportiva en <b>suelo istme\u00f1o.<\/b><\/p>\n<p><b>Panam\u00e1<\/b>, destac\u00f3 Orillac, cuenta con la <b>infraestructura<\/b>, talento y <b>capital humano<\/b> para albergar <b>eventos<\/b> deportivos de <b>talla internacional.<\/b><\/p>\n<p>Para la realizaci\u00f3n de los juegos la naci\u00f3n canalera realiz\u00f3 una <b>inversi\u00f3n estimada en $25 millones<\/b> y esperaba una <b>derrama econ\u00f3mica de $75 millones. <\/b><\/p>\n<p><img loading=\"lazy\" decoding=\"async\" src=\"https:\/\/lobosnews.com.ar\/wp-content\/uploads\/2026\/04\/panama-cuenta-con-la-infraestructura-y-el-capital-humano-para-albergar-eventos-deportivos-de-talla-internacional-anamae-orillac-1.jpg\" alt=\"Yesus Perea obtuvo la medalla de bronce en judo 66 kg de los Juegos Suramericanos de la Juventud Panam\u00e1 2026. - cr\u00e9ditos: IPD\" height=\"893\" width=\"1600\"\/><\/p>\n<p><b>En el terreno<\/b> deportivo, <b>Brasil comando el pelot\u00f3n<\/b>, al cosechar <b>157 medallas<\/b>, entre <b>58 de oro<\/b>, <b>51 de plata<\/b> y <b>48 de bronce<\/b>, escoltado por <b>Argentina<\/b> con <b>105 <\/b>medallas, resumidas en <b>32 de oro<\/b>, 39 de <b>plata<\/b> y <b>34<\/b> de <b>bronce. <\/b><\/p>\n<p>Los <b>atletas colombianos<\/b> se hicieron de <b>26<\/b> medallas de <b>oro, 19 de plata<\/b> y <b>44<\/b> de <b>bronce<\/b>, para un total de <b>89<\/b>.<\/p>\n<p><b>Panam\u00e1, el anfitri\u00f3n<\/b>, logr\u00f3 <b>seis<\/b> medallas de <b>oro<\/b>, <b>seis<\/b> de <b>plata<\/b> y <b>17<\/b> de <b>bronce.<\/b><\/p>\n<p>A las 7:00 p.m. del s\u00e1bado la <b>Arena Roberto Dur\u00e1n<\/b> herv\u00eda de <b>alegr\u00eda y<\/b> <b>recuerdos<\/b>, al paso de las <b>delegaciones<\/b> de las naciones participantes, que por \u00faltima vez desfilaban con la satisfacci\u00f3n del <b>deber cumplido<\/b>.<\/p>\n<p>Los <b>abanderados por pa\u00edses<\/b> fueron <b>Leonardo Vargas Ponce<\/b> y Briana Iriarte Botello (Bolivia), Pedro Olmos y <b>Zoe Gorski <\/b>(Argentina), Jevin Tobias Aguero y <b>Emily Antunes Kuster<\/b> (Brasil), Caleb Caldito Chang y <b>Yumaira Rusell <\/b>(Panam\u00e1), Mauricio Escurra y <b>Jimena Sostoa<\/b> (Paraguay).<\/p>\n<p>Jermain Brigitta y <b>Keziah Zoe Isabella Fluonia<\/b> lo hicieron por Curazao, Matias Moreno y <b>Valentina Cancino <\/b>(Chile), Francisco Pereira y <b>Antonella Bonomi <\/b>(Uruguay), Kevin Campaz y <b>Juliana Agresot<\/b> (Colombia), Ezekiel Millington y <b>Akeelah Dover<\/b> (Guayana), Sof\u00eda Junco y <b>Thiago Goyzueta<\/b> (Per\u00fa).<\/p>\n<p><img loading=\"lazy\" decoding=\"async\" src=\"https:\/\/lobosnews.com.ar\/wp-content\/uploads\/2026\/04\/panama-cuenta-con-la-infraestructura-y-el-capital-humano-para-albergar-eventos-deportivos-de-talla-internacional-anamae-orillac-2.jpg\" alt=\"La nadadora argentina Agostina Hein celebra su destacada actuaci\u00f3n durante los Juegos Suramericanos de la Juventud Panam\u00e1 2026.\" height=\"482\" width=\"857\"\/><\/p>\n<p>Por <b>Aruba<\/b>, Eden Antersyn y <b>Esteffanie Van Greene<\/b>, Matheus Mendez y <b>Katherine Perea<\/b> (Ecuador), Leyon Cyrus y <b>Ciara Tol<\/b> (Surinam) y Enzo Quintana y <b>Arianny Echand\u00eda <\/b>(Venezuela).<\/p>\n<p>En el acto de clausura, <b>Ant\u00f3n<\/b>, la Rana Dorada <b>mascota <\/b>de los <b>Juegos<\/b> <b>Suramericanos<\/b> de la Juventud Panam\u00e1 2026, cre\u00f3 <b>conciencia <\/b>sobre la necesidad de la <b>educaci\u00f3n ambiental<\/b> en la lucha por <b>conservar<\/b> y <b>reducir <\/b>el <b>riesgo de extinci\u00f3n de esta especie<\/b>, que naci\u00f3 en las monta\u00f1as del <b>Valle de<\/b> <b>Ant\u00f3n<\/b>, en la provincia de <b>Cocl\u00e9, Panam\u00e1. <\/b><\/p>\n<p>Actualmente, un grupo de <b>cient\u00edficos de la Fundaci\u00f3n EVACC <\/b>se dedica al cuidado, <b>protecci\u00f3n<\/b>, concientizaci\u00f3n y <b>reproducci\u00f3n de estas ranas doradas<\/b>.<\/p>\n<p><b>Mario Moccia<\/b>, vicepresidente primero de la Organizaci\u00f3n Deportiva Suramericana (<b>ODESUR<\/b>), <b>declar\u00f3 clausurados<\/b> los Juegos Sudamericanos de la Juventud <b>Panam\u00e1 2026<\/b>, que mediante el <b>talento<\/b>, disciplina y <b>esp\u00edritu<\/b> <b>deportivo<\/b> quedar\u00e1n, seg\u00fan sus organizadores, como <b>herramienta de transformaci\u00f3n.<\/b><\/p>\n<p>Los<b> juegos fueron instituidos <\/b>oficialmente <b>el 25 de mayo de 2012 <\/b>y <b>se realizan cada 4 a\u00f1os,<\/b> el a\u00f1o previo a los Juegos Ol\u00edmpicos de la Juventud.<\/p>\n<p>Su <b>primera edici\u00f3n se llev\u00f3 a cabo en Lima, Per\u00fa, en septiembre de 2013<\/b>, con competencias en <b>19 deportes<\/b>, y m\u00e1s all\u00e1 de la competencia se insiste en que se busca <b>inspirar a nuevas generaciones <\/b>de atletas<b> y fortalecer la cultura deportiva regional.<\/b> <\/p>\n","protected":false},"excerpt":{"rendered":"<p>El fuego de los Juegos Suramericanos de la Juventud Panam\u00e1 2026 se apag\u00f3 lentamente en el pebetero ubicado en las afueras de la Arena Roberto Dur\u00e1n, en la ciudad de Panam\u00e1, dejando tras de s\u00ed la jornada juvenil deportiva m\u00e1s importante de la regi\u00f3n. Unos 2,000 j\u00f3venes atletas, de entre 14 y 17 a\u00f1os, procedentes&#8230;<\/p>\n","protected":false},"author":1,"featured_media":45847,"comment_status":"open","ping_status":"closed","sticky":false,"template":"","format":"standard","meta":{"_jetpack_memberships_contains_paid_content":false,"footnotes":""},"categories":[31],"tags":[],"class_list":["post-45842","post","type-post","status-publish","format-standard","has-post-thumbnail","hentry","category-actualidad"],"magazineBlocksPostFeaturedMedia":{"thumbnail":"https:\/\/lobosnews.com.ar\/wp-content\/uploads\/2026\/04\/panama-cuenta-con-la-infraestructura-y-el-capital-humano-para-albergar-eventos-deportivos-de-talla-internacional-anamae-orillac-4-150x150.jpg","medium":"https:\/\/lobosnews.com.ar\/wp-content\/uploads\/2026\/04\/panama-cuenta-con-la-infraestructura-y-el-capital-humano-para-albergar-eventos-deportivos-de-talla-internacional-anamae-orillac-4-300x169.jpg","medium_large":"https:\/\/lobosnews.com.ar\/wp-content\/uploads\/2026\/04\/panama-cuenta-con-la-infraestructura-y-el-capital-humano-para-albergar-eventos-deportivos-de-talla-internacional-anamae-orillac-4-768x432.jpg","large":"https:\/\/lobosnews.com.ar\/wp-content\/uploads\/2026\/04\/panama-cuenta-con-la-infraestructura-y-el-capital-humano-para-albergar-eventos-deportivos-de-talla-internacional-anamae-orillac-4.jpg","1536x1536":"https:\/\/lobosnews.com.ar\/wp-content\/uploads\/2026\/04\/panama-cuenta-con-la-infraestructura-y-el-capital-humano-para-albergar-eventos-deportivos-de-talla-internacional-anamae-orillac-4.jpg","2048x2048":"https:\/\/lobosnews.com.ar\/wp-content\/uploads\/2026\/04\/panama-cuenta-con-la-infraestructura-y-el-capital-humano-para-albergar-eventos-deportivos-de-talla-internacional-anamae-orillac-4.jpg","newsmatic-featured":"https:\/\/lobosnews.com.ar\/wp-content\/uploads\/2026\/04\/panama-cuenta-con-la-infraestructura-y-el-capital-humano-para-albergar-eventos-deportivos-de-talla-internacional-anamae-orillac-4-820x482.jpg","newsmatic-list":"https:\/\/lobosnews.com.ar\/wp-content\/uploads\/2026\/04\/panama-cuenta-con-la-infraestructura-y-el-capital-humano-para-albergar-eventos-deportivos-de-talla-internacional-anamae-orillac-4-600x400.jpg","newsmatic-thumb":"https:\/\/lobosnews.com.ar\/wp-content\/uploads\/2026\/04\/panama-cuenta-con-la-infraestructura-y-el-capital-humano-para-albergar-eventos-deportivos-de-talla-internacional-anamae-orillac-4-300x200.jpg","newsmatic-small":"https:\/\/lobosnews.com.ar\/wp-content\/uploads\/2026\/04\/panama-cuenta-con-la-infraestructura-y-el-capital-humano-para-albergar-eventos-deportivos-de-talla-internacional-anamae-orillac-4-150x95.jpg","newsmatic-grid":"https:\/\/lobosnews.com.ar\/wp-content\/uploads\/2026\/04\/panama-cuenta-con-la-infraestructura-y-el-capital-humano-para-albergar-eventos-deportivos-de-talla-internacional-anamae-orillac-4-400x250.jpg"},"magazineBlocksPostAuthor":{"name":"admin","avatar":"https:\/\/secure.gravatar.com\/avatar\/76e419471a2083bc3ceab22a763dbbf9b0c1bd15a6214cf3280e2c2dde4580f9?s=96&d=mm&r=g"},"magazineBlocksPostCommentsNumber":"0","magazineBlocksPostExcerpt":"El fuego de los Juegos Suramericanos de la Juventud Panam\u00e1 2026 se apag\u00f3 lentamente en el pebetero ubicado en las afueras de la Arena Roberto Dur\u00e1n, en la ciudad de Panam\u00e1, dejando tras de s\u00ed la jornada juvenil deportiva m\u00e1s importante de la regi\u00f3n. Unos 2,000 j\u00f3venes atletas, de entre 14 y 17 a\u00f1os, procedentes...","magazineBlocksPostCategories":["Actualidad"],"magazineBlocksPostViewCount":10,"magazineBlocksPostReadTime":3,"magazine_blocks_featured_image_url":{"full":["https:\/\/lobosnews.com.ar\/wp-content\/uploads\/2026\/04\/panama-cuenta-con-la-infraestructura-y-el-capital-humano-para-albergar-eventos-deportivos-de-talla-internacional-anamae-orillac-4.jpg",857,482,false],"medium":["https:\/\/lobosnews.com.ar\/wp-content\/uploads\/2026\/04\/panama-cuenta-con-la-infraestructura-y-el-capital-humano-para-albergar-eventos-deportivos-de-talla-internacional-anamae-orillac-4-300x169.jpg",300,169,true],"thumbnail":["https:\/\/lobosnews.com.ar\/wp-content\/uploads\/2026\/04\/panama-cuenta-con-la-infraestructura-y-el-capital-humano-para-albergar-eventos-deportivos-de-talla-internacional-anamae-orillac-4-150x150.jpg",150,150,true]},"magazine_blocks_author":{"display_name":"admin","author_link":"https:\/\/lobosnews.com.ar\/index.php\/author\/lobos-news\/"},"magazine_blocks_comment":0,"magazine_blocks_author_image":"https:\/\/secure.gravatar.com\/avatar\/76e419471a2083bc3ceab22a763dbbf9b0c1bd15a6214cf3280e2c2dde4580f9?s=96&d=mm&r=g","magazine_blocks_category":"<a href=\"#\" class=\"category-link category-link-31\">Actualidad<\/a>","yoast_head":"<!-- This site is optimized with the Yoast SEO plugin v26.6 - https:\/\/yoast.com\/wordpress\/plugins\/seo\/ -->\n<title>Panam\u00e1 cuenta con la infraestructura y el capital humano para albergar eventos deportivos de talla internacional: Anamae Orillac - Lobos News<\/title>\n<meta name=\"robots\" content=\"index, follow, max-snippet:-1, max-image-preview:large, max-video-preview:-1\" \/>\n<link rel=\"canonical\" href=\"https:\/\/lobosnews.com.ar\/index.php\/2026\/04\/27\/panama-cuenta-con-la-infraestructura-y-el-capital-humano-para-albergar-eventos-deportivos-de-talla-internacional-anamae-orillac\/\" \/>\n<meta property=\"og:locale\" content=\"es_ES\" \/>\n<meta property=\"og:type\" content=\"article\" \/>\n<meta property=\"og:title\" content=\"Panam\u00e1 cuenta con la infraestructura y el capital humano para albergar eventos deportivos de talla internacional: Anamae Orillac - Lobos News\" \/>\n<meta property=\"og:description\" content=\"El fuego de los Juegos Suramericanos de la Juventud Panam\u00e1 2026 se apag\u00f3 lentamente en el pebetero ubicado en las afueras de la Arena Roberto Dur\u00e1n, en la ciudad de Panam\u00e1, dejando tras de s\u00ed la jornada juvenil deportiva m\u00e1s importante de la regi\u00f3n. Unos 2,000 j\u00f3venes atletas, de entre 14 y 17 a\u00f1os, procedentes...\" \/>\n<meta property=\"og:url\" content=\"https:\/\/lobosnews.com.ar\/index.php\/2026\/04\/27\/panama-cuenta-con-la-infraestructura-y-el-capital-humano-para-albergar-eventos-deportivos-de-talla-internacional-anamae-orillac\/\" \/>\n<meta property=\"og:site_name\" content=\"Lobos News\" \/>\n<meta property=\"article:published_time\" content=\"2026-04-27T02:24:08+00:00\" \/>\n<meta property=\"article:modified_time\" content=\"2026-04-27T02:30:53+00:00\" \/>\n<meta property=\"og:image\" content=\"https:\/\/lobosnews.com.ar\/wp-content\/uploads\/2026\/04\/panama-cuenta-con-la-infraestructura-y-el-capital-humano-para-albergar-eventos-deportivos-de-talla-internacional-anamae-orillac.jpg\" \/>\n<meta name=\"author\" content=\"admin\" \/>\n<meta name=\"twitter:card\" content=\"summary_large_image\" \/>\n<meta name=\"twitter:label1\" content=\"Escrito por\" \/>\n\t<meta name=\"twitter:data1\" content=\"admin\" \/>\n\t<meta name=\"twitter:label2\" content=\"Tiempo de lectura\" \/>\n\t<meta name=\"twitter:data2\" content=\"3 minutos\" \/>\n<script type=\"application\/ld+json\" class=\"yoast-schema-graph\">{\"@context\":\"https:\/\/schema.org\",\"@graph\":[{\"@type\":\"Article\",\"@id\":\"https:\/\/lobosnews.com.ar\/index.php\/2026\/04\/27\/panama-cuenta-con-la-infraestructura-y-el-capital-humano-para-albergar-eventos-deportivos-de-talla-internacional-anamae-orillac\/#article\",\"isPartOf\":{\"@id\":\"https:\/\/lobosnews.com.ar\/index.php\/2026\/04\/27\/panama-cuenta-con-la-infraestructura-y-el-capital-humano-para-albergar-eventos-deportivos-de-talla-internacional-anamae-orillac\/\"},\"author\":{\"name\":\"admin\",\"@id\":\"https:\/\/lobosnews.com.ar\/#\/schema\/person\/232422a593d5c541dd9aef6aaed10943\"},\"headline\":\"Panam\u00e1 cuenta con la infraestructura y el capital humano para albergar eventos deportivos de talla internacional: Anamae Orillac\",\"datePublished\":\"2026-04-27T02:24:08+00:00\",\"dateModified\":\"2026-04-27T02:30:53+00:00\",\"mainEntityOfPage\":{\"@id\":\"https:\/\/lobosnews.com.ar\/index.php\/2026\/04\/27\/panama-cuenta-con-la-infraestructura-y-el-capital-humano-para-albergar-eventos-deportivos-de-talla-internacional-anamae-orillac\/\"},\"wordCount\":604,\"commentCount\":0,\"publisher\":{\"@id\":\"https:\/\/lobosnews.com.ar\/#organization\"},\"image\":{\"@id\":\"https:\/\/lobosnews.com.ar\/index.php\/2026\/04\/27\/panama-cuenta-con-la-infraestructura-y-el-capital-humano-para-albergar-eventos-deportivos-de-talla-internacional-anamae-orillac\/#primaryimage\"},\"thumbnailUrl\":\"https:\/\/lobosnews.com.ar\/wp-content\/uploads\/2026\/04\/panama-cuenta-con-la-infraestructura-y-el-capital-humano-para-albergar-eventos-deportivos-de-talla-internacional-anamae-orillac-4.jpg\",\"articleSection\":[\"Actualidad\"],\"inLanguage\":\"es\",\"potentialAction\":[{\"@type\":\"CommentAction\",\"name\":\"Comment\",\"target\":[\"https:\/\/lobosnews.com.ar\/index.php\/2026\/04\/27\/panama-cuenta-con-la-infraestructura-y-el-capital-humano-para-albergar-eventos-deportivos-de-talla-internacional-anamae-orillac\/#respond\"]}]},{\"@type\":\"WebPage\",\"@id\":\"https:\/\/lobosnews.com.ar\/index.php\/2026\/04\/27\/panama-cuenta-con-la-infraestructura-y-el-capital-humano-para-albergar-eventos-deportivos-de-talla-internacional-anamae-orillac\/\",\"url\":\"https:\/\/lobosnews.com.ar\/index.php\/2026\/04\/27\/panama-cuenta-con-la-infraestructura-y-el-capital-humano-para-albergar-eventos-deportivos-de-talla-internacional-anamae-orillac\/\",\"name\":\"Panam\u00e1 cuenta con la infraestructura y el capital humano para albergar eventos deportivos de talla internacional: Anamae Orillac - Lobos News\",\"isPartOf\":{\"@id\":\"https:\/\/lobosnews.com.ar\/#website\"},\"primaryImageOfPage\":{\"@id\":\"https:\/\/lobosnews.com.ar\/index.php\/2026\/04\/27\/panama-cuenta-con-la-infraestructura-y-el-capital-humano-para-albergar-eventos-deportivos-de-talla-internacional-anamae-orillac\/#primaryimage\"},\"image\":{\"@id\":\"https:\/\/lobosnews.com.ar\/index.php\/2026\/04\/27\/panama-cuenta-con-la-infraestructura-y-el-capital-humano-para-albergar-eventos-deportivos-de-talla-internacional-anamae-orillac\/#primaryimage\"},\"thumbnailUrl\":\"https:\/\/lobosnews.com.ar\/wp-content\/uploads\/2026\/04\/panama-cuenta-con-la-infraestructura-y-el-capital-humano-para-albergar-eventos-deportivos-de-talla-internacional-anamae-orillac-4.jpg\",\"datePublished\":\"2026-04-27T02:24:08+00:00\",\"dateModified\":\"2026-04-27T02:30:53+00:00\",\"breadcrumb\":{\"@id\":\"https:\/\/lobosnews.com.ar\/index.php\/2026\/04\/27\/panama-cuenta-con-la-infraestructura-y-el-capital-humano-para-albergar-eventos-deportivos-de-talla-internacional-anamae-orillac\/#breadcrumb\"},\"inLanguage\":\"es\",\"potentialAction\":[{\"@type\":\"ReadAction\",\"target\":[\"https:\/\/lobosnews.com.ar\/index.php\/2026\/04\/27\/panama-cuenta-con-la-infraestructura-y-el-capital-humano-para-albergar-eventos-deportivos-de-talla-internacional-anamae-orillac\/\"]}]},{\"@type\":\"ImageObject\",\"inLanguage\":\"es\",\"@id\":\"https:\/\/lobosnews.com.ar\/index.php\/2026\/04\/27\/panama-cuenta-con-la-infraestructura-y-el-capital-humano-para-albergar-eventos-deportivos-de-talla-internacional-anamae-orillac\/#primaryimage\",\"url\":\"https:\/\/lobosnews.com.ar\/wp-content\/uploads\/2026\/04\/panama-cuenta-con-la-infraestructura-y-el-capital-humano-para-albergar-eventos-deportivos-de-talla-internacional-anamae-orillac-4.jpg\",\"contentUrl\":\"https:\/\/lobosnews.com.ar\/wp-content\/uploads\/2026\/04\/panama-cuenta-con-la-infraestructura-y-el-capital-humano-para-albergar-eventos-deportivos-de-talla-internacional-anamae-orillac-4.jpg\",\"width\":857,\"height\":482,\"caption\":\"Panam\u00e1 cuenta con la infraestructura y el capital humano para albergar eventos deportivos de talla internacional: Anamae Orillac\"},{\"@type\":\"BreadcrumbList\",\"@id\":\"https:\/\/lobosnews.com.ar\/index.php\/2026\/04\/27\/panama-cuenta-con-la-infraestructura-y-el-capital-humano-para-albergar-eventos-deportivos-de-talla-internacional-anamae-orillac\/#breadcrumb\",\"itemListElement\":[{\"@type\":\"ListItem\",\"position\":1,\"name\":\"Portada\",\"item\":\"https:\/\/lobosnews.com.ar\/\"},{\"@type\":\"ListItem\",\"position\":2,\"name\":\"Panam\u00e1 cuenta con la infraestructura y el capital humano para albergar eventos deportivos de talla internacional: Anamae Orillac\"}]},{\"@type\":\"WebSite\",\"@id\":\"https:\/\/lobosnews.com.ar\/#website\",\"url\":\"https:\/\/lobosnews.com.ar\/\",\"name\":\"Lobos News\",\"description\":\"Informaci\u00f3n a cada instante\",\"publisher\":{\"@id\":\"https:\/\/lobosnews.com.ar\/#organization\"},\"potentialAction\":[{\"@type\":\"SearchAction\",\"target\":{\"@type\":\"EntryPoint\",\"urlTemplate\":\"https:\/\/lobosnews.com.ar\/?s={search_term_string}\"},\"query-input\":{\"@type\":\"PropertyValueSpecification\",\"valueRequired\":true,\"valueName\":\"search_term_string\"}}],\"inLanguage\":\"es\"},{\"@type\":\"Organization\",\"@id\":\"https:\/\/lobosnews.com.ar\/#organization\",\"name\":\"Lobos News\",\"url\":\"https:\/\/lobosnews.com.ar\/\",\"logo\":{\"@type\":\"ImageObject\",\"inLanguage\":\"es\",\"@id\":\"https:\/\/lobosnews.com.ar\/#\/schema\/logo\/image\/\",\"url\":\"https:\/\/lobosnews.com.ar\/wp-content\/uploads\/2026\/01\/logo-lobosnews.png\",\"contentUrl\":\"https:\/\/lobosnews.com.ar\/wp-content\/uploads\/2026\/01\/logo-lobosnews.png\",\"width\":500,\"height\":200,\"caption\":\"Lobos News\"},\"image\":{\"@id\":\"https:\/\/lobosnews.com.ar\/#\/schema\/logo\/image\/\"}},{\"@type\":\"Person\",\"@id\":\"https:\/\/lobosnews.com.ar\/#\/schema\/person\/232422a593d5c541dd9aef6aaed10943\",\"name\":\"admin\",\"image\":{\"@type\":\"ImageObject\",\"inLanguage\":\"es\",\"@id\":\"https:\/\/lobosnews.com.ar\/#\/schema\/person\/image\/\",\"url\":\"https:\/\/secure.gravatar.com\/avatar\/76e419471a2083bc3ceab22a763dbbf9b0c1bd15a6214cf3280e2c2dde4580f9?s=96&d=mm&r=g\",\"contentUrl\":\"https:\/\/secure.gravatar.com\/avatar\/76e419471a2083bc3ceab22a763dbbf9b0c1bd15a6214cf3280e2c2dde4580f9?s=96&d=mm&r=g\",\"caption\":\"admin\"},\"sameAs\":[\"https:\/\/lobosnews.com.ar\"],\"url\":\"https:\/\/lobosnews.com.ar\/index.php\/author\/lobos-news\/\"}]}<\/script>\n<!-- \/ Yoast SEO plugin. -->","yoast_head_json":{"title":"Panam\u00e1 cuenta con la infraestructura y el capital humano para albergar eventos deportivos de talla internacional: Anamae Orillac - Lobos News","robots":{"index":"index","follow":"follow","max-snippet":"max-snippet:-1","max-image-preview":"max-image-preview:large","max-video-preview":"max-video-preview:-1"},"canonical":"https:\/\/lobosnews.com.ar\/index.php\/2026\/04\/27\/panama-cuenta-con-la-infraestructura-y-el-capital-humano-para-albergar-eventos-deportivos-de-talla-internacional-anamae-orillac\/","og_locale":"es_ES","og_type":"article","og_title":"Panam\u00e1 cuenta con la infraestructura y el capital humano para albergar eventos deportivos de talla internacional: Anamae Orillac - Lobos News","og_description":"El fuego de los Juegos Suramericanos de la Juventud Panam\u00e1 2026 se apag\u00f3 lentamente en el pebetero ubicado en las afueras de la Arena Roberto Dur\u00e1n, en la ciudad de Panam\u00e1, dejando tras de s\u00ed la jornada juvenil deportiva m\u00e1s importante de la regi\u00f3n. Unos 2,000 j\u00f3venes atletas, de entre 14 y 17 a\u00f1os, procedentes...","og_url":"https:\/\/lobosnews.com.ar\/index.php\/2026\/04\/27\/panama-cuenta-con-la-infraestructura-y-el-capital-humano-para-albergar-eventos-deportivos-de-talla-internacional-anamae-orillac\/","og_site_name":"Lobos News","article_published_time":"2026-04-27T02:24:08+00:00","article_modified_time":"2026-04-27T02:30:53+00:00","og_image":[{"url":"https:\/\/lobosnews.com.ar\/wp-content\/uploads\/2026\/04\/panama-cuenta-con-la-infraestructura-y-el-capital-humano-para-albergar-eventos-deportivos-de-talla-internacional-anamae-orillac.jpg","type":"","width":"","height":""}],"author":"admin","twitter_card":"summary_large_image","twitter_misc":{"Escrito por":"admin","Tiempo de lectura":"3 minutos"},"schema":{"@context":"https:\/\/schema.org","@graph":[{"@type":"Article","@id":"https:\/\/lobosnews.com.ar\/index.php\/2026\/04\/27\/panama-cuenta-con-la-infraestructura-y-el-capital-humano-para-albergar-eventos-deportivos-de-talla-internacional-anamae-orillac\/#article","isPartOf":{"@id":"https:\/\/lobosnews.com.ar\/index.php\/2026\/04\/27\/panama-cuenta-con-la-infraestructura-y-el-capital-humano-para-albergar-eventos-deportivos-de-talla-internacional-anamae-orillac\/"},"author":{"name":"admin","@id":"https:\/\/lobosnews.com.ar\/#\/schema\/person\/232422a593d5c541dd9aef6aaed10943"},"headline":"Panam\u00e1 cuenta con la infraestructura y el capital humano para albergar eventos deportivos de talla internacional: Anamae Orillac","datePublished":"2026-04-27T02:24:08+00:00","dateModified":"2026-04-27T02:30:53+00:00","mainEntityOfPage":{"@id":"https:\/\/lobosnews.com.ar\/index.php\/2026\/04\/27\/panama-cuenta-con-la-infraestructura-y-el-capital-humano-para-albergar-eventos-deportivos-de-talla-internacional-anamae-orillac\/"},"wordCount":604,"commentCount":0,"publisher":{"@id":"https:\/\/lobosnews.com.ar\/#organization"},"image":{"@id":"https:\/\/lobosnews.com.ar\/index.php\/2026\/04\/27\/panama-cuenta-con-la-infraestructura-y-el-capital-humano-para-albergar-eventos-deportivos-de-talla-internacional-anamae-orillac\/#primaryimage"},"thumbnailUrl":"https:\/\/lobosnews.com.ar\/wp-content\/uploads\/2026\/04\/panama-cuenta-con-la-infraestructura-y-el-capital-humano-para-albergar-eventos-deportivos-de-talla-internacional-anamae-orillac-4.jpg","articleSection":["Actualidad"],"inLanguage":"es","potentialAction":[{"@type":"CommentAction","name":"Comment","target":["https:\/\/lobosnews.com.ar\/index.php\/2026\/04\/27\/panama-cuenta-con-la-infraestructura-y-el-capital-humano-para-albergar-eventos-deportivos-de-talla-internacional-anamae-orillac\/#respond"]}]},{"@type":"WebPage","@id":"https:\/\/lobosnews.com.ar\/index.php\/2026\/04\/27\/panama-cuenta-con-la-infraestructura-y-el-capital-humano-para-albergar-eventos-deportivos-de-talla-internacional-anamae-orillac\/","url":"https:\/\/lobosnews.com.ar\/index.php\/2026\/04\/27\/panama-cuenta-con-la-infraestructura-y-el-capital-humano-para-albergar-eventos-deportivos-de-talla-internacional-anamae-orillac\/","name":"Panam\u00e1 cuenta con la infraestructura y el capital humano para albergar eventos deportivos de talla internacional: Anamae Orillac - Lobos News","isPartOf":{"@id":"https:\/\/lobosnews.com.ar\/#website"},"primaryImageOfPage":{"@id":"https:\/\/lobosnews.com.ar\/index.php\/2026\/04\/27\/panama-cuenta-con-la-infraestructura-y-el-capital-humano-para-albergar-eventos-deportivos-de-talla-internacional-anamae-orillac\/#primaryimage"},"image":{"@id":"https:\/\/lobosnews.com.ar\/index.php\/2026\/04\/27\/panama-cuenta-con-la-infraestructura-y-el-capital-humano-para-albergar-eventos-deportivos-de-talla-internacional-anamae-orillac\/#primaryimage"},"thumbnailUrl":"https:\/\/lobosnews.com.ar\/wp-content\/uploads\/2026\/04\/panama-cuenta-con-la-infraestructura-y-el-capital-humano-para-albergar-eventos-deportivos-de-talla-internacional-anamae-orillac-4.jpg","datePublished":"2026-04-27T02:24:08+00:00","dateModified":"2026-04-27T02:30:53+00:00","breadcrumb":{"@id":"https:\/\/lobosnews.com.ar\/index.php\/2026\/04\/27\/panama-cuenta-con-la-infraestructura-y-el-capital-humano-para-albergar-eventos-deportivos-de-talla-internacional-anamae-orillac\/#breadcrumb"},"inLanguage":"es","potentialAction":[{"@type":"ReadAction","target":["https:\/\/lobosnews.com.ar\/index.php\/2026\/04\/27\/panama-cuenta-con-la-infraestructura-y-el-capital-humano-para-albergar-eventos-deportivos-de-talla-internacional-anamae-orillac\/"]}]},{"@type":"ImageObject","inLanguage":"es","@id":"https:\/\/lobosnews.com.ar\/index.php\/2026\/04\/27\/panama-cuenta-con-la-infraestructura-y-el-capital-humano-para-albergar-eventos-deportivos-de-talla-internacional-anamae-orillac\/#primaryimage","url":"https:\/\/lobosnews.com.ar\/wp-content\/uploads\/2026\/04\/panama-cuenta-con-la-infraestructura-y-el-capital-humano-para-albergar-eventos-deportivos-de-talla-internacional-anamae-orillac-4.jpg","contentUrl":"https:\/\/lobosnews.com.ar\/wp-content\/uploads\/2026\/04\/panama-cuenta-con-la-infraestructura-y-el-capital-humano-para-albergar-eventos-deportivos-de-talla-internacional-anamae-orillac-4.jpg","width":857,"height":482,"caption":"Panam\u00e1 cuenta con la infraestructura y el capital humano para albergar eventos deportivos de talla internacional: Anamae Orillac"},{"@type":"BreadcrumbList","@id":"https:\/\/lobosnews.com.ar\/index.php\/2026\/04\/27\/panama-cuenta-con-la-infraestructura-y-el-capital-humano-para-albergar-eventos-deportivos-de-talla-internacional-anamae-orillac\/#breadcrumb","itemListElement":[{"@type":"ListItem","position":1,"name":"Portada","item":"https:\/\/lobosnews.com.ar\/"},{"@type":"ListItem","position":2,"name":"Panam\u00e1 cuenta con la infraestructura y el capital humano para albergar eventos deportivos de talla internacional: Anamae Orillac"}]},{"@type":"WebSite","@id":"https:\/\/lobosnews.com.ar\/#website","url":"https:\/\/lobosnews.com.ar\/","name":"Lobos News","description":"Informaci\u00f3n a cada instante","publisher":{"@id":"https:\/\/lobosnews.com.ar\/#organization"},"potentialAction":[{"@type":"SearchAction","target":{"@type":"EntryPoint","urlTemplate":"https:\/\/lobosnews.com.ar\/?s={search_term_string}"},"query-input":{"@type":"PropertyValueSpecification","valueRequired":true,"valueName":"search_term_string"}}],"inLanguage":"es"},{"@type":"Organization","@id":"https:\/\/lobosnews.com.ar\/#organization","name":"Lobos News","url":"https:\/\/lobosnews.com.ar\/","logo":{"@type":"ImageObject","inLanguage":"es","@id":"https:\/\/lobosnews.com.ar\/#\/schema\/logo\/image\/","url":"https:\/\/lobosnews.com.ar\/wp-content\/uploads\/2026\/01\/logo-lobosnews.png","contentUrl":"https:\/\/lobosnews.com.ar\/wp-content\/uploads\/2026\/01\/logo-lobosnews.png","width":500,"height":200,"caption":"Lobos News"},"image":{"@id":"https:\/\/lobosnews.com.ar\/#\/schema\/logo\/image\/"}},{"@type":"Person","@id":"https:\/\/lobosnews.com.ar\/#\/schema\/person\/232422a593d5c541dd9aef6aaed10943","name":"admin","image":{"@type":"ImageObject","inLanguage":"es","@id":"https:\/\/lobosnews.com.ar\/#\/schema\/person\/image\/","url":"https:\/\/secure.gravatar.com\/avatar\/76e419471a2083bc3ceab22a763dbbf9b0c1bd15a6214cf3280e2c2dde4580f9?s=96&d=mm&r=g","contentUrl":"https:\/\/secure.gravatar.com\/avatar\/76e419471a2083bc3ceab22a763dbbf9b0c1bd15a6214cf3280e2c2dde4580f9?s=96&d=mm&r=g","caption":"admin"},"sameAs":["https:\/\/lobosnews.com.ar"],"url":"https:\/\/lobosnews.com.ar\/index.php\/author\/lobos-news\/"}]}},"jetpack_featured_media_url":"https:\/\/lobosnews.com.ar\/wp-content\/uploads\/2026\/04\/panama-cuenta-con-la-infraestructura-y-el-capital-humano-para-albergar-eventos-deportivos-de-talla-internacional-anamae-orillac-4.jpg","jetpack_sharing_enabled":true,"_links":{"self":[{"href":"https:\/\/lobosnews.com.ar\/index.php\/wp-json\/wp\/v2\/posts\/45842","targetHints":{"allow":["GET"]}}],"collection":[{"href":"https:\/\/lobosnews.com.ar\/index.php\/wp-json\/wp\/v2\/posts"}],"about":[{"href":"https:\/\/lobosnews.com.ar\/index.php\/wp-json\/wp\/v2\/types\/post"}],"author":[{"embeddable":true,"href":"https:\/\/lobosnews.com.ar\/index.php\/wp-json\/wp\/v2\/users\/1"}],"replies":[{"embeddable":true,"href":"https:\/\/lobosnews.com.ar\/index.php\/wp-json\/wp\/v2\/comments?post=45842"}],"version-history":[{"count":1,"href":"https:\/\/lobosnews.com.ar\/index.php\/wp-json\/wp\/v2\/posts\/45842\/revisions"}],"predecessor-version":[{"id":45846,"href":"https:\/\/lobosnews.com.ar\/index.php\/wp-json\/wp\/v2\/posts\/45842\/revisions\/45846"}],"wp:featuredmedia":[{"embeddable":true,"href":"https:\/\/lobosnews.com.ar\/index.php\/wp-json\/wp\/v2\/media\/45847"}],"wp:attachment":[{"href":"https:\/\/lobosnews.com.ar\/index.php\/wp-json\/wp\/v2\/media?parent=45842"}],"wp:term":[{"taxonomy":"category","embeddable":true,"href":"https:\/\/lobosnews.com.ar\/index.php\/wp-json\/wp\/v2\/categories?post=45842"},{"taxonomy":"post_tag","embeddable":true,"href":"https:\/\/lobosnews.com.ar\/index.php\/wp-json\/wp\/v2\/tags?post=45842"}],"curies":[{"name":"wp","href":"https:\/\/api.w.org\/{rel}","templated":true}]}}