{"id":45815,"date":"2026-04-26T19:19:15","date_gmt":"2026-04-26T19:19:15","guid":{"rendered":"https:\/\/lobosnews.com.ar\/index.php\/2026\/04\/26\/activaron-el-alerta-sofia-por-una-nena-de-4-anos-en-bariloche-se-la-habria-llevado-su-madre-que-tiene-prohibicion-de-acercamiento\/"},"modified":"2026-04-26T20:54:49","modified_gmt":"2026-04-26T20:54:49","slug":"activaron-el-alerta-sofia-por-una-nena-de-4-anos-en-bariloche-se-la-habria-llevado-su-madre-que-tiene-prohibicion-de-acercamiento","status":"publish","type":"post","link":"https:\/\/lobosnews.com.ar\/index.php\/2026\/04\/26\/activaron-el-alerta-sofia-por-una-nena-de-4-anos-en-bariloche-se-la-habria-llevado-su-madre-que-tiene-prohibicion-de-acercamiento\/","title":{"rendered":"Activaron el Alerta Sof\u00eda por una nena de 4 a\u00f1os en Bariloche: se la habr\u00eda llevado su madre, que tiene prohibici\u00f3n de acercamiento"},"content":{"rendered":"<p><img loading=\"lazy\" decoding=\"async\" src=\"https:\/\/lobosnews.com.ar\/wp-content\/uploads\/2026\/04\/activaron-el-alerta-sofia-por-una-nena-de-4-anos-en-bariloche-se-la-habria-llevado-su-madre-que-tiene-prohibicion-de-acercamiento.jpg\" alt=\"Juana Sof\u00eda Alvarado tiene 4 a\u00f1os\" height=\"1080\" width=\"1920\"\/><\/p>\n<p>El Ministerio P\u00fablico Fiscal de R\u00edo Negro pidi\u00f3 la activaci\u00f3n inmediata del <span class=\"waslinkname\"><i><b>Alerta Sof\u00eda<\/b><\/i><\/span> para encontrar a <b>Juana Sof\u00eda Alvarado<\/b>, una ni\u00f1a de 4 a\u00f1os que est\u00e1 desaparecida. <\/p>\n<p>Seg\u00fan informaron, la menor fue vista por \u00faltima vez el s\u00e1bado 25 de abril a las 13, en la ciudad de Bariloche. <\/p>\n<p>La solicitud para dar con su paradero se formaliz\u00f3 tras constatar que estaba junto a su madre, <b>Abigail Jazm\u00edn Alvarado<\/b>, sobre quien recae una <b>prohibici\u00f3n de acercamiento<\/b> a la menor dictada por la Unidad Procesal de Familia N\u00b0 10 de Bariloche.<\/p>\n<p>Se anunci\u00f3 que Juana Sof\u00eda es de contextura delgada, tiene cabello casta\u00f1o claro con rulos, mide entre 70 y 95 cent\u00edmetros y tez clara. La \u00faltima vez que la vieron vest\u00eda una camiseta rayada con varios colores, pantal\u00f3n de jogging negro y zapatillas grises de trekking. Llevaba dos camperas: una de algod\u00f3n gris con lunares amarillos y otra de abrigo marr\u00f3n claro y oscuro.<\/p>\n<p><img loading=\"lazy\" decoding=\"async\" src=\"https:\/\/lobosnews.com.ar\/wp-content\/uploads\/2026\/04\/activaron-el-alerta-sofia-por-una-nena-de-4-anos-en-bariloche-se-la-habria-llevado-su-madre-que-tiene-prohibicion-de-acercamiento-1.jpg\" alt=\"Juana Sof\u00eda lleva m\u00e1s de 24 horas desaparecida \" height=\"1280\" width=\"720\"\/><\/p>\n<p>La madre, Abigail Jazm\u00edn Alvarado, tambi\u00e9n es delgada, tiene el cabello casta\u00f1o oscuro con flequillo y ojos marr\u00f3n claro y mide 1,60 metros. Llevaba un jogging negro, campera de algod\u00f3n negra, campera de abrigo marr\u00f3n claro y zapatillas deportivas celestes. <b>Un dato clave es que posee tatuajes en todo el cuerpo, incluidos cuello y manos<\/b>.<\/p>\n<p>El caso est\u00e1 bajo vigilancia directa del Sistema Federal de Comunicaciones Policiales (SIFCOP) para ampliar la b\u00fasqueda.<\/p>\n<p>La fiscal\u00eda puso a disposici\u00f3n distintos canales para recibir informaci\u00f3n: cualquier persona que haya visto a alguna de las dos puede comunicarse con el 911 o al celular de la fiscal\u00eda de turno de Bariloche 0294 154934681 o acercarse a la comisar\u00eda m\u00e1s cercana.<\/p>\n<p><img loading=\"lazy\" decoding=\"async\" src=\"https:\/\/lobosnews.com.ar\/wp-content\/uploads\/2026\/04\/activaron-el-alerta-sofia-por-una-nena-de-4-anos-en-bariloche-se-la-habria-llevado-su-madre-que-tiene-prohibicion-de-acercamiento.png\" alt=\"El Alerta Sof\u00eda es un sistema de emergencia en Argentina que se activa en casos de menores desaparecidos en alto riesgo \" height=\"2457\" width=\"4368\"\/><\/p>\n<h2>\u00bfQu\u00e9 es el Alerta Sof\u00eda y c\u00f3mo funciona<\/h2>\n<p>El Alerta Sof\u00eda es un sistema de emergencia dise\u00f1ado para la <b>b\u00fasqueda de menores de 18 a\u00f1os desaparecidos en situaciones de extrema urgencia<\/b>, cuando se presume que est\u00e1n en grave peligro.<\/p>\n<p>Se activa exclusivamente en situaciones de m\u00e1xima gravedad, cuando las autoridades determinan que la persona desaparecida corre un riesgo inminente y que su localizaci\u00f3n requiere el apoyo inmediato de la comunidad.<\/p>\n<p>El protocolo se pone en marcha solo si se cumplen ciertos requisitos espec\u00edficos, que incluyen:<\/p>\n<ul>\n<li>La existencia de una denuncia formal y una investigaci\u00f3n en curso.<\/li>\n<li>Que el caso est\u00e9 vinculado a un posible secuestro o desaparici\u00f3n en riesgo inminente.<\/li>\n<li>Contar con informaci\u00f3n precisa y verificable para su difusi\u00f3n.<\/li>\n<li>La solicitud de activaci\u00f3n por parte de un fiscal o juez, quienes eval\u00faan la necesidad de su implementaci\u00f3n.<\/li>\n<\/ul>\n<p>Una vez que se activa, el <b>Ministerio de Seguridad de la Naci\u00f3n<\/b>, en conjunto con el <b>Sistema Federal de B\u00fasqueda de Personas Desaparecidas y Extraviadas<\/b> (SIFEBU), coordina la difusi\u00f3n de la informaci\u00f3n del menor desaparecido a trav\u00e9s de m\u00faltiples canales:<\/p>\n<ul>\n<li>Dispositivos m\u00f3viles: mensajes de alerta a tel\u00e9fonos celulares en un \u00e1rea geogr\u00e1fica determinada.<\/li>\n<li>Medios de comunicaci\u00f3n masiva: anuncios en radio y televisi\u00f3n.<\/li>\n<li>Correo electr\u00f3nico: env\u00edo masivo a organismos gubernamentales y ONGs especializadas.<\/li>\n<li>Redes sociales: Facebook, en colaboraci\u00f3n con el Centro Internacional para Ni\u00f1os Desaparecidos y Explotados (ICMEC), muestra la alerta en los muros de los usuarios ubicados en la zona donde ocurri\u00f3 la desaparici\u00f3n.<\/li>\n<\/ul>\n<p><img loading=\"lazy\" decoding=\"async\" src=\"https:\/\/lobosnews.com.ar\/wp-content\/uploads\/2026\/04\/activaron-el-alerta-sofia-por-una-nena-de-4-anos-en-bariloche-se-la-habria-llevado-su-madre-que-tiene-prohibicion-de-acercamiento-2.jpg\" alt=\"El sistema fue bautizado como Alerta Sof\u00eda en homenaje a Sof\u00eda Herrera, quien desapareci\u00f3 el 28 de septiembre de 2008 en un camping de R\u00edo Grande, Tierra del Fuego\" height=\"1584\" width=\"2816\"\/><\/p>\n<p>Este sistema es utilizado de manera selectiva, ya que su efectividad depende de la excepcionalidad de los casos. Las estad\u00edsticas indican que en Argentina se reportan alrededor de 7.000 desapariciones de menores al a\u00f1o, de las cuales el 60% son resueltas en las primeras 72 horas.<\/p>\n<p>Sin embargo, los casos que involucran delitos representan menos del 1% del total. Por ello, el Alerta Sof\u00eda solo se activa entre dos y tres veces al a\u00f1o.<\/p>\n<p>El objetivo del protocolo es generar un impacto inmediato, movilizando tanto a la comunidad como a las fuerzas de seguridad para que la b\u00fasqueda se realice en el menor tiempo posible.<\/p>\n","protected":false},"excerpt":{"rendered":"<p>El Ministerio P\u00fablico Fiscal de R\u00edo Negro pidi\u00f3 la activaci\u00f3n inmediata del Alerta Sof\u00eda para encontrar a Juana Sof\u00eda Alvarado, una ni\u00f1a de 4 a\u00f1os que est\u00e1 desaparecida. Seg\u00fan informaron, la menor fue vista por \u00faltima vez el s\u00e1bado 25 de abril a las 13, en la ciudad de Bariloche. La solicitud para dar con&#8230;<\/p>\n","protected":false},"author":1,"featured_media":45821,"comment_status":"open","ping_status":"closed","sticky":false,"template":"","format":"standard","meta":{"_jetpack_memberships_contains_paid_content":false,"footnotes":""},"categories":[31,30,32,77,84,35,36,37],"tags":[],"class_list":["post-45815","post","type-post","status-publish","format-standard","has-post-thumbnail","hentry","category-actualidad","category-argentina","category-economia","category-inseguridad","category-masradios-com","category-nacionales","category-seguridad","category-sociedad"],"magazineBlocksPostFeaturedMedia":{"thumbnail":"https:\/\/lobosnews.com.ar\/wp-content\/uploads\/2026\/04\/activaron-el-alerta-sofia-por-una-nena-de-4-anos-en-bariloche-se-la-habria-llevado-su-madre-que-tiene-prohibicion-de-acercamiento-4-150x150.jpg","medium":"https:\/\/lobosnews.com.ar\/wp-content\/uploads\/2026\/04\/activaron-el-alerta-sofia-por-una-nena-de-4-anos-en-bariloche-se-la-habria-llevado-su-madre-que-tiene-prohibicion-de-acercamiento-4-300x169.jpg","medium_large":"https:\/\/lobosnews.com.ar\/wp-content\/uploads\/2026\/04\/activaron-el-alerta-sofia-por-una-nena-de-4-anos-en-bariloche-se-la-habria-llevado-su-madre-que-tiene-prohibicion-de-acercamiento-4-768x432.jpg","large":"https:\/\/lobosnews.com.ar\/wp-content\/uploads\/2026\/04\/activaron-el-alerta-sofia-por-una-nena-de-4-anos-en-bariloche-se-la-habria-llevado-su-madre-que-tiene-prohibicion-de-acercamiento-4-1024x576.jpg","1536x1536":"https:\/\/lobosnews.com.ar\/wp-content\/uploads\/2026\/04\/activaron-el-alerta-sofia-por-una-nena-de-4-anos-en-bariloche-se-la-habria-llevado-su-madre-que-tiene-prohibicion-de-acercamiento-4-1536x864.jpg","2048x2048":"https:\/\/lobosnews.com.ar\/wp-content\/uploads\/2026\/04\/activaron-el-alerta-sofia-por-una-nena-de-4-anos-en-bariloche-se-la-habria-llevado-su-madre-que-tiene-prohibicion-de-acercamiento-4-2048x1152.jpg","newsmatic-featured":"https:\/\/lobosnews.com.ar\/wp-content\/uploads\/2026\/04\/activaron-el-alerta-sofia-por-una-nena-de-4-anos-en-bariloche-se-la-habria-llevado-su-madre-que-tiene-prohibicion-de-acercamiento-4-820x545.jpg","newsmatic-list":"https:\/\/lobosnews.com.ar\/wp-content\/uploads\/2026\/04\/activaron-el-alerta-sofia-por-una-nena-de-4-anos-en-bariloche-se-la-habria-llevado-su-madre-que-tiene-prohibicion-de-acercamiento-4-600x400.jpg","newsmatic-thumb":"https:\/\/lobosnews.com.ar\/wp-content\/uploads\/2026\/04\/activaron-el-alerta-sofia-por-una-nena-de-4-anos-en-bariloche-se-la-habria-llevado-su-madre-que-tiene-prohibicion-de-acercamiento-4-300x200.jpg","newsmatic-small":"https:\/\/lobosnews.com.ar\/wp-content\/uploads\/2026\/04\/activaron-el-alerta-sofia-por-una-nena-de-4-anos-en-bariloche-se-la-habria-llevado-su-madre-que-tiene-prohibicion-de-acercamiento-4-150x95.jpg","newsmatic-grid":"https:\/\/lobosnews.com.ar\/wp-content\/uploads\/2026\/04\/activaron-el-alerta-sofia-por-una-nena-de-4-anos-en-bariloche-se-la-habria-llevado-su-madre-que-tiene-prohibicion-de-acercamiento-4-400x250.jpg"},"magazineBlocksPostAuthor":{"name":"admin","avatar":"https:\/\/secure.gravatar.com\/avatar\/76e419471a2083bc3ceab22a763dbbf9b0c1bd15a6214cf3280e2c2dde4580f9?s=96&d=mm&r=g"},"magazineBlocksPostCommentsNumber":"0","magazineBlocksPostExcerpt":"El Ministerio P\u00fablico Fiscal de R\u00edo Negro pidi\u00f3 la activaci\u00f3n inmediata del Alerta Sof\u00eda para encontrar a Juana Sof\u00eda Alvarado, una ni\u00f1a de 4 a\u00f1os que est\u00e1 desaparecida. Seg\u00fan informaron, la menor fue vista por \u00faltima vez el s\u00e1bado 25 de abril a las 13, en la ciudad de Bariloche. La solicitud para dar con...","magazineBlocksPostCategories":["Actualidad","Argentina","econom\u00eda","inseguridad","masradios.com","nacionales","seguridad","sociedad"],"magazineBlocksPostViewCount":1,"magazineBlocksPostReadTime":4,"magazine_blocks_featured_image_url":{"full":["https:\/\/lobosnews.com.ar\/wp-content\/uploads\/2026\/04\/activaron-el-alerta-sofia-por-una-nena-de-4-anos-en-bariloche-se-la-habria-llevado-su-madre-que-tiene-prohibicion-de-acercamiento-4-scaled.jpg",2560,1440,false],"medium":["https:\/\/lobosnews.com.ar\/wp-content\/uploads\/2026\/04\/activaron-el-alerta-sofia-por-una-nena-de-4-anos-en-bariloche-se-la-habria-llevado-su-madre-que-tiene-prohibicion-de-acercamiento-4-300x169.jpg",300,169,true],"thumbnail":["https:\/\/lobosnews.com.ar\/wp-content\/uploads\/2026\/04\/activaron-el-alerta-sofia-por-una-nena-de-4-anos-en-bariloche-se-la-habria-llevado-su-madre-que-tiene-prohibicion-de-acercamiento-4-150x150.jpg",150,150,true]},"magazine_blocks_author":{"display_name":"admin","author_link":"https:\/\/lobosnews.com.ar\/index.php\/author\/lobos-news\/"},"magazine_blocks_comment":0,"magazine_blocks_author_image":"https:\/\/secure.gravatar.com\/avatar\/76e419471a2083bc3ceab22a763dbbf9b0c1bd15a6214cf3280e2c2dde4580f9?s=96&d=mm&r=g","magazine_blocks_category":"<a href=\"#\" class=\"category-link category-link-31\">Actualidad<\/a> <a href=\"#\" class=\"category-link category-link-30\">Argentina<\/a> <a href=\"#\" class=\"category-link category-link-32\">econom\u00eda<\/a> <a href=\"#\" class=\"category-link category-link-77\">inseguridad<\/a> <a href=\"#\" class=\"category-link category-link-84\">masradios.com<\/a> <a href=\"#\" class=\"category-link category-link-35\">nacionales<\/a> <a href=\"#\" class=\"category-link category-link-36\">seguridad<\/a> <a href=\"#\" class=\"category-link category-link-37\">sociedad<\/a>","yoast_head":"<!-- This site is optimized with the Yoast SEO plugin v26.6 - https:\/\/yoast.com\/wordpress\/plugins\/seo\/ -->\n<title>Activaron el Alerta Sof\u00eda por una nena de 4 a\u00f1os en Bariloche: se la habr\u00eda llevado su madre, que tiene prohibici\u00f3n de acercamiento - Lobos News<\/title>\n<meta name=\"robots\" content=\"index, follow, max-snippet:-1, max-image-preview:large, max-video-preview:-1\" \/>\n<link rel=\"canonical\" href=\"https:\/\/lobosnews.com.ar\/index.php\/2026\/04\/26\/activaron-el-alerta-sofia-por-una-nena-de-4-anos-en-bariloche-se-la-habria-llevado-su-madre-que-tiene-prohibicion-de-acercamiento\/\" \/>\n<meta property=\"og:locale\" content=\"es_ES\" \/>\n<meta property=\"og:type\" content=\"article\" \/>\n<meta property=\"og:title\" content=\"Activaron el Alerta Sof\u00eda por una nena de 4 a\u00f1os en Bariloche: se la habr\u00eda llevado su madre, que tiene prohibici\u00f3n de acercamiento - Lobos News\" \/>\n<meta property=\"og:description\" content=\"El Ministerio P\u00fablico Fiscal de R\u00edo Negro pidi\u00f3 la activaci\u00f3n inmediata del Alerta Sof\u00eda para encontrar a Juana Sof\u00eda Alvarado, una ni\u00f1a de 4 a\u00f1os que est\u00e1 desaparecida. Seg\u00fan informaron, la menor fue vista por \u00faltima vez el s\u00e1bado 25 de abril a las 13, en la ciudad de Bariloche. La solicitud para dar con...\" \/>\n<meta property=\"og:url\" content=\"https:\/\/lobosnews.com.ar\/index.php\/2026\/04\/26\/activaron-el-alerta-sofia-por-una-nena-de-4-anos-en-bariloche-se-la-habria-llevado-su-madre-que-tiene-prohibicion-de-acercamiento\/\" \/>\n<meta property=\"og:site_name\" content=\"Lobos News\" \/>\n<meta property=\"article:published_time\" content=\"2026-04-26T19:19:15+00:00\" \/>\n<meta property=\"article:modified_time\" content=\"2026-04-26T20:54:49+00:00\" \/>\n<meta property=\"og:image\" content=\"https:\/\/lobosnews.com.ar\/wp-content\/uploads\/2026\/04\/activaron-el-alerta-sofia-por-una-nena-de-4-anos-en-bariloche-se-la-habria-llevado-su-madre-que-tiene-prohibicion-de-acercamiento.jpg\" \/>\n<meta name=\"author\" content=\"admin\" \/>\n<meta name=\"twitter:card\" content=\"summary_large_image\" \/>\n<meta name=\"twitter:label1\" content=\"Escrito por\" \/>\n\t<meta name=\"twitter:data1\" content=\"admin\" \/>\n\t<meta name=\"twitter:label2\" content=\"Tiempo de lectura\" \/>\n\t<meta name=\"twitter:data2\" content=\"3 minutos\" \/>\n<script type=\"application\/ld+json\" class=\"yoast-schema-graph\">{\"@context\":\"https:\/\/schema.org\",\"@graph\":[{\"@type\":\"Article\",\"@id\":\"https:\/\/lobosnews.com.ar\/index.php\/2026\/04\/26\/activaron-el-alerta-sofia-por-una-nena-de-4-anos-en-bariloche-se-la-habria-llevado-su-madre-que-tiene-prohibicion-de-acercamiento\/#article\",\"isPartOf\":{\"@id\":\"https:\/\/lobosnews.com.ar\/index.php\/2026\/04\/26\/activaron-el-alerta-sofia-por-una-nena-de-4-anos-en-bariloche-se-la-habria-llevado-su-madre-que-tiene-prohibicion-de-acercamiento\/\"},\"author\":{\"name\":\"admin\",\"@id\":\"https:\/\/lobosnews.com.ar\/#\/schema\/person\/232422a593d5c541dd9aef6aaed10943\"},\"headline\":\"Activaron el Alerta Sof\u00eda por una nena de 4 a\u00f1os en Bariloche: se la habr\u00eda llevado su madre, que tiene prohibici\u00f3n de acercamiento\",\"datePublished\":\"2026-04-26T19:19:15+00:00\",\"dateModified\":\"2026-04-26T20:54:49+00:00\",\"mainEntityOfPage\":{\"@id\":\"https:\/\/lobosnews.com.ar\/index.php\/2026\/04\/26\/activaron-el-alerta-sofia-por-una-nena-de-4-anos-en-bariloche-se-la-habria-llevado-su-madre-que-tiene-prohibicion-de-acercamiento\/\"},\"wordCount\":697,\"commentCount\":0,\"publisher\":{\"@id\":\"https:\/\/lobosnews.com.ar\/#organization\"},\"image\":{\"@id\":\"https:\/\/lobosnews.com.ar\/index.php\/2026\/04\/26\/activaron-el-alerta-sofia-por-una-nena-de-4-anos-en-bariloche-se-la-habria-llevado-su-madre-que-tiene-prohibicion-de-acercamiento\/#primaryimage\"},\"thumbnailUrl\":\"https:\/\/lobosnews.com.ar\/wp-content\/uploads\/2026\/04\/activaron-el-alerta-sofia-por-una-nena-de-4-anos-en-bariloche-se-la-habria-llevado-su-madre-que-tiene-prohibicion-de-acercamiento-4-scaled.jpg\",\"articleSection\":[\"Actualidad\",\"Argentina\",\"econom\u00eda\",\"inseguridad\",\"masradios.com\",\"nacionales\",\"seguridad\",\"sociedad\"],\"inLanguage\":\"es\",\"potentialAction\":[{\"@type\":\"CommentAction\",\"name\":\"Comment\",\"target\":[\"https:\/\/lobosnews.com.ar\/index.php\/2026\/04\/26\/activaron-el-alerta-sofia-por-una-nena-de-4-anos-en-bariloche-se-la-habria-llevado-su-madre-que-tiene-prohibicion-de-acercamiento\/#respond\"]}]},{\"@type\":\"WebPage\",\"@id\":\"https:\/\/lobosnews.com.ar\/index.php\/2026\/04\/26\/activaron-el-alerta-sofia-por-una-nena-de-4-anos-en-bariloche-se-la-habria-llevado-su-madre-que-tiene-prohibicion-de-acercamiento\/\",\"url\":\"https:\/\/lobosnews.com.ar\/index.php\/2026\/04\/26\/activaron-el-alerta-sofia-por-una-nena-de-4-anos-en-bariloche-se-la-habria-llevado-su-madre-que-tiene-prohibicion-de-acercamiento\/\",\"name\":\"Activaron el Alerta Sof\u00eda por una nena de 4 a\u00f1os en Bariloche: se la habr\u00eda llevado su madre, que tiene prohibici\u00f3n de acercamiento - Lobos News\",\"isPartOf\":{\"@id\":\"https:\/\/lobosnews.com.ar\/#website\"},\"primaryImageOfPage\":{\"@id\":\"https:\/\/lobosnews.com.ar\/index.php\/2026\/04\/26\/activaron-el-alerta-sofia-por-una-nena-de-4-anos-en-bariloche-se-la-habria-llevado-su-madre-que-tiene-prohibicion-de-acercamiento\/#primaryimage\"},\"image\":{\"@id\":\"https:\/\/lobosnews.com.ar\/index.php\/2026\/04\/26\/activaron-el-alerta-sofia-por-una-nena-de-4-anos-en-bariloche-se-la-habria-llevado-su-madre-que-tiene-prohibicion-de-acercamiento\/#primaryimage\"},\"thumbnailUrl\":\"https:\/\/lobosnews.com.ar\/wp-content\/uploads\/2026\/04\/activaron-el-alerta-sofia-por-una-nena-de-4-anos-en-bariloche-se-la-habria-llevado-su-madre-que-tiene-prohibicion-de-acercamiento-4-scaled.jpg\",\"datePublished\":\"2026-04-26T19:19:15+00:00\",\"dateModified\":\"2026-04-26T20:54:49+00:00\",\"breadcrumb\":{\"@id\":\"https:\/\/lobosnews.com.ar\/index.php\/2026\/04\/26\/activaron-el-alerta-sofia-por-una-nena-de-4-anos-en-bariloche-se-la-habria-llevado-su-madre-que-tiene-prohibicion-de-acercamiento\/#breadcrumb\"},\"inLanguage\":\"es\",\"potentialAction\":[{\"@type\":\"ReadAction\",\"target\":[\"https:\/\/lobosnews.com.ar\/index.php\/2026\/04\/26\/activaron-el-alerta-sofia-por-una-nena-de-4-anos-en-bariloche-se-la-habria-llevado-su-madre-que-tiene-prohibicion-de-acercamiento\/\"]}]},{\"@type\":\"ImageObject\",\"inLanguage\":\"es\",\"@id\":\"https:\/\/lobosnews.com.ar\/index.php\/2026\/04\/26\/activaron-el-alerta-sofia-por-una-nena-de-4-anos-en-bariloche-se-la-habria-llevado-su-madre-que-tiene-prohibicion-de-acercamiento\/#primaryimage\",\"url\":\"https:\/\/lobosnews.com.ar\/wp-content\/uploads\/2026\/04\/activaron-el-alerta-sofia-por-una-nena-de-4-anos-en-bariloche-se-la-habria-llevado-su-madre-que-tiene-prohibicion-de-acercamiento-4-scaled.jpg\",\"contentUrl\":\"https:\/\/lobosnews.com.ar\/wp-content\/uploads\/2026\/04\/activaron-el-alerta-sofia-por-una-nena-de-4-anos-en-bariloche-se-la-habria-llevado-su-madre-que-tiene-prohibicion-de-acercamiento-4-scaled.jpg\",\"width\":2560,\"height\":1440,\"caption\":\"Activaron el Alerta Sof\u00eda por una nena de 4 a\u00f1os en Bariloche: se la habr\u00eda llevado su madre, que tiene prohibici\u00f3n de acercamiento\"},{\"@type\":\"BreadcrumbList\",\"@id\":\"https:\/\/lobosnews.com.ar\/index.php\/2026\/04\/26\/activaron-el-alerta-sofia-por-una-nena-de-4-anos-en-bariloche-se-la-habria-llevado-su-madre-que-tiene-prohibicion-de-acercamiento\/#breadcrumb\",\"itemListElement\":[{\"@type\":\"ListItem\",\"position\":1,\"name\":\"Portada\",\"item\":\"https:\/\/lobosnews.com.ar\/\"},{\"@type\":\"ListItem\",\"position\":2,\"name\":\"Activaron el Alerta Sof\u00eda por una nena de 4 a\u00f1os en Bariloche: se la habr\u00eda llevado su madre, que tiene prohibici\u00f3n de acercamiento\"}]},{\"@type\":\"WebSite\",\"@id\":\"https:\/\/lobosnews.com.ar\/#website\",\"url\":\"https:\/\/lobosnews.com.ar\/\",\"name\":\"Lobos News\",\"description\":\"Informaci\u00f3n a cada instante\",\"publisher\":{\"@id\":\"https:\/\/lobosnews.com.ar\/#organization\"},\"potentialAction\":[{\"@type\":\"SearchAction\",\"target\":{\"@type\":\"EntryPoint\",\"urlTemplate\":\"https:\/\/lobosnews.com.ar\/?s={search_term_string}\"},\"query-input\":{\"@type\":\"PropertyValueSpecification\",\"valueRequired\":true,\"valueName\":\"search_term_string\"}}],\"inLanguage\":\"es\"},{\"@type\":\"Organization\",\"@id\":\"https:\/\/lobosnews.com.ar\/#organization\",\"name\":\"Lobos News\",\"url\":\"https:\/\/lobosnews.com.ar\/\",\"logo\":{\"@type\":\"ImageObject\",\"inLanguage\":\"es\",\"@id\":\"https:\/\/lobosnews.com.ar\/#\/schema\/logo\/image\/\",\"url\":\"https:\/\/lobosnews.com.ar\/wp-content\/uploads\/2026\/01\/logo-lobosnews.png\",\"contentUrl\":\"https:\/\/lobosnews.com.ar\/wp-content\/uploads\/2026\/01\/logo-lobosnews.png\",\"width\":500,\"height\":200,\"caption\":\"Lobos News\"},\"image\":{\"@id\":\"https:\/\/lobosnews.com.ar\/#\/schema\/logo\/image\/\"}},{\"@type\":\"Person\",\"@id\":\"https:\/\/lobosnews.com.ar\/#\/schema\/person\/232422a593d5c541dd9aef6aaed10943\",\"name\":\"admin\",\"image\":{\"@type\":\"ImageObject\",\"inLanguage\":\"es\",\"@id\":\"https:\/\/lobosnews.com.ar\/#\/schema\/person\/image\/\",\"url\":\"https:\/\/secure.gravatar.com\/avatar\/76e419471a2083bc3ceab22a763dbbf9b0c1bd15a6214cf3280e2c2dde4580f9?s=96&d=mm&r=g\",\"contentUrl\":\"https:\/\/secure.gravatar.com\/avatar\/76e419471a2083bc3ceab22a763dbbf9b0c1bd15a6214cf3280e2c2dde4580f9?s=96&d=mm&r=g\",\"caption\":\"admin\"},\"sameAs\":[\"https:\/\/lobosnews.com.ar\"],\"url\":\"https:\/\/lobosnews.com.ar\/index.php\/author\/lobos-news\/\"}]}<\/script>\n<!-- \/ Yoast SEO plugin. -->","yoast_head_json":{"title":"Activaron el Alerta Sof\u00eda por una nena de 4 a\u00f1os en Bariloche: se la habr\u00eda llevado su madre, que tiene prohibici\u00f3n de acercamiento - Lobos News","robots":{"index":"index","follow":"follow","max-snippet":"max-snippet:-1","max-image-preview":"max-image-preview:large","max-video-preview":"max-video-preview:-1"},"canonical":"https:\/\/lobosnews.com.ar\/index.php\/2026\/04\/26\/activaron-el-alerta-sofia-por-una-nena-de-4-anos-en-bariloche-se-la-habria-llevado-su-madre-que-tiene-prohibicion-de-acercamiento\/","og_locale":"es_ES","og_type":"article","og_title":"Activaron el Alerta Sof\u00eda por una nena de 4 a\u00f1os en Bariloche: se la habr\u00eda llevado su madre, que tiene prohibici\u00f3n de acercamiento - Lobos News","og_description":"El Ministerio P\u00fablico Fiscal de R\u00edo Negro pidi\u00f3 la activaci\u00f3n inmediata del Alerta Sof\u00eda para encontrar a Juana Sof\u00eda Alvarado, una ni\u00f1a de 4 a\u00f1os que est\u00e1 desaparecida. Seg\u00fan informaron, la menor fue vista por \u00faltima vez el s\u00e1bado 25 de abril a las 13, en la ciudad de Bariloche. La solicitud para dar con...","og_url":"https:\/\/lobosnews.com.ar\/index.php\/2026\/04\/26\/activaron-el-alerta-sofia-por-una-nena-de-4-anos-en-bariloche-se-la-habria-llevado-su-madre-que-tiene-prohibicion-de-acercamiento\/","og_site_name":"Lobos News","article_published_time":"2026-04-26T19:19:15+00:00","article_modified_time":"2026-04-26T20:54:49+00:00","og_image":[{"url":"https:\/\/lobosnews.com.ar\/wp-content\/uploads\/2026\/04\/activaron-el-alerta-sofia-por-una-nena-de-4-anos-en-bariloche-se-la-habria-llevado-su-madre-que-tiene-prohibicion-de-acercamiento.jpg","type":"","width":"","height":""}],"author":"admin","twitter_card":"summary_large_image","twitter_misc":{"Escrito por":"admin","Tiempo de lectura":"3 minutos"},"schema":{"@context":"https:\/\/schema.org","@graph":[{"@type":"Article","@id":"https:\/\/lobosnews.com.ar\/index.php\/2026\/04\/26\/activaron-el-alerta-sofia-por-una-nena-de-4-anos-en-bariloche-se-la-habria-llevado-su-madre-que-tiene-prohibicion-de-acercamiento\/#article","isPartOf":{"@id":"https:\/\/lobosnews.com.ar\/index.php\/2026\/04\/26\/activaron-el-alerta-sofia-por-una-nena-de-4-anos-en-bariloche-se-la-habria-llevado-su-madre-que-tiene-prohibicion-de-acercamiento\/"},"author":{"name":"admin","@id":"https:\/\/lobosnews.com.ar\/#\/schema\/person\/232422a593d5c541dd9aef6aaed10943"},"headline":"Activaron el Alerta Sof\u00eda por una nena de 4 a\u00f1os en Bariloche: se la habr\u00eda llevado su madre, que tiene prohibici\u00f3n de acercamiento","datePublished":"2026-04-26T19:19:15+00:00","dateModified":"2026-04-26T20:54:49+00:00","mainEntityOfPage":{"@id":"https:\/\/lobosnews.com.ar\/index.php\/2026\/04\/26\/activaron-el-alerta-sofia-por-una-nena-de-4-anos-en-bariloche-se-la-habria-llevado-su-madre-que-tiene-prohibicion-de-acercamiento\/"},"wordCount":697,"commentCount":0,"publisher":{"@id":"https:\/\/lobosnews.com.ar\/#organization"},"image":{"@id":"https:\/\/lobosnews.com.ar\/index.php\/2026\/04\/26\/activaron-el-alerta-sofia-por-una-nena-de-4-anos-en-bariloche-se-la-habria-llevado-su-madre-que-tiene-prohibicion-de-acercamiento\/#primaryimage"},"thumbnailUrl":"https:\/\/lobosnews.com.ar\/wp-content\/uploads\/2026\/04\/activaron-el-alerta-sofia-por-una-nena-de-4-anos-en-bariloche-se-la-habria-llevado-su-madre-que-tiene-prohibicion-de-acercamiento-4-scaled.jpg","articleSection":["Actualidad","Argentina","econom\u00eda","inseguridad","masradios.com","nacionales","seguridad","sociedad"],"inLanguage":"es","potentialAction":[{"@type":"CommentAction","name":"Comment","target":["https:\/\/lobosnews.com.ar\/index.php\/2026\/04\/26\/activaron-el-alerta-sofia-por-una-nena-de-4-anos-en-bariloche-se-la-habria-llevado-su-madre-que-tiene-prohibicion-de-acercamiento\/#respond"]}]},{"@type":"WebPage","@id":"https:\/\/lobosnews.com.ar\/index.php\/2026\/04\/26\/activaron-el-alerta-sofia-por-una-nena-de-4-anos-en-bariloche-se-la-habria-llevado-su-madre-que-tiene-prohibicion-de-acercamiento\/","url":"https:\/\/lobosnews.com.ar\/index.php\/2026\/04\/26\/activaron-el-alerta-sofia-por-una-nena-de-4-anos-en-bariloche-se-la-habria-llevado-su-madre-que-tiene-prohibicion-de-acercamiento\/","name":"Activaron el Alerta Sof\u00eda por una nena de 4 a\u00f1os en Bariloche: se la habr\u00eda llevado su madre, que tiene prohibici\u00f3n de acercamiento - Lobos News","isPartOf":{"@id":"https:\/\/lobosnews.com.ar\/#website"},"primaryImageOfPage":{"@id":"https:\/\/lobosnews.com.ar\/index.php\/2026\/04\/26\/activaron-el-alerta-sofia-por-una-nena-de-4-anos-en-bariloche-se-la-habria-llevado-su-madre-que-tiene-prohibicion-de-acercamiento\/#primaryimage"},"image":{"@id":"https:\/\/lobosnews.com.ar\/index.php\/2026\/04\/26\/activaron-el-alerta-sofia-por-una-nena-de-4-anos-en-bariloche-se-la-habria-llevado-su-madre-que-tiene-prohibicion-de-acercamiento\/#primaryimage"},"thumbnailUrl":"https:\/\/lobosnews.com.ar\/wp-content\/uploads\/2026\/04\/activaron-el-alerta-sofia-por-una-nena-de-4-anos-en-bariloche-se-la-habria-llevado-su-madre-que-tiene-prohibicion-de-acercamiento-4-scaled.jpg","datePublished":"2026-04-26T19:19:15+00:00","dateModified":"2026-04-26T20:54:49+00:00","breadcrumb":{"@id":"https:\/\/lobosnews.com.ar\/index.php\/2026\/04\/26\/activaron-el-alerta-sofia-por-una-nena-de-4-anos-en-bariloche-se-la-habria-llevado-su-madre-que-tiene-prohibicion-de-acercamiento\/#breadcrumb"},"inLanguage":"es","potentialAction":[{"@type":"ReadAction","target":["https:\/\/lobosnews.com.ar\/index.php\/2026\/04\/26\/activaron-el-alerta-sofia-por-una-nena-de-4-anos-en-bariloche-se-la-habria-llevado-su-madre-que-tiene-prohibicion-de-acercamiento\/"]}]},{"@type":"ImageObject","inLanguage":"es","@id":"https:\/\/lobosnews.com.ar\/index.php\/2026\/04\/26\/activaron-el-alerta-sofia-por-una-nena-de-4-anos-en-bariloche-se-la-habria-llevado-su-madre-que-tiene-prohibicion-de-acercamiento\/#primaryimage","url":"https:\/\/lobosnews.com.ar\/wp-content\/uploads\/2026\/04\/activaron-el-alerta-sofia-por-una-nena-de-4-anos-en-bariloche-se-la-habria-llevado-su-madre-que-tiene-prohibicion-de-acercamiento-4-scaled.jpg","contentUrl":"https:\/\/lobosnews.com.ar\/wp-content\/uploads\/2026\/04\/activaron-el-alerta-sofia-por-una-nena-de-4-anos-en-bariloche-se-la-habria-llevado-su-madre-que-tiene-prohibicion-de-acercamiento-4-scaled.jpg","width":2560,"height":1440,"caption":"Activaron el Alerta Sof\u00eda por una nena de 4 a\u00f1os en Bariloche: se la habr\u00eda llevado su madre, que tiene prohibici\u00f3n de acercamiento"},{"@type":"BreadcrumbList","@id":"https:\/\/lobosnews.com.ar\/index.php\/2026\/04\/26\/activaron-el-alerta-sofia-por-una-nena-de-4-anos-en-bariloche-se-la-habria-llevado-su-madre-que-tiene-prohibicion-de-acercamiento\/#breadcrumb","itemListElement":[{"@type":"ListItem","position":1,"name":"Portada","item":"https:\/\/lobosnews.com.ar\/"},{"@type":"ListItem","position":2,"name":"Activaron el Alerta Sof\u00eda por una nena de 4 a\u00f1os en Bariloche: se la habr\u00eda llevado su madre, que tiene prohibici\u00f3n de acercamiento"}]},{"@type":"WebSite","@id":"https:\/\/lobosnews.com.ar\/#website","url":"https:\/\/lobosnews.com.ar\/","name":"Lobos News","description":"Informaci\u00f3n a cada instante","publisher":{"@id":"https:\/\/lobosnews.com.ar\/#organization"},"potentialAction":[{"@type":"SearchAction","target":{"@type":"EntryPoint","urlTemplate":"https:\/\/lobosnews.com.ar\/?s={search_term_string}"},"query-input":{"@type":"PropertyValueSpecification","valueRequired":true,"valueName":"search_term_string"}}],"inLanguage":"es"},{"@type":"Organization","@id":"https:\/\/lobosnews.com.ar\/#organization","name":"Lobos News","url":"https:\/\/lobosnews.com.ar\/","logo":{"@type":"ImageObject","inLanguage":"es","@id":"https:\/\/lobosnews.com.ar\/#\/schema\/logo\/image\/","url":"https:\/\/lobosnews.com.ar\/wp-content\/uploads\/2026\/01\/logo-lobosnews.png","contentUrl":"https:\/\/lobosnews.com.ar\/wp-content\/uploads\/2026\/01\/logo-lobosnews.png","width":500,"height":200,"caption":"Lobos News"},"image":{"@id":"https:\/\/lobosnews.com.ar\/#\/schema\/logo\/image\/"}},{"@type":"Person","@id":"https:\/\/lobosnews.com.ar\/#\/schema\/person\/232422a593d5c541dd9aef6aaed10943","name":"admin","image":{"@type":"ImageObject","inLanguage":"es","@id":"https:\/\/lobosnews.com.ar\/#\/schema\/person\/image\/","url":"https:\/\/secure.gravatar.com\/avatar\/76e419471a2083bc3ceab22a763dbbf9b0c1bd15a6214cf3280e2c2dde4580f9?s=96&d=mm&r=g","contentUrl":"https:\/\/secure.gravatar.com\/avatar\/76e419471a2083bc3ceab22a763dbbf9b0c1bd15a6214cf3280e2c2dde4580f9?s=96&d=mm&r=g","caption":"admin"},"sameAs":["https:\/\/lobosnews.com.ar"],"url":"https:\/\/lobosnews.com.ar\/index.php\/author\/lobos-news\/"}]}},"jetpack_featured_media_url":"https:\/\/lobosnews.com.ar\/wp-content\/uploads\/2026\/04\/activaron-el-alerta-sofia-por-una-nena-de-4-anos-en-bariloche-se-la-habria-llevado-su-madre-que-tiene-prohibicion-de-acercamiento-4-scaled.jpg","jetpack_sharing_enabled":true,"_links":{"self":[{"href":"https:\/\/lobosnews.com.ar\/index.php\/wp-json\/wp\/v2\/posts\/45815","targetHints":{"allow":["GET"]}}],"collection":[{"href":"https:\/\/lobosnews.com.ar\/index.php\/wp-json\/wp\/v2\/posts"}],"about":[{"href":"https:\/\/lobosnews.com.ar\/index.php\/wp-json\/wp\/v2\/types\/post"}],"author":[{"embeddable":true,"href":"https:\/\/lobosnews.com.ar\/index.php\/wp-json\/wp\/v2\/users\/1"}],"replies":[{"embeddable":true,"href":"https:\/\/lobosnews.com.ar\/index.php\/wp-json\/wp\/v2\/comments?post=45815"}],"version-history":[{"count":1,"href":"https:\/\/lobosnews.com.ar\/index.php\/wp-json\/wp\/v2\/posts\/45815\/revisions"}],"predecessor-version":[{"id":45820,"href":"https:\/\/lobosnews.com.ar\/index.php\/wp-json\/wp\/v2\/posts\/45815\/revisions\/45820"}],"wp:featuredmedia":[{"embeddable":true,"href":"https:\/\/lobosnews.com.ar\/index.php\/wp-json\/wp\/v2\/media\/45821"}],"wp:attachment":[{"href":"https:\/\/lobosnews.com.ar\/index.php\/wp-json\/wp\/v2\/media?parent=45815"}],"wp:term":[{"taxonomy":"category","embeddable":true,"href":"https:\/\/lobosnews.com.ar\/index.php\/wp-json\/wp\/v2\/categories?post=45815"},{"taxonomy":"post_tag","embeddable":true,"href":"https:\/\/lobosnews.com.ar\/index.php\/wp-json\/wp\/v2\/tags?post=45815"}],"curies":[{"name":"wp","href":"https:\/\/api.w.org\/{rel}","templated":true}]}}