{"id":45779,"date":"2026-04-26T20:24:39","date_gmt":"2026-04-26T20:24:39","guid":{"rendered":"https:\/\/lobosnews.com.ar\/index.php\/2026\/04\/26\/murio-adolfo-aristarain-emblematico-director-argentino-a-los-82-anos\/"},"modified":"2026-04-26T20:45:07","modified_gmt":"2026-04-26T20:45:07","slug":"murio-adolfo-aristarain-emblematico-director-argentino-a-los-82-anos","status":"publish","type":"post","link":"https:\/\/lobosnews.com.ar\/index.php\/2026\/04\/26\/murio-adolfo-aristarain-emblematico-director-argentino-a-los-82-anos\/","title":{"rendered":"Muri\u00f3 Adolfo Aristarain, emblem\u00e1tico director argentino, a los 82 a\u00f1os"},"content":{"rendered":"<p><img fetchpriority=\"high\" decoding=\"async\" src=\"https:\/\/lobosnews.com.ar\/wp-content\/uploads\/2026\/04\/murio-adolfo-aristarain-emblematico-director-argentino-a-los-82-anos.jpg\" alt=\"Adolfo Aristarain recibi\u00f3 la Medalla de Oro de la Academia del Cine espa\u00f1ol en 2024 (EFE\/Juan Ignacio Roncoroni) \" height=\"2409\" width=\"3613\"\/><\/p>\n<p>El cine argentino y espa\u00f1ol perdi\u00f3 a una de sus figuras m\u00e1s influyentes con el fallecimiento en <b>Buenos Aires<\/b> del director <b>Adolfo Aristarain<\/b> a los 82 a\u00f1os, quien deja como legado una filmograf\u00eda esencial y una reciente distinci\u00f3n: la <b>Medalla de Oro 2024<\/b> otorgada por la Academia de Cine por ser uno de los nombres fundamentales en la historia del cine en espa\u00f1ol.<\/p>\n<p>Aristarain, nacido en 1943 en el barrio porte\u00f1o de <b>Parque Chas<\/b>, fue el primer director argentino en recibir este reconocimiento, que la Academia de Cine justific\u00f3 por su contribuci\u00f3n decisiva al cine argentino y su marcado aporte a la cinematograf\u00eda en espa\u00f1ol. Entre los galardones m\u00e1s destacados de su carrera figuran el <b>Goya a la Mejor Pel\u00edcula Iberoamericana<\/b> por Un lugar en el mundo y el <b>Goya al Mejor Guion Adaptado<\/b> por Lugares comunes.<\/p>\n<p>En palabras pronunciadas al recibir la Medalla de Oro, Aristarain reflexion\u00f3: <b>\u201cEl cine es un oficio despiadadamente traidor para quien lo ejerce. Aunque uno intente esconder lo que uno es, tarde o temprano el director desnuda su alma sin quererlo en primer plano. El cine que uno hace es lo que uno es\u201d<\/b>, record\u00f3 la Academia de Cine espa\u00f1ol, quienes dieron a conocer la triste noticia.<\/p>\n<p><img loading=\"lazy\" decoding=\"async\" src=\"https:\/\/lobosnews.com.ar\/wp-content\/uploads\/2026\/04\/murio-adolfo-aristarain-emblematico-director-argentino-a-los-82-anos-1.jpg\" alt=\"Adolfo Aristarain falleci\u00f3 a los 82 a\u00f1os y deja una huella imborrable en el cine argentino y espa\u00f1ol (EFE\/ Juan Ignacio Roncoroni) \" height=\"4000\" width=\"6000\"\/><\/p>\n<p>La carrera de <b>Adolfo Aristarain<\/b> es inseparable de la historia del cine de Argentina y su conexi\u00f3n con Espa\u00f1a. Vivi\u00f3 en Espa\u00f1a durante siete a\u00f1os, donde rod\u00f3 varias de sus pel\u00edculas m\u00e1s reconocidas, y trabaj\u00f3 junto a figuras notables como <b>Mario Camus<\/b>, de quien fue asistente de direcci\u00f3n y colaborador en guiones, as\u00ed como a directores internacionales como <b>Sergio Leone<\/b>, <b>Lewis Gilbert<\/b> y <b>Gordon Flemyng<\/b>.<\/p>\n<p>El cineasta tuvo sus inicios en la industria desempe\u00f1ando m\u00faltiples roles: comenz\u00f3 como meritorio, se form\u00f3 como sonidista, montador, ayudante de producci\u00f3n y de direcci\u00f3n, e incluso apareci\u00f3 frente a c\u00e1mara en Dar la cara de <b>Jos\u00e9 Mart\u00ednez Su\u00e1rez<\/b>. La colaboraci\u00f3n con su maestro <b>Mario Camus<\/b> y con su inseparable guionista <b>Kathy Saavedra<\/b> \u2014a quien atribuy\u00f3 haber evitado la sensibler\u00eda en sus trabajos\u2014 marc\u00f3 la profundidad de sus historias.<\/p>\n<p><b>Adolfo Aristarain<\/b> se defin\u00eda como un cineasta hecho a s\u00ed mismo y un enamorado del s\u00e9ptimo arte desde la infancia, cuando acud\u00eda diariamente a las salas para ver \u201cdos o tres pel\u00edculas\u201d tras salir del colegio. Su admiraci\u00f3n por directores como <b>John Ford<\/b> y <b>Alfred Hitchcock<\/b> influy\u00f3 decisivamente en su estilo narrativo, caracterizado por relatos vitalistas y evocadores.<\/p>\n<p><img loading=\"lazy\" decoding=\"async\" src=\"https:\/\/lobosnews.com.ar\/wp-content\/uploads\/2026\/04\/murio-adolfo-aristarain-emblematico-director-argentino-a-los-82-anos-2.jpg\" alt=\"El legado de Adolfo Aristarain incluye pel\u00edculas ic\u00f3nicas como Tiempo de revancha, Un lugar en el mundo y Mart\u00edn (Hache) (EFE\/MIGUEL VAZQUEZ) \" height=\"1329\" width=\"2000\"\/><\/p>\n<p>Entre los nombres m\u00e1s recurrentes y admirados por Aristarain figuran actores y actrices como <b>Federico Luppi<\/b>, <b>Jos\u00e9 Sacrist\u00e1n<\/b>, <b>Mercedes Sampietro<\/b>, <b>Eusebio Poncela<\/b>, <b>Aitana S\u00e1nchez-Gij\u00f3n<\/b>, <b>Cecilia Roth<\/b>, <b>Juan Diego Botto<\/b> y <b>Sus\u00fa Pecoraro<\/b>. El director dedic\u00f3 atenci\u00f3n especial a sus int\u00e9rpretes, convencido de que sin ellos \u201chubiera sido imposible hacer pel\u00edculas\u201d, seg\u00fan consign\u00f3 la Academia de Cine.<\/p>\n<p>Su filmograf\u00eda incluye t\u00edtulos esenciales como <b>Tiempo de revancha<\/b>, <b>Un lugar en el mundo<\/b>, <b>La ley de la frontera<\/b>, <b>Mart\u00edn (Hache)<\/b>, <b>Lugares comunes<\/b> y <b>Roma<\/b>, su \u00faltima producci\u00f3n.<\/p>\n<p>La Academia de Cine, tambi\u00e9n responsables de los Premios Goya, se\u00f1al\u00f3 que la concesi\u00f3n de la Medalla de Oro era \u201cuna distinci\u00f3n que ten\u00eda mucho que ver con la amistad y con su manera de ser, que era una Medalla mucho m\u00e1s personal que un premio a sus pel\u00edculas\u201d. Sobre ese reconocimiento, Aristarain interpret\u00f3 que era reflejo tanto de su calidez como de su erudici\u00f3n y dedicaci\u00f3n a la lectura y la m\u00fasica.<\/p>\n<p><img loading=\"lazy\" decoding=\"async\" src=\"https:\/\/lobosnews.com.ar\/wp-content\/uploads\/2026\/04\/murio-adolfo-aristarain-emblematico-director-argentino-a-los-82-anos-3.jpg\" alt=\"Leonardo Sbaraglia y Cecilia Roth, junto a Adolfo Aristarain (Juan Ignacio Roncoroni \/ EFE)\" height=\"1280\" width=\"1920\"\/><\/p>\n<p>El director relat\u00f3 en varias ocasiones que su destino en el cine surgi\u00f3 despu\u00e9s de aceptar que no podr\u00eda convertirse en un buen trompetista, opci\u00f3n que imagin\u00f3 durante a\u00f1os antes de dedicarse plenamente al s\u00e9ptimo arte.<\/p>\n<p><b>Adolfo Aristarain<\/b> falleci\u00f3 dejando un legado que abarca dos continentes y generaciones de espectadores y profesionales para quienes el cine fue, como en sus propias palabras, \u201cparte de su vida, real, no ficci\u00f3n\u201d.<\/p>\n","protected":false},"excerpt":{"rendered":"<p>El cine argentino y espa\u00f1ol perdi\u00f3 a una de sus figuras m\u00e1s influyentes con el fallecimiento en Buenos Aires del director Adolfo Aristarain a los 82 a\u00f1os, quien deja como legado una filmograf\u00eda esencial y una reciente distinci\u00f3n: la Medalla de Oro 2024 otorgada por la Academia de Cine por ser uno de los nombres&#8230;<\/p>\n","protected":false},"author":1,"featured_media":45785,"comment_status":"open","ping_status":"closed","sticky":false,"template":"","format":"standard","meta":{"_jetpack_memberships_contains_paid_content":false,"footnotes":""},"categories":[79],"tags":[],"class_list":["post-45779","post","type-post","status-publish","format-standard","has-post-thumbnail","hentry","category-cine-y-series"],"magazineBlocksPostFeaturedMedia":{"thumbnail":"https:\/\/lobosnews.com.ar\/wp-content\/uploads\/2026\/04\/murio-adolfo-aristarain-emblematico-director-argentino-a-los-82-anos-6-150x150.jpg","medium":"https:\/\/lobosnews.com.ar\/wp-content\/uploads\/2026\/04\/murio-adolfo-aristarain-emblematico-director-argentino-a-los-82-anos-6-300x200.jpg","medium_large":"https:\/\/lobosnews.com.ar\/wp-content\/uploads\/2026\/04\/murio-adolfo-aristarain-emblematico-director-argentino-a-los-82-anos-6-768x512.jpg","large":"https:\/\/lobosnews.com.ar\/wp-content\/uploads\/2026\/04\/murio-adolfo-aristarain-emblematico-director-argentino-a-los-82-anos-6-1024x683.jpg","1536x1536":"https:\/\/lobosnews.com.ar\/wp-content\/uploads\/2026\/04\/murio-adolfo-aristarain-emblematico-director-argentino-a-los-82-anos-6-1536x1024.jpg","2048x2048":"https:\/\/lobosnews.com.ar\/wp-content\/uploads\/2026\/04\/murio-adolfo-aristarain-emblematico-director-argentino-a-los-82-anos-6.jpg","newsmatic-featured":"https:\/\/lobosnews.com.ar\/wp-content\/uploads\/2026\/04\/murio-adolfo-aristarain-emblematico-director-argentino-a-los-82-anos-6-820x545.jpg","newsmatic-list":"https:\/\/lobosnews.com.ar\/wp-content\/uploads\/2026\/04\/murio-adolfo-aristarain-emblematico-director-argentino-a-los-82-anos-6-600x400.jpg","newsmatic-thumb":"https:\/\/lobosnews.com.ar\/wp-content\/uploads\/2026\/04\/murio-adolfo-aristarain-emblematico-director-argentino-a-los-82-anos-6-300x200.jpg","newsmatic-small":"https:\/\/lobosnews.com.ar\/wp-content\/uploads\/2026\/04\/murio-adolfo-aristarain-emblematico-director-argentino-a-los-82-anos-6-150x95.jpg","newsmatic-grid":"https:\/\/lobosnews.com.ar\/wp-content\/uploads\/2026\/04\/murio-adolfo-aristarain-emblematico-director-argentino-a-los-82-anos-6-400x250.jpg"},"magazineBlocksPostAuthor":{"name":"admin","avatar":"https:\/\/secure.gravatar.com\/avatar\/76e419471a2083bc3ceab22a763dbbf9b0c1bd15a6214cf3280e2c2dde4580f9?s=96&d=mm&r=g"},"magazineBlocksPostCommentsNumber":"0","magazineBlocksPostExcerpt":"El cine argentino y espa\u00f1ol perdi\u00f3 a una de sus figuras m\u00e1s influyentes con el fallecimiento en Buenos Aires del director Adolfo Aristarain a los 82 a\u00f1os, quien deja como legado una filmograf\u00eda esencial y una reciente distinci\u00f3n: la Medalla de Oro 2024 otorgada por la Academia de Cine por ser uno de los nombres...","magazineBlocksPostCategories":["Cine y Series"],"magazineBlocksPostViewCount":3,"magazineBlocksPostReadTime":4,"magazine_blocks_featured_image_url":{"full":["https:\/\/lobosnews.com.ar\/wp-content\/uploads\/2026\/04\/murio-adolfo-aristarain-emblematico-director-argentino-a-los-82-anos-6.jpg",1920,1280,false],"medium":["https:\/\/lobosnews.com.ar\/wp-content\/uploads\/2026\/04\/murio-adolfo-aristarain-emblematico-director-argentino-a-los-82-anos-6-300x200.jpg",300,200,true],"thumbnail":["https:\/\/lobosnews.com.ar\/wp-content\/uploads\/2026\/04\/murio-adolfo-aristarain-emblematico-director-argentino-a-los-82-anos-6-150x150.jpg",150,150,true]},"magazine_blocks_author":{"display_name":"admin","author_link":"https:\/\/lobosnews.com.ar\/index.php\/author\/lobos-news\/"},"magazine_blocks_comment":0,"magazine_blocks_author_image":"https:\/\/secure.gravatar.com\/avatar\/76e419471a2083bc3ceab22a763dbbf9b0c1bd15a6214cf3280e2c2dde4580f9?s=96&d=mm&r=g","magazine_blocks_category":"<a href=\"#\" class=\"category-link category-link-79\">Cine y Series<\/a>","yoast_head":"<!-- This site is optimized with the Yoast SEO plugin v26.6 - https:\/\/yoast.com\/wordpress\/plugins\/seo\/ -->\n<title>Muri\u00f3 Adolfo Aristarain, emblem\u00e1tico director argentino, a los 82 a\u00f1os - Lobos News<\/title>\n<meta name=\"robots\" content=\"index, follow, max-snippet:-1, max-image-preview:large, max-video-preview:-1\" \/>\n<link rel=\"canonical\" href=\"https:\/\/lobosnews.com.ar\/index.php\/2026\/04\/26\/murio-adolfo-aristarain-emblematico-director-argentino-a-los-82-anos\/\" \/>\n<meta property=\"og:locale\" content=\"es_ES\" \/>\n<meta property=\"og:type\" content=\"article\" \/>\n<meta property=\"og:title\" content=\"Muri\u00f3 Adolfo Aristarain, emblem\u00e1tico director argentino, a los 82 a\u00f1os - Lobos News\" \/>\n<meta property=\"og:description\" content=\"El cine argentino y espa\u00f1ol perdi\u00f3 a una de sus figuras m\u00e1s influyentes con el fallecimiento en Buenos Aires del director Adolfo Aristarain a los 82 a\u00f1os, quien deja como legado una filmograf\u00eda esencial y una reciente distinci\u00f3n: la Medalla de Oro 2024 otorgada por la Academia de Cine por ser uno de los nombres...\" \/>\n<meta property=\"og:url\" content=\"https:\/\/lobosnews.com.ar\/index.php\/2026\/04\/26\/murio-adolfo-aristarain-emblematico-director-argentino-a-los-82-anos\/\" \/>\n<meta property=\"og:site_name\" content=\"Lobos News\" \/>\n<meta property=\"article:published_time\" content=\"2026-04-26T20:24:39+00:00\" \/>\n<meta property=\"article:modified_time\" content=\"2026-04-26T20:45:07+00:00\" \/>\n<meta property=\"og:image\" content=\"https:\/\/lobosnews.com.ar\/wp-content\/uploads\/2026\/04\/murio-adolfo-aristarain-emblematico-director-argentino-a-los-82-anos.jpg\" \/>\n<meta name=\"author\" content=\"admin\" \/>\n<meta name=\"twitter:card\" content=\"summary_large_image\" \/>\n<meta name=\"twitter:label1\" content=\"Escrito por\" \/>\n\t<meta name=\"twitter:data1\" content=\"admin\" \/>\n\t<meta name=\"twitter:label2\" content=\"Tiempo de lectura\" \/>\n\t<meta name=\"twitter:data2\" content=\"3 minutos\" \/>\n<script type=\"application\/ld+json\" class=\"yoast-schema-graph\">{\"@context\":\"https:\/\/schema.org\",\"@graph\":[{\"@type\":\"Article\",\"@id\":\"https:\/\/lobosnews.com.ar\/index.php\/2026\/04\/26\/murio-adolfo-aristarain-emblematico-director-argentino-a-los-82-anos\/#article\",\"isPartOf\":{\"@id\":\"https:\/\/lobosnews.com.ar\/index.php\/2026\/04\/26\/murio-adolfo-aristarain-emblematico-director-argentino-a-los-82-anos\/\"},\"author\":{\"name\":\"admin\",\"@id\":\"https:\/\/lobosnews.com.ar\/#\/schema\/person\/232422a593d5c541dd9aef6aaed10943\"},\"headline\":\"Muri\u00f3 Adolfo Aristarain, emblem\u00e1tico director argentino, a los 82 a\u00f1os\",\"datePublished\":\"2026-04-26T20:24:39+00:00\",\"dateModified\":\"2026-04-26T20:45:07+00:00\",\"mainEntityOfPage\":{\"@id\":\"https:\/\/lobosnews.com.ar\/index.php\/2026\/04\/26\/murio-adolfo-aristarain-emblematico-director-argentino-a-los-82-anos\/\"},\"wordCount\":691,\"commentCount\":0,\"publisher\":{\"@id\":\"https:\/\/lobosnews.com.ar\/#organization\"},\"image\":{\"@id\":\"https:\/\/lobosnews.com.ar\/index.php\/2026\/04\/26\/murio-adolfo-aristarain-emblematico-director-argentino-a-los-82-anos\/#primaryimage\"},\"thumbnailUrl\":\"https:\/\/lobosnews.com.ar\/wp-content\/uploads\/2026\/04\/murio-adolfo-aristarain-emblematico-director-argentino-a-los-82-anos-6.jpg\",\"articleSection\":[\"Cine y Series\"],\"inLanguage\":\"es\",\"potentialAction\":[{\"@type\":\"CommentAction\",\"name\":\"Comment\",\"target\":[\"https:\/\/lobosnews.com.ar\/index.php\/2026\/04\/26\/murio-adolfo-aristarain-emblematico-director-argentino-a-los-82-anos\/#respond\"]}]},{\"@type\":\"WebPage\",\"@id\":\"https:\/\/lobosnews.com.ar\/index.php\/2026\/04\/26\/murio-adolfo-aristarain-emblematico-director-argentino-a-los-82-anos\/\",\"url\":\"https:\/\/lobosnews.com.ar\/index.php\/2026\/04\/26\/murio-adolfo-aristarain-emblematico-director-argentino-a-los-82-anos\/\",\"name\":\"Muri\u00f3 Adolfo Aristarain, emblem\u00e1tico director argentino, a los 82 a\u00f1os - Lobos News\",\"isPartOf\":{\"@id\":\"https:\/\/lobosnews.com.ar\/#website\"},\"primaryImageOfPage\":{\"@id\":\"https:\/\/lobosnews.com.ar\/index.php\/2026\/04\/26\/murio-adolfo-aristarain-emblematico-director-argentino-a-los-82-anos\/#primaryimage\"},\"image\":{\"@id\":\"https:\/\/lobosnews.com.ar\/index.php\/2026\/04\/26\/murio-adolfo-aristarain-emblematico-director-argentino-a-los-82-anos\/#primaryimage\"},\"thumbnailUrl\":\"https:\/\/lobosnews.com.ar\/wp-content\/uploads\/2026\/04\/murio-adolfo-aristarain-emblematico-director-argentino-a-los-82-anos-6.jpg\",\"datePublished\":\"2026-04-26T20:24:39+00:00\",\"dateModified\":\"2026-04-26T20:45:07+00:00\",\"breadcrumb\":{\"@id\":\"https:\/\/lobosnews.com.ar\/index.php\/2026\/04\/26\/murio-adolfo-aristarain-emblematico-director-argentino-a-los-82-anos\/#breadcrumb\"},\"inLanguage\":\"es\",\"potentialAction\":[{\"@type\":\"ReadAction\",\"target\":[\"https:\/\/lobosnews.com.ar\/index.php\/2026\/04\/26\/murio-adolfo-aristarain-emblematico-director-argentino-a-los-82-anos\/\"]}]},{\"@type\":\"ImageObject\",\"inLanguage\":\"es\",\"@id\":\"https:\/\/lobosnews.com.ar\/index.php\/2026\/04\/26\/murio-adolfo-aristarain-emblematico-director-argentino-a-los-82-anos\/#primaryimage\",\"url\":\"https:\/\/lobosnews.com.ar\/wp-content\/uploads\/2026\/04\/murio-adolfo-aristarain-emblematico-director-argentino-a-los-82-anos-6.jpg\",\"contentUrl\":\"https:\/\/lobosnews.com.ar\/wp-content\/uploads\/2026\/04\/murio-adolfo-aristarain-emblematico-director-argentino-a-los-82-anos-6.jpg\",\"width\":1920,\"height\":1280,\"caption\":\"Muri\u00f3 Adolfo Aristarain, emblem\u00e1tico director argentino, a los 82 a\u00f1os\"},{\"@type\":\"BreadcrumbList\",\"@id\":\"https:\/\/lobosnews.com.ar\/index.php\/2026\/04\/26\/murio-adolfo-aristarain-emblematico-director-argentino-a-los-82-anos\/#breadcrumb\",\"itemListElement\":[{\"@type\":\"ListItem\",\"position\":1,\"name\":\"Portada\",\"item\":\"https:\/\/lobosnews.com.ar\/\"},{\"@type\":\"ListItem\",\"position\":2,\"name\":\"Muri\u00f3 Adolfo Aristarain, emblem\u00e1tico director argentino, a los 82 a\u00f1os\"}]},{\"@type\":\"WebSite\",\"@id\":\"https:\/\/lobosnews.com.ar\/#website\",\"url\":\"https:\/\/lobosnews.com.ar\/\",\"name\":\"Lobos News\",\"description\":\"Informaci\u00f3n a cada instante\",\"publisher\":{\"@id\":\"https:\/\/lobosnews.com.ar\/#organization\"},\"potentialAction\":[{\"@type\":\"SearchAction\",\"target\":{\"@type\":\"EntryPoint\",\"urlTemplate\":\"https:\/\/lobosnews.com.ar\/?s={search_term_string}\"},\"query-input\":{\"@type\":\"PropertyValueSpecification\",\"valueRequired\":true,\"valueName\":\"search_term_string\"}}],\"inLanguage\":\"es\"},{\"@type\":\"Organization\",\"@id\":\"https:\/\/lobosnews.com.ar\/#organization\",\"name\":\"Lobos News\",\"url\":\"https:\/\/lobosnews.com.ar\/\",\"logo\":{\"@type\":\"ImageObject\",\"inLanguage\":\"es\",\"@id\":\"https:\/\/lobosnews.com.ar\/#\/schema\/logo\/image\/\",\"url\":\"https:\/\/lobosnews.com.ar\/wp-content\/uploads\/2026\/01\/logo-lobosnews.png\",\"contentUrl\":\"https:\/\/lobosnews.com.ar\/wp-content\/uploads\/2026\/01\/logo-lobosnews.png\",\"width\":500,\"height\":200,\"caption\":\"Lobos News\"},\"image\":{\"@id\":\"https:\/\/lobosnews.com.ar\/#\/schema\/logo\/image\/\"}},{\"@type\":\"Person\",\"@id\":\"https:\/\/lobosnews.com.ar\/#\/schema\/person\/232422a593d5c541dd9aef6aaed10943\",\"name\":\"admin\",\"image\":{\"@type\":\"ImageObject\",\"inLanguage\":\"es\",\"@id\":\"https:\/\/lobosnews.com.ar\/#\/schema\/person\/image\/\",\"url\":\"https:\/\/secure.gravatar.com\/avatar\/76e419471a2083bc3ceab22a763dbbf9b0c1bd15a6214cf3280e2c2dde4580f9?s=96&d=mm&r=g\",\"contentUrl\":\"https:\/\/secure.gravatar.com\/avatar\/76e419471a2083bc3ceab22a763dbbf9b0c1bd15a6214cf3280e2c2dde4580f9?s=96&d=mm&r=g\",\"caption\":\"admin\"},\"sameAs\":[\"https:\/\/lobosnews.com.ar\"],\"url\":\"https:\/\/lobosnews.com.ar\/index.php\/author\/lobos-news\/\"}]}<\/script>\n<!-- \/ Yoast SEO plugin. -->","yoast_head_json":{"title":"Muri\u00f3 Adolfo Aristarain, emblem\u00e1tico director argentino, a los 82 a\u00f1os - Lobos News","robots":{"index":"index","follow":"follow","max-snippet":"max-snippet:-1","max-image-preview":"max-image-preview:large","max-video-preview":"max-video-preview:-1"},"canonical":"https:\/\/lobosnews.com.ar\/index.php\/2026\/04\/26\/murio-adolfo-aristarain-emblematico-director-argentino-a-los-82-anos\/","og_locale":"es_ES","og_type":"article","og_title":"Muri\u00f3 Adolfo Aristarain, emblem\u00e1tico director argentino, a los 82 a\u00f1os - Lobos News","og_description":"El cine argentino y espa\u00f1ol perdi\u00f3 a una de sus figuras m\u00e1s influyentes con el fallecimiento en Buenos Aires del director Adolfo Aristarain a los 82 a\u00f1os, quien deja como legado una filmograf\u00eda esencial y una reciente distinci\u00f3n: la Medalla de Oro 2024 otorgada por la Academia de Cine por ser uno de los nombres...","og_url":"https:\/\/lobosnews.com.ar\/index.php\/2026\/04\/26\/murio-adolfo-aristarain-emblematico-director-argentino-a-los-82-anos\/","og_site_name":"Lobos News","article_published_time":"2026-04-26T20:24:39+00:00","article_modified_time":"2026-04-26T20:45:07+00:00","og_image":[{"url":"https:\/\/lobosnews.com.ar\/wp-content\/uploads\/2026\/04\/murio-adolfo-aristarain-emblematico-director-argentino-a-los-82-anos.jpg","type":"","width":"","height":""}],"author":"admin","twitter_card":"summary_large_image","twitter_misc":{"Escrito por":"admin","Tiempo de lectura":"3 minutos"},"schema":{"@context":"https:\/\/schema.org","@graph":[{"@type":"Article","@id":"https:\/\/lobosnews.com.ar\/index.php\/2026\/04\/26\/murio-adolfo-aristarain-emblematico-director-argentino-a-los-82-anos\/#article","isPartOf":{"@id":"https:\/\/lobosnews.com.ar\/index.php\/2026\/04\/26\/murio-adolfo-aristarain-emblematico-director-argentino-a-los-82-anos\/"},"author":{"name":"admin","@id":"https:\/\/lobosnews.com.ar\/#\/schema\/person\/232422a593d5c541dd9aef6aaed10943"},"headline":"Muri\u00f3 Adolfo Aristarain, emblem\u00e1tico director argentino, a los 82 a\u00f1os","datePublished":"2026-04-26T20:24:39+00:00","dateModified":"2026-04-26T20:45:07+00:00","mainEntityOfPage":{"@id":"https:\/\/lobosnews.com.ar\/index.php\/2026\/04\/26\/murio-adolfo-aristarain-emblematico-director-argentino-a-los-82-anos\/"},"wordCount":691,"commentCount":0,"publisher":{"@id":"https:\/\/lobosnews.com.ar\/#organization"},"image":{"@id":"https:\/\/lobosnews.com.ar\/index.php\/2026\/04\/26\/murio-adolfo-aristarain-emblematico-director-argentino-a-los-82-anos\/#primaryimage"},"thumbnailUrl":"https:\/\/lobosnews.com.ar\/wp-content\/uploads\/2026\/04\/murio-adolfo-aristarain-emblematico-director-argentino-a-los-82-anos-6.jpg","articleSection":["Cine y Series"],"inLanguage":"es","potentialAction":[{"@type":"CommentAction","name":"Comment","target":["https:\/\/lobosnews.com.ar\/index.php\/2026\/04\/26\/murio-adolfo-aristarain-emblematico-director-argentino-a-los-82-anos\/#respond"]}]},{"@type":"WebPage","@id":"https:\/\/lobosnews.com.ar\/index.php\/2026\/04\/26\/murio-adolfo-aristarain-emblematico-director-argentino-a-los-82-anos\/","url":"https:\/\/lobosnews.com.ar\/index.php\/2026\/04\/26\/murio-adolfo-aristarain-emblematico-director-argentino-a-los-82-anos\/","name":"Muri\u00f3 Adolfo Aristarain, emblem\u00e1tico director argentino, a los 82 a\u00f1os - Lobos News","isPartOf":{"@id":"https:\/\/lobosnews.com.ar\/#website"},"primaryImageOfPage":{"@id":"https:\/\/lobosnews.com.ar\/index.php\/2026\/04\/26\/murio-adolfo-aristarain-emblematico-director-argentino-a-los-82-anos\/#primaryimage"},"image":{"@id":"https:\/\/lobosnews.com.ar\/index.php\/2026\/04\/26\/murio-adolfo-aristarain-emblematico-director-argentino-a-los-82-anos\/#primaryimage"},"thumbnailUrl":"https:\/\/lobosnews.com.ar\/wp-content\/uploads\/2026\/04\/murio-adolfo-aristarain-emblematico-director-argentino-a-los-82-anos-6.jpg","datePublished":"2026-04-26T20:24:39+00:00","dateModified":"2026-04-26T20:45:07+00:00","breadcrumb":{"@id":"https:\/\/lobosnews.com.ar\/index.php\/2026\/04\/26\/murio-adolfo-aristarain-emblematico-director-argentino-a-los-82-anos\/#breadcrumb"},"inLanguage":"es","potentialAction":[{"@type":"ReadAction","target":["https:\/\/lobosnews.com.ar\/index.php\/2026\/04\/26\/murio-adolfo-aristarain-emblematico-director-argentino-a-los-82-anos\/"]}]},{"@type":"ImageObject","inLanguage":"es","@id":"https:\/\/lobosnews.com.ar\/index.php\/2026\/04\/26\/murio-adolfo-aristarain-emblematico-director-argentino-a-los-82-anos\/#primaryimage","url":"https:\/\/lobosnews.com.ar\/wp-content\/uploads\/2026\/04\/murio-adolfo-aristarain-emblematico-director-argentino-a-los-82-anos-6.jpg","contentUrl":"https:\/\/lobosnews.com.ar\/wp-content\/uploads\/2026\/04\/murio-adolfo-aristarain-emblematico-director-argentino-a-los-82-anos-6.jpg","width":1920,"height":1280,"caption":"Muri\u00f3 Adolfo Aristarain, emblem\u00e1tico director argentino, a los 82 a\u00f1os"},{"@type":"BreadcrumbList","@id":"https:\/\/lobosnews.com.ar\/index.php\/2026\/04\/26\/murio-adolfo-aristarain-emblematico-director-argentino-a-los-82-anos\/#breadcrumb","itemListElement":[{"@type":"ListItem","position":1,"name":"Portada","item":"https:\/\/lobosnews.com.ar\/"},{"@type":"ListItem","position":2,"name":"Muri\u00f3 Adolfo Aristarain, emblem\u00e1tico director argentino, a los 82 a\u00f1os"}]},{"@type":"WebSite","@id":"https:\/\/lobosnews.com.ar\/#website","url":"https:\/\/lobosnews.com.ar\/","name":"Lobos News","description":"Informaci\u00f3n a cada instante","publisher":{"@id":"https:\/\/lobosnews.com.ar\/#organization"},"potentialAction":[{"@type":"SearchAction","target":{"@type":"EntryPoint","urlTemplate":"https:\/\/lobosnews.com.ar\/?s={search_term_string}"},"query-input":{"@type":"PropertyValueSpecification","valueRequired":true,"valueName":"search_term_string"}}],"inLanguage":"es"},{"@type":"Organization","@id":"https:\/\/lobosnews.com.ar\/#organization","name":"Lobos News","url":"https:\/\/lobosnews.com.ar\/","logo":{"@type":"ImageObject","inLanguage":"es","@id":"https:\/\/lobosnews.com.ar\/#\/schema\/logo\/image\/","url":"https:\/\/lobosnews.com.ar\/wp-content\/uploads\/2026\/01\/logo-lobosnews.png","contentUrl":"https:\/\/lobosnews.com.ar\/wp-content\/uploads\/2026\/01\/logo-lobosnews.png","width":500,"height":200,"caption":"Lobos News"},"image":{"@id":"https:\/\/lobosnews.com.ar\/#\/schema\/logo\/image\/"}},{"@type":"Person","@id":"https:\/\/lobosnews.com.ar\/#\/schema\/person\/232422a593d5c541dd9aef6aaed10943","name":"admin","image":{"@type":"ImageObject","inLanguage":"es","@id":"https:\/\/lobosnews.com.ar\/#\/schema\/person\/image\/","url":"https:\/\/secure.gravatar.com\/avatar\/76e419471a2083bc3ceab22a763dbbf9b0c1bd15a6214cf3280e2c2dde4580f9?s=96&d=mm&r=g","contentUrl":"https:\/\/secure.gravatar.com\/avatar\/76e419471a2083bc3ceab22a763dbbf9b0c1bd15a6214cf3280e2c2dde4580f9?s=96&d=mm&r=g","caption":"admin"},"sameAs":["https:\/\/lobosnews.com.ar"],"url":"https:\/\/lobosnews.com.ar\/index.php\/author\/lobos-news\/"}]}},"jetpack_featured_media_url":"https:\/\/lobosnews.com.ar\/wp-content\/uploads\/2026\/04\/murio-adolfo-aristarain-emblematico-director-argentino-a-los-82-anos-6.jpg","jetpack_sharing_enabled":true,"_links":{"self":[{"href":"https:\/\/lobosnews.com.ar\/index.php\/wp-json\/wp\/v2\/posts\/45779","targetHints":{"allow":["GET"]}}],"collection":[{"href":"https:\/\/lobosnews.com.ar\/index.php\/wp-json\/wp\/v2\/posts"}],"about":[{"href":"https:\/\/lobosnews.com.ar\/index.php\/wp-json\/wp\/v2\/types\/post"}],"author":[{"embeddable":true,"href":"https:\/\/lobosnews.com.ar\/index.php\/wp-json\/wp\/v2\/users\/1"}],"replies":[{"embeddable":true,"href":"https:\/\/lobosnews.com.ar\/index.php\/wp-json\/wp\/v2\/comments?post=45779"}],"version-history":[{"count":1,"href":"https:\/\/lobosnews.com.ar\/index.php\/wp-json\/wp\/v2\/posts\/45779\/revisions"}],"predecessor-version":[{"id":45784,"href":"https:\/\/lobosnews.com.ar\/index.php\/wp-json\/wp\/v2\/posts\/45779\/revisions\/45784"}],"wp:featuredmedia":[{"embeddable":true,"href":"https:\/\/lobosnews.com.ar\/index.php\/wp-json\/wp\/v2\/media\/45785"}],"wp:attachment":[{"href":"https:\/\/lobosnews.com.ar\/index.php\/wp-json\/wp\/v2\/media?parent=45779"}],"wp:term":[{"taxonomy":"category","embeddable":true,"href":"https:\/\/lobosnews.com.ar\/index.php\/wp-json\/wp\/v2\/categories?post=45779"},{"taxonomy":"post_tag","embeddable":true,"href":"https:\/\/lobosnews.com.ar\/index.php\/wp-json\/wp\/v2\/tags?post=45779"}],"curies":[{"name":"wp","href":"https:\/\/api.w.org\/{rel}","templated":true}]}}