{"id":45763,"date":"2026-04-26T18:31:03","date_gmt":"2026-04-26T18:31:03","guid":{"rendered":"https:\/\/lobosnews.com.ar\/index.php\/2026\/04\/26\/corte-suprema-de-ee-uu-definira-esta-semana-futuro-del-tps-para-mas-de-55-mil-hondurenos\/"},"modified":"2026-04-26T20:35:39","modified_gmt":"2026-04-26T20:35:39","slug":"corte-suprema-de-ee-uu-definira-esta-semana-futuro-del-tps-para-mas-de-55-mil-hondurenos","status":"publish","type":"post","link":"https:\/\/lobosnews.com.ar\/index.php\/2026\/04\/26\/corte-suprema-de-ee-uu-definira-esta-semana-futuro-del-tps-para-mas-de-55-mil-hondurenos\/","title":{"rendered":"Corte Suprema de EE. UU. definir\u00e1 esta semana futuro del TPS para m\u00e1s de 55 mil hondure\u00f1os"},"content":{"rendered":"<p><img loading=\"lazy\" decoding=\"async\" src=\"https:\/\/lobosnews.com.ar\/wp-content\/uploads\/2026\/04\/corte-suprema-de-ee-uu-definira-esta-semana-futuro-del-tps-para-mas-de-55-mil-hondurenos.jpg\" alt=\"El TPS se ha convertido en un tema de alto impacto econ\u00f3mico y social para Honduras.\" height=\"449\" width=\"696\"\/><\/p>\n<p>El futuro de <b>miles de hondure\u00f1os amparados bajo el Estatus de Protecci\u00f3n Temporal (TPS)<\/b> en <b>Estados Unidos<\/b> podr\u00eda definirse esta semana, con el anuncio pendiente de una decisi\u00f3n fundamental de la <b>Corte Suprema<\/b> sobre la continuidad del programa y el alcance legal para su cancelaci\u00f3n.<\/p>\n<p>El presidente de la <b>Asociaci\u00f3n Hondure\u00f1a Estadounidense<\/b>, <b>Jay Miranda<\/b>, explic\u00f3 que el caso no solo involucra la permanencia del TPS para <b>Honduras<\/b>: tambi\u00e9n plantea un debate constitucional sobre los l\u00edmites del poder presidencial frente a la revisi\u00f3n judicial.<\/p>\n<p>Miranda indic\u00f3: \u201c<b>Son unos 55 mil hondure\u00f1os con TPS<\/b>, y es un impacto econ\u00f3mico notable que tendr\u00eda Estados Unidos si se cancela el programa; eso es lo que se va a tratar este mi\u00e9rcoles\u201d.<\/p>\n<h2>Decisi\u00f3n Clave<\/h2>\n<p>Seg\u00fan Miranda, la discusi\u00f3n central que analizar\u00e1 la <b>Corte Suprema<\/b> es si el Poder Judicial puede intervenir o frenar decisiones del Ejecutivo en materia migratoria, particularmente en la terminaci\u00f3n de programas como el TPS.<\/p>\n<p>Agreg\u00f3: \u201cEl gobierno argumenta que estas decisiones son potestad del Ejecutivo y que los jueces no deben intervenir. En febrero se cancel\u00f3 el <b>TPS para m\u00e1s de cincuenta y cinco mil hondure\u00f1os<\/b>\u201d.<\/p>\n<p><img loading=\"lazy\" decoding=\"async\" src=\"https:\/\/lobosnews.com.ar\/wp-content\/uploads\/2026\/04\/corte-suprema-de-ee-uu-definira-esta-semana-futuro-del-tps-para-mas-de-55-mil-hondurenos-1.jpg\" alt=\"La Corte Suprema de Estados Unidos emitir\u00e1 una decisi\u00f3n clave sobre el futuro del TPS esta semana\" height=\"533\" width=\"800\"\/><\/p>\n<p>El fallo, que se espera con gran expectativa, podr\u00eda impactar tambi\u00e9n a ciudadanos de al menos <b>17 pa\u00edses<\/b> que actualmente est\u00e1n bajo alg\u00fan tipo de protecci\u00f3n migratoria en Estados Unidos. El <b>TPS<\/b> opera como una v\u00eda para que <b>miles de migrantes<\/b> trabajen y residan legalmente tras crisis en sus pa\u00edses de origen.<\/p>\n<h2>Honduras- Estados Unidos<\/h2>\n<p>Miranda mencion\u00f3 que han observado el inter\u00e9s del <b>Gobierno hondure\u00f1o <\/b>por dar seguimiento al tema y se refiri\u00f3 al acercamiento con autoridades diplom\u00e1ticas.<\/p>\n<p>\u201cVemos con positividad que el Gobierno de Asfura les est\u00e1 dando atenci\u00f3n\u201d, afirm\u00f3.<\/p>\n<p>Adem\u00e1s, expuso que recientemente mantuvo reuniones con el embajador de <b>Honduras en Estados Unidos<\/b>, <b>Roberto Flor\u00e9s Berm\u00fadez<\/b>, con la finalidad de coordinar esfuerzos a favor de los beneficiarios del TPS.<\/p>\n<p>\u201cPor eso nosotros hemos ofrecido al embajador y a la Canciller\u00eda trabajar en conjunto para ayudar a nuestra gente tepesiana que est\u00e1 ahorita al borde\u201d, explic\u00f3.<\/p>\n<h2>Preocupaci\u00f3n latente<\/h2>\n<p><img loading=\"lazy\" decoding=\"async\" src=\"https:\/\/lobosnews.com.ar\/wp-content\/uploads\/2026\/04\/corte-suprema-de-ee-uu-definira-esta-semana-futuro-del-tps-para-mas-de-55-mil-hondurenos-2.jpg\" alt=\"Dirigentes de la comunidad hondure\u00f1a en EE. UU. mantienen reuniones con autoridades diplom\u00e1ticas.\" height=\"720\" width=\"1280\"\/><\/p>\n<p>El representante advirti\u00f3 que la actual incertidumbre genera <b>preocupaci\u00f3n entre los beneficiarios, quienes buscan alternativas legales ante la posibilidad de perder su estatus migratorio.<\/b><\/p>\n<p>\u201cAhorita nuestra gente tepesiana no est\u00e1 protegida. Cuando no est\u00e1n protegidos, se desesperan y empiezan a buscar abogados, a organizaciones, y muchas veces algunos abogados los estafan: no les dan soluciones o les ofrecen falsas promesas\u201d, alert\u00f3.<\/p>\n<p>La decisi\u00f3n de la <b>Corte Suprema<\/b> tendr\u00eda la capacidad de establecer un precedente legal en <b>Estados Unidos<\/b> respecto a la intervenci\u00f3n del Poder Judicial en decisiones migratorias del Ejecutivo, un asunto que ha alimentado el debate pol\u00edtico y jur\u00eddico en los \u00faltimos a\u00f1os.<\/p>\n","protected":false},"excerpt":{"rendered":"<p>El futuro de miles de hondure\u00f1os amparados bajo el Estatus de Protecci\u00f3n Temporal (TPS) en Estados Unidos podr\u00eda definirse esta semana, con el anuncio pendiente de una decisi\u00f3n fundamental de la Corte Suprema sobre la continuidad del programa y el alcance legal para su cancelaci\u00f3n. El presidente de la Asociaci\u00f3n Hondure\u00f1a Estadounidense, Jay Miranda, explic\u00f3&#8230;<\/p>\n","protected":false},"author":1,"featured_media":45768,"comment_status":"open","ping_status":"closed","sticky":false,"template":"","format":"standard","meta":{"_jetpack_memberships_contains_paid_content":false,"footnotes":""},"categories":[31],"tags":[],"class_list":["post-45763","post","type-post","status-publish","format-standard","has-post-thumbnail","hentry","category-actualidad"],"magazineBlocksPostFeaturedMedia":{"thumbnail":"https:\/\/lobosnews.com.ar\/wp-content\/uploads\/2026\/04\/corte-suprema-de-ee-uu-definira-esta-semana-futuro-del-tps-para-mas-de-55-mil-hondurenos-4-150x150.jpg","medium":"https:\/\/lobosnews.com.ar\/wp-content\/uploads\/2026\/04\/corte-suprema-de-ee-uu-definira-esta-semana-futuro-del-tps-para-mas-de-55-mil-hondurenos-4-300x169.jpg","medium_large":"https:\/\/lobosnews.com.ar\/wp-content\/uploads\/2026\/04\/corte-suprema-de-ee-uu-definira-esta-semana-futuro-del-tps-para-mas-de-55-mil-hondurenos-4-768x432.jpg","large":"https:\/\/lobosnews.com.ar\/wp-content\/uploads\/2026\/04\/corte-suprema-de-ee-uu-definira-esta-semana-futuro-del-tps-para-mas-de-55-mil-hondurenos-4-1024x576.jpg","1536x1536":"https:\/\/lobosnews.com.ar\/wp-content\/uploads\/2026\/04\/corte-suprema-de-ee-uu-definira-esta-semana-futuro-del-tps-para-mas-de-55-mil-hondurenos-4.jpg","2048x2048":"https:\/\/lobosnews.com.ar\/wp-content\/uploads\/2026\/04\/corte-suprema-de-ee-uu-definira-esta-semana-futuro-del-tps-para-mas-de-55-mil-hondurenos-4.jpg","newsmatic-featured":"https:\/\/lobosnews.com.ar\/wp-content\/uploads\/2026\/04\/corte-suprema-de-ee-uu-definira-esta-semana-futuro-del-tps-para-mas-de-55-mil-hondurenos-4-820x545.jpg","newsmatic-list":"https:\/\/lobosnews.com.ar\/wp-content\/uploads\/2026\/04\/corte-suprema-de-ee-uu-definira-esta-semana-futuro-del-tps-para-mas-de-55-mil-hondurenos-4-600x400.jpg","newsmatic-thumb":"https:\/\/lobosnews.com.ar\/wp-content\/uploads\/2026\/04\/corte-suprema-de-ee-uu-definira-esta-semana-futuro-del-tps-para-mas-de-55-mil-hondurenos-4-300x200.jpg","newsmatic-small":"https:\/\/lobosnews.com.ar\/wp-content\/uploads\/2026\/04\/corte-suprema-de-ee-uu-definira-esta-semana-futuro-del-tps-para-mas-de-55-mil-hondurenos-4-150x95.jpg","newsmatic-grid":"https:\/\/lobosnews.com.ar\/wp-content\/uploads\/2026\/04\/corte-suprema-de-ee-uu-definira-esta-semana-futuro-del-tps-para-mas-de-55-mil-hondurenos-4-400x250.jpg"},"magazineBlocksPostAuthor":{"name":"admin","avatar":"https:\/\/secure.gravatar.com\/avatar\/76e419471a2083bc3ceab22a763dbbf9b0c1bd15a6214cf3280e2c2dde4580f9?s=96&d=mm&r=g"},"magazineBlocksPostCommentsNumber":"0","magazineBlocksPostExcerpt":"El futuro de miles de hondure\u00f1os amparados bajo el Estatus de Protecci\u00f3n Temporal (TPS) en Estados Unidos podr\u00eda definirse esta semana, con el anuncio pendiente de una decisi\u00f3n fundamental de la Corte Suprema sobre la continuidad del programa y el alcance legal para su cancelaci\u00f3n. El presidente de la Asociaci\u00f3n Hondure\u00f1a Estadounidense, Jay Miranda, explic\u00f3...","magazineBlocksPostCategories":["Actualidad"],"magazineBlocksPostViewCount":4,"magazineBlocksPostReadTime":3,"magazine_blocks_featured_image_url":{"full":["https:\/\/lobosnews.com.ar\/wp-content\/uploads\/2026\/04\/corte-suprema-de-ee-uu-definira-esta-semana-futuro-del-tps-para-mas-de-55-mil-hondurenos-4.jpg",1280,720,false],"medium":["https:\/\/lobosnews.com.ar\/wp-content\/uploads\/2026\/04\/corte-suprema-de-ee-uu-definira-esta-semana-futuro-del-tps-para-mas-de-55-mil-hondurenos-4-300x169.jpg",300,169,true],"thumbnail":["https:\/\/lobosnews.com.ar\/wp-content\/uploads\/2026\/04\/corte-suprema-de-ee-uu-definira-esta-semana-futuro-del-tps-para-mas-de-55-mil-hondurenos-4-150x150.jpg",150,150,true]},"magazine_blocks_author":{"display_name":"admin","author_link":"https:\/\/lobosnews.com.ar\/index.php\/author\/lobos-news\/"},"magazine_blocks_comment":0,"magazine_blocks_author_image":"https:\/\/secure.gravatar.com\/avatar\/76e419471a2083bc3ceab22a763dbbf9b0c1bd15a6214cf3280e2c2dde4580f9?s=96&d=mm&r=g","magazine_blocks_category":"<a href=\"#\" class=\"category-link category-link-31\">Actualidad<\/a>","yoast_head":"<!-- This site is optimized with the Yoast SEO plugin v26.6 - https:\/\/yoast.com\/wordpress\/plugins\/seo\/ -->\n<title>Corte Suprema de EE. UU. definir\u00e1 esta semana futuro del TPS para m\u00e1s de 55 mil hondure\u00f1os - Lobos News<\/title>\n<meta name=\"robots\" content=\"index, follow, max-snippet:-1, max-image-preview:large, max-video-preview:-1\" \/>\n<link rel=\"canonical\" href=\"https:\/\/lobosnews.com.ar\/index.php\/2026\/04\/26\/corte-suprema-de-ee-uu-definira-esta-semana-futuro-del-tps-para-mas-de-55-mil-hondurenos\/\" \/>\n<meta property=\"og:locale\" content=\"es_ES\" \/>\n<meta property=\"og:type\" content=\"article\" \/>\n<meta property=\"og:title\" content=\"Corte Suprema de EE. UU. definir\u00e1 esta semana futuro del TPS para m\u00e1s de 55 mil hondure\u00f1os - Lobos News\" \/>\n<meta property=\"og:description\" content=\"El futuro de miles de hondure\u00f1os amparados bajo el Estatus de Protecci\u00f3n Temporal (TPS) en Estados Unidos podr\u00eda definirse esta semana, con el anuncio pendiente de una decisi\u00f3n fundamental de la Corte Suprema sobre la continuidad del programa y el alcance legal para su cancelaci\u00f3n. El presidente de la Asociaci\u00f3n Hondure\u00f1a Estadounidense, Jay Miranda, explic\u00f3...\" \/>\n<meta property=\"og:url\" content=\"https:\/\/lobosnews.com.ar\/index.php\/2026\/04\/26\/corte-suprema-de-ee-uu-definira-esta-semana-futuro-del-tps-para-mas-de-55-mil-hondurenos\/\" \/>\n<meta property=\"og:site_name\" content=\"Lobos News\" \/>\n<meta property=\"article:published_time\" content=\"2026-04-26T18:31:03+00:00\" \/>\n<meta property=\"article:modified_time\" content=\"2026-04-26T20:35:39+00:00\" \/>\n<meta property=\"og:image\" content=\"https:\/\/lobosnews.com.ar\/wp-content\/uploads\/2026\/04\/corte-suprema-de-ee-uu-definira-esta-semana-futuro-del-tps-para-mas-de-55-mil-hondurenos.jpg\" \/>\n<meta name=\"author\" content=\"admin\" \/>\n<meta name=\"twitter:card\" content=\"summary_large_image\" \/>\n<meta name=\"twitter:label1\" content=\"Escrito por\" \/>\n\t<meta name=\"twitter:data1\" content=\"admin\" \/>\n\t<meta name=\"twitter:label2\" content=\"Tiempo de lectura\" \/>\n\t<meta name=\"twitter:data2\" content=\"2 minutos\" \/>\n<script type=\"application\/ld+json\" class=\"yoast-schema-graph\">{\"@context\":\"https:\/\/schema.org\",\"@graph\":[{\"@type\":\"Article\",\"@id\":\"https:\/\/lobosnews.com.ar\/index.php\/2026\/04\/26\/corte-suprema-de-ee-uu-definira-esta-semana-futuro-del-tps-para-mas-de-55-mil-hondurenos\/#article\",\"isPartOf\":{\"@id\":\"https:\/\/lobosnews.com.ar\/index.php\/2026\/04\/26\/corte-suprema-de-ee-uu-definira-esta-semana-futuro-del-tps-para-mas-de-55-mil-hondurenos\/\"},\"author\":{\"name\":\"admin\",\"@id\":\"https:\/\/lobosnews.com.ar\/#\/schema\/person\/232422a593d5c541dd9aef6aaed10943\"},\"headline\":\"Corte Suprema de EE. UU. definir\u00e1 esta semana futuro del TPS para m\u00e1s de 55 mil hondure\u00f1os\",\"datePublished\":\"2026-04-26T18:31:03+00:00\",\"dateModified\":\"2026-04-26T20:35:39+00:00\",\"mainEntityOfPage\":{\"@id\":\"https:\/\/lobosnews.com.ar\/index.php\/2026\/04\/26\/corte-suprema-de-ee-uu-definira-esta-semana-futuro-del-tps-para-mas-de-55-mil-hondurenos\/\"},\"wordCount\":499,\"commentCount\":0,\"publisher\":{\"@id\":\"https:\/\/lobosnews.com.ar\/#organization\"},\"image\":{\"@id\":\"https:\/\/lobosnews.com.ar\/index.php\/2026\/04\/26\/corte-suprema-de-ee-uu-definira-esta-semana-futuro-del-tps-para-mas-de-55-mil-hondurenos\/#primaryimage\"},\"thumbnailUrl\":\"https:\/\/lobosnews.com.ar\/wp-content\/uploads\/2026\/04\/corte-suprema-de-ee-uu-definira-esta-semana-futuro-del-tps-para-mas-de-55-mil-hondurenos-4.jpg\",\"articleSection\":[\"Actualidad\"],\"inLanguage\":\"es\",\"potentialAction\":[{\"@type\":\"CommentAction\",\"name\":\"Comment\",\"target\":[\"https:\/\/lobosnews.com.ar\/index.php\/2026\/04\/26\/corte-suprema-de-ee-uu-definira-esta-semana-futuro-del-tps-para-mas-de-55-mil-hondurenos\/#respond\"]}]},{\"@type\":\"WebPage\",\"@id\":\"https:\/\/lobosnews.com.ar\/index.php\/2026\/04\/26\/corte-suprema-de-ee-uu-definira-esta-semana-futuro-del-tps-para-mas-de-55-mil-hondurenos\/\",\"url\":\"https:\/\/lobosnews.com.ar\/index.php\/2026\/04\/26\/corte-suprema-de-ee-uu-definira-esta-semana-futuro-del-tps-para-mas-de-55-mil-hondurenos\/\",\"name\":\"Corte Suprema de EE. UU. definir\u00e1 esta semana futuro del TPS para m\u00e1s de 55 mil hondure\u00f1os - Lobos News\",\"isPartOf\":{\"@id\":\"https:\/\/lobosnews.com.ar\/#website\"},\"primaryImageOfPage\":{\"@id\":\"https:\/\/lobosnews.com.ar\/index.php\/2026\/04\/26\/corte-suprema-de-ee-uu-definira-esta-semana-futuro-del-tps-para-mas-de-55-mil-hondurenos\/#primaryimage\"},\"image\":{\"@id\":\"https:\/\/lobosnews.com.ar\/index.php\/2026\/04\/26\/corte-suprema-de-ee-uu-definira-esta-semana-futuro-del-tps-para-mas-de-55-mil-hondurenos\/#primaryimage\"},\"thumbnailUrl\":\"https:\/\/lobosnews.com.ar\/wp-content\/uploads\/2026\/04\/corte-suprema-de-ee-uu-definira-esta-semana-futuro-del-tps-para-mas-de-55-mil-hondurenos-4.jpg\",\"datePublished\":\"2026-04-26T18:31:03+00:00\",\"dateModified\":\"2026-04-26T20:35:39+00:00\",\"breadcrumb\":{\"@id\":\"https:\/\/lobosnews.com.ar\/index.php\/2026\/04\/26\/corte-suprema-de-ee-uu-definira-esta-semana-futuro-del-tps-para-mas-de-55-mil-hondurenos\/#breadcrumb\"},\"inLanguage\":\"es\",\"potentialAction\":[{\"@type\":\"ReadAction\",\"target\":[\"https:\/\/lobosnews.com.ar\/index.php\/2026\/04\/26\/corte-suprema-de-ee-uu-definira-esta-semana-futuro-del-tps-para-mas-de-55-mil-hondurenos\/\"]}]},{\"@type\":\"ImageObject\",\"inLanguage\":\"es\",\"@id\":\"https:\/\/lobosnews.com.ar\/index.php\/2026\/04\/26\/corte-suprema-de-ee-uu-definira-esta-semana-futuro-del-tps-para-mas-de-55-mil-hondurenos\/#primaryimage\",\"url\":\"https:\/\/lobosnews.com.ar\/wp-content\/uploads\/2026\/04\/corte-suprema-de-ee-uu-definira-esta-semana-futuro-del-tps-para-mas-de-55-mil-hondurenos-4.jpg\",\"contentUrl\":\"https:\/\/lobosnews.com.ar\/wp-content\/uploads\/2026\/04\/corte-suprema-de-ee-uu-definira-esta-semana-futuro-del-tps-para-mas-de-55-mil-hondurenos-4.jpg\",\"width\":1280,\"height\":720,\"caption\":\"Corte Suprema de EE. UU. definir\u00e1 esta semana futuro del TPS para m\u00e1s de 55 mil hondure\u00f1os\"},{\"@type\":\"BreadcrumbList\",\"@id\":\"https:\/\/lobosnews.com.ar\/index.php\/2026\/04\/26\/corte-suprema-de-ee-uu-definira-esta-semana-futuro-del-tps-para-mas-de-55-mil-hondurenos\/#breadcrumb\",\"itemListElement\":[{\"@type\":\"ListItem\",\"position\":1,\"name\":\"Portada\",\"item\":\"https:\/\/lobosnews.com.ar\/\"},{\"@type\":\"ListItem\",\"position\":2,\"name\":\"Corte Suprema de EE. UU. definir\u00e1 esta semana futuro del TPS para m\u00e1s de 55 mil hondure\u00f1os\"}]},{\"@type\":\"WebSite\",\"@id\":\"https:\/\/lobosnews.com.ar\/#website\",\"url\":\"https:\/\/lobosnews.com.ar\/\",\"name\":\"Lobos News\",\"description\":\"Informaci\u00f3n a cada instante\",\"publisher\":{\"@id\":\"https:\/\/lobosnews.com.ar\/#organization\"},\"potentialAction\":[{\"@type\":\"SearchAction\",\"target\":{\"@type\":\"EntryPoint\",\"urlTemplate\":\"https:\/\/lobosnews.com.ar\/?s={search_term_string}\"},\"query-input\":{\"@type\":\"PropertyValueSpecification\",\"valueRequired\":true,\"valueName\":\"search_term_string\"}}],\"inLanguage\":\"es\"},{\"@type\":\"Organization\",\"@id\":\"https:\/\/lobosnews.com.ar\/#organization\",\"name\":\"Lobos News\",\"url\":\"https:\/\/lobosnews.com.ar\/\",\"logo\":{\"@type\":\"ImageObject\",\"inLanguage\":\"es\",\"@id\":\"https:\/\/lobosnews.com.ar\/#\/schema\/logo\/image\/\",\"url\":\"https:\/\/lobosnews.com.ar\/wp-content\/uploads\/2026\/01\/logo-lobosnews.png\",\"contentUrl\":\"https:\/\/lobosnews.com.ar\/wp-content\/uploads\/2026\/01\/logo-lobosnews.png\",\"width\":500,\"height\":200,\"caption\":\"Lobos News\"},\"image\":{\"@id\":\"https:\/\/lobosnews.com.ar\/#\/schema\/logo\/image\/\"}},{\"@type\":\"Person\",\"@id\":\"https:\/\/lobosnews.com.ar\/#\/schema\/person\/232422a593d5c541dd9aef6aaed10943\",\"name\":\"admin\",\"image\":{\"@type\":\"ImageObject\",\"inLanguage\":\"es\",\"@id\":\"https:\/\/lobosnews.com.ar\/#\/schema\/person\/image\/\",\"url\":\"https:\/\/secure.gravatar.com\/avatar\/76e419471a2083bc3ceab22a763dbbf9b0c1bd15a6214cf3280e2c2dde4580f9?s=96&d=mm&r=g\",\"contentUrl\":\"https:\/\/secure.gravatar.com\/avatar\/76e419471a2083bc3ceab22a763dbbf9b0c1bd15a6214cf3280e2c2dde4580f9?s=96&d=mm&r=g\",\"caption\":\"admin\"},\"sameAs\":[\"https:\/\/lobosnews.com.ar\"],\"url\":\"https:\/\/lobosnews.com.ar\/index.php\/author\/lobos-news\/\"}]}<\/script>\n<!-- \/ Yoast SEO plugin. -->","yoast_head_json":{"title":"Corte Suprema de EE. UU. definir\u00e1 esta semana futuro del TPS para m\u00e1s de 55 mil hondure\u00f1os - Lobos News","robots":{"index":"index","follow":"follow","max-snippet":"max-snippet:-1","max-image-preview":"max-image-preview:large","max-video-preview":"max-video-preview:-1"},"canonical":"https:\/\/lobosnews.com.ar\/index.php\/2026\/04\/26\/corte-suprema-de-ee-uu-definira-esta-semana-futuro-del-tps-para-mas-de-55-mil-hondurenos\/","og_locale":"es_ES","og_type":"article","og_title":"Corte Suprema de EE. UU. definir\u00e1 esta semana futuro del TPS para m\u00e1s de 55 mil hondure\u00f1os - Lobos News","og_description":"El futuro de miles de hondure\u00f1os amparados bajo el Estatus de Protecci\u00f3n Temporal (TPS) en Estados Unidos podr\u00eda definirse esta semana, con el anuncio pendiente de una decisi\u00f3n fundamental de la Corte Suprema sobre la continuidad del programa y el alcance legal para su cancelaci\u00f3n. El presidente de la Asociaci\u00f3n Hondure\u00f1a Estadounidense, Jay Miranda, explic\u00f3...","og_url":"https:\/\/lobosnews.com.ar\/index.php\/2026\/04\/26\/corte-suprema-de-ee-uu-definira-esta-semana-futuro-del-tps-para-mas-de-55-mil-hondurenos\/","og_site_name":"Lobos News","article_published_time":"2026-04-26T18:31:03+00:00","article_modified_time":"2026-04-26T20:35:39+00:00","og_image":[{"url":"https:\/\/lobosnews.com.ar\/wp-content\/uploads\/2026\/04\/corte-suprema-de-ee-uu-definira-esta-semana-futuro-del-tps-para-mas-de-55-mil-hondurenos.jpg","type":"","width":"","height":""}],"author":"admin","twitter_card":"summary_large_image","twitter_misc":{"Escrito por":"admin","Tiempo de lectura":"2 minutos"},"schema":{"@context":"https:\/\/schema.org","@graph":[{"@type":"Article","@id":"https:\/\/lobosnews.com.ar\/index.php\/2026\/04\/26\/corte-suprema-de-ee-uu-definira-esta-semana-futuro-del-tps-para-mas-de-55-mil-hondurenos\/#article","isPartOf":{"@id":"https:\/\/lobosnews.com.ar\/index.php\/2026\/04\/26\/corte-suprema-de-ee-uu-definira-esta-semana-futuro-del-tps-para-mas-de-55-mil-hondurenos\/"},"author":{"name":"admin","@id":"https:\/\/lobosnews.com.ar\/#\/schema\/person\/232422a593d5c541dd9aef6aaed10943"},"headline":"Corte Suprema de EE. UU. definir\u00e1 esta semana futuro del TPS para m\u00e1s de 55 mil hondure\u00f1os","datePublished":"2026-04-26T18:31:03+00:00","dateModified":"2026-04-26T20:35:39+00:00","mainEntityOfPage":{"@id":"https:\/\/lobosnews.com.ar\/index.php\/2026\/04\/26\/corte-suprema-de-ee-uu-definira-esta-semana-futuro-del-tps-para-mas-de-55-mil-hondurenos\/"},"wordCount":499,"commentCount":0,"publisher":{"@id":"https:\/\/lobosnews.com.ar\/#organization"},"image":{"@id":"https:\/\/lobosnews.com.ar\/index.php\/2026\/04\/26\/corte-suprema-de-ee-uu-definira-esta-semana-futuro-del-tps-para-mas-de-55-mil-hondurenos\/#primaryimage"},"thumbnailUrl":"https:\/\/lobosnews.com.ar\/wp-content\/uploads\/2026\/04\/corte-suprema-de-ee-uu-definira-esta-semana-futuro-del-tps-para-mas-de-55-mil-hondurenos-4.jpg","articleSection":["Actualidad"],"inLanguage":"es","potentialAction":[{"@type":"CommentAction","name":"Comment","target":["https:\/\/lobosnews.com.ar\/index.php\/2026\/04\/26\/corte-suprema-de-ee-uu-definira-esta-semana-futuro-del-tps-para-mas-de-55-mil-hondurenos\/#respond"]}]},{"@type":"WebPage","@id":"https:\/\/lobosnews.com.ar\/index.php\/2026\/04\/26\/corte-suprema-de-ee-uu-definira-esta-semana-futuro-del-tps-para-mas-de-55-mil-hondurenos\/","url":"https:\/\/lobosnews.com.ar\/index.php\/2026\/04\/26\/corte-suprema-de-ee-uu-definira-esta-semana-futuro-del-tps-para-mas-de-55-mil-hondurenos\/","name":"Corte Suprema de EE. UU. definir\u00e1 esta semana futuro del TPS para m\u00e1s de 55 mil hondure\u00f1os - Lobos News","isPartOf":{"@id":"https:\/\/lobosnews.com.ar\/#website"},"primaryImageOfPage":{"@id":"https:\/\/lobosnews.com.ar\/index.php\/2026\/04\/26\/corte-suprema-de-ee-uu-definira-esta-semana-futuro-del-tps-para-mas-de-55-mil-hondurenos\/#primaryimage"},"image":{"@id":"https:\/\/lobosnews.com.ar\/index.php\/2026\/04\/26\/corte-suprema-de-ee-uu-definira-esta-semana-futuro-del-tps-para-mas-de-55-mil-hondurenos\/#primaryimage"},"thumbnailUrl":"https:\/\/lobosnews.com.ar\/wp-content\/uploads\/2026\/04\/corte-suprema-de-ee-uu-definira-esta-semana-futuro-del-tps-para-mas-de-55-mil-hondurenos-4.jpg","datePublished":"2026-04-26T18:31:03+00:00","dateModified":"2026-04-26T20:35:39+00:00","breadcrumb":{"@id":"https:\/\/lobosnews.com.ar\/index.php\/2026\/04\/26\/corte-suprema-de-ee-uu-definira-esta-semana-futuro-del-tps-para-mas-de-55-mil-hondurenos\/#breadcrumb"},"inLanguage":"es","potentialAction":[{"@type":"ReadAction","target":["https:\/\/lobosnews.com.ar\/index.php\/2026\/04\/26\/corte-suprema-de-ee-uu-definira-esta-semana-futuro-del-tps-para-mas-de-55-mil-hondurenos\/"]}]},{"@type":"ImageObject","inLanguage":"es","@id":"https:\/\/lobosnews.com.ar\/index.php\/2026\/04\/26\/corte-suprema-de-ee-uu-definira-esta-semana-futuro-del-tps-para-mas-de-55-mil-hondurenos\/#primaryimage","url":"https:\/\/lobosnews.com.ar\/wp-content\/uploads\/2026\/04\/corte-suprema-de-ee-uu-definira-esta-semana-futuro-del-tps-para-mas-de-55-mil-hondurenos-4.jpg","contentUrl":"https:\/\/lobosnews.com.ar\/wp-content\/uploads\/2026\/04\/corte-suprema-de-ee-uu-definira-esta-semana-futuro-del-tps-para-mas-de-55-mil-hondurenos-4.jpg","width":1280,"height":720,"caption":"Corte Suprema de EE. UU. definir\u00e1 esta semana futuro del TPS para m\u00e1s de 55 mil hondure\u00f1os"},{"@type":"BreadcrumbList","@id":"https:\/\/lobosnews.com.ar\/index.php\/2026\/04\/26\/corte-suprema-de-ee-uu-definira-esta-semana-futuro-del-tps-para-mas-de-55-mil-hondurenos\/#breadcrumb","itemListElement":[{"@type":"ListItem","position":1,"name":"Portada","item":"https:\/\/lobosnews.com.ar\/"},{"@type":"ListItem","position":2,"name":"Corte Suprema de EE. UU. definir\u00e1 esta semana futuro del TPS para m\u00e1s de 55 mil hondure\u00f1os"}]},{"@type":"WebSite","@id":"https:\/\/lobosnews.com.ar\/#website","url":"https:\/\/lobosnews.com.ar\/","name":"Lobos News","description":"Informaci\u00f3n a cada instante","publisher":{"@id":"https:\/\/lobosnews.com.ar\/#organization"},"potentialAction":[{"@type":"SearchAction","target":{"@type":"EntryPoint","urlTemplate":"https:\/\/lobosnews.com.ar\/?s={search_term_string}"},"query-input":{"@type":"PropertyValueSpecification","valueRequired":true,"valueName":"search_term_string"}}],"inLanguage":"es"},{"@type":"Organization","@id":"https:\/\/lobosnews.com.ar\/#organization","name":"Lobos News","url":"https:\/\/lobosnews.com.ar\/","logo":{"@type":"ImageObject","inLanguage":"es","@id":"https:\/\/lobosnews.com.ar\/#\/schema\/logo\/image\/","url":"https:\/\/lobosnews.com.ar\/wp-content\/uploads\/2026\/01\/logo-lobosnews.png","contentUrl":"https:\/\/lobosnews.com.ar\/wp-content\/uploads\/2026\/01\/logo-lobosnews.png","width":500,"height":200,"caption":"Lobos News"},"image":{"@id":"https:\/\/lobosnews.com.ar\/#\/schema\/logo\/image\/"}},{"@type":"Person","@id":"https:\/\/lobosnews.com.ar\/#\/schema\/person\/232422a593d5c541dd9aef6aaed10943","name":"admin","image":{"@type":"ImageObject","inLanguage":"es","@id":"https:\/\/lobosnews.com.ar\/#\/schema\/person\/image\/","url":"https:\/\/secure.gravatar.com\/avatar\/76e419471a2083bc3ceab22a763dbbf9b0c1bd15a6214cf3280e2c2dde4580f9?s=96&d=mm&r=g","contentUrl":"https:\/\/secure.gravatar.com\/avatar\/76e419471a2083bc3ceab22a763dbbf9b0c1bd15a6214cf3280e2c2dde4580f9?s=96&d=mm&r=g","caption":"admin"},"sameAs":["https:\/\/lobosnews.com.ar"],"url":"https:\/\/lobosnews.com.ar\/index.php\/author\/lobos-news\/"}]}},"jetpack_featured_media_url":"https:\/\/lobosnews.com.ar\/wp-content\/uploads\/2026\/04\/corte-suprema-de-ee-uu-definira-esta-semana-futuro-del-tps-para-mas-de-55-mil-hondurenos-4.jpg","jetpack_sharing_enabled":true,"_links":{"self":[{"href":"https:\/\/lobosnews.com.ar\/index.php\/wp-json\/wp\/v2\/posts\/45763","targetHints":{"allow":["GET"]}}],"collection":[{"href":"https:\/\/lobosnews.com.ar\/index.php\/wp-json\/wp\/v2\/posts"}],"about":[{"href":"https:\/\/lobosnews.com.ar\/index.php\/wp-json\/wp\/v2\/types\/post"}],"author":[{"embeddable":true,"href":"https:\/\/lobosnews.com.ar\/index.php\/wp-json\/wp\/v2\/users\/1"}],"replies":[{"embeddable":true,"href":"https:\/\/lobosnews.com.ar\/index.php\/wp-json\/wp\/v2\/comments?post=45763"}],"version-history":[{"count":1,"href":"https:\/\/lobosnews.com.ar\/index.php\/wp-json\/wp\/v2\/posts\/45763\/revisions"}],"predecessor-version":[{"id":45767,"href":"https:\/\/lobosnews.com.ar\/index.php\/wp-json\/wp\/v2\/posts\/45763\/revisions\/45767"}],"wp:featuredmedia":[{"embeddable":true,"href":"https:\/\/lobosnews.com.ar\/index.php\/wp-json\/wp\/v2\/media\/45768"}],"wp:attachment":[{"href":"https:\/\/lobosnews.com.ar\/index.php\/wp-json\/wp\/v2\/media?parent=45763"}],"wp:term":[{"taxonomy":"category","embeddable":true,"href":"https:\/\/lobosnews.com.ar\/index.php\/wp-json\/wp\/v2\/categories?post=45763"},{"taxonomy":"post_tag","embeddable":true,"href":"https:\/\/lobosnews.com.ar\/index.php\/wp-json\/wp\/v2\/tags?post=45763"}],"curies":[{"name":"wp","href":"https:\/\/api.w.org\/{rel}","templated":true}]}}