{"id":4576,"date":"2026-01-10T05:00:00","date_gmt":"2026-01-10T05:00:00","guid":{"rendered":"https:\/\/lobosnews.com.ar\/index.php\/2026\/01\/10\/julia-calvo-se-pone-en-la-piel-de-nelly-omar-tras-su-paso-por-masterchef-espero-que-sea-un-buen-augurio\/"},"modified":"2026-01-10T16:08:54","modified_gmt":"2026-01-10T16:08:54","slug":"julia-calvo-se-pone-en-la-piel-de-nelly-omar-tras-su-paso-por-masterchef-espero-que-sea-un-buen-augurio","status":"publish","type":"post","link":"https:\/\/lobosnews.com.ar\/index.php\/2026\/01\/10\/julia-calvo-se-pone-en-la-piel-de-nelly-omar-tras-su-paso-por-masterchef-espero-que-sea-un-buen-augurio\/","title":{"rendered":"Julia Calvo se pone en la piel de Nelly Omar tras su paso por MasterChef: \u201cEspero que sea un buen augurio\u201d"},"content":{"rendered":"<p><img loading=\"lazy\" decoding=\"async\" src=\"https:\/\/lobosnews.com.ar\/wp-content\/uploads\/2026\/01\/julia-calvo-se-pone-en-la-piel-de-nelly-omar-tras-su-paso-por-masterchef-espero-que-sea-un-buen-augurio.jpg\" alt=\"Julia Calvo se pone en la piel de Nelly Omar en la obra teatral Ellas son tango (Prensa)\" height=\"640\" width=\"427\"\/><\/p>\n<p>El a\u00f1o 2026 de <span class=\"waslinkname\"><b>Julia Calvo<\/b><\/span> arranc\u00f3 sin pausas y no deja margen para el descanso, al igual de lo que fue el a\u00f1o \u00faltimo. Es que la reconocida actriz atraves\u00f3 <b>un 2025 colmado de trabajo, logros, viajes y reencuentros con p\u00fablicos de distintas orillas<\/b>. A pesar de su sinceridad brutal \u2014\u201cno s\u00e9 cocinar\u201d\u2014, se anim\u00f3 a formar parte de la \u00faltima edici\u00f3n de <i>MasterChef Celebrity<\/i>, aprendi\u00f3 trucos, se reencontr\u00f3 con antiguos colegas t\u00e9cnicos y enfrent\u00f3 el desaf\u00edo de mostrarse sin m\u00e1scara, sin personaje, en un reality donde la exposici\u00f3n es total.<\/p>\n<p>La conversaci\u00f3n con Julia comienza en el final de una semana cargada de obligaciones, pero la voz al otro lado del tel\u00e9fono transmite la energ\u00eda de quien aprendi\u00f3 a surfear olas de cansancio y entusiasmo a partes iguales. \u201cNo, mi hijo, si estoy desde temprano hoy. Tranqui, tranqui\u201d, responde, antes de repasar un recorrido imparable: <b>\u201cEl 2025 empez\u00f3 como termin\u00f3, full, full. As\u00ed que espero que sea un buen augurio para 2026\u201d<\/b>. El calendario lo confirma: arranc\u00f3 el a\u00f1o con el homenaje a <b>Mirtha Legrand<\/b> en el espect\u00e1culo <i>Mirtha el mito<\/i>, bajo la direcci\u00f3n de <b>Jos\u00e9 Mar\u00eda Muscari<\/b>; luego cruz\u00f3 a Montevideo para grabar durante cinco meses la serie <i>Margarita<\/i>; fue distinguida con un <b>Mart\u00edn Fierro como actriz de reparto por ese trabajo<\/b> y, sin respiro, al d\u00eda siguiente ya se encontraba en el set de <i>MasterChef Celebrity.<\/i> \u201cMamita, y sal\u00ed ilesa\u201d, ironiz\u00f3.<\/p>\n<p><img loading=\"lazy\" decoding=\"async\" src=\"https:\/\/lobosnews.com.ar\/wp-content\/uploads\/2026\/01\/julia-calvo-se-pone-en-la-piel-de-nelly-omar-tras-su-paso-por-masterchef-espero-que-sea-un-buen-augurio-1.jpg\" alt=\"En Ellas son tango, Julia Calvo comparte cartel con Andrea Ghidone, Anita Mart\u00ednez y Marisol Otero \" height=\"990\" width=\"1076\"\/><\/p>\n<p>Ahora, Julia se prepara para subirse una vez m\u00e1s al escenario con <i><b>Ellas son Tango<\/b><\/i>, la obra que regresa tras una exitosa primera temporada, con la orquesta en vivo del <b>Quinteto del \u00c1ngel<\/b> y un elenco de m\u00e1s de veinte artistas. La actriz se suma al equipo encabezado por <b>Andrea Ghidone<\/b>, <b>Anita Mart\u00ednez<\/b>, <b>Marisol Otero<\/b> y el inconfundible <b>Chino Laborde<\/b>. \u201cEsto fue como una pileta de agua fresca que me estaba esperando y dije: \u2018Adentro\u2019. No hace mucho que estoy ensayando, pero conf\u00edo en que puedo incorporarme y lo estoy disfrutando un mont\u00f3n\u201d, afirm\u00f3.<\/p>\n<p>La obra homenajea a las leyendas femeninas del tango, explorando distintas facetas en cada cuadro: la iron\u00eda filosa de <b>Tita Merello<\/b> (Anita Mart\u00ednez), el lirismo elegante de <b>Libertad Lamarque<\/b> (Marisol Otero), la potencia corporal de <b>Mar\u00eda Nieves<\/b> (Andrea Ghidone) y la fuerza rebelde de <b>Nelly Omar<\/b>, a quien ya interpretara en el pasado. <\/p>\n<p><img loading=\"lazy\" decoding=\"async\" src=\"https:\/\/lobosnews.com.ar\/wp-content\/uploads\/2026\/01\/julia-calvo-se-pone-en-la-piel-de-nelly-omar-tras-su-paso-por-masterchef-espero-que-sea-un-buen-augurio-2.jpg\" alt=\"Es la segunda vez que Julia Calvo se pone en la piel de Nelly Omar\" height=\"6016\" width=\"4016\"\/><\/p>\n<p>Julia se puso anteriormente en la piel de la legendaria cantante en la multipremiada obra teatral Manzi, la vida en Orsai, un musical que explora la vida del poeta Homero Manzi y su apasionada, pero no consumada, relaci\u00f3n con Nelly, mostrando c\u00f3mo el amor prohibido impact\u00f3 en sus vidas y obras, con Julia capturando la esencia de la \u201cGardel con polleras\u201d, y su conexi\u00f3n con Manzi. <\/p>\n<p>Respecto de la obra a estrenarse el 9 de enero en el Teatro Astral, destac\u00f3 que a diferencia de lo realizado en el pasado, \u201cm\u00e1s que componerla desde el v\u00ednculo con Manzi, es esto de contarnos an\u00e9cdotas y de repente intercalar con alg\u00fan tema musical y vernos y re\u00edrnos y ver bailar a Mar\u00eda Nieves. Es como una amistad. <b>Es un limbo donde se genera esta amistad hermosa de cuatro enormes<\/b>\u201d, describi\u00f3.<\/p>\n<p>No dud\u00f3 ni un instante cuando le ofrecieron sumarse. El reencuentro con Andrea Ghidone en el homenaje a Mirtha ya hab\u00eda dejado huella: \u201cHab\u00eda un momentito donde<b> Bel\u00e9n Pasqualini<\/b> y<b> Victoria Carreras<\/b> cantaban una milonguita y nosotras, as\u00ed como una cosa nuestra, nos daba unas ganas de ponernos a bailar. Peg\u00e1bamos un par de pasitos. <b>Cuando estaba terminando de grabar<\/b><i><b> MasterChef <\/b><\/i><b>y Andrea me dice: \u2018Julia, tengo ganas\u2026\u2019. Me encant\u00f3, con orquesta en vivo, en el astral, me encant\u00f3. <\/b>Cuando me nombr\u00f3 las compa\u00f1eras y al Chino, dije: \u2018Ah, bueno, cart\u00f3n lleno. Estoy feliz\u2019\u201d.<\/p>\n<p>En la charla, Julia repas\u00f3 el v\u00e9rtigo de los ensayos, el desaf\u00edo de incorporarse r\u00e1pidamente: \u201cFalta nada, pero yo estoy acostumbrada a eso. Para hacer todo\u201d. Y sin dudas, sobre el reality de cocina del que particip\u00f3. no dej\u00f3 lugar a dudas de que lo m\u00e1s dif\u00edcil fue finalmente hacer de ella misma en vez de ponerse a hacer un personaje. La actriz lo confirm\u00f3 as\u00ed: \u201cLa verdad que s\u00ed. De todas las cosas que aprend\u00ed, me las sum\u00e9 en mi haber. Aprend\u00ed un mont\u00f3n,<b> m\u00e1s all\u00e1 de que es muy dif\u00edcil y no s\u00e9 si volver\u00eda a hacer un reality. Porque es otra movida, no est\u00e1s componiendo. <\/b>Yo de m\u00ed no s\u00e9 hacer, no s\u00e9 si soy un personaje interesante para hacer. Pero aprend\u00ed un mont\u00f3n de cosas\u201d.<\/p>\n<p>La experiencia en el reality la llev\u00f3 a observarse en un nuevo \u00e1mbito: \u201cA los cuatro o cinco d\u00edas, yo ya era amiga de la cocina, del mercado, de los utensilios\u2026 estar nadando en una pecera feliz. No me fue bien, pero dec\u00eda: \u2018Ah, pero par\u00e1, me estoy habituando\u2019\u201d. Calvo traz\u00f3 un paralelismo con el teatro: el primer d\u00eda siempre es estreno, pero despu\u00e9s se navegan todos los estilos y eso es lo que la hace sentir m\u00e1s c\u00f3moda. El reencuentro incluso en Telefe con sus compa\u00f1eros t\u00e9cnicos fue un b\u00e1lsamo: \u201cMuchos a\u00f1os en ese canal y ellos estaban contentos de volver a verme. Me dio un mimazo en el alma\u201d.<\/p>\n<p>No todo fue f\u00e1cil. La exposici\u00f3n, la falta de personaje, el banquillo de las opiniones: \u201c<b>No es c\u00f3modo. Igual terminamos b\u00e1rbaro con los jurados. <\/b>La verdad que terminamos muy bien. Fue una buena experiencia, aunque me cost\u00f3 m\u00e1s, como si fuera una obra muy dif\u00edcil\u201d.<\/p>\n<p><img loading=\"lazy\" decoding=\"async\" src=\"https:\/\/lobosnews.com.ar\/wp-content\/uploads\/2026\/01\/julia-calvo-se-pone-en-la-piel-de-nelly-omar-tras-su-paso-por-masterchef-espero-que-sea-un-buen-augurio-3.jpg\" alt=\"JUia Calvo, quie realiz\u00f3 uina impactante interpretaci\u00f3n en ATAV, extra\u00f1a la ficci\u00f3n en la pantalla chica\" height=\"1236\" width=\"1920\"\/><\/p>\n<p>En la calle, el cari\u00f1o del p\u00fablico es palpable. \u201cRecibo cosas hermosas\u201d aclar\u00f3 respecto del reconocimiento que traspasa generaciones, y mirando a su pasado, rememor\u00f3: \u201c<b>Cuando era m\u00e1s chica, yo so\u00f1aba que era Janis Joplin y llenaba estadios<\/b>, pero so\u00f1aba m\u00e1s que nada que hubiera recepci\u00f3n de mis composiciones, de lo que yo compon\u00eda en los personajes. Y la verdad que gracias a las oportunidades que tuve, a los autores que me han tocado, gracias a Dios, es como que siempre termino componiendo muy feliz, aun la m\u00e1s mala, como me ha pasado en algunos personajes, que he sido muy, muy mala y fue genial tambi\u00e9n. Me encanta que la gente me llame en la calle por el nombre de un personaje\u201d.<\/p>\n<p>De inmediato, claro, la charla comienza a girar osbre el presente de la ficci\u00f3n nacional en la pantalla chica, y es entonces cuando la entrevostada transmite la inquietud de muchos colegas: <b>\u201cLos t\u00e9cnicos de Telefe me abrazaban y me dec\u00edan: \u2018\u00bfCu\u00e1ndo volvemos a hacer ficci\u00f3n?\u2019.<\/b> Porque ellos tambi\u00e9n necesitan ese lugar creativo\u201d. Fue entonces que record\u00f3 c\u00f3mo en Montevideo, durante las grabaciones de <i>Margarita<\/i>, ve\u00eda por televisi\u00f3n ficciones argentinas de hace diez a\u00f1os, a\u00fan vigentes y promocionadas. \u201c<b>Ac\u00e1 el p\u00fablico te est\u00e1 diciendo: \u2018Che, m\u00e1ndense una ficci\u00f3n\u2019. Pero las producciones se tienen que animar porque es muy costoso<\/b>, sobre todo la infraestructura de una novela\u201d, explic\u00f3.<\/p>\n<p><img loading=\"lazy\" decoding=\"async\" src=\"https:\/\/lobosnews.com.ar\/wp-content\/uploads\/2026\/01\/julia-calvo-se-pone-en-la-piel-de-nelly-omar-tras-su-paso-por-masterchef-espero-que-sea-un-buen-augurio-4.jpg\" alt=\"Julia Calvo posa orgullosa con su Mart\u00edn Fierro como Actriz de reparto por su trabajo en Margarita (Maximiliano Luna) \" height=\"1920\" width=\"1280\"\/><\/p>\n<p>El teatro queda entonces como refugio, como trinchera y como espacio de resistencia y conexi\u00f3n directa con el p\u00fablico. \u201cSiempre lo fue\u201d, asegur\u00f3. Hay proyectos nuevos, aunque a\u00fan no puede contarlos: <b>\u201cSi salen, me siento Gardel y Le Pera. Mir\u00e1 lo que te digo\u201d.<\/b> La felicidad de salir del teatro y encontrarse con la gente despu\u00e9s de cada funci\u00f3n es irremplazable: \u201cEs muy gratificante. Gracias a Dios me pasa cada vez que salgo del teatro a hacer funci\u00f3n\u201d.<\/p>\n<p>Entre ensayo y ensayo, funci\u00f3n y funci\u00f3n, reality y rodaje, <b>Julia Calvo<\/b> recorri\u00f3 un 2025 donde cada d\u00eda parec\u00eda contener varias vidas. <b>\u201cMe encanta, me da placer la proyecci\u00f3n de lo que puede ser el espect\u00e1culo y se est\u00e1 perfilando ah\u00ed en la segunda mitad de a\u00f1o. Ojal\u00e1 se d\u00e9\u201d<\/b>, desea sobre este 2026, lista para volver a empezar. Porque la funci\u00f3n, en el teatro y en la vida, nunca termina del todo.<\/p>\n","protected":false},"excerpt":{"rendered":"<p>El a\u00f1o 2026 de Julia Calvo arranc\u00f3 sin pausas y no deja margen para el descanso, al igual de lo que fue el a\u00f1o \u00faltimo. Es que la reconocida actriz atraves\u00f3 un 2025 colmado de trabajo, logros, viajes y reencuentros con p\u00fablicos de distintas orillas. A pesar de su sinceridad brutal \u2014\u201cno s\u00e9 cocinar\u201d\u2014, se&#8230;<\/p>\n","protected":false},"author":1,"featured_media":4583,"comment_status":"open","ping_status":"closed","sticky":false,"template":"","format":"standard","meta":{"_jetpack_memberships_contains_paid_content":false,"footnotes":""},"categories":[79],"tags":[],"class_list":["post-4576","post","type-post","status-publish","format-standard","has-post-thumbnail","hentry","category-cine-y-series"],"magazineBlocksPostFeaturedMedia":{"thumbnail":"https:\/\/lobosnews.com.ar\/wp-content\/uploads\/2026\/01\/julia-calvo-se-pone-en-la-piel-de-nelly-omar-tras-su-paso-por-masterchef-espero-que-sea-un-buen-augurio-10-150x150.jpg","medium":"https:\/\/lobosnews.com.ar\/wp-content\/uploads\/2026\/01\/julia-calvo-se-pone-en-la-piel-de-nelly-omar-tras-su-paso-por-masterchef-espero-que-sea-un-buen-augurio-10-200x300.jpg","medium_large":"https:\/\/lobosnews.com.ar\/wp-content\/uploads\/2026\/01\/julia-calvo-se-pone-en-la-piel-de-nelly-omar-tras-su-paso-por-masterchef-espero-que-sea-un-buen-augurio-10-768x1152.jpg","large":"https:\/\/lobosnews.com.ar\/wp-content\/uploads\/2026\/01\/julia-calvo-se-pone-en-la-piel-de-nelly-omar-tras-su-paso-por-masterchef-espero-que-sea-un-buen-augurio-10-683x1024.jpg","1536x1536":"https:\/\/lobosnews.com.ar\/wp-content\/uploads\/2026\/01\/julia-calvo-se-pone-en-la-piel-de-nelly-omar-tras-su-paso-por-masterchef-espero-que-sea-un-buen-augurio-10-1024x1536.jpg","2048x2048":"https:\/\/lobosnews.com.ar\/wp-content\/uploads\/2026\/01\/julia-calvo-se-pone-en-la-piel-de-nelly-omar-tras-su-paso-por-masterchef-espero-que-sea-un-buen-augurio-10.jpg","newsmatic-featured":"https:\/\/lobosnews.com.ar\/wp-content\/uploads\/2026\/01\/julia-calvo-se-pone-en-la-piel-de-nelly-omar-tras-su-paso-por-masterchef-espero-que-sea-un-buen-augurio-10-820x545.jpg","newsmatic-list":"https:\/\/lobosnews.com.ar\/wp-content\/uploads\/2026\/01\/julia-calvo-se-pone-en-la-piel-de-nelly-omar-tras-su-paso-por-masterchef-espero-que-sea-un-buen-augurio-10-600x400.jpg","newsmatic-thumb":"https:\/\/lobosnews.com.ar\/wp-content\/uploads\/2026\/01\/julia-calvo-se-pone-en-la-piel-de-nelly-omar-tras-su-paso-por-masterchef-espero-que-sea-un-buen-augurio-10-300x200.jpg","newsmatic-small":"https:\/\/lobosnews.com.ar\/wp-content\/uploads\/2026\/01\/julia-calvo-se-pone-en-la-piel-de-nelly-omar-tras-su-paso-por-masterchef-espero-que-sea-un-buen-augurio-10-150x95.jpg","newsmatic-grid":"https:\/\/lobosnews.com.ar\/wp-content\/uploads\/2026\/01\/julia-calvo-se-pone-en-la-piel-de-nelly-omar-tras-su-paso-por-masterchef-espero-que-sea-un-buen-augurio-10-400x250.jpg"},"magazineBlocksPostAuthor":{"name":"admin","avatar":"https:\/\/secure.gravatar.com\/avatar\/76e419471a2083bc3ceab22a763dbbf9b0c1bd15a6214cf3280e2c2dde4580f9?s=96&d=mm&r=g"},"magazineBlocksPostCommentsNumber":"0","magazineBlocksPostExcerpt":"El a\u00f1o 2026 de Julia Calvo arranc\u00f3 sin pausas y no deja margen para el descanso, al igual de lo que fue el a\u00f1o \u00faltimo. Es que la reconocida actriz atraves\u00f3 un 2025 colmado de trabajo, logros, viajes y reencuentros con p\u00fablicos de distintas orillas. A pesar de su sinceridad brutal \u2014\u201cno s\u00e9 cocinar\u201d\u2014, se...","magazineBlocksPostCategories":["Cine y Series"],"magazineBlocksPostViewCount":123,"magazineBlocksPostReadTime":7,"magazine_blocks_featured_image_url":{"full":["https:\/\/lobosnews.com.ar\/wp-content\/uploads\/2026\/01\/julia-calvo-se-pone-en-la-piel-de-nelly-omar-tras-su-paso-por-masterchef-espero-que-sea-un-buen-augurio-10.jpg",1280,1920,false],"medium":["https:\/\/lobosnews.com.ar\/wp-content\/uploads\/2026\/01\/julia-calvo-se-pone-en-la-piel-de-nelly-omar-tras-su-paso-por-masterchef-espero-que-sea-un-buen-augurio-10-200x300.jpg",200,300,true],"thumbnail":["https:\/\/lobosnews.com.ar\/wp-content\/uploads\/2026\/01\/julia-calvo-se-pone-en-la-piel-de-nelly-omar-tras-su-paso-por-masterchef-espero-que-sea-un-buen-augurio-10-150x150.jpg",150,150,true]},"magazine_blocks_author":{"display_name":"admin","author_link":"https:\/\/lobosnews.com.ar\/index.php\/author\/lobos-news\/"},"magazine_blocks_comment":0,"magazine_blocks_author_image":"https:\/\/secure.gravatar.com\/avatar\/76e419471a2083bc3ceab22a763dbbf9b0c1bd15a6214cf3280e2c2dde4580f9?s=96&d=mm&r=g","magazine_blocks_category":"<a href=\"#\" class=\"category-link category-link-79\">Cine y Series<\/a>","yoast_head":"<!-- This site is optimized with the Yoast SEO plugin v26.6 - https:\/\/yoast.com\/wordpress\/plugins\/seo\/ -->\n<title>Julia Calvo se pone en la piel de Nelly Omar tras su paso por MasterChef: \u201cEspero que sea un buen augurio\u201d - Lobos News<\/title>\n<meta name=\"robots\" content=\"index, follow, max-snippet:-1, max-image-preview:large, max-video-preview:-1\" \/>\n<link rel=\"canonical\" href=\"https:\/\/lobosnews.com.ar\/index.php\/2026\/01\/10\/julia-calvo-se-pone-en-la-piel-de-nelly-omar-tras-su-paso-por-masterchef-espero-que-sea-un-buen-augurio\/\" \/>\n<meta property=\"og:locale\" content=\"es_ES\" \/>\n<meta property=\"og:type\" content=\"article\" \/>\n<meta property=\"og:title\" content=\"Julia Calvo se pone en la piel de Nelly Omar tras su paso por MasterChef: \u201cEspero que sea un buen augurio\u201d - Lobos News\" \/>\n<meta property=\"og:description\" content=\"El a\u00f1o 2026 de Julia Calvo arranc\u00f3 sin pausas y no deja margen para el descanso, al igual de lo que fue el a\u00f1o \u00faltimo. Es que la reconocida actriz atraves\u00f3 un 2025 colmado de trabajo, logros, viajes y reencuentros con p\u00fablicos de distintas orillas. A pesar de su sinceridad brutal \u2014\u201cno s\u00e9 cocinar\u201d\u2014, se...\" \/>\n<meta property=\"og:url\" content=\"https:\/\/lobosnews.com.ar\/index.php\/2026\/01\/10\/julia-calvo-se-pone-en-la-piel-de-nelly-omar-tras-su-paso-por-masterchef-espero-que-sea-un-buen-augurio\/\" \/>\n<meta property=\"og:site_name\" content=\"Lobos News\" \/>\n<meta property=\"article:published_time\" content=\"2026-01-10T05:00:00+00:00\" \/>\n<meta property=\"article:modified_time\" content=\"2026-01-10T16:08:54+00:00\" \/>\n<meta property=\"og:image\" content=\"https:\/\/lobosnews.com.ar\/wp-content\/uploads\/2026\/01\/julia-calvo-se-pone-en-la-piel-de-nelly-omar-tras-su-paso-por-masterchef-espero-que-sea-un-buen-augurio.jpg\" \/>\n<meta name=\"author\" content=\"admin\" \/>\n<meta name=\"twitter:card\" content=\"summary_large_image\" \/>\n<meta name=\"twitter:label1\" content=\"Escrito por\" \/>\n\t<meta name=\"twitter:data1\" content=\"admin\" \/>\n\t<meta name=\"twitter:label2\" content=\"Tiempo de lectura\" \/>\n\t<meta name=\"twitter:data2\" content=\"7 minutos\" \/>\n<script type=\"application\/ld+json\" class=\"yoast-schema-graph\">{\"@context\":\"https:\/\/schema.org\",\"@graph\":[{\"@type\":\"Article\",\"@id\":\"https:\/\/lobosnews.com.ar\/index.php\/2026\/01\/10\/julia-calvo-se-pone-en-la-piel-de-nelly-omar-tras-su-paso-por-masterchef-espero-que-sea-un-buen-augurio\/#article\",\"isPartOf\":{\"@id\":\"https:\/\/lobosnews.com.ar\/index.php\/2026\/01\/10\/julia-calvo-se-pone-en-la-piel-de-nelly-omar-tras-su-paso-por-masterchef-espero-que-sea-un-buen-augurio\/\"},\"author\":{\"name\":\"admin\",\"@id\":\"https:\/\/lobosnews.com.ar\/#\/schema\/person\/232422a593d5c541dd9aef6aaed10943\"},\"headline\":\"Julia Calvo se pone en la piel de Nelly Omar tras su paso por MasterChef: \u201cEspero que sea un buen augurio\u201d\",\"datePublished\":\"2026-01-10T05:00:00+00:00\",\"dateModified\":\"2026-01-10T16:08:54+00:00\",\"mainEntityOfPage\":{\"@id\":\"https:\/\/lobosnews.com.ar\/index.php\/2026\/01\/10\/julia-calvo-se-pone-en-la-piel-de-nelly-omar-tras-su-paso-por-masterchef-espero-que-sea-un-buen-augurio\/\"},\"wordCount\":1397,\"commentCount\":0,\"publisher\":{\"@id\":\"https:\/\/lobosnews.com.ar\/#organization\"},\"image\":{\"@id\":\"https:\/\/lobosnews.com.ar\/index.php\/2026\/01\/10\/julia-calvo-se-pone-en-la-piel-de-nelly-omar-tras-su-paso-por-masterchef-espero-que-sea-un-buen-augurio\/#primaryimage\"},\"thumbnailUrl\":\"https:\/\/lobosnews.com.ar\/wp-content\/uploads\/2026\/01\/julia-calvo-se-pone-en-la-piel-de-nelly-omar-tras-su-paso-por-masterchef-espero-que-sea-un-buen-augurio-10.jpg\",\"articleSection\":[\"Cine y Series\"],\"inLanguage\":\"es\",\"potentialAction\":[{\"@type\":\"CommentAction\",\"name\":\"Comment\",\"target\":[\"https:\/\/lobosnews.com.ar\/index.php\/2026\/01\/10\/julia-calvo-se-pone-en-la-piel-de-nelly-omar-tras-su-paso-por-masterchef-espero-que-sea-un-buen-augurio\/#respond\"]}]},{\"@type\":\"WebPage\",\"@id\":\"https:\/\/lobosnews.com.ar\/index.php\/2026\/01\/10\/julia-calvo-se-pone-en-la-piel-de-nelly-omar-tras-su-paso-por-masterchef-espero-que-sea-un-buen-augurio\/\",\"url\":\"https:\/\/lobosnews.com.ar\/index.php\/2026\/01\/10\/julia-calvo-se-pone-en-la-piel-de-nelly-omar-tras-su-paso-por-masterchef-espero-que-sea-un-buen-augurio\/\",\"name\":\"Julia Calvo se pone en la piel de Nelly Omar tras su paso por MasterChef: \u201cEspero que sea un buen augurio\u201d - Lobos News\",\"isPartOf\":{\"@id\":\"https:\/\/lobosnews.com.ar\/#website\"},\"primaryImageOfPage\":{\"@id\":\"https:\/\/lobosnews.com.ar\/index.php\/2026\/01\/10\/julia-calvo-se-pone-en-la-piel-de-nelly-omar-tras-su-paso-por-masterchef-espero-que-sea-un-buen-augurio\/#primaryimage\"},\"image\":{\"@id\":\"https:\/\/lobosnews.com.ar\/index.php\/2026\/01\/10\/julia-calvo-se-pone-en-la-piel-de-nelly-omar-tras-su-paso-por-masterchef-espero-que-sea-un-buen-augurio\/#primaryimage\"},\"thumbnailUrl\":\"https:\/\/lobosnews.com.ar\/wp-content\/uploads\/2026\/01\/julia-calvo-se-pone-en-la-piel-de-nelly-omar-tras-su-paso-por-masterchef-espero-que-sea-un-buen-augurio-10.jpg\",\"datePublished\":\"2026-01-10T05:00:00+00:00\",\"dateModified\":\"2026-01-10T16:08:54+00:00\",\"breadcrumb\":{\"@id\":\"https:\/\/lobosnews.com.ar\/index.php\/2026\/01\/10\/julia-calvo-se-pone-en-la-piel-de-nelly-omar-tras-su-paso-por-masterchef-espero-que-sea-un-buen-augurio\/#breadcrumb\"},\"inLanguage\":\"es\",\"potentialAction\":[{\"@type\":\"ReadAction\",\"target\":[\"https:\/\/lobosnews.com.ar\/index.php\/2026\/01\/10\/julia-calvo-se-pone-en-la-piel-de-nelly-omar-tras-su-paso-por-masterchef-espero-que-sea-un-buen-augurio\/\"]}]},{\"@type\":\"ImageObject\",\"inLanguage\":\"es\",\"@id\":\"https:\/\/lobosnews.com.ar\/index.php\/2026\/01\/10\/julia-calvo-se-pone-en-la-piel-de-nelly-omar-tras-su-paso-por-masterchef-espero-que-sea-un-buen-augurio\/#primaryimage\",\"url\":\"https:\/\/lobosnews.com.ar\/wp-content\/uploads\/2026\/01\/julia-calvo-se-pone-en-la-piel-de-nelly-omar-tras-su-paso-por-masterchef-espero-que-sea-un-buen-augurio-10.jpg\",\"contentUrl\":\"https:\/\/lobosnews.com.ar\/wp-content\/uploads\/2026\/01\/julia-calvo-se-pone-en-la-piel-de-nelly-omar-tras-su-paso-por-masterchef-espero-que-sea-un-buen-augurio-10.jpg\",\"width\":1280,\"height\":1920,\"caption\":\"Julia Calvo se pone en la piel de Nelly Omar tras su paso por MasterChef: \u201cEspero que sea un buen augurio\u201d\"},{\"@type\":\"BreadcrumbList\",\"@id\":\"https:\/\/lobosnews.com.ar\/index.php\/2026\/01\/10\/julia-calvo-se-pone-en-la-piel-de-nelly-omar-tras-su-paso-por-masterchef-espero-que-sea-un-buen-augurio\/#breadcrumb\",\"itemListElement\":[{\"@type\":\"ListItem\",\"position\":1,\"name\":\"Portada\",\"item\":\"https:\/\/lobosnews.com.ar\/\"},{\"@type\":\"ListItem\",\"position\":2,\"name\":\"Julia Calvo se pone en la piel de Nelly Omar tras su paso por MasterChef: \u201cEspero que sea un buen augurio\u201d\"}]},{\"@type\":\"WebSite\",\"@id\":\"https:\/\/lobosnews.com.ar\/#website\",\"url\":\"https:\/\/lobosnews.com.ar\/\",\"name\":\"Lobos News\",\"description\":\"Informaci\u00f3n a cada instante\",\"publisher\":{\"@id\":\"https:\/\/lobosnews.com.ar\/#organization\"},\"potentialAction\":[{\"@type\":\"SearchAction\",\"target\":{\"@type\":\"EntryPoint\",\"urlTemplate\":\"https:\/\/lobosnews.com.ar\/?s={search_term_string}\"},\"query-input\":{\"@type\":\"PropertyValueSpecification\",\"valueRequired\":true,\"valueName\":\"search_term_string\"}}],\"inLanguage\":\"es\"},{\"@type\":\"Organization\",\"@id\":\"https:\/\/lobosnews.com.ar\/#organization\",\"name\":\"Lobos News\",\"url\":\"https:\/\/lobosnews.com.ar\/\",\"logo\":{\"@type\":\"ImageObject\",\"inLanguage\":\"es\",\"@id\":\"https:\/\/lobosnews.com.ar\/#\/schema\/logo\/image\/\",\"url\":\"https:\/\/lobosnews.com.ar\/wp-content\/uploads\/2026\/01\/logo-lobosnews.png\",\"contentUrl\":\"https:\/\/lobosnews.com.ar\/wp-content\/uploads\/2026\/01\/logo-lobosnews.png\",\"width\":500,\"height\":200,\"caption\":\"Lobos News\"},\"image\":{\"@id\":\"https:\/\/lobosnews.com.ar\/#\/schema\/logo\/image\/\"}},{\"@type\":\"Person\",\"@id\":\"https:\/\/lobosnews.com.ar\/#\/schema\/person\/232422a593d5c541dd9aef6aaed10943\",\"name\":\"admin\",\"image\":{\"@type\":\"ImageObject\",\"inLanguage\":\"es\",\"@id\":\"https:\/\/lobosnews.com.ar\/#\/schema\/person\/image\/\",\"url\":\"https:\/\/secure.gravatar.com\/avatar\/76e419471a2083bc3ceab22a763dbbf9b0c1bd15a6214cf3280e2c2dde4580f9?s=96&d=mm&r=g\",\"contentUrl\":\"https:\/\/secure.gravatar.com\/avatar\/76e419471a2083bc3ceab22a763dbbf9b0c1bd15a6214cf3280e2c2dde4580f9?s=96&d=mm&r=g\",\"caption\":\"admin\"},\"sameAs\":[\"https:\/\/lobosnews.com.ar\"],\"url\":\"https:\/\/lobosnews.com.ar\/index.php\/author\/lobos-news\/\"}]}<\/script>\n<!-- \/ Yoast SEO plugin. -->","yoast_head_json":{"title":"Julia Calvo se pone en la piel de Nelly Omar tras su paso por MasterChef: \u201cEspero que sea un buen augurio\u201d - Lobos News","robots":{"index":"index","follow":"follow","max-snippet":"max-snippet:-1","max-image-preview":"max-image-preview:large","max-video-preview":"max-video-preview:-1"},"canonical":"https:\/\/lobosnews.com.ar\/index.php\/2026\/01\/10\/julia-calvo-se-pone-en-la-piel-de-nelly-omar-tras-su-paso-por-masterchef-espero-que-sea-un-buen-augurio\/","og_locale":"es_ES","og_type":"article","og_title":"Julia Calvo se pone en la piel de Nelly Omar tras su paso por MasterChef: \u201cEspero que sea un buen augurio\u201d - Lobos News","og_description":"El a\u00f1o 2026 de Julia Calvo arranc\u00f3 sin pausas y no deja margen para el descanso, al igual de lo que fue el a\u00f1o \u00faltimo. Es que la reconocida actriz atraves\u00f3 un 2025 colmado de trabajo, logros, viajes y reencuentros con p\u00fablicos de distintas orillas. A pesar de su sinceridad brutal \u2014\u201cno s\u00e9 cocinar\u201d\u2014, se...","og_url":"https:\/\/lobosnews.com.ar\/index.php\/2026\/01\/10\/julia-calvo-se-pone-en-la-piel-de-nelly-omar-tras-su-paso-por-masterchef-espero-que-sea-un-buen-augurio\/","og_site_name":"Lobos News","article_published_time":"2026-01-10T05:00:00+00:00","article_modified_time":"2026-01-10T16:08:54+00:00","og_image":[{"url":"https:\/\/lobosnews.com.ar\/wp-content\/uploads\/2026\/01\/julia-calvo-se-pone-en-la-piel-de-nelly-omar-tras-su-paso-por-masterchef-espero-que-sea-un-buen-augurio.jpg","type":"","width":"","height":""}],"author":"admin","twitter_card":"summary_large_image","twitter_misc":{"Escrito por":"admin","Tiempo de lectura":"7 minutos"},"schema":{"@context":"https:\/\/schema.org","@graph":[{"@type":"Article","@id":"https:\/\/lobosnews.com.ar\/index.php\/2026\/01\/10\/julia-calvo-se-pone-en-la-piel-de-nelly-omar-tras-su-paso-por-masterchef-espero-que-sea-un-buen-augurio\/#article","isPartOf":{"@id":"https:\/\/lobosnews.com.ar\/index.php\/2026\/01\/10\/julia-calvo-se-pone-en-la-piel-de-nelly-omar-tras-su-paso-por-masterchef-espero-que-sea-un-buen-augurio\/"},"author":{"name":"admin","@id":"https:\/\/lobosnews.com.ar\/#\/schema\/person\/232422a593d5c541dd9aef6aaed10943"},"headline":"Julia Calvo se pone en la piel de Nelly Omar tras su paso por MasterChef: \u201cEspero que sea un buen augurio\u201d","datePublished":"2026-01-10T05:00:00+00:00","dateModified":"2026-01-10T16:08:54+00:00","mainEntityOfPage":{"@id":"https:\/\/lobosnews.com.ar\/index.php\/2026\/01\/10\/julia-calvo-se-pone-en-la-piel-de-nelly-omar-tras-su-paso-por-masterchef-espero-que-sea-un-buen-augurio\/"},"wordCount":1397,"commentCount":0,"publisher":{"@id":"https:\/\/lobosnews.com.ar\/#organization"},"image":{"@id":"https:\/\/lobosnews.com.ar\/index.php\/2026\/01\/10\/julia-calvo-se-pone-en-la-piel-de-nelly-omar-tras-su-paso-por-masterchef-espero-que-sea-un-buen-augurio\/#primaryimage"},"thumbnailUrl":"https:\/\/lobosnews.com.ar\/wp-content\/uploads\/2026\/01\/julia-calvo-se-pone-en-la-piel-de-nelly-omar-tras-su-paso-por-masterchef-espero-que-sea-un-buen-augurio-10.jpg","articleSection":["Cine y Series"],"inLanguage":"es","potentialAction":[{"@type":"CommentAction","name":"Comment","target":["https:\/\/lobosnews.com.ar\/index.php\/2026\/01\/10\/julia-calvo-se-pone-en-la-piel-de-nelly-omar-tras-su-paso-por-masterchef-espero-que-sea-un-buen-augurio\/#respond"]}]},{"@type":"WebPage","@id":"https:\/\/lobosnews.com.ar\/index.php\/2026\/01\/10\/julia-calvo-se-pone-en-la-piel-de-nelly-omar-tras-su-paso-por-masterchef-espero-que-sea-un-buen-augurio\/","url":"https:\/\/lobosnews.com.ar\/index.php\/2026\/01\/10\/julia-calvo-se-pone-en-la-piel-de-nelly-omar-tras-su-paso-por-masterchef-espero-que-sea-un-buen-augurio\/","name":"Julia Calvo se pone en la piel de Nelly Omar tras su paso por MasterChef: \u201cEspero que sea un buen augurio\u201d - Lobos News","isPartOf":{"@id":"https:\/\/lobosnews.com.ar\/#website"},"primaryImageOfPage":{"@id":"https:\/\/lobosnews.com.ar\/index.php\/2026\/01\/10\/julia-calvo-se-pone-en-la-piel-de-nelly-omar-tras-su-paso-por-masterchef-espero-que-sea-un-buen-augurio\/#primaryimage"},"image":{"@id":"https:\/\/lobosnews.com.ar\/index.php\/2026\/01\/10\/julia-calvo-se-pone-en-la-piel-de-nelly-omar-tras-su-paso-por-masterchef-espero-que-sea-un-buen-augurio\/#primaryimage"},"thumbnailUrl":"https:\/\/lobosnews.com.ar\/wp-content\/uploads\/2026\/01\/julia-calvo-se-pone-en-la-piel-de-nelly-omar-tras-su-paso-por-masterchef-espero-que-sea-un-buen-augurio-10.jpg","datePublished":"2026-01-10T05:00:00+00:00","dateModified":"2026-01-10T16:08:54+00:00","breadcrumb":{"@id":"https:\/\/lobosnews.com.ar\/index.php\/2026\/01\/10\/julia-calvo-se-pone-en-la-piel-de-nelly-omar-tras-su-paso-por-masterchef-espero-que-sea-un-buen-augurio\/#breadcrumb"},"inLanguage":"es","potentialAction":[{"@type":"ReadAction","target":["https:\/\/lobosnews.com.ar\/index.php\/2026\/01\/10\/julia-calvo-se-pone-en-la-piel-de-nelly-omar-tras-su-paso-por-masterchef-espero-que-sea-un-buen-augurio\/"]}]},{"@type":"ImageObject","inLanguage":"es","@id":"https:\/\/lobosnews.com.ar\/index.php\/2026\/01\/10\/julia-calvo-se-pone-en-la-piel-de-nelly-omar-tras-su-paso-por-masterchef-espero-que-sea-un-buen-augurio\/#primaryimage","url":"https:\/\/lobosnews.com.ar\/wp-content\/uploads\/2026\/01\/julia-calvo-se-pone-en-la-piel-de-nelly-omar-tras-su-paso-por-masterchef-espero-que-sea-un-buen-augurio-10.jpg","contentUrl":"https:\/\/lobosnews.com.ar\/wp-content\/uploads\/2026\/01\/julia-calvo-se-pone-en-la-piel-de-nelly-omar-tras-su-paso-por-masterchef-espero-que-sea-un-buen-augurio-10.jpg","width":1280,"height":1920,"caption":"Julia Calvo se pone en la piel de Nelly Omar tras su paso por MasterChef: \u201cEspero que sea un buen augurio\u201d"},{"@type":"BreadcrumbList","@id":"https:\/\/lobosnews.com.ar\/index.php\/2026\/01\/10\/julia-calvo-se-pone-en-la-piel-de-nelly-omar-tras-su-paso-por-masterchef-espero-que-sea-un-buen-augurio\/#breadcrumb","itemListElement":[{"@type":"ListItem","position":1,"name":"Portada","item":"https:\/\/lobosnews.com.ar\/"},{"@type":"ListItem","position":2,"name":"Julia Calvo se pone en la piel de Nelly Omar tras su paso por MasterChef: \u201cEspero que sea un buen augurio\u201d"}]},{"@type":"WebSite","@id":"https:\/\/lobosnews.com.ar\/#website","url":"https:\/\/lobosnews.com.ar\/","name":"Lobos News","description":"Informaci\u00f3n a cada instante","publisher":{"@id":"https:\/\/lobosnews.com.ar\/#organization"},"potentialAction":[{"@type":"SearchAction","target":{"@type":"EntryPoint","urlTemplate":"https:\/\/lobosnews.com.ar\/?s={search_term_string}"},"query-input":{"@type":"PropertyValueSpecification","valueRequired":true,"valueName":"search_term_string"}}],"inLanguage":"es"},{"@type":"Organization","@id":"https:\/\/lobosnews.com.ar\/#organization","name":"Lobos News","url":"https:\/\/lobosnews.com.ar\/","logo":{"@type":"ImageObject","inLanguage":"es","@id":"https:\/\/lobosnews.com.ar\/#\/schema\/logo\/image\/","url":"https:\/\/lobosnews.com.ar\/wp-content\/uploads\/2026\/01\/logo-lobosnews.png","contentUrl":"https:\/\/lobosnews.com.ar\/wp-content\/uploads\/2026\/01\/logo-lobosnews.png","width":500,"height":200,"caption":"Lobos News"},"image":{"@id":"https:\/\/lobosnews.com.ar\/#\/schema\/logo\/image\/"}},{"@type":"Person","@id":"https:\/\/lobosnews.com.ar\/#\/schema\/person\/232422a593d5c541dd9aef6aaed10943","name":"admin","image":{"@type":"ImageObject","inLanguage":"es","@id":"https:\/\/lobosnews.com.ar\/#\/schema\/person\/image\/","url":"https:\/\/secure.gravatar.com\/avatar\/76e419471a2083bc3ceab22a763dbbf9b0c1bd15a6214cf3280e2c2dde4580f9?s=96&d=mm&r=g","contentUrl":"https:\/\/secure.gravatar.com\/avatar\/76e419471a2083bc3ceab22a763dbbf9b0c1bd15a6214cf3280e2c2dde4580f9?s=96&d=mm&r=g","caption":"admin"},"sameAs":["https:\/\/lobosnews.com.ar"],"url":"https:\/\/lobosnews.com.ar\/index.php\/author\/lobos-news\/"}]}},"jetpack_featured_media_url":"https:\/\/lobosnews.com.ar\/wp-content\/uploads\/2026\/01\/julia-calvo-se-pone-en-la-piel-de-nelly-omar-tras-su-paso-por-masterchef-espero-que-sea-un-buen-augurio-10.jpg","jetpack_sharing_enabled":true,"_links":{"self":[{"href":"https:\/\/lobosnews.com.ar\/index.php\/wp-json\/wp\/v2\/posts\/4576","targetHints":{"allow":["GET"]}}],"collection":[{"href":"https:\/\/lobosnews.com.ar\/index.php\/wp-json\/wp\/v2\/posts"}],"about":[{"href":"https:\/\/lobosnews.com.ar\/index.php\/wp-json\/wp\/v2\/types\/post"}],"author":[{"embeddable":true,"href":"https:\/\/lobosnews.com.ar\/index.php\/wp-json\/wp\/v2\/users\/1"}],"replies":[{"embeddable":true,"href":"https:\/\/lobosnews.com.ar\/index.php\/wp-json\/wp\/v2\/comments?post=4576"}],"version-history":[{"count":1,"href":"https:\/\/lobosnews.com.ar\/index.php\/wp-json\/wp\/v2\/posts\/4576\/revisions"}],"predecessor-version":[{"id":4582,"href":"https:\/\/lobosnews.com.ar\/index.php\/wp-json\/wp\/v2\/posts\/4576\/revisions\/4582"}],"wp:featuredmedia":[{"embeddable":true,"href":"https:\/\/lobosnews.com.ar\/index.php\/wp-json\/wp\/v2\/media\/4583"}],"wp:attachment":[{"href":"https:\/\/lobosnews.com.ar\/index.php\/wp-json\/wp\/v2\/media?parent=4576"}],"wp:term":[{"taxonomy":"category","embeddable":true,"href":"https:\/\/lobosnews.com.ar\/index.php\/wp-json\/wp\/v2\/categories?post=4576"},{"taxonomy":"post_tag","embeddable":true,"href":"https:\/\/lobosnews.com.ar\/index.php\/wp-json\/wp\/v2\/tags?post=4576"}],"curies":[{"name":"wp","href":"https:\/\/api.w.org\/{rel}","templated":true}]}}