{"id":45758,"date":"2026-04-26T18:53:27","date_gmt":"2026-04-26T18:53:27","guid":{"rendered":"https:\/\/lobosnews.com.ar\/index.php\/2026\/04\/26\/netanyahu-acuso-al-grupo-terrorista-hezbollah-de-desmantelar-el-alto-el-fuego-en-libano-y-ordeno-nuevos-ataques\/"},"modified":"2026-04-26T20:32:34","modified_gmt":"2026-04-26T20:32:34","slug":"netanyahu-acuso-al-grupo-terrorista-hezbollah-de-desmantelar-el-alto-el-fuego-en-libano-y-ordeno-nuevos-ataques","status":"publish","type":"post","link":"https:\/\/lobosnews.com.ar\/index.php\/2026\/04\/26\/netanyahu-acuso-al-grupo-terrorista-hezbollah-de-desmantelar-el-alto-el-fuego-en-libano-y-ordeno-nuevos-ataques\/","title":{"rendered":"Netanyahu acus\u00f3 al grupo terrorista Hezbollah de \u201cdesmantelar\u201d el alto el fuego en L\u00edbano y orden\u00f3 nuevos ataques"},"content":{"rendered":"<p><img loading=\"lazy\" decoding=\"async\" src=\"https:\/\/lobosnews.com.ar\/wp-content\/uploads\/2026\/04\/netanyahu-acuso-al-grupo-terrorista-hezbollah-de-desmantelar-el-alto-el-fuego-en-libano-y-ordeno-nuevos-ataques.jpg\" alt=\"El primer ministro israel\u00ed, Benjamin Netanyahu, habla durante una rueda de prensa en Jerusal\u00e9n (REUTERS\/Ronen Zvulun\/Archivo)\" height=\"2309\" width=\"3463\"\/><\/p>\n<p>El primer ministro israel\u00ed, <b>Benjamin Netanyahu<\/b>, afirm\u00f3 este domingo que<b> <\/b><span class=\"waslinkname\"><b>las acciones de Hezbollah<\/b><\/span><b> destruyen en la pr\u00e1ctica el alto el fuego vigente en L\u00edbano<\/b> y prometi\u00f3 actuar con \u201cfirmeza\u201d contra el grupo terrorista chi\u00ed respaldado por Ir\u00e1n. La declaraci\u00f3n lleg\u00f3 horas despu\u00e9s de que el ej\u00e9rcito israel\u00ed emitiera \u00f3rdenes de evacuaci\u00f3n para siete localidades del sur liban\u00e9s y bombardeara objetivos del grupo.<\/p>\n<p>\u201cHay que entender que las violaciones de Hezbollah est\u00e1n, en la pr\u00e1ctica,<b> desmantelando el alto el fuego<\/b>\u201d, declar\u00f3 Netanyahu ante su consejo de ministros. El mandatario reclam\u00f3 una \u201clibertad de acci\u00f3n\u201d que incluye neutralizar amenazas inmediatas e incluso emergentes, en el marco de los acuerdos con Washington. El s\u00e1bado hab\u00eda ordenado ya atacar posiciones del grupo alegando infracciones del cese.<\/p>\n<p>Poco despu\u00e9s, <b>el ej\u00e9rcito israel\u00ed inform\u00f3 de que intercept\u00f3 tres drones<\/b>. La agencia oficial libanesa <i>NNA <\/i>report\u00f3 que aviones israel\u00edes atacaron Kfar Tibnit, incluida en la orden de evacuaci\u00f3n, con v\u00edctimas, y que desde la madrugada se registraron bombardeos en aldeas fronterizas, en particular en Zawtar el Sharqiyah.<\/p>\n<p>Hezbollah rechaz\u00f3 las acusaciones con un comunicado en el que calific\u00f3 sus operaciones de <b>\u201crespuesta leg\u00edtima a las continuas violaciones del cese al fuego<\/b> por parte del enemigo desde el primer d\u00eda del anuncio de la tregua temporal\u201d. El grupo chi\u00ed sostiene que es Israel quien incumpli\u00f3 los t\u00e9rminos, con bombardeos continuos y tropas en territorio liban\u00e9s.<\/p>\n<p><img loading=\"lazy\" decoding=\"async\" src=\"https:\/\/lobosnews.com.ar\/wp-content\/uploads\/2026\/04\/netanyahu-acuso-al-grupo-terrorista-hezbollah-de-desmantelar-el-alto-el-fuego-en-libano-y-ordeno-nuevos-ataques-1.jpg\" alt=\"Una unidad de artiller\u00eda israel\u00ed desplegada en la frontera entre Israel y L\u00edbano bombardea blancos al otro lado de la frontera en L\u00edbano, norte de Israel, 31 de marzo de 2026\nEFE\/EPA\/ATEF SAFADI \" height=\"4000\" width=\"6000\"\/><\/p>\n<p>La escalada se produce tres d\u00edas despu\u00e9s de que el presidente Donald Trump anunciara la<b> pr\u00f3rroga del alto el fuego por tres semanas<\/b>, hasta mediados de mayo, tras una reuni\u00f3n en el Despacho Oval con los embajadores de ambos pa\u00edses. La tregua entr\u00f3 en vigor el 16 de abril, por diez d\u00edas iniciales, tras combates que causaron al menos 2.491 muertos y m\u00e1s de 7.700 heridos en L\u00edbano desde el 2 de marzo, seg\u00fan el Ministerio de Salud liban\u00e9s.<\/p>\n<p>Los t\u00e9rminos del cese al fuego reconocen a Israel el derecho de responder a \u201cataques planeados, inminentes o en curso\u201d, cl\u00e1usula que Tel Aviv invoc\u00f3 para justificar operaciones casi diarias en el sur liban\u00e9s. Netanyahu ampli\u00f3 ese margen al reclamar tambi\u00e9n el <b>derecho a actuar preventivamente<\/b>, postura que Hezbollah y Beirut consideran una violaci\u00f3n. El ej\u00e9rcito mantiene posiciones en diez kil\u00f3metros de territorio liban\u00e9s; el primer ministro se\u00f1al\u00f3 que sus fuerzas eliminaron a 46 combatientes en las dos \u00faltimas semanas.<\/p>\n<p>El primer ministro liban\u00e9s,<b> Nawaf Salam<\/b>, condicion\u00f3 cualquier acuerdo definitivo a la retirada total de las tropas israel\u00edes. Hezbollah no participa en las negociaciones de Washington y rechaza los acuerdos entre Beirut y Tel Aviv. Wafiq Safa, miembro de su consejo pol\u00edtico, declar\u00f3 a <i>AP <\/i>que la organizaci\u00f3n no acatar\u00e1 ning\u00fan entendimiento surgido de esos contactos, los primeros entre ambos pa\u00edses en m\u00e1s de tres d\u00e9cadas.<\/p>\n<p><b>La fragilidad del acuerdo qued\u00f3 expuesta desde el inicio<\/b>: el 17 de abril un soldado israel\u00ed muri\u00f3 al entrar en un edificio minado; el 21, Tel Aviv report\u00f3 que Hezbollah lanz\u00f3 cohetes y un dron hacia posiciones israel\u00edes. La extensi\u00f3n acordada por Trump enfrenta su prueba m\u00e1s severa: Israel exige que Hezbollah no reconstruya su capacidad militar; L\u00edbano insiste en la retirada como condici\u00f3n no negociable. Sin un mecanismo de verificaci\u00f3n aceptado, el acuerdo depende de la contenci\u00f3n que ninguno de los actores ha demostrado estar dispuesto a ejercer.<\/p>\n","protected":false},"excerpt":{"rendered":"<p>El primer ministro israel\u00ed, Benjamin Netanyahu, afirm\u00f3 este domingo que las acciones de Hezbollah destruyen en la pr\u00e1ctica el alto el fuego vigente en L\u00edbano y prometi\u00f3 actuar con \u201cfirmeza\u201d contra el grupo terrorista chi\u00ed respaldado por Ir\u00e1n. La declaraci\u00f3n lleg\u00f3 horas despu\u00e9s de que el ej\u00e9rcito israel\u00ed emitiera \u00f3rdenes de evacuaci\u00f3n para siete localidades&#8230;<\/p>\n","protected":false},"author":1,"featured_media":45762,"comment_status":"open","ping_status":"closed","sticky":false,"template":"","format":"standard","meta":{"_jetpack_memberships_contains_paid_content":false,"footnotes":""},"categories":[31],"tags":[],"class_list":["post-45758","post","type-post","status-publish","format-standard","has-post-thumbnail","hentry","category-actualidad"],"magazineBlocksPostFeaturedMedia":{"thumbnail":"https:\/\/lobosnews.com.ar\/wp-content\/uploads\/2026\/04\/netanyahu-acuso-al-grupo-terrorista-hezbollah-de-desmantelar-el-alto-el-fuego-en-libano-y-ordeno-nuevos-ataques-2-150x150.jpg","medium":"https:\/\/lobosnews.com.ar\/wp-content\/uploads\/2026\/04\/netanyahu-acuso-al-grupo-terrorista-hezbollah-de-desmantelar-el-alto-el-fuego-en-libano-y-ordeno-nuevos-ataques-2-300x200.jpg","medium_large":"https:\/\/lobosnews.com.ar\/wp-content\/uploads\/2026\/04\/netanyahu-acuso-al-grupo-terrorista-hezbollah-de-desmantelar-el-alto-el-fuego-en-libano-y-ordeno-nuevos-ataques-2-768x512.jpg","large":"https:\/\/lobosnews.com.ar\/wp-content\/uploads\/2026\/04\/netanyahu-acuso-al-grupo-terrorista-hezbollah-de-desmantelar-el-alto-el-fuego-en-libano-y-ordeno-nuevos-ataques-2-1024x683.jpg","1536x1536":"https:\/\/lobosnews.com.ar\/wp-content\/uploads\/2026\/04\/netanyahu-acuso-al-grupo-terrorista-hezbollah-de-desmantelar-el-alto-el-fuego-en-libano-y-ordeno-nuevos-ataques-2-1536x1024.jpg","2048x2048":"https:\/\/lobosnews.com.ar\/wp-content\/uploads\/2026\/04\/netanyahu-acuso-al-grupo-terrorista-hezbollah-de-desmantelar-el-alto-el-fuego-en-libano-y-ordeno-nuevos-ataques-2-2048x1365.jpg","newsmatic-featured":"https:\/\/lobosnews.com.ar\/wp-content\/uploads\/2026\/04\/netanyahu-acuso-al-grupo-terrorista-hezbollah-de-desmantelar-el-alto-el-fuego-en-libano-y-ordeno-nuevos-ataques-2-820x545.jpg","newsmatic-list":"https:\/\/lobosnews.com.ar\/wp-content\/uploads\/2026\/04\/netanyahu-acuso-al-grupo-terrorista-hezbollah-de-desmantelar-el-alto-el-fuego-en-libano-y-ordeno-nuevos-ataques-2-600x400.jpg","newsmatic-thumb":"https:\/\/lobosnews.com.ar\/wp-content\/uploads\/2026\/04\/netanyahu-acuso-al-grupo-terrorista-hezbollah-de-desmantelar-el-alto-el-fuego-en-libano-y-ordeno-nuevos-ataques-2-300x200.jpg","newsmatic-small":"https:\/\/lobosnews.com.ar\/wp-content\/uploads\/2026\/04\/netanyahu-acuso-al-grupo-terrorista-hezbollah-de-desmantelar-el-alto-el-fuego-en-libano-y-ordeno-nuevos-ataques-2-150x95.jpg","newsmatic-grid":"https:\/\/lobosnews.com.ar\/wp-content\/uploads\/2026\/04\/netanyahu-acuso-al-grupo-terrorista-hezbollah-de-desmantelar-el-alto-el-fuego-en-libano-y-ordeno-nuevos-ataques-2-400x250.jpg"},"magazineBlocksPostAuthor":{"name":"admin","avatar":"https:\/\/secure.gravatar.com\/avatar\/76e419471a2083bc3ceab22a763dbbf9b0c1bd15a6214cf3280e2c2dde4580f9?s=96&d=mm&r=g"},"magazineBlocksPostCommentsNumber":"0","magazineBlocksPostExcerpt":"El primer ministro israel\u00ed, Benjamin Netanyahu, afirm\u00f3 este domingo que las acciones de Hezbollah destruyen en la pr\u00e1ctica el alto el fuego vigente en L\u00edbano y prometi\u00f3 actuar con \u201cfirmeza\u201d contra el grupo terrorista chi\u00ed respaldado por Ir\u00e1n. La declaraci\u00f3n lleg\u00f3 horas despu\u00e9s de que el ej\u00e9rcito israel\u00ed emitiera \u00f3rdenes de evacuaci\u00f3n para siete localidades...","magazineBlocksPostCategories":["Actualidad"],"magazineBlocksPostViewCount":10,"magazineBlocksPostReadTime":3,"magazine_blocks_featured_image_url":{"full":["https:\/\/lobosnews.com.ar\/wp-content\/uploads\/2026\/04\/netanyahu-acuso-al-grupo-terrorista-hezbollah-de-desmantelar-el-alto-el-fuego-en-libano-y-ordeno-nuevos-ataques-2-scaled.jpg",2560,1706,false],"medium":["https:\/\/lobosnews.com.ar\/wp-content\/uploads\/2026\/04\/netanyahu-acuso-al-grupo-terrorista-hezbollah-de-desmantelar-el-alto-el-fuego-en-libano-y-ordeno-nuevos-ataques-2-300x200.jpg",300,200,true],"thumbnail":["https:\/\/lobosnews.com.ar\/wp-content\/uploads\/2026\/04\/netanyahu-acuso-al-grupo-terrorista-hezbollah-de-desmantelar-el-alto-el-fuego-en-libano-y-ordeno-nuevos-ataques-2-150x150.jpg",150,150,true]},"magazine_blocks_author":{"display_name":"admin","author_link":"https:\/\/lobosnews.com.ar\/index.php\/author\/lobos-news\/"},"magazine_blocks_comment":0,"magazine_blocks_author_image":"https:\/\/secure.gravatar.com\/avatar\/76e419471a2083bc3ceab22a763dbbf9b0c1bd15a6214cf3280e2c2dde4580f9?s=96&d=mm&r=g","magazine_blocks_category":"<a href=\"#\" class=\"category-link category-link-31\">Actualidad<\/a>","yoast_head":"<!-- This site is optimized with the Yoast SEO plugin v26.6 - https:\/\/yoast.com\/wordpress\/plugins\/seo\/ -->\n<title>Netanyahu acus\u00f3 al grupo terrorista Hezbollah de \u201cdesmantelar\u201d el alto el fuego en L\u00edbano y orden\u00f3 nuevos ataques - Lobos News<\/title>\n<meta name=\"robots\" content=\"index, follow, max-snippet:-1, max-image-preview:large, max-video-preview:-1\" \/>\n<link rel=\"canonical\" href=\"https:\/\/lobosnews.com.ar\/index.php\/2026\/04\/26\/netanyahu-acuso-al-grupo-terrorista-hezbollah-de-desmantelar-el-alto-el-fuego-en-libano-y-ordeno-nuevos-ataques\/\" \/>\n<meta property=\"og:locale\" content=\"es_ES\" \/>\n<meta property=\"og:type\" content=\"article\" \/>\n<meta property=\"og:title\" content=\"Netanyahu acus\u00f3 al grupo terrorista Hezbollah de \u201cdesmantelar\u201d el alto el fuego en L\u00edbano y orden\u00f3 nuevos ataques - Lobos News\" \/>\n<meta property=\"og:description\" content=\"El primer ministro israel\u00ed, Benjamin Netanyahu, afirm\u00f3 este domingo que las acciones de Hezbollah destruyen en la pr\u00e1ctica el alto el fuego vigente en L\u00edbano y prometi\u00f3 actuar con \u201cfirmeza\u201d contra el grupo terrorista chi\u00ed respaldado por Ir\u00e1n. La declaraci\u00f3n lleg\u00f3 horas despu\u00e9s de que el ej\u00e9rcito israel\u00ed emitiera \u00f3rdenes de evacuaci\u00f3n para siete localidades...\" \/>\n<meta property=\"og:url\" content=\"https:\/\/lobosnews.com.ar\/index.php\/2026\/04\/26\/netanyahu-acuso-al-grupo-terrorista-hezbollah-de-desmantelar-el-alto-el-fuego-en-libano-y-ordeno-nuevos-ataques\/\" \/>\n<meta property=\"og:site_name\" content=\"Lobos News\" \/>\n<meta property=\"article:published_time\" content=\"2026-04-26T18:53:27+00:00\" \/>\n<meta property=\"article:modified_time\" content=\"2026-04-26T20:32:34+00:00\" \/>\n<meta property=\"og:image\" content=\"https:\/\/lobosnews.com.ar\/wp-content\/uploads\/2026\/04\/netanyahu-acuso-al-grupo-terrorista-hezbollah-de-desmantelar-el-alto-el-fuego-en-libano-y-ordeno-nuevos-ataques.jpg\" \/>\n<meta name=\"author\" content=\"admin\" \/>\n<meta name=\"twitter:card\" content=\"summary_large_image\" \/>\n<meta name=\"twitter:label1\" content=\"Escrito por\" \/>\n\t<meta name=\"twitter:data1\" content=\"admin\" \/>\n\t<meta name=\"twitter:label2\" content=\"Tiempo de lectura\" \/>\n\t<meta name=\"twitter:data2\" content=\"3 minutos\" \/>\n<script type=\"application\/ld+json\" class=\"yoast-schema-graph\">{\"@context\":\"https:\/\/schema.org\",\"@graph\":[{\"@type\":\"Article\",\"@id\":\"https:\/\/lobosnews.com.ar\/index.php\/2026\/04\/26\/netanyahu-acuso-al-grupo-terrorista-hezbollah-de-desmantelar-el-alto-el-fuego-en-libano-y-ordeno-nuevos-ataques\/#article\",\"isPartOf\":{\"@id\":\"https:\/\/lobosnews.com.ar\/index.php\/2026\/04\/26\/netanyahu-acuso-al-grupo-terrorista-hezbollah-de-desmantelar-el-alto-el-fuego-en-libano-y-ordeno-nuevos-ataques\/\"},\"author\":{\"name\":\"admin\",\"@id\":\"https:\/\/lobosnews.com.ar\/#\/schema\/person\/232422a593d5c541dd9aef6aaed10943\"},\"headline\":\"Netanyahu acus\u00f3 al grupo terrorista Hezbollah de \u201cdesmantelar\u201d el alto el fuego en L\u00edbano y orden\u00f3 nuevos ataques\",\"datePublished\":\"2026-04-26T18:53:27+00:00\",\"dateModified\":\"2026-04-26T20:32:34+00:00\",\"mainEntityOfPage\":{\"@id\":\"https:\/\/lobosnews.com.ar\/index.php\/2026\/04\/26\/netanyahu-acuso-al-grupo-terrorista-hezbollah-de-desmantelar-el-alto-el-fuego-en-libano-y-ordeno-nuevos-ataques\/\"},\"wordCount\":610,\"commentCount\":0,\"publisher\":{\"@id\":\"https:\/\/lobosnews.com.ar\/#organization\"},\"image\":{\"@id\":\"https:\/\/lobosnews.com.ar\/index.php\/2026\/04\/26\/netanyahu-acuso-al-grupo-terrorista-hezbollah-de-desmantelar-el-alto-el-fuego-en-libano-y-ordeno-nuevos-ataques\/#primaryimage\"},\"thumbnailUrl\":\"https:\/\/lobosnews.com.ar\/wp-content\/uploads\/2026\/04\/netanyahu-acuso-al-grupo-terrorista-hezbollah-de-desmantelar-el-alto-el-fuego-en-libano-y-ordeno-nuevos-ataques-2-scaled.jpg\",\"articleSection\":[\"Actualidad\"],\"inLanguage\":\"es\",\"potentialAction\":[{\"@type\":\"CommentAction\",\"name\":\"Comment\",\"target\":[\"https:\/\/lobosnews.com.ar\/index.php\/2026\/04\/26\/netanyahu-acuso-al-grupo-terrorista-hezbollah-de-desmantelar-el-alto-el-fuego-en-libano-y-ordeno-nuevos-ataques\/#respond\"]}]},{\"@type\":\"WebPage\",\"@id\":\"https:\/\/lobosnews.com.ar\/index.php\/2026\/04\/26\/netanyahu-acuso-al-grupo-terrorista-hezbollah-de-desmantelar-el-alto-el-fuego-en-libano-y-ordeno-nuevos-ataques\/\",\"url\":\"https:\/\/lobosnews.com.ar\/index.php\/2026\/04\/26\/netanyahu-acuso-al-grupo-terrorista-hezbollah-de-desmantelar-el-alto-el-fuego-en-libano-y-ordeno-nuevos-ataques\/\",\"name\":\"Netanyahu acus\u00f3 al grupo terrorista Hezbollah de \u201cdesmantelar\u201d el alto el fuego en L\u00edbano y orden\u00f3 nuevos ataques - Lobos News\",\"isPartOf\":{\"@id\":\"https:\/\/lobosnews.com.ar\/#website\"},\"primaryImageOfPage\":{\"@id\":\"https:\/\/lobosnews.com.ar\/index.php\/2026\/04\/26\/netanyahu-acuso-al-grupo-terrorista-hezbollah-de-desmantelar-el-alto-el-fuego-en-libano-y-ordeno-nuevos-ataques\/#primaryimage\"},\"image\":{\"@id\":\"https:\/\/lobosnews.com.ar\/index.php\/2026\/04\/26\/netanyahu-acuso-al-grupo-terrorista-hezbollah-de-desmantelar-el-alto-el-fuego-en-libano-y-ordeno-nuevos-ataques\/#primaryimage\"},\"thumbnailUrl\":\"https:\/\/lobosnews.com.ar\/wp-content\/uploads\/2026\/04\/netanyahu-acuso-al-grupo-terrorista-hezbollah-de-desmantelar-el-alto-el-fuego-en-libano-y-ordeno-nuevos-ataques-2-scaled.jpg\",\"datePublished\":\"2026-04-26T18:53:27+00:00\",\"dateModified\":\"2026-04-26T20:32:34+00:00\",\"breadcrumb\":{\"@id\":\"https:\/\/lobosnews.com.ar\/index.php\/2026\/04\/26\/netanyahu-acuso-al-grupo-terrorista-hezbollah-de-desmantelar-el-alto-el-fuego-en-libano-y-ordeno-nuevos-ataques\/#breadcrumb\"},\"inLanguage\":\"es\",\"potentialAction\":[{\"@type\":\"ReadAction\",\"target\":[\"https:\/\/lobosnews.com.ar\/index.php\/2026\/04\/26\/netanyahu-acuso-al-grupo-terrorista-hezbollah-de-desmantelar-el-alto-el-fuego-en-libano-y-ordeno-nuevos-ataques\/\"]}]},{\"@type\":\"ImageObject\",\"inLanguage\":\"es\",\"@id\":\"https:\/\/lobosnews.com.ar\/index.php\/2026\/04\/26\/netanyahu-acuso-al-grupo-terrorista-hezbollah-de-desmantelar-el-alto-el-fuego-en-libano-y-ordeno-nuevos-ataques\/#primaryimage\",\"url\":\"https:\/\/lobosnews.com.ar\/wp-content\/uploads\/2026\/04\/netanyahu-acuso-al-grupo-terrorista-hezbollah-de-desmantelar-el-alto-el-fuego-en-libano-y-ordeno-nuevos-ataques-2-scaled.jpg\",\"contentUrl\":\"https:\/\/lobosnews.com.ar\/wp-content\/uploads\/2026\/04\/netanyahu-acuso-al-grupo-terrorista-hezbollah-de-desmantelar-el-alto-el-fuego-en-libano-y-ordeno-nuevos-ataques-2-scaled.jpg\",\"width\":2560,\"height\":1706,\"caption\":\"Netanyahu acus\u00f3 al grupo terrorista Hezbollah de \u201cdesmantelar\u201d el alto el fuego en L\u00edbano y orden\u00f3 nuevos ataques\"},{\"@type\":\"BreadcrumbList\",\"@id\":\"https:\/\/lobosnews.com.ar\/index.php\/2026\/04\/26\/netanyahu-acuso-al-grupo-terrorista-hezbollah-de-desmantelar-el-alto-el-fuego-en-libano-y-ordeno-nuevos-ataques\/#breadcrumb\",\"itemListElement\":[{\"@type\":\"ListItem\",\"position\":1,\"name\":\"Portada\",\"item\":\"https:\/\/lobosnews.com.ar\/\"},{\"@type\":\"ListItem\",\"position\":2,\"name\":\"Netanyahu acus\u00f3 al grupo terrorista Hezbollah de \u201cdesmantelar\u201d el alto el fuego en L\u00edbano y orden\u00f3 nuevos ataques\"}]},{\"@type\":\"WebSite\",\"@id\":\"https:\/\/lobosnews.com.ar\/#website\",\"url\":\"https:\/\/lobosnews.com.ar\/\",\"name\":\"Lobos News\",\"description\":\"Informaci\u00f3n a cada instante\",\"publisher\":{\"@id\":\"https:\/\/lobosnews.com.ar\/#organization\"},\"potentialAction\":[{\"@type\":\"SearchAction\",\"target\":{\"@type\":\"EntryPoint\",\"urlTemplate\":\"https:\/\/lobosnews.com.ar\/?s={search_term_string}\"},\"query-input\":{\"@type\":\"PropertyValueSpecification\",\"valueRequired\":true,\"valueName\":\"search_term_string\"}}],\"inLanguage\":\"es\"},{\"@type\":\"Organization\",\"@id\":\"https:\/\/lobosnews.com.ar\/#organization\",\"name\":\"Lobos News\",\"url\":\"https:\/\/lobosnews.com.ar\/\",\"logo\":{\"@type\":\"ImageObject\",\"inLanguage\":\"es\",\"@id\":\"https:\/\/lobosnews.com.ar\/#\/schema\/logo\/image\/\",\"url\":\"https:\/\/lobosnews.com.ar\/wp-content\/uploads\/2026\/01\/logo-lobosnews.png\",\"contentUrl\":\"https:\/\/lobosnews.com.ar\/wp-content\/uploads\/2026\/01\/logo-lobosnews.png\",\"width\":500,\"height\":200,\"caption\":\"Lobos News\"},\"image\":{\"@id\":\"https:\/\/lobosnews.com.ar\/#\/schema\/logo\/image\/\"}},{\"@type\":\"Person\",\"@id\":\"https:\/\/lobosnews.com.ar\/#\/schema\/person\/232422a593d5c541dd9aef6aaed10943\",\"name\":\"admin\",\"image\":{\"@type\":\"ImageObject\",\"inLanguage\":\"es\",\"@id\":\"https:\/\/lobosnews.com.ar\/#\/schema\/person\/image\/\",\"url\":\"https:\/\/secure.gravatar.com\/avatar\/76e419471a2083bc3ceab22a763dbbf9b0c1bd15a6214cf3280e2c2dde4580f9?s=96&d=mm&r=g\",\"contentUrl\":\"https:\/\/secure.gravatar.com\/avatar\/76e419471a2083bc3ceab22a763dbbf9b0c1bd15a6214cf3280e2c2dde4580f9?s=96&d=mm&r=g\",\"caption\":\"admin\"},\"sameAs\":[\"https:\/\/lobosnews.com.ar\"],\"url\":\"https:\/\/lobosnews.com.ar\/index.php\/author\/lobos-news\/\"}]}<\/script>\n<!-- \/ Yoast SEO plugin. -->","yoast_head_json":{"title":"Netanyahu acus\u00f3 al grupo terrorista Hezbollah de \u201cdesmantelar\u201d el alto el fuego en L\u00edbano y orden\u00f3 nuevos ataques - Lobos News","robots":{"index":"index","follow":"follow","max-snippet":"max-snippet:-1","max-image-preview":"max-image-preview:large","max-video-preview":"max-video-preview:-1"},"canonical":"https:\/\/lobosnews.com.ar\/index.php\/2026\/04\/26\/netanyahu-acuso-al-grupo-terrorista-hezbollah-de-desmantelar-el-alto-el-fuego-en-libano-y-ordeno-nuevos-ataques\/","og_locale":"es_ES","og_type":"article","og_title":"Netanyahu acus\u00f3 al grupo terrorista Hezbollah de \u201cdesmantelar\u201d el alto el fuego en L\u00edbano y orden\u00f3 nuevos ataques - Lobos News","og_description":"El primer ministro israel\u00ed, Benjamin Netanyahu, afirm\u00f3 este domingo que las acciones de Hezbollah destruyen en la pr\u00e1ctica el alto el fuego vigente en L\u00edbano y prometi\u00f3 actuar con \u201cfirmeza\u201d contra el grupo terrorista chi\u00ed respaldado por Ir\u00e1n. La declaraci\u00f3n lleg\u00f3 horas despu\u00e9s de que el ej\u00e9rcito israel\u00ed emitiera \u00f3rdenes de evacuaci\u00f3n para siete localidades...","og_url":"https:\/\/lobosnews.com.ar\/index.php\/2026\/04\/26\/netanyahu-acuso-al-grupo-terrorista-hezbollah-de-desmantelar-el-alto-el-fuego-en-libano-y-ordeno-nuevos-ataques\/","og_site_name":"Lobos News","article_published_time":"2026-04-26T18:53:27+00:00","article_modified_time":"2026-04-26T20:32:34+00:00","og_image":[{"url":"https:\/\/lobosnews.com.ar\/wp-content\/uploads\/2026\/04\/netanyahu-acuso-al-grupo-terrorista-hezbollah-de-desmantelar-el-alto-el-fuego-en-libano-y-ordeno-nuevos-ataques.jpg","type":"","width":"","height":""}],"author":"admin","twitter_card":"summary_large_image","twitter_misc":{"Escrito por":"admin","Tiempo de lectura":"3 minutos"},"schema":{"@context":"https:\/\/schema.org","@graph":[{"@type":"Article","@id":"https:\/\/lobosnews.com.ar\/index.php\/2026\/04\/26\/netanyahu-acuso-al-grupo-terrorista-hezbollah-de-desmantelar-el-alto-el-fuego-en-libano-y-ordeno-nuevos-ataques\/#article","isPartOf":{"@id":"https:\/\/lobosnews.com.ar\/index.php\/2026\/04\/26\/netanyahu-acuso-al-grupo-terrorista-hezbollah-de-desmantelar-el-alto-el-fuego-en-libano-y-ordeno-nuevos-ataques\/"},"author":{"name":"admin","@id":"https:\/\/lobosnews.com.ar\/#\/schema\/person\/232422a593d5c541dd9aef6aaed10943"},"headline":"Netanyahu acus\u00f3 al grupo terrorista Hezbollah de \u201cdesmantelar\u201d el alto el fuego en L\u00edbano y orden\u00f3 nuevos ataques","datePublished":"2026-04-26T18:53:27+00:00","dateModified":"2026-04-26T20:32:34+00:00","mainEntityOfPage":{"@id":"https:\/\/lobosnews.com.ar\/index.php\/2026\/04\/26\/netanyahu-acuso-al-grupo-terrorista-hezbollah-de-desmantelar-el-alto-el-fuego-en-libano-y-ordeno-nuevos-ataques\/"},"wordCount":610,"commentCount":0,"publisher":{"@id":"https:\/\/lobosnews.com.ar\/#organization"},"image":{"@id":"https:\/\/lobosnews.com.ar\/index.php\/2026\/04\/26\/netanyahu-acuso-al-grupo-terrorista-hezbollah-de-desmantelar-el-alto-el-fuego-en-libano-y-ordeno-nuevos-ataques\/#primaryimage"},"thumbnailUrl":"https:\/\/lobosnews.com.ar\/wp-content\/uploads\/2026\/04\/netanyahu-acuso-al-grupo-terrorista-hezbollah-de-desmantelar-el-alto-el-fuego-en-libano-y-ordeno-nuevos-ataques-2-scaled.jpg","articleSection":["Actualidad"],"inLanguage":"es","potentialAction":[{"@type":"CommentAction","name":"Comment","target":["https:\/\/lobosnews.com.ar\/index.php\/2026\/04\/26\/netanyahu-acuso-al-grupo-terrorista-hezbollah-de-desmantelar-el-alto-el-fuego-en-libano-y-ordeno-nuevos-ataques\/#respond"]}]},{"@type":"WebPage","@id":"https:\/\/lobosnews.com.ar\/index.php\/2026\/04\/26\/netanyahu-acuso-al-grupo-terrorista-hezbollah-de-desmantelar-el-alto-el-fuego-en-libano-y-ordeno-nuevos-ataques\/","url":"https:\/\/lobosnews.com.ar\/index.php\/2026\/04\/26\/netanyahu-acuso-al-grupo-terrorista-hezbollah-de-desmantelar-el-alto-el-fuego-en-libano-y-ordeno-nuevos-ataques\/","name":"Netanyahu acus\u00f3 al grupo terrorista Hezbollah de \u201cdesmantelar\u201d el alto el fuego en L\u00edbano y orden\u00f3 nuevos ataques - Lobos News","isPartOf":{"@id":"https:\/\/lobosnews.com.ar\/#website"},"primaryImageOfPage":{"@id":"https:\/\/lobosnews.com.ar\/index.php\/2026\/04\/26\/netanyahu-acuso-al-grupo-terrorista-hezbollah-de-desmantelar-el-alto-el-fuego-en-libano-y-ordeno-nuevos-ataques\/#primaryimage"},"image":{"@id":"https:\/\/lobosnews.com.ar\/index.php\/2026\/04\/26\/netanyahu-acuso-al-grupo-terrorista-hezbollah-de-desmantelar-el-alto-el-fuego-en-libano-y-ordeno-nuevos-ataques\/#primaryimage"},"thumbnailUrl":"https:\/\/lobosnews.com.ar\/wp-content\/uploads\/2026\/04\/netanyahu-acuso-al-grupo-terrorista-hezbollah-de-desmantelar-el-alto-el-fuego-en-libano-y-ordeno-nuevos-ataques-2-scaled.jpg","datePublished":"2026-04-26T18:53:27+00:00","dateModified":"2026-04-26T20:32:34+00:00","breadcrumb":{"@id":"https:\/\/lobosnews.com.ar\/index.php\/2026\/04\/26\/netanyahu-acuso-al-grupo-terrorista-hezbollah-de-desmantelar-el-alto-el-fuego-en-libano-y-ordeno-nuevos-ataques\/#breadcrumb"},"inLanguage":"es","potentialAction":[{"@type":"ReadAction","target":["https:\/\/lobosnews.com.ar\/index.php\/2026\/04\/26\/netanyahu-acuso-al-grupo-terrorista-hezbollah-de-desmantelar-el-alto-el-fuego-en-libano-y-ordeno-nuevos-ataques\/"]}]},{"@type":"ImageObject","inLanguage":"es","@id":"https:\/\/lobosnews.com.ar\/index.php\/2026\/04\/26\/netanyahu-acuso-al-grupo-terrorista-hezbollah-de-desmantelar-el-alto-el-fuego-en-libano-y-ordeno-nuevos-ataques\/#primaryimage","url":"https:\/\/lobosnews.com.ar\/wp-content\/uploads\/2026\/04\/netanyahu-acuso-al-grupo-terrorista-hezbollah-de-desmantelar-el-alto-el-fuego-en-libano-y-ordeno-nuevos-ataques-2-scaled.jpg","contentUrl":"https:\/\/lobosnews.com.ar\/wp-content\/uploads\/2026\/04\/netanyahu-acuso-al-grupo-terrorista-hezbollah-de-desmantelar-el-alto-el-fuego-en-libano-y-ordeno-nuevos-ataques-2-scaled.jpg","width":2560,"height":1706,"caption":"Netanyahu acus\u00f3 al grupo terrorista Hezbollah de \u201cdesmantelar\u201d el alto el fuego en L\u00edbano y orden\u00f3 nuevos ataques"},{"@type":"BreadcrumbList","@id":"https:\/\/lobosnews.com.ar\/index.php\/2026\/04\/26\/netanyahu-acuso-al-grupo-terrorista-hezbollah-de-desmantelar-el-alto-el-fuego-en-libano-y-ordeno-nuevos-ataques\/#breadcrumb","itemListElement":[{"@type":"ListItem","position":1,"name":"Portada","item":"https:\/\/lobosnews.com.ar\/"},{"@type":"ListItem","position":2,"name":"Netanyahu acus\u00f3 al grupo terrorista Hezbollah de \u201cdesmantelar\u201d el alto el fuego en L\u00edbano y orden\u00f3 nuevos ataques"}]},{"@type":"WebSite","@id":"https:\/\/lobosnews.com.ar\/#website","url":"https:\/\/lobosnews.com.ar\/","name":"Lobos News","description":"Informaci\u00f3n a cada instante","publisher":{"@id":"https:\/\/lobosnews.com.ar\/#organization"},"potentialAction":[{"@type":"SearchAction","target":{"@type":"EntryPoint","urlTemplate":"https:\/\/lobosnews.com.ar\/?s={search_term_string}"},"query-input":{"@type":"PropertyValueSpecification","valueRequired":true,"valueName":"search_term_string"}}],"inLanguage":"es"},{"@type":"Organization","@id":"https:\/\/lobosnews.com.ar\/#organization","name":"Lobos News","url":"https:\/\/lobosnews.com.ar\/","logo":{"@type":"ImageObject","inLanguage":"es","@id":"https:\/\/lobosnews.com.ar\/#\/schema\/logo\/image\/","url":"https:\/\/lobosnews.com.ar\/wp-content\/uploads\/2026\/01\/logo-lobosnews.png","contentUrl":"https:\/\/lobosnews.com.ar\/wp-content\/uploads\/2026\/01\/logo-lobosnews.png","width":500,"height":200,"caption":"Lobos News"},"image":{"@id":"https:\/\/lobosnews.com.ar\/#\/schema\/logo\/image\/"}},{"@type":"Person","@id":"https:\/\/lobosnews.com.ar\/#\/schema\/person\/232422a593d5c541dd9aef6aaed10943","name":"admin","image":{"@type":"ImageObject","inLanguage":"es","@id":"https:\/\/lobosnews.com.ar\/#\/schema\/person\/image\/","url":"https:\/\/secure.gravatar.com\/avatar\/76e419471a2083bc3ceab22a763dbbf9b0c1bd15a6214cf3280e2c2dde4580f9?s=96&d=mm&r=g","contentUrl":"https:\/\/secure.gravatar.com\/avatar\/76e419471a2083bc3ceab22a763dbbf9b0c1bd15a6214cf3280e2c2dde4580f9?s=96&d=mm&r=g","caption":"admin"},"sameAs":["https:\/\/lobosnews.com.ar"],"url":"https:\/\/lobosnews.com.ar\/index.php\/author\/lobos-news\/"}]}},"jetpack_featured_media_url":"https:\/\/lobosnews.com.ar\/wp-content\/uploads\/2026\/04\/netanyahu-acuso-al-grupo-terrorista-hezbollah-de-desmantelar-el-alto-el-fuego-en-libano-y-ordeno-nuevos-ataques-2-scaled.jpg","jetpack_sharing_enabled":true,"_links":{"self":[{"href":"https:\/\/lobosnews.com.ar\/index.php\/wp-json\/wp\/v2\/posts\/45758","targetHints":{"allow":["GET"]}}],"collection":[{"href":"https:\/\/lobosnews.com.ar\/index.php\/wp-json\/wp\/v2\/posts"}],"about":[{"href":"https:\/\/lobosnews.com.ar\/index.php\/wp-json\/wp\/v2\/types\/post"}],"author":[{"embeddable":true,"href":"https:\/\/lobosnews.com.ar\/index.php\/wp-json\/wp\/v2\/users\/1"}],"replies":[{"embeddable":true,"href":"https:\/\/lobosnews.com.ar\/index.php\/wp-json\/wp\/v2\/comments?post=45758"}],"version-history":[{"count":1,"href":"https:\/\/lobosnews.com.ar\/index.php\/wp-json\/wp\/v2\/posts\/45758\/revisions"}],"predecessor-version":[{"id":45761,"href":"https:\/\/lobosnews.com.ar\/index.php\/wp-json\/wp\/v2\/posts\/45758\/revisions\/45761"}],"wp:featuredmedia":[{"embeddable":true,"href":"https:\/\/lobosnews.com.ar\/index.php\/wp-json\/wp\/v2\/media\/45762"}],"wp:attachment":[{"href":"https:\/\/lobosnews.com.ar\/index.php\/wp-json\/wp\/v2\/media?parent=45758"}],"wp:term":[{"taxonomy":"category","embeddable":true,"href":"https:\/\/lobosnews.com.ar\/index.php\/wp-json\/wp\/v2\/categories?post=45758"},{"taxonomy":"post_tag","embeddable":true,"href":"https:\/\/lobosnews.com.ar\/index.php\/wp-json\/wp\/v2\/tags?post=45758"}],"curies":[{"name":"wp","href":"https:\/\/api.w.org\/{rel}","templated":true}]}}