{"id":45732,"date":"2026-04-26T20:13:07","date_gmt":"2026-04-26T20:13:07","guid":{"rendered":"https:\/\/lobosnews.com.ar\/index.php\/2026\/04\/26\/nicolas-paz-sufrio-un-fuerte-golpe-en-la-cabeza-en-como-y-debio-ser-hospitalizado-por-una-perdida-momentanea-de-vision\/"},"modified":"2026-04-26T20:28:50","modified_gmt":"2026-04-26T20:28:50","slug":"nicolas-paz-sufrio-un-fuerte-golpe-en-la-cabeza-en-como-y-debio-ser-hospitalizado-por-una-perdida-momentanea-de-vision","status":"publish","type":"post","link":"https:\/\/lobosnews.com.ar\/index.php\/2026\/04\/26\/nicolas-paz-sufrio-un-fuerte-golpe-en-la-cabeza-en-como-y-debio-ser-hospitalizado-por-una-perdida-momentanea-de-vision\/","title":{"rendered":"Nicol\u00e1s Paz sufri\u00f3 un fuerte golpe en la cabeza en Como y debi\u00f3 ser hospitalizado por una p\u00e9rdida moment\u00e1nea de visi\u00f3n"},"content":{"rendered":"<p><!DOCTYPE html><br \/>\n<html><br \/>\n<head><br \/>\n<meta name=\"viewport\" content=\"width=device-width, initial-scale=1\"><\/p>\n<style>\n.container-video { position: relative; width: 100%; overflow: hidden; padding-top: 56.25%;\n}\n.responsive-iframe-video { position: absolute; top: 0; left: 0; bottom: 0; right: 0; width: 100%; height: 100%; border: none;\n}\n<\/style>\n<p><\/head><br \/>\n<body><\/p>\n<div class=\"container-video\"> <iframe title=\"video-espn\" class=\"responsive-iframe-video\" src=\"https:\/\/www.espn.com.ar\/core\/video\/iframe?id=16629644&#038;endcard=false&#038;omniReportSuite=wdgespge\" allowfullscreen><\/iframe>\n<\/div>\n<p><\/body><br \/>\n<\/html><\/p>\n<p>El futbolista argentino <b>Nicol\u00e1s Paz<\/b> fue protagonista de un episodio preocupante durante el partido que disputaron <b>Como 1907<\/b> y <b>Genoa<\/b> por la <b>Serie A<\/b> italiana. <b>Un duro choque de cabezas con el defensor Alessandro Marcandalli oblig\u00f3 a Paz a abandonar el campo y ser hospitalizado por una p\u00e9rdida moment\u00e1nea de visi\u00f3n<\/b>.<\/p>\n<p>El incidente ocurri\u00f3 cerca de los 30 minutos del primer tiempo, cuando <b>Como 1907<\/b> ganaba 1 a 0 en el estadio Luigi Ferraris. En una jugada de tiro de esquina, <b>Nicol\u00e1s Paz<\/b> y <b>Alessandro Marcandalli<\/b> saltaron a disputar el bal\u00f3n y terminaron impactando sus cabezas. Ambos jugadores recibieron atenci\u00f3n m\u00e9dica inmediata, aunque el argentino logr\u00f3 reincorporarse unos minutos m\u00e1s tarde y permaneci\u00f3 en el campo de juego hasta el entretiempo.<\/p>\n<p>La preocupaci\u00f3n aument\u00f3 cuando <b>Nicol\u00e1s Paz<\/b> se acerc\u00f3 al banco de suplentes y manifest\u00f3: \u00ab<b>No veo, no veo<\/b>\u201c, se\u00f1alando problemas de visi\u00f3n en su ojo derecho. El t\u00e9cnico de <b>Como 1907<\/b>, <b>Cesc F\u00e1bregas<\/b>, decidi\u00f3 sustituirlo por el franc\u00e9s <b>Maxence Caqueret<\/b> antes del inicio del segundo tiempo, mientras el jugador era trasladado a un hospital para realizar estudios.<\/p>\n<p><img fetchpriority=\"high\" decoding=\"async\" src=\"https:\/\/lobosnews.com.ar\/wp-content\/uploads\/2026\/04\/nicolas-paz-sufrio-un-fuerte-golpe-en-la-cabeza-en-como-y-debio-ser-hospitalizado-por-una-perdida-momentanea-de-vision.jpg\" alt=\"El mensaje de Nico Paz tras su golpe en la cabeza\" height=\"2048\" width=\"1192\"\/><\/p>\n<p><b>Nicol\u00e1s Paz<\/b> fue sometido a una tomograf\u00eda, cuyo resultado descart\u00f3 lesiones de gravedad. El propio entrenador declar\u00f3 tras el partido: \u00ab<b>Nico est\u00e1 bien. Est\u00e1 en el hospital y lo est\u00e1n evaluando. Se siente mejor, no ve\u00eda bien<\/b>\u201c, citando el testimonio recogido por los medios presentes.<\/p>\n<p>El triunfo de <b>Como 1907<\/b> por 2 a 0, con goles de <b>Anastasios Douvikas<\/b> y <b>Assane Diao<\/b>, qued\u00f3 marcado por el episodio que involucr\u00f3 a <b>Nicol\u00e1s Paz<\/b>. El mediocampista, que naci\u00f3 en <b>Tenerife<\/b> pero posee nacionalidad argentina, utiliz\u00f3 sus redes sociales para llevar tranquilidad tras recibir el alta m\u00e9dica, asegurando que se encontraba en buenas condiciones.<\/p>\n<p><!DOCTYPE html><br \/>\n<html><br \/>\n<head><br \/>\n<meta name=\"viewport\" content=\"width=device-width, initial-scale=1\"><\/p>\n<style>\n.container-video { position: relative; width: 100%; overflow: hidden; padding-top: 56.25%;\n}\n.responsive-iframe-video { position: absolute; top: 0; left: 0; bottom: 0; right: 0; width: 100%; height: 100%; border: none;\n}\n<\/style>\n<p><\/head><br \/>\n<body><\/p>\n<div class=\"container-video\"> <iframe title=\"video-espn\" class=\"responsive-iframe-video\" src=\"https:\/\/www.espn.com.ar\/core\/video\/iframe?id=16629712&#038;endcard=false&#038;omniReportSuite=wdgespge\" allowfullscreen><\/iframe>\n<\/div>\n<p><\/body><br \/>\n<\/html><\/p>\n<p>El episodio se produjo en un contexto especial para el futbolista, ya que <b>Real Madrid<\/b> decidi\u00f3 ejercer la cl\u00e1usula de recompra para asegurar el regreso de <b>Nicol\u00e1s Paz<\/b> al club espa\u00f1ol tras su destacada temporada en el f\u00fatbol italiano. El volante disput\u00f3 38 partidos entre la <b>Serie A<\/b> y la <b>Copa Italia<\/b>, con un saldo de <b>13 goles y 8 asistencias<\/b>.<\/p>\n<p>El club presidido por Florentino P\u00e9rez ya notific\u00f3 a las partes involucradas y asegur\u00f3 la vuelta del volante argentino, apenas un a\u00f1o despu\u00e9s de su traspaso al f\u00fatbol italiano. La operaci\u00f3n se cerrar\u00e1 antes del 30 de mayo, fecha l\u00edmite estipulada en el contrato.<\/p>\n<p>Nico Paz, tras una destacada temporada en la Serie A, regresar\u00e1 al club blanco despu\u00e9s de su participaci\u00f3n con la selecci\u00f3n argentina en la Copa del Mundo 2026.<\/p>\n<p><img loading=\"lazy\" decoding=\"async\" src=\"https:\/\/lobosnews.com.ar\/wp-content\/uploads\/2026\/04\/nicolas-paz-sufrio-un-fuerte-golpe-en-la-cabeza-en-como-y-debio-ser-hospitalizado-por-una-perdida-momentanea-de-vision-1.jpg\" alt=\"El canterano madridista Nico Paz volver\u00e1 al club tras una opci\u00f3n de recompra (Espa\u00f1a). EFE\/Kiko Huesca. \" height=\"2960\" width=\"4432\"\/><\/p>\n<p>La opci\u00f3n de recompra form\u00f3 parte del acuerdo de traspaso realizado en 2024, una pr\u00e1ctica habitual del Real Madrid para mantener control sobre el futuro de sus canteranos. Adem\u00e1s de la recompra, el club incluy\u00f3 un derecho de tanteo para futuras transferencias, garantizando as\u00ed un control adicional sobre el destino del jugador.<\/p>\n<p>Este movimiento se produce en un contexto en el que el Real Madrid busca fortalecer su plantilla tras dos temporadas sin t\u00edtulos, encontr\u00e1ndose actualmente en la segunda posici\u00f3n de la liga espa\u00f1ola, a 11 puntos del l\u00edder Barcelona con cinco fechas por disputarse. El Como y su entrenador, Cesc F\u00e0bregas, deber\u00e1n ahora buscar alternativas ante la inminente salida de Paz, mientras contin\u00faan explorando la llegada de m\u00e1s j\u00f3venes talentos provenientes de la cantera madridista.<\/p>\n","protected":false},"excerpt":{"rendered":"<p>El futbolista argentino Nicol\u00e1s Paz fue protagonista de un episodio preocupante durante el partido que disputaron Como 1907 y Genoa por la Serie A italiana. Un duro choque de cabezas con el defensor Alessandro Marcandalli oblig\u00f3 a Paz a abandonar el campo y ser hospitalizado por una p\u00e9rdida moment\u00e1nea de visi\u00f3n. El incidente ocurri\u00f3 cerca&#8230;<\/p>\n","protected":false},"author":1,"featured_media":0,"comment_status":"open","ping_status":"closed","sticky":false,"template":"","format":"standard","meta":{"_jetpack_memberships_contains_paid_content":false,"footnotes":""},"categories":[30],"tags":[39],"class_list":["post-45732","post","type-post","status-publish","format-standard","hentry","category-argentina","tag-deportes"],"magazineBlocksPostFeaturedMedia":{"thumbnail":false,"medium":false,"medium_large":false,"large":false,"1536x1536":false,"2048x2048":false,"newsmatic-featured":false,"newsmatic-list":false,"newsmatic-thumb":false,"newsmatic-small":false,"newsmatic-grid":false},"magazineBlocksPostAuthor":{"name":"admin","avatar":"https:\/\/secure.gravatar.com\/avatar\/76e419471a2083bc3ceab22a763dbbf9b0c1bd15a6214cf3280e2c2dde4580f9?s=96&d=mm&r=g"},"magazineBlocksPostCommentsNumber":"0","magazineBlocksPostExcerpt":"El futbolista argentino Nicol\u00e1s Paz fue protagonista de un episodio preocupante durante el partido que disputaron Como 1907 y Genoa por la Serie A italiana. Un duro choque de cabezas con el defensor Alessandro Marcandalli oblig\u00f3 a Paz a abandonar el campo y ser hospitalizado por una p\u00e9rdida moment\u00e1nea de visi\u00f3n. El incidente ocurri\u00f3 cerca...","magazineBlocksPostCategories":["Argentina"],"magazineBlocksPostViewCount":10,"magazineBlocksPostReadTime":3,"magazine_blocks_featured_image_url":{"full":false,"medium":false,"thumbnail":false},"magazine_blocks_author":{"display_name":"admin","author_link":"https:\/\/lobosnews.com.ar\/index.php\/author\/lobos-news\/"},"magazine_blocks_comment":0,"magazine_blocks_author_image":"https:\/\/secure.gravatar.com\/avatar\/76e419471a2083bc3ceab22a763dbbf9b0c1bd15a6214cf3280e2c2dde4580f9?s=96&d=mm&r=g","magazine_blocks_category":"<a href=\"#\" class=\"category-link category-link-30\">Argentina<\/a>","yoast_head":"<!-- This site is optimized with the Yoast SEO plugin v26.6 - https:\/\/yoast.com\/wordpress\/plugins\/seo\/ -->\n<title>Nicol\u00e1s Paz sufri\u00f3 un fuerte golpe en la cabeza en Como y debi\u00f3 ser hospitalizado por una p\u00e9rdida moment\u00e1nea de visi\u00f3n - Lobos News<\/title>\n<meta name=\"robots\" content=\"index, follow, max-snippet:-1, max-image-preview:large, max-video-preview:-1\" \/>\n<link rel=\"canonical\" href=\"https:\/\/lobosnews.com.ar\/index.php\/2026\/04\/26\/nicolas-paz-sufrio-un-fuerte-golpe-en-la-cabeza-en-como-y-debio-ser-hospitalizado-por-una-perdida-momentanea-de-vision\/\" \/>\n<meta property=\"og:locale\" content=\"es_ES\" \/>\n<meta property=\"og:type\" content=\"article\" \/>\n<meta property=\"og:title\" content=\"Nicol\u00e1s Paz sufri\u00f3 un fuerte golpe en la cabeza en Como y debi\u00f3 ser hospitalizado por una p\u00e9rdida moment\u00e1nea de visi\u00f3n - Lobos News\" \/>\n<meta property=\"og:description\" content=\"El futbolista argentino Nicol\u00e1s Paz fue protagonista de un episodio preocupante durante el partido que disputaron Como 1907 y Genoa por la Serie A italiana. Un duro choque de cabezas con el defensor Alessandro Marcandalli oblig\u00f3 a Paz a abandonar el campo y ser hospitalizado por una p\u00e9rdida moment\u00e1nea de visi\u00f3n. El incidente ocurri\u00f3 cerca...\" \/>\n<meta property=\"og:url\" content=\"https:\/\/lobosnews.com.ar\/index.php\/2026\/04\/26\/nicolas-paz-sufrio-un-fuerte-golpe-en-la-cabeza-en-como-y-debio-ser-hospitalizado-por-una-perdida-momentanea-de-vision\/\" \/>\n<meta property=\"og:site_name\" content=\"Lobos News\" \/>\n<meta property=\"article:published_time\" content=\"2026-04-26T20:13:07+00:00\" \/>\n<meta property=\"article:modified_time\" content=\"2026-04-26T20:28:50+00:00\" \/>\n<meta property=\"og:image\" content=\"https:\/\/lobosnews.com.ar\/wp-content\/uploads\/2026\/04\/nicolas-paz-sufrio-un-fuerte-golpe-en-la-cabeza-en-como-y-debio-ser-hospitalizado-por-una-perdida-momentanea-de-vision.jpg\" \/>\n<meta name=\"author\" content=\"admin\" \/>\n<meta name=\"twitter:card\" content=\"summary_large_image\" \/>\n<meta name=\"twitter:label1\" content=\"Escrito por\" \/>\n\t<meta name=\"twitter:data1\" content=\"admin\" \/>\n\t<meta name=\"twitter:label2\" content=\"Tiempo de lectura\" \/>\n\t<meta name=\"twitter:data2\" content=\"3 minutos\" \/>\n<script type=\"application\/ld+json\" class=\"yoast-schema-graph\">{\"@context\":\"https:\/\/schema.org\",\"@graph\":[{\"@type\":\"Article\",\"@id\":\"https:\/\/lobosnews.com.ar\/index.php\/2026\/04\/26\/nicolas-paz-sufrio-un-fuerte-golpe-en-la-cabeza-en-como-y-debio-ser-hospitalizado-por-una-perdida-momentanea-de-vision\/#article\",\"isPartOf\":{\"@id\":\"https:\/\/lobosnews.com.ar\/index.php\/2026\/04\/26\/nicolas-paz-sufrio-un-fuerte-golpe-en-la-cabeza-en-como-y-debio-ser-hospitalizado-por-una-perdida-momentanea-de-vision\/\"},\"author\":{\"name\":\"admin\",\"@id\":\"https:\/\/lobosnews.com.ar\/#\/schema\/person\/232422a593d5c541dd9aef6aaed10943\"},\"headline\":\"Nicol\u00e1s Paz sufri\u00f3 un fuerte golpe en la cabeza en Como y debi\u00f3 ser hospitalizado por una p\u00e9rdida moment\u00e1nea de visi\u00f3n\",\"datePublished\":\"2026-04-26T20:13:07+00:00\",\"dateModified\":\"2026-04-26T20:28:50+00:00\",\"mainEntityOfPage\":{\"@id\":\"https:\/\/lobosnews.com.ar\/index.php\/2026\/04\/26\/nicolas-paz-sufrio-un-fuerte-golpe-en-la-cabeza-en-como-y-debio-ser-hospitalizado-por-una-perdida-momentanea-de-vision\/\"},\"wordCount\":595,\"commentCount\":0,\"publisher\":{\"@id\":\"https:\/\/lobosnews.com.ar\/#organization\"},\"image\":{\"@id\":\"https:\/\/lobosnews.com.ar\/index.php\/2026\/04\/26\/nicolas-paz-sufrio-un-fuerte-golpe-en-la-cabeza-en-como-y-debio-ser-hospitalizado-por-una-perdida-momentanea-de-vision\/#primaryimage\"},\"thumbnailUrl\":\"https:\/\/lobosnews.com.ar\/wp-content\/uploads\/2026\/04\/nicolas-paz-sufrio-un-fuerte-golpe-en-la-cabeza-en-como-y-debio-ser-hospitalizado-por-una-perdida-momentanea-de-vision.jpg\",\"keywords\":[\"Deportes\"],\"articleSection\":[\"Argentina\"],\"inLanguage\":\"es\",\"potentialAction\":[{\"@type\":\"CommentAction\",\"name\":\"Comment\",\"target\":[\"https:\/\/lobosnews.com.ar\/index.php\/2026\/04\/26\/nicolas-paz-sufrio-un-fuerte-golpe-en-la-cabeza-en-como-y-debio-ser-hospitalizado-por-una-perdida-momentanea-de-vision\/#respond\"]}]},{\"@type\":\"WebPage\",\"@id\":\"https:\/\/lobosnews.com.ar\/index.php\/2026\/04\/26\/nicolas-paz-sufrio-un-fuerte-golpe-en-la-cabeza-en-como-y-debio-ser-hospitalizado-por-una-perdida-momentanea-de-vision\/\",\"url\":\"https:\/\/lobosnews.com.ar\/index.php\/2026\/04\/26\/nicolas-paz-sufrio-un-fuerte-golpe-en-la-cabeza-en-como-y-debio-ser-hospitalizado-por-una-perdida-momentanea-de-vision\/\",\"name\":\"Nicol\u00e1s Paz sufri\u00f3 un fuerte golpe en la cabeza en Como y debi\u00f3 ser hospitalizado por una p\u00e9rdida moment\u00e1nea de visi\u00f3n - Lobos News\",\"isPartOf\":{\"@id\":\"https:\/\/lobosnews.com.ar\/#website\"},\"primaryImageOfPage\":{\"@id\":\"https:\/\/lobosnews.com.ar\/index.php\/2026\/04\/26\/nicolas-paz-sufrio-un-fuerte-golpe-en-la-cabeza-en-como-y-debio-ser-hospitalizado-por-una-perdida-momentanea-de-vision\/#primaryimage\"},\"image\":{\"@id\":\"https:\/\/lobosnews.com.ar\/index.php\/2026\/04\/26\/nicolas-paz-sufrio-un-fuerte-golpe-en-la-cabeza-en-como-y-debio-ser-hospitalizado-por-una-perdida-momentanea-de-vision\/#primaryimage\"},\"thumbnailUrl\":\"https:\/\/lobosnews.com.ar\/wp-content\/uploads\/2026\/04\/nicolas-paz-sufrio-un-fuerte-golpe-en-la-cabeza-en-como-y-debio-ser-hospitalizado-por-una-perdida-momentanea-de-vision.jpg\",\"datePublished\":\"2026-04-26T20:13:07+00:00\",\"dateModified\":\"2026-04-26T20:28:50+00:00\",\"breadcrumb\":{\"@id\":\"https:\/\/lobosnews.com.ar\/index.php\/2026\/04\/26\/nicolas-paz-sufrio-un-fuerte-golpe-en-la-cabeza-en-como-y-debio-ser-hospitalizado-por-una-perdida-momentanea-de-vision\/#breadcrumb\"},\"inLanguage\":\"es\",\"potentialAction\":[{\"@type\":\"ReadAction\",\"target\":[\"https:\/\/lobosnews.com.ar\/index.php\/2026\/04\/26\/nicolas-paz-sufrio-un-fuerte-golpe-en-la-cabeza-en-como-y-debio-ser-hospitalizado-por-una-perdida-momentanea-de-vision\/\"]}]},{\"@type\":\"ImageObject\",\"inLanguage\":\"es\",\"@id\":\"https:\/\/lobosnews.com.ar\/index.php\/2026\/04\/26\/nicolas-paz-sufrio-un-fuerte-golpe-en-la-cabeza-en-como-y-debio-ser-hospitalizado-por-una-perdida-momentanea-de-vision\/#primaryimage\",\"url\":\"https:\/\/lobosnews.com.ar\/wp-content\/uploads\/2026\/04\/nicolas-paz-sufrio-un-fuerte-golpe-en-la-cabeza-en-como-y-debio-ser-hospitalizado-por-una-perdida-momentanea-de-vision.jpg\",\"contentUrl\":\"https:\/\/lobosnews.com.ar\/wp-content\/uploads\/2026\/04\/nicolas-paz-sufrio-un-fuerte-golpe-en-la-cabeza-en-como-y-debio-ser-hospitalizado-por-una-perdida-momentanea-de-vision.jpg\"},{\"@type\":\"BreadcrumbList\",\"@id\":\"https:\/\/lobosnews.com.ar\/index.php\/2026\/04\/26\/nicolas-paz-sufrio-un-fuerte-golpe-en-la-cabeza-en-como-y-debio-ser-hospitalizado-por-una-perdida-momentanea-de-vision\/#breadcrumb\",\"itemListElement\":[{\"@type\":\"ListItem\",\"position\":1,\"name\":\"Portada\",\"item\":\"https:\/\/lobosnews.com.ar\/\"},{\"@type\":\"ListItem\",\"position\":2,\"name\":\"Nicol\u00e1s Paz sufri\u00f3 un fuerte golpe en la cabeza en Como y debi\u00f3 ser hospitalizado por una p\u00e9rdida moment\u00e1nea de visi\u00f3n\"}]},{\"@type\":\"WebSite\",\"@id\":\"https:\/\/lobosnews.com.ar\/#website\",\"url\":\"https:\/\/lobosnews.com.ar\/\",\"name\":\"Lobos News\",\"description\":\"Informaci\u00f3n a cada instante\",\"publisher\":{\"@id\":\"https:\/\/lobosnews.com.ar\/#organization\"},\"potentialAction\":[{\"@type\":\"SearchAction\",\"target\":{\"@type\":\"EntryPoint\",\"urlTemplate\":\"https:\/\/lobosnews.com.ar\/?s={search_term_string}\"},\"query-input\":{\"@type\":\"PropertyValueSpecification\",\"valueRequired\":true,\"valueName\":\"search_term_string\"}}],\"inLanguage\":\"es\"},{\"@type\":\"Organization\",\"@id\":\"https:\/\/lobosnews.com.ar\/#organization\",\"name\":\"Lobos News\",\"url\":\"https:\/\/lobosnews.com.ar\/\",\"logo\":{\"@type\":\"ImageObject\",\"inLanguage\":\"es\",\"@id\":\"https:\/\/lobosnews.com.ar\/#\/schema\/logo\/image\/\",\"url\":\"https:\/\/lobosnews.com.ar\/wp-content\/uploads\/2026\/01\/logo-lobosnews.png\",\"contentUrl\":\"https:\/\/lobosnews.com.ar\/wp-content\/uploads\/2026\/01\/logo-lobosnews.png\",\"width\":500,\"height\":200,\"caption\":\"Lobos News\"},\"image\":{\"@id\":\"https:\/\/lobosnews.com.ar\/#\/schema\/logo\/image\/\"}},{\"@type\":\"Person\",\"@id\":\"https:\/\/lobosnews.com.ar\/#\/schema\/person\/232422a593d5c541dd9aef6aaed10943\",\"name\":\"admin\",\"image\":{\"@type\":\"ImageObject\",\"inLanguage\":\"es\",\"@id\":\"https:\/\/lobosnews.com.ar\/#\/schema\/person\/image\/\",\"url\":\"https:\/\/secure.gravatar.com\/avatar\/76e419471a2083bc3ceab22a763dbbf9b0c1bd15a6214cf3280e2c2dde4580f9?s=96&d=mm&r=g\",\"contentUrl\":\"https:\/\/secure.gravatar.com\/avatar\/76e419471a2083bc3ceab22a763dbbf9b0c1bd15a6214cf3280e2c2dde4580f9?s=96&d=mm&r=g\",\"caption\":\"admin\"},\"sameAs\":[\"https:\/\/lobosnews.com.ar\"],\"url\":\"https:\/\/lobosnews.com.ar\/index.php\/author\/lobos-news\/\"}]}<\/script>\n<!-- \/ Yoast SEO plugin. -->","yoast_head_json":{"title":"Nicol\u00e1s Paz sufri\u00f3 un fuerte golpe en la cabeza en Como y debi\u00f3 ser hospitalizado por una p\u00e9rdida moment\u00e1nea de visi\u00f3n - Lobos News","robots":{"index":"index","follow":"follow","max-snippet":"max-snippet:-1","max-image-preview":"max-image-preview:large","max-video-preview":"max-video-preview:-1"},"canonical":"https:\/\/lobosnews.com.ar\/index.php\/2026\/04\/26\/nicolas-paz-sufrio-un-fuerte-golpe-en-la-cabeza-en-como-y-debio-ser-hospitalizado-por-una-perdida-momentanea-de-vision\/","og_locale":"es_ES","og_type":"article","og_title":"Nicol\u00e1s Paz sufri\u00f3 un fuerte golpe en la cabeza en Como y debi\u00f3 ser hospitalizado por una p\u00e9rdida moment\u00e1nea de visi\u00f3n - Lobos News","og_description":"El futbolista argentino Nicol\u00e1s Paz fue protagonista de un episodio preocupante durante el partido que disputaron Como 1907 y Genoa por la Serie A italiana. Un duro choque de cabezas con el defensor Alessandro Marcandalli oblig\u00f3 a Paz a abandonar el campo y ser hospitalizado por una p\u00e9rdida moment\u00e1nea de visi\u00f3n. El incidente ocurri\u00f3 cerca...","og_url":"https:\/\/lobosnews.com.ar\/index.php\/2026\/04\/26\/nicolas-paz-sufrio-un-fuerte-golpe-en-la-cabeza-en-como-y-debio-ser-hospitalizado-por-una-perdida-momentanea-de-vision\/","og_site_name":"Lobos News","article_published_time":"2026-04-26T20:13:07+00:00","article_modified_time":"2026-04-26T20:28:50+00:00","og_image":[{"url":"https:\/\/lobosnews.com.ar\/wp-content\/uploads\/2026\/04\/nicolas-paz-sufrio-un-fuerte-golpe-en-la-cabeza-en-como-y-debio-ser-hospitalizado-por-una-perdida-momentanea-de-vision.jpg","type":"","width":"","height":""}],"author":"admin","twitter_card":"summary_large_image","twitter_misc":{"Escrito por":"admin","Tiempo de lectura":"3 minutos"},"schema":{"@context":"https:\/\/schema.org","@graph":[{"@type":"Article","@id":"https:\/\/lobosnews.com.ar\/index.php\/2026\/04\/26\/nicolas-paz-sufrio-un-fuerte-golpe-en-la-cabeza-en-como-y-debio-ser-hospitalizado-por-una-perdida-momentanea-de-vision\/#article","isPartOf":{"@id":"https:\/\/lobosnews.com.ar\/index.php\/2026\/04\/26\/nicolas-paz-sufrio-un-fuerte-golpe-en-la-cabeza-en-como-y-debio-ser-hospitalizado-por-una-perdida-momentanea-de-vision\/"},"author":{"name":"admin","@id":"https:\/\/lobosnews.com.ar\/#\/schema\/person\/232422a593d5c541dd9aef6aaed10943"},"headline":"Nicol\u00e1s Paz sufri\u00f3 un fuerte golpe en la cabeza en Como y debi\u00f3 ser hospitalizado por una p\u00e9rdida moment\u00e1nea de visi\u00f3n","datePublished":"2026-04-26T20:13:07+00:00","dateModified":"2026-04-26T20:28:50+00:00","mainEntityOfPage":{"@id":"https:\/\/lobosnews.com.ar\/index.php\/2026\/04\/26\/nicolas-paz-sufrio-un-fuerte-golpe-en-la-cabeza-en-como-y-debio-ser-hospitalizado-por-una-perdida-momentanea-de-vision\/"},"wordCount":595,"commentCount":0,"publisher":{"@id":"https:\/\/lobosnews.com.ar\/#organization"},"image":{"@id":"https:\/\/lobosnews.com.ar\/index.php\/2026\/04\/26\/nicolas-paz-sufrio-un-fuerte-golpe-en-la-cabeza-en-como-y-debio-ser-hospitalizado-por-una-perdida-momentanea-de-vision\/#primaryimage"},"thumbnailUrl":"https:\/\/lobosnews.com.ar\/wp-content\/uploads\/2026\/04\/nicolas-paz-sufrio-un-fuerte-golpe-en-la-cabeza-en-como-y-debio-ser-hospitalizado-por-una-perdida-momentanea-de-vision.jpg","keywords":["Deportes"],"articleSection":["Argentina"],"inLanguage":"es","potentialAction":[{"@type":"CommentAction","name":"Comment","target":["https:\/\/lobosnews.com.ar\/index.php\/2026\/04\/26\/nicolas-paz-sufrio-un-fuerte-golpe-en-la-cabeza-en-como-y-debio-ser-hospitalizado-por-una-perdida-momentanea-de-vision\/#respond"]}]},{"@type":"WebPage","@id":"https:\/\/lobosnews.com.ar\/index.php\/2026\/04\/26\/nicolas-paz-sufrio-un-fuerte-golpe-en-la-cabeza-en-como-y-debio-ser-hospitalizado-por-una-perdida-momentanea-de-vision\/","url":"https:\/\/lobosnews.com.ar\/index.php\/2026\/04\/26\/nicolas-paz-sufrio-un-fuerte-golpe-en-la-cabeza-en-como-y-debio-ser-hospitalizado-por-una-perdida-momentanea-de-vision\/","name":"Nicol\u00e1s Paz sufri\u00f3 un fuerte golpe en la cabeza en Como y debi\u00f3 ser hospitalizado por una p\u00e9rdida moment\u00e1nea de visi\u00f3n - Lobos News","isPartOf":{"@id":"https:\/\/lobosnews.com.ar\/#website"},"primaryImageOfPage":{"@id":"https:\/\/lobosnews.com.ar\/index.php\/2026\/04\/26\/nicolas-paz-sufrio-un-fuerte-golpe-en-la-cabeza-en-como-y-debio-ser-hospitalizado-por-una-perdida-momentanea-de-vision\/#primaryimage"},"image":{"@id":"https:\/\/lobosnews.com.ar\/index.php\/2026\/04\/26\/nicolas-paz-sufrio-un-fuerte-golpe-en-la-cabeza-en-como-y-debio-ser-hospitalizado-por-una-perdida-momentanea-de-vision\/#primaryimage"},"thumbnailUrl":"https:\/\/lobosnews.com.ar\/wp-content\/uploads\/2026\/04\/nicolas-paz-sufrio-un-fuerte-golpe-en-la-cabeza-en-como-y-debio-ser-hospitalizado-por-una-perdida-momentanea-de-vision.jpg","datePublished":"2026-04-26T20:13:07+00:00","dateModified":"2026-04-26T20:28:50+00:00","breadcrumb":{"@id":"https:\/\/lobosnews.com.ar\/index.php\/2026\/04\/26\/nicolas-paz-sufrio-un-fuerte-golpe-en-la-cabeza-en-como-y-debio-ser-hospitalizado-por-una-perdida-momentanea-de-vision\/#breadcrumb"},"inLanguage":"es","potentialAction":[{"@type":"ReadAction","target":["https:\/\/lobosnews.com.ar\/index.php\/2026\/04\/26\/nicolas-paz-sufrio-un-fuerte-golpe-en-la-cabeza-en-como-y-debio-ser-hospitalizado-por-una-perdida-momentanea-de-vision\/"]}]},{"@type":"ImageObject","inLanguage":"es","@id":"https:\/\/lobosnews.com.ar\/index.php\/2026\/04\/26\/nicolas-paz-sufrio-un-fuerte-golpe-en-la-cabeza-en-como-y-debio-ser-hospitalizado-por-una-perdida-momentanea-de-vision\/#primaryimage","url":"https:\/\/lobosnews.com.ar\/wp-content\/uploads\/2026\/04\/nicolas-paz-sufrio-un-fuerte-golpe-en-la-cabeza-en-como-y-debio-ser-hospitalizado-por-una-perdida-momentanea-de-vision.jpg","contentUrl":"https:\/\/lobosnews.com.ar\/wp-content\/uploads\/2026\/04\/nicolas-paz-sufrio-un-fuerte-golpe-en-la-cabeza-en-como-y-debio-ser-hospitalizado-por-una-perdida-momentanea-de-vision.jpg"},{"@type":"BreadcrumbList","@id":"https:\/\/lobosnews.com.ar\/index.php\/2026\/04\/26\/nicolas-paz-sufrio-un-fuerte-golpe-en-la-cabeza-en-como-y-debio-ser-hospitalizado-por-una-perdida-momentanea-de-vision\/#breadcrumb","itemListElement":[{"@type":"ListItem","position":1,"name":"Portada","item":"https:\/\/lobosnews.com.ar\/"},{"@type":"ListItem","position":2,"name":"Nicol\u00e1s Paz sufri\u00f3 un fuerte golpe en la cabeza en Como y debi\u00f3 ser hospitalizado por una p\u00e9rdida moment\u00e1nea de visi\u00f3n"}]},{"@type":"WebSite","@id":"https:\/\/lobosnews.com.ar\/#website","url":"https:\/\/lobosnews.com.ar\/","name":"Lobos News","description":"Informaci\u00f3n a cada instante","publisher":{"@id":"https:\/\/lobosnews.com.ar\/#organization"},"potentialAction":[{"@type":"SearchAction","target":{"@type":"EntryPoint","urlTemplate":"https:\/\/lobosnews.com.ar\/?s={search_term_string}"},"query-input":{"@type":"PropertyValueSpecification","valueRequired":true,"valueName":"search_term_string"}}],"inLanguage":"es"},{"@type":"Organization","@id":"https:\/\/lobosnews.com.ar\/#organization","name":"Lobos News","url":"https:\/\/lobosnews.com.ar\/","logo":{"@type":"ImageObject","inLanguage":"es","@id":"https:\/\/lobosnews.com.ar\/#\/schema\/logo\/image\/","url":"https:\/\/lobosnews.com.ar\/wp-content\/uploads\/2026\/01\/logo-lobosnews.png","contentUrl":"https:\/\/lobosnews.com.ar\/wp-content\/uploads\/2026\/01\/logo-lobosnews.png","width":500,"height":200,"caption":"Lobos News"},"image":{"@id":"https:\/\/lobosnews.com.ar\/#\/schema\/logo\/image\/"}},{"@type":"Person","@id":"https:\/\/lobosnews.com.ar\/#\/schema\/person\/232422a593d5c541dd9aef6aaed10943","name":"admin","image":{"@type":"ImageObject","inLanguage":"es","@id":"https:\/\/lobosnews.com.ar\/#\/schema\/person\/image\/","url":"https:\/\/secure.gravatar.com\/avatar\/76e419471a2083bc3ceab22a763dbbf9b0c1bd15a6214cf3280e2c2dde4580f9?s=96&d=mm&r=g","contentUrl":"https:\/\/secure.gravatar.com\/avatar\/76e419471a2083bc3ceab22a763dbbf9b0c1bd15a6214cf3280e2c2dde4580f9?s=96&d=mm&r=g","caption":"admin"},"sameAs":["https:\/\/lobosnews.com.ar"],"url":"https:\/\/lobosnews.com.ar\/index.php\/author\/lobos-news\/"}]}},"jetpack_featured_media_url":"","jetpack_sharing_enabled":true,"_links":{"self":[{"href":"https:\/\/lobosnews.com.ar\/index.php\/wp-json\/wp\/v2\/posts\/45732","targetHints":{"allow":["GET"]}}],"collection":[{"href":"https:\/\/lobosnews.com.ar\/index.php\/wp-json\/wp\/v2\/posts"}],"about":[{"href":"https:\/\/lobosnews.com.ar\/index.php\/wp-json\/wp\/v2\/types\/post"}],"author":[{"embeddable":true,"href":"https:\/\/lobosnews.com.ar\/index.php\/wp-json\/wp\/v2\/users\/1"}],"replies":[{"embeddable":true,"href":"https:\/\/lobosnews.com.ar\/index.php\/wp-json\/wp\/v2\/comments?post=45732"}],"version-history":[{"count":1,"href":"https:\/\/lobosnews.com.ar\/index.php\/wp-json\/wp\/v2\/posts\/45732\/revisions"}],"predecessor-version":[{"id":45735,"href":"https:\/\/lobosnews.com.ar\/index.php\/wp-json\/wp\/v2\/posts\/45732\/revisions\/45735"}],"wp:attachment":[{"href":"https:\/\/lobosnews.com.ar\/index.php\/wp-json\/wp\/v2\/media?parent=45732"}],"wp:term":[{"taxonomy":"category","embeddable":true,"href":"https:\/\/lobosnews.com.ar\/index.php\/wp-json\/wp\/v2\/categories?post=45732"},{"taxonomy":"post_tag","embeddable":true,"href":"https:\/\/lobosnews.com.ar\/index.php\/wp-json\/wp\/v2\/tags?post=45732"}],"curies":[{"name":"wp","href":"https:\/\/api.w.org\/{rel}","templated":true}]}}