{"id":45727,"date":"2026-04-26T12:38:13","date_gmt":"2026-04-26T12:38:13","guid":{"rendered":"https:\/\/lobosnews.com.ar\/index.php\/2026\/04\/26\/amenaza-de-tiroteo-un-estudiante-y-su-padre-fueron-detenidos-por-intimidaciones-a-una-escuela-de-pergamino\/"},"modified":"2026-04-26T14:54:18","modified_gmt":"2026-04-26T14:54:18","slug":"amenaza-de-tiroteo-un-estudiante-y-su-padre-fueron-detenidos-por-intimidaciones-a-una-escuela-de-pergamino","status":"publish","type":"post","link":"https:\/\/lobosnews.com.ar\/index.php\/2026\/04\/26\/amenaza-de-tiroteo-un-estudiante-y-su-padre-fueron-detenidos-por-intimidaciones-a-una-escuela-de-pergamino\/","title":{"rendered":"Amenaza de tiroteo: un estudiante y su padre fueron detenidos por intimidaciones a una escuela de Pergamino"},"content":{"rendered":"<p><img loading=\"lazy\" decoding=\"async\" src=\"https:\/\/lobosnews.com.ar\/wp-content\/uploads\/2026\/04\/amenaza-de-tiroteo-un-estudiante-y-su-padre-fueron-detenidos-por-intimidaciones-a-una-escuela-de-pergamino.jpg\" alt=\"Un padre y su hijo fueron detenidos por la DDI Pergamino tras ser investigados por amenazas realizadas a una escuela local.\" height=\"1080\" width=\"1920\"\/><\/p>\n<p>Un estudiante de 18 a\u00f1os y su padre fueron detenidos en <b>Pergamino<\/b> tras<span class=\"waslinkname\"><i><b> amenazas de tiroteo<\/b><\/i><\/span> a una escuela a trav\u00e9s de un grupo de mensajer\u00eda, indicaron fuentes policiales a <b>Infobae<\/b>.<\/p>\n<p>Ambos fueron arrestados durante un procedimiento de la DDI local, luego de una investigaci\u00f3n que comenz\u00f3 con la denuncia de la directora del <b>Colegio Industrial<\/b> sobre los mensajes en WhatsApp de un estudiante que advert\u00eda que <b>realizar\u00eda disparos dentro de la escuela<\/b>, en una conversaci\u00f3n en la que participaban otros alumnos. <\/p>\n<p>De acuerdo con las fuentes, el sospechoso fue identificado como M.L.F. ante la Fiscal\u00eda N\u00b0 8 del Departamento Judicial Pergamino, a cargo del fiscal<b> Francisco Furnari.<\/b> A partir de ese momento, se activaron los protocolos de seguridad y se dio intervenci\u00f3n a la Polic\u00eda Bonaerense.<\/p>\n<p>Tareas de investigaci\u00f3n llevaron a los agentes a un domicilio ubicado en la calle Neuqu\u00e9n. Durante el allanamiento, fue esposado el presunto autor de la intimidaci\u00f3n y su padre, A.A.B., de 53 a\u00f1os, que fue <b>aprehendido por tenencia de arma de fuego y encubrimiento<\/b>. Su hijo deber\u00e1 responder por el<b> delito de intimidaci\u00f3n p\u00fablica.<\/b><\/p>\n<p><img loading=\"lazy\" decoding=\"async\" src=\"https:\/\/lobosnews.com.ar\/wp-content\/uploads\/2026\/04\/amenaza-de-tiroteo-un-estudiante-y-su-padre-fueron-detenidos-por-intimidaciones-a-una-escuela-de-pergamino-1.jpg\" alt=\"El arma y las municiones que fueron secuestradas por la DDI de Pergamino\" height=\"896\" width=\"1195\"\/><\/p>\n<p>Dentro de la vivienda, los efectivos hallaron un <b>rev\u00f3lver calibre .32 Largo<\/b> marca Llanero con pedido de secuestro del departamento judicial de San Nicol\u00e1s. Tambi\u00e9n encontraron cinco municiones. <\/p>\n<p>Al mismo tiempo, incautaron nueve tel\u00e9fonos celulares, dos tablets y tres notebooks. Todos los <b>dispositivos electr\u00f3nicos ser\u00e1n peritados,<\/b> detallaron las fuentes. <\/p>\n<p>De acuerdo con <i>La Opini\u00f3n<\/i> de Pergamino, el Ministerio P\u00fablico local inici\u00f3 <b>m\u00e1s de 40 causas por episodios de intimidaci\u00f3n <\/b>p\u00fablica por amenazas en escuelas. <\/p>\n<p>En el transcurso de la semana se esclareci\u00f3 el caso de pintadas y <b>flyers viralizados en redes sociales<\/b> en los que amenazaban por un falso tiroteo en la Escuela Normal (Secundaria 7), detall\u00f3 el medio local. <\/p>\n<p>Por ese hecho, fue notificado un adolescente, menor de edad, que declar\u00f3 que se trat\u00f3 de una broma. Qued\u00f3 bajo la \u00f3rbita del fuero de Responsabilidad Penal Juvenil.<\/p>\n<p>Despu\u00e9s del crimen de <b>Ian Cabrera,<\/b> ocurrido en una escuela de San Crist\u00f3bal, en Santa Fe, se registr\u00f3 un fuerte incremento de amenazas que tuvieron como blanco a varias escuelas del pa\u00eds.<\/p>\n<p>Las intimidaciones incluyeron <b>carteles, pintadas y mensajes <\/b>que advert\u00edan sobre posibles tiroteos; en varias ocasiones estuvieron acompa\u00f1adas por fotos y el hallazgo de armas de fuego,<b> r\u00e9plicas o material bal\u00edstico en los allanamientos a las casas de los alumnos involucrados<\/b>.<\/p>\n<p>Ante el fen\u00f3meno, varias provincias definieron nuevas medidas de actuaci\u00f3n. Por ejemplo, el Ministerio de Seguridad de la Provincia de C\u00f3rdoba implement\u00f3 un nuevo <b>Protocolo de Recupero y Resarcimiento<\/b> que exige a los padres o adultos responsables de alumnos identificados e imputados judicialmente por generar falsas amenazas en escuelas afrontar los <b>costos de los operativos policiales<\/b> y de emergencia desplegados ante tales situaciones. <\/p>\n<p>Localidades como Santa Fe, Corrientes y Mar del Plata ya hab\u00edan anunciado una medida de caracter\u00edsticas similares.<\/p><\/p>\n","protected":false},"excerpt":{"rendered":"<p>Un estudiante de 18 a\u00f1os y su padre fueron detenidos en Pergamino tras amenazas de tiroteo a una escuela a trav\u00e9s de un grupo de mensajer\u00eda, indicaron fuentes policiales a Infobae. Ambos fueron arrestados durante un procedimiento de la DDI local, luego de una investigaci\u00f3n que comenz\u00f3 con la denuncia de la directora del Colegio&#8230;<\/p>\n","protected":false},"author":1,"featured_media":45731,"comment_status":"open","ping_status":"closed","sticky":false,"template":"","format":"standard","meta":{"_jetpack_memberships_contains_paid_content":false,"footnotes":""},"categories":[31,30,32,77,84,35,36,37],"tags":[],"class_list":["post-45727","post","type-post","status-publish","format-standard","has-post-thumbnail","hentry","category-actualidad","category-argentina","category-economia","category-inseguridad","category-masradios-com","category-nacionales","category-seguridad","category-sociedad"],"magazineBlocksPostFeaturedMedia":{"thumbnail":"https:\/\/lobosnews.com.ar\/wp-content\/uploads\/2026\/04\/amenaza-de-tiroteo-un-estudiante-y-su-padre-fueron-detenidos-por-intimidaciones-a-una-escuela-de-pergamino-2-150x150.jpg","medium":"https:\/\/lobosnews.com.ar\/wp-content\/uploads\/2026\/04\/amenaza-de-tiroteo-un-estudiante-y-su-padre-fueron-detenidos-por-intimidaciones-a-una-escuela-de-pergamino-2-300x225.jpg","medium_large":"https:\/\/lobosnews.com.ar\/wp-content\/uploads\/2026\/04\/amenaza-de-tiroteo-un-estudiante-y-su-padre-fueron-detenidos-por-intimidaciones-a-una-escuela-de-pergamino-2-768x576.jpg","large":"https:\/\/lobosnews.com.ar\/wp-content\/uploads\/2026\/04\/amenaza-de-tiroteo-un-estudiante-y-su-padre-fueron-detenidos-por-intimidaciones-a-una-escuela-de-pergamino-2-1024x768.jpg","1536x1536":"https:\/\/lobosnews.com.ar\/wp-content\/uploads\/2026\/04\/amenaza-de-tiroteo-un-estudiante-y-su-padre-fueron-detenidos-por-intimidaciones-a-una-escuela-de-pergamino-2.jpg","2048x2048":"https:\/\/lobosnews.com.ar\/wp-content\/uploads\/2026\/04\/amenaza-de-tiroteo-un-estudiante-y-su-padre-fueron-detenidos-por-intimidaciones-a-una-escuela-de-pergamino-2.jpg","newsmatic-featured":"https:\/\/lobosnews.com.ar\/wp-content\/uploads\/2026\/04\/amenaza-de-tiroteo-un-estudiante-y-su-padre-fueron-detenidos-por-intimidaciones-a-una-escuela-de-pergamino-2-820x545.jpg","newsmatic-list":"https:\/\/lobosnews.com.ar\/wp-content\/uploads\/2026\/04\/amenaza-de-tiroteo-un-estudiante-y-su-padre-fueron-detenidos-por-intimidaciones-a-una-escuela-de-pergamino-2-600x400.jpg","newsmatic-thumb":"https:\/\/lobosnews.com.ar\/wp-content\/uploads\/2026\/04\/amenaza-de-tiroteo-un-estudiante-y-su-padre-fueron-detenidos-por-intimidaciones-a-una-escuela-de-pergamino-2-300x200.jpg","newsmatic-small":"https:\/\/lobosnews.com.ar\/wp-content\/uploads\/2026\/04\/amenaza-de-tiroteo-un-estudiante-y-su-padre-fueron-detenidos-por-intimidaciones-a-una-escuela-de-pergamino-2-150x95.jpg","newsmatic-grid":"https:\/\/lobosnews.com.ar\/wp-content\/uploads\/2026\/04\/amenaza-de-tiroteo-un-estudiante-y-su-padre-fueron-detenidos-por-intimidaciones-a-una-escuela-de-pergamino-2-400x250.jpg"},"magazineBlocksPostAuthor":{"name":"admin","avatar":"https:\/\/secure.gravatar.com\/avatar\/76e419471a2083bc3ceab22a763dbbf9b0c1bd15a6214cf3280e2c2dde4580f9?s=96&d=mm&r=g"},"magazineBlocksPostCommentsNumber":"0","magazineBlocksPostExcerpt":"Un estudiante de 18 a\u00f1os y su padre fueron detenidos en Pergamino tras amenazas de tiroteo a una escuela a trav\u00e9s de un grupo de mensajer\u00eda, indicaron fuentes policiales a Infobae. Ambos fueron arrestados durante un procedimiento de la DDI local, luego de una investigaci\u00f3n que comenz\u00f3 con la denuncia de la directora del Colegio...","magazineBlocksPostCategories":["Actualidad","Argentina","econom\u00eda","inseguridad","masradios.com","nacionales","seguridad","sociedad"],"magazineBlocksPostViewCount":1,"magazineBlocksPostReadTime":3,"magazine_blocks_featured_image_url":{"full":["https:\/\/lobosnews.com.ar\/wp-content\/uploads\/2026\/04\/amenaza-de-tiroteo-un-estudiante-y-su-padre-fueron-detenidos-por-intimidaciones-a-una-escuela-de-pergamino-2.jpg",1195,896,false],"medium":["https:\/\/lobosnews.com.ar\/wp-content\/uploads\/2026\/04\/amenaza-de-tiroteo-un-estudiante-y-su-padre-fueron-detenidos-por-intimidaciones-a-una-escuela-de-pergamino-2-300x225.jpg",300,225,true],"thumbnail":["https:\/\/lobosnews.com.ar\/wp-content\/uploads\/2026\/04\/amenaza-de-tiroteo-un-estudiante-y-su-padre-fueron-detenidos-por-intimidaciones-a-una-escuela-de-pergamino-2-150x150.jpg",150,150,true]},"magazine_blocks_author":{"display_name":"admin","author_link":"https:\/\/lobosnews.com.ar\/index.php\/author\/lobos-news\/"},"magazine_blocks_comment":0,"magazine_blocks_author_image":"https:\/\/secure.gravatar.com\/avatar\/76e419471a2083bc3ceab22a763dbbf9b0c1bd15a6214cf3280e2c2dde4580f9?s=96&d=mm&r=g","magazine_blocks_category":"<a href=\"#\" class=\"category-link category-link-31\">Actualidad<\/a> <a href=\"#\" class=\"category-link category-link-30\">Argentina<\/a> <a href=\"#\" class=\"category-link category-link-32\">econom\u00eda<\/a> <a href=\"#\" class=\"category-link category-link-77\">inseguridad<\/a> <a href=\"#\" class=\"category-link category-link-84\">masradios.com<\/a> <a href=\"#\" class=\"category-link category-link-35\">nacionales<\/a> <a href=\"#\" class=\"category-link category-link-36\">seguridad<\/a> <a href=\"#\" class=\"category-link category-link-37\">sociedad<\/a>","yoast_head":"<!-- This site is optimized with the Yoast SEO plugin v26.6 - https:\/\/yoast.com\/wordpress\/plugins\/seo\/ -->\n<title>Amenaza de tiroteo: un estudiante y su padre fueron detenidos por intimidaciones a una escuela de Pergamino - Lobos News<\/title>\n<meta name=\"robots\" content=\"index, follow, max-snippet:-1, max-image-preview:large, max-video-preview:-1\" \/>\n<link rel=\"canonical\" href=\"https:\/\/lobosnews.com.ar\/index.php\/2026\/04\/26\/amenaza-de-tiroteo-un-estudiante-y-su-padre-fueron-detenidos-por-intimidaciones-a-una-escuela-de-pergamino\/\" \/>\n<meta property=\"og:locale\" content=\"es_ES\" \/>\n<meta property=\"og:type\" content=\"article\" \/>\n<meta property=\"og:title\" content=\"Amenaza de tiroteo: un estudiante y su padre fueron detenidos por intimidaciones a una escuela de Pergamino - Lobos News\" \/>\n<meta property=\"og:description\" content=\"Un estudiante de 18 a\u00f1os y su padre fueron detenidos en Pergamino tras amenazas de tiroteo a una escuela a trav\u00e9s de un grupo de mensajer\u00eda, indicaron fuentes policiales a Infobae. Ambos fueron arrestados durante un procedimiento de la DDI local, luego de una investigaci\u00f3n que comenz\u00f3 con la denuncia de la directora del Colegio...\" \/>\n<meta property=\"og:url\" content=\"https:\/\/lobosnews.com.ar\/index.php\/2026\/04\/26\/amenaza-de-tiroteo-un-estudiante-y-su-padre-fueron-detenidos-por-intimidaciones-a-una-escuela-de-pergamino\/\" \/>\n<meta property=\"og:site_name\" content=\"Lobos News\" \/>\n<meta property=\"article:published_time\" content=\"2026-04-26T12:38:13+00:00\" \/>\n<meta property=\"article:modified_time\" content=\"2026-04-26T14:54:18+00:00\" \/>\n<meta property=\"og:image\" content=\"https:\/\/lobosnews.com.ar\/wp-content\/uploads\/2026\/04\/amenaza-de-tiroteo-un-estudiante-y-su-padre-fueron-detenidos-por-intimidaciones-a-una-escuela-de-pergamino.jpg\" \/>\n<meta name=\"author\" content=\"admin\" \/>\n<meta name=\"twitter:card\" content=\"summary_large_image\" \/>\n<meta name=\"twitter:label1\" content=\"Escrito por\" \/>\n\t<meta name=\"twitter:data1\" content=\"admin\" \/>\n\t<meta name=\"twitter:label2\" content=\"Tiempo de lectura\" \/>\n\t<meta name=\"twitter:data2\" content=\"3 minutos\" \/>\n<script type=\"application\/ld+json\" class=\"yoast-schema-graph\">{\"@context\":\"https:\/\/schema.org\",\"@graph\":[{\"@type\":\"Article\",\"@id\":\"https:\/\/lobosnews.com.ar\/index.php\/2026\/04\/26\/amenaza-de-tiroteo-un-estudiante-y-su-padre-fueron-detenidos-por-intimidaciones-a-una-escuela-de-pergamino\/#article\",\"isPartOf\":{\"@id\":\"https:\/\/lobosnews.com.ar\/index.php\/2026\/04\/26\/amenaza-de-tiroteo-un-estudiante-y-su-padre-fueron-detenidos-por-intimidaciones-a-una-escuela-de-pergamino\/\"},\"author\":{\"name\":\"admin\",\"@id\":\"https:\/\/lobosnews.com.ar\/#\/schema\/person\/232422a593d5c541dd9aef6aaed10943\"},\"headline\":\"Amenaza de tiroteo: un estudiante y su padre fueron detenidos por intimidaciones a una escuela de Pergamino\",\"datePublished\":\"2026-04-26T12:38:13+00:00\",\"dateModified\":\"2026-04-26T14:54:18+00:00\",\"mainEntityOfPage\":{\"@id\":\"https:\/\/lobosnews.com.ar\/index.php\/2026\/04\/26\/amenaza-de-tiroteo-un-estudiante-y-su-padre-fueron-detenidos-por-intimidaciones-a-una-escuela-de-pergamino\/\"},\"wordCount\":525,\"commentCount\":0,\"publisher\":{\"@id\":\"https:\/\/lobosnews.com.ar\/#organization\"},\"image\":{\"@id\":\"https:\/\/lobosnews.com.ar\/index.php\/2026\/04\/26\/amenaza-de-tiroteo-un-estudiante-y-su-padre-fueron-detenidos-por-intimidaciones-a-una-escuela-de-pergamino\/#primaryimage\"},\"thumbnailUrl\":\"https:\/\/lobosnews.com.ar\/wp-content\/uploads\/2026\/04\/amenaza-de-tiroteo-un-estudiante-y-su-padre-fueron-detenidos-por-intimidaciones-a-una-escuela-de-pergamino-2.jpg\",\"articleSection\":[\"Actualidad\",\"Argentina\",\"econom\u00eda\",\"inseguridad\",\"masradios.com\",\"nacionales\",\"seguridad\",\"sociedad\"],\"inLanguage\":\"es\",\"potentialAction\":[{\"@type\":\"CommentAction\",\"name\":\"Comment\",\"target\":[\"https:\/\/lobosnews.com.ar\/index.php\/2026\/04\/26\/amenaza-de-tiroteo-un-estudiante-y-su-padre-fueron-detenidos-por-intimidaciones-a-una-escuela-de-pergamino\/#respond\"]}]},{\"@type\":\"WebPage\",\"@id\":\"https:\/\/lobosnews.com.ar\/index.php\/2026\/04\/26\/amenaza-de-tiroteo-un-estudiante-y-su-padre-fueron-detenidos-por-intimidaciones-a-una-escuela-de-pergamino\/\",\"url\":\"https:\/\/lobosnews.com.ar\/index.php\/2026\/04\/26\/amenaza-de-tiroteo-un-estudiante-y-su-padre-fueron-detenidos-por-intimidaciones-a-una-escuela-de-pergamino\/\",\"name\":\"Amenaza de tiroteo: un estudiante y su padre fueron detenidos por intimidaciones a una escuela de Pergamino - Lobos News\",\"isPartOf\":{\"@id\":\"https:\/\/lobosnews.com.ar\/#website\"},\"primaryImageOfPage\":{\"@id\":\"https:\/\/lobosnews.com.ar\/index.php\/2026\/04\/26\/amenaza-de-tiroteo-un-estudiante-y-su-padre-fueron-detenidos-por-intimidaciones-a-una-escuela-de-pergamino\/#primaryimage\"},\"image\":{\"@id\":\"https:\/\/lobosnews.com.ar\/index.php\/2026\/04\/26\/amenaza-de-tiroteo-un-estudiante-y-su-padre-fueron-detenidos-por-intimidaciones-a-una-escuela-de-pergamino\/#primaryimage\"},\"thumbnailUrl\":\"https:\/\/lobosnews.com.ar\/wp-content\/uploads\/2026\/04\/amenaza-de-tiroteo-un-estudiante-y-su-padre-fueron-detenidos-por-intimidaciones-a-una-escuela-de-pergamino-2.jpg\",\"datePublished\":\"2026-04-26T12:38:13+00:00\",\"dateModified\":\"2026-04-26T14:54:18+00:00\",\"breadcrumb\":{\"@id\":\"https:\/\/lobosnews.com.ar\/index.php\/2026\/04\/26\/amenaza-de-tiroteo-un-estudiante-y-su-padre-fueron-detenidos-por-intimidaciones-a-una-escuela-de-pergamino\/#breadcrumb\"},\"inLanguage\":\"es\",\"potentialAction\":[{\"@type\":\"ReadAction\",\"target\":[\"https:\/\/lobosnews.com.ar\/index.php\/2026\/04\/26\/amenaza-de-tiroteo-un-estudiante-y-su-padre-fueron-detenidos-por-intimidaciones-a-una-escuela-de-pergamino\/\"]}]},{\"@type\":\"ImageObject\",\"inLanguage\":\"es\",\"@id\":\"https:\/\/lobosnews.com.ar\/index.php\/2026\/04\/26\/amenaza-de-tiroteo-un-estudiante-y-su-padre-fueron-detenidos-por-intimidaciones-a-una-escuela-de-pergamino\/#primaryimage\",\"url\":\"https:\/\/lobosnews.com.ar\/wp-content\/uploads\/2026\/04\/amenaza-de-tiroteo-un-estudiante-y-su-padre-fueron-detenidos-por-intimidaciones-a-una-escuela-de-pergamino-2.jpg\",\"contentUrl\":\"https:\/\/lobosnews.com.ar\/wp-content\/uploads\/2026\/04\/amenaza-de-tiroteo-un-estudiante-y-su-padre-fueron-detenidos-por-intimidaciones-a-una-escuela-de-pergamino-2.jpg\",\"width\":1195,\"height\":896,\"caption\":\"Amenaza de tiroteo: un estudiante y su padre fueron detenidos por intimidaciones a una escuela de Pergamino\"},{\"@type\":\"BreadcrumbList\",\"@id\":\"https:\/\/lobosnews.com.ar\/index.php\/2026\/04\/26\/amenaza-de-tiroteo-un-estudiante-y-su-padre-fueron-detenidos-por-intimidaciones-a-una-escuela-de-pergamino\/#breadcrumb\",\"itemListElement\":[{\"@type\":\"ListItem\",\"position\":1,\"name\":\"Portada\",\"item\":\"https:\/\/lobosnews.com.ar\/\"},{\"@type\":\"ListItem\",\"position\":2,\"name\":\"Amenaza de tiroteo: un estudiante y su padre fueron detenidos por intimidaciones a una escuela de Pergamino\"}]},{\"@type\":\"WebSite\",\"@id\":\"https:\/\/lobosnews.com.ar\/#website\",\"url\":\"https:\/\/lobosnews.com.ar\/\",\"name\":\"Lobos News\",\"description\":\"Informaci\u00f3n a cada instante\",\"publisher\":{\"@id\":\"https:\/\/lobosnews.com.ar\/#organization\"},\"potentialAction\":[{\"@type\":\"SearchAction\",\"target\":{\"@type\":\"EntryPoint\",\"urlTemplate\":\"https:\/\/lobosnews.com.ar\/?s={search_term_string}\"},\"query-input\":{\"@type\":\"PropertyValueSpecification\",\"valueRequired\":true,\"valueName\":\"search_term_string\"}}],\"inLanguage\":\"es\"},{\"@type\":\"Organization\",\"@id\":\"https:\/\/lobosnews.com.ar\/#organization\",\"name\":\"Lobos News\",\"url\":\"https:\/\/lobosnews.com.ar\/\",\"logo\":{\"@type\":\"ImageObject\",\"inLanguage\":\"es\",\"@id\":\"https:\/\/lobosnews.com.ar\/#\/schema\/logo\/image\/\",\"url\":\"https:\/\/lobosnews.com.ar\/wp-content\/uploads\/2026\/01\/logo-lobosnews.png\",\"contentUrl\":\"https:\/\/lobosnews.com.ar\/wp-content\/uploads\/2026\/01\/logo-lobosnews.png\",\"width\":500,\"height\":200,\"caption\":\"Lobos News\"},\"image\":{\"@id\":\"https:\/\/lobosnews.com.ar\/#\/schema\/logo\/image\/\"}},{\"@type\":\"Person\",\"@id\":\"https:\/\/lobosnews.com.ar\/#\/schema\/person\/232422a593d5c541dd9aef6aaed10943\",\"name\":\"admin\",\"image\":{\"@type\":\"ImageObject\",\"inLanguage\":\"es\",\"@id\":\"https:\/\/lobosnews.com.ar\/#\/schema\/person\/image\/\",\"url\":\"https:\/\/secure.gravatar.com\/avatar\/76e419471a2083bc3ceab22a763dbbf9b0c1bd15a6214cf3280e2c2dde4580f9?s=96&d=mm&r=g\",\"contentUrl\":\"https:\/\/secure.gravatar.com\/avatar\/76e419471a2083bc3ceab22a763dbbf9b0c1bd15a6214cf3280e2c2dde4580f9?s=96&d=mm&r=g\",\"caption\":\"admin\"},\"sameAs\":[\"https:\/\/lobosnews.com.ar\"],\"url\":\"https:\/\/lobosnews.com.ar\/index.php\/author\/lobos-news\/\"}]}<\/script>\n<!-- \/ Yoast SEO plugin. -->","yoast_head_json":{"title":"Amenaza de tiroteo: un estudiante y su padre fueron detenidos por intimidaciones a una escuela de Pergamino - Lobos News","robots":{"index":"index","follow":"follow","max-snippet":"max-snippet:-1","max-image-preview":"max-image-preview:large","max-video-preview":"max-video-preview:-1"},"canonical":"https:\/\/lobosnews.com.ar\/index.php\/2026\/04\/26\/amenaza-de-tiroteo-un-estudiante-y-su-padre-fueron-detenidos-por-intimidaciones-a-una-escuela-de-pergamino\/","og_locale":"es_ES","og_type":"article","og_title":"Amenaza de tiroteo: un estudiante y su padre fueron detenidos por intimidaciones a una escuela de Pergamino - Lobos News","og_description":"Un estudiante de 18 a\u00f1os y su padre fueron detenidos en Pergamino tras amenazas de tiroteo a una escuela a trav\u00e9s de un grupo de mensajer\u00eda, indicaron fuentes policiales a Infobae. Ambos fueron arrestados durante un procedimiento de la DDI local, luego de una investigaci\u00f3n que comenz\u00f3 con la denuncia de la directora del Colegio...","og_url":"https:\/\/lobosnews.com.ar\/index.php\/2026\/04\/26\/amenaza-de-tiroteo-un-estudiante-y-su-padre-fueron-detenidos-por-intimidaciones-a-una-escuela-de-pergamino\/","og_site_name":"Lobos News","article_published_time":"2026-04-26T12:38:13+00:00","article_modified_time":"2026-04-26T14:54:18+00:00","og_image":[{"url":"https:\/\/lobosnews.com.ar\/wp-content\/uploads\/2026\/04\/amenaza-de-tiroteo-un-estudiante-y-su-padre-fueron-detenidos-por-intimidaciones-a-una-escuela-de-pergamino.jpg","type":"","width":"","height":""}],"author":"admin","twitter_card":"summary_large_image","twitter_misc":{"Escrito por":"admin","Tiempo de lectura":"3 minutos"},"schema":{"@context":"https:\/\/schema.org","@graph":[{"@type":"Article","@id":"https:\/\/lobosnews.com.ar\/index.php\/2026\/04\/26\/amenaza-de-tiroteo-un-estudiante-y-su-padre-fueron-detenidos-por-intimidaciones-a-una-escuela-de-pergamino\/#article","isPartOf":{"@id":"https:\/\/lobosnews.com.ar\/index.php\/2026\/04\/26\/amenaza-de-tiroteo-un-estudiante-y-su-padre-fueron-detenidos-por-intimidaciones-a-una-escuela-de-pergamino\/"},"author":{"name":"admin","@id":"https:\/\/lobosnews.com.ar\/#\/schema\/person\/232422a593d5c541dd9aef6aaed10943"},"headline":"Amenaza de tiroteo: un estudiante y su padre fueron detenidos por intimidaciones a una escuela de Pergamino","datePublished":"2026-04-26T12:38:13+00:00","dateModified":"2026-04-26T14:54:18+00:00","mainEntityOfPage":{"@id":"https:\/\/lobosnews.com.ar\/index.php\/2026\/04\/26\/amenaza-de-tiroteo-un-estudiante-y-su-padre-fueron-detenidos-por-intimidaciones-a-una-escuela-de-pergamino\/"},"wordCount":525,"commentCount":0,"publisher":{"@id":"https:\/\/lobosnews.com.ar\/#organization"},"image":{"@id":"https:\/\/lobosnews.com.ar\/index.php\/2026\/04\/26\/amenaza-de-tiroteo-un-estudiante-y-su-padre-fueron-detenidos-por-intimidaciones-a-una-escuela-de-pergamino\/#primaryimage"},"thumbnailUrl":"https:\/\/lobosnews.com.ar\/wp-content\/uploads\/2026\/04\/amenaza-de-tiroteo-un-estudiante-y-su-padre-fueron-detenidos-por-intimidaciones-a-una-escuela-de-pergamino-2.jpg","articleSection":["Actualidad","Argentina","econom\u00eda","inseguridad","masradios.com","nacionales","seguridad","sociedad"],"inLanguage":"es","potentialAction":[{"@type":"CommentAction","name":"Comment","target":["https:\/\/lobosnews.com.ar\/index.php\/2026\/04\/26\/amenaza-de-tiroteo-un-estudiante-y-su-padre-fueron-detenidos-por-intimidaciones-a-una-escuela-de-pergamino\/#respond"]}]},{"@type":"WebPage","@id":"https:\/\/lobosnews.com.ar\/index.php\/2026\/04\/26\/amenaza-de-tiroteo-un-estudiante-y-su-padre-fueron-detenidos-por-intimidaciones-a-una-escuela-de-pergamino\/","url":"https:\/\/lobosnews.com.ar\/index.php\/2026\/04\/26\/amenaza-de-tiroteo-un-estudiante-y-su-padre-fueron-detenidos-por-intimidaciones-a-una-escuela-de-pergamino\/","name":"Amenaza de tiroteo: un estudiante y su padre fueron detenidos por intimidaciones a una escuela de Pergamino - Lobos News","isPartOf":{"@id":"https:\/\/lobosnews.com.ar\/#website"},"primaryImageOfPage":{"@id":"https:\/\/lobosnews.com.ar\/index.php\/2026\/04\/26\/amenaza-de-tiroteo-un-estudiante-y-su-padre-fueron-detenidos-por-intimidaciones-a-una-escuela-de-pergamino\/#primaryimage"},"image":{"@id":"https:\/\/lobosnews.com.ar\/index.php\/2026\/04\/26\/amenaza-de-tiroteo-un-estudiante-y-su-padre-fueron-detenidos-por-intimidaciones-a-una-escuela-de-pergamino\/#primaryimage"},"thumbnailUrl":"https:\/\/lobosnews.com.ar\/wp-content\/uploads\/2026\/04\/amenaza-de-tiroteo-un-estudiante-y-su-padre-fueron-detenidos-por-intimidaciones-a-una-escuela-de-pergamino-2.jpg","datePublished":"2026-04-26T12:38:13+00:00","dateModified":"2026-04-26T14:54:18+00:00","breadcrumb":{"@id":"https:\/\/lobosnews.com.ar\/index.php\/2026\/04\/26\/amenaza-de-tiroteo-un-estudiante-y-su-padre-fueron-detenidos-por-intimidaciones-a-una-escuela-de-pergamino\/#breadcrumb"},"inLanguage":"es","potentialAction":[{"@type":"ReadAction","target":["https:\/\/lobosnews.com.ar\/index.php\/2026\/04\/26\/amenaza-de-tiroteo-un-estudiante-y-su-padre-fueron-detenidos-por-intimidaciones-a-una-escuela-de-pergamino\/"]}]},{"@type":"ImageObject","inLanguage":"es","@id":"https:\/\/lobosnews.com.ar\/index.php\/2026\/04\/26\/amenaza-de-tiroteo-un-estudiante-y-su-padre-fueron-detenidos-por-intimidaciones-a-una-escuela-de-pergamino\/#primaryimage","url":"https:\/\/lobosnews.com.ar\/wp-content\/uploads\/2026\/04\/amenaza-de-tiroteo-un-estudiante-y-su-padre-fueron-detenidos-por-intimidaciones-a-una-escuela-de-pergamino-2.jpg","contentUrl":"https:\/\/lobosnews.com.ar\/wp-content\/uploads\/2026\/04\/amenaza-de-tiroteo-un-estudiante-y-su-padre-fueron-detenidos-por-intimidaciones-a-una-escuela-de-pergamino-2.jpg","width":1195,"height":896,"caption":"Amenaza de tiroteo: un estudiante y su padre fueron detenidos por intimidaciones a una escuela de Pergamino"},{"@type":"BreadcrumbList","@id":"https:\/\/lobosnews.com.ar\/index.php\/2026\/04\/26\/amenaza-de-tiroteo-un-estudiante-y-su-padre-fueron-detenidos-por-intimidaciones-a-una-escuela-de-pergamino\/#breadcrumb","itemListElement":[{"@type":"ListItem","position":1,"name":"Portada","item":"https:\/\/lobosnews.com.ar\/"},{"@type":"ListItem","position":2,"name":"Amenaza de tiroteo: un estudiante y su padre fueron detenidos por intimidaciones a una escuela de Pergamino"}]},{"@type":"WebSite","@id":"https:\/\/lobosnews.com.ar\/#website","url":"https:\/\/lobosnews.com.ar\/","name":"Lobos News","description":"Informaci\u00f3n a cada instante","publisher":{"@id":"https:\/\/lobosnews.com.ar\/#organization"},"potentialAction":[{"@type":"SearchAction","target":{"@type":"EntryPoint","urlTemplate":"https:\/\/lobosnews.com.ar\/?s={search_term_string}"},"query-input":{"@type":"PropertyValueSpecification","valueRequired":true,"valueName":"search_term_string"}}],"inLanguage":"es"},{"@type":"Organization","@id":"https:\/\/lobosnews.com.ar\/#organization","name":"Lobos News","url":"https:\/\/lobosnews.com.ar\/","logo":{"@type":"ImageObject","inLanguage":"es","@id":"https:\/\/lobosnews.com.ar\/#\/schema\/logo\/image\/","url":"https:\/\/lobosnews.com.ar\/wp-content\/uploads\/2026\/01\/logo-lobosnews.png","contentUrl":"https:\/\/lobosnews.com.ar\/wp-content\/uploads\/2026\/01\/logo-lobosnews.png","width":500,"height":200,"caption":"Lobos News"},"image":{"@id":"https:\/\/lobosnews.com.ar\/#\/schema\/logo\/image\/"}},{"@type":"Person","@id":"https:\/\/lobosnews.com.ar\/#\/schema\/person\/232422a593d5c541dd9aef6aaed10943","name":"admin","image":{"@type":"ImageObject","inLanguage":"es","@id":"https:\/\/lobosnews.com.ar\/#\/schema\/person\/image\/","url":"https:\/\/secure.gravatar.com\/avatar\/76e419471a2083bc3ceab22a763dbbf9b0c1bd15a6214cf3280e2c2dde4580f9?s=96&d=mm&r=g","contentUrl":"https:\/\/secure.gravatar.com\/avatar\/76e419471a2083bc3ceab22a763dbbf9b0c1bd15a6214cf3280e2c2dde4580f9?s=96&d=mm&r=g","caption":"admin"},"sameAs":["https:\/\/lobosnews.com.ar"],"url":"https:\/\/lobosnews.com.ar\/index.php\/author\/lobos-news\/"}]}},"jetpack_featured_media_url":"https:\/\/lobosnews.com.ar\/wp-content\/uploads\/2026\/04\/amenaza-de-tiroteo-un-estudiante-y-su-padre-fueron-detenidos-por-intimidaciones-a-una-escuela-de-pergamino-2.jpg","jetpack_sharing_enabled":true,"_links":{"self":[{"href":"https:\/\/lobosnews.com.ar\/index.php\/wp-json\/wp\/v2\/posts\/45727","targetHints":{"allow":["GET"]}}],"collection":[{"href":"https:\/\/lobosnews.com.ar\/index.php\/wp-json\/wp\/v2\/posts"}],"about":[{"href":"https:\/\/lobosnews.com.ar\/index.php\/wp-json\/wp\/v2\/types\/post"}],"author":[{"embeddable":true,"href":"https:\/\/lobosnews.com.ar\/index.php\/wp-json\/wp\/v2\/users\/1"}],"replies":[{"embeddable":true,"href":"https:\/\/lobosnews.com.ar\/index.php\/wp-json\/wp\/v2\/comments?post=45727"}],"version-history":[{"count":1,"href":"https:\/\/lobosnews.com.ar\/index.php\/wp-json\/wp\/v2\/posts\/45727\/revisions"}],"predecessor-version":[{"id":45730,"href":"https:\/\/lobosnews.com.ar\/index.php\/wp-json\/wp\/v2\/posts\/45727\/revisions\/45730"}],"wp:featuredmedia":[{"embeddable":true,"href":"https:\/\/lobosnews.com.ar\/index.php\/wp-json\/wp\/v2\/media\/45731"}],"wp:attachment":[{"href":"https:\/\/lobosnews.com.ar\/index.php\/wp-json\/wp\/v2\/media?parent=45727"}],"wp:term":[{"taxonomy":"category","embeddable":true,"href":"https:\/\/lobosnews.com.ar\/index.php\/wp-json\/wp\/v2\/categories?post=45727"},{"taxonomy":"post_tag","embeddable":true,"href":"https:\/\/lobosnews.com.ar\/index.php\/wp-json\/wp\/v2\/tags?post=45727"}],"curies":[{"name":"wp","href":"https:\/\/api.w.org\/{rel}","templated":true}]}}