{"id":45720,"date":"2026-04-26T13:07:22","date_gmt":"2026-04-26T13:07:22","guid":{"rendered":"https:\/\/lobosnews.com.ar\/index.php\/2026\/04\/26\/detuvieron-a-dos-ladrones-que-asaltaron-una-heladeria-en-el-barrio-porteno-de-parque-patricios-y-escaparon-en-bicicleta\/"},"modified":"2026-04-26T14:54:11","modified_gmt":"2026-04-26T14:54:11","slug":"detuvieron-a-dos-ladrones-que-asaltaron-una-heladeria-en-el-barrio-porteno-de-parque-patricios-y-escaparon-en-bicicleta","status":"publish","type":"post","link":"https:\/\/lobosnews.com.ar\/index.php\/2026\/04\/26\/detuvieron-a-dos-ladrones-que-asaltaron-una-heladeria-en-el-barrio-porteno-de-parque-patricios-y-escaparon-en-bicicleta\/","title":{"rendered":"Detuvieron a dos ladrones que asaltaron una helader\u00eda en el barrio porte\u00f1o de Parque Patricios y escaparon en bicicleta"},"content":{"rendered":"<p>La Polic\u00eda de la Ciudad de Buenos Aires detuvo a <b>dos ladrones<\/b> acusados de haber cometido un <b>violento asalto en una helader\u00eda del barrio de Parque Patricios.<\/b> Uno de los sospechosos cuenta con antecedentes por robo a mano armada, lo que agrava su situaci\u00f3n judicial.<\/p>\n<p>El hecho ocurri\u00f3 en un local ubicado sobre la calle La Rioja al 2100, donde los delincuentes irrumpieron y, mediante amenazas \u2014uno de ellos armado\u2014, sustrajeron dinero en efectivo de la caja registradora y el tel\u00e9fono celular de un cliente que se encontraba en el lugar. Tras concretar el robo, ambos escaparon r\u00e1pidamente a bordo de bicicletas, intentando perderse entre las calles del sur de la Ciudad.<\/p>\n<p><img loading=\"lazy\" decoding=\"async\" src=\"https:\/\/lobosnews.com.ar\/wp-content\/uploads\/2026\/04\/detuvieron-a-dos-ladrones-que-asaltaron-una-heladeria-en-el-barrio-porteno-de-parque-patricios-y-escaparon-en-bicicleta.jpg\" alt=\"La polic\u00eda detuvo a dos hombres sospechosos de haber cometido un robo en una helader\u00eda, quienes fueron captados en diferentes momentos del procedimiento\" height=\"1080\" width=\"1920\"\/><\/p>\n<p>A partir de los datos aportados por testigos, efectivos de la Comisar\u00eda Vecinal 4 A desplegaron un operativo de b\u00fasqueda con apoyo del Centro de Monitoreo Urbano (CMU).<b> Gracias al seguimiento de las c\u00e1maras de seguridad, lograron ubicar a uno de los sospechosos,<\/b> de 50 a\u00f1os, en la avenida Amancio Alcorta al 3000, en el barrio de Nueva Pompeya. All\u00ed fue interceptado y detenido sin que opusiera resistencia.<\/p>\n<p>En paralelo, la Divisi\u00f3n Investigaciones Comunales 4 (DIC4) continu\u00f3 con el rastrillaje para dar con el segundo implicado. Finalmente, el hombre, de 42 a\u00f1os, fue localizado en la calle R\u00edo Cuarto al 3900, en Barracas, donde tambi\u00e9n se concret\u00f3 su detenci\u00f3n.<\/p>\n<p><img loading=\"lazy\" decoding=\"async\" src=\"https:\/\/lobosnews.com.ar\/wp-content\/uploads\/2026\/04\/detuvieron-a-dos-ladrones-que-asaltaron-una-heladeria-en-el-barrio-porteno-de-parque-patricios-y-escaparon-en-bicicleta-1.jpg\" alt=\"Estos dos tel\u00e9fonos m\u00f3viles fueron incautados por la Polic\u00eda, relacionados con la detenci\u00f3n de dos individuos por el robo a una helader\u00eda\" height=\"1079\" width=\"1920\"\/><\/p>\n<p>Al momento de ser requisado, este \u00faltimo llevaba consigo tres tel\u00e9fonos celulares. Uno de ellos estaba bloqueado y hab\u00eda sido previamente denunciado como robado ante el Ente Nacional de Comunicaciones (ENACOM), lo que <b>refuerza las sospechas sobre su participaci\u00f3n en otros hechos delictivos.<\/b><\/p>\n<p>Seg\u00fan fuentes policiales, <b>el detenido posee antecedentes por robo y robo a mano armad<\/b>a, lo que ser\u00e1 tenido en cuenta por la Justicia al momento de avanzar en la causa.<\/p>\n<p><img loading=\"lazy\" decoding=\"async\" src=\"https:\/\/lobosnews.com.ar\/wp-content\/uploads\/2026\/04\/detuvieron-a-dos-ladrones-que-asaltaron-una-heladeria-en-el-barrio-porteno-de-parque-patricios-y-escaparon-en-bicicleta-2.jpg\" alt=\"Las prendas de vestir y los zapatos azules abandonados en el suelo son la evidencia relacionada con los dos sospechosos detenidos por el robo a una helader\u00eda\" height=\"3415\" width=\"1920\"\/><\/p>\n<p>Ambos imputados quedaron a disposici\u00f3n del Juzgado Nacional en lo Criminal y Correccional N\u00b0 60, a cargo del juez Santiago Bignone, con intervenci\u00f3n de la Secretar\u00eda N\u00b0 71, encabezada por Jos\u00e9 Luis Antelo. Desde all\u00ed se dispuso la detenci\u00f3n formal de los acusados y el secuestro de los tel\u00e9fonos celulares como elementos de prueba.<\/p>\n<p>La investigaci\u00f3n contin\u00faa para determinar si los detenidos est\u00e1n vinculados a otros hechos similares en la zona.<\/p>\n<h2>Detuvieron a tres boqueteros en el barrio de Recoleta<\/h2>\n<p>Este s\u00e1bado, <span class=\"waslinkname\"><b>tres boqueteros\u2014dos argentinos y un ciudadano de nacionalidad peruana\u2014 fueron detenidos in fraganti<\/b><\/span><b> <\/b>por la <span class=\"waslinkname\"><b>Polic\u00eda de la Ciudad de Buenos Aires<\/b><\/span> mientras intentaban concretar un robo en un local de loter\u00eda y servicios para hacer transferencias financieras internacionales en el barrio porte\u00f1o de <b>Recoleta.<\/b><\/p>\n<p>El hecho se produjo en la <b>avenida C\u00f3rdoba al 2600<\/b>, donde los delincuentes accedieron a la agencia tras realizar un boquete en la medianera de un comercio de cosm\u00e9tica ubicado al lado.<\/p>\n<p>La intervenci\u00f3n policial se origin\u00f3 por la activaci\u00f3n de la alarma del local de loter\u00eda, donde tambi\u00e9n funciona una agencia de pagos y transferencias internacionales. Al llegar al lugar los oficiales de la <b>Comisar\u00eda Vecinal 2-B <\/b>no advirtieron movimientos sospechosos desde el exterior. Sin embargo, detectaron que la puerta del local de cosm\u00e9tica contiguo estaba entreabierta.<\/p>\n<p><img loading=\"lazy\" decoding=\"async\" src=\"https:\/\/lobosnews.com.ar\/wp-content\/uploads\/2026\/04\/detuvieron-a-dos-ladrones-que-asaltaron-una-heladeria-en-el-barrio-porteno-de-parque-patricios-y-escaparon-en-bicicleta-3.jpg\" alt=\"Delincuentes hicieron un boquete en la pared de un local de loter\u00eda y transferencias internacionales del barrio de Recoleta\" height=\"2560\" width=\"1920\"\/><\/p>\n<p>Cuando ingresaron, los efectivos descubrieron a dos hombres junto a un boquete abierto en la pared que comunicaba ambos comercios; uno de ellos portaba una maza, que fue la herramienta utilizada para romper la pared que divide a los dos negocios.<\/p>\n<p>El agujero hab\u00eda sido realizado a ras del piso, con dimensiones suficientes para permitir el paso de una persona. Los polic\u00edas accedieron por el boquete y, ya dentro del local de loter\u00eda, encontraron al tercer integrante de la banda en medio de un desorden generalizado, con papeles, cajas y muebles desplazados.<\/p>\n<p>Los uniformados constataron que<b> dos de los detenidos llevaban en su poder casi dos millones de pesos<\/b>, suma que hab\u00eda sido sustra\u00edda de la caja registradora del local.<\/p>\n","protected":false},"excerpt":{"rendered":"<p>La Polic\u00eda de la Ciudad de Buenos Aires detuvo a dos ladrones acusados de haber cometido un violento asalto en una helader\u00eda del barrio de Parque Patricios. Uno de los sospechosos cuenta con antecedentes por robo a mano armada, lo que agrava su situaci\u00f3n judicial. El hecho ocurri\u00f3 en un local ubicado sobre la calle&#8230;<\/p>\n","protected":false},"author":1,"featured_media":45726,"comment_status":"open","ping_status":"closed","sticky":false,"template":"","format":"standard","meta":{"_jetpack_memberships_contains_paid_content":false,"footnotes":""},"categories":[31,30,32,77,84,35,36,37],"tags":[],"class_list":["post-45720","post","type-post","status-publish","format-standard","has-post-thumbnail","hentry","category-actualidad","category-argentina","category-economia","category-inseguridad","category-masradios-com","category-nacionales","category-seguridad","category-sociedad"],"magazineBlocksPostFeaturedMedia":{"thumbnail":"https:\/\/lobosnews.com.ar\/wp-content\/uploads\/2026\/04\/detuvieron-a-dos-ladrones-que-asaltaron-una-heladeria-en-el-barrio-porteno-de-parque-patricios-y-escaparon-en-bicicleta-6-150x150.jpg","medium":"https:\/\/lobosnews.com.ar\/wp-content\/uploads\/2026\/04\/detuvieron-a-dos-ladrones-que-asaltaron-una-heladeria-en-el-barrio-porteno-de-parque-patricios-y-escaparon-en-bicicleta-6-225x300.jpg","medium_large":"https:\/\/lobosnews.com.ar\/wp-content\/uploads\/2026\/04\/detuvieron-a-dos-ladrones-que-asaltaron-una-heladeria-en-el-barrio-porteno-de-parque-patricios-y-escaparon-en-bicicleta-6-768x1024.jpg","large":"https:\/\/lobosnews.com.ar\/wp-content\/uploads\/2026\/04\/detuvieron-a-dos-ladrones-que-asaltaron-una-heladeria-en-el-barrio-porteno-de-parque-patricios-y-escaparon-en-bicicleta-6-768x1024.jpg","1536x1536":"https:\/\/lobosnews.com.ar\/wp-content\/uploads\/2026\/04\/detuvieron-a-dos-ladrones-que-asaltaron-una-heladeria-en-el-barrio-porteno-de-parque-patricios-y-escaparon-en-bicicleta-6-1152x1536.jpg","2048x2048":"https:\/\/lobosnews.com.ar\/wp-content\/uploads\/2026\/04\/detuvieron-a-dos-ladrones-que-asaltaron-una-heladeria-en-el-barrio-porteno-de-parque-patricios-y-escaparon-en-bicicleta-6-1536x2048.jpg","newsmatic-featured":"https:\/\/lobosnews.com.ar\/wp-content\/uploads\/2026\/04\/detuvieron-a-dos-ladrones-que-asaltaron-una-heladeria-en-el-barrio-porteno-de-parque-patricios-y-escaparon-en-bicicleta-6-820x545.jpg","newsmatic-list":"https:\/\/lobosnews.com.ar\/wp-content\/uploads\/2026\/04\/detuvieron-a-dos-ladrones-que-asaltaron-una-heladeria-en-el-barrio-porteno-de-parque-patricios-y-escaparon-en-bicicleta-6-600x400.jpg","newsmatic-thumb":"https:\/\/lobosnews.com.ar\/wp-content\/uploads\/2026\/04\/detuvieron-a-dos-ladrones-que-asaltaron-una-heladeria-en-el-barrio-porteno-de-parque-patricios-y-escaparon-en-bicicleta-6-300x200.jpg","newsmatic-small":"https:\/\/lobosnews.com.ar\/wp-content\/uploads\/2026\/04\/detuvieron-a-dos-ladrones-que-asaltaron-una-heladeria-en-el-barrio-porteno-de-parque-patricios-y-escaparon-en-bicicleta-6-150x95.jpg","newsmatic-grid":"https:\/\/lobosnews.com.ar\/wp-content\/uploads\/2026\/04\/detuvieron-a-dos-ladrones-que-asaltaron-una-heladeria-en-el-barrio-porteno-de-parque-patricios-y-escaparon-en-bicicleta-6-400x250.jpg"},"magazineBlocksPostAuthor":{"name":"admin","avatar":"https:\/\/secure.gravatar.com\/avatar\/76e419471a2083bc3ceab22a763dbbf9b0c1bd15a6214cf3280e2c2dde4580f9?s=96&d=mm&r=g"},"magazineBlocksPostCommentsNumber":"0","magazineBlocksPostExcerpt":"La Polic\u00eda de la Ciudad de Buenos Aires detuvo a dos ladrones acusados de haber cometido un violento asalto en una helader\u00eda del barrio de Parque Patricios. Uno de los sospechosos cuenta con antecedentes por robo a mano armada, lo que agrava su situaci\u00f3n judicial. El hecho ocurri\u00f3 en un local ubicado sobre la calle...","magazineBlocksPostCategories":["Actualidad","Argentina","econom\u00eda","inseguridad","masradios.com","nacionales","seguridad","sociedad"],"magazineBlocksPostViewCount":1,"magazineBlocksPostReadTime":4,"magazine_blocks_featured_image_url":{"full":["https:\/\/lobosnews.com.ar\/wp-content\/uploads\/2026\/04\/detuvieron-a-dos-ladrones-que-asaltaron-una-heladeria-en-el-barrio-porteno-de-parque-patricios-y-escaparon-en-bicicleta-6.jpg",1920,2560,false],"medium":["https:\/\/lobosnews.com.ar\/wp-content\/uploads\/2026\/04\/detuvieron-a-dos-ladrones-que-asaltaron-una-heladeria-en-el-barrio-porteno-de-parque-patricios-y-escaparon-en-bicicleta-6-225x300.jpg",225,300,true],"thumbnail":["https:\/\/lobosnews.com.ar\/wp-content\/uploads\/2026\/04\/detuvieron-a-dos-ladrones-que-asaltaron-una-heladeria-en-el-barrio-porteno-de-parque-patricios-y-escaparon-en-bicicleta-6-150x150.jpg",150,150,true]},"magazine_blocks_author":{"display_name":"admin","author_link":"https:\/\/lobosnews.com.ar\/index.php\/author\/lobos-news\/"},"magazine_blocks_comment":0,"magazine_blocks_author_image":"https:\/\/secure.gravatar.com\/avatar\/76e419471a2083bc3ceab22a763dbbf9b0c1bd15a6214cf3280e2c2dde4580f9?s=96&d=mm&r=g","magazine_blocks_category":"<a href=\"#\" class=\"category-link category-link-31\">Actualidad<\/a> <a href=\"#\" class=\"category-link category-link-30\">Argentina<\/a> <a href=\"#\" class=\"category-link category-link-32\">econom\u00eda<\/a> <a href=\"#\" class=\"category-link category-link-77\">inseguridad<\/a> <a href=\"#\" class=\"category-link category-link-84\">masradios.com<\/a> <a href=\"#\" class=\"category-link category-link-35\">nacionales<\/a> <a href=\"#\" class=\"category-link category-link-36\">seguridad<\/a> <a href=\"#\" class=\"category-link category-link-37\">sociedad<\/a>","yoast_head":"<!-- This site is optimized with the Yoast SEO plugin v26.6 - https:\/\/yoast.com\/wordpress\/plugins\/seo\/ -->\n<title>Detuvieron a dos ladrones que asaltaron una helader\u00eda en el barrio porte\u00f1o de Parque Patricios y escaparon en bicicleta - Lobos News<\/title>\n<meta name=\"robots\" content=\"index, follow, max-snippet:-1, max-image-preview:large, max-video-preview:-1\" \/>\n<link rel=\"canonical\" href=\"https:\/\/lobosnews.com.ar\/index.php\/2026\/04\/26\/detuvieron-a-dos-ladrones-que-asaltaron-una-heladeria-en-el-barrio-porteno-de-parque-patricios-y-escaparon-en-bicicleta\/\" \/>\n<meta property=\"og:locale\" content=\"es_ES\" \/>\n<meta property=\"og:type\" content=\"article\" \/>\n<meta property=\"og:title\" content=\"Detuvieron a dos ladrones que asaltaron una helader\u00eda en el barrio porte\u00f1o de Parque Patricios y escaparon en bicicleta - Lobos News\" \/>\n<meta property=\"og:description\" content=\"La Polic\u00eda de la Ciudad de Buenos Aires detuvo a dos ladrones acusados de haber cometido un violento asalto en una helader\u00eda del barrio de Parque Patricios. Uno de los sospechosos cuenta con antecedentes por robo a mano armada, lo que agrava su situaci\u00f3n judicial. El hecho ocurri\u00f3 en un local ubicado sobre la calle...\" \/>\n<meta property=\"og:url\" content=\"https:\/\/lobosnews.com.ar\/index.php\/2026\/04\/26\/detuvieron-a-dos-ladrones-que-asaltaron-una-heladeria-en-el-barrio-porteno-de-parque-patricios-y-escaparon-en-bicicleta\/\" \/>\n<meta property=\"og:site_name\" content=\"Lobos News\" \/>\n<meta property=\"article:published_time\" content=\"2026-04-26T13:07:22+00:00\" \/>\n<meta property=\"article:modified_time\" content=\"2026-04-26T14:54:11+00:00\" \/>\n<meta property=\"og:image\" content=\"https:\/\/lobosnews.com.ar\/wp-content\/uploads\/2026\/04\/detuvieron-a-dos-ladrones-que-asaltaron-una-heladeria-en-el-barrio-porteno-de-parque-patricios-y-escaparon-en-bicicleta.jpg\" \/>\n<meta name=\"author\" content=\"admin\" \/>\n<meta name=\"twitter:card\" content=\"summary_large_image\" \/>\n<meta name=\"twitter:label1\" content=\"Escrito por\" \/>\n\t<meta name=\"twitter:data1\" content=\"admin\" \/>\n\t<meta name=\"twitter:label2\" content=\"Tiempo de lectura\" \/>\n\t<meta name=\"twitter:data2\" content=\"3 minutos\" \/>\n<script type=\"application\/ld+json\" class=\"yoast-schema-graph\">{\"@context\":\"https:\/\/schema.org\",\"@graph\":[{\"@type\":\"Article\",\"@id\":\"https:\/\/lobosnews.com.ar\/index.php\/2026\/04\/26\/detuvieron-a-dos-ladrones-que-asaltaron-una-heladeria-en-el-barrio-porteno-de-parque-patricios-y-escaparon-en-bicicleta\/#article\",\"isPartOf\":{\"@id\":\"https:\/\/lobosnews.com.ar\/index.php\/2026\/04\/26\/detuvieron-a-dos-ladrones-que-asaltaron-una-heladeria-en-el-barrio-porteno-de-parque-patricios-y-escaparon-en-bicicleta\/\"},\"author\":{\"name\":\"admin\",\"@id\":\"https:\/\/lobosnews.com.ar\/#\/schema\/person\/232422a593d5c541dd9aef6aaed10943\"},\"headline\":\"Detuvieron a dos ladrones que asaltaron una helader\u00eda en el barrio porte\u00f1o de Parque Patricios y escaparon en bicicleta\",\"datePublished\":\"2026-04-26T13:07:22+00:00\",\"dateModified\":\"2026-04-26T14:54:11+00:00\",\"mainEntityOfPage\":{\"@id\":\"https:\/\/lobosnews.com.ar\/index.php\/2026\/04\/26\/detuvieron-a-dos-ladrones-que-asaltaron-una-heladeria-en-el-barrio-porteno-de-parque-patricios-y-escaparon-en-bicicleta\/\"},\"wordCount\":684,\"commentCount\":0,\"publisher\":{\"@id\":\"https:\/\/lobosnews.com.ar\/#organization\"},\"image\":{\"@id\":\"https:\/\/lobosnews.com.ar\/index.php\/2026\/04\/26\/detuvieron-a-dos-ladrones-que-asaltaron-una-heladeria-en-el-barrio-porteno-de-parque-patricios-y-escaparon-en-bicicleta\/#primaryimage\"},\"thumbnailUrl\":\"https:\/\/lobosnews.com.ar\/wp-content\/uploads\/2026\/04\/detuvieron-a-dos-ladrones-que-asaltaron-una-heladeria-en-el-barrio-porteno-de-parque-patricios-y-escaparon-en-bicicleta-6.jpg\",\"articleSection\":[\"Actualidad\",\"Argentina\",\"econom\u00eda\",\"inseguridad\",\"masradios.com\",\"nacionales\",\"seguridad\",\"sociedad\"],\"inLanguage\":\"es\",\"potentialAction\":[{\"@type\":\"CommentAction\",\"name\":\"Comment\",\"target\":[\"https:\/\/lobosnews.com.ar\/index.php\/2026\/04\/26\/detuvieron-a-dos-ladrones-que-asaltaron-una-heladeria-en-el-barrio-porteno-de-parque-patricios-y-escaparon-en-bicicleta\/#respond\"]}]},{\"@type\":\"WebPage\",\"@id\":\"https:\/\/lobosnews.com.ar\/index.php\/2026\/04\/26\/detuvieron-a-dos-ladrones-que-asaltaron-una-heladeria-en-el-barrio-porteno-de-parque-patricios-y-escaparon-en-bicicleta\/\",\"url\":\"https:\/\/lobosnews.com.ar\/index.php\/2026\/04\/26\/detuvieron-a-dos-ladrones-que-asaltaron-una-heladeria-en-el-barrio-porteno-de-parque-patricios-y-escaparon-en-bicicleta\/\",\"name\":\"Detuvieron a dos ladrones que asaltaron una helader\u00eda en el barrio porte\u00f1o de Parque Patricios y escaparon en bicicleta - Lobos News\",\"isPartOf\":{\"@id\":\"https:\/\/lobosnews.com.ar\/#website\"},\"primaryImageOfPage\":{\"@id\":\"https:\/\/lobosnews.com.ar\/index.php\/2026\/04\/26\/detuvieron-a-dos-ladrones-que-asaltaron-una-heladeria-en-el-barrio-porteno-de-parque-patricios-y-escaparon-en-bicicleta\/#primaryimage\"},\"image\":{\"@id\":\"https:\/\/lobosnews.com.ar\/index.php\/2026\/04\/26\/detuvieron-a-dos-ladrones-que-asaltaron-una-heladeria-en-el-barrio-porteno-de-parque-patricios-y-escaparon-en-bicicleta\/#primaryimage\"},\"thumbnailUrl\":\"https:\/\/lobosnews.com.ar\/wp-content\/uploads\/2026\/04\/detuvieron-a-dos-ladrones-que-asaltaron-una-heladeria-en-el-barrio-porteno-de-parque-patricios-y-escaparon-en-bicicleta-6.jpg\",\"datePublished\":\"2026-04-26T13:07:22+00:00\",\"dateModified\":\"2026-04-26T14:54:11+00:00\",\"breadcrumb\":{\"@id\":\"https:\/\/lobosnews.com.ar\/index.php\/2026\/04\/26\/detuvieron-a-dos-ladrones-que-asaltaron-una-heladeria-en-el-barrio-porteno-de-parque-patricios-y-escaparon-en-bicicleta\/#breadcrumb\"},\"inLanguage\":\"es\",\"potentialAction\":[{\"@type\":\"ReadAction\",\"target\":[\"https:\/\/lobosnews.com.ar\/index.php\/2026\/04\/26\/detuvieron-a-dos-ladrones-que-asaltaron-una-heladeria-en-el-barrio-porteno-de-parque-patricios-y-escaparon-en-bicicleta\/\"]}]},{\"@type\":\"ImageObject\",\"inLanguage\":\"es\",\"@id\":\"https:\/\/lobosnews.com.ar\/index.php\/2026\/04\/26\/detuvieron-a-dos-ladrones-que-asaltaron-una-heladeria-en-el-barrio-porteno-de-parque-patricios-y-escaparon-en-bicicleta\/#primaryimage\",\"url\":\"https:\/\/lobosnews.com.ar\/wp-content\/uploads\/2026\/04\/detuvieron-a-dos-ladrones-que-asaltaron-una-heladeria-en-el-barrio-porteno-de-parque-patricios-y-escaparon-en-bicicleta-6.jpg\",\"contentUrl\":\"https:\/\/lobosnews.com.ar\/wp-content\/uploads\/2026\/04\/detuvieron-a-dos-ladrones-que-asaltaron-una-heladeria-en-el-barrio-porteno-de-parque-patricios-y-escaparon-en-bicicleta-6.jpg\",\"width\":1920,\"height\":2560,\"caption\":\"Detuvieron a dos ladrones que asaltaron una helader\u00eda en el barrio porte\u00f1o de Parque Patricios y escaparon en bicicleta\"},{\"@type\":\"BreadcrumbList\",\"@id\":\"https:\/\/lobosnews.com.ar\/index.php\/2026\/04\/26\/detuvieron-a-dos-ladrones-que-asaltaron-una-heladeria-en-el-barrio-porteno-de-parque-patricios-y-escaparon-en-bicicleta\/#breadcrumb\",\"itemListElement\":[{\"@type\":\"ListItem\",\"position\":1,\"name\":\"Portada\",\"item\":\"https:\/\/lobosnews.com.ar\/\"},{\"@type\":\"ListItem\",\"position\":2,\"name\":\"Detuvieron a dos ladrones que asaltaron una helader\u00eda en el barrio porte\u00f1o de Parque Patricios y escaparon en bicicleta\"}]},{\"@type\":\"WebSite\",\"@id\":\"https:\/\/lobosnews.com.ar\/#website\",\"url\":\"https:\/\/lobosnews.com.ar\/\",\"name\":\"Lobos News\",\"description\":\"Informaci\u00f3n a cada instante\",\"publisher\":{\"@id\":\"https:\/\/lobosnews.com.ar\/#organization\"},\"potentialAction\":[{\"@type\":\"SearchAction\",\"target\":{\"@type\":\"EntryPoint\",\"urlTemplate\":\"https:\/\/lobosnews.com.ar\/?s={search_term_string}\"},\"query-input\":{\"@type\":\"PropertyValueSpecification\",\"valueRequired\":true,\"valueName\":\"search_term_string\"}}],\"inLanguage\":\"es\"},{\"@type\":\"Organization\",\"@id\":\"https:\/\/lobosnews.com.ar\/#organization\",\"name\":\"Lobos News\",\"url\":\"https:\/\/lobosnews.com.ar\/\",\"logo\":{\"@type\":\"ImageObject\",\"inLanguage\":\"es\",\"@id\":\"https:\/\/lobosnews.com.ar\/#\/schema\/logo\/image\/\",\"url\":\"https:\/\/lobosnews.com.ar\/wp-content\/uploads\/2026\/01\/logo-lobosnews.png\",\"contentUrl\":\"https:\/\/lobosnews.com.ar\/wp-content\/uploads\/2026\/01\/logo-lobosnews.png\",\"width\":500,\"height\":200,\"caption\":\"Lobos News\"},\"image\":{\"@id\":\"https:\/\/lobosnews.com.ar\/#\/schema\/logo\/image\/\"}},{\"@type\":\"Person\",\"@id\":\"https:\/\/lobosnews.com.ar\/#\/schema\/person\/232422a593d5c541dd9aef6aaed10943\",\"name\":\"admin\",\"image\":{\"@type\":\"ImageObject\",\"inLanguage\":\"es\",\"@id\":\"https:\/\/lobosnews.com.ar\/#\/schema\/person\/image\/\",\"url\":\"https:\/\/secure.gravatar.com\/avatar\/76e419471a2083bc3ceab22a763dbbf9b0c1bd15a6214cf3280e2c2dde4580f9?s=96&d=mm&r=g\",\"contentUrl\":\"https:\/\/secure.gravatar.com\/avatar\/76e419471a2083bc3ceab22a763dbbf9b0c1bd15a6214cf3280e2c2dde4580f9?s=96&d=mm&r=g\",\"caption\":\"admin\"},\"sameAs\":[\"https:\/\/lobosnews.com.ar\"],\"url\":\"https:\/\/lobosnews.com.ar\/index.php\/author\/lobos-news\/\"}]}<\/script>\n<!-- \/ Yoast SEO plugin. -->","yoast_head_json":{"title":"Detuvieron a dos ladrones que asaltaron una helader\u00eda en el barrio porte\u00f1o de Parque Patricios y escaparon en bicicleta - Lobos News","robots":{"index":"index","follow":"follow","max-snippet":"max-snippet:-1","max-image-preview":"max-image-preview:large","max-video-preview":"max-video-preview:-1"},"canonical":"https:\/\/lobosnews.com.ar\/index.php\/2026\/04\/26\/detuvieron-a-dos-ladrones-que-asaltaron-una-heladeria-en-el-barrio-porteno-de-parque-patricios-y-escaparon-en-bicicleta\/","og_locale":"es_ES","og_type":"article","og_title":"Detuvieron a dos ladrones que asaltaron una helader\u00eda en el barrio porte\u00f1o de Parque Patricios y escaparon en bicicleta - Lobos News","og_description":"La Polic\u00eda de la Ciudad de Buenos Aires detuvo a dos ladrones acusados de haber cometido un violento asalto en una helader\u00eda del barrio de Parque Patricios. Uno de los sospechosos cuenta con antecedentes por robo a mano armada, lo que agrava su situaci\u00f3n judicial. El hecho ocurri\u00f3 en un local ubicado sobre la calle...","og_url":"https:\/\/lobosnews.com.ar\/index.php\/2026\/04\/26\/detuvieron-a-dos-ladrones-que-asaltaron-una-heladeria-en-el-barrio-porteno-de-parque-patricios-y-escaparon-en-bicicleta\/","og_site_name":"Lobos News","article_published_time":"2026-04-26T13:07:22+00:00","article_modified_time":"2026-04-26T14:54:11+00:00","og_image":[{"url":"https:\/\/lobosnews.com.ar\/wp-content\/uploads\/2026\/04\/detuvieron-a-dos-ladrones-que-asaltaron-una-heladeria-en-el-barrio-porteno-de-parque-patricios-y-escaparon-en-bicicleta.jpg","type":"","width":"","height":""}],"author":"admin","twitter_card":"summary_large_image","twitter_misc":{"Escrito por":"admin","Tiempo de lectura":"3 minutos"},"schema":{"@context":"https:\/\/schema.org","@graph":[{"@type":"Article","@id":"https:\/\/lobosnews.com.ar\/index.php\/2026\/04\/26\/detuvieron-a-dos-ladrones-que-asaltaron-una-heladeria-en-el-barrio-porteno-de-parque-patricios-y-escaparon-en-bicicleta\/#article","isPartOf":{"@id":"https:\/\/lobosnews.com.ar\/index.php\/2026\/04\/26\/detuvieron-a-dos-ladrones-que-asaltaron-una-heladeria-en-el-barrio-porteno-de-parque-patricios-y-escaparon-en-bicicleta\/"},"author":{"name":"admin","@id":"https:\/\/lobosnews.com.ar\/#\/schema\/person\/232422a593d5c541dd9aef6aaed10943"},"headline":"Detuvieron a dos ladrones que asaltaron una helader\u00eda en el barrio porte\u00f1o de Parque Patricios y escaparon en bicicleta","datePublished":"2026-04-26T13:07:22+00:00","dateModified":"2026-04-26T14:54:11+00:00","mainEntityOfPage":{"@id":"https:\/\/lobosnews.com.ar\/index.php\/2026\/04\/26\/detuvieron-a-dos-ladrones-que-asaltaron-una-heladeria-en-el-barrio-porteno-de-parque-patricios-y-escaparon-en-bicicleta\/"},"wordCount":684,"commentCount":0,"publisher":{"@id":"https:\/\/lobosnews.com.ar\/#organization"},"image":{"@id":"https:\/\/lobosnews.com.ar\/index.php\/2026\/04\/26\/detuvieron-a-dos-ladrones-que-asaltaron-una-heladeria-en-el-barrio-porteno-de-parque-patricios-y-escaparon-en-bicicleta\/#primaryimage"},"thumbnailUrl":"https:\/\/lobosnews.com.ar\/wp-content\/uploads\/2026\/04\/detuvieron-a-dos-ladrones-que-asaltaron-una-heladeria-en-el-barrio-porteno-de-parque-patricios-y-escaparon-en-bicicleta-6.jpg","articleSection":["Actualidad","Argentina","econom\u00eda","inseguridad","masradios.com","nacionales","seguridad","sociedad"],"inLanguage":"es","potentialAction":[{"@type":"CommentAction","name":"Comment","target":["https:\/\/lobosnews.com.ar\/index.php\/2026\/04\/26\/detuvieron-a-dos-ladrones-que-asaltaron-una-heladeria-en-el-barrio-porteno-de-parque-patricios-y-escaparon-en-bicicleta\/#respond"]}]},{"@type":"WebPage","@id":"https:\/\/lobosnews.com.ar\/index.php\/2026\/04\/26\/detuvieron-a-dos-ladrones-que-asaltaron-una-heladeria-en-el-barrio-porteno-de-parque-patricios-y-escaparon-en-bicicleta\/","url":"https:\/\/lobosnews.com.ar\/index.php\/2026\/04\/26\/detuvieron-a-dos-ladrones-que-asaltaron-una-heladeria-en-el-barrio-porteno-de-parque-patricios-y-escaparon-en-bicicleta\/","name":"Detuvieron a dos ladrones que asaltaron una helader\u00eda en el barrio porte\u00f1o de Parque Patricios y escaparon en bicicleta - Lobos News","isPartOf":{"@id":"https:\/\/lobosnews.com.ar\/#website"},"primaryImageOfPage":{"@id":"https:\/\/lobosnews.com.ar\/index.php\/2026\/04\/26\/detuvieron-a-dos-ladrones-que-asaltaron-una-heladeria-en-el-barrio-porteno-de-parque-patricios-y-escaparon-en-bicicleta\/#primaryimage"},"image":{"@id":"https:\/\/lobosnews.com.ar\/index.php\/2026\/04\/26\/detuvieron-a-dos-ladrones-que-asaltaron-una-heladeria-en-el-barrio-porteno-de-parque-patricios-y-escaparon-en-bicicleta\/#primaryimage"},"thumbnailUrl":"https:\/\/lobosnews.com.ar\/wp-content\/uploads\/2026\/04\/detuvieron-a-dos-ladrones-que-asaltaron-una-heladeria-en-el-barrio-porteno-de-parque-patricios-y-escaparon-en-bicicleta-6.jpg","datePublished":"2026-04-26T13:07:22+00:00","dateModified":"2026-04-26T14:54:11+00:00","breadcrumb":{"@id":"https:\/\/lobosnews.com.ar\/index.php\/2026\/04\/26\/detuvieron-a-dos-ladrones-que-asaltaron-una-heladeria-en-el-barrio-porteno-de-parque-patricios-y-escaparon-en-bicicleta\/#breadcrumb"},"inLanguage":"es","potentialAction":[{"@type":"ReadAction","target":["https:\/\/lobosnews.com.ar\/index.php\/2026\/04\/26\/detuvieron-a-dos-ladrones-que-asaltaron-una-heladeria-en-el-barrio-porteno-de-parque-patricios-y-escaparon-en-bicicleta\/"]}]},{"@type":"ImageObject","inLanguage":"es","@id":"https:\/\/lobosnews.com.ar\/index.php\/2026\/04\/26\/detuvieron-a-dos-ladrones-que-asaltaron-una-heladeria-en-el-barrio-porteno-de-parque-patricios-y-escaparon-en-bicicleta\/#primaryimage","url":"https:\/\/lobosnews.com.ar\/wp-content\/uploads\/2026\/04\/detuvieron-a-dos-ladrones-que-asaltaron-una-heladeria-en-el-barrio-porteno-de-parque-patricios-y-escaparon-en-bicicleta-6.jpg","contentUrl":"https:\/\/lobosnews.com.ar\/wp-content\/uploads\/2026\/04\/detuvieron-a-dos-ladrones-que-asaltaron-una-heladeria-en-el-barrio-porteno-de-parque-patricios-y-escaparon-en-bicicleta-6.jpg","width":1920,"height":2560,"caption":"Detuvieron a dos ladrones que asaltaron una helader\u00eda en el barrio porte\u00f1o de Parque Patricios y escaparon en bicicleta"},{"@type":"BreadcrumbList","@id":"https:\/\/lobosnews.com.ar\/index.php\/2026\/04\/26\/detuvieron-a-dos-ladrones-que-asaltaron-una-heladeria-en-el-barrio-porteno-de-parque-patricios-y-escaparon-en-bicicleta\/#breadcrumb","itemListElement":[{"@type":"ListItem","position":1,"name":"Portada","item":"https:\/\/lobosnews.com.ar\/"},{"@type":"ListItem","position":2,"name":"Detuvieron a dos ladrones que asaltaron una helader\u00eda en el barrio porte\u00f1o de Parque Patricios y escaparon en bicicleta"}]},{"@type":"WebSite","@id":"https:\/\/lobosnews.com.ar\/#website","url":"https:\/\/lobosnews.com.ar\/","name":"Lobos News","description":"Informaci\u00f3n a cada instante","publisher":{"@id":"https:\/\/lobosnews.com.ar\/#organization"},"potentialAction":[{"@type":"SearchAction","target":{"@type":"EntryPoint","urlTemplate":"https:\/\/lobosnews.com.ar\/?s={search_term_string}"},"query-input":{"@type":"PropertyValueSpecification","valueRequired":true,"valueName":"search_term_string"}}],"inLanguage":"es"},{"@type":"Organization","@id":"https:\/\/lobosnews.com.ar\/#organization","name":"Lobos News","url":"https:\/\/lobosnews.com.ar\/","logo":{"@type":"ImageObject","inLanguage":"es","@id":"https:\/\/lobosnews.com.ar\/#\/schema\/logo\/image\/","url":"https:\/\/lobosnews.com.ar\/wp-content\/uploads\/2026\/01\/logo-lobosnews.png","contentUrl":"https:\/\/lobosnews.com.ar\/wp-content\/uploads\/2026\/01\/logo-lobosnews.png","width":500,"height":200,"caption":"Lobos News"},"image":{"@id":"https:\/\/lobosnews.com.ar\/#\/schema\/logo\/image\/"}},{"@type":"Person","@id":"https:\/\/lobosnews.com.ar\/#\/schema\/person\/232422a593d5c541dd9aef6aaed10943","name":"admin","image":{"@type":"ImageObject","inLanguage":"es","@id":"https:\/\/lobosnews.com.ar\/#\/schema\/person\/image\/","url":"https:\/\/secure.gravatar.com\/avatar\/76e419471a2083bc3ceab22a763dbbf9b0c1bd15a6214cf3280e2c2dde4580f9?s=96&d=mm&r=g","contentUrl":"https:\/\/secure.gravatar.com\/avatar\/76e419471a2083bc3ceab22a763dbbf9b0c1bd15a6214cf3280e2c2dde4580f9?s=96&d=mm&r=g","caption":"admin"},"sameAs":["https:\/\/lobosnews.com.ar"],"url":"https:\/\/lobosnews.com.ar\/index.php\/author\/lobos-news\/"}]}},"jetpack_featured_media_url":"https:\/\/lobosnews.com.ar\/wp-content\/uploads\/2026\/04\/detuvieron-a-dos-ladrones-que-asaltaron-una-heladeria-en-el-barrio-porteno-de-parque-patricios-y-escaparon-en-bicicleta-6.jpg","jetpack_sharing_enabled":true,"_links":{"self":[{"href":"https:\/\/lobosnews.com.ar\/index.php\/wp-json\/wp\/v2\/posts\/45720","targetHints":{"allow":["GET"]}}],"collection":[{"href":"https:\/\/lobosnews.com.ar\/index.php\/wp-json\/wp\/v2\/posts"}],"about":[{"href":"https:\/\/lobosnews.com.ar\/index.php\/wp-json\/wp\/v2\/types\/post"}],"author":[{"embeddable":true,"href":"https:\/\/lobosnews.com.ar\/index.php\/wp-json\/wp\/v2\/users\/1"}],"replies":[{"embeddable":true,"href":"https:\/\/lobosnews.com.ar\/index.php\/wp-json\/wp\/v2\/comments?post=45720"}],"version-history":[{"count":1,"href":"https:\/\/lobosnews.com.ar\/index.php\/wp-json\/wp\/v2\/posts\/45720\/revisions"}],"predecessor-version":[{"id":45725,"href":"https:\/\/lobosnews.com.ar\/index.php\/wp-json\/wp\/v2\/posts\/45720\/revisions\/45725"}],"wp:featuredmedia":[{"embeddable":true,"href":"https:\/\/lobosnews.com.ar\/index.php\/wp-json\/wp\/v2\/media\/45726"}],"wp:attachment":[{"href":"https:\/\/lobosnews.com.ar\/index.php\/wp-json\/wp\/v2\/media?parent=45720"}],"wp:term":[{"taxonomy":"category","embeddable":true,"href":"https:\/\/lobosnews.com.ar\/index.php\/wp-json\/wp\/v2\/categories?post=45720"},{"taxonomy":"post_tag","embeddable":true,"href":"https:\/\/lobosnews.com.ar\/index.php\/wp-json\/wp\/v2\/tags?post=45720"}],"curies":[{"name":"wp","href":"https:\/\/api.w.org\/{rel}","templated":true}]}}