{"id":45665,"date":"2026-04-26T09:30:54","date_gmt":"2026-04-26T09:30:54","guid":{"rendered":"https:\/\/lobosnews.com.ar\/index.php\/2026\/04\/26\/fey-regresa-a-argentina-su-amor-por-el-mate-su-vinculo-con-el-pais-y-el-consejo-que-le-daria-a-lali-esposito\/"},"modified":"2026-04-26T14:45:26","modified_gmt":"2026-04-26T14:45:26","slug":"fey-regresa-a-argentina-su-amor-por-el-mate-su-vinculo-con-el-pais-y-el-consejo-que-le-daria-a-lali-esposito","status":"publish","type":"post","link":"https:\/\/lobosnews.com.ar\/index.php\/2026\/04\/26\/fey-regresa-a-argentina-su-amor-por-el-mate-su-vinculo-con-el-pais-y-el-consejo-que-le-daria-a-lali-esposito\/","title":{"rendered":"Fey regresa a Argentina: su amor por el mate, su v\u00ednculo con el pa\u00eds y el consejo que le dar\u00eda a Lali Esp\u00f3sito"},"content":{"rendered":"<p><img loading=\"lazy\" decoding=\"async\" src=\"https:\/\/lobosnews.com.ar\/wp-content\/uploads\/2026\/04\/fey-regresa-a-argentina-su-amor-por-el-mate-su-vinculo-con-el-pais-y-el-consejo-que-le-daria-a-lali-esposito.jpg\" alt=\"La cantante mexicana destaca la importancia de Argentina y la conexi\u00f3n con sus recuerdos familiares porte\u00f1os (Prensa Fey)\" height=\"984\" width=\"1750\"\/><\/p>\n<p>Pasaron cerca de 20 a\u00f1os de su \u00faltima visita, sin embargo, su amor por Argentina sigue intacto. En las calles, en las radios o en las plataformas, los \u00e9xitos de <span class=\"waslinkname\"><b>Fey<\/b><\/span>, como \u201c<b>Az\u00facar amargo<\/b>\u201d, no dejan de sonar. Es por eso que, a horas de su show en Buenos Aires, la nostalgia y la emoci\u00f3n invaden a la estrella pop.<\/p>\n<p>Mientras recorre las calles, los recuerdos y las frases de su madre, porte\u00f1a hasta la m\u00e9dula, hacen eco en su cabeza. En paralelo, ella ultima detalles para su show, este <b>lunes 27 de abril en el Gran Rex. <\/b>Esa noche, hits como \u201cMedia Naranja\u201d y \u201cNi tu ni Nadie\u201d volver\u00e1n a vibrar como a\u00f1os atr\u00e1s.<\/p>\n<p>En ese marco, la cantante que consolid\u00f3 su ascenso en los noventa recibi\u00f3 a <b>Teleshow<\/b>, lista para hablar de su visita, su vida personal y su visi\u00f3n del amor.<\/p>\n<p>Previo al inicio de la charla, la cantante acepta tomar un mate y comenta: \u201c<b>Esto te hace un detox maravilloso, lo que hayas comido no importa. Por eso est\u00e1n todos bell\u00edsimos. Porque no importa lo que se coman de dulce leche, esto te lo quita, acompa\u00f1ado tambi\u00e9n con unas medialunas o algo. Es muy rico<\/b>\u201d. <\/p>\n<p><img loading=\"lazy\" decoding=\"async\" src=\"https:\/\/lobosnews.com.ar\/wp-content\/uploads\/2026\/04\/fey-regresa-a-argentina-su-amor-por-el-mate-su-vinculo-con-el-pais-y-el-consejo-que-le-daria-a-lali-esposito-1.jpg\" alt=\"\u00c9xitos como 'Az\u00facar amargo' y 'Media naranja' ser\u00e1n parte del esperado show de Fey en el Gran Rex (Prensa Fey)\" height=\"3048\" width=\"2244\"\/><\/p>\n<p>Al ser consultada por su gusto por el mate, la estrella pop revela: \u201c<b>Es muy familiar la sensaci\u00f3n. Pero te confieso que all\u00e1 me lo preparaban siempre en las tardes, no en el d\u00eda. Tipo a las 5 de la tarde y los panqueques con dulce de leche<\/b>\u201d. <\/p>\n<p><b>&#8211; \u00bfC\u00f3mo te sent\u00eds en Argentina despu\u00e9s de muchos a\u00f1os? <\/b><\/p>\n<p>&#8211; Emocionad\u00edsima de todo. Con el equipo preparamos tanto este momento, ten\u00edamos tantas ganas de traer este tour porque llevamos yendo a lugares que no regres\u00e1bamos en mucho tiempo. Y Argentina para m\u00ed es lo m\u00e1s importante. Ten\u00eda muchas ganas de traerles esta fiesta, de puras canciones que se conozcan, que puedan bailarlas, cantarlas con nosotros y es para liberarse, a soltar el cuerpo y a disfrutar. <\/p>\n<p><b>&#8211; \u00bfC\u00f3mo te recibi\u00f3 Buenos Aires y c\u00f3mo la notas despu\u00e9s de tantos a\u00f1os?<\/b><\/p>\n<p>&#8211; Hermoso. Para m\u00ed, m\u00e1s all\u00e1 del lugar f\u00edsicamente, un lugar lo hace los que viven. La gente. Y ten\u00eda muchas ganas de regresar. Para m\u00ed son sentimientos encontrados muy fuertes porque familiarmente venimos de aqu\u00ed. Es fuerte regresar, es fuerte ver a todos los chicos y chicas de los club de fans.<\/p>\n<p><b>&#8211; \u00bfY qu\u00e9 record\u00e1s de lo que te contaba tu mam\u00e1 de Buenos Aires, de Argentina<\/b><\/p>\n<p>&#8211; Todo, imag\u00ednate, paso por calle, les digo, \u201cMira, aqu\u00ed me explic\u00f3 que aqu\u00ed iba con mi t\u00eda a tomar las clases de ballet y que por aqu\u00ed los recog\u00eda el abuelo a tal hora y que el helado\u201d, as\u00ed todo. Y todav\u00eda me necesito m\u00e1s tiempo. <\/p>\n<p><img loading=\"lazy\" decoding=\"async\" src=\"https:\/\/lobosnews.com.ar\/wp-content\/uploads\/2026\/04\/fey-regresa-a-argentina-su-amor-por-el-mate-su-vinculo-con-el-pais-y-el-consejo-que-le-daria-a-lali-esposito-3.jpg\" alt=\"Fey resalta el valor cultural del mate y su v\u00ednculo con la tradici\u00f3n argentina y familiar (@fey, Instagram)\" height=\"1080\" width=\"1920\"\/><\/p>\n<p><b>&#8211; \u00bfTomabas mate con tu mam\u00e1?<\/b><\/p>\n<p>&#8211; Pues es lo \u00fanico que conoc\u00ed cuando nac\u00ed, porque la que te cr\u00eda es tu abuela a todos, \u00bfno? Y lo que cocine tu abuela y haga tu abuela, eso es tu cultura y eso es lo que sabes. Y as\u00ed se dicen las cosas. Entonces, yo de repente digo \u2018tacho de basura\u2019. Ah, no, es el bote de basura. Entonces tengo mezclanza y mi mam\u00e1 s\u00ed hablaba totalmente como argentina. Mi abuela ven\u00eda de Galicia, entonces habla como gallega, pero viviendo en Argentina y haciendo pasta. Tengo una mezcla muy interesante, me gusta, es muy bonito poder tener de todos lados.<\/p>\n<p><b>&#8211; Y ahora vas a presentarte en el Gran Rex&#8230;<\/b><\/p>\n<p>&#8211; Una fiesta, es muy emocionante porque aparte es un un show muy divertido, no es para que vayan a aplaudirme, no, es para que sean parte del show, que eso es lo divertido, porque es ir a bailar y a cantar y no sentarte\u201d<\/p>\n<p><b>&#8211; \u00bfCu\u00e1l es la sensaci\u00f3n que vas teniendo a lo largo que recorres los pa\u00edses con este tour?<\/b><\/p>\n<p>&#8211; Me doy cuenta que todos acabamos transformados en esos adolescentes que \u00e9ramos o esos ni\u00f1os peque\u00f1itos cuando escuch\u00e1bamos juntos, escuchaban mi m\u00fasica o yo tambi\u00e9n era parte, me siento un adolescente. Vuelves el tiempo, a los recuerdos y sales con la energ\u00eda que ten\u00edas. Como que te quita una pesadez. Eso hace la m\u00fasica. Es muy m\u00e1gica. <\/p>\n<p><b>&#8211; Tus canciones suenan en programas de televisi\u00f3n, en concursos de canto, est\u00e1s siempre&#8230;<\/b><\/p>\n<p>&#8211; Yo te lo juro que tambi\u00e9n siempre est\u00e1n conmigo. Es esa a\u00f1oranza por regresar. Es como pues de d\u00f3nde es tu mam\u00e1. Es tu sensaci\u00f3n de nacimiento, de hogar, es muy fuerte.<\/p>\n<p><img loading=\"lazy\" decoding=\"async\" src=\"https:\/\/lobosnews.com.ar\/wp-content\/uploads\/2026\/04\/fey-regresa-a-argentina-su-amor-por-el-mate-su-vinculo-con-el-pais-y-el-consejo-que-le-daria-a-lali-esposito-5.jpg\" alt=\"Fey relata su infancia rodeada de m\u00fasica, abuelos gallegos y una fuerte herencia argentina (Prensa Fey)\" height=\"2760\" width=\"2148\"\/><\/p>\n<p><b>&#8211; \u00bfY c\u00f3mo record\u00e1s tu infancia \u00bfCu\u00e1l es la lecci\u00f3n m\u00e1s importante que te dieron tu abuela y tu mam\u00e1? <\/b><\/p>\n<p>&#8211; Pues mi abuela creo que fue mi mayor c\u00f3mplice de toda la vida desde que nac\u00ed. Ella dio toda su vida para cuidarme. Y me recuerdo ri\u00e9ndome todo el tiempo con ella, una simpat\u00eda. Todo era complicidad, todo era risa, todo era un juego para mi abuela. Y mi mam\u00e1 y mi t\u00eda no lo pod\u00edan creer porque con ellas era otra historia, era una mam\u00e1. Entonces, conmigo fue puro juego la vida. Y as\u00ed fue hasta el \u00faltimo momento, de partirnos de risa. Canceriana como yo tambi\u00e9n. Y de chiquita, pues una vida muy rara, porque viv\u00eda mi mam\u00e1 y mi t\u00eda cantaban y ella me ten\u00eda en el hotel, el mismo hotel donde cantaba, todo en el cuarto y dormidita, pero luego iba los ensayos, me sub\u00eda y me bajaba del escenario, las lentejuelas, los sprays de pelo que sal\u00edan. Eso fue mi vida un poco pues eso, estar como con los padres que son de teatro y que son que son artistas es eso.<\/p>\n<p><b>&#8211; Y ellas fueron qui\u00e9nes te introdujeron para brillar de chica, \u00bfno? A los 14 a\u00f1os ya estabas haciendo presentaciones&#8230;<\/b><\/p>\n<p>&#8211; S\u00ed, empec\u00e9 de corista. Empec\u00e9 a hacerles coros a mis t\u00edas porque ya no cantaba mi mam\u00e1 con mi t\u00eda porque ella decidi\u00f3 dejarlo y empec\u00e9 de corista y ah\u00ed como a los 16 empec\u00e9 a entrar a una disquera la cual no funcion\u00f3 porque no me gust\u00f3 lo que estaba pasando. Ya despu\u00e9s ya fue lo de Sony Music, a\u00f1os despu\u00e9s. Pero siempre me prepar\u00e9 desde que tengo conciencia.<\/p>\n<p><b>&#8211; En esa \u00e9poca, a veces te rechazaban los temas y, despu\u00e9s de unos d\u00edas, \u00bflos volv\u00edas a presentar y te los aceptaban? <\/b><\/p>\n<p>&#8211; S\u00ed, pero yo aprend\u00ed eso en el ANR. Me dec\u00edan: \u201cPonme las canciones, esta s\u00ed, muy buena, esta no sirve de nada\u201d. Perfecto. Siete d\u00edas despu\u00e9s, \u201cGatos en el balc\u00f3n\u201d se la volv\u00ed a poner. No se acordaba. Y dec\u00eda yo, no pues s\u00ed sabe much\u00edsimo. Memoria no tiene. Despu\u00e9s de eso me dec\u00edan: \u201c\u00bfT\u00fa peleaste para que te dejen hacer lo que t\u00fa quer\u00edas?\u201d. No, yo no peleaba, yo hac\u00eda eso. Despu\u00e9s de eso ya la grababa. Ni siquiera estaba cantada por m\u00ed, se las llevaba para escoger el repertorio.<\/p>\n<p><img loading=\"lazy\" decoding=\"async\" src=\"https:\/\/lobosnews.com.ar\/wp-content\/uploads\/2026\/04\/fey-regresa-a-argentina-su-amor-por-el-mate-su-vinculo-con-el-pais-y-el-consejo-que-le-daria-a-lali-esposito-7.jpg\" alt=\"Fey reconoce su influencia adelantada al fusionar el pop con la m\u00fasica electr\u00f3nica en espa\u00f1ol (Fey \/ Instagram)\" height=\"1800\" width=\"1440\"\/><\/p>\n<p><b>&#8211; Recuerdo que llegaron a decirte que tu canci\u00f3n era una porquer\u00eda, \u00bfqu\u00e9 te pasaba cuando te dec\u00edan eso?<\/b><\/p>\n<p>&#8211; No te lo tomas personal en la vida. Cuando uno no se lo toma personal nada y es un juego y al final no te importa lo que opina la otra persona. Yo ten\u00eda muy en claro todo, estaba muy contenta con lo que estaba haciendo y sab\u00eda que no exist\u00eda nada as\u00ed en ese momento, entonces tambi\u00e9n era dif\u00edcil transmitir algo que no estaba, \u00bfno? Decirles: \u201cEs que esto se va a o\u00edr as\u00ed, conf\u00eda\u201d. \u00bfPor qu\u00e9 van a confiar en ti?. <\/p>\n<p><b>&#8211; Fuiste una adelantada a tu \u00e9poca, de mostrar sonidos que despu\u00e9s fueron tendencia, fueron hits mundiales.<\/b><\/p>\n<p>&#8211; S\u00ed fue muy arriesgado porque en ese entonces yo como ni\u00f1a dec\u00eda: \u201cYo no me identifico con nada de lo que veo, no me he veo as\u00ed tan elegante, no me gusta la m\u00fasica que estoy oyendo\u201d. A mi me gustaba el electr\u00f3nico, bailar. Se fue fusionando ese pop. Y en espa\u00f1ol casi no hab\u00eda nada electr\u00f3nico pop. Es que no exist\u00eda en los 80. Y despu\u00e9s logr\u00e9 hacer mi electr\u00f3nico, que sigo haciendo, y a veces me dicen incomprendidamente, \u201cEsto c\u00f3mo lo vamos a poner en la radio esto no funciona\u201d. Ya la radio no importa. <\/p>\n<p><b>&#8211; Tus canciones nos hacen revisitar distintos tipos de sentimientos, \u00bfc\u00f3mo van cambiando para vos? Por ejemplo, \u201cAz\u00facar amargo\u201d? <\/b><\/p>\n<p>&#8211; Se transform\u00f3 tanto que en ese entonces tal vez se la cantaba una persona y era algo que quieres esconder. Y van pasando los a\u00f1os y hoy les voy encontrando un sistema, un rollo que digo, \u201ces que me estoy cantando a m\u00ed tambi\u00e9n\u201d. Es mi alma dici\u00e9ndome, \u201cOye, te quiero reconocer, quiero que seas libre, quiero que no te olvides de tu esencia, \u00bfno?\u201d. <\/p>\n<p><b>&#8211; \u00bfSegu\u00eds creyendo en el amor?<\/b><\/p>\n<p>&#8211; Yo creo en la vida y en el amor. Si el amor existe siempre en la pareja, eso es otra cosa. Creo que no estamos dise\u00f1ados para estar todo el tiempo siempre con un ser humano, aunque sea nuestro mejor amigo, nuestros hijos. Tenemos que tener espacio, y medir eso que a veces nos dec\u00edan, \u201cEs que el amor perfecto es querer estar 24 horas y no despegarte\u201d. Y agobiados as\u00ed y todo, pero es hermoso. Yo creo que es bell\u00edsimo. No le tengo miedo al amor, pero como canto la \u201cMedia naranja\u201d, me dio la maldici\u00f3n de la media naranja (risas). Entonces no tengo media naranja. Mi media naranja son mi p\u00fablico, definitivamente.<\/p>\n<p><img loading=\"lazy\" decoding=\"async\" src=\"https:\/\/www.infobae.com\/resizer\/v2\/K3BXJVE2XFD7BFYOHTW36U3HGI.jpg?auth=93e2c38db24adf9236911aa361ed3307117eeb6ebe6f6c981919e8e87ef71b9c&#038;smart=true&#038;width=1920&#038;height=1080\" alt=\"Fey elogia a Lali Esp\u00f3sito y al talento argentino, animando a las nuevas generaciones a disfrutar sus logros art\u00edsticos (fey \/ Instagram)\" height=\"1080\" width=\"1920\"\/><\/p>\n<p><b>&#8211; Y hoy en d\u00eda, \u00bfno est\u00e1s abierta a conocer a alguien?<\/b><\/p>\n<p>&#8211; Si me vas a presentar a alguien dime. \u00bfD\u00f3nde est\u00e1? Yo feliz, pero mira, ten\u00eda que venir aqu\u00ed, y mira que he buscado en el mundo, \u00bfeh?. Pues somos muy exigentes. Pero pues yo creo que como vas cambiando mucho y aparte tengo una hija y aprendes muchas cosas de ti misma y ahora dices, \u201cSi quiero estar con alguien, tiene que ser un ser humano con el que me sienta tan c\u00f3moda o m\u00e1s de cuando yo estoy sola\u201d. Y yo me la paso tan bien conmigo que quiero que me complemente, no que tenga que estar cuid\u00e1ndolo de todo, \u00bfno?.<\/p>\n<p><b>&#8211; \u00bfQu\u00e9 tres cualidades tendr\u00eda que tener esa persona <\/b><\/p>\n<p>&#8211; Totalmente, siento que para m\u00ed el humor es lo m\u00e1s importante en un ser humano. Las risas, el entender todo de otra forma, que sea aut\u00e9nticamente bondadoso, una persona buena, que le hable bonito a la gente, que se d\u00e9 cuenta, que est\u00e9 despierto. \u00bfQu\u00e9 m\u00e1s? Y j\u00f3venes, 10 a\u00f1os menos m\u00ednimo. Con alguien que me pueda divertir mucho.<\/p>\n<p><b>&#8211; En cuanto a artistas argentinas, escuch\u00e9 que admir\u00e1s a Lali Esp\u00f3sito&#8230;<\/b><\/p>\n<p>&#8211; Se me hace extraordinaria y me gusta mucho lo nuevo que est\u00e1 haciendo, el camino por el que est\u00e1 yendo y me encanta. S\u00ed, hay mucho talento, mucho talento y todos los nuevas generaciones est\u00e1n haciendo cosas fascinantes.<\/p>\n<p><b>&#8211; Vos que sos una reina pop, \u00bfqu\u00e9 le dir\u00edas a Lali que est\u00e1 en el mejor momento de su carrera En unos meses va a hacer su show en River Plate.<\/b><\/p>\n<p>&#8211; Que lo disfrute, que lo disfrute much\u00edsimo, que se divierta como ni\u00f1a. Eso es lo que le dir\u00eda siempre, que no se te puede olvidar por qu\u00e9 est\u00e1s ah\u00ed, por qu\u00e9 lo haces realmente.<\/p>\n","protected":false},"excerpt":{"rendered":"<p>Pasaron cerca de 20 a\u00f1os de su \u00faltima visita, sin embargo, su amor por Argentina sigue intacto. En las calles, en las radios o en las plataformas, los \u00e9xitos de Fey, como \u201cAz\u00facar amargo\u201d, no dejan de sonar. Es por eso que, a horas de su show en Buenos Aires, la nostalgia y la emoci\u00f3n&#8230;<\/p>\n","protected":false},"author":1,"featured_media":45675,"comment_status":"open","ping_status":"closed","sticky":false,"template":"","format":"standard","meta":{"_jetpack_memberships_contains_paid_content":false,"footnotes":""},"categories":[79],"tags":[],"class_list":["post-45665","post","type-post","status-publish","format-standard","has-post-thumbnail","hentry","category-cine-y-series"],"magazineBlocksPostFeaturedMedia":{"thumbnail":"https:\/\/lobosnews.com.ar\/wp-content\/uploads\/2026\/04\/fey-regresa-a-argentina-su-amor-por-el-mate-su-vinculo-con-el-pais-y-el-consejo-que-le-daria-a-lali-esposito-15-150x150.jpg","medium":"https:\/\/lobosnews.com.ar\/wp-content\/uploads\/2026\/04\/fey-regresa-a-argentina-su-amor-por-el-mate-su-vinculo-con-el-pais-y-el-consejo-que-le-daria-a-lali-esposito-15-300x169.jpg","medium_large":"https:\/\/lobosnews.com.ar\/wp-content\/uploads\/2026\/04\/fey-regresa-a-argentina-su-amor-por-el-mate-su-vinculo-con-el-pais-y-el-consejo-que-le-daria-a-lali-esposito-15-768x432.jpg","large":"https:\/\/lobosnews.com.ar\/wp-content\/uploads\/2026\/04\/fey-regresa-a-argentina-su-amor-por-el-mate-su-vinculo-con-el-pais-y-el-consejo-que-le-daria-a-lali-esposito-15-1024x576.jpg","1536x1536":"https:\/\/lobosnews.com.ar\/wp-content\/uploads\/2026\/04\/fey-regresa-a-argentina-su-amor-por-el-mate-su-vinculo-con-el-pais-y-el-consejo-que-le-daria-a-lali-esposito-15-1536x864.jpg","2048x2048":"https:\/\/lobosnews.com.ar\/wp-content\/uploads\/2026\/04\/fey-regresa-a-argentina-su-amor-por-el-mate-su-vinculo-con-el-pais-y-el-consejo-que-le-daria-a-lali-esposito-15.jpg","newsmatic-featured":"https:\/\/lobosnews.com.ar\/wp-content\/uploads\/2026\/04\/fey-regresa-a-argentina-su-amor-por-el-mate-su-vinculo-con-el-pais-y-el-consejo-que-le-daria-a-lali-esposito-15-820x545.jpg","newsmatic-list":"https:\/\/lobosnews.com.ar\/wp-content\/uploads\/2026\/04\/fey-regresa-a-argentina-su-amor-por-el-mate-su-vinculo-con-el-pais-y-el-consejo-que-le-daria-a-lali-esposito-15-600x400.jpg","newsmatic-thumb":"https:\/\/lobosnews.com.ar\/wp-content\/uploads\/2026\/04\/fey-regresa-a-argentina-su-amor-por-el-mate-su-vinculo-con-el-pais-y-el-consejo-que-le-daria-a-lali-esposito-15-300x200.jpg","newsmatic-small":"https:\/\/lobosnews.com.ar\/wp-content\/uploads\/2026\/04\/fey-regresa-a-argentina-su-amor-por-el-mate-su-vinculo-con-el-pais-y-el-consejo-que-le-daria-a-lali-esposito-15-150x95.jpg","newsmatic-grid":"https:\/\/lobosnews.com.ar\/wp-content\/uploads\/2026\/04\/fey-regresa-a-argentina-su-amor-por-el-mate-su-vinculo-con-el-pais-y-el-consejo-que-le-daria-a-lali-esposito-15-400x250.jpg"},"magazineBlocksPostAuthor":{"name":"admin","avatar":"https:\/\/secure.gravatar.com\/avatar\/76e419471a2083bc3ceab22a763dbbf9b0c1bd15a6214cf3280e2c2dde4580f9?s=96&d=mm&r=g"},"magazineBlocksPostCommentsNumber":"0","magazineBlocksPostExcerpt":"Pasaron cerca de 20 a\u00f1os de su \u00faltima visita, sin embargo, su amor por Argentina sigue intacto. En las calles, en las radios o en las plataformas, los \u00e9xitos de Fey, como \u201cAz\u00facar amargo\u201d, no dejan de sonar. Es por eso que, a horas de su show en Buenos Aires, la nostalgia y la emoci\u00f3n...","magazineBlocksPostCategories":["Cine y Series"],"magazineBlocksPostViewCount":7,"magazineBlocksPostReadTime":10,"magazine_blocks_featured_image_url":{"full":["https:\/\/lobosnews.com.ar\/wp-content\/uploads\/2026\/04\/fey-regresa-a-argentina-su-amor-por-el-mate-su-vinculo-con-el-pais-y-el-consejo-que-le-daria-a-lali-esposito-15.jpg",1920,1080,false],"medium":["https:\/\/lobosnews.com.ar\/wp-content\/uploads\/2026\/04\/fey-regresa-a-argentina-su-amor-por-el-mate-su-vinculo-con-el-pais-y-el-consejo-que-le-daria-a-lali-esposito-15-300x169.jpg",300,169,true],"thumbnail":["https:\/\/lobosnews.com.ar\/wp-content\/uploads\/2026\/04\/fey-regresa-a-argentina-su-amor-por-el-mate-su-vinculo-con-el-pais-y-el-consejo-que-le-daria-a-lali-esposito-15-150x150.jpg",150,150,true]},"magazine_blocks_author":{"display_name":"admin","author_link":"https:\/\/lobosnews.com.ar\/index.php\/author\/lobos-news\/"},"magazine_blocks_comment":0,"magazine_blocks_author_image":"https:\/\/secure.gravatar.com\/avatar\/76e419471a2083bc3ceab22a763dbbf9b0c1bd15a6214cf3280e2c2dde4580f9?s=96&d=mm&r=g","magazine_blocks_category":"<a href=\"#\" class=\"category-link category-link-79\">Cine y Series<\/a>","yoast_head":"<!-- This site is optimized with the Yoast SEO plugin v26.6 - https:\/\/yoast.com\/wordpress\/plugins\/seo\/ -->\n<title>Fey regresa a Argentina: su amor por el mate, su v\u00ednculo con el pa\u00eds y el consejo que le dar\u00eda a Lali Esp\u00f3sito - Lobos News<\/title>\n<meta name=\"robots\" content=\"index, follow, max-snippet:-1, max-image-preview:large, max-video-preview:-1\" \/>\n<link rel=\"canonical\" href=\"https:\/\/lobosnews.com.ar\/index.php\/2026\/04\/26\/fey-regresa-a-argentina-su-amor-por-el-mate-su-vinculo-con-el-pais-y-el-consejo-que-le-daria-a-lali-esposito\/\" \/>\n<meta property=\"og:locale\" content=\"es_ES\" \/>\n<meta property=\"og:type\" content=\"article\" \/>\n<meta property=\"og:title\" content=\"Fey regresa a Argentina: su amor por el mate, su v\u00ednculo con el pa\u00eds y el consejo que le dar\u00eda a Lali Esp\u00f3sito - Lobos News\" \/>\n<meta property=\"og:description\" content=\"Pasaron cerca de 20 a\u00f1os de su \u00faltima visita, sin embargo, su amor por Argentina sigue intacto. En las calles, en las radios o en las plataformas, los \u00e9xitos de Fey, como \u201cAz\u00facar amargo\u201d, no dejan de sonar. Es por eso que, a horas de su show en Buenos Aires, la nostalgia y la emoci\u00f3n...\" \/>\n<meta property=\"og:url\" content=\"https:\/\/lobosnews.com.ar\/index.php\/2026\/04\/26\/fey-regresa-a-argentina-su-amor-por-el-mate-su-vinculo-con-el-pais-y-el-consejo-que-le-daria-a-lali-esposito\/\" \/>\n<meta property=\"og:site_name\" content=\"Lobos News\" \/>\n<meta property=\"article:published_time\" content=\"2026-04-26T09:30:54+00:00\" \/>\n<meta property=\"article:modified_time\" content=\"2026-04-26T14:45:26+00:00\" \/>\n<meta property=\"og:image\" content=\"https:\/\/lobosnews.com.ar\/wp-content\/uploads\/2026\/04\/fey-regresa-a-argentina-su-amor-por-el-mate-su-vinculo-con-el-pais-y-el-consejo-que-le-daria-a-lali-esposito.jpg\" \/>\n<meta name=\"author\" content=\"admin\" \/>\n<meta name=\"twitter:card\" content=\"summary_large_image\" \/>\n<meta name=\"twitter:label1\" content=\"Escrito por\" \/>\n\t<meta name=\"twitter:data1\" content=\"admin\" \/>\n\t<meta name=\"twitter:label2\" content=\"Tiempo de lectura\" \/>\n\t<meta name=\"twitter:data2\" content=\"10 minutos\" \/>\n<script type=\"application\/ld+json\" class=\"yoast-schema-graph\">{\"@context\":\"https:\/\/schema.org\",\"@graph\":[{\"@type\":\"Article\",\"@id\":\"https:\/\/lobosnews.com.ar\/index.php\/2026\/04\/26\/fey-regresa-a-argentina-su-amor-por-el-mate-su-vinculo-con-el-pais-y-el-consejo-que-le-daria-a-lali-esposito\/#article\",\"isPartOf\":{\"@id\":\"https:\/\/lobosnews.com.ar\/index.php\/2026\/04\/26\/fey-regresa-a-argentina-su-amor-por-el-mate-su-vinculo-con-el-pais-y-el-consejo-que-le-daria-a-lali-esposito\/\"},\"author\":{\"name\":\"admin\",\"@id\":\"https:\/\/lobosnews.com.ar\/#\/schema\/person\/232422a593d5c541dd9aef6aaed10943\"},\"headline\":\"Fey regresa a Argentina: su amor por el mate, su v\u00ednculo con el pa\u00eds y el consejo que le dar\u00eda a Lali Esp\u00f3sito\",\"datePublished\":\"2026-04-26T09:30:54+00:00\",\"dateModified\":\"2026-04-26T14:45:26+00:00\",\"mainEntityOfPage\":{\"@id\":\"https:\/\/lobosnews.com.ar\/index.php\/2026\/04\/26\/fey-regresa-a-argentina-su-amor-por-el-mate-su-vinculo-con-el-pais-y-el-consejo-que-le-daria-a-lali-esposito\/\"},\"wordCount\":1994,\"commentCount\":0,\"publisher\":{\"@id\":\"https:\/\/lobosnews.com.ar\/#organization\"},\"image\":{\"@id\":\"https:\/\/lobosnews.com.ar\/index.php\/2026\/04\/26\/fey-regresa-a-argentina-su-amor-por-el-mate-su-vinculo-con-el-pais-y-el-consejo-que-le-daria-a-lali-esposito\/#primaryimage\"},\"thumbnailUrl\":\"https:\/\/lobosnews.com.ar\/wp-content\/uploads\/2026\/04\/fey-regresa-a-argentina-su-amor-por-el-mate-su-vinculo-con-el-pais-y-el-consejo-que-le-daria-a-lali-esposito-15.jpg\",\"articleSection\":[\"Cine y Series\"],\"inLanguage\":\"es\",\"potentialAction\":[{\"@type\":\"CommentAction\",\"name\":\"Comment\",\"target\":[\"https:\/\/lobosnews.com.ar\/index.php\/2026\/04\/26\/fey-regresa-a-argentina-su-amor-por-el-mate-su-vinculo-con-el-pais-y-el-consejo-que-le-daria-a-lali-esposito\/#respond\"]}]},{\"@type\":\"WebPage\",\"@id\":\"https:\/\/lobosnews.com.ar\/index.php\/2026\/04\/26\/fey-regresa-a-argentina-su-amor-por-el-mate-su-vinculo-con-el-pais-y-el-consejo-que-le-daria-a-lali-esposito\/\",\"url\":\"https:\/\/lobosnews.com.ar\/index.php\/2026\/04\/26\/fey-regresa-a-argentina-su-amor-por-el-mate-su-vinculo-con-el-pais-y-el-consejo-que-le-daria-a-lali-esposito\/\",\"name\":\"Fey regresa a Argentina: su amor por el mate, su v\u00ednculo con el pa\u00eds y el consejo que le dar\u00eda a Lali Esp\u00f3sito - Lobos News\",\"isPartOf\":{\"@id\":\"https:\/\/lobosnews.com.ar\/#website\"},\"primaryImageOfPage\":{\"@id\":\"https:\/\/lobosnews.com.ar\/index.php\/2026\/04\/26\/fey-regresa-a-argentina-su-amor-por-el-mate-su-vinculo-con-el-pais-y-el-consejo-que-le-daria-a-lali-esposito\/#primaryimage\"},\"image\":{\"@id\":\"https:\/\/lobosnews.com.ar\/index.php\/2026\/04\/26\/fey-regresa-a-argentina-su-amor-por-el-mate-su-vinculo-con-el-pais-y-el-consejo-que-le-daria-a-lali-esposito\/#primaryimage\"},\"thumbnailUrl\":\"https:\/\/lobosnews.com.ar\/wp-content\/uploads\/2026\/04\/fey-regresa-a-argentina-su-amor-por-el-mate-su-vinculo-con-el-pais-y-el-consejo-que-le-daria-a-lali-esposito-15.jpg\",\"datePublished\":\"2026-04-26T09:30:54+00:00\",\"dateModified\":\"2026-04-26T14:45:26+00:00\",\"breadcrumb\":{\"@id\":\"https:\/\/lobosnews.com.ar\/index.php\/2026\/04\/26\/fey-regresa-a-argentina-su-amor-por-el-mate-su-vinculo-con-el-pais-y-el-consejo-que-le-daria-a-lali-esposito\/#breadcrumb\"},\"inLanguage\":\"es\",\"potentialAction\":[{\"@type\":\"ReadAction\",\"target\":[\"https:\/\/lobosnews.com.ar\/index.php\/2026\/04\/26\/fey-regresa-a-argentina-su-amor-por-el-mate-su-vinculo-con-el-pais-y-el-consejo-que-le-daria-a-lali-esposito\/\"]}]},{\"@type\":\"ImageObject\",\"inLanguage\":\"es\",\"@id\":\"https:\/\/lobosnews.com.ar\/index.php\/2026\/04\/26\/fey-regresa-a-argentina-su-amor-por-el-mate-su-vinculo-con-el-pais-y-el-consejo-que-le-daria-a-lali-esposito\/#primaryimage\",\"url\":\"https:\/\/lobosnews.com.ar\/wp-content\/uploads\/2026\/04\/fey-regresa-a-argentina-su-amor-por-el-mate-su-vinculo-con-el-pais-y-el-consejo-que-le-daria-a-lali-esposito-15.jpg\",\"contentUrl\":\"https:\/\/lobosnews.com.ar\/wp-content\/uploads\/2026\/04\/fey-regresa-a-argentina-su-amor-por-el-mate-su-vinculo-con-el-pais-y-el-consejo-que-le-daria-a-lali-esposito-15.jpg\",\"width\":1920,\"height\":1080,\"caption\":\"Fey regresa a Argentina: su amor por el mate, su v\u00ednculo con el pa\u00eds y el consejo que le dar\u00eda a Lali Esp\u00f3sito\"},{\"@type\":\"BreadcrumbList\",\"@id\":\"https:\/\/lobosnews.com.ar\/index.php\/2026\/04\/26\/fey-regresa-a-argentina-su-amor-por-el-mate-su-vinculo-con-el-pais-y-el-consejo-que-le-daria-a-lali-esposito\/#breadcrumb\",\"itemListElement\":[{\"@type\":\"ListItem\",\"position\":1,\"name\":\"Portada\",\"item\":\"https:\/\/lobosnews.com.ar\/\"},{\"@type\":\"ListItem\",\"position\":2,\"name\":\"Fey regresa a Argentina: su amor por el mate, su v\u00ednculo con el pa\u00eds y el consejo que le dar\u00eda a Lali Esp\u00f3sito\"}]},{\"@type\":\"WebSite\",\"@id\":\"https:\/\/lobosnews.com.ar\/#website\",\"url\":\"https:\/\/lobosnews.com.ar\/\",\"name\":\"Lobos News\",\"description\":\"Informaci\u00f3n a cada instante\",\"publisher\":{\"@id\":\"https:\/\/lobosnews.com.ar\/#organization\"},\"potentialAction\":[{\"@type\":\"SearchAction\",\"target\":{\"@type\":\"EntryPoint\",\"urlTemplate\":\"https:\/\/lobosnews.com.ar\/?s={search_term_string}\"},\"query-input\":{\"@type\":\"PropertyValueSpecification\",\"valueRequired\":true,\"valueName\":\"search_term_string\"}}],\"inLanguage\":\"es\"},{\"@type\":\"Organization\",\"@id\":\"https:\/\/lobosnews.com.ar\/#organization\",\"name\":\"Lobos News\",\"url\":\"https:\/\/lobosnews.com.ar\/\",\"logo\":{\"@type\":\"ImageObject\",\"inLanguage\":\"es\",\"@id\":\"https:\/\/lobosnews.com.ar\/#\/schema\/logo\/image\/\",\"url\":\"https:\/\/lobosnews.com.ar\/wp-content\/uploads\/2026\/01\/logo-lobosnews.png\",\"contentUrl\":\"https:\/\/lobosnews.com.ar\/wp-content\/uploads\/2026\/01\/logo-lobosnews.png\",\"width\":500,\"height\":200,\"caption\":\"Lobos News\"},\"image\":{\"@id\":\"https:\/\/lobosnews.com.ar\/#\/schema\/logo\/image\/\"}},{\"@type\":\"Person\",\"@id\":\"https:\/\/lobosnews.com.ar\/#\/schema\/person\/232422a593d5c541dd9aef6aaed10943\",\"name\":\"admin\",\"image\":{\"@type\":\"ImageObject\",\"inLanguage\":\"es\",\"@id\":\"https:\/\/lobosnews.com.ar\/#\/schema\/person\/image\/\",\"url\":\"https:\/\/secure.gravatar.com\/avatar\/76e419471a2083bc3ceab22a763dbbf9b0c1bd15a6214cf3280e2c2dde4580f9?s=96&d=mm&r=g\",\"contentUrl\":\"https:\/\/secure.gravatar.com\/avatar\/76e419471a2083bc3ceab22a763dbbf9b0c1bd15a6214cf3280e2c2dde4580f9?s=96&d=mm&r=g\",\"caption\":\"admin\"},\"sameAs\":[\"https:\/\/lobosnews.com.ar\"],\"url\":\"https:\/\/lobosnews.com.ar\/index.php\/author\/lobos-news\/\"}]}<\/script>\n<!-- \/ Yoast SEO plugin. -->","yoast_head_json":{"title":"Fey regresa a Argentina: su amor por el mate, su v\u00ednculo con el pa\u00eds y el consejo que le dar\u00eda a Lali Esp\u00f3sito - Lobos News","robots":{"index":"index","follow":"follow","max-snippet":"max-snippet:-1","max-image-preview":"max-image-preview:large","max-video-preview":"max-video-preview:-1"},"canonical":"https:\/\/lobosnews.com.ar\/index.php\/2026\/04\/26\/fey-regresa-a-argentina-su-amor-por-el-mate-su-vinculo-con-el-pais-y-el-consejo-que-le-daria-a-lali-esposito\/","og_locale":"es_ES","og_type":"article","og_title":"Fey regresa a Argentina: su amor por el mate, su v\u00ednculo con el pa\u00eds y el consejo que le dar\u00eda a Lali Esp\u00f3sito - Lobos News","og_description":"Pasaron cerca de 20 a\u00f1os de su \u00faltima visita, sin embargo, su amor por Argentina sigue intacto. En las calles, en las radios o en las plataformas, los \u00e9xitos de Fey, como \u201cAz\u00facar amargo\u201d, no dejan de sonar. Es por eso que, a horas de su show en Buenos Aires, la nostalgia y la emoci\u00f3n...","og_url":"https:\/\/lobosnews.com.ar\/index.php\/2026\/04\/26\/fey-regresa-a-argentina-su-amor-por-el-mate-su-vinculo-con-el-pais-y-el-consejo-que-le-daria-a-lali-esposito\/","og_site_name":"Lobos News","article_published_time":"2026-04-26T09:30:54+00:00","article_modified_time":"2026-04-26T14:45:26+00:00","og_image":[{"url":"https:\/\/lobosnews.com.ar\/wp-content\/uploads\/2026\/04\/fey-regresa-a-argentina-su-amor-por-el-mate-su-vinculo-con-el-pais-y-el-consejo-que-le-daria-a-lali-esposito.jpg","type":"","width":"","height":""}],"author":"admin","twitter_card":"summary_large_image","twitter_misc":{"Escrito por":"admin","Tiempo de lectura":"10 minutos"},"schema":{"@context":"https:\/\/schema.org","@graph":[{"@type":"Article","@id":"https:\/\/lobosnews.com.ar\/index.php\/2026\/04\/26\/fey-regresa-a-argentina-su-amor-por-el-mate-su-vinculo-con-el-pais-y-el-consejo-que-le-daria-a-lali-esposito\/#article","isPartOf":{"@id":"https:\/\/lobosnews.com.ar\/index.php\/2026\/04\/26\/fey-regresa-a-argentina-su-amor-por-el-mate-su-vinculo-con-el-pais-y-el-consejo-que-le-daria-a-lali-esposito\/"},"author":{"name":"admin","@id":"https:\/\/lobosnews.com.ar\/#\/schema\/person\/232422a593d5c541dd9aef6aaed10943"},"headline":"Fey regresa a Argentina: su amor por el mate, su v\u00ednculo con el pa\u00eds y el consejo que le dar\u00eda a Lali Esp\u00f3sito","datePublished":"2026-04-26T09:30:54+00:00","dateModified":"2026-04-26T14:45:26+00:00","mainEntityOfPage":{"@id":"https:\/\/lobosnews.com.ar\/index.php\/2026\/04\/26\/fey-regresa-a-argentina-su-amor-por-el-mate-su-vinculo-con-el-pais-y-el-consejo-que-le-daria-a-lali-esposito\/"},"wordCount":1994,"commentCount":0,"publisher":{"@id":"https:\/\/lobosnews.com.ar\/#organization"},"image":{"@id":"https:\/\/lobosnews.com.ar\/index.php\/2026\/04\/26\/fey-regresa-a-argentina-su-amor-por-el-mate-su-vinculo-con-el-pais-y-el-consejo-que-le-daria-a-lali-esposito\/#primaryimage"},"thumbnailUrl":"https:\/\/lobosnews.com.ar\/wp-content\/uploads\/2026\/04\/fey-regresa-a-argentina-su-amor-por-el-mate-su-vinculo-con-el-pais-y-el-consejo-que-le-daria-a-lali-esposito-15.jpg","articleSection":["Cine y Series"],"inLanguage":"es","potentialAction":[{"@type":"CommentAction","name":"Comment","target":["https:\/\/lobosnews.com.ar\/index.php\/2026\/04\/26\/fey-regresa-a-argentina-su-amor-por-el-mate-su-vinculo-con-el-pais-y-el-consejo-que-le-daria-a-lali-esposito\/#respond"]}]},{"@type":"WebPage","@id":"https:\/\/lobosnews.com.ar\/index.php\/2026\/04\/26\/fey-regresa-a-argentina-su-amor-por-el-mate-su-vinculo-con-el-pais-y-el-consejo-que-le-daria-a-lali-esposito\/","url":"https:\/\/lobosnews.com.ar\/index.php\/2026\/04\/26\/fey-regresa-a-argentina-su-amor-por-el-mate-su-vinculo-con-el-pais-y-el-consejo-que-le-daria-a-lali-esposito\/","name":"Fey regresa a Argentina: su amor por el mate, su v\u00ednculo con el pa\u00eds y el consejo que le dar\u00eda a Lali Esp\u00f3sito - Lobos News","isPartOf":{"@id":"https:\/\/lobosnews.com.ar\/#website"},"primaryImageOfPage":{"@id":"https:\/\/lobosnews.com.ar\/index.php\/2026\/04\/26\/fey-regresa-a-argentina-su-amor-por-el-mate-su-vinculo-con-el-pais-y-el-consejo-que-le-daria-a-lali-esposito\/#primaryimage"},"image":{"@id":"https:\/\/lobosnews.com.ar\/index.php\/2026\/04\/26\/fey-regresa-a-argentina-su-amor-por-el-mate-su-vinculo-con-el-pais-y-el-consejo-que-le-daria-a-lali-esposito\/#primaryimage"},"thumbnailUrl":"https:\/\/lobosnews.com.ar\/wp-content\/uploads\/2026\/04\/fey-regresa-a-argentina-su-amor-por-el-mate-su-vinculo-con-el-pais-y-el-consejo-que-le-daria-a-lali-esposito-15.jpg","datePublished":"2026-04-26T09:30:54+00:00","dateModified":"2026-04-26T14:45:26+00:00","breadcrumb":{"@id":"https:\/\/lobosnews.com.ar\/index.php\/2026\/04\/26\/fey-regresa-a-argentina-su-amor-por-el-mate-su-vinculo-con-el-pais-y-el-consejo-que-le-daria-a-lali-esposito\/#breadcrumb"},"inLanguage":"es","potentialAction":[{"@type":"ReadAction","target":["https:\/\/lobosnews.com.ar\/index.php\/2026\/04\/26\/fey-regresa-a-argentina-su-amor-por-el-mate-su-vinculo-con-el-pais-y-el-consejo-que-le-daria-a-lali-esposito\/"]}]},{"@type":"ImageObject","inLanguage":"es","@id":"https:\/\/lobosnews.com.ar\/index.php\/2026\/04\/26\/fey-regresa-a-argentina-su-amor-por-el-mate-su-vinculo-con-el-pais-y-el-consejo-que-le-daria-a-lali-esposito\/#primaryimage","url":"https:\/\/lobosnews.com.ar\/wp-content\/uploads\/2026\/04\/fey-regresa-a-argentina-su-amor-por-el-mate-su-vinculo-con-el-pais-y-el-consejo-que-le-daria-a-lali-esposito-15.jpg","contentUrl":"https:\/\/lobosnews.com.ar\/wp-content\/uploads\/2026\/04\/fey-regresa-a-argentina-su-amor-por-el-mate-su-vinculo-con-el-pais-y-el-consejo-que-le-daria-a-lali-esposito-15.jpg","width":1920,"height":1080,"caption":"Fey regresa a Argentina: su amor por el mate, su v\u00ednculo con el pa\u00eds y el consejo que le dar\u00eda a Lali Esp\u00f3sito"},{"@type":"BreadcrumbList","@id":"https:\/\/lobosnews.com.ar\/index.php\/2026\/04\/26\/fey-regresa-a-argentina-su-amor-por-el-mate-su-vinculo-con-el-pais-y-el-consejo-que-le-daria-a-lali-esposito\/#breadcrumb","itemListElement":[{"@type":"ListItem","position":1,"name":"Portada","item":"https:\/\/lobosnews.com.ar\/"},{"@type":"ListItem","position":2,"name":"Fey regresa a Argentina: su amor por el mate, su v\u00ednculo con el pa\u00eds y el consejo que le dar\u00eda a Lali Esp\u00f3sito"}]},{"@type":"WebSite","@id":"https:\/\/lobosnews.com.ar\/#website","url":"https:\/\/lobosnews.com.ar\/","name":"Lobos News","description":"Informaci\u00f3n a cada instante","publisher":{"@id":"https:\/\/lobosnews.com.ar\/#organization"},"potentialAction":[{"@type":"SearchAction","target":{"@type":"EntryPoint","urlTemplate":"https:\/\/lobosnews.com.ar\/?s={search_term_string}"},"query-input":{"@type":"PropertyValueSpecification","valueRequired":true,"valueName":"search_term_string"}}],"inLanguage":"es"},{"@type":"Organization","@id":"https:\/\/lobosnews.com.ar\/#organization","name":"Lobos News","url":"https:\/\/lobosnews.com.ar\/","logo":{"@type":"ImageObject","inLanguage":"es","@id":"https:\/\/lobosnews.com.ar\/#\/schema\/logo\/image\/","url":"https:\/\/lobosnews.com.ar\/wp-content\/uploads\/2026\/01\/logo-lobosnews.png","contentUrl":"https:\/\/lobosnews.com.ar\/wp-content\/uploads\/2026\/01\/logo-lobosnews.png","width":500,"height":200,"caption":"Lobos News"},"image":{"@id":"https:\/\/lobosnews.com.ar\/#\/schema\/logo\/image\/"}},{"@type":"Person","@id":"https:\/\/lobosnews.com.ar\/#\/schema\/person\/232422a593d5c541dd9aef6aaed10943","name":"admin","image":{"@type":"ImageObject","inLanguage":"es","@id":"https:\/\/lobosnews.com.ar\/#\/schema\/person\/image\/","url":"https:\/\/secure.gravatar.com\/avatar\/76e419471a2083bc3ceab22a763dbbf9b0c1bd15a6214cf3280e2c2dde4580f9?s=96&d=mm&r=g","contentUrl":"https:\/\/secure.gravatar.com\/avatar\/76e419471a2083bc3ceab22a763dbbf9b0c1bd15a6214cf3280e2c2dde4580f9?s=96&d=mm&r=g","caption":"admin"},"sameAs":["https:\/\/lobosnews.com.ar"],"url":"https:\/\/lobosnews.com.ar\/index.php\/author\/lobos-news\/"}]}},"jetpack_featured_media_url":"https:\/\/lobosnews.com.ar\/wp-content\/uploads\/2026\/04\/fey-regresa-a-argentina-su-amor-por-el-mate-su-vinculo-con-el-pais-y-el-consejo-que-le-daria-a-lali-esposito-15.jpg","jetpack_sharing_enabled":true,"_links":{"self":[{"href":"https:\/\/lobosnews.com.ar\/index.php\/wp-json\/wp\/v2\/posts\/45665","targetHints":{"allow":["GET"]}}],"collection":[{"href":"https:\/\/lobosnews.com.ar\/index.php\/wp-json\/wp\/v2\/posts"}],"about":[{"href":"https:\/\/lobosnews.com.ar\/index.php\/wp-json\/wp\/v2\/types\/post"}],"author":[{"embeddable":true,"href":"https:\/\/lobosnews.com.ar\/index.php\/wp-json\/wp\/v2\/users\/1"}],"replies":[{"embeddable":true,"href":"https:\/\/lobosnews.com.ar\/index.php\/wp-json\/wp\/v2\/comments?post=45665"}],"version-history":[{"count":1,"href":"https:\/\/lobosnews.com.ar\/index.php\/wp-json\/wp\/v2\/posts\/45665\/revisions"}],"predecessor-version":[{"id":45674,"href":"https:\/\/lobosnews.com.ar\/index.php\/wp-json\/wp\/v2\/posts\/45665\/revisions\/45674"}],"wp:featuredmedia":[{"embeddable":true,"href":"https:\/\/lobosnews.com.ar\/index.php\/wp-json\/wp\/v2\/media\/45675"}],"wp:attachment":[{"href":"https:\/\/lobosnews.com.ar\/index.php\/wp-json\/wp\/v2\/media?parent=45665"}],"wp:term":[{"taxonomy":"category","embeddable":true,"href":"https:\/\/lobosnews.com.ar\/index.php\/wp-json\/wp\/v2\/categories?post=45665"},{"taxonomy":"post_tag","embeddable":true,"href":"https:\/\/lobosnews.com.ar\/index.php\/wp-json\/wp\/v2\/tags?post=45665"}],"curies":[{"name":"wp","href":"https:\/\/api.w.org\/{rel}","templated":true}]}}